{"id":25945,"date":"2024-07-12T09:37:44","date_gmt":"2024-07-12T12:37:44","guid":{"rendered":"https:\/\/www.ufmg.br\/centrocultural\/?p=25945"},"modified":"2024-07-16T10:17:29","modified_gmt":"2024-07-16T13:17:29","slug":"instalacoes-desenvolvidas-pelos-alunos-da-pos-graduacao-em-artes-da-ufmg-compoem-exposicao-do-festival-de-inverno-ufmg","status":"publish","type":"post","link":"https:\/\/www.ufmg.br\/centrocultural\/instalacoes-desenvolvidas-pelos-alunos-da-pos-graduacao-em-artes-da-ufmg-compoem-exposicao-do-festival-de-inverno-ufmg\/","title":{"rendered":"Instala\u00e7\u00f5es desenvolvidas pelos alunos da P\u00f3s-Gradua\u00e7\u00e3o em Artes da UFMG comp\u00f5em exposi\u00e7\u00e3o do Festival de Inverno UFMG"},"content":{"rendered":"<div id=\"cmsmasters_row_byrp52m1lu\" class=\"cmsmasters_row cmsmasters_color_scheme_default cmsmasters_row_top_default cmsmasters_row_bot_default cmsmasters_row_boxed\">\n<div class=\"cmsmasters_row_outer_parent\">\n<div class=\"cmsmasters_row_outer\">\n<div class=\"cmsmasters_row_inner\">\n<div class=\"cmsmasters_row_margin\">\n<div id=\"cmsmasters_column_i24cwt1pcl\" class=\"cmsmasters_column one_first\">\n<div class=\"cmsmasters_column_inner\">\n<div class=\"cmsmasters_sharing\">\n<div class=\"share_wrap\">\n<a href=\"https:\/\/twitter.com\/intent\/tweet?text=Check+out+%27Instala%C3%A7%C3%B5es+desenvolvidas+pelos+alunos+da+P%C3%B3s-Gradua%C3%A7%C3%A3o+em+Artes+da+UFMG+comp%C3%B5em+exposi%C3%A7%C3%A3o+do+Festival+de+Inverno+UFMG%27+on+Centro+Cultural++UFMG+website&url=https%3A%2F%2Fwww.ufmg.br%2Fcentrocultural%2Finstalacoes-desenvolvidas-pelos-alunos-da-pos-graduacao-em-artes-da-ufmg-compoem-exposicao-do-festival-de-inverno-ufmg%2F\" class=\"button cmsmasters-icon-twitter\">Twitter<\/a>\n<\/div>\n<div class=\"share_wrap\">\n<a href=\"https:\/\/www.facebook.com\/sharer\/sharer.php?display=popup&u=https%3A%2F%2Fwww.ufmg.br%2Fcentrocultural%2Finstalacoes-desenvolvidas-pelos-alunos-da-pos-graduacao-em-artes-da-ufmg-compoem-exposicao-do-festival-de-inverno-ufmg%2F\" class=\"button cmsmasters-icon-facebook\">Facebook<\/a>\n<\/div>\n<\/div>\n<\/div><\/div>\n<\/div>\n<\/div>\n<\/div>\n<\/div>\n<\/div>\n<div id=\"cmsmasters_row_\" class=\"cmsmasters_row cmsmasters_color_scheme_default cmsmasters_row_top_default cmsmasters_row_bot_default cmsmasters_row_boxed\">\n<div class=\"cmsmasters_row_outer_parent\">\n<div class=\"cmsmasters_row_outer\">\n<div class=\"cmsmasters_row_inner\">\n<div class=\"cmsmasters_row_margin\">\n<div id=\"cmsmasters_column_\" class=\"cmsmasters_column one_first\">\n<div class=\"cmsmasters_column_inner\"><div class=\"cmsmasters_text\">\n<\/div>\n<p>A Pr\u00f3-Reitoria de Cultura da UFMG, por meio do Centro Cultural UFMG, convida para a abertura da exposi\u00e7\u00e3o coletiva <strong>\u2018S\u00edntese &#8211; Deriva\u00e7\u00f5es po\u00e9ticas: som, espa\u00e7o e a imagem\u2019<\/strong>, dos alunos da P\u00f3s-Gradua\u00e7\u00e3o em Artes da UFMG, na quinta-feira, dia 18 de julho de 2024, \u00e0s 19h30. A mostra tem a curadoria dos professores Fabr\u00edcio Fernandino, Dami\u00e1n Rodr\u00edguez Kees e Lucas K\u00fchne e integra a programa\u00e7\u00e3o do <a href=\"https:\/\/www.ufmg.br\/festivaldeinverno\/\" target=\"_blank\" rel=\"noopener\"><span style=\"color: #000080;\"><strong>56\u00ba Festival de Inverno UFMG<\/strong><\/span><\/a>. As obras poder\u00e3o ser vistas at\u00e9 11 de agosto de 2024. A entrada \u00e9 gratuita e tem classifica\u00e7\u00e3o indicativa de 10 anos.<\/p>\n<ul>\n<li><strong><span style=\"color: #333399;\"><a style=\"color: #333399;\" href=\"https:\/\/api.whatsapp.com\/send?text=https:\/\/www.ufmg.br\/centrocultural\/instalacoes-desenvolvidas-pelos-alunos-da-pos-graduacao-em-artes-da-ufmg-compoem-exposicao-do-festival-de-inverno-ufmg\" target=\"_blank\" rel=\"noopener\">Compartilhe no WhatsApp<\/a><\/span><\/strong><\/li>\n<li><strong><span style=\"color: #333399;\">C<a style=\"color: #333399;\" href=\"https:\/\/telegram.me\/share\/url?url=%20https:\/\/www.ufmg.br\/centrocultural\/instalacoes-desenvolvidas-pelos-alunos-da-pos-graduacao-em-artes-da-ufmg-compoem-exposicao-do-festival-de-inverno-ufmg\" target=\"_blank\" rel=\"noopener\">ompartilhe no Telegram<\/a><\/span><\/strong><\/li>\n<\/ul>\n<p><strong>O projeto<\/strong><\/p>\n<p>A exposi\u00e7\u00e3o \u2018S\u00edntese &#8211; Deriva\u00e7\u00f5es po\u00e9ticas: som, espa\u00e7o e a imagem\u2019 \u00e9 um dos projetos desenvolvidos pelos alunos\/artistas da P\u00f3s-Gradua\u00e7\u00e3o em Artes da UFMG, realizados durante as disciplinas compartilhadas com a Universidad Nacional del Litoral (Argentina) e a Universidad de la Rep\u00fablica (Uruguai), vinculadas \u00e0 Associa\u00e7\u00e3o de Universidades do Grupo de Montevid\u00e9u \u2013 AUGM.<\/p>\n<p><strong>Di\u00e1logo intercultural e integra\u00e7\u00e3o latino-americana<\/strong><\/p>\n<p>As disciplinas foram ministradas pelos professores Fabr\u00edcio Fernandino da Escola de Belas Artes da Universidade Federal de Minas Gerais (Brasil); Dami\u00e1n Rodr\u00edguez Kees do Instituto Superior de M\u00fasica da Universidad Nacional del Litoral (Argentina) e Lukas K\u00fchne do Instituto de M\u00fasica da Faculdade de Artes da Universidad de la Rep\u00fablica (Uruguai). Essa atividade acad\u00eamica interdisciplinar integra o projeto piloto da AUGM, que prop\u00f5e enfatizar a import\u00e2ncia em promover a constru\u00e7\u00e3o coletiva dos la\u00e7os culturais entre pa\u00edses e universidades latino-americanas atrav\u00e9s da arte e do ensino na p\u00f3s-gradua\u00e7\u00e3o.<\/p>\n<p><strong>Resultado do projeto<\/strong><\/p>\n<p>A mostra re\u00fane instala\u00e7\u00f5es de 20 alunos\/artistas, apresentando uma \u00edntima rela\u00e7\u00e3o dos seus processos criativos investigativos com a soma de experi\u00eancias compartilhadas durante as aulas, criando condi\u00e7\u00f5es prop\u00edcias para promover desdobramentos inovadores e geradores de processos art\u00edsticos transversais. As obras ser\u00e3o distribu\u00eddas nas cinco salas da Grande Galeria, com deriva\u00e7\u00f5es para o audit\u00f3rio e o p\u00e1tio do Centro Cultural UFMG.<\/p>\n<p>Fabr\u00edcio Fernandino, um dos curadores da exposi\u00e7\u00e3o, manifesta que \u201cS\u00edntese, mais que uma exposi\u00e7\u00e3o, \u00e9 um coletivo &#8211; de ideias, a\u00e7\u00f5es, desejos, compartilhamentos, estudos e muito trabalho. Um modus operandi para falar com a arte e com o sil\u00eancio sonoro aquilo que s\u00f3 nossa emo\u00e7\u00e3o compreende. S\u00e3o deriva\u00e7\u00f5es po\u00e9ticas do espa\u00e7o, som e imagem\u201d.<\/p>\n<p><strong>Artistas que integram a mostra<\/strong><\/p>\n<p>Alessandro Aued, Ana Paola Ottoni, Andr\u00e9 M\u00e1zio, Anna Stolf, Ant\u00f4nio Salgado, El\u00f4 Rossoni, Gabriela Augustha, Inaj\u00e1 Neckel, Julia Arbex, Julia Bernardes, Lucas Carvalho R\u00f4la, Marangotus, Patr\u00edcia Coelho, Rieke Hettinger, Roberval Borges, Sabrina Damas, Sofia Assis, Thain\u00e1 Carvalho, Welington Dias e Zel s\u00e3o os artistas que integram a mostra \u2018S\u00edntese &#8211; Deriva\u00e7\u00f5es po\u00e9ticas: som, espa\u00e7o e a imagem\u2019.<\/p>\n<p><strong>Artistas colaboradores<\/strong><\/p>\n<p>Gilberto Mauro, Isabel Isaura, Jakson Kreuz, Miguel Mel\u00e9ndez, Rodrigo Antero contribu\u00edram no processo de produ\u00e7\u00e3o das obras que comp\u00f5em a exposi\u00e7\u00e3o.<\/p>\n<div id=\"cmsmasters_divider_6d10s6ghgh\" class=\"cmsmasters_divider cmsmasters_divider_width_long cmsmasters_divider_pos_center\"><\/div>\n<\/div><\/div>\n<\/div>\n<\/div>\n<\/div>\n<\/div>\n<\/div>\n<div id=\"cmsmasters_row_t3c22q9w6m\" class=\"cmsmasters_row cmsmasters_color_scheme_default cmsmasters_row_top_default cmsmasters_row_bot_default cmsmasters_row_boxed\">\n<div class=\"cmsmasters_row_outer_parent\">\n<div class=\"cmsmasters_row_outer\">\n<div class=\"cmsmasters_row_inner\">\n<div class=\"cmsmasters_row_margin\">\n<div id=\"cmsmasters_column_toijiibenl\" class=\"cmsmasters_column one_first\">\n<div class=\"cmsmasters_column_inner\"><div class=\"cmsmasters_text\">\n<p><strong>Exposi\u00e7\u00e3o \u2018S\u00edntese &#8211; Deriva\u00e7\u00f5es po\u00e9ticas: som, espa\u00e7o e a imagem\u2019<\/strong><br \/>\nAlunos\/artistas da P\u00f3s-Gradua\u00e7\u00e3o em Artes da UFMG<br \/>\nCuradores: Fabr\u00edcio Fernandino, Dami\u00e1n Rodr\u00edguez Kees e Lucas K\u00fchne<br \/>\nAbertura: 18 de julho de 2024 | \u00e0s 19h30<br \/>\nVisita\u00e7\u00e3o: at\u00e9 o dia 11\/08\/2024<br \/>\nTer\u00e7as a sextas: 9h \u00e0s 20h<br \/>\nS\u00e1bados, domingos e feriados: 9h \u00e0s 17h<br \/>\nGrande Galeria<br \/>\nClassifica\u00e7\u00e3o indicativa: 10 anos<br \/>\nEntrada gratuita<\/p>\n<p><span style=\"color: #0000ff;\"><strong><a style=\"color: #0000ff;\" href=\"https:\/\/www.google.com.br\/maps\/dir\/\/Av.+Santos+Dumont,+174+-+Centro,+Belo+Horizonte+-+MG,+30111-040\/@-19.9170546,-43.9360151,17z\/data=!4m6!4m5!1m0!1m2!1m1!1s0xa699fbd5aaae01:0xab4780c129fa0883!3e0\" target=\"_blank\" rel=\"noopener\">Consulte rotas e meios para chegar<\/a><\/strong><\/span><\/p>\n<\/div>\n<\/div><\/div>\n<\/div>\n<\/div>\n<\/div>\n<\/div>\n<\/div>\n<div id=\"cmsmasters_row_6kvmqaa7i\" class=\"cmsmasters_row cmsmasters_color_scheme_default cmsmasters_row_top_default cmsmasters_row_bot_default cmsmasters_row_boxed\">\n<div class=\"cmsmasters_row_outer_parent\">\n<div class=\"cmsmasters_row_outer\">\n<div class=\"cmsmasters_row_inner\">\n<div class=\"cmsmasters_row_margin\">\n<div id=\"cmsmasters_column_sf8b3oog58\" class=\"cmsmasters_column three_fourth\">\n<div class=\"cmsmasters_column_inner\"><div id=\"cmsmasters_notice_smk9h2u97i\" class=\"cmsmasters_notice cmsmasters_notice_warning cmsmasters-icon-check-1\">\n<a href=\"#\" class=\"notice_close cmsmasters_theme_icon_cancel\"><\/a><div class=\"notice_content\">\n<p>Lembre-se: \u00e9 recomend\u00e1vel o uso de m\u00e1scara nos espa\u00e7os do Centro Cultural UFMG mesmo para imunizados<\/p>\n<\/div>\n<\/div>\n<\/div><\/div>\n<div id=\"cmsmasters_column_ioy14g1s5h\" class=\"cmsmasters_column one_fourth\">\n<div class=\"cmsmasters_column_inner\"><\/div><\/div>\n<\/div>\n<\/div>\n<\/div>\n<\/div>\n<\/div>\n\n","protected":false},"excerpt":{"rendered":"","protected":false},"author":6,"featured_media":25946,"comment_status":"closed","ping_status":"closed","sticky":false,"template":"","format":"standard","meta":{"footnotes":""},"categories":[121,314,91],"tags":[163,135,122,207],"class_list":["post-25945","post","type-post","status-publish","format-standard","has-post-thumbnail","hentry","category-exposicoes","category-festivais","category-noticias","tag-arte","tag-artecontemporanea","tag-exposicao","tag-festivaldeinverno"],"_links":{"self":[{"href":"https:\/\/www.ufmg.br\/centrocultural\/wp-json\/wp\/v2\/posts\/25945","targetHints":{"allow":["GET"]}}],"collection":[{"href":"https:\/\/www.ufmg.br\/centrocultural\/wp-json\/wp\/v2\/posts"}],"about":[{"href":"https:\/\/www.ufmg.br\/centrocultural\/wp-json\/wp\/v2\/types\/post"}],"author":[{"embeddable":true,"href":"https:\/\/www.ufmg.br\/centrocultural\/wp-json\/wp\/v2\/users\/6"}],"replies":[{"embeddable":true,"href":"https:\/\/www.ufmg.br\/centrocultural\/wp-json\/wp\/v2\/comments?post=25945"}],"version-history":[{"count":4,"href":"https:\/\/www.ufmg.br\/centrocultural\/wp-json\/wp\/v2\/posts\/25945\/revisions"}],"predecessor-version":[{"id":25978,"href":"https:\/\/www.ufmg.br\/centrocultural\/wp-json\/wp\/v2\/posts\/25945\/revisions\/25978"}],"wp:featuredmedia":[{"embeddable":true,"href":"https:\/\/www.ufmg.br\/centrocultural\/wp-json\/wp\/v2\/media\/25946"}],"wp:attachment":[{"href":"https:\/\/www.ufmg.br\/centrocultural\/wp-json\/wp\/v2\/media?parent=25945"}],"wp:term":[{"taxonomy":"category","embeddable":true,"href":"https:\/\/www.ufmg.br\/centrocultural\/wp-json\/wp\/v2\/categories?post=25945"},{"taxonomy":"post_tag","embeddable":true,"href":"https:\/\/www.ufmg.br\/centrocultural\/wp-json\/wp\/v2\/tags?post=25945"}],"curies":[{"name":"wp","href":"https:\/\/api.w.org\/{rel}","templated":true}]}}