{"id":25995,"date":"2024-07-23T15:32:07","date_gmt":"2024-07-23T18:32:07","guid":{"rendered":"https:\/\/www.ufmg.br\/centrocultural\/?p=25995"},"modified":"2024-07-23T16:12:17","modified_gmt":"2024-07-23T19:12:17","slug":"apresentacao-de-chorinho-encerra-o-festival-de-inverno-ufmg","status":"publish","type":"post","link":"https:\/\/www.ufmg.br\/centrocultural\/apresentacao-de-chorinho-encerra-o-festival-de-inverno-ufmg\/","title":{"rendered":"Apresenta\u00e7\u00e3o de chorinho encerra o Festival de Inverno UFMG"},"content":{"rendered":"<div id=\"cmsmasters_row_byrp52m1lu\" class=\"cmsmasters_row cmsmasters_color_scheme_default cmsmasters_row_top_default cmsmasters_row_bot_default cmsmasters_row_boxed\">\n<div class=\"cmsmasters_row_outer_parent\">\n<div class=\"cmsmasters_row_outer\">\n<div class=\"cmsmasters_row_inner\">\n<div class=\"cmsmasters_row_margin\">\n<div id=\"cmsmasters_column_i24cwt1pcl\" class=\"cmsmasters_column one_first\">\n<div class=\"cmsmasters_column_inner\">\n<div class=\"cmsmasters_sharing\">\n<div class=\"share_wrap\">\n<a href=\"https:\/\/twitter.com\/intent\/tweet?text=Check+out+%27Apresenta%C3%A7%C3%A3o+de+chorinho+encerra+o+Festival+de+Inverno+UFMG%27+on+Centro+Cultural++UFMG+website&url=https%3A%2F%2Fwww.ufmg.br%2Fcentrocultural%2Fapresentacao-de-chorinho-encerra-o-festival-de-inverno-ufmg%2F\" class=\"button cmsmasters-icon-twitter\">Twitter<\/a>\n<\/div>\n<div class=\"share_wrap\">\n<a href=\"https:\/\/www.facebook.com\/sharer\/sharer.php?display=popup&u=https%3A%2F%2Fwww.ufmg.br%2Fcentrocultural%2Fapresentacao-de-chorinho-encerra-o-festival-de-inverno-ufmg%2F\" class=\"button cmsmasters-icon-facebook\">Facebook<\/a>\n<\/div>\n<\/div>\n<\/div><\/div>\n<\/div>\n<\/div>\n<\/div>\n<\/div>\n<\/div>\n<div id=\"cmsmasters_row_\" class=\"cmsmasters_row cmsmasters_color_scheme_default cmsmasters_row_top_default cmsmasters_row_bot_default cmsmasters_row_boxed\">\n<div class=\"cmsmasters_row_outer_parent\">\n<div class=\"cmsmasters_row_outer\">\n<div class=\"cmsmasters_row_inner\">\n<div class=\"cmsmasters_row_margin\">\n<div id=\"cmsmasters_column_\" class=\"cmsmasters_column one_first\">\n<div class=\"cmsmasters_column_inner\"><div class=\"cmsmasters_text\">\n<p>No dia 26 de julho de 2024, pr\u00f3xima sexta-feira, \u00e0s 19h30, o Centro Cultural UFMG recebe o grupo mineiro de choro e m\u00fasica instrumental brasileira<strong> \u2018Toca de Tatu\u2019<\/strong> para o encerramento do <a href=\"https:\/\/www.ufmg.br\/festivaldeinverno\/prog\/show-de-encerramento-com-grupo-toca-de-tatu\/\" target=\"_blank\" rel=\"noopener\"><span style=\"color: #000080;\"><strong>56\u00ba Festival de Inverno UFMG<\/strong><\/span><\/a>. A entrada \u00e9 gratuita e tem classifica\u00e7\u00e3o livre.<\/p>\n<ul>\n<li><strong><span style=\"color: #333399;\"><a style=\"color: #333399;\" href=\"https:\/\/api.whatsapp.com\/send?text=https:\/\/www.ufmg.br\/centrocultural\/apresentacao-de-chorinho-encerra-o-festival-de-inverno-ufmg\" target=\"_blank\" rel=\"noopener\">Compartilhe no WhatsApp<\/a><\/span><\/strong><\/li>\n<li><strong><span style=\"color: #333399;\">C<a style=\"color: #333399;\" href=\"https:\/\/telegram.me\/share\/url?url=%20https:\/\/www.ufmg.br\/centrocultural\/apresentacao-de-chorinho-encerra-o-festival-de-inverno-ufmg\" target=\"_blank\" rel=\"noopener\">ompartilhe no Telegram<\/a><\/span><\/strong><\/li>\n<\/ul>\n<p><strong>O espet\u00e1culo<\/strong><\/p>\n<p>No repert\u00f3rio, pe\u00e7as autorais e de compositores consagrados recebem o trato refinado dos arranjos do grupo, que transita por diversos ambientes da m\u00fasica instrumental brasileira, passeando pelo balan\u00e7o e fraseado t\u00edpicos do choro, a liberdade improvisat\u00f3ria do jazz e a abordagem camer\u00edstica da m\u00fasica de concerto.<\/p>\n<p><strong>Toca de Tatu<\/strong><\/p>\n<p>O grupo formado por Lucas Ladeia no cavaquinho, Abel Borges na percuss\u00e3o, Lu\u00edsa Mitre no piano e Lucas Telles no viol\u00e3o produz interpreta\u00e7\u00f5es que valorizam a coletividade, equilibrando suingue, versatilidade e delicadeza.<\/p>\n<p>Possui tr\u00eas \u00e1lbuns lan\u00e7ados: \u2018Meu amigo Radam\u00e9s\u2019 (2013), \u2018Afinidade\u2019 (2017) e \u2018Toca de Tatu\u2019 (2021). Esse \u00faltimo, totalmente autoral, celebra os 10 anos de trajet\u00f3ria do grupo.<\/p>\n<p>Venceu o II Concurso Instrumental Est\u00fadio 66 (Canal Brasil &#8211; RJ), em 2013, e foi premiado com o 2\u00ba lugar no Festival de Choro Jorge Assad (S\u00e3o Jo\u00e3o da Boa Vista &#8211; SP), em 2014.<\/p>\n<p>Realizou duas turn\u00eas pela Europa, passando por Londres (Inglaterra); Paris, Antony e Bordeaux (Fran\u00e7a); Rotterdam, Haia e Oosterhout (Holanda). No Brasil, participou de importantes festivais, como \u2018Rio Montreux Jazz Festival\u2019, \u2018Festa da M\u00fasica\u2019, \u2018Festival Villa-Lobos\u2019, \u2018Chorando sem Parar\u2019, \u2018BH Instrumental\u2019, dentre outros.<\/p>\n<p>O quarteto j\u00e1 dividiu o palco com grandes artistas, como Juarez Moreira, Z\u00e9 Nogueira, Nivaldo Ornelas, S\u00e9rgio Santos, C\u00e9lio Balona, Caetano Brasil, Crist\u00f3v\u00e3o Bastos e Toninho Carrasqueira.<\/p>\n<p>Promove a m\u00fasica brasileira tamb\u00e9m em atividades did\u00e1ticas, com oficinas e workshops preparados pelos integrantes do grupo, que compartilham seus conhecimentos e experi\u00eancias ao redor do mundo.<\/p>\n<\/div>\n<\/div><\/div>\n<\/div>\n<\/div>\n<\/div>\n<\/div>\n<\/div>\n<div id=\"cmsmasters_row_fjwnwo2tz2\" class=\"cmsmasters_row cmsmasters_color_scheme_default cmsmasters_row_top_default cmsmasters_row_bot_default cmsmasters_row_boxed\">\n<div class=\"cmsmasters_row_outer_parent\">\n<div class=\"cmsmasters_row_outer\">\n<div class=\"cmsmasters_row_inner\">\n<div class=\"cmsmasters_row_margin\">\n<div id=\"cmsmasters_column_jxz01acn2v\" class=\"cmsmasters_column one_first\">\n<div class=\"cmsmasters_column_inner\">\n<div id=\"cmsmasters_divider_lhyst8zmve\" class=\"cmsmasters_divider cmsmasters_divider_width_long cmsmasters_divider_pos_center\"><\/div>\n<\/div><\/div>\n<\/div>\n<\/div>\n<\/div>\n<\/div>\n<\/div>\n<div id=\"cmsmasters_row_7tx6p7amhk\" class=\"cmsmasters_row cmsmasters_color_scheme_default cmsmasters_row_top_default cmsmasters_row_bot_default cmsmasters_row_boxed\">\n<div class=\"cmsmasters_row_outer_parent\">\n<div class=\"cmsmasters_row_outer\">\n<div class=\"cmsmasters_row_inner\">\n<div class=\"cmsmasters_row_margin\">\n<div id=\"cmsmasters_column_5g5olsgdr\" class=\"cmsmasters_column one_first\">\n<div class=\"cmsmasters_column_inner\"><div class=\"cmsmasters_text\">\n<p><strong>Show com \u2018Toca de Tatu\u2019<\/strong><br \/>\nData: 26 de julho de 2024<br \/>\nHor\u00e1rio: 19h30<br \/>\nLocal: audit\u00f3rio do Centro Cultural UFMG<br \/>\nEntrada gratuita | Classifica\u00e7\u00e3o livre<\/p>\n<p>O Centro Cultural UFMG fica na Av. Santos Dumont, 174 \u2013 Centro | BH<\/p>\n<p><span style=\"color: #0000ff;\"><strong><a style=\"color: #0000ff;\" href=\"https:\/\/www.google.com.br\/maps\/dir\/\/Av.+Santos+Dumont,+174+-+Centro,+Belo+Horizonte+-+MG,+30111-040\/@-19.9170546,-43.9360151,17z\/data=!4m6!4m5!1m0!1m2!1m1!1s0xa699fbd5aaae01:0xab4780c129fa0883!3e0\" target=\"_blank\" rel=\"noopener\">Consulte rotas e meios para chegar<\/a><\/strong><\/span><\/p>\n<\/div>\n<\/div><\/div>\n<\/div>\n<\/div>\n<\/div>\n<\/div>\n<\/div>\n<div id=\"cmsmasters_row_ztsw5oomjf\" class=\"cmsmasters_row cmsmasters_color_scheme_default cmsmasters_row_top_default cmsmasters_row_bot_default cmsmasters_row_boxed\">\n<div class=\"cmsmasters_row_outer_parent\">\n<div class=\"cmsmasters_row_outer\">\n<div class=\"cmsmasters_row_inner\">\n<div class=\"cmsmasters_row_margin\">\n<div id=\"cmsmasters_column_61c2wrpnei\" class=\"cmsmasters_column three_fourth\">\n<div class=\"cmsmasters_column_inner\"><div id=\"cmsmasters_notice_z3cdjvf2t\" class=\"cmsmasters_notice cmsmasters_notice_warning cmsmasters-icon-check-1\">\n<a href=\"#\" class=\"notice_close cmsmasters_theme_icon_cancel\"><\/a><div class=\"notice_content\">\n<p>Lembre-se: \u00e9 recomend\u00e1velo uso de m\u00e1scara nos espa\u00e7os do Centro Cultural UFMG mesmo para imunizados<\/p>\n<\/div>\n<\/div>\n<\/div><\/div>\n<div id=\"cmsmasters_column_anm2ucttnn\" class=\"cmsmasters_column one_fourth\">\n<div class=\"cmsmasters_column_inner\"><\/div><\/div>\n<\/div>\n<\/div>\n<\/div>\n<\/div>\n<\/div>\n\n","protected":false},"excerpt":{"rendered":"","protected":false},"author":6,"featured_media":26004,"comment_status":"closed","ping_status":"closed","sticky":false,"template":"","format":"standard","meta":{"footnotes":""},"categories":[165,314,91],"tags":[168,207,211],"class_list":["post-25995","post","type-post","status-publish","format-standard","has-post-thumbnail","hentry","category-espetaculos","category-festivais","category-noticias","tag-espetaculo","tag-festivaldeinverno","tag-musica"],"_links":{"self":[{"href":"https:\/\/www.ufmg.br\/centrocultural\/wp-json\/wp\/v2\/posts\/25995","targetHints":{"allow":["GET"]}}],"collection":[{"href":"https:\/\/www.ufmg.br\/centrocultural\/wp-json\/wp\/v2\/posts"}],"about":[{"href":"https:\/\/www.ufmg.br\/centrocultural\/wp-json\/wp\/v2\/types\/post"}],"author":[{"embeddable":true,"href":"https:\/\/www.ufmg.br\/centrocultural\/wp-json\/wp\/v2\/users\/6"}],"replies":[{"embeddable":true,"href":"https:\/\/www.ufmg.br\/centrocultural\/wp-json\/wp\/v2\/comments?post=25995"}],"version-history":[{"count":7,"href":"https:\/\/www.ufmg.br\/centrocultural\/wp-json\/wp\/v2\/posts\/25995\/revisions"}],"predecessor-version":[{"id":26005,"href":"https:\/\/www.ufmg.br\/centrocultural\/wp-json\/wp\/v2\/posts\/25995\/revisions\/26005"}],"wp:featuredmedia":[{"embeddable":true,"href":"https:\/\/www.ufmg.br\/centrocultural\/wp-json\/wp\/v2\/media\/26004"}],"wp:attachment":[{"href":"https:\/\/www.ufmg.br\/centrocultural\/wp-json\/wp\/v2\/media?parent=25995"}],"wp:term":[{"taxonomy":"category","embeddable":true,"href":"https:\/\/www.ufmg.br\/centrocultural\/wp-json\/wp\/v2\/categories?post=25995"},{"taxonomy":"post_tag","embeddable":true,"href":"https:\/\/www.ufmg.br\/centrocultural\/wp-json\/wp\/v2\/tags?post=25995"}],"curies":[{"name":"wp","href":"https:\/\/api.w.org\/{rel}","templated":true}]}}