{"id":26033,"date":"2024-08-07T14:41:06","date_gmt":"2024-08-07T17:41:06","guid":{"rendered":"https:\/\/www.ufmg.br\/centrocultural\/?p=26033"},"modified":"2024-08-09T14:27:07","modified_gmt":"2024-08-09T17:27:07","slug":"obras-de-flavia-renault-trazem-a-influencia-religiosa-da-familia-e-do-barroco-mineiro","status":"publish","type":"post","link":"https:\/\/www.ufmg.br\/centrocultural\/obras-de-flavia-renault-trazem-a-influencia-religiosa-da-familia-e-do-barroco-mineiro\/","title":{"rendered":"Obras de Flavia Renault trazem a influ\u00eancia religiosa da fam\u00edlia e do Barroco Mineiro"},"content":{"rendered":"<div id=\"cmsmasters_row_byrp52m1lu\" class=\"cmsmasters_row cmsmasters_color_scheme_default cmsmasters_row_top_default cmsmasters_row_bot_default cmsmasters_row_boxed\">\n<div class=\"cmsmasters_row_outer_parent\">\n<div class=\"cmsmasters_row_outer\">\n<div class=\"cmsmasters_row_inner\">\n<div class=\"cmsmasters_row_margin\">\n<div id=\"cmsmasters_column_i24cwt1pcl\" class=\"cmsmasters_column one_first\">\n<div class=\"cmsmasters_column_inner\">\n<div class=\"cmsmasters_sharing\">\n<div class=\"share_wrap\">\n<a href=\"https:\/\/twitter.com\/intent\/tweet?text=Check+out+%27Obras+de+Flavia+Renault+trazem+a+influ%C3%AAncia+religiosa+da+fam%C3%ADlia+e+do+Barroco+Mineiro%27+on+Centro+Cultural++UFMG+website&url=https%3A%2F%2Fwww.ufmg.br%2Fcentrocultural%2Fobras-de-flavia-renault-trazem-a-influencia-religiosa-da-familia-e-do-barroco-mineiro%2F\" class=\"button cmsmasters-icon-twitter\">Twitter<\/a>\n<\/div>\n<div class=\"share_wrap\">\n<a href=\"https:\/\/www.facebook.com\/sharer\/sharer.php?display=popup&u=https%3A%2F%2Fwww.ufmg.br%2Fcentrocultural%2Fobras-de-flavia-renault-trazem-a-influencia-religiosa-da-familia-e-do-barroco-mineiro%2F\" class=\"button cmsmasters-icon-facebook\">Facebook<\/a>\n<\/div>\n<\/div>\n<\/div><\/div>\n<\/div>\n<\/div>\n<\/div>\n<\/div>\n<\/div>\n<div id=\"cmsmasters_row_\" class=\"cmsmasters_row cmsmasters_color_scheme_default cmsmasters_row_top_default cmsmasters_row_bot_default cmsmasters_row_boxed\">\n<div class=\"cmsmasters_row_outer_parent\">\n<div class=\"cmsmasters_row_outer\">\n<div class=\"cmsmasters_row_inner\">\n<div class=\"cmsmasters_row_margin\">\n<div id=\"cmsmasters_column_\" class=\"cmsmasters_column one_first\">\n<div class=\"cmsmasters_column_inner\"><div class=\"cmsmasters_text\">\n<\/div>\n<p style=\"text-align: left;\">O Centro Cultural UFMG convida para a abertura da exposi\u00e7\u00e3o individual <strong>\u2018Roda das Deidades\u2019<\/strong>, da artista pl\u00e1stica carioca <strong>Flavia Renault<\/strong>, com curadoria de <strong>Paula Borghi<\/strong>. A mostra re\u00fane trabalhos in\u00e9ditos produzidos recentemente, apresentando instala\u00e7\u00f5es, esculturas e desenhos inspirados pela conex\u00e3o entre a arte barroca mineira e a religiosidade. O evento acontece no dia 16 de agosto de 2024, sexta-feira, \u00e0s 19 horas. As obras poder\u00e3o ser vistas at\u00e9 22 de setembro de 2024. A entrada \u00e9 gratuita e tem classifica\u00e7\u00e3o livre.<\/p>\n<ul>\n<li><strong><span style=\"color: #333399;\"><a style=\"color: #333399;\" href=\"https:\/\/api.whatsapp.com\/send?text=https:\/\/www.ufmg.br\/centrocultural\/obras-de-flavia-renault-trazem-a-influencia-religiosa-da-familia-e-do-barroco-mineiro\/\" target=\"_blank\" rel=\"noopener\">Compartilhe no WhatsApp<\/a><\/span><\/strong><\/li>\n<li><strong><span style=\"color: #333399;\">C<a style=\"color: #333399;\" href=\"https:\/\/telegram.me\/share\/url?url=%20https:\/\/www.ufmg.br\/centrocultural\/obras-de-flavia-renault-trazem-a-influencia-religiosa-da-familia-e-do-barroco-mineiro\/\" target=\"_blank\" rel=\"noopener\">ompartilhe no Telegram<\/a><\/span><\/strong><\/li>\n<\/ul>\n<p><strong>Fam\u00edlia marcada por mulheres artistas<\/strong><\/p>\n<p style=\"text-align: left;\">Carioca de nascimento e residente em S\u00e3o Paulo desde a juventude, Flavia Renault vem de uma fam\u00edlia mineira marcada por mulheres artistas. Em Belo Horizonte, teve seu primeiro contato com as artes visuais e \u00e9 nessa cidade que encontra uma segunda morada. Com uma produ\u00e7\u00e3o extremamente influenciada pelo Barroco Mineiro, consequ\u00eancia direta de seu v\u00ednculo familiar, nota-se, em sua obra, uma express\u00e3o art\u00edstica fortemente religiosa, tema que marca a exposi\u00e7\u00e3o e sua pesquisa como um todo.<\/p>\n<p><strong>Roda das Deidades<\/strong><\/p>\n<p style=\"text-align: left;\">Partindo de sete trabalhos em escala humana realizados com algod\u00e3o cru e gavetas antigas de madeira, a artista d\u00e1 corpo \u00e0 mostra \u2018Roda das Deidades\u2019. Sobre a escolha do t\u00edtulo, ela explica: \u201c\u00c9 um roda de conversas que pode ser tanto de seres invis\u00edveis, de for\u00e7as, como de mulheres, de deusas. \u00c9 tamb\u00e9m uma dan\u00e7a circular, algo que a gente v\u00ea em todas as culturas\u201d.<\/p>\n<p style=\"text-align: left;\">Essa instala\u00e7\u00e3o est\u00e1 no centro da sala expositiva, como um c\u00edrculo sagrado, comum em pr\u00e1ticas ritual\u00edsticas. Em di\u00e1logo com essa grande instala\u00e7\u00e3o, apresenta-se tamb\u00e9m um conjunto de desenhos tra\u00e7ados a partir de documentos familiares da artista e uma s\u00e9rie de esculturas em que se usam, sobretudo, materiais como madeira, tecido e papel.<\/p>\n<p style=\"text-align: left;\">Expondo majoritariamente trabalhos in\u00e9ditos produzidos entre 2022 e 2024, a curadoria \u00e9 assinada por Paula Borghi, que comenta: \u201cs\u00e3o trabalhos que conversam com o Barroco Mineiro. Justamente por isso, a espiritualidade \u00e9 t\u00e3o importante nessa mostra. O que temos \u00e9 uma discuss\u00e3o contempor\u00e2nea sobre o tema, que vai desde uma missa cat\u00f3lica at\u00e9 um di\u00e1logo filos\u00f3fico goetheano e um sabbath das bruxas\u201d.<\/p>\n<p style=\"text-align: left;\">\u2018Roda das Deidades\u2019 \u00e9 a primeira exposi\u00e7\u00e3o individual da artista na capital mineira, territ\u00f3rio fundamental na forma\u00e7\u00e3o art\u00edstica e pessoal de Flavia Renault.<\/p>\n<p><strong>Sobre a artista<\/strong><\/p>\n<p style=\"text-align: left;\"><strong>Flavia Renault<\/strong> \u00e9 graduada em Artes Pl\u00e1sticas pela Funda\u00e7\u00e3o Armando Alvares Penteado (FAAP). Logo ap\u00f3s a gradua\u00e7\u00e3o, deu a volta por terra pelo Brasil com o \u2018Projeto Contornos\u2019, resultando em dois livros incentivados pela Lei Rouanet (1999). Partindo de quest\u00f5es existenciais, com ocorr\u00eancias metaf\u00f3ricas do conceito de renascimento, sua obra \u00e9 marcada por uma caracter\u00edstica c\u00edclica. Pela revisita\u00e7\u00e3o de mem\u00f3rias pessoais, familiares e mesmo ficcionais, seu trabalho comumente apresenta res\u00edduos encontrados e objetos colecionados. Das exposi\u00e7\u00f5es mais recentes, vale destacar a individual \u2018Arquip\u00e9lago\u2019, no Centro Cultural Correios de S\u00e3o Paulo (2023) e as coletivas \u2018Tr\u00eas Marias\u2019, no Centro Cultural Correios do Rio de Janeiro (2024) e \u2018Toda volta\u2019, na Galeria Babel em S\u00e3o Paulo (2023).<\/p>\n<p><strong>Sobre a curadora<\/strong><\/p>\n<p style=\"text-align: left;\"><strong>Paula Borghi<\/strong> \u00e9 mestre e doutoranda em Artes Visuais na linha de pesquisa \u2018Hist\u00f3ria e Cr\u00edtica da Arte\u2019 pela Universidade Federal do Rio de Janeiro (UFRJ). Curadora independente, realizou recentemente exposi\u00e7\u00f5es no Museu das Culturas Ind\u00edgenas (SP), na Casa das Rosas (SP), na Biblioteca M\u00e1rio de Andrade (SP), no Pa\u00e7o Imperial (RJ), no Museu de Arte de Ribeir\u00e3o Preto (SP) e na Pinacoteca de S\u00e3o Bernardo do Campo (SP). Foi curadora adjunta da 11\u00aa Bienal do Mercosul.<\/p>\n<\/div><\/div>\n<\/div>\n<\/div>\n<\/div>\n<\/div>\n<\/div>\n<div id=\"cmsmasters_row_t3c22q9w6m\" class=\"cmsmasters_row cmsmasters_color_scheme_default cmsmasters_row_top_default cmsmasters_row_bot_default cmsmasters_row_boxed\">\n<div class=\"cmsmasters_row_outer_parent\">\n<div class=\"cmsmasters_row_outer\">\n<div class=\"cmsmasters_row_inner\">\n<div class=\"cmsmasters_row_margin\">\n<div id=\"cmsmasters_column_toijiibenl\" class=\"cmsmasters_column one_first\">\n<div class=\"cmsmasters_column_inner\"><div class=\"cmsmasters_text\">\n<p><strong>Exposi\u00e7\u00e3o \u2018Roda das Deidades\u2019 \u2013 Flavia Renault<\/strong><br \/>\nAbertura: 16 de agosto de 2024 | \u00e0s 19h<br \/>\nVisita\u00e7\u00e3o: at\u00e9 o dia 22\/09\/2024<br \/>\nTer\u00e7as a sextas: 9h \u00e0s 20h<br \/>\nS\u00e1bados, domingos e feriados: 9h \u00e0s 17h<br \/>\nSala Ana Horta<br \/>\nClassifica\u00e7\u00e3o indicativa: livre<br \/>\nEntrada gratuita<\/p>\n<p><span style=\"color: #0000ff;\"><strong><a style=\"color: #0000ff;\" href=\"https:\/\/www.google.com.br\/maps\/dir\/\/Av.+Santos+Dumont,+174+-+Centro,+Belo+Horizonte+-+MG,+30111-040\/@-19.9170546,-43.9360151,17z\/data=!4m6!4m5!1m0!1m2!1m1!1s0xa699fbd5aaae01:0xab4780c129fa0883!3e0\" target=\"_blank\" rel=\"noopener\">Consulte rotas e meios para chegar<\/a><\/strong><\/span><\/p>\n<\/div>\n<\/div><\/div>\n<\/div>\n<\/div>\n<\/div>\n<\/div>\n<\/div>\n<div id=\"cmsmasters_row_6kvmqaa7i\" class=\"cmsmasters_row cmsmasters_color_scheme_default cmsmasters_row_top_default cmsmasters_row_bot_default cmsmasters_row_boxed\">\n<div class=\"cmsmasters_row_outer_parent\">\n<div class=\"cmsmasters_row_outer\">\n<div class=\"cmsmasters_row_inner\">\n<div class=\"cmsmasters_row_margin\">\n<div id=\"cmsmasters_column_sf8b3oog58\" class=\"cmsmasters_column three_fourth\">\n<div class=\"cmsmasters_column_inner\"><div id=\"cmsmasters_notice_smk9h2u97i\" class=\"cmsmasters_notice cmsmasters_notice_warning cmsmasters-icon-check-1\">\n<a href=\"#\" class=\"notice_close cmsmasters_theme_icon_cancel\"><\/a><div class=\"notice_content\">\n<\/div>\n<\/div>\n<\/div><\/div>\n<div id=\"cmsmasters_column_ioy14g1s5h\" class=\"cmsmasters_column one_fourth\">\n<div class=\"cmsmasters_column_inner\"><\/div><\/div>\n<\/div>\n<\/div>\n<\/div>\n<\/div>\n<\/div>\n\n","protected":false},"excerpt":{"rendered":"","protected":false},"author":9,"featured_media":26036,"comment_status":"closed","ping_status":"closed","sticky":false,"template":"","format":"standard","meta":{"footnotes":""},"categories":[121,91],"tags":[],"class_list":["post-26033","post","type-post","status-publish","format-standard","has-post-thumbnail","hentry","category-exposicoes","category-noticias"],"_links":{"self":[{"href":"https:\/\/www.ufmg.br\/centrocultural\/wp-json\/wp\/v2\/posts\/26033","targetHints":{"allow":["GET"]}}],"collection":[{"href":"https:\/\/www.ufmg.br\/centrocultural\/wp-json\/wp\/v2\/posts"}],"about":[{"href":"https:\/\/www.ufmg.br\/centrocultural\/wp-json\/wp\/v2\/types\/post"}],"author":[{"embeddable":true,"href":"https:\/\/www.ufmg.br\/centrocultural\/wp-json\/wp\/v2\/users\/9"}],"replies":[{"embeddable":true,"href":"https:\/\/www.ufmg.br\/centrocultural\/wp-json\/wp\/v2\/comments?post=26033"}],"version-history":[{"count":6,"href":"https:\/\/www.ufmg.br\/centrocultural\/wp-json\/wp\/v2\/posts\/26033\/revisions"}],"predecessor-version":[{"id":26057,"href":"https:\/\/www.ufmg.br\/centrocultural\/wp-json\/wp\/v2\/posts\/26033\/revisions\/26057"}],"wp:featuredmedia":[{"embeddable":true,"href":"https:\/\/www.ufmg.br\/centrocultural\/wp-json\/wp\/v2\/media\/26036"}],"wp:attachment":[{"href":"https:\/\/www.ufmg.br\/centrocultural\/wp-json\/wp\/v2\/media?parent=26033"}],"wp:term":[{"taxonomy":"category","embeddable":true,"href":"https:\/\/www.ufmg.br\/centrocultural\/wp-json\/wp\/v2\/categories?post=26033"},{"taxonomy":"post_tag","embeddable":true,"href":"https:\/\/www.ufmg.br\/centrocultural\/wp-json\/wp\/v2\/tags?post=26033"}],"curies":[{"name":"wp","href":"https:\/\/api.w.org\/{rel}","templated":true}]}}