{"id":26066,"date":"2024-08-19T13:47:17","date_gmt":"2024-08-19T16:47:17","guid":{"rendered":"https:\/\/www.ufmg.br\/centrocultural\/?p=26066"},"modified":"2024-08-19T13:47:17","modified_gmt":"2024-08-19T16:47:17","slug":"iconico-tango-argentino-de-1935-inspira-obra-de-guilherme-orzil","status":"publish","type":"post","link":"https:\/\/www.ufmg.br\/centrocultural\/iconico-tango-argentino-de-1935-inspira-obra-de-guilherme-orzil\/","title":{"rendered":"Ic\u00f4nico tango argentino de 1935 inspira obra de Guilherme Orzil"},"content":{"rendered":"<div id=\"cmsmasters_row_byrp52m1lu\" class=\"cmsmasters_row cmsmasters_color_scheme_default cmsmasters_row_top_default cmsmasters_row_bot_default cmsmasters_row_boxed\">\n<div class=\"cmsmasters_row_outer_parent\">\n<div class=\"cmsmasters_row_outer\">\n<div class=\"cmsmasters_row_inner\">\n<div class=\"cmsmasters_row_margin\">\n<div id=\"cmsmasters_column_i24cwt1pcl\" class=\"cmsmasters_column one_first\">\n<div class=\"cmsmasters_column_inner\">\n<div class=\"cmsmasters_sharing\">\n<div class=\"share_wrap\">\n<a href=\"https:\/\/twitter.com\/intent\/tweet?text=Check+out+%27Ic%C3%B4nico+tango+argentino+de+1935+inspira+obra+de+Guilherme+Orzil%27+on+Centro+Cultural++UFMG+website&url=https%3A%2F%2Fwww.ufmg.br%2Fcentrocultural%2Ficonico-tango-argentino-de-1935-inspira-obra-de-guilherme-orzil%2F\" class=\"button cmsmasters-icon-twitter\">Twitter<\/a>\n<\/div>\n<div class=\"share_wrap\">\n<a href=\"https:\/\/www.facebook.com\/sharer\/sharer.php?display=popup&u=https%3A%2F%2Fwww.ufmg.br%2Fcentrocultural%2Ficonico-tango-argentino-de-1935-inspira-obra-de-guilherme-orzil%2F\" class=\"button cmsmasters-icon-facebook\">Facebook<\/a>\n<\/div>\n<\/div>\n<\/div><\/div>\n<\/div>\n<\/div>\n<\/div>\n<\/div>\n<\/div>\n<div id=\"cmsmasters_row_\" class=\"cmsmasters_row cmsmasters_color_scheme_default cmsmasters_row_top_default cmsmasters_row_bot_default cmsmasters_row_boxed\">\n<div class=\"cmsmasters_row_outer_parent\">\n<div class=\"cmsmasters_row_outer\">\n<div class=\"cmsmasters_row_inner\">\n<div class=\"cmsmasters_row_margin\">\n<div id=\"cmsmasters_column_\" class=\"cmsmasters_column one_first\">\n<div class=\"cmsmasters_column_inner\"><div class=\"cmsmasters_text\">\n<\/div>\n<p>O Centro Cultural UFMG convida para a abertura da exposi\u00e7\u00e3o <strong>\u2018Por Una Cabeza\u2019<\/strong>, do artista mineiro <strong>Guilherme Orzil<\/strong>, dia 23 de agosto de 2024, sexta-feira, \u00e0s 19 horas. A mostra tem a curadoria do professor Fabr\u00edcio Fernandino e poder\u00e1 ser vista at\u00e9 o dia 29 de setembro de 2024. A entrada \u00e9 gratuita e integra o projeto Escultura no Centro, que destaca os trabalhos tridimensionais desenvolvidos por alunos do curso de Artes Visuais com habilita\u00e7\u00e3o em Escultura da Escola de Belas Artes da UFMG. A classifica\u00e7\u00e3o \u00e9 livre.<\/p>\n<ul>\n<li><strong><span style=\"color: #333399;\"><a style=\"color: #333399;\" href=\"https:\/\/api.whatsapp.com\/send?text=https:\/\/www.ufmg.br\/centrocultural\/iconico-tango-argentino-de-1935-inspira-obra-de-guilherme-orzil\" target=\"_blank\" rel=\"noopener\">Compartilhe no WhatsApp<\/a><\/span><\/strong><\/li>\n<li><strong><span style=\"color: #333399;\">C<a style=\"color: #333399;\" href=\"https:\/\/telegram.me\/share\/url?url=%20https:\/\/www.ufmg.br\/centrocultural\/iconico-tango-argentino-de-1935-inspira-obra-de-guilherme-orzil\" target=\"_blank\" rel=\"noopener\">ompartilhe no Telegram<\/a><\/span><\/strong><\/li>\n<\/ul>\n<p><strong>\u2018Por Una Cabeza\u2019<\/strong><\/p>\n<p>Guilherme Orzil apresenta \u2018Por Una Cabeza\u2019, uma escultura em metal que encapsula a intensidade e a paix\u00e3o inspirada pela ic\u00f4nica can\u00e7\u00e3o de mesmo nome, um tango argentino composto em 1935 por Alfredo Le Pera, imortalizado na bel\u00edssima voz de Carlos Gardel. A m\u00fasica descreve a hist\u00f3ria de um homem que \u00e9 fascinado por mulheres e corridas de cavalos, explorando a paix\u00e3o, o amor, a amargura e a desilus\u00e3o.<\/p>\n<p>A obra, uma cabe\u00e7a de cavalo com marcas profundas de ferrugem, n\u00e3o apenas retrata o vigor e a for\u00e7a do animal, mas tamb\u00e9m simboliza a vulnerabilidade e o desgaste da alma humana diante da paix\u00e3o arrebatadora. Segundo o artista, \u201ca escultura evoca o esp\u00edrito da can\u00e7\u00e3o, onde o cavalo e o amor se fundem em uma narrativa de risco e desejo. A ferrugem que cobre a pe\u00e7a \u00e9 um testemunho do tempo, das cicatrizes deixadas pelas emo\u00e7\u00f5es intensas e pelas corridas que a vida nos obriga a enfrentar\u201d.<\/p>\n<p>A express\u00e3o \u2018por una cabeza\u2019 diz respeito \u00e0 pequena margem pela qual um cavalo pode ganhar ou perder uma corrida, exprimindo como pequenas diferen\u00e7as podem ter grandes impactos. Assim como a met\u00e1fora do tango, onde uma vit\u00f3ria por apenas uma cabe\u00e7a pode mudar tudo, a obra de Orzil nos convida a refletir sobre a t\u00eanue linha entre a vit\u00f3ria e a derrota, o amor e a perda.<\/p>\n<p><strong>O artista<\/strong><\/p>\n<p>Guilherme Orzil nasceu em Belo Horizonte, Minas Gerais, em 2001. Foi apresentado ao teatro e ao desenho ainda bem novo e se profissionalizou seguindo seus estudos e interesses pelas artes visuais. Estudante da UFMG, com especialidade em desenho e escultura desde 2020, se tornou professor de desenho particular a partir de ent\u00e3o. Em 2022 trabalhou como fot\u00f3grafo em um cruzeiro mar\u00edtimo pela Norwegian Cruise Line e hoje, al\u00e9m de professor, \u00e9 bolsista no Conservat\u00f3rio UFMG, onde atua como produtor cultural dos eventos desse espa\u00e7o. Bolsista de interc\u00e2mbio em 2024\/2 estuda hist\u00f3ria e cultura da literatura pela Universidade Nacional de Cuyo (UnCuyo), em Mendonza, na Argentina. \u00c9 um grande entusiasta pelo conte\u00fado hist\u00f3rico, cr\u00edtico e filos\u00f3fico da arte e segue em busca de levar para todos um pouco das curiosidades colecionadas durante esses poucos anos de estrada.<\/p>\n<p><strong>Escultura no Centro<\/strong><\/p>\n<p>O projeto busca valorizar e expor os trabalhos tridimensionais desenvolvidos pelos graduandos e p\u00f3s-graduandos do curso de Artes Visuais com habilita\u00e7\u00e3o em Escultura da Escola de Belas Artes da UFMG.<\/p>\n<div id=\"cmsmasters_divider_6d10s6ghgh\" class=\"cmsmasters_divider cmsmasters_divider_width_long cmsmasters_divider_pos_center\"><\/div>\n<\/div><\/div>\n<\/div>\n<\/div>\n<\/div>\n<\/div>\n<\/div>\n<div id=\"cmsmasters_row_t3c22q9w6m\" class=\"cmsmasters_row cmsmasters_color_scheme_default cmsmasters_row_top_default cmsmasters_row_bot_default cmsmasters_row_boxed\">\n<div class=\"cmsmasters_row_outer_parent\">\n<div class=\"cmsmasters_row_outer\">\n<div class=\"cmsmasters_row_inner\">\n<div class=\"cmsmasters_row_margin\">\n<div id=\"cmsmasters_column_toijiibenl\" class=\"cmsmasters_column one_first\">\n<div class=\"cmsmasters_column_inner\"><div class=\"cmsmasters_text\">\n<p><strong>Por Uma Cabeza \u2013 Guilherme Orzil<\/strong><br \/>\nPer\u00edodo expositivo: 23\/08\/2024 a 29\/09\/2024<br \/>\nTer\u00e7as a sextas: 9h \u00e0s 20h<br \/>\nS\u00e1bados, domingos e feriados: 9h \u00e0s 17h<br \/>\nHall de Entrada<br \/>\nClassifica\u00e7\u00e3o: livre<br \/>\nEntrada gratuita<\/p>\n<p><span style=\"color: #0000ff;\"><strong><a style=\"color: #0000ff;\" href=\"https:\/\/www.google.com.br\/maps\/dir\/\/Av.+Santos+Dumont,+174+-+Centro,+Belo+Horizonte+-+MG,+30111-040\/@-19.9170546,-43.9360151,17z\/data=!4m6!4m5!1m0!1m2!1m1!1s0xa699fbd5aaae01:0xab4780c129fa0883!3e0\" target=\"_blank\" rel=\"noopener\">Consulte rotas e meios para chegar<\/a><\/strong><\/span><\/p>\n<\/div>\n<\/div><\/div>\n<\/div>\n<\/div>\n<\/div>\n<\/div>\n<\/div>\n<div id=\"cmsmasters_row_6kvmqaa7i\" class=\"cmsmasters_row cmsmasters_color_scheme_default cmsmasters_row_top_default cmsmasters_row_bot_default cmsmasters_row_boxed\">\n<div class=\"cmsmasters_row_outer_parent\">\n<div class=\"cmsmasters_row_outer\">\n<div class=\"cmsmasters_row_inner\">\n<div class=\"cmsmasters_row_margin\">\n<div id=\"cmsmasters_column_sf8b3oog58\" class=\"cmsmasters_column three_fourth\">\n<div class=\"cmsmasters_column_inner\"><div id=\"cmsmasters_notice_smk9h2u97i\" class=\"cmsmasters_notice cmsmasters_notice_warning cmsmasters-icon-check-1\">\n<a href=\"#\" class=\"notice_close cmsmasters_theme_icon_cancel\"><\/a><div class=\"notice_content\">\n<p>Lembre-se: \u00e9 recomend\u00e1vel o uso de m\u00e1scara nos espa\u00e7os do Centro Cultural UFMG mesmo para imunizados<\/p>\n<\/div>\n<\/div>\n<\/div><\/div>\n<div id=\"cmsmasters_column_ioy14g1s5h\" class=\"cmsmasters_column one_fourth\">\n<div class=\"cmsmasters_column_inner\"><\/div><\/div>\n<\/div>\n<\/div>\n<\/div>\n<\/div>\n<\/div>\n\n","protected":false},"excerpt":{"rendered":"","protected":false},"author":6,"featured_media":26068,"comment_status":"closed","ping_status":"closed","sticky":false,"template":"","format":"standard","meta":{"footnotes":""},"categories":[121,91],"tags":[163,160,257,122],"class_list":["post-26066","post","type-post","status-publish","format-standard","has-post-thumbnail","hentry","category-exposicoes","category-noticias","tag-arte","tag-artesplasticas","tag-escultura","tag-exposicao"],"_links":{"self":[{"href":"https:\/\/www.ufmg.br\/centrocultural\/wp-json\/wp\/v2\/posts\/26066","targetHints":{"allow":["GET"]}}],"collection":[{"href":"https:\/\/www.ufmg.br\/centrocultural\/wp-json\/wp\/v2\/posts"}],"about":[{"href":"https:\/\/www.ufmg.br\/centrocultural\/wp-json\/wp\/v2\/types\/post"}],"author":[{"embeddable":true,"href":"https:\/\/www.ufmg.br\/centrocultural\/wp-json\/wp\/v2\/users\/6"}],"replies":[{"embeddable":true,"href":"https:\/\/www.ufmg.br\/centrocultural\/wp-json\/wp\/v2\/comments?post=26066"}],"version-history":[{"count":2,"href":"https:\/\/www.ufmg.br\/centrocultural\/wp-json\/wp\/v2\/posts\/26066\/revisions"}],"predecessor-version":[{"id":26069,"href":"https:\/\/www.ufmg.br\/centrocultural\/wp-json\/wp\/v2\/posts\/26066\/revisions\/26069"}],"wp:featuredmedia":[{"embeddable":true,"href":"https:\/\/www.ufmg.br\/centrocultural\/wp-json\/wp\/v2\/media\/26068"}],"wp:attachment":[{"href":"https:\/\/www.ufmg.br\/centrocultural\/wp-json\/wp\/v2\/media?parent=26066"}],"wp:term":[{"taxonomy":"category","embeddable":true,"href":"https:\/\/www.ufmg.br\/centrocultural\/wp-json\/wp\/v2\/categories?post=26066"},{"taxonomy":"post_tag","embeddable":true,"href":"https:\/\/www.ufmg.br\/centrocultural\/wp-json\/wp\/v2\/tags?post=26066"}],"curies":[{"name":"wp","href":"https:\/\/api.w.org\/{rel}","templated":true}]}}