{"id":26072,"date":"2024-08-20T13:50:29","date_gmt":"2024-08-20T16:50:29","guid":{"rendered":"https:\/\/www.ufmg.br\/centrocultural\/?p=26072"},"modified":"2024-08-20T15:47:14","modified_gmt":"2024-08-20T18:47:14","slug":"centro-cultura-ufmg-recebe-exposicao-dos-formandos-em-artes-visuais-da-escola-de-belas-artes-da-ufmg","status":"publish","type":"post","link":"https:\/\/www.ufmg.br\/centrocultural\/centro-cultura-ufmg-recebe-exposicao-dos-formandos-em-artes-visuais-da-escola-de-belas-artes-da-ufmg\/","title":{"rendered":"Centro Cultural UFMG recebe exposi\u00e7\u00e3o dos formandos em Artes Visuais da Escola de Belas Artes da UFMG"},"content":{"rendered":"<div id=\"cmsmasters_row_byrp52m1lu\" class=\"cmsmasters_row cmsmasters_color_scheme_default cmsmasters_row_top_default cmsmasters_row_bot_default cmsmasters_row_boxed\">\n<div class=\"cmsmasters_row_outer_parent\">\n<div class=\"cmsmasters_row_outer\">\n<div class=\"cmsmasters_row_inner\">\n<div class=\"cmsmasters_row_margin\">\n<div id=\"cmsmasters_column_i24cwt1pcl\" class=\"cmsmasters_column one_first\">\n<div class=\"cmsmasters_column_inner\">\n<div class=\"cmsmasters_sharing\">\n<div class=\"share_wrap\">\n<a href=\"https:\/\/twitter.com\/intent\/tweet?text=Check+out+%27Centro+Cultural+UFMG+recebe+exposi%C3%A7%C3%A3o+dos+formandos+em+Artes+Visuais+da+Escola+de+Belas+Artes+da+UFMG%27+on+Centro+Cultural++UFMG+website&url=https%3A%2F%2Fwww.ufmg.br%2Fcentrocultural%2Fcentro-cultura-ufmg-recebe-exposicao-dos-formandos-em-artes-visuais-da-escola-de-belas-artes-da-ufmg%2F\" class=\"button cmsmasters-icon-twitter\">Twitter<\/a>\n<\/div>\n<div class=\"share_wrap\">\n<a href=\"https:\/\/www.facebook.com\/sharer\/sharer.php?display=popup&u=https%3A%2F%2Fwww.ufmg.br%2Fcentrocultural%2Fcentro-cultura-ufmg-recebe-exposicao-dos-formandos-em-artes-visuais-da-escola-de-belas-artes-da-ufmg%2F\" class=\"button cmsmasters-icon-facebook\">Facebook<\/a>\n<\/div>\n<\/div>\n<\/div><\/div>\n<\/div>\n<\/div>\n<\/div>\n<\/div>\n<\/div>\n<div id=\"cmsmasters_row_\" class=\"cmsmasters_row cmsmasters_color_scheme_default cmsmasters_row_top_default cmsmasters_row_bot_default cmsmasters_row_boxed\">\n<div class=\"cmsmasters_row_outer_parent\">\n<div class=\"cmsmasters_row_outer\">\n<div class=\"cmsmasters_row_inner\">\n<div class=\"cmsmasters_row_margin\">\n<div id=\"cmsmasters_column_\" class=\"cmsmasters_column one_first\">\n<div class=\"cmsmasters_column_inner\"><div class=\"cmsmasters_text\">\n<\/div>\n<p>O Centro Cultural UFMG convida para a abertura da exposi\u00e7\u00e3o coletiva <strong>\u2018Entreato\u2019<\/strong>, dos formandos em Artes Visuais da Escola de Belas Artes da UFMG, com curadoria de Hugo Houayek e <a href=\"https:\/\/www.instagram.com\/projetopiscinaoufmg\/\" target=\"_blank\" rel=\"noopener\"><span style=\"text-decoration: underline;\"><span style=\"color: #000080; text-decoration: underline;\"><strong>Projeto Piscin\u00e3o<\/strong><\/span><\/span><\/a>. A mostra destaca os trabalhos desenvolvidos pelos alunos durante a trajet\u00f3ria do curso, explorando uma ampla variedade de materiais e suportes, como a pintura, a gravura, a instala\u00e7\u00e3o, a escultura e a performance, apresentando a po\u00e9tica individual de cada artista. O evento acontece no dia 23 de agosto de 2024, sexta-feira, \u00e0s 19 horas. As obras poder\u00e3o ser vistas at\u00e9 29 de setembro de 2024. A entrada \u00e9 gratuita e tem classifica\u00e7\u00e3o livre.<\/p>\n<ul>\n<li><strong><span style=\"color: #333399;\"><a style=\"color: #333399;\" href=\"https:\/\/api.whatsapp.com\/send?text=https:\/\/www.ufmg.br\/centrocultural\/centro-cultura-ufmg-recebe-exposicao-dos-formandos-em-artes-visuais-da-escola-de-belas-artes-da-ufmg\" target=\"_blank\" rel=\"noopener\">Compartilhe no WhatsApp<\/a><\/span><\/strong><\/li>\n<li><strong><span style=\"color: #333399;\">C<a style=\"color: #333399;\" href=\"https:\/\/telegram.me\/share\/url?url=%20https:\/\/www.ufmg.br\/centrocultural\/centro-cultura-ufmg-recebe-exposicao-dos-formandos-em-artes-visuais-da-escola-de-belas-artes-da-ufmg\" target=\"_blank\" rel=\"noopener\">ompartilhe no Telegram<\/a><\/span><\/strong><\/li>\n<\/ul>\n<p>\u2018Entreato\u2019 re\u00fane produ\u00e7\u00f5es dos formandos Analu Rocha, Beatriz Pessoa, Bianca Nithack, Edinara Melo, Isa Lamb\u00e1ri, Juliana Sarti, Mara Sifuentes, Pauline Aim\u00ea, Pedro Biagini, Pedro Leal, Thalita Amorim e Yan Nicolas.<\/p>\n<p><strong>Entreato &#8211; por Laura Dias<\/strong><\/p>\n<p>Em uma pe\u00e7a teatral, o entreato consiste no lapso de tempo entre os atos. A exposi\u00e7\u00e3o dos formandos no curso de Artes Visuais n\u00e3o \u00e9 apenas um momento de pausa, \u00e9 o momento de celebrar a experi\u00eancia do primeiro ato, a gradua\u00e7\u00e3o. \u00c9 tamb\u00e9m um momento de reflex\u00e3o e recupera\u00e7\u00e3o de f\u00f4lego at\u00e9 a pr\u00f3xima cena. Nesse momento de acolher o passado e de abertura de novos caminhos, os artistas unem suas mem\u00f3rias e investiga\u00e7\u00f5es em uma exposi\u00e7\u00e3o coletiva, convidando o p\u00fablico a se envolver com cada uma delas.<\/p>\n<p>Beatriz Pessoa, Edinara Melo e Juliana Sarti mergulham nas \u00e1guas do luto, do sil\u00eancio e da viol\u00eancia. Seja acolhendo a si mesma em uma cole\u00e7\u00e3o de autorretratos, criando uma pilha de mem\u00f3rias acumuladas ou tran\u00e7ando a vida junto ao corpo, elas abrigam suas cicatrizes e d\u00e3o voz aos seus sentimentos. Em contraste, as obras de Bianca Nithack e Pauline Aim\u00ea fluem suavemente como a leveza das correntes que buscam seu curso. Numa tentativa de desenhar seu pr\u00f3prio destino, aguadas mancham o suporte enquanto o percorrem e tra\u00e7os riscam caminhos org\u00e2nicos, por\u00e9m bem delimitados.<\/p>\n<p>Analu Gomes e Isa Lamb\u00e1ri exploram a rela\u00e7\u00e3o entre o ser humano, o corpo e a natureza. Utilizando a pintura para enraizar suas inquieta\u00e7\u00f5es, elas tecem discursos que entrela\u00e7am quest\u00f5es socioambientais e de g\u00eanero, evocando uma reflex\u00e3o sobre a nossa desconex\u00e3o com a natureza.<\/p>\n<p>Pedro Biagini emprega a ironia para criar uma a\u00e7\u00e3o fict\u00edcia contra as \u00e1rvores, estabelecendo um paralelo com as fake news e os movimentos radicais online. Paralelamente, Mara Sifuentes e Pedro Leal questionam a perman\u00eancia e a utilidade da mat\u00e9ria, reconfigurando situa\u00e7\u00f5es comuns atrav\u00e9s da pr\u00e1tica art\u00edstica ao fundir materiais do cotidiano com elementos pl\u00e1sticos, resultando em obras que desafiam a funcionalidade e subvertem a ordem usual das coisas.<\/p>\n<p>Por sua vez, Thalita Amorim e Yan Nicolas dedicam-se a explorar quest\u00f5es pol\u00edticas que desafiam o espa\u00e7o que ocupam. Thalita questiona as estruturas institucionais em \u201cEscola de Quais Artes?\u201d, no qual utiliza a identidade visual da Escola de Belas Artes da UFMG para provocar uma reflex\u00e3o cr\u00edtica sobre o modelo acad\u00eamico da institui\u00e7\u00e3o. Yan, apropriando-se da densidade da cor preta para recriar experi\u00eancias de pessoas negras, questiona a inser\u00e7\u00e3o desses corpos no sistema. Assim, ambos criam maneiras de tensionar e reconfigurar o que est\u00e1 socialmente estabelecido.<\/p>\n<p>Ao unir suas investiga\u00e7\u00f5es os artistas n\u00e3o apenas compartilham suas jornadas, mas tamb\u00e9m convidam o p\u00fablico a se engajar nesse di\u00e1logo, percorrendo a exposi\u00e7\u00e3o e interagindo com as obras. Dessa forma, a exposi\u00e7\u00e3o \u2018Entreato\u2019 transforma-se em um momento de celebra\u00e7\u00e3o e reflex\u00e3o sobre o percurso da gradua\u00e7\u00e3o. \u00c9 um espa\u00e7o para reconhecer e valorizar o progresso alcan\u00e7ado, apreciar as experi\u00eancias vividas e, simultaneamente, renovar as energias para o pr\u00f3ximo ato.<\/p>\n<p><strong>Coordena\u00e7\u00e3o:<\/strong><br \/>\nProjeto Piscin\u00e3o &#8211; Orientadoras: Prof.\u00aa Br\u00edgida Campbell e Prof.\u00aa Rachel Cec\u00edlia.<br \/>\nMonitoras: Isabella Rosendo e Laura Dias.<\/p>\n<p><strong>Ficha T\u00e9cnica:<\/strong><br \/>\nRealiza\u00e7\u00e3o: Colegiado do curso de Artes Visuais.<br \/>\nApoio: Centro Cultural UFMG.<br \/>\nCuradoria: Hugo Houayek e Projeto Piscin\u00e3o.<br \/>\nTexto Curatorial: Laura Dias.<\/p>\n<p>&nbsp;<\/p>\n<div id=\"cmsmasters_divider_6d10s6ghgh\" class=\"cmsmasters_divider cmsmasters_divider_width_long cmsmasters_divider_pos_center\"><\/div>\n<\/div><\/div>\n<\/div>\n<\/div>\n<\/div>\n<\/div>\n<\/div>\n<div id=\"cmsmasters_row_t3c22q9w6m\" class=\"cmsmasters_row cmsmasters_color_scheme_default cmsmasters_row_top_default cmsmasters_row_bot_default cmsmasters_row_boxed\">\n<div class=\"cmsmasters_row_outer_parent\">\n<div class=\"cmsmasters_row_outer\">\n<div class=\"cmsmasters_row_inner\">\n<div class=\"cmsmasters_row_margin\">\n<div id=\"cmsmasters_column_toijiibenl\" class=\"cmsmasters_column one_first\">\n<div class=\"cmsmasters_column_inner\"><div class=\"cmsmasters_text\">\n<p><strong>Exposi\u00e7\u00e3o \u2018Entreato\u2019 \u2013 Formandos em Artes Visuais da Escola de Belas Artes da UFMG \u2013 2024\/1<\/strong><br \/>\nAbertura: 23 de agosto de 2024 | \u00e0s 19h<br \/>\nVisita\u00e7\u00e3o: at\u00e9 o dia 29\/09\/2024<br \/>\nTer\u00e7as a sextas: 9h \u00e0s 20h<br \/>\nS\u00e1bados, domingos e feriados: 9h \u00e0s 17h<br \/>\nGrande Galeria<br \/>\nClassifica\u00e7\u00e3o indicativa: livre<br \/>\nEntrada gratuita<\/p>\n<p><span style=\"color: #0000ff;\"><strong><a style=\"color: #0000ff;\" href=\"https:\/\/www.google.com.br\/maps\/dir\/\/Av.+Santos+Dumont,+174+-+Centro,+Belo+Horizonte+-+MG,+30111-040\/@-19.9170546,-43.9360151,17z\/data=!4m6!4m5!1m0!1m2!1m1!1s0xa699fbd5aaae01:0xab4780c129fa0883!3e0\" target=\"_blank\" rel=\"noopener\">Consulte rotas e meios para chegar<\/a><\/strong><\/span><\/p>\n<\/div>\n<\/div><\/div>\n<\/div>\n<\/div>\n<\/div>\n<\/div>\n<\/div>\n<div id=\"cmsmasters_row_6kvmqaa7i\" class=\"cmsmasters_row cmsmasters_color_scheme_default cmsmasters_row_top_default cmsmasters_row_bot_default cmsmasters_row_boxed\">\n<div class=\"cmsmasters_row_outer_parent\">\n<div class=\"cmsmasters_row_outer\">\n<div class=\"cmsmasters_row_inner\">\n<div class=\"cmsmasters_row_margin\">\n<div id=\"cmsmasters_column_sf8b3oog58\" class=\"cmsmasters_column three_fourth\">\n<div class=\"cmsmasters_column_inner\"><div id=\"cmsmasters_notice_smk9h2u97i\" class=\"cmsmasters_notice cmsmasters_notice_warning cmsmasters-icon-check-1\">\n<a href=\"#\" class=\"notice_close cmsmasters_theme_icon_cancel\"><\/a><div class=\"notice_content\">\n<p>Lembre-se: \u00e9 recomend\u00e1vel o uso de m\u00e1scara nos espa\u00e7os do Centro Cultural UFMG mesmo para imunizados<\/p>\n<\/div>\n<\/div>\n<\/div><\/div>\n<div id=\"cmsmasters_column_ioy14g1s5h\" class=\"cmsmasters_column one_fourth\">\n<div class=\"cmsmasters_column_inner\"><\/div><\/div>\n<\/div>\n<\/div>\n<\/div>\n<\/div>\n<\/div>\n\n","protected":false},"excerpt":{"rendered":"","protected":false},"author":6,"featured_media":26073,"comment_status":"closed","ping_status":"closed","sticky":false,"template":"","format":"standard","meta":{"footnotes":""},"categories":[121,91],"tags":[163,135,160,264,122],"class_list":["post-26072","post","type-post","status-publish","format-standard","has-post-thumbnail","hentry","category-exposicoes","category-noticias","tag-arte","tag-artecontemporanea","tag-artesplasticas","tag-artesvisuais","tag-exposicao"],"_links":{"self":[{"href":"https:\/\/www.ufmg.br\/centrocultural\/wp-json\/wp\/v2\/posts\/26072","targetHints":{"allow":["GET"]}}],"collection":[{"href":"https:\/\/www.ufmg.br\/centrocultural\/wp-json\/wp\/v2\/posts"}],"about":[{"href":"https:\/\/www.ufmg.br\/centrocultural\/wp-json\/wp\/v2\/types\/post"}],"author":[{"embeddable":true,"href":"https:\/\/www.ufmg.br\/centrocultural\/wp-json\/wp\/v2\/users\/6"}],"replies":[{"embeddable":true,"href":"https:\/\/www.ufmg.br\/centrocultural\/wp-json\/wp\/v2\/comments?post=26072"}],"version-history":[{"count":4,"href":"https:\/\/www.ufmg.br\/centrocultural\/wp-json\/wp\/v2\/posts\/26072\/revisions"}],"predecessor-version":[{"id":26079,"href":"https:\/\/www.ufmg.br\/centrocultural\/wp-json\/wp\/v2\/posts\/26072\/revisions\/26079"}],"wp:featuredmedia":[{"embeddable":true,"href":"https:\/\/www.ufmg.br\/centrocultural\/wp-json\/wp\/v2\/media\/26073"}],"wp:attachment":[{"href":"https:\/\/www.ufmg.br\/centrocultural\/wp-json\/wp\/v2\/media?parent=26072"}],"wp:term":[{"taxonomy":"category","embeddable":true,"href":"https:\/\/www.ufmg.br\/centrocultural\/wp-json\/wp\/v2\/categories?post=26072"},{"taxonomy":"post_tag","embeddable":true,"href":"https:\/\/www.ufmg.br\/centrocultural\/wp-json\/wp\/v2\/tags?post=26072"}],"curies":[{"name":"wp","href":"https:\/\/api.w.org\/{rel}","templated":true}]}}