{"id":26097,"date":"2024-08-23T18:56:57","date_gmt":"2024-08-23T21:56:57","guid":{"rendered":"https:\/\/www.ufmg.br\/centrocultural\/?p=26097"},"modified":"2024-08-23T18:56:57","modified_gmt":"2024-08-23T21:56:57","slug":"comunicado","status":"publish","type":"post","link":"https:\/\/www.ufmg.br\/centrocultural\/comunicado\/","title":{"rendered":"Comunicado"},"content":{"rendered":"<p>S\u00e1bado, dia 24 de agosto de 2024, ser\u00e3o realizados servi\u00e7os de desinsetiza\u00e7\u00e3o, desratiza\u00e7\u00e3o e descupiniza\u00e7\u00e3o no Centro Cultural UFMG. Por seguran\u00e7a, o pr\u00e9dio ficar\u00e1 <strong>fechado para visita\u00e7\u00e3o<\/strong>. No domingo (25) o funcionamento segue das 9h \u00e0s 17h, conforme hor\u00e1rio habitual. Contamos com a compreens\u00e3o de todos.<\/p>\n","protected":false},"excerpt":{"rendered":"<p>S\u00e1bado, dia 24 de agosto de 2024, ser\u00e3o realizados servi\u00e7os de desinsetiza\u00e7\u00e3o, desratiza\u00e7\u00e3o e descupiniza\u00e7\u00e3o no Centro Cultural UFMG. Por seguran\u00e7a, o pr\u00e9dio ficar\u00e1 fechado para visita\u00e7\u00e3o. No domingo (25)&#8230;<\/p>\n","protected":false},"author":9,"featured_media":26095,"comment_status":"closed","ping_status":"closed","sticky":false,"template":"","format":"standard","meta":{"footnotes":""},"categories":[91],"tags":[],"class_list":["post-26097","post","type-post","status-publish","format-standard","has-post-thumbnail","hentry","category-noticias"],"_links":{"self":[{"href":"https:\/\/www.ufmg.br\/centrocultural\/wp-json\/wp\/v2\/posts\/26097","targetHints":{"allow":["GET"]}}],"collection":[{"href":"https:\/\/www.ufmg.br\/centrocultural\/wp-json\/wp\/v2\/posts"}],"about":[{"href":"https:\/\/www.ufmg.br\/centrocultural\/wp-json\/wp\/v2\/types\/post"}],"author":[{"embeddable":true,"href":"https:\/\/www.ufmg.br\/centrocultural\/wp-json\/wp\/v2\/users\/9"}],"replies":[{"embeddable":true,"href":"https:\/\/www.ufmg.br\/centrocultural\/wp-json\/wp\/v2\/comments?post=26097"}],"version-history":[{"count":1,"href":"https:\/\/www.ufmg.br\/centrocultural\/wp-json\/wp\/v2\/posts\/26097\/revisions"}],"predecessor-version":[{"id":26098,"href":"https:\/\/www.ufmg.br\/centrocultural\/wp-json\/wp\/v2\/posts\/26097\/revisions\/26098"}],"wp:featuredmedia":[{"embeddable":true,"href":"https:\/\/www.ufmg.br\/centrocultural\/wp-json\/wp\/v2\/media\/26095"}],"wp:attachment":[{"href":"https:\/\/www.ufmg.br\/centrocultural\/wp-json\/wp\/v2\/media?parent=26097"}],"wp:term":[{"taxonomy":"category","embeddable":true,"href":"https:\/\/www.ufmg.br\/centrocultural\/wp-json\/wp\/v2\/categories?post=26097"},{"taxonomy":"post_tag","embeddable":true,"href":"https:\/\/www.ufmg.br\/centrocultural\/wp-json\/wp\/v2\/tags?post=26097"}],"curies":[{"name":"wp","href":"https:\/\/api.w.org\/{rel}","templated":true}]}}