{"id":26099,"date":"2024-08-28T17:34:28","date_gmt":"2024-08-28T20:34:28","guid":{"rendered":"https:\/\/www.ufmg.br\/centrocultural\/?p=26099"},"modified":"2024-08-28T17:35:50","modified_gmt":"2024-08-28T20:35:50","slug":"setembro-amarelo-espetaculo-gaucho-aborda-saude-mental-na-adolescencia","status":"publish","type":"post","link":"https:\/\/www.ufmg.br\/centrocultural\/setembro-amarelo-espetaculo-gaucho-aborda-saude-mental-na-adolescencia\/","title":{"rendered":"Setembro Amarelo: espet\u00e1culo ga\u00facho aborda sa\u00fade mental na adolesc\u00eancia"},"content":{"rendered":"<div id=\"cmsmasters_row_byrp52m1lu\" class=\"cmsmasters_row cmsmasters_color_scheme_default cmsmasters_row_top_default cmsmasters_row_bot_default cmsmasters_row_boxed\">\n<div class=\"cmsmasters_row_outer_parent\">\n<div class=\"cmsmasters_row_outer\">\n<div class=\"cmsmasters_row_inner\">\n<div class=\"cmsmasters_row_margin\">\n<\/div>\n<\/div>\n<\/div>\n<\/div>\n<\/div>\n<div id=\"cmsmasters_column_i24cwt1pcl\" class=\"cmsmasters_column one_first\">\n<div class=\"cmsmasters_column_inner\"><\/div><\/div>\n<\/p>\n<div class=\"cmsmasters_sharing\">\n<div class=\"share_wrap\">\n<a href=\"https:\/\/twitter.com\/intent\/tweet?text=Check+out+%27Setembro+Amarelo%3A+espet%C3%A1culo+ga%C3%BAcho+aborda+sa%C3%BAde+mental+na+adolesc%C3%AAncia%27+on+Centro+Cultural++UFMG+website&url=https%3A%2F%2Fwww.ufmg.br%2Fcentrocultural%2Fsetembro-amarelo-espetaculo-gaucho-aborda-saude-mental-na-adolescencia%2F\" class=\"button cmsmasters-icon-twitter\">Twitter<\/a>\n<\/div>\n<div class=\"share_wrap\">\n<a href=\"https:\/\/www.facebook.com\/sharer\/sharer.php?display=popup&u=https%3A%2F%2Fwww.ufmg.br%2Fcentrocultural%2Fsetembro-amarelo-espetaculo-gaucho-aborda-saude-mental-na-adolescencia%2F\" class=\"button cmsmasters-icon-facebook\">Facebook<\/a>\n<\/div>\n<\/div>\n\n<p>Na sexta-feira, dia 06 de setembro de 2024, \u00e0s 18h30, o Centro Cultural UFMG recebe o grupo de teatro ga\u00facho <a href=\"https:\/\/www.instagram.com\/grupoprismapoa\/\">Prisma<\/a> para a apresenta\u00e7\u00e3o do espet\u00e1culo <strong>\u2018Sobre abrir os olhos e se fechar em mantos\u2019<\/strong>. A pe\u00e7a \u00e9 dirigida e produzida por Jean Gorziza, com dramaturgia de Bela Becker e Pedro Dargen. O evento integra o projeto Baixo Centro En[cena], como parte da programa\u00e7\u00e3o do Circuito Cultural UFMG. A entrada \u00e9 gratuita, com classifica\u00e7\u00e3o indicativa de 14 anos.<\/p>\n<ul>\n<li><strong><span style=\"color: #333399;\"><a style=\"color: #333399;\" href=\"https:\/\/api.whatsapp.com\/send?text=https:\/\/www.ufmg.br\/centrocultural\/setembro-amarelo-espetaculo-gaucho-aborda-saude-mental-na-adolescencia\/\" target=\"_blank\" rel=\"noopener\">Compartilhe no WhatsApp<\/a><\/span><\/strong><\/li>\n<li><strong><span style=\"color: #333399;\">C<a style=\"color: #333399;\" href=\"https:\/\/telegram.me\/share\/url?url=%20https:\/\/www.ufmg.br\/centrocultural\/setembro-amarelo-espetaculo-gaucho-aborda-saude-mental-na-adolescencia\/\" target=\"_blank\" rel=\"noopener\">ompartilhe no Telegram<\/a><\/span><\/strong><\/li>\n<\/ul>\n<p><strong>Sinopse<\/strong><\/p>\n<p>Em meio ao caos externo, e ao caos interno, o que fazer? Em cena, os artistas Bela Becker e Pedro Dargen exploram suas dores e mem\u00f3rias para retratar o sofrimento mental e a depress\u00e3o na adolesc\u00eancia. A partir de textos e relatos pessoais, o espet\u00e1culo questiona as conven\u00e7\u00f5es e os tabus relacionados \u00e0s doen\u00e7as ps\u00edquicas, suas motiva\u00e7\u00f5es e seus impactos, utilizando uma linguagem jovem que comp\u00f5e uma atmosfera particular para dialogar com o p\u00fablico acerca da quest\u00e3o. Em uma constru\u00e7\u00e3o que varia do l\u00edrico para o documental, \u2018Sobre abrir os olhos e se fechar em mantos\u2019 \u00e9 um recorte de tempo de dois jovens tentando descobrir como falar sobre seus sentimentos em rela\u00e7\u00e3o ao mundo e a si mesmos. Voc\u00ea consegue nos ouvir?<\/p>\n<p><strong>\u2018Sobre abrir os olhos e se fechar em mantos\u2019<\/strong><\/p>\n<p>A dramaturgia original de Bela Becker e Pedro Dargen \u00e9 um retrato do tempo e um relato da vida de dois jovens artistas sobre suas percep\u00e7\u00f5es a respeito do sofrimento ps\u00edquico. O processo de concep\u00e7\u00e3o foi iniciado em 2019, interrompido entre 2020 e 2021 em fun\u00e7\u00e3o da pandemia de Covid-19 e atualmente de volta aos palcos. Relida, modificada e atualizada, a pe\u00e7a \u00e9 uma esp\u00e9cie de manifesto destrinchado com sua estrutura exposta ao p\u00fablico, tendo em vista que a primeira vers\u00e3o foi escrita durante a adolesc\u00eancia dos autores\/atores, tornando-se documento hist\u00f3rico das narrativas dessas pessoas e da fragilidade de seus quadros de sa\u00fade mental naquele momento e agora.<\/p>\n<p>Os artistas, por meio da encena\u00e7\u00e3o do texto escrito em 2019, dirigidos por Jean Gorziza, projetam a si mesmos a partir de duas figuras, B e P, que se encontram fora deste espa\u00e7o-tempo e da nossa realidade. Ao observarem o mundo em ru\u00ednas \u00e0 sua volta, analisam suas exist\u00eancias ao mesmo tempo que revelam dores, anseios e cicatrizes. Simultaneamente, em outra perspectiva, os pr\u00f3prios atores revelam-se parte desses destro\u00e7os enquanto trazem viv\u00eancias experimentadas entre as idades de 13 e 17 anos, como tentativas de suic\u00eddio e depress\u00e3o.<\/p>\n<p>Esta apresenta\u00e7\u00e3o do espet\u00e1culo tem um car\u00e1ter in\u00e9dito, pois \u00e9 a primeira vez que o grupo Prisma circula para al\u00e9m dos palcos porto-alegrenses. Jean Gorziza, diretor e produtor do espet\u00e1culo, atualmente reside na cidade de Belo Horizonte, onde estuda Teatro na Universidade Federal de Minas Gerais. Ele expressa que a possibilidade de apresentar este espet\u00e1culo no m\u00eas de setembro \u2013 m\u00eas alusivo \u00e0 preven\u00e7\u00e3o ao suic\u00eddio \u2013 \u00e9 de um simbolismo tremendo. \u201cAcreditamos fortemente na import\u00e2ncia de difundir este trabalho como uma forma de abordar a tem\u00e1tica do sofrimento mental e da depress\u00e3o na adolesc\u00eancia, a partir de uma \u00f3tica das juventudes\u201d, relata Gorziza.<\/p>\n<p><strong>Grupo Prisma<\/strong><\/p>\n<p>Formado por Bela Becker, Jean Gorziza e Pedro Dargen, o grupo Prisma \u00e9 um coletivo de teatro jovem que completa cinco anos de atividades teatrais em 2024. Sua trajet\u00f3ria teve inicio em 2019, na capital ga\u00facha e desde ent\u00e3o vem desenvolvendo trabalhos para os palcos, espa\u00e7os urbanos e virtuais. Foi indicado ao 21\u00ba Pr\u00eamio Cenym de Teatro Nacional como Melhor Grupo de Teatro de 2022 pelo espet\u00e1culo \u2018Sobre abrir os olhos e se fechar em mantos\u2019. Atualmente vem expandindo seus projetos em uma ponte Porto Alegre-Belo Horizonte.<\/p>\n<p>O <strong>Baixo Centro En[cena]<\/strong> faz parte do Circuito Cultural UFMG, um projeto da Pr\u00f3-Reitoria de Cultura da UFMG, por meio do qual artistas locais, regionais e de relev\u00e2ncia nacional e internacional se apresentam para a comunidade. O objetivo principal \u00e9 promover a articula\u00e7\u00e3o, intera\u00e7\u00e3o e\u00a0interlocu\u00e7\u00e3o entre todos os espa\u00e7os culturais vinculados \u00e0 PROCULT, potencializando a integra\u00e7\u00e3o das a\u00e7\u00f5es art\u00edstico-culturais da UFMG. Todas as atividades s\u00e3o gratuitas e abertas para a comunidade externa.<\/p>\n<p><strong>Espet\u00e1culo \u2018Sobre abrir os olhos e se fechar em mantos\u2019 \u2013 Grupo Prisma<\/strong><br \/>\nData: 06\/09\/2024 (sexta-feira)<br \/>\nHor\u00e1rio: 18h30<br \/>\nDura\u00e7\u00e3o: 75 minutos<br \/>\nLocal: audit\u00f3rio do Centro Cultural UFMG<br \/>\nEntrada gratuita<br \/>\nClassifica\u00e7\u00e3o indicativa: 14 anos (trata de assuntos como suic\u00eddio, depress\u00e3o e sofrimento mental, que podem ser sens\u00edveis para alguns p\u00fablicos. Caso essas tem\u00e1ticas sejam pass\u00edveis de gatilho, n\u00e3o recomendamos que assista ao espet\u00e1culo.).<\/p>\n<p><span style=\"color: #0000ff;\"><strong><a style=\"color: #0000ff;\" href=\"https:\/\/www.google.com.br\/maps\/dir\/\/Av.+Santos+Dumont,+174+-+Centro,+Belo+Horizonte+-+MG,+30111-040\/@-19.9170546,-43.9360151,17z\/data=!4m6!4m5!1m0!1m2!1m1!1s0xa699fbd5aaae01:0xab4780c129fa0883!3e0\" target=\"_blank\" rel=\"noopener\">Consulte rotas e meios para chegar<\/a><\/strong><\/span><\/p>\n","protected":false},"excerpt":{"rendered":"<p>Na sexta-feira, dia 06 de setembro de 2024, \u00e0s 18h30, o Centro Cultural UFMG recebe o grupo de teatro ga\u00facho Prisma para a apresenta\u00e7\u00e3o do espet\u00e1culo \u2018Sobre abrir os olhos&#8230;<\/p>\n","protected":false},"author":9,"featured_media":26100,"comment_status":"closed","ping_status":"closed","sticky":false,"template":"","format":"standard","meta":{"footnotes":""},"categories":[165,166],"tags":[],"class_list":["post-26099","post","type-post","status-publish","format-standard","has-post-thumbnail","hentry","category-espetaculos","category-teatro"],"_links":{"self":[{"href":"https:\/\/www.ufmg.br\/centrocultural\/wp-json\/wp\/v2\/posts\/26099","targetHints":{"allow":["GET"]}}],"collection":[{"href":"https:\/\/www.ufmg.br\/centrocultural\/wp-json\/wp\/v2\/posts"}],"about":[{"href":"https:\/\/www.ufmg.br\/centrocultural\/wp-json\/wp\/v2\/types\/post"}],"author":[{"embeddable":true,"href":"https:\/\/www.ufmg.br\/centrocultural\/wp-json\/wp\/v2\/users\/9"}],"replies":[{"embeddable":true,"href":"https:\/\/www.ufmg.br\/centrocultural\/wp-json\/wp\/v2\/comments?post=26099"}],"version-history":[{"count":3,"href":"https:\/\/www.ufmg.br\/centrocultural\/wp-json\/wp\/v2\/posts\/26099\/revisions"}],"predecessor-version":[{"id":26103,"href":"https:\/\/www.ufmg.br\/centrocultural\/wp-json\/wp\/v2\/posts\/26099\/revisions\/26103"}],"wp:featuredmedia":[{"embeddable":true,"href":"https:\/\/www.ufmg.br\/centrocultural\/wp-json\/wp\/v2\/media\/26100"}],"wp:attachment":[{"href":"https:\/\/www.ufmg.br\/centrocultural\/wp-json\/wp\/v2\/media?parent=26099"}],"wp:term":[{"taxonomy":"category","embeddable":true,"href":"https:\/\/www.ufmg.br\/centrocultural\/wp-json\/wp\/v2\/categories?post=26099"},{"taxonomy":"post_tag","embeddable":true,"href":"https:\/\/www.ufmg.br\/centrocultural\/wp-json\/wp\/v2\/tags?post=26099"}],"curies":[{"name":"wp","href":"https:\/\/api.w.org\/{rel}","templated":true}]}}