{"id":26142,"date":"2024-09-20T11:22:45","date_gmt":"2024-09-20T14:22:45","guid":{"rendered":"https:\/\/www.ufmg.br\/centrocultural\/?p=26142"},"modified":"2024-09-20T11:43:22","modified_gmt":"2024-09-20T14:43:22","slug":"obras-de-nana-coelho-exprimem-provocacoes-que-pulsam-dentro-de-si","status":"publish","type":"post","link":"https:\/\/www.ufmg.br\/centrocultural\/obras-de-nana-coelho-exprimem-provocacoes-que-pulsam-dentro-de-si\/","title":{"rendered":"Obras de Nana Coelho exprimem provoca\u00e7\u00f5es que pulsam dentro de si"},"content":{"rendered":"<div id=\"cmsmasters_row_byrp52m1lu\" class=\"cmsmasters_row cmsmasters_color_scheme_default cmsmasters_row_top_default cmsmasters_row_bot_default cmsmasters_row_boxed\">\n<div class=\"cmsmasters_row_outer_parent\">\n<div class=\"cmsmasters_row_outer\">\n<div class=\"cmsmasters_row_inner\">\n<div class=\"cmsmasters_row_margin\">\n<div id=\"cmsmasters_column_i24cwt1pcl\" class=\"cmsmasters_column one_first\">\n<div class=\"cmsmasters_column_inner\">\n<div class=\"cmsmasters_sharing\">\n<div class=\"share_wrap\">\n<a href=\"https:\/\/twitter.com\/intent\/tweet?text=Check+out+%27Obras+de+Nana+Coelho+exprimem+provoca%C3%A7%C3%B5es+que+pulsam+dentro+de+si%27+on+Centro+Cultural++UFMG+website&url=https%3A%2F%2Fwww.ufmg.br%2Fcentrocultural%2Fobras-de-nana-coelho-exprimem-provocacoes-que-pulsam-dentro-de-si%2F\" class=\"button cmsmasters-icon-twitter\">Twitter<\/a>\n<\/div>\n<div class=\"share_wrap\">\n<a href=\"https:\/\/www.facebook.com\/sharer\/sharer.php?display=popup&u=https%3A%2F%2Fwww.ufmg.br%2Fcentrocultural%2Fobras-de-nana-coelho-exprimem-provocacoes-que-pulsam-dentro-de-si%2F\" class=\"button cmsmasters-icon-facebook\">Facebook<\/a>\n<\/div>\n<\/div>\n<\/div><\/div>\n<\/div>\n<\/div>\n<\/div>\n<\/div>\n<\/div>\n<div id=\"cmsmasters_row_\" class=\"cmsmasters_row cmsmasters_color_scheme_default cmsmasters_row_top_default cmsmasters_row_bot_default cmsmasters_row_boxed\">\n<div class=\"cmsmasters_row_outer_parent\">\n<div class=\"cmsmasters_row_outer\">\n<div class=\"cmsmasters_row_inner\">\n<div class=\"cmsmasters_row_margin\">\n<div id=\"cmsmasters_column_\" class=\"cmsmasters_column one_first\">\n<div class=\"cmsmasters_column_inner\"><div class=\"cmsmasters_text\">\n<\/div>\n<p>O Centro Cultural UFMG convida para a abertura da exposi\u00e7\u00e3o individual <strong>\u2018S\u00f3 mais uma das coisas\u2019<\/strong>, da artista visual <strong>Nana Coelho<\/strong>. A mostra combina pintura, gravura e instala\u00e7\u00e3o escult\u00f3rica, instigando o p\u00fablico a explorar a ang\u00fastia da autorreflex\u00e3o, o del\u00edrio em querer e os caminhos do sentir. O evento acontece no dia 27 de setembro de 2024, sexta-feira, \u00e0s 19 horas. As obras poder\u00e3o ser vistas at\u00e9 27 de outubro de 2024. A entrada \u00e9 gratuita e tem classifica\u00e7\u00e3o livre.<\/p>\n<ul>\n<li><strong><span style=\"color: #333399;\"><a style=\"color: #333399;\" href=\"https:\/\/api.whatsapp.com\/send?text=https:\/\/www.ufmg.br\/centrocultural\/obras-de-nana-coelho-exprimem-provocacoes-que-pulsam-dentro-de-si\" target=\"_blank\" rel=\"noopener\">Compartilhe no WhatsApp<\/a><\/span><\/strong><\/li>\n<li><strong><span style=\"color: #333399;\">C<a style=\"color: #333399;\" href=\"https:\/\/telegram.me\/share\/url?url=%20https:\/\/www.ufmg.br\/centrocultural\/obras-de-nana-coelho-exprimem-provocacoes-que-pulsam-dentro-de-si\" target=\"_blank\" rel=\"noopener\">ompartilhe no Telegram<\/a><\/span><\/strong><\/li>\n<\/ul>\n<p><strong>\u2018S\u00f3 mais uma das coisas\u2019 \u2013 por Nana Coelho<\/strong><\/p>\n<p>Sentir enlouquece<br \/>\nSer pego sentindo te deixa despido<\/p>\n<p>Nas paisagens quebradas e espelhos distorcidos habitam meu desejo de algo que n\u00e3o pode ser colocado em palavras. Uma idealiza\u00e7\u00e3o fant\u00e1stica de tudo que n\u00e3o posso ter, as emo\u00e7\u00f5es que n\u00e3o consigo sentir. Eu me pego pensando que, se pintasse por vezes suficientes, talvez encontrasse quem eu sou de verdade em um desses reflexos. Vejo, atrav\u00e9s do vidro, uma janela para um lugar al\u00e9m de mim e te convido a observar cada tela, como um portal para algo al\u00e9m de n\u00f3s.<\/p>\n<p>Olhe para o c\u00e9u e se perca entre as \u00e1rvores, sinta o cheiro das flores e a est\u00e1tica da tempestade. Quero me sentir conectada com a terra, mesmo presa nessa selva de pedra que chamamos de cidade. Existe poder infinito em cada imagem, que manifesta ideias em realidade; eu vejo magia na arte. S\u00e3o rastros de desejos, ecos de desesperos, que se mostram a quem procura ver. Uma linguagem de s\u00edmbolos e rituais, que explora o sens\u00edvel, o incomunic\u00e1vel. Portas para o passado, janelas para o futuro e mem\u00f3rias que j\u00e1 n\u00e3o sei mais se s\u00e3o minhas ou imaginadas.<\/p>\n<p>Somente a imagem n\u00e3o comporta tudo isso, ent\u00e3o ela transborda em objeto. Coisas que crio e outras que coleto como parte tamb\u00e9m da materializa\u00e7\u00e3o do que \u00e9 sonhado. S\u00e3o flores que vejo nascer, crescer e morrer. Elas secam e fossilizam, como a terra que sangra, queima e vira cer\u00e2mica. \u00c1rvores que cortei para decompor em papel, apenas para reconstruir em uma outra \u00e1rvore que j\u00e1 nem respira. Para sempre preservadas e irreparavelmente mortas, na \u00e2nsia de permanecer esquecemo-nos de apenas ser. Na vontade de existir, me prendo com garras e dentes a s\u00f3 mais uma das coisas, que me lembram outras, e outras, e outras.<\/p>\n<p>Nessa exposi\u00e7\u00e3o que combina pintura, gravura e instala\u00e7\u00e3o escult\u00f3rica, explore a ang\u00fastia da autorreflex\u00e3o, o del\u00edrio em querer e os caminhos do sentir.<\/p>\n<p><strong>Sobre a artista<\/strong><\/p>\n<p><strong>Nana Coelho<\/strong> \u00e9 uma jovem artista de 24 anos, natural de Belo Horizonte, Minas Gerais, concluindo sua forma\u00e7\u00e3o em Artes Visuais pela Universidade Federal de Minas Gerais. Com foco em pintura, seu trabalho tamb\u00e9m passeia pelos \u00e2mbitos da gravura, escultura e instala\u00e7\u00e3o. Os temas de suas produ\u00e7\u00f5es v\u00e3o desde a profunda reflex\u00e3o no autorretrato, pensando corpo, g\u00eanero e identidade, at\u00e9 a catarse da paisagem e a dualidade entre natureza e cidade. Costurando-se entre tudo isso, est\u00e1 o pensamento dos rituais e a simbologia da bruxaria como arte e linguagem, que descreve sua rela\u00e7\u00e3o com o mundo e leva o espectador ao limbo entre o real e o imaginado, o desejo e o desespero.<\/p>\n<div id=\"cmsmasters_divider_6d10s6ghgh\" class=\"cmsmasters_divider cmsmasters_divider_width_long cmsmasters_divider_pos_center\"><\/div>\n<\/div><\/div>\n<\/div>\n<\/div>\n<\/div>\n<\/div>\n<\/div>\n<div id=\"cmsmasters_row_t3c22q9w6m\" class=\"cmsmasters_row cmsmasters_color_scheme_default cmsmasters_row_top_default cmsmasters_row_bot_default cmsmasters_row_boxed\">\n<div class=\"cmsmasters_row_outer_parent\">\n<div class=\"cmsmasters_row_outer\">\n<div class=\"cmsmasters_row_inner\">\n<div class=\"cmsmasters_row_margin\">\n<div id=\"cmsmasters_column_toijiibenl\" class=\"cmsmasters_column one_first\">\n<div class=\"cmsmasters_column_inner\"><div class=\"cmsmasters_text\">\n<p><strong>Exposi\u00e7\u00e3o \u2018S\u00f3 mais uma das coisas\u2019 \u2013 Nana Coelho<\/strong><br \/>\nAbertura: 27 de setembro de 2024 | \u00e0s 19h<br \/>\nVisita\u00e7\u00e3o: at\u00e9 o dia 27\/10\/2024<br \/>\nTer\u00e7as a sextas: 9h \u00e0s 20h<br \/>\nS\u00e1bados, domingos e feriados: 9h \u00e0s 17h<br \/>\nSala Ana Horta<br \/>\nClassifica\u00e7\u00e3o indicativa: livre<br \/>\nEntrada gratuita<\/p>\n<p><span style=\"color: #0000ff;\"><strong><a style=\"color: #0000ff;\" href=\"https:\/\/www.google.com.br\/maps\/dir\/\/Av.+Santos+Dumont,+174+-+Centro,+Belo+Horizonte+-+MG,+30111-040\/@-19.9170546,-43.9360151,17z\/data=!4m6!4m5!1m0!1m2!1m1!1s0xa699fbd5aaae01:0xab4780c129fa0883!3e0\" target=\"_blank\" rel=\"noopener\">Consulte rotas e meios para chegar<\/a><\/strong><\/span><\/p>\n<\/div>\n<\/div><\/div>\n<\/div>\n<\/div>\n<\/div>\n<\/div>\n<\/div>\n<div id=\"cmsmasters_row_6kvmqaa7i\" class=\"cmsmasters_row cmsmasters_color_scheme_default cmsmasters_row_top_default cmsmasters_row_bot_default cmsmasters_row_boxed\">\n<div class=\"cmsmasters_row_outer_parent\">\n<div class=\"cmsmasters_row_outer\">\n<div class=\"cmsmasters_row_inner\">\n<div class=\"cmsmasters_row_margin\">\n<div id=\"cmsmasters_column_sf8b3oog58\" class=\"cmsmasters_column three_fourth\">\n<div class=\"cmsmasters_column_inner\"><div id=\"cmsmasters_notice_smk9h2u97i\" class=\"cmsmasters_notice cmsmasters_notice_warning cmsmasters-icon-check-1\">\n<a href=\"#\" class=\"notice_close cmsmasters_theme_icon_cancel\"><\/a><div class=\"notice_content\">\n<p>Lembre-se: \u00e9 recomend\u00e1vel o uso de m\u00e1scara nos espa\u00e7os do Centro Cultural UFMG mesmo para imunizados<\/p>\n<\/div>\n<\/div>\n<\/div><\/div>\n<div id=\"cmsmasters_column_ioy14g1s5h\" class=\"cmsmasters_column one_fourth\">\n<div class=\"cmsmasters_column_inner\"><\/div><\/div>\n<\/div>\n<\/div>\n<\/div>\n<\/div>\n<\/div>\n\n","protected":false},"excerpt":{"rendered":"","protected":false},"author":6,"featured_media":26144,"comment_status":"closed","ping_status":"closed","sticky":false,"template":"","format":"standard","meta":{"footnotes":""},"categories":[121,91],"tags":[163,160,264,122],"class_list":["post-26142","post","type-post","status-publish","format-standard","has-post-thumbnail","hentry","category-exposicoes","category-noticias","tag-arte","tag-artesplasticas","tag-artesvisuais","tag-exposicao"],"_links":{"self":[{"href":"https:\/\/www.ufmg.br\/centrocultural\/wp-json\/wp\/v2\/posts\/26142","targetHints":{"allow":["GET"]}}],"collection":[{"href":"https:\/\/www.ufmg.br\/centrocultural\/wp-json\/wp\/v2\/posts"}],"about":[{"href":"https:\/\/www.ufmg.br\/centrocultural\/wp-json\/wp\/v2\/types\/post"}],"author":[{"embeddable":true,"href":"https:\/\/www.ufmg.br\/centrocultural\/wp-json\/wp\/v2\/users\/6"}],"replies":[{"embeddable":true,"href":"https:\/\/www.ufmg.br\/centrocultural\/wp-json\/wp\/v2\/comments?post=26142"}],"version-history":[{"count":4,"href":"https:\/\/www.ufmg.br\/centrocultural\/wp-json\/wp\/v2\/posts\/26142\/revisions"}],"predecessor-version":[{"id":26148,"href":"https:\/\/www.ufmg.br\/centrocultural\/wp-json\/wp\/v2\/posts\/26142\/revisions\/26148"}],"wp:featuredmedia":[{"embeddable":true,"href":"https:\/\/www.ufmg.br\/centrocultural\/wp-json\/wp\/v2\/media\/26144"}],"wp:attachment":[{"href":"https:\/\/www.ufmg.br\/centrocultural\/wp-json\/wp\/v2\/media?parent=26142"}],"wp:term":[{"taxonomy":"category","embeddable":true,"href":"https:\/\/www.ufmg.br\/centrocultural\/wp-json\/wp\/v2\/categories?post=26142"},{"taxonomy":"post_tag","embeddable":true,"href":"https:\/\/www.ufmg.br\/centrocultural\/wp-json\/wp\/v2\/tags?post=26142"}],"curies":[{"name":"wp","href":"https:\/\/api.w.org\/{rel}","templated":true}]}}