{"id":26150,"date":"2024-09-20T16:08:35","date_gmt":"2024-09-20T19:08:35","guid":{"rendered":"https:\/\/www.ufmg.br\/centrocultural\/?p=26150"},"modified":"2024-09-20T16:08:35","modified_gmt":"2024-09-20T19:08:35","slug":"obras-de-samuel-maria-sao-delineadas-pela-simbologia-da-terra","status":"publish","type":"post","link":"https:\/\/www.ufmg.br\/centrocultural\/obras-de-samuel-maria-sao-delineadas-pela-simbologia-da-terra\/","title":{"rendered":"Obras de Samuel Maria s\u00e3o delineadas pela simbologia da terra"},"content":{"rendered":"<div id=\"cmsmasters_row_byrp52m1lu\" class=\"cmsmasters_row cmsmasters_color_scheme_default cmsmasters_row_top_default cmsmasters_row_bot_default cmsmasters_row_boxed\">\n<div class=\"cmsmasters_row_outer_parent\">\n<div class=\"cmsmasters_row_outer\">\n<div class=\"cmsmasters_row_inner\">\n<div class=\"cmsmasters_row_margin\">\n<div id=\"cmsmasters_column_i24cwt1pcl\" class=\"cmsmasters_column one_first\">\n<div class=\"cmsmasters_column_inner\">\n<div class=\"cmsmasters_sharing\">\n<div class=\"share_wrap\">\n<a href=\"https:\/\/twitter.com\/intent\/tweet?text=Check+out+%27Obras+de+Samuel+Maria+s%C3%A3o+delineadas+pela+simbologia+da+terra%27+on+Centro+Cultural++UFMG+website&url=https%3A%2F%2Fwww.ufmg.br%2Fcentrocultural%2Fobras-de-samuel-maria-sao-delineadas-pela-simbologia-da-terra%2F\" class=\"button cmsmasters-icon-twitter\">Twitter<\/a>\n<\/div>\n<div class=\"share_wrap\">\n<a href=\"https:\/\/www.facebook.com\/sharer\/sharer.php?display=popup&u=https%3A%2F%2Fwww.ufmg.br%2Fcentrocultural%2Fobras-de-samuel-maria-sao-delineadas-pela-simbologia-da-terra%2F\" class=\"button cmsmasters-icon-facebook\">Facebook<\/a>\n<\/div>\n<\/div>\n<\/div><\/div>\n<\/div>\n<\/div>\n<\/div>\n<\/div>\n<\/div>\n<div id=\"cmsmasters_row_\" class=\"cmsmasters_row cmsmasters_color_scheme_default cmsmasters_row_top_default cmsmasters_row_bot_default cmsmasters_row_boxed\">\n<div class=\"cmsmasters_row_outer_parent\">\n<div class=\"cmsmasters_row_outer\">\n<div class=\"cmsmasters_row_inner\">\n<div class=\"cmsmasters_row_margin\">\n<div id=\"cmsmasters_column_\" class=\"cmsmasters_column one_first\">\n<div class=\"cmsmasters_column_inner\"><div class=\"cmsmasters_text\">\n<\/div>\n<p>O Centro Cultural UFMG convida para a abertura da exposi\u00e7\u00e3o individual <strong>\u2018N\u00f3s viemos da lama, n\u00e3o podemos morrer longe do rio\u2019<\/strong>, do artista visual <strong>Samuel Maria<\/strong>. A mostra re\u00fane pinturas e produ\u00e7\u00f5es a partir do protagonismo da terra, retomando as primeiras formas do fazer art\u00edstico rupestre, em que os pigmentos s\u00e3o extra\u00eddos do pr\u00f3prio ch\u00e3o, resgatando a import\u00e2ncia do que \u00e9 natural. O evento acontece no dia 27 de setembro de 2024, sexta-feira, \u00e0s 19 horas. As obras poder\u00e3o ser vistas at\u00e9 27 de outubro de 2024. A entrada \u00e9 gratuita e tem classifica\u00e7\u00e3o livre.<\/p>\n<ul>\n<li><strong><span style=\"color: #333399;\"><a style=\"color: #333399;\" href=\"https:\/\/api.whatsapp.com\/send?text=https:\/\/www.ufmg.br\/centrocultural\/obras-de-samuel-maria-sao-delineadas-pela-simbologia-da-terra\" target=\"_blank\" rel=\"noopener\">Compartilhe no WhatsApp<\/a><\/span><\/strong><\/li>\n<li><strong><span style=\"color: #333399;\">C<a style=\"color: #333399;\" href=\"https:\/\/telegram.me\/share\/url?url=%20https:\/\/www.ufmg.br\/centrocultural\/obras-de-samuel-maria-sao-delineadas-pela-simbologia-da-terra\" target=\"_blank\" rel=\"noopener\">ompartilhe no Telegram<\/a><\/span><\/strong><\/li>\n<\/ul>\n<p><strong>\u2018N\u00f3s viemos da lama, n\u00e3o podemos morrer longe do rio\u2019 \u2013 por Samuel Maria<\/strong><\/p>\n<p>Quando falo de quem sou, antes de tudo, falo que sou ribeirinho. Culturalmente e experiencialmente fui moldado pelo Rio Pomba, em Cataguases e carrego no corpo e na mem\u00f3ria as marcas da \u00e1gua, da terra, da vida na beira de um rio, com todo o amor e com toda a po\u00e9tica, mas tamb\u00e9m com todas as tristezas e mazelas. Cresci vendo o rio correr atr\u00e1s de casa e, ano ap\u00f3s ano, vendo-o entrar e alagar tudo.<\/p>\n<p>Hoje, usando a arte como quest\u00e3o disparadora de poss\u00edveis afetos no olhar sobre a terra, imagino justamente a pr\u00f3pria terra sendo protagonista do debate, j\u00e1 que carrega em si todas as po\u00e9ticas e possibilidades geradoras de mudan\u00e7a. Dessa maneira, retomo parte das primeiras formas do fazer art\u00edstico rupestre, uso as cores das terras que me fizeram para pintar a paisagem que me cerca, com todas as suas belezas e com todas as suas problem\u00e1ticas. Insistindo em voltar para o ch\u00e3o, reivindico a import\u00e2ncia do que \u00e9 natural, deixando de lado a vis\u00e3o portuguesa de mundo, na qual tudo seja feito em prol do pre\u00e7o e lucro.<\/p>\n<p>Muitos processos envolvem a produ\u00e7\u00e3o da pr\u00f3pria tinta, inclusive que v\u00e3o de encontro \u00e0 forma como a sociedade encara o tempo. Nessa dilata\u00e7\u00e3o temporal anticapitalista, a coleta, o tratamento e a pintura s\u00e3o parte de algo que j\u00e1 \u00e9 pensamento art\u00edstico. Na coleta, existe tanto arte quanto pol\u00edtica, a busca pela terra, a viv\u00eancia na montanha, no brejo, no rio, tudo isso \u00e9 libertador e contraventor. A produ\u00e7\u00e3o do artista como m\u00e1quina de resultados \u00e9 deixada de lado e d\u00e1 lugar a uma rela\u00e7\u00e3o mais \u00edntima e cuidadosa.<\/p>\n<p>Atualmente, pesquiso sobre as cores das terras mineiras e suas possibilidades art\u00edsticas, as rela\u00e7\u00f5es socioambientais que envolvem nosso ch\u00e3o e rios, o relevo e as caracter\u00edsticas geogr\u00e1ficas, al\u00e9m do impacto da minera\u00e7\u00e3o sobre o solo e sua influ\u00eancia na transforma\u00e7\u00e3o da paisagem local.<\/p>\n<p>Olhar para a terra \u00e9 tamb\u00e9m olhar para quem somos. Toda terra conta uma hist\u00f3ria, com as marcas que s\u00e3o dela e toda pessoa carrega em si as cicatrizes do que foram. Quando falo da terra, falo do \u00edntimo, das entranhas, das hist\u00f3rias que vivi na inf\u00e2ncia ao lado do rio, das coisas que me moldaram, mas tamb\u00e9m falo de um povo, do povo ribeirinho, dos que tiveram suas casas invadidas pelas \u00e1guas, que s\u00e3o usadas pelo sistema capitalista como mercadoria.<\/p>\n<p>As obras apresentadas s\u00e3o fruto de uma pesquisa sobre as cores da terra da Serra do Curral, em Belo Horizonte, sobre a topografia e as rela\u00e7\u00f5es sociais que envolvem a serra.<\/p>\n<p>Precisamos levar o debate acerca da destrui\u00e7\u00e3o da terra para todos os lugares. A minera\u00e7\u00e3o irrespons\u00e1vel que devasta o Brasil todos os dias e j\u00e1 desencadeou in\u00fameras trag\u00e9dias segue hoje sendo o maior problema que temos pela frente. Atrav\u00e9s da arte percorro o caminho entre as belezas naturais e as tens\u00f5es causadas pela ind\u00fastria, essa linha t\u00eanue que vem formando quem eu sou.<\/p>\n<p><strong>Sobre o artista<\/strong><\/p>\n<p><strong>Samuel Maria<\/strong> \u00e9 artista visual natural de Cataguases, interior da Zona da Mata mineira, graduando em Artes Visuais pela Escola de Belas Artes da UFMG. Sua pesquisa perpassa pela intimidade com as paisagens mineiras, as cores das terras da regi\u00e3o e a liga\u00e7\u00e3o intensa com o Rio Pomba, que corre atr\u00e1s da casa que cresceu. Dos trabalhos recentes, destacam-se o \u2018Pr\u00eamio Barueri de Artes Visuais\u2019, em 2023, onde foi contemplado na categoria pintura; a exposi\u00e7\u00e3o individual \u2018Sabi\u00e1\u2019, no Centro Cultural Humberto Mauro em Cataguases, em 2023; a coletiva \u2018XVIII Sal\u00e3o Municipal de Artes Pl\u00e1sticas de Jo\u00e3o Pessoa\u2019, em 2024; al\u00e9m das resid\u00eancias art\u00edsticas \u2018Ecologia Insurgente na Cidade Organismo\u2019 com o grupo Imagina\u00e7\u00e3o Comum, na Funarte, em 2024 e \u2018Imers\u00e3o de Cria\u00e7\u00e3o\u2019 com o grupo Imagina\u00e7\u00e3o Comum, no JACA, em 2023.<\/p>\n<div id=\"cmsmasters_divider_6d10s6ghgh\" class=\"cmsmasters_divider cmsmasters_divider_width_long cmsmasters_divider_pos_center\"><\/div>\n<\/div><\/div>\n<\/div>\n<\/div>\n<\/div>\n<\/div>\n<\/div>\n<div id=\"cmsmasters_row_t3c22q9w6m\" class=\"cmsmasters_row cmsmasters_color_scheme_default cmsmasters_row_top_default cmsmasters_row_bot_default cmsmasters_row_boxed\">\n<div class=\"cmsmasters_row_outer_parent\">\n<div class=\"cmsmasters_row_outer\">\n<div class=\"cmsmasters_row_inner\">\n<div class=\"cmsmasters_row_margin\">\n<div id=\"cmsmasters_column_toijiibenl\" class=\"cmsmasters_column one_first\">\n<div class=\"cmsmasters_column_inner\"><div class=\"cmsmasters_text\">\n<p><strong>Exposi\u00e7\u00e3o \u2018N\u00f3s viemos da lama, n\u00e3o podemos morrer longe do rio\u2019 \u2013 Samuel Maria<\/strong><br \/>\nAbertura: 27 de setembro de 2024 | \u00e0s 19h<br \/>\nVisita\u00e7\u00e3o: at\u00e9 o dia 27\/10\/2024<br \/>\nTer\u00e7as a sextas: 9h \u00e0s 20h<br \/>\nS\u00e1bados, domingos e feriados: 9h \u00e0s 17h<br \/>\nSala Celso Renato de Lima<br \/>\nClassifica\u00e7\u00e3o indicativa: livre<br \/>\nEntrada gratuita<\/p>\n<p><span style=\"color: #0000ff;\"><strong><a style=\"color: #0000ff;\" href=\"https:\/\/www.google.com.br\/maps\/dir\/\/Av.+Santos+Dumont,+174+-+Centro,+Belo+Horizonte+-+MG,+30111-040\/@-19.9170546,-43.9360151,17z\/data=!4m6!4m5!1m0!1m2!1m1!1s0xa699fbd5aaae01:0xab4780c129fa0883!3e0\" target=\"_blank\" rel=\"noopener\">Consulte rotas e meios para chegar<\/a><\/strong><\/span><\/p>\n<\/div>\n<\/div><\/div>\n<\/div>\n<\/div>\n<\/div>\n<\/div>\n<\/div>\n<div id=\"cmsmasters_row_6kvmqaa7i\" class=\"cmsmasters_row cmsmasters_color_scheme_default cmsmasters_row_top_default cmsmasters_row_bot_default cmsmasters_row_boxed\">\n<div class=\"cmsmasters_row_outer_parent\">\n<div class=\"cmsmasters_row_outer\">\n<div class=\"cmsmasters_row_inner\">\n<div class=\"cmsmasters_row_margin\">\n<div id=\"cmsmasters_column_sf8b3oog58\" class=\"cmsmasters_column three_fourth\">\n<div class=\"cmsmasters_column_inner\"><div id=\"cmsmasters_notice_smk9h2u97i\" class=\"cmsmasters_notice cmsmasters_notice_warning cmsmasters-icon-check-1\">\n<a href=\"#\" class=\"notice_close cmsmasters_theme_icon_cancel\"><\/a><div class=\"notice_content\">\n<p>Lembre-se: \u00e9 recomend\u00e1vel o uso de m\u00e1scara nos espa\u00e7os do Centro Cultural UFMG mesmo para imunizados<\/p>\n<\/div>\n<\/div>\n<\/div><\/div>\n<div id=\"cmsmasters_column_ioy14g1s5h\" class=\"cmsmasters_column one_fourth\">\n<div class=\"cmsmasters_column_inner\"><\/div><\/div>\n<\/div>\n<\/div>\n<\/div>\n<\/div>\n<\/div>\n\n","protected":false},"excerpt":{"rendered":"","protected":false},"author":6,"featured_media":26152,"comment_status":"closed","ping_status":"closed","sticky":false,"template":"","format":"standard","meta":{"footnotes":""},"categories":[121,91],"tags":[163,135,160,264,122],"class_list":["post-26150","post","type-post","status-publish","format-standard","has-post-thumbnail","hentry","category-exposicoes","category-noticias","tag-arte","tag-artecontemporanea","tag-artesplasticas","tag-artesvisuais","tag-exposicao"],"_links":{"self":[{"href":"https:\/\/www.ufmg.br\/centrocultural\/wp-json\/wp\/v2\/posts\/26150","targetHints":{"allow":["GET"]}}],"collection":[{"href":"https:\/\/www.ufmg.br\/centrocultural\/wp-json\/wp\/v2\/posts"}],"about":[{"href":"https:\/\/www.ufmg.br\/centrocultural\/wp-json\/wp\/v2\/types\/post"}],"author":[{"embeddable":true,"href":"https:\/\/www.ufmg.br\/centrocultural\/wp-json\/wp\/v2\/users\/6"}],"replies":[{"embeddable":true,"href":"https:\/\/www.ufmg.br\/centrocultural\/wp-json\/wp\/v2\/comments?post=26150"}],"version-history":[{"count":2,"href":"https:\/\/www.ufmg.br\/centrocultural\/wp-json\/wp\/v2\/posts\/26150\/revisions"}],"predecessor-version":[{"id":26154,"href":"https:\/\/www.ufmg.br\/centrocultural\/wp-json\/wp\/v2\/posts\/26150\/revisions\/26154"}],"wp:featuredmedia":[{"embeddable":true,"href":"https:\/\/www.ufmg.br\/centrocultural\/wp-json\/wp\/v2\/media\/26152"}],"wp:attachment":[{"href":"https:\/\/www.ufmg.br\/centrocultural\/wp-json\/wp\/v2\/media?parent=26150"}],"wp:term":[{"taxonomy":"category","embeddable":true,"href":"https:\/\/www.ufmg.br\/centrocultural\/wp-json\/wp\/v2\/categories?post=26150"},{"taxonomy":"post_tag","embeddable":true,"href":"https:\/\/www.ufmg.br\/centrocultural\/wp-json\/wp\/v2\/tags?post=26150"}],"curies":[{"name":"wp","href":"https:\/\/api.w.org\/{rel}","templated":true}]}}