{"id":26155,"date":"2024-09-27T10:19:46","date_gmt":"2024-09-27T13:19:46","guid":{"rendered":"https:\/\/www.ufmg.br\/centrocultural\/?p=26155"},"modified":"2024-09-27T10:19:46","modified_gmt":"2024-09-27T13:19:46","slug":"fernando-augusto-dos-santos-neto-celebra-40-anos-de-trajetoria-artistica-com-exposicao","status":"publish","type":"post","link":"https:\/\/www.ufmg.br\/centrocultural\/fernando-augusto-dos-santos-neto-celebra-40-anos-de-trajetoria-artistica-com-exposicao\/","title":{"rendered":"Fernando Augusto dos Santos Neto celebra 40 anos de trajet\u00f3ria art\u00edstica com exposi\u00e7\u00e3o"},"content":{"rendered":"<div id=\"cmsmasters_row_byrp52m1lu\" class=\"cmsmasters_row cmsmasters_color_scheme_default cmsmasters_row_top_default cmsmasters_row_bot_default cmsmasters_row_boxed\">\n<div class=\"cmsmasters_row_outer_parent\">\n<div class=\"cmsmasters_row_outer\">\n<div class=\"cmsmasters_row_inner\">\n<div class=\"cmsmasters_row_margin\">\n<div id=\"cmsmasters_column_i24cwt1pcl\" class=\"cmsmasters_column one_first\">\n<div class=\"cmsmasters_column_inner\">\n<div class=\"cmsmasters_sharing\">\n<div class=\"share_wrap\">\n<a href=\"https:\/\/twitter.com\/intent\/tweet?text=Check+out+%27Fernando+Augusto+dos+Santos+Neto+celebra+40+anos+de+trajet%C3%B3ria+art%C3%ADstica+com+exposi%C3%A7%C3%A3o%27+on+Centro+Cultural++UFMG+website&url=https%3A%2F%2Fwww.ufmg.br%2Fcentrocultural%2Ffernando-augusto-dos-santos-neto-celebra-40-anos-de-trajetoria-artistica-com-exposicao%2F\" class=\"button cmsmasters-icon-twitter\">Twitter<\/a>\n<\/div>\n<div class=\"share_wrap\">\n<a href=\"https:\/\/www.facebook.com\/sharer\/sharer.php?display=popup&u=https%3A%2F%2Fwww.ufmg.br%2Fcentrocultural%2Ffernando-augusto-dos-santos-neto-celebra-40-anos-de-trajetoria-artistica-com-exposicao%2F\" class=\"button cmsmasters-icon-facebook\">Facebook<\/a>\n<\/div>\n<\/div>\n<\/div><\/div>\n<\/div>\n<\/div>\n<\/div>\n<\/div>\n<\/div>\n<div id=\"cmsmasters_row_\" class=\"cmsmasters_row cmsmasters_color_scheme_default cmsmasters_row_top_default cmsmasters_row_bot_default cmsmasters_row_boxed\">\n<div class=\"cmsmasters_row_outer_parent\">\n<div class=\"cmsmasters_row_outer\">\n<div class=\"cmsmasters_row_inner\">\n<div class=\"cmsmasters_row_margin\">\n<div id=\"cmsmasters_column_\" class=\"cmsmasters_column one_first\">\n<div class=\"cmsmasters_column_inner\"><div class=\"cmsmasters_text\">\n<\/div>\n<p>O Centro Cultural UFMG convida para a abertura da exposi\u00e7\u00e3o individual <strong>\u2018Fernando Augusto: desenho pintura fotografia e outras intoxica\u00e7\u00f5es\u2019<\/strong>, do artista pl\u00e1stico, pintor, desenhista e fot\u00f3grafo baiano <a href=\"https:\/\/www.instagram.com\/fernandoaugustoneto\/\" target=\"_blank\" rel=\"noopener\"><span style=\"text-decoration: underline;\"><span style=\"color: #000080; text-decoration: underline;\"><strong>Fernando Augusto dos Santos Neto<\/strong><\/span><\/span><\/a>, com curadoria e expografia de <a href=\"https:\/\/www.instagram.com\/bandeira.isa\/\" target=\"_blank\" rel=\"noopener\"><span style=\"text-decoration: underline;\"><span style=\"color: #000080; text-decoration: underline;\"><strong>Isa Bandeira<\/strong><\/span><\/span><\/a>. A mostra, que leva o mesmo nome do livro do artista, oferece ao p\u00fablico uma retrospectiva abrangente dos 40 anos de carreira de Fernando Augusto dos Santos Neto, destacando seu percurso art\u00edstico. O evento acontece no dia 04 de outubro de 2024, sexta-feira, \u00e0s 19 horas. Na ocasi\u00e3o, haver\u00e1 o lan\u00e7amento do referido livro. As obras poder\u00e3o ser vistas at\u00e9 03 de novembro de 2024. A entrada \u00e9 gratuita e tem classifica\u00e7\u00e3o livre.<\/p>\n<ul>\n<li><strong><span style=\"color: #333399;\"><a style=\"color: #333399;\" href=\"https:\/\/api.whatsapp.com\/send?text=https:\/\/www.ufmg.br\/centrocultural\/fernando-augusto-dos-santos-neto-celebra-40-anos-de-trajetoria-artistica-com-exposicao\" target=\"_blank\" rel=\"noopener\">Compartilhe no WhatsApp<\/a><\/span><\/strong><\/li>\n<li><strong><span style=\"color: #333399;\">C<a style=\"color: #333399;\" href=\"https:\/\/telegram.me\/share\/url?url=%20https:\/\/www.ufmg.br\/centrocultural\/fernando-augusto-dos-santos-neto-celebra-40-anos-de-trajetoria-artistica-com-exposicao\" target=\"_blank\" rel=\"noopener\">ompartilhe no Telegram<\/a><\/span><\/strong><\/li>\n<\/ul>\n<p><strong>Fernando Augusto: desenho pintura fotografia e outras intoxica\u00e7\u00f5es \u2013 por Isa Bandeira \u2013 Curadora<\/strong><\/p>\n<p>A exposi\u00e7\u00e3o \u2018Fernando Augusto: Desenho, Pintura, Fotografia e Outras Intoxica\u00e7\u00f5es\u2019, t\u00edtulo hom\u00f4nimo do livro do artista, oferece ao p\u00fablico uma retrospectiva dos 40 anos de sua trajet\u00f3ria art\u00edstica. A mostra ser\u00e1 apresentada na Grande Galeria do Centro Cultural da Universidade Federal de Minas Gerais, em Belo Horizonte. Trazer essa exposi\u00e7\u00e3o \u00e0 cidade mineira \u00e9 emblem\u00e1tico, pois este percurso inclui o in\u00edcio dos estudos acad\u00eamicos de Fernando Augusto na Universidade Federal de Minas Gerais.<\/p>\n<p>A expografia organiza a narrativa do artista em quatro m\u00f3dulos, abrangendo diferentes fases de seu trabalho: Inf\u00e2ncia e Meninices; Forma\u00e7\u00e3o (1984 a 1990); Rumo \u00e0 Abstra\u00e7\u00e3o (1991 a 2000); e Outra Paisagem: Livro de Artista.<\/p>\n<p>A relev\u00e2ncia deste espa\u00e7o cultural para a comunidade universit\u00e1ria oferece uma oportunidade \u00fanica de apresentar artistas em diferentes est\u00e1gios de suas trajet\u00f3rias profissionais, incluindo ex-alunos como Fernando Augusto. Isso amplia o conhecimento e inspira os jovens universit\u00e1rios, especialmente os estudantes de artes, ao terem acesso a uma diversidade de linguagens art\u00edsticas e temas socioculturais.<\/p>\n<p>O p\u00fablico geral, al\u00e9m de apreciar a mostra, pode participar de diversas atividades complementares, como um encontro com Fernando Augusto para uma conversa sobre sua carreira e o lan\u00e7amento de seu livro, que documenta seu processo pict\u00f3rico, influ\u00eancias est\u00e9ticas e registro de obras.<\/p>\n<p>Fernando Augusto utiliza uma ampla gama de t\u00e9cnicas e materiais, como carv\u00e3o, nanquim, l\u00e1pis grafite, colagem e grafias escritas. Suas pinturas, predominantemente em acr\u00edlico, refletem um processo de industrializa\u00e7\u00e3o nas artes e se adequam \u00e0 sua abordagem gestual e intimista.<\/p>\n<p>A fotografia tamb\u00e9m desempenha um papel significativo em sua obra, transformando a percep\u00e7\u00e3o e a t\u00e9cnica do desenvolvimento dos temas. A integra\u00e7\u00e3o de fotografia e pintura cria uma din\u00e2mica \u00fanica que convida o p\u00fablico a explorar as obras de diferentes \u00e2ngulos e perspectivas.<\/p>\n<p>Ao longo de 40 anos de carreira, Fernando Augusto explorou o potencial dos materiais e seus significados, criando uma linguagem visual \u00fanica e envolvente. Esta exposi\u00e7\u00e3o convida o p\u00fablico a se deixar envolver pela diversidade de sua obra.<\/p>\n<p><strong>Sobre o artista<\/strong><\/p>\n<p><strong>Fernando Augusto dos Santos Neto<\/strong> (Bahia, 1960. Vive e trabalha em Vit\u00f3ria \u2013 ES). Artista pl\u00e1stico, pintor, desenhista e fot\u00f3grafo, trabalha o desenho como uma maneira de pensar a pintura, a fotografia, a escultura e o pr\u00f3prio desenho. \u00c9 a partir do desenho que o artista constr\u00f3i toda sua obra, buscando lan\u00e7ar luz sobre o cotidiano pessoal, as rela\u00e7\u00f5es interpessoais, a cultura, a tradi\u00e7\u00e3o art\u00edstica e cenas da vida brasileira. Ao lado do desenho, o artista utiliza tamb\u00e9m as linguagens da fotografia e da literatura, interferindo em livros diversos, cat\u00e1logos de exposi\u00e7\u00f5es de arte e criando livros de artistas.<\/p>\n<p>Graduado em Artes Pl\u00e1sticas com habilita\u00e7\u00e3o em Gravura pela Universidade Federal de Minas Gerais (1987). Mestre em Comunica\u00e7\u00e3o e Semi\u00f3tica pela Pontif\u00edcia Universidade Cat\u00f3lica de S\u00e3o Paulo (1995). Doutor em Comunica\u00e7\u00e3o e Semi\u00f3tica pela Pontif\u00edcia Universidade Cat\u00f3lica de S\u00e3o Paulo e pela l\u2018universit\u00e9 Paris 1 Panth\u00e9on-Sorbonne, na Fran\u00e7a (2001). D.E.A. Dipl\u00f4me d\u2019\u00e9tudes approfondies pela l\u2018universit\u00e9 Paris 1 Panth\u00e9on-Sorbonne, na Fran\u00e7a. Atualmente \u00e9 professor de Arte do Departamento de Artes Visuais da Universidade Federal do Esp\u00edrito Santo (UFES) \u2013 Vit\u00f3ria \u2013 ES.<\/p>\n<p><strong>Sobre a curadora<\/strong><\/p>\n<p><strong>Isa Bandeira<\/strong> (S\u00e3o Paulo &#8211; 1966. Vive e trabalha em S\u00e3o Paulo). Doutora em Comunica\u00e7\u00e3o e Cultura pela Universidade de S\u00e3o Paulo (2017). Mestre em Hist\u00f3ria e Historiografia da Arte pela Universidade de S\u00e3o Paulo (2012). P\u00f3s-Gradua\u00e7\u00e3o em Administra\u00e7\u00e3o P\u00fablica pela UniCesumar (2021).Tem experi\u00eancia na \u00e1rea de Artes, com \u00eanfase em Artes Pl\u00e1sticas, atuando principalmente nos seguintes temas: pintura, instala\u00e7\u00e3o, fotografia e performance. Arquitetura de exposi\u00e7\u00f5es, projeto expogr\u00e1fico. Curadora independente.<\/p>\n<div id=\"cmsmasters_divider_6d10s6ghgh\" class=\"cmsmasters_divider cmsmasters_divider_width_long cmsmasters_divider_pos_center\"><\/div>\n<\/div><\/div>\n<\/div>\n<\/div>\n<\/div>\n<\/div>\n<\/div>\n<div id=\"cmsmasters_row_t3c22q9w6m\" class=\"cmsmasters_row cmsmasters_color_scheme_default cmsmasters_row_top_default cmsmasters_row_bot_default cmsmasters_row_boxed\">\n<div class=\"cmsmasters_row_outer_parent\">\n<div class=\"cmsmasters_row_outer\">\n<div class=\"cmsmasters_row_inner\">\n<div class=\"cmsmasters_row_margin\">\n<div id=\"cmsmasters_column_toijiibenl\" class=\"cmsmasters_column one_first\">\n<div class=\"cmsmasters_column_inner\"><div class=\"cmsmasters_text\">\n<p><strong>Exposi\u00e7\u00e3o \u2018Fernando Augusto: desenho pintura fotografia e outras intoxica\u00e7\u00f5es\u2019 \u2013 Fernando Augusto dos Santos Neto<\/strong><br \/>\nAbertura: 04 de outubro de 2024 | \u00e0s 19h<br \/>\nVisita\u00e7\u00e3o: at\u00e9 o dia 03\/11\/2024<br \/>\nTer\u00e7as a sextas: 9h \u00e0s 20h<br \/>\nS\u00e1bados, domingos e feriados: 9h \u00e0s 17h<br \/>\nGrande Galeria<br \/>\nClassifica\u00e7\u00e3o indicativa: livre<br \/>\nEntrada gratuita<\/p>\n<p><span style=\"color: #0000ff;\"><strong><a style=\"color: #0000ff;\" href=\"https:\/\/www.google.com.br\/maps\/dir\/\/Av.+Santos+Dumont,+174+-+Centro,+Belo+Horizonte+-+MG,+30111-040\/@-19.9170546,-43.9360151,17z\/data=!4m6!4m5!1m0!1m2!1m1!1s0xa699fbd5aaae01:0xab4780c129fa0883!3e0\" target=\"_blank\" rel=\"noopener\">Consulte rotas e meios para chegar<\/a><\/strong><\/span><\/p>\n<\/div>\n<\/div><\/div>\n<\/div>\n<\/div>\n<\/div>\n<\/div>\n<\/div>\n<div id=\"cmsmasters_row_6kvmqaa7i\" class=\"cmsmasters_row cmsmasters_color_scheme_default cmsmasters_row_top_default cmsmasters_row_bot_default cmsmasters_row_boxed\">\n<div class=\"cmsmasters_row_outer_parent\">\n<div class=\"cmsmasters_row_outer\">\n<div class=\"cmsmasters_row_inner\">\n<div class=\"cmsmasters_row_margin\">\n<div id=\"cmsmasters_column_sf8b3oog58\" class=\"cmsmasters_column three_fourth\">\n<div class=\"cmsmasters_column_inner\"><div id=\"cmsmasters_notice_smk9h2u97i\" class=\"cmsmasters_notice cmsmasters_notice_warning cmsmasters-icon-check-1\">\n<a href=\"#\" class=\"notice_close cmsmasters_theme_icon_cancel\"><\/a><div class=\"notice_content\">\n<p>Lembre-se: \u00e9 recomend\u00e1vel o uso de m\u00e1scara nos espa\u00e7os do Centro Cultural UFMG mesmo para imunizados<\/p>\n<\/div>\n<\/div>\n<\/div><\/div>\n<div id=\"cmsmasters_column_ioy14g1s5h\" class=\"cmsmasters_column one_fourth\">\n<div class=\"cmsmasters_column_inner\"><\/div><\/div>\n<\/div>\n<\/div>\n<\/div>\n<\/div>\n<\/div>\n\n","protected":false},"excerpt":{"rendered":"","protected":false},"author":6,"featured_media":26156,"comment_status":"closed","ping_status":"closed","sticky":false,"template":"","format":"standard","meta":{"footnotes":""},"categories":[121,91],"tags":[163,135,264,122],"class_list":["post-26155","post","type-post","status-publish","format-standard","has-post-thumbnail","hentry","category-exposicoes","category-noticias","tag-arte","tag-artecontemporanea","tag-artesvisuais","tag-exposicao"],"_links":{"self":[{"href":"https:\/\/www.ufmg.br\/centrocultural\/wp-json\/wp\/v2\/posts\/26155","targetHints":{"allow":["GET"]}}],"collection":[{"href":"https:\/\/www.ufmg.br\/centrocultural\/wp-json\/wp\/v2\/posts"}],"about":[{"href":"https:\/\/www.ufmg.br\/centrocultural\/wp-json\/wp\/v2\/types\/post"}],"author":[{"embeddable":true,"href":"https:\/\/www.ufmg.br\/centrocultural\/wp-json\/wp\/v2\/users\/6"}],"replies":[{"embeddable":true,"href":"https:\/\/www.ufmg.br\/centrocultural\/wp-json\/wp\/v2\/comments?post=26155"}],"version-history":[{"count":4,"href":"https:\/\/www.ufmg.br\/centrocultural\/wp-json\/wp\/v2\/posts\/26155\/revisions"}],"predecessor-version":[{"id":26160,"href":"https:\/\/www.ufmg.br\/centrocultural\/wp-json\/wp\/v2\/posts\/26155\/revisions\/26160"}],"wp:featuredmedia":[{"embeddable":true,"href":"https:\/\/www.ufmg.br\/centrocultural\/wp-json\/wp\/v2\/media\/26156"}],"wp:attachment":[{"href":"https:\/\/www.ufmg.br\/centrocultural\/wp-json\/wp\/v2\/media?parent=26155"}],"wp:term":[{"taxonomy":"category","embeddable":true,"href":"https:\/\/www.ufmg.br\/centrocultural\/wp-json\/wp\/v2\/categories?post=26155"},{"taxonomy":"post_tag","embeddable":true,"href":"https:\/\/www.ufmg.br\/centrocultural\/wp-json\/wp\/v2\/tags?post=26155"}],"curies":[{"name":"wp","href":"https:\/\/api.w.org\/{rel}","templated":true}]}}