{"id":26181,"date":"2024-10-01T11:26:51","date_gmt":"2024-10-01T14:26:51","guid":{"rendered":"https:\/\/www.ufmg.br\/centrocultural\/?p=26181"},"modified":"2024-10-01T11:26:51","modified_gmt":"2024-10-01T14:26:51","slug":"artista-fernando-augusto-dos-santos-neto-ministra-oficina-gratuita-de-desenho-e-realiza-visita-guiada-a-sua-exposicao","status":"publish","type":"post","link":"https:\/\/www.ufmg.br\/centrocultural\/artista-fernando-augusto-dos-santos-neto-ministra-oficina-gratuita-de-desenho-e-realiza-visita-guiada-a-sua-exposicao\/","title":{"rendered":"Artista Fernando Augusto dos Santos Neto ministra oficina gratuita de desenho e realiza visita guiada \u00e0 sua exposi\u00e7\u00e3o"},"content":{"rendered":"<div id=\"cmsmasters_row_byrp52m1lu\" class=\"cmsmasters_row cmsmasters_color_scheme_default cmsmasters_row_top_default cmsmasters_row_bot_default cmsmasters_row_boxed\">\n<div class=\"cmsmasters_row_outer_parent\">\n<div class=\"cmsmasters_row_outer\">\n<div class=\"cmsmasters_row_inner\">\n<div class=\"cmsmasters_row_margin\">\n<div id=\"cmsmasters_column_i24cwt1pcl\" class=\"cmsmasters_column one_first\">\n<div class=\"cmsmasters_column_inner\">\n<div class=\"cmsmasters_sharing\">\n<div class=\"share_wrap\">\n<a href=\"https:\/\/twitter.com\/intent\/tweet?text=Check+out+%27Artista+Fernando+Augusto+dos+Santos+Neto+ministra+oficina+gratuita+de+desenho+e+realiza+visita+guiada+%C3%A0+sua+exposi%C3%A7%C3%A3o%27+on+Centro+Cultural++UFMG+website&url=https%3A%2F%2Fwww.ufmg.br%2Fcentrocultural%2Fartista-fernando-augusto-dos-santos-neto-ministra-oficina-gratuita-de-desenho-e-realiza-visita-guiada-a-sua-exposicao%2F\" class=\"button cmsmasters-icon-twitter\">Twitter<\/a>\n<\/div>\n<div class=\"share_wrap\">\n<a href=\"https:\/\/www.facebook.com\/sharer\/sharer.php?display=popup&u=https%3A%2F%2Fwww.ufmg.br%2Fcentrocultural%2Fartista-fernando-augusto-dos-santos-neto-ministra-oficina-gratuita-de-desenho-e-realiza-visita-guiada-a-sua-exposicao%2F\" class=\"button cmsmasters-icon-facebook\">Facebook<\/a>\n<\/div>\n<\/div>\n<\/div><\/div>\n<\/div>\n<\/div>\n<\/div>\n<\/div>\n<\/div>\n<div id=\"cmsmasters_row_\" class=\"cmsmasters_row cmsmasters_color_scheme_default cmsmasters_row_top_default cmsmasters_row_bot_default cmsmasters_row_boxed\">\n<div class=\"cmsmasters_row_outer_parent\">\n<div class=\"cmsmasters_row_outer\">\n<div class=\"cmsmasters_row_inner\">\n<div class=\"cmsmasters_row_margin\">\n<div id=\"cmsmasters_column_\" class=\"cmsmasters_column one_first\">\n<div class=\"cmsmasters_column_inner\"><div class=\"cmsmasters_text\">\n<\/div>\n<p>No dia 07 de outubro de 2024, das 10h \u00e0s 12h e das 14h \u00e0s 16h, o Centro Cultural UFMG recebe o artista pl\u00e1stico, pintor, desenhista e fot\u00f3grafo baiano <strong>Fernando Augusto dos Santos Neto<\/strong> para ministrar a oficina de desenho <strong>\u2018Paisagem Sonora\u2019<\/strong> e realizar uma visita guiada \u00e0 sua exposi\u00e7\u00e3o, respectivamente. As atividades s\u00e3o gratuitas, mediante inscri\u00e7\u00e3o, com classifica\u00e7\u00e3o indicativa de 18 anos.<\/p>\n<ul>\n<li><strong><span style=\"color: #333399;\"><a style=\"color: #333399;\" href=\"https:\/\/api.whatsapp.com\/send?text=https:\/\/www.ufmg.br\/centrocultural\/artista-fernando-augusto-dos-santos-neto-ministra-oficina-gratuita-de-desenho-e-realiza-visita-guiada-a-sua-exposicao\" target=\"_blank\" rel=\"noopener\">Compartilhe no WhatsApp<\/a><\/span><\/strong><\/li>\n<li><strong><span style=\"color: #333399;\">C<a style=\"color: #333399;\" href=\"https:\/\/telegram.me\/share\/url?url=%20https:\/\/www.ufmg.br\/centrocultural\/artista-fernando-augusto-dos-santos-neto-ministra-oficina-gratuita-de-desenho-e-realiza-visita-guiada-a-sua-exposicao\" target=\"_blank\" rel=\"noopener\">ompartilhe no Telegram<\/a><\/span><\/strong><\/li>\n<\/ul>\n<p><strong>10h \u00e0s 12h \u2013 Oficina de desenho com o artista<\/strong><\/p>\n<p>A oficina de desenho <strong>\u2018Paisagem Sonora\u2019<\/strong> \u00e9 um desdobramento da exposi\u00e7\u00e3o <a href=\"https:\/\/www.ufmg.br\/centrocultural\/fernando-augusto-dos-santos-neto-celebra-40-anos-de-trajetoria-artistica-com-exposicao\/\" target=\"_blank\" rel=\"noopener\"><span style=\"text-decoration: underline; color: #000080;\"><strong>\u2018Fernando Augusto: desenho pintura fotografia e outras intoxica\u00e7\u00f5es\u2019<\/strong><\/span><\/a>, com curadoria e expografia de Isa Bandeira.<\/p>\n<p>A atividade tem como objetivo explorar o desenho como uma ferramenta essencial de express\u00e3o art\u00edstica, conectando-o a outras linguagens, como a pintura, fotografia e literatura. Durante a oficina, os participantes ser\u00e3o incentivados a desenvolver um olhar mais sens\u00edvel sobre o cotidiano e as rela\u00e7\u00f5es interpessoais, utilizando o desenho como ponto de partida para criar obras visuais que dialoguem com essas diversas formas de arte.<\/p>\n<p>Al\u00e9m disso, a oficina promover\u00e1 a integra\u00e7\u00e3o entre desenho, pintura, fotografia e literatura, permitindo que os participantes explorem m\u00faltiplas narrativas e novas possibilidades criativas, ampliando suas formas de express\u00e3o art\u00edstica.<\/p>\n<p><strong>Objetivos:<\/strong> ao final da oficina, espera-se que os participantes:<br \/>\n&#8211; Compreendam o desenho como um meio de pensar e integrar outras linguagens art\u00edsticas, como pintura, fotografia, literatura e a escuta;<br \/>\n&#8211; Ampliem suas habilidades t\u00e9cnicas e criativas no desenho;<br \/>\n&#8211; Reflitam sobre a representa\u00e7\u00e3o de temas do cotidiano, das rela\u00e7\u00f5es sociais, da cultura e da escuta atenta atrav\u00e9s dessas linguagens interligadas.<\/p>\n<p><strong>P\u00fablico-alvo:<\/strong> estudantes e profissionais de artes visuais, artistas e criadores em geral, pesquisadores e acad\u00eamicos da \u00e1rea de Artes. P\u00fablico em geral interessado em arte e processos criativos.<\/p>\n<p><strong>Inscri\u00e7\u00f5es<\/strong><\/p>\n<p>Interessados podem se inscrever pelo formul\u00e1rio online <span style=\"text-decoration: underline;\"><span style=\"color: #000080; text-decoration: underline;\"><strong><a style=\"color: #000080; text-decoration: underline;\" href=\"https:\/\/bit.ly\/3TSwQVd\" target=\"_blank\" rel=\"noopener\">https:\/\/bit.ly\/3TSwQVd<\/a><\/strong><\/span><\/span> do dia 1\u00ba a 04 de outubro de 2024, at\u00e9 meio-dia, constando nome completo, e-mail, telefone para contato e idade.<\/p>\n<p><strong>Vagas<\/strong><\/p>\n<p>Est\u00e3o abertas 15 vagas, com inscri\u00e7\u00e3o e participa\u00e7\u00e3o gratuita e carga hor\u00e1ria de 2 horas. <strong>Observa\u00e7\u00e3o:<\/strong> cada participante dever\u00e1 trazer seu material de desenho para o encontro: bloco de desenho A4 e l\u00e1pis n\u00ba 2, 2B e 6B.<\/p>\n<p><strong>14h \u00e0s 16h \u2013 Visita guiada com o artista<\/strong><\/p>\n<p>Visita guiada \u00e0 exposi\u00e7\u00e3o <strong>\u2018Fernando Augusto: desenho pintura fotografia e outras intoxica\u00e7\u00f5es\u2019<\/strong>, conduzida pelo pr\u00f3prio artista pl\u00e1stico, pintor, desenhista e fot\u00f3grafo baiano Fernando Augusto dos Santos Neto.<\/p>\n<p>O objetivo principal desta atividade \u00e9 proporcionar ao p\u00fablico uma experi\u00eancia de imers\u00e3o nas obras, permitindo uma compreens\u00e3o mais profunda de sua trajet\u00f3ria art\u00edstica de 40 anos, atrav\u00e9s de uma media\u00e7\u00e3o direta com o autor.<\/p>\n<p>A visita guiada tem como objetivo aproximar o p\u00fablico das obras expostas, ao mesmo tempo em que fomenta uma troca de conhecimentos e reflex\u00f5es sobre os processos criativos, desafios e inspira\u00e7\u00f5es do artista ao longo de sua carreira. A expografia da Grande Galeria, onde ocorre a mostra, simboliza um retorno ao ponto de partida de Fernando Augusto, que iniciou e concluiu sua forma\u00e7\u00e3o em Artes na Universidade Federal de Minas Gerais (UFMG).<\/p>\n<p>Esta \u00e9 uma oportunidade \u00fanica para o p\u00fablico se conectar com a arte, explorando as nuances e os contextos por tr\u00e1s das obras. A atividade \u00e9 gratuita e aberta ao p\u00fablico.<\/p>\n<p><strong>P\u00fablico-alvo:<\/strong> estudantes e profissionais de artes visuais, artistas e criadores em geral, pesquisadores e acad\u00eamicos da \u00e1rea de Artes. P\u00fablico em geral interessado em arte e processos criativos.<\/p>\n<p><strong>Inscri\u00e7\u00f5es<\/strong><\/p>\n<p>Interessados podem se inscrever pelo formul\u00e1rio online <span style=\"text-decoration: underline;\"><span style=\"color: #000080; text-decoration: underline;\"><strong><a style=\"color: #000080; text-decoration: underline;\" href=\"https:\/\/bit.ly\/4eInMua\" target=\"_blank\" rel=\"noopener\">https:\/\/bit.ly\/4eInMua<\/a><\/strong><\/span><\/span> do dia 1\u00ba a 04 de outubro de 2024, at\u00e9 meio-dia, constando nome completo, e-mail, telefone para contato e idade.<\/p>\n<p><strong>Vagas<\/strong><\/p>\n<p>Est\u00e3o abertas 30 vagas, com inscri\u00e7\u00e3o e participa\u00e7\u00e3o gratuita e carga hor\u00e1ria de 2 horas.<\/p>\n<p><strong>D\u00favidas<\/strong><\/p>\n<p>Eventuais d\u00favidas e esclarecimentos dever\u00e3o ser tratados pelo e-mail programa@centrocultural.ufmg.br e ou pelo telefone (31)3409-8280.<\/p>\n<p><strong>Fernando Augusto dos Santos Neto<\/strong> \u2012 Graduado em Artes Pl\u00e1sticas com habilita\u00e7\u00e3o em Gravura pela Universidade Federal de Minas Gerais (1987). Mestre em Comunica\u00e7\u00e3o e Semi\u00f3tica pela Pontif\u00edcia Universidade Cat\u00f3lica de S\u00e3o Paulo (1995). Doutor em Comunica\u00e7\u00e3o e Semi\u00f3tica pela Pontif\u00edcia Universidade Cat\u00f3lica de S\u00e3o Paulo e pela l\u2018universit\u00e9 Paris 1 Panth\u00e9on-Sorbonne, na Fran\u00e7a (2001). D.E.A. Dipl\u00f4me d\u2019\u00e9tudes approfondies pela l\u2018universit\u00e9 Paris 1 Panth\u00e9on-Sorbonne, na Fran\u00e7a. Atualmente \u00e9 professor de Arte do Departamento de Artes Visuais da Universidade Federal do Esp\u00edrito Santo (UFES) \u2013 Vit\u00f3ria \u2013 ES.<\/p>\n<div id=\"cmsmasters_divider_6d10s6ghgh\" class=\"cmsmasters_divider cmsmasters_divider_width_long cmsmasters_divider_pos_center\"><\/div>\n<\/div><\/div>\n<\/div>\n<\/div>\n<\/div>\n<\/div>\n<\/div>\n<div id=\"cmsmasters_row_t3c22q9w6m\" class=\"cmsmasters_row cmsmasters_color_scheme_default cmsmasters_row_top_default cmsmasters_row_bot_default cmsmasters_row_boxed\">\n<div class=\"cmsmasters_row_outer_parent\">\n<div class=\"cmsmasters_row_outer\">\n<div class=\"cmsmasters_row_inner\">\n<div class=\"cmsmasters_row_margin\">\n<div id=\"cmsmasters_column_toijiibenl\" class=\"cmsmasters_column one_first\">\n<div class=\"cmsmasters_column_inner\"><div class=\"cmsmasters_text\">\n<p><strong>Oficina de desenho | Visita guiada<\/strong><br \/>\nData: 07 de outubro de 2024<br \/>\nHor\u00e1rio: 10h \u00e0s 12h e das 14h \u00e0s 16h, respectivamente<br \/>\nAtividade gratuita, mediante inscri\u00e7\u00e3o, com classifica\u00e7\u00e3o indicativa de 18 anos.<\/p>\n<p><span style=\"color: #0000ff;\"><strong><a style=\"color: #0000ff;\" href=\"https:\/\/www.google.com.br\/maps\/dir\/\/Av.+Santos+Dumont,+174+-+Centro,+Belo+Horizonte+-+MG,+30111-040\/@-19.9170546,-43.9360151,17z\/data=!4m6!4m5!1m0!1m2!1m1!1s0xa699fbd5aaae01:0xab4780c129fa0883!3e0\" target=\"_blank\" rel=\"noopener\">Consulte rotas e meios para chegar<\/a><\/strong><\/span><\/p>\n<\/div>\n<\/div><\/div>\n<\/div>\n<\/div>\n<\/div>\n<\/div>\n<\/div>\n<div id=\"cmsmasters_row_6kvmqaa7i\" class=\"cmsmasters_row cmsmasters_color_scheme_default cmsmasters_row_top_default cmsmasters_row_bot_default cmsmasters_row_boxed\">\n<div class=\"cmsmasters_row_outer_parent\">\n<div class=\"cmsmasters_row_outer\">\n<div class=\"cmsmasters_row_inner\">\n<div class=\"cmsmasters_row_margin\">\n<div id=\"cmsmasters_column_sf8b3oog58\" class=\"cmsmasters_column three_fourth\">\n<div class=\"cmsmasters_column_inner\"><div id=\"cmsmasters_notice_smk9h2u97i\" class=\"cmsmasters_notice cmsmasters_notice_warning cmsmasters-icon-check-1\">\n<a href=\"#\" class=\"notice_close cmsmasters_theme_icon_cancel\"><\/a><div class=\"notice_content\">\n<p>Lembre-se: \u00e9 recomend\u00e1vel o uso de m\u00e1scara nos espa\u00e7os do Centro Cultural UFMG mesmo para imunizados<\/p>\n<\/div>\n<\/div>\n<\/div><\/div>\n<div id=\"cmsmasters_column_ioy14g1s5h\" class=\"cmsmasters_column one_fourth\">\n<div class=\"cmsmasters_column_inner\"><\/div><\/div>\n<\/div>\n<\/div>\n<\/div>\n<\/div>\n<\/div>\n\n","protected":false},"excerpt":{"rendered":"","protected":false},"author":6,"featured_media":26183,"comment_status":"closed","ping_status":"closed","sticky":false,"template":"","format":"standard","meta":{"footnotes":""},"categories":[121,91,396],"tags":[163,135,264,122,286],"class_list":["post-26181","post","type-post","status-publish","format-standard","has-post-thumbnail","hentry","category-exposicoes","category-noticias","category-oficinas","tag-arte","tag-artecontemporanea","tag-artesvisuais","tag-exposicao","tag-oficina"],"_links":{"self":[{"href":"https:\/\/www.ufmg.br\/centrocultural\/wp-json\/wp\/v2\/posts\/26181","targetHints":{"allow":["GET"]}}],"collection":[{"href":"https:\/\/www.ufmg.br\/centrocultural\/wp-json\/wp\/v2\/posts"}],"about":[{"href":"https:\/\/www.ufmg.br\/centrocultural\/wp-json\/wp\/v2\/types\/post"}],"author":[{"embeddable":true,"href":"https:\/\/www.ufmg.br\/centrocultural\/wp-json\/wp\/v2\/users\/6"}],"replies":[{"embeddable":true,"href":"https:\/\/www.ufmg.br\/centrocultural\/wp-json\/wp\/v2\/comments?post=26181"}],"version-history":[{"count":2,"href":"https:\/\/www.ufmg.br\/centrocultural\/wp-json\/wp\/v2\/posts\/26181\/revisions"}],"predecessor-version":[{"id":26184,"href":"https:\/\/www.ufmg.br\/centrocultural\/wp-json\/wp\/v2\/posts\/26181\/revisions\/26184"}],"wp:featuredmedia":[{"embeddable":true,"href":"https:\/\/www.ufmg.br\/centrocultural\/wp-json\/wp\/v2\/media\/26183"}],"wp:attachment":[{"href":"https:\/\/www.ufmg.br\/centrocultural\/wp-json\/wp\/v2\/media?parent=26181"}],"wp:term":[{"taxonomy":"category","embeddable":true,"href":"https:\/\/www.ufmg.br\/centrocultural\/wp-json\/wp\/v2\/categories?post=26181"},{"taxonomy":"post_tag","embeddable":true,"href":"https:\/\/www.ufmg.br\/centrocultural\/wp-json\/wp\/v2\/tags?post=26181"}],"curies":[{"name":"wp","href":"https:\/\/api.w.org\/{rel}","templated":true}]}}