{"id":26211,"date":"2024-10-25T14:33:19","date_gmt":"2024-10-25T17:33:19","guid":{"rendered":"https:\/\/www.ufmg.br\/centrocultural\/?p=26211"},"modified":"2024-10-25T14:33:19","modified_gmt":"2024-10-25T17:33:19","slug":"mostra-coletiva-apresenta-reflexoes-sobre-o-tempo-a-materia-e-a-imaginacao","status":"publish","type":"post","link":"https:\/\/www.ufmg.br\/centrocultural\/mostra-coletiva-apresenta-reflexoes-sobre-o-tempo-a-materia-e-a-imaginacao\/","title":{"rendered":"Mostra coletiva apresenta reflex\u00f5es sobre o tempo, a mat\u00e9ria e a imagina\u00e7\u00e3o"},"content":{"rendered":"<div id=\"cmsmasters_row_byrp52m1lu\" class=\"cmsmasters_row cmsmasters_color_scheme_default cmsmasters_row_top_default cmsmasters_row_bot_default cmsmasters_row_boxed\">\n<div class=\"cmsmasters_row_outer_parent\">\n<div class=\"cmsmasters_row_outer\">\n<div class=\"cmsmasters_row_inner\">\n<div class=\"cmsmasters_row_margin\">\n<div id=\"cmsmasters_column_i24cwt1pcl\" class=\"cmsmasters_column one_first\">\n<div class=\"cmsmasters_column_inner\">\n<div class=\"cmsmasters_sharing\">\n<div class=\"share_wrap\">\n<a href=\"https:\/\/twitter.com\/intent\/tweet?text=Check+out+%27Mostra+coletiva+apresenta+reflex%C3%B5es+sobre+o+tempo%2C+a+mat%C3%A9ria+e+a+imagina%C3%A7%C3%A3o%27+on+Centro+Cultural++UFMG+website&url=https%3A%2F%2Fwww.ufmg.br%2Fcentrocultural%2Fmostra-coletiva-apresenta-reflexoes-sobre-o-tempo-a-materia-e-a-imaginacao%2F\" class=\"button cmsmasters-icon-twitter\">Twitter<\/a>\n<\/div>\n<div class=\"share_wrap\">\n<a href=\"https:\/\/www.facebook.com\/sharer\/sharer.php?display=popup&u=https%3A%2F%2Fwww.ufmg.br%2Fcentrocultural%2Fmostra-coletiva-apresenta-reflexoes-sobre-o-tempo-a-materia-e-a-imaginacao%2F\" class=\"button cmsmasters-icon-facebook\">Facebook<\/a>\n<\/div>\n<\/div>\n<\/div><\/div>\n<\/div>\n<\/div>\n<\/div>\n<\/div>\n<\/div>\n<div id=\"cmsmasters_row_\" class=\"cmsmasters_row cmsmasters_color_scheme_default cmsmasters_row_top_default cmsmasters_row_bot_default cmsmasters_row_boxed\">\n<div class=\"cmsmasters_row_outer_parent\">\n<div class=\"cmsmasters_row_outer\">\n<div class=\"cmsmasters_row_inner\">\n<div class=\"cmsmasters_row_margin\">\n<div id=\"cmsmasters_column_\" class=\"cmsmasters_column one_first\">\n<div class=\"cmsmasters_column_inner\"><div class=\"cmsmasters_text\">\n<\/div>\n<p>O Centro Cultural UFMG convida para a abertura da exposi\u00e7\u00e3o coletiva <strong>\u2018Tudo \u00e9 real, tudo \u00e9 sempre outra coisa\u2019<\/strong>, dos artistas <strong>Angelo Arantes, Bianca Perdig\u00e3o, Fernanda Gontijo, Frederico Almeida, Gustavo Machado, M\u00e1rcio Murari, Mateus Lustosa,<\/strong> e <strong>Murilo Caliari<\/strong>, com curadoria de <strong>Sarah James<\/strong>. A mostra re\u00fane colagens, pinturas, desenhos e impress\u00f5es que exploram a transforma\u00e7\u00e3o e efemeridade da imagem. O evento acontece no dia 01 de novembro de 2024, sexta-feira, \u00e0s 19 horas. As obras poder\u00e3o ser vistas at\u00e9 01 de dezembro de 2024. A entrada \u00e9 gratuita e tem classifica\u00e7\u00e3o livre.<\/p>\n<ul>\n<li><strong><span style=\"color: #333399;\"><a style=\"color: #333399;\" href=\"https:\/\/api.whatsapp.com\/send?text=https:\/\/www.ufmg.br\/centrocultural\/mostra-coletiva-apresenta-reflexoes-sobre-o-tempo-a-materia-e-a-imaginacao\" target=\"_blank\" rel=\"noopener\">Compartilhe no WhatsApp<\/a><\/span><\/strong><\/li>\n<li><strong><span style=\"color: #333399;\">C<a style=\"color: #333399;\" href=\"https:\/\/telegram.me\/share\/url?url=%20https:\/\/www.ufmg.br\/centrocultural\/mostra-coletiva-apresenta-reflexoes-sobre-o-tempo-a-materia-e-a-imaginacao\" target=\"_blank\" rel=\"noopener\">ompartilhe no Telegram<\/a><\/span><\/strong><\/li>\n<\/ul>\n<p><strong>\u2018Tudo \u00e9 real, tudo \u00e9 sempre outra coisa\u2019<\/strong><\/p>\n<p>A exposi\u00e7\u00e3o coletiva \u2018Tudo \u00e9 real, tudo \u00e9 sempre outra coisa\u2019 investiga a transforma\u00e7\u00e3o e a efemeridade da imagem a partir de trabalhos recentes de oito artistas mineiros de \u00e1reas e trajet\u00f3rias distintas.<\/p>\n<p>Cada artista apresenta uma abordagem singular para dialogar sobre o tempo e a mat\u00e9ria, com obras que sugerem, no contexto contempor\u00e2neo, que tudo est\u00e1 em constante transforma\u00e7\u00e3o. Colagens, pinturas, desenhos e impress\u00f5es se entrela\u00e7am com t\u00e9cnicas experimentais, convidando a redefinir as percep\u00e7\u00f5es visuais em um mundo inundado por imagens.<\/p>\n<p>Os artistas partilham suas investiga\u00e7\u00f5es e processos com mat\u00e9rias primas ora inusitadas, ora cotidianas, convidando todos a um novo olhar sobre o que fica e o que o tempo leva. A imperman\u00eancia e o desgaste da mat\u00e9ria tornam-se temas centrais e se desdobram em reflex\u00f5es sobre a presen\u00e7a e a aus\u00eancia.<\/p>\n<p>Nessa explora\u00e7\u00e3o, as possibilidades de espiar, desaparecer, renunciar, encontrar a si e buscar o outro s\u00e3o temas que flutuam nos trabalhos desses jovens artistas. Assim como o corpo que transcende sua mera exist\u00eancia f\u00edsica, fazendo surgir o eu refletido, capaz de estar em qualquer lugar desejado. Um indiv\u00edduo que n\u00e3o est\u00e1 ali, mas sua presen\u00e7a \u00e9 tang\u00edvel.<\/p>\n<p>Todos exploram maneiras de ser e desaparecer, assim como as imagens que podem apenas surgir e serem apagadas. Unificados por este gesto po\u00e9tico, os artistas deixam sua marcante presen\u00e7a coletiva. A exposi\u00e7\u00e3o proporciona n\u00e3o apenas uma vis\u00e3o das obras, mas tamb\u00e9m uma imers\u00e3o nas reflex\u00f5es sobre o tempo, a mat\u00e9ria e a imagina\u00e7\u00e3o.<\/p>\n<p><strong>Sobre os artistas<\/strong><\/p>\n<p><strong>Angelo Arantes<\/strong> \u2013 Artista, fot\u00f3grafo, vive e trabalha em Belo Horizonte (MG). Tem como eixo de pesquisa a fotografia experimental, utiliza como suporte o filme radiogr\u00e1fico e outras possibilidades fotossens\u00edveis, valendo-se do processo anal\u00f3gico como enfrentamento e resist\u00eancia \u00e0 acelera\u00e7\u00e3o do tempo e ao distanciamento do mundo org\u00e2nico na contemporaneidade. A partir desse n\u00facleo investigativo, aborda outros temas relacionados ao ambiente onde vive.<\/p>\n<p><strong>Bianca Perdig\u00e3o<\/strong> \u2013 Entre artista e designer, pesquisa materialidades tempor\u00e1rias e imagens de arquivo. Busca distorcer a no\u00e7\u00e3o do est\u00e1tico e do olhar na obra de arte. \u00c9 p\u00f3s-graduada em artes pl\u00e1sticas, j\u00e1 exp\u00f4s seus trabalhos em Belo Horizonte, Bras\u00edlia, S\u00e3o Paulo e Pelotas. Nascida em 1996, vive e trabalha em Belo Horizonte.<\/p>\n<p><strong>Fernanda Gontijo<\/strong> \u2013 Atrav\u00e9s do desenho, da colagem, da pintura e da fotografia, incorpora fragmentos do seu cotidiano e da paisagem urbana, investigando a natureza experimental e construtiva do processo criativo, com interesse especial pelo resto como pot\u00eancia po\u00e9tica e mat\u00e9ria de cria\u00e7\u00e3o, bem como as rela\u00e7\u00f5es entre palavra e imagem. Vive e trabalha em Belo Horizonte.<\/p>\n<p><strong>Frederico Almeida<\/strong> \u2013 Arquiteto e membro do est\u00fadio Vazio S\/A, atua no universo das po\u00e9ticas visuais explorando o arcabou\u00e7o te\u00f3rico e t\u00e9cnico da arquitetura. Sua pr\u00e1tica engloba a manipula\u00e7\u00e3o de imagens e representa\u00e7\u00f5es do espa\u00e7o habitado, com o intuito de investigar as interse\u00e7\u00f5es entre cultura, tecnologia e subjetividades. Em sua pesquisa mais recente concentra-se nas rela\u00e7\u00f5es entre casa, sonho e mundo. Vive e trabalha em Belo Horizonte.<\/p>\n<p><strong>Gustavo Machado<\/strong> \u2013 \u00c9 artista visual e designer com mais de 14 anos de experi\u00eancia. Formado em Design pela UFMG, com especializa\u00e7\u00e3o em Design Sustent\u00e1vel pela Politecnico di Torino (It\u00e1lia) e p\u00f3s-graduado em Arte Contempor\u00e2nea pela UEMG. \u00c9 um dos fundadores do escrit\u00f3rio de design Piau. Em sua pesquisa art\u00edstica no campo da pintura, gravura, colagem, tecnologia e arte digital discute a produ\u00e7\u00e3o da imagem na contemporaneidade, o uso de ferramentas e tecnologias para aprimoramento do corpo humano e seu esgotamento dentro da estrutura de produ\u00e7\u00e3o de capital.<\/p>\n<p><strong>M\u00e1rcio Murari<\/strong> \u2013 Est\u00e1 performer, ator e arte-educador. Conversa e desenvolve trabalhos abordando quest\u00f5es que des\u00e1guam nas po\u00e9ticas de si e compartilhadas, viv\u00eancias urbanas suburbanas e perif\u00e9ricas, corporeidades andarilhas, ritual e mem\u00f3ria. Tem como forma\u00e7\u00e3o Licenciatura\/Bacharelado pela Escola de Belas Artes &#8211; UFMG em Teatro e p\u00f3s-gradua\u00e7\u00e3o em Artes Pl\u00e1sticas e Contemporaneidade pela Escola Guignard &#8211; UEMG. Os suportes utilizados s\u00e3o o corpo, a fotografia, as colagens, os pixos e v\u00eddeos.<\/p>\n<p><strong>Mateus Lustosa<\/strong> \u2013 \u00c9 artista visual e explora a fotografia digital como sua principal linguagem, apesar de se sentir livre para experimentar outras m\u00eddias e suportes. Sua po\u00e9tica tem o corpo como centralidade e recentemente tem se interessado por sua rela\u00e7\u00e3o com os conceitos de moral, desejo e culpa. Produz ativamente retratos, fotoperformances e registros urbanos, al\u00e9m de cultivar interesse por arte contempor\u00e2nea, arquitetura, semi\u00f3tica, estudos culturais, de g\u00eanero e sexualidade, al\u00e9m de psican\u00e1lise. Em 2022, fez sua primeira exposi\u00e7\u00e3o individual no Museu Aleijadinho (Ouro Preto), \u2018Descortinar: registros fotogr\u00e1ficos do processo de restauro dos elementos art\u00edsticos integrados do Santu\u00e1rio de Nossa Senhora da Concei\u00e7\u00e3o de Ant\u00f4nio Dias\u2019. Participou das coletivas \u2018Cultivando Incertezas\u2019 (Escola Guignard, 2023) e \u2018Ainda me restam os olhos\u2019 (Viaduto das Artes, 2019).<\/p>\n<p><strong>Murilo Caliari<\/strong> \u2013 Nasceu em S\u00e3o Sebasti\u00e3o do Para\u00edso no ano de 1996. Atualmente mora em Belo Horizonte e estuda Artes Pl\u00e1sticas na Escola Guignard (UEMG). Seu trabalho parte da experi\u00eancia de vida, registros, colecionismos, apropria\u00e7\u00e3o, fotografia, desenho, pintura, colagens e <em>assemblage<\/em>. Atrav\u00e9s da justaposi\u00e7\u00e3o de materiais distintos formula pequenas hist\u00f3rias, ficcionaliza o cotidiano e ao mesmo tempo procura registrar, de algum modo, os encontros que acontecem no meio da jornada.<\/p>\n<p><strong>Sobre a curadora<\/strong><\/p>\n<p><strong>Sarah James Dias<\/strong> \u2013 Arquiteta e Urbanista pela PUC\/MG e pela Universidade de Bolonha (It\u00e1lia) e p\u00f3s-graduada em Artes Pl\u00e1sticas e Contemporaneidade pela UEMG \u2013 Escola Guignard. Atualmente dirige o pr\u00f3prio est\u00fadio de arquitetura com projetos em todo Brasil e trabalha na Galeria Albuquerque Contempor\u00e2nea em Belo Horizonte como rela\u00e7\u00f5es internacionais e institucionais. J\u00e1 participou de mais de 10 feiras de arte no Brasil e se prepara para atuar em feiras internacionais, como M\u00e9xico, Nova Iorque e It\u00e1lia.<\/p>\n<div id=\"cmsmasters_divider_6d10s6ghgh\" class=\"cmsmasters_divider cmsmasters_divider_width_long cmsmasters_divider_pos_center\"><\/div>\n<\/div><\/div>\n<\/div>\n<\/div>\n<\/div>\n<\/div>\n<\/div>\n<div id=\"cmsmasters_row_t3c22q9w6m\" class=\"cmsmasters_row cmsmasters_color_scheme_default cmsmasters_row_top_default cmsmasters_row_bot_default cmsmasters_row_boxed\">\n<div class=\"cmsmasters_row_outer_parent\">\n<div class=\"cmsmasters_row_outer\">\n<div class=\"cmsmasters_row_inner\">\n<div class=\"cmsmasters_row_margin\">\n<div id=\"cmsmasters_column_toijiibenl\" class=\"cmsmasters_column one_first\">\n<div class=\"cmsmasters_column_inner\"><div class=\"cmsmasters_text\">\n<p><strong>Exposi\u00e7\u00e3o coletiva \u2018Tudo \u00e9 real, tudo \u00e9 sempre outra coisa\u2019<\/strong><br \/>\nAbertura: 01 de novembro de 2024 | \u00e0s 19h<br \/>\nVisita\u00e7\u00e3o: at\u00e9 o dia 01\/12\/2024<br \/>\nTer\u00e7as a sextas: 9h \u00e0s 20h<br \/>\nS\u00e1bados, domingos e feriados: 9h \u00e0s 17h<br \/>\nSala Celso Renato de Lima<br \/>\nClassifica\u00e7\u00e3o indicativa: livre<br \/>\nEntrada gratuita<\/p>\n<p><span style=\"color: #0000ff;\"><strong><a style=\"color: #0000ff;\" href=\"https:\/\/www.google.com.br\/maps\/dir\/\/Av.+Santos+Dumont,+174+-+Centro,+Belo+Horizonte+-+MG,+30111-040\/@-19.9170546,-43.9360151,17z\/data=!4m6!4m5!1m0!1m2!1m1!1s0xa699fbd5aaae01:0xab4780c129fa0883!3e0\" target=\"_blank\" rel=\"noopener\">Consulte rotas e meios para chegar<\/a><\/strong><\/span><\/p>\n<\/div>\n<\/div><\/div>\n<\/div>\n<\/div>\n<\/div>\n<\/div>\n<\/div>\n<div id=\"cmsmasters_row_6kvmqaa7i\" class=\"cmsmasters_row cmsmasters_color_scheme_default cmsmasters_row_top_default cmsmasters_row_bot_default cmsmasters_row_boxed\">\n<div class=\"cmsmasters_row_outer_parent\">\n<div class=\"cmsmasters_row_outer\">\n<div class=\"cmsmasters_row_inner\">\n<div class=\"cmsmasters_row_margin\">\n<div id=\"cmsmasters_column_sf8b3oog58\" class=\"cmsmasters_column three_fourth\">\n<div class=\"cmsmasters_column_inner\"><div id=\"cmsmasters_notice_smk9h2u97i\" class=\"cmsmasters_notice cmsmasters_notice_warning cmsmasters-icon-check-1\">\n<a href=\"#\" class=\"notice_close cmsmasters_theme_icon_cancel\"><\/a><div class=\"notice_content\">\n<p>Lembre-se: \u00e9 recomend\u00e1vel o uso de m\u00e1scara nos espa\u00e7os do Centro Cultural UFMG mesmo para imunizados<\/p>\n<\/div>\n<\/div>\n<\/div><\/div>\n<div id=\"cmsmasters_column_ioy14g1s5h\" class=\"cmsmasters_column one_fourth\">\n<div class=\"cmsmasters_column_inner\"><\/div><\/div>\n<\/div>\n<\/div>\n<\/div>\n<\/div>\n<\/div>\n\n","protected":false},"excerpt":{"rendered":"","protected":false},"author":6,"featured_media":26212,"comment_status":"closed","ping_status":"closed","sticky":false,"template":"","format":"standard","meta":{"footnotes":""},"categories":[121,91],"tags":[],"class_list":["post-26211","post","type-post","status-publish","format-standard","has-post-thumbnail","hentry","category-exposicoes","category-noticias"],"_links":{"self":[{"href":"https:\/\/www.ufmg.br\/centrocultural\/wp-json\/wp\/v2\/posts\/26211","targetHints":{"allow":["GET"]}}],"collection":[{"href":"https:\/\/www.ufmg.br\/centrocultural\/wp-json\/wp\/v2\/posts"}],"about":[{"href":"https:\/\/www.ufmg.br\/centrocultural\/wp-json\/wp\/v2\/types\/post"}],"author":[{"embeddable":true,"href":"https:\/\/www.ufmg.br\/centrocultural\/wp-json\/wp\/v2\/users\/6"}],"replies":[{"embeddable":true,"href":"https:\/\/www.ufmg.br\/centrocultural\/wp-json\/wp\/v2\/comments?post=26211"}],"version-history":[{"count":3,"href":"https:\/\/www.ufmg.br\/centrocultural\/wp-json\/wp\/v2\/posts\/26211\/revisions"}],"predecessor-version":[{"id":26215,"href":"https:\/\/www.ufmg.br\/centrocultural\/wp-json\/wp\/v2\/posts\/26211\/revisions\/26215"}],"wp:featuredmedia":[{"embeddable":true,"href":"https:\/\/www.ufmg.br\/centrocultural\/wp-json\/wp\/v2\/media\/26212"}],"wp:attachment":[{"href":"https:\/\/www.ufmg.br\/centrocultural\/wp-json\/wp\/v2\/media?parent=26211"}],"wp:term":[{"taxonomy":"category","embeddable":true,"href":"https:\/\/www.ufmg.br\/centrocultural\/wp-json\/wp\/v2\/categories?post=26211"},{"taxonomy":"post_tag","embeddable":true,"href":"https:\/\/www.ufmg.br\/centrocultural\/wp-json\/wp\/v2\/tags?post=26211"}],"curies":[{"name":"wp","href":"https:\/\/api.w.org\/{rel}","templated":true}]}}