{"id":26230,"date":"2024-11-01T10:20:29","date_gmt":"2024-11-01T13:20:29","guid":{"rendered":"https:\/\/www.ufmg.br\/centrocultural\/?p=26230"},"modified":"2024-11-04T16:36:30","modified_gmt":"2024-11-04T18:36:30","slug":"exposicao-coletiva-recria-dinamica-de-um-atelie-de-gravura","status":"publish","type":"post","link":"https:\/\/www.ufmg.br\/centrocultural\/exposicao-coletiva-recria-dinamica-de-um-atelie-de-gravura\/","title":{"rendered":"Exposi\u00e7\u00e3o coletiva recria din\u00e2mica de um ateli\u00ea de gravura"},"content":{"rendered":"<div id=\"cmsmasters_row_byrp52m1lu\" class=\"cmsmasters_row cmsmasters_color_scheme_default cmsmasters_row_top_default cmsmasters_row_bot_default cmsmasters_row_boxed\">\n<div class=\"cmsmasters_row_outer_parent\">\n<div class=\"cmsmasters_row_outer\">\n<div class=\"cmsmasters_row_inner\">\n<div class=\"cmsmasters_row_margin\">\n<div id=\"cmsmasters_column_i24cwt1pcl\" class=\"cmsmasters_column one_first\">\n<div class=\"cmsmasters_column_inner\">\n<div class=\"cmsmasters_sharing\">\n<div class=\"share_wrap\">\n<a href=\"https:\/\/twitter.com\/intent\/tweet?text=Check+out+%27Exposi%C3%A7%C3%A3o+coletiva+recria+din%C3%A2mica+de+um+ateli%C3%AA+de+gravura%27+on+Centro+Cultural++UFMG+website&url=https%3A%2F%2Fwww.ufmg.br%2Fcentrocultural%2Fexposicao-coletiva-recria-dinamica-de-um-atelie-de-gravura%2F\" class=\"button cmsmasters-icon-twitter\">Twitter<\/a>\n<\/div>\n<div class=\"share_wrap\">\n<a href=\"https:\/\/www.facebook.com\/sharer\/sharer.php?display=popup&u=https%3A%2F%2Fwww.ufmg.br%2Fcentrocultural%2Fexposicao-coletiva-recria-dinamica-de-um-atelie-de-gravura%2F\" class=\"button cmsmasters-icon-facebook\">Facebook<\/a>\n<\/div>\n<\/div>\n<\/div><\/div>\n<\/div>\n<\/div>\n<\/div>\n<\/div>\n<\/div>\n<div id=\"cmsmasters_row_\" class=\"cmsmasters_row cmsmasters_color_scheme_default cmsmasters_row_top_default cmsmasters_row_bot_default cmsmasters_row_boxed\">\n<div class=\"cmsmasters_row_outer_parent\">\n<div class=\"cmsmasters_row_outer\">\n<div class=\"cmsmasters_row_inner\">\n<div class=\"cmsmasters_row_margin\">\n<div id=\"cmsmasters_column_\" class=\"cmsmasters_column one_first\">\n<div class=\"cmsmasters_column_inner\"><div class=\"cmsmasters_text\">\n<\/div>\n<p>O Centro Cultural UFMG convida para a abertura da exposi\u00e7\u00e3o coletiva <strong>\u2018O atelier como encruzilhada: pr\u00e1ticas e discuss\u00f5es em torno da gravura\u2019<\/strong>, fruto das diversas experi\u00eancias e experimenta\u00e7\u00f5es gestadas no <a href=\"https:\/\/www.ateliexilometalufmg.com\/\" target=\"_blank\" rel=\"noopener\"><span style=\"text-decoration: underline;\"><span style=\"color: #000080; text-decoration: underline;\"><strong>Ateli\u00ea de Xilogravura e Gravura em Metal da Escola de Belas Artes da UFMG<\/strong><\/span><\/span><\/a>. A mostra re\u00fane uma s\u00e9rie de trabalhos de alunos e professores que atuam no referido ateli\u00ea, evidenciando uma produ\u00e7\u00e3o art\u00edstica diversificada, tanto t\u00e9cnica quanto tem\u00e1tica, com curadoria de Eliana Ambr\u00f3sio, George Gutlich e Fernando Costaa. O evento acontece no dia 08 de novembro de 2024, sexta-feira, \u00e0s 19 horas. As obras poder\u00e3o ser vistas at\u00e9 08 de dezembro de 2024. A entrada \u00e9 gratuita e tem classifica\u00e7\u00e3o livre.<\/p>\n<ul>\n<li><strong><span style=\"color: #333399;\"><a style=\"color: #333399;\" href=\"https:\/\/api.whatsapp.com\/send?text=https:\/\/www.ufmg.br\/centrocultural\/exposicao-coletiva-recria-dinamica-de-um-atelie-de-gravura\" target=\"_blank\" rel=\"noopener\">Compartilhe no WhatsApp<\/a><\/span><\/strong><\/li>\n<li><strong><span style=\"color: #333399;\">C<a style=\"color: #333399;\" href=\"https:\/\/telegram.me\/share\/url?url=%20https:\/\/www.ufmg.br\/centrocultural\/exposicao-coletiva-recria-dinamica-de-um-atelie-de-gravura\" target=\"_blank\" rel=\"noopener\">ompartilhe no Telegram<\/a><\/span><\/strong><\/li>\n<\/ul>\n<p><strong>O atelier como encruzilhada: pr\u00e1ticas e discuss\u00f5es em torno da gravura<\/strong><\/p>\n<p>A exposi\u00e7\u00e3o nasceu do desejo de expandir para al\u00e9m do campus a produ\u00e7\u00e3o do ateli\u00ea e, ao mesmo tempo, proporcionar uma experi\u00eancia formativa aos participantes. Dezessete artistas integram essa mostra, entre eles professores, alunos da gradua\u00e7\u00e3o, ex-alunos e alunos da p\u00f3s-gradua\u00e7\u00e3o: Allan Carvalho, Ana Beatriz Abreu, Bruna Lobo, C\u00e1ssia Giovanna, Eliana Ambr\u00f3sio, Fernando Costaa, Gabriela Razera, George Gutlich, Isaac Anderson, J\u00falia Corsino, Mara Sifuentes, Mariana Laterza, Renata Frazatto, Roberto Haddad, Rodrigo Marques, Syl Triginelli e Thayana Aquino.<\/p>\n<p>A coletiva tem como eixo central a no\u00e7\u00e3o de que o ateli\u00ea funciona como uma encruzilhada, local de encontros e, por consequ\u00eancia, espa\u00e7o privilegiado de trocas. A encruzilhada \u00e9 o lugar onde os caminhos se cruzam e aqui ela \u00e9 colocada como instrumento conceitual te\u00f3rico, permitindo produzir analogias. A oficina \u00e9 uma encruzilhada, ela opera como um lugar de intermedia\u00e7\u00e3o entre sistemas e inst\u00e2ncias de conhecimentos diversos. O confronto, as trocas, as contamina\u00e7\u00f5es, os saberes, as subjetividades, os modos de fazer e os materiais entram em movimento gerando rela\u00e7\u00f5es din\u00e2micas que, simultaneamente, retrospectam e prospectam. Nesse ambiente inst\u00e1vel e incerto, um intenso processo de produ\u00e7\u00e3o s\u00edgnica diversificada se estabelece.<\/p>\n<p>A exposi\u00e7\u00e3o \u00e9 composta por uma s\u00e9rie de gravuras que explora uma ampla variedade de materiais e suportes, tais como papel, madeira, tecido, entre outros. Quatro eixos tem\u00e1ticos permeiam as obras presentes na Grande Galeria: Natureza, Artefatos, Corpo Humano e Cidade. O objetivo geral \u00e9 apresentar a din\u00e2mica do ateli\u00ea como um campo de experimenta\u00e7\u00f5es e, desta forma, expor tanto obras acabadas quanto etapas dos processos, como cadernos de notas, ferramentas, matrizes e provas de estado.<\/p>\n<p>Para al\u00e9m dos trabalhos expostos, a mostra tamb\u00e9m funcionar\u00e1 como um ateli\u00ea, com a instala\u00e7\u00e3o de prensas e materiais de uso comum desse local, convidando o p\u00fablico \u00e0 experimenta\u00e7\u00e3o. Ser\u00e3o ofertadas oficinas gratuitas tem\u00e1ticas de gravura, que ser\u00e3o divulgadas no decorrer do per\u00edodo expositivo.<\/p>\n<p><strong>Sobre os curadores<\/strong><\/p>\n<p><strong>Eliana Ambr\u00f3sio<\/strong>, Uberl\u00e2ndia, MG. \u00c9 artista e professora de gravura no curso de Artes Visuais da Universidade Federal de Minas Gerais (UFMG), o qual coordenou de 2012 a 2016. Desenvolve trabalhos com xilogravura e gravura em metal, utilizando tamb\u00e9m outras m\u00eddias, como fotografia, v\u00eddeo e desenho para realizar pesquisas em um campo ampliado, unindo a tradi\u00e7\u00e3o da gravura com m\u00eddias digitais, instala\u00e7\u00f5es e livros de artista.<\/p>\n<p><strong>George Rembrandt Gutlich<\/strong>, 1968, S\u00e3o Jos\u00e9 dos Campos, SP, gravador e professor de gravura em metal na Escola de Belas Artes da UFMG. Bacharel pela Faculdade de Belas Artes de S\u00e3o Paulo, especialista em Museologia pelo Instituto de Museologia de S\u00e3o Paulo, mestre em Ci\u00eancias Ambientais, doutor em Artes pela Unicamp e p\u00f3s-doutor em Arquitetura pela Faculdade de Arquitetura da Universidade de Lisboa.<\/p>\n<p><strong>Fernando Costaa<\/strong>, 1977, artista e ge\u00f3grafo do Sul Global, baseado na cidade de Belo Horizonte, Brasil. \u00c9 graduando em Artes Visuais com habilita\u00e7\u00e3o em Gravura e graduado em Geografia pela Universidade Federal de Minas Gerais. Investiga as m\u00faltiplas rela\u00e7\u00f5es entre corpo, mem\u00f3ria, gravura, fotografia, instala\u00e7\u00e3o e desenho. Em sua po\u00e9tica, o corpo negro, constitu\u00eddo subjetivamente numa sociedade escravocrata e racista, busca se contrapor \u00e0 l\u00f3gica hegem\u00f4nica atrav\u00e9s da reconex\u00e3o com sua ancestralidade afro-ind\u00edgena, do trabalho coletivo, da luta antirracista e anticapitalista, bem como pelo fortalecimento da no\u00e7\u00e3o de que o Sul \u00e9 o norte. Colabora em projetos art\u00edsticos do Sul Global, principalmente da Am\u00e9rica Latina e \u00c1sia.<\/p>\n<div id=\"cmsmasters_divider_6d10s6ghgh\" class=\"cmsmasters_divider cmsmasters_divider_width_long cmsmasters_divider_pos_center\"><\/div>\n<\/div><\/div>\n<\/div>\n<\/div>\n<\/div>\n<\/div>\n<\/div>\n<div id=\"cmsmasters_row_t3c22q9w6m\" class=\"cmsmasters_row cmsmasters_color_scheme_default cmsmasters_row_top_default cmsmasters_row_bot_default cmsmasters_row_boxed\">\n<div class=\"cmsmasters_row_outer_parent\">\n<div class=\"cmsmasters_row_outer\">\n<div class=\"cmsmasters_row_inner\">\n<div class=\"cmsmasters_row_margin\">\n<div id=\"cmsmasters_column_toijiibenl\" class=\"cmsmasters_column one_first\">\n<div class=\"cmsmasters_column_inner\"><div class=\"cmsmasters_text\">\n<p><strong>Exposi\u00e7\u00e3o coletiva \u2018O atelier como encruzilhada: pr\u00e1ticas e discuss\u00f5es em torno da gravura\u2019<\/strong><br \/>\nAbertura: 08 de novembro de 2024 | \u00e0s 19h<br \/>\nVisita\u00e7\u00e3o: at\u00e9 o dia 08\/12\/2024<br \/>\nTer\u00e7as a sextas: 9h \u00e0s 20h<br \/>\nS\u00e1bados, domingos e feriados: 9h \u00e0s 17h<br \/>\nGrande Galeria<br \/>\nClassifica\u00e7\u00e3o indicativa: livre<br \/>\nEntrada gratuita<\/p>\n<p><span style=\"color: #0000ff;\"><strong><a style=\"color: #0000ff;\" href=\"https:\/\/www.google.com.br\/maps\/dir\/\/Av.+Santos+Dumont,+174+-+Centro,+Belo+Horizonte+-+MG,+30111-040\/@-19.9170546,-43.9360151,17z\/data=!4m6!4m5!1m0!1m2!1m1!1s0xa699fbd5aaae01:0xab4780c129fa0883!3e0\" target=\"_blank\" rel=\"noopener\">Consulte rotas e meios para chegar<\/a><\/strong><\/span><\/p>\n<\/div>\n<\/div><\/div>\n<\/div>\n<\/div>\n<\/div>\n<\/div>\n<\/div>\n<div id=\"cmsmasters_row_6kvmqaa7i\" class=\"cmsmasters_row cmsmasters_color_scheme_default cmsmasters_row_top_default cmsmasters_row_bot_default cmsmasters_row_boxed\">\n<div class=\"cmsmasters_row_outer_parent\">\n<div class=\"cmsmasters_row_outer\">\n<div class=\"cmsmasters_row_inner\">\n<div class=\"cmsmasters_row_margin\">\n<div id=\"cmsmasters_column_sf8b3oog58\" class=\"cmsmasters_column three_fourth\">\n<div class=\"cmsmasters_column_inner\"><div id=\"cmsmasters_notice_smk9h2u97i\" class=\"cmsmasters_notice cmsmasters_notice_warning cmsmasters-icon-check-1\">\n<a href=\"#\" class=\"notice_close cmsmasters_theme_icon_cancel\"><\/a><div class=\"notice_content\">\n<p>Lembre-se: \u00e9 recomend\u00e1vel o uso de m\u00e1scara nos espa\u00e7os do Centro Cultural UFMG mesmo para imunizados<\/p>\n<\/div>\n<\/div>\n<\/div><\/div>\n<div id=\"cmsmasters_column_ioy14g1s5h\" class=\"cmsmasters_column one_fourth\">\n<div class=\"cmsmasters_column_inner\"><\/div><\/div>\n<\/div>\n<\/div>\n<\/div>\n<\/div>\n<\/div>\n\n","protected":false},"excerpt":{"rendered":"","protected":false},"author":6,"featured_media":26231,"comment_status":"closed","ping_status":"closed","sticky":false,"template":"","format":"standard","meta":{"footnotes":""},"categories":[121,91],"tags":[],"class_list":["post-26230","post","type-post","status-publish","format-standard","has-post-thumbnail","hentry","category-exposicoes","category-noticias"],"_links":{"self":[{"href":"https:\/\/www.ufmg.br\/centrocultural\/wp-json\/wp\/v2\/posts\/26230","targetHints":{"allow":["GET"]}}],"collection":[{"href":"https:\/\/www.ufmg.br\/centrocultural\/wp-json\/wp\/v2\/posts"}],"about":[{"href":"https:\/\/www.ufmg.br\/centrocultural\/wp-json\/wp\/v2\/types\/post"}],"author":[{"embeddable":true,"href":"https:\/\/www.ufmg.br\/centrocultural\/wp-json\/wp\/v2\/users\/6"}],"replies":[{"embeddable":true,"href":"https:\/\/www.ufmg.br\/centrocultural\/wp-json\/wp\/v2\/comments?post=26230"}],"version-history":[{"count":7,"href":"https:\/\/www.ufmg.br\/centrocultural\/wp-json\/wp\/v2\/posts\/26230\/revisions"}],"predecessor-version":[{"id":26240,"href":"https:\/\/www.ufmg.br\/centrocultural\/wp-json\/wp\/v2\/posts\/26230\/revisions\/26240"}],"wp:featuredmedia":[{"embeddable":true,"href":"https:\/\/www.ufmg.br\/centrocultural\/wp-json\/wp\/v2\/media\/26231"}],"wp:attachment":[{"href":"https:\/\/www.ufmg.br\/centrocultural\/wp-json\/wp\/v2\/media?parent=26230"}],"wp:term":[{"taxonomy":"category","embeddable":true,"href":"https:\/\/www.ufmg.br\/centrocultural\/wp-json\/wp\/v2\/categories?post=26230"},{"taxonomy":"post_tag","embeddable":true,"href":"https:\/\/www.ufmg.br\/centrocultural\/wp-json\/wp\/v2\/tags?post=26230"}],"curies":[{"name":"wp","href":"https:\/\/api.w.org\/{rel}","templated":true}]}}