{"id":26339,"date":"2024-11-27T16:39:19","date_gmt":"2024-11-27T18:39:19","guid":{"rendered":"https:\/\/www.ufmg.br\/centrocultural\/?p=26339"},"modified":"2024-11-27T16:39:19","modified_gmt":"2024-11-27T18:39:19","slug":"centro-cultural-ufmg-abre-inscricoes-para-oficina-de-costura-japonesa","status":"publish","type":"post","link":"https:\/\/www.ufmg.br\/centrocultural\/centro-cultural-ufmg-abre-inscricoes-para-oficina-de-costura-japonesa\/","title":{"rendered":"Centro Cultural UFMG abre inscri\u00e7\u00f5es para oficina de costura japonesa"},"content":{"rendered":"<div id=\"cmsmasters_row_byrp52m1lu\" class=\"cmsmasters_row cmsmasters_color_scheme_default cmsmasters_row_top_default cmsmasters_row_bot_default cmsmasters_row_boxed\">\n<div class=\"cmsmasters_row_outer_parent\">\n<div class=\"cmsmasters_row_outer\">\n<div class=\"cmsmasters_row_inner\">\n<div class=\"cmsmasters_row_margin\">\n<div id=\"cmsmasters_column_i24cwt1pcl\" class=\"cmsmasters_column one_first\">\n<div class=\"cmsmasters_column_inner\">\n<div class=\"cmsmasters_sharing\">\n<div class=\"share_wrap\">\n<a href=\"https:\/\/twitter.com\/intent\/tweet?text=Check+out+%27Centro+Cultural+UFMG+abre+inscri%C3%A7%C3%B5es+para+oficina+de+costura+japonesa%27+on+Centro+Cultural++UFMG+website&url=https%3A%2F%2Fwww.ufmg.br%2Fcentrocultural%2Fcentro-cultural-ufmg-abre-inscricoes-para-oficina-de-costura-japonesa%2F\" class=\"button cmsmasters-icon-twitter\">Twitter<\/a>\n<\/div>\n<div class=\"share_wrap\">\n<a href=\"https:\/\/www.facebook.com\/sharer\/sharer.php?display=popup&u=https%3A%2F%2Fwww.ufmg.br%2Fcentrocultural%2Fcentro-cultural-ufmg-abre-inscricoes-para-oficina-de-costura-japonesa%2F\" class=\"button cmsmasters-icon-facebook\">Facebook<\/a>\n<\/div>\n<\/div>\n<\/div><\/div>\n<\/div>\n<\/div>\n<\/div>\n<\/div>\n<\/div>\n<div id=\"cmsmasters_row_\" class=\"cmsmasters_row cmsmasters_color_scheme_default cmsmasters_row_top_default cmsmasters_row_bot_default cmsmasters_row_boxed\">\n<div class=\"cmsmasters_row_outer_parent\">\n<div class=\"cmsmasters_row_outer\">\n<div class=\"cmsmasters_row_inner\">\n<div class=\"cmsmasters_row_margin\">\n<\/div>\n<\/div>\n<\/div>\n<\/div>\n<\/div>\n<div id=\"cmsmasters_column_\" class=\"cmsmasters_column one_first\">\n<div class=\"cmsmasters_column_inner\"><\/div><\/div>\n<div class=\"cmsmasters_text\">\n<\/div>\n<\/p>\n<p>No dia 04 de dezembro de 2024, pr\u00f3xima quarta-feira, das 14h30 \u00e0s 17h30, o Centro Cultural UFMG realiza a oficina de<strong> \u2018Costura Japonesa\u2019<\/strong>, ministrada pela professora e artista do livro <a href=\"https:\/\/www.instagram.com\/emilia_experiencialismos\/\" target=\"_blank\" rel=\"noopener\"><span style=\"text-decoration: underline; color: #000080;\"><strong>Emilia Mendes<\/strong><\/span><\/a>. A <a href=\"https:\/\/forms.gle\/Lp4ai6TvkTHbc6rp6\" target=\"_blank\" rel=\"noopener\"><span style=\"text-decoration: underline; color: #000080;\"><strong>inscri\u00e7\u00e3o<\/strong><\/span><\/a> \u00e9 gratuita e a participa\u00e7\u00e3o mediante doa\u00e7\u00e3o de 50 folhas de papel colorido (papel comum usado para impress\u00e3o em casa, tipo Chamequinho ou similar), gramatura de 75 ou 90g\/m\u00b2, em qualquer uma dessas cores: amarelo, azul, verde, rosa, branco e creme. A classifica\u00e7\u00e3o indicativa \u00e9 de 14 anos.<\/p>\n<ul>\n<li><strong><span style=\"color: #333399;\"><a style=\"color: #333399;\" href=\"https:\/\/api.whatsapp.com\/send?text=https:\/\/www.ufmg.br\/centrocultural\/centro-cultural-ufmg-abre-inscricoes-para-oficina-de-costura-japonesa\" target=\"_blank\" rel=\"noopener\">Compartilhe no WhatsApp<\/a><\/span><\/strong><\/li>\n<li><strong><span style=\"color: #333399;\">C<a style=\"color: #333399;\" href=\"https:\/\/telegram.me\/share\/url?url=%20https:\/\/www.ufmg.br\/centrocultural\/centro-cultural-ufmg-abre-inscricoes-para-oficina-de-costura-japonesa\" target=\"_blank\" rel=\"noopener\">ompartilhe no Telegram<\/a><\/span><\/strong><\/li>\n<\/ul>\n<p><strong>Costura Japonesa<\/strong><\/p>\n<p>A costura chamada japonesa remonta, na verdade, \u00e0 China antiga e seria mais correto denomin\u00e1-la costura oriental, embora seja conhecida como \u2018japonesa\u2019. Ainda \u00e9 muito usada na atualidade, tanto no oriente quanto no ocidente, e \u00e9 uma t\u00e9cnica com muita versatilidade e relativamente f\u00e1cil de fazer. Possui varia\u00e7\u00f5es com 2, 3 e 4 furos, a depender do tamanho e da escolha do formato do livro ou caderno. Na oficina ser\u00e3o praticados dois formatos: 2 e 4 furos.<\/p>\n<p><strong>P\u00fablico-alvo:<\/strong> pessoas interessadas em livros experimentais e livros de artista.<\/p>\n<p><strong>Inscri\u00e7\u00f5es<\/strong><\/p>\n<p>Interessados podem se inscrever pelo formul\u00e1rio online <span style=\"text-decoration: underline;\"><span style=\"color: #000080; text-decoration: underline;\"><strong><a style=\"color: #000080; text-decoration: underline;\" href=\"https:\/\/forms.gle\/Lp4ai6TvkTHbc6rp6\" target=\"_blank\" rel=\"noopener\">https:\/\/forms.gle\/Lp4ai6TvkTHbc6rp6<\/a><\/strong><\/span><\/span> do dia 27 de novembro a 02 de dezembro de 2024, constando nome completo, e-mail, telefone para contato e idade.<\/p>\n<p><strong>Vagas<\/strong><\/p>\n<p>Est\u00e3o abertas 10 vagas, com inscri\u00e7\u00e3o gratuita e participa\u00e7\u00e3o mediante doa\u00e7\u00e3o de 50 folhas de papel colorido (papel comum usado para impress\u00e3o em casa, tipo Chamequinho ou similar), gramatura de 75 ou 90g\/m\u00b2, em qualquer uma dessas cores: amarelo, azul, verde, rosa, branco e creme. O papel ser\u00e1 usado na oficina e o que restar ficar\u00e1 como doa\u00e7\u00e3o. A carga hor\u00e1ria \u00e9 de 3 horas.<\/p>\n<p><strong>Observa\u00e7\u00e3o:<\/strong>\u00a0cada participante dever\u00e1 trazer l\u00e1pis, borracha, r\u00e9gua e tesoura.<\/p>\n<p><strong>D\u00favidas<\/strong><\/p>\n<p>Eventuais d\u00favidas e esclarecimentos dever\u00e3o ser tratados pelo e-mail programa@centrocultural.ufmg.br e ou pelo telefone (31)3409-8280.<\/p>\n<p><strong>Emilia Mendes<\/strong> \u00e9 professora do curso de Edi\u00e7\u00e3o da Faculdade de Letras da UFMG, onde coordena o Laborat\u00f3rio de Edi\u00e7\u00e3o (Labed). Al\u00e9m disso, \u00e9 tamb\u00e9m artista do livro (com experimenta\u00e7\u00e3o de v\u00e1rias estruturas), poeta, recitadora, dentre outras fun\u00e7\u00f5es. Participou, em 2021, da exposi\u00e7\u00e3o de livro de artista promovida pelo Dobras de Si: <em>Imponderabilidades<\/em>, com a obra <em>Pedra Lascada<\/em>. Em 2022 lan\u00e7ou <em>Kiripoiesis<\/em> (edi\u00e7\u00e3o da autora) e <em>Urubu<\/em>, pela Impress\u00f5es de Minas Editora. Em 2023, participou da exposi\u00e7\u00e3o coletiva de livros de artistas <em>Travessia<\/em>, na Arte Galeria Luis Guimar\u00e3es, em S\u00e3o Paulo. Em outubro de 2024, participa da exposi\u00e7\u00e3o Andan\u00e7as, no M\u00e9xico, com o livro de artista Da soli (sozinhos).<\/p>\n<p><strong>Oficina \u2018Costura Japonesa\u2019 \u2013 Emilia Mendes<\/strong><br \/>\nData: 04 de dezembro de 2024<br \/>\nHor\u00e1rio: 14h30 \u00e0s 17h30<br \/>\nA inscri\u00e7\u00e3o \u00e9 gratuita e a participa\u00e7\u00e3o mediante doa\u00e7\u00e3o de 50 folhas de papel colorido (papel comum usado para impress\u00e3o em casa, tipo Chamequinho ou similar), gramatura de 75 ou 90g\/m\u00b2, em qualquer uma dessas cores: amarelo, azul, verde, rosa, branco e creme. A classifica\u00e7\u00e3o indicativa \u00e9 de 14 anos.<\/p>\n<p>O Centro Cultural UFMG fica na Av. Santos Dumont, 174 \u2013 Centro | BH<\/p>\n<p><span style=\"color: #0000ff;\"><strong><a style=\"color: #0000ff;\" href=\"https:\/\/www.google.com.br\/maps\/dir\/\/Av.+Santos+Dumont,+174+-+Centro,+Belo+Horizonte+-+MG,+30111-040\/@-19.9170546,-43.9360151,17z\/data=!4m6!4m5!1m0!1m2!1m1!1s0xa699fbd5aaae01:0xab4780c129fa0883!3e0\" target=\"_blank\" rel=\"noopener\">Consulte rotas e meios para chegar<\/a><\/strong><\/span><\/p>\n","protected":false},"excerpt":{"rendered":"<p>No dia 04 de dezembro de 2024, pr\u00f3xima quarta-feira, das 14h30 \u00e0s 17h30, o Centro Cultural UFMG realiza a oficina de \u2018Costura Japonesa\u2019, ministrada pela professora e artista do livro&#8230;<\/p>\n","protected":false},"author":6,"featured_media":26340,"comment_status":"closed","ping_status":"closed","sticky":false,"template":"","format":"standard","meta":{"footnotes":""},"categories":[91,396],"tags":[],"class_list":["post-26339","post","type-post","status-publish","format-standard","has-post-thumbnail","hentry","category-noticias","category-oficinas"],"_links":{"self":[{"href":"https:\/\/www.ufmg.br\/centrocultural\/wp-json\/wp\/v2\/posts\/26339","targetHints":{"allow":["GET"]}}],"collection":[{"href":"https:\/\/www.ufmg.br\/centrocultural\/wp-json\/wp\/v2\/posts"}],"about":[{"href":"https:\/\/www.ufmg.br\/centrocultural\/wp-json\/wp\/v2\/types\/post"}],"author":[{"embeddable":true,"href":"https:\/\/www.ufmg.br\/centrocultural\/wp-json\/wp\/v2\/users\/6"}],"replies":[{"embeddable":true,"href":"https:\/\/www.ufmg.br\/centrocultural\/wp-json\/wp\/v2\/comments?post=26339"}],"version-history":[{"count":3,"href":"https:\/\/www.ufmg.br\/centrocultural\/wp-json\/wp\/v2\/posts\/26339\/revisions"}],"predecessor-version":[{"id":26343,"href":"https:\/\/www.ufmg.br\/centrocultural\/wp-json\/wp\/v2\/posts\/26339\/revisions\/26343"}],"wp:featuredmedia":[{"embeddable":true,"href":"https:\/\/www.ufmg.br\/centrocultural\/wp-json\/wp\/v2\/media\/26340"}],"wp:attachment":[{"href":"https:\/\/www.ufmg.br\/centrocultural\/wp-json\/wp\/v2\/media?parent=26339"}],"wp:term":[{"taxonomy":"category","embeddable":true,"href":"https:\/\/www.ufmg.br\/centrocultural\/wp-json\/wp\/v2\/categories?post=26339"},{"taxonomy":"post_tag","embeddable":true,"href":"https:\/\/www.ufmg.br\/centrocultural\/wp-json\/wp\/v2\/tags?post=26339"}],"curies":[{"name":"wp","href":"https:\/\/api.w.org\/{rel}","templated":true}]}}