{"id":26406,"date":"2025-02-03T12:22:23","date_gmt":"2025-02-03T15:22:23","guid":{"rendered":"https:\/\/www.ufmg.br\/centrocultural\/?p=26406"},"modified":"2025-02-03T12:22:23","modified_gmt":"2025-02-03T15:22:23","slug":"centro-cultural-ufmg-recebe-mostra-de-formandos-em-artes-visuais-da-escola-de-belas-artes-da-ufmg","status":"publish","type":"post","link":"https:\/\/www.ufmg.br\/centrocultural\/centro-cultural-ufmg-recebe-mostra-de-formandos-em-artes-visuais-da-escola-de-belas-artes-da-ufmg\/","title":{"rendered":"Centro Cultural UFMG recebe mostra de formandos em Artes Visuais da Escola de Belas Artes da UFMG"},"content":{"rendered":"<div id=\"cmsmasters_row_byrp52m1lu\" class=\"cmsmasters_row cmsmasters_color_scheme_default cmsmasters_row_top_default cmsmasters_row_bot_default cmsmasters_row_boxed\">\n<div class=\"cmsmasters_row_outer_parent\">\n<div class=\"cmsmasters_row_outer\">\n<div class=\"cmsmasters_row_inner\">\n<div class=\"cmsmasters_row_margin\">\n<div id=\"cmsmasters_column_i24cwt1pcl\" class=\"cmsmasters_column one_first\">\n<div class=\"cmsmasters_column_inner\">\n<div class=\"cmsmasters_sharing\">\n<div class=\"share_wrap\">\n<a href=\"https:\/\/twitter.com\/intent\/tweet?text=Check+out+%27Centro+Cultural+UFMG+recebe+mostra+de+formandos+em+Artes+Visuais+da+Escola+de+Belas+Artes+da+UFMG%27+on+Centro+Cultural++UFMG+website&url=https%3A%2F%2Fwww.ufmg.br%2Fcentrocultural%2Fcentro-cultural-ufmg-recebe-mostra-de-formandos-em-artes-visuais-da-escola-de-belas-artes-da-ufmg%2F\" class=\"button cmsmasters-icon-twitter\">Twitter<\/a>\n<\/div>\n<div class=\"share_wrap\">\n<a href=\"https:\/\/www.facebook.com\/sharer\/sharer.php?display=popup&u=https%3A%2F%2Fwww.ufmg.br%2Fcentrocultural%2Fcentro-cultural-ufmg-recebe-mostra-de-formandos-em-artes-visuais-da-escola-de-belas-artes-da-ufmg%2F\" class=\"button cmsmasters-icon-facebook\">Facebook<\/a>\n<\/div>\n<\/div>\n<\/div><\/div>\n<\/div>\n<\/div>\n<\/div>\n<\/div>\n<\/div>\n<div id=\"cmsmasters_row_\" class=\"cmsmasters_row cmsmasters_color_scheme_default cmsmasters_row_top_default cmsmasters_row_bot_default cmsmasters_row_boxed\">\n<div class=\"cmsmasters_row_outer_parent\">\n<div class=\"cmsmasters_row_outer\">\n<div class=\"cmsmasters_row_inner\">\n<div class=\"cmsmasters_row_margin\">\n<div id=\"cmsmasters_column_\" class=\"cmsmasters_column one_first\">\n<div class=\"cmsmasters_column_inner\"><div class=\"cmsmasters_text\">\n<\/div>\n<p>O Centro Cultural UFMG convida para a abertura da exposi\u00e7\u00e3o coletiva <strong>\u2018Tudo que \u00e9 rastro um dia foi desejo\u2019<\/strong>, dos formandos em Artes Visuais da Escola de Belas Artes da UFMG, com curadoria do<span style=\"color: #000080;\"><strong> <a style=\"color: #000080;\" href=\"https:\/\/www.instagram.com\/projetopiscinaoufmg\/\" target=\"_blank\" rel=\"noopener\">Projeto Piscin\u00e3o<\/a><\/strong><\/span>. A mostra destaca os trabalhos desenvolvidos pelos alunos durante a trajet\u00f3ria do curso, apresentando uma ampla variedade de materiais e suportes, como pintura, desenho, escultura, gravura, cianotipia, instala\u00e7\u00e3o e fotoperformance, explorando os espa\u00e7os e dimens\u00f5es variadas de cada projeto. O evento acontece no dia 07 de fevereiro de 2025, sexta-feira, \u00e0s 19 horas. As obras poder\u00e3o ser vistas at\u00e9 23 de mar\u00e7o de 2025. A entrada \u00e9 gratuita e tem classifica\u00e7\u00e3o livre.<\/p>\n<ul>\n<li><strong><span style=\"color: #333399;\"><a style=\"color: #333399;\" href=\"https:\/\/api.whatsapp.com\/send?text=https:\/\/www.ufmg.br\/centrocultural\/centro-cultural-ufmg-recebe-mostra-de-formandos-em-artes-visuais-da-escola-de-belas-artes-da-ufmg\" target=\"_blank\" rel=\"noopener\">Compartilhe no WhatsApp<\/a><\/span><\/strong><\/li>\n<li><strong><span style=\"color: #333399;\">C<a style=\"color: #333399;\" href=\"https:\/\/telegram.me\/share\/url?url=%20https:\/\/www.ufmg.br\/centrocultural\/centro-cultural-ufmg-recebe-mostra-de-formandos-em-artes-visuais-da-escola-de-belas-artes-da-ufmg\" target=\"_blank\" rel=\"noopener\">ompartilhe no Telegram<\/a><\/span><\/strong><\/li>\n<\/ul>\n<p>\u2018Tudo que \u00e9 rastro um dia foi desejo\u2019 re\u00fane produ\u00e7\u00f5es dos formandos B\u00e1rbara Ferreira, Carolina Sanz, C\u00e1ssia Giovanna, Eduarda Pereira, Elena Ventura, Imoraes, Isabela Tunes, \u00cdtalo Caraj\u00e1, Malu Souza, Manu Mati, Marcella Marzano, Maria Luisa Almeida, Paula Costa, Rosana Oliveira, Victor Bor\u00e9m, YOR.<\/p>\n<p><strong>Tudo que \u00e9 rastro um dia foi desejo \u2013 por Caio Marques<\/strong><\/p>\n<p>Todo desejo surge no campo do inconsciente e o tempo trata de concretiz\u00e1-lo junto ao corpo. Percorrer esse desejo deixa rastro, um rastro que fica no espa\u00e7o e no tempo, reflexo de atos corporais percept\u00edveis, tais como mem\u00f3rias, registros e experi\u00eancias. S\u00e3o parte das caracter\u00edsticas e, consequentemente, das po\u00e9ticas que formaram estes artistas durante seu percurso no curso de Artes Visuais.<\/p>\n<p>O olhar de B\u00e1rbara Ferreira contempla um encontro com o urbano, um recorte do cotidiano que muitas vezes passa despercebido na correria do dia a dia. Os detalhes de suas pinturas convidam o espectador a prestar aten\u00e7\u00e3o na arquitetura da cidade em um contexto solit\u00e1rio, fora do caos urbano. Tamb\u00e9m utilizando a est\u00e9tica urbana, a s\u00e9rie de obras em grafite e est\u00eancil de Yor retrata animais da fauna silvestre sobrevivendo em contraste nos espa\u00e7os urbanos, de onde seu <em>habitat<\/em> fora removido.<\/p>\n<p>O processo l\u00fadico de \u00cdtalo Caraj\u00e1 e Rosana Oliveira ativa as mem\u00f3rias da inf\u00e2ncia, a nostalgia de quem v\u00ea, por meio do uso de brinquedos comparando com a realidade que nos cerca. Marcella Marzano apresenta lugares que existem na realidade e, ao mesmo tempo, carregam caracter\u00edsticas de um mundo on\u00edrico, compondo paisagens que transitam entre o tang\u00edvel e o imagin\u00e1rio, refletidas em suas pinturas e cianotipias.<\/p>\n<p>O corpo aparece pelo caminho figurativo e abstrato. Carolina Sanz retrata seu pr\u00f3prio corpo internamente, fazendo refer\u00eancia \u00e0 decomposi\u00e7\u00e3o e \u00e0 reparti\u00e7\u00e3o, dando visibilidade ao que est\u00e1 oculto. Manu Mati investiga o corpo figurativo, ampliando sua presen\u00e7a no espa\u00e7o e revelando a identidade singular que ele carrega, desdobrando suas viv\u00eancias e conflitos pessoais em um di\u00e1logo direto com as din\u00e2micas e press\u00f5es da sociedade contempor\u00e2nea. Maria Luisa Almeida molda seu corpo com argila em uma fotoperformance, o qual se expande em uma s\u00e9rie de lascas de argilas finas, fr\u00e1geis e delicadas.<\/p>\n<p>Eduarda Pereira retrata experi\u00eancias de uma vida neurodivergente, utilizando p\u00e1ssaros esteticamente modificados para represent\u00e1-la, retrata situa\u00e7\u00f5es desconfort\u00e1veis com cores vibrantes que contrastam fortemente com um fundo preto, dando destaque para as cenas. As obras de Elena Ventura trazem elementos carregados pelo contraste criando uma composi\u00e7\u00e3o org\u00e2nica de corpos, bichos, esqueletos e seres fantasmag\u00f3ricos. J\u00e1 Imoraes explora a edi\u00e7\u00e3o da mem\u00f3ria ao modificar retratos de sua fam\u00edlia, mascarando seus rostos e criando novos personagens para estes registros.<\/p>\n<p>Em suas gravuras, Cassia Giovanna questiona o patriarcado ao expor o corpo feminino n\u00e3o como indiv\u00edduo, mas em busca de um coletivo que resgata tradi\u00e7\u00f5es, heran\u00e7as e ancestralidades. J\u00e1 Paula Costa mostra um corpo que pede liberdade, criticando como a sociedade regula e imp\u00f5e julgamentos sobre os comportamentos \u00edntimos e as escolhas pessoais das mulheres.<\/p>\n<p>As instala\u00e7\u00f5es de Isabela Tunes criam e recriam composi\u00e7\u00f5es ao explorarem o espa\u00e7o em que s\u00e3o instaladas. S\u00e3o desenhos de texturas de troncos de \u00e1rvores com uma montagem org\u00e2nica criando uma nova identidade a cada exposi\u00e7\u00e3o. Malu Souza associa o corpo humano com o casulo. Utilizando fibras de bananeira ela cria uma urdidura em macram\u00ea, que produz tramas como os tecidos da pele, fazendo surgir, a cada ponto, um ser vivo. J\u00e1 Victor Bor\u00e9m explora materiais como a cer\u00e2mica, a madeira, o algod\u00e3o, o metal e as linhas, promovendo liga\u00e7\u00e3o entre eles. O metal encontra-se com a linha, e a madeira com o algod\u00e3o, s\u00e3o materiais r\u00edgidos que esteticamente comp\u00f5em com materiais org\u00e2nicos e male\u00e1veis.<\/p>\n<p>Em consequ\u00eancia deste rastro, o artista em forma\u00e7\u00e3o, possui um olhar que captura e ressignifica o mundo, imprimindo sentido e desejo em suas obras. Essas caracter\u00edsticas se revelam nas po\u00e9ticas presentes na Exposi\u00e7\u00e3o de Formandos da Escola de Belas Artes da UFMG (2024\/2). Suas cria\u00e7\u00f5es refletem tanto a realidade quanto os sonhos, transformando-se em experi\u00eancias, onde pensamento e produ\u00e7\u00e3o contribuem no rastro de um desejo.<\/p>\n<p><strong>Coordena\u00e7\u00e3o:<\/strong><br \/>\nProjeto Piscin\u00e3o: Orientadoras: Prof\u00aa Br\u00edgida Campbell e Prof\u00aa Rachel Cec\u00edlia.<br \/>\nMonitores: Isabella Rosendo e Caio Marques.<\/p>\n<p><strong>Ficha T\u00e9cnica:<\/strong><br \/>\nRealiza\u00e7\u00e3o: Colegiado do curso de Artes Visuais.<br \/>\nApoio: Centro Cultural UFMG.<br \/>\nCuradoria: Projeto Piscin\u00e3o.<br \/>\nTexto Curatorial: Caio Marques<\/p>\n<div id=\"cmsmasters_divider_6d10s6ghgh\" class=\"cmsmasters_divider cmsmasters_divider_width_long cmsmasters_divider_pos_center\"><\/div>\n<\/div><\/div>\n<\/div>\n<\/div>\n<\/div>\n<\/div>\n<\/div>\n<div id=\"cmsmasters_row_t3c22q9w6m\" class=\"cmsmasters_row cmsmasters_color_scheme_default cmsmasters_row_top_default cmsmasters_row_bot_default cmsmasters_row_boxed\">\n<div class=\"cmsmasters_row_outer_parent\">\n<div class=\"cmsmasters_row_outer\">\n<div class=\"cmsmasters_row_inner\">\n<div class=\"cmsmasters_row_margin\">\n<div id=\"cmsmasters_column_toijiibenl\" class=\"cmsmasters_column one_first\">\n<div class=\"cmsmasters_column_inner\"><div class=\"cmsmasters_text\">\n<p><strong>Exposi\u00e7\u00e3o \u2018Tudo que \u00e9 rastro um dia foi desejo\u2019<\/strong><br \/>\nFormandos em Artes Visuais da Escola de Belas Artes da UFMG \u2013 2024\/2<br \/>\nAbertura: 07 de fevereiro de 2025 | \u00e0s 19h<br \/>\nVisita\u00e7\u00e3o: at\u00e9 o dia 23\/03\/2025<br \/>\nTer\u00e7as a sextas: 9h \u00e0s 20h<br \/>\nS\u00e1bados, domingos e feriados: 9h \u00e0s 17h<br \/>\nSalas Ana Horta e Celso Renato de Lima<br \/>\nClassifica\u00e7\u00e3o indicativa: livre<br \/>\nEntrada gratuita<\/p>\n<p><span style=\"color: #0000ff;\"><strong><a style=\"color: #0000ff;\" href=\"https:\/\/www.google.com.br\/maps\/dir\/\/Av.+Santos+Dumont,+174+-+Centro,+Belo+Horizonte+-+MG,+30111-040\/@-19.9170546,-43.9360151,17z\/data=!4m6!4m5!1m0!1m2!1m1!1s0xa699fbd5aaae01:0xab4780c129fa0883!3e0\" target=\"_blank\" rel=\"noopener\">Consulte rotas e meios para chegar<\/a><\/strong><\/span><\/p>\n<\/div>\n<\/div><\/div>\n<\/div>\n<\/div>\n<\/div>\n<\/div>\n<\/div>\n<div id=\"cmsmasters_row_6kvmqaa7i\" class=\"cmsmasters_row cmsmasters_color_scheme_default cmsmasters_row_top_default cmsmasters_row_bot_default cmsmasters_row_boxed\">\n<div class=\"cmsmasters_row_outer_parent\">\n<div class=\"cmsmasters_row_outer\">\n<div class=\"cmsmasters_row_inner\">\n<div class=\"cmsmasters_row_margin\">\n<div id=\"cmsmasters_column_sf8b3oog58\" class=\"cmsmasters_column three_fourth\">\n<div class=\"cmsmasters_column_inner\"><div id=\"cmsmasters_notice_smk9h2u97i\" class=\"cmsmasters_notice cmsmasters_notice_warning cmsmasters-icon-check-1\">\n<a href=\"#\" class=\"notice_close cmsmasters_theme_icon_cancel\"><\/a><div class=\"notice_content\">\n<p>Lembre-se: \u00e9 recomend\u00e1vel o uso de m\u00e1scara nos espa\u00e7os do Centro Cultural UFMG mesmo para imunizados<\/p>\n<\/div>\n<\/div>\n<\/div><\/div>\n<div id=\"cmsmasters_column_ioy14g1s5h\" class=\"cmsmasters_column one_fourth\">\n<div class=\"cmsmasters_column_inner\"><\/div><\/div>\n<\/div>\n<\/div>\n<\/div>\n<\/div>\n<\/div>\n\n","protected":false},"excerpt":{"rendered":"","protected":false},"author":6,"featured_media":26407,"comment_status":"closed","ping_status":"closed","sticky":false,"template":"","format":"standard","meta":{"footnotes":""},"categories":[121,91],"tags":[],"class_list":["post-26406","post","type-post","status-publish","format-standard","has-post-thumbnail","hentry","category-exposicoes","category-noticias"],"_links":{"self":[{"href":"https:\/\/www.ufmg.br\/centrocultural\/wp-json\/wp\/v2\/posts\/26406","targetHints":{"allow":["GET"]}}],"collection":[{"href":"https:\/\/www.ufmg.br\/centrocultural\/wp-json\/wp\/v2\/posts"}],"about":[{"href":"https:\/\/www.ufmg.br\/centrocultural\/wp-json\/wp\/v2\/types\/post"}],"author":[{"embeddable":true,"href":"https:\/\/www.ufmg.br\/centrocultural\/wp-json\/wp\/v2\/users\/6"}],"replies":[{"embeddable":true,"href":"https:\/\/www.ufmg.br\/centrocultural\/wp-json\/wp\/v2\/comments?post=26406"}],"version-history":[{"count":2,"href":"https:\/\/www.ufmg.br\/centrocultural\/wp-json\/wp\/v2\/posts\/26406\/revisions"}],"predecessor-version":[{"id":26409,"href":"https:\/\/www.ufmg.br\/centrocultural\/wp-json\/wp\/v2\/posts\/26406\/revisions\/26409"}],"wp:featuredmedia":[{"embeddable":true,"href":"https:\/\/www.ufmg.br\/centrocultural\/wp-json\/wp\/v2\/media\/26407"}],"wp:attachment":[{"href":"https:\/\/www.ufmg.br\/centrocultural\/wp-json\/wp\/v2\/media?parent=26406"}],"wp:term":[{"taxonomy":"category","embeddable":true,"href":"https:\/\/www.ufmg.br\/centrocultural\/wp-json\/wp\/v2\/categories?post=26406"},{"taxonomy":"post_tag","embeddable":true,"href":"https:\/\/www.ufmg.br\/centrocultural\/wp-json\/wp\/v2\/tags?post=26406"}],"curies":[{"name":"wp","href":"https:\/\/api.w.org\/{rel}","templated":true}]}}