{"id":26460,"date":"2025-03-21T16:08:11","date_gmt":"2025-03-21T19:08:11","guid":{"rendered":"https:\/\/www.ufmg.br\/centrocultural\/?p=26460"},"modified":"2025-03-21T16:08:11","modified_gmt":"2025-03-21T19:08:11","slug":"chico-rezende-propoe-experiencia-imersiva-e-interativa-em-exposicao","status":"publish","type":"post","link":"https:\/\/www.ufmg.br\/centrocultural\/chico-rezende-propoe-experiencia-imersiva-e-interativa-em-exposicao\/","title":{"rendered":"Chico Rezende prop\u00f5e experi\u00eancia imersiva e interativa em exposi\u00e7\u00e3o"},"content":{"rendered":"<div id=\"cmsmasters_row_byrp52m1lu\" class=\"cmsmasters_row cmsmasters_color_scheme_default cmsmasters_row_top_default cmsmasters_row_bot_default cmsmasters_row_boxed\">\n<div class=\"cmsmasters_row_outer_parent\">\n<div class=\"cmsmasters_row_outer\">\n<div class=\"cmsmasters_row_inner\">\n<div class=\"cmsmasters_row_margin\">\n<div id=\"cmsmasters_column_i24cwt1pcl\" class=\"cmsmasters_column one_first\">\n<div class=\"cmsmasters_column_inner\">\n<div class=\"cmsmasters_sharing\">\n<div class=\"share_wrap\">\n<a href=\"https:\/\/twitter.com\/intent\/tweet?text=Check+out+%27Chico+Rezende+prop%C3%B5e+experi%C3%AAncia+imersiva+e+interativa+em+exposi%C3%A7%C3%A3o%27+on+Centro+Cultural++UFMG+website&url=https%3A%2F%2Fwww.ufmg.br%2Fcentrocultural%2Fchico-rezende-propoe-experiencia-imersiva-e-interativa-em-exposicao%2F\" class=\"button cmsmasters-icon-twitter\">Twitter<\/a>\n<\/div>\n<div class=\"share_wrap\">\n<a href=\"https:\/\/www.facebook.com\/sharer\/sharer.php?display=popup&u=https%3A%2F%2Fwww.ufmg.br%2Fcentrocultural%2Fchico-rezende-propoe-experiencia-imersiva-e-interativa-em-exposicao%2F\" class=\"button cmsmasters-icon-facebook\">Facebook<\/a>\n<\/div>\n<\/div>\n<\/div><\/div>\n<\/div>\n<\/div>\n<\/div>\n<\/div>\n<\/div>\n<div id=\"cmsmasters_row_\" class=\"cmsmasters_row cmsmasters_color_scheme_default cmsmasters_row_top_default cmsmasters_row_bot_default cmsmasters_row_boxed\">\n<div class=\"cmsmasters_row_outer_parent\">\n<div class=\"cmsmasters_row_outer\">\n<div class=\"cmsmasters_row_inner\">\n<div class=\"cmsmasters_row_margin\">\n<div id=\"cmsmasters_column_\" class=\"cmsmasters_column one_first\">\n<div class=\"cmsmasters_column_inner\"><div class=\"cmsmasters_text\">\n<\/div>\n<p>O Centro Cultural UFMG convida para a abertura da exposi\u00e7\u00e3o individual <strong>\u2018maison\u2019<\/strong>, do artista pl\u00e1stico <span style=\"text-decoration: underline;\"><span style=\"color: #000080; text-decoration: underline;\"><strong><a style=\"color: #000080; text-decoration: underline;\" href=\"https:\/\/www.instagram.com\/chico_rezend\/\" target=\"_blank\" rel=\"noopener\">Chico Rezende<\/a><\/strong><\/span><\/span>. A mostra re\u00fane objetos, fotografias, desenhos, pe\u00e7as de vestu\u00e1rio, colagem, mobili\u00e1rio e uma instala\u00e7\u00e3o sonora, pensada para oferecer uma experi\u00eancia imersiva e interativa para o p\u00fablico. O evento acontece no dia 28 de mar\u00e7o de 2024, sexta-feira, \u00e0s 19 horas. As obras poder\u00e3o ser vistas at\u00e9 04 de maio de 2025. A entrada \u00e9 gratuita e tem classifica\u00e7\u00e3o livre.<\/p>\n<ul>\n<li><strong><span style=\"color: #333399;\"><a style=\"color: #333399;\" href=\"https:\/\/api.whatsapp.com\/send?text=https:\/\/www.ufmg.br\/centrocultural\/chico-rezende-propoe-experiencia-imersiva-e-interativa-em-exposicao\" target=\"_blank\" rel=\"noopener\">Compartilhe no WhatsApp<\/a><\/span><\/strong><\/li>\n<li><strong><span style=\"color: #333399;\">C<a style=\"color: #333399;\" href=\"https:\/\/telegram.me\/share\/url?url=%20https:\/\/www.ufmg.br\/centrocultural\/chico-rezende-propoe-experiencia-imersiva-e-interativa-em-exposicao\" target=\"_blank\" rel=\"noopener\">ompartilhe no Telegram<\/a><\/span><\/strong><\/li>\n<\/ul>\n<p><strong>maison \u2013 por Chico Rezende<\/strong><\/p>\n<p>Os trabalhos que comp\u00f5em a exposi\u00e7\u00e3o foram produzidos ao longo dos \u00faltimos anos, entre 2016 e 2025, no tr\u00e2nsito entre Belo Horizonte e o ateli\u00ea do artista, na Serra do Intendente, no munic\u00edpio de Santana do Riacho, Minas Gerais.<\/p>\n<p>Com t\u00edtulos ir\u00f4nicos e marcadas pela presen\u00e7a de objetos cotidianos, as obras exp\u00f5em tens\u00f5es pol\u00edticas, sociais e psicol\u00f3gicas de forma l\u00fadica, que abrem espa\u00e7o para questionamentos e despertam no p\u00fablico o gosto pelo exerc\u00edcio cr\u00edtico e criativo.<\/p>\n<p>A mostra estabelece rela\u00e7\u00f5es entre corpos \u2013 do artista e do p\u00fablico \u2013, propondo di\u00e1logos abertos. As obras interativas convidam os visitantes a investirem tempo e energia sem qualquer promessa de retorno. Outras, contemplativas, criam um estado de alerta e convocam o espectador a estabelecer rela\u00e7\u00e3o com o espa\u00e7o.<\/p>\n<p>Maison \u00e9 a constru\u00e7\u00e3o de um ambiente. \u00c9 espa\u00e7o de v\u00ednculo e recolhimento, rela\u00e7\u00e3o e troca.<\/p>\n<p><strong>Sobre o artista<\/strong><\/p>\n<p>Natural de Belo Horizonte, <strong>Chico Rezende<\/strong> \u00e9 artista pl\u00e1stico formado pela Escola Guignard, com habilita\u00e7\u00e3o em escultura e desenho. Participou de mostras coletivas e individuais, como a Bienal de Desenho da Para\u00edba, em Jo\u00e3o Pessoa\/PB (2002), Instala\u00e7\u00e3o Cupins \u2013 Casa da P\u00f3lvora \u2013 Jo\u00e3o Pessoa\/PB (2006), Exposi\u00e7\u00e3o OQSPSDUH? \u2013 Belo Horizonte\/MG (2016), Um erro inesperado aconteceu \u2013 Perisc\u00f3pio Arte Contempor\u00e2nea \u2013 Belo Horizonte\/MG (2016), Beco com sa\u00edda \u2013 Ocupa\u00e7\u00e3o \u2013 Belo Horizonte\/MG (2022), Sobre isso, sobretudo sobre tudo isso \u2013 Museu Mineiro \u2013 Belo Horizonte\/MG (2024). Maison \u00e9 sua primeira mostra individual em Belo horizonte.<\/p>\n<div id=\"cmsmasters_divider_6d10s6ghgh\" class=\"cmsmasters_divider cmsmasters_divider_width_long cmsmasters_divider_pos_center\"><\/div>\n<\/div><\/div>\n<\/div>\n<\/div>\n<\/div>\n<\/div>\n<\/div>\n<div id=\"cmsmasters_row_t3c22q9w6m\" class=\"cmsmasters_row cmsmasters_color_scheme_default cmsmasters_row_top_default cmsmasters_row_bot_default cmsmasters_row_boxed\">\n<div class=\"cmsmasters_row_outer_parent\">\n<div class=\"cmsmasters_row_outer\">\n<div class=\"cmsmasters_row_inner\">\n<div class=\"cmsmasters_row_margin\">\n<div id=\"cmsmasters_column_toijiibenl\" class=\"cmsmasters_column one_first\">\n<div class=\"cmsmasters_column_inner\"><div class=\"cmsmasters_text\">\n<p><strong>Exposi\u00e7\u00e3o \u2018maison\u2019 \u2013 Chico Rezende<\/strong><br \/>\nAbertura: 28 de mar\u00e7o de 2025 | \u00e0s 19h<br \/>\nVisita\u00e7\u00e3o: at\u00e9 o dia 04\/05\/2025<br \/>\nTer\u00e7as a sextas: 9h \u00e0s 20h<br \/>\nS\u00e1bados, domingos e feriados: 9h \u00e0s 17h<br \/>\nSala Ana Horta<br \/>\nClassifica\u00e7\u00e3o indicativa: livre<br \/>\nEntrada gratuita<\/p>\n<p><span style=\"color: #0000ff;\"><strong><a style=\"color: #0000ff;\" href=\"https:\/\/www.google.com.br\/maps\/dir\/\/Av.+Santos+Dumont,+174+-+Centro,+Belo+Horizonte+-+MG,+30111-040\/@-19.9170546,-43.9360151,17z\/data=!4m6!4m5!1m0!1m2!1m1!1s0xa699fbd5aaae01:0xab4780c129fa0883!3e0\" target=\"_blank\" rel=\"noopener\">Consulte rotas e meios para chegar<\/a><\/strong><\/span><\/p>\n<\/div>\n<\/div><\/div>\n<\/div>\n<\/div>\n<\/div>\n<\/div>\n<\/div>\n<div id=\"cmsmasters_row_6kvmqaa7i\" class=\"cmsmasters_row cmsmasters_color_scheme_default cmsmasters_row_top_default cmsmasters_row_bot_default cmsmasters_row_boxed\">\n<div class=\"cmsmasters_row_outer_parent\">\n<div class=\"cmsmasters_row_outer\">\n<div class=\"cmsmasters_row_inner\">\n<div class=\"cmsmasters_row_margin\">\n<div id=\"cmsmasters_column_sf8b3oog58\" class=\"cmsmasters_column three_fourth\">\n<div class=\"cmsmasters_column_inner\"><div id=\"cmsmasters_notice_smk9h2u97i\" class=\"cmsmasters_notice cmsmasters_notice_warning cmsmasters-icon-check-1\">\n<a href=\"#\" class=\"notice_close cmsmasters_theme_icon_cancel\"><\/a><div class=\"notice_content\">\n<p>Lembre-se: \u00e9 recomend\u00e1vel o uso de m\u00e1scara nos espa\u00e7os do Centro Cultural UFMG mesmo para imunizados<\/p>\n<\/div>\n<\/div>\n<\/div><\/div>\n<div id=\"cmsmasters_column_ioy14g1s5h\" class=\"cmsmasters_column one_fourth\">\n<div class=\"cmsmasters_column_inner\"><\/div><\/div>\n<\/div>\n<\/div>\n<\/div>\n<\/div>\n<\/div>\n\n","protected":false},"excerpt":{"rendered":"","protected":false},"author":6,"featured_media":26461,"comment_status":"closed","ping_status":"closed","sticky":false,"template":"","format":"standard","meta":{"footnotes":""},"categories":[121,91],"tags":[],"class_list":["post-26460","post","type-post","status-publish","format-standard","has-post-thumbnail","hentry","category-exposicoes","category-noticias"],"_links":{"self":[{"href":"https:\/\/www.ufmg.br\/centrocultural\/wp-json\/wp\/v2\/posts\/26460","targetHints":{"allow":["GET"]}}],"collection":[{"href":"https:\/\/www.ufmg.br\/centrocultural\/wp-json\/wp\/v2\/posts"}],"about":[{"href":"https:\/\/www.ufmg.br\/centrocultural\/wp-json\/wp\/v2\/types\/post"}],"author":[{"embeddable":true,"href":"https:\/\/www.ufmg.br\/centrocultural\/wp-json\/wp\/v2\/users\/6"}],"replies":[{"embeddable":true,"href":"https:\/\/www.ufmg.br\/centrocultural\/wp-json\/wp\/v2\/comments?post=26460"}],"version-history":[{"count":2,"href":"https:\/\/www.ufmg.br\/centrocultural\/wp-json\/wp\/v2\/posts\/26460\/revisions"}],"predecessor-version":[{"id":26463,"href":"https:\/\/www.ufmg.br\/centrocultural\/wp-json\/wp\/v2\/posts\/26460\/revisions\/26463"}],"wp:featuredmedia":[{"embeddable":true,"href":"https:\/\/www.ufmg.br\/centrocultural\/wp-json\/wp\/v2\/media\/26461"}],"wp:attachment":[{"href":"https:\/\/www.ufmg.br\/centrocultural\/wp-json\/wp\/v2\/media?parent=26460"}],"wp:term":[{"taxonomy":"category","embeddable":true,"href":"https:\/\/www.ufmg.br\/centrocultural\/wp-json\/wp\/v2\/categories?post=26460"},{"taxonomy":"post_tag","embeddable":true,"href":"https:\/\/www.ufmg.br\/centrocultural\/wp-json\/wp\/v2\/tags?post=26460"}],"curies":[{"name":"wp","href":"https:\/\/api.w.org\/{rel}","templated":true}]}}