{"id":26910,"date":"2026-03-12T16:52:22","date_gmt":"2026-03-12T19:52:22","guid":{"rendered":"https:\/\/www.ufmg.br\/centrocultural\/?p=26910"},"modified":"2026-03-12T16:52:22","modified_gmt":"2026-03-12T19:52:22","slug":"espetaculo-revisita-memorias-de-hospital-psiquiatrico-e-debate-saude-mental-e-violencia-institucional","status":"publish","type":"post","link":"https:\/\/www.ufmg.br\/centrocultural\/espetaculo-revisita-memorias-de-hospital-psiquiatrico-e-debate-saude-mental-e-violencia-institucional\/","title":{"rendered":"Espet\u00e1culo revisita mem\u00f3rias de hospital psiqui\u00e1trico e debate sa\u00fade mental e viol\u00eancia institucional"},"content":{"rendered":"<div id=\"cmsmasters_row_byrp52m1lu\" class=\"cmsmasters_row cmsmasters_color_scheme_default cmsmasters_row_top_default cmsmasters_row_bot_default cmsmasters_row_boxed\">\n<div class=\"cmsmasters_row_outer_parent\">\n<div class=\"cmsmasters_row_outer\">\n<div class=\"cmsmasters_row_inner\">\n<div class=\"cmsmasters_row_margin\">\n<div id=\"cmsmasters_column_i24cwt1pcl\" class=\"cmsmasters_column one_first\">\n<div class=\"cmsmasters_column_inner\">\n<div class=\"cmsmasters_sharing\">\n<div class=\"share_wrap\">\n<a href=\"https:\/\/twitter.com\/intent\/tweet?text=Check+out+%27Espet%C3%A1culo+revisita+mem%C3%B3rias+de+hospital+psiqui%C3%A1trico+e+debate+sa%C3%BAde+mental+e+viol%C3%AAncia+institucional%27+on+Centro+Cultural++UFMG+website&url=https%3A%2F%2Fwww.ufmg.br%2Fcentrocultural%2Fespetaculo-revisita-memorias-de-hospital-psiquiatrico-e-debate-saude-mental-e-violencia-institucional%2F\" class=\"button cmsmasters-icon-twitter\">Twitter<\/a>\n<\/div>\n<div class=\"share_wrap\">\n<a href=\"https:\/\/www.facebook.com\/sharer\/sharer.php?display=popup&u=https%3A%2F%2Fwww.ufmg.br%2Fcentrocultural%2Fespetaculo-revisita-memorias-de-hospital-psiquiatrico-e-debate-saude-mental-e-violencia-institucional%2F\" class=\"button cmsmasters-icon-facebook\">Facebook<\/a>\n<\/div>\n<\/div>\n<\/div><\/div>\n<\/div>\n<\/div>\n<\/div>\n<\/div>\n<\/div>\n<div id=\"cmsmasters_row_\" class=\"cmsmasters_row cmsmasters_color_scheme_default cmsmasters_row_top_default cmsmasters_row_bot_default cmsmasters_row_boxed\">\n<div class=\"cmsmasters_row_outer_parent\">\n<div class=\"cmsmasters_row_outer\">\n<div class=\"cmsmasters_row_inner\">\n<div class=\"cmsmasters_row_margin\">\n<\/div>\n<\/div>\n<\/div>\n<\/div>\n<\/div>\n<div id=\"cmsmasters_column_\" class=\"cmsmasters_column one_first\">\n<div class=\"cmsmasters_column_inner\"><\/div><\/div>\n<div class=\"cmsmasters_text\">\n<\/div>\n<\/p>\n<p>Nos dias 26 e 27 de mar\u00e7o de 2026, \u00e0s 19 horas, o Centro Cultural UFMG apresenta o espet\u00e1culo teatral <strong>\u2018Can\u00e7\u00e3o da Barb\u00e1rie\u2019<\/strong>, protagonizado pela atriz <a href=\"https:\/\/www.instagram.com\/clari.lis\/\" target=\"_blank\" rel=\"noopener\"><span style=\"text-decoration: underline;\"><span style=\"color: #000080; text-decoration: underline;\"><strong>Clarice Rodrigues<\/strong><\/span><\/span><\/a>. A pe\u00e7a acompanha a hist\u00f3ria de uma enfermeira que presenciou os horrores do \u201cHolocausto Brasileiro\u201d no Hospital Col\u00f4nia, em Barbacena (MG), trazendo \u00e0 cena mem\u00f3rias de um dos cap\u00edtulos mais dolorosos da nossa hist\u00f3ria. A montagem tem dire\u00e7\u00e3o de Luan Silva e produ\u00e7\u00e3o da Culturando Produ\u00e7\u00f5es e Quintal Boi da Manta. A entrada \u00e9 gratuita, com retirada antecipada de ingressos pelo <a href=\"https:\/\/www.sympla.com.br\/evento\/espetaculo-cancao-da-barbarie-centro-cultural-ufmg\/3332094?algoliaID=bf3a7020146e496fb345b89596e7a0d1\" target=\"_blank\" rel=\"noopener\"><span style=\"text-decoration: underline;\"><span style=\"color: #000080; text-decoration: underline;\"><strong>Sympla<\/strong><\/span><\/span><\/a>. A classifica\u00e7\u00e3o indicativa \u00e9 de 14 anos.<\/p>\n<ul>\n<li><span style=\"color: #000080;\"><strong><a style=\"color: #000080;\" href=\"https:\/\/api.whatsapp.com\/send?text=https:\/\/www.ufmg.br\/centrocultural\/espetaculo-revisita-memorias-de-hospital-psiquiatrico-e-debate-saude-mental-e-violencia-institucional\" target=\"_blank\" rel=\"noopener\">Compartilhe no WhatsApp<\/a><\/strong><\/span><\/li>\n<li><span style=\"color: #000080;\"><strong><a style=\"color: #000080;\" href=\"https:\/\/telegram.me\/share\/url?url=%20https:\/\/www.ufmg.br\/centrocultural\/espetaculo-revisita-memorias-de-hospital-psiquiatrico-e-debate-saude-mental-e-violencia-institucional\" target=\"_blank\" rel=\"noopener\">Compartilhe no Telegram<\/a><\/strong><\/span><\/li>\n<\/ul>\n<p><strong>Sinopse<\/strong><\/p>\n<p>O espet\u00e1culo \u2018Can\u00e7\u00e3o da Barb\u00e1rie\u2019 traz \u00e0 cena Dora, enfermeira do Hospital Col\u00f4nia de Barbacena. Partilhando suas confiss\u00f5es, Dora relata suas mem\u00f3rias sobre o Centro Psiqui\u00e1trico e revive um conflito \u00e9tico, ao mesmo tempo em que remonta hist\u00f3rias de sua vida pessoal.<\/p>\n<p><strong>Can\u00e7\u00e3o da Barb\u00e1rie<\/strong><\/p>\n<p>Estreado em 2025, o espet\u00e1culo \u2018Can\u00e7\u00e3o da Barb\u00e1rie\u2019 ganha vida a partir da montagem da dramaturgia \u2018Col\u00f4nia\u2019, de Clarisse Rodrigues. Baseado em documentos escritos entre as d\u00e9cadas de 1970 e 1990, a obra prop\u00f5e uma reflex\u00e3o sobre o \u201cholocausto brasileiro\u201d a partir da perspectiva de uma enfermeira do Hospital Col\u00f4nia de Barbacena durante a Ditadura Militar. O texto foi desenvolvido no programa +Qualifica\u00e7\u00e3o da Funda\u00e7\u00e3o de Artes de S\u00e3o Caetano do Sul (FASCS) e publicado atrav\u00e9s da Lei Paulo Gustavo em Minas Gerais.<\/p>\n<p>A concep\u00e7\u00e3o do espet\u00e1culo nasce da urg\u00eancia em pautar a Luta Antimanicomial, materializada na figura de &#8216;Dora&#8217;. A dramaturgia fundamenta-se em uma pesquisa densa que atravessa marcos hist\u00f3ricos e documentais, como o document\u00e1rio \u2018Em Nome da Raz\u00e3o\u2019 (Helv\u00e9cio Ratton, 1979) e o livro-reportagem \u2018Holocausto Brasileiro\u2019 (Daniela Arbex, 2013), al\u00e9m da experi\u00eancia imersiva de uma visita t\u00e9cnica ao Centro Hospitalar Psiqui\u00e1trico de Barbacena (CHPB\/FHEMIG).<\/p>\n<p>Durante o processo, buscou-se refer\u00eancias tamb\u00e9m para a performance c\u00eanica, especialmente nos treinamentos t\u00e9cnicos desenvolvidos pelo LUME Teatro. A partir da participa\u00e7\u00e3o na Resid\u00eancia Ruarispakani (Teatro de Los Andes, Bol\u00edvia), incorporaram-se ainda elementos da Dramaturgia da Imagem. O espet\u00e1culo foi indicado como Melhor Solo no 4\u00ba Festival Nacional de Teatro de Ibi\u00fana\/SP e premiado como Melhor Espet\u00e1culo no 6\u00ba Festival Internacional de Teatro Cidade dos Anjos\/RS.<\/p>\n<p><strong>Sobre a artista<\/strong><\/p>\n<p><strong>Clarice Rodrigues<\/strong> (Sete Lagoas \u2013 MG) \u00e9 atriz, palha\u00e7a, sonoplasta e produtora cultural com uma trajet\u00f3ria iniciada precocemente aos tr\u00eas anos de idade, no grupo \u2018Contadores de Hist\u00f3rias Boi da Manta\u2019 (2003). T\u00e9cnica em Dramaturgia pela Funda\u00e7\u00e3o de Artes de S\u00e3o Caetano do Sul (FASCS), consolidou sua forma\u00e7\u00e3o em oficinas com refer\u00eancias como M\u00e1rcio Douglas (Klaus), Grupo Maria Cutia, Jesser de Souza (LUME Teatro), Teatro de Retalhos e Teatro de Los Andes (Bol\u00edvia). Em 2013, fundou o grupo \u2018Carro\u00e7a Teatral\u2019, acumulando premia\u00e7\u00f5es em festivais internacionais, com destaque para o XX ETACC (Chile). Desde 2016, atua na gest\u00e3o e produ\u00e7\u00e3o cultural da Associa\u00e7\u00e3o Cultural Boi da Manta e, a contar de 2022, integra a \u2018Grifo Teatro\u2019 (Jundia\u00ed\/SP) como atriz e sonoplasta. Sua presen\u00e7a em festivais inclui passagens pelo FITE (Paraguai), FIT Cidade dos Anjos e o Festival Nacional de Teatro de Gua\u00e7u\u00ed. \u00c9 a mente criativa por tr\u00e1s da cena &#8220;M\u00e3e Solo&#8221; (2022) e do espet\u00e1culo &#8220;Can\u00e7\u00e3o da Barb\u00e1rie&#8221; (2025).<\/p>\n<p><strong>Ficha t\u00e9cnica<\/strong><br \/>\nAtua\u00e7\u00e3o e dramaturgia: Clarice Rodrigues<br \/>\nDire\u00e7\u00e3o: Luan Silva<br \/>\nTrilha Sonora: Gustavo Piffer<br \/>\nMaquiagem: Larissa Fran\u00e7a<br \/>\nCenografia, ilumina\u00e7\u00e3o e figurino: Lari de Souza<br \/>\nCenotecnia: Paulinho do Boi<br \/>\nDesign Gr\u00e1fico: Felipe Gontijo<br \/>\nProdu\u00e7\u00e3o: Culturando Produ\u00e7\u00f5es e Quintal Boi da Manta<\/p>\n<p><strong>Espet\u00e1culo teatral \u2018Can\u00e7\u00e3o da Barb\u00e1rie\u2019<\/strong><br \/>\nDatas: 26 e 27 de mar\u00e7o de 2026<br \/>\nHor\u00e1rio: 19 horas<br \/>\nDura\u00e7\u00e3o: 60 minutos<br \/>\nLocal: audit\u00f3rio do Centro Cultural UFMG<br \/>\nEntrada gratuita, com retirada antecipada de ingressos pelo <a href=\"https:\/\/www.sympla.com.br\/evento\/espetaculo-cancao-da-barbarie-centro-cultural-ufmg\/3332094?algoliaID=bf3a7020146e496fb345b89596e7a0d1\" target=\"_blank\" rel=\"noopener\"><span style=\"text-decoration: underline;\"><span style=\"color: #000080; text-decoration: underline;\"><strong>Sympla<\/strong><\/span><\/span><\/a><br \/>\nClassifica\u00e7\u00e3o indicativa: 14 anos<\/p>\n<p>O Centro Cultural UFMG fica na Av. Santos Dumont, 174 \u2013 Centro | BH<\/p>\n<p><span style=\"text-decoration: underline;\"><span style=\"color: #0000ff;\"><strong><a style=\"color: #0000ff; text-decoration: underline;\" href=\"https:\/\/www.google.com.br\/maps\/dir\/\/Av.+Santos+Dumont,+174+-+Centro,+Belo+Horizonte+-+MG,+30111-040\/@-19.9170546,-43.9360151,17z\/data=!4m6!4m5!1m0!1m2!1m1!1s0xa699fbd5aaae01:0xab4780c129fa0883!3e0\" target=\"_blank\" rel=\"noopener\">Consulte rotas e meios para chegar<\/a><\/strong><\/span><\/span><\/p>\n","protected":false},"excerpt":{"rendered":"<p>Nos dias 26 e 27 de mar\u00e7o de 2026, \u00e0s 19 horas, o Centro Cultural UFMG apresenta o espet\u00e1culo teatral \u2018Can\u00e7\u00e3o da Barb\u00e1rie\u2019, protagonizado pela atriz Clarice Rodrigues. A pe\u00e7a&#8230;<\/p>\n","protected":false},"author":6,"featured_media":26911,"comment_status":"closed","ping_status":"closed","sticky":false,"template":"","format":"standard","meta":{"footnotes":""},"categories":[91,81],"tags":[],"class_list":["post-26910","post","type-post","status-publish","format-standard","has-post-thumbnail","hentry","category-noticias","category-recitais"],"_links":{"self":[{"href":"https:\/\/www.ufmg.br\/centrocultural\/wp-json\/wp\/v2\/posts\/26910","targetHints":{"allow":["GET"]}}],"collection":[{"href":"https:\/\/www.ufmg.br\/centrocultural\/wp-json\/wp\/v2\/posts"}],"about":[{"href":"https:\/\/www.ufmg.br\/centrocultural\/wp-json\/wp\/v2\/types\/post"}],"author":[{"embeddable":true,"href":"https:\/\/www.ufmg.br\/centrocultural\/wp-json\/wp\/v2\/users\/6"}],"replies":[{"embeddable":true,"href":"https:\/\/www.ufmg.br\/centrocultural\/wp-json\/wp\/v2\/comments?post=26910"}],"version-history":[{"count":3,"href":"https:\/\/www.ufmg.br\/centrocultural\/wp-json\/wp\/v2\/posts\/26910\/revisions"}],"predecessor-version":[{"id":26937,"href":"https:\/\/www.ufmg.br\/centrocultural\/wp-json\/wp\/v2\/posts\/26910\/revisions\/26937"}],"wp:featuredmedia":[{"embeddable":true,"href":"https:\/\/www.ufmg.br\/centrocultural\/wp-json\/wp\/v2\/media\/26911"}],"wp:attachment":[{"href":"https:\/\/www.ufmg.br\/centrocultural\/wp-json\/wp\/v2\/media?parent=26910"}],"wp:term":[{"taxonomy":"category","embeddable":true,"href":"https:\/\/www.ufmg.br\/centrocultural\/wp-json\/wp\/v2\/categories?post=26910"},{"taxonomy":"post_tag","embeddable":true,"href":"https:\/\/www.ufmg.br\/centrocultural\/wp-json\/wp\/v2\/tags?post=26910"}],"curies":[{"name":"wp","href":"https:\/\/api.w.org\/{rel}","templated":true}]}}