{"id":184,"date":"2021-10-21T07:37:20","date_gmt":"2021-10-21T10:37:20","guid":{"rendered":"https:\/\/www.ufmg.br\/consulta2021\/?p=184"},"modified":"2021-10-21T07:37:20","modified_gmt":"2021-10-21T10:37:20","slug":"no-primeiro-debate-chapa-ufmg-plural-expoe-compromissos-e-projetos-para-gestao-2022-2026","status":"publish","type":"post","link":"https:\/\/www.ufmg.br\/consulta2021\/no-primeiro-debate-chapa-ufmg-plural-expoe-compromissos-e-projetos-para-gestao-2022-2026\/","title":{"rendered":"No primeiro debate, chapa UFMG Plural exp\u00f5e compromissos e projetos para gest\u00e3o 2022-2026"},"content":{"rendered":"\n<p><strong>Sandra Almeida e Alessandro Moreira, candidatos a reitora e vice, abordaram temas como pol\u00edticas acad\u00eamicas, recomposi\u00e7\u00e3o or\u00e7ament\u00e1ria, inova\u00e7\u00e3o, inclus\u00e3o e sa\u00fade mental<\/strong><\/p>\n\n\n\n<p><\/p>\n\n\n\n<p>Os compromissos com o car\u00e1ter p\u00fablico e o papel social da universidade, com a defesa da autonomia universit\u00e1ria e da liberdade de express\u00e3o e com a educa\u00e7\u00e3o de qualidade e inclusiva foram destacados como pilares&nbsp;da proposta de gest\u00e3o da chapa 1 (UFMG Plural), \u00fanica inscrita para o processo de escolha do pr\u00f3ximo Reitorado (2022-2026), durante o primeiro debate oficial, realizado na manh\u00e3 desta quarta, 20. O encontro foi transmitido pelo YouTube e pode ser assistido a qualquer momento no&nbsp;<a href=\"https:\/\/www.youtube.com\/watch?v=KlMiOGiaKY8\" target=\"_blank\" rel=\"noreferrer noopener\">canal da Coordenadoria de Assuntos Comunit\u00e1rios (CAC)<\/a>.<\/p>\n\n\n\n<p>A professora Sandra Regina&nbsp;Goulart Almeida, atual reitora, e o professor Alessandro Fernandes Moreira, vice-reitor, candidatam-se \u00e0 recondu\u00e7\u00e3o aos cargos. Eles ressaltaram a miss\u00e3o da UFMG relacionada \u00e0 produ\u00e7\u00e3o de conhecimento, \u00e0 divulga\u00e7\u00e3o cient\u00edfica e \u00e0 intera\u00e7\u00e3o com outros saberes. Tamb\u00e9m defenderam o investimento cont\u00ednuo e sustent\u00e1vel em educa\u00e7\u00e3o, ci\u00eancia, tecnologia, cultura e sa\u00fade.<\/p>\n\n\n\n<p>De acordo com Sandra Almeida, a proposta da chapa para um novo mandato valoriza \u201co respeito aos \u00f3rg\u00e3os colegiados da institui\u00e7\u00e3o, a intera\u00e7\u00e3o cont\u00ednua com \u00f3rg\u00e3os p\u00fablicos e a sociedade civil e a defesa dos direitos humanos e do desenvolvimento sustent\u00e1vel\u201d.<\/p>\n\n\n\n<p>A candidata a reitora citou, entre outros pontos da proposta de gest\u00e3o, a\u00e7\u00f5es inovadoras no ensino \u2013 \u201cincorporando de forma respons\u00e1vel o que aprendemos nesse per\u00edodo de pandemia\u201d \u2013, a valoriza\u00e7\u00e3o da doc\u00eancia e da autoavalia\u00e7\u00e3o, a integra\u00e7\u00e3o crescente de ensino, pesquisa e extens\u00e3o, o refor\u00e7o das a\u00e7\u00f5es de internacionaliza\u00e7\u00e3o e o investimento em uma pol\u00edtica cultural. &#8220;A&nbsp;cultura tem sido marca forte da UFMG e uma forma efetiva de intera\u00e7\u00e3o com as cidades\u201d, destacou&nbsp;Sandra.<\/p>\n\n\n\n<p>Alessandro Moreira enfatizou, por sua vez, a preocupa\u00e7\u00e3o da chapa com as pol\u00edticas de perman\u00eancia,&nbsp;inclus\u00e3o e a\u00e7\u00f5es afirmativas, com a inclus\u00e3o digital, com o incremento do projeto UFMG Sustent\u00e1vel e das a\u00e7\u00f5es que visam aumentar a mobilidade e a acessibilidade na institui\u00e7\u00e3o. Ele lembrou que a UFMG \u00e9 refer\u00eancia nacional nessas \u00e1reas, mas que ainda h\u00e1 margem para aprimoramento. Inova\u00e7\u00e3o e transfer\u00eancia de tecnologia e cuidados com a sa\u00fade mental da comunidade universit\u00e1ria foram outros aspectos do programa de gest\u00e3o salientados pelo candidato a vice-reitor.<\/p>\n\n\n\n<p><strong>Trabalho e recursos<br><\/strong>Sandra Almeida anunciou a inten\u00e7\u00e3o de investir em novas formas de execu\u00e7\u00e3o do trabalho dos servidores t\u00e9cnico-administrativos e seguir na busca pela recomposi\u00e7\u00e3o e suplementa\u00e7\u00e3o dos recursos or\u00e7ament\u00e1rios \u2013 que v\u00e3o possibilitar, segundo ela, a retomada de&nbsp;obras de infraestrutura, as mais atingidas pelos cortes.<\/p>\n\n\n\n<p>No bloco do debate dedicado \u00e0s perguntas da comunidade, Sandra e Alessandro falaram de temas como a necessidade de aperfei\u00e7oamento dos sistemas de inform\u00e1tica da UFMG e de articula\u00e7\u00e3o cada vez mais aproximada dos cursos da \u00e1rea da sa\u00fade com os hospitais das Cl\u00ednicas e Risoleta Neves.<\/p>\n\n\n\n<p>Os candidatos disseram contar, j\u00e1 durante a campanha, com a participa\u00e7\u00e3o de todos os segmentos na constru\u00e7\u00e3o de um projeto para a Universidade e convocaram a comunidade ao di\u00e1logo, nos debates e nas visitas que far\u00e3o \u00e0s unidades acad\u00eamicas e administrativas.<\/p>\n\n\n\n<p>O calend\u00e1rio da consulta \u00e0 comunidade prev\u00ea mais dois debates, nos dias 27 de outubro, \u00e0s 17h, e no dia 3 de novembro, \u00e0s 19h, sempre com transmiss\u00e3o no YouTube. A consulta, on-line, ser\u00e1 realizada no dia 11 de novembro.&nbsp;<a href=\"https:\/\/ufmg.br\/comunicacao\/noticias\/consulta-a-comunidade-video-explica-como-votar\" target=\"_blank\" rel=\"noreferrer noopener\">Veja como votar<\/a>.&nbsp; &nbsp;&nbsp;<\/p>\n","protected":false},"excerpt":{"rendered":"<p>Sandra Almeida e Alessandro Moreira, candidatos a reitora e vice, abordaram temas como pol\u00edticas acad\u00eamicas, recomposi\u00e7\u00e3o or\u00e7ament\u00e1ria, inova\u00e7\u00e3o, inclus\u00e3o e sa\u00fade mental Os compromissos com o car\u00e1ter p\u00fablico e o papel social da universidade, com a defesa da autonomia universit\u00e1ria e da liberdade de express\u00e3o e com a educa\u00e7\u00e3o de qualidade e inclusiva foram destacados [&hellip;]<\/p>\n","protected":false},"author":1,"featured_media":0,"comment_status":"open","ping_status":"open","sticky":false,"template":"","format":"standard","meta":[],"categories":[3],"tags":[],"_links":{"self":[{"href":"https:\/\/www.ufmg.br\/consulta2021\/wp-json\/wp\/v2\/posts\/184"}],"collection":[{"href":"https:\/\/www.ufmg.br\/consulta2021\/wp-json\/wp\/v2\/posts"}],"about":[{"href":"https:\/\/www.ufmg.br\/consulta2021\/wp-json\/wp\/v2\/types\/post"}],"author":[{"embeddable":true,"href":"https:\/\/www.ufmg.br\/consulta2021\/wp-json\/wp\/v2\/users\/1"}],"replies":[{"embeddable":true,"href":"https:\/\/www.ufmg.br\/consulta2021\/wp-json\/wp\/v2\/comments?post=184"}],"version-history":[{"count":1,"href":"https:\/\/www.ufmg.br\/consulta2021\/wp-json\/wp\/v2\/posts\/184\/revisions"}],"predecessor-version":[{"id":185,"href":"https:\/\/www.ufmg.br\/consulta2021\/wp-json\/wp\/v2\/posts\/184\/revisions\/185"}],"wp:attachment":[{"href":"https:\/\/www.ufmg.br\/consulta2021\/wp-json\/wp\/v2\/media?parent=184"}],"wp:term":[{"taxonomy":"category","embeddable":true,"href":"https:\/\/www.ufmg.br\/consulta2021\/wp-json\/wp\/v2\/categories?post=184"},{"taxonomy":"post_tag","embeddable":true,"href":"https:\/\/www.ufmg.br\/consulta2021\/wp-json\/wp\/v2\/tags?post=184"}],"curies":[{"name":"wp","href":"https:\/\/api.w.org\/{rel}","templated":true}]}}