{"id":72,"date":"2021-09-01T09:09:01","date_gmt":"2021-09-01T12:09:01","guid":{"rendered":"https:\/\/www.ufmg.br\/consulta2021\/?p=72"},"modified":"2021-09-03T16:32:36","modified_gmt":"2021-09-03T19:32:36","slug":"72-2","status":"publish","type":"post","link":"https:\/\/www.ufmg.br\/consulta2021\/72-2\/","title":{"rendered":"Conselho Universit\u00e1rio aprova regulamento da consulta para escolha do novo Reitorado"},"content":{"rendered":"<article id=\"conteudo\" class=\"article\">\n<div class=\"widget\">\n<div class=\"widget widget--small\">\n<p>O Conselho Universit\u00e1rio da UFMG, \u00f3rg\u00e3o m\u00e1ximo de delibera\u00e7\u00e3o da Universidade, aprovou na \u00faltima quinta-feira, 12, o\u00a0<a href=\"https:\/\/ufmg.br\/storage\/0\/3\/4\/7\/034790b7f8cae821612282c9b420648e_16292047206019_1056354385.pdf\" target=\"_blank\" rel=\"noopener\">Regulamento que estabelece as diretrizes para o processo de consulta \u00e0 comunidade universit\u00e1ria para a escolha de reitor\/a e de vice-reitor\/a<\/a>, elaborado pela\u00a0comiss\u00e3o de membros do Conselho Universit\u00e1rio designada para esse fim, formada pelos diretores\u00a0 Maur\u00edcio Campomori (presidente), Humberto Alves (Medicina), Vilma Carvalho (IGC) e pelos representantes dos servidores t\u00e9cnico-administrativos em Educa\u00e7\u00e3o, Cristina del Papa, e dos estudantes, S\u00e1vio Loureiro.<\/p>\n<p>A consulta destina-se a subsidiar o Col\u00e9gio Eleitoral na elabora\u00e7\u00e3o da lista tr\u00edplice para a escolha do Reitorado que far\u00e1 a gest\u00e3o da Universidade no quadri\u00eanio 2022-2026. Nesta \u00faltima sexta-feira,\u00a013 de agosto, conforme estipulado no Regulamento aprovado, foi\u00a0<a href=\"https:\/\/ufmg.br\/storage\/f\/9\/0\/b\/f90bd6cb732abff40c3277390536be6d_1629220195528_888505774.pdf\" target=\"_blank\" rel=\"noopener\">publicada a portaria<\/a>\u00a0de cria\u00e7\u00e3o da Comiss\u00e3o Eleitoral, que ser\u00e1 instalada em reuni\u00e3o no dia 19. A comiss\u00e3o \u00e9 composta de membros do conselho universit\u00e1rio e do Cepe. Os representantes docentes titulares s\u00e3o Maria Elisa Sousa e Silva (Odontologia), Elder Paiva (ICB) e Denise Morado (Arquitetura), e os suplentes, Priscillla\u00a0Moura (Engenharia), Luciana Castro (ICA) e Eduardo Neves Silva (Fafich). As representantes dos t\u00e9cnicos s\u00e3o K\u00e1tia Pacheco (titular) e Swraide\u00a0Agripino (suplente). Os estudantes s\u00e3o representados por Luiza Datas Cruz (titular) e Luan Vitor Soares de Paiva (suplente).<\/p>\n<p><strong class=\"redactor-inline-converted\">Cronograma<br \/>\n<\/strong>A consulta ser\u00e1 realizada no dia 11 de novembro. Caso nenhuma chapa alcance a maioria absoluta nesse primeiro turno, ter\u00e1 vez um segundo turno em 25 de novembro. A inscri\u00e7\u00e3o das chapas dever\u00e1 ser feita de 6 a 13 de setembro. O calend\u00e1rio completo da consulta pode ser consultado no Regulamento.<\/p>\n<p>Est\u00e3o previstas tamb\u00e9m tr\u00eas datas para debates entre os candidatos: 20 de outubro, 27 de outubro e 3 de novembro.<\/p>\n<p><strong class=\"redactor-inline-converted\">Criptografia e sigilo<br \/>\n<\/strong>Nesta edi\u00e7\u00e3o, o processo de consulta ser\u00e1 realizado exclusivamente por meio do Sistema de Consultas da UFMG, que conta com \u201cgarantias de criptografia para impedir a intercepta\u00e7\u00e3o do voto via internet, a quebra do seu sigilo ou sua altera\u00e7\u00e3o por terceiros\u201d,\u00a0como se explica no regulamento.<\/p>\n<p>O sistema vem sendo utilizado com sucesso na elei\u00e7\u00e3o de representantes para colegiados, como o Conselho Universit\u00e1rio e o Conselho de Ensino, Pesquisa e Extens\u00e3o (Cepe), e na elei\u00e7\u00e3o de diretores de unidades, conforme\u00a0em julho na\u00a0Faculdade de Letras (Fale).<\/p>\n<p>Essa plataforma de processos eleitorais pode ser acessada por meio de qualquer dispositivo eletr\u00f4nico conectado\u00a0\u00e0 internet, pelos usu\u00e1rios previamente cadastrados no sistema MinhaUFMG. A vota\u00e7\u00e3o ser\u00e1 das 8h \u00e0s 20h, e o voto \u00e9 secreto.<\/p>\n<p>Com a realiza\u00e7\u00e3o da consulta pela internet, a expectativa da comiss\u00e3o respons\u00e1vel pela concep\u00e7\u00e3o do regulamento \u00e9 de que o \u00edndice de absten\u00e7\u00e3o diminua, em raz\u00e3o da maior praticidade instaurada pelo sistema, que dispensa o deslocamento at\u00e9 um ponto de vota\u00e7\u00e3o.<\/p>\n<p><strong>Quem participa<br \/>\n<\/strong>Est\u00e3o aptos a votar tanto os servidores (docentes e t\u00e9cnico-administrativos em educa\u00e7\u00e3o) em efetivo exerc\u00edcio quanto os estudantes maiores de 16 anos, de todos os n\u00edveis, que estiverem efetivamente matriculados na \u00e9poca\u00a0da consulta. A lista de votantes ser\u00e1 estabelecida com base na situa\u00e7\u00e3o cadastral dos membros da comunidade universit\u00e1ria em 4 de novembro.<\/p>\n<p>Nos casos dos votantes que integram mais de um segmento (por exemplo, servidores que s\u00e3o tamb\u00e9m alunos), eles ter\u00e3o direito a um \u00fanico voto (se docente e discente, vota como docente; se servidor t\u00e9cnico-administrativo e discente, vota como servidor).<\/p>\n<p>Entre as normas que regem a consulta, est\u00e1 o sistema de pondera\u00e7\u00e3o de votos, em que o voto dos servidores docentes tem peso de 70, o\u00a0dos servidores t\u00e9cnico-administrativos e o\u00a0dos\u00a0estudantes, de 15, cada segmento.\u00a0A f\u00f3rmula para a pondera\u00e7\u00e3o dos votos \u2013 cuja propor\u00e7\u00e3o est\u00e1 prevista no artigo 27 do Estatuto da UFMG, que por sua vez d\u00e1 cumprimento ao que \u00e9 estabelecido pelo Decreto n\u00ba 1.916\/96, do Governo Federal \u2013 pode ser consultada no regulamento da consulta, onde est\u00e3o todas as demais informa\u00e7\u00f5es concernentes ao processo.<\/p>\n<\/div>\n<\/div>\n<\/article>\n<footer class=\"[ main__footer ] [ widget widget--share ]\"><\/footer>\n<p><a href=\"https:\/\/ufmg.br\/comunicacao\/noticias\/conselho-universitario-aprova-regulamento-da-consulta-para-escolha-do-novo-reitorado\">Not\u00edcia do Portal UFMG.<\/a><\/p>\n","protected":false},"excerpt":{"rendered":"<p>O Conselho Universit\u00e1rio da UFMG, \u00f3rg\u00e3o m\u00e1ximo de delibera\u00e7\u00e3o da Universidade, aprovou na \u00faltima quinta-feira, 12, o\u00a0Regulamento que estabelece as diretrizes para o processo de consulta \u00e0 comunidade universit\u00e1ria para a escolha de reitor\/a e de vice-reitor\/a, elaborado pela\u00a0comiss\u00e3o de membros do Conselho Universit\u00e1rio designada para esse fim, formada pelos diretores\u00a0 Maur\u00edcio Campomori (presidente), Humberto [&hellip;]<\/p>\n","protected":false},"author":1,"featured_media":0,"comment_status":"open","ping_status":"open","sticky":false,"template":"","format":"standard","meta":[],"categories":[3],"tags":[],"_links":{"self":[{"href":"https:\/\/www.ufmg.br\/consulta2021\/wp-json\/wp\/v2\/posts\/72"}],"collection":[{"href":"https:\/\/www.ufmg.br\/consulta2021\/wp-json\/wp\/v2\/posts"}],"about":[{"href":"https:\/\/www.ufmg.br\/consulta2021\/wp-json\/wp\/v2\/types\/post"}],"author":[{"embeddable":true,"href":"https:\/\/www.ufmg.br\/consulta2021\/wp-json\/wp\/v2\/users\/1"}],"replies":[{"embeddable":true,"href":"https:\/\/www.ufmg.br\/consulta2021\/wp-json\/wp\/v2\/comments?post=72"}],"version-history":[{"count":3,"href":"https:\/\/www.ufmg.br\/consulta2021\/wp-json\/wp\/v2\/posts\/72\/revisions"}],"predecessor-version":[{"id":107,"href":"https:\/\/www.ufmg.br\/consulta2021\/wp-json\/wp\/v2\/posts\/72\/revisions\/107"}],"wp:attachment":[{"href":"https:\/\/www.ufmg.br\/consulta2021\/wp-json\/wp\/v2\/media?parent=72"}],"wp:term":[{"taxonomy":"category","embeddable":true,"href":"https:\/\/www.ufmg.br\/consulta2021\/wp-json\/wp\/v2\/categories?post=72"},{"taxonomy":"post_tag","embeddable":true,"href":"https:\/\/www.ufmg.br\/consulta2021\/wp-json\/wp\/v2\/tags?post=72"}],"curies":[{"name":"wp","href":"https:\/\/api.w.org\/{rel}","templated":true}]}}