{"id":1032,"date":"2014-02-27T08:00:00","date_gmt":"2014-02-27T08:00:00","guid":{"rendered":"https:\/\/www.ufmg.br\/dti\/cecom\/?p=1032"},"modified":"2014-02-27T08:00:00","modified_gmt":"2014-02-27T08:00:00","slug":"sistematico-edicao-1597-27022014","status":"publish","type":"post","link":"https:\/\/www.ufmg.br\/dti\/2014\/02\/27\/sistematico-edicao-1597-27022014\/","title":{"rendered":"Sistem\u00e1tico: Edi\u00e7\u00e3o 1597 &#8211; 27\/02\/2014"},"content":{"rendered":"<ul>\n<li><a href=\"\/dti\/#noticias\">Not\u00edcias<\/a>\n<div class='submenuSistematico'>\n<ul>\n<li><a href=\"\/dti\/#anoticias1\" id=\"1\"><span class=\"titulo\">REALIZADA      REUNI&Atilde;O DE INTEGRA&Ccedil;&Atilde;O DA DTI COM CECOM E LCC<\/span><\/a><\/li>\n<\/ul>\n<\/div>\n<\/li>\n<li><a href=\"\/dti\/#informativo\">Informativo<\/a>\n<div class='submenuSistematico'>\n<ul>\n<li><a href=\"\/dti\/#ainformativo2\" id=\"2\"><span class=\"titulo\">DICAS      DE SITES INTERESSANTES<\/span><\/a><\/li>\n<li><a href=\"\/dti\/#ainformativo2\" id=\"2\"><span class=\"titulo\">CARNAVAL<\/span><\/a><\/li>\n<li><a href=\"\/dti\/#ainformativo2\" id=\"2\"><br \/>     <span class=\"titulo\"><br \/>     UFMG OCUPA QUINTA POSI&Ccedil;&Atilde;O ENTRE BRASILEIRAS NO QS WORLD      UNIVERSITY RAKING 2014<\/span><\/a><\/li>\n<li><a href=\"\/dti\/#ainformativo2\" id=\"2\"><span class=\"titulo\">CENEX      DA EBA OFERECE CURSOS DE INICIA&Ccedil;&Atilde;O E APERFEI&Ccedil;OAMENTO      ART&Iacute;STICOS <\/span><\/a><\/li>\n<li><a href=\"\/dti\/#ainformativo4\" id=\"4\"><span class=\"titulo\">H\u00e1 20 anos&#8230;<\/span><\/a><\/li>\n<\/ul>\n<\/div>\n<\/li>\n<li><a href=\"\/dti\/#eventos\">Eventos<\/a>\n<div class='submenuSistematico'>\n<ul>\n<li><a href=\"\/dti\/#aeventos1\" id=\"1\"><span class=\"titulo\">SOCIAIS<\/span><\/a><\/li>\n<li><a href=\"\/dti\/#aeventos3\" id=\"3\"><span class=\"titulo\">MEM&Oacute;RIA      FOTOGR&Aacute;FICA DO CECOM<\/span><\/a><\/li>\n<\/ul>\n<\/div>\n<\/li>\n<\/ul>\n<ul class='pdfSist'>\n<li><a href=\"https:\/\/www.ufmg.br\/dti\/wp-content\/uploads\/Sistematico_PDF\/Sist03_2014-A4.pdf\"><img loading=\"lazy\" decoding=\"async\" src=\"https:\/\/www.ufmg.br\/dti\/wp-content\/uploads\/Sistematico_PDF\/mini_pdf.gif\" width=\"30\" height=\"53\" border=\"0\"> Vers\u00e3o em PDF<\/a><\/li>\n<\/ul>\n<p> <a name='noticias'><\/a><\/p>\n<h4>Not\u00edcias<\/h4>\n<div class=\"centro-sistematico\">  <!-- noticias --> <a><\/a> <\/p>\n<p>   <\/p>\n<table width=\"556\" border=\"0\" cellpadding=\"0\" cellspacing=\"0\">\n<tr>\n<td width=\"12\" height=\"347\" align=\"LEFT\" valign=\"TOP\"><\/td>\n<td width=\"544\" align=\"LEFT\" valign=\"TOP\">\n<p><a name=\"anoticias1\" id=\"1\"><span class=\"titulo\">REALIZADA      REUNI&Atilde;O DE INTEGRA&Ccedil;&Atilde;O DA DTI COM CECOM E LCC<\/span><\/a><\/p>\n<p align=\"justify\"><span class=\"texto\"> Ontem, dia 26, foi realizada reuni&atilde;o      de integra&ccedil;&atilde;o da DTI &#8211; Diretoria de Tecnologia da Informa&ccedil;&atilde;o,      com a presen&ccedil;a das equipes do CECOM e do LCC. A reuni&atilde;o      teve lugar no Espa&ccedil;o de Conviv&ecirc;ncia do 8o andar do pr&eacute;dio      da Reitoria.<\/p>\n<p>     A reuni&atilde;o foi realizada em fun&ccedil;&atilde;o das mudan&ccedil;as      que est&atilde;o ocorrendo na DTI e que alteraram a distribui&ccedil;&atilde;o      de pessoas do CECOM e do LCC, e entre os espa&ccedil;os f&iacute;sicos      da Reitoria e do ICEx. Na oportunidade, o CECOM promoveu um lanche de      final de expediente, com apresenta&ccedil;&otilde;es das equipes.<\/p>\n<p>     Estiveram presentes cerca de 80 pessoas, integrantes das divis&otilde;es      do CECOM e do LCC.<\/span><\/p>\n<p align=\"center\"><img loading=\"lazy\" decoding=\"async\" src=\"https:\/\/www.ufmg.br\/dti\/wp-content\/uploads\/fotos\/Ano%202014\/Fevereiro\/27-02-2014\/IMG_00002422.jpg\" width=\"500\" height=\"280\"><br \/>     <em><strong><font face=\"-2\">Carlos Alfeu, Diretor do CECOM<\/p>\n<p>     <img loading=\"lazy\" decoding=\"async\" src=\"https:\/\/www.ufmg.br\/dti\/wp-content\/uploads\/fotos\/Ano%202014\/Fevereiro\/27-02-2014\/IMG_00002395.jpg\" width=\"500\" height=\"280\">      <\/font><\/strong><\/em><br \/>     <em><strong><font face=\"-2\">Uma vis&atilde;o da Sala de Conviv&ecirc;ncia      do 8&ordf; andar, vendo-se Rog&eacute;rio e &Eacute;dipo<\/font><\/strong><\/em><\/p>\n<p align=\"center\"><em><strong><font face=\"-2\"><img loading=\"lazy\" decoding=\"async\" src=\"https:\/\/www.ufmg.br\/dti\/wp-content\/uploads\/fotos\/Ano%202014\/Fevereiro\/27-02-2014\/IMG_00002426.jpg\" width=\"500\" height=\"280\"><\/font><\/strong><\/em>      <br \/>     <em><strong><font face=\"-2\">Ronaldo, Paulo Henrique, Karina, Jos&eacute;      Eug&ecirc;nio, Rog&eacute;rio, Edilson, Maur&iacute;cio e Ben&iacute;cio<\/p>\n<p>     <img loading=\"lazy\" decoding=\"async\" src=\"https:\/\/www.ufmg.br\/dti\/wp-content\/uploads\/fotos\/Ano%202014\/Fevereiro\/27-02-2014\/IMG_00002431(b).jpg\" width=\"396\" height=\"280\">      <\/font><\/strong><\/em> <br \/>     <em><strong><font face=\"-2\">Fernando Frota e Euler<\/font><\/strong><\/em>      <\/p>\n<p>     <a href=\"\/dti\/#topo\"><img loading=\"lazy\" decoding=\"async\" src=\"https:\/\/www.ufmg.br\/dti\/wp-content\/uploads\/imgs\/tudo_topo.gif\" width=\"35\" height=\"11\" alt=\"\" border=\"0\" hspace=\"0\" vspace=\"0\" align=\"right\"><br \/>     <\/a><\/p>\n<\/td>\n<\/tr>\n<p>  <!-- #BeginEditable \"materias\" --> <!-- #EndEditable -->  <\/table>\n<\/p><\/div>\n<p><a name='informativo'><\/a><\/p>\n<h4>Informativo<\/h4>\n<div class=\"centro-sistematico\">  <!-- noticias --> <a><\/a>  <\/p>\n<table border=\"0\" cellspacing=\"0\" cellpadding=\"0\">\n<tr>\n<td><\/td>\n<td><\/td>\n<\/tr>\n<p>  <!-- #BeginEditable \"materias\" --> <!-- #EndEditable -->  <\/table>\n<p> <!-- fim noticias --> <!-- tabela ha 20 anos --> <\/p>\n<table border=\"0\" cellpadding=\"0\" cellspacing=\"0\" bgcolor=\"#FFFFFF\">\n<tr>\n<td height=\"227\" align=\"LEFT\" valign=\"TOP\"><\/td>\n<td align=\"LEFT\" valign=\"TOP\">&nbsp;<\/td>\n<td align=\"LEFT\" valign=\"TOP\">\n<p align=\"left\"><span class=\"texto\"><a name=\"ainformativo2\" id=\"2\"><span class=\"titulo\">DICAS      DE SITES INTERESSANTES<\/span><\/a><\/span><\/p>\n<p align=\"justify\"><span class=\"texto\">Na aus&ecirc;ncia de Adyrus, o      ca&ccedil;ador de sites, Di&ecirc;go Jess&eacute; de Pinho Tom&aacute;z      assumiu o lugar e enviou as seguintes dicas:<\/p>\n<p>     &#8211; Linguagem formal ou coloquial no help\/service desk? V&aacute; at&eacute;      o <a href=\"http:\/\/www.milldesk.com.br\/linguagem-formal-ou-coloquial-no-helpservice-desk\/#.UwyIUMBdW7c\">endere&ccedil;o<\/a>.<\/p>\n<p>     &#8211; 16 lugares surpreendentes para adicionar &agrave; sua lista de coisas      a fazer antes de&nbsp;morrer. Pegue a estrada irregular, empoeirada      e espetacular. N&atilde;o deixer de visitar o <a href=\"http:\/\/www.buzzfeed.com\/ariannarebolini\/16-mochiloes-surpreendentes-para-adicionar-a-sua-l\">endere&ccedil;o<\/a>.<\/p>\n<p>     &#8211; Voc&ecirc; pode saber algumas curiosidades na &aacute;rea de TI visitando      o <a href=\"http:\/\/exame.abril.com.br\/tecnologia\/noticias\/10-arrependimentos-na-historia-da-tecnologia\">endere&ccedil;o<\/a>.<br \/>     <\/span><span class=\"texto\"><\/span><span class=\"texto\"><br \/>     <\/span>    <\/p>\n<\/td>\n<\/tr>\n<tr bgcolor=\"#E6E6E6\">\n<td height=\"140\" align=\"LEFT\" valign=\"TOP\"><\/td>\n<td align=\"LEFT\" valign=\"TOP\">&nbsp;<\/td>\n<td align=\"LEFT\" valign=\"TOP\" bgcolor=\"#EFEFEF\">\n<p align=\"justify\"><span class=\"texto\"><a name=\"ainformativo2\" id=\"2\"><span class=\"titulo\">CARNAVAL<\/span><\/a><\/span><\/p>\n<p align=\"center\"><span class=\"texto\">O Carnaval est&aacute; chegando!      Para aqueles que gostam, caiam na folia. Para aqueles que gostam de      somente descansar, um bom fim de semana prolongado.<\/p>\n<p>     Bom Carnaval para todos!<br \/>     <\/span><span class=\"texto\"><\/span><span class=\"texto\"><br \/>     <\/span>    <\/p>\n<\/td>\n<\/tr>\n<tr>\n<td height=\"124\" align=\"LEFT\" valign=\"TOP\"><\/td>\n<td align=\"LEFT\" valign=\"TOP\">&nbsp;<\/td>\n<td align=\"LEFT\" valign=\"TOP\">\n<p align=\"left\"><span class=\"texto\"><a name=\"ainformativo2\" id=\"2\"><br \/>     <span class=\"titulo\"><br \/>     UFMG OCUPA QUINTA POSI&Ccedil;&Atilde;O ENTRE BRASILEIRAS NO QS WORLD      UNIVERSITY RAKING 2014<\/span><\/a><\/span><\/p>\n<p align=\"justify\"><span class=\"texto\">A UFMG manteve a quinta coloca&ccedil;&atilde;o      entre as universidades brasileiras e continua integrando o grupo 481-490      no ranking mundial no QS World University Rankings 2014, avalia&ccedil;&atilde;o      anual que indica e compara o desempenho de 700 universidades em todo      o mundo, divulgada esta semana.<\/p>\n<p>     O professor Renato de Lima Santos, pr&oacute;-reitor de Pesquisa da      UFMG, afirma que este &eacute; um bom indicador, pois demonstra a estabilidade      da universidade no ranking. &#8220;Tamb&eacute;m em outros rankings,      tanto nacionais quanto internacionais, a UFMG sempre figura entre as      cinco melhores do pa&iacute;s&#8221;, diz. <\/p>\n<p>     O pr&oacute;-reitor ressalta ainda que alguns par&acirc;metros utilizados      na avalia&ccedil;&atilde;o de rankings internacionais, como o QS, favorecem      universidades mais antigas e de pa&iacute;ses de primeiro mundo, a exemplo      dos indicadores de internacionaliza&ccedil;&atilde;o. &#8220;A compara&ccedil;&atilde;o      gera algumas distor&ccedil;&otilde;es, pois penaliza universidades mais      jovens, em especial de pa&iacute;ses emergentes&#8221;, salienta.<\/p>\n<p>     O ranking QS World University 2014 leva em conta uma pesquisa de reputa&ccedil;&atilde;o      acad&ecirc;mica, pesquisa entre empregadores e dados sobre cita&ccedil;&otilde;es      de pesquisas.<\/p>\n<p>     <em>(Fonte: Cedecom &#8211; Assessoria de Imprensa &#8211; 27\/02\/2014)<\/em><\/p>\n<p>     <\/span><span class=\"texto\"><\/span><span class=\"texto\"><br \/>     <\/span>    <\/p>\n<\/td>\n<\/tr>\n<tr>\n<td height=\"124\" align=\"LEFT\" valign=\"TOP\"><\/td>\n<td align=\"LEFT\" valign=\"TOP\">&nbsp;<\/td>\n<td align=\"LEFT\" valign=\"TOP\">\n<p align=\"left\"><span class=\"texto\"><a name=\"ainformativo2\" id=\"2\"><span class=\"titulo\">CENEX      DA EBA OFERECE CURSOS DE INICIA&Ccedil;&Atilde;O E APERFEI&Ccedil;OAMENTO      ART&Iacute;STICOS <\/span><\/a><\/span><\/p>\n<p align=\"justify\"><span class=\"texto\">O Centro de Extens&atilde;o da      Escola de Belas Artes abriu inscri&ccedil;&otilde;es para cursos de      inicia&ccedil;&atilde;o e aperfei&ccedil;oamento que ser&atilde;o oferecidos      ainda no primeiro semestre de 2014. Os cursos coordenados pelo Cenex      s&atilde;o ministrados por profissionais atuantes nas artes, com orienta&ccedil;&atilde;o      de docentes da EBA. <\/p>\n<p>     O objetivo &eacute; desenvolver as habilidades de iniciantes e aprofundar      conhecimentos de profissionais. Os cursos abrangem as &aacute;reas da      fotografia, pintura, desenho, teatro, cinema, anima&ccedil;&atilde;o,      moda, dan&ccedil;a e hist&oacute;ria da arte. <\/p>\n<p>     Entre os cursos, destaque para aquarela, inicia&ccedil;&atilde;o &agrave;      pintura, inicia&ccedil;&atilde;o ao desenho, desenho de paisagem, t&eacute;cnicas      de desenho, inicia&ccedil;&atilde;o em artes visuais para crian&ccedil;as,      arte moderna e contempor&acirc;nea, roteiro cinematogr&aacute;fico,      dan&ccedil;a cl&aacute;ssica, dan&ccedil;a de sal&atilde;o, introdu&ccedil;&atilde;o      ao breaking e a cultura hip hop, introdu&ccedil;&atilde;o &agrave; pr&aacute;tica      de m&iacute;mica, fotografia digital, photoshop b&aacute;sico. Veja      informa&ccedil;&otilde;es sobre os cursos no endere&ccedil;o https:\/\/www.ufmg.br\/online\/arquivos\/anexosRela%E7%E3o%20de%20Oferta%      20dos%20Cursos%20de%20Extens%E3ao %202014.01.pdf.<\/p>\n<p>     As inscri&ccedil;&otilde;es podem ser feitas at&eacute; um dia antes      do in&iacute;cio de cada curso por meio do site da Fundep ou na sede      da Funda&ccedil;&atilde;o na Pra&ccedil;a de Servi&ccedil;os do campus      Pampulha. Mais informa&ccedil;&otilde;es pelo telefone 3409-6517.<\/p>\n<p>     <em>(Fonte: https:\/\/www.ufmg.br\/online\/arquivos\/032131.shtml &#8211; 26\/02\/2014)<\/em><br \/>     <\/span><span class=\"texto\"><\/span><span class=\"texto\"><br \/>     <\/span>    <\/p>\n<\/td>\n<\/tr>\n<tr bgcolor=\"#FFFFFF\" class=\"cinza\">\n<td height=\"264\"><img loading=\"lazy\" decoding=\"async\" src=\"https:\/\/www.ufmg.br\/dti\/wp-content\/uploads\/imgs\/tudo_pixel.gif\" width=\"1\" height=\"1\" alt=\"\" border=\"0\"><\/td>\n<td align=\"LEFT\" valign=\"TOP\">&nbsp;<\/td>\n<td align=\"LEFT\" valign=\"TOP\"><!-- #BeginEditable \"ha%2020%20anos\" -->     <\/p>\n<div align=\"justify\">\n<p><a name=\"ainformativo4\" id=\"4\"><span class=\"titulo\">H\u00e1 20 anos&#8230;<\/span><\/a><\/p>\n<p>      <span class=\"texto\"> O Sistem&aacute;tico Ano XVIII, n&ordm; 08, de       03\/03\/1994, publicou not&iacute;cias sobre vers&atilde;o 4.0 da Rede       Novell, Bate Papo T&eacute;cnico, atualiza&ccedil;&atilde;o de dados       no CGR &#8211; CECOM\/Ger&ecirc;ncia de Rede, novos estagi&aacute;rios do       CECOM, sa&iacute;da de estagi&aacute;rios, paradas do Sistema A10,       e o artigo &#8220;O PC dos meus\/seus sonhos&#8221;, de Luiz Eug&ecirc;nio       de Almeida Oliveira. A not&iacute;cia que se destacou foi:<\/span><\/p>\n<p><span class=\"texto\"><strong>PROJETO REITORIA<br \/>      <\/strong><\/span><span class=\"texto\"><br \/>      <font face=\"1\">O CECOM recebeu hoje, da ATT &#8211; Consultoria em Inform&aacute;tica       Ltda., o projeto para montagem da Rede Reitoria.<br \/>      O projeto prev&ecirc; dotar todos os andares do pr&eacute;dio com       infraestrtura de redes locais, al&eacute;m de instala&ccedil;&atilde;o       de servidoras que ir&atilde;o disponibilizar servi&ccedil;os para       a Rede UFMG.<\/font><\/span><\/p>\n<\/p><\/div>\n<div align=\"justify\">\n<p><span class=\"texto\"><\/span><\/p>\n<\/p><\/div>\n<p>    <!-- #EndEditable --><\/td>\n<\/tr>\n<tr>\n<td width=\"12\" align=\"LEFT\" valign=\"TOP\">&nbsp;<\/td>\n<td align=\"LEFT\" valign=\"TOP\">&nbsp;<\/td>\n<td align=\"LEFT\" valign=\"TOP\">\n<p align=\"left\"><span class=\"texto\"> <\/span>    <\/p>\n<\/td>\n<\/tr>\n<p>  <!-- #BeginEditable \"materias\" --> <!-- #EndEditable -->  <\/table>\n<p> <!-- fim tabela ha 20 anos --><\/div>\n<p><a name='eventos'><\/a><\/p>\n<h4>Eventos<\/h4>\n<div class=\"centro-sistematico\">  <!-- noticias --> <\/p>\n<table border=\"0\" cellpadding=\"0\" cellspacing=\"0\">\n<tr>\n<td align=\"LEFT\" valign=\"TOP\">&nbsp;<\/td>\n<td align=\"LEFT\" valign=\"TOP\">&nbsp;<\/td>\n<\/tr>\n<p>  <!-- #BeginEditable \"materias\" --> <!-- #EndEditable -->  <\/table>\n<table border=\"0\" cellpadding=\"0\" cellspacing=\"0\">\n<tr>\n<td><\/td>\n<td>&nbsp;<\/td>\n<td>&nbsp;<\/td>\n<td><\/td>\n<\/tr>\n<tr>\n<td height=\"169\" align=\"LEFT\" valign=\"TOP\"><\/td>\n<td align=\"LEFT\" valign=\"TOP\">&nbsp;<\/td>\n<td align=\"LEFT\" valign=\"TOP\">&nbsp;<\/td>\n<td align=\"LEFT\" valign=\"TOP\">\n<p><a name=\"aeventos1\" id=\"1\"><span class=\"titulo\">SOCIAIS<\/span><\/a><\/p>\n<p align=\"justify\" class=\"texto\"><strong>ANIVERS&Aacute;RIOS: <\/strong><em>&#8220;O      Sistem&aacute;tico&#8221; envia os parab&eacute;ns para: Carlos Alfeu      Furtado Fonseca e F&aacute;bio Luiz de Morais, no dia 04; Marcos Ant&ocirc;nio      Silvestre, no dia 09; e para os ex-ceconianos: Maria das Gra&ccedil;as      Melo e Almada (Mariinha), hoje, dia 27; Tiago Alisson Xavier da Silva,      no dia 1o de mar&ccedil;o; Erliene Duque Loubaque, no dia 04; Prof.      Ant&ocirc;nio Mendes Ribeiro, no dia 05; Paulo Jos&eacute; dos Santos      e Luiz Henrique de Ara&uacute;jo Vecchio, no dia 06; S&ocirc;nia Nair      Ferreira Guerra, no dia 08; e Jos&eacute; Efig&ecirc;nio de Oliveira,      no dia 11.<\/em><br \/>     <span class=\"texto\"><br \/>     <\/span><\/p>\n<\/td>\n<\/tr>\n<tr>\n<td height=\"169\" align=\"LEFT\" valign=\"TOP\"><\/td>\n<td align=\"LEFT\" valign=\"TOP\">&nbsp;<\/td>\n<td align=\"LEFT\" valign=\"TOP\">&nbsp;<\/td>\n<td align=\"LEFT\" valign=\"TOP\">\n<p><a name=\"aeventos3\" id=\"3\"><span class=\"titulo\">MEM&Oacute;RIA      FOTOGR&Aacute;FICA DO CECOM<\/span><\/a><\/p>\n<p align=\"justify\" class=\"texto\"> A reuni&atilde;o de integra&ccedil;&atilde;o      das equipes do CECOM e do LCC, realizada na quarta-feira, dia 26, no      Espa&ccedil;o de Conviv&ecirc;ncia do 8o andar, contou com um lanche      de confraterniza&ccedil;&atilde;o. As fotos s&atilde;o de autoria da      Lel&eacute;. <\/p>\n<p align=\"center\" class=\"texto\"> <em><strong><font face=\"1\"><span class=\"texto\"><strong><font face=\"2\"><span class=\"texto\"><font face=\"1\"><em><img loading=\"lazy\" decoding=\"async\" src=\"https:\/\/www.ufmg.br\/dti\/wp-content\/uploads\/fotos\/Ano%202014\/Fevereiro\/27-02-2014\/IMG_00002384.jpg\" width=\"500\" height=\"280\"><br \/>     A mesa com os salgados<\/em><\/font><\/span><\/font><\/strong><\/span><\/font><\/strong><\/em><\/p>\n<p align=\"center\" class=\"texto\"><em><strong><font face=\"1\"><img loading=\"lazy\" decoding=\"async\" src=\"https:\/\/www.ufmg.br\/dti\/wp-content\/uploads\/fotos\/Ano%202014\/Fevereiro\/27-02-2014\/IMG_00002398.jpg\" width=\"500\" height=\"280\"><br \/>     Euler, Luiz Alberto, Rodrigo Zeferino e Carlos Alfeu<\/p>\n<p>     <img loading=\"lazy\" decoding=\"async\" src=\"https:\/\/www.ufmg.br\/dti\/wp-content\/uploads\/fotos\/Ano%202014\/Fevereiro\/27-02-2014\/IMG_00002403.jpg\" width=\"500\" height=\"280\">      <\/font><\/strong><\/em><br \/>     <em><strong><font face=\"1\">Karina,      Rosa, Frota e Soraya<\/font><\/strong><\/em><\/p>\n<p align=\"center\" class=\"texto\"><img loading=\"lazy\" decoding=\"async\" src=\"https:\/\/www.ufmg.br\/dti\/wp-content\/uploads\/fotos\/Ano%202014\/Fevereiro\/27-02-2014\/IMG_00002413.jpg\" width=\"500\" height=\"280\"><br \/>     <em><strong><font face=\"1\">M&aacute;rcia Lemos e Ant&ocirc;nio Carlos<\/p>\n<p>     <img loading=\"lazy\" decoding=\"async\" src=\"https:\/\/www.ufmg.br\/dti\/wp-content\/uploads\/fotos\/Ano%202014\/Fevereiro\/27-02-2014\/IMG_00002434.jpg\" width=\"500\" height=\"280\">      <\/font><\/strong><\/em> <br \/>     <em><strong><font face=\"1\">Lucas, Rog&eacute;rio, Soraya, Zeferino,      Emerson, Thiago Moreira, Ronaldo, Ben&iacute;cio, Paulo Henrique e Maur&iacute;cio<\/font><\/strong><\/em>      <br \/>     <em><strong><font face=\"1\"><br \/>     <img loading=\"lazy\" decoding=\"async\" src=\"https:\/\/www.ufmg.br\/dti\/wp-content\/uploads\/fotos\/Ano%202014\/Fevereiro\/27-02-2014\/IMG_00002449.jpg\" width=\"500\" height=\"280\">      <br \/>     Renato Adriano se apresentando, vendo-se Takeda, Frota e Le&atilde;o<\/font><\/strong><\/em><\/p>\n<p align=\"center\" class=\"texto\"><em><strong><font face=\"1\"><img loading=\"lazy\" decoding=\"async\" src=\"https:\/\/www.ufmg.br\/dti\/wp-content\/uploads\/fotos\/Ano%202014\/Fevereiro\/27-02-2014\/IMG_00002435.jpg\" width=\"500\" height=\"280\"><br \/>     Karina se apresentando<\/p>\n<p>     <img loading=\"lazy\" decoding=\"async\" src=\"https:\/\/www.ufmg.br\/dti\/wp-content\/uploads\/fotos\/Ano%202014\/Fevereiro\/27-02-2014\/IMG_00002447.jpg\" width=\"500\" height=\"280\">      <br \/>     Paulo Henrique se apresentando<\/font><\/strong><\/em><em><strong><font face=\"1\"><br \/>     <\/font><\/strong><\/em><em><strong><font face=\"1\">      <\/font><\/strong><\/em><span class=\"texto\">      <\/span><\/p>\n<\/td>\n<\/tr>\n<p>  <!-- #BeginEditable \"materias\" --> <!-- #EndEditable -->  <\/table>\n<p> <!-- fim noticias --><\/div>\n","protected":false},"excerpt":{"rendered":"<p>Not\u00edcias REALIZADA REUNI&Atilde;O DE INTEGRA&Ccedil;&Atilde;O DA DTI COM CECOM E LCC Informativo DICAS DE SITES INTERESSANTES CARNAVAL UFMG OCUPA QUINTA POSI&Ccedil;&Atilde;O ENTRE BRASILEIRAS NO QS WORLD UNIVERSITY RAKING 2014 CENEX DA EBA OFERECE CURSOS DE INICIA&Ccedil;&Atilde;O E APERFEI&Ccedil;OAMENTO ART&Iacute;STICOS H\u00e1 20 anos&#8230; Eventos SOCIAIS MEM&Oacute;RIA FOTOGR&Aacute;FICA DO CECOM Vers\u00e3o em PDF Not\u00edcias REALIZADA REUNI&Atilde;O DE &#8230; <a title=\"Sistem\u00e1tico: Edi\u00e7\u00e3o 1597 &#8211; 27\/02\/2014\" class=\"read-more\" href=\"https:\/\/www.ufmg.br\/dti\/2014\/02\/27\/sistematico-edicao-1597-27022014\/\" aria-label=\"Read more about Sistem\u00e1tico: Edi\u00e7\u00e3o 1597 &#8211; 27\/02\/2014\">Ler mais<\/a><\/p>\n","protected":false},"author":3,"featured_media":0,"comment_status":"open","ping_status":"open","sticky":false,"template":"","format":"standard","meta":{"inline_featured_image":false,"footnotes":""},"categories":[13],"tags":[],"coauthors":[79],"class_list":["post-1032","post","type-post","status-publish","format-standard","hentry","category-sistematico"],"_links":{"self":[{"href":"https:\/\/www.ufmg.br\/dti\/wp-json\/wp\/v2\/posts\/1032","targetHints":{"allow":["GET"]}}],"collection":[{"href":"https:\/\/www.ufmg.br\/dti\/wp-json\/wp\/v2\/posts"}],"about":[{"href":"https:\/\/www.ufmg.br\/dti\/wp-json\/wp\/v2\/types\/post"}],"author":[{"embeddable":true,"href":"https:\/\/www.ufmg.br\/dti\/wp-json\/wp\/v2\/users\/3"}],"replies":[{"embeddable":true,"href":"https:\/\/www.ufmg.br\/dti\/wp-json\/wp\/v2\/comments?post=1032"}],"version-history":[{"count":0,"href":"https:\/\/www.ufmg.br\/dti\/wp-json\/wp\/v2\/posts\/1032\/revisions"}],"wp:attachment":[{"href":"https:\/\/www.ufmg.br\/dti\/wp-json\/wp\/v2\/media?parent=1032"}],"wp:term":[{"taxonomy":"category","embeddable":true,"href":"https:\/\/www.ufmg.br\/dti\/wp-json\/wp\/v2\/categories?post=1032"},{"taxonomy":"post_tag","embeddable":true,"href":"https:\/\/www.ufmg.br\/dti\/wp-json\/wp\/v2\/tags?post=1032"},{"taxonomy":"author","embeddable":true,"href":"https:\/\/www.ufmg.br\/dti\/wp-json\/wp\/v2\/coauthors?post=1032"}],"curies":[{"name":"wp","href":"https:\/\/api.w.org\/{rel}","templated":true}]}}