{"id":1049,"date":"2013-07-11T08:00:00","date_gmt":"2013-07-11T08:00:00","guid":{"rendered":"https:\/\/www.ufmg.br\/dti\/cecom\/?p=1049"},"modified":"2013-07-11T08:00:00","modified_gmt":"2013-07-11T08:00:00","slug":"sistematico-edicao-1580-11072013","status":"publish","type":"post","link":"https:\/\/www.ufmg.br\/dti\/2013\/07\/11\/sistematico-edicao-1580-11072013\/","title":{"rendered":"Sistem\u00e1tico: Edi\u00e7\u00e3o 1580 &#8211; 11\/07\/2013"},"content":{"rendered":"<ul>\n<li><a href=\"\/dti\/#noticias\">Not\u00edcias<\/a>\n<div class='submenuSistematico'>\n<ul>\n<li><a href=\"\/dti\/#anoticias1\" id=\"1\"><span class=\"titulo\"><span class=\"titulo\">UFMG      E OI INICIAM PROCESSO DE PORTABILIDADE DE RAMAIS TELEF&Ocirc;NICOS<\/span><\/span><\/a><\/li>\n<li><a href=\"\/dti\/#anoticias2\" id=\"2\"><span class=\"titulo\"><span class=\"titulo\">CECOM      PROMOVE PREG&Atilde;O ELETR&Ocirc;NICO<\/span><\/span><\/a><\/li>\n<li><a href=\"\/dti\/#anoticias3\" id=\"3\"><span class=\"titulo\">CONTINUAM      OS TRABALHOS DE INSTALA&Ccedil;&Atilde;O DO NOVO AR CONDICIONADO DO      CECOM NO SUBSOLO<\/span><\/a><\/li>\n<li><a href=\"\/dti\/#anoticias4\" id=\"4\"><span class=\"titulo\">SA&Iacute;DA      DE ESTAGI&Aacute;RIO<\/span><\/a><\/li>\n<li><a href=\"\/dti\/#anoticias5\" id=\"5\"><span class=\"titulo\">NOVO      ESTAGI&Aacute;RIO DO CECOM<\/span><\/a><\/li>\n<\/ul>\n<\/div>\n<\/li>\n<li><a href=\"\/dti\/#informativo\">Informativo<\/a>\n<div class='submenuSistematico'>\n<ul>\n<li><a href=\"\/dti\/#ainformativo1\" id=\"1\"><span class=\"titulo\">ESTAT&Iacute;STICAS      DE ACESSO DO SERVI&Ccedil;O PROXY HTTP<\/span><\/a><\/li>\n<li><a href=\"\/dti\/#ainformativo2\" id=\"2\"><span class=\"titulo\">DICAS      DE SITES INTERESSANTES<\/span><\/a><\/li>\n<li><a href=\"\/dti\/#ainformativo3\" id=\"3\"><span class=\"titulo\">PROGRAMA      DE ISEN&Ccedil;&Atilde;O DA TAXA DE INSCRI&Ccedil;&Atilde;O DO VESTIBULAR      INSCREVE AT&Eacute; SEXTA<\/span><\/a><\/li>\n<li><a href=\"\/dti\/#ainformativo4\" id=\"4\"><span class=\"titulo\">ABERTAS      INSCRI&Ccedil;&Otilde;ES PARA PROJETO DE F&Eacute;RIAS NA ESTA&Ccedil;&Atilde;O      ECOL&Oacute;GICA<\/span><\/a><\/li>\n<li><a href=\"\/dti\/#ainformativo5\" id=\"5\"><span class=\"titulo\">H\u00e1 20 anos&#8230;<\/span><\/a><\/li>\n<\/ul>\n<\/div>\n<\/li>\n<li><a href=\"\/dti\/#eventos\">Eventos<\/a>\n<div class='submenuSistematico'>\n<ul>\n<li><a href=\"\/dti\/#aeventos1\" id=\"1\"><span class=\"titulo\">SOCIAIS<\/span><\/a><\/li>\n<li><a href=\"\/dti\/#aeventos2\" id=\"2\"><span class=\"titulo\">MEM&Oacute;RIA      FOTOGR&Aacute;FICA DO CECOM<\/span><\/a><\/li>\n<\/ul>\n<\/div>\n<\/li>\n<\/ul>\n<ul class='pdfSist'>\n<li><a href=\"https:\/\/www.ufmg.br\/dti\/wp-content\/uploads\/Sistematico_PDF\/Sist17_2013-A4.pdf\"><img loading=\"lazy\" decoding=\"async\" src=\"https:\/\/www.ufmg.br\/dti\/wp-content\/uploads\/Sistematico_PDF\/mini_pdf.gif\" width=\"30\" height=\"53\" border=\"0\"> Vers\u00e3o em PDF<\/a><\/li>\n<\/ul>\n<p> <a name='noticias'><\/a><\/p>\n<h4>Not\u00edcias<\/h4>\n<div class=\"centro-sistematico\">  <!-- noticias --> <a><\/a>   <\/p>\n<table border=\"0\" cellpadding=\"0\" cellspacing=\"0\">\n<tr>\n<td height=\"299\" align=\"LEFT\" valign=\"TOP\"><\/td>\n<td align=\"LEFT\" valign=\"TOP\">\n<p><a name=\"anoticias1\" id=\"1\"><span class=\"titulo\"><span class=\"titulo\">UFMG      E OI INICIAM PROCESSO DE PORTABILIDADE DE RAMAIS TELEF&Ocirc;NICOS<\/span><\/span><\/a><\/p>\n<p align=\"justify\"><span class=\"texto\"> O CECOM e a Oi iniciaram o processo      de &#8220;portabilidade reversa&#8221;, tecnicamente chamado de PPO      &#8211; sigla em ingl&ecirc;s para &#8220;Portabilidade Para Origem&#8221;,      dos seus circuitos e n&uacute;meros utilizados na telefonia fixa. Os      servi&ccedil;os de telefonia fixa utilizados nas centrais telef&ocirc;nicas      eram fornecidos pela Oi, passaram para a Embratel e, agora, ap&oacute;s      processo licitat&oacute;rio, retornam &agrave; Oi. Estes servi&ccedil;os      englobam liga&ccedil;&otilde;es locais e de longa dist&acirc;ncia nacional      e internacional. A liga&ccedil;&atilde;o para acessos da telefonia m&oacute;vel      ser&atilde;o feitas atrav&eacute;s da Embratel, que venceu o processo      licitat&oacute;rio aberto para presta&ccedil;&atilde;o exclusiva deste      servi&ccedil;o.<\/p>\n<p>     A execu&ccedil;&atilde;o da portabilidade come&ccedil;ou no &uacute;ltimo      s&aacute;bado, quando foram migrados os circuitos que atendem ao Campus      Sa&uacute;de e que atendem tamb&eacute;m ao Conservat&oacute;rio, Escola      de Arquitetura e Faculdade de Direito. No pr&oacute;ximo s&aacute;bado,      dia 13, dever&atilde;o ser migrados os circuitos que atendem ao Campus      Pampulha. Museu de Hist&oacute;ria Natural, Centro Cultural e Instituto      de Ci&ecirc;ncias Agr&aacute;rias ser&atilde;o atendidos durante a pr&oacute;xima      semana.<\/span><\/p>\n<p>     <a href=\"\/dti\/#topo\"><img loading=\"lazy\" decoding=\"async\" src=\"https:\/\/www.ufmg.br\/dti\/wp-content\/uploads\/imgs\/tudo_topo.gif\" width=\"35\" height=\"11\" alt=\"\" border=\"0\" hspace=\"0\" vspace=\"0\" align=\"right\"><br \/>     <\/a>    <\/p>\n<\/td>\n<\/tr>\n<tr>\n<td height=\"209\" align=\"LEFT\" valign=\"TOP\"><\/td>\n<td align=\"LEFT\" valign=\"TOP\">\n<p><a name=\"anoticias2\" id=\"2\"><span class=\"titulo\"><span class=\"titulo\">CECOM      PROMOVE PREG&Atilde;O ELETR&Ocirc;NICO<\/span><\/span><\/a><\/p>\n<p align=\"justify\"><span class=\"texto\"> <\/span><span class=\"texto\">O Centro      de Computa&ccedil;&atilde;o est&aacute; promovendo licita&ccedil;&atilde;o      para contrata&ccedil;&atilde;o de servi&ccedil;o m&oacute;vel de acesso      &agrave; Internet atrav&eacute;s de utiliza&ccedil;&atilde;o de dispositivos      tipo mini-modem.<\/p>\n<p>     A sess&atilde;o de abertura da licita&ccedil;&atilde;o est&aacute; marcada      para o dia 30 de julho, sob a responsabilidade do pregoeiro Renato Adriano      Pires Domingos.<\/p>\n<p>     Esse processo visa substituir o contrato em vigor com a operadora Vivo.<\/span><\/p>\n<p>     <a href=\"\/dti\/#topo\"><img loading=\"lazy\" decoding=\"async\" src=\"https:\/\/www.ufmg.br\/dti\/wp-content\/uploads\/imgs\/tudo_topo.gif\" width=\"35\" height=\"11\" alt=\"\" border=\"0\" hspace=\"0\" vspace=\"0\" align=\"right\"><br \/>     <\/a>    <\/p>\n<\/td>\n<\/tr>\n<tr>\n<td height=\"289\" align=\"LEFT\" valign=\"TOP\"><\/td>\n<td align=\"LEFT\" valign=\"TOP\">\n<p><a name=\"anoticias3\" id=\"3\"><span class=\"titulo\">CONTINUAM      OS TRABALHOS DE INSTALA&Ccedil;&Atilde;O DO NOVO AR CONDICIONADO DO      CECOM NO SUBSOLO<\/span><\/a><\/p>\n<p align=\"justify\"><span class=\"texto\">Desde o in&iacute;cio do m&ecirc;s      de abril, o DEMAI &#8211; Departamento de Manuten&ccedil;&atilde;o e Opera&ccedil;&atilde;o      da Infraestrutura &#8211; est&aacute; gerenciando os trabalhos de substitui&ccedil;&atilde;o      do sistema de ar condicionado instalado no subsolo do pr&eacute;dio      da Reitoria, na &aacute;rea da Divis&atilde;o de Controle do Processamento      do CECOM.<\/p>\n<p>     Os trabalhos para coloca&ccedil;&atilde;o do novo sistema de ar condicionado      foram iniciados na casa de m&aacute;quinas da DCP, com a instala&ccedil;&atilde;o      da tubula&ccedil;&atilde;o que passa pelo corredor em dire&ccedil;&atilde;o      ao Almoxarifado do CECOM at&eacute; a &aacute;rea externa do pr&eacute;dio      onde est&atilde;o sendo instalados os condensadores.<\/p>\n<p>     A retirada das antigas m&aacute;quinas da central foi realizada entre      os meses de maio e junho, como tamb&eacute;m foi feito o transporte      das m&aacute;quinas para o dep&oacute;sito do DLO, para futuro leil&atilde;o.<br \/>     Ap&oacute;s a instala&ccedil;&atilde;o das 2 novas m&aacute;quinas,      doadas pela Faculdade de Medicina, foram iniciados os testes de ru&iacute;dos,      numa tentativa de reduzir o barulho no ambiente do subsolo, principalmente,      durante o hor&aacute;rio de expediente. Por enquanto, a m&aacute;quina      com maior ru&iacute;do est&aacute; sendo desligada durante o dia, no      per&iacute;odo de 8h &agrave;s 16h30, e religada &agrave; noite. Nesse      per&iacute;odo, a m&aacute;quina silenciosa &eacute; desligada e ligada      no dia seguinte. A equipe do DEMAI est&aacute; estudando uma forma do      trabalho liga-desliga ser autom&aacute;tico.<\/p>\n<p>     Os canos de &aacute;gua e as bombas d&#8217;&aacute;gua da casa de m&aacute;quinas,      na &aacute;rea da DCP, j&aacute; foram retirados, restando agora, o      encanamento do corredor at&eacute; a torre de arrefecimento, o que j&aacute;      est&aacute; sendo feito. Esta semana, a torre de arrefecimento foi desmontada      e retirada, devendo tamb&eacute;m ser recolhida para o dep&oacute;sito      do DLO.<\/span><\/p>\n<p align=\"center\"><img loading=\"lazy\" decoding=\"async\" src=\"https:\/\/www.ufmg.br\/dti\/wp-content\/uploads\/fotos\/Ano%202013\/Julho\/11-07-2013\/Retirada_ArCondicionado_2.jpg\" width=\"500\" height=\"309\"><br \/>     <em><strong><font face=\"1\"><span class=\"texto\"><strong><font face=\"2\"><span class=\"texto\"><font face=\"1\"><em>O      local onde ser&atilde;o instalados os novos condensadores<\/em><\/font><\/span><\/font><\/strong><\/span><\/font><\/strong><\/em><\/p>\n<p align=\"center\"><em><strong><img loading=\"lazy\" decoding=\"async\" src=\"https:\/\/www.ufmg.br\/dti\/wp-content\/uploads\/fotos\/Ano%202013\/Julho\/11-07-2013\/Retirada_ArCondicionado_1.jpg\" width=\"500\" height=\"285\"><\/strong><\/em>      <br \/>     <em><strong><font face=\"1\"><span class=\"texto\"><strong><font face=\"2\"><span class=\"texto\"><font face=\"1\"><em>A      torre de arrefecimento desmontada<\/em><\/font><\/span><\/font><\/strong><\/span><\/font><\/strong><\/em>     <\/p>\n<p align=\"justify\">\n<\/td>\n<\/tr>\n<tr>\n<td height=\"289\" align=\"LEFT\" valign=\"TOP\"><\/td>\n<td align=\"LEFT\" valign=\"TOP\">\n<p><a name=\"anoticias4\" id=\"4\"><span class=\"titulo\">SA&Iacute;DA      DE ESTAGI&Aacute;RIO<\/span><\/a><\/p>\n<p align=\"justify\"><span class=\"texto\">O estagi&aacute;rio Lucas Silveira      Bacelete de Souza pediu demiss&atilde;o do quadro do CECOM no dia 30      de junho. <\/p>\n<p>     Lucas Bacelete entrou para o CECOM em fevereiro de 2013, lotado na DRC      &#8211; Divis&atilde;o de Redes de Comunica&ccedil;&atilde;o, onde permaneceu      at&eacute; a sua sa&iacute;da.<\/span><\/p>\n<p align=\"center\"><img loading=\"lazy\" decoding=\"async\" src=\"https:\/\/www.ufmg.br\/dti\/wp-content\/uploads\/fotos\/Ano%202013\/Julho\/11-07-2013\/Sa%EDda_Lucas_DRC.jpg\" width=\"280\" height=\"370\"><br \/>     <em><strong><font face=\"1\"><span class=\"texto\"><strong><font face=\"2\"><span class=\"texto\"><font face=\"1\"><em>Lucas      Bacelete <\/em><\/font><\/span><\/font><\/strong><\/span><\/font><\/strong><\/em>     <\/p>\n<p align=\"justify\">\n<\/td>\n<\/tr>\n<tr>\n<td height=\"289\" align=\"LEFT\" valign=\"TOP\"><\/td>\n<td align=\"LEFT\" valign=\"TOP\">\n<p><a name=\"anoticias5\" id=\"5\"><span class=\"titulo\">NOVO      ESTAGI&Aacute;RIO DO CECOM<\/span><\/a><\/p>\n<p align=\"justify\"><span class=\"texto\">O CECOM est&aacute; contando com      mais um estagi&aacute;rio em seu quadro. Trata-se de Hor&aacute;cio      Nelson Fernandes Lacerda, aluno do curso de Matem&aacute;tica.<\/p>\n<p>     Hor&aacute;cio iniciou seu est&aacute;gio no dia 10 de julho, lotado      na DAC &#8211; Divis&atilde;o de Atendimento e Consultoria, onde j&aacute;      est&aacute; participando das atividades de atendimento aos usu&aacute;rios      administrativos.<\/span><\/p>\n<p align=\"center\"><img loading=\"lazy\" decoding=\"async\" src=\"https:\/\/www.ufmg.br\/dti\/wp-content\/uploads\/fotos\/Ano%202013\/Julho\/11-07-2013\/Horacio_3.jpg\" width=\"303\" height=\"370\"><br \/>     <em><strong><font face=\"1\"><span class=\"texto\"><strong><font face=\"2\"><span class=\"texto\"><font face=\"1\"><em>Hor&aacute;cio      Lacerda <\/em><\/font><\/span><\/font><\/strong><\/span><\/font><\/strong><\/em>     <\/p>\n<p align=\"justify\">\n<\/td>\n<\/tr>\n<p>  <!-- #BeginEditable \"materias\" --> <!-- #EndEditable -->  <\/table>\n<table border=\"0\" cellpadding=\"0\" cellspacing=\"0\">\n<tr>\n<td align=\"LEFT\" valign=\"TOP\"><\/td>\n<td align=\"LEFT\" valign=\"TOP\">&nbsp;<\/td>\n<\/tr>\n<p>  <!-- #BeginEditable \"materias\" --> <!-- #EndEditable -->  <\/table>\n<\/div>\n<p><a name='informativo'><\/a><\/p>\n<h4>Informativo<\/h4>\n<div class=\"centro-sistematico\">  <!-- noticias --> <a><\/a>  <\/p>\n<table border=\"0\" cellspacing=\"0\" cellpadding=\"0\">\n<tr>\n<td><\/td>\n<td><\/td>\n<\/tr>\n<p>  <!-- #BeginEditable \"materias\" --> <!-- #EndEditable -->  <\/table>\n<p> <!-- fim noticias --> <!-- tabela ha 20 anos --> <\/p>\n<table border=\"0\" cellpadding=\"0\" cellspacing=\"0\" bgcolor=\"#FFFFFF\">\n<tr>\n<td height=\"626\" align=\"LEFT\" valign=\"TOP\"><\/td>\n<td align=\"LEFT\" valign=\"TOP\">\n<p align=\"left\"><span class=\"texto\"><a name=\"ainformativo1\" id=\"1\"><span class=\"titulo\">ESTAT&Iacute;STICAS      DE ACESSO DO SERVI&Ccedil;O PROXY HTTP<\/span><\/a><\/span><\/p>\n<p align=\"justify\"><span class=\"texto\"> <\/span><span class=\"texto\">Destinado      a diminuir o tr&aacute;fego de navega&ccedil;&atilde;o na RNP e acelerar      o acesso de m&aacute;quinas internas e sites externos, a UFMG conta      com o servi&ccedil;o de proxy HTTP, implantado em abril\/2006. Todos      os meses, O Sistem&aacute;tico tem publicado as estat&iacute;sticas      de acesso a esse servi&ccedil;o.<\/p>\n<p>     At&eacute; o dia 30 de junho de 2013, foram registrados 14.263 usu&aacute;rios      diferentes acessando o sistema desde a sua implanta&ccedil;&atilde;o.      O gr&aacute;fico abaixo mostra o total de registros mensais.<\/p>\n<p>     Para quem est&aacute; fora da Rede UFMG (por exemplo, acessando a Internet      de casa), o proxy permite o acesso a sites n&atilde;o p&uacute;blicos,      como os apontados pelo Portal CAPES.<\/p>\n<p>     A queda acentuada no uso do Proxy teve in&iacute;cio com a ado&ccedil;&atilde;o      do acesso direto com a autentica&ccedil;&atilde;o via comunidade CAFe.<\/span><\/p>\n<p align=\"center\"><span class=\"texto\"><img loading=\"lazy\" decoding=\"async\" src=\"https:\/\/www.ufmg.br\/dti\/wp-content\/uploads\/fotos\/Ano%202013\/Julho\/11-07-2013\/Proxy_jun2013.JPG\" width=\"500\" height=\"301\"><br \/>     <\/span><span class=\"texto\"><br \/>     <\/span><span class=\"texto\"><\/span><span class=\"texto\"><br \/>     <\/span>    <\/p>\n<\/td>\n<\/tr>\n<tr>\n<td height=\"654\" align=\"LEFT\" valign=\"TOP\"><\/td>\n<td align=\"LEFT\" valign=\"TOP\">\n<p align=\"left\"><span class=\"texto\"><a name=\"ainformativo2\" id=\"2\"><span class=\"titulo\">DICAS      DE SITES INTERESSANTES<\/span><\/a><\/span><\/p>\n<p align=\"justify\"><span class=\"texto\"> <\/span><span class=\"texto\">Adyrus,      o ca&ccedil;ador de sites, enviou as seguintes dicas:<\/p>\n<p>     &#8211; Novidades musicais de todos os tempos. <a href=\"http:\/\/www.lacumbuca.com\/\">Clique<\/a>.<\/p>\n<p>     &#8211; Este n&atilde;o &eacute; um blog operacional, &eacute; uma alternativa.      Trata-se de um dep&oacute;sito virtual de discos, de prefer&ecirc;ncia      nacionais alternativos e independentes. <a href=\"http:\/\/www.hominiscanidae.org\/\">Leia      mais<\/a>.<\/p>\n<p>     &#8211; &#8220;A id&eacute;ia deste blog &eacute; recuperar o acervo do Loronix      &#8211; http:\/\/loronix. blogspot.com\/ &#8211; um blog fant&aacute;stico que publicou      milhares de discos raros. Como o Zeca Louro deixou de dar manuten&ccedil;&atilde;o      no blog, ele parou de funcionar e todos n&oacute;s, amantes da m&uacute;sica      brasileira, ficamos &oacute;rf&atilde;os do Loronix. Recuperei e armazenei      todas as mensagens e coment&aacute;rios. Al&eacute;m disso, tenho uma      boa parte do acervo, mas nem todo ele. Os discos que eu n&atilde;o tiver      ser&atilde;o marcados com &#8220;N&atilde;o tenho&#8221;, formando uma      lista de desejos que espero que voc&ecirc;s ajudem a manter. Saiba mais      no <a href=\"http:\/\/orfaosdoloronix.word%20press.com\/\">endere&ccedil;o<\/a>.&#8221;<\/p>\n<p>     &#8211; Dica do Eug&ecirc;nio Pacelli Pereira de Souza, da DAC: Este site      tem como objetivo principal divulgar, de forma gratuita, fotos e dados      de adultos, jovens e crian&ccedil;as desaparecidas. Apesar de n&atilde;o      haver dados oficiais de quantas pessoas desaparecem por ano no Brasil,      a Secretaria Especial dos Direitos Humanos da Presid&ecirc;ncia da Rep&uacute;blica      estima que cerca de 40 mil desaparecimentos s&atilde;o registrados ao      ano em todas as delegacias do territ&oacute;rio nacional. <a href=\"http:\/\/www.divulgandodesaparecidos.org\/home.php\">Saiba      mais<\/a>.<\/p>\n<p>     &#8211; Dica do Gustavo Aur&eacute;lio, da DRC: Jogo FREE Perspective. Nesse      jogo voc&ecirc; cria ambientes em 2D com seu ponto de vista em 3D, assim      completando os desafios. Assista ao v&iacute;deo no <a href=\"http:\/\/www.youtube.com\/watch?v=nL7_BMr68Hs\">endere&ccedil;o<\/a>      e <a href=\"http:\/\/www.%20seewithperspective.com\">download<\/a>.<\/p>\n<p>     &#8211; Dica do Fernando Frota, da DRC: O que &eacute; um CD de recupera&ccedil;&atilde;o?      Um &#8220;rescue CD antiv&iacute;rus&#8221; ou CD de recupera&ccedil;&atilde;o      &eacute; um CD ou DVD com antiv&iacute;rus. Estes CDs ou DVDs s&atilde;o      perfeitos para a varredura do computador sem carregar o Windows ou outro      software do sistema operacional. Muitos dos v&iacute;rus mais desagrad&aacute;veis      s&atilde;o projetados para corromper arquivos importantes do sistema      Windows e que pode realmente causar estragos em uma m&aacute;quina.      Muitos dos v&iacute;rus manipulam arquivos do Windows impedindo que      ele execute aplicativos, instale novos programas, atualize ou execute      antiv&iacute;rus. <a href=\"http:\/\/www.squidoo.com\/the-best-free-antivirus-rescue-cds\">Leia      mais<\/a>. Download de v&aacute;rios antiv&iacute;rus no <a href=\"http:\/\/livecdlist.com\/purpose\/windows-antivirus\">endere&ccedil;o<\/a>.<\/p>\n<p>     <\/span><span class=\"texto\"><br \/>     <\/span><span class=\"texto\"><\/span><span class=\"texto\"><br \/>     <\/span>    <\/p>\n<\/td>\n<\/tr>\n<tr>\n<td height=\"521\" align=\"LEFT\" valign=\"TOP\"><\/td>\n<td align=\"LEFT\" valign=\"TOP\">\n<p align=\"left\"><span class=\"texto\"><a name=\"ainformativo3\" id=\"3\"><span class=\"titulo\">PROGRAMA      DE ISEN&Ccedil;&Atilde;O DA TAXA DE INSCRI&Ccedil;&Atilde;O DO VESTIBULAR      INSCREVE AT&Eacute; SEXTA<\/span><\/a><\/span><\/p>\n<p align=\"justify\"><span class=\"texto\">Termina nesta sexta-feira, 12,      o prazo para inscri&ccedil;&otilde;es ao programa de isen&ccedil;&atilde;o      da taxa de inscri&ccedil;&atilde;o ao Vestibular UFMG 2014 para os cursos      que exigem provas de habilidades espec&iacute;ficas. <\/p>\n<p>     O programa &eacute; destinado a candidatos que, em decorr&ecirc;ncia      de sua condi&ccedil;&atilde;o socioecon&ocirc;mica, n&atilde;o podem      arcar com o pagamento da taxa de R$ 110. A isen&ccedil;&atilde;o poder&aacute;      ser integral ou de 50%, e as inscri&ccedil;&otilde;es no programa devem      ser realizadas pelo site www.ufmg.br\/copeve.<\/p>\n<p>     Os candidatos ao programa de isen&ccedil;&atilde;o devem preencher na      internet formul&aacute;rio socioecon&ocirc;mico e providenciar documenta&ccedil;&atilde;o      que comprove a situa&ccedil;&atilde;o econ&ocirc;mica de seu grupo familiar.      <\/p>\n<p>     Com a ades&atilde;o da UFMG ao Sistema de Sele&ccedil;&atilde;o Unificada      (Sisu), do Minist&eacute;rio da Educa&ccedil;&atilde;o, os candidatos      &agrave;s vagas de gradua&ccedil;&atilde;o presencial, inclusive remanescentes      de transfer&ecirc;ncia e obten&ccedil;&atilde;o de novo t&iacute;tulo,      ser&atilde;o selecionados em uma &uacute;nica etapa, exclusivamente      com base nos resultados do Enem 2013. <\/p>\n<p>     Apenas os candidatos aos cursos de Artes Visuais, Cinema de Anima&ccedil;&atilde;o      e Artes Digitais, Conserva&ccedil;&atilde;o e Restaura&ccedil;&atilde;o      de Bens M&oacute;veis, Dan&ccedil;a, Design, Design de Moda, M&uacute;sica      e Teatro far&atilde;o, al&eacute;m do Enem, as provas de habilidades      espec&iacute;ficas, elaboradas e aplicadas pela UFMG. Esses candidatos      dever&atilde;o se inscrever, no per&iacute;odo de 19 de agosto a 19      de setembro de 2013, para essa segunda etapa na Universidade. As provas      de habilidades ser&atilde;o aplicadas de 13 a 15 de janeiro de 2014.<\/p>\n<p>     (<em>Fonte: https:\/\/www.ufmg.br\/online\/arquivos\/029057.shtml &#8211; 10\/07\/2013<\/em>)<\/span><span class=\"texto\"><\/p>\n<p>     <\/span>    <\/p>\n<\/td>\n<\/tr>\n<tr>\n<td height=\"441\" align=\"LEFT\" valign=\"TOP\"><\/td>\n<td align=\"LEFT\" valign=\"TOP\">\n<p align=\"left\"><span class=\"texto\"><a name=\"ainformativo4\" id=\"4\"><span class=\"titulo\">ABERTAS      INSCRI&Ccedil;&Otilde;ES PARA PROJETO DE F&Eacute;RIAS NA ESTA&Ccedil;&Atilde;O      ECOL&Oacute;GICA<\/span><\/a><\/span><\/p>\n<p align=\"justify\"><span class=\"texto\">Est&atilde;o abertas as inscri&ccedil;&otilde;es      para o projeto F&eacute;rias na Esta&ccedil;&atilde;o, que ser&aacute;      realizado na Esta&ccedil;&atilde;o Ecol&oacute;gica da UFMG, no campus      Pampulha, dos dias 15 a 30 de julho. As inscri&ccedil;&otilde;es, gratuitas      e limitadas a 30 vagas por turno de atividades &#8211; das 9h &agrave;s 11h30      e das 15h &agrave;s 17h, de segunda a sexta-feira -, devem ser efetuadas      pelos telefones (31) 3409-2296 e 3409-2295. N&atilde;o h&aacute; limita&ccedil;&atilde;o      de idade.<\/p>\n<p>     O projeto F&eacute;rias na Esta&ccedil;&atilde;o coloca &agrave; disposi&ccedil;&atilde;o      da comunidade mais uma op&ccedil;&atilde;o de lazer contemplativo, pr&aacute;ticas      esportivas na natureza e atividades relacionadas &agrave; educa&ccedil;&atilde;o      ambiental. Os visitantes ser&atilde;o acompanhados por monitores universit&aacute;rios      em uma caminhada agrad&aacute;vel pelas trilhas interpretativas da Esta&ccedil;&atilde;o      Ecol&oacute;gica, onde ser&atilde;o abordados temas relacionados aos      biomas Cerrado e Mata Atl&acirc;ntica, conserva&ccedil;&atilde;o ambiental,      ocupa&ccedil;&atilde;o urbana e educa&ccedil;&atilde;o ambiental.<\/p>\n<p>     A trilha inclui ainda o Circuito Aventura, que propicia aos visitantes      a travessia por uma ponte de cordas de 74 metros de comprimento. &#8230;<\/p>\n<p>     O projeto F&eacute;rias na Esta&ccedil;&atilde;o &eacute; realizado      pela Esta&ccedil;&atilde;o Ecol&oacute;gica da UFMG com o apoio da Pr&oacute;-Reitoria      de Extens&atilde;o e parceria com as secretarias municipais de Meio      Ambiente e Educa&ccedil;&atilde;o. Outras informa&ccedil;&otilde;es      no site www.ufmg.br\/estacaoecologica ou pelo e-mail eeco@reitoria.ufmg.br.<\/p>\n<p>     (<em>Fonte: Cedecom &#8211; Assessoria de Imprensa &#8211; 10\/07\/2013<\/em>)<\/span><span class=\"texto\"><\/p>\n<p>     <\/span>    <\/p>\n<\/td>\n<\/tr>\n<tr>\n<td align=\"LEFT\" valign=\"TOP\"><\/td>\n<td align=\"LEFT\" valign=\"TOP\">&nbsp;<\/td>\n<\/tr>\n<tr class=\"cinza\">\n<td height=\"282\"><img loading=\"lazy\" decoding=\"async\" src=\"https:\/\/www.ufmg.br\/dti\/wp-content\/uploads\/imgs\/tudo_pixel.gif\" width=\"1\" height=\"1\" alt=\"\" border=\"0\"><\/td>\n<td align=\"LEFT\" valign=\"TOP\"><!-- #BeginEditable \"ha%2020%20anos\" -->     <\/p>\n<div align=\"justify\">\n<p><a name=\"ainformativo5\" id=\"5\"><span class=\"titulo\">H\u00e1 20 anos&#8230;<\/span><\/a><\/p>\n<p>      <span class=\"texto\"> O Sistem&aacute;tico Ano XVII, n&ordm; 21, de       15\/07\/1993, publicou not&iacute;cias sobre apoio do CECOM &agrave;       elei&ccedil;&atilde;o para Reitor, aquisi&ccedil;&atilde;o de softwares,       curso de MASP, concurso da Fundep, cursos da Fale, entre outras. A       not&iacute;cia que se destacou foi:<\/span><\/p>\n<p><span class=\"texto\"><strong>CONCURSO ARRUMA&Ccedil;&Atilde;O<\/p>\n<p>      <\/strong><font face=\"1\">Ontem ap&oacute;s a reuni&atilde;o da CPQ       &#8211; Comiss&atilde;o do Projeto Qualidade, foi realizada reuni&atilde;o       do grupo que far&aacute; a avalia&ccedil;&atilde;o do Concurso Arruma&ccedil;&atilde;o       do CECOM.<br \/>      O grupo est&aacute; composto por: Eduardo Henrique Lima, Carlos Alfeu       Furtado da Fonseca e uma usu&aacute;ria do CECOM convidada, Maria       Aparecida Santos e Santos, do DSG, que j&aacute; possui experi&ecirc;ncia       na condu&ccedil;&atilde;o de projeto semelhante naquele departamento.<br \/>      No Concurso Arruma&ccedil;&atilde;o ser&atilde;o avaliados os tr&ecirc;s       primeiros &#8220;S&#8221; da teoria dos &#8220;5S&#8221;, quais sejam:       limpeza, ordena&ccedil;&atilde;o e utiliza&ccedil;&atilde;o.<br \/>      Na reuni&atilde;o do grupo, foi elaborada a rela&ccedil;&atilde;o       de objetos a serem verificados. A verifica&ccedil;&atilde;o e pontua&ccedil;&atilde;o       das salas ser&atilde;o feitas amanh&atilde;, dia 16, a partir das       9h15.<br \/>      Em paralelo &agrave; avalia&ccedil;&atilde;o ser&aacute; feita a filmagem       das instala&ccedil;&otilde;es do CECOM, 1 (um) ano ap&oacute;s a filmagem       inicial que deu partida &agrave; ado&ccedil;&atilde;o no CECOM dos       conceitos de TQC.<br \/>      Ap&oacute;s a avalia&ccedil;&atilde;o das salas, as planilhas dos       tr&ecirc;s avaliadores do grupo ser&atilde;o cruzadas, para obten&ccedil;&atilde;o       do resultado final, que indicar&aacute; a sala vencedora do concurso.<br \/>      <\/font><\/span><\/p>\n<\/p><\/div>\n<div align=\"justify\">\n<p><span class=\"texto\"><\/span><\/p>\n<\/p><\/div>\n<p>    <!-- #EndEditable --><\/td>\n<\/tr>\n<tr>\n<td width=\"12\" align=\"LEFT\" valign=\"TOP\">&nbsp;<\/td>\n<td align=\"LEFT\" valign=\"TOP\">\n<p align=\"left\"><span class=\"texto\"> <\/span>    <\/p>\n<\/td>\n<\/tr>\n<p>  <!-- #BeginEditable \"materias\" --> <!-- #EndEditable -->  <\/table>\n<p> <!-- fim tabela ha 20 anos --><\/div>\n<p><a name='eventos'><\/a><\/p>\n<h4>Eventos<\/h4>\n<div class=\"centro-sistematico\">  <!-- noticias --> <\/p>\n<table border=\"0\" cellpadding=\"0\" cellspacing=\"0\">\n<tr>\n<td align=\"LEFT\" valign=\"TOP\">&nbsp;<\/td>\n<td align=\"LEFT\" valign=\"TOP\">&nbsp;<\/td>\n<\/tr>\n<p>  <!-- #BeginEditable \"materias\" --> <!-- #EndEditable -->  <\/table>\n<table border=\"0\" cellspacing=\"0\" cellpadding=\"0\">\n<tr>\n<td><\/td>\n<td><\/td>\n<\/tr>\n<tr>\n<td height=\"154\" align=\"LEFT\" valign=\"TOP\"><\/td>\n<td align=\"LEFT\" valign=\"TOP\">\n<p><a name=\"aeventos1\" id=\"1\"><span class=\"titulo\">SOCIAIS<\/span><\/a><\/p>\n<p align=\"justify\" class=\"texto\"><strong>ANIVERS&Aacute;RIOS:<em> <\/em><\/strong><em>&#8220;O      Sistem&aacute;tico&#8221; envia os parab&eacute;ns para Edgard Eust&aacute;quio      de Morais, no dia 18; e para os ex-ceconianos: Paulo Couto Lessa, no      dia 12; Carlos Alberto Ribeiro Silva, no dia 13; Alfredo Ventura dos      Anjos, no dia 14; Alberto Moreira dos Santos, no dia 16; Ivan Pereira      Prado e K&aacute;tia Lisboa Macedo, no dia 18.<\/em><\/p>\n<p align=\"justify\" class=\"texto\"><span class=\"texto\"><br \/>     <\/span><\/p>\n<\/td>\n<\/tr>\n<tr>\n<td height=\"169\" align=\"LEFT\" valign=\"TOP\"><\/td>\n<td align=\"LEFT\" valign=\"TOP\">\n<p><a name=\"aeventos2\" id=\"2\"><span class=\"titulo\">MEM&Oacute;RIA      FOTOGR&Aacute;FICA DO CECOM<\/span><\/a><\/p>\n<p align=\"justify\" class=\"texto\"> No per&iacute;odo de 1&ordm; a 05 de      julho\/2013, os analistas Jo&atilde;o Carlos Lages, Ronaldo Ara&uacute;jo      Costa e F&aacute;bio Luiz de Morais estiveram em Jo&atilde;o Pessoa,      na Para&iacute;ba, participando de treinamento da Escola Superior de      Redes. As fotos desta semana foram tiradas durante a viagem, com a m&aacute;quina      do Ronaldo.<\/p>\n<p align=\"center\" class=\"texto\">     <em><strong><font face=\"1\"><span class=\"texto\"><strong><font face=\"2\"><span class=\"texto\"><font face=\"1\"><em><img loading=\"lazy\" decoding=\"async\" src=\"https:\/\/www.ufmg.br\/dti\/wp-content\/uploads\/fotos\/Ano%202013\/Julho\/11-07-2013\/ESR_RNP_JoaoPessoa_PB_01a05julho13_a.jpg\" width=\"500\" height=\"280\"><br \/>     Ronaldo &agrave; frente do pr&eacute;dio da Escola Superior de Redes<\/em><\/font><\/span><\/font><\/strong><\/span><\/font><\/strong><\/em><\/p>\n<p align=\"center\" class=\"texto\"><img loading=\"lazy\" decoding=\"async\" src=\"https:\/\/www.ufmg.br\/dti\/wp-content\/uploads\/fotos\/Ano%202013\/Julho\/11-07-2013\/ESR_RNP_JoaoPessoa_PB_01a05julho13_b.jpg\" width=\"500\" height=\"437\"><br \/>     <em><strong><font face=\"1\"><span class=\"texto\"><strong><font face=\"2\"><span class=\"texto\"><font face=\"1\"><em>Ronaldo<\/em><\/font><\/span><\/font><\/strong><\/span><\/font><\/strong><\/em><\/p>\n<p align=\"center\" class=\"texto\"><img loading=\"lazy\" decoding=\"async\" src=\"https:\/\/www.ufmg.br\/dti\/wp-content\/uploads\/fotos\/Ano%202013\/Julho\/11-07-2013\/ESR_RNP_JoaoPessoa_PB_01a05julho13_c.jpg\" width=\"500\" height=\"294\"><br \/>     <span class=\"texto\"><strong><font face=\"2\"><span class=\"texto\"><font face=\"1\"><em>F&aacute;bio      e Jo&atilde;o Carlos em sala de aula<\/em><\/font><\/span><\/font><\/strong><\/span><\/p>\n<p align=\"center\" class=\"texto\"><img loading=\"lazy\" decoding=\"async\" src=\"https:\/\/www.ufmg.br\/dti\/wp-content\/uploads\/fotos\/Ano%202013\/Julho\/11-07-2013\/ESR_RNP_JoaoPessoa_PB_01a05julho13_d.jpg\" width=\"500\" height=\"264\"><br \/>     <span class=\"texto\"><strong><font face=\"2\"><span class=\"texto\"><font face=\"1\"><em>F&aacute;bio,      Ronaldo e Jo&atilde;o Carlos<\/em><\/font><\/span><\/font><\/strong><\/span><\/p>\n<p align=\"justify\" class=\"texto\"><span class=\"texto\"><\/p>\n<p>     <\/span><\/p>\n<\/td>\n<\/tr>\n<p>  <!-- #BeginEditable \"materias\" --> <!-- #EndEditable -->  <\/table>\n<p> <!-- fim noticias --> <\/p>\n<table border=\"0\" cellpadding=\"0\" cellspacing=\"0\">\n<tr>\n<td width=\"276\" align=\"LEFT\" valign=\"TOP\">&nbsp;<\/td>\n<td width=\"274\" align=\"LEFT\" valign=\"TOP\">&nbsp;<\/td>\n<\/tr>\n<p>  <!-- #BeginEditable \"materias\" --> <!-- #EndEditable -->  <\/table>\n<\/div>\n","protected":false},"excerpt":{"rendered":"<p>Not\u00edcias UFMG E OI INICIAM PROCESSO DE PORTABILIDADE DE RAMAIS TELEF&Ocirc;NICOS CECOM PROMOVE PREG&Atilde;O ELETR&Ocirc;NICO CONTINUAM OS TRABALHOS DE INSTALA&Ccedil;&Atilde;O DO NOVO AR CONDICIONADO DO CECOM NO SUBSOLO SA&Iacute;DA DE ESTAGI&Aacute;RIO NOVO ESTAGI&Aacute;RIO DO CECOM Informativo ESTAT&Iacute;STICAS DE ACESSO DO SERVI&Ccedil;O PROXY HTTP DICAS DE SITES INTERESSANTES PROGRAMA DE ISEN&Ccedil;&Atilde;O DA TAXA DE INSCRI&Ccedil;&Atilde;O DO &#8230; <a title=\"Sistem\u00e1tico: Edi\u00e7\u00e3o 1580 &#8211; 11\/07\/2013\" class=\"read-more\" href=\"https:\/\/www.ufmg.br\/dti\/2013\/07\/11\/sistematico-edicao-1580-11072013\/\" aria-label=\"Read more about Sistem\u00e1tico: Edi\u00e7\u00e3o 1580 &#8211; 11\/07\/2013\">Ler mais<\/a><\/p>\n","protected":false},"author":3,"featured_media":0,"comment_status":"open","ping_status":"open","sticky":false,"template":"","format":"standard","meta":{"inline_featured_image":false,"footnotes":""},"categories":[13],"tags":[],"coauthors":[79],"class_list":["post-1049","post","type-post","status-publish","format-standard","hentry","category-sistematico"],"_links":{"self":[{"href":"https:\/\/www.ufmg.br\/dti\/wp-json\/wp\/v2\/posts\/1049","targetHints":{"allow":["GET"]}}],"collection":[{"href":"https:\/\/www.ufmg.br\/dti\/wp-json\/wp\/v2\/posts"}],"about":[{"href":"https:\/\/www.ufmg.br\/dti\/wp-json\/wp\/v2\/types\/post"}],"author":[{"embeddable":true,"href":"https:\/\/www.ufmg.br\/dti\/wp-json\/wp\/v2\/users\/3"}],"replies":[{"embeddable":true,"href":"https:\/\/www.ufmg.br\/dti\/wp-json\/wp\/v2\/comments?post=1049"}],"version-history":[{"count":0,"href":"https:\/\/www.ufmg.br\/dti\/wp-json\/wp\/v2\/posts\/1049\/revisions"}],"wp:attachment":[{"href":"https:\/\/www.ufmg.br\/dti\/wp-json\/wp\/v2\/media?parent=1049"}],"wp:term":[{"taxonomy":"category","embeddable":true,"href":"https:\/\/www.ufmg.br\/dti\/wp-json\/wp\/v2\/categories?post=1049"},{"taxonomy":"post_tag","embeddable":true,"href":"https:\/\/www.ufmg.br\/dti\/wp-json\/wp\/v2\/tags?post=1049"},{"taxonomy":"author","embeddable":true,"href":"https:\/\/www.ufmg.br\/dti\/wp-json\/wp\/v2\/coauthors?post=1049"}],"curies":[{"name":"wp","href":"https:\/\/api.w.org\/{rel}","templated":true}]}}