{"id":1061,"date":"2013-04-04T08:00:00","date_gmt":"2013-04-04T08:00:00","guid":{"rendered":"https:\/\/www.ufmg.br\/dti\/cecom\/?p=1061"},"modified":"2013-04-04T08:00:00","modified_gmt":"2013-04-04T08:00:00","slug":"sistematico-edicao-1568-04042013","status":"publish","type":"post","link":"https:\/\/www.ufmg.br\/dti\/2013\/04\/04\/sistematico-edicao-1568-04042013\/","title":{"rendered":"Sistem\u00e1tico: Edi\u00e7\u00e3o 1568 &#8211; 04\/04\/2013"},"content":{"rendered":"<ul>\n<li><a href=\"\/dti\/#noticias\">Not\u00edcias<\/a>\n<div class='submenuSistematico'>\n<ul>\n<li><a href=\"\/dti\/#anoticias1\" id=\"1\"><span class=\"titulo\"><span class=\"titulo\">SISTEMA      ACAD&Ecirc;MICO DISPONIBILIZA NOVO ACESSO PARA ALUNOS DA GRADUA&Ccedil;&Atilde;O<\/span><\/span><\/a><\/li>\n<li><a href=\"\/dti\/#anoticias2\" id=\"2\"><span class=\"titulo\">CECOM      PARTICIPA DE ENCONTRO DO SERPRO EM BRAS&Iacute;LIA<\/span><\/a><\/li>\n<li><a href=\"\/dti\/#anoticias3\" id=\"3\"><span class=\"titulo\">CECOM      RECEBE NOVO FUNCION&Aacute;RIO<\/span><\/a><\/li>\n<li><a href=\"\/dti\/#anoticias4\" id=\"4\"><span class=\"titulo\">DANIEL      AVELINO DESPEDE-SE DO CECOM<\/span><\/a><\/li>\n<\/ul>\n<\/div>\n<\/li>\n<li><a href=\"\/dti\/#informativo\">Informativo<\/a>\n<div class='submenuSistematico'>\n<ul>\n<li><a href=\"\/dti\/#ainformativo1\" id=\"1\"><span class=\"titulo\">ESTAT&Iacute;STICAS      DE ACESSO DO SERVI&Ccedil;O PROXY HTTP<\/span><\/a><\/li>\n<li><a href=\"\/dti\/#ainformativo2\" id=\"2\"><span class=\"titulo\">ESTAT&Iacute;STICAS      DE SISTEMA ANTI-SPAM DE MAR&Ccedil;O 2013<\/span><\/a><\/li>\n<li><a href=\"\/dti\/#ainformativo3\" id=\"3\"><span class=\"titulo\">DICAS      DE SITES INTERESSANTES<\/span><\/a><\/li>\n<li><a href=\"\/dti\/#ainformativo4\" id=\"4\"><span class=\"titulo\">ESCOLHA      DO NOME DO MASCOTE DO PROJETO BOCADOS DE GENTILEZA<\/span><\/a><\/li>\n<li><a href=\"\/dti\/#ainformativo5\" id=\"5\"><img loading=\"lazy\" decoding=\"async\" src=\"https:\/\/www.ufmg.br\/dti\/wp-content\/uploads\/imgs\/tudo_pixel.gif\" width=\"8\" height=\"9\" alt=\"\" border=\"0\"><span class=\"titulo\">H\u00e1       20 anos&#8230;<\/span><\/a><\/li>\n<\/ul>\n<\/div>\n<\/li>\n<li><a href=\"\/dti\/#eventos\">Eventos<\/a>\n<div class='submenuSistematico'>\n<ul>\n<li><a href=\"\/dti\/#aeventos1\" id=\"1\"><span class=\"titulo\">SOCIAIS<\/span><\/a><\/li>\n<li><a href=\"\/dti\/#aeventos2\" id=\"2\"><span class=\"titulo\">MEM&Oacute;RIA      FOTOGR&Aacute;FICA DO CECOM<\/span><\/a><\/li>\n<\/ul>\n<\/div>\n<\/li>\n<\/ul>\n<ul class='pdfSist'>\n<li><a href=\"https:\/\/www.ufmg.br\/dti\/wp-content\/uploads\/Sistematico_PDF\/Sist05_2013-A4.pdf\"><img loading=\"lazy\" decoding=\"async\" src=\"https:\/\/www.ufmg.br\/dti\/wp-content\/uploads\/Sistematico_PDF\/mini_pdf.gif\" width=\"30\" height=\"53\" border=\"0\"> Vers\u00e3o em PDF<\/a><\/li>\n<\/ul>\n<p> <a name='noticias'><\/a><\/p>\n<h4>Not\u00edcias<\/h4>\n<div class=\"centro-sistematico\">  <!-- noticias --> <a><\/a>  <\/p>\n<table border=\"0\" cellpadding=\"0\" cellspacing=\"0\">\n<tr>\n<td height=\"444\" align=\"LEFT\" valign=\"TOP\"><\/td>\n<td align=\"LEFT\" valign=\"TOP\">\n<p><a name=\"anoticias1\" id=\"1\"><span class=\"titulo\"><span class=\"titulo\">SISTEMA      ACAD&Ecirc;MICO DISPONIBILIZA NOVO ACESSO PARA ALUNOS DA GRADUA&Ccedil;&Atilde;O<\/span><\/span><\/a><\/p>\n<p align=\"justify\"><span class=\"texto\"> Em junho de 1997, o CECOM, em      parceria com o Departamento de Registro e Controle Acad&ecirc;mico (DRCA),      disponibilizou aos alunos de gradua&ccedil;&atilde;o a consulta a suas      informa&ccedil;&otilde;es acad&ecirc;micas atrav&eacute;s da Internet.      Este servi&ccedil;o foi pioneiro e fazia uso de interfaces de acesso      entre a aplica&ccedil;&atilde;o Web e a base de dados do mainframe Unisys.      Somente em 2004 servi&ccedil;o similar foi liberado para os alunos de      p&oacute;s-gradua&ccedil;&atilde;o j&aacute; com o acesso controlado      pelo portal do Grude, que foi depois substitu&iacute;do pelo minhaUFMG.<\/p>\n<p>     Os gr&aacute;ficos abaixo mostram a evolu&ccedil;&atilde;o dos acessos      dos alunos ao IAG (Informa&ccedil;&otilde;es Acad&ecirc;micas Gradua&ccedil;&atilde;o)      e IAP (Informa&ccedil;&otilde;es Acad&ecirc;micas P&oacute;s-Gradua&ccedil;&atilde;o),      que s&atilde;o os sistemas de consulta a suas informa&ccedil;&otilde;es      acad&ecirc;micas. Estavam dispon&iacute;veis para consulta no IAG informa&ccedil;&otilde;es      sobre notas, hist&oacute;rico, grades curriculares, oferta, RSG, situa&ccedil;&atilde;o      no curso e at&eacute; 2008, emiss&atilde;o de boletos para contribui&ccedil;&atilde;o      ao fundo de bolsas. Em 2009 a contribui&ccedil;&atilde;o ao fundo de      bolsas passou a ser opcional o que gera a interpreta&ccedil;&atilde;o      de que muitos alunos da gradua&ccedil;&atilde;o, assim como os de p&oacute;s-gradua&ccedil;&atilde;o,      poderiam acessar o sistema essencialmente para emitir o boleto de contribui&ccedil;&atilde;o.      <\/p>\n<p>     Nos &uacute;ltimos semestres, outros servi&ccedil;os v&ecirc;m sendo      incorporados ao portal minhaUFMG, como &eacute; o caso do Portal UFMG      Conhecimento e Cultura, o ProInter &#8211; Programa de Interc&acirc;mbio Internacional,      e outros. Al&eacute;m desses servi&ccedil;os, v&aacute;rias outras ferramentas      est&atilde;o sendo incorporadas a fim de facilitar as consultas dos      alunos aos seus dados, notas, e outros, como &eacute; o caso do Di&aacute;rio      de Classe e, desde janeiro de 2013, o novo sistema de Gradua&ccedil;&atilde;o      que vem substituir o sistema IAG disponibilizando novos recursos implementados      em uma plataforma mais moderna.<\/p>\n<p>     Nesse novo acesso ao sistema de Gradua&ccedil;&atilde;o, o aluno poder&aacute;      acessar seus dados pessoais, atividades cursadas, matr&iacute;cula e      hor&aacute;rio, ocorr&ecirc;ncias acad&ecirc;micas, situa&ccedil;&atilde;o      de integraliza&ccedil;&atilde;o e RSG. H&aacute; um destaque para a      possibilidade de o aluno gerenciar o seu plano de estudos de modo que      todo o caminho a ser percorrido enquanto estiver vinculado a Universidade      esteja planejado. A cada semestre o aluno pode efetuar ajustes no seu      plano de estudos para adequar as suas necessidades e ainda efetuar proposta      de matr&iacute;cula baseada neste plano. Todos esses servi&ccedil;os      t&ecirc;m a inten&ccedil;&atilde;o de facilitar a gest&atilde;o acad&ecirc;mica      do pr&oacute;prio aluno para que ele possa aproveitar todos os recursos      oferecidos pela universidade de forma plena.<\/span><\/p>\n<p align=\"center\"><img decoding=\"async\" src=\"https:\/\/www.ufmg.br\/dti\/wp-content\/uploads\/fotos\/Ano%202013\/Abril\/Volume%20Total%20de%20acesso%20aos%20dados%20da%20Gradua%E7%E3o%20via%20IAG.bmp\"><\/p>\n<p>     <img decoding=\"async\" src=\"https:\/\/www.ufmg.br\/dti\/wp-content\/uploads\/fotos\/Ano%202013\/Abril\/Volume%20Total%20de%20Acesso%20aos%20dados%20da%20P%F3s-Gradua%E7%E3o%20via%20IAP.bmp\">      <\/p>\n<\/td>\n<\/tr>\n<tr>\n<td height=\"245\" align=\"LEFT\" valign=\"TOP\"><\/td>\n<td align=\"LEFT\" valign=\"TOP\">\n<p><a name=\"anoticias2\" id=\"2\"><span class=\"titulo\">CECOM      PARTICIPA DE ENCONTRO DO SERPRO EM BRAS&Iacute;LIA<\/span><\/a><\/p>\n<p align=\"justify\"><span class=\"texto\"> Carlos Alfeu Furtado da Fonseca,      Diretor do CECOM, e Emerson Henrique Kfuri Pereira, Diretor da Divis&atilde;o      de Infraestrutura de Servi&ccedil;os, estar&atilde;o nos dias 10 e 11      de abril, em Bras&iacute;lia, participando do planejamento de atividades      do CISL &#8211; Comit&ecirc; T&eacute;cnico de Implementa&ccedil;&atilde;o      de Software Livre do Governo Federal, para o bi&ecirc;nio 2013-2014.<\/p>\n<p>     Ap&oacute;s os planejamentos de 2004, 2009 e 2010, o quarto planejamento      do CISL objetiva avaliar o andamento atual do Comit&ecirc; e definir      as a&ccedil;&otilde;es do mesmo para 2013-2014.<\/p>\n<p>     Os trabalhos ser&atilde;o realizados na ESAF &#8211; Escola de Administra&ccedil;&atilde;o      Fazend&aacute;ria, no hor&aacute;rio de 9h &agrave;s 18h. <\/span> <\/p>\n<p align=\"center\"><span class=\"texto\"><a href=\"\/dti\/#topo\"> <img loading=\"lazy\" decoding=\"async\" src=\"https:\/\/www.ufmg.br\/dti\/wp-content\/uploads\/imgs\/tudo_topo.gif\" width=\"35\" height=\"11\" alt=\"\" border=\"0\" hspace=\"0\" vspace=\"0\" align=\"right\"><\/a><\/span><span class=\"texto\"><br \/>     <\/span><\/p>\n<\/td>\n<\/tr>\n<tr>\n<td height=\"725\" align=\"LEFT\" valign=\"TOP\"><\/td>\n<td align=\"LEFT\" valign=\"TOP\">\n<p><a name=\"anoticias3\" id=\"3\"><span class=\"titulo\">CECOM      RECEBE NOVO FUNCION&Aacute;RIO<\/span><\/a><\/p>\n<p align=\"justify\"><span class=\"texto\"> O CECOM est&aacute; contando com      mais um funcion&aacute;rio em seu quadro. No dia 25\/03\/2013, o Assistente      em Administra&ccedil;&atilde;o Guilherme Henrique Silva Gomes foi lotado      na Divis&atilde;o de Apoio Administrativo (DAA).<\/p>\n<p>     Guilherme Henrique prestou Concurso P&uacute;blico na UFMG em 2012,      sendo chamado agora para a posse. Antes disso, ele trabalhou na UFOP      &#8211; Universidade Federal de Ouro Preto, no cargo de Auxiliar de Administra&ccedil;&atilde;o,      onde foi admitido em mar&ccedil;o de 2012. L&aacute;, ele atuou no Sistema      de Bibliotecas integrado com gest&atilde;o de contratos e compras de      acervo bibliogr&aacute;fico.<\/p>\n<p>     Guilherme Henrique foi tamb&eacute;m funcion&aacute;rio da Prefeitura      de Ouro Preto, no per&iacute;odo de 2007 a 2012. Admitido como Agente      Administrativo, ele atuou no Depto. de Compras como Pregoeiro e Presidente      da Comiss&atilde;o Permanente de Licita&ccedil;&atilde;o, al&eacute;m      de ter sido Diretor do Depto. de Patrim&ocirc;nio e Almoxarifado da      Administra&ccedil;&atilde;o Central.<\/p>\n<p>     Guilherme &eacute; natural da cidade de Ouro Preto e est&aacute; concluindo      o curso de Matem&aacute;tica na UFOP.<\/span><\/p>\n<p align=\"center\"><img loading=\"lazy\" decoding=\"async\" src=\"https:\/\/www.ufmg.br\/dti\/wp-content\/uploads\/fotos\/Ano%202013\/Abril\/Entrada_Guilherme_Da_Lel%E9.jpg\" width=\"370\" height=\"346\"><\/p>\n<p align=\"center\"><span class=\"texto\"><a href=\"\/dti\/#topo\"> <img loading=\"lazy\" decoding=\"async\" src=\"https:\/\/www.ufmg.br\/dti\/wp-content\/uploads\/imgs\/tudo_topo.gif\" width=\"35\" height=\"11\" alt=\"\" border=\"0\" hspace=\"0\" vspace=\"0\" align=\"right\"><\/a><\/span><span class=\"texto\"><br \/>     <\/span><\/p>\n<\/td>\n<\/tr>\n<tr>\n<td height=\"345\" align=\"LEFT\" valign=\"TOP\"><\/td>\n<td align=\"LEFT\" valign=\"TOP\">\n<p><a name=\"anoticias4\" id=\"4\"><span class=\"titulo\">DANIEL      AVELINO DESPEDE-SE DO CECOM<\/span><\/a><\/p>\n<p><span class=\"texto\"> O Analista de Tecnologia da Informa&ccedil;&atilde;o      Daniel Angelo Avellino, lotado na Divis&atilde;o de Infraestrutura de      Servi&ccedil;os (DIS), pediu demiss&atilde;o do quadro do CECOM no &uacute;ltimo      dia 1o de abril.<\/p>\n<p>     Daniel Avelino veio transferido do LCC para o CECOM em abril de 2012,      lotado na DAC &#8211; Divis&atilde;o de Atendimento e Consultoria, passando      depois para a DIS.<\/span><\/p>\n<p align=\"center\"><img loading=\"lazy\" decoding=\"async\" src=\"https:\/\/www.ufmg.br\/dti\/wp-content\/uploads\/fotos\/Ano%202013\/Abril\/Saida_DanielAvelino_2013.jpg\" width=\"276\" height=\"370\"><\/p>\n<p align=\"center\"><span class=\"texto\"><a href=\"\/dti\/#topo\"> <img loading=\"lazy\" decoding=\"async\" src=\"https:\/\/www.ufmg.br\/dti\/wp-content\/uploads\/imgs\/tudo_topo.gif\" width=\"35\" height=\"11\" alt=\"\" border=\"0\" hspace=\"0\" vspace=\"0\" align=\"right\"><\/a><\/span><span class=\"texto\"><br \/>     <\/span><\/p>\n<\/td>\n<\/tr>\n<p>  <!-- #BeginEditable \"materias\" --> <!-- #EndEditable -->  <\/table>\n<table border=\"0\" cellpadding=\"0\" cellspacing=\"0\">\n<tr>\n<td align=\"LEFT\" valign=\"TOP\"><\/td>\n<td align=\"LEFT\" valign=\"TOP\">&nbsp;<\/td>\n<\/tr>\n<p>  <!-- #BeginEditable \"materias\" --> <!-- #EndEditable -->  <\/table>\n<\/p><\/div>\n<p><a name='informativo'><\/a><\/p>\n<h4>Informativo<\/h4>\n<div class=\"centro-sistematico\">  <!-- noticias --> <a><\/a>  <\/p>\n<table border=\"0\" cellspacing=\"0\" cellpadding=\"0\">\n<tr>\n<td><\/td>\n<td><\/td>\n<\/tr>\n<p>  <!-- #BeginEditable \"materias\" --> <!-- #EndEditable -->  <\/table>\n<p> <!-- fim noticias --> <!-- tabela ha 20 anos --> <\/p>\n<table border=\"0\" cellpadding=\"0\" cellspacing=\"0\" bgcolor=\"#FFFFFF\">\n<tr>\n<td height=\"403\" align=\"LEFT\" valign=\"TOP\"><\/td>\n<td align=\"LEFT\" valign=\"TOP\">\n<p align=\"left\"><span class=\"texto\"><a name=\"ainformativo1\" id=\"1\"><span class=\"titulo\">ESTAT&Iacute;STICAS      DE ACESSO DO SERVI&Ccedil;O PROXY HTTP<\/span><\/a><\/span><\/p>\n<p align=\"justify\"><span class=\"texto\">Destinado a diminuir o tr&aacute;fego      de navega&ccedil;&atilde;o na RNP e acelerar o acesso de m&aacute;quinas      internas e sites externos, a UFMG conta com o servi&ccedil;o de proxy      HTTP, implantado em abril\/2006. Todos os meses, O Sistem&aacute;tico      tem publicado as estat&iacute;sticas de acesso a esse servi&ccedil;o.<\/p>\n<p>     At&eacute; o dia 31 de mar&ccedil;o\/2013, foram registrados 14.114 usu&aacute;rios      diferentes acessando o sistema desde a sua implanta&ccedil;&atilde;o.      O gr&aacute;fico abaixo mostra o total de registros mensais.<br \/>     Para quem est&aacute; fora da Rede UFMG (por exemplo, acessando a Internet      de casa), o proxy permite o acesso a sites n&atilde;o p&uacute;blicos,      como os apontados pelo Portal CAPES.<\/p>\n<p>     A queda acentuada no uso do Proxy teve in&iacute;cio com a ado&ccedil;&atilde;o      do acesso direto com a autentica&ccedil;&atilde;o via comunidade CAFe.<\/span><\/p>\n<p align=\"center\"><img loading=\"lazy\" decoding=\"async\" src=\"https:\/\/www.ufmg.br\/dti\/wp-content\/uploads\/fotos\/Ano%202013\/Abril\/Proxy_Mar2013.JPG\" width=\"500\" height=\"302\"><\/p>\n<p align=\"center\"><span class=\"texto\"><\/span><span class=\"texto\"><br \/>     <\/span>    <\/p>\n<\/td>\n<\/tr>\n<tr>\n<td height=\"419\" align=\"LEFT\" valign=\"TOP\"><\/td>\n<td align=\"LEFT\" valign=\"TOP\">\n<p align=\"left\"><span class=\"texto\"><a name=\"ainformativo2\" id=\"2\"><span class=\"titulo\">ESTAT&Iacute;STICAS      DE SISTEMA ANTI-SPAM DE MAR&Ccedil;O 2013<\/span><\/a><\/span><\/p>\n<p align=\"justify\"><span class=\"texto\">Desde o m&ecirc;s de abril\/2004,      o site do CECOM passou a publicar texto explicativo e gr&aacute;fico      com o total de mensagens analisadas, para que possa conhecer mais claramente      o volume de mensagens que chega &agrave; UFMG, como elas s&atilde;o      classificadas e as a&ccedil;&otilde;es tomadas. Essas informa&ccedil;&otilde;es      est&atilde;o dispon&iacute;veis em http:\/\/www.cecom. ufmg.br\/se_redes.shtml.<\/p>\n<p>     No gr&aacute;fico e nas tabelas seguintes, as mensagens s&atilde;o classificadas      como rejeitadas ou aceitas. Se aceitas, seu conte&uacute;do &eacute;      analisado para se checar se s&atilde;o <strong><em>v&aacute;lidas<\/em><\/strong>,      <em> <strong>spam<\/strong><\/em> ou cont&ecirc;m <em><strong>v&iacute;rus<\/strong><\/em>.<\/span><\/p>\n<p align=\"justify\"><span class=\"texto\">No m&ecirc;s de mar&ccedil;o\/2013,      os n&uacute;meros totais analisados pelo sistema foram os seguintes:      <\/span><\/p>\n<table width=\"100%\" border=\"1\">\n<tr>\n<td width=\"14%\">\n<div align=\"center\"><strong><font face=\"2\">V&aacute;lidas<\/font><\/strong><\/div>\n<\/td>\n<td width=\"12%\">\n<div align=\"center\"><strong><font face=\"2\">V&iacute;rus<\/font><\/strong><\/div>\n<\/td>\n<td width=\"13%\">\n<div align=\"center\"><strong><font face=\"2\">Spam<\/font><\/strong><\/div>\n<\/td>\n<td width=\"18%\">\n<div align=\"center\"><strong><font face=\"2\">Total         aceitas <\/font><\/strong><\/div>\n<\/td>\n<td width=\"19%\">\n<div align=\"center\"><strong><font face=\"2\">Rejeitadas<\/font><\/strong><\/div>\n<\/td>\n<td width=\"24%\">\n<div align=\"center\"><strong><font face=\"2\">Total         Geral <\/font><\/strong><\/div>\n<\/td>\n<\/tr>\n<tr>\n<td>\n<div align=\"center\"><font face=\"1.5\">1.593.340<\/font><\/div>\n<\/td>\n<td>\n<div align=\"center\"><font face=\"1.5\">41<\/font><\/div>\n<\/td>\n<td>\n<div align=\"center\"><font face=\"1.5\">760.964<\/font><\/div>\n<\/td>\n<td>\n<div align=\"center\"><font face=\"1.5\">2.254.845<\/font><\/div>\n<\/td>\n<td>\n<div align=\"center\"><font face=\"1.5\">15.248.824<\/font><\/div>\n<\/td>\n<td>\n<div align=\"center\"><font face=\"1.5\">17.603.669<\/font><\/div>\n<\/td>\n<\/tr>\n<\/table>\n<p align=\"justify\"><span class=\"texto\"> As m&eacute;dias di&aacute;rias      durante o m&ecirc;s de mar&ccedil;o foram as seguintes:<\/span><\/p>\n<table width=\"100%\" border=\"1\">\n<tr>\n<td width=\"14%\">\n<div align=\"center\"><strong><font face=\"2\">V&aacute;lidas<\/font><\/strong><\/div>\n<\/td>\n<td width=\"12%\">\n<div align=\"center\"><strong><font face=\"2\">V&iacute;rus<\/font><\/strong><\/div>\n<\/td>\n<td width=\"13%\">\n<div align=\"center\"><strong><font face=\"2\">Spam<\/font><\/strong><\/div>\n<\/td>\n<td width=\"18%\">\n<div align=\"center\"><strong><font face=\"2\">Total         aceitas <\/font><\/strong><\/div>\n<\/td>\n<td width=\"19%\">\n<div align=\"center\"><strong><font face=\"2\">Rejeitadas<\/font><\/strong><\/div>\n<\/td>\n<td width=\"24%\">\n<div align=\"center\"><strong><font face=\"2\">Total         Geral <\/font><\/strong><\/div>\n<\/td>\n<\/tr>\n<tr>\n<td>\n<div align=\"center\"><font face=\"1.5\">51.414<\/font><\/div>\n<\/td>\n<td>\n<div align=\"center\"><font face=\"1.5\">1<\/font><\/div>\n<\/td>\n<td>\n<div align=\"center\"><font face=\"1.5\">24.547<\/font><\/div>\n<\/td>\n<td>\n<div align=\"center\"><font face=\"1.5\">75.963<\/font><\/div>\n<\/td>\n<td>\n<div align=\"center\"><font face=\"1.5\">491.898<\/font><\/div>\n<\/td>\n<td>\n<div align=\"center\"><font face=\"1.5\">567.860<\/font><\/div>\n<\/td>\n<\/tr>\n<\/table>\n<p align=\"center\"><img loading=\"lazy\" decoding=\"async\" src=\"https:\/\/www.ufmg.br\/dti\/wp-content\/uploads\/fotos\/Ano%202013\/Abril\/estat_virus_mar2013.jpg\" width=\"500\" height=\"409\"><\/p>\n<p align=\"justify\"><span class=\"texto\"><\/span><span class=\"texto\"><br \/>     <\/span>    <\/p>\n<\/td>\n<\/tr>\n<tr>\n<td height=\"444\" align=\"LEFT\" valign=\"TOP\"><\/td>\n<td align=\"LEFT\" valign=\"TOP\">\n<p align=\"left\"><span class=\"texto\"><a name=\"ainformativo3\" id=\"3\"><span class=\"titulo\">DICAS      DE SITES INTERESSANTES<\/span><\/a><\/span><\/p>\n<p align=\"justify\"><span class=\"texto\">Adyrus, o ca&ccedil;ador de sites,      enviou as seguintes dicas:<\/p>\n<p>     &#8211; O Ubuntu est&aacute; entre as distribui&ccedil;&otilde;es Linux mais      populares do mercado e pode ser instalados em alguns dispositivos, como      Tablets e Smartphones. Veja se seu dispositivo est&aacute; na lista      e <a href=\"https:\/\/wiki.ubuntu.com\/Touch\/Devices\">fa&ccedil;a download<\/a>.<\/p>\n<p>     &#8211; Desenvolva sua compreens&atilde;o e habilidades de comunica&ccedil;&atilde;o      enquanto aprende Ingl&ecirc;s com rapidez. Instale o APP no seu celular      ou Tablet. Android e Iphone. <a href=\"http:\/\/lingualeo.com\/pt\">Visite<\/a>.<\/p>\n<p>     &#8211; A empresa coreana EyeFly vai lan&ccedil;ar uma pel&iacute;cula que      faz tela de celular ficar em 3D.&nbsp; <a href=\"http:\/\/eyefly3d.com\/\">Saiba      mais<\/a>.<\/p>\n<p>     &#8211; Ou&ccedil;a a discografia de Caetano Veloso em seu site Caetano Veloso      70. <a href=\"http:\/\/www.caetanoveloso.com.br\/discografia.php\">Clique<\/a>.<\/p>\n<p>     &#8211; De Bruno Mars a Mozart, toque as melhores m&uacute;sicas sem dificuldades      no 1&ordm; jogo de piano, agora tamb&eacute;m dispon&iacute;vel em HD      para iPad! Obtenha m&uacute;sicas gratuitas todos os dias e aproveite      o enorme cat&aacute;logo de m&uacute;sicas em qualquer aplicativo de      piano. <a href=\"https:\/\/play.google.com\/store\/apps\/details?id=com.smule.magicpiano&amp;hl=pt_BR\">Veja<\/a>.<\/p>\n<p>     &#8211; Bateria eletr&ocirc;nica de dedo para Android. A mais divertida experi&ecirc;ncia      em bateria de dedo para Android! Bateria com timbres de percuss&atilde;o      ac&uacute;stica. <a href=\"https:\/\/play.google.com\/store\/apps\/details?id=br.com.rodrigokolb.realdrum&amp;hl=pt_PT\">Download<\/a>.<\/p>\n<p>     Bateria eletr&ocirc;nica de dedo para IPHONE: <a href=\"http:\/\/www.moocowmusic.com\/Guitarist\/index.html\">Download<\/a>.<\/span><\/p>\n<p align=\"justify\"><span class=\"texto\"><\/span><span class=\"texto\"><\/p>\n<p>     <\/span> <\/p>\n<\/td>\n<\/tr>\n<tr>\n<td height=\"156\" align=\"LEFT\" valign=\"TOP\"><\/td>\n<td align=\"LEFT\" valign=\"TOP\">\n<p align=\"left\"><span class=\"texto\"><a name=\"ainformativo4\" id=\"4\"><span class=\"titulo\">ESCOLHA      DO NOME DO MASCOTE DO PROJETO BOCADOS DE GENTILEZA<\/span><\/a><\/span><\/p>\n<p align=\"justify\"><span class=\"texto\">O CEDECOM iniciou, no dia 1o, a      divulga&ccedil;&atilde;o nas Unidades do concurso cultural que escolher&aacute;      um nome para a gar&ccedil;a, mascote do Projeto Bocados de Gentileza.      <\/p>\n<p>     Informa&ccedil;&otilde;es sobre o concurso se encontram no hall da Reitoria,      perto dos elevadores.<\/span><\/p>\n<p align=\"justify\"><span class=\"texto\"><\/span><span class=\"texto\"><\/p>\n<p>     <\/span> <\/p>\n<\/td>\n<\/tr>\n<tr>\n<td align=\"LEFT\" valign=\"TOP\"><\/td>\n<td align=\"LEFT\" valign=\"TOP\">&nbsp;<\/td>\n<\/tr>\n<tr class=\"cinza\">\n<td height=\"257\"><img loading=\"lazy\" decoding=\"async\" src=\"https:\/\/www.ufmg.br\/dti\/wp-content\/uploads\/imgs\/tudo_pixel.gif\" width=\"1\" height=\"1\" alt=\"\" border=\"0\"><\/td>\n<td align=\"LEFT\" valign=\"TOP\"><!-- #BeginEditable \"ha%2020%20anos\" -->     <\/p>\n<div align=\"justify\">\n<p><a name=\"ainformativo5\" id=\"5\"><img loading=\"lazy\" decoding=\"async\" src=\"https:\/\/www.ufmg.br\/dti\/wp-content\/uploads\/imgs\/tudo_pixel.gif\" width=\"8\" height=\"9\" alt=\"\" border=\"0\"><span class=\"titulo\">H\u00e1       20 anos&#8230;<\/span><\/a><\/p>\n<p>      <span class=\"texto\"> O Sistem&aacute;tico Ano XVII, no 11, de 01\/04\/1993,       publicou not&iacute;cias sobre palestra do diretor do CECOM, Eduardo       Henrique Lima, na FAFICH, sobre Qualidade Total, palestra Seguran&ccedil;a       de Acesso ao Sistema, apresenta&ccedil;&atilde;o do M\/SQL para MUMPS,       Bate Papo T&eacute;cnico, planejamento semestral, entre outras. A       not&iacute;cia que se destacou foi:<br \/>      <strong><br \/>      <\/strong> <\/span><span class=\"texto\"><strong>INGL&Ecirc;S INSTRUMENTAL<\/p>\n<p>      <\/strong><font face=\"1\">Na reuni&atilde;o da Comiss&atilde;o do Projeto       Qualidade, realizada nesta quarta-feira, dia 31, a Diretoria informou       que est&aacute; providenciando a contrata&ccedil;&atilde;o de uma       professora de Ingl&ecirc;s Instrumental para realizar um curso de       60 horas para os funcion&aacute;rios do CECOM que estiverem interessados.<br \/>      O in&iacute;cio do curso est&aacute; previsto para o m&ecirc;s de       maio\/93.<\/font><\/span><\/p>\n<\/p><\/div>\n<div align=\"justify\">\n<p><span class=\"texto\"><\/span><\/p>\n<\/p><\/div>\n<p>    <!-- #EndEditable --><\/td>\n<\/tr>\n<tr>\n<td width=\"12\" align=\"LEFT\" valign=\"TOP\">&nbsp;<\/td>\n<td align=\"LEFT\" valign=\"TOP\">\n<p align=\"left\"><span class=\"texto\"><br \/>     <\/span>    <\/p>\n<\/td>\n<\/tr>\n<p>  <!-- #BeginEditable \"materias\" --> <!-- #EndEditable -->  <\/table>\n<p> <!-- fim tabela ha 20 anos --><\/div>\n<p><a name='eventos'><\/a><\/p>\n<h4>Eventos<\/h4>\n<div class=\"centro-sistematico\">  <!-- noticias --> <\/p>\n<table border=\"0\" cellpadding=\"0\" cellspacing=\"0\">\n<tr>\n<td align=\"LEFT\" valign=\"TOP\">&nbsp;<\/td>\n<td align=\"LEFT\" valign=\"TOP\">&nbsp;<\/td>\n<\/tr>\n<p>  <!-- #BeginEditable \"materias\" --> <!-- #EndEditable -->  <\/table>\n<table border=\"0\" cellspacing=\"0\" cellpadding=\"0\">\n<tr>\n<td><\/td>\n<td><\/td>\n<\/tr>\n<tr>\n<td height=\"287\" align=\"LEFT\" valign=\"TOP\"><\/td>\n<td align=\"LEFT\" valign=\"TOP\">\n<p><a name=\"aeventos1\" id=\"1\"><span class=\"titulo\">SOCIAIS<\/span><\/a><\/p>\n<p align=\"justify\" class=\"texto\"><strong>ANIVERS&Aacute;RIOS:<em> <\/em><\/strong><em>Como      O Sistem&aacute;tico n&atilde;o foi publicado na semana passada, os      parab&eacute;ns atrasados para os ex-ceconianos: Renato Vaz de Melo      Espechit, no dia 29 de mar&ccedil;o; Alda Batista, Maria Eug&ecirc;nia      Melo da Cunha e Milton Pifano Soares Ferreira, no dia 31; C&eacute;sar      de Almeida Correia, H&eacute;lio Teixeira da Costa e Assahaf Ge&ccedil;ary      Lescano de Oliveira, no dia 1o de abril;&nbsp; Solange Teixeira de Oliveira,      no dia 02; Elizabeth Gomes Oliveira Clementino. Geovane Ferreira Piccinin      e Pedro Henrique Silvestre dos Santos, no dia 03. Os parab&eacute;ns,      em dia, para: Eug&ecirc;nio Pacelli Pereira de Souza, no dia 05; Denise      Cristina de Assis Moreira, no dia 08; Dioberto C&eacute;sar dos Reis      e Nilson Jos&eacute; Marinho Vale, no dia 10; Carolina Santos Alves,      no dia 11; e os ex-ceconianos: Eduardo Rodrigues Cunha, no dia 04; Werner      Streitwieser e Wilson de P&aacute;dua Paula Filho, no dia 05; 7 Eduardo      Jaine Quir&oacute;s Batres e M&iacute;riam L&uacute;cia dos Santos Jorge,      no dia 07; Paulo Fernando Seixas, Leonardo Barroso de Ara&uacute;jo,      Ben&iacute;cio Alves de Souza e Nair Vieira Sales, no dia 10; e Caroline      Mitsuko Rocha Kinoshita, no dia 11.<\/em><\/p>\n<p align=\"justify\" class=\"texto\"><span class=\"texto\"><\/p>\n<p>     <\/span><\/p>\n<\/td>\n<\/tr>\n<tr>\n<td height=\"1913\" align=\"LEFT\" valign=\"TOP\"><\/td>\n<td align=\"LEFT\" valign=\"TOP\">\n<p><a name=\"aeventos2\" id=\"2\"><span class=\"titulo\">MEM&Oacute;RIA      FOTOGR&Aacute;FICA DO CECOM<\/span><\/a><\/p>\n<p align=\"justify\" class=\"texto\">Mais um lote de fotos tiradas na comemora&ccedil;&atilde;o      dos anivers&aacute;rios dos ceconianos do 1o trimestre do ano. As fotos      s&atilde;o de autoria de Lel&eacute;, Di&ecirc;go Jess&eacute; e Guilherme      Viegas.<\/p>\n<p align=\"center\" class=\"texto\"><img loading=\"lazy\" decoding=\"async\" src=\"https:\/\/www.ufmg.br\/dti\/wp-content\/uploads\/fotos\/Ano%202013\/Abril\/1a_Trimestrais_2013_%27Explodimos_o_Bolo%27.jpg\" width=\"500\" height=\"400\"><br \/>     <span class=\"texto\"><strong><font face=\"2\"><span class=\"texto\"><font face=\"1\"><em>A      chama da vela<\/em><\/font><\/span><\/font><\/strong><\/span><\/p>\n<p align=\"center\" class=\"texto\"><em><strong><img loading=\"lazy\" decoding=\"async\" src=\"https:\/\/www.ufmg.br\/dti\/wp-content\/uploads\/fotos\/Ano%202013\/Abril\/1a_Trimestrais_2013_Vis%E3o_Geral.jpg\" width=\"500\" height=\"308\"><\/strong><\/em><br \/>     <span class=\"texto\"><strong><font face=\"2\"><span class=\"texto\"><font face=\"1\"><em>Charles,      Jo&atilde;o Carlos, Pedro, Emerson, Carlos Alfeu e Marcelo<\/em><\/font><\/span><\/font><\/strong><\/span><\/p>\n<p align=\"center\" class=\"texto\"><em><strong><font face=\"1\"><img loading=\"lazy\" decoding=\"async\" src=\"https:\/\/www.ufmg.br\/dti\/wp-content\/uploads\/fotos\/Ano%202013\/Abril\/1a_Trimestrais_2013_Mesa_Fundo2.jpg\" width=\"500\" height=\"292\"><br \/>     <span class=\"texto\"><strong><font face=\"2\"><span class=\"texto\"><font face=\"1\"><em>Frota,      Eug&ecirc;nio, Carlos Roberto, Di&ecirc;go Jess&eacute;, Leandro Pio      eHugo <\/em><\/font><\/span><\/font><\/strong><\/span> <\/font><\/strong><\/em>      <\/p>\n<p>     <img loading=\"lazy\" decoding=\"async\" src=\"https:\/\/www.ufmg.br\/dti\/wp-content\/uploads\/fotos\/Ano%202013\/Abril\/1a_Trimestrais_2013_Corre_Carol.jpg\" width=\"500\" height=\"366\">      <br \/>     <em><strong><font face=\"1\"><span class=\"texto\"><strong><font face=\"2\"><span class=\"texto\"><font face=\"1\"><em>Carol      tentou n&atilde;o sair na foto!<\/em><\/font><\/span><\/font><\/strong><\/span><\/font><\/strong><\/em><\/p>\n<p align=\"center\" class=\"texto\"><img loading=\"lazy\" decoding=\"async\" src=\"https:\/\/www.ufmg.br\/dti\/wp-content\/uploads\/fotos\/Ano%202013\/Abril\/1a_Trimestrais_2013_Alfeu_e_F%E1bio.jpg\" width=\"500\" height=\"344\"><br \/>     <em><strong><font face=\"1\"><span class=\"texto\"><strong><font face=\"2\"><span class=\"texto\"><font face=\"1\"><em>Carlos      Alfeu e F&aacute;bio, aniversariantes de 04\/03. Ao fundo, Frota.<\/em><\/font><\/span><\/font><\/strong><\/span><\/font><\/strong><\/em><\/p>\n<p align=\"justify\" class=\"texto\"><span class=\"texto\"><\/span><\/p>\n<\/td>\n<\/tr>\n<p>  <!-- #BeginEditable \"materias\" --> <!-- #EndEditable -->  <\/table>\n<p> <!-- fim noticias --> <\/p>\n<table border=\"0\" cellpadding=\"0\" cellspacing=\"0\">\n<tr>\n<td width=\"276\" align=\"LEFT\" valign=\"TOP\">&nbsp;<\/td>\n<td width=\"274\" align=\"LEFT\" valign=\"TOP\">&nbsp;<\/td>\n<\/tr>\n<p>  <!-- #BeginEditable \"materias\" --> <!-- #EndEditable -->  <\/table>\n<\/div>\n","protected":false},"excerpt":{"rendered":"<p>Not\u00edcias SISTEMA ACAD&Ecirc;MICO DISPONIBILIZA NOVO ACESSO PARA ALUNOS DA GRADUA&Ccedil;&Atilde;O CECOM PARTICIPA DE ENCONTRO DO SERPRO EM BRAS&Iacute;LIA CECOM RECEBE NOVO FUNCION&Aacute;RIO DANIEL AVELINO DESPEDE-SE DO CECOM Informativo ESTAT&Iacute;STICAS DE ACESSO DO SERVI&Ccedil;O PROXY HTTP ESTAT&Iacute;STICAS DE SISTEMA ANTI-SPAM DE MAR&Ccedil;O 2013 DICAS DE SITES INTERESSANTES ESCOLHA DO NOME DO MASCOTE DO PROJETO BOCADOS DE &#8230; <a title=\"Sistem\u00e1tico: Edi\u00e7\u00e3o 1568 &#8211; 04\/04\/2013\" class=\"read-more\" href=\"https:\/\/www.ufmg.br\/dti\/2013\/04\/04\/sistematico-edicao-1568-04042013\/\" aria-label=\"Read more about Sistem\u00e1tico: Edi\u00e7\u00e3o 1568 &#8211; 04\/04\/2013\">Ler mais<\/a><\/p>\n","protected":false},"author":3,"featured_media":0,"comment_status":"open","ping_status":"open","sticky":false,"template":"","format":"standard","meta":{"inline_featured_image":false,"footnotes":""},"categories":[13],"tags":[],"coauthors":[79],"class_list":["post-1061","post","type-post","status-publish","format-standard","hentry","category-sistematico"],"_links":{"self":[{"href":"https:\/\/www.ufmg.br\/dti\/wp-json\/wp\/v2\/posts\/1061","targetHints":{"allow":["GET"]}}],"collection":[{"href":"https:\/\/www.ufmg.br\/dti\/wp-json\/wp\/v2\/posts"}],"about":[{"href":"https:\/\/www.ufmg.br\/dti\/wp-json\/wp\/v2\/types\/post"}],"author":[{"embeddable":true,"href":"https:\/\/www.ufmg.br\/dti\/wp-json\/wp\/v2\/users\/3"}],"replies":[{"embeddable":true,"href":"https:\/\/www.ufmg.br\/dti\/wp-json\/wp\/v2\/comments?post=1061"}],"version-history":[{"count":0,"href":"https:\/\/www.ufmg.br\/dti\/wp-json\/wp\/v2\/posts\/1061\/revisions"}],"wp:attachment":[{"href":"https:\/\/www.ufmg.br\/dti\/wp-json\/wp\/v2\/media?parent=1061"}],"wp:term":[{"taxonomy":"category","embeddable":true,"href":"https:\/\/www.ufmg.br\/dti\/wp-json\/wp\/v2\/categories?post=1061"},{"taxonomy":"post_tag","embeddable":true,"href":"https:\/\/www.ufmg.br\/dti\/wp-json\/wp\/v2\/tags?post=1061"},{"taxonomy":"author","embeddable":true,"href":"https:\/\/www.ufmg.br\/dti\/wp-json\/wp\/v2\/coauthors?post=1061"}],"curies":[{"name":"wp","href":"https:\/\/api.w.org\/{rel}","templated":true}]}}