{"id":1078,"date":"2012-04-26T08:00:00","date_gmt":"2012-04-26T08:00:00","guid":{"rendered":"https:\/\/www.ufmg.br\/dti\/cecom\/?p=1078"},"modified":"2012-04-26T08:00:00","modified_gmt":"2012-04-26T08:00:00","slug":"sistematico-edicao-1551-26042012","status":"publish","type":"post","link":"https:\/\/www.ufmg.br\/dti\/2012\/04\/26\/sistematico-edicao-1551-26042012\/","title":{"rendered":"Sistem\u00e1tico: Edi\u00e7\u00e3o 1551 &#8211; 26\/04\/2012"},"content":{"rendered":"<ul>\n<li><a href=\"\/dti\/#noticias\">Not\u00edcias<\/a>\n<div class='submenuSistematico'>\n<ul>\n<li><a href=\"\/dti\/#anoticias1\" id=\"1\"><span class=\"titulo\"><span class=\"titulo\">REESTRUTURA&Ccedil;&Atilde;O     DO CECOM CRIA DUAS NOVAS DIVIS&Otilde;ES<\/span><\/span><\/a><\/li>\n<li><a href=\"\/dti\/#anoticias2\" id=\"2\"><span class=\"titulo\">SIMP&Oacute;SIO      SOBRE REDES DE COMPUTADORES E SISTEMAS DISTRIBU&Iacute;DOS COME&Ccedil;A      DIA 30 EM OURO PRETO<\/span><\/a><\/li>\n<li><a href=\"\/dti\/#anoticias3\" id=\"3\"><span class=\"titulo\">CECOM      PROMOVE PREG&Atilde;O PARA LINK DE COMUNICA&Ccedil;&Atilde;O DO ICA<\/span><\/a><\/li>\n<li><a href=\"\/dti\/#anoticias4\" id=\"4\"><span class=\"titulo\">RETORNO      DE ESTAGI&Aacute;RIO<\/span><\/a><\/li>\n<li><a href=\"\/dti\/#anoticias5\" id=\"5\"><span class=\"titulo\">SA&Iacute;DA      DE ESTAGI&Aacute;RIO<\/span><\/a><\/li>\n<\/ul>\n<\/div>\n<\/li>\n<li><a href=\"\/dti\/#informativo\">Informativo<\/a>\n<div class='submenuSistematico'>\n<ul>\n<li><a href=\"\/dti\/#ainformativo1\" id=\"1\"><span class=\"titulo\">DICAS      DE SITES INTERESSANTES<\/span><\/a><\/li>\n<li><a href=\"\/dti\/#ainformativo2\" id=\"2\"><span class=\"titulo\">EXPOSI&Ccedil;&Atilde;O      IMAGENS DO CONHECIMENTO SER&Aacute; ABERTA HOJE NO ESPA&Ccedil;O TIM      UFMG<\/span><\/a><\/li>\n<li><a href=\"\/dti\/#ainformativo3\" id=\"3\"><span class=\"titulo\">R&Eacute;PLICAS      DE ANIMAIS PR&Eacute;-HIST&Oacute;RICOS S&Atilde;O EXIBIDAS EM EXPOSI&Ccedil;&Atilde;O      ORGANIZADA PELO MUSEU DE HIST&Oacute;RIA NATURAL<\/span><\/a><\/li>\n<li><a href=\"\/dti\/#ainformativo4\" id=\"4\"><span class=\"titulo\">CONSERVAT&Oacute;RIO      REALIZA NOITE DE VIOL&Otilde;ES NO CONCERTO DE OUTONO<\/span><\/a><\/li>\n<li><a href=\"\/dti\/#ainformativo5\" id=\"5\"><span class=\"titulo\">FERIADO      DE 1&ordm; DE MAIO<\/span><\/a><\/li>\n<li><a href=\"\/dti\/#ainformativo6\" id=\"6\"><img loading=\"lazy\" decoding=\"async\" src=\"https:\/\/www.ufmg.br\/dti\/wp-content\/uploads\/imgs\/tudo_pixel.gif\" width=\"8\" height=\"9\" alt=\"\" border=\"0\"><br \/>      <span class=\"titulo\">H\u00e1 20 anos&#8230;<\/span><\/a><\/li>\n<\/ul>\n<\/div>\n<\/li>\n<li><a href=\"\/dti\/#eventos\">Eventos<\/a>\n<div class='submenuSistematico'>\n<ul>\n<li><a href=\"\/dti\/#aeventos1\" id=\"1\"><span class=\"titulo\">SOCIAIS<\/span><\/a><\/li>\n<li><a href=\"\/dti\/#aeventos2\" id=\"2\"><span class=\"titulo\">MEM&Oacute;RIA      FOTOGR&Aacute;FICA DO CECOM<\/span><\/a><\/li>\n<\/ul>\n<\/div>\n<\/li>\n<\/ul>\n<ul class='pdfSist'>\n<li><a href=\"https:\/\/www.ufmg.br\/dti\/wp-content\/uploads\/Sistematico_PDF\/Sist12_2012-A4.pdf\"><img loading=\"lazy\" decoding=\"async\" src=\"https:\/\/www.ufmg.br\/dti\/wp-content\/uploads\/Sistematico_PDF\/mini_pdf.gif\" width=\"30\" height=\"53\" border=\"0\"> Vers\u00e3o em PDF<\/a><\/li>\n<\/ul>\n<p> <a name='noticias'><\/a><\/p>\n<h4>Not\u00edcias<\/h4>\n<div class=\"centro-sistematico\">  <!-- noticias --> <a><\/a>  <\/p>\n<table border=\"0\" cellspacing=\"0\" cellpadding=\"0\">\n<tr>\n<td><\/td>\n<td><\/td>\n<\/tr>\n<tr>\n<td height=\"223\" align=\"LEFT\" valign=\"TOP\"><\/td>\n<td align=\"LEFT\" valign=\"TOP\"> <a name=\"anoticias1\" id=\"1\"><span class=\"titulo\"><span class=\"titulo\">REESTRUTURA&Ccedil;&Atilde;O     DO CECOM CRIA DUAS NOVAS DIVIS&Otilde;ES<\/span><\/span><\/a> <\/p>\n<p align=\"justify\"><span class=\"texto\">      <\/span><span class=\"texto\"> <\/span><span class=\"texto\">Dentro das a&ccedil;&otilde;es      de reestrutura&ccedil;&atilde;o das divis&otilde;es do CECOM, a partir      de 2 de maio a diretoria passar&aacute; a contar com mais dois membros:<\/p>\n<p>     &#8211; Emerson Henrique Kfuri Pereira &#8211; diretor da DIS &#8211; Divis&atilde;o de      Infraestrutura de Servi&ccedil;os<br \/>     &#8211; M&aacute;rcio da Costa Viana &#8211; diretor da DSI &#8211; Divis&atilde;o de      Seguran&ccedil;a da Informa&ccedil;&atilde;o<\/p>\n<p>     A DSI ser&aacute; estruturada de forma gradativa, come&ccedil;ando como      um grupo com membros convidados das seguinte divis&otilde;es: DRC, DAC,      DIS e DAS.<\/p>\n<p>     As demais divis&otilde;es que passaram pelo processo continuar&atilde;o      com os mesmos diretores, ou seja, Ant&ocirc;nio Eust&aacute;quio Rodrigues,      diretor da DAC &#8211; Divis&atilde;o de Atendimento e Consultoria, e Fernando      Frota Machado de Morais, diretor da DRC &#8211; Divis&atilde;o de Redes de      Comunica&ccedil;&atilde;o.<\/p>\n<p>     Os novos diretores da DIS e DSI, al&eacute;m da DAC, estar&atilde;o      montando suas equipes nos pr&oacute;ximos dias e diversas provid&ecirc;ncias      ser&atilde;o desencadeadas para viabilizar o in&iacute;cio de atividades      no in&iacute;cio de maio.<\/p>\n<p>     Esta reestrutura&ccedil;&atilde;o &eacute; o resultado dos trabalhos      do grupo t&eacute;cnico criado em fevereiro deste ano e que analisou      necessidades de mudan&ccedil;a no organograma do CECOM e a consequente      mudan&ccedil;a na distribui&ccedil;&atilde;o de atribui&ccedil;&otilde;es      e responsabilidades destas equipes internas.<\/p>\n<p>     As principais raz&otilde;es que afetam o cen&aacute;rio de atua&ccedil;&atilde;o      do CECOM e motivaram as mudan&ccedil;as foram as seguintes:<\/p>\n<p>     &#8211; a necessidade de prover servi&ccedil;os, novos ou n&atilde;o, de maior      qualidade ou abrang&ecirc;ncia &agrave; comunidade universit&aacute;ria;<br \/>     &#8211; a obrigatoriedade de seguir normas e padr&otilde;es de mercado, que      tem sido induzidos pelos &oacute;rg&atilde;os reguladores, tais como      TCU e CGU;<br \/>     &#8211; a absor&ccedil;&atilde;o de atividades administrativas que antes vinham      sendo executadas pelo LCC &#8211; Laborat&oacute;rio de Computa&ccedil;&atilde;o      Cient&iacute;fica.<\/p>\n<p>     Quanto &agrave; primeira raz&atilde;o, existiam diversas ideias em evolu&ccedil;&atilde;o      no CECOM, que vinham sendo trocadas entre membros da equipe, e precisavam      gerar resultados pr&aacute;ticos. A segunda raz&atilde;o tem sido foco      constante das &uacute;ltimas e v&aacute;rias auditorias que tem sido      feitas na universidade, principalmente nos &uacute;ltimos dois anos.      Por fim, a terceira raz&atilde;o, causada por decis&atilde;o recente      da administra&ccedil;&atilde;o e baseada em trabalho de Comit&ecirc;      espec&iacute;fico, criado em agosto de 2011 para analisar e transformar      a estrutura de organograma da DTI &#8211; Diretoria de Tecnologia da Informa&ccedil;&atilde;o      est&aacute; resgatando o papel de atua&ccedil;&atilde;o do LCC, voltado      ao apoio do Ensino, da Pesquisa e da Extens&atilde;o, e migrando para      o CECOM atividades administrativas at&eacute; ent&atilde;o feitas pelo      Laborat&oacute;rio. O portal minhaUFMG est&aacute; sob a responsabilidade      do CECOM desde o final de outubro de 2011. Atualmente, est&aacute; em      curso a migra&ccedil;&atilde;o do Correio, que deve ser conclu&iacute;da      ainda neste semestre.<\/span><\/p>\n<p align=\"center\"><img loading=\"lazy\" decoding=\"async\" src=\"https:\/\/www.ufmg.br\/dti\/wp-content\/uploads\/fotos\/26_04_2012\/SDC12610.JPG\" width=\"384\" height=\"367\"><br \/>     <span class=\"texto\"><strong><font face=\"2\"><span class=\"texto\"><font face=\"1\"><em>M&aacute;rcio      Viana<\/em><\/font><\/span><\/font><\/strong><\/span> <\/p>\n<p>     <img loading=\"lazy\" decoding=\"async\" src=\"https:\/\/www.ufmg.br\/dti\/wp-content\/uploads\/fotos\/26_04_2012\/emerson.JPG\" width=\"216\" height=\"268\"><br \/>     <span class=\"texto\"><strong><font face=\"2\"><span class=\"texto\"><font face=\"1\"><em>Emerson      Kfuri<\/em><\/font><\/span><\/font><\/strong><\/span>     <\/p>\n<div align=\"center\">\n<p>     <\/p>\n<\/p><\/div>\n<\/td>\n<\/tr>\n<tr>\n<td height=\"217\" align=\"LEFT\" valign=\"TOP\"><\/td>\n<td align=\"LEFT\" valign=\"TOP\">\n<p><a name=\"anoticias2\" id=\"2\"><span class=\"titulo\">SIMP&Oacute;SIO      SOBRE REDES DE COMPUTADORES E SISTEMAS DISTRIBU&Iacute;DOS COME&Ccedil;A      DIA 30 EM OURO PRETO<\/span><\/a><\/p>\n<p align=\"justify\"><span class=\"texto\">Com participa&ccedil;&otilde;es      como as de Vint Cerf, vice-presidente da Google, e Scott Schenker, professor      da Universidade da Calif&oacute;rnia em Berkeley, o Simp&oacute;sio      Brasileiro de Redes de Computadores e Sistemas Distribu&iacute;dos (SBRC)      acontece de 30 de abril a 4 de maio, em Ouro Preto. O evento &eacute;      organizado pelo Departamento de Ci&ecirc;ncia da Computa&ccedil;&atilde;o      (DCC) da UFMG, com apoio da Universidade Federal de Ouro Preto (Ufop).<\/p>\n<p>     O SBRC, anual, &eacute; o mais importante evento nacional em sua &aacute;rea      e re&uacute;ne acad&ecirc;micos e empres&aacute;rios. A organiza&ccedil;&atilde;o      espera mil participantes. Outros palestrantes s&atilde;o Deep Medhi,      professor da Universidade de Missouri (EUA), autor de livros sobre roteamento      em redes de computadores, e Christophe Diot, cientista chefe da Technicolor      de Paris.<\/p>\n<p>     A programa&ccedil;&atilde;o prev&ecirc; sess&otilde;es t&eacute;cnicas      com apresenta&ccedil;&atilde;o de artigos completos e ferramentas, cinco      minicursos sobre temas normalmente n&atilde;o abordados nas grades curriculares,      nove palestras e um tutorial proferidos por pesquisadores internacionais      de renome e por profissionais de empresas l&iacute;deres no mercado,      tr&ecirc;s pain&eacute;is e oito workshops sobre temas espec&iacute;ficos.      <\/p>\n<p>     Outras informa&ccedil;&otilde;es sobre o evento est&atilde;o no site      http:\/\/sbrc2012.dcc.ufmg.br.<br \/>     <em><br \/>     (Fonte: http:\/\/www.ufmg.br\/online\/arquivos\/023528.shtml &#8211; 23\/04\/2012).<\/em><\/span><span class=\"texto\">      <\/span><\/p>\n<p>    <span class=\"texto\">     <\/p>\n<p>    <\/span><\/td>\n<\/tr>\n<tr>\n<td height=\"265\" align=\"LEFT\" valign=\"TOP\"><\/td>\n<td align=\"LEFT\" valign=\"TOP\">\n<p><a name=\"anoticias3\" id=\"3\"><span class=\"titulo\">CECOM      PROMOVE PREG&Atilde;O PARA LINK DE COMUNICA&Ccedil;&Atilde;O DO ICA<\/span><\/a><\/p>\n<p align=\"justify\"><span class=\"texto\">O CECOM promoveu, no &uacute;ltimo      dia 24, preg&atilde;o eletr&ocirc;nico para contrata&ccedil;&atilde;o      de um link de comunica&ccedil;&atilde;o de 10Mb para interliga&ccedil;&atilde;o      do ICA &#8211; Instituto de Ci&ecirc;ncias Agr&aacute;rias, de Montes Claros,      ao Campus Pampulha. A empresa vencedora foi a TNL PCS S.A.<\/p>\n<p>     A equipe respons&aacute;vel pela licita&ccedil;&atilde;o foi composta      por: M&aacute;rcia Regina Lemos, Renato Adriano Pires Domingos e Elizeba      Henrique Janu&aacute;rio.<\/span><\/p>\n<p align=\"center\"><span class=\"texto\"> <br \/>     <img loading=\"lazy\" decoding=\"async\" src=\"https:\/\/www.ufmg.br\/dti\/wp-content\/uploads\/fotos\/26_04_2012\/C%F3pia%20de%20SDC12605.JPG\" width=\"429\" height=\"340\">      <br \/>     <strong><font face=\"2\"><span class=\"texto\"><font face=\"1\"><em>Renato      Adriano, Eliz e M&aacute;rcia Lemos<\/em><\/font><\/span><\/font><\/strong>      <\/span><\/p>\n<p>    <span class=\"texto\">     <\/p>\n<p>    <\/span><\/td>\n<\/tr>\n<tr>\n<td height=\"265\" align=\"LEFT\" valign=\"TOP\"><\/td>\n<td align=\"LEFT\" valign=\"TOP\">\n<p><a name=\"anoticias4\" id=\"4\"><span class=\"titulo\">RETORNO      DE ESTAGI&Aacute;RIO<\/span><\/a><\/p>\n<p align=\"justify\"><span class=\"texto\">O estagi&aacute;rio Hugo de Souza      Vellozo retornou ao CECOM no dia 02 de abril, ap&oacute;s um per&iacute;odo      de 3 meses fora do pa&iacute;s. Hugo entrou para o CECOM em 1o de setembro\/2011,      lotado na Divis&atilde;o de Aplicativos e Sistemas (DAS), onde permaneceu      at&eacute; in&iacute;cio de fevereiro de 2012. No seu retorno, ele foi      lotado novamente na DAS, onde est&aacute; trabalhando com o Sistema      de Interc&acirc;mbio para a DRI &#8211; Diretoria de Rela&ccedil;&otilde;es      Internacionais.<\/span><\/p>\n<p align=\"center\"><span class=\"texto\"> <img loading=\"lazy\" decoding=\"async\" src=\"https:\/\/www.ufmg.br\/dti\/wp-content\/uploads\/fotos\/26_04_2012\/SDC12606.JPG\" width=\"314\" height=\"410\"><br \/>     <strong><font face=\"2\"><span class=\"texto\"><font face=\"1\"><em>Hugo      Vellozo<\/em><\/font><\/span><\/font><\/strong> <\/span><\/p>\n<p>    <span class=\"texto\">     <\/p>\n<p>    <\/span><\/td>\n<\/tr>\n<tr>\n<td height=\"265\" align=\"LEFT\" valign=\"TOP\"><\/td>\n<td align=\"LEFT\" valign=\"TOP\">\n<p><a name=\"anoticias5\" id=\"5\"><span class=\"titulo\">SA&Iacute;DA      DE ESTAGI&Aacute;RIO<\/span><\/a><\/p>\n<p align=\"justify\"><span class=\"texto\">O estagi&aacute;rio Adalthon de      Paula Souza, da DAC (Divis&atilde;o de Atendimento e Consultoria) desligou-se      do quadro do CECOM no dia 13 de abril.<\/p>\n<p>     Adalthon entrou em agosto de 2011, lotado na DAC &#8211; Divis&atilde;o de      Atendimento e Consultoria, onde prestou servi&ccedil;os de atendimento      aos usu&aacute;rios da Rede Administrativa.<\/span><\/p>\n<p align=\"center\"><span class=\"texto\"> <br \/>     <img loading=\"lazy\" decoding=\"async\" src=\"https:\/\/www.ufmg.br\/dti\/wp-content\/uploads\/fotos\/26_04_2012\/Dalton.JPG\" width=\"212\" height=\"238\">      <br \/>     <strong><font face=\"2\"><span class=\"texto\"><font face=\"1\"><em>Adalthon      Souza<\/em><\/font><\/span><\/font><\/strong> <\/span><\/p>\n<p>    <span class=\"texto\">     <\/p>\n<p>    <\/span><\/td>\n<\/tr>\n<p>  <!-- #BeginEditable \"materias\" --> <!-- #EndEditable -->  <\/table>\n<table border=\"0\" cellpadding=\"0\" cellspacing=\"0\">\n<tr>\n<td align=\"LEFT\" valign=\"TOP\"><\/td>\n<td align=\"LEFT\" valign=\"TOP\">&nbsp;<\/td>\n<\/tr>\n<p>  <!-- #BeginEditable \"materias\" --> <!-- #EndEditable -->  <\/table>\n<\/p><\/div>\n<p><a name='informativo'><\/a><\/p>\n<h4>Informativo<\/h4>\n<div class=\"centro-sistematico\">  <!-- noticias --> <a><\/a>  <\/p>\n<table border=\"0\" cellspacing=\"0\" cellpadding=\"0\">\n<tr>\n<td><\/td>\n<td><\/td>\n<\/tr>\n<p>  <!-- #BeginEditable \"materias\" --> <!-- #EndEditable -->  <\/table>\n<p> <!-- fim noticias --> <!-- tabela ha 20 anos --> <\/p>\n<table border=\"0\" cellpadding=\"0\" cellspacing=\"0\" bgcolor=\"#FFFFFF\">\n<tr>\n<td height=\"645\" align=\"LEFT\" valign=\"TOP\"><\/td>\n<td align=\"LEFT\" valign=\"TOP\">\n<p align=\"left\"><span class=\"texto\"><a name=\"ainformativo1\" id=\"1\"><span class=\"titulo\">DICAS      DE SITES INTERESSANTES<\/span><\/a><\/span><\/p>\n<p align=\"justify\"><span class=\"texto\">Adyrus, o ca&ccedil;ador de sites,      enviou as seguintes dicas:<\/p>\n<p>     &#8211; Como voc&ecirc; pode detectar se o computador foi violado e infectado      com DNSChanger-Trojan horse? Uma equipe desenvolveu ferramenta de f&aacute;cil      uso pela web. &Eacute; uma maneira r&aacute;pida para determinar se      est&aacute; infectado com o DNSChanger-Trojan horse. Se seu computador      foi infectado com malwares e trocado de DNS, voc&ecirc; ir&aacute; ver      um fundo vermelho no site dns-ok.us.&nbsp;Clique <a href=\"http:\/\/www.dns-ok.us\/\">aqui<\/a>      ou <a href=\"http:\/\/www.dns-ok.us\/%20ou%20http:\/\/dns-changer.eu\/\">aqui<\/a>.<\/p>\n<p>     &#8211; Voc&ecirc; quer editar seus pr&oacute;prios v&iacute;deos e n&atilde;o      sabe como? O Youtube.com tem um canal dedicado a edi&ccedil;&atilde;o      de v&iacute;deo. <a href=\"http:\/\/www.youtube.com\/playlist?list=PL499E20C0684FC974\">Saiba      mais<\/a>.<\/p>\n<p>     &#8211; Quer fazer um curso gratuito pela Internet? Os cursos s&atilde;o em      Ingl&ecirc;s e &eacute; o momento bom para voc&ecirc; aperfei&ccedil;oar      ou melhorar o pouco que sabe. O site Coursera tem as melhores universidades      cadastradas, como Princeton University, Stanford University, Penn University      e University Of Michigan. <a href=\"https:\/\/www.coursera.org\/\">Veja<\/a>.<\/p>\n<p>     &#8211; BIG &eacute; o primeiro festival internacional de jogos produzidos      para qualquer plataforma eletr&ocirc;nica da Am&eacute;rica Latina.      O festival &eacute; uma vitrine para a produ&ccedil;&atilde;o recente      e mais relevante do setor. A cada edi&ccedil;&atilde;o, o BIG vai expor      entre 15 e 20 jogos. Aspectos visuais, sonoros, narrativos e de gameplay      ser&atilde;o levados em considera&ccedil;&atilde;o para a sele&ccedil;&atilde;o      dos t&iacute;tulos expostos. De 29 de novembro a 9 de dezembro\/2012      MIS, S&atilde;o Paulo. Clique <a href=\"http:\/\/www.bigfestival.com.br\/\">aqui<\/a>      .<\/p>\n<p>     &#8211; WorldCat.org permite pesquisar as cole&ccedil;&otilde;es das bibliotecas      em todo o mundo. WorldCat cresce a cada dia gra&ccedil;as aos esfor&ccedil;os      de bibliotec&aacute;rios e outros profissionais da informa&ccedil;&atilde;o.      Consulte o <a href=\"http:\/\/www.worldcat.org\/\">endere&ccedil;o<\/a>. (Site      em Ingl&ecirc;s)<\/p>\n<p>     &#8211; O SESC Partituras &eacute; uma biblioteca criada para preservar e      difundir o patrim&ocirc;nio musical brasileiro, atrav&eacute;s da disponibiliza&ccedil;&atilde;o      de partituras editadas. O acervo &eacute; aberto a m&uacute;sicos, estudantes      de m&uacute;sica e pesquisadores para consulta e download. Por meio      do sistema de busca, o site permite a visualiza&ccedil;&atilde;o e impress&atilde;o      integral das obras catalogadas, bem como a audi&ccedil;&atilde;o da      maioria delas. A consulta ao acervo pode ser feita pelo t&iacute;tulo      da obra, nome do autor, instrumentos ou forma&ccedil;&atilde;o do grupo.      Leia <a href=\"http:\/\/www.sesc.com.br\/sescpartituras\/index.html\">mais<\/a>.<\/p>\n<p>     &#8211; D&ecirc; boas gargalhadas no site perolas.com. N&atilde;o deixe de      visitar o <a href=\"http:\/\/perolas.com\/\">endere&ccedil;o<\/a>.<\/span><span class=\"texto\">      <\/span><\/p>\n<p align=\"center\"><span class=\"texto\"><\/span><span class=\"texto\"><br \/>     <\/span>    <\/p>\n<\/td>\n<\/tr>\n<tr>\n<td height=\"284\" align=\"LEFT\" valign=\"TOP\"><\/td>\n<td align=\"LEFT\" valign=\"TOP\">\n<p align=\"left\"><span class=\"texto\"><a name=\"ainformativo2\" id=\"2\"><span class=\"titulo\">EXPOSI&Ccedil;&Atilde;O      IMAGENS DO CONHECIMENTO SER&Aacute; ABERTA HOJE NO ESPA&Ccedil;O TIM      UFMG<\/span><\/a><\/span><\/p>\n<p align=\"justify\"><span class=\"texto\">O Espa&ccedil;o TIM UFMG do Conhecimento      abre hoje, 26 de abril, a exposi&ccedil;&atilde;o Imagens do Conhecimento,      formada por algumas das imagens arquivadas no banco de dados e v&iacute;deos      do projeto. A exposi&ccedil;&atilde;o, que ter&aacute; uma parte interativa      com o p&uacute;blico, visa proporcionar a experi&ecirc;ncia e a intera&ccedil;&atilde;o      com o saber produzido pela Universidade, de modo a motivar os visitantes      a buscarem e aprofundarem seus conhecimentos. O hor&aacute;rio de visita&ccedil;&atilde;o      &eacute; de ter&ccedil;a-feira a domingo, das 10h &agrave;s 17h; &agrave;s      quintas-feiras, o hor&aacute;rio se estende at&eacute; 21h.<\/p>\n<p>     Al&eacute;m da exposi&ccedil;&atilde;o interna, que se estende at&eacute;      24 de junho, um v&iacute;deo com imagens do projeto ser&aacute; exibido      no tel&atilde;o que fica na parte externa do Espa&ccedil;o TIM UFMG      do Conhecimento, localizado na Pra&ccedil;a da Liberdade, s\/n&ordm;.<\/p>\n<p>     <em>(Fonte: http:\/\/www.ufmg.br\/online\/arquivos\/023606.shtml &#8211; 26\/04\/2012)<\/em>      <\/span><\/p>\n<p align=\"center\"><span class=\"texto\"><\/span><span class=\"texto\"><br \/>     <\/span><\/p>\n<\/td>\n<\/tr>\n<tr>\n<td height=\"322\" align=\"LEFT\" valign=\"TOP\"><\/td>\n<td align=\"LEFT\" valign=\"TOP\">\n<p align=\"left\"><span class=\"texto\"><a name=\"ainformativo3\" id=\"3\"><span class=\"titulo\">R&Eacute;PLICAS      DE ANIMAIS PR&Eacute;-HIST&Oacute;RICOS S&Atilde;O EXIBIDAS EM EXPOSI&Ccedil;&Atilde;O      ORGANIZADA PELO MUSEU DE HIST&Oacute;RIA NATURAL<\/span><\/a><\/span><\/p>\n<p align=\"justify\"><span class=\"texto\">R&eacute;plicas de animais que      habitaram o planeta na pr&eacute;-hist&oacute;ria chegam hoje ao BH      Shopping, na exposi&ccedil;&atilde;o Gigantes da Era do Gelo, com curadoria      do Museu de Hist&oacute;ria Natural e Jardim Bot&acirc;nico (MHNJB)      da UFMG. O evento, gratuito, ficar&aacute; em cartaz at&eacute; dia      20 de maio.<\/p>\n<p>     O MHNJB treinou onze estudantes de gradua&ccedil;&atilde;o da UFMG para      serem monitores da mostra. Os universit&aacute;rios s&atilde;o alunos      dos cursos de Ci&ecirc;ncias Biol&oacute;gicas, Hist&oacute;ria, Turismo,      Conserva&ccedil;&atilde;o e Restaura&ccedil;&atilde;o, Geografia e Ci&ecirc;ncias      Socioambientais. Todas as r&eacute;plicas s&atilde;o apresentadas com      explica&ccedil;&otilde;es e curiosidades.<\/p>\n<p>     As 11 pe&ccedil;as em exposi&ccedil;&atilde;o s&atilde;o baseadas em      m&eacute;todos cient&iacute;ficos de reconstru&ccedil;&atilde;o em paleontologia.      Todas representam animais do per&iacute;odo paleol&iacute;tico, extintos      h&aacute; mais de 12 mil anos, como mamute, rinoceronte-lanudo e tigre-dentes-de-sabre.<\/p>\n<p>     <em>(Fonte: http:\/\/www.ufmg.br\/online\/arquivos\/023489.shtml &#8211; 20\/04\/2012)<\/em>      <\/span><\/p>\n<p align=\"center\"><span class=\"texto\"><\/span><span class=\"texto\"><br \/>     <\/span>    <\/p>\n<\/td>\n<\/tr>\n<tr>\n<td height=\"287\" align=\"LEFT\" valign=\"TOP\"><\/td>\n<td align=\"LEFT\" valign=\"TOP\">\n<p align=\"left\"><span class=\"texto\"><a name=\"ainformativo4\" id=\"4\"><span class=\"titulo\">CONSERVAT&Oacute;RIO      REALIZA NOITE DE VIOL&Otilde;ES NO CONCERTO DE OUTONO<\/span><\/a><\/span><\/p>\n<p align=\"justify\"><span class=\"texto\">A Organiza&ccedil;&atilde;o dos      Aposentados e Pensionistas da UFMG (OAP) promove nesta sexta, dia 27,      &agrave;s 19h30, a primeira apresenta&ccedil;&atilde;o do Concerto de      Outono de 2012. <\/p>\n<p>     O espet&aacute;culo contar&aacute; com a presen&ccedil;a do duo Treze      Cordas, formado pelos violonistas Silvio Carlos e Carlos Walter, e do      Duo de Viol&otilde;es, composto por Jos&eacute; Lucena e Celso Faria.      O Treze Cordas tocar&aacute; juntamente com o percussionista Oszenclever      Camargo.<\/p>\n<p>     Os concertos de outono da OAP s&atilde;o realizados no Conservat&oacute;rio      UFMG (Av. Afonso Pena, 1.534 &#8211; Centro). A entrada &eacute; franca. Reservas      de lugares podem ser feitas pelo telefone 3409-4505.<br \/>     <em><br \/>     (Fonte: http:\/\/www.ufmg.br\/online\/arquivos\/023611.shtml &#8211; 27\/04\/2012)<\/em><\/span><\/p>\n<p align=\"center\"><span class=\"texto\"><\/span><span class=\"texto\"><br \/>     <\/span>    <\/p>\n<\/td>\n<\/tr>\n<tr>\n<td height=\"191\" align=\"LEFT\" valign=\"TOP\"><\/td>\n<td align=\"LEFT\" valign=\"TOP\">\n<p align=\"left\"><span class=\"texto\"><a name=\"ainformativo5\" id=\"5\"><span class=\"titulo\">FERIADO      DE 1&ordm; DE MAIO<\/span><\/a><\/span><\/p>\n<div align=\"center\">\n<table width=\"90%\" border=\"1\">\n<tr>\n<td>\n<div align=\"center\">\n<p><span class=\"texto\"><strong>FERIADO DE 1&ordm; DE MAIO <\/strong><\/span><\/p>\n<p><span class=\"texto\">Na pr&oacute;xima ter&ccedil;a-feira,           dia 1&ordm; de maio, &eacute; o Dia do Trabalho.<\/span><\/p>\n<p><span class=\"texto\">Bom feriado para todos!<\/span><\/p>\n<\/p><\/div>\n<\/td>\n<\/tr>\n<\/table><\/div>\n<p align=\"center\"><span class=\"texto\"><\/span><span class=\"texto\"><br \/>     <\/span>    <\/p>\n<\/td>\n<\/tr>\n<tr>\n<td align=\"LEFT\" valign=\"TOP\"><\/td>\n<td align=\"LEFT\" valign=\"TOP\">&nbsp;<\/td>\n<\/tr>\n<tr class=\"cinza\">\n<td><img loading=\"lazy\" decoding=\"async\" src=\"https:\/\/www.ufmg.br\/dti\/wp-content\/uploads\/imgs\/tudo_pixel.gif\" width=\"1\" height=\"1\" alt=\"\" border=\"0\"><\/td>\n<td align=\"LEFT\" valign=\"TOP\"><!-- #BeginEditable \"ha%2020%20anos\" -->     <\/p>\n<div align=\"justify\">\n<p><a name=\"ainformativo6\" id=\"6\"><img loading=\"lazy\" decoding=\"async\" src=\"https:\/\/www.ufmg.br\/dti\/wp-content\/uploads\/imgs\/tudo_pixel.gif\" width=\"8\" height=\"9\" alt=\"\" border=\"0\"><br \/>      <span class=\"titulo\">H\u00e1 20 anos&#8230;<\/span><\/a><\/p>\n<p>      <span class=\"texto\">O Sistem&aacute;tico Ano XVI, no 13, de 30\/04\/1992,       publicou not&iacute;cias sobre I Encontro de Inform&aacute;tica no       Ensino M&eacute;dico, medidas para um balan&ccedil;o da Fitoteca da       DCP, entrega de certificados do curso de An&aacute;lise de Dados\/An&aacute;lise       Estruturada, paradas do Sistema A10, sa&iacute;da de bolsistas, entre       outras. A not&iacute;cia que se destacou foi:<\/span><span class=\"texto\"><strong><\/p>\n<p>      <\/strong><strong>PALESTRA DA ITAUTEC<br \/>      <\/strong><font face=\"1\"> Foi realizada hoje, dia 30, a palestra &#8220;Sistema       S\/400&#8221;, proferida por Rubens Roberto Hoehne, representante de       Marketing da Itautec.<\/p>\n<p>      A palestra foi &agrave;s 9h, na Sala de Aulas do CECOM, no subsolo,       e contou com a presen&ccedil;a de cerca de 15 funcion&aacute;rios       da DST, DSF e DSA..<\/font><\/span><\/p>\n<\/p><\/div>\n<div align=\"justify\">\n<p><span class=\"texto\"><\/span><\/p>\n<\/p><\/div>\n<p>    <!-- #EndEditable --><br \/> <img loading=\"lazy\" decoding=\"async\" src=\"https:\/\/www.ufmg.br\/dti\/wp-content\/uploads\/imgs\/tudo_pixel.gif\" width=\"1\" height=\"8\" alt=\"\" border=\"0\"><\/td>\n<\/tr>\n<tr>\n<td width=\"12\" align=\"LEFT\" valign=\"TOP\"><\/td>\n<td width=\"538\" align=\"LEFT\" valign=\"TOP\">&nbsp;<\/td>\n<\/tr>\n<p>  <!-- #BeginEditable \"materias\" --> <!-- #EndEditable -->  <\/table>\n<p> <!-- fim tabela ha 20 anos --><\/div>\n<p><a name='eventos'><\/a><\/p>\n<h4>Eventos<\/h4>\n<div class=\"centro-sistematico\">  <!-- noticias --> <\/p>\n<table border=\"0\" cellpadding=\"0\" cellspacing=\"0\">\n<tr>\n<td align=\"LEFT\" valign=\"TOP\">&nbsp;<\/td>\n<td align=\"LEFT\" valign=\"TOP\">&nbsp;<\/td>\n<\/tr>\n<p>  <!-- #BeginEditable \"materias\" --> <!-- #EndEditable -->  <\/table>\n<table border=\"0\" cellspacing=\"0\" cellpadding=\"0\">\n<tr>\n<td><\/td>\n<td><\/td>\n<\/tr>\n<tr>\n<td height=\"140\" align=\"LEFT\" valign=\"TOP\"><\/td>\n<td align=\"LEFT\" valign=\"TOP\">\n<p><a name=\"aeventos1\" id=\"1\"><span class=\"titulo\">SOCIAIS<\/span><\/a><\/p>\n<p align=\"justify\" class=\"texto\"><strong>ANIVERS&Aacute;RIOS:<em> <\/em><\/strong><em>&#8220;O      Sistem&aacute;tico&#8221; envia os parab&eacute;ns para os ex-ceconianos      T&acirc;nia Cristina Teixeira e Cleto Boechat V&eacute;o, no dia 26;      Maria Miriam Arruda, Filipe Jos&eacute; Le&atilde;o Corr&ecirc;a e Wilca      Maria Luzilene Souza e Silva, no dia 28; Jos&eacute; Tu&eacute;des de      Resende, no dia 29; e Paulo Eduardo Rocha Brant, no dia 1o de maio.<\/em><\/p>\n<p align=\"justify\" class=\"texto\"><span class=\"texto\"><\/span><\/p>\n<\/td>\n<\/tr>\n<tr>\n<td height=\"142\" align=\"LEFT\" valign=\"TOP\"><\/td>\n<td align=\"LEFT\" valign=\"TOP\">\n<p align=\"justify\"><a name=\"aeventos2\" id=\"2\"><span class=\"titulo\">MEM&Oacute;RIA      FOTOGR&Aacute;FICA DO CECOM<\/span><\/a> <\/p>\n<p>     <span class=\"texto\">O Sistem&aacute;tico publica novas fotos da comemora&ccedil;&atilde;o      dos anivers&aacute;rios dos ceconianos do primeiro trimestre do ano,      realizada no dia 27 de mar&ccedil;o, no espa&ccedil;o de conviv&ecirc;ncia      do 8o andar. As fotos s&atilde;o de autoria de Vicentina Queiroz.<\/span><\/p>\n<p align=\"center\"><span class=\"texto\"><br \/>     <img loading=\"lazy\" decoding=\"async\" src=\"https:\/\/www.ufmg.br\/dti\/wp-content\/uploads\/fotos\/26_04_2012\/P27-03-12_16.43%5B05%5D.JPG\" width=\"500\" height=\"375\">      <br \/>     <strong><font face=\"2\"><span class=\"texto\"><font face=\"1\"><em>O      bolo de p&ecirc;ssego<\/em><\/font><\/span><\/font><\/strong><\/p>\n<p>     <img loading=\"lazy\" decoding=\"async\" src=\"https:\/\/www.ufmg.br\/dti\/wp-content\/uploads\/fotos\/26_04_2012\/P27-03-12_16.41%5B03%5D.JPG\" width=\"500\" height=\"375\">      <br \/>     <strong><font face=\"2\"><span class=\"texto\"><font face=\"1\"><em>F&aacute;bio,      Daniel Martins, V&iacute;tor, Edgard e Carlos Alfeu<\/em><\/font><\/span><\/font><\/strong><\/p>\n<p>     <\/span><img loading=\"lazy\" decoding=\"async\" src=\"https:\/\/www.ufmg.br\/dti\/wp-content\/uploads\/fotos\/26_04_2012\/P27-03-12_16.45.JPG\" width=\"500\" height=\"375\"><span class=\"texto\">      <br \/>     <strong><font face=\"2\"><span class=\"texto\"><font face=\"1\"><em>Ma&iacute;ra,      M&aacute;rcia Lemos, Rosa e Prof. Luciano<\/em><\/font><\/span><\/font><\/strong><\/p>\n<p>     <img loading=\"lazy\" decoding=\"async\" src=\"https:\/\/www.ufmg.br\/dti\/wp-content\/uploads\/fotos\/26_04_2012\/P27-03-12_16.42%5B04%5D.JPG\" width=\"500\" height=\"375\">      <br \/>     <strong><font face=\"2\"><span class=\"texto\"><font face=\"1\"><em>Frota,      Paulo Lessa e Ant&ocirc;nio Carlos<\/em><\/font><\/span><\/font><\/strong><\/p>\n<p>     <img loading=\"lazy\" decoding=\"async\" src=\"https:\/\/www.ufmg.br\/dti\/wp-content\/uploads\/fotos\/26_04_2012\/P27-03-12_16.49%5B02%5D.JPG\" width=\"500\" height=\"375\">      <br \/>     <strong><font face=\"2\"><span class=\"texto\"><font face=\"1\"><em>Edgard,      Carolina Santos e Cristina Queiroz<\/em><\/font><\/span><\/font><\/strong>      <\/p>\n<p>     <img loading=\"lazy\" decoding=\"async\" src=\"https:\/\/www.ufmg.br\/dti\/wp-content\/uploads\/fotos\/26_04_2012\/P27-03-12_16.53%5B02%5D.JPG\" width=\"414\" height=\"500\">      <br \/>     <strong><font face=\"2\"><span class=\"texto\"><font face=\"1\"><em>Takeda      e Gustavo Diniz. Ele queria cortar o bolo de qualquer jeito!<\/em><\/font><\/span><\/font><\/strong>      <br \/>     <\/span><\/p>\n<p align=\"center\" class=\"texto\"><span class=\"texto\"><br \/>     <\/span><\/p>\n<\/td>\n<\/tr>\n<p>  <!-- #BeginEditable \"materias\" --> <!-- #EndEditable -->  <\/table>\n<p> <!-- fim noticias --> <\/p>\n<table border=\"0\" cellpadding=\"0\" cellspacing=\"0\">\n<tr>\n<td align=\"LEFT\" valign=\"TOP\">&nbsp;<\/td>\n<td align=\"LEFT\" valign=\"TOP\">&nbsp;<\/td>\n<\/tr>\n<p>  <!-- #BeginEditable \"materias\" --> <!-- #EndEditable -->  <\/table>\n<\/div>\n","protected":false},"excerpt":{"rendered":"<p>Not\u00edcias REESTRUTURA&Ccedil;&Atilde;O DO CECOM CRIA DUAS NOVAS DIVIS&Otilde;ES SIMP&Oacute;SIO SOBRE REDES DE COMPUTADORES E SISTEMAS DISTRIBU&Iacute;DOS COME&Ccedil;A DIA 30 EM OURO PRETO CECOM PROMOVE PREG&Atilde;O PARA LINK DE COMUNICA&Ccedil;&Atilde;O DO ICA RETORNO DE ESTAGI&Aacute;RIO SA&Iacute;DA DE ESTAGI&Aacute;RIO Informativo DICAS DE SITES INTERESSANTES EXPOSI&Ccedil;&Atilde;O IMAGENS DO CONHECIMENTO SER&Aacute; ABERTA HOJE NO ESPA&Ccedil;O TIM UFMG R&Eacute;PLICAS DE &#8230; <a title=\"Sistem\u00e1tico: Edi\u00e7\u00e3o 1551 &#8211; 26\/04\/2012\" class=\"read-more\" href=\"https:\/\/www.ufmg.br\/dti\/2012\/04\/26\/sistematico-edicao-1551-26042012\/\" aria-label=\"Read more about Sistem\u00e1tico: Edi\u00e7\u00e3o 1551 &#8211; 26\/04\/2012\">Ler mais<\/a><\/p>\n","protected":false},"author":3,"featured_media":0,"comment_status":"open","ping_status":"open","sticky":false,"template":"","format":"standard","meta":{"inline_featured_image":false,"footnotes":""},"categories":[13],"tags":[],"coauthors":[79],"class_list":["post-1078","post","type-post","status-publish","format-standard","hentry","category-sistematico"],"_links":{"self":[{"href":"https:\/\/www.ufmg.br\/dti\/wp-json\/wp\/v2\/posts\/1078","targetHints":{"allow":["GET"]}}],"collection":[{"href":"https:\/\/www.ufmg.br\/dti\/wp-json\/wp\/v2\/posts"}],"about":[{"href":"https:\/\/www.ufmg.br\/dti\/wp-json\/wp\/v2\/types\/post"}],"author":[{"embeddable":true,"href":"https:\/\/www.ufmg.br\/dti\/wp-json\/wp\/v2\/users\/3"}],"replies":[{"embeddable":true,"href":"https:\/\/www.ufmg.br\/dti\/wp-json\/wp\/v2\/comments?post=1078"}],"version-history":[{"count":0,"href":"https:\/\/www.ufmg.br\/dti\/wp-json\/wp\/v2\/posts\/1078\/revisions"}],"wp:attachment":[{"href":"https:\/\/www.ufmg.br\/dti\/wp-json\/wp\/v2\/media?parent=1078"}],"wp:term":[{"taxonomy":"category","embeddable":true,"href":"https:\/\/www.ufmg.br\/dti\/wp-json\/wp\/v2\/categories?post=1078"},{"taxonomy":"post_tag","embeddable":true,"href":"https:\/\/www.ufmg.br\/dti\/wp-json\/wp\/v2\/tags?post=1078"},{"taxonomy":"author","embeddable":true,"href":"https:\/\/www.ufmg.br\/dti\/wp-json\/wp\/v2\/coauthors?post=1078"}],"curies":[{"name":"wp","href":"https:\/\/api.w.org\/{rel}","templated":true}]}}