{"id":1143,"date":"2010-09-16T08:00:00","date_gmt":"2010-09-16T08:00:00","guid":{"rendered":"https:\/\/www.ufmg.br\/dti\/cecom\/?p=1143"},"modified":"2010-09-16T08:00:00","modified_gmt":"2010-09-16T08:00:00","slug":"sistematico-edicao-1485-16092010","status":"publish","type":"post","link":"https:\/\/www.ufmg.br\/dti\/2010\/09\/16\/sistematico-edicao-1485-16092010\/","title":{"rendered":"Sistem\u00e1tico: Edi\u00e7\u00e3o 1485 &#8211; 16\/09\/2010"},"content":{"rendered":"<ul>\n<li><a href=\"\/dti\/#noticias\">Not\u00edcias<\/a>\n<div class='submenuSistematico'>\n<ul>\n<li><a href=\"\/dti\/#anoticias1\" id=\"1\"><span class=\"titulo\">FIBRA     DA REDE GIGA SER&Aacute; REPARADA NESTE S&Aacute;BADO<\/span><\/a><\/li>\n<li><a href=\"\/dti\/#anoticias2\"><span class=\"titulo\">EMBRATEL     VENCE PREG&Otilde;ES DE TELEFONIA FIXA<\/span><\/a><\/li>\n<li><a href=\"\/dti\/#anoticias3\" id=\"3\"><span class=\"titulo\">ESTAT&Iacute;STICAS     DE ACESSO DO SERVI&Ccedil;O PROXY HTTP<\/span><\/a><\/li>\n<li><a href=\"\/dti\/#anoticias4\" id=\"4\"><span class=\"titulo\">UFMG     PROMOVE DIA DO TRABALHADOR ADOLESCENTE<\/span><\/a><\/li>\n<li><a href=\"\/dti\/#anoticias5\" id=\"5\"><span class=\"titulo\">ESTACIONAMENTO     DA REITORIA TER&Aacute; MUDAN&Ccedil;AS NA SEGUNDA-FEIRA<\/span><\/a><\/li>\n<\/ul>\n<\/div>\n<\/li>\n<li><a href=\"\/dti\/#informativo\">Informativo<\/a>\n<div class='submenuSistematico'>\n<ul>\n<li><a href=\"\/dti\/#ainformativo1\" id=\"1\"><span class=\"titulo\">DICAS      DE SITES INTERESSANTES <\/span><\/a><\/li>\n<li><a href=\"\/dti\/#ainformativo2\" id=\"2\"><span class=\"titulo\">UFMG      ABRE CONCURSO PARA CONTRATAR SERVIDORES<\/span><\/a><\/li>\n<li><a href=\"\/dti\/#ainformativo3\" id=\"3\"><span class=\"titulo\">INSCRI&Ccedil;&Otilde;ES      ABERTAS PARA VAGA TEMPOR&Aacute;RIA DE ASSISTENTE ADMINISTRATIVO<\/span><\/a><\/li>\n<li><a href=\"\/dti\/#ainformativo4\" id=\"4\"><span class=\"titulo\">EDI&Ccedil;&Atilde;O      DE SEMANA PASSADA<\/span><\/a><\/li>\n<li><a href=\"\/dti\/#ainformativo5\" id=\"5\"><span class=\"titulo\">VEM      A&Iacute; O HOR&Aacute;RIO DE VER&Atilde;O!<\/span><\/a><\/li>\n<li><a href=\"\/dti\/#ainformativo6\" id=\"6\"><img loading=\"lazy\" decoding=\"async\" src=\"https:\/\/www.ufmg.br\/dti\/wp-content\/uploads\/imgs\/tudo_pixel.gif\" width=\"1\" height=\"8\" alt=\"\" border=\"0\"><br \/>      <span class=\"titulo\">H\u00e1 20 anos&#8230;<\/span><\/a><\/li>\n<\/ul>\n<\/div>\n<\/li>\n<li><a href=\"\/dti\/#eventos\">Eventos<\/a>\n<div class='submenuSistematico'>\n<ul>\n<li><a href=\"\/dti\/#aeventos2\" id=\"2\"><span class=\"titulo\">SOCIAIS<\/span><\/a><\/li>\n<li><a href=\"\/dti\/#aeventos3\" id=\"3\"><span class=\"titulo\">MEM&Oacute;RIA      FOTOGR&Aacute;FICA DO CECOM<\/span><\/a><\/li>\n<\/ul>\n<\/div>\n<\/li>\n<\/ul>\n<p> <a name='noticias'><\/a><\/p>\n<h4>Not\u00edcias<\/h4>\n<div class=\"centro-sistematico\">  <!-- noticias --> <a><\/a>  <\/p>\n<table border=\"0\" cellspacing=\"0\" cellpadding=\"0\">\n<tr>\n<td><\/td>\n<td><\/td>\n<\/tr>\n<p>  <!-- #BeginEditable \"materias\" -->   <\/p>\n<tr>\n<td align=\"LEFT\" valign=\"TOP\"><\/td>\n<td align=\"LEFT\" valign=\"TOP\"> <a name=\"anoticias1\" id=\"1\"><span class=\"titulo\">FIBRA     DA REDE GIGA SER&Aacute; REPARADA NESTE S&Aacute;BADO<\/span><\/a> <\/p>\n<p align=\"justify\"><span class=\"texto\">      Conforme divulgado no site da Universidade, ocorreu no domingo passado,      dia 12, um acidente causado por terceiros que prejudicou as unidades      do centro na utiliza&ccedil;&atilde;o dos servi&ccedil;os de voz e dados      da Rede Giga (Campus da Sa&uacute;de, a Fump, a Faculdade de Direito,      a Escola de Arquitetura, o Conservat&oacute;rio, o Espa&ccedil;o do      Conhecimento e o Centro Cultural). <\/p>\n<p>     A ruptura dos cabos, localizada na Avenida Carlos Luz, pr&oacute;ximo      ao Shopping Del Rey, foi provocada por trator contratado pela empresa      Santa Cruz Acabamentos, que movimentou indevidamente a &aacute;rea do      passeio e, al&eacute;m da Rede da UFMG, causou o rompimento de fibras      da Prefeitura Municipal e da Pol&iacute;cia Militar.<\/p>\n<p>     Desde ent&atilde;o, o CECOM adotou solu&ccedil;&otilde;es de contorno      para viabilizar o servi&ccedil;o de telefonia por outras rotas. Entretanto,      o acesso das unidades do centro &agrave; rede de dados continuou comprometido.<\/p>\n<p>     As atividades para servi&ccedil;os de reparo, pagos pela empresa causadora      do acidente, foram executadas na segunda-feira, dia 13, durante o dia      at&eacute; que a rede voltasse a funcionar, o que aconteceu &agrave;s      15 h.<\/p>\n<p>     A solu&ccedil;&atilde;o adotada foi provis&oacute;ria e ser&aacute;      substitu&iacute;da por outra, definitiva, quando UFMG, PBH e PMMG avaliar&atilde;o      as obras e fus&otilde;es de fibra e verificar&atilde;o se consideram      normalizada a situa&ccedil;&atilde;o.<\/p>\n<p>     Para a conclus&atilde;o definitiva das atividades de reparo est&aacute;      programada, para este pr&oacute;ximo s&aacute;bado, dia 18 de setembro,      uma interrup&ccedil;&atilde;o, que acontecer&aacute; entre as 9h e as      14 h. O hor&aacute;rio de in&iacute;cio da interrup&ccedil;&atilde;o      n&atilde;o est&aacute; rigidamente definido, mas ela durar&aacute; cerca      de 3 horas.<\/p>\n<p>     Durante a interrup&ccedil;&atilde;o, as unidades do centro estar&atilde;o      impossibilitadas de acessar a Internet e redes de outras unidades da      UFMG. O servi&ccedil;o de telefonia n&atilde;o ser&aacute; interrompido,      mas podem ocorrer algumas limita&ccedil;&otilde;es de liga&ccedil;&otilde;es      entre as unidades.<\/span><\/p>\n<p align=\"center\"><img loading=\"lazy\" decoding=\"async\" src=\"https:\/\/www.ufmg.br\/dti\/wp-content\/uploads\/fotos\/16_09_10\/santacruz1.jpg\" width=\"500\" height=\"375\"><\/p>\n<p>    <span class=\"texto\">     <\/p>\n<p align=\"justify\">\n<p>    <\/span><\/td>\n<\/tr>\n<tr>\n<td align=\"LEFT\" valign=\"TOP\"><\/td>\n<td align=\"LEFT\" valign=\"TOP\"> <a name=\"anoticias2\"><span class=\"titulo\">EMBRATEL     VENCE PREG&Otilde;ES DE TELEFONIA FIXA<\/span><\/a> <\/p>\n<p align=\"justify\"><span class=\"texto\">      O CECOM realizou, no dia 14, preg&atilde;o eletr&ocirc;nico para contrata&ccedil;&atilde;o      de servi&ccedil;os de telefonia fixa para liga&ccedil;&otilde;es originadas      das centrais telef&ocirc;nicas da UFMG, em Belo Horizonte e Montes Claros,      destinadas a liga&ccedil;&otilde;es fixas\/locais.<br \/>     O contrato com a operadora Oi\/Telemar j&aacute; durava 5 anos, n&atilde;o      podendo ser renovado.<br \/>     A vencedora do certame foi a operadora Embratel, que prestar&aacute;      os servi&ccedil;os por um prazo estimado de 2 anos.<br \/>     A mudan&ccedil;a ser&aacute; transparente para as comunidades interna      e externa da UFMG. Os n&uacute;meros utilizados ser&atilde;o objeto      de portabilidade para a nova operadora, permanecendo os mesmos.<br \/>     Em Montes Claros, a prestadora anterior era a pr&oacute;pria Embratel      que foi tamb&eacute;m vencedora para continuar oferecendo o servi&ccedil;o.<br \/>     Esse foi o primeiro preg&atilde;o em que Elizeba Henrique Janu&aacute;rio,      da DAA, atuou como pregoeira, com apoio de M&aacute;rcia Regina Lemos,      vice-diretora do CECOM.<\/span><\/p>\n<p align=\"center\"><img loading=\"lazy\" decoding=\"async\" src=\"https:\/\/www.ufmg.br\/dti\/wp-content\/uploads\/fotos\/16_09_10\/Imag003.jpg\" width=\"500\" height=\"375\"><\/p>\n<p>    <span class=\"texto\">     <\/p>\n<p>    <\/span><\/td>\n<\/tr>\n<tr>\n<td align=\"LEFT\" valign=\"TOP\"><\/td>\n<td align=\"LEFT\" valign=\"TOP\"> <a name=\"anoticias3\" id=\"3\"><span class=\"titulo\">ESTAT&Iacute;STICAS     DE ACESSO DO SERVI&Ccedil;O PROXY HTTP<\/span><\/a> <\/p>\n<p align=\"justify\"><span class=\"texto\">      Destinado a diminuir o tr&aacute;fego de navega&ccedil;&atilde;o na      RNP e acelerar o acesso de m&aacute;quinas internas a sites externos,      a UFMG conta com o servi&ccedil;o de proxy HTTP, implantado em abril\/2006.      Todos os meses, O Sistem&aacute;tico tem publicado as estat&iacute;sticas      de acesso a esse servi&ccedil;o.<\/p>\n<p>     At&eacute; o dia 31 de agosto\/2010, foram registrados 11.590 usu&aacute;rios      diferentes acessando o sistema desde a sua implanta&ccedil;&atilde;o.      O gr&aacute;fico abaixo mostra o total de registros mensais.<\/p>\n<p>     Para quem est&aacute; fora da Rede UFMG (por exemplo, acessando a Internet      de casa), o proxy permite o acesso a sites n&atilde;o p&uacute;blicos,      como os apontados pelo Portal CAPES. O uso do proxy da UFMG por computadores      externos s&oacute; &eacute; permitido por meio de autentica&ccedil;&atilde;o,      j&aacute; que somente pessoas que fa&ccedil;am parte da comunidade universit&aacute;ria      podem usar este servi&ccedil;o. Para isso, &eacute; necess&aacute;rio      que os usu&aacute;rios tenham cadastro no minhaUFMG. As instru&ccedil;&otilde;es      necess&aacute;rias para uso do proxy est&atilde;o dispon&iacute;veis      no menu &#8220;Servi&ccedil;os&#8221;, op&ccedil;&atilde;o Intranet      e Extranet, no site do CECOM em <a href=\"https:\/\/www.ufmg.br\/dti\/cecom\/\">https:\/\/www.ufmg.br\/dti\/cecom\/<\/a>,      ou diretamente no endere&ccedil;o <a href=\"\/dti\/proxy\">proxy<\/a>.<\/span><\/p>\n<p align=\"center\"><img loading=\"lazy\" decoding=\"async\" src=\"https:\/\/www.ufmg.br\/dti\/wp-content\/uploads\/fotos\/16_09_10\/proxyago2010.jpg\" width=\"500\" height=\"346\"><\/p>\n<p>    <span class=\"texto\">     <\/p>\n<p>    <\/span><\/td>\n<\/tr>\n<tr>\n<td align=\"LEFT\" valign=\"TOP\"><\/td>\n<td align=\"LEFT\" valign=\"TOP\"> <a name=\"anoticias4\" id=\"4\"><span class=\"titulo\">UFMG     PROMOVE DIA DO TRABALHADOR ADOLESCENTE<\/span><\/a> <\/p>\n<p align=\"justify\"><span class=\"texto\">      No dia 27 de setembro, a UFMG estar&aacute; promovendo o programa Dia      do Trabalhador Adolescente, organizado pelo DRH.<br \/>     No per&iacute;odo de 8h &agrave;s 17h, todos os menores do Conv&ecirc;nio      UFMG\/Cruz Vermelha estar&atilde;o presentes no CEU &#8211; Centro Esportivo      Universit&aacute;rio &#8211; participando de diversas atividades.<br \/>     Do CECOM, estar&aacute; presente, Jhonata dos Santos Soares.<\/span><\/p>\n<p>    <span class=\"texto\">     <\/p>\n<p>    <\/span><\/td>\n<\/tr>\n<tr>\n<td align=\"LEFT\" valign=\"TOP\"><\/td>\n<td align=\"LEFT\" valign=\"TOP\"> <a name=\"anoticias5\" id=\"5\"><span class=\"titulo\">ESTACIONAMENTO     DA REITORIA TER&Aacute; MUDAN&Ccedil;AS NA SEGUNDA-FEIRA<\/span><\/a> <\/p>\n<p align=\"justify\"><span class=\"texto\">      Na pr&oacute;xima segunda-feira, 20 de setembro, o acesso ao estacionamento      da Reitoria ter&aacute; mudan&ccedil;as. O objetivo &eacute; reservar      maior n&uacute;mero de vagas aos servidores e melhorar o funcionamento      do &oacute;rg&atilde;o. Segundo a Pr&oacute;-reitoria de Administra&ccedil;&atilde;o,      tem-se verificado quantidade significativa de atrasos e de reclama&ccedil;&otilde;es      de servidores que n&atilde;o conseguem estacionar os carros nas proximidades.      <\/p>\n<p>     O pr&eacute;dio conta com cerca de 280 vagas e, destas, 180 ser&atilde;o      exclusivas para servidores da Reitoria. O isolamento do estacionamento,      segundo M&aacute;rcio Baptista, pr&oacute;-reitor de Administra&ccedil;&atilde;o,      ser&aacute; feito, a princ&iacute;pio, por correntes; mais tarde, poder&atilde;o      ser instaladas cancelas permanentes.<\/p>\n<p>     Ser&atilde;o fechadas as entradas da avenida Mendes Pimentel (a principal      do campus) e da rua Professor Baeta Vianna (em frente ao Instituto de      Ci&ecirc;ncias Biol&oacute;gicas &#8211; ICB). O acesso dos visitantes acontecer&aacute;,      principalmente, pela rua Professor Eduardo Frieiro (em frente &agrave;      Biblioteca Central). O controle dos ve&iacute;culos ser&aacute; feito      por meio da afixa&ccedil;&atilde;o de adesivos fornecidos pela Reitoria      aos funcion&aacute;rios cadastrados.<\/p>\n<p>     O pr&oacute;-reitor de Administra&ccedil;&atilde;o tamb&eacute;m destaca      que a iniciativa foi tomada devido ao intenso fluxo de carros na regi&atilde;o.      &#8220;Muitos dos funcion&aacute;rios e professores ficam sem vagas      por causa da grande quantidade de carros que circulam no campus e estacionam      na Reitoria&#8221;, afirma M&aacute;rcio Baptista. &#8220;Por volta      das 9h, por exemplo, dificilmente se encontra uma vaga.&#8221; <br \/>     Plano maior &#8211; A altera&ccedil;&atilde;o &eacute; parte de um conjunto      de interven&ccedil;&otilde;es que visa melhorar o tr&acirc;nsito do      campus Pampulha. As a&ccedil;&otilde;es abrangem o transporte p&uacute;blico      que atende &agrave; Universidade, os &ocirc;nibus internos, os estacionamentos,      a pr&aacute;tica da carona, informa&ccedil;&atilde;o e conscientiza&ccedil;&atilde;o      dos motoristas, entre outros aspectos.<\/p>\n<p>     Para Jos&eacute; Nagib, pr&oacute;-reitor de Planejamento e Desenvolvimento,      &#8220;essas modifica&ccedil;&otilde;es s&atilde;o necess&aacute;rias      h&aacute; muito tempo&#8221; e envolvem &#8220;a&ccedil;&otilde;es de      m&eacute;dio e longo prazo&#8221;. <\/p>\n<p>     De acordo com ele, a defini&ccedil;&atilde;o de uma pol&iacute;tica      de tr&acirc;nsito foi feita mediante estudo amplo que foi colocado durante      60 dias para consulta p&uacute;blica, no site da UFMG. &#8220;Obtivemos      retorno de cerca de 120 pessoas, que apontaram problemas e deram sugest&otilde;es      para a melhoria do projeto. Essas opini&otilde;es foram levadas em conta      na finaliza&ccedil;&atilde;o do estudo&#8221;, destaca Nagib.<br \/>     (Fonte: http:\/\/www.ufmg.br\/online\/arquivos\/016708.shtml &#8211; 14\/09\/2010)<\/p>\n<p>     A Pr&oacute;-reitoria de Administra&ccedil;&atilde;o est&aacute; entregando,      desde ontem, dia 15, no sagu&atilde;o do pr&eacute;dio da Reitoria,      os selos que ser&atilde;o fixados nos ve&iacute;culos cadastrados.<\/span><\/p>\n<p>    <span class=\"texto\">     <\/p>\n<p>    <\/span><\/td>\n<\/tr>\n<p>  <!-- #EndEditable -->  <\/table>\n<p> <!-- fim noticias --><\/div>\n<p><a name='informativo'><\/a><\/p>\n<h4>Informativo<\/h4>\n<div class=\"centro-sistematico\">  <!-- noticias --> <a><\/a>  <\/p>\n<table border=\"0\" cellspacing=\"0\" cellpadding=\"0\">\n<tr>\n<td><\/td>\n<td><\/td>\n<\/tr>\n<p>  <!-- #BeginEditable \"materias\" --> <!-- #EndEditable -->  <\/table>\n<p> <!-- fim noticias --> <!-- tabela ha 20 anos --> <\/p>\n<table border=\"0\" cellpadding=\"0\" cellspacing=\"0\" bgcolor=\"#FFFFFF\">\n<tr>\n<td align=\"LEFT\" valign=\"TOP\"><\/td>\n<td align=\"LEFT\" valign=\"TOP\">\n<p align=\"justify\"><span class=\"texto\"><a name=\"ainformativo1\" id=\"1\"><span class=\"titulo\">DICAS      DE SITES INTERESSANTES <\/span><\/a><\/span><\/p>\n<p align=\"justify\"><span class=\"texto\">Adyrus, o ca&ccedil;ador de sites,      enviou as seguintes dicas:<\/p>\n<p>     &#8211; Joguinho da cobrinha. Entre com seu nome e divirta-se no endere&ccedil;o      <a href=\"http:\/\/salamander.no.de\/\">http:\/\/salamander.no.de\/<\/a>.<\/p>\n<p>     &#8211; Constru&ccedil;&otilde;es de palitos detalhadas. Foram usados seis      milh&otilde;es de palitos de dente e 170 litros de cola. Veja em <a href=\"http:\/\/www.lostateminor.com\/2010\/03\/25\/toothpick-cities\/\">http:\/\/www.lostateminor.com\/2010\/03\/25\/toothpick-cities\/<\/a>.<\/p>\n<p>     &#8211; Som-verde: colunas de vidro perfeito para as pessoas que tem bom gosto.      Se voc&ecirc; nunca viu alto-falante de vidro, ent&atilde;o veja e ou&ccedil;a      que maravilhosa em <a href=\"http:\/\/technabob.%20com\/blog\/2010\/09\/14\/greensoud-glass-speakers\/\">http:\/\/technabob.      com\/blog\/2010\/09\/14\/greensoud-glass-speakers\/<\/a>.<\/p>\n<p>     &#8211; Dica do Fernando Frota, da DRC: Ado&ccedil;ante faz comer mais. Veja      as diferen&ccedil;as entre os produtos <a href=\"http:\/\/www1.folha.uol.com.br\/equilibrioesaude\/797800-adocante-faz-comer-mais-veja-as-diferencas-entre-os-produtos.shtml\">aqui<\/a>.<\/p>\n<p>     &#8211; SN Pictures Displayer &eacute; um freeware que permite que voc&ecirc;      exiba um slideshow com suas pr&oacute;prias fotografias enquanto conversa      com seus amigos. O endere&ccedil;o &eacute;: <a href=\"http:\/\/www.msnpd.org\/\">http:\/\/www.msnpd.org\/<\/a>.<\/p>\n<p>     &#8211; Download WeFi localiza rede Wi-Fi, rede sem fio, v&ecirc; se est&aacute;      dispon&iacute;vel, o status online e localiza&ccedil;&atilde;o de amigos,      al&eacute;m de encontrar uma hotspot dispon&iacute;vel em qualquer lugar      do mundo. Veja em <a href=\"http:\/\/www.wefi.%20com\/download\/\">http:\/\/www.wefi.      com\/download\/<\/a>.<\/p>\n<p>     &#8211; Localize cidades e bairros com trilha sona. Tem outras op&ccedil;&otilde;es      que voc&ecirc; pode explorar. N&atilde;o deixe de visitar o endere&ccedil;o      <a href=\"http:\/\/ytinstant.com\/\">http:\/\/ytinstant.com\/<\/a>.<\/p>\n<p>     &#8211; A pr&oacute;xima sequ&ecirc;ncia do filme Tron tem a trilha sonora      de Daft Punk (Daft Punk &eacute; uma dupla de m&uacute;sica eletr&ocirc;nica      constitu&iacute;da pelos m&uacute;sicos franceses Guy-Manuel de Homem-Christo      e Thomas Bangalter) e no site, quem tem a trilha sonora, cont&eacute;m      um ovo da p&aacute;scoa de excelente qualidade que &eacute; uma imagem      ascii de Flynn na pontes. O endere&ccedil;o &eacute;: <a href=\"http:\/\/tronsoundtrack.com\/\">http:\/\/tronsoundtrack.com\/<\/a>.<\/span><\/p>\n<p align=\"center\"><span class=\"texto\"><\/span><span class=\"texto\"><br \/>     <\/span>    <\/p>\n<\/td>\n<\/tr>\n<tr>\n<td align=\"LEFT\" valign=\"TOP\"><\/td>\n<td align=\"LEFT\" valign=\"TOP\">\n<p align=\"justify\"><span class=\"texto\"><a name=\"ainformativo2\" id=\"2\"><span class=\"titulo\">UFMG      ABRE CONCURSO PARA CONTRATAR SERVIDORES<\/span><\/a><\/span><\/p>\n<p align=\"justify\"><span class=\"texto\">O edital que institui concurso      p&uacute;blico para cargos t&eacute;cnico-administrativos da UFMG foi      publicado dia 3 de setembro. Os cargos dispon&iacute;veis s&atilde;o      os de Assistente em Administra&ccedil;&atilde;o (n&iacute;vel D), Contador,      Engenheiro de Seguran&ccedil;a do Trabalho, Jornalista, M&eacute;dico,      com especialidade em Cl&iacute;nica M&eacute;dica\/Medicina do Trabalho      e Psiquiatria e T&eacute;cnico em Assuntos Educacionais (n&iacute;vel      E). Os sal&aacute;rios variam de R$ 1.821,94, para o cargo de n&iacute;vel      D, e R$ 2.989,33, para os de n&iacute;vel E. Regimes de trabalho, descri&ccedil;&otilde;es      de atribui&ccedil;&otilde;es e requisitos b&aacute;sicos para candidatura      s&atilde;o informados no edital.<\/p>\n<p>     As inscri&ccedil;&otilde;es dever&atilde;o ser realizadas no site da      UFMG no per&iacute;odo de 1&ordm; a 18 de outubro de 2010. A taxa varia      de acordo com a vaga pretendida &#8211; R$ 65,00 para o cargo de n&iacute;vel      m&eacute;dio e R$ 105,00 para os de n&iacute;vel superior.<\/p>\n<p>     A isen&ccedil;&atilde;o da taxa poder&aacute; ser requerida, entre 1&ordm;      e 6 de outubro, por candidatos oriundos de fam&iacute;lia de baixa renda.      Para tanto, dever&aacute; ser informado, no ato da inscri&ccedil;&atilde;o,      o N&uacute;mero de Identifica&ccedil;&atilde;o Social (NIS) atribu&iacute;do      pelo Cadastro &Uacute;nico para Programas Sociais do Governo Federal      (Cad&Uacute;nico) &agrave;queles que participam de programas sociais      e de distribui&ccedil;&atilde;o de renda.<br \/>     A data prov&aacute;vel de realiza&ccedil;&atilde;o das provas &eacute;      o dia 28 de novembro, com local e hor&aacute;rio ainda a serem definidos      e com divulga&ccedil;&atilde;o no pr&oacute;prio comprovante definitivo      de inscri&ccedil;&atilde;o do candidato, que estar&aacute; &agrave;      disposi&ccedil;&atilde;o a partir de 8 de novembro, no site da UFMG.<\/p>\n<p>     O Edital 587, de 2 de setembro de 2010, publicado no dia 15 pelo Di&aacute;rio      Oficial da Uni&atilde;o (se&ccedil;&atilde;o 3, p&aacute;ginas 57 a      60), est&aacute; dispon&iacute;vel <a href=\"http:\/\/www.ufmg.br\/online\/arquivos\/anexos\/Edital%20587%20-%202%20de%25%2020setembro%25%2020de%202010.pdf\">aqui<\/a>.<br \/>     (Fonte: Ag&ecirc;ncia de Not&iacute;cias da UFMG &#8211; 15\/09\/2010)<\/span><\/p>\n<p align=\"center\"><span class=\"texto\"><\/span><span class=\"texto\"><br \/>     <\/span>    <\/p>\n<\/td>\n<\/tr>\n<tr>\n<td align=\"LEFT\" valign=\"TOP\"><\/td>\n<td align=\"LEFT\" valign=\"TOP\">\n<p align=\"justify\"><span class=\"texto\"><a name=\"ainformativo3\" id=\"3\"><span class=\"titulo\">INSCRI&Ccedil;&Otilde;ES      ABERTAS PARA VAGA TEMPOR&Aacute;RIA DE ASSISTENTE ADMINISTRATIVO<\/span><\/a><\/span><\/p>\n<p align=\"justify\"><span class=\"texto\">Est&atilde;o abertas at&eacute;      20 de setembro as inscri&ccedil;&otilde;es para candidatos com forma&ccedil;&atilde;o      de n&iacute;vel m&eacute;dio para concorrer a uma vaga como assistente      administrativo no Departamento de Registro e Controle Acad&ecirc;mico      (DRCA) da UFMG.<\/p>\n<p>     A contrata&ccedil;&atilde;o ocorrer&aacute; por meio da Funda&ccedil;&atilde;o      de Desenvolvimento da Pesquisa (Fundep) e ter&aacute; validade de um      ano. A carga hor&aacute;ria &eacute; de 40 horas semanais, com sal&aacute;rio      de R$ 840,27. Os interessados devem encaminhar curr&iacute;culo exclusivamente      pelo e-mail info@drca.ufmg.br.<br \/>     (Fonte: http:\/\/www.ufmg.br\/online\/arquivos\/016710.shtml &#8211; 13\/09\/2010)<\/span><\/p>\n<p align=\"center\"><span class=\"texto\"><\/span><span class=\"texto\"><br \/>     <\/span>    <\/p>\n<\/td>\n<\/tr>\n<tr>\n<td align=\"LEFT\" valign=\"TOP\"><\/td>\n<td align=\"LEFT\" valign=\"TOP\">\n<p align=\"justify\"><span class=\"texto\"><a name=\"ainformativo4\" id=\"4\"><span class=\"titulo\">EDI&Ccedil;&Atilde;O      DE SEMANA PASSADA<\/span><\/a><\/span><\/p>\n<p align=\"justify\"><span class=\"texto\"> Devido ao feriado do Dia da Independ&ecirc;ncia,      7 de setembro, O Sistem&aacute;tico n&atilde;o circulou na semana passada,      retornando hoje, dia 16\/09.<\/span><\/p>\n<p align=\"center\"><span class=\"texto\"><\/span><span class=\"texto\"><br \/>     <\/span>    <\/p>\n<\/td>\n<\/tr>\n<tr>\n<td align=\"LEFT\" valign=\"TOP\"><\/td>\n<td align=\"LEFT\" valign=\"TOP\">\n<p align=\"justify\"><span class=\"texto\"><a name=\"ainformativo5\" id=\"5\"><span class=\"titulo\">VEM      A&Iacute; O HOR&Aacute;RIO DE VER&Atilde;O!<\/span><\/a><\/span><\/p>\n<p align=\"justify\"><span class=\"texto\"> Em 2010, o hor&aacute;rio de ver&atilde;o      come&ccedil;a no dia 17 de outubro e vai vigorar at&eacute; 20 de fevereiro      de 2011.<\/span><\/p>\n<p align=\"center\"><span class=\"texto\"><\/span><span class=\"texto\"><br \/>     <\/span>    <\/p>\n<\/td>\n<\/tr>\n<tr>\n<td width=\"12\" align=\"LEFT\" valign=\"TOP\"><\/td>\n<td width=\"538\" align=\"LEFT\" valign=\"TOP\">&nbsp;<\/td>\n<\/tr>\n<p>  <!-- #BeginEditable \"materias\" --> <!-- #EndEditable -->  <\/table>\n<table border=\"0\" cellspacing=\"0\" cellpadding=\"0\" class=\"cinza\">\n<tr>\n<td><img loading=\"lazy\" decoding=\"async\" src=\"https:\/\/www.ufmg.br\/dti\/wp-content\/uploads\/imgs\/tudo_pixel.gif\" width=\"1\" height=\"1\" alt=\"\" border=\"0\"><\/td>\n<td><img loading=\"lazy\" decoding=\"async\" src=\"https:\/\/www.ufmg.br\/dti\/wp-content\/uploads\/imgs\/tudo_pixel.gif\" width=\"19\" height=\"1\" alt=\"\" border=\"0\"><\/td>\n<td><img loading=\"lazy\" decoding=\"async\" src=\"https:\/\/www.ufmg.br\/dti\/wp-content\/uploads\/imgs\/tudo_pixel.gif\" width=\"510\" height=\"1\" alt=\"\" border=\"0\"><\/td>\n<td><img loading=\"lazy\" decoding=\"async\" src=\"https:\/\/www.ufmg.br\/dti\/wp-content\/uploads\/imgs\/tudo_pixel.gif\" width=\"19\" height=\"1\" alt=\"\" border=\"0\"><\/td>\n<td><img loading=\"lazy\" decoding=\"async\" src=\"https:\/\/www.ufmg.br\/dti\/wp-content\/uploads\/imgs\/tudo_pixel.gif\" width=\"1\" height=\"1\" alt=\"\" border=\"0\"><\/td>\n<\/tr>\n<tr>\n<td class=\"vermelho\" colspan=\"5\"><img loading=\"lazy\" decoding=\"async\" src=\"https:\/\/www.ufmg.br\/dti\/wp-content\/uploads\/imgs\/tudo_pixel.gif\" width=\"1\" height=\"1\" alt=\"\" border=\"0\"><\/td>\n<\/tr>\n<tr>\n<td class=\"vermelho\"><img loading=\"lazy\" decoding=\"async\" src=\"https:\/\/www.ufmg.br\/dti\/wp-content\/uploads\/imgs\/tudo_pixel.gif\" width=\"1\" height=\"1\" alt=\"\" border=\"0\"><\/td>\n<td><img loading=\"lazy\" decoding=\"async\" src=\"https:\/\/www.ufmg.br\/dti\/wp-content\/uploads\/imgs\/tudo_pixel.gif\" width=\"1\" height=\"1\" alt=\"\" border=\"0\"><\/td>\n<td align=\"LEFT\" valign=\"TOP\"><!-- #BeginEditable \"ha%2020%20anos\" -->     <\/p>\n<div align=\"justify\">\n<p><a name=\"ainformativo6\" id=\"6\"><img loading=\"lazy\" decoding=\"async\" src=\"https:\/\/www.ufmg.br\/dti\/wp-content\/uploads\/imgs\/tudo_pixel.gif\" width=\"1\" height=\"8\" alt=\"\" border=\"0\"><br \/>      <span class=\"titulo\">H\u00e1 20 anos&#8230;<\/span><\/a><\/p>\n<p>      <span class=\"texto\">O Sistem&aacute;tico Ano XIV, no 35, de 14\/09\/1990,       publicou not&iacute;cias sobre mudan&ccedil;as na DAA, equipamentos       em testes, DMSII vers&atilde;o 3.7, Plant&atilde;o da MSA, palestra       sobre o Sistema AAD &#8211; Administra&ccedil;&atilde;o\/Apoio\/Documento,       entre outras. A not&iacute;cia que destacou foi:<\/span><span class=\"texto\"><strong><\/p>\n<p>      <\/strong><strong>ACESSO AO A10<br \/>      <\/strong><\/span><span class=\"texto\"><strong><br \/>      <\/strong><font face=\"1\"> A VDG distribuiu, na &uacute;ltima reuni&atilde;o       de diretoria, norma relativa a inclus&atilde;o, manuten&ccedil;&atilde;o       e controle dos cadastros de usu&aacute;rios nos ambientes SADS, HERMES       e COMS. Al&eacute;m disso, a norma estabelece as formas de acesso       aos sistemas dependendo de suas caracter&iacute;sticas de trabalho.<br \/>      V&aacute;rias novidades j&aacute; t&ecirc;m aparecido desde a &uacute;ltima       semana de agosto para os usu&aacute;rios de linha dedicada (todo o       Campus) e TDI (pr&eacute;dio da Reitoria).<br \/>      Na semana que vem ser&atilde;o &#8220;afetados&#8221; CECOM e usu&aacute;rios       de linha discada (fora do Campus).<br \/>      Todo o trabalho de adequa&ccedil;&atilde;o das novas rotinas de acesso       tem sido feito pelo pessoal da DST, orientado pelo analista William       Andal&eacute;cio.<\/font><\/span><\/p>\n<\/p><\/div>\n<div align=\"justify\">\n<p><span class=\"texto\"><\/span><\/p>\n<\/p><\/div>\n<p>    <!-- #EndEditable --><br \/> <img loading=\"lazy\" decoding=\"async\" src=\"https:\/\/www.ufmg.br\/dti\/wp-content\/uploads\/imgs\/tudo_pixel.gif\" width=\"1\" height=\"8\" alt=\"\" border=\"0\"><\/td>\n<td><img loading=\"lazy\" decoding=\"async\" src=\"https:\/\/www.ufmg.br\/dti\/wp-content\/uploads\/imgs\/tudo_pixel.gif\" width=\"1\" height=\"1\" alt=\"\" border=\"0\"><\/td>\n<td class=\"vermelho\"><img loading=\"lazy\" decoding=\"async\" src=\"https:\/\/www.ufmg.br\/dti\/wp-content\/uploads\/imgs\/tudo_pixel.gif\" width=\"1\" height=\"1\" alt=\"\" border=\"0\"><\/td>\n<\/tr>\n<tr>\n<td class=\"vermelho\" colspan=\"5\"><img loading=\"lazy\" decoding=\"async\" src=\"https:\/\/www.ufmg.br\/dti\/wp-content\/uploads\/imgs\/tudo_pixel.gif\" width=\"1\" height=\"1\" alt=\"\" border=\"0\"><\/td>\n<\/tr>\n<\/table>\n<p> <!-- fim tabela ha 20 anos --><\/div>\n<p><a name='eventos'><\/a><\/p>\n<h4>Eventos<\/h4>\n<div class=\"centro-sistematico\">  <!-- noticias --> <\/p>\n<table border=\"0\" cellspacing=\"0\" cellpadding=\"0\">\n<tr>\n<td><\/td>\n<td><\/td>\n<\/tr>\n<tr>\n<td align=\"LEFT\" valign=\"TOP\"><\/td>\n<td align=\"LEFT\" valign=\"TOP\">\n<p><a name=\"aeventos2\" id=\"2\"><span class=\"titulo\">SOCIAIS<\/span><\/a><\/p>\n<p align=\"justify\" class=\"texto\"><strong>ANIVERS&Aacute;RIOS: <\/strong><em>Como      O Sistem&aacute;tico n&atilde;o foi publicado na semana passada, os      parab&eacute;ns atrasados para Rog&eacute;rio Soares Pinheiro, no dia      11; e para os ex-ceconianos: Rodrigo Fontes Ribeiro e Alo&iacute;sio      Furbino Gualberto, no dia 10; Maria L&uacute;cia Adorno, no dia 12;      Aldemar Lopes de Souza, Diego Amadeu Duarte de Morais Santana e Arnaldo      Jos&eacute; de Oliveira, no dia 13. Os parab&eacute;ns, em dia, para      os pr&oacute;ximos aniversariantes: Gabriel V&iacute;tor de Souza Furtado,      no dia 22; Mateus Andrade Rezende, no dia 23; e os ex-ceconianos: Haroldo      Can&ccedil;ado Rolfs, no dia 17; Luiz Henrique Loureiro dos Santos,      Carla Oliveira Bechelane e Ricardo Yokoyama, no dia 18; Gustavo Campos      Ferreira Guimar&atilde;es e Maria do Carmo Viegas, no dia 20; Helo&iacute;sa      Helena Pimenta, no dia 21. <\/em><\/p>\n<p><span class=\"texto\"><\/span><\/p>\n<p align=\"justify\">&nbsp; <\/p>\n<p>    <span class=\"texto\"><\/span><\/td>\n<\/tr>\n<tr>\n<td align=\"LEFT\" valign=\"TOP\"><\/td>\n<td align=\"LEFT\" valign=\"TOP\">\n<p><a name=\"aeventos3\" id=\"3\"><span class=\"titulo\">MEM&Oacute;RIA      FOTOGR&Aacute;FICA DO CECOM<\/span><\/a><\/p>\n<p align=\"justify\" class=\"texto\">O Sistem&aacute;tico publica mais um      lote de fotos da segunda aula presencial do m&oacute;dulo de Ingl&ecirc;s      do Curso Instrumental de L&iacute;nguas, organizado pelo CECOM, com      apoio da ProRH e professores da FALE, no dia 31 de agosto, no Audit&oacute;rio      da Copeve. As fotos s&atilde;o de autoria de Caroline Mitsuko.<\/p>\n<p align=\"center\" class=\"texto\"><img loading=\"lazy\" decoding=\"async\" src=\"https:\/\/www.ufmg.br\/dti\/wp-content\/uploads\/fotos\/16_09_10\/SDC10897.jpg\" width=\"500\" height=\"375\"><br \/>     <em><font face=\"1\">Os professores      Marcos Racilan e J&uacute;nia Braga<\/font><\/em><\/p>\n<p align=\"center\" class=\"texto\"><img loading=\"lazy\" decoding=\"async\" src=\"https:\/\/www.ufmg.br\/dti\/wp-content\/uploads\/fotos\/16_09_10\/SDC10892.jpg\" width=\"500\" height=\"375\"><br \/>     <font face=\"1\"><em>Os participantes      do curso<\/em><\/font><\/p>\n<p align=\"center\" class=\"texto\"><img loading=\"lazy\" decoding=\"async\" src=\"https:\/\/www.ufmg.br\/dti\/wp-content\/uploads\/fotos\/16_09_10\/SDC10895.jpg\" width=\"500\" height=\"375\"><br \/>     <em><font face=\"1\">Rute e Takeda<\/font><\/em><\/p>\n<p align=\"center\" class=\"texto\"><img loading=\"lazy\" decoding=\"async\" src=\"https:\/\/www.ufmg.br\/dti\/wp-content\/uploads\/fotos\/16_09_10\/SDC10896.jpg\" width=\"500\" height=\"375\">      <br \/>     <em><font face=\"1\">Rute, Takeda      e Jane<\/font><\/em><\/p>\n<p><span class=\"texto\"><\/span><\/p>\n<p align=\"justify\">&nbsp; <\/p>\n<p>    <span class=\"texto\"><\/span><\/td>\n<\/tr>\n<p>  <!-- #BeginEditable \"materias\" --> <!-- #EndEditable -->  <\/table>\n<p> <!-- fim noticias --><\/div>\n","protected":false},"excerpt":{"rendered":"<p>Not\u00edcias FIBRA DA REDE GIGA SER&Aacute; REPARADA NESTE S&Aacute;BADO EMBRATEL VENCE PREG&Otilde;ES DE TELEFONIA FIXA ESTAT&Iacute;STICAS DE ACESSO DO SERVI&Ccedil;O PROXY HTTP UFMG PROMOVE DIA DO TRABALHADOR ADOLESCENTE ESTACIONAMENTO DA REITORIA TER&Aacute; MUDAN&Ccedil;AS NA SEGUNDA-FEIRA Informativo DICAS DE SITES INTERESSANTES UFMG ABRE CONCURSO PARA CONTRATAR SERVIDORES INSCRI&Ccedil;&Otilde;ES ABERTAS PARA VAGA TEMPOR&Aacute;RIA DE ASSISTENTE ADMINISTRATIVO EDI&Ccedil;&Atilde;O &#8230; <a title=\"Sistem\u00e1tico: Edi\u00e7\u00e3o 1485 &#8211; 16\/09\/2010\" class=\"read-more\" href=\"https:\/\/www.ufmg.br\/dti\/2010\/09\/16\/sistematico-edicao-1485-16092010\/\" aria-label=\"Read more about Sistem\u00e1tico: Edi\u00e7\u00e3o 1485 &#8211; 16\/09\/2010\">Ler mais<\/a><\/p>\n","protected":false},"author":3,"featured_media":0,"comment_status":"open","ping_status":"open","sticky":false,"template":"","format":"standard","meta":{"inline_featured_image":false,"footnotes":""},"categories":[13],"tags":[],"coauthors":[79],"class_list":["post-1143","post","type-post","status-publish","format-standard","hentry","category-sistematico"],"_links":{"self":[{"href":"https:\/\/www.ufmg.br\/dti\/wp-json\/wp\/v2\/posts\/1143","targetHints":{"allow":["GET"]}}],"collection":[{"href":"https:\/\/www.ufmg.br\/dti\/wp-json\/wp\/v2\/posts"}],"about":[{"href":"https:\/\/www.ufmg.br\/dti\/wp-json\/wp\/v2\/types\/post"}],"author":[{"embeddable":true,"href":"https:\/\/www.ufmg.br\/dti\/wp-json\/wp\/v2\/users\/3"}],"replies":[{"embeddable":true,"href":"https:\/\/www.ufmg.br\/dti\/wp-json\/wp\/v2\/comments?post=1143"}],"version-history":[{"count":0,"href":"https:\/\/www.ufmg.br\/dti\/wp-json\/wp\/v2\/posts\/1143\/revisions"}],"wp:attachment":[{"href":"https:\/\/www.ufmg.br\/dti\/wp-json\/wp\/v2\/media?parent=1143"}],"wp:term":[{"taxonomy":"category","embeddable":true,"href":"https:\/\/www.ufmg.br\/dti\/wp-json\/wp\/v2\/categories?post=1143"},{"taxonomy":"post_tag","embeddable":true,"href":"https:\/\/www.ufmg.br\/dti\/wp-json\/wp\/v2\/tags?post=1143"},{"taxonomy":"author","embeddable":true,"href":"https:\/\/www.ufmg.br\/dti\/wp-json\/wp\/v2\/coauthors?post=1143"}],"curies":[{"name":"wp","href":"https:\/\/api.w.org\/{rel}","templated":true}]}}