{"id":1147,"date":"2010-08-12T08:00:00","date_gmt":"2010-08-12T08:00:00","guid":{"rendered":"https:\/\/www.ufmg.br\/dti\/cecom\/?p=1147"},"modified":"2010-08-12T08:00:00","modified_gmt":"2010-08-12T08:00:00","slug":"sistematico-edicao-1481-12082010","status":"publish","type":"post","link":"https:\/\/www.ufmg.br\/dti\/2010\/08\/12\/sistematico-edicao-1481-12082010\/","title":{"rendered":"Sistem\u00e1tico: Edi\u00e7\u00e3o 1481 &#8211; 12\/08\/2010"},"content":{"rendered":"<ul>\n<li><a href=\"\/dti\/#noticias\">Not\u00edcias<\/a>\n<div class='submenuSistematico'>\n<ul>\n<li><a href=\"\/dti\/#anoticias1\" id=\"1\"><span class=\"titulo\">CECOM     EXPANDE REDE WIRELESS DA REITORIA<\/span><\/a><\/li>\n<li><a href=\"\/dti\/#anoticias2\"><span class=\"titulo\">CECOM D&Aacute;     IN&Iacute;CIO AO SEGUNDO M&Oacute;DULO DO CURSO DE CAPACITA&Ccedil;&Atilde;O     2010 <\/span><\/a><\/li>\n<li><a href=\"\/dti\/#anoticias3\" id=\"3\"><span class=\"titulo\">PUBLICADA     A APOSENTADORIA DE ELIZABETH CLEMENTINO<\/span><\/a><\/li>\n<li><a href=\"\/dti\/#anoticias4\" id=\"4\"><span class=\"titulo\">AVALIA&Ccedil;&Atilde;O     DO DESEMPENHO DE SERVIDORES DEVE SER FEITA AT&Eacute; AMANH&Atilde;<\/span><\/a><\/li>\n<\/ul>\n<\/div>\n<\/li>\n<li><a href=\"\/dti\/#informativo\">Informativo<\/a>\n<div class='submenuSistematico'>\n<ul>\n<li><a href=\"\/dti\/#ainformativo1\" id=\"1\"><span class=\"titulo\">DICAS      DE SITES INTERESSANTES<\/span><\/a><\/li>\n<li><a href=\"\/dti\/#ainformativo2\" id=\"2\"><span class=\"titulo\">UFMG      DIVULGA RESULTADO DE ISEN&Ccedil;&Atilde;O DA INSCRI&Ccedil;&Atilde;O      NO VESTIBULAR 2011<\/span><\/a><\/li>\n<li><a href=\"\/dti\/#ainformativo3\" id=\"3\"><span class=\"titulo\">VISITA      CURIOSA <\/span><\/a><\/li>\n<li><a href=\"\/dti\/#ainformativo4\" id=\"4\"><img loading=\"lazy\" decoding=\"async\" src=\"https:\/\/www.ufmg.br\/dti\/wp-content\/uploads\/imgs\/tudo_pixel.gif\" width=\"1\" height=\"8\" alt=\"\" border=\"0\"><br \/>      <span class=\"titulo\">H\u00e1 20 anos&#8230;<\/span><\/a><\/li>\n<\/ul>\n<\/div>\n<\/li>\n<li><a href=\"\/dti\/#eventos\">Eventos<\/a>\n<div class='submenuSistematico'>\n<ul>\n<li><a href=\"\/dti\/#aeventos2\" id=\"2\"><span class=\"titulo\">SOCIAIS<\/span><\/a><\/li>\n<li><a href=\"\/dti\/#aeventos2\" id=\"2\"><span class=\"titulo\">MEM&Oacute;RIA      FOTOGR&Aacute;FICA DO CECOM<\/span><\/a><\/li>\n<\/ul>\n<\/div>\n<\/li>\n<\/ul>\n<ul class='pdfSist'>\n<li><a href=\"https:\/\/www.ufmg.br\/dti\/wp-content\/uploads\/Sistematico_PDF\/Sist27_2010-A4.pdf\"><img loading=\"lazy\" decoding=\"async\" src=\"https:\/\/www.ufmg.br\/dti\/wp-content\/uploads\/Sistematico_PDF\/mini_pdf.gif\" width=\"30\" height=\"30\" border=\"0\"> Vers\u00e3o em PDF<\/a><\/li>\n<\/ul>\n<p> <a name='noticias'><\/a><\/p>\n<h4>Not\u00edcias<\/h4>\n<div class=\"centro-sistematico\">  <!-- noticias --> <a><\/a>  <\/p>\n<table border=\"0\" cellspacing=\"0\" cellpadding=\"0\">\n<tr>\n<td><\/td>\n<td><\/td>\n<\/tr>\n<p>  <!-- #BeginEditable \"materias\" -->   <\/p>\n<tr>\n<td align=\"LEFT\" valign=\"TOP\"><\/td>\n<td align=\"LEFT\" valign=\"TOP\"> <a name=\"anoticias1\" id=\"1\"><span class=\"titulo\">CECOM     EXPANDE REDE WIRELESS DA REITORIA<\/span><\/a> <\/p>\n<p align=\"justify\"><span class=\"texto\">      A DRC terminou a instala&ccedil;&atilde;o e configura&ccedil;&atilde;o      de 8 pontos de acesso &agrave; Rede UFMG na Reitoria, entre o 5o e 8o      andares. Estes pontos de acesso formam o ponto inicial de uma rede wireless      cobrindo todo o pr&eacute;dio e se apresentam com duas identidades de      rede diferentes: uma, &#8220;Reitoria&#8221;, que j&aacute; existia,      mas cobrindo apenas os espa&ccedil;os para eventos no primeiro e segundo      andares, e a segunda, &#8220;UFMG&#8221;, onde est&atilde;o sendo efetuados      testes de autentica&ccedil;&atilde;o atrav&eacute;s de login e senha      do &#8220;MinhaUFMG&#8221;. Estes testes s&atilde;o importantes para      identifica&ccedil;&atilde;o de problemas que poder&atilde;o ocorrer      na montagem de uma futura rede wireless que cubra toda a UFMG e, ao      final, ser&atilde;o elaborados documentos com instru&ccedil;&otilde;es      para configura&ccedil;&atilde;o de diversos equipamentos e sistemas      operacionais, como telefones celulares e sistemas Windows, Mac e Linux.<\/p>\n<p>     Os equipamentos utilizados s&atilde;o do modelo WA6102X, fabricados      pela Accton\/Edge-core, e s&atilde;o especialmente desenhados para uso      em pequenas empresas. Os r&aacute;dios contam com diversas possibilidades      de configura&ccedil;&atilde;o, permitindo inclusive o &#8220;roaming&#8221;,      que &eacute; a mudan&ccedil;a autom&aacute;tica da conex&atilde;o do      usu&aacute;rio de um ponto de acesso para outro, &agrave; medida que      ele se desloca dentro da &aacute;rea de cobertura da rede.<\/p>\n<p>     Os equipamentos j&aacute; existentes utilizados pela rede &#8220;Reitoria&#8221;      original ser&atilde;o reconfigurados de maneira que possam se adequar      aos novos padr&otilde;es utilizados. Nos outros andares, a DRC est&aacute;      efetuando testes para determinar a melhor localiza&ccedil;&atilde;o      dos r&aacute;dios. Terminados estes testes, o CECOM solicitar&aacute;      ao DEMAI a instala&ccedil;&atilde;o de infraestrutura de l&oacute;gica      e el&eacute;trica e concluir&aacute; a instala&ccedil;&atilde;o da rede.<\/span><span class=\"texto\">      <\/span><\/p>\n<p>    <span class=\"texto\">      <\/p>\n<p align=\"justify\">\n<p>    <\/span><\/td>\n<\/tr>\n<tr>\n<td align=\"LEFT\" valign=\"TOP\"><\/td>\n<td align=\"LEFT\" valign=\"TOP\"> <a name=\"anoticias2\"><span class=\"titulo\">CECOM D&Aacute;     IN&Iacute;CIO AO SEGUNDO M&Oacute;DULO DO CURSO DE CAPACITA&Ccedil;&Atilde;O     2010 <\/span><\/a> <\/p>\n<p align=\"justify\"><span class=\"texto\"> Foi realizada      nesta segunda-feira, dia 09, no Audit&oacute;rio da Copeve, a aula inaugural      do m&oacute;dulo de L&iacute;ngua Inglesa do Curso Instrumental de L&iacute;nguas.      O curso faz parte do Programa de Capacita&ccedil;&atilde;o 2010 do CECOM,      que conta com o apoio da Pr&oacute;-Reitoria de Recursos Humanos e professores      da Faculdade de Letras (Fale).<\/p>\n<p>     A coordena&ccedil;&atilde;o do m&oacute;dulo de L&iacute;ngua Inglesa      est&aacute; a cargo da profa. J&uacute;nia de Carvalho Fidelis Braga,      juntamente com o prof. Marcos Racilan.<\/p>\n<p>     O m&oacute;dulo ter&aacute; 70 horas\/aula, n&atilde;o presenciais, somente      realizado com atividades &agrave; dist&acirc;ncia, e ser&aacute; encerrado      no dia 24 de setembro.<\/p>\n<p>     Estiveram presentes &agrave; aula inaugural 43 dos 46 servidores inscritos,      que pertencem aos seguintes &oacute;rg&atilde;os administrativos: CECOM,      LCC, ATI, DRCA, DAP, DCF, Proplan, PRA, ProRH, Copeve, DEMAI e CAC.<\/span><\/p>\n<p align=\"center\"><img loading=\"lazy\" decoding=\"async\" src=\"https:\/\/www.ufmg.br\/dti\/wp-content\/uploads\/fotos\/12_08_10\/apresentacao-alfeu2.jpg\" width=\"350\" height=\"256\"><br \/>     <em><font face=\"1\">Carlos Alfeu      apresenta os professores do m&oacute;dulo de Ingl&ecirc;s, J&uacute;nia      Braga e Marcos Racilan<\/font><\/em><\/p>\n<p align=\"center\"><em><font face=\"1\"><img loading=\"lazy\" decoding=\"async\" src=\"https:\/\/www.ufmg.br\/dti\/wp-content\/uploads\/fotos\/12_08_10\/alunos1.jpg\" width=\"500\" height=\"223\"><\/font><\/em><br \/>     <em><font face=\"1\">Os participantes      do curso<span class=\"texto\"> <\/span><\/font><\/em><\/p>\n<p>    <span class=\"texto\">      <\/p>\n<p>    <\/span><\/td>\n<\/tr>\n<p>  <!-- #EndEditable -->  <\/table>\n<table border=\"0\" cellpadding=\"0\" cellspacing=\"0\">  <!-- #BeginEditable \"materias\" -->   <\/p>\n<tr>\n<td align=\"LEFT\" valign=\"TOP\"><\/td>\n<td align=\"LEFT\" valign=\"TOP\"> <a name=\"anoticias3\" id=\"3\"><span class=\"titulo\">PUBLICADA     A APOSENTADORIA DE ELIZABETH CLEMENTINO<\/span><\/a> <\/p>\n<p align=\"justify\"><span class=\"texto\">      Foi publicada, no Di&aacute;rio Oficial da Uni&atilde;o, de 10\/08\/2010,      a Portaria no 4959, de 06\/08\/2010, que aposentou a funcion&aacute;ria      Elizabeth Gomes Oliveira Clementino, Auxiliar em Administra&ccedil;&atilde;o,      lotada na Divis&atilde;o de Apoio Administrativo.<\/p>\n<p>     Beth, como todos a chamavam, entrou para o CECOM em 1976, por meio da      Fundep, como datil&oacute;grafa, lotada na Secretaria Administrativa.      Logo depois, ficou como respons&aacute;vel pelo almoxarifado e recep&ccedil;&atilde;o      do CECOM. Em agosto de 1978, foi contratada pela UFMG e em 1979 foi      para o subsolo trabalhar na equipe de digita&ccedil;&atilde;o. Permaneceu      por 14 anos na Divis&atilde;o de Controle. Em 1993, foi remanejada para      a DAA, retornando ao 8o andar. No in&iacute;cio, ficou na Biblioteca      e depois assumiu a parte de Compras da divis&atilde;o, posto que ocupou      at&eacute; a sua aposentadoria.<\/span><\/p>\n<p align=\"center\"><span class=\"texto\"><img loading=\"lazy\" decoding=\"async\" src=\"https:\/\/www.ufmg.br\/dti\/wp-content\/uploads\/fotos\/12_08_10\/saida-beth.jpg\" width=\"350\" height=\"373\"><br \/>     <em><font face=\"1\">Beth<\/font><\/em><\/span><\/p>\n<p>    <span class=\"texto\">      <\/p>\n<p align=\"justify\">\n<p>    <\/span><\/td>\n<\/tr>\n<p>  <!-- #EndEditable -->  <\/table>\n<table border=\"0\" cellpadding=\"0\" cellspacing=\"0\">  <!-- #BeginEditable \"materias\" -->   <\/p>\n<tr>\n<td align=\"LEFT\" valign=\"TOP\"><\/td>\n<td align=\"LEFT\" valign=\"TOP\"> <a name=\"anoticias4\" id=\"4\"><span class=\"titulo\">AVALIA&Ccedil;&Atilde;O     DO DESEMPENHO DE SERVIDORES DEVE SER FEITA AT&Eacute; AMANH&Atilde;<\/span><\/a>     <\/p>\n<p align=\"justify\"><span class=\"texto\"> Encerra-se nesta sexta-feira,      13, o prazo para avalia&ccedil;&atilde;o de desempenho para servidores      t&eacute;cnicos e administrativos da UFMG.<br \/>     <\/span><span class=\"texto\"><br \/>     A partir do acesso ao portal minhaUFMG, todos os servidores devem realizar      o preenchimento online do formul&aacute;rio de autoavalia&ccedil;&atilde;o.      Tamb&eacute;m devem ser preenchidos os formul&aacute;rios de avalia&ccedil;&atilde;o      do servidor pela chefia e de avalia&ccedil;&atilde;o da equipe de trabalho.      <\/p>\n<p>     &#8220;&Eacute; imprescind&iacute;vel que a autoavalia&ccedil;&atilde;o      seja preenchida antes da avalia&ccedil;&atilde;o da chefia, pois o processo      s&oacute; ser&aacute; conclu&iacute;do se feito nessa ordem&#8221;,      explica Filipe Menezes, administrador da Coordenadoria de Concurso e      Admiss&atilde;o do Departamento de Desenvolvimento de Recursos Humanos      (DRH\/ProRH). O formul&aacute;rio deve ser impresso e assinado pelo servidor      e pela chefia, que pode ser t&eacute;cnico ou docente, desde que integre      quadro da UFMG. <\/p>\n<p>     Segundo Filipe Menezes, para os t&eacute;cnicos e administrativos as      avalia&ccedil;&otilde;es anuais de desempenho acontecem para concess&atilde;o      das progress&otilde;es por tempo de servi&ccedil;o, no caso, progress&atilde;o      por m&eacute;rito, concedidas a cada 18 meses de efetivo exerc&iacute;cio,      diferentemente de outras carreiras do servi&ccedil;o p&uacute;blico      federal, que s&atilde;o avaliados para o recebimento de gratifica&ccedil;&atilde;o      de desempenho onde tamb&eacute;m &eacute; ponderada a &#8220;avalia&ccedil;&atilde;o      institucional&#8221;.<\/p>\n<p>     Para ser aprovado e obter a progress&atilde;o, o servidor precisa alcan&ccedil;ar      no m&iacute;nimo 70 pontos, obtidos a partir da soma da autoavalia&ccedil;&atilde;o      com a avalia&ccedil;&atilde;o da chefia.<\/p>\n<p>     O acesso aos formul&aacute;rios deve ser feito por meio do portal eletr&ocirc;nico      minhaUFMG, com a utiliza&ccedil;&atilde;o dos respectivos logins. Os      servidores que n&atilde;o tiverem acesso ao minhaUFMG nem ao documento      que cont&eacute;m os n&uacute;meros de identifica&ccedil;&atilde;o pessoal      (nips) devem procurar o Laborat&oacute;rio de Computa&ccedil;&atilde;o      Cient&iacute;fica do ICEx, para restaurar o acesso.<\/p>\n<p>     (Fonte: http:\/\/www.ufmg.br\/online\/arquivos\/015825.shtml &#8211; 12\/08\/2010)<\/span><span class=\"texto\">      <\/span><\/p>\n<p>    <span class=\"texto\">     <\/p>\n<p align=\"justify\">\n<p>    <\/span><\/td>\n<\/tr>\n<p>  <!-- #EndEditable -->  <\/table>\n<p> <!-- fim noticias --><\/div>\n<p><a name='informativo'><\/a><\/p>\n<h4>Informativo<\/h4>\n<div class=\"centro-sistematico\">  <!-- noticias --> <a><\/a>  <\/p>\n<table border=\"0\" cellspacing=\"0\" cellpadding=\"0\">\n<tr>\n<td><\/td>\n<td><\/td>\n<\/tr>\n<p>  <!-- #BeginEditable \"materias\" --> <!-- #EndEditable -->  <\/table>\n<p> <!-- fim noticias --> <!-- tabela ha 20 anos --> <\/p>\n<table border=\"0\" cellpadding=\"0\" cellspacing=\"0\" bgcolor=\"#FFFFFF\">\n<tr>\n<td align=\"LEFT\" valign=\"TOP\"><\/td>\n<td align=\"LEFT\" valign=\"TOP\">\n<p align=\"justify\"><span class=\"texto\"><a name=\"ainformativo1\" id=\"1\"><span class=\"titulo\">DICAS      DE SITES INTERESSANTES<\/span><\/a><\/span><\/p>\n<p align=\"justify\"><span class=\"texto\">Adyrus, o ca&ccedil;ador de sites,      enviou as sguintes dicas:<\/p>\n<p>     &#8211; A organiza&ccedil;&atilde;o socioambientalista Pr&oacute;-Mar realizar&aacute;      o I F&oacute;rum de Sustentabilidade da Ba&iacute;a de Todos os Santos,      no dia 20 de agosto, no Club Med da Ilha de Itaparica (BA). Ainda no      site: &#8220;Exposi&ccedil;&atilde;o a qu&iacute;micos e m&aacute; alimenta&ccedil;&atilde;o      podem acelerar puberdade nas meninas&#8221;. Visite o endere&ccedil;o      <a href=\"http:\/\/www.ecodesenvolvimento.org.br\/\">http:\/\/www.ecodesenvolvimento.org.br\/<\/a>.<\/p>\n<p>     &#8211; Em <a href=\"http:\/\/www.gastarpouco.com.br\/\">http:\/\/www.gastarpouco.com.br\/<\/a>,      voc&ecirc; encontra as melhores promo&ccedil;&otilde;es de sua cidade      para gastar pouco todos os dias. As ofertas s&atilde;o di&aacute;rias,      com descontos incr&iacute;veis e com prazo para terminar. Clique em      trocar cidade para ver as promo&ccedil;&otilde;es da sua cidade.<\/p>\n<p>     &#8211; Curso Online de Organiza&ccedil;&atilde;o de Eventos aborda o conceito      de turismo de eventos, a classifica&ccedil;&atilde;o, capta&ccedil;&atilde;o,      planejamento estrat&eacute;gico, gerenciamento de recursos humanos,      capta&ccedil;&atilde;o de patroc&iacute;nio, or&ccedil;amento, cerimonial,      protocolo, requisitos necess&aacute;rios para um destino, receber eventos.      Veja <a href=\"http:\/\/www.portaleducacao.com.%20br\/comunicacao-social\/cursos\/240\/curso-de-organizacao-de-eventos\">aqui<\/a>.<\/p>\n<p>     &#8211; vPike.com, com Google, fornece a rua, fotos &aacute;rea, as condi&ccedil;&otilde;es      de tr&aacute;fego local, webcams regi&atilde;o, not&iacute;cias locais      e dire&ccedil;&otilde;es de condu&ccedil;&atilde;o. Encontre qualquer      endere&ccedil;o do mundo em <a href=\"http:\/\/www.vpike.com\/\">http:\/\/www.vpike.com\/<\/a>.<\/p>\n<p>     &#8211; A aventura humana de montar uma civiliza&ccedil;&atilde;o nos tr&oacute;picos,      contada com a tecnologia mais avan&ccedil;ada, num livro de 352 p&aacute;ginas      em cores e num CD-ROM com 1200 temas e mais de 2000 imagens. Uma hist&oacute;ria      onde se cruzam povos, sonhos, guerras, cobi&ccedil;a, beleza e muitas      novidades. Veja no endere&ccedil;o <a href=\"http:\/\/www.historiadobrasil.com.%20br\/\">http:\/\/www.historiadobrasil.com.      br\/<\/a>.<\/p>\n<p>     &#8211; Um site que vale a pena conhecer &eacute; o Saber Cultural. O endere&ccedil;o      &eacute; <a href=\"http:\/\/www.saber.cultural.nom.br\/index.html\">http:\/\/www.saber.cultural.nom.br\/index.html<\/a>.<\/p>\n<p>     &#8211; Uma dica super bacana da Nat&aacute;lia Arantes, da DRC: Em <a href=\"http:\/\/www.freeicons%20web.com\/index.html\">http:\/\/www.freeicons      web.com\/index.html<\/a> voc&ecirc; pode navegar e fazer download de mais      de 20 mil &iacute;cones de alta qualidade. S&atilde;o gr&aacute;tis      para Windows, Macintosh e Linux. (&Iacute;cones Desktop, Windows Icons,      Windows XP e Vista &iacute;cones, Mac OS X &iacute;cones, Linux, PNG      &iacute;cones transparentes, &iacute;cones Gif, &Iacute;cones Pixels).      Valeu Naty!<br \/>     <\/span><\/p>\n<p align=\"center\"><span class=\"texto\"><\/span><span class=\"texto\"><br \/>     <\/span>    <\/p>\n<\/td>\n<\/tr>\n<tr>\n<td align=\"LEFT\" valign=\"TOP\"><\/td>\n<td align=\"LEFT\" valign=\"TOP\">\n<p align=\"justify\"><span class=\"texto\"><a name=\"ainformativo2\" id=\"2\"><span class=\"titulo\">UFMG      DIVULGA RESULTADO DE ISEN&Ccedil;&Atilde;O DA INSCRI&Ccedil;&Atilde;O      NO VESTIBULAR 2011<\/span><\/a><\/span><\/p>\n<p align=\"justify\"><span class=\"texto\">Canditados ao Vestibular UFMG 2011      que se inscreveram para obter isen&ccedil;&atilde;o da taxa de inscri&ccedil;&atilde;o      podem conferir o resultado de seu pedido, a partir de hoje, 12 de agosto,      no site www.ufmg.br\/copeve. Este ano o Programa de Isen&ccedil;&atilde;o      da Taxa de Inscri&ccedil;&atilde;o ao Vestibular UFMG concedeu isen&ccedil;&atilde;o      integral para todos os candidatos que comprovaram, atrav&eacute;s da      documenta&ccedil;&atilde;o exigida, sua condi&ccedil;&atilde;o de n&atilde;o      poder arcar com a taxa de inscri&ccedil;&atilde;o, que este ano ser&aacute;      de R$ 90.<\/p>\n<p>     De acordo com a Comiss&atilde;o Permanente do Vestibular UFMG (Copeve),      este ano 30.235 candidatos se inscreveram no programa, mas apenas 12.804      enviaram a documenta&ccedil;&atilde;o comprobat&oacute;ria, sendo que      destes, 10.778 foram contemplados com a isen&ccedil;&atilde;o integral.      <br \/>     A consulta ao resultado &eacute; individual e pode ser feita pelo site      www.ufmg.br\/copeve e ainda pelos telefones (31) 3409-6700, 3409-4408      e 3409-4409, de segunda a sexta-feira, das 8 &agrave;s 17 h. <\/p>\n<p>     Inscri&ccedil;&otilde;es come&ccedil;am segunda- feira: A partir da      pr&oacute;xima segunda-feira, 16 de agosto, at&eacute; o dia 10 de setembro,      a UFMG recebe, exclusivamente pela internet, inscri&ccedil;&otilde;es      ao Vestibular 2011. Apenas os candidatos que tiverem o n&uacute;mero      de inscri&ccedil;&atilde;o no Enem poder&atilde;o se inscrever no concurso      da universidade, pelo site www.ufmg.br\/copeve. A taxa &eacute; de R$      90. <\/p>\n<p>     Como definido pelo Conselho Universit&aacute;rio em maio, a UFMG utilizar&aacute;      o Exame Nacional do Ensino M&eacute;dio (Enem) em substitui&ccedil;&atilde;o      &agrave; primeira etapa do Vestibular, para ingresso em 2011. As provas      do Enem ser&atilde;o nos dias 6 e 7 de novembro e as provas da segunda      etapa do Vestibular UFMG ser&atilde;o realizadas em Belo Horizonte e      em Montes Claros, de 23 a 29 de janeiro de 2011.<\/p>\n<p>     O Vestibular UFMG 2011 ofertar&aacute; 6.610 vagas em 75 cursos. As      provas espec&iacute;ficas da segunda etapa ter&atilde;o novidades. Ser&atilde;o      duas provas diferentes de matem&aacute;tica, que segundo a pr&oacute;-reitora      de Gradua&ccedil;&atilde;o, professora Ant&ocirc;nia Aranha, ter&atilde;o      n&iacute;vel de &#8220;profundidade&#8221; diferenciado de acordo com      o curso. A prova de matem&aacute;tica A ser&aacute; para o curso de      Gest&atilde;o P&uacute;blica (curso oferecido em BH) e Administra&ccedil;&atilde;o      (curso oferecido em Montes Claros).<\/p>\n<p>     A prova de matem&aacute;tica B ser&aacute; aplicada para os demais cursos      que t&ecirc;m esta disciplina na segunda etapa: Engenharia Aeroespacial,      Engenharia Ambiental, Engenharia Civil, Engenharia de Controle e Automa&ccedil;&atilde;o,      Engenharia de Minas, Engenharia de Produ&ccedil;&atilde;o, Engenharia      de Sistemas, Engenharia El&eacute;trica, Engenharia Mec&acirc;nica,      Engenharia Metal&uacute;rgica, Engenharia Qu&iacute;mica, F&iacute;sica,      Geologia, Qu&iacute;mica, Qu&iacute;mica Tecnol&oacute;gica, Arquitetura      e Urbanismo, Ci&ecirc;ncia da Computa&ccedil;&atilde;o, Ci&ecirc;ncias      Atuariais, Estat&iacute;stica, Matem&aacute;tica, Matem&aacute;tica      Computacional, Administra&ccedil;&atilde;o, Ci&ecirc;ncias Cont&aacute;beis,      Ci&ecirc;ncias Econ&ocirc;micas, Controladoria e Finan&ccedil;as, Rela&ccedil;&otilde;es      Econ&ocirc;micas Internacionais e Sistemas de Informa&ccedil;&atilde;o,      todos em BH. Os candidatos ao curso de Engenharia Agr&iacute;cola e      Ambiental, em Montes Claros, tamb&eacute;m fazem a prova de matem&aacute;tica      B. <\/p>\n<p>     A leitura dos livros indicados anteriormente para o vestibular continua      valendo para candidatos aos cursos de Letras, Comunica&ccedil;&atilde;o      Social, Teatro e Dan&ccedil;a. N&atilde;o haver&aacute; reda&ccedil;&atilde;o      na segunda etapa, pois ser&aacute; utilizada a nota da reda&ccedil;&atilde;o      do Enem. <\/p>\n<p>     Educa&ccedil;&atilde;o a dist&acirc;ncia: Os candidatos aos cursos de      Educa&ccedil;&atilde;o a Dist&acirc;ncia dever&atilde;o se inscrever      no Vestibular UFMG 2011, no per&iacute;odo de 11 a 25 de outubro e a      taxa &eacute; de R$ 10. Esses candidatos tamb&eacute;m dever&atilde;o      ter o n&uacute;mero de inscri&ccedil;&atilde;o no Exame Nacional de      Ensino M&eacute;dio (Enem) 2010, que valer&aacute; como etapa &uacute;nica      de sele&ccedil;&atilde;o. <\/p>\n<p>     Ser&atilde;o ofertados cursos de bacharelado em Geografia, licenciatura      em Matem&aacute;tica, Pedagogia, licenciatura em Qu&iacute;mica, que      exigir&atilde;o encontros presenciais em onze cidades polo &#8211; Ara&ccedil;ua&iacute;,      Bom Despacho, Campos Gerais, Concei&ccedil;&atilde;o do Mato Dentro,      Conselheiro Lafaiete, Corinto, Formiga, Frutal, Governador Valadares,      Montes Claros e Te&oacute;filo Otoni. Essa modalidade &eacute; realizada      por meio do Sistema Universidade Aberta do Brasil (UAB). &#8230;<\/p>\n<p>     Educa&ccedil;&atilde;o do Campo e Ind&iacute;gena: Na Licenciatura em      Educa&ccedil;&atilde;o do Campo a sele&ccedil;&atilde;o ser&aacute;      feita exclusivamente atrav&eacute;s do Enem e os candidatos devem se      escrever tamb&eacute;m na UFMG, no per&iacute;odo de 27 de setembro      a 8 de outubro pelo site www.ufmg.br\/copeve. A taxa de inscri&ccedil;&atilde;o      &eacute; de R$ 15,00. &#8230;<\/p>\n<p>     As inscri&ccedil;&otilde;es para o vestibular do Curso de Licenciatura      Intercultural para Educadores Ind&iacute;genas tamb&eacute;m dever&atilde;o      ser feitas no per&iacute;odo de 27 de setembro a 8 de outubro. Os candidatos      n&atilde;o precisam fazer as provas do Enem e devem atentar para documenta&ccedil;&atilde;o      espec&iacute;fica, no item II.9 do edital. As provas espec&iacute;ficas      abertas ser&atilde;o realizadas no dia 21 de novembro de 2010, &agrave;s      14h.<\/p>\n<p>     Os telefones da Copeve s&atilde;o: 3409-4408\/3409-4409<\/p>\n<p>     (Fonte: Assessoria de Imprensa Cedecom\/UFMG &#8211; 12\/08\/2010)<br \/>     <\/span><\/p>\n<p align=\"center\"><span class=\"texto\"><\/span><span class=\"texto\"><br \/>     <\/span>    <\/p>\n<\/td>\n<\/tr>\n<tr>\n<td align=\"LEFT\" valign=\"TOP\"><\/td>\n<td align=\"LEFT\" valign=\"TOP\">\n<p align=\"justify\"><span class=\"texto\"><a name=\"ainformativo3\" id=\"3\"><span class=\"titulo\">VISITA      CURIOSA <\/span><\/a><\/span><\/p>\n<p align=\"justify\"><span class=\"texto\">Na semana passada, Gustavo Diniz,      da DRC, encontrou na Av. Ant&ocirc;nio Carlos, perto da barragem da      Pampulha, uma coruja atordoada. Trouxe para o CECOM e n&atilde;o precisa      nem contar que todos queriam v&ecirc;-la, dar palpites, saber se estava      ferida, se era filhote etc.. Ela foi levada para uma cl&iacute;nica      veterin&aacute;ria, ao lado do Via Brasil, onde s&atilde;o acolhidos      e tratados animais feridos, recolhidos nas ruas. Esta semana, Gustavo      teve not&iacute;cias da coruja, que est&aacute; bem e j&aacute; foi      entregue &agrave; Pol&iacute;cia Florestal. <\/span><\/p>\n<p align=\"center\"><span class=\"texto\"><img loading=\"lazy\" decoding=\"async\" src=\"https:\/\/www.ufmg.br\/dti\/wp-content\/uploads\/fotos\/12_08_10\/coruja.jpg\" width=\"423\" height=\"288\"><br \/>     <\/span><\/p>\n<p align=\"center\"><span class=\"texto\"><\/span><span class=\"texto\"><br \/>     <\/span>    <\/p>\n<\/td>\n<\/tr>\n<tr>\n<td align=\"LEFT\" valign=\"TOP\"><\/td>\n<td align=\"LEFT\" valign=\"TOP\">&nbsp;<\/td>\n<\/tr>\n<tr>\n<td width=\"12\" align=\"LEFT\" valign=\"TOP\"><\/td>\n<td width=\"538\" align=\"LEFT\" valign=\"TOP\">&nbsp;<\/td>\n<\/tr>\n<p>  <!-- #BeginEditable \"materias\" --> <!-- #EndEditable -->  <\/table>\n<table border=\"0\" cellspacing=\"0\" cellpadding=\"0\" class=\"cinza\">\n<tr>\n<td><img loading=\"lazy\" decoding=\"async\" src=\"https:\/\/www.ufmg.br\/dti\/wp-content\/uploads\/imgs\/tudo_pixel.gif\" width=\"1\" height=\"1\" alt=\"\" border=\"0\"><\/td>\n<td><img loading=\"lazy\" decoding=\"async\" src=\"https:\/\/www.ufmg.br\/dti\/wp-content\/uploads\/imgs\/tudo_pixel.gif\" width=\"19\" height=\"1\" alt=\"\" border=\"0\"><\/td>\n<td><img loading=\"lazy\" decoding=\"async\" src=\"https:\/\/www.ufmg.br\/dti\/wp-content\/uploads\/imgs\/tudo_pixel.gif\" width=\"510\" height=\"1\" alt=\"\" border=\"0\"><\/td>\n<td><img loading=\"lazy\" decoding=\"async\" src=\"https:\/\/www.ufmg.br\/dti\/wp-content\/uploads\/imgs\/tudo_pixel.gif\" width=\"19\" height=\"1\" alt=\"\" border=\"0\"><\/td>\n<td><img loading=\"lazy\" decoding=\"async\" src=\"https:\/\/www.ufmg.br\/dti\/wp-content\/uploads\/imgs\/tudo_pixel.gif\" width=\"1\" height=\"1\" alt=\"\" border=\"0\"><\/td>\n<\/tr>\n<tr>\n<td class=\"vermelho\" colspan=\"5\"><img loading=\"lazy\" decoding=\"async\" src=\"https:\/\/www.ufmg.br\/dti\/wp-content\/uploads\/imgs\/tudo_pixel.gif\" width=\"1\" height=\"1\" alt=\"\" border=\"0\"><\/td>\n<\/tr>\n<tr>\n<td class=\"vermelho\"><img loading=\"lazy\" decoding=\"async\" src=\"https:\/\/www.ufmg.br\/dti\/wp-content\/uploads\/imgs\/tudo_pixel.gif\" width=\"1\" height=\"1\" alt=\"\" border=\"0\"><\/td>\n<td><img loading=\"lazy\" decoding=\"async\" src=\"https:\/\/www.ufmg.br\/dti\/wp-content\/uploads\/imgs\/tudo_pixel.gif\" width=\"1\" height=\"1\" alt=\"\" border=\"0\"><\/td>\n<td align=\"LEFT\" valign=\"TOP\"><!-- #BeginEditable \"ha%2020%20anos\" -->     <\/p>\n<div align=\"justify\">\n<p><a name=\"ainformativo4\" id=\"4\"><img loading=\"lazy\" decoding=\"async\" src=\"https:\/\/www.ufmg.br\/dti\/wp-content\/uploads\/imgs\/tudo_pixel.gif\" width=\"1\" height=\"8\" alt=\"\" border=\"0\"><br \/>      <span class=\"titulo\">H\u00e1 20 anos&#8230;<\/span><\/a><\/p>\n<p>      <span class=\"texto\">O Sistem&aacute;tico Ano XIV, no 30, de 09\/08\/1990,       publicou not&iacute;cias sobre infraestrutura de rede, atualiza&ccedil;&atilde;o       do TVA, palestras do CECOM, Sistema de Estoque, curso Atualiza&ccedil;&atilde;o       Pessoal, posse do vice-reitor Evando Mirra de Paula e Silva, paradas       do Sistema A10, entre outras. A not&iacute;cia que se destacou foi:<\/span><span class=\"texto\"><strong><\/p>\n<p>      <\/strong><strong>PALESTRA DA DP<br \/>      <\/strong><font face=\"1\"> O Vice-Diretor do CECOM, Carlos Alfeu Furtado       da Fonseca, apresentou hoje &agrave; tarde, uma palestra para o Depto.       de Pessoal sobre o plano de informatiza&ccedil;&atilde;o do departamento.       Al&eacute;m das linhas gerais do plano, foi apresentado aos funcion&aacute;rios       do DP o est&aacute;gio atual dos sistemas j&aacute; desenvolvidos       ou em desenvolvimento para a &aacute;rea de pessoal.<\/font><\/span><\/p>\n<\/p><\/div>\n<div align=\"justify\">\n<p><span class=\"texto\"><\/span><\/p>\n<\/p><\/div>\n<p>    <!-- #EndEditable --><br \/> <img loading=\"lazy\" decoding=\"async\" src=\"https:\/\/www.ufmg.br\/dti\/wp-content\/uploads\/imgs\/tudo_pixel.gif\" width=\"1\" height=\"8\" alt=\"\" border=\"0\"><\/td>\n<td><img loading=\"lazy\" decoding=\"async\" src=\"https:\/\/www.ufmg.br\/dti\/wp-content\/uploads\/imgs\/tudo_pixel.gif\" width=\"1\" height=\"1\" alt=\"\" border=\"0\"><\/td>\n<td class=\"vermelho\"><img loading=\"lazy\" decoding=\"async\" src=\"https:\/\/www.ufmg.br\/dti\/wp-content\/uploads\/imgs\/tudo_pixel.gif\" width=\"1\" height=\"1\" alt=\"\" border=\"0\"><\/td>\n<\/tr>\n<tr>\n<td class=\"vermelho\" colspan=\"5\"><img loading=\"lazy\" decoding=\"async\" src=\"https:\/\/www.ufmg.br\/dti\/wp-content\/uploads\/imgs\/tudo_pixel.gif\" width=\"1\" height=\"1\" alt=\"\" border=\"0\"><\/td>\n<\/tr>\n<\/table>\n<p> <!-- fim tabela ha 20 anos --><\/div>\n<p><a name='eventos'><\/a><\/p>\n<h4>Eventos<\/h4>\n<div class=\"centro-sistematico\">  <!-- noticias --> <\/p>\n<table border=\"0\" cellspacing=\"0\" cellpadding=\"0\">\n<tr>\n<td><\/td>\n<td><\/td>\n<\/tr>\n<tr>\n<td align=\"LEFT\" valign=\"TOP\"><\/td>\n<td align=\"LEFT\" valign=\"TOP\">\n<p><a name=\"aeventos2\" id=\"2\"><span class=\"titulo\">SOCIAIS<\/span><\/a><\/p>\n<p align=\"justify\" class=\"texto\"><strong>ANIVERS&Aacute;RIOS: <\/strong><em>&#8220;O      Sistem&aacute;tico&#8221; envia os parab&eacute;ns para Maria Auxiliadora      dos Santos, hoje, dia 12; Marcelo Novaes Machado, no dia 14; e Thomas      Rodrigues Thorun, no dia 17. Os parab&eacute;ns para os ex-ceconianos:      David Lan Kwai Pan, no dia 16; Iza&iacute;as Marques de Oliveira, no      dia 17; Heitor Mota Belis&aacute;rio de Moraes e Peterson William Bueno      de Oliveira, no dia 18.<\/em><\/p>\n<p><span class=\"texto\"><\/span><\/p>\n<p align=\"justify\">&nbsp; <\/p>\n<p>    <span class=\"texto\"><\/span><\/td>\n<\/tr>\n<tr>\n<td align=\"LEFT\" valign=\"TOP\"><\/td>\n<td align=\"LEFT\" valign=\"TOP\">\n<p><a name=\"aeventos2\" id=\"2\"><span class=\"titulo\">MEM&Oacute;RIA      FOTOGR&Aacute;FICA DO CECOM<\/span><\/a><\/p>\n<p align=\"justify\" class=\"texto\">As fotos desta semana foram tiradas por      Caroline Mitsuko durante a aula inaugural do M&oacute;dulo de L&iacute;ngua      Inglesa do Curso Instrumental de L&iacute;nguas, na &uacute;ltima segunda-feira,      dia 09, no Audit&oacute;rio da Copeve.<\/p>\n<p align=\"center\" class=\"texto\"><img loading=\"lazy\" decoding=\"async\" src=\"https:\/\/www.ufmg.br\/dti\/wp-content\/uploads\/fotos\/12_08_10\/professores.jpg\" width=\"350\" height=\"246\"><br \/>     <em><font face=\"1\">Profa. J&uacute;nia      e prof. Marcos<\/font><\/em><\/p>\n<p align=\"center\" class=\"texto\"><em><font face=\"1\"><img loading=\"lazy\" decoding=\"async\" src=\"https:\/\/www.ufmg.br\/dti\/wp-content\/uploads\/fotos\/12_08_10\/alunos5.jpg\" width=\"350\" height=\"263\"><br \/>     Jos&eacute; Eug&ecirc;nio, Pedro Begalli, Carolina Diniz, Nilson, Jefferson      e M&aacute;rcia Martins<\/font><\/em><\/p>\n<p align=\"center\" class=\"texto\"><em><font face=\"1\"><img loading=\"lazy\" decoding=\"async\" src=\"https:\/\/www.ufmg.br\/dti\/wp-content\/uploads\/fotos\/12_08_10\/alunos2.jpg\" width=\"450\" height=\"203\"><\/font><\/em><em><font face=\"1\"><br \/>     R uth, Beth Bastos, Ana Motta, Vicentina, Helena, Takeda, Eliane e Cristina      Andrade <\/font><\/em><\/p>\n<p align=\"center\" class=\"texto\"><em><font face=\"1\"><img loading=\"lazy\" decoding=\"async\" src=\"https:\/\/www.ufmg.br\/dti\/wp-content\/uploads\/fotos\/12_08_10\/turma5.jpg\" width=\"350\" height=\"330\"><br \/>     Os analistas do LCC: Alex, Lucas, Karina e Walison<\/font><\/em><\/p>\n<p align=\"center\" class=\"texto\"><em><font face=\"1\"><img loading=\"lazy\" decoding=\"async\" src=\"https:\/\/www.ufmg.br\/dti\/wp-content\/uploads\/fotos\/12_08_10\/turma1.jpg\" width=\"400\" height=\"218\"><br \/>     Em primeiro plano: Ana L&uacute;cia Diniz e Jo&atilde;o Carlos<\/font><\/em><\/p>\n<p><span class=\"texto\"><\/span><\/p>\n<p align=\"justify\">&nbsp; <\/p>\n<p>    <span class=\"texto\"><\/span><\/td>\n<\/tr>\n<p>  <!-- #BeginEditable \"materias\" --> <!-- #EndEditable -->  <\/table>\n<\/div>\n","protected":false},"excerpt":{"rendered":"<p>Not\u00edcias CECOM EXPANDE REDE WIRELESS DA REITORIA CECOM D&Aacute; IN&Iacute;CIO AO SEGUNDO M&Oacute;DULO DO CURSO DE CAPACITA&Ccedil;&Atilde;O 2010 PUBLICADA A APOSENTADORIA DE ELIZABETH CLEMENTINO AVALIA&Ccedil;&Atilde;O DO DESEMPENHO DE SERVIDORES DEVE SER FEITA AT&Eacute; AMANH&Atilde; Informativo DICAS DE SITES INTERESSANTES UFMG DIVULGA RESULTADO DE ISEN&Ccedil;&Atilde;O DA INSCRI&Ccedil;&Atilde;O NO VESTIBULAR 2011 VISITA CURIOSA H\u00e1 20 anos&#8230; Eventos &#8230; <a title=\"Sistem\u00e1tico: Edi\u00e7\u00e3o 1481 &#8211; 12\/08\/2010\" class=\"read-more\" href=\"https:\/\/www.ufmg.br\/dti\/2010\/08\/12\/sistematico-edicao-1481-12082010\/\" aria-label=\"Read more about Sistem\u00e1tico: Edi\u00e7\u00e3o 1481 &#8211; 12\/08\/2010\">Ler mais<\/a><\/p>\n","protected":false},"author":3,"featured_media":0,"comment_status":"open","ping_status":"open","sticky":false,"template":"","format":"standard","meta":{"inline_featured_image":false,"footnotes":""},"categories":[13],"tags":[],"coauthors":[79],"class_list":["post-1147","post","type-post","status-publish","format-standard","hentry","category-sistematico"],"_links":{"self":[{"href":"https:\/\/www.ufmg.br\/dti\/wp-json\/wp\/v2\/posts\/1147","targetHints":{"allow":["GET"]}}],"collection":[{"href":"https:\/\/www.ufmg.br\/dti\/wp-json\/wp\/v2\/posts"}],"about":[{"href":"https:\/\/www.ufmg.br\/dti\/wp-json\/wp\/v2\/types\/post"}],"author":[{"embeddable":true,"href":"https:\/\/www.ufmg.br\/dti\/wp-json\/wp\/v2\/users\/3"}],"replies":[{"embeddable":true,"href":"https:\/\/www.ufmg.br\/dti\/wp-json\/wp\/v2\/comments?post=1147"}],"version-history":[{"count":0,"href":"https:\/\/www.ufmg.br\/dti\/wp-json\/wp\/v2\/posts\/1147\/revisions"}],"wp:attachment":[{"href":"https:\/\/www.ufmg.br\/dti\/wp-json\/wp\/v2\/media?parent=1147"}],"wp:term":[{"taxonomy":"category","embeddable":true,"href":"https:\/\/www.ufmg.br\/dti\/wp-json\/wp\/v2\/categories?post=1147"},{"taxonomy":"post_tag","embeddable":true,"href":"https:\/\/www.ufmg.br\/dti\/wp-json\/wp\/v2\/tags?post=1147"},{"taxonomy":"author","embeddable":true,"href":"https:\/\/www.ufmg.br\/dti\/wp-json\/wp\/v2\/coauthors?post=1147"}],"curies":[{"name":"wp","href":"https:\/\/api.w.org\/{rel}","templated":true}]}}