{"id":1300,"date":"2007-03-15T08:00:00","date_gmt":"2007-03-15T08:00:00","guid":{"rendered":"https:\/\/www.ufmg.br\/dti\/cecom\/?p=1300"},"modified":"2007-03-15T08:00:00","modified_gmt":"2007-03-15T08:00:00","slug":"sistematico-edicao-1327-15032007","status":"publish","type":"post","link":"https:\/\/www.ufmg.br\/dti\/2007\/03\/15\/sistematico-edicao-1327-15032007\/","title":{"rendered":"Sistem\u00e1tico: Edi\u00e7\u00e3o 1327 &#8211; 15\/03\/2007"},"content":{"rendered":"<ul>\n<li><a href=\"\/dti\/#noticias\">Not\u00edcias<\/a>\n<div class='submenuSistematico'>\n<ul>\n<li><a href=\"\/dti\/#anoticias1\"><span class=\"titulo\">PROJETO     PINGIFES COLETA DADOS PARA O TCU<\/span><\/a><\/li>\n<li><a href=\"\/dti\/#anoticias2\"><span class=\"titulo\">IBM REALIZA     EVENTO EM BH<\/span><\/a><\/li>\n<li><a href=\"\/dti\/#anoticias3\"><span class=\"titulo\">ESTAT&Iacute;STICAS     DE ACESSO DO SERVI&Ccedil;O PROXY HTTP<\/span><\/a><\/li>\n<li><a href=\"\/dti\/#anoticias4\" id=\"4\"><span class=\"titulo\">DCC     PROMOVE CURSO DE PROGRAMA&Ccedil;&Atilde;O JAVA<\/span><\/a><\/li>\n<\/ul>\n<\/div>\n<\/li>\n<li><a href=\"\/dti\/#informativo\">Informativo<\/a>\n<div class='submenuSistematico'>\n<ul>\n<li><a href=\"\/dti\/#ainformativo1\"><span class=\"titulo\">DICAS      DE SITES INTERESSANTES<\/span><br \/>     <\/a><\/li>\n<li><a href=\"\/dti\/#ainformativo2\"><span class=\"titulo\">UFMG DIVULGA     QUINTA CHAMADA DE APROVADOS NO VESTIBULAR 2007<\/span><\/a><\/li>\n<li><a href=\"\/dti\/#ainformativo3\"><span class=\"titulo\">EDITORA UFMG     INAUGURA LIVRARIA EM OURO PRETO<\/span><\/a><\/li>\n<li><a href=\"\/dti\/#ainformativo4\" id=\"4\"><span class=\"titulo\">CAMPANHA     DE VACINA&Ccedil;&Atilde;O CONTRA GRIPE<\/span><\/a><\/li>\n<li><a href=\"\/dti\/#ainformativo5\" id=\"5\"><img loading=\"lazy\" decoding=\"async\" src=\"https:\/\/www.ufmg.br\/dti\/wp-content\/uploads\/imgs\/tudo_pixel.gif\" width=\"1\" height=\"8\" alt=\"\" border=\"0\"><br \/>    <span class=\"titulo\">H\u00e1 20 anos&#8230;<\/span><\/a><\/li>\n<\/ul>\n<\/div>\n<\/li>\n<li><a href=\"\/dti\/#eventos\">Eventos<\/a>\n<div class='submenuSistematico'>\n<ul>\n<li><a href=\"\/dti\/#aeventos1\"><span class=\"titulo\">SOCIAIS<\/span><\/a><\/li>\n<li><a href=\"\/dti\/#aeventos2\"><span class=\"titulo\">MEM&Oacute;RIA     FOTOGR&Aacute;FICA DO CECOM<\/span><\/a><\/li>\n<\/ul>\n<\/div>\n<\/li>\n<\/ul>\n<p> <a name='noticias'><\/a><\/p>\n<h4>Not\u00edcias<\/h4>\n<div class=\"centro-sistematico\">  <!-- noticias --> <\/p>\n<table border=\"0\" cellspacing=\"0\" cellpadding=\"0\">\n<tr>\n<td><\/td>\n<td><\/td>\n<\/tr>\n<p>  <!-- #BeginEditable \"materias\" -->   <\/p>\n<tr>\n<td align=\"LEFT\" valign=\"TOP\"><\/td>\n<td align=\"LEFT\" valign=\"TOP\"> <a name=\"anoticias1\"><span class=\"titulo\">PROJETO     PINGIFES COLETA DADOS PARA O TCU<\/span><\/a> <span class=\"texto\">     <\/p>\n<p>Conforme o Of&iacute;cio n&ordm; 10.381\/2006 do MEC\/SESu, o projeto      PingIFES ser&aacute; utilizado pelo Tribunal de Contas da Uni&atilde;o      (TCU) como mecanismo oficial para coleta de dados das Institui&ccedil;&otilde;es      Federais de Ensino Superior (IFES).<\/p>\n<p>     Para o exerc&iacute;cio 2006, a coleta de dados ocorreu no per&iacute;odo      de 15 de fevereiro a 15 de mar&ccedil;o de 2007, com inser&ccedil;&atilde;o      pelas IFES dos componentes e indicadores referentes ao itens 9.1.1 e      9.1.2.9 de que tratam os ac&oacute;rd&atilde;os n&ordm; 1.043\/2006 &#8211;      TCU &#8211; Plen&aacute;rio de 28\/06\/2006 e n&ordm; 2.167\/2006 &#8211; TCU &#8211; Plen&aacute;rio      de 22\/11\/2006.<\/p>\n<p>     Uma nova estrutura de dados acompanhada de novas vers&otilde;es das      ferramentas de importa&ccedil;&atilde;o e gerenciamento de dados para      suportar a nova demanda de dados foram liberadas pela equipe t&eacute;cnica      do projeto PingIFES. Na UFMG, sob a coordena&ccedil;&atilde;o da profa.      Maria do Carmo Peixoto Lacerda, diretora da Diretoria de Avalia&ccedil;&atilde;o      Institucional, os &oacute;rg&atilde;os PROPLAN, DRCA, DAP e CECOM est&atilde;o      empenhados em fornecer as informa&ccedil;&otilde;es solicitadas, devendo      ocorrer a sua libera&ccedil;&atilde;o para o MEC, via ferramenta PingIFES      Manager, at&eacute; a data de hoje.<\/p>\n<p>    <\/span> <\/td>\n<\/tr>\n<tr>\n<td align=\"LEFT\" valign=\"TOP\"><\/td>\n<td align=\"LEFT\" valign=\"TOP\"> <a name=\"anoticias2\"><span class=\"titulo\">IBM REALIZA     EVENTO EM BH<\/span><\/a> <span class=\"texto\">     <\/p>\n<p>A IBM MG realizou, no &uacute;ltimo dia 13, o evento IBM Roadshow &#8211;      Bossa em BH, no espa&ccedil;o da Casa Bernardi, na Cidade Jardim.<\/p>\n<p>     Com abertura programada para as 8h30, especialistas da pr&oacute;pria      IBM apresentaram palestras sobre SOA (Arquitetura Orientada a Servi&ccedil;os),      Otimiza&ccedil;&atilde;o de Infra-estrutura de TI, Governan&ccedil;a      de TI, Informa&ccedil;&atilde;o como um servi&ccedil;o e Solu&ccedil;&otilde;es      da IBM Internet Security Systems (SS).<\/p>\n<p>     O diretor do CECOM, Carlos Alfeu Furtado da Fonseca, esteve presente      ao evento.<\/p>\n<p>    <\/span> <\/td>\n<\/tr>\n<tr>\n<td align=\"LEFT\" valign=\"TOP\"><\/td>\n<td align=\"LEFT\" valign=\"TOP\"> <a name=\"anoticias3\"><span class=\"titulo\">ESTAT&Iacute;STICAS     DE ACESSO DO SERVI&Ccedil;O PROXY HTTP<\/span><\/a> <span class=\"texto\">     <\/p>\n<p>Desde o m&ecirc;s de agosto\/2006, o CECOM come&ccedil;ou a divulgar      as estat&iacute;sticas de uso do servi&ccedil;o de proxy HTTP da UFMG,      que permite o acesso, de fora da Rede UFMG, a sites n&atilde;o p&uacute;blicos,      como &eacute; o caso dos apontados pelo Portal CAPES. O uso do proxy      da UFMG por computadores externos s&oacute; &eacute; permitido atrav&eacute;s      de autentica&ccedil;&atilde;o, j&aacute; que s&oacute; podem fazer uso      deste servi&ccedil;o pessoas que fa&ccedil;am parte da comunidade universit&aacute;ria.      Para isso, &eacute; necess&aacute;rio que os usu&aacute;rios tenham      cadastro no minhaUFMG. As instru&ccedil;&otilde;es necess&aacute;rias      para uso do proxy est&atilde;o dispon&iacute;veis no menu &#8220;Servi&ccedil;os&#8221;,      op&ccedil;&atilde;o Intranet e Extranet, no site do CECOM em <a href=\"https:\/\/www.ufmg.br\/dti\/cecom\/\">sites-hml.dti.ufmg.br\/dti\/cecom<\/a>,      ou diretamente no endere&ccedil;o <a href=\"\/dti\/proxy\">proxy<\/a>.<\/p>\n<p>     At&eacute; o dia 28 de fevereiro\/2007, foram registrados 1.699 usu&aacute;rios      diferentes acessando o sistema, desde que ele foi implantado no in&iacute;cio      de abril\/2006.<\/p>\n<p>     O gr&aacute;fico abaixo, com o total de registros mensais de acesso,      mostra como o servi&ccedil;o tem sido atraente para a comunidade acad&ecirc;mica.     <\/p>\n<p align=\"center\"><img decoding=\"async\" src=\"https:\/\/www.ufmg.br\/dti\/wp-content\/uploads\/fotos\/15_03\/proxy_fev07.jpg\" height=\"323\"><\/p>\n<p>&nbsp; <\/p>\n<p>    <\/span> <\/td>\n<\/tr>\n<tr>\n<td align=\"LEFT\" valign=\"TOP\"><\/td>\n<td align=\"LEFT\" valign=\"TOP\"> <a name=\"anoticias4\" id=\"4\"><span class=\"titulo\">DCC     PROMOVE CURSO DE PROGRAMA&Ccedil;&Atilde;O JAVA<\/span><\/a> <span class=\"texto\">     <\/p>\n<p>No per&iacute;odo de 19 de mar&ccedil;o a 04 de maio\/2007, o Depto.      de Ci&ecirc;ncia da Computa&ccedil;&atilde;o estar&aacute; promovendo      o curso Introdu&ccedil;&atilde;o &agrave; Programa&ccedil;&atilde;o      Java (a dist&acirc;ncia), destinado a usu&aacute;rios de computadores      fluentes em opera&ccedil;&otilde;es elementares e uso de aplica&ccedil;&otilde;es      como editores de texto, navegadores e gerenciadores de arquivos, usu&aacute;rios      de editores de texto e planilhas eletr&ocirc;nicas, desenvolvedores      Web (web designers), programadores iniciantes e programadores em linguagem      de script.<\/p>\n<p>     Atrav&eacute;s de bolsas concedidas pelo DCC, os funcion&aacute;rios      do CECOM L&iacute;sia Rocio de Abreu (DAS) e Eug&ecirc;nio Pacelli Pereira      de Souza (DAC), estar&atilde;o participando do curso de extens&atilde;o      a dist&acirc;ncia.<\/p>\n<p>&nbsp;<\/p>\n<p>    <\/p>\n<p>    <\/span><\/td>\n<\/tr>\n<p>  <!-- #EndEditable -->  <\/table>\n<p> <!-- fim noticias --><\/div>\n<p><a name='informativo'><\/a><\/p>\n<h4>Informativo<\/h4>\n<div class=\"centro-sistematico\">  <!-- noticias --> <\/p>\n<table border=\"0\" cellspacing=\"0\" cellpadding=\"0\">\n<tr>\n<td><\/td>\n<td><\/td>\n<\/tr>\n<p>  <!-- #BeginEditable \"materias\" -->   <\/p>\n<tr>\n<td align=\"LEFT\" valign=\"TOP\"><\/td>\n<td align=\"LEFT\" valign=\"TOP\">\n<p><a name=\"ainformativo1\"><span class=\"titulo\">DICAS      DE SITES INTERESSANTES<\/span><br \/>     <\/a> <img loading=\"lazy\" decoding=\"async\" src=\"https:\/\/www.ufmg.br\/dti\/wp-content\/uploads\/imgs\/tudo_pixel.gif\" width=\"1\" height=\"20\" alt=\"\" border=\"0\"><br \/>     <span class=\"texto\"> Adyrus, o ca&ccedil;ador de sites, enviou as seguintes      dicas:<\/p>\n<p>     &#8211; Um site muito legal feito em flash para voc&ecirc; fazer as suas pesquisas      &eacute; o Ms. Dewey, no endere&ccedil;o <a href=\"http:\/\/msdewey.com\/\">http:\/\/msdewey.com\/<\/a>.      Apesar de ser em Ingl&ecirc;s &eacute; uma pesquisa divertida onde Ms.      Dewey conversa com o usu&aacute;rio, l&ecirc; revista e faz gestos.      Caso demore a fazer a pesquisa, ela solta um &#8220;hello&#8221; para      voc&ecirc; iniciar a pesquisa. Se a p&aacute;gina inicial p&aacute;ra      de carregar, &eacute; s&oacute; clicar na m&atilde;o da Ms. Dewey. &Eacute;      muito divertido!!<\/p>\n<p>     &#8211; Para quem gosta de soltar a voz e aprender as letras das m&uacute;sicas      certinhas para sair cantarolando, vai uma dica como o Morkol (<a href=\"http:\/\/www.morkol.com\/\">http:\/\/www.morkol.com\/<\/a>).      Com letras de A a Z, voc&ecirc; encontrar&aacute; m&uacute;sicas em      espanhol e ingl&ecirc;s. Os v&iacute;deos s&atilde;o do Youtube. com.      Vale a pena conferir e cantar.<\/p>\n<p>     &#8211; InterNey Blogs (<a href=\"http:\/\/www.interney.net\/blogs\/\">http:\/\/www.interney.net\/blogs\/<\/a>)      &eacute; um portal de blogs que nasceu a partir de uma conversa que      durou uma madrugada inteira, realizada ao redor de uma mesa na Galeria      dos P&atilde;es (melhor caf&eacute; da manh&atilde; de S&atilde;o Paulo)      entre os comparsas Edney Souza, Alexandre Inagaki, Andr&eacute; Rosa      de Oliveira e Ian Black. O IB surge com o objetivo de congregar alguns      dos melhores blogueiros brasileiros em torno de um modesto ideal: conquistar      o mundo, a come&ccedil;ar pelos territ&oacute;rios de Omsk, Vladivostok,      Dudinka e Vancouver.<\/p>\n<p>     &#8211; Jornal da Poesia &eacute; uma id&eacute;ia muito interessante que      vai inspirar outros conhecedores da poesia a escrever em blogs ou sites      sobre os poetas que encantam o mundo com seus versos. Vale a pena conferir      no endere&ccedil;o <a href=\"http:\/\/www.jornaldepoesia.jor.br\/\">http:\/\/www.jornaldepoesia.jor.br\/<\/a>.<\/p>\n<p>     &#8211; Designer de interiores &eacute; um blog muito especial para quem quer      dicas de decora&ccedil;&atilde;o para sua casa, s&iacute;tio etc. Se      vai reformar, d&ecirc; uma passadinha neste blog (<a href=\"http:\/\/www.m4interiores.com.br\/blog\/\">http:\/\/www.m4interiores.com.br\/blog\/<\/a>)      e veja algumas id&eacute;ias legais.<\/p>\n<p>     &#8211; &#8220;Como construir uma casa? Por onde come&ccedil;ar a constru&ccedil;&atilde;o?      Como n&atilde;o encontramos as respostas para essas e outras perguntas,      resolvemos compartilhar nossa experi&ecirc;ncia e apresentar todos os      passos da constru&ccedil;&atilde;o de uma casa em <a href=\"http:\/\/www.obraviva.com.br\/\">http:\/\/www.obraviva.com.br\/<\/a>&#8221;.<\/p>\n<p>     &#8211; D&ecirc; umas boas risadas com Snowball. &Eacute; um cara descendo      a ladeira, trope&ccedil;a, cai no ch&atilde;o, sai rolando e agrega      tudo e todos que est&atilde;o na frente formando aquela bola gigante.      Muito divertido. Ent&atilde;o, v&aacute; at&eacute; <a href=\"http:\/\/www.youtube.com\/watch?v=6SK-bcWCU8w\">http:\/\/www.youtube.com\/watch?v=6SK-bcWCU8w<\/a>.<\/p>\n<p>     &#8211; A McAfee elaborou um programa &#8211; o Site Advisor -, que testa a Web      e diz para n&oacute;s se aquele site que estamos visitando possui ou      n&atilde;o seguran&ccedil;a. Isso &eacute; interessante para que voc&ecirc;      fique seguro das amea&ccedil;as on-line. Acesse <a href=\"http:\/\/www.siteadvisor.com\/\">http:\/\/www.siteadvisor.com\/<\/a>      e fa&ccedil;a o download do software.<\/p>\n<p>     Dicas do Bruno, da DAA:<\/p>\n<p>     &#8211; Essa dica vai para quem est&aacute; procurando uma oportunidade de      est&aacute;gio. Existe um portal, chamado Estagionet, que busca integrar      jovens profissionais e as empresas. Cadastre-se e procure a sua vaga      de est&aacute;gio, acessando <a href=\"http:\/\/www.estagionet.com.br\/\">http:\/\/www.estagionet.com.br\/<\/a>      . E boa sorte!<\/p>\n<p>     &#8211; Se voc&ecirc; gosta de ficar sabendo das not&iacute;cias de bandas      alternativas (aquelas que n&atilde;o est&atilde;o na grande m&iacute;dia),      acesse <a href=\"http:\/\/www.bandasdegaragem.com.br\/\">www.bandasdegaragem.com.br<\/a>      e fique por dentro do circuito alternativo.<\/p>\n<p>     &#8211; Se voc&ecirc; gosta de anima&ccedil;&otilde;es em flash, este &eacute;      o seu lugar. Conhe&ccedil;a o Flash Portal, um site que possui uma grande      quantidade de anima&ccedil;&otilde;es em formato flash. S&atilde;o anima&ccedil;&otilde;es      que englobam at&eacute; personagens de video-games, como Mario e Luigi.      Acesse <a href=\"http:\/\/www.flashportal.com\/\">http:\/\/www.flashportal.com\/<\/a>      .<\/p>\n<p>     &#8211; O Brasil Wiki &eacute; um site diferente. &Eacute; um portal de not&iacute;cias      que s&atilde;o produzidas pelas pr&oacute;prias pessoas que o visitam.      Funciona mais ou menos no formato da Wikip&eacute;dia, onde todos participam      na constru&ccedil;&atilde;o do portal. Acesse <a href=\"http:\/\/www.brasilwiki.com.br\/\">http:\/\/www.brasilwiki.com.br<\/a>.<\/p>\n<p>     &#8211; Paulo Henrique Amorim &eacute;, de fato, um dos jornalistas mais conhecidos      do pa&iacute;s. Ap&oacute;s sua sa&iacute;da da televis&atilde;o, resolveu      ele montar um &#8220;blog&#8221;. Agora, todos aqueles que gostam do      seu estilo jornal&iacute;stico podem acompanh&aacute;-lo diariamente.      Acesse <a href=\"http:\/\/conversa-afiada.ig.com.br\/\">http:\/\/conversa-afiada.ig.com.br\/<\/a>      .<\/p>\n<p>     &#8211; O Jovem Nerd nasceu como um blog em 2002 para divertir os amigos.      Com o tempo, o boca-a-boca transformou-o em site. Com um p&uacute;blico      fiel cada vez maior, o Jovem Nerd cresceu a passos largos e hoje est&aacute;      hospedado no iG, fazendo a festa de muitos nerds brasileiros. Acesse      <a href=\"http:\/\/jovemnerd.ig.com.br\/\">http:\/\/jovemnerd.ig.com.br\/<\/a>      .<\/span><\/p>\n<p><span class=\"texto\"><br \/>     <\/span>    <\/p>\n<\/td>\n<\/tr>\n<tr>\n<td align=\"LEFT\" valign=\"TOP\"><\/td>\n<td align=\"LEFT\" valign=\"TOP\"><a name=\"ainformativo2\"><span class=\"titulo\">UFMG DIVULGA     QUINTA CHAMADA DE APROVADOS NO VESTIBULAR 2007<\/span><\/a> <span class=\"texto\">     <\/p>\n<p>O Departamento de Registro e Controle Acad&ecirc;mico (DRCA) acaba      de publicar edital com o nome dos aprovados na quinta chamada do Vestibular      2007 da UFMG. Os candidatos excedentes, para os cursos de F&iacute;sica      (noturno) e Geologia, precisam realizar registro acad&ecirc;mico e matr&iacute;cula,      para entrada ainda neste primeiro semestre letivo, nesta sexta-feira,      16 de mar&ccedil;o. Para tal, devem se dirigir ao pr&eacute;dio da Reitoria      da Universidade, no campus Pampulha, de 9h &agrave;s 11h, e de 13h &agrave;s      16h.<\/p>\n<p>(Fonte: <a href=\"http:\/\/www.ufmg.br\/online\/arquivos\/005323.shtml\">http:\/\/www.ufmg.br\/online\/arquivos\/005323.shtml<\/a>      &#8211; 15 de mar&ccedil;o\/2007)     <\/p>\n<p>    <\/span> <\/td>\n<\/tr>\n<tr>\n<td align=\"LEFT\" valign=\"TOP\"><\/td>\n<td align=\"LEFT\" valign=\"TOP\"><a name=\"ainformativo3\"><span class=\"titulo\">EDITORA UFMG     INAUGURA LIVRARIA EM OURO PRETO<\/span><\/a> <span class=\"texto\">     <\/p>\n<p>A Editora UFMG inaugurou nesta quarta-feira, 14, nova livraria em Ouro      Preto. A loja, instalada na Casa de Gonzaga e tombada pelo patrim&ocirc;nio      hist&oacute;rico, est&aacute; localizada em frente &agrave; Igreja S&atilde;o      Francisco de Assis, uma das &aacute;reas preferenciais de visita&ccedil;&atilde;o      tur&iacute;stica. Contando com com cerca de 30 metros quadrados , o      pr&eacute;dio do s&eacute;culo 18, onde viveu o poeta Tomaz Ant&ocirc;nio      Gonzaga, tem acesso direto &agrave; rua. <\/p>\n<p>     O empreendimento &eacute; uma parceria entre a Editora UFMG e a Prefeitura      de Ouro Preto, que cedeu o espa&ccedil;o e a infra-estrutura de apoio      da Casa de Gonzaga. Em contrapartida, a UFMG est&aacute; se responsabilizando      pela montagem, gerenciamento e opera&ccedil;&atilde;o da livraria, com      acervo atual e diversificado de livros de seu cat&aacute;logo, das editoras      universit&aacute;rias e demais editoras.<\/p>\n<p>     A Editora da Universidade far&aacute;, ainda, a doa&ccedil;&atilde;o      de 30 t&iacute;tulos, por ano, para a biblioteca da cidade. Estudantes      da Universidade Federal de Ouro preto (Ufop) foram contratados para      atuar na livraria. <\/p>\n<p>     <strong> Enriquecimento <\/strong>&#8211; Para a nova loja, foi elaborado projeto      arquitet&ocirc;nico que valoriza a edifica&ccedil;&atilde;o, reunindo      elementos hist&oacute;ricos, caracter&iacute;sticos da cidade, a outros      mais contempor&acirc;neos. A livraria oferecer&aacute; grande variedade      de t&iacute;tulos, entre romance, poesia, biografia, hist&oacute;ria,      arte e ensaios, de autores nacionais e estrangeiros, al&eacute;m de      livros de interesse universit&aacute;rio.<\/p>\n<p>     Para tanto, o acervo foi especialmente selecionado, considerando inclusive      as bibliografias dos cursos da Universidade Federal de Ouro Preto (Ufop).      O conjunto cobre as diversas &aacute;reas do conhecimento como artes,      ci&ecirc;ncias humanas e sociais, teoria e cr&iacute;tica liter&aacute;ria,      estudos culturais, entre outras.<\/p>\n<p> (Fonte: <a href=\"http:\/\/www.ufmg.br\/online\/arquivos\/005276.shtml\">http:\/\/www.ufmg.br\/online\/arquivos\/005276.shtml<\/a>      &#8211; 14 de mar&ccedil;o\/2007)<\/p>\n<p>    <\/span><\/td>\n<\/tr>\n<tr>\n<td align=\"LEFT\" valign=\"TOP\"><\/td>\n<td align=\"LEFT\" valign=\"TOP\"><a name=\"ainformativo4\" id=\"4\"><span class=\"titulo\">CAMPANHA     DE VACINA&Ccedil;&Atilde;O CONTRA GRIPE<\/span><\/a> <span class=\"texto\">     <\/p>\n<p align=\"center\"><img loading=\"lazy\" decoding=\"async\" src=\"https:\/\/www.ufmg.br\/dti\/wp-content\/uploads\/fotos\/15_03\/vacinacao.jpg\" width=\"436\" height=\"595\"><\/p>\n<p>    <\/span> <\/p>\n<p>&nbsp;<\/p>\n<p><span class=\"texto\"><br \/>     <\/span>    <\/p>\n<\/td>\n<\/tr>\n<p>  <!-- #EndEditable -->  <\/table>\n<p> <!-- fim noticias --> <!-- tabela ha 20 anos --> <\/p>\n<table border=\"0\" cellspacing=\"0\" cellpadding=\"0\" class=\"cinza\">\n<tr>\n<td><img loading=\"lazy\" decoding=\"async\" src=\"https:\/\/www.ufmg.br\/dti\/wp-content\/uploads\/imgs\/tudo_pixel.gif\" width=\"1\" height=\"1\" alt=\"\" border=\"0\"><\/td>\n<td><img loading=\"lazy\" decoding=\"async\" src=\"https:\/\/www.ufmg.br\/dti\/wp-content\/uploads\/imgs\/tudo_pixel.gif\" width=\"19\" height=\"1\" alt=\"\" border=\"0\"><\/td>\n<td><img loading=\"lazy\" decoding=\"async\" src=\"https:\/\/www.ufmg.br\/dti\/wp-content\/uploads\/imgs\/tudo_pixel.gif\" width=\"510\" height=\"1\" alt=\"\" border=\"0\"><\/td>\n<td><img loading=\"lazy\" decoding=\"async\" src=\"https:\/\/www.ufmg.br\/dti\/wp-content\/uploads\/imgs\/tudo_pixel.gif\" width=\"19\" height=\"1\" alt=\"\" border=\"0\"><\/td>\n<td><img loading=\"lazy\" decoding=\"async\" src=\"https:\/\/www.ufmg.br\/dti\/wp-content\/uploads\/imgs\/tudo_pixel.gif\" width=\"1\" height=\"1\" alt=\"\" border=\"0\"><\/td>\n<\/tr>\n<tr>\n<td class=\"vermelho\" colspan=\"5\"><img loading=\"lazy\" decoding=\"async\" src=\"https:\/\/www.ufmg.br\/dti\/wp-content\/uploads\/imgs\/tudo_pixel.gif\" width=\"1\" height=\"1\" alt=\"\" border=\"0\"><\/td>\n<\/tr>\n<tr>\n<td class=\"vermelho\"><img loading=\"lazy\" decoding=\"async\" src=\"https:\/\/www.ufmg.br\/dti\/wp-content\/uploads\/imgs\/tudo_pixel.gif\" width=\"1\" height=\"1\" alt=\"\" border=\"0\"><\/td>\n<td><img loading=\"lazy\" decoding=\"async\" src=\"https:\/\/www.ufmg.br\/dti\/wp-content\/uploads\/imgs\/tudo_pixel.gif\" width=\"1\" height=\"1\" alt=\"\" border=\"0\"><\/td>\n<td align=\"LEFT\" valign=\"TOP\"><!-- #BeginEditable \"ha 20 anos\" --><a name=\"ainformativo5\" id=\"5\"><img loading=\"lazy\" decoding=\"async\" src=\"https:\/\/www.ufmg.br\/dti\/wp-content\/uploads\/imgs\/tudo_pixel.gif\" width=\"1\" height=\"8\" alt=\"\" border=\"0\"><br \/>    <span class=\"titulo\">H\u00e1 20 anos&#8230;<\/span><\/a> <span class=\"texto\">     <\/p>\n<p>O Sistem&aacute;tico Ano XI, no 10, de 19\/03\/1987, publicou not&iacute;cias      sobre material do A9, VII Congresso da Sociedade Brasileira de Computa&ccedil;&atilde;o,      5o Simp&oacute;sio Brasileiro de Redes de Computadores, VI Concurso      de Trabalho de Inicia&ccedil;&atilde;o Cient&iacute;fica, entre outras.      As not&iacute;cias que se destacaram foram:<\/p>\n<p><strong>VISITA AO CECOM<\/strong><br \/>     <font face=\"1\">O Centro de Computa&ccedil;&atilde;o recebeu a visita,      no &uacute;ltimo dia 17, de 24 alunos do 8o per&iacute;odo do curso      de Administra&ccedil;&atilde;o de Empresas do Instituto Cultural Newton      de Paiva Ferreira. Os alunos, acompanhados do professor da cadeira Processamento      de Dados, Walter Guerra, visitaram todas as instala&ccedil;&otilde;es      do subsolo.<\/font><\/p>\n<p><strong>SA&Iacute;DA DO CECOM<\/strong><br \/>     <font face=\"1\">Luiz Flaviano dos Santos pediu demiss&atilde;o do quadro      do Centro de Computa&ccedil;&atilde;o.<br \/>     Ele entrou para o CECOM como bolsista em setembro de 1984. Em julho      de 1985, foi contratado pela UFMG como programador, atuando sempre na      Divis&atilde;o de Desenvolvimento de Sistemas onde permaneceu at&eacute;      a sua sa&iacute;da.<\/font><\/p>\n<p><strong>CURSO DE CP\/M-WSP<\/strong><br \/>     <font face=\"1\">Vai ser realizado, no per&iacute;odo de 23 a 27 de mar&ccedil;o,      no CECOM, um curso de CP\/M &#8211; WSP com o objetivo de treinar funcion&aacute;rios      da DAA, DNC e DDS.<br \/>     O curso ser&aacute; ministrado pelo analista R&ocirc;mulo Chaves Mendes,      do Setor de Apoio ao Usu&aacute;rio (Divis&atilde;o de Suporte T&eacute;cnico),      e as aulas est&atilde;o marcadas para o hor&aacute;rio de 14h &agrave;s      16h, na Sala de Aulas do 8o andar.<\/font><\/p>\n<p>    <\/span><!-- #EndEditable --><br \/>     <img loading=\"lazy\" decoding=\"async\" src=\"https:\/\/www.ufmg.br\/dti\/wp-content\/uploads\/imgs\/tudo_pixel.gif\" width=\"1\" height=\"8\" alt=\"\" border=\"0\"><\/td>\n<td><img loading=\"lazy\" decoding=\"async\" src=\"https:\/\/www.ufmg.br\/dti\/wp-content\/uploads\/imgs\/tudo_pixel.gif\" width=\"1\" height=\"1\" alt=\"\" border=\"0\"><\/td>\n<td class=\"vermelho\"><img loading=\"lazy\" decoding=\"async\" src=\"https:\/\/www.ufmg.br\/dti\/wp-content\/uploads\/imgs\/tudo_pixel.gif\" width=\"1\" height=\"1\" alt=\"\" border=\"0\"><\/td>\n<\/tr>\n<tr>\n<td class=\"vermelho\" colspan=\"5\"><img loading=\"lazy\" decoding=\"async\" src=\"https:\/\/www.ufmg.br\/dti\/wp-content\/uploads\/imgs\/tudo_pixel.gif\" width=\"1\" height=\"1\" alt=\"\" border=\"0\"><\/td>\n<\/tr>\n<\/table>\n<p> <!-- fim tabela ha 20 anos --><\/div>\n<p><a name='eventos'><\/a><\/p>\n<h4>Eventos<\/h4>\n<div class=\"centro-sistematico\">  <!-- noticias --> <\/p>\n<table border=\"0\" cellspacing=\"0\" cellpadding=\"0\">\n<tr>\n<td><\/td>\n<td><\/td>\n<\/tr>\n<p>  <!-- #BeginEditable \"materias\" -->   <\/p>\n<tr>\n<td align=\"LEFT\" valign=\"TOP\"><\/td>\n<td align=\"LEFT\" valign=\"TOP\"> <a name=\"aeventos1\"><span class=\"titulo\">SOCIAIS<\/span><\/a>     <span class=\"texto\">     <\/p>\n<p><strong>ANIVERS&Aacute;RIOS:<\/strong> <em>&#8220;O Sistem&aacute;tico&#8221;      envia os parab&eacute;ns para Michele Marie Ribeiro Perp&eacute;tuo,      no dia 18; Maximiliano Luiz Souza Guimar&atilde;es, no dia 19;M&aacute;rio      Magalh&atilde;es Lara e Emerson Henrique Kfuri Pereira, no dia 22. Os      parab&eacute;ns para os ex-ceconianos: Messias Emanoel Chaves, M&ocirc;nica      Ata&iacute;de Silva e Roberto M&aacute;rcio Ferreira de Souza, no dia      16; Odilon Gon&ccedil;alves de Castro, no dia 17; Rodrigo Torres Assump&ccedil;&atilde;o,      no dia 18; Rafael Alves de Souza, no dia 19; Maria Luciene Diniz Ferreira,      Samuel de Freitas e Gladson de Oliveira, no dia 20. <\/em><\/p>\n<p>    <\/p>\n<p>    <\/span><\/td>\n<\/tr>\n<tr>\n<td align=\"LEFT\" valign=\"TOP\"><\/td>\n<td align=\"LEFT\" valign=\"TOP\"><a name=\"aeventos2\"><span class=\"titulo\">MEM&Oacute;RIA     FOTOGR&Aacute;FICA DO CECOM<\/span><\/a> <span class=\"texto\">     <\/p>\n<p><span class=\"texto\">As mulheres ceconianas tiveram uma surpresa no      Dia das M&atilde;es em 2006. A Reda&ccedil;&atilde;o de O Sistem&aacute;tico      homenageou todas as mulheres do CECOM com fotos, jornal e uma rosa.      N&atilde;o precisa nem falar que foi uma confus&atilde;o, com muitos      risos e abra&ccedil;os. Valeu ver a alegria e a felicidade de todas.      As fotos s&atilde;o de autoria de S&iacute;lvio Bueno.<\/span><\/p>\n<p>    <\/span> <\/p>\n<p align=\"center\"><font face=\"1\"><img decoding=\"async\" src=\"https:\/\/www.ufmg.br\/dti\/wp-content\/uploads\/fotos\/15_03\/mulheres.jpg\" height=\"413\"><br \/>     <\/font><\/p>\n<p align=\"center\"><font face=\"1\"><img loading=\"lazy\" decoding=\"async\" src=\"https:\/\/www.ufmg.br\/dti\/wp-content\/uploads\/fotos\/15_03\/vicentina.jpg\" width=\"413\" height=\"348\"><br \/>     Vicentina, Alda, Bia e Lel&eacute; (de costas)<\/font><\/p>\n<p align=\"center\"><font face=\"1\"><img loading=\"lazy\" decoding=\"async\" src=\"https:\/\/www.ufmg.br\/dti\/wp-content\/uploads\/fotos\/15_03\/beth.jpg\" width=\"450\" height=\"419\"><br \/>     Beth e Lel&eacute;<\/font><\/p>\n<p align=\"center\"><font face=\"1\"><img loading=\"lazy\" decoding=\"async\" src=\"https:\/\/www.ufmg.br\/dti\/wp-content\/uploads\/fotos\/15_03\/denise.jpg\" width=\"359\" height=\"355\"><br \/>     Denise e Lel&eacute;<\/font><\/p>\n<p align=\"center\"><font face=\"1\"><img loading=\"lazy\" decoding=\"async\" src=\"https:\/\/www.ufmg.br\/dti\/wp-content\/uploads\/fotos\/15_03\/edir.jpg\" width=\"326\" height=\"375\"><br \/>     Edir e Lel&eacute;<\/font><\/p>\n<p align=\"center\"><font face=\"1\"><img loading=\"lazy\" decoding=\"async\" src=\"https:\/\/www.ufmg.br\/dti\/wp-content\/uploads\/fotos\/15_03\/marilia.jpg\" width=\"387\" height=\"337\"><br \/>     Mar&iacute;lia e Lel&eacute;<\/font><\/p>\n<p align=\"center\"><font face=\"1\"><img loading=\"lazy\" decoding=\"async\" src=\"https:\/\/www.ufmg.br\/dti\/wp-content\/uploads\/fotos\/15_03\/rosa.jpg\" width=\"500\" height=\"375\"><br \/>     Rosa e Lel&eacute;<\/font><\/p>\n<p align=\"center\"><font face=\"1\"><img loading=\"lazy\" decoding=\"async\" src=\"https:\/\/www.ufmg.br\/dti\/wp-content\/uploads\/fotos\/15_03\/regininha.jpg\" width=\"382\" height=\"375\"><br \/>     Regininha e Lel&eacute;<\/font><\/p>\n<p align=\"center\">&nbsp;<\/p>\n<p align=\"center\">&nbsp;<\/p>\n<p><\/td>\n<\/tr>\n<p>  <!-- #EndEditable -->  <\/table>\n<p> <!-- fim noticias --><\/div>\n","protected":false},"excerpt":{"rendered":"<p>Not\u00edcias PROJETO PINGIFES COLETA DADOS PARA O TCU IBM REALIZA EVENTO EM BH ESTAT&Iacute;STICAS DE ACESSO DO SERVI&Ccedil;O PROXY HTTP DCC PROMOVE CURSO DE PROGRAMA&Ccedil;&Atilde;O JAVA Informativo DICAS DE SITES INTERESSANTES UFMG DIVULGA QUINTA CHAMADA DE APROVADOS NO VESTIBULAR 2007 EDITORA UFMG INAUGURA LIVRARIA EM OURO PRETO CAMPANHA DE VACINA&Ccedil;&Atilde;O CONTRA GRIPE H\u00e1 20 anos&#8230; &#8230; <a title=\"Sistem\u00e1tico: Edi\u00e7\u00e3o 1327 &#8211; 15\/03\/2007\" class=\"read-more\" href=\"https:\/\/www.ufmg.br\/dti\/2007\/03\/15\/sistematico-edicao-1327-15032007\/\" aria-label=\"Read more about Sistem\u00e1tico: Edi\u00e7\u00e3o 1327 &#8211; 15\/03\/2007\">Ler mais<\/a><\/p>\n","protected":false},"author":3,"featured_media":0,"comment_status":"open","ping_status":"open","sticky":false,"template":"","format":"standard","meta":{"inline_featured_image":false,"footnotes":""},"categories":[13],"tags":[],"coauthors":[79],"class_list":["post-1300","post","type-post","status-publish","format-standard","hentry","category-sistematico"],"_links":{"self":[{"href":"https:\/\/www.ufmg.br\/dti\/wp-json\/wp\/v2\/posts\/1300","targetHints":{"allow":["GET"]}}],"collection":[{"href":"https:\/\/www.ufmg.br\/dti\/wp-json\/wp\/v2\/posts"}],"about":[{"href":"https:\/\/www.ufmg.br\/dti\/wp-json\/wp\/v2\/types\/post"}],"author":[{"embeddable":true,"href":"https:\/\/www.ufmg.br\/dti\/wp-json\/wp\/v2\/users\/3"}],"replies":[{"embeddable":true,"href":"https:\/\/www.ufmg.br\/dti\/wp-json\/wp\/v2\/comments?post=1300"}],"version-history":[{"count":0,"href":"https:\/\/www.ufmg.br\/dti\/wp-json\/wp\/v2\/posts\/1300\/revisions"}],"wp:attachment":[{"href":"https:\/\/www.ufmg.br\/dti\/wp-json\/wp\/v2\/media?parent=1300"}],"wp:term":[{"taxonomy":"category","embeddable":true,"href":"https:\/\/www.ufmg.br\/dti\/wp-json\/wp\/v2\/categories?post=1300"},{"taxonomy":"post_tag","embeddable":true,"href":"https:\/\/www.ufmg.br\/dti\/wp-json\/wp\/v2\/tags?post=1300"},{"taxonomy":"author","embeddable":true,"href":"https:\/\/www.ufmg.br\/dti\/wp-json\/wp\/v2\/coauthors?post=1300"}],"curies":[{"name":"wp","href":"https:\/\/api.w.org\/{rel}","templated":true}]}}