{"id":1334,"date":"2006-06-01T08:00:00","date_gmt":"2006-06-01T08:00:00","guid":{"rendered":"https:\/\/www.ufmg.br\/dti\/cecom\/?p=1334"},"modified":"2006-06-01T08:00:00","modified_gmt":"2006-06-01T08:00:00","slug":"sistematico-edicao-1293-01062006","status":"publish","type":"post","link":"https:\/\/www.ufmg.br\/dti\/2006\/06\/01\/sistematico-edicao-1293-01062006\/","title":{"rendered":"Sistem\u00e1tico: Edi\u00e7\u00e3o 1293 &#8211; 01\/06\/2006"},"content":{"rendered":"<ul>\n<li><a href=\"\/dti\/#noticias\">Not\u00edcias<\/a>\n<div class='submenuSistematico'>\n<ul>\n<li><a href=\"\/dti\/#anoticias1\"><span class=\"titulo\">ATI, CECOM     E DRCA VISITAM A PUC PARA VER SISTEMA DE GEST&Atilde;O ACAD&Ecirc;MICA<\/span><\/a><\/li>\n<li><a href=\"\/dti\/#anoticias2\"><span class=\"titulo\">ESCOLAS     DE ENSINO B&Aacute;SICO E PROFISSIONALIZANTE AVALIAR&Atilde;O SOFTWARE<\/span><\/a><\/li>\n<li><a href=\"\/dti\/#anoticias3\"><span class=\"titulo\">DAA REFOR&Ccedil;A     SUA EQUIPE<\/span><\/a><\/li>\n<li><a href=\"\/dti\/#anoticias4\" id=\"4\"><span class=\"titulo\">FUNCION&Aacute;RIO     DA DAC PARTICIPA DE CURSO DA ENAP<\/span><\/a><\/li>\n<\/ul>\n<\/div>\n<\/li>\n<li><a href=\"\/dti\/#informativo\">Informativo<\/a>\n<div class='submenuSistematico'>\n<ul>\n<li><a href=\"\/dti\/#ainformativo1\"><span class=\"titulo\">DICAS DE     SITES INTERESSANTES<\/span><br \/>    <\/a><\/li>\n<li><a href=\"\/dti\/#ainformativo2\"><span class=\"titulo\">CLIPPING     DA PUBLICA&Ccedil;&Atilde;O TI &amp; GOVERNO<\/span><\/a><\/li>\n<li><a href=\"\/dti\/#ainformativo3\"><span class=\"titulo\"><em>FESTIVAL     DE INVERNO DA UFMG<\/em> MUDA FORMATO E PRIVILEGIA INTERATIVIDADE<\/span><\/a><\/li>\n<li><a href=\"\/dti\/#ainformativo4\" id=\"4\"><span class=\"titulo\">OAP     REALIZA MERCADO DE PULGAS NO CAMPUS PAMPULHA<\/span><\/a><\/li>\n<li><a href=\"\/dti\/#ainformativo5\" id=\"5\"><img loading=\"lazy\" decoding=\"async\" src=\"https:\/\/www.ufmg.br\/dti\/wp-content\/uploads\/imgs\/tudo_pixel.gif\" width=\"1\" height=\"8\" alt=\"\" border=\"0\"><br \/>    <span class=\"titulo\">H\u00e1 20 anos&#8230;<\/span><\/a><\/li>\n<\/ul>\n<\/div>\n<\/li>\n<li><a href=\"\/dti\/#eventos\">Eventos<\/a>\n<div class='submenuSistematico'>\n<ul>\n<li><a href=\"\/dti\/#aeventos1\"><span class=\"titulo\">SOCIAIS<\/span><\/a><\/li>\n<li><a href=\"\/dti\/#aeventos2\"><span class=\"titulo\">HAPPY      HOUR JUNINO<\/span><\/a><\/li>\n<li><a href=\"\/dti\/#aeventos3\"><span class=\"titulo\">MEM&Oacute;RIA     FOTOGR&Aacute;FICA DO CECOM<\/span><\/a><\/li>\n<\/ul>\n<\/div>\n<\/li>\n<\/ul>\n<p> <a name='noticias'><\/a><\/p>\n<h4>Not\u00edcias<\/h4>\n<div class=\"centro-sistematico\">  <!-- noticias --> <\/p>\n<table border=\"0\" cellspacing=\"0\" cellpadding=\"0\">\n<tr>\n<td><\/td>\n<td><\/td>\n<\/tr>\n<p>  <!-- #BeginEditable \"materias\" -->   <\/p>\n<tr>\n<td align=\"LEFT\" valign=\"TOP\"><\/td>\n<td align=\"LEFT\" valign=\"TOP\"> <a name=\"anoticias1\"><span class=\"titulo\">ATI, CECOM     E DRCA VISITAM A PUC PARA VER SISTEMA DE GEST&Atilde;O ACAD&Ecirc;MICA<\/span><\/a>     <span class=\"texto\">     <\/p>\n<p>No dia 22\/05, a comiss&atilde;o para especifica&ccedil;&atilde;o do      software do Sistema Acad&ecirc;mico da Gradua&ccedil;&atilde;o, composta      pelo prof. Paulo Fernando Seixas, diretor da ATI; Ana L&uacute;cia Ribeiro      Diniz, diretora do DRCA; e profa. Z&eacute;lia Falc&atilde;o, visitaram      a PUC Minas, para conhecer de perto o sistema de gest&atilde;o acad&ecirc;mica      daquela universidade. Acompanhando a comiss&atilde;o esteve, tamb&eacute;m      presente &agrave; visita, o vice-diretor do CECOM, Gilmar Lima Guimar&atilde;es.<\/p>\n<p>     Na PUC Minas, eles foram recebidos pelo Prof. Eudes Weber Porto, do      Centro de Registros Acad&ecirc;micos. O SGA &#8211; Sistema de Gest&atilde;o      Acad&ecirc;mica &#8211; foi desenvolvido pelo Datapuc &#8211; Centro de Processamento      de Dados da PUC Minas. O Prof. Eudes fez uma apresenta&ccedil;&atilde;o      detalhada do sistema, mostrando as funcionalidades dispon&iacute;veis      para coordenadores de curso, professores e alunos. O foco principal      da apresenta&ccedil;&atilde;o foi no Di&aacute;rio de Classe, que &eacute;      de interesse imediato da comiss&atilde;o da UFMG.<\/p>\n<p>     Ap&oacute;s a apresenta&ccedil;&atilde;o, foi aventada a possibilidade      de um novo encontro, desta feita entre o CECOM e o DATAPUC, para discuss&otilde;es      t&eacute;cnicas sobre o desenvolvimento do software da PUC.    <\/p>\n<p>    <\/span> <\/td>\n<\/tr>\n<tr>\n<td align=\"LEFT\" valign=\"TOP\"><\/td>\n<td align=\"LEFT\" valign=\"TOP\"> <a name=\"anoticias2\"><span class=\"titulo\">ESCOLAS     DE ENSINO B&Aacute;SICO E PROFISSIONALIZANTE AVALIAR&Atilde;O SOFTWARE<\/span><\/a>     <span class=\"texto\">     <\/p>\n<p>Na pr&oacute;xima semana, as escolas da universidade respons&aacute;veis      pelos programas de ensino b&aacute;sico e profissionalizante estar&atilde;o      participando de um programa de treinamento no CECOM, quando avaliar&atilde;o      a nova vers&atilde;o do software Collegium, da empresa CadSoft.<\/p>\n<p>     A Escola Fundamental do Centro Pedag&oacute;gico, o Col&eacute;gio T&eacute;cnico,      o N&uacute;cleo de Ci&ecirc;ncias Agr&aacute;rias e o Teatro Universit&aacute;rio      j&aacute; utilizam uma vers&atilde;o obsoleta deste produto e pretendem      avaliar a viabilidade de sua atualiza&ccedil;&atilde;o. Durante o treinamento      ser&atilde;o avaliadas as funcionalidades do novo software e sua compatibilidade      com os procedimentos de trabalho das escolas.<\/p>\n<p>     O software est&aacute; instalado no CECOM utilizando a mesma infra-estrutura      dos demais sistemas do CECOM desenvolvidos em plataforma Cliente\/Servidor,      ou seja, podendo ser acessado pela Internet, o que permitir&aacute;      que as escolas continuem testando o sistema ap&oacute;s o treinamento      sem depender da instala&ccedil;&atilde;o local do produto.    <\/p>\n<p>    <\/p>\n<p>    <\/span><\/td>\n<\/tr>\n<tr>\n<td align=\"LEFT\" valign=\"TOP\"><\/td>\n<td align=\"LEFT\" valign=\"TOP\"> <a name=\"anoticias3\"><span class=\"titulo\">DAA REFOR&Ccedil;A     SUA EQUIPE<\/span><\/a> <span class=\"texto\">     <\/p>\n<p>Nos &uacute;ltimos anos a Divis&atilde;o de Apoio Administrativo (DAA)      teve suas atividades ampliadas, tanto quantitativamente, como em termos      de complexidade das tarefas. Em contrapartida, a equipe de trabalho      continuou a mesma. Um dos fatores que contribuiu para esse crescimento      foi a absor&ccedil;&atilde;o e reorganiza&ccedil;&atilde;o das atividades      de gest&atilde;o dos servi&ccedil;os de telefonia.<\/p>\n<p>     Ent&atilde;o, para refor&ccedil;ar a equipe, a DAA est&aacute; recebendo      hoje, dia 1o de junho, a funcion&aacute;ria Ana Paula Fonseca de Almeida,      que mostrou interesse em executar novas atividades dentro do CECOM e,      para isso, est&aacute; deixando a DAC &#8211; Divis&atilde;o de Atendimento      e Consultoria.<\/p>\n<p>     Ela vai participar dos trabalhos administrativos referentes &agrave;      gest&atilde;o financeira, envolvendo compras, contratos e pagamentos.<\/p>\n<p>     Ana Paula foi transferida para o CECOM em dezembro de 2003, lotada na      DAC, onde exerceu fun&ccedil;&atilde;o de atendimento aos usu&aacute;rios.      Ela &eacute; funcion&aacute;ria da UFMG desde 1991 e antes de vir para      o CECOM, foi lotada na Pr&oacute;-Reitoria de Recursos Humanos.<\/p>\n<p>     A sa&iacute;da da Ana Paula da DAC abre uma lacuna no servi&ccedil;o      de atendimento aos usu&aacute;rios. Entretanto, em paralelo a isso,      est&atilde;o em andamento estudos para a reorganiza&ccedil;&atilde;o      das atividades de helpdesk realizadas pela ATI, tanto no CECOM, como      no LCC, que podem trazer boas novidades para os usu&aacute;rios nos      pr&oacute;ximos meses.<\/p>\n<p align=\"center\"><img loading=\"lazy\" decoding=\"async\" src=\"https:\/\/www.ufmg.br\/dti\/wp-content\/uploads\/fotos\/01_06\/anapaula.jpg\" width=\"500\" height=\"471\"><\/p>\n<p>&nbsp;<\/p>\n<p>    <\/span> <\/td>\n<\/tr>\n<tr>\n<td align=\"LEFT\" valign=\"TOP\"><\/td>\n<td align=\"LEFT\" valign=\"TOP\"> <a name=\"anoticias4\" id=\"4\"><span class=\"titulo\">FUNCION&Aacute;RIO     DA DAC PARTICIPA DE CURSO DA ENAP<\/span><\/a> <span class=\"texto\">     <\/p>\n<p>A Escola ENAP &#8211; Escola Nacional de Administra&ccedil;&atilde;o P&uacute;blica      oferece diversos cursos e eventos como cursos presenciais, cursos a      dist&acirc;ncia, cursos de especializa&ccedil;&atilde;o, projetos especiais      e de forma&ccedil;&atilde;o de carreiras.<\/p>\n<p>     Na modalidade de ensino a dist&acirc;ncia, ser&aacute; oferecido, de      05\/06 a 26\/06\/2006, o curso <em>Desvendando a Inform&aacute;tica<\/em>,      no qual o funcion&aacute;rio Eug&ecirc;nio Pacelli Pereira de Souza,      da Divis&atilde;o de Atendimento e Consultoria (DAC), est&aacute; matriculado.    <\/p>\n<p>    <\/p>\n<p>    <\/span><\/td>\n<\/tr>\n<p>  <!-- #EndEditable -->  <\/table>\n<p> <!-- fim noticias --><\/div>\n<p><a name='informativo'><\/a><\/p>\n<h4>Informativo<\/h4>\n<div class=\"centro-sistematico\">  <!-- noticias --> <\/p>\n<table border=\"0\" cellspacing=\"0\" cellpadding=\"0\">\n<tr>\n<td><\/td>\n<td><\/td>\n<\/tr>\n<p>  <!-- #BeginEditable \"materias\" -->   <\/p>\n<tr>\n<td align=\"LEFT\" valign=\"TOP\"><\/td>\n<td align=\"LEFT\" valign=\"TOP\"><a name=\"ainformativo1\"><span class=\"titulo\">DICAS DE     SITES INTERESSANTES<\/span><br \/>    <\/a> <img loading=\"lazy\" decoding=\"async\" src=\"https:\/\/www.ufmg.br\/dti\/wp-content\/uploads\/imgs\/tudo_pixel.gif\" width=\"1\" height=\"20\" alt=\"\" border=\"0\"><br \/>     <span class=\"texto\"> Adyrus, o ca&ccedil;ador de sites, enviou as seguintes     dicas:<\/p>\n<p>    &#8211; A Consuelo, da SODS, enviou uma dica interessante para os viajantes.     Antes de uma viagem, a preocupa&ccedil;&atilde;o com o itiner&aacute;rio     &eacute; quase primordial. Rotas, ped&aacute;gios nas estradas, o trajeto     mais curto e o mais longo s&atilde;o fundamentais para cair na estrada.     Ent&atilde;o, aponte seu navegador para a p&aacute;gina em <a href=\"http:\/\/www.maporama.com\/share\/\">http:\/\/www.maporama.com\/share\/<\/a>     e viage pelo mundo. Eu localizei a UFMG neste site Franc&ecirc;s. Indique     o pa&iacute;s, nome da rua ou avenida, n&uacute;mero, estado e cidade     e veja a localiza&ccedil;&atilde;o exata. (V&aacute;rios idiomas) <\/p>\n<p>    &#8211; Conhe&ccedil;a o site do Leia Brasil, que &eacute; uma ONG de promo&ccedil;&atilde;o     da leitura. &#8220;Somos uma ONG especializada no incentivo e promo&ccedil;&atilde;o     da leitura como ferramenta de combate ao analfabetismo funcional. Democratizamos     livros e outros bens culturais por empr&eacute;stimo. Oferecemos cursos,     oficinas e treinamento continuado para educadores, bibliotec&aacute;rios     e outros agentes de leitura.&#8221; O endere&ccedil;o &eacute;: <a href=\"http:\/\/www.leiabrasil.org.br\/\">http:\/\/www.leiabrasil.org.br\/<\/a>.<\/p>\n<p>    &#8211; A Voz do Cidad&atilde;o &eacute; um instituto que tem como objetivo     incentivar, cultivar e difundir a consci&ecirc;ncia e o exerc&iacute;cio     dos direitos civis coletivos e pol&iacute;ticos. Para tal, serve como     porta-voz de grupos de cidad&atilde;os conscientes e que desejam fazer     valer suas justas reivindica&ccedil;&otilde;es, exercer o controle social     sobre a administra&ccedil;&atilde;o p&uacute;blica e a gest&atilde;o empresarial,     e constranger toda sorte de transgress&otilde;es legais admitidas pela     sociedade brasileira, principalmente em face da m&iacute;dia e do aparelho     judici&aacute;rio. Visite o site do Instituto de Cultura da Cidadania     em <a href=\"http:\/\/www.avozdocidadao.com.br\/\">http:\/\/www.avozdocidadao.com.br\/<\/a>.<\/p>\n<p>    &#8211; A ABC (Associa&ccedil;&atilde;o Brasileira do Consumidor) &eacute; uma     ONG (Organiza&ccedil;&atilde;o N&atilde;o Governamental), sem fins lucrativos,     que defende os interesses de pessoas prejudicadas pela pr&aacute;tica     de a&ccedil;&otilde;es ilegais que causam constrangimentos e preju&iacute;zos,     muitas vezes irrepar&aacute;veis. Conhe&ccedil;a a ABC em <a href=\"http:\/\/www.ongabc.org.br\/\">http:\/\/www.ongabc.org.br\/<\/a>.<\/p>\n<p>    &#8211; A ABMH &#8211; Associa&ccedil;&atilde;o Brasileira dos Mutu&aacute;rios da     Habita&ccedil;&atilde;o foi criada e &eacute; mantida por um grupo de     mutu&aacute;rios do SFH que, n&atilde;o ag&uuml;entando mais serem espoliados     pelos famigerados agentes financeiros, recorreram a Justi&ccedil;a para     fazer valer os seus direitos, fazer cumprir o que estava estabelecido     na lei e descrito nos seus contratos. Visite o endere&ccedil;o <a href=\"http:\/\/www.abmh.org\/\">http:\/\/www.abmh.org\/<\/a>.<\/p>\n<p>    &#8211; O programa de moderniza&ccedil;&atilde;o empreendido pelo Arquivo Nacional     rompeu com a imagem de institui&ccedil;&atilde;o arquiv&iacute;stica passiva,     de perfil monol&iacute;tico e centralizador de guarda da documenta&ccedil;&atilde;o     gerada pela m&aacute;quina do Estado, e tornou-se uma institui&ccedil;&atilde;o     moderna, em constante busca de aperfei&ccedil;oamento t&eacute;cnico,     habilitada a fazer face aos seus novos desafios constitucionais e legais.     Saiba mais sobre o Arquivo Nacional em <a href=\"http:\/\/www.arquivonacional.gov.br\/\">http:\/\/www.arquivonacional.gov.br\/<\/a>.<\/p>\n<p>    &#8211; A Associa&ccedil;&atilde;o Nacional Pr&oacute;-Vida e Pr&oacute;-Fam&iacute;lia     &#8211; PROVIDAFAM&Iacute;LIA &#8211; &eacute; uma organiza&ccedil;&atilde;o legalmente     constitu&iacute;da em assembl&eacute;ia geral de 19 de mar&ccedil;o de     1993. Tem seu estatuto registrado no Cart&oacute;rio do 1&deg; Of&iacute;cio     de Registro Civil de T&iacute;tulos e Documentos e Pessoas Jur&iacute;dicas     sob o n&deg; 2.671, no Livro A-4, Protocolado sob o n&deg; 13.904, em     5 de julho de 1993, em Bras&iacute;lia, DF. V&aacute; at&eacute; <a href=\"http:\/\/providafamilia.org\/index.php\">http:\/\/providafamilia.org\/index.php<\/a>.<\/p>\n<p>    &#8211; O Clube das Pulgas &eacute; uma entidade de prote&ccedil;&atilde;o aos     animais, sem fins lucrativos, que desde 1997 vem realizando um amplo trabalho     de esteriliza&ccedil;&atilde;o de animais abandonados e os animais de     pessoas com baixa renda. Visite o site em <br \/>    <a href=\"http:\/\/www.clubedaspulgas.com.br\/\">http:\/\/www.clubedaspulgas.com.br\/<\/a>     e saiba mais sobre o trabalho educativo desenvolvido pelo clube, visando     incentivar a posse respons&aacute;vel. Os membros e volunt&aacute;rios     atuam na recupera&ccedil;&atilde;o e doa&ccedil;&atilde;o de animais sem     lar.<\/p>\n<p>    &#8211; O projeto &#8220;Guiadera&ccedil;as.com.br&#8221; nasceu em meados de     1997. O site dedicava-se exclusivamente &agrave;s ra&ccedil;as raras de     c&atilde;es, disponibilizando informa&ccedil;&otilde;es e links sobre     cada ra&ccedil;a. Divirta-se em <a href=\"http:\/\/www.guiaderacas.com.br\/index.shtml\">http:\/\/www.guiaderacas.com.br\/index.shtml<\/a>.<\/p>\n<p>    &#8211; &#8220;Nosso trem alcan&ccedil;ou a primeira esta&ccedil;&atilde;o.     A Entre Palavras E-Zine n&deg; 1, edi&ccedil;&atilde;o oficial, est&aacute;     no ar. &Eacute; a primeira parada dessa nossa viagem rumo ao futuro. Futuro     da E-ZINE. Futuro dessa Trupe formada por voc&ecirc;, leitor, e por n&oacute;s,     loucos mambembes, que fazemos com sua colabora&ccedil;&atilde;o a Entre     Palavras.&#8221; Fa&ccedil;a uma boa viagem em <br \/>    <a href=\"http:\/\/www.e-zine.entrepalavras.com.br\/\">http:\/\/www.e-zine.entrepalavras.com.br\/<\/a>.<\/p>\n<p>    &#8211; A Associa&ccedil;&atilde;o de Amigos do Memorial do Imigrante (AAMI)     &eacute; uma entidade civil, sem fins lucrativos, criada para imprimir     maior agilidade &agrave;s atividades do Memorial do Imigrante. Atrav&eacute;s     da AAMI, torna-se poss&iacute;vel a capta&ccedil;&atilde;o de recursos     para a realiza&ccedil;&atilde;o de eventos e montagem de exposi&ccedil;&otilde;es     e garante-se que esses recursos, advindos de patrocinadores, sejam aplicados     no pr&oacute;prio Memorial e exclusivamente nele. O Memorial do Imigrante,     &oacute;rg&atilde;o vinculado ao Departamento de Museus e Arquivos, da     Secretaria de Estado da Cultura de S&atilde;o Paulo, &eacute; uma institui&ccedil;&atilde;o     museol&oacute;gica, criada em 6 de abril de 1998, com o objetivo de reunir,     preservar, pesquisar, documentar e divulgar a hist&oacute;ria da imigra&ccedil;&atilde;o     e a mem&oacute;ria dos imigrantes que, a partir da d&eacute;cada de 1820,     vieram para o Estado de S&atilde;o Paulo. Vale a pena visitar o endere&ccedil;o<a href=\"http:\/\/www.memorialdoimigrante.sp.gov.br\/\">     http:\/\/www.memorialdoimigrante.sp.gov.br\/<\/a>.     <\/p>\n<p>&nbsp;<\/p>\n<p>    <\/span> <\/td>\n<\/tr>\n<tr>\n<td align=\"LEFT\" valign=\"TOP\"><\/td>\n<td align=\"LEFT\" valign=\"TOP\"><a name=\"ainformativo2\"><span class=\"titulo\">CLIPPING     DA PUBLICA&Ccedil;&Atilde;O TI &amp; GOVERNO<\/span><\/a> <span class=\"texto\">     <\/p>\n<p>A publica&ccedil;&atilde;o <strong>TI &amp; Governo<\/strong> divulgou,      no dia 30\/05\/2006, not&iacute;cias sobre norma do governo para compra      de computador pelo setor p&uacute;blico e LinuxWorld, transcritas a      seguir:<\/p>\n<p>     <strong>O governo cria norma para comprar computador<\/strong> &#8211; A Secretaria      de Log&iacute;stica e Tecnologia da Informa&ccedil;&atilde;o (SLTI)      do Minist&eacute;rio do Planejamento deve estabelecer, em julho, as      especifica&ccedil;&otilde;es t&eacute;cnicas para os editais de compras      de microcomputadores pelo setor p&uacute;blico. &#8220;Queremos melhorar      o processo de compra do governo federal&#8221;, diz Leandro Corte, gerente      de projetos da SLTI. A padroniza&ccedil;&atilde;o das especifica&ccedil;&otilde;es,      segundo ele, vai melhorar a qualidade dos equipamentos adquiridos pelos      &oacute;rg&atilde;os p&uacute;blicos, vai resultar em ganhos de escala      e deve evitar falhas nos editais que levam a frequentes recursos administrativos      e judiciais por parte dos licitantes. As especifica&ccedil;&otilde;es,      informa ele, devem resolver de imediato o conflito entre fabricantes      de processadores: os editais n&atilde;o tratar&atilde;o mais da caracter&iacute;stica      das m&aacute;quinas, mas do indicador de desempenho. A proposta de especifica&ccedil;&atilde;o      para microcomputador ficar&aacute; em consulta p&uacute;blica at&eacute;      o dia 12 de junho no site do governo eletr&ocirc;nico (<a href=\"http:\/\/www.governoeletronico.gov.br\">www.governoeletronico.gov.br<\/a>),      e prev&ecirc; tr&ecirc;s categorias de equipamentos: b&aacute;sico,      padr&atilde;o e avan&ccedil;ado. O equipamento b&aacute;sico &eacute;      destinado ao acesso &agrave; Internet, a servi&ccedil;os de escrit&oacute;rio      e tem pre&ccedil;o mais baixo. O padr&atilde;o roda documentos um pouco      mais pesados. E o avan&ccedil;ado tem hardware mais robusto para uso      em desenvolvimento de sistemas, imagem, v&iacute;deo e som. A proposta      foi discutida e recebeu sugest&otilde;es de especialistas do pr&oacute;prio      governo, de acad&ecirc;micos e de fornecedores. O padr&atilde;o de especifica&ccedil;&atilde;o      passar&aacute; por uma fase de teste por tr&ecirc;s meses, quando ser&aacute;      opcional, e depois se tranformar&aacute; em norma. Assim que concluir      o trabalho com os microcom-putadores, a SLTI vai partir para a especifica&ccedil;&atilde;o      de notebooks, impressoras e servidores.<\/p>\n<p>     <strong>A Red Hat abre filial no pa&iacute;s e contrata Tosatti<\/strong>      &#8211; Ao anunciar o in&iacute;cio de sua opera&ccedil;&atilde;o no continente,      com a abertura de escrit&oacute;rios na Argentina e no Brasil, a Red      Hat enfatizou a contrata&ccedil;&atilde;o de Marcelo Tosatti para integrar      seus quadros como engenheiro de software. Tosatti, 22 anos, comp&otilde;e      o grupo internacional de atualiza&ccedil;&atilde;o do kemel do Linux      e &eacute; um dos respons&aacute;veis pela produ&ccedil;&atilde;o da      plataforma de software para o OLPC (one laptop per child, o projeto      do computador de US$ 100 do MIT). Para Tosatti, um dos principais desafios      no projeto OLPC &eacute; criar uma interface adequada &agrave;s caracter&iacute;sticas      do hardware e, principalmente, f&aacute;cil de usar por crian&ccedil;as      de pa&iacute;ses emergentes, p&uacute;blico-alvo da iniciativa. &#8220;Al&eacute;m      de enxugar o sistema, mantendo apenas os componentes essenciais, temos      que construir uma interface para uma tela de tamanho reduzido&#8221;,      menciona. Ele salienta que a forma de intera&ccedil;&atilde;o entre      o sistema e o usu&aacute;rio tem que ser simples e, ao mesmo tempo,      dar condi&ccedil;&otilde;es para implementa&ccedil;&atilde;o de aplicativos      pedag&oacute;gicos eficientes e l&uacute;dicos. Focada no mercado de      infra-estrutura empresarial, a Red Hat chega ao Brasil no mesmo momento      em que conclui a incorpora&ccedil;&atilde;o da JBoss, o servidor de      aplica&ccedil;&otilde;es Java de c&oacute;digo aberto.<br \/>     <strong><br \/>     A IBM anuncia novos investimentos<\/strong> &#8211; Durante o LinuxWorld, a      IBM anunciou um investimento de US$ 2,2 milh&otilde;es na expans&atilde;o      de seu Centro de Tecnologia Linux (LTC), com unidades em Campinas e      Hortol&acirc;ndia (SP). A iniciativa da IBM &eacute; um desdobramento      de uma parceria com a Unicamp, que mant&eacute;m uma equipe de 11 pesquisadores      dedicada a melhorias no kemel do Linux. Com a nova unidade em Hortol&acirc;ndia,      o time passa a incluir um total de 45 pessoas. &#8220;A qualidade do      trabalho na Unicamp justificou a expans&atilde;o. O Brasil est&aacute;      hoje entre as cinco principais bases de desenvolvimento Linux para a      IBM no mundo&#8221;, informou Haroldo Hoffman, diretor de iniciativas      estrat&eacute;gicas da companhia. Hoffman explicou que a IBM mant&eacute;m      ainda mais duas unidades &#8211; o Centro de Compet&ecirc;ncia Linux, voltado      a parceiros de software e consultoria, e o Linux Integration Center,      que ap&oacute;ia implemen-ta&ccedil;&otilde;es inovadoras do sistema      operacional. Para o mercado de usu&aacute;rios, o executivo destacou      que os novos programas de certifica&ccedil;&atilde;o, como os da Novell,      Red Hat e da pr&oacute;pria IBM, trazem maior seguran&ccedil;a &agrave;s      decis&otilde;es empresariais.     <\/p>\n<p>    <\/span> <\/td>\n<\/tr>\n<tr>\n<td align=\"LEFT\" valign=\"TOP\"><\/td>\n<td align=\"LEFT\" valign=\"TOP\"><a name=\"ainformativo3\"><span class=\"titulo\"><em>FESTIVAL     DE INVERNO DA UFMG<\/em> MUDA FORMATO E PRIVILEGIA INTERATIVIDADE<\/span><\/a>     <span class=\"texto\">     <\/p>\n<p>De volta a Diamantina (MG) pela s&eacute;tima vez consecutiva, quando      completa 40 anos de exist&ecirc;ncia, o Festival de Inverno da UFMG      realiza naquela cidade, entre 16 e 29 de julho deste ano, sua 38&ordf;      edi&ccedil;&atilde;o mostrando novidades em sua estrutura organizativa.      Uma entrevista coletiva &agrave; imprensa, acontecida nesta quinta-feira,      no Conservat&oacute;rio UFMG, marcou o lan&ccedil;amento da programa&ccedil;&atilde;o,      que tem como eixo conceitual o tema Interatividades.<\/p>\n<p>     Estavam presentes a vice-reitora da UFMG, Helo&iacute;sa Starling, o      prefeito municipal de Diamantina e a secret&aacute;ria de Cultura, Turismo      e Patrim&ocirc;nio da cidade, M&aacute;rcia Dayrell, o diretor de A&ccedil;&atilde;o      Cultural da UFMG, Maur&iacute;cio Campomori, al&eacute;m de coordenadores      e subcoordenadores de &aacute;reas tem&aacute;ticas do Festival.<\/p>\n<p>     O coordenador-geral, Fabr&iacute;cio Fernan-dino, apresentou o projeto      do Festival, que ser&aacute; precedido, entre 11 e 15 de julho, por      uma semana de atividades voltadas para produtores culturais e representantes      das cidades do Alto, M&eacute;dio e Baixo Jequitinhonha. O evento, moldado      dentro das pol&iacute;ticas culturais do Minist&eacute;rio da Cultura,      &eacute; constitu&iacute;do de ciclos de palestras gratuitos e oferece      25 vagas.<\/p>\n<p>     <strong>Interatividade <\/strong>&#8211; A grande novidade do Festival de Inverno      da UFMG para este ano &eacute; a proposta de cria&ccedil;&atilde;o de      redes interativas entre as diversas &aacute;reas do conhecimento, articulando      as atividades das oficinas ofertadas &#8211; incluindo as de inicia&ccedil;&atilde;o,      para novatos, e de atualiza&ccedil;&atilde;o, para artistas profissionais      &#8211; por meio de cinco n&uacute;cleos tem&aacute;ticos: arte-aprofundamento,      arte-ci&ecirc;ncia, arte-conceito, arte-po&eacute;tica e arte-tecnologia,      tudo isso orquestrado por um Conselho Curatorial interdisciplinar.<\/p>\n<p>     Com essa proposta, o mais tradicional festival universit&aacute;rio      do pa&iacute;s pretende colocar-se em novo patamar, mantendo-se como      um evento de ponta e refer&ecirc;ncia nos cen&aacute;rios art&iacute;sticos      nacional e internacional.<\/p>\n<p>     Outra novidade &eacute; a identidade visual desta edi&ccedil;&atilde;o      do Festival, criada pelo Centro de Comunica&ccedil;&atilde;o da UFMG,      que homenageia os cem anos do Pres&eacute;pio do Pipiripau, um dos patrim&ocirc;nios      culturais da cidade de Belo Horizonte, criado em 1906 por Raimundo Machado      Azeredo (1894-1988), atualmente instalado no Museu de Hist&oacute;ria      Natural e Jardim Bot&acirc;nico da UFMG como parte integrante do acervo      da Universidade.<\/p>\n<p>     Leia mais sobre o Festival em <a href=\"http:\/\/www.ufmg.br\/online\/arquivos\/003669.shtml\">http:\/\/www.ufmg.br\/online\/arquivos\/003669.shtml<\/a>.<\/p>\n<p>&nbsp;<\/p>\n<p>    <\/span><\/td>\n<\/tr>\n<tr>\n<td align=\"LEFT\" valign=\"TOP\"><\/td>\n<td align=\"LEFT\" valign=\"TOP\"><a name=\"ainformativo4\" id=\"4\"><span class=\"titulo\">OAP     REALIZA MERCADO DE PULGAS NO CAMPUS PAMPULHA<\/span><\/a> <span class=\"texto\">     <\/p>\n<p>A Organiza&ccedil;&atilde;o dos Aposentados e Pensionistas da UFMG      (OAP) realiza, de 6 a 9 de junho, seu <em>11&ordm; Mercado das Pulgas<\/em>.      O evento contar&aacute; com exposi&ccedil;&atilde;o de objetos usados,      em bom estado de conserva&ccedil;&atilde;o, artesanato e outros trabalhos      art&iacute;sticos que podem ser trocados, vendidos ou comprados. Os      produtos ficar&atilde;o expostos na Pra&ccedil;a de Servi&ccedil;os      do campus da Pampulha, de 9h &agrave;s 17h.<\/p>\n<p>     A OAP promove o mercado das pulgas duas vezes por ano desde 2001. O      pr&oacute;ximo ser&aacute; realizado em dezembro. N&atilde;o &eacute;      permitida a exposi&ccedil;&atilde;o de produtos industrializados, exceto      quando complementados por trabalhos artesanais. Os associados t&ecirc;m      prefer&ecirc;ncia para obter os estandes e as vagas restantes s&atilde;o      preenchidas por pessoas indicadas por eles.<\/p>\n<p>     Mais informa&ccedil;&otilde;es pelo telefone (31) 3499-4505.<\/p>\n<p>     (Fonte: http:\/\/www.ufmg.br\/online\/arquivos\/003665.shtml &#8211; 31\/05\/2006)<\/p>\n<p>&nbsp;<\/p>\n<p>    <\/span><\/td>\n<\/tr>\n<p>  <!-- #EndEditable -->  <\/table>\n<p> <!-- fim noticias --> <!-- tabela ha 20 anos --> <\/p>\n<table border=\"0\" cellspacing=\"0\" cellpadding=\"0\" class=\"cinza\">\n<tr>\n<td><img loading=\"lazy\" decoding=\"async\" src=\"https:\/\/www.ufmg.br\/dti\/wp-content\/uploads\/imgs\/tudo_pixel.gif\" width=\"1\" height=\"1\" alt=\"\" border=\"0\"><\/td>\n<td><img loading=\"lazy\" decoding=\"async\" src=\"https:\/\/www.ufmg.br\/dti\/wp-content\/uploads\/imgs\/tudo_pixel.gif\" width=\"19\" height=\"1\" alt=\"\" border=\"0\"><\/td>\n<td><img loading=\"lazy\" decoding=\"async\" src=\"https:\/\/www.ufmg.br\/dti\/wp-content\/uploads\/imgs\/tudo_pixel.gif\" width=\"510\" height=\"1\" alt=\"\" border=\"0\"><\/td>\n<td><img loading=\"lazy\" decoding=\"async\" src=\"https:\/\/www.ufmg.br\/dti\/wp-content\/uploads\/imgs\/tudo_pixel.gif\" width=\"19\" height=\"1\" alt=\"\" border=\"0\"><\/td>\n<td><img loading=\"lazy\" decoding=\"async\" src=\"https:\/\/www.ufmg.br\/dti\/wp-content\/uploads\/imgs\/tudo_pixel.gif\" width=\"1\" height=\"1\" alt=\"\" border=\"0\"><\/td>\n<\/tr>\n<tr>\n<td class=\"vermelho\" colspan=\"5\"><img loading=\"lazy\" decoding=\"async\" src=\"https:\/\/www.ufmg.br\/dti\/wp-content\/uploads\/imgs\/tudo_pixel.gif\" width=\"1\" height=\"1\" alt=\"\" border=\"0\"><\/td>\n<\/tr>\n<tr>\n<td class=\"vermelho\"><img loading=\"lazy\" decoding=\"async\" src=\"https:\/\/www.ufmg.br\/dti\/wp-content\/uploads\/imgs\/tudo_pixel.gif\" width=\"1\" height=\"1\" alt=\"\" border=\"0\"><\/td>\n<td><img loading=\"lazy\" decoding=\"async\" src=\"https:\/\/www.ufmg.br\/dti\/wp-content\/uploads\/imgs\/tudo_pixel.gif\" width=\"1\" height=\"1\" alt=\"\" border=\"0\"><\/td>\n<td align=\"LEFT\" valign=\"TOP\"><!-- #BeginEditable \"ha 20 anos\" --><a name=\"ainformativo5\" id=\"5\"><img loading=\"lazy\" decoding=\"async\" src=\"https:\/\/www.ufmg.br\/dti\/wp-content\/uploads\/imgs\/tudo_pixel.gif\" width=\"1\" height=\"8\" alt=\"\" border=\"0\"><br \/>    <span class=\"titulo\">H\u00e1 20 anos&#8230;<\/span><\/a> <span class=\"texto\">     <\/p>\n<p>O Sistem&aacute;tico Ano X, no 20, de 05\/06\/1986, publicou not&iacute;cias      sobre expediente nos dias de jogos da nossa sele&ccedil;&atilde;o, XII      Confer&ecirc;ncia Latinoamericana de Inform&aacute;tica, treinamento      com DMS II, contrata&ccedil;&atilde;o de Marcelo Henrique Vieira como      bolsista no CECOM, curso de Primeiros Socorros, entre outras. As not&iacute;cias      que se destacaram foram:<\/p>\n<p><strong>APURA&Ccedil;&Atilde;O DAS ELEI&Ccedil;&Otilde;ES<\/strong><\/p>\n<p>     <font face=\"1\">Teve in&iacute;cio ontem, &agrave;s 7h30, no Audit&oacute;rio      da Reitoria, a apura&ccedil;&atilde;o das elei&ccedil;&otilde;es para      Vice-reitor da UFMG e dos Representantes dos Funcion&aacute;rios T&eacute;cnicos      e Administrativos nos Conselhos Universit&aacute;rio, de Diretores e      de Curadores.<br \/>     A Junta Apuradora est&aacute; composta pelos seguintes funcion&aacute;rios:      Coordenador: Jos&eacute; Eduardo Valle Santos; Vice-Coordenador: Luiz      Eug&ecirc;nio de Almeida Oliveira; Processadores de Dados: Cristiane      Maria Nunes e Rog&eacute;rio Soares Pinheiro; Secret&aacute;rias: Rosa      Am&eacute;lia dos Santos e Cristina Miranda S. Ara&uacute;jo. &#8230;<\/font><\/p>\n<p>    <strong>FUTEBOL AMADOR<\/strong><\/p>\n<p>    <font face=\"1\">Na se&ccedil;&atilde;o &#8220;Notas do Dia&#8221;, de O     Estado de Minas, de 24\/05\/1986, foi pubicada uma notinha sobre algumas     caracter&iacute;sticas do futebol amador como, por exemplo, profissionais     liberais trabalhando na v&aacute;rzea como ju&iacute;zes e bandeirinhas.     E comenta que, ao final do Campeonato Infantil recentemente promovido     pelo Depto. de Futebol Amador da Capital, foram premiados tamb&eacute;m     o melhor &aacute;rbitro e os dois melhores bandeirinhas.<br \/>    Adivinhem quem foi um dos auxiliares premiados! &Eacute; ele mesmo, Avair     Eust&aacute;quio, chefe do Setor de Opera&ccedil;&atilde;o da Divis&atilde;o     de Produ&ccedil;&atilde;o. Ele tem mil hist&oacute;rias pr&aacute; contar.     <\/font>     <\/p>\n<p>&nbsp;<\/p>\n<p>    <\/span><!-- #EndEditable --><br \/>     <img loading=\"lazy\" decoding=\"async\" src=\"https:\/\/www.ufmg.br\/dti\/wp-content\/uploads\/imgs\/tudo_pixel.gif\" width=\"1\" height=\"8\" alt=\"\" border=\"0\"><\/td>\n<td><img loading=\"lazy\" decoding=\"async\" src=\"https:\/\/www.ufmg.br\/dti\/wp-content\/uploads\/imgs\/tudo_pixel.gif\" width=\"1\" height=\"1\" alt=\"\" border=\"0\"><\/td>\n<td class=\"vermelho\"><img loading=\"lazy\" decoding=\"async\" src=\"https:\/\/www.ufmg.br\/dti\/wp-content\/uploads\/imgs\/tudo_pixel.gif\" width=\"1\" height=\"1\" alt=\"\" border=\"0\"><\/td>\n<\/tr>\n<tr>\n<td class=\"vermelho\" colspan=\"5\"><img loading=\"lazy\" decoding=\"async\" src=\"https:\/\/www.ufmg.br\/dti\/wp-content\/uploads\/imgs\/tudo_pixel.gif\" width=\"1\" height=\"1\" alt=\"\" border=\"0\"><\/td>\n<\/tr>\n<\/table>\n<p> <!-- fim tabela ha 20 anos --><\/div>\n<p><a name='eventos'><\/a><\/p>\n<h4>Eventos<\/h4>\n<div class=\"centro-sistematico\">  <!-- noticias --> <\/p>\n<table border=\"0\" cellspacing=\"0\" cellpadding=\"0\">\n<tr>\n<td><\/td>\n<td><\/td>\n<\/tr>\n<p>  <!-- #BeginEditable \"materias\" -->   <\/p>\n<tr>\n<td align=\"LEFT\" valign=\"TOP\"><\/td>\n<td align=\"LEFT\" valign=\"TOP\"> <a name=\"aeventos1\"><span class=\"titulo\">SOCIAIS<\/span><\/a>     <span class=\"texto\">     <\/p>\n<p><strong>ANIVERS&Aacute;RIOS:<\/strong> <em>&#8220;O Sistem&aacute;tico&#8221;      envia os parab&eacute;ns para Gerson Edson Machado de Sousa e Ant&ocirc;nio      Carlos Soares, hoje, dia 1o de junho; Tereza Cristina Andrade Oliveira,      no dia 03; Mar&iacute;lia Pereira Martins, no dia 05; e Nat&aacute;lia      Cristina Martins, no dia 07. Os parab&eacute;ns para os ex-ceconianos:      Cleuza Maria Bento (QQ) e Cant&iacute;dio Lelis Pereira, no dia 02;      Regina C&eacute;lia Teixeira, Paulo C&eacute;sar Marciano de Oliveira      e Maria Aparecida Silva, no dia 03; Rainer Brockerhoff e Rosana de Melo      Faria, no dia 06; e Maria Tereza de Melo Carvalho, no dia 08.<\/em><\/p>\n<p>&nbsp;<\/p>\n<p>    <\/span><\/td>\n<\/tr>\n<tr>\n<td align=\"LEFT\" valign=\"TOP\"><\/td>\n<td align=\"LEFT\" valign=\"TOP\">\n<p><a name=\"aeventos2\"><span class=\"titulo\">HAPPY      HOUR JUNINO<\/span><\/a> <\/p>\n<p><span class=\"texto\">VEM A&Iacute; O HAPPY HOUR JUNINO. N&Atilde;O PERCAM      AS NOVIDADES NA PR&Oacute;XIMA EDI&Ccedil;&Atilde;O DE O SISTEM&Aacute;TICO.<\/span><\/p>\n<p>    <\/p>\n<\/td>\n<\/tr>\n<tr>\n<td align=\"LEFT\" valign=\"TOP\"><\/td>\n<td align=\"LEFT\" valign=\"TOP\"><a name=\"aeventos3\"><span class=\"titulo\">MEM&Oacute;RIA     FOTOGR&Aacute;FICA DO CECOM<\/span><\/a> <span class=\"texto\">     <\/p>\n<p>No in&iacute;cio do ano, o CECOM comemorou a conclus&atilde;o da reforma      do 8o andar com um caf&eacute; da manh&atilde;. A solenidade, realizada      no dia 21\/02\/2006, foi aberta pela ent&atilde;o Reitora da UFMG, profa.      Ana L&uacute;cia Almeida Gazzola, e contou com a presen&ccedil;a de      ceconianos e convidados. A fotos s&atilde;o de autoria de Thiago Ribeiro      e Renato Righi.<\/p>\n<p align=\"center\"><img loading=\"lazy\" decoding=\"async\" src=\"https:\/\/www.ufmg.br\/dti\/wp-content\/uploads\/fotos\/01_06\/cafe.jpg\" width=\"500\" height=\"375\"><br \/>     <font face=\"1\">O discurso da profa. Ana L&uacute;cia Gazzola<\/font><\/p>\n<p>    <\/span> <\/p>\n<p align=\"center\"><span class=\"texto\"><font face=\"1\"><img loading=\"lazy\" decoding=\"async\" src=\"https:\/\/www.ufmg.br\/dti\/wp-content\/uploads\/fotos\/01_06\/cafe2.jpg\" width=\"500\" height=\"375\"><br \/>     O discurso de Carlos Alfeu, vendo-se ainda profa. Sueli Pires, Edir,      Iran, Frota, prof. Paulo Seixas e profa. Ana L&uacute;cia<\/font><\/span><\/p>\n<p align=\"center\"><font face=\"1\"><img loading=\"lazy\" decoding=\"async\" src=\"https:\/\/www.ufmg.br\/dti\/wp-content\/uploads\/fotos\/01_06\/cafe3.jpg\" width=\"500\" height=\"375\"><br \/>     <\/font><span class=\"texto\"><font face=\"1\">Profa. Ana L&uacute;cia, Francisco      Diniz e Ant&ocirc;nio Carlos Soares<\/font><\/span><\/p>\n<p align=\"center\"><font face=\"1\"><img loading=\"lazy\" decoding=\"async\" src=\"https:\/\/www.ufmg.br\/dti\/wp-content\/uploads\/fotos\/01_06\/cafe4.jpg\" width=\"500\" height=\"375\"><\/font><span class=\"texto\"><font face=\"1\">Beatriz,      Michele e Vicentina. Ao fundo: Josemar, Roberto e Rubens.<\/font><\/span><\/p>\n<p align=\"center\"><font face=\"1\"><img loading=\"lazy\" decoding=\"async\" src=\"https:\/\/www.ufmg.br\/dti\/wp-content\/uploads\/fotos\/01_06\/cafe5.jpg\" width=\"500\" height=\"375\"><\/font><\/p>\n<p align=\"center\"><img loading=\"lazy\" decoding=\"async\" src=\"https:\/\/www.ufmg.br\/dti\/wp-content\/uploads\/fotos\/01_06\/cafe6.jpg\" width=\"500\" height=\"375\"><br \/>     <span class=\"texto\"><font face=\"1\">Helv&eacute;cio, Alfredo, Rubens      e M&aacute;rcia Lemos<\/font><\/span><\/p>\n<p><\/td>\n<\/tr>\n<p>  <!-- #EndEditable -->  <\/table>\n<p> <!-- fim noticias --><\/div>\n","protected":false},"excerpt":{"rendered":"<p>Not\u00edcias ATI, CECOM E DRCA VISITAM A PUC PARA VER SISTEMA DE GEST&Atilde;O ACAD&Ecirc;MICA ESCOLAS DE ENSINO B&Aacute;SICO E PROFISSIONALIZANTE AVALIAR&Atilde;O SOFTWARE DAA REFOR&Ccedil;A SUA EQUIPE FUNCION&Aacute;RIO DA DAC PARTICIPA DE CURSO DA ENAP Informativo DICAS DE SITES INTERESSANTES CLIPPING DA PUBLICA&Ccedil;&Atilde;O TI &amp; GOVERNO FESTIVAL DE INVERNO DA UFMG MUDA FORMATO E PRIVILEGIA INTERATIVIDADE &#8230; <a title=\"Sistem\u00e1tico: Edi\u00e7\u00e3o 1293 &#8211; 01\/06\/2006\" class=\"read-more\" href=\"https:\/\/www.ufmg.br\/dti\/2006\/06\/01\/sistematico-edicao-1293-01062006\/\" aria-label=\"Read more about Sistem\u00e1tico: Edi\u00e7\u00e3o 1293 &#8211; 01\/06\/2006\">Ler mais<\/a><\/p>\n","protected":false},"author":3,"featured_media":0,"comment_status":"open","ping_status":"open","sticky":false,"template":"","format":"standard","meta":{"inline_featured_image":false,"footnotes":""},"categories":[13],"tags":[],"coauthors":[79],"class_list":["post-1334","post","type-post","status-publish","format-standard","hentry","category-sistematico"],"_links":{"self":[{"href":"https:\/\/www.ufmg.br\/dti\/wp-json\/wp\/v2\/posts\/1334","targetHints":{"allow":["GET"]}}],"collection":[{"href":"https:\/\/www.ufmg.br\/dti\/wp-json\/wp\/v2\/posts"}],"about":[{"href":"https:\/\/www.ufmg.br\/dti\/wp-json\/wp\/v2\/types\/post"}],"author":[{"embeddable":true,"href":"https:\/\/www.ufmg.br\/dti\/wp-json\/wp\/v2\/users\/3"}],"replies":[{"embeddable":true,"href":"https:\/\/www.ufmg.br\/dti\/wp-json\/wp\/v2\/comments?post=1334"}],"version-history":[{"count":0,"href":"https:\/\/www.ufmg.br\/dti\/wp-json\/wp\/v2\/posts\/1334\/revisions"}],"wp:attachment":[{"href":"https:\/\/www.ufmg.br\/dti\/wp-json\/wp\/v2\/media?parent=1334"}],"wp:term":[{"taxonomy":"category","embeddable":true,"href":"https:\/\/www.ufmg.br\/dti\/wp-json\/wp\/v2\/categories?post=1334"},{"taxonomy":"post_tag","embeddable":true,"href":"https:\/\/www.ufmg.br\/dti\/wp-json\/wp\/v2\/tags?post=1334"},{"taxonomy":"author","embeddable":true,"href":"https:\/\/www.ufmg.br\/dti\/wp-json\/wp\/v2\/coauthors?post=1334"}],"curies":[{"name":"wp","href":"https:\/\/api.w.org\/{rel}","templated":true}]}}