{"id":1357,"date":"2005-11-24T08:00:00","date_gmt":"2005-11-24T08:00:00","guid":{"rendered":"https:\/\/www.ufmg.br\/dti\/cecom\/?p=1357"},"modified":"2005-11-24T08:00:00","modified_gmt":"2005-11-24T08:00:00","slug":"sistematico-edicao-1270-24112005","status":"publish","type":"post","link":"https:\/\/www.ufmg.br\/dti\/2005\/11\/24\/sistematico-edicao-1270-24112005\/","title":{"rendered":"Sistem\u00e1tico: Edi\u00e7\u00e3o 1270 &#8211; 24\/11\/2005"},"content":{"rendered":"<ul>\n<li><a href=\"\/dti\/#noticias\">Not\u00edcias<\/a>\n<div class='submenuSistematico'>\n<ul>\n<li><a href=\"\/dti\/#anoticias1\"><span class=\"titulo\">ANDIFES     PROMOVE VI ENCONTRO DE DIRIGENTES DE TI<\/span><\/a><\/li>\n<li><a href=\"\/dti\/#anoticias2\"><span class=\"titulo\">CECOM ENCERRA     APOIO &Agrave; ELEI&Ccedil;&Atilde;O PARA REITOR<\/span><\/a><\/li>\n<li><a href=\"\/dti\/#anoticias3\"><span class=\"titulo\">VETERIN&Aacute;RIA     EST&Aacute; COMPLETAMENTE LIGADA &Agrave; REDE GIGA<\/span><\/a><\/li>\n<li><a href=\"\/dti\/#anoticias4\" id=\"4\"><span class=\"titulo\">USO     DE SISTEMA DE INVENT&Aacute;RIO DE PARQUE COMPUTACIONAL SER&Aacute; AMPLIADO<\/span><\/a><\/li>\n<li><a href=\"\/dti\/#anoticias5\" id=\"5\"><span class=\"titulo\">EQUIPE     DE DESEMBALAGEM DO VESTIBULAR 2006 DA UFMG EST&Aacute; FORMADA<\/span><\/a><\/li>\n<\/ul>\n<\/div>\n<\/li>\n<li><a href=\"\/dti\/#informativo\">Informativo<\/a>\n<div class='submenuSistematico'>\n<ul>\n<li><a href=\"\/dti\/#ainformativo1\"><span class=\"titulo\">DICAS      DE SITES INTERESSANTES<\/span><br \/>     <\/a><\/li>\n<li><a href=\"\/dti\/#ainformativo2\"><span class=\"titulo\">EUA T&Ecirc;M     PODER PARA TIRAR UM PA&Iacute;S INTEIRO DA REDE<\/span><\/a><\/li>\n<li><a href=\"\/dti\/#ainformativo3\"><span class=\"titulo\">APROVADA     PROPOSTA DO BRASIL PARA DAR VOZ AOS GOVERNOS NA GEST&Atilde;O WEB<\/span><\/a><\/li>\n<li><a href=\"\/dti\/#ainformativo4\" id=\"4\"><span class=\"titulo\">CASU     ELEGE NOVOS CONSELHEIROS<\/span><\/a><\/li>\n<li><a href=\"\/dti\/#ainformativo5\" id=\"5\"><span class=\"titulo\">CONCERTO     DE PRIMAVERA ABRE COMEMORA&Ccedil;&Otilde;ES DE ANIVERS&Aacute;RIO DA     OAP<\/span><\/a><\/li>\n<li><a href=\"\/dti\/#ainformativo6\" id=\"6\"><span class=\"titulo\">PR&Oacute;XIMAS     ATRA&Ccedil;&Otilde;ES DA QUARTA DOZE E TRINTA<\/span><\/a><\/li>\n<li><a href=\"\/dti\/#ainformativo7\" id=\"7\"><span class=\"titulo\">MEM&Oacute;RIA     FOTOGR&Aacute;FICA DO CECOM<\/span><\/a><\/li>\n<li><a href=\"\/dti\/#ainformativo8\" id=\"8\"><img loading=\"lazy\" decoding=\"async\" src=\"https:\/\/www.ufmg.br\/dti\/wp-content\/uploads\/imgs\/tudo_pixel.gif\" width=\"1\" height=\"8\" alt=\"\" border=\"0\"><br \/>    <span class=\"titulo\">H\u00e1 20 anos&#8230;<\/span><\/a><\/li>\n<\/ul>\n<\/div>\n<\/li>\n<li><a href=\"\/dti\/#eventos\">Eventos<\/a>\n<div class='submenuSistematico'>\n<ul>\n<li><a href=\"\/dti\/#aeventos1\"><span class=\"titulo\">SOCIAIS<\/span><\/a><\/li>\n<\/ul>\n<\/div>\n<\/li>\n<\/ul>\n<p> <a name='noticias'><\/a><\/p>\n<h4>Not\u00edcias<\/h4>\n<div class=\"centro-sistematico\">  <!-- noticias --> <\/p>\n<table border=\"0\" cellspacing=\"0\" cellpadding=\"0\">\n<tr>\n<td><\/td>\n<td><\/td>\n<\/tr>\n<p>  <!-- #BeginEditable \"materias\" -->   <\/p>\n<tr>\n<td align=\"LEFT\" valign=\"TOP\"><\/td>\n<td align=\"LEFT\" valign=\"TOP\"> <a name=\"anoticias1\"><span class=\"titulo\">ANDIFES     PROMOVE VI ENCONTRO DE DIRIGENTES DE TI<\/span><\/a> <span class=\"texto\">     <\/p>\n<p>Na pr&oacute;xima semana, do dia 30 de novembro ao dia 2 de dezembro,      a Andifes &#8211; Associa&ccedil;&atilde;o Nacional dos Dirigentes de      Institui&ccedil;&otilde;es Federais de Ensino Superior, promover&aacute;      em Niter&oacute;i o VI Encontro dos Dirigentes de Tecnologia da Informa&ccedil;&atilde;o.<\/p>\n<p>     Representando a UFMG estar&atilde;o presentes os diretores do CECOM,      Carlos Alfeu Furtado da Fonseca e Gilmar Lima Guimar&atilde;es.<\/p>\n<p>     Neste Encontro ser&atilde;o discutidos os modelos de dados dos sistemas      de informa&ccedil;&atilde;o das universidades e verificadas as alternativas      para a troca de informa&ccedil;&otilde;es entre as universidades e os      principais coletores de dados do governo federal, tais como o MEC\/SESu,      o INEP, a CAPES, o CNPQ e o Serpro.     <\/p>\n<p>    <\/span><\/td>\n<\/tr>\n<tr>\n<td align=\"LEFT\" valign=\"TOP\"><\/td>\n<td align=\"LEFT\" valign=\"TOP\"> <a name=\"anoticias2\"><span class=\"titulo\">CECOM ENCERRA     APOIO &Agrave; ELEI&Ccedil;&Atilde;O PARA REITOR<\/span><\/a> <span class=\"texto\">     <\/p>\n<p>Encerrada a apura&ccedil;&atilde;o da consulta &agrave; comunidade,      dentro do processo de elei&ccedil;&atilde;o para Reitor, o CECOM encerrou      as atividades de apoio &agrave; Comiss&atilde;o Eleitoral. As novidades      relacionadas ao uso das urnas eletr&ocirc;nicas e a apura&ccedil;&atilde;o      centralizada, incluindo a transmiss&atilde;o via Internet, garantiram      agilidade, transpar&ecirc;ncia e asseguraram &agrave; comunidade a devida      tranq&uuml;ilidade no acompanhamento do processo.<\/p>\n<p>     O diretor do Centro de Computa&ccedil;&atilde;o, Carlos Alfeu Furtado      da Fonseca, que foi o respons&aacute;vel pela coordena&ccedil;&atilde;o      das atividades de TI, transmitiu &agrave; equipe que trabalhou no processo      os agradecimentos e cumprimentos recebidos, tanto da Comiss&atilde;o      Eleitoral, quanto das chapas que concorriam no processo eleitoral. A      equipe que atuou, em atividades bastante distintas, foi composta por:<\/p>\n<p>     &#8211; infra-estrutura de e-mail e site: Ant&ocirc;nio Eust&aacute;quio Rodrigues;<br \/>     &#8211; consulta a locais de vota&ccedil;&atilde;o: Aleixina Maria Lopes Andal&eacute;cio;<br \/>     &#8211; infra-estrutura de telefonia: Dioberto C&eacute;sar dos Reis;<br \/>     &#8211; unifica&ccedil;&atilde;o de votantes: Bruno Diniz de Paula (LCC);<br \/>     &#8211; cadastro, arquivos, urnas e relat&oacute;rios: Maximiliano Luiz Souza      Guimar&atilde;es;<br \/>     &#8211; transmiss&atilde;o de v&iacute;deo: Murilo Silva Monteiro (DCC) e      Adyr Rodrigues do Nascimento.    <\/p>\n<p>    <\/p>\n<p>    <\/span><\/td>\n<\/tr>\n<tr>\n<td align=\"LEFT\" valign=\"TOP\"><\/td>\n<td align=\"LEFT\" valign=\"TOP\"> <a name=\"anoticias3\"><span class=\"titulo\">VETERIN&Aacute;RIA     EST&Aacute; COMPLETAMENTE LIGADA &Agrave; REDE GIGA<\/span><\/a> <span class=\"texto\">     <\/p>\n<p>Dando continuidade ao processo de instala&ccedil;&atilde;o do novo      backbone da Rede Giga no Campus Pampulha, esta semana foi a vez da Escola      de Veterin&aacute;ria se ligar completamente. L&aacute; restava apenas      o Hospital Veterin&aacute;rio. Neste momento, restam a serem ligadas      &agrave; nova infra-estrutura, o ICEx, o ICB e a Belas Artes. Quando      este processo estiver terminado todos os pr&eacute;dios do Campus Pampulha      receber&atilde;o conex&otilde;es com velocidades de 1Gbps.<\/p>\n<p>     Enquanto isso, prossegue pelas ruas dos bairros Cai&ccedil;ara, Santo      Andr&eacute; e Bonfim, a obra de instala&ccedil;&atilde;o do duto subterr&acirc;neo      que permitir&aacute; a conex&atilde;o das unidades do centro da cidade,      entre si, e ao Campus Pampulha, permitindo assim que a Rede Giga se      estenda ao Campus Sa&uacute;de, Arquitetura, Direito, Conservat&oacute;rio,      Engenharia e FACE.    <\/p>\n<p>    <\/p>\n<p>    <\/span><\/td>\n<\/tr>\n<tr>\n<td align=\"LEFT\" valign=\"TOP\"><\/td>\n<td align=\"LEFT\" valign=\"TOP\"> <a name=\"anoticias4\" id=\"4\"><span class=\"titulo\">USO     DE SISTEMA DE INVENT&Aacute;RIO DE PARQUE COMPUTACIONAL SER&Aacute; AMPLIADO<\/span><\/a>     <span class=\"texto\">     <\/p>\n<p>Desde julho desse ano, o CECOM est&aacute; testando o sistema de invent&aacute;rio      CACIC (Configurador Autom&aacute;tico e Coletor de Informa&ccedil;&otilde;es      Computacionais), capaz de fornecer um diagn&oacute;stico preciso do      parque computacional de uma organiza&ccedil;&atilde;o e disponibilizar      informa&ccedil;&otilde;es como o n&uacute;mero de equipamentos e sua      distribui&ccedil;&atilde;o nos mais diversos &oacute;rg&atilde;os, os      tipos de softwares utilizados e licenciados, configura&ccedil;&otilde;es      de hardware, entre outras. O sistema, desenvolvido pelo Minist&eacute;rio      do Planejamento e pela DATAPREV, tamb&eacute;m pode fornecer informa&ccedil;&otilde;es      patrimoniais, localiza&ccedil;&atilde;o f&iacute;sica dos equipamentos      e hist&oacute;rico de acessos, ampliando o controle do parque computacional      e a seguran&ccedil;a na rede.<\/p>\n<p>     O sistema CACIC &eacute; composto por dois m&oacute;dulos: um de ger&ecirc;ncia,      instalado em um servidor, no qual s&atilde;o armazenadas as informa&ccedil;&otilde;es      coletadas nos micros, e um m&oacute;dulo agente, que fica instalado      no micro do usu&aacute;rio e executa, de forma autom&aacute;tica, o      levantamento de hardware e software do equipamento, repassando essas      informa&ccedil;&otilde;es para o servidor.<\/p>\n<p>     Todos os micros do CECOM j&aacute; est&atilde;o com suas informa&ccedil;&otilde;es      registradas na base de dados do sistema CACIC. Com isso, sua implanta&ccedil;&atilde;o      ser&aacute; estendida a todos os micros da Rede Administrativa da UFMG,      a come&ccedil;ar pelos equipamentos do pr&eacute;dio da Reitoria. Como      &eacute; necess&aacute;rio o uso de login com direito de administra&ccedil;&atilde;o      do micro para realizar a instala&ccedil;&atilde;o do m&oacute;dulo cliente,      t&eacute;cnicos da DAC ir&atilde;o visitar os &oacute;rg&atilde;os que      funcionam na Reitoria e far&atilde;o essa instala&ccedil;&atilde;o,      de acordo com escala a ser divulgada atrav&eacute;s de e-mail.<\/p>\n<p>     A coordena&ccedil;&atilde;o da implanta&ccedil;&atilde;o do sistema      CACIC est&aacute; a cargo de Eug&ecirc;nio Pacelli Pereira de Souza,      da DAC. Tamb&eacute;m est&atilde;o envolvidos neste projeto os t&eacute;cnicos      Emerson e M&aacute;rcio, da mesma divis&atilde;o.<\/p>\n<p>    <\/span><\/td>\n<\/tr>\n<tr>\n<td align=\"LEFT\" valign=\"TOP\"><\/td>\n<td align=\"LEFT\" valign=\"TOP\"> <a name=\"anoticias5\" id=\"5\"><span class=\"titulo\">EQUIPE     DE DESEMBALAGEM DO VESTIBULAR 2006 DA UFMG EST&Aacute; FORMADA<\/span><\/a>     <span class=\"texto\">     <\/p>\n<p>As provas da primeira etapa do Vestibular come&ccedil;am no dia 03      de dezembro\/2005. Para as atividades de desembalagem das folhas de respostas      dos candidatos, foi montada uma equipe pela Coordenadoria de Processamento,      composta por tr&ecirc;s turmas.<\/p>\n<p>     A equipe de desembalagem da Coordenadoria de Processamento do Vestibular      2006 da UFMG ter&aacute; seus trabalhos desenvolvidos nos seguintes      dias e hor&aacute;rios:<\/p>\n<p>     As turmas da equipe de desembalagem s&atilde;o as seguintes: <\/p>\n<p>    <\/span> <\/p>\n<div align=\"center\"><\/div>\n<table width=\"232\" border=\"1\" align=\"center\" cellpadding=\"0\" cellspacing=\"0\">\n<tr>\n<td width=\"52\" height=\"30\">\n<div align=\"center\"><font face=\"2\">Dia<\/font><\/div>\n<\/td>\n<td width=\"108\">\n<div align=\"center\"><font face=\"2\">Hora<\/font><\/div>\n<\/td>\n<td width=\"64\">\n<div align=\"center\"><font face=\"2\">Turma<\/font><\/div>\n<\/td>\n<\/tr>\n<tr>\n<td height=\"25\">\n<div align=\"center\"><font face=\"2\">03\/12<\/font><\/div>\n<\/td>\n<td>\n<div align=\"center\"><font face=\"2\">20h-23h<\/font><\/div>\n<\/td>\n<td bgcolor=\"#666666\">\n<div align=\"center\"><font face=\"2\">A<\/font><\/div>\n<\/td>\n<\/tr>\n<tr>\n<td rowspan=\"3\">\n<div align=\"center\"><font face=\"2\">04\/12<\/font><\/div>\n<div align=\"center\"><font face=\"2\"><\/font><\/div>\n<div align=\"center\"><font face=\"2\"><\/font><\/div>\n<\/td>\n<td>\n<div align=\"center\"><font face=\"2\">8h-13h<\/font><\/div>\n<\/td>\n<td bgcolor=\"#0066FF\">\n<div align=\"center\"><font face=\"2\">B<\/font><\/div>\n<\/td>\n<\/tr>\n<tr>\n<td>\n<div align=\"center\"><font face=\"2\">13h15-18h15<\/font><\/div>\n<\/td>\n<td bgcolor=\"#00CC66\">\n<div align=\"center\"><font face=\"2\">C<\/font><\/div>\n<\/td>\n<\/tr>\n<tr>\n<td>\n<div align=\"center\"><font face=\"2\">18h30         -23h<\/font><\/div>\n<\/td>\n<td bgcolor=\"#666666\">\n<div align=\"center\"><font face=\"2\">A<\/font><\/div>\n<\/td>\n<\/tr>\n<tr>\n<td rowspan=\"3\">\n<div align=\"center\"><font face=\"2\"><\/font><\/div>\n<div align=\"center\"><font face=\"2\"><\/font><\/div>\n<div align=\"center\"><font face=\"2\">05\/12<\/font><\/div>\n<\/td>\n<td>\n<div align=\"center\"><font face=\"2\">8h-12h30<\/font><\/div>\n<\/td>\n<td bgcolor=\"#0066FF\">\n<div align=\"center\"><font face=\"2\">B<\/font><\/div>\n<\/td>\n<\/tr>\n<tr>\n<td>\n<div align=\"center\"><font face=\"2\">13h         &#8211; 17h30<\/font><\/div>\n<\/td>\n<td bgcolor=\"#666666\">\n<div align=\"center\"><font face=\"2\">A<\/font><\/div>\n<\/td>\n<\/tr>\n<tr>\n<td>\n<div align=\"center\"><font face=\"2\">8h         &#8211; 22h30<\/font><\/div>\n<\/td>\n<td bgcolor=\"#00CC66\">\n<div align=\"center\"><font face=\"2\">C<\/font><\/div>\n<\/td>\n<\/tr>\n<tr>\n<td rowspan=\"2\">\n<div align=\"center\"><font face=\"2\"><\/font><\/div>\n<div align=\"center\"><font face=\"2\">06\/12<\/font><\/div>\n<\/td>\n<td>\n<div align=\"center\"><font face=\"2\">8h         &#8211; 10h30<\/font><\/div>\n<\/td>\n<td bgcolor=\"#0066FF\">\n<div align=\"center\"><font face=\"2\">B<\/font><\/div>\n<\/td>\n<\/tr>\n<tr>\n<td>\n<div align=\"center\"><font face=\"2\">10h30         &#8211; 13h<\/font><\/div>\n<\/td>\n<td bgcolor=\"#00CC66\">\n<div align=\"center\"><font face=\"2\">C<\/font><\/div>\n<\/td>\n<\/tr>\n<\/table>\n<div align=\"center\"><\/div>\n<div align=\"center\"><\/div>\n<div align=\"center\"><span class=\"texto\"> <\/span><\/div>\n<p>    <span class=\"texto\">     <\/p>\n<p>    <\/p>\n<p><font color=\"#666666\">Turma A <\/font>&#8211; Alexandre Alves Gomes, &Aacute;urea      Domingos, Carlos Roberto Alves Rodrigues, Carolina Laureano da Silva,      Dante Grapi&uacute;na de Almeida, Djim de Andrade Martins, Geraldo Bonfim      Fernandes Teixeira, Haroldo Alves, Marcelo Marcos da Silva Nery, M&aacute;rcio      da Costa Viana, Maria Auxiliadora dos Santos, Maximiliano Luiz Souza      Guimar&atilde;es, Roberto Simone Maciel J&uacute;nio e Rosa Am&eacute;lia      Santos Froeseler. <\/p>\n<p>     <font color=\"#0066FF\">Turma B<\/font> &#8211; Ade&iacute;se Lucas Pereira,      Adriana Helo&iacute;sa Lima Bittencourt, Alda Batista, Ant&ocirc;nio      Eust&aacute;quio Rodrigues, Elizabeth Gomes Oliveira Clementino, Estev&atilde;o      Salom&atilde;o das Virgens, Fernando Iran Fonseca de Souza, Gerson Edson      Machado de Sousa, Jacqueline Pawlowski Oliveira, Juliano Dantas Santos,      M&aacute;rcia Maria Fernandes Fran&ccedil;a, Maria Jos&eacute; Cortezzi,      Patr&iacute;cia L&uacute;cia Pereira Ferri V&eacute;o e Thiago Souza      Ribeiro.<\/p>\n<p>     <font color=\"#00CC66\">Turma C <\/font>&#8211; Ana Paula Fonseca de Almeida,      Cidney Jos&eacute; da Silva, Cleto Boechat V&eacute;o, Eduardo Rodrigues      Cunha, Eliane Pawlowski de Oliveira Ara&uacute;jo, Emerson Henrique      Kfuri Pereira, Eug&ecirc;nio Pacelli Pereira de Souza, Gino Ottoni Durante,      Josemar Pereira dos Santos, Marcelo Novaes Machado, Maria das Gra&ccedil;as      Santa B&aacute;rbara, Maria de Lourdes de Brito Melo, Patr&iacute;cia      Ferreira da Silva e Robson Miranda. <\/p>\n<p>    <\/span> <\/td>\n<\/tr>\n<p>  <!-- #EndEditable -->  <\/table>\n<p> <!-- fim noticias --><\/div>\n<p><a name='informativo'><\/a><\/p>\n<h4>Informativo<\/h4>\n<div class=\"centro-sistematico\">  <!-- noticias --> <\/p>\n<table border=\"0\" cellspacing=\"0\" cellpadding=\"0\">\n<tr>\n<td><\/td>\n<td><\/td>\n<\/tr>\n<p>  <!-- #BeginEditable \"materias\" -->   <\/p>\n<tr>\n<td align=\"LEFT\" valign=\"TOP\"><\/td>\n<td align=\"LEFT\" valign=\"TOP\">\n<p><a name=\"ainformativo1\"><span class=\"titulo\">DICAS      DE SITES INTERESSANTES<\/span><br \/>     <\/a> <img loading=\"lazy\" decoding=\"async\" src=\"https:\/\/www.ufmg.br\/dti\/wp-content\/uploads\/imgs\/tudo_pixel.gif\" width=\"1\" height=\"20\" alt=\"\" border=\"0\"><br \/>     <span class=\"texto\"> Adyrus, o ca&ccedil;ador de sites, enviou as seguintes      dicas:<\/p>\n<p>     &#8211; Se voc&ecirc; est&aacute; afim de ganhar pr&ecirc;mios e &eacute;      bom de game, aponte seu navegador virtual para a p&aacute;gina <a href=\"http:\/\/www.cocacola.com.br\">http:\/\/www.cocacola.com.br<\/a>      e fique por dento de como participar de uma promo&ccedil;&atilde;o.      S&atilde;o centenas de pr&ecirc;mios e um deles pode ser seu.<\/p>\n<p>     &#8211; Basta dar uma circulada pela internet e conferir blogs de f&atilde;s:      Harry Potter (http:\/\/www.hogsmeade.com.br\/) e o C&aacute;lice de Fogo,      que estr&eacute;ia no Brasil nesta sexta-feira depois de bater recordes      de bilheteria nos Estados Unidos e na Gr&atilde;-Bretanha, &eacute;      considerado o melhor filme j&aacute; feito sobre a s&eacute;rie de J.K.      Rowling. Veja em <a href=\"http:\/\/www.tudosobrecinema.com\/popcorn\/\">http:\/\/www.tudosobrecinema.com\/popcorn\/<\/a>.<\/p>\n<p>     &#8211; No Portal Interestadual de Informa&ccedil;&otilde;es Fiscais (<a href=\"http:\/\/www.portalfiscal.se.gov.br\/WebPortalFiscal\/notaFiscalEletronica\/index.jsp\">http:\/\/www.portalfiscal.se.gov.br\/WebPortalFiscal\/notaFiscalEletronica\/index.jsp<\/a>),      o link Nota Fiscal Eletr&ocirc;nca tem como objetivo a divulga&ccedil;&atilde;o      de informa&ccedil;&otilde;es sobre o Projeto Nota Fiscal Eletr&ocirc;nica      (NF-e). Este projeto &eacute; coordenado pelo ENCAT (Encontro Nacional      dos Administradores e Coordenadores Tribut&aacute;rios Estaduais) e      desenvolvido em parceria com a Receita Federal do Brasil e tem como      finalidade a altera&ccedil;&atilde;o da sistem&aacute;tica atual de      emiss&atilde;o da nota fiscal em papel, por nota fiscal eletr&ocirc;nica      com validade jur&iacute;dica para todos os fins.<\/p>\n<p>     &#8211; O Portal do Leitor (<a href=\"http:\/\/www.portaldoleitor.com.br\/\">http:\/\/www.portaldoleitor.com.br\/<\/a>)      &eacute; o lugar onde todos os apaixonados por leitura se encontram.      S&atilde;o milhares de informa&ccedil;&otilde;es, discutidas pelos pr&oacute;prios      leitores, com participa&ccedil;&atilde;o das editoras, livrarias e escritores.      E tudo isso &eacute; gratuito! Participe. Cadastre-se Apaixone-se ainda      mais pela leitura.<\/p>\n<p>     &#8211; Certifica&ccedil;&atilde;o Digital &eacute; um conjunto de t&eacute;cnicas      e processos que propiciam mais seguran&ccedil;a &agrave;s comunica&ccedil;&otilde;es      e transa&ccedil;&otilde;es eletr&ocirc;nicas, permitindo tamb&eacute;m      a guarda segura de documentos. Entenda e utilize a Certifica&ccedil;&atilde;o      Digital, baixando um manual explicativo produzido pelo ITI em <a href=\"http:\/\/www.iti.br\/twiki\/bin\/view\/Main\/Cartilhas\">http:\/\/www.iti.br\/twiki\/bin\/view\/Main\/Cartilhas<\/a>.<\/p>\n<p>     &#8211; O Brasil &eacute; o pa&iacute;s de maior biodiversidade do planeta.      Sua macrofauna &eacute; constitu&iacute;da de 525 esp&eacute;cies de      mam&iacute;feros, 1622 de p&aacute;ssaros, 468 de r&eacute;pteis e 517      esp&eacute;cies de anf&iacute;-bios, sendo que 788 esp&eacute;cies s&atilde;o      end&ecirc;micas, s&oacute; ocorrem no pa&iacute;s. &Eacute; o pa&iacute;s      com maior n&uacute;mero de esp&eacute;cies vegetais e de mam&iacute;feros      e o segundo mais rico em anf&iacute;bios. Saiba mais em <a href=\"http:\/\/www.brazilnature.com\/fauna\/index.html\">http:\/\/www.brazilnature.com\/fauna\/index.html<\/a>.<\/p>\n<p>     &#8211; A Acessibilidade Brasil (<a href=\"http:\/\/www.acessobrasil.org.br\/\">http:\/\/www.acessobrasil.org.br\/<\/a>)      &eacute; uma sociedade constitu&iacute;da por especialistas da &aacute;rea      de educa&ccedil;&atilde;o especial, professores, engenheiros, administradores      de empresas, arquitetos, desenhistas industriais, analistas de sistemas      e jornalistas, que t&ecirc;m como interesse comum o apoio, a&ccedil;&otilde;es      e projetos que privilegiem a inclus&atilde;o social e econ&ocirc;mica      de pessoas portadoras de necessidades especiais. <\/p>\n<p>     &#8211; Um cachorro norte-americano, de nome Sam (<a href=\"http:\/\/samugliestdog.typepad.com\/photos\/sam_ugly_dog_winner\/index.html\">http:\/\/samugliestdog.typepad.com\/photos\/sam_ugly_dog_winner\/index.html<\/a>)      e (<a href=\"http:\/\/samugliestdog.typepad.com\/\">http:\/\/samugliestdog.typepad.com\/<\/a>),      venceu tr&ecirc;s vezes consecutivas o concurso online de cachorro mais      feio do mundo. A dona do cachorro, Susie Lockheed, foi quem o inscreveu      no concurso. Mas a vida de cachorro acabou ap&oacute;s 15 anos, pois      ele morreu por insufici&ecirc;ncia renal. A not&iacute;cia foi dada      tamb&eacute;m CNN International (<a href=\"http:\/\/www.cnn.com\/2005\/US\/11\/22\/ugly.dog.ap\/\">http:\/\/www.cnn.com\/2005\/US\/11\/22\/ugly.dog.ap\/<\/a>).      Sam era um c&atilde;o de crista chin&ecirc;s (Chinese Crested Dog),      que &eacute; uma ra&ccedil;a de c&atilde;o pelado.<\/p>\n<p>     &#8211; Dica do Nilson: Olha que interessante! Em <a href=\"http:\/\/www.bc.gov.br\/htms\/bcjovem\/moedasmundo.htm\">http:\/\/www.bc.gov.br\/htms\/bcjovem\/moedasmundo.htm<\/a>,      voc&ecirc; passa o mouse em cima do Pa&iacute;s e o sistema mostra com      quantos reais voc&ecirc; compraria a moeda local. Clique no mapa e procure      o Pa&iacute;s desejado.<\/span><\/p>\n<p><span class=\"texto\"><br \/>     <\/span>    <\/p>\n<\/td>\n<\/tr>\n<tr>\n<td align=\"LEFT\" valign=\"TOP\"><\/td>\n<td align=\"LEFT\" valign=\"TOP\"><a name=\"ainformativo2\"><span class=\"titulo\">EUA T&Ecirc;M     PODER PARA TIRAR UM PA&Iacute;S INTEIRO DA REDE<\/span><\/a> <span class=\"texto\">     <\/p>\n<p>O Globo Online, de 17\/11\/2005, divulgou a seguinte not&iacute;cia &#8211;      15h04m<br \/>     EUA t&ecirc;m poder para tirar um pa&iacute;s inteiro da rede &#8211; Tecnicamente,      os Estados Unidos podem isolar um pa&iacute;s inteiro da internet, embora      poucos acreditem que isso seja prov&aacute;vel de acontecer. O isolamento      seria poss&iacute;vel com uma altera&ccedil;&atilde;o no principal servidor      raiz da Organiza&ccedil;&atilde;o da Internet para Designa&ccedil;&atilde;o      de Nomes e N&uacute;meros (Icann, na sigla em ingl&ecirc;s). <\/p>\n<p>     A Icann &eacute; uma organiza&ccedil;&atilde;o n&atilde;o governamental      sem fins lucrativos sediada na Calif&oacute;rnia que centraliza os dom&iacute;nios      de primeiro n&iacute;vel da rede, a exemplo do &#8216;.com&#8217; e      o &#8216;.br&#8217;. <br \/>     Esse servidor-m&atilde;e da Icann replica as atualiza&ccedil;&otilde;es      feitas nele para outras m&aacute;quinas espalhadas pelo mundo. Se, por      exemplo, o dom&iacute;nio do Iraque (.iq) for tirado do sistema, as      outras m&aacute;quinas-espelho, como a do Brasil, perder&atilde;o o      contato com as p&aacute;ginas do pa&iacute;s, embora a na&ccedil;&atilde;o      ainda possa utilizar a internet internamente. <\/p>\n<p>     &#8211; Um &uacute;nico pa&iacute;s controla a internet &#8211; critica o secret&aacute;rio      de log&iacute;stica e tecnologia da informa&ccedil;&atilde;o do Minist&eacute;rio      do Planejamento, Rog&eacute;rio Santanna, um dos representantes do Brasil      na c&uacute;pula. <\/p>\n<p>     Integrante brasileira do conselho da Icann e secret&aacute;ria de pol&iacute;tica      de inform&aacute;tica na segunda gest&atilde;o de Fernando Henrique      Cardoso, Vanda Scartezini, ressalva que a administra&ccedil;&atilde;o      das m&aacute;quinas &eacute; feita por funcion&aacute;rios sem interesses      pol&iacute;ticos ou liga&ccedil;&atilde;o com o governo americano, como      acad&ecirc;micos. <br \/>     &#8211; &Eacute; praticamente invi&aacute;vel que isso aconte&ccedil;a. Precisariam      passar por cima dessas pessoas &#8211; diz. <\/p>\n<p>     Mesmo com a cria&ccedil;&atilde;o do f&oacute;rum internacional, os      Estados Unidos ainda manteriam o poder de tirar um pa&iacute;s da rede,      j&aacute; que a administra&ccedil;&atilde;o de dom&iacute;nios conti-nuar&aacute;      sendo feita pela Icann. Por ser americana, a empresa est&aacute; sujeita      &agrave;s leis locais e &agrave;s determina&ccedil;&otilde;es do Departamento      de Com&eacute;rcio dos EUA.<\/p>\n<p>    <\/span> <\/td>\n<\/tr>\n<tr>\n<td align=\"LEFT\" valign=\"TOP\"><\/td>\n<td align=\"LEFT\" valign=\"TOP\"><a name=\"ainformativo3\"><span class=\"titulo\">APROVADA     PROPOSTA DO BRASIL PARA DAR VOZ AOS GOVERNOS NA GEST&Atilde;O WEB<\/span><\/a>     <span class=\"texto\">     <\/p>\n<p>O <strong>Globo Online<\/strong>, de 18\/11\/2005, divulgou a not&iacute;cia      <em>Aprovada proposta do Brasil para dar voz aos governos na gest&atilde;o      da web<\/em>, transcrita a seguir:<\/p>\n<p>     A proposta brasileira para que os governos possam discutir pol&iacute;ticas      p&uacute;blicas ligadas &agrave; internet em p&eacute; de igualdade      com a iniciativa privada, acad&ecirc;micos e sociedade civil venceu      e foi aprovada na C&uacute;pula Mundial sobre a Sociedade da Informa&ccedil;&atilde;o,      encerrada nesta sexta-feira na Tun&iacute;sia. Os assuntos ligados &agrave;      governan&ccedil;a da rede dominaram o encontro. <\/p>\n<p>     A C&uacute;pula criou, por unanimidade, o chamado &#8220;F&oacute;rum      da Governan&ccedil;a da Internet&#8221;, cuja primeira reuni&atilde;o      ocorrer&aacute; j&aacute; em 2006, em Atenas. At&eacute; hoje n&atilde;o      havia um &oacute;rg&atilde;o multilateral que discutisse crimes cibern&eacute;ticos      ou spams, por exemplo. A &uacute;nica regula&ccedil;&atilde;o internacional      que existe &eacute; a da Icann, uma organiza&ccedil;&atilde;o sem fins      lucrativos, dos Estados Unidos, que controla o registro de nomes e dom&iacute;nios      (&#8220;.com&#8221; ou &#8220;.br&#8221;). <\/p>\n<p>     A Icann vinha sendo alvo de intenso bombardeio, inclusive por Brasil      e Uni&atilde;o Europ&eacute;ia, por estar subordinada ao Departamento      de Com&eacute;rcio Americano por meio de um memorando de entendimento.      <\/p>\n<p>     Segundo nota divulgada pelo secret&aacute;rio de log&iacute;stica e      tecnologia da informa&ccedil;&atilde;o do Minist&eacute;rio do Planejamento,      Rog&eacute;rio Santanna, um dos representantes do Brasil na c&uacute;pula,      a governan&ccedil;a da internet foi o tema mais dif&iacute;cil das negocia&ccedil;&otilde;es,      mas, ao final, a internacionaliza&ccedil;&atilde;o da gest&atilde;o      da rede foi garantida com a aprova&ccedil;&atilde;o da proposta brasileira.      <br \/>     Segundo ele, foi acertado tamb&eacute;m que o gerenciamento dos nomes      de dom&iacute;nio dos pa&iacute;ses (como o &#8220;.br&#8221;) somente      podem ser feitos pelos pr&oacute;prios pa&iacute;ses e que os nomes      de dom&iacute;nios gen&eacute;ricos (&#8220;.com&#8221; ou &#8220;.org&#8221;)      ser&atilde;o coordenados internacionalmente, e n&atilde;o mais exclusivamente      pela Icann. <\/p>\n<p>     Santanna disse que a delega&ccedil;&atilde;o brasileira, chefiada pelo      ministro da Cultura, Gilberto Gil, contribuiu decisivamente para os      resultados da c&uacute;pula e para a reda&ccedil;&atilde;o dos documentos      adotados. De acordo com ele, o Brasil atuou em conjunto com a &Iacute;ndia,      a &Aacute;frica do Sul e os pa&iacute;ses da Am&eacute;rica Latina e      do Caribe. <\/p>\n<p>     Foi aprovada tamb&eacute;m a constitui&ccedil;&atilde;o do f&oacute;rum      da governan&ccedil;a pelo secret&aacute;rio-geral das Na&ccedil;&otilde;es      Unidas, Kofi Annan, outra reivindica&ccedil;&atilde;o do Brasil. A estrutura      ser&aacute; parecida com a do Comit&ecirc;-Gestor da Internet no Brasil,      composto por acad&ecirc;micos, representantes do governo, da iniciativa      privada e da sociedade civil. <\/p>\n<p>    <\/span><\/td>\n<\/tr>\n<tr>\n<td align=\"LEFT\" valign=\"TOP\"><\/td>\n<td align=\"LEFT\" valign=\"TOP\"><a name=\"ainformativo4\" id=\"4\"><span class=\"titulo\">CASU     ELEGE NOVOS CONSELHEIROS<\/span><\/a> <span class=\"texto\">     <\/p>\n<p>Os associados da Caixa de Assist&ecirc;ncia &agrave; Sa&uacute;de da      Universidade &#8211; Casu UFMG ir&atilde;o &agrave;s urnas nesta sexta-feira,      dia 25, para eleger dois ter&ccedil;os dos membros do Conselho Consultivo      &#8211; seis titulares e dois suplentes &#8211; e seis membros do Conselho Fiscal      da institui&ccedil;&atilde;o.<\/p>\n<p>     A elei&ccedil;&atilde;o ser&aacute; oficializada em Assembl&eacute;ia      Geral Extraordin&aacute;ria, no Audit&oacute;rio 3 do Instituto de Ci&ecirc;ncias      Biol&oacute;gicas (ICB), no campus Pampulha, a ser instalada &agrave;s      8h, em primeira convoca&ccedil;&atilde;o, com a presen&ccedil;a de no      m&iacute;nimo 50% dos associados, ou &agrave;s 9h, em segunda convoca&ccedil;&atilde;o,      com qualquer n&uacute;mero.<\/p>\n<p>     Haver&aacute; urnas para recolhimento de votos, das 10h30 &agrave;s      17h, nos seguintes locais:<br \/>     &#8211; Sede da Casu &#8211; Pra&ccedil;a de Servi&ccedil;os do campus Pampulha      <br \/>     &#8211; Entrada da Faculdade de Medicina da UFMG (campus Sa&uacute;de)<br \/>     &#8211; Faculdade de Ci&ecirc;ncias Econ&ocirc;micas &#8211; rua Curitiba, 832,      Belo Horizonte <br \/>     &#8211; Cefet I &#8211; Av. Amazonas, 5.855, Belo Horizonte<br \/>     &#8211; UFVJM &#8211; Diamantina<\/p>\n<p>     Podem votar associados titulares, mediante apresenta&ccedil;&atilde;o      de documento de identidade e carteira da Casu.<\/p>\n<p>     A apura&ccedil;&atilde;o dos votos ser&aacute; realizada no dia 28 a      partir das 9h30, na sede da Casu, sendo aberta aos associados titulares      da entidade, e a divulga&ccedil;&atilde;o do resultado no dia seguinte,      &agrave;s 9h30. (Fonte: <a href=\"http:\/\/www.ufmg.br\/online\/arquivos\/002525.shtml\">http:\/\/www.ufmg.br\/online\/arquivos\/002525.shtml<\/a>      &#8211; 23 de novembro\/2005)    <\/p>\n<p>    <\/span><\/td>\n<\/tr>\n<tr>\n<td align=\"LEFT\" valign=\"TOP\"><\/td>\n<td align=\"LEFT\" valign=\"TOP\"><a name=\"ainformativo5\" id=\"5\"><span class=\"titulo\">CONCERTO     DE PRIMAVERA ABRE COMEMORA&Ccedil;&Otilde;ES DE ANIVERS&Aacute;RIO DA     OAP<\/span><\/a> <span class=\"texto\">     <\/p>\n<p>Para abrir as comemora&ccedil;&otilde;es pelo seu d&eacute;cimo anivers&aacute;rio,      a ser festejado durante o ano de 2006, a Organiza&ccedil;&atilde;o dos      Aposentados e Pensionistas da Universidade (OAP) realiza, nesta sexta-feira,      dia 25, &agrave;s 19h30, no Conservat&oacute;rio UFMG, o Concerto de      Primavera.<\/p>\n<p>     O evento ter&aacute; duas atra&ccedil;&otilde;es &#8211; o pianista Leoni      Werner e, em seguida, o duo com Alexandre Braga (flauta) e Celso Faria      (viol&atilde;o). <\/p>\n<p>     Durante o Concerto ser&aacute; lan&ccedil;ado o programa de comemora&ccedil;&atilde;o      pelos dez anos da entidade, com concursos, exposi&ccedil;&otilde;es      e projetos culturais.<\/p>\n<p>     Fundada em agosto de 1996, a OAP possui atualmente 2.300 associados,      entre professores, funcion&aacute;rios aposentados e pen-sionistas da      Universidade. <br \/>     Interessados em assistir ao Concerto de Primavera devem confirmar a      presen&ccedil;a, para a reserva de lugar, pelo telefone 3499-4505 ou      pelo endere&ccedil;o eletr&ocirc;nico oapufmg@ yahoo.com.br. <\/p>\n<p>     (Fonte: <a href=\"http:\/\/www.ufmg.br\/online\/arquivos\/002527.shtml\">http:\/\/www.ufmg.br\/online\/arquivos\/002527.shtml<\/a>&#8211;      23 de novembro\/2005 )<\/p>\n<p>    <\/span><\/td>\n<\/tr>\n<tr>\n<td align=\"LEFT\" valign=\"TOP\"><\/td>\n<td align=\"LEFT\" valign=\"TOP\"><a name=\"ainformativo6\" id=\"6\"><span class=\"titulo\">PR&Oacute;XIMAS     ATRA&Ccedil;&Otilde;ES DA QUARTA DOZE E TRINTA<\/span><\/a> <span class=\"texto\">     <\/p>\n<p>Na pr&oacute;xima semana, no dia 30, o Quarta Doze e Trinta apresenta      concerto com o maestro e compositor Francis Hime, que apresentar&aacute;      os maiores sucessos de sua carreira, no Audit&oacute;rio da Reitoria.<\/p>\n<p>     E encerrando a programa&ccedil;&atilde;o deste ano, no dia 07\/12, a      Orquestra Mineira de Violas se apresentar&aacute; na Pra&ccedil;a de      Servi&ccedil;os.<\/p>\n<p>     Nestas duas apresenta&ccedil;&otilde;es, a Diretoria de A&ccedil;&atilde;o      Cultural UFMG solicita ao p&uacute;blico a doa&ccedil;&atilde;o de alimentos      n&atilde;o perec&iacute;veis (exceto sal e fub&aacute;), e tamb&eacute;m      brinquedos e roupas, novos ou usados, desde que em bom estado de conserva&ccedil;&atilde;o,que      ser&atilde;o encaminhados pela Coordenadoria de Assuntos Comunit&aacute;rios      &agrave; fam&iacute;lias carentes e institui&ccedil;&otilde;es de caridade.     <\/p>\n<p>    <\/span><\/td>\n<\/tr>\n<tr>\n<td align=\"LEFT\" valign=\"TOP\"><\/td>\n<td align=\"LEFT\" valign=\"TOP\"><a name=\"ainformativo7\" id=\"7\"><span class=\"titulo\">MEM&Oacute;RIA     FOTOGR&Aacute;FICA DO CECOM<\/span><\/a> <span class=\"texto\">     <\/p>\n<p>As fotos desta semana foram tiradas no per&iacute;odo de 16 a 20 de      fevereiro\/2004, durante o registro acad&ecirc;mico e matr&iacute;cula      dos calouros daquele ano. Vale lembrar que, no &uacute;ltimo dia, o      ex-estagi&aacute;rio do CECOM, Tiago Alisson Xavier da Silva, foi um      dos &uacute;ltimos calouros a fazer o registro. As fotos s&atilde;o      de autoria do Le&atilde;o.<\/p>\n<p align=\"center\"><img loading=\"lazy\" decoding=\"async\" src=\"https:\/\/www.ufmg.br\/dti\/wp-content\/uploads\/fotos\/calouros2004_al_0016.jpg\" width=\"352\" height=\"288\"><br \/>     <em><font face=\"1\">Os funcion&aacute;rios do DRCA recebendo os calouros<\/font><\/em>    <\/p>\n<p align=\"center\"><img loading=\"lazy\" decoding=\"async\" src=\"https:\/\/www.ufmg.br\/dti\/wp-content\/uploads\/fotos\/calouros2004_al_05_cor.jpg\" width=\"352\" height=\"288\"><br \/>     <em><strong><font face=\"1\">Os funcion&aacute;rios do DRCA recebendo      os calouros<\/font><\/strong><\/em><\/p>\n<p>     <img loading=\"lazy\" decoding=\"async\" src=\"https:\/\/www.ufmg.br\/dti\/wp-content\/uploads\/fotos\/reg2004final_0009.jpg\" width=\"352\" height=\"288\"><br \/>     <em><strong><font face=\"1\">Ana L&uacute;cia Diniz, diretora do DRCA,      recebendo o &uacute;ltimo calouro, Tiago Alisson<\/font><\/strong><\/em><\/p>\n<p align=\"center\"><img loading=\"lazy\" decoding=\"async\" src=\"https:\/\/www.ufmg.br\/dti\/wp-content\/uploads\/fotos\/calouros2004reg_0004.jpg\" width=\"352\" height=\"288\"><br \/>     <font face=\"1\"><em><strong>A identifica&ccedil;&atilde;o digital, vendo-se      Vin&iacute;cius Henrique<\/strong><\/em><\/font><\/p>\n<p>&nbsp;<\/p>\n<p>    <\/span><\/td>\n<\/tr>\n<p>  <!-- #EndEditable -->  <\/table>\n<p> <!-- fim noticias --> <!-- tabela ha 20 anos --> <\/p>\n<table border=\"0\" cellspacing=\"0\" cellpadding=\"0\" class=\"cinza\">\n<tr>\n<td><img loading=\"lazy\" decoding=\"async\" src=\"https:\/\/www.ufmg.br\/dti\/wp-content\/uploads\/imgs\/tudo_pixel.gif\" width=\"1\" height=\"1\" alt=\"\" border=\"0\"><\/td>\n<td><img loading=\"lazy\" decoding=\"async\" src=\"https:\/\/www.ufmg.br\/dti\/wp-content\/uploads\/imgs\/tudo_pixel.gif\" width=\"19\" height=\"1\" alt=\"\" border=\"0\"><\/td>\n<td><img loading=\"lazy\" decoding=\"async\" src=\"https:\/\/www.ufmg.br\/dti\/wp-content\/uploads\/imgs\/tudo_pixel.gif\" width=\"510\" height=\"1\" alt=\"\" border=\"0\"><\/td>\n<td><img loading=\"lazy\" decoding=\"async\" src=\"https:\/\/www.ufmg.br\/dti\/wp-content\/uploads\/imgs\/tudo_pixel.gif\" width=\"19\" height=\"1\" alt=\"\" border=\"0\"><\/td>\n<td><img loading=\"lazy\" decoding=\"async\" src=\"https:\/\/www.ufmg.br\/dti\/wp-content\/uploads\/imgs\/tudo_pixel.gif\" width=\"1\" height=\"1\" alt=\"\" border=\"0\"><\/td>\n<\/tr>\n<tr>\n<td class=\"vermelho\" colspan=\"5\"><img loading=\"lazy\" decoding=\"async\" src=\"https:\/\/www.ufmg.br\/dti\/wp-content\/uploads\/imgs\/tudo_pixel.gif\" width=\"1\" height=\"1\" alt=\"\" border=\"0\"><\/td>\n<\/tr>\n<tr>\n<td class=\"vermelho\"><img loading=\"lazy\" decoding=\"async\" src=\"https:\/\/www.ufmg.br\/dti\/wp-content\/uploads\/imgs\/tudo_pixel.gif\" width=\"1\" height=\"1\" alt=\"\" border=\"0\"><\/td>\n<td><img loading=\"lazy\" decoding=\"async\" src=\"https:\/\/www.ufmg.br\/dti\/wp-content\/uploads\/imgs\/tudo_pixel.gif\" width=\"1\" height=\"1\" alt=\"\" border=\"0\"><\/td>\n<td align=\"LEFT\" valign=\"TOP\"><!-- #BeginEditable \"ha 20 anos\" --><a name=\"ainformativo8\" id=\"8\"><img loading=\"lazy\" decoding=\"async\" src=\"https:\/\/www.ufmg.br\/dti\/wp-content\/uploads\/imgs\/tudo_pixel.gif\" width=\"1\" height=\"8\" alt=\"\" border=\"0\"><br \/>    <span class=\"titulo\">H\u00e1 20 anos&#8230;<\/span><\/a> <span class=\"texto\">     <\/p>\n<p>O Sistem&aacute;tico Ano IX, no 45, de 21\/11\/1985, publicou not&iacute;cias      sobre Inform&aacute;tica 86, Telecongresso, 5o Simp&oacute;sio sobre      Desenvolvimento de Software, sa&iacute;da da bolsista Andr&eacute;ia      Cardoso Alves, entre outras. A not&iacute;cia que se destacou foi: <\/p>\n<p><strong>NOVOS BOLSISTAS NO CECOM<\/strong><br \/>     <font face=\"1\">Ap&oacute;s a entrevista realizada na semana passada,      o CECOM selecionou entre 25 alunos da UFMG, seus novos bolsistas. Foram      selecionados os seguintes candidatos: Eug&ecirc;nia Vale Marques, aluna      do curso de Ci&ecirc;ncia da Computa&ccedil;&atilde;o (Setor de Software);      Rodrigo Torres Assump&ccedil;&atilde;o, do curso de Ci&ecirc;ncia da      Computa&ccedil;&atilde;o e Paulo Maia da Costa Ribeiro, aluno do curso      de F&iacute;sica (Setor de Programa&ccedil;&atilde;o); Al&eacute;xia      Loureiro Ara&uacute;jo, do curso de Ci&ecirc;ncia da Computa&ccedil;&atilde;o      e Simone Lopes de Moura, do curso de Estat&iacute;stica (Setor de Apoio      ao Usu&aacute;rio).<br \/>     A Divis&atilde;o de N&uacute;cleos Computacionais deve divulgar a sua      sele&ccedil;&atilde;o ainda esta semana. <\/font><\/p>\n<p>    <\/span><!-- #EndEditable --><br \/>     <img loading=\"lazy\" decoding=\"async\" src=\"https:\/\/www.ufmg.br\/dti\/wp-content\/uploads\/imgs\/tudo_pixel.gif\" width=\"1\" height=\"8\" alt=\"\" border=\"0\"><\/td>\n<td><img loading=\"lazy\" decoding=\"async\" src=\"https:\/\/www.ufmg.br\/dti\/wp-content\/uploads\/imgs\/tudo_pixel.gif\" width=\"1\" height=\"1\" alt=\"\" border=\"0\"><\/td>\n<td class=\"vermelho\"><img loading=\"lazy\" decoding=\"async\" src=\"https:\/\/www.ufmg.br\/dti\/wp-content\/uploads\/imgs\/tudo_pixel.gif\" width=\"1\" height=\"1\" alt=\"\" border=\"0\"><\/td>\n<\/tr>\n<tr>\n<td class=\"vermelho\" colspan=\"5\"><img loading=\"lazy\" decoding=\"async\" src=\"https:\/\/www.ufmg.br\/dti\/wp-content\/uploads\/imgs\/tudo_pixel.gif\" width=\"1\" height=\"1\" alt=\"\" border=\"0\"><\/td>\n<\/tr>\n<\/table>\n<p> <!-- fim tabela ha 20 anos --><\/div>\n<p><a name='eventos'><\/a><\/p>\n<h4>Eventos<\/h4>\n<div class=\"centro-sistematico\">  <!-- noticias --> <\/p>\n<table border=\"0\" cellspacing=\"0\" cellpadding=\"0\">\n<tr>\n<td><\/td>\n<td><\/td>\n<\/tr>\n<p>  <!-- #BeginEditable \"materias\" -->   <\/p>\n<tr>\n<td align=\"LEFT\" valign=\"TOP\"><\/td>\n<td align=\"LEFT\" valign=\"TOP\"> <a name=\"aeventos1\"><span class=\"titulo\">SOCIAIS<\/span><\/a>     <span class=\"texto\">     <\/p>\n<p><strong>ANIVERS&Aacute;RIOS:<\/strong> <em>&#8220;O Sistem&aacute;tico&#8221;      envia os parab&eacute;ns para os ex-ceconianos: Alex Alves de Souza      e Nei Renato Koetz, hoje, dia 24; Paulo C&eacute;sar de Oliveira e Jos&eacute;      Lopes de Siqueira Neto, no dia 25; Lino Alves Campolina, no dia 26;      Frederico Torres Fonseca, no dia 27; Pedro Schettini Cunha e Maria Laura      Baptista Rodrigues, no dia 28; Cl&eacute;lia Camargo Cardoso, no dia      29; e prof. Ivan Moura Campos, no dia 1o de dezembro. <\/em><\/p>\n<p>    <\/span><\/td>\n<\/tr>\n<p>  <!-- #EndEditable -->  <\/table>\n<p> <!-- fim noticias --><\/div>\n","protected":false},"excerpt":{"rendered":"<p>Not\u00edcias ANDIFES PROMOVE VI ENCONTRO DE DIRIGENTES DE TI CECOM ENCERRA APOIO &Agrave; ELEI&Ccedil;&Atilde;O PARA REITOR VETERIN&Aacute;RIA EST&Aacute; COMPLETAMENTE LIGADA &Agrave; REDE GIGA USO DE SISTEMA DE INVENT&Aacute;RIO DE PARQUE COMPUTACIONAL SER&Aacute; AMPLIADO EQUIPE DE DESEMBALAGEM DO VESTIBULAR 2006 DA UFMG EST&Aacute; FORMADA Informativo DICAS DE SITES INTERESSANTES EUA T&Ecirc;M PODER PARA TIRAR UM PA&Iacute;S &#8230; <a title=\"Sistem\u00e1tico: Edi\u00e7\u00e3o 1270 &#8211; 24\/11\/2005\" class=\"read-more\" href=\"https:\/\/www.ufmg.br\/dti\/2005\/11\/24\/sistematico-edicao-1270-24112005\/\" aria-label=\"Read more about Sistem\u00e1tico: Edi\u00e7\u00e3o 1270 &#8211; 24\/11\/2005\">Ler mais<\/a><\/p>\n","protected":false},"author":3,"featured_media":0,"comment_status":"open","ping_status":"open","sticky":false,"template":"","format":"standard","meta":{"inline_featured_image":false,"footnotes":""},"categories":[13],"tags":[],"coauthors":[79],"class_list":["post-1357","post","type-post","status-publish","format-standard","hentry","category-sistematico"],"_links":{"self":[{"href":"https:\/\/www.ufmg.br\/dti\/wp-json\/wp\/v2\/posts\/1357","targetHints":{"allow":["GET"]}}],"collection":[{"href":"https:\/\/www.ufmg.br\/dti\/wp-json\/wp\/v2\/posts"}],"about":[{"href":"https:\/\/www.ufmg.br\/dti\/wp-json\/wp\/v2\/types\/post"}],"author":[{"embeddable":true,"href":"https:\/\/www.ufmg.br\/dti\/wp-json\/wp\/v2\/users\/3"}],"replies":[{"embeddable":true,"href":"https:\/\/www.ufmg.br\/dti\/wp-json\/wp\/v2\/comments?post=1357"}],"version-history":[{"count":0,"href":"https:\/\/www.ufmg.br\/dti\/wp-json\/wp\/v2\/posts\/1357\/revisions"}],"wp:attachment":[{"href":"https:\/\/www.ufmg.br\/dti\/wp-json\/wp\/v2\/media?parent=1357"}],"wp:term":[{"taxonomy":"category","embeddable":true,"href":"https:\/\/www.ufmg.br\/dti\/wp-json\/wp\/v2\/categories?post=1357"},{"taxonomy":"post_tag","embeddable":true,"href":"https:\/\/www.ufmg.br\/dti\/wp-json\/wp\/v2\/tags?post=1357"},{"taxonomy":"author","embeddable":true,"href":"https:\/\/www.ufmg.br\/dti\/wp-json\/wp\/v2\/coauthors?post=1357"}],"curies":[{"name":"wp","href":"https:\/\/api.w.org\/{rel}","templated":true}]}}