{"id":1360,"date":"2005-11-03T08:00:00","date_gmt":"2005-11-03T08:00:00","guid":{"rendered":"https:\/\/www.ufmg.br\/dti\/cecom\/?p=1360"},"modified":"2005-11-03T08:00:00","modified_gmt":"2005-11-03T08:00:00","slug":"sistematico-edicao-1267-03112005","status":"publish","type":"post","link":"https:\/\/www.ufmg.br\/dti\/2005\/11\/03\/sistematico-edicao-1267-03112005\/","title":{"rendered":"Sistem\u00e1tico: Edi\u00e7\u00e3o 1267 &#8211; 03\/11\/2005"},"content":{"rendered":"<ul>\n<li><a href=\"\/dti\/#noticias\">Not\u00edcias<\/a>\n<div class='submenuSistematico'>\n<ul>\n<li><a href=\"\/dti\/#anoticias1\"><span class=\"titulo\">UFMG EST&Aacute;     PARTICIPANDO DP PROJETO FONE@RNP<\/span><\/a><\/li>\n<li><a href=\"\/dti\/#anoticias2\"><span class=\"titulo\">VESTIBULAR     DIVULGAR&Aacute; RESULTADOS VIA SERVI&Ccedil;O WAP<\/span><\/a><\/li>\n<li><a href=\"\/dti\/#anoticias3\"><span class=\"titulo\">CECOM IMPLANTA     R&Eacute;PLICA DE LDAP UFMG<\/span><\/a><\/li>\n<li><a href=\"\/dti\/#anoticias4\" id=\"4\"><span class=\"titulo\">ANIVERS&Aacute;RIO     DO CECOM<\/span><\/a><\/li>\n<\/ul>\n<\/div>\n<\/li>\n<li><a href=\"\/dti\/#informativo\">Informativo<\/a>\n<div class='submenuSistematico'>\n<ul>\n<li><a href=\"\/dti\/#ainformativo1\"><span class=\"titulo\">DICAS      DE SITES INTERESSANTES<\/span><br \/>     <\/a><\/li>\n<li><a href=\"\/dti\/#ainformativo2\"><span class=\"titulo\">VOIP DEVE     SE TORNAR OP&Ccedil;&Agrave;O FORTE DE COMUNICA&Ccedil;&Atilde;O EM DOIS     ANOS<\/span><\/a><\/li>\n<li><a href=\"\/dti\/#ainformativo3\" id=\"3\"><span class=\"titulo\">CANDIDATOS     &Agrave; REITORIA DA UFMG DISCUTEM <em>CULTURA E INCLUS&Atilde;O<\/em><\/span><\/a><\/li>\n<li><a href=\"\/dti\/#ainformativo4\" id=\"4\"><span class=\"titulo\">CONTINUA     O RECADASTRAMENTO DE DEPENDENTES DO IR<\/span><\/a><\/li>\n<li><a href=\"\/dti\/#ainformativo5\" id=\"5\"><span class=\"titulo\">INSCRI&Ccedil;&Otilde;ES     PARA BOLSA ENSINO SUPERIOR TERMINAM AMANH&Atilde;<\/span><\/a><\/li>\n<li><a href=\"\/dti\/#ainformativo6\" id=\"6\"><span class=\"titulo\">PR&Oacute;-RH     CONVIDA COMUNIDADE UNIVERSIT&Aacute;RIA A REFLETIR SOBRE AS RELA&Ccedil;&Otilde;ES     DE TRABALHO<\/span><\/a><\/li>\n<li><a href=\"\/dti\/#ainformativo7\" id=\"7\"><img loading=\"lazy\" decoding=\"async\" src=\"https:\/\/www.ufmg.br\/dti\/wp-content\/uploads\/imgs\/tudo_pixel.gif\" width=\"1\" height=\"8\" alt=\"\" border=\"0\"><br \/>    <span class=\"titulo\">H\u00e1 20 anos&#8230;<\/span><\/a><\/li>\n<\/ul>\n<\/div>\n<\/li>\n<li><a href=\"\/dti\/#eventos\">Eventos<\/a>\n<div class='submenuSistematico'>\n<ul>\n<li><a href=\"\/dti\/#aeventos1\"><span class=\"titulo\">SOCIAIS<\/span><\/a><\/li>\n<li><a href=\"\/dti\/#aeventos2\"><span class=\"titulo\">FUGINDO DO     STRESS<\/span><\/a><\/li>\n<\/ul>\n<\/div>\n<\/li>\n<\/ul>\n<p> <a name='noticias'><\/a><\/p>\n<h4>Not\u00edcias<\/h4>\n<div class=\"centro-sistematico\">  <!-- noticias --> <\/p>\n<table border=\"0\" cellspacing=\"0\" cellpadding=\"0\">\n<tr>\n<td><\/td>\n<td><\/td>\n<\/tr>\n<p>  <!-- #BeginEditable \"materias\" -->   <\/p>\n<tr>\n<td align=\"LEFT\" valign=\"TOP\"><\/td>\n<td align=\"LEFT\" valign=\"TOP\"> <a name=\"anoticias1\"><span class=\"titulo\">UFMG EST&Aacute;     PARTICIPANDO DP PROJETO FONE@RNP<\/span><\/a> <span class=\"texto\">     <\/p>\n<p>Esta semana, a UFMG aderiu oficialmente ao projeto fone@RNP, servi&ccedil;o      de telefonia IP destinado &agrave;s institui&ccedil;&otilde;es usu&aacute;rias      da rede RNP2. O servi&ccedil;o permite a pessoas, em mais de 200 institui&ccedil;&otilde;es      de ensino e pesquisa brasileiras, a comunica&ccedil;&atilde;o por voz      via Internet, usando computadores, telefones IP ou at&eacute; mesmo      seus pr&oacute;prios aparelhos telef&ocirc;nicos em seus departamentos.<\/p>\n<p>     A telefonia IP, tamb&eacute;m conhecida por VoIP (voice over IP), pode      ser definida como qualquer aplica&ccedil;&atilde;o telef&ocirc;nica      usada em uma rede de dados que utiliza o protocolo Internet (Internet      Protocol &#8211; IP) para trafegar voz.<\/p>\n<p>     O servi&ccedil;o fone@RNP &eacute; fruto do empenho do Grupo de Trabalho      Voz sobre IP (GT VoIP). Este GT vem desenvolvendo, desde 2002, uma solu&ccedil;&atilde;o      de telefonia IP para a rede nacional acad&ecirc;mica. Nesta etapa, o      projeto est&aacute; sendo denominado VoIP4all.<br \/>     Neste projeto, o objetivo &eacute; facilitar o acesso da comunidade      universit&aacute;ria &agrave;s outras institui&ccedil;&otilde;es de      ensino e pesquisa atrav&eacute;s do servi&ccedil;o da RNP. Liga&ccedil;&otilde;es      feitas diretamente entre as institui&ccedil;&otilde;es participantes      n&atilde;o teriam custos, reduzindo-se assim os gastos com servi&ccedil;os      de DDD. Como membro do grupo avan&ccedil;ado do projeto VoIP e tamb&eacute;m      do projeto de diret&oacute;rios, a UFMG pretende integrar o sistema      de autentica&ccedil;&atilde;o com a base LDAP do Grude, desenvolvida      pelo LCC. Algumas das institui&ccedil;&otilde;es usu&aacute;rias j&aacute;      disponibilizam, al&eacute;m de liga&ccedil;&otilde;es para seus ramais      internos, o acesso a liga&ccedil;&otilde;es para a rede p&uacute;blica      de telefonia de sua cidade. S&atilde;o elas: UFAM (DDD 91, Manaus),      MEC (DDD 61, Bras&iacute;lia), RNP-Campinas (DDD 19, Campinas), UFC      (DDD 85, Fortaleza), UFPE (DDD 81, Recife), UFRJ (DDD 21, Rio de Janeiro)      e UFSC (DDD 48, Florian&oacute;polis).<\/p>\n<p>     Al&eacute;m de participar deste projeto, o CECOM est&aacute; implantando      o VoIP na UFMG atrav&eacute;s de outro enfoque, no qual pretende instalar      um servi&ccedil;o totalmente integrado &agrave;s centrais telef&ocirc;nicas      da Universidade, onde os ramais IPs (computadores ou aparelhos IP) poderiam      receber e fazer liga&ccedil;&otilde;es da e para a rede p&uacute;blica      como se fossem ramais comuns. Em fun&ccedil;&atilde;o do tamanho da      universidade, que em breve pode chegar a mais de 6 mil ramais, este      servi&ccedil;o deve ser disponibilizado apenas para funcion&aacute;rios      e professores que precisam manter contato constante durante as viagens,      como os docentes que est&atilde;o afastados para estudo, membros da      administra&ccedil;&atilde;o que viajam constantemente e t&eacute;cnicos      de manuten&ccedil;&atilde;o da infra-estrutura. Neste momento, est&atilde;o      sendo adquiridos equipamentos e placas para viabilizar a montagem desta      infra-estrutura. Os recursos est&atilde;o sendo viabilizados pelas economias      geradas pelo CECOM nos servi&ccedil;os tradicionais de telefonia.<br \/>     As atividades executadas, nestes dois projetos, est&atilde;o a cargo      da DRC e delas participam Fernando Frota Machado de Morais e o estagi&aacute;rio      e mestrando Felipe de Castro Louback Rocha.<\/p>\n<p>    <\/span> <\/td>\n<\/tr>\n<tr>\n<td align=\"LEFT\" valign=\"TOP\"><\/td>\n<td align=\"LEFT\" valign=\"TOP\"> <a name=\"anoticias2\"><span class=\"titulo\">VESTIBULAR     DIVULGAR&Aacute; RESULTADOS VIA SERVI&Ccedil;O WAP<\/span><\/a> <span class=\"texto\">     <\/p>\n<p>O WAP (Wireless Aplication Protocol), como a pr&oacute;pria sigla j&aacute;      diz, &eacute; um protocolo para aplica&ccedil;&otilde;es que rodam em      sistemas sem-fio e que serve para navegar na Internet tendo o celular      como instrumento. Nesse contexto enquadram-se celulares que utilizam      tecnologia GSM, palms etc. <\/p>\n<p>     A partir do pr&oacute;ximo concurso, o Vestibular da UFMG passar&aacute;      a ser um dos primeiros no Brasil a ter a capacidade de divulgar seu      resultado via WAP. O sistema funcionar&aacute; da seguinte maneira:      o candidato acessar&aacute; um endere&ccedil;o eletr&ocirc;nico a partir      de um celular e, uma vez conectado, informar&aacute; seu n&uacute;mero      de inscri&ccedil;&atilde;o para visualizar seu resultado. <br \/>     Com essa aplica&ccedil;&atilde;o, ser&aacute; reduzida a sobrecarga      que sempre acontece no site da COPEVE, nos dias de divulga&ccedil;&atilde;o      do resultado das duas etapas, pois esta consulta, al&eacute;m de ser      mais leve, estar&aacute; dispon&iacute;vel em outro servidor, sem acesso      direto ao banco de dados, o que agilizar&aacute; ainda mais o processo.      <\/p>\n<p>     O uso deste sistema n&atilde;o trar&aacute; qualquer custo adicional      para a UFMG, visto que est&aacute; sendo utilizado software livre na      configura&atilde;o do servidor e n&atilde;o h&aacute; custos de servi&ccedil;os      telef&ocirc;nicos, apesar da transmiss&atilde;o envolver telefonia celular.<br \/>     Este servi&ccedil;o foi idealizado por Jo&atilde;o Carlos Lages (Diretor      da DAS) e desenvolvida por Djim de Andrade Martins (estagi&aacute;rio      da DAS).<\/p>\n<p>     A partir de um aparelho celular com tecnologia GSM, que permita acesso      &agrave;s p&aacute;ginas com tecnologia WAP, &eacute; poss&iacute;vel      testar a aplica&ccedil;&atilde;o acessando o endere&ccedil;o do prot&oacute;tipo      do projeto em http:\/\/lepus.cecom.ufmg. br\/w1. Ser&aacute; exibida na      tela do celular uma p&aacute;gina solicitando um n&uacute;mero de inscri&ccedil;&atilde;o      (fig.1). Est&atilde;o dispon&iacute;veis tr&ecirc;s n&uacute;meros de      inscri&ccedil;&atilde;o fict&iacute;cios para testes: 123, 124 e 125.      Ap&oacute;s digitar um desses tr&ecirc;s n&uacute;meros, deve-se ir      at&eacute; a palavra &lt;Consultar&gt; e enviar. O resultado fict&iacute;cio      ser&aacute; exibido em seguida, conforme mostrado na fig.2.<\/p>\n<p>    <\/span> <\/p>\n<p align=\"center\"><img loading=\"lazy\" decoding=\"async\" src=\"https:\/\/www.ufmg.br\/dti\/wp-content\/uploads\/imgs\/celular.jpg\" width=\"450\" height=\"209\"><\/p>\n<p>    <\/p>\n<\/td>\n<\/tr>\n<tr>\n<td align=\"LEFT\" valign=\"TOP\"><\/td>\n<td align=\"LEFT\" valign=\"TOP\"> <a name=\"anoticias3\"><span class=\"titulo\">CECOM IMPLANTA     R&Eacute;PLICA DE LDAP UFMG<\/span><\/a> <span class=\"texto\">     <\/p>\n<p>No dia 24 de outubro, entrou em produ&ccedil;&atilde;o uma nova r&eacute;plica      do diret&oacute;rio LDAP da UFMG, implantada em um servidor localizado      no Centro de Computa&ccedil;&atilde;o. Al&eacute;m de aumentar a redund&acirc;ncia      da base de informa&ccedil;&otilde;es do Grude, trazendo maior seguran&ccedil;a      ao servi&ccedil;o, esta r&eacute;plica tamb&eacute;m ajuda a melhorar      o desempenho de algumas aplica&ccedil;&otilde;es do CECOM, como o novo      Sistema Acad&ecirc;mico de P&oacute;s-gradua&ccedil;&atilde;o e o IAG      (Informa&ccedil;&otilde;es Acad&ecirc;micas de Gradua&ccedil;&atilde;o),      que passar&atilde;o a utilizar esta r&eacute;plica como base local para      autentica&ccedil;&atilde;o de seus usu&aacute;rios.<\/p>\n<p>     As atividades envolvidas na implanta&ccedil;&atilde;o foram realizadas      por Emerson Henrique Kfuri Pereira, funcion&aacute;rio da DAC\/CECOM,      e Gessy Caetano Jr, estagi&aacute;rio do LCC.<\/p>\n<p>    <\/span><\/td>\n<\/tr>\n<tr>\n<td align=\"LEFT\" valign=\"TOP\"><\/td>\n<td align=\"LEFT\" valign=\"TOP\"> <a name=\"anoticias4\" id=\"4\"><span class=\"titulo\">ANIVERS&Aacute;RIO     DO CECOM<\/span><\/a> <span class=\"texto\">     <\/p>\n<p>Amanh&atilde;, dia 04 de novembro, o Centro de Computa&ccedil;&atilde;o      completar&aacute; 35 anos. &Eacute; a data em que saiu a Portaria no.      569, de 04\/11\/1970, criando o Centro de Computa&ccedil;&atilde;o, em      substitui&ccedil;&atilde;o ao antigo Centro de Processamento de Dados,      que existia desde 1967.<\/p>\n<p>     Os parab&eacute;ns para todos os ceconianos e ex-ceconianos.<\/p>\n<p>    <\/p>\n<p>    <\/span><\/td>\n<\/tr>\n<p>  <!-- #EndEditable -->  <\/table>\n<p> <!-- fim noticias --><\/div>\n<p><a name='informativo'><\/a><\/p>\n<h4>Informativo<\/h4>\n<div class=\"centro-sistematico\">  <!-- noticias --> <\/p>\n<table border=\"0\" cellspacing=\"0\" cellpadding=\"0\">\n<tr>\n<td><\/td>\n<td><\/td>\n<\/tr>\n<p>  <!-- #BeginEditable \"materias\" -->   <\/p>\n<tr>\n<td align=\"LEFT\" valign=\"TOP\"><\/td>\n<td align=\"LEFT\" valign=\"TOP\">\n<p><a name=\"ainformativo1\"><span class=\"titulo\">DICAS      DE SITES INTERESSANTES<\/span><br \/>     <\/a> <img loading=\"lazy\" decoding=\"async\" src=\"https:\/\/www.ufmg.br\/dti\/wp-content\/uploads\/imgs\/tudo_pixel.gif\" width=\"1\" height=\"20\" alt=\"\" border=\"0\"><br \/>     <span class=\"texto\"> Adyrus, o ca&ccedil;ador de sites, enviou as seguintes      dicas:<\/p>\n<p>     &#8211; Navegando pela internet, abri um site de astrologia, numerologia,      grafologia, geomancia etc. e tal. N&atilde;o sei como fui parar l&aacute;!      &Eacute; o mal dos cliques r&aacute;pidos em links que desaparecem da      sua frente. Descobri, sem querer, o <em>Bagatelas<\/em>, com colunas      semanais. Vale a pena ver <a href=\"http:\/\/bagatelas.net\/\">http:\/\/bagatelas.net\/<\/a>.<\/p>\n<p>     &#8211; O <em>Clube do Jingle<\/em> nasceu da id&eacute;ia de F&aacute;bio      Dias, Redator Publicit&aacute;rio de Londrina\/PR, em disponibilizar      seu acervo pessoal de fonogramas publicit&aacute;rios a todos que solicitavam      jingles que ouviram na inf&acirc;ncia e queriam matar a saudade. H&aacute;      10 anos ele coleciona e cataloga jingles, spots e trilhas, e j&aacute;      conseguiu reunir mais de 3000 pe&ccedil;as que aos poucos v&atilde;o      estar no ar. O site &eacute; atualizado semanalmente, e seu intuito      maior &eacute; mostrar um pouquinho da hist&oacute;ria da propaganda      brasileira atrav&eacute;s dos jingles, e sobretudo, homenagear os jinglistas      e profissionais que transformam propaganda em arte. N&atilde;o deixe      de visitar o endere&ccedil;o <a href=\"http:\/\/www.clubedojingle.com\/\">http:\/\/www.clubedojingle.com\/<\/a>.<\/p>\n<p>     &#8211; A Petrobr&aacute;s, em parceria com a RITS (Rede de Informa&ccedil;&atilde;o      para o Terceiro Setor) e com o ITI (Instituto Nacional de Tecnologia      da Informa&ccedil;&atilde;o), est&aacute; implementando 50 telecentros      distribu&iacute;dos por 20 Estados do Pa&iacute;s. De 09 a 20 de maio      de 2005, em Bras&iacute;lia, implementadores, monitores e coordenadores      reuniram-se num processo de capacita&ccedil;&atilde;o realizado pela      coordena&ccedil;&atilde;o do projeto. Veja mais em <a href=\"http:\/\/www.tid.org.br\/\">http:\/\/www.tid.org.br\/<\/a>.<\/p>\n<p>     &#8211; Johnny Depp (Victor Van Dort) conquistou o p&uacute;blico e cr&iacute;tica      ao atuar em pap&eacute;is memor&aacute;veis no cinema. A Noiva-Cad&aacute;ver      &eacute; o quinto trabalho do ator em parceria com o diretor Tim Burton.      Visite o endere&ccedil;o http:<a href=\"http:\/\/wwws.br.warnerbros.com\/corpsebride\/\">\/\/wwws.br.warnerbros.com\/corpsebride\/<\/a>      e veja o trailer, fotos e fa&ccedil;a download. Vale a pena conferir.<\/p>\n<p>     &#8211; Se voc&ecirc; vai servir queijos aos seus convidados, e n&atilde;o      sabe a quantidade que cada um come, calcule em m&eacute;dia 250 gramas      a 300 gramas por pessoa. Essa quantidade inclui todos os tipos de queijo      juntos. Saiba mais em <a href=\"http:\/\/www.irenes.com.br\/da%20cozinha\/queijos.htm\">http:\/\/www.irenes.com.br\/da%20cozinha\/queijos.htm<\/a>.<\/p>\n<p>     &#8211; Se voc&ecirc; quer saber algumas dicas de uso das m&aacute;quinas      digitais, aponte seu navegador para <em>Digital Photography<\/em> (<a href=\"http:\/\/digitalphotography.tipcentral.net\/\">http:\/\/digitalphotography.tipcentral.net\/<\/a>)      e aproveite as dicas super legais. (Site em Ingl&ecirc;s)<\/p>\n<p>     &#8211; Argh!! Que frio! Apesar disso, voc&ecirc; pode viajar pela p&aacute;gina      oficial da Isl&acirc;ndia em <a href=\"http:\/\/www.icetourist.is\/\">http:\/\/www.icetourist.is\/<\/a>      e ver fotos maravilhosas daquele pa&iacute;s de temperatura baixa. Dispon&iacute;vel      em v&aacute;rios idiomas, como Ingl&ecirc;s e Espanhol, a beleza natural      da Isl&acirc;ndia &eacute; uma coisa de louco. Aproveite e passeie pelas      principais atra&ccedil;&otilde;es tur&iacute;sticas do pa&iacute;s.<\/p>\n<p>     &#8211; Depois do sucesso no lan&ccedil;amento do Cursinho Pr&eacute;-Vestibular,      agora a <em>Eschola.com<\/em> (<a href=\"http:\/\/www.eschola.com\/\">http:\/\/www.eschola.com\/<\/a>)est&aacute;      realizando conv&ecirc;nios com escolas e faculdades de todo o pa&iacute;s      que permitir&aacute; aos alunos acessarem os conte&uacute;dos da <em>Eschola.com<\/em>      pagando muito menos. &Eacute; isso mesmo! Os conte&uacute;dos s&atilde;o      de primeir&iacute;ssima qualidade, por exemplo, o Cursinho Pr&eacute;-Vestibular      tem um conte&uacute;do que possibilitou a aprova&ccedil;&atilde;o de      4 entre os 5 primeiros colocados na classifica&ccedil;&atilde;o geral      de uma das Universidades Federais mais concorridas do Brasil.<\/p>\n<p>     &#8211; Se voc&ecirc; toca guitarra e quer conhecer os desenhos mais loucos      e personalizados pelos artistas pl&aacute;sticos, v&aacute; at&eacute;      <em>Guitarras Negras<\/em> (<a href=\"http:\/\/www.guitarrasnegras.com.br\/\">http:\/\/www.guitarrasnegras.com.br\/<\/a>      ) e idealize a sua. O grande lance delas &eacute; que s&atilde;o personalizadas      por artistas pl&aacute;sticos populares. As cria&ccedil;&otilde;es s&atilde;o      bem interessantes. <\/p>\n<p>     &#8211; O que &eacute; o <em>Windows Live<\/em>? Seu mundo online fica melhor      quando tudo funciona de um jeito mais simples e ao mesmo tempo integrado.      Essa &eacute; a id&eacute;ia b&aacute;sica por tr&aacute;s do <em>Windows      Live<\/em>. Todas as coisas online mais importantes para voc&ecirc; &#8211;      seus amigos, as informa&ccedil;&otilde;es mais recentes, seus e-mails,      busca avan&ccedil;ada, tudo &#8211; se re&uacute;nem em um mesmo lugar. &Eacute;      uma experi&ecirc;ncia de Internet totalmente nova projetada para colocar      voc&ecirc; no controle. E isso &eacute; s&oacute; o come&ccedil;o. Voc&ecirc;      vai conhecer v&aacute;rios novos produtos nos pr&oacute;ximos meses.      Visite o endere&ccedil;o <a href=\"http:\/\/ideas.live.com\/\">http:\/\/ideas.live.com\/<\/a>.<\/p>\n<p>     &#8211; &Agrave;s vezes, a correria &eacute; tanta que ficamos invis&iacute;veis      para n&oacute;s mesmos. Voc&ecirc; diz que isso &eacute; coisa de apresentadora      virtual do Fant&aacute;stico? Fa&ccedil;a o teste ent&atilde;o. Feche      os olhos! Voc&ecirc; lembra como &eacute; seu cabelo? O formato das      suas sobrancelhas? A ponta do seu nariz? Que tal fazer um auto-retrato?      O Fant&aacute;stico foi &agrave;s ruas para fazer o teste. Um programa      da internet oferece uma galeria de caras e bocas, assim qualquer pessoa      pode enfrentar o desafio de desenhar o pr&oacute;prio retrato ou o de      algu&eacute;m conhecido. V&aacute; at&eacute; <a href=\"http:\/\/64.233.187.104\/search?q=cache:e0e9ablGLXMJ:flashface.ctapt.de\/%2Bflashface&amp;hl=ptBR\">http:\/\/64.233.187.104\/search?q=cache:e0e9ablGLXMJ:flashface.ctapt.de\/+flashface&amp;hl=ptBR<\/a>.<\/p>\n<p>     &#8211; A Acessibilidade Brasil (<a href=\"http:\/\/www.acessobrasil.org.br\/\">http:\/\/www.acessobrasil.org.br\/<\/a>)      &eacute; uma OSCIP (Organiza&ccedil;&atilde;o da Sociedade Civil de      Interesse P&uacute;blico), com registro no Minist&eacute;rio da Justi&ccedil;a,      voltada para o desenvolvimento de estudos e projetos que privilegiem      a inser&ccedil;&atilde;o social e econ&ocirc;mica das pessoas portadoras      de defici&ecirc;ncias.<\/p>\n<p>     <\/span><span class=\"texto\"><br \/>     <\/span>    <\/p>\n<\/td>\n<\/tr>\n<tr>\n<td align=\"LEFT\" valign=\"TOP\"><\/td>\n<td align=\"LEFT\" valign=\"TOP\"><a name=\"ainformativo2\"><span class=\"titulo\">VOIP DEVE     SE TORNAR OP&Ccedil;&Agrave;O FORTE DE COMUNICA&Ccedil;&Atilde;O EM DOIS     ANOS<\/span><\/a> <span class=\"texto\">     <\/p>\n<p><em>O Globo Online, de 28\/10\/2005, divulgou a not&iacute;cia &#8220;Voip      deve se tornar op&ccedil;&atilde;o forte de comunica&ccedil;&atilde;o      em dois anos, diz levantamento&#8221;<\/em>, publicada a seguir:<\/p>\n<p>     O servi&ccedil;o de transmiss&atilde;o de voz pela rede (&#8220;Voice      over Internet Protocol&#8221;, Voip, tecnologia usada pelo Skype, por      exemplo) deve sair da fase inicial de dissemina&ccedil;&atilde;o e deslanchar      como uma op&ccedil;&atilde;o forte de comunica&ccedil;&atilde;o nos      pr&oacute;ximos dois anos. A previs&atilde;o consta de um relat&oacute;rio      da consultoria americana e-Marketer com base em pesquisas de institui&ccedil;&otilde;es      p&uacute;blicas e privadas dos Estados Unidos, pa&iacute;s que dita      as tend&ecirc;ncias tecnol&oacute;-gicas no mundo ocidental. <\/p>\n<p>     A Associa&ccedil;&atilde;o da Ind&uacute;stria de Telecomunica&ccedil;&otilde;es      dos Estados Unidos (TIA, na sigla em ingl&ecirc;s) estima que o pa&iacute;s      passar&aacute; dos 6,5 milh&otilde;es de linhas de Voip no ano passado      para 9,9 milh&otilde;es em 2005. <\/p>\n<p>     Os n&uacute;meros s&atilde;o expressivos, mas ainda pequenos comparados      &agrave;s linhas tradicionais. De acordo com os mais recentes dados      da Comiss&atilde;o Federal de Comunica&ccedil;&atilde;o dos EUA (FCC),      havia 181 milh&otilde;es de linhas convencionais e 174 milh&otilde;es      de linhas m&oacute;veis no pa&iacute;s no fim de 2003. <\/p>\n<p>     Portanto, s&oacute; em 2008, quando a TIA prev&ecirc; 26 milh&otilde;es      de linhas de Voip nos EUA, o uso do servi&ccedil;o se tornar&aacute;      significativo no pa&iacute;s. <\/p>\n<p>     Outras pesquisas sobre o assunto divulgadas recentemente confirmam o      cen&aacute;rio. Para a Infonetics Research, 24 milh&otilde;es de usu&aacute;rios      residenciais e de pequenos neg&oacute;cios usar&atilde;o Voip nos Estados      Unidos e no Canad&aacute; em 2008. <\/p>\n<p>     A consultoria estima que os ganhos nessa &aacute;rea devem crescer 18      vezes entre 2004 e 2009 na Am&eacute;rica do Norte. S&oacute; nessa      regi&atilde;o, as receitas devem passar de US$ 1,24 bilh&atilde;o em      2004 para US$ 23,4 bilh&otilde;es em 2009. A pesquisa diz que mais de      US$ 62 bilh&otilde;es v&atilde;o ser gastos com esses servi&ccedil;os      no per&iacute;odo. <\/p>\n<p>     Uma pesquisa de outro instituto, o JupiterResearch, referente apenas      a consumidores residenciais, calcula que o mercado dom&eacute;stico      de Voip passar&aacute; de 1,2 milh&atilde;o de usu&aacute;rios em 2004      para 20,4 milh&otilde;es em 2010. At&eacute; l&aacute;, a Infonetics      acredita que os usu&aacute;rios residenciais respondam por um mercado      de US$ 4 bilh&otilde;es na Am&eacute;rica do Norte. <br \/>     O levantamento da Infonetics tamb&eacute;m diz que um ter&ccedil;o dos      usu&aacute;rios utilizar&aacute; o servi&ccedil;o de Voip com equipamentos      sem fio (&#8220;wireless&#8221;) em 2007, contra os atuais 10%. <br \/>     Vonage (32%), Time Warner Cable (25%) e Cablevision (19%) dividiam o      mercado americano de Voip no segundo trimestre deste ano junto com empresas      menores, cada uma com menos de 3% do bolo.<\/p>\n<p>    <\/span> <\/td>\n<\/tr>\n<tr>\n<td align=\"LEFT\" valign=\"TOP\"><\/td>\n<td align=\"LEFT\" valign=\"TOP\"><a name=\"ainformativo3\" id=\"3\"><span class=\"titulo\">CANDIDATOS     &Agrave; REITORIA DA UFMG DISCUTEM <em>CULTURA E INCLUS&Atilde;O<\/em><\/span><\/a>     <span class=\"texto\">     <\/p>\n<p>Os professores Dirceu Greco (Chapa 01), Ronaldo Pena (Chapa 02) e Jacyntho      Lins Brand&atilde;o (Chapa 03), candidatos &agrave; reitoria da UFMG,      participam, nesta sexta-feira, 4 de novembro, a partir das 19 horas,      no Centro Cultural UFMG, de debate sobre o tema <em>Cultura e inclus&atilde;o<\/em>.      No evento, os candidatos ter&atilde;o oportunidade de expor suas propostas      para a &aacute;rea cultural da Universidade.<\/p>\n<p>     Reconhecido como espa&ccedil;o promotor de diversas discuss&otilde;es      sobre pol&iacute;ticas p&uacute;blicas, o Centro Cultural UFMG foi escolhido      para sediar o debate sobre as propostas art&iacute;stico-culturais.      (Fonte: <a href=\"http:\/\/www.ufmg.br\/online\/arquivos\/002441.shtml\">http:\/\/www.ufmg.br\/online\/arquivos\/002441.shtml<\/a>)    <\/p>\n<p>    <\/span> <\/td>\n<\/tr>\n<tr>\n<td align=\"LEFT\" valign=\"TOP\"><\/td>\n<td align=\"LEFT\" valign=\"TOP\"><a name=\"ainformativo4\" id=\"4\"><span class=\"titulo\">CONTINUA     O RECADASTRAMENTO DE DEPENDENTES DO IR<\/span><\/a> <span class=\"texto\">     <\/p>\n<p>O Depto. de Administra&ccedil;&atilde;o de Pessoal divulgou que os      Setores de Pessoal das unidades\/&oacute;rg&atilde;os devem continuar      recebendo at&eacute; o dia 18 de novembro\/2005, os formul&aacute;rios      dos servidores que ainda n&atilde;o se recadastraram com os dependentes      de Imposto de Renda.<\/p>\n<p>     Os servidores devem ser alertados de que, assim que o m&oacute;dulo      Dependentes de IR for implantado, a dedu&ccedil;&atilde;o dos dependentes      somente se far&aacute; atrav&eacute;s desse m&oacute;dulo e n&atilde;o      mais atrav&eacute;s do campo &#8220;quantitativo de dependentes de IR&#8221;.<\/p>\n<p>    <\/span> <\/td>\n<\/tr>\n<tr>\n<td align=\"LEFT\" valign=\"TOP\"><\/td>\n<td align=\"LEFT\" valign=\"TOP\"><a name=\"ainformativo5\" id=\"5\"><span class=\"titulo\">INSCRI&Ccedil;&Otilde;ES     PARA BOLSA ENSINO SUPERIOR TERMINAM AMANH&Atilde;<\/span><\/a> <span class=\"texto\">     <\/p>\n<p>As inscri&ccedil;&otilde;es para o Programa Bolsa Ensino Superior poder&atilde;o      ser feitas somente pela internet, na p&aacute;gina eletr&ocirc;nica      da Pr&oacute;-Reitoria de Recursos Humanos da UFMG: <a href=\"http:\/\/www.ufmg.br\/prorh\/\">http:\/\/www.ufmg.br\/prorh\/<\/a><\/p>\n<p>     O servidor que n&atilde;o possui acesso &agrave; internet, poder&aacute;      dirigir-se &agrave; Secretaria de sua Unidade\/Setor ou ao Departamento      de Desenvolvimento de Recursos Humanos (DRH), Unidade Administrativa      III, Campus Pampulha, locais onde ter&aacute; disponibilidade de acesso      &agrave; internet, para efetuar a inscri&ccedil;&atilde;o. O servidor      deve estar munido de contracheque do m&ecirc;s de setembro de 2005 e      documento de identidade, uma vez que, na inscri&ccedil;&atilde;o, s&atilde;o      solicitados alguns dados cadastrais que constam nestes dois documentos.      <\/p>\n<p>     As inscri&ccedil;&otilde;es para o Programa Bolsa Ensino Superior, abertas      no dia 13 de outubro, encerram-se amanh&atilde;, dia 4 de novembro.      <\/p>\n<p>     &Eacute; importante salientar que os servidores que j&aacute; possuem      curso superior podem concorrer &agrave; Bolsa Ensino Superior, situa&ccedil;&atilde;o      para a qual ser&atilde;o destinadas as vagas remanescentes de outras      edi&ccedil;&otilde;es do Programa. Aqueles que est&atilde;o em est&aacute;gio      probat&oacute;rio ou que possuem alguma pend&ecirc;ncia em qualquer      programa promovido pela ProRH n&atilde;o podem concorrer &agrave; Bolsa.          <\/p>\n<p>    <\/span> <\/td>\n<\/tr>\n<tr>\n<td align=\"LEFT\" valign=\"TOP\"><\/td>\n<td align=\"LEFT\" valign=\"TOP\"><a name=\"ainformativo6\" id=\"6\"><span class=\"titulo\">PR&Oacute;-RH     CONVIDA COMUNIDADE UNIVERSIT&Aacute;RIA A REFLETIR SOBRE AS RELA&Ccedil;&Otilde;ES     DE TRABALHO<\/span><\/a> <span class=\"texto\">     <\/p>\n<p>Pensar sobre as rela&ccedil;&otilde;es de trabalho: esta &eacute; a      proposta central da Cole&ccedil;&atilde;o Labore, que consiste na reuni&atilde;o,      organiza&ccedil;&atilde;o e publica&ccedil;&atilde;o das reflex&otilde;es      dos servidores da UFMG sobre suas atividades laborais. A iniciativa      est&aacute; inserida no Programa Integrado de Desenvolvimento &#8211; Progrid.      Depois de reunidos, os artigos v&atilde;o ganhar a forma de um livro.      <\/p>\n<p>     Os interessados podem participar com, no m&aacute;ximo, dois artigos,      devendo enviar uma c&oacute;pia impressa do trabalho e uma eletr&ocirc;nica      para o e-mail da ProRH (info@ prorh.ufmg.br). A escolha dos trabalhos      ser&aacute; feita por consultores &#8220;ad-hoc&#8221;, ou seja, por      uma banca de especialistas convidados exclusivamente para fazer as avalia&ccedil;&otilde;es.      Os trabalhos podem ser enviados at&eacute; o dia 30 de novembro. A divulga&ccedil;&atilde;o      do resultado acontece em janeiro do pr&oacute;ximo ano e a publica&ccedil;&atilde;o      da Cole&ccedil;&atilde;o Labore est&aacute; prevista para mar&ccedil;o      de 2006. <\/p>\n<p>     As &aacute;reas tem&aacute;ticas para as quais o projeto &eacute; voltado      s&atilde;o: gest&atilde;o de pessoas, seguran&ccedil;a e sa&uacute;de      no trabalho, remunera&ccedil;&atilde;o, carreira, responsabilidade social,      forma&ccedil;&atilde;o profissional, avalia&ccedil;&atilde;o de desempenho,      benef&iacute;cios e outros assuntos relacionados. <br \/>     Consulte o Edital do Projeto no endere&ccedil;o www.ufmg\/prorh. (Fonte:<a href=\"http:\/\/www.ufmg.br\/prorh\/noticias_147.shtml\">http:\/\/www.ufmg.br\/prorh\/noticias_147.shtml<\/a>)    <\/p>\n<p>    <\/span><\/td>\n<\/tr>\n<p>  <!-- #EndEditable -->  <\/table>\n<p> <!-- fim noticias --> <!-- tabela ha 20 anos --> <\/p>\n<table border=\"0\" cellspacing=\"0\" cellpadding=\"0\" class=\"cinza\">\n<tr>\n<td><img loading=\"lazy\" decoding=\"async\" src=\"https:\/\/www.ufmg.br\/dti\/wp-content\/uploads\/imgs\/tudo_pixel.gif\" width=\"1\" height=\"1\" alt=\"\" border=\"0\"><\/td>\n<td><img loading=\"lazy\" decoding=\"async\" src=\"https:\/\/www.ufmg.br\/dti\/wp-content\/uploads\/imgs\/tudo_pixel.gif\" width=\"19\" height=\"1\" alt=\"\" border=\"0\"><\/td>\n<td><img loading=\"lazy\" decoding=\"async\" src=\"https:\/\/www.ufmg.br\/dti\/wp-content\/uploads\/imgs\/tudo_pixel.gif\" width=\"510\" height=\"1\" alt=\"\" border=\"0\"><\/td>\n<td><img loading=\"lazy\" decoding=\"async\" src=\"https:\/\/www.ufmg.br\/dti\/wp-content\/uploads\/imgs\/tudo_pixel.gif\" width=\"19\" height=\"1\" alt=\"\" border=\"0\"><\/td>\n<td><img loading=\"lazy\" decoding=\"async\" src=\"https:\/\/www.ufmg.br\/dti\/wp-content\/uploads\/imgs\/tudo_pixel.gif\" width=\"1\" height=\"1\" alt=\"\" border=\"0\"><\/td>\n<\/tr>\n<tr>\n<td class=\"vermelho\" colspan=\"5\"><img loading=\"lazy\" decoding=\"async\" src=\"https:\/\/www.ufmg.br\/dti\/wp-content\/uploads\/imgs\/tudo_pixel.gif\" width=\"1\" height=\"1\" alt=\"\" border=\"0\"><\/td>\n<\/tr>\n<tr>\n<td class=\"vermelho\"><img loading=\"lazy\" decoding=\"async\" src=\"https:\/\/www.ufmg.br\/dti\/wp-content\/uploads\/imgs\/tudo_pixel.gif\" width=\"1\" height=\"1\" alt=\"\" border=\"0\"><\/td>\n<td><img loading=\"lazy\" decoding=\"async\" src=\"https:\/\/www.ufmg.br\/dti\/wp-content\/uploads\/imgs\/tudo_pixel.gif\" width=\"1\" height=\"1\" alt=\"\" border=\"0\"><\/td>\n<td align=\"LEFT\" valign=\"TOP\"><!-- #BeginEditable \"ha 20 anos\" --><a name=\"ainformativo7\" id=\"7\"><img loading=\"lazy\" decoding=\"async\" src=\"https:\/\/www.ufmg.br\/dti\/wp-content\/uploads\/imgs\/tudo_pixel.gif\" width=\"1\" height=\"8\" alt=\"\" border=\"0\"><br \/>    <span class=\"titulo\">H\u00e1 20 anos&#8230;<\/span><\/a> <span class=\"texto\">     <\/p>\n<p>O Sistem&aacute;tico Ano IX, no. 42, de 31\/10\/1985, publicou not&iacute;cias      sobre CECOM &#8211; Ano 15, venda do manual de inscri&ccedil;&atilde;o ao      Concurso Vestibular de 1986, a sa&iacute;da do estagi&aacute;rio Lu&iacute;s      Fernando Terenzi, in&iacute;cio do hor&aacute;rio de ver&atilde;o no      dia 02\/11, entre outras. As not&iacute;cias que se destacam foram:<\/p>\n<p><strong>CONCURSO RESID&Ecirc;NCIA M&Eacute;DICA DO HOSPITAL DAS CL&Iacute;NICAS<\/strong><br \/>     <font face=\"1\">A Comiss&atilde;o de Est&aacute;gios e Resid&ecirc;ncia      M&eacute;dica do Hospital das Cl&iacute;nicas da UFMG est&aacute; realizando      o cadastramento dos candidatos &agrave; Resid&ecirc;ncia M&eacute;dica.<br \/>     O sistema Concurso Resid&ecirc;ncia M&eacute;dica, desenvolvido pela      Divis&atilde;o de Desenvolvimento de Sistemas do CECOM e j&aacute; implantado      h&aacute; tr&ecirc;s semestres, deixa toda a responsabilidade de entrada      de dados e emiss&atilde;o dos resultados a cargo do usu&aacute;rio.      O CECOM realiza o acompanhamento do processo de corte e leitura das      folhas de respostas, quando utilizado formul&aacute;rio para leitura      &oacute;tica.<\/font> <\/p>\n<p><strong>EDITORA DA UFMG<\/strong><br \/>     <font face=\"1\">A UFMG promover&aacute;, no pr&oacute;ximo dia 06 de      novembro, &agrave;s 17h, no sagu&atilde;o da Reitoria, a inaugura&ccedil;&atilde;o      de sua Editora, com o lan&ccedil;amento de cinco livros de autores da      pr&oacute;pria Universidade: Textos de Latim Jur&iacute;dico, de Johnny      Jos&eacute; Mafra; O Direito de Fam&iacute;lia no Senado: emendas ao      Projeto de C&oacute;digo Civil, de Jo&atilde;o Baptista Villela; Colonizador-Colonizado:      uma rela&ccedil;&atilde;o educativa no movimento da hist&oacute;ria,      de Eliane Marta Santos Teixeira Lopes; Eros Travestido-um estudo do      erotismo no realismo burgu&ecirc;s brasileiro, de L&uacute;cia Castello      Branco; e Pol&iacute;tica e Racionalidade, de F&aacute;bio Wanderley      Reis.<\/font><\/p>\n<p>&nbsp;<\/p>\n<p>    <\/span><!-- #EndEditable --><br \/>     <img loading=\"lazy\" decoding=\"async\" src=\"https:\/\/www.ufmg.br\/dti\/wp-content\/uploads\/imgs\/tudo_pixel.gif\" width=\"1\" height=\"8\" alt=\"\" border=\"0\"><\/td>\n<td><img loading=\"lazy\" decoding=\"async\" src=\"https:\/\/www.ufmg.br\/dti\/wp-content\/uploads\/imgs\/tudo_pixel.gif\" width=\"1\" height=\"1\" alt=\"\" border=\"0\"><\/td>\n<td class=\"vermelho\"><img loading=\"lazy\" decoding=\"async\" src=\"https:\/\/www.ufmg.br\/dti\/wp-content\/uploads\/imgs\/tudo_pixel.gif\" width=\"1\" height=\"1\" alt=\"\" border=\"0\"><\/td>\n<\/tr>\n<tr>\n<td class=\"vermelho\" colspan=\"5\"><img loading=\"lazy\" decoding=\"async\" src=\"https:\/\/www.ufmg.br\/dti\/wp-content\/uploads\/imgs\/tudo_pixel.gif\" width=\"1\" height=\"1\" alt=\"\" border=\"0\"><\/td>\n<\/tr>\n<\/table>\n<p> <!-- fim tabela ha 20 anos --><\/div>\n<p><a name='eventos'><\/a><\/p>\n<h4>Eventos<\/h4>\n<div class=\"centro-sistematico\">  <!-- noticias --> <\/p>\n<table border=\"0\" cellspacing=\"0\" cellpadding=\"0\">\n<tr>\n<td><\/td>\n<td><\/td>\n<\/tr>\n<p>  <!-- #BeginEditable \"materias\" -->   <\/p>\n<tr>\n<td align=\"LEFT\" valign=\"TOP\"><\/td>\n<td align=\"LEFT\" valign=\"TOP\"> <a name=\"aeventos1\"><span class=\"titulo\">SOCIAIS<\/span><\/a>     <span class=\"texto\">     <\/p>\n<p><strong>ANIVERS&Aacute;RIOS:<\/strong> <em>&#8220;O Sistem&aacute;tico&#8221;      envia os parab&eacute;ns para Thiago Souza Ribeiro, estagi&aacute;rio      da DAA (Reda&ccedil;&atilde;o de O Sistem&aacute;tico), no dia 09. Os      parab&eacute;ns para os ex-ceconianos: &Acirc;ngelo de Moura Guimar&atilde;es      e Helton F&aacute;bio de Matos (DCC), hoje, dia 03; Eucl&iacute;dia      Leopoldina de Macedo Vale, no dia 04; Rafael Braga Soares Righi, no      dia 05; Efig&ecirc;nio Vieira Ata&iacute;de, Marcelo Caetano Baptista      e Maria Tereza Camargo Dinz Fran&ccedil;a, no dia 07.<br \/>     <\/em><\/p>\n<p><strong>E-MAIL RECEBIDO:<\/strong><em> Samuel de Freitas, ex-Cruz Vermelha,      enviou em outubro, e-mail para a Reda&ccedil;&atilde;o de O Sistem&aacute;tico      dizendo: &#8220;Oi Lel&eacute;, tudo bem? Estou morrendo de saudades.      N&atilde;o perco as edi&ccedil;&otilde;es do Sistem&aacute;tico, e para      diminuir as saudades fico olhando as mem&oacute;rias fotogr&aacute;ficas.      Em breve estarei a&iacute;. Tudo de bom para voc&ecirc; e mando um abra&ccedil;o      para o pessoal.&#8221; <\/em> <\/p>\n<p>&nbsp;<\/p>\n<p>    <\/span><\/td>\n<\/tr>\n<tr>\n<td align=\"LEFT\" valign=\"TOP\"><\/td>\n<td align=\"LEFT\" valign=\"TOP\"><a name=\"aeventos2\"><span class=\"titulo\">FUGINDO DO     STRESS<\/span><\/a> <span class=\"texto\">     <\/p>\n<p>O funcion&aacute;rio da ATI, Paulo Lessa, gerente do projeto CT-Infra      03\/2001, est&aacute; desempenhando h&aacute; mais de um m&ecirc;s uma      atividade paralela bem interessante. Em suas horas vagas, ele &eacute;      diretor, ator, produtor, roteirista e todas as outras fun&ccedil;&otilde;es      pertinentes a um programa de humor da TV Belorizontina, chamado ExperiTV.      <\/p>\n<p>     O programa come&ccedil;ou como uma brincadeira. Paulo Lessa, popularmente      conhecido como Paulosta, e tr&ecirc;s amigos: Coragi, Foca e Scotch,      fazendo v&iacute;deos amadores de lutas entre personagens de desenhos      e filmes para disponibilizar na Internet. O sucesso de seus pequenos      v&iacute;deos nesta m&iacute;dia chamou a aten&ccedil;&atilde;o da equipe      de produ&ccedil;&atilde;o do canal BH Geraes, canal local da WayTV,      e eles toparam o desafio de criar um programa semanal de humor para      a sua programa&ccedil;&atilde;o.<\/p>\n<p>     A ExperiTV &eacute; um programa humor&iacute;stico com diversos quadros:      um deles mostra um pouco de Belo Horizonte de forma l&uacute;dica, mas      fiel &agrave; realidade e aos fatos atuais, outros fazem cr&iacute;ticas      de not&iacute;cias pol&iacute;ticas, esportivas e assuntos diversos.      Eles continuam fazendo quadros de lutas entre personagens, como Z&eacute;      Dirceu x Roberto Jefferson, Sans&atilde;o x <br \/>     Transformers e outros duelos absurdos. Um de seus personagens &eacute;      o Dr. Lovinsidier, conselheiro sentimental, soluciona casos dos telespectadores      da maneira mais estapaf&uacute;rdia poss&iacute;vel. Vale a pena conferir.      <\/p>\n<p>     A produ&ccedil;&atilde;o do programa &eacute; toda por conta deles,      sem nenhum apoio da televis&atilde;o. Mas como disse nosso amigo Paulosta,      &#8220;N&oacute;s s&oacute; gasta, mas n&oacute;s si diverte!&#8221;.      Eles est&atilde;o procurando empresas interessadas em veicular comerciais      nos intervalos da programa&ccedil;&atilde;o, e desta forma poderiam      ganhar um incentivo para continuar desembolsando com material, equipamento      etc.<\/p>\n<p>     O programa &eacute; transmitido pelo BH Geraes, canal 22 da Way TV,      de ter&ccedil;a a domingo, em hor&aacute;rios variados, com programa      in&eacute;dito &agrave;s quintas-feiras, &agrave;s 21h.<\/p>\n<p>     Maiores informa&ccedil;&otilde;es no endere&ccedil;o http:\/\/experitv.blogspot.com\/.<em>.<\/em><\/p>\n<p align=\"center\"><em><img loading=\"lazy\" decoding=\"async\" src=\"https:\/\/www.ufmg.br\/dti\/wp-content\/uploads\/fotos\/paulolessa.jpg\" width=\"340\" height=\"255\"><br \/>     <strong><font face=\"1\">Os quatro integrantes fazendo o Quarteto Fant&aacute;stico:      Paulosta, Foca, Scotch e Coragi <\/font><\/strong><\/em><\/p>\n<p>    <\/span><\/td>\n<\/tr>\n<p>  <!-- #EndEditable -->  <\/table>\n<p> <!-- fim noticias --><\/div>\n","protected":false},"excerpt":{"rendered":"<p>Not\u00edcias UFMG EST&Aacute; PARTICIPANDO DP PROJETO FONE@RNP VESTIBULAR DIVULGAR&Aacute; RESULTADOS VIA SERVI&Ccedil;O WAP CECOM IMPLANTA R&Eacute;PLICA DE LDAP UFMG ANIVERS&Aacute;RIO DO CECOM Informativo DICAS DE SITES INTERESSANTES VOIP DEVE SE TORNAR OP&Ccedil;&Agrave;O FORTE DE COMUNICA&Ccedil;&Atilde;O EM DOIS ANOS CANDIDATOS &Agrave; REITORIA DA UFMG DISCUTEM CULTURA E INCLUS&Atilde;O CONTINUA O RECADASTRAMENTO DE DEPENDENTES DO IR INSCRI&Ccedil;&Otilde;ES &#8230; <a title=\"Sistem\u00e1tico: Edi\u00e7\u00e3o 1267 &#8211; 03\/11\/2005\" class=\"read-more\" href=\"https:\/\/www.ufmg.br\/dti\/2005\/11\/03\/sistematico-edicao-1267-03112005\/\" aria-label=\"Read more about Sistem\u00e1tico: Edi\u00e7\u00e3o 1267 &#8211; 03\/11\/2005\">Ler mais<\/a><\/p>\n","protected":false},"author":3,"featured_media":0,"comment_status":"open","ping_status":"open","sticky":false,"template":"","format":"standard","meta":{"inline_featured_image":false,"footnotes":""},"categories":[13],"tags":[],"coauthors":[79],"class_list":["post-1360","post","type-post","status-publish","format-standard","hentry","category-sistematico"],"_links":{"self":[{"href":"https:\/\/www.ufmg.br\/dti\/wp-json\/wp\/v2\/posts\/1360","targetHints":{"allow":["GET"]}}],"collection":[{"href":"https:\/\/www.ufmg.br\/dti\/wp-json\/wp\/v2\/posts"}],"about":[{"href":"https:\/\/www.ufmg.br\/dti\/wp-json\/wp\/v2\/types\/post"}],"author":[{"embeddable":true,"href":"https:\/\/www.ufmg.br\/dti\/wp-json\/wp\/v2\/users\/3"}],"replies":[{"embeddable":true,"href":"https:\/\/www.ufmg.br\/dti\/wp-json\/wp\/v2\/comments?post=1360"}],"version-history":[{"count":0,"href":"https:\/\/www.ufmg.br\/dti\/wp-json\/wp\/v2\/posts\/1360\/revisions"}],"wp:attachment":[{"href":"https:\/\/www.ufmg.br\/dti\/wp-json\/wp\/v2\/media?parent=1360"}],"wp:term":[{"taxonomy":"category","embeddable":true,"href":"https:\/\/www.ufmg.br\/dti\/wp-json\/wp\/v2\/categories?post=1360"},{"taxonomy":"post_tag","embeddable":true,"href":"https:\/\/www.ufmg.br\/dti\/wp-json\/wp\/v2\/tags?post=1360"},{"taxonomy":"author","embeddable":true,"href":"https:\/\/www.ufmg.br\/dti\/wp-json\/wp\/v2\/coauthors?post=1360"}],"curies":[{"name":"wp","href":"https:\/\/api.w.org\/{rel}","templated":true}]}}