{"id":1367,"date":"2005-09-01T08:00:00","date_gmt":"2005-09-01T08:00:00","guid":{"rendered":"https:\/\/www.ufmg.br\/dti\/cecom\/?p=1367"},"modified":"2005-09-01T08:00:00","modified_gmt":"2005-09-01T08:00:00","slug":"sistematico-edicao-1260-01092005","status":"publish","type":"post","link":"https:\/\/www.ufmg.br\/dti\/2005\/09\/01\/sistematico-edicao-1260-01092005\/","title":{"rendered":"Sistem\u00e1tico: Edi\u00e7\u00e3o 1260 &#8211; 01\/09\/2005"},"content":{"rendered":"<ul>\n<li><a href=\"\/dti\/#noticias\">Not\u00edcias<\/a>\n<div class='submenuSistematico'>\n<ul>\n<li><a href=\"\/dti\/#anoticias1\"><span class=\"titulo\">NOVO SISTEMA     DA P&Oacute;S-GRADUA&Ccedil;&Atilde;O &Eacute; APRESENTADO AOS COLEGIADOS     DE CURSO<\/span><\/a><\/li>\n<li><a href=\"\/dti\/#anoticias2\"><span class=\"titulo\">ANALISTA     DO CECOM FAZ PALESTRA NA ESTAT&Iacute;STICA<\/span><\/a><\/li>\n<li><a href=\"\/dti\/#anoticias3\"><span class=\"titulo\">PRORH OFERECE     CURSO DE WORD<\/span><\/a><\/li>\n<li><a href=\"\/dti\/#anoticias4\" id=\"4\"><span class=\"titulo\">UFMG     E PBH ASSINAM CONV&Ecirc;NIO PARA CONSTRU&Ccedil;&Atilde;O DE MORADIA     PARA SERVIDORES<\/span><\/a><\/li>\n<\/ul>\n<\/div>\n<\/li>\n<li><a href=\"\/dti\/#informativo\">Informativo<\/a>\n<div class='submenuSistematico'>\n<ul>\n<li><a href=\"\/dti\/#ainformativo1\"><span class=\"titulo\">DICAS DE     SITES INTERESSANTES<\/span><br \/>    <\/a><\/li>\n<li><a href=\"\/dti\/#ainformativo2\"><span class=\"titulo\">CLIPPING     DA PUBLICA&Ccedil;&Atilde;O TI &amp; GOVERNO<\/span><\/a><\/li>\n<li><a href=\"\/dti\/#ainformativo3\"><span class=\"titulo\">SAST INAUGURA     NOVAS INSTALA&Ccedil;&Otilde;ES NO CAMPUS SA&Uacute;DE<\/span><\/a><\/li>\n<li><a href=\"\/dti\/#ainformativo4\"><img loading=\"lazy\" decoding=\"async\" src=\"https:\/\/www.ufmg.br\/dti\/wp-content\/uploads\/imgs\/tudo_pixel.gif\" width=\"1\" height=\"8\" alt=\"\" border=\"0\"><br \/>    <span class=\"titulo\">H\u00e1 20 anos&#8230;<\/span><\/a><\/li>\n<\/ul>\n<\/div>\n<\/li>\n<li><a href=\"\/dti\/#eventos\">Eventos<\/a>\n<div class='submenuSistematico'>\n<ul>\n<li><a href=\"\/dti\/#aeventos1\"><span class=\"titulo\">SOCIAIS<\/span><\/a><\/li>\n<li><a href=\"\/dti\/#aeventos2\"><span class=\"titulo\">MEM&Oacute;RIA     FOTOGR&Aacute;FICA DO CECOM<\/span><\/a><\/li>\n<\/ul>\n<\/div>\n<\/li>\n<\/ul>\n<p> <a name='noticias'><\/a><\/p>\n<h4>Not\u00edcias<\/h4>\n<div class=\"centro-sistematico\">  <!-- noticias --> <\/p>\n<table border=\"0\" cellspacing=\"0\" cellpadding=\"0\">\n<tr>\n<td><\/td>\n<td><\/td>\n<\/tr>\n<p>  <!-- #BeginEditable \"materias\" -->   <\/p>\n<tr>\n<td align=\"LEFT\" valign=\"TOP\"><\/td>\n<td align=\"LEFT\" valign=\"TOP\"> <a name=\"anoticias1\"><span class=\"titulo\">NOVO SISTEMA     DA P&Oacute;S-GRADUA&Ccedil;&Atilde;O &Eacute; APRESENTADO AOS COLEGIADOS     DE CURSO<\/span><\/a><span class=\"texto\">     <\/p>\n<p>O novo Sistema de Controle Acad&ecirc;mico da P&oacute;s-Gradua&ccedil;&atilde;o      da UFMG foi apresentado, nesta &uacute;ltima ter&ccedil;a-feira, dia      30\/08, aos coordenadores, sub-coordenadores e secret&aacute;rias dos      colegiados dos cursos de p&oacute;s-gradua&ccedil;&atilde;o selecionados      para fazerem parte do primeiro grupo de programas que ser&aacute; treinado      para utiliza&ccedil;&atilde;o do novo sistema. <\/p>\n<p>     O evento, que aconteceu na sala de Sess&otilde;es do 4o andar da Reitoria,      contou com a presen&ccedil;a do vice-reitor, prof. Marcos Borato Viana,      que abriu a solenidade salientando a import&acirc;ncia do desenvolvimento      do projeto deste novo sistema. A seguir, o pr&oacute;-reitor de p&oacute;s-gradua&ccedil;&atilde;o,      prof. Jaime Arturo Ramirez, iniciou a apresenta&ccedil;&atilde;o dando      &ecirc;nfase aos benef&iacute;cios que o novo sistema proporcionar&aacute;      &agrave; administra&ccedil;&atilde;o institucional dos programas da      p&oacute;s-gradua&ccedil;&atilde;o . J&aacute; com foco nos aspectos      mais operacionais, as apresenta&ccedil;&otilde;es seguintes foram divididas      em tr&ecirc;s partes: o CECOM, atrav&eacute;s do seu vice-diretor, Gilmar      Lima Guimar&atilde;es, discursou sobre caracter&iacute;sticas t&eacute;cnicas      de engenharia de software implementadas no projeto; a PRPG, por interm&eacute;dio      de sua assessoria acad&ecirc;mica, representada pelas funcion&aacute;rias      Z&eacute;lia Pires da Silveira e Maria Dolores Diniz, apresentou toda      a parte de programa Capes, orientadores, curso e curr&iacute;culo; e,      por fim, a diretora do DRCA, sra. Ana L&uacute;cia Ribeiro Diniz, apresentou      as novidades com rela&ccedil;&atilde;o ao registro, matr&iacute;cula      e hist&oacute;rico do aluno. O prof. Jaime Arturo Ramirez procedeu ent&atilde;o      o encerramento do evento.<\/p>\n<p>     Todo desenvolvido com tecnologia baseada em interface Web, a fim de      prover acesso ao usu&aacute;rio atrav&eacute;s de qualquer navegador      da internet e com total seguran&ccedil;a, o novo sistema al&eacute;m      de incluir diversas novas funcionalidades na orienta&ccedil;&atilde;o      e acompanhamento da vida acad&ecirc;mica do aluno, foi projetado na      concep&ccedil;&atilde;o da necess&aacute;ria vincula&ccedil;&atilde;o      do aluno a um curso, cujo curr&iacute;culo vigente indicasse os par&acirc;metros      de integraliza&ccedil;&atilde;o e conclus&atilde;o do curso, al&eacute;m      das atividades acad&ecirc;micas da &aacute;rea de concentra&ccedil;&atilde;o      e da linha de pesquisa do aluno. <\/p>\n<p>     Quanto ao cronograma de implanta&ccedil;&atilde;o, a meta &eacute;,      ao longo deste 2o semestre, implantar o sistema para teste de produ&ccedil;&atilde;o,      em todos os programas de p&oacute;s-gradua&ccedil;&atilde;o da Universidade.      Assim, a partir do in&iacute;cio do pr&oacute;ximo semestre letivo (1o      semestre de 2006), o atual sistema, em uso desde o in&iacute;cio dos      anos 90, ser&aacute; definitivamente substitu&iacute;do pelo novo sistema.      Os programas de p&oacute;s-gradua&ccedil;&atilde;o que foram convidados      a participarem deste primeiro grupo de treinamento s&atilde;o: Administra&ccedil;&atilde;o,      Ci&ecirc;ncia Animal, Ci&ecirc;ncia da Computa&ccedil;&atilde;o, Ci&ecirc;ncia      da Sa&uacute;de da Crian&ccedil;a e do Adolescente, Cirurgia, Engenharia      El&eacute;trica, Estudos Ling&uuml;&iacute;sti-cos, Filosofia, Odontologia      e Parasitologia. <\/p>\n<p align=\"center\"><img loading=\"lazy\" decoding=\"async\" src=\"https:\/\/www.ufmg.br\/dti\/wp-content\/uploads\/fotos\/apresntsistema.jpg\" width=\"340\" height=\"255\"><br \/>     <strong><font face=\"1\"><em>A apresenta&ccedil;&atilde;o do novo sistema<\/em><\/font><\/strong><\/p>\n<p align=\"center\"><img loading=\"lazy\" decoding=\"async\" src=\"https:\/\/www.ufmg.br\/dti\/wp-content\/uploads\/fotos\/apresntsistema2.jpg\" width=\"340\" height=\"255\"><br \/>     <em><strong><font face=\"1\">Carlos Alfeu e Gilmar Guimar&atilde;es com      a equipe desenvolvedora do sistema: Igor, Diogo, Thiago, Roberto, M&aacute;rio,      Beatriz, Raimundo e Denise<\/font><\/strong><\/em>    <\/p>\n<p>    <\/span> <\/td>\n<\/tr>\n<tr>\n<td align=\"LEFT\" valign=\"TOP\"><\/td>\n<td align=\"LEFT\" valign=\"TOP\"> <a name=\"anoticias2\"><span class=\"titulo\">ANALISTA     DO CECOM FAZ PALESTRA NA ESTAT&Iacute;STICA<\/span><\/a> <span class=\"texto\">     <\/p>\n<p>Amanh&atilde;, dia 2\/9, &agrave;s 9h30, Aleixina Maria Lopes Andal&eacute;cio,      da DAC, far&aacute; uma apresenta&ccedil;&atilde;o sobre sua disserta&ccedil;&atilde;o      de mestrado para os alunos do 6o. per&iacute;odo do curso de Estat&iacute;stica      do ICEx\/UFMG, a convite do professor Sebasti&atilde;o Lira Filho, do      Depto de Estat&iacute;stica. A disserta&ccedil;&atilde;o, defendida      em julho de 2004, teve como t&iacute;tulo<em> &#8220;O uso de ferramentas      de tecnologia da informa&ccedil;&atilde;o e comunica&ccedil;&atilde;o      no desenvolvimento da pesquisa em Ci&ecirc;ncias Sociais: possibilidades      e compet&ecirc;ncias&#8221;<\/em> e a apresenta&ccedil;&atilde;o servir&aacute;      para colocar os alunos do curso em contato com ferramentas e servi&ccedil;os      como bancos de dados de refer&ecirc;ncias bibliogr&aacute;ficas, coleta      de dados mediada por computador, an&aacute;lise de dados auxiliada por      computador e publica&ccedil;&atilde;o em meio eletr&ocirc;nico.<\/p>\n<p align=\"center\"><img loading=\"lazy\" decoding=\"async\" src=\"https:\/\/www.ufmg.br\/dti\/wp-content\/uploads\/fotos\/xina.jpg\" width=\"340\" height=\"246\"><\/p>\n<p>    <\/span> <\/p>\n<p>    <\/p>\n<\/td>\n<\/tr>\n<tr>\n<td align=\"LEFT\" valign=\"TOP\"><\/td>\n<td align=\"LEFT\" valign=\"TOP\"> <a name=\"anoticias3\"><span class=\"titulo\">PRORH OFERECE     CURSO DE WORD<\/span><\/a> <span class=\"texto\">     <\/p>\n<p>A ProRH, em parceria com o CECOM, est&aacute; oferecendo um curso de      Word II para fun-cion&aacute;rios da Universidade.<\/p>\n<p>     O curso, que teve in&iacute;cio no dia 29 de agosto e ser&aacute; encerrado      no dia 06 de setembro, conta com a participa&ccedil;&atilde;o dos funcion&aacute;rios:      Afonso Geraldo Silva (Escola de Engenharia) , Aline de Jesus Dias (Instituto      de Ci&ecirc;ncias Biol&oacute;gicas), Gl&aacute;ucia Fernandes Pinto      Silva (Faculdade de Educa&ccedil;&atilde;o), Juliana Alves dos Santos      Olivieira (Instituto de Ci&ecirc;ncias Exatas), Maria de Lourdes Macedo      (Escola de Belas Artes), Rose Aparecida Botelho Rodrigues Accacio (Instituto      de Geoci&ecirc;ncias), S&ocirc;nia Mara Pacheco (Faculdade de Filosofia      e Ci&ecirc;ncias Humanas), Valdete Lopes (Escola de M&uacute;sica) e      Val&eacute;ria Aparecida da Silva (Depto. de Contabilidade e Finan&ccedil;as).<\/p>\n<p>     O treinamento est&aacute; sendo realizado no hor&aacute;rio de 13h30      &agrave;s 16h30, na Sala de Aulas 2 do CECOM, no subsolo do pr&eacute;dio      da Reitoria, e o instrutor &eacute; Eug&ecirc;nio Pacelli Pereira de      Souza, da Divis&atilde;o de Atendimento e Consultoria (DAC).<\/p>\n<p>    <\/p>\n<p>    <\/span><\/td>\n<\/tr>\n<tr>\n<td align=\"LEFT\" valign=\"TOP\"><\/td>\n<td align=\"LEFT\" valign=\"TOP\"> <a name=\"anoticias4\" id=\"4\"><span class=\"titulo\">UFMG     E PBH ASSINAM CONV&Ecirc;NIO PARA CONSTRU&Ccedil;&Atilde;O DE MORADIA     PARA SERVIDORES<\/span><\/a> <span class=\"texto\">     <\/p>\n<p>A UFMG e a Prefeitura de Belo Horizonte assinaram, na manh&atilde;      desta ter&ccedil;a-feira, 30 de agosto, conv&ecirc;nio de coopera&ccedil;&atilde;o      que prev&ecirc; a constru&ccedil;&atilde;o de moradias para servidores      de ambas as institui&ccedil;&otilde;es. <\/p>\n<p>     As obras utilizar&atilde;o recursos do Programa de Arrendamento Residencial      (PAR), criado por lei federal de 2001, que beneficia funcion&aacute;rios      p&uacute;blicos com renda familiar de at&eacute; seis sal&aacute;rios      m&iacute;nimos. O Programa &eacute; gerenciado pela Caixa Econ&ocirc;mica      Federal.<\/p>\n<p>     A cerim&ocirc;nia de assinatura do documento reuniu, na UFMG, a reitora      Ana L&uacute;cia Gazzola, o prefeito de Belo Horizonte, Fernando Pimentel,      o superintendente da Caixa Econ&ocirc;mica Federal, Dimas Wagner Lamounier,      al&eacute;m de secret&aacute;rios municipais, assessores e pr&oacute;-reitores      da UFMG. Tamb&eacute;m participaram do evento servidores t&eacute;cnico-administrativos      da Universidade.<\/p>\n<p>     Conjuntos habitacionais &#8211; O PAR prev&ecirc; a cria&ccedil;&atilde;o      de conjuntos residenciais a serem habitados por funcion&aacute;rios      da Universidade e da Prefeitura. Em cadastramento preliminar realizado      na UFMG, 531 servidores manifestaram interesse em participar do Programa.      O conv&ecirc;nio prev&ecirc; a&ccedil;&otilde;es conjuntas para definir      a classe de funcion&aacute;rios da PBH a serem inscritos, bem como o      processo seletivo dos candidatos. <\/p>\n<p>     Outros passos previstos no conv&ecirc;nio s&atilde;o a localiza&ccedil;&atilde;o      de terrenos, a defini&ccedil;&atilde;o do tipo de constru&ccedil;&atilde;o      e a escolha, entre as construtoras cadastradas junto &agrave; Caixa      Econ&ocirc;mica Federal, da empresa que ser&aacute; contratada para      realizar o servi&ccedil;o. (Fonte:<a href=\"http:\/\/www.ufmg.br\/online\/arquivos\/002110.shtml\">http:\/\/www.ufmg.br\/online\/arquivos\/002110.shtml<\/a>).<\/p>\n<p align=\"center\"><img loading=\"lazy\" decoding=\"async\" src=\"https:\/\/www.ufmg.br\/dti\/wp-content\/uploads\/fotos\/prefeito2.jpg\" width=\"340\" height=\"255\"><br \/>     <em><strong><font face=\"1\">Vice-Reitor MArcos Borato, Prefeito Fernando      Pimentel, reitora Ana L&uacute;cia Gazzola e superintendente da CEF,      <br \/>     Dimas Wagner Lamounier<\/font><\/strong><\/em><\/p>\n<p align=\"center\"><em><strong><font face=\"1\"><img loading=\"lazy\" decoding=\"async\" src=\"https:\/\/www.ufmg.br\/dti\/wp-content\/uploads\/fotos\/prefeito.jpg\" width=\"340\" height=\"255\"><br \/>     Funcion&aacute;rios da UFMG assistem &agrave; palestra<\/font><\/strong><\/em><\/p>\n<\/p>\n<p>    <\/span><\/td>\n<\/tr>\n<p>  <!-- #EndEditable -->  <\/table>\n<p> <!-- fim noticias --><\/div>\n<p><a name='informativo'><\/a><\/p>\n<h4>Informativo<\/h4>\n<div class=\"centro-sistematico\">  <!-- noticias --> <\/p>\n<table border=\"0\" cellspacing=\"0\" cellpadding=\"0\">\n<tr>\n<td><\/td>\n<td><\/td>\n<\/tr>\n<p>  <!-- #BeginEditable \"materias\" -->   <\/p>\n<tr>\n<td align=\"LEFT\" valign=\"TOP\"><\/td>\n<td align=\"LEFT\" valign=\"TOP\"><a name=\"ainformativo1\"><span class=\"titulo\">DICAS DE     SITES INTERESSANTES<\/span><br \/>    <\/a> <img loading=\"lazy\" decoding=\"async\" src=\"https:\/\/www.ufmg.br\/dti\/wp-content\/uploads\/imgs\/tudo_pixel.gif\" width=\"1\" height=\"20\" alt=\"\" border=\"0\"><span class=\"texto\">Adyrus,     o ca&ccedil;ador de sites, enviou as seguintes dicas:<\/p>\n<p>    &#8211; Dicas &uacute;teis de educa&ccedil;&atilde;o para pais e educadores     voc&ecirc; vai encontrar em <a href=\"http:\/\/sitededicas.uol.com.br\/index.htm\">http:\/\/sitededicas.uol.com.br\/index.htm<\/a>.     Os assuntos s&atilde;o variados, e incluem dicas de inform&aacute;tica     na escola e em casa. A diversidade de temas tratados no site &eacute;     intencional, e oferece ao educador um material que pode ser &uacute;til     &agrave; sua atualiza&ccedil;&atilde;o.<\/p>\n<p>    &#8211; A judoca Aline Barros, com apenas dezenove anos, j&aacute; &eacute;     Campe&atilde; Pernambucana, Brasileira e Sul Americana na categoria J&uacute;nior     e vice-Campe&atilde; Sul Americana na categoria S&ecirc;nior. Saiba mais     em <a href=\"http:\/\/www.alinebarrosjudo.com.br\/\">http:\/\/www.alinebarrosjudo.com.br\/<\/a>.<\/p>\n<p>    &#8211; Degustar a produ&ccedil;&atilde;o de cacha&ccedil;a da regi&atilde;o     de Paraty e exercitar o paladar na 8&ordf; edi&ccedil;&atilde;o do Festival     de Cultura e Gastronomia de Tiradentes. Essas s&atilde;o algumas das op&ccedil;&otilde;es     da agenda do m&ecirc;s de agosto em <a href=\"http:\/\/www.cidadeshistoricas.art.br\/\">http:\/\/www.cidadeshistoricas.art.br\/<\/a>.<\/p>\n<p>    &#8211; Fundado em 1997, o GibIndex (<a href=\"http:\/\/www.gibindex.com\/gx.php\">http:\/\/www.gibindex.com\/gx.php<\/a>)     &eacute; o mais antigo portal brasileiro exclusivamente dedicado &agrave;s     hist&oacute;rias em quadrinhos. Este n&atilde;o &eacute; um portal de     not&iacute;cias (embora eventualmente traga algumas), sendo focado na     populariza&ccedil;&atilde;o, estudo e preserva&ccedil;&atilde;o da hist&oacute;ria     dos quadrinhos, seus autores, personagens e editoras.<\/p>\n<p>    &#8211; Felizmente, na Internet, n&atilde;o h&aacute; problema de espa&ccedil;o.     Segundo Kleber Mendon&ccedil;a Filho, ele n&atilde;o tem que se preocupar     com deadlines, os textos podem ser mudados de acordo com o humor e amadurecimento,     al&eacute;m de permanecerem no ar indefinidamente. Pensando nisso, surgiu     a id&eacute;ia de montar um site com boa parte do que ele vem escrevendo     desde que assumiu a posi&ccedil;&atilde;o de cr&iacute;tico de cinema     do Jornal do Commercio, no Recife, em setembro de 97. H&aacute; tamb&eacute;m     textos de outras &eacute;pocas, no per&iacute;odo em que trabalhou no     JC entre 1993 e 1994. No CinemaSc&oacute;pio, voc&ecirc; poder&aacute;     encontrar entrevistas, mat&eacute;rias (textos jornal&iacute;sticos) e     artigos (reflex&atilde;o), links de recomenda&ccedil;&atilde;o e duas     sess&otilde;es destinadas especificamente &agrave;s salas de cinema. Veja     tudo isso em <a href=\"http:\/\/cf.uol.com.br\/cinemascopio\/\">http:\/\/cf.uol.com.br\/cinemascopio\/<\/a>.<\/p>\n<p>    &#8211; O Instituto Virtual de Doen&ccedil;as Neurodegenerativas do Estado do     Rio de Janeiro (IVDN) &eacute; uma rede de promo&ccedil;&atilde;o de pesquisa,     ensino e divulga&ccedil;&atilde;o cient&iacute;fica na &aacute;rea de     Doen&ccedil;as Neurodegenerativas e outras patologias associadas &agrave;     neurodegenera&ccedil;&atilde;o. O objetivo do site <a href=\"http:\/\/www.ivdn.ufrj.br\/kb_ivdn_v01_00_index.htm\">http:\/\/www.ivdn.ufrj.br\/kb_ivdn_v01_00_index.htm<\/a>     &eacute; divulgar para n&atilde;o-especialistas informa&ccedil;&otilde;es     sobre doen&ccedil;as neurodegenerativas, noticiar avan&ccedil;os cient&iacute;ficos     relacionados, comentar informa&ccedil;&otilde;es veiculadas pela grande     imprensa, informar sobre pesquisa realizada no pa&iacute;s, e oferecer     contatos de institui&ccedil;&otilde;es especializadas, grupos de apoio     e outros de utilidade para pacientes, familiares, estudantes e outros     interessados.<\/p>\n<p>    &#8211; Gerenciar melhor o tempo &eacute; um dos maiores desafios deste mundo     cada vez mais ca&oacute;tico. Antes de partir para uma melhor administra&ccedil;&atilde;o     de nossas atividades pessoais e profissonais, &eacute; preciso identificar     o motivo do mal aproveitamento do dia. As causas podem ser muitas: perfeccionismo,     dificuldade de dizer n&atilde;o, falta de planejamento etc. Melhore a     sua vida visitando o endere&ccedil;o <a href=\"http:\/\/www.organizesuavida.com.br\/\">http:\/\/www.organizesuavida.com.br\/<\/a>.<\/p>\n<p>    &#8211; Afinal como voc&ecirc; define o seu pai? Aponte seu navegador para Yahoo\/pai     (<a href=\"http:\/\/br.yahoo.com\/pais\/pai_boleiro.php\">http:\/\/br.yahoo.com\/pais\/pai_boleiro.php<\/a>)     e veja algumas defini&ccedil;&otilde;es de pais que muitos filhos t&ecirc;m.<\/p>\n<p>    &#8211; Fique ligado em tudo que vai rolar na Copa da UEFA 2005\/06 em <a href=\"http:\/\/pt.uefa.com\/index.html\">http:\/\/pt.uefa.com\/index.html<\/a>.     S&atilde;o reportagens nov&iacute;ssimas, atualizadas em tempo real com     todos os times e jogadores que participar&atilde;o deste campeonato. A     p&aacute;gina &eacute; em Portugu&ecirc;s\/Portunhol. D&ecirc; um download     no protetor (http:\/\/pt.uefa.com\/fanzone\/freebies\/screensavers\/index.html)     de tela da copa da UEFA. As atualiza&ccedil;&otilde;es s&atilde;o online     e as not&iacute;cias estar&atilde;o fresquinhas na telinha do seu computador.<\/p>\n<p>    &#8211; Publica&ccedil;&atilde;o do Jornal Folha de S&atilde;o Paulo: pessoas     que tenham interesse em aprender a usar o sistema Braille poder&atilde;o     faz&ecirc;-lo gratuitamente pela internet. O curso est&aacute; dispon&iacute;vel     no site <a href=\"http:\/\/www.braillevirtual.fe.usp.br\/\">http:\/\/www.braillevirtual.fe.usp.br\/<\/a>     do Departamento de Metodologia do Ensino e Educa&ccedil;&atilde;o Comparada     da Faculdade de Educa&ccedil;&atilde;o da USP (Universidade de S&atilde;o     Paulo).<\/p>\n<p>    &#8211; Pegue uma carona no BBC Movies (<a href=\"http:\/\/www.bbc.co.uk\/movies\/\">http:\/\/www.bbc.co.uk\/movies\/<\/a>)     e explore o portal da rede inglesa BBC dedicado &agrave; produ&ccedil;&atilde;o     audiovisual. Assista &agrave;s transmiss&otilde;es de trailers dos lan&ccedil;amentos     do cinema, produ&ccedil;&otilde;es do cinema ingl&ecirc;s, da pr&oacute;pria     BBC e v&iacute;deos caseiros (One-Minutes Movies). (Site em Ingl&ecirc;s)     <\/p>\n<p>    &#8211; Uma p&aacute;gina com transmiss&otilde;es de trailers dos principais     lan&ccedil;amentos dos cinemas e totalmente em Portugu&ecirc;s &eacute;     o Cineclick. Viage no mundo do cinema, v&aacute; at&eacute; <a href=\"http:\/\/cineclick.virgula.com.br\/trailers\">http:\/\/cineclick.virgula.com.br\/trailers<\/a>\/     e pronto! <\/span> <\/p>\n<p>&nbsp;<\/p>\n<p>    <span class=\"texto\"> <br \/>    <\/span> <\/td>\n<\/tr>\n<tr>\n<td align=\"LEFT\" valign=\"TOP\"><\/td>\n<td align=\"LEFT\" valign=\"TOP\"><a name=\"ainformativo2\"><span class=\"titulo\">CLIPPING     DA PUBLICA&Ccedil;&Atilde;O TI &amp; GOVERNO<\/span><\/a> <span class=\"texto\">     <\/p>\n<p>A publica&ccedil;&atilde;o <strong>TI &amp; Governo<\/strong> divulgou,      no dia 30\/08\/2005, not&iacute;cias sobre o or&ccedil;amento do governo      para as &aacute;reas de ci&ecirc;ncia e tecnologia, transcritas a seguir:<\/p>\n<p>     <strong>Aumentam as receitas dos fundos setoriais. E o contingenciamento<\/strong>      &#8211; As receitas do Fundo Nacional de Desenvolvimento Cient&iacute;fico      e Tecnol&oacute;gico (FNDCT) devem crescer 38,5% em 2006, em compara&ccedil;&atilde;o      com as deste ano, de acordo com a previs&atilde;o do Minist&eacute;rio      da Ci&ecirc;ncia e Tecnologia para o projeto de lei or&ccedil;ament&aacute;ria,      a ser encaminhado ao Congresso Nacional at&eacute; amanh&atilde;, 31.      Em 2006, se confirmada a previs&atilde;o do MCT, entrar&atilde;o R$      2,135 bilh&otilde;es de novos recursos no FNDCT, que engloba todos os      recursos dos fundos setoriais, mas nem tudo ser&aacute; destinado ao      P&amp;D: o governo vai aumentar em 59,9% o contingenciamento dos recursos      dos fundos setoriais. Com isso, do total a ser arrecadado pelo FNDCT,      apenas R$ 829,4 milh&otilde;es ser&atilde;o liberados para investimento      em P&amp;D, um aumento de 14,9% em rela&ccedil;&atilde;o ao valor autorizado      para este ano. O restante, R$ 1,245 bilh&atilde;o, ficar&aacute; retido      em &#8220;reserva de conting&ecirc;ncia&#8221;. Neste ano, a previs&atilde;o      inicial era de R$ 1,541 bilh&atilde;o, elevada para R$ 1,667 bilh&atilde;o      pelo Congresso &#8211; R$ 901 milh&otilde;es contingenciados.<\/p>\n<p>     <strong>A esperan&ccedil;a de mais recursos para C&amp;T est&aacute;      no Congresso<\/strong> &#8211; O or&ccedil;amento global do MCT para 2006,      de R$ 4,838 bilh&otilde;es, aumentar&aacute; 10,8% em rela&ccedil;&atilde;o      ao de 2005, considerando a previs&atilde;o original feita pelo governo      no or&ccedil;amento. Ressalte-se que, pelo or&ccedil;amento em vigor      aprovado pelo Congresso, correspondem ao MCT recursos de R$ 5,128 bilh&otilde;es.      A esperan&ccedil;a de aumentar os recursos para ci&ecirc;ncia e tecnologia      est&aacute; no Congresso. A Lei de Diretrizes Or&ccedil;ament&aacute;rias,      j&aacute; aprovada, pr exemplo, pro&iacute;be o governo de contingenciar      mais de 40% das receitas do FNDCT, do Funttel e do Fust. Se o dispositivo      n&atilde;o for vetado pelo presidente Lula, automaticamente os recursos      liberados para o FNDCT saltar&atilde;o para mais de R$ 1,2 bilh&atilde;o.      O limite para o contingenciamento dos recursos para ci&ecirc;ncia e      tecnologia foi negociado no Congresso pelo deputado Eduardo Campos (PSB-PE),      quando era ministro da Ci&ecirc;ncia e Tecnologia. O assunto foi discutido      com o Minist&eacute;rio da Fazenda, que teria concordado tamb&eacute;m      com outras restri&ccedil;&otilde;es previstas no projeto de lei de regulamenta&ccedil;&atilde;o      do FNDCT. O que n&atilde;o estava previsto inicialmente era a obrigatoriedade      de libera&ccedil;&atilde;o tamb&eacute;m de parte do dinheiro doo Fust,      uma fonte de recursos at&eacute; hoje s&oacute; usada para ajudar a      fazer super&aacute;vit nas contas p&uacute;blicas. No caso dos fundos      setoriais, mesmo se o presidente vetar, ele enfrentar&aacute; novas      press&otilde;es: na regulamenta&ccedil;&atilde;o do FNDCT, em tramita&ccedil;&atilde;o      no Senado, os parlamentares estabeleceram um cronograma de redu&ccedil;&atilde;o      gradual do contingenciamento. Em cinco anos, acabaria totalmente o contingenciamento.<\/p>\n<p>&nbsp;<\/p>\n<p>    <\/span> <\/td>\n<\/tr>\n<tr>\n<td align=\"LEFT\" valign=\"TOP\"><\/td>\n<td align=\"LEFT\" valign=\"TOP\"><a name=\"ainformativo3\"><span class=\"titulo\">SAST INAUGURA     NOVAS INSTALA&Ccedil;&Otilde;ES NO CAMPUS SA&Uacute;DE<\/span><\/a> <span class=\"texto\">     <\/p>\n<p>A solenidade de inaugura&ccedil;&atilde;o das novas instala&ccedil;&otilde;es      do SAST &#8211; Servi&ccedil;o de Aten&ccedil;&atilde;o &agrave; Sa&uacute;de      do Trabalhador &#8211; no Campus Sa&uacute;de, aconteceu ontem, dia 31, &agrave;      Alameda &Aacute;lvaro Celso, 175 &#8211; 7o. andar. A solenidade contou com      a presen&ccedil;a da Reitora da UFMG, Profa. Ana L&uacute;cia Almeida      Gazzola, a Pr&oacute;-Reitora de Recursos Humanos, Profa. Elizabeth      Spangler Andrade Moreira, e o Coordenador do SAST, Dr. Ricardo Jos&eacute;      Reis. <\/p>\n<p>&nbsp;<\/p>\n<p>    <\/span><\/td>\n<\/tr>\n<p>  <!-- #EndEditable -->  <\/table>\n<p> <!-- fim noticias --> <!-- tabela ha 20 anos --> <\/p>\n<table border=\"0\" cellspacing=\"0\" cellpadding=\"0\" class=\"cinza\">\n<tr>\n<td><img loading=\"lazy\" decoding=\"async\" src=\"https:\/\/www.ufmg.br\/dti\/wp-content\/uploads\/imgs\/tudo_pixel.gif\" width=\"1\" height=\"1\" alt=\"\" border=\"0\"><\/td>\n<td><img loading=\"lazy\" decoding=\"async\" src=\"https:\/\/www.ufmg.br\/dti\/wp-content\/uploads\/imgs\/tudo_pixel.gif\" width=\"19\" height=\"1\" alt=\"\" border=\"0\"><\/td>\n<td><img loading=\"lazy\" decoding=\"async\" src=\"https:\/\/www.ufmg.br\/dti\/wp-content\/uploads\/imgs\/tudo_pixel.gif\" width=\"510\" height=\"1\" alt=\"\" border=\"0\"><\/td>\n<td><img loading=\"lazy\" decoding=\"async\" src=\"https:\/\/www.ufmg.br\/dti\/wp-content\/uploads\/imgs\/tudo_pixel.gif\" width=\"19\" height=\"1\" alt=\"\" border=\"0\"><\/td>\n<td><img loading=\"lazy\" decoding=\"async\" src=\"https:\/\/www.ufmg.br\/dti\/wp-content\/uploads\/imgs\/tudo_pixel.gif\" width=\"1\" height=\"1\" alt=\"\" border=\"0\"><\/td>\n<\/tr>\n<tr>\n<td class=\"vermelho\" colspan=\"5\"><img loading=\"lazy\" decoding=\"async\" src=\"https:\/\/www.ufmg.br\/dti\/wp-content\/uploads\/imgs\/tudo_pixel.gif\" width=\"1\" height=\"1\" alt=\"\" border=\"0\"><\/td>\n<\/tr>\n<tr>\n<td class=\"vermelho\"><img loading=\"lazy\" decoding=\"async\" src=\"https:\/\/www.ufmg.br\/dti\/wp-content\/uploads\/imgs\/tudo_pixel.gif\" width=\"1\" height=\"1\" alt=\"\" border=\"0\"><\/td>\n<td><img loading=\"lazy\" decoding=\"async\" src=\"https:\/\/www.ufmg.br\/dti\/wp-content\/uploads\/imgs\/tudo_pixel.gif\" width=\"1\" height=\"1\" alt=\"\" border=\"0\"><\/td>\n<td align=\"LEFT\" valign=\"TOP\"><!-- #BeginEditable \"ha 20 anos\" --><a name=\"ainformativo4\"><img loading=\"lazy\" decoding=\"async\" src=\"https:\/\/www.ufmg.br\/dti\/wp-content\/uploads\/imgs\/tudo_pixel.gif\" width=\"1\" height=\"8\" alt=\"\" border=\"0\"><br \/>    <span class=\"titulo\">H\u00e1 20 anos&#8230;<\/span><\/a> <span class=\"texto\">     <\/p>\n<p>O Sistem&aacute;tico Ano IX, no. 33, de 29\/08\/1985, publicou not&iacute;cias      sobre sugest&otilde;es para a proposta do Plano de Cargos e Sal&aacute;rios,      levantamento patrimonial no CECOM, participa&ccedil;&atilde;o do CECOM      na Olicomp &#8211; Olimp&iacute;ada da Computa&ccedil;&atilde;o, curso de      fotografia da Escola de Belas Artes, entre outras. As not&iacute;cias      que se destacaram foram: <\/p>\n<p><strong>ENCONTRO SOBRE TELEPROCESSAMENTO NA SUCESU<\/strong><br \/>     <font face=\"1\">Luiz Ricardo de Faria e Silva e Aleixina Maria Lopes      Andal&eacute;cio apresentaram ontem uma palestra na Sucesu\/MG, dentro      do Programa de Troca de Experi&ecirc;ncias. A palestra proferida pelos      representantes do CECOM, Comunica&ccedil;&atilde;o de Dados, descreveu      as liga&ccedil;&otilde;es micro\/Burroughs, micro\/micro e micro\/mini,      desenvolvidas pelo Centro de Computa&ccedil;&atilde;o.<\/font><\/p>\n<p>    <strong>SELE&Ccedil;&Atilde;O DE BOLSISTAS<\/strong><br \/>    <font face=\"1\">O resultado final da sele&ccedil;&atilde;o de bolsistas     para as duas vagas no Setor de Programa&ccedil;&atilde;o da Divis&atilde;o     de Desenvolvimento de Sistemas, foi divulgado no in&iacute;cio da semana.     Os novos bolsistas do CECOM s&atilde;o: Andr&eacute;ia Cardoso Alves,     aluna do 6o per&iacute;odo do curso de Ci&ecirc;ncia da Computa&ccedil;&atilde;o,     e Ricardo Kawencki, aluno do 4o per&iacute;odo do curso de Engenharia     Civil. Eles v&atilde;o iniciar seus trabalhos no Centro de Computa&ccedil;&atilde;o     no dia 02 de setembro. <\/font>     <\/p>\n<p><font face=\"1\"><\/p>\n<p>     <\/font><\/p>\n<p>    <\/span><!-- #EndEditable --><br \/>     <img loading=\"lazy\" decoding=\"async\" src=\"https:\/\/www.ufmg.br\/dti\/wp-content\/uploads\/imgs\/tudo_pixel.gif\" width=\"1\" height=\"8\" alt=\"\" border=\"0\"><\/td>\n<td><img loading=\"lazy\" decoding=\"async\" src=\"https:\/\/www.ufmg.br\/dti\/wp-content\/uploads\/imgs\/tudo_pixel.gif\" width=\"1\" height=\"1\" alt=\"\" border=\"0\"><\/td>\n<td class=\"vermelho\"><img loading=\"lazy\" decoding=\"async\" src=\"https:\/\/www.ufmg.br\/dti\/wp-content\/uploads\/imgs\/tudo_pixel.gif\" width=\"1\" height=\"1\" alt=\"\" border=\"0\"><\/td>\n<\/tr>\n<tr>\n<td class=\"vermelho\" colspan=\"5\"><img loading=\"lazy\" decoding=\"async\" src=\"https:\/\/www.ufmg.br\/dti\/wp-content\/uploads\/imgs\/tudo_pixel.gif\" width=\"1\" height=\"1\" alt=\"\" border=\"0\"><\/td>\n<\/tr>\n<\/table>\n<p> <!-- fim tabela ha 20 anos --><\/div>\n<p><a name='eventos'><\/a><\/p>\n<h4>Eventos<\/h4>\n<div class=\"centro-sistematico\">  <!-- noticias --> <\/p>\n<table border=\"0\" cellspacing=\"0\" cellpadding=\"0\">\n<tr>\n<td><\/td>\n<td><\/td>\n<\/tr>\n<p>  <!-- #BeginEditable \"materias\" -->   <\/p>\n<tr>\n<td align=\"LEFT\" valign=\"TOP\"><\/td>\n<td align=\"LEFT\" valign=\"TOP\"> <a name=\"aeventos1\"><span class=\"titulo\">SOCIAIS<\/span><\/a>     <span class=\"texto\">     <\/p>\n<p><strong>ANIVERS&Aacute;RIOS:<\/strong> <em>&#8220;O Sistem&aacute;tico&#8221;      envia os parab&eacute;ns para Roberto Simone Maciel J&uacute;nior, no      dia 1o. de setembro; Edir Cabral de Lacerda Ferreira, no dia 02; e Renato      Machado Righi, no dia 08. Os parab&eacute;ns para os ex-ceconianos:      Eliz&acirc;ngela Souza Prado, no dia 1o.; Cl&aacute;udia Machado Valente,      no dia 03; Leandro de Souza Costa, V&acirc;nia M&aacute;rcia Paiva Pacheco      e Glaura da Concei&ccedil;&atilde;o Franco, no dia 04; Laertes Junqueira,      no dia 05; Paulo Vianna Affonso e H&eacute;lio Chachan, no dia 07; prof.      Henrique Pacca Loureiro Luna (DCC), no dia 08.! <\/em><\/p>\n<p>&nbsp;<\/p>\n<p>    <\/span><\/td>\n<\/tr>\n<tr>\n<td align=\"LEFT\" valign=\"TOP\"><\/td>\n<td align=\"LEFT\" valign=\"TOP\"><a name=\"aeventos2\"><span class=\"titulo\">MEM&Oacute;RIA     FOTOGR&Aacute;FICA DO CECOM<\/span><\/a><span class=\"texto\">     <\/p>\n<p>Gilmar e Vicentina fazem anivers&aacute;rio no dia 1o de novembro e      h&aacute; anos comemoram juntos a data no CECOM. Em 2004, os dois anteciparam      a comemora&ccedil;&atilde;o para o dia 29 de outubro, e dividiram o      bolo t&atilde;o festejado com os ceconianos. As fotos s&atilde;o de      autoria de Alexandre Fonseca. <\/p>\n<p align=\"center\"><img loading=\"lazy\" decoding=\"async\" src=\"https:\/\/www.ufmg.br\/dti\/wp-content\/uploads\/fotos\/nivgilm2.jpg\" width=\"352\" height=\"270\"><br \/>     <em><strong><font face=\"1\">O bolo<\/font><\/strong><\/em><\/p>\n<p align=\"center\"><em><strong><font face=\"1\"><img loading=\"lazy\" decoding=\"async\" src=\"https:\/\/www.ufmg.br\/dti\/wp-content\/uploads\/fotos\/nivgilm1.jpg\" width=\"300\" height=\"217\"><br \/>     Elza parabenizando Vicentina. Ao fundo: Ronaldo, Samuel, Josemar, Roberto,      Robson, Selma e Carlos Roberto<\/font><\/strong><\/em><\/p>\n<p align=\"center\"><em><strong><font face=\"1\"><img loading=\"lazy\" decoding=\"async\" src=\"https:\/\/www.ufmg.br\/dti\/wp-content\/uploads\/fotos\/nivgilm3.jpg\" width=\"352\" height=\"288\"><br \/>     Vicentina e Eust&aacute;quio. Ao fundo: Tim&eacute;, Ronaldo, Samuel,      Josemar e Roberto<\/font><\/strong><\/em><\/p>\n<p align=\"center\"><em><strong><font face=\"1\"><img loading=\"lazy\" decoding=\"async\" src=\"https:\/\/www.ufmg.br\/dti\/wp-content\/uploads\/fotos\/nivgilm5.jpg\" width=\"352\" height=\"263\"><br \/>     Roberto, Regininha, Emerson, Elza, Michele, M&aacute;rcia e Gilmar<\/font><\/strong><\/em><\/p>\n<p align=\"center\"><em><strong><font face=\"1\"><img loading=\"lazy\" decoding=\"async\" src=\"https:\/\/www.ufmg.br\/dti\/wp-content\/uploads\/fotos\/nivgilm4.jpg\" width=\"285\" height=\"263\"><br \/>     O parab&eacute;ns pra voc&ecirc; com Raimundo, Jo&atilde;o Vitor, Igor,      Max e Bia<\/font><\/strong><\/em><\/p>\n<p>    <\/span><\/td>\n<\/tr>\n<p>  <!-- #EndEditable -->  <\/table>\n<p> <!-- fim noticias --><\/div>\n","protected":false},"excerpt":{"rendered":"<p>Not\u00edcias NOVO SISTEMA DA P&Oacute;S-GRADUA&Ccedil;&Atilde;O &Eacute; APRESENTADO AOS COLEGIADOS DE CURSO ANALISTA DO CECOM FAZ PALESTRA NA ESTAT&Iacute;STICA PRORH OFERECE CURSO DE WORD UFMG E PBH ASSINAM CONV&Ecirc;NIO PARA CONSTRU&Ccedil;&Atilde;O DE MORADIA PARA SERVIDORES Informativo DICAS DE SITES INTERESSANTES CLIPPING DA PUBLICA&Ccedil;&Atilde;O TI &amp; GOVERNO SAST INAUGURA NOVAS INSTALA&Ccedil;&Otilde;ES NO CAMPUS SA&Uacute;DE H\u00e1 20 anos&#8230; &#8230; <a title=\"Sistem\u00e1tico: Edi\u00e7\u00e3o 1260 &#8211; 01\/09\/2005\" class=\"read-more\" href=\"https:\/\/www.ufmg.br\/dti\/2005\/09\/01\/sistematico-edicao-1260-01092005\/\" aria-label=\"Read more about Sistem\u00e1tico: Edi\u00e7\u00e3o 1260 &#8211; 01\/09\/2005\">Ler mais<\/a><\/p>\n","protected":false},"author":3,"featured_media":0,"comment_status":"open","ping_status":"open","sticky":false,"template":"","format":"standard","meta":{"inline_featured_image":false,"footnotes":""},"categories":[13],"tags":[],"coauthors":[79],"class_list":["post-1367","post","type-post","status-publish","format-standard","hentry","category-sistematico"],"_links":{"self":[{"href":"https:\/\/www.ufmg.br\/dti\/wp-json\/wp\/v2\/posts\/1367","targetHints":{"allow":["GET"]}}],"collection":[{"href":"https:\/\/www.ufmg.br\/dti\/wp-json\/wp\/v2\/posts"}],"about":[{"href":"https:\/\/www.ufmg.br\/dti\/wp-json\/wp\/v2\/types\/post"}],"author":[{"embeddable":true,"href":"https:\/\/www.ufmg.br\/dti\/wp-json\/wp\/v2\/users\/3"}],"replies":[{"embeddable":true,"href":"https:\/\/www.ufmg.br\/dti\/wp-json\/wp\/v2\/comments?post=1367"}],"version-history":[{"count":0,"href":"https:\/\/www.ufmg.br\/dti\/wp-json\/wp\/v2\/posts\/1367\/revisions"}],"wp:attachment":[{"href":"https:\/\/www.ufmg.br\/dti\/wp-json\/wp\/v2\/media?parent=1367"}],"wp:term":[{"taxonomy":"category","embeddable":true,"href":"https:\/\/www.ufmg.br\/dti\/wp-json\/wp\/v2\/categories?post=1367"},{"taxonomy":"post_tag","embeddable":true,"href":"https:\/\/www.ufmg.br\/dti\/wp-json\/wp\/v2\/tags?post=1367"},{"taxonomy":"author","embeddable":true,"href":"https:\/\/www.ufmg.br\/dti\/wp-json\/wp\/v2\/coauthors?post=1367"}],"curies":[{"name":"wp","href":"https:\/\/api.w.org\/{rel}","templated":true}]}}