{"id":1370,"date":"2005-08-11T08:00:00","date_gmt":"2005-08-11T08:00:00","guid":{"rendered":"https:\/\/www.ufmg.br\/dti\/cecom\/?p=1370"},"modified":"2005-08-11T08:00:00","modified_gmt":"2005-08-11T08:00:00","slug":"sistematico-edicao-1257-11082005","status":"publish","type":"post","link":"https:\/\/www.ufmg.br\/dti\/2005\/08\/11\/sistematico-edicao-1257-11082005\/","title":{"rendered":"Sistem\u00e1tico: Edi\u00e7\u00e3o 1257 &#8211; 11\/08\/2005"},"content":{"rendered":"<ul>\n<li><a href=\"\/dti\/#noticias\">Not\u00edcias<\/a>\n<div class='submenuSistematico'>\n<ul>\n<li><a href=\"\/dti\/#anoticias1\"><span class=\"titulo\">DSG E CECOM     DEFINEM DESENVOLVIMENTO DA VERS&Atilde;O 2 DO SICPAT<\/span><\/a><\/li>\n<li><a href=\"\/dti\/#anoticias2\"><span class=\"titulo\">DAC APRESENTA     CACIC PARA EQUIPES ATI<\/span><\/a><\/li>\n<li><a href=\"\/dti\/#anoticias3\"><span class=\"titulo\">PROGRAD     PROMOVE EVENTO SOBRE AVALIA&Ccedil;&Atilde;O ACAD&Ecirc;MICA<\/span><\/a><\/li>\n<\/ul>\n<\/div>\n<\/li>\n<li><a href=\"\/dti\/#informativo\">Informativo<\/a>\n<div class='submenuSistematico'>\n<ul>\n<li><a href=\"\/dti\/#ainformativo1\"><span class=\"titulo\">ECI CONVIDA     PARA SEMIN&Aacute;RIO GEST&Atilde;O DO CONHECIMENTO E INTELIG&Ecirc;NCIA     EMPRESARIAL<\/span><br \/>    <\/a><\/li>\n<li><a href=\"\/dti\/#ainformativo2\"><span class=\"titulo\">CLIPPING     DA PUBLICA&Ccedil;&Atilde;O TI &amp; GOVERNO<\/span><\/a><\/li>\n<li><a href=\"\/dti\/#ainformativo3\"><span class=\"titulo\">DICAS DE     SITES INTERESSANTES<\/span><\/a><\/li>\n<li><a href=\"\/dti\/#ainformativo4\" id=\"4\"><span class=\"titulo\">DICAS     DE PORTUGU&Ecirc;S<\/span><\/a><\/li>\n<li><a href=\"\/dti\/#ainformativo5\" id=\"5\"><span class=\"titulo\">PROJETO     QUARTA DOZE E TRINTA DIVULGA SUA PROGRAMA&Ccedil;&Atilde;O<\/span><\/a><\/li>\n<li><a href=\"\/dti\/#ainformativo6\" id=\"6\"><span class=\"titulo\">CEU     PROMOVE PROGRAMA QUALIDADE DE VIDA<\/span><\/a><\/li>\n<li><a href=\"\/dti\/#ainformativo7\" id=\"7\"><span class=\"titulo\">DRH     DIVULGA LISTA DE CONTEMPLADOS COM BOLSAS PR&Eacute;-VESTIBULAR<\/span><\/a><\/li>\n<li><a href=\"\/dti\/#ainformativo8\" id=\"8\"><span class=\"titulo\">UFMG     PROMOVE DIA DO TRABALHO ADOLESCENTE<\/span><\/a><\/li>\n<li><a href=\"\/dti\/#ainformativo9\" id=\"9\"><span class=\"titulo\">DIA DOS PAIS<\/span><\/a><\/li>\n<li><a href=\"\/dti\/#ainformativo10\" id=\"10\"><img loading=\"lazy\" decoding=\"async\" src=\"https:\/\/www.ufmg.br\/dti\/wp-content\/uploads\/imgs\/tudo_pixel.gif\" width=\"1\" height=\"8\" alt=\"\" border=\"0\"><br \/>    <span class=\"titulo\">H\u00e1 20 anos&#8230;<\/span><\/a><\/li>\n<\/ul>\n<\/div>\n<\/li>\n<li><a href=\"\/dti\/#eventos\">Eventos<\/a>\n<div class='submenuSistematico'>\n<ul>\n<li><a href=\"\/dti\/#aeventos1\"><span class=\"titulo\">MEM&Oacute;RIA     FOTOGR&Aacute;FICA DO CECOM<\/span><\/a><\/li>\n<li><a href=\"\/dti\/#aeventos2\"><span class=\"titulo\">SOCIAIS<\/span><\/a><\/li>\n<\/ul>\n<\/div>\n<\/li>\n<\/ul>\n<p> <a name='noticias'><\/a><\/p>\n<h4>Not\u00edcias<\/h4>\n<div class=\"centro-sistematico\">  <!-- noticias --> <\/p>\n<table border=\"0\" cellspacing=\"0\" cellpadding=\"0\">\n<tr>\n<td><\/td>\n<td><\/td>\n<\/tr>\n<p>  <!-- #BeginEditable \"materias\" -->   <\/p>\n<tr>\n<td align=\"LEFT\" valign=\"TOP\"><\/td>\n<td align=\"LEFT\" valign=\"TOP\"> <a name=\"anoticias1\"><span class=\"titulo\">DSG E CECOM     DEFINEM DESENVOLVIMENTO DA VERS&Atilde;O 2 DO SICPAT<\/span><\/a> <span class=\"texto\">     <\/p>\n<p>Em reuni&atilde;o realizada ontem, dia 10, entre o DSG e o CECOM, ficou      decidido que neste segundo semestre de 2005 ser&aacute; desenvolvida      a vers&atilde;o 2 do Sistema de Controle Patrimonial de Bens M&oacute;veis      da Universidade (SICPAT).<\/p>\n<p>     O DSG j&aacute; est&aacute; terminando de realizar o levantamento das      novas demandas junto &agrave;s Unidades Gestoras (UGs) e, a partir de      ent&atilde;o, juntamente com melhorias j&aacute; pontuadas na primeira      vers&atilde;o do sistema, ir&aacute; montar a documenta&ccedil;&atilde;o      final com todas as funcionalidades a serem desenvolvidas no projeto      da nova vers&atilde;o.<\/p>\n<p>     A previs&atilde;o inicial &eacute; que o projeto seja executado no per&iacute;odo      de 01 de setembro a 16 de dezembro, com a libera&ccedil;&atilde;o do      novo sistema para produ&ccedil;&atilde;o em janeiro de 2006.<\/p>\n<p>    <\/span> <\/td>\n<\/tr>\n<tr>\n<td align=\"LEFT\" valign=\"TOP\"><\/td>\n<td align=\"LEFT\" valign=\"TOP\"> <a name=\"anoticias2\"><span class=\"titulo\">DAC APRESENTA     CACIC PARA EQUIPES ATI<\/span><\/a> <span class=\"texto\">     <\/p>\n<p>Ontem, dia 10\/08, &agrave;s 10h45, na sala 2 do Subsolo da Reitoria,      a DAC realizou uma apresenta&ccedil;&atilde;o do sistema CACIC (Configurador      Autom&aacute;tico e Coletor de Informa&ccedil;&otilde;es Computacionais),      desenvolvido pelo Minist&eacute;rio do Planejamento e pela Dataprev,      para membros das equipes da ATI. O sistema CACIC utiliza software livre      (GNU\/Linux, Apache, MySQL e PHP) e tem seu uso liberado para todos os      &oacute;rg&atilde;os do Governo Federal. Dois m&oacute;dulos comp&otilde;em      o sistema: um de ger&ecirc;ncia, que utiliza um servidor onde s&atilde;o      armazenadas as informa&ccedil;&otilde;es coletadas nos micros, e um      m&oacute;dulo agente, que fica instalado no micro do usu&aacute;rio      e executa automaticamente o levantamento de hardware e software do equipamento,      repassando essas informa&ccedil;&otilde;es para o servidor.<\/p>\n<p>     Inicialmente, Eug&ecirc;nio Pacelli Pereira de Souza fez um levantamento      hist&oacute;rico das rotinas de levantamento e controle das informa&ccedil;&otilde;es      sobre os micros da Rede Administrativa da Reitoria, inclusive do sistema      de controle por ele desenvolvido, utilizando o banco de dados Approach,      que faz parte do pacote Smartsuite. J&aacute; enfocando o CACIC, mostrou      tamb&eacute;m o esquema montado para instala&ccedil;&atilde;o autom&aacute;tica      do m&oacute;dulo agente em cada esta&ccedil;&atilde;o de trabalho durante      a conex&atilde;o &agrave; Rede Novell. <\/p>\n<p>     Na segunda etapa da apresenta&ccedil;&atilde;o, Marcio da Costa Viana      e Emerson Henrique Kfuri Pereira acessaram o m&oacute;dulo de ger&ecirc;ncia      para mostrar a forma de armazenagem das informa&ccedil;&otilde;es e      de solicita&ccedil;&atilde;o de relat&oacute;rios.<\/p>\n<p>     Acompanharam a apresenta&ccedil;&atilde;o Carlos Alfeu Furtado da Fonseca,      Gilmar Lima Guimar&atilde;es, Aleixina Maria Lopes Andal&eacute;cio,      do CECOM; Osvaldo S&eacute;rgio Farhat de Carvalho, Edilson Costa de      Oliveira, Fernando Vollu Cyriaco, Gessi Caetano J&uacute;nior, Maur&iacute;cio      S&eacute;rgio de Oliveira, S&eacute;rgio Maur&iacute;cio de Oliveira,      Ant&ocirc;nio Carlos Fernandes e Daniel &Acirc;ngelo Avelino, do LCC,      al&eacute;m de Fabiano Cruz Peixoto, do HC. <\/p>\n<p>    <\/p>\n<p>    <\/span><\/td>\n<\/tr>\n<tr>\n<td align=\"LEFT\" valign=\"TOP\"><\/td>\n<td align=\"LEFT\" valign=\"TOP\"> <a name=\"anoticias3\"><span class=\"titulo\">PROGRAD     PROMOVE EVENTO SOBRE AVALIA&Ccedil;&Atilde;O ACAD&Ecirc;MICA<\/span><\/a>     <span class=\"texto\">     <\/p>\n<p>Dando continuidade ao processo de discuss&atilde;o e defini&ccedil;&atilde;o      das novas Normas Acad&ecirc;micas da Gradua&ccedil;&atilde;o, a Pr&oacute;-reitoria      de Gradua&ccedil;&atilde;o e a C&acirc;mara de Gradua&ccedil;&atilde;o      est&atilde;o promovendo, no dia de hoje, o evento intitulado &#8220;Grupo      de Trabalho sobre a Avalia&ccedil;&atilde;o como Processo Pedag&oacute;gico:      Viv&ecirc;ncia em outros pa&iacute;ses e na UFMG&#8221;. O evento est&aacute;      ocorrendo no Audit&oacute;rio Azul da Escola de Ci&ecirc;ncia da Informa&ccedil;&atilde;o      e o CECOM est&aacute; sendo representado pelo seu vice-diretor, Gilmar      Lima Guimar&atilde;es.<\/p>\n<p>    <\/span><\/td>\n<\/tr>\n<p>  <!-- #EndEditable -->  <\/table>\n<p> <!-- fim noticias --><\/div>\n<p><a name='informativo'><\/a><\/p>\n<h4>Informativo<\/h4>\n<div class=\"centro-sistematico\">  <!-- noticias --> <\/p>\n<table border=\"0\" cellspacing=\"0\" cellpadding=\"0\">\n<tr>\n<td><\/td>\n<td><\/td>\n<\/tr>\n<p>  <!-- #BeginEditable \"materias\" -->   <\/p>\n<tr>\n<td align=\"LEFT\" valign=\"TOP\"><\/td>\n<td align=\"LEFT\" valign=\"TOP\"><a name=\"ainformativo1\"><span class=\"titulo\">ECI CONVIDA     PARA SEMIN&Aacute;RIO GEST&Atilde;O DO CONHECIMENTO E INTELIG&Ecirc;NCIA     EMPRESARIAL<\/span><br \/>    <\/a> <img loading=\"lazy\" decoding=\"async\" src=\"https:\/\/www.ufmg.br\/dti\/wp-content\/uploads\/imgs\/tudo_pixel.gif\" width=\"1\" height=\"20\" alt=\"\" border=\"0\"><br \/>     <span class=\"texto\"> A Consultoria J&uacute;nior da Escola de Ci&ecirc;ncia     da Informa&ccedil;&atilde;o est&aacute; divulgando o Semin&aacute;rio     Interlogos 2005 &#8211; Semin&aacute;rio em Gest&atilde;o do Conhecimento e     Intelig&ecirc;ncia Empresarial, promovido pela Escola Judicial Desembargador     Ad&eacute;cio Fernandes, nos dias 24 e 25 de agosto\/2005.<\/p>\n<p>    O Semin&aacute;rio acontecer&aacute; no Audit&oacute;rio do TJMG &#8211; Tribunal     de Justi&ccedil;a de Minas Gerais, Rua Goi&aacute;s, 229, Centro, Belo     Horizonte, no hor&aacute;rio de 09h &agrave;s 12h e 14h &agrave;s 17h30.     <\/p>\n<p>    As inscri&ccedil;&otilde;es poder&atilde;o ser feitas na CGI-Jr\/ECI-UFMG,     sala B1011, at&eacute; o dia 17 de agosto. <\/p>\n<p>    A programa&ccedil;&atilde;o &eacute; a seguinte:<\/p>\n<p>    <strong>&#8211; dia 24 de agosto (Quarta- feira) <\/strong><br \/>    Curso: Implanta&ccedil;&atilde;o do CDI &#8211; Centro de Documenta&ccedil;&atilde;o     e Informa&ccedil;&atilde;o &amp; Arquivos Empresariais &#8211; O curso ser&aacute;     ministrado por Romoaldo Zacarias, Diretor do Instituto UniL&oacute;gos     e Consultor em Gest&atilde;o Documental e O&amp;M, e Todeska Badke, Gestora     Informacional e Documental e Consultora em Gest&atilde;o Documental.<\/p>\n<p>    <strong>&#8211; dia 25 de agosto (Quinta-feira) <\/strong><br \/>    Semin&aacute;rio Gest&atilde;o do Conhecimento e Estrat&eacute;gia Empresarial     com as palestras: <br \/>    Novas abordagens da Gest&atilde;o do Conhecimento &#8211; Casos em empresas     brasileiras: Prof. Rivad&aacute;via Correa Drummond de Alvarenga Neto,     Pr&oacute;-Reitor de P&oacute;s-gradua&ccedil;&atilde;o, Pesquisa e Extens&atilde;o     do Centro Universit&aacute;rio UNA.<br \/>    Conhecimento estabelecido em co-autoria: Cl&aacute;udia de Paula Silva,     da Associa&ccedil;&atilde;o de Interlocu&ccedil;&atilde;o e Cultura Nossa     Senhora.<br \/>    Empreeendedor do Conhecimento: Mara Regina Veit, Gerente de Atendimento     e Tecnologia do Sebrae &#8211; MG..<br \/>    A Fun&ccedil;&atilde;o do Portal Empresarial na Era do Conhecimento: Roberto     Francisco de Souza, Diretor Geral do Grupo Plansis.<br \/>    Gest&atilde;o por Compet&ecirc;ncia na Era do Conhecimento: Dayse Fonseca     Carnaval Ferreira, Executiva de Recursos Humanos da Samarco Minera&ccedil;&atilde;o     e FIAT Autom&oacute;veis.<br \/>    Log&iacute;stica do Conhecimento e Conte&uacute;do na Belgo Mineira Centro     de Documentos Digitais: L&uacute;cio Pereira Gon&ccedil;alves, Consultoria     Funcional e ECM Manager da BMS &#8211; Belgo Mineira Sistemas. <br \/>    Intelig&ecirc;ncia da Informa&ccedil;&atilde;o: Romoaldo Zacarias, Diretor     do Instituto UniL&oacute;gos e Consultor em Gest&atilde;o Documental e     Organiza&ccedil;&atilde;o e M&eacute;todos. <br \/>    <\/span> <\/td>\n<\/tr>\n<tr>\n<td align=\"LEFT\" valign=\"TOP\"><\/td>\n<td align=\"LEFT\" valign=\"TOP\"><a name=\"ainformativo2\"><span class=\"titulo\">CLIPPING     DA PUBLICA&Ccedil;&Atilde;O TI &amp; GOVERNO<\/span><\/a> <span class=\"texto\">     <\/p>\n<p>A publica&ccedil;&atilde;o <strong>TI &amp; Governo<\/strong> divulgou,      no dia 02\/08\/2005, not&iacute;cia sobre a Rede Nacional de Ensino e      Pesquisa,e no dia 09\/08\/2005, not&iacute;cias sobre compras eletr&ocirc;nicas      e novas tecnologias, transcritas a seguir:<\/p>\n<p>     <strong>A RNP implementa um novo backbone <\/strong>&#8211; A Rede Nacional      de Ensino e Pesquisa (RNP) contratou a Extreme Networks para fornecer      dez switches, que far&atilde;o a interconex&atilde;o entre dez pontos      de presen&ccedil;a e a distribui&ccedil;&atilde;o do tr&aacute;fego      para 250 institui&ccedil;&otilde;es atendidas nesses PoPs. O projeto,      com conclus&atilde;o prevista para o in&iacute;cio do quarto trimestre,      beneficia organiza&ccedil;&otilde;es usu&aacute;rias da RNP (institutos      de pesquisa, universidades, hospitais e escolas t&eacute;cnicas) nos      Estados do Rio Grande do Sul, Santa Catarina, Paran&aacute;, S&atilde;o      Paulo, Rio de Janeiro, Minas Gerais, Bahia, Pernambuco e Cear&aacute;      e no Distrito Federal. Na nova topologia, os Estados do Rio, S&atilde;o      Paulo, Minas e o DF comp&otilde;em o Anel Sudeste, que vai operar com      velocidade de 10Gbps. Os demais operam a 2,5 Gbps e a meta &eacute;      que at&eacute; 2007 todo o pa&iacute;s esteja conectado a gigabits.      A rede de nova gera&ccedil;&atilde;o da RNP integra o projeto Rede-Conhecimento,      idealizado pelo MCT para prover aos cientistas brasileiros uma infra-estrutura      mais robusta de computa&ccedil;&atilde;o, comunica&ccedil;&atilde;o      e conte&uacute;do.<\/p>\n<p>     <strong>As compras eletr&ocirc;nicas devem crescer 33%<\/strong> &#8211; O      setor p&uacute;blico no Brasil realizou, no ano passado, 315 mil licita&ccedil;&otilde;es,      das quais 73 mil (23%) foram compras eletr&ocirc;nicas. Dados parciais      deste ano indicam a tend&ecirc;ncia de crescimento das compras por meio      eletr&ocirc;nico: at&eacute; junho, foram feitas 186 mil licita&ccedil;&otilde;es,      das quais 45 mil eletr&ocirc;nicas &#8211; os governos estaduais responderam      por 81% desse valor, as prefeituiras por 12% e o governo federal por      7%. A proje&ccedil;&atilde;o &eacute; que sejam realizadas no ano 417      mil licita&ccedil;&otilde;es, quase 33% por meio eletr&ocirc;nico. Os      dados do Conlicita&ccedil;&atilde;o (Cons&oacute;rcio Nacional de Licita&ccedil;&otilde;es)      foram apresentados por Hor&aacute;cio Ferragino, coordenador de projetos      do Sistema Estrat&eacute;gico de Informa&ccedil;&otilde;es da Casa Civil,      durante o F&oacute;rum TI &amp; Governo &#8211; SP 2005. O evento, realizado      pela Plano Editorial, de 4 a 7, no Blue Tree de Mogi das Cruzes, reuniu      cerca de 100 gestores de TI do Estado de S&atilde;o Paulo (prefeituras      e governo estadual). Ferragino mostrou a evolu&ccedil;&atilde;o dos      sistemas de compras eletr&ocirc;nicas no pa&iacute;s e destacou o poder      de compra do governo do Estado de S&atilde;o Paulo e da BEC (Bolsa Eletr&ocirc;nica      de Compras) que acumula economia de R$ 1,7 bilh&atilde;o com as compras      por preg&atilde;o, um percentual de 15% em rela&ccedil;&atilde;o aos      R$ 11 bilh&otilde;es licitados pela BEC desde sua cria&ccedil;&atilde;o.      Outro estudo, apresentado por Cristian Lima, diretor de opera&ccedil;&otilde;es      da FF Pesquisa e Consultoria, mostrou que, no ano passado, as compras      eletr&ocirc;nicas do setor p&uacute;blico brasileiro totalizaram R$      1,2 milh&atilde;o (o levantamento n&atilde;o considerou as compras feitas      pelas empresas p&uacute;blicas). Este ano, somente no primeiro semestre,      foram negociados R$ 844 milh&otilde;es, quase o dobro do mesmo per&iacute;odo      do ano passado (R$ 480 milh&otilde;es). Ao debater o crescimento de      compras eletr&ocirc;nicas, discutiu-se tamb&eacute;m o uso da certifica&ccedil;&atilde;o      digital. Os convidados puderam conhecer o modelo adotado pela Imprensa      Oficial do Estado de S&atilde;o Paulo, que trabalha para ser uma AC      de primeiro n&iacute;vel; a infra-estrutura de seguran&ccedil;a da Prodesp;      e o modelo de neg&oacute;cios da Serasa.<br \/>     <strong><br \/>     O BB lan&ccedil;a o mobile banking<\/strong> &#8211; O Banco do Brasil est&aacute;      testando a tecnologia para lan&ccedil;ar, dentro de 60 dias, v&aacute;rios      servi&ccedil;os de mobile banking. Um deles, baseado em software desenvolvido      pela pr&oacute;pria equipe de Tecnologia da Informa&ccedil;&atilde;o      do banco, vai permitir ao cliente receber, por celular, mensagens instant&acirc;neas      informando cada movimenta&ccedil;&atilde;o em sua conta corrente e cart&atilde;o      de cr&eacute;dito. Assim, o cliente ter&aacute; maior controle sobre      sua conta e cart&atilde;o. Mas o objetivo dos novos servi&ccedil;os      n&atilde;o &eacute; combater fraudes.<\/p>\n<p>     &#8220;Queremos oferecer um servi&ccedil;o adicional para que o cliente      n&atilde;o precise ir ao banco&#8221;, explica Raul Moreira, gerente      executivo da &aacute;rea de mobile banking. Segundo ele, a institui&ccedil;&atilde;o      est&aacute; fechando acordos com as operadoras de telefonia celular      para implantar o servi&ccedil;o. Cada operadora, de acordo com Moreira,      tem que se adaptar &agrave;s normas de seguran&ccedil;a do Banco do      Brasil. Todas as mensagens ser&atilde;o criptografadas para evitar intercepta&ccedil;&atilde;o      e as informa&ccedil;&otilde;es ficar&atilde;o armazenadas no Banco.<\/p>\n<p>    <\/span> <\/td>\n<\/tr>\n<tr>\n<td align=\"LEFT\" valign=\"TOP\"><\/td>\n<td align=\"LEFT\" valign=\"TOP\"><a name=\"ainformativo3\"><span class=\"titulo\">DICAS DE     SITES INTERESSANTES<\/span><\/a> <span class=\"texto\">     <\/p>\n<p>Como o Adyrus se encontra de f&eacute;rias, Thiago Ribeiro, estagi&aacute;rio      da DAA, est&aacute; colaborando com as seguintes dicas:<\/p>\n<p>     &#8211;<a href=\"http:\/\/www2.uol.com.br\/historiaviva\/\">http:\/\/www2.uol.com.br\/historiaviva\/<\/a>      &#8211; Site da revista Hist&oacute;ria Viva ligado aos acontecimentos que      marcaram a hist&oacute;ria do mundo. O seu acervo conta com hist&oacute;rias      que v&atilde;o desde a Ku Klux Klan a vida do venerado Che Guevara.      Vale a pena conferir.<\/p>\n<p>     &#8211; <a href=\"http:\/\/www.museuimperial.gov.br\/\">http:\/\/www.museuimperial.gov.br\/<\/a>      &#8211; Site do Museu Imperial de Petr&oacute;polis, no Rio de Janeiro. Instalado      no pal&aacute;cio onde Dom Pedro II passava o ver&atilde;o, registra      um importante per&iacute;odo da hist&oacute;ria brasileira. Conta com      links para o internauta passear pelo museu e voltar ao passado, retornando      aos tempos imperiais.<\/p>\n<p>     &#8211; <a href=\"http:\/\/www.nasa.gov\">http:\/\/www.nasa.gov<\/a> &#8211; Site da poderosa      ind&uacute;stria espacial americana americana. Possui um dos melhores      conte&uacute;dos sobre ci&ecirc;ncia, astronomia e aeron&aacute;utica      da internet. O site tem not&iacute;cias da Nasa e edi&ccedil;&otilde;es      especiais sobre miss&otilde;es em andamento. Site em Ingl&ecirc;s. <\/p>\n<p>     &#8211;<a href=\"http:\/\/www.terra.com.br\/curiosidades\/\"> http:\/\/www.terra.com.br\/curiosidades\/<\/a>      &#8211; Link do portal do Terra que apresenta curiosidades sobre os mais diversos      assuntos. Voc&ecirc; sabia que existem tempestades de r&atilde;s e sapos      ? Neste link voc&ecirc; encontra resposta para esta e muitas outras      d&uacute;vidas cru&eacute;is que aflingem nosso dia-a-dia.<\/p>\n<p>     &#8211; <a href=\"http:\/\/www.theguarani.cjb.net\/\">http:\/\/www.theguarani.cjb.net\/<\/a>      &#8211; Empresta o nome da obra de Jos&eacute; de Alencar para homenagear      artistas da l&iacute;ngua portuguesa em diversas &aacute;reas: artes      pl&aacute;sticas, literatura e m&uacute;sica cl&aacute;ssica, com biogra-fias,      hist&oacute;rias, fotos e partituras.<\/p>\n<p>     &#8211; <a href=\"http:\/\/www.climatempo.com.br\/\">http:\/\/www.climatempo.com.br\/<\/a>      &#8211; N&atilde;o seja pego de surpresa por uma chuva fora de hora ,ainda      mais se for em pleno feriado prolongado. Acesse o link e veja quais      s&atilde;o as condi&ccedil;&otilde;es clim&aacute;ticas para o seu local      de destino neste fim de semana.<\/p>\n<p>     &#8211;<a href=\"http:\/\/www.webcine.com.br\/curiosid.htm\">http:\/\/www.webcine.com.br\/curiosid.htm<\/a>      &#8211; Re&uacute;ne curiosidades do mundo do cinema, como cach&ecirc;s recebidos      por atores norte-americanos, a origem do nome Hollywood e informa&ccedil;&otilde;es      sobre qual filme usou o maior n&uacute;mero de figurantes da hist&oacute;ria.      <\/p>\n<p>     &#8211; <a href=\"http:\/\/www.mycharades.com\/\">http:\/\/www.mycharades.com\/<\/a>      &#8211; Teste seus conhecimentos em l&oacute;gica, matem&aacute;tica e geometria,      escolhidos por n&iacute;vel de dificuldade ou classifica&ccedil;&atilde;o.      Site em ingl&ecirc;s.<\/p>\n<p>    <\/span> <\/p>\n<p><span class=\"texto\"><\/span><\/p>\n<p>    <span class=\"texto\">     <\/p>\n<p>    <\/p>\n<p>    <\/span><\/td>\n<\/tr>\n<tr>\n<td align=\"LEFT\" valign=\"TOP\"><\/td>\n<td align=\"LEFT\" valign=\"TOP\"><a name=\"ainformativo4\" id=\"4\"><span class=\"titulo\">DICAS     DE PORTUGU&Ecirc;S<\/span><\/a> <span class=\"texto\">     <\/p>\n<p>Dica da Xina: Algumas pessoas j&aacute; me perguntaram como abreviar      as horas. No Estado de Minas desse domingo, dia 7\/8, na coluna Dicas      de Portugu&ecirc;s, saiu uma dica a respeito, que estou repassando para      voc&ecirc;s:<br \/>     Como abreviar as horas?<br \/>     Em portugu&ecirc;s, a abreviatura de horas usa letras. Os dois pontos      &eacute; forma inglesa. A pequenina joga no time do sem espa&ccedil;o      e sem plural: 2h, 2h40, 2h40min23.    <\/p>\n<p>    <\/span><\/td>\n<\/tr>\n<tr>\n<td align=\"LEFT\" valign=\"TOP\"><\/td>\n<td align=\"LEFT\" valign=\"TOP\"><a name=\"ainformativo5\" id=\"5\"><span class=\"titulo\">PROJETO     QUARTA DOZE E TRINTA DIVULGA SUA PROGRAMA&Ccedil;&Atilde;O<\/span><\/a>     <span class=\"texto\">     <\/p>\n<p>A Diretoria de A&ccedil;&atilde;o Cultural divulgou a programa&ccedil;&atilde;o      de agosto\/setembro de 2005 do Projeto Quarta Doze e Trinta, que &eacute;      a seguinte:<\/p>\n<p>     &#8211; <strong>17\/08<\/strong> &#8211; &#8220;A vida &eacute; uma &oacute;pera&#8221;      &#8211; espet&aacute;culo teatral. Dire&ccedil;&atilde;o: Cida Falabella.      Local: Audit&oacute;rio da Reitoria<\/p>\n<p>     &#8211; <strong>24\/08<\/strong> &#8211; Kiko Klaus + Carlos Jaramillo: &#8220;Mesmalua&#8221;      &#8211; show musical. Local: Pra&ccedil;a de Servi&ccedil;os<\/p>\n<p>     &#8211; <strong>31\/08<\/strong> &#8211; &#8220;Raiz de Minas&#8221; &#8211; Concerto com      Ars Nova Coral da UFMG. Reg&ecirc;ncia: Carlos Alberto Pinto Fonseca      e Rafael Grimaldi. Local: Pra&ccedil;a de Servi&ccedil;os<\/p>\n<p>     &#8211; <strong>14\/09<\/strong> &#8211; &#8220;Dona Jandira&#8221; &#8211; show musical.      Local: Pra&ccedil;a de Servi&ccedil;os<\/p>\n<p>     &#8211; <strong>21\/09<\/strong> &#8211; Zona de Inven&ccedil;&atilde;o, poesia e.      Curadoria: Ricardo Aleixo. Local: Audit&oacute;rio da Reitoria<\/p>\n<p>     &#8211; <strong>28\/09<\/strong> &#8211; &#8220;Allyson Viss&aacute; &#8211; ac&uacute;stico&#8221;      &#8211; show musical. Local: Pra&ccedil;a de Servi&ccedil;os.    <\/p>\n<p>    <\/span><\/td>\n<\/tr>\n<tr>\n<td align=\"LEFT\" valign=\"TOP\"><\/td>\n<td align=\"LEFT\" valign=\"TOP\"><a name=\"ainformativo6\" id=\"6\"><span class=\"titulo\">CEU     PROMOVE PROGRAMA QUALIDADE DE VIDA<\/span><\/a> <span class=\"texto\">     <\/p>\n<p>O Programa de Qualidade de Vida &#8220;Gin&aacute;stica no CEU&#8221;,      uma realiza&ccedil;&atilde;o do CEU\/PRORH\/CAC, vem proporcionar aos      servidores da UFMG um trabalho gratuito de condicionamento f&iacute;sico      orientado, atrav&eacute;s da pr&aacute;tica de atividades tais como:      Hidrogin&aacute;stica, Alongamento, Gin&aacute;stica Localizada e Caminhada      e\/ou Corrida Orientada, a fim de benefici&aacute;-los no seu dia-a-dia      para uma vida mais saud&aacute;vel. As atividades s&atilde;o realizadas      no Centro Esportivo Universit&aacute;rio. <\/p>\n<p>     As inscri&ccedil;&otilde;es podem ser feitas na CAC (Coordenadoria de      Assuntos Comunit&aacute;rios) e o hor&aacute;rio das aulas &eacute;      o seguinte:<\/p>\n<p>     &#8211; Turmas de segunda, quarta e sexta-feira: 11h40 &agrave;s 12h40 ou      17h30 &agrave;s 18h30;<\/p>\n<p>     &#8211; Turmas de ter&ccedil;a e quinta-feira: 11h40 &agrave;s 12h40. <\/p>\n<p>     Maiores informa&ccedil;&otilde;es atrav&eacute;s dos telefones 3499-4192      (CAC) e 3499-2371 (CEU), ou e-mail: ass@ceu.ufmg.br.<\/p>\n<p>    <\/span><\/td>\n<\/tr>\n<tr>\n<td align=\"LEFT\" valign=\"TOP\"><\/td>\n<td align=\"LEFT\" valign=\"TOP\"><a name=\"ainformativo7\" id=\"7\"><span class=\"titulo\">DRH     DIVULGA LISTA DE CONTEMPLADOS COM BOLSAS PR&Eacute;-VESTIBULAR<\/span><\/a>     <span class=\"texto\">     <\/p>\n<p>O Depto. de Recursos Humanos divulgou a lista de servidores contemplados      no Programa de Apoio aos Servidores T&eacute;cnicos e Administrativos      para Prepara&ccedil;&atilde;o a Curso Superior (Bolsa Pr&eacute;-Vestibular).<\/p>\n<p>     Os servidores dever&atilde;o comparecer ao DRH\/SAT- Unidade Administrativa      III, no per&iacute;odo de 8 a 12\/8\/2005, apresentando os seguintes documentos:      c&oacute;pia do documento de identidade oficial ou carteira funcional      da UFMG; c&oacute;pia do certificado de conclus&atilde;o do n&iacute;vel      m&eacute;dio; c&oacute;pia leg&iacute;vel &#8211; frente e verso &#8211; do contracheque,      emitido pelo SIAPE, do m&ecirc;s de junho de 2005; recibo original do      comprovante de matr&iacute;cula em curso pr&eacute;-vestibular; atestado      do curso pr&eacute;-vestibular escolhido, nos termos do anexo 01 da      portaria (formul&aacute;rio dispon&iacute;vel no site da PRORH); e assinatura      do termo de compromisso.<\/p>\n<p>     Entre os contemplados com a bolsa est&aacute; a funcion&aacute;ria M&aacute;rcia      Maria Fernandes Fran&ccedil;a, da DAC\/CECOM.    <\/p>\n<p>    <\/span><\/td>\n<\/tr>\n<tr>\n<td align=\"LEFT\" valign=\"TOP\"><\/td>\n<td align=\"LEFT\" valign=\"TOP\"><a name=\"ainformativo8\" id=\"8\"><span class=\"titulo\">UFMG     PROMOVE DIA DO TRABALHO ADOLESCENTE<\/span><\/a> <span class=\"texto\">     <\/p>\n<p>A Pr&oacute;-Reitoria de Recursos Humanos estar&aacute; realizando      no dia 29 de agosto\/2005 o DIA DO TRABALHO ADOLESCENTE, com a participa&ccedil;&atilde;o      dos menores do Conv&ecirc;nio UFMG\/Cruz Vermelha.<\/p>\n<p>     Em breve, a programa&ccedil;&atilde;o do evento ser&aacute; encaminhada      &agrave;s chefias imediatas, bem como o convite e a solicita&ccedil;&atilde;o      de autoriza&ccedil;&atilde;o para a participa&ccedil;&atilde;o dos menores      nas festividades.    <\/p>\n<p>    <\/span><\/td>\n<\/tr>\n<tr>\n<td align=\"LEFT\" valign=\"TOP\"><\/td>\n<td align=\"LEFT\" valign=\"TOP\"><span class=\"texto\">     <\/p>\n<p><a name=\"ainformativo9\" id=\"9\"><span class=\"titulo\">DIA DOS PAIS<\/span><\/a> <\/p>\n<p>    <\/span> <\/p>\n<table width=\"239\" border=\"1\" align=\"center\" cellpadding=\"0\" cellspacing=\"0\">\n<tr>\n<td width=\"214\" colspan=\"2\" align=\"left\" valign=\"top\">\n<div align=\"center\">\n<p><font face=\"2\"><strong>DIA          DOS PAIS<\/strong><\/font><\/p>\n<p align=\"justify\"><font face=\"2\">O          pr&oacute;ximo domingo, dia 14, &eacute; o dia dos pais. O Sistem&aacute;tico          deseja um dia de muitas alegrias, muito presentes, muito carinho,          muitas lembran&ccedil;as boas para todos os pais ceconianos<\/font><\/p>\n<\/p><\/div>\n<\/td>\n<\/tr>\n<\/table>\n<p>    <span class=\"texto\">     <\/p>\n<p>&nbsp; <\/p>\n<p>    <\/span><\/td>\n<\/tr>\n<p>  <!-- #EndEditable -->  <\/table>\n<p> <!-- fim noticias --> <!-- tabela ha 20 anos --> <\/p>\n<table border=\"0\" cellspacing=\"0\" cellpadding=\"0\" class=\"cinza\">\n<tr>\n<td><img loading=\"lazy\" decoding=\"async\" src=\"https:\/\/www.ufmg.br\/dti\/wp-content\/uploads\/imgs\/tudo_pixel.gif\" width=\"1\" height=\"1\" alt=\"\" border=\"0\"><\/td>\n<td><img loading=\"lazy\" decoding=\"async\" src=\"https:\/\/www.ufmg.br\/dti\/wp-content\/uploads\/imgs\/tudo_pixel.gif\" width=\"19\" height=\"1\" alt=\"\" border=\"0\"><\/td>\n<td><img loading=\"lazy\" decoding=\"async\" src=\"https:\/\/www.ufmg.br\/dti\/wp-content\/uploads\/imgs\/tudo_pixel.gif\" width=\"510\" height=\"1\" alt=\"\" border=\"0\"><\/td>\n<td><img loading=\"lazy\" decoding=\"async\" src=\"https:\/\/www.ufmg.br\/dti\/wp-content\/uploads\/imgs\/tudo_pixel.gif\" width=\"19\" height=\"1\" alt=\"\" border=\"0\"><\/td>\n<td><img loading=\"lazy\" decoding=\"async\" src=\"https:\/\/www.ufmg.br\/dti\/wp-content\/uploads\/imgs\/tudo_pixel.gif\" width=\"1\" height=\"1\" alt=\"\" border=\"0\"><\/td>\n<\/tr>\n<tr>\n<td class=\"vermelho\" colspan=\"5\"><img loading=\"lazy\" decoding=\"async\" src=\"https:\/\/www.ufmg.br\/dti\/wp-content\/uploads\/imgs\/tudo_pixel.gif\" width=\"1\" height=\"1\" alt=\"\" border=\"0\"><\/td>\n<\/tr>\n<tr>\n<td class=\"vermelho\"><img loading=\"lazy\" decoding=\"async\" src=\"https:\/\/www.ufmg.br\/dti\/wp-content\/uploads\/imgs\/tudo_pixel.gif\" width=\"1\" height=\"1\" alt=\"\" border=\"0\"><\/td>\n<td><img loading=\"lazy\" decoding=\"async\" src=\"https:\/\/www.ufmg.br\/dti\/wp-content\/uploads\/imgs\/tudo_pixel.gif\" width=\"1\" height=\"1\" alt=\"\" border=\"0\"><\/td>\n<td align=\"LEFT\" valign=\"TOP\"><!-- #BeginEditable \"ha 20 anos\" --><a name=\"ainformativo10\" id=\"10\"><img loading=\"lazy\" decoding=\"async\" src=\"https:\/\/www.ufmg.br\/dti\/wp-content\/uploads\/imgs\/tudo_pixel.gif\" width=\"1\" height=\"8\" alt=\"\" border=\"0\"><br \/>    <span class=\"titulo\">H\u00e1 20 anos&#8230;<\/span><\/a> <span class=\"texto\">     <\/p>\n<p>O Sistem&aacute;tico Ano IX, no 30, de 08\/08\/1985, publicou not&iacute;cias      sobre o curso Data Star, curso de Cande na Escola de Veterin&aacute;ria,      entre outras. A not&iacute;cia que se destacou foi: <\/p>\n<p><strong><font face=\"2\">CURSO DE ALGOL<\/font><\/strong><font face=\"1\"><br \/>     Na primeira quinzena de setembro, o Setor de Treinamento e Divulga&ccedil;&atilde;o      estar&aacute; promovendo, com a participa&ccedil;&atilde;o de Luiz Eug&ecirc;nio      de Almeida Oliveira, do Setor de Apoio ao Usu&aacute;rio, e Carlos Alfeu      Furtado da Fonseca, do Setor de An&aacute;lise, um curso de Algol.<br \/>     O curso foi solicitado pelo Setor de Programa&ccedil;&atilde;o, visando      o nivelamento dos programadores do setor, na linguagem Algol.<br \/>     Poder&atilde;o participar outros interessados, desde que j&aacute; tenham      experi&ecirc;ncia em outra linguagem. Para isto, dever&atilde;o procurar      o STD para inscri&ccedil;&atilde;o at&eacute; o dia 23\/08\/1985.<\/font>     <\/p>\n<p>    <\/span><!-- #EndEditable --><br \/>     <img loading=\"lazy\" decoding=\"async\" src=\"https:\/\/www.ufmg.br\/dti\/wp-content\/uploads\/imgs\/tudo_pixel.gif\" width=\"1\" height=\"8\" alt=\"\" border=\"0\"><\/td>\n<td><img loading=\"lazy\" decoding=\"async\" src=\"https:\/\/www.ufmg.br\/dti\/wp-content\/uploads\/imgs\/tudo_pixel.gif\" width=\"1\" height=\"1\" alt=\"\" border=\"0\"><\/td>\n<td class=\"vermelho\"><img loading=\"lazy\" decoding=\"async\" src=\"https:\/\/www.ufmg.br\/dti\/wp-content\/uploads\/imgs\/tudo_pixel.gif\" width=\"1\" height=\"1\" alt=\"\" border=\"0\"><\/td>\n<\/tr>\n<tr>\n<td class=\"vermelho\" colspan=\"5\"><img loading=\"lazy\" decoding=\"async\" src=\"https:\/\/www.ufmg.br\/dti\/wp-content\/uploads\/imgs\/tudo_pixel.gif\" width=\"1\" height=\"1\" alt=\"\" border=\"0\"><\/td>\n<\/tr>\n<\/table>\n<p> <!-- fim tabela ha 20 anos --><\/div>\n<p><a name='eventos'><\/a><\/p>\n<h4>Eventos<\/h4>\n<div class=\"centro-sistematico\">  <!-- noticias --> <\/p>\n<table border=\"0\" cellspacing=\"0\" cellpadding=\"0\">\n<tr>\n<td><\/td>\n<td><\/td>\n<\/tr>\n<p>  <!-- #BeginEditable \"materias\" -->   <\/p>\n<tr>\n<td align=\"LEFT\" valign=\"TOP\"><\/td>\n<td align=\"LEFT\" valign=\"TOP\"> <a name=\"aeventos1\"><span class=\"titulo\">MEM&Oacute;RIA     FOTOGR&Aacute;FICA DO CECOM<\/span><\/a> <span class=\"texto\">     <\/p>\n<p>J&aacute; completou 1 ano da sa&iacute;da de Adriana Aparecida de Melo      do CECOM. Na despedida, suas amigas e colegas promoveram um lanche,      realizado no dia 30 de julho de 2004. Muitos ceconianos estiveram presentes      &agrave; despedida e Xina, Beth e Matheus entregaram livros e flores.      As fotos s&atilde;o de autoria do Le&atilde;o. <\/p>\n<p align=\"center\"><img loading=\"lazy\" decoding=\"async\" src=\"https:\/\/www.ufmg.br\/dti\/wp-content\/uploads\/fotos\/despedidaad1.jpg\" width=\"352\" height=\"288\"><br \/>     <font face=\"1\"><em>Adriana e Beth. Ao fundo: Emerson, Samuel e Carlos      Alfeu<\/em><\/font><\/p>\n<p align=\"center\"><em><font face=\"1\"><img loading=\"lazy\" decoding=\"async\" src=\"https:\/\/www.ufmg.br\/dti\/wp-content\/uploads\/fotos\/despedidaad6.jpg\" width=\"352\" height=\"288\"><br \/>     Samuel, Adriana e Carlos Alfeu<\/font><\/em><\/p>\n<p align=\"center\"><em><font face=\"1\"><img loading=\"lazy\" decoding=\"async\" src=\"https:\/\/www.ufmg.br\/dti\/wp-content\/uploads\/fotos\/despedidaad4.jpg\" width=\"352\" height=\"288\"><br \/>     Rosa e Adriana<\/font><\/em><\/p>\n<p align=\"center\"><em><font face=\"1\"><img loading=\"lazy\" decoding=\"async\" src=\"https:\/\/www.ufmg.br\/dti\/wp-content\/uploads\/fotos\/despedidaad5.jpg\" width=\"352\" height=\"288\"><br \/>     Adriana e o livro que ganhou da Xina<\/font><\/em><\/p>\n<p align=\"center\"><em><font face=\"1\"><img loading=\"lazy\" decoding=\"async\" src=\"https:\/\/www.ufmg.br\/dti\/wp-content\/uploads\/fotos\/despedidaad3.jpg\" width=\"352\" height=\"288\"><br \/>     Carlos Alfeu. Ao fundo: Adriana, Matheus e Beth<\/font><\/em><\/p>\n<p align=\"center\"><em><font face=\"1\"><img loading=\"lazy\" decoding=\"async\" src=\"https:\/\/www.ufmg.br\/dti\/wp-content\/uploads\/fotos\/despedidaad2.jpg\" width=\"352\" height=\"288\"><br \/>     Beth e maria Helena ( Tim&eacute; )<br \/>     <\/font><\/em><\/p>\n<p>    <\/span><\/td>\n<\/tr>\n<tr>\n<td align=\"LEFT\" valign=\"TOP\"><\/td>\n<td align=\"LEFT\" valign=\"TOP\"><a name=\"aeventos2\"><span class=\"titulo\">SOCIAIS<\/span><\/a>     <span class=\"texto\">     <\/p>\n<p><em><strong>ANIVERS&Aacute;RIOS:<\/strong> &#8220;O Sistem&aacute;tico&#8221;      envia os parab&eacute;ns para Maria Auxiliadora dos Santos, amanh&atilde;,      dia 12; e Marcelo Novaes Machado, no dia 14. Os parab&eacute;ns para      os ex-ceconianos: Isabel Cristina de Oliveira (Editora), hoje, dia 11;      David Lan Kwai Pan, no dia 16; Iza&iacute;as Marques de Oliveira, no      dia 17; e Heitor Mota Belis&aacute;rio de Moraes, no dia 18.<br \/>     <strong><br \/>     FORMATURA:<\/strong> Mais um ex-ceconiano se formando. Pedro Schettini      Cunha, que foi estagi&aacute;rio da DAA, &eacute; um dos formandos do      curso de Administra&ccedil;&atilde;o da UFMG. A cola&ccedil;&atilde;o      de grau ser&aacute; &agrave;s 20h do dia 26\/08\/2005, na Faculdade de      Direiro da UFMG.<\/p>\n<p>     <strong>FESTIVAL DE CURTAS DE BH:<\/strong> Durante o 7o Festival Internacional      de Curtas de Belo Horizonte, realizado, de 21 a 27 de julho\/2005, um      dos filmes da mostra Cinema e V&iacute;deo Universit&aacute;rio era      de autoria de Marcelo Bassoli Campos, ex-estagi&aacute;rio da DAA. Marcelo      apresentou o curta Mais que perfeito.<br \/>     <strong><br \/>     PARTICIPA&Ccedil;&Atilde;O DE ESTAGI&Aacute;RIO EM PROGRAMA DA MTV:<\/strong>      A banda de Dante Grapi&uacute;na de Almeida, estagi&aacute;rio da DRC,      participou nos dias 3 e 4 de agosto da grava&ccedil;&atilde;o de um      programa na MTV chamado &#8220;Covernation&#8221; (<a href=\"http:\/\/www.mtv.com.br\/cover%20nation\">http:\/\/www.mtv.com.br\/cover      nation<\/a>). No programa, duas bandas fizeram covers de Sepultura e      Slipknot e a banda de Dante, (SIC)KneSs, fez o cover de Slipknot. O      programa vai ao ar no dia 23 de agosto. A comunidade no orkut da banda      &eacute;: <a href=\"http:\/\/www.orkut.com\/Community.aspx?cmm=2633814.1\">http:\/\/www.orkut.com\/Community.aspx?cmm=2633814.1<\/a><\/em><\/p>\n<p>    <\/span><\/td>\n<\/tr>\n<tr>\n<td align=\"LEFT\" valign=\"TOP\">&nbsp;<\/td>\n<td align=\"LEFT\" valign=\"TOP\"><span class=\"texto\">     <\/p>\n<p>&nbsp;<\/p>\n<p>    <\/span><\/td>\n<\/tr>\n<p>  <!-- #EndEditable -->  <\/table>\n<p> <!-- fim noticias --><\/div>\n","protected":false},"excerpt":{"rendered":"<p>Not\u00edcias DSG E CECOM DEFINEM DESENVOLVIMENTO DA VERS&Atilde;O 2 DO SICPAT DAC APRESENTA CACIC PARA EQUIPES ATI PROGRAD PROMOVE EVENTO SOBRE AVALIA&Ccedil;&Atilde;O ACAD&Ecirc;MICA Informativo ECI CONVIDA PARA SEMIN&Aacute;RIO GEST&Atilde;O DO CONHECIMENTO E INTELIG&Ecirc;NCIA EMPRESARIAL CLIPPING DA PUBLICA&Ccedil;&Atilde;O TI &amp; GOVERNO DICAS DE SITES INTERESSANTES DICAS DE PORTUGU&Ecirc;S PROJETO QUARTA DOZE E TRINTA DIVULGA SUA PROGRAMA&Ccedil;&Atilde;O &#8230; <a title=\"Sistem\u00e1tico: Edi\u00e7\u00e3o 1257 &#8211; 11\/08\/2005\" class=\"read-more\" href=\"https:\/\/www.ufmg.br\/dti\/2005\/08\/11\/sistematico-edicao-1257-11082005\/\" aria-label=\"Read more about Sistem\u00e1tico: Edi\u00e7\u00e3o 1257 &#8211; 11\/08\/2005\">Ler mais<\/a><\/p>\n","protected":false},"author":3,"featured_media":0,"comment_status":"open","ping_status":"open","sticky":false,"template":"","format":"standard","meta":{"inline_featured_image":false,"footnotes":""},"categories":[13],"tags":[],"coauthors":[79],"class_list":["post-1370","post","type-post","status-publish","format-standard","hentry","category-sistematico"],"_links":{"self":[{"href":"https:\/\/www.ufmg.br\/dti\/wp-json\/wp\/v2\/posts\/1370","targetHints":{"allow":["GET"]}}],"collection":[{"href":"https:\/\/www.ufmg.br\/dti\/wp-json\/wp\/v2\/posts"}],"about":[{"href":"https:\/\/www.ufmg.br\/dti\/wp-json\/wp\/v2\/types\/post"}],"author":[{"embeddable":true,"href":"https:\/\/www.ufmg.br\/dti\/wp-json\/wp\/v2\/users\/3"}],"replies":[{"embeddable":true,"href":"https:\/\/www.ufmg.br\/dti\/wp-json\/wp\/v2\/comments?post=1370"}],"version-history":[{"count":0,"href":"https:\/\/www.ufmg.br\/dti\/wp-json\/wp\/v2\/posts\/1370\/revisions"}],"wp:attachment":[{"href":"https:\/\/www.ufmg.br\/dti\/wp-json\/wp\/v2\/media?parent=1370"}],"wp:term":[{"taxonomy":"category","embeddable":true,"href":"https:\/\/www.ufmg.br\/dti\/wp-json\/wp\/v2\/categories?post=1370"},{"taxonomy":"post_tag","embeddable":true,"href":"https:\/\/www.ufmg.br\/dti\/wp-json\/wp\/v2\/tags?post=1370"},{"taxonomy":"author","embeddable":true,"href":"https:\/\/www.ufmg.br\/dti\/wp-json\/wp\/v2\/coauthors?post=1370"}],"curies":[{"name":"wp","href":"https:\/\/api.w.org\/{rel}","templated":true}]}}