{"id":1371,"date":"2005-07-28T08:00:00","date_gmt":"2005-07-28T08:00:00","guid":{"rendered":"https:\/\/www.ufmg.br\/dti\/cecom\/?p=1371"},"modified":"2005-07-28T08:00:00","modified_gmt":"2005-07-28T08:00:00","slug":"sistematico-edicao-1256-28072005","status":"publish","type":"post","link":"https:\/\/www.ufmg.br\/dti\/2005\/07\/28\/sistematico-edicao-1256-28072005\/","title":{"rendered":"Sistem\u00e1tico: Edi\u00e7\u00e3o 1256 &#8211; 28\/07\/2005"},"content":{"rendered":"<ul>\n<li><a href=\"\/dti\/#noticias\">Not\u00edcias<\/a>\n<div class='submenuSistematico'>\n<ul>\n<li><a href=\"\/dti\/#anoticias1\"><span class=\"titulo\">DUPLICADA     A VELOCIDADE DE ACESSO DO CAMPUS SA&Uacute;DE &Agrave; REDE UFMG<\/span><\/a><\/li>\n<li><a href=\"\/dti\/#anoticias2\"><span class=\"titulo\">CECOM D&Aacute;     CONTINUIDADE AO PROCESSO DE AVALIA&Ccedil;&Agrave;O INTERNA<\/span><\/a><\/li>\n<li><a href=\"\/dti\/#anoticias3\"><span class=\"titulo\">ENCERRADO     O CURSO DE JAVA DO DCC<\/span><\/a><\/li>\n<li><a href=\"\/dti\/#anoticias4\" id=\"4\"><span class=\"titulo\">PRORH     OFERECE CURSO DE EXCEL<\/span><\/a><\/li>\n<\/ul>\n<\/div>\n<\/li>\n<li><a href=\"\/dti\/#informativo\">Informativo<\/a>\n<div class='submenuSistematico'>\n<ul>\n<li><a href=\"\/dti\/#ainformativo1\"><span class=\"titulo\">DICAS DE     SITES INTERESSANTES<\/span><br \/>    <\/a><\/li>\n<li><a href=\"\/dti\/#ainformativo2\"><span class=\"titulo\">UFMG APOSTA     EM NOVOS PROJETOS<\/span><\/a><\/li>\n<li><a href=\"\/dti\/#ainformativo3\"><span class=\"titulo\">LISTA DE     ISENTOS DA TAXA DE INSCRI&Ccedil;&Agrave;O AO VESTIBULAR 2006 SAI NO DIA     1o. DE AGOSTO<\/span><\/a><\/li>\n<li><a href=\"\/dti\/#ainformativo4\" id=\"4\"><span class=\"titulo\">INSCRI&Ccedil;&Otilde;ES     AO VESTIBULAR DA UFMG 2006 ACONTECEM EM AGOSTO<\/span><\/a><\/li>\n<li><a href=\"\/dti\/#ainformativo5\" id=\"5\"><span class=\"titulo\">MEM&Oacute;RIA     FOTOGR&Aacute;FICA DO CECOM<\/span><\/a><\/li>\n<li><a href=\"\/dti\/#ainformativo6\" id=\"6\"><img loading=\"lazy\" decoding=\"async\" src=\"https:\/\/www.ufmg.br\/dti\/wp-content\/uploads\/imgs\/tudo_pixel.gif\" width=\"1\" height=\"8\" alt=\"\" border=\"0\"><br \/>    <span class=\"titulo\">H\u00e1 20 anos&#8230;<\/span><\/a><\/li>\n<\/ul>\n<\/div>\n<\/li>\n<li><a href=\"\/dti\/#eventos\">Eventos<\/a>\n<div class='submenuSistematico'>\n<ul>\n<li><a href=\"\/dti\/#aeventos1\"><span class=\"titulo\">SOCIAIS<\/span><\/a><\/li>\n<\/ul>\n<\/div>\n<\/li>\n<\/ul>\n<p> <a name='noticias'><\/a><\/p>\n<h4>Not\u00edcias<\/h4>\n<div class=\"centro-sistematico\">  <!-- noticias --> <\/p>\n<table border=\"0\" cellspacing=\"0\" cellpadding=\"0\">\n<tr>\n<td><\/td>\n<td><\/td>\n<\/tr>\n<p>  <!-- #BeginEditable \"materias\" -->   <\/p>\n<tr>\n<td align=\"LEFT\" valign=\"TOP\"><\/td>\n<td align=\"LEFT\" valign=\"TOP\"> <a name=\"anoticias1\"><span class=\"titulo\">DUPLICADA     A VELOCIDADE DE ACESSO DO CAMPUS SA&Uacute;DE &Agrave; REDE UFMG<\/span><\/a>     <span class=\"texto\">     <\/p>\n<p>A ATI &#8211; Diretoria de Tecnologia da Informa&ccedil;&atilde;o &#8211; e o CECOM      monitoram rotineiramente a carga de utiliza&ccedil;&atilde;o dos links      de dados que interligam as unidades localizadas fora do Campus Pampulha      &agrave; rede UFMG. Periodicamente, poss&iacute;veis pontos de estrangulamento      de tr&aacute;fego s&atilde;o avaliados para se buscar a melhoria do      servi&ccedil;o prestado. <\/p>\n<p>     Ap&oacute;s esfor&ccedil;o conjunto com a Proplan para adequa&ccedil;&atilde;o      dos recursos or&ccedil;ament&aacute;rios existentes, foi duplicada,      esta semana, a velocidade de comunica&ccedil;&atilde;o da Faculdade      de Medicina, da Escola de Enfermagem e do Hospital das Cl&iacute;nicas.      Agora, todo o Campus da Sa&uacute;de est&aacute; passando de 2Mbps para      4Mbps, sendo que essa nova velocidade j&aacute; est&aacute; ativa e      &agrave; disposi&ccedil;&atilde;o dos usu&aacute;rios das duas comunidades.<\/p>\n<p>     A velocidade de 2Mbps &eacute; o limite poss&iacute;vel a ser contratado      da Telemar, que &eacute; o atual fornecedor deste servi&ccedil;o &agrave;      universidade. Os 4Mbps, agora dispon&iacute;veis, s&atilde;o na verdade      dois links de 2Mbps, interligados ao mesmo roteador, a quem cabe realizar      o balanceamento de carga entre os dois. Neste momento, cada um dos links      est&aacute; apresentando uma carga de 1,4Mbps em momentos de pico. Isso      demonstra o quanto a velocidade anterior estava restringindo o uso da      rede. Os picos atuais devem ser elevados com o rein&iacute;cio do per&iacute;odo      letivo.<\/p>\n<p>     Para viabilizar este novo link, al&eacute;m do trabalho da equipe da      Divis&atilde;o de Redes de Comunica&ccedil;&atilde;o (DRC), foi necess&aacute;rio      o apoio das equipes t&eacute;cnicas de TI da Medicina e Hospital das      Cl&iacute;nicas.<\/p>\n<p>     Veja abaixo como est&aacute; a topologia das unidades localizadas fora      do Campus Pampulha.<\/p>\n<p align=\"center\"><img loading=\"lazy\" decoding=\"async\" src=\"https:\/\/www.ufmg.br\/dti\/wp-content\/uploads\/imgs\/RedeUFMG-Fase3-Remotaspeq.jpg\" width=\"432\" height=\"324\">          <\/p>\n<p>    <\/span> <\/td>\n<\/tr>\n<tr>\n<td align=\"LEFT\" valign=\"TOP\"><\/td>\n<td align=\"LEFT\" valign=\"TOP\"> <a name=\"anoticias2\"><span class=\"titulo\">CECOM D&Aacute;     CONTINUIDADE AO PROCESSO DE AVALIA&Ccedil;&Agrave;O INTERNA<\/span><\/a>     <span class=\"texto\">     <\/p>\n<p>At&eacute; o final da pr&oacute;xima semana, o CECOM dever&aacute;      encerrar o seu processo interno de avalia&ccedil;&atilde;o semestral,      referente ao primeiro semestre de 2005. A etapa de auto-avalia&ccedil;&atilde;o      dos funcion&aacute;rios e de avalia&ccedil;&atilde;o realizada pelas      chefias est&aacute; sendo conclu&iacute;da com a realiza&ccedil;&atilde;o      de reuni&otilde;es entre as chefias e suas respectivas equipes. Tamb&eacute;m      todas as insatisfa&ccedil;&otilde;es, cr&iacute;ticas e sugest&otilde;es      assinaladas nos question&aacute;rios enviados aos usu&aacute;-rios,      e que retornaram dentro do prazo, est&atilde;o sendo analisadas pelas      divis&otilde;es competentes e pela diretoria. <\/p>\n<p>     O objetivo &eacute; que o CECOM tome ci&ecirc;ncia dos problemas apontados,      responda aos seus usu&aacute;rios e, o mais importante, tome provid&ecirc;ncias      internas para minimizar, ou mesmo, sanar esses problemas.     <\/p>\n<p>    <\/span> <\/td>\n<\/tr>\n<tr>\n<td align=\"LEFT\" valign=\"TOP\"><\/td>\n<td align=\"LEFT\" valign=\"TOP\"> <a name=\"anoticias3\"><span class=\"titulo\">ENCERRADO     O CURSO DE JAVA DO DCC<\/span><\/a> <span class=\"texto\">     <\/p>\n<p>O Depto. de Ci&ecirc;ncia da Computa&ccedil;&atilde;o realizou, no      per&iacute;odo de 11 a 26 de julho, o curso de extens&atilde;o Introdu&ccedil;&atilde;o      &agrave; Programa&ccedil;&atilde;o Java para usu&aacute;rios de editores      de textos e planilhas eletr&ocirc;nicas; desenvolvedores Web (web designers);      programadores iniciantes; programadores em linguagem script.<br \/>     Participaram do curso os funcion&aacute;rios do CECOM Jo&atilde;o Carlos      Lages e Maximiliano Luiz Souza Guimar&atilde;es, da DAS (Divis&atilde;o      de Aplicativos e Sistemas), M&aacute;rcio da Costa Viana e Emerson Henrique      Kfuri Pereira, da DAC (Divis&atilde;o de Atendimento e Con-sultoria).<\/p>\n<p>    <\/p>\n<p>    <\/span><\/td>\n<\/tr>\n<tr>\n<td align=\"LEFT\" valign=\"TOP\"><\/td>\n<td align=\"LEFT\" valign=\"TOP\"> <a name=\"anoticias4\" id=\"4\"><span class=\"titulo\">PRORH     OFERECE CURSO DE EXCEL<\/span><\/a> <span class=\"texto\">     <\/p>\n<p>A ProRH, em parceria com o CECOM, est&aacute; oferecendo um curso de      Excel B&aacute;sico para funcion&aacute;rios da Universidade.<\/p>\n<p>     O curso, que teve in&iacute;cio no &uacute;ltimo dia 25 e ser&aacute;      encerrado amanh&atilde;, dia 29, conta com a participa&ccedil;&atilde;o      de: Aline de Jesus Dias (Instituto de Ci&ecirc;ncias Biol&oacute;gicas),      Diego Malta Rangel (Depto. de Desenvolvimento de Recursos Humanos),      Elisabeth Jos&eacute; Gon&ccedil;alves (Depto. de Servi&ccedil;os Gerais),      Elza Maria Santos (Escola de Belas Artes), Helo&iacute;sa Aurora Bellico      Pires da Costa (Pr&oacute;-Reitoria de P&oacute;s-Gradua&ccedil;&atilde;o),      Leonardo Barbosa Lima Gouv&ecirc;a (Faculdade de Farm&aacute;cia). Maria      In&ecirc;s de Paila Ferreira (Museu de Hist&oacute;ria Natural), Michele      Rios Eug&ecirc;nio (Gabinete) e Rosana Lopes da Silva (Museu de Hist&oacute;ria      Natural).<\/p>\n<p>     O treinamento est&aacute; sendo realizado na Sala de Aulas do CECOM,      no subsolo do pr&eacute;dio da Reitoria, no hor&aacute;rio de 08:30      &agrave;s 11:30, e o instrutor &eacute; Helv&eacute;cio Cossenzo Pinto,      da Divis&atilde;o de Controle do Processamento (DCP).<\/p>\n<p>    <\/p>\n<p>    <\/span><\/td>\n<\/tr>\n<p>  <!-- #EndEditable -->  <\/table>\n<p> <!-- fim noticias --><\/div>\n<p><a name='informativo'><\/a><\/p>\n<h4>Informativo<\/h4>\n<div class=\"centro-sistematico\">  <!-- noticias --> <\/p>\n<table border=\"0\" cellspacing=\"0\" cellpadding=\"0\">\n<tr>\n<td><\/td>\n<td><\/td>\n<\/tr>\n<p>  <!-- #BeginEditable \"materias\" -->   <\/p>\n<tr>\n<td align=\"LEFT\" valign=\"TOP\"><\/td>\n<td align=\"LEFT\" valign=\"TOP\"><a name=\"ainformativo1\"><span class=\"titulo\">DICAS DE     SITES INTERESSANTES<\/span><br \/>    <\/a> <img loading=\"lazy\" decoding=\"async\" src=\"https:\/\/www.ufmg.br\/dti\/wp-content\/uploads\/imgs\/tudo_pixel.gif\" width=\"1\" height=\"20\" alt=\"\" border=\"0\"><br \/>     <span class=\"texto\"> Adyrus, o ca&ccedil;ador de sites, enviou as seguintes     dicas:<\/p>\n<p>    &#8211; A Fant&aacute;stica F&aacute;brica de Chocolate acaba de chegar aos     cinemas em sua segunda vers&atilde;o. Dirigida por Tim Burton (Johnny     Depp no papel principal), a p&aacute;gina oficial do filme (<a href=\"http:\/\/pdl.warnerbros.com\/wbmovies\/charlie\/flashsite\/\">http:\/\/pdl.warnerbros.com\/wbmovies\/charlie\/flashsite\/<\/a>)     &eacute; muito bem feito e tem hist&oacute;ria, personagens e trailler.     Aproveite e veja a galeria de fotos. (Site em Ingl&ecirc;s)<\/p>\n<p>    &#8211; Se voc&ecirc; &eacute; ligado em Cinema e\/ou TV, n&atilde;o deixe de     visitar a p&aacute;gina do Yahoo Cinema (<a href=\"http:\/\/br.movies.yahoo.com\/\">http:\/\/br.movies.yahoo.com\/<\/a>)!     L&aacute; tem sinopses dos principais filmes em cartaz no Brasil e os     pr&oacute;ximos lan&ccedil;amentos aqui na terrinha da cuecas endolaradas.     Vale a pena conferir esta p&aacute;gina repleta de informa&ccedil;&otilde;es     e cultura.<\/p>\n<p>    &#8211; Associa&ccedil;&atilde;o Aldeias Infantis SOS (<a href=\"http:\/\/www.aldeiasinfantis.org.br\/quemsomos\/index.html\">http:\/\/www.aldeiasinfantis.org.br\/quemsomos\/index.html<\/a>)     &eacute; uma entidade internacional sem fins lucrativos, que visa dar     &agrave;s crian&ccedil;as uma oportunidade de viver em um lar de verdade,     tendo sua educa&ccedil;&atilde;o orientada por uma m&atilde;e social,     e convivendo com outras crian&ccedil;as, como uma fam&iacute;lia.<\/p>\n<p>    &#8211; Navegue por mais de 1900 curiosidades do site <a href=\"http:\/\/www.portaldascuriosidades.com\/index.php\">http:\/\/www.portaldascuriosidades.com\/index.php<\/a>     Veja: Animais, Comida, Ci&ecirc;ncia, Hist&oacute;ria, Inven&ccedil;&otilde;es,     Personalidades, Recordes, Sexo, Transportes, Viagens, Universo etc. <\/p>\n<p>    &#8211; O site Cidades@ (<a href=\"http:\/\/www.ibge.gov.br\/cidadesat\/default.php\">http:\/\/www.ibge.gov.br\/cidadesat\/default.php<\/a>)     &eacute; uma poderosa ferramenta para se obter informa&ccedil;&otilde;es     sobre todos os munic&iacute;pios do Brasil. Voc&ecirc; poder&aacute; acessar     diretamente os dados de cada munic&iacute;pio atrav&eacute;s do campo     de busca no canto superior direito ou clicando em cada UF, para depois     escolher a cidade.<\/p>\n<p>    &#8211; Se est&aacute; querendo conhecer uma nova linguagem de programa&ccedil;&atilde;o     com recuros para Web n&atilde;o perca a oportunidade e aponte o seu navegador     para Keplerproject (<a href=\"http:\/\/www.keplerproject.org\">http:\/\/www.keplerproject.org<\/a>).     A linguagem Lua apresenta uma s&eacute;rie de componentes desenvolvidos     de forma colaborativa. O servidor Xavante e o LuaZip (para ler diretamente     arquivos zipados sem precisar extra&iacute;-los), al&eacute;m de LuaJava     (de dentro da qual se pode lan&ccedil;ar comandos Java) e outros. (Site     em Ingl&ecirc;s)<\/p>\n<p>    &#8211; Se voc&ecirc; gosta de criar novidades para animais aproveite e crie     novos animais a partir de um. O legal aqui &eacute; juntar v&aacute;rias     partes de diferentes animais para criar uma besta nova e diferente. V&aacute;     at&eacute; <a href=\"http:\/\/www.beastblender.com\">http:\/\/www.beastblender.com<\/a>.     (Site em Ingl&ecirc;s)<\/p>\n<p>    Dicas do Thiago Ribeiro:<\/p>\n<p>    &#8211; Site em Ingl&ecirc;s, mas muito rico pois funciona como um minicentro     de ci&ecirc;ncia. Aqui s&atilde;o expostos projetos de crian&ccedil;as     e id&eacute;ias ousadas de pessoas consideradas grandes promessas na &aacute;rea     cient&iacute;fica. Um divertido arquivo de id&eacute;ias para serem desenvolvidas     pelos internautas &eacute; o ponto alto do site. Endere&ccedil;o: <a href=\"http:\/\/www.halcyon.com\/sciclub\">http:\/\/www.halcyon.com\/sciclub<\/a>.     <\/p>\n<p>    &#8211; O site <a href=\"http:\/\/library.thinkquest.org\/27152\/res\/museum\/museum_g.htm\">http:\/\/library.thinkquest.org\/27152\/res\/museum\/museum_g.htm<\/a>     &eacute; um imenso museu de paleontologia na Internet. A ci&ecirc;ncia     que estuda os f&oacute;sseis e dinossauros &eacute; interessante n&atilde;o     s&oacute; para quem trabalha no ramo, mas para quem n&atilde;o faz a menor     id&eacute;ia do que seja um tiranossauro. Aqui voc&ecirc; conhece toda     a hist&oacute;ria dos animais e sua extin&ccedil;&atilde;o. No link para     Oriland, um grande mapa se abre, como se fosse um parque dos dinossauros     &#8211; sem qualquer alus&atilde;o ao filme. <\/p>\n<p>    &#8211; Voc&ecirc; j&aacute; teve que entregar algum trabalho e n&atilde;o tinha     nem id&eacute;ia do que escrever ? Pois ent&atilde;o seus problemas acabaram!     Atrav&eacute;s do site <a href=\"http:\/\/www.padrelevedo.hpg.ig.com.br\/lerolero\/LeroLero.html\">http:\/\/www.padrelevedo.hpg.ig.com.br\/lerolero\/LeroLero.html<\/a>,     voc&ecirc; pode dizer muito, sem, na verdade, dizer nada. Este fabuloso     gerador de &#8220;lero-lero&#8221; &eacute; capaz de escrever mais de     200 frases se voc&ecirc; digitar apenas o t&iacute;tulo da obra. Vale     a pena conferir o link.<br \/>    <\/span> <\/td>\n<\/tr>\n<tr>\n<td align=\"LEFT\" valign=\"TOP\"><\/td>\n<td align=\"LEFT\" valign=\"TOP\"><a name=\"ainformativo2\"><span class=\"titulo\">UFMG APOSTA     EM NOVOS PROJETOS<\/span><\/a><span class=\"texto\">     <\/p>\n<p>O jornal <em>Hoje em Dia<\/em> divulgou, no dia 22 de julho\/2005, a      not&iacute;cia <strong>UFMG aposta em novos projetos<\/strong>, transcrita      a seguir: <\/p>\n<p>     &#8220;O an&uacute;ncio da venda, na &uacute;ltima quarta-feira, da      empresa mineira Akwan Information Technologies &#8211; que atua com desenvolvimento      de ferramentas para a Internet &#8211; para a gigante americana Google &eacute;      visto como mais uma comprova&ccedil;&atilde;o de que o estado &eacute;      um &#8216;celeiro&#8217; de conhecimento tecnol&oacute;gico. Antes dela,      outras como a PWM do Brasil, de Santa Rita do Sapuca&iacute;, Biobr&aacute;s,      em Montes Claros, e produtos como a ferramenta de metabusca Miner, todos      criados com o conhecimento local, j&aacute; tinham atra&iacute;do a      aten&ccedil;&atilde;o de investidores estrangeiros e angariado recursos      milion&aacute;rios para sua regi&atilde;o. E o potencial de Minas nesse      setor n&atilde;o p&aacute;ra por a&iacute;. O Departamento de Ci&ecirc;ncia      da Computa&ccedil;&atilde;o da Universidade Federal de Minas Gerais      (UFMG), de onde saiu grande parte desses projetos de sucesso, tem novas      apostas para um futuro que pode estar pr&oacute;ximo: a Smart Price,      organiza&ccedil;&atilde;o que atua com precifica&ccedil;&atilde;o em      com&eacute;rcio eletr&ocirc;nico, e o sistema Metasys, para computadores      mais populares. <\/p>\n<p>     De acordo com o chefe do Departamento de Ci&ecirc;ncia da Computa&ccedil;&atilde;o      da UFMG, Alberto Laender, a universidade tem mais de 20 anos de tradi&ccedil;&atilde;o      em projetos de pesquisas voltadas para o mercado. &#8220;Com o excelente      resultado alcan&ccedil;ado pela Akwan, que surgiu a partir de uma tese      de mestrado, agora estamos colocando todas as nossas fichas nesses dois      outros empreendimentos&#8221;, ressalta, observando que a empresa de      Belo Horizonte Syst Internacional at&eacute; se aliou ao projeto para      comercializar o Metasys. Para ele, o diferencial dos profissionais mineiros      est&aacute; em unir o trabalho acad&ecirc;mico com o resultado aplicado.      &#8220;Essa mentalidade, de jun&ccedil;&atilde;o da compet&ecirc;ncia      t&eacute;cnica com o capital e a oportunidade pr&aacute;tica, vem de      um modelo que existe no Vale do Sil&iacute;cio, nos Estados Unidos.      &Eacute; diferente de fazer pesquisa de prateleira&#8221;, complementa      o consultor de empresas de Tecnologia da Computa&ccedil;&atilde;o, Ivan      Moura Campos, um dos antigos s&oacute;cios da Akwan. <\/p>\n<p>     Ele lembra ainda que o pr&oacute;prio Google veio de um projeto semelhante:      foi elaborado por dois estudantes da Universidade de Stanford e acabou      ganhando as propor&ccedil;&otilde;es atuais, tornando-se o maior site      de buscas do mundo e um dos l&iacute;deres da Bolsa de Valores americana.      O presidente da Fir Capital, Guilherme Emrich, ex-s&oacute;cio capitalista      da empresa vendida para o Google, acrescenta que Minas Gerais tamb&eacute;m      inova no fato de faculdades terem participa&ccedil;&atilde;o acion&aacute;ria      nos produtos e empresas criados por meio delas. &#8220;A UFMG, por exemplo,      era s&oacute;cia da Akwan, atrav&eacute;s do seu Fundo para Desenvolvimento      de Pesquisas (Fundep), o que &eacute; um movimento de modernismo, tamb&eacute;m      seguindo padr&otilde;es americanos&#8221;, ressalta Emrich. <\/p>\n<p>     O empres&aacute;rio era dono de uma das empresas que sa&iacute;ram das      salas de aula da UFMG, a Biobr&aacute;s. A f&aacute;brica, que iniciou      suas opera&ccedil;&otilde;es em 1976, surgiu de trabalhos da Escola      de Medicina sobre enzimas. H&aacute; tr&ecirc;s anos, foi vendida para      a dinamarquesa Novo Nordisk, l&iacute;der mundial no segmento de diabetes.      Desde ent&atilde;o, a multinacional investe US$ 230 milh&otilde;es na      empresa. &#8216;O fator primordial para atrair essas empresas &eacute;      a qualidade da nossa m&atilde;o-de-obra em tecnologia e biotecnologia&#8217;,      garante Emrich. Antes da Biobr&aacute;s, em 1999, o Miner, oriundo de      uma tese de mestrado de um aluno da universidade, foi adquirido pelo      UOL. <\/p>\n<p>     <strong>Site de buscas foi a vitrine <\/strong><\/p>\n<p>     O detalhamento sobre o projeto do Google, maior site de busca do mundo,      para seu Centro de Pesquisa e Desenvolvimento (P&amp;D) na Am&eacute;rica      Latina, que ser&aacute; sediado em Belo Horizonte, ainda n&atilde;o      est&aacute; definido. A multinacional ir&aacute; utilizar o conhecimento      da empresa mineira Akwan, adquirida por eles por um valor n&atilde;o      revelado. A expectativa, de acordo com o chefe do Departamento de Ci&ecirc;ncia      da Computa&ccedil;&atilde;o da Universidade Federal de Minas Gerais,      Alberto Laender, &eacute; de que o Centro seja instalado, em car&aacute;ter      definitivo, no Parque Tecnol&oacute;gico que est&aacute; sendo estruturado      em um terreno da Federal, na Regi&atilde;o da Pampulha. &#8216;Seria      a &acirc;ncora do empreendimento. At&eacute; l&aacute;, outro local      ainda est&aacute; em estudo&#8221;, garante. <\/p>\n<p>     Ainda n&atilde;o se sabe tamb&eacute;m o n&uacute;mero de novas vagas      que ser&atilde;o geradas com o projeto da empresa norte-americana de      aumentar sua atua&ccedil;&atilde;o no continente. At&eacute; o momento,      a Akwan, que tem quatro anos de idade e est&aacute; localizada na Avenida      Abra&atilde;o Caram, em frente &agrave; UFMG, conta com 30 pesquisadores.      &#8220;O n&uacute;mero de empregos dever&aacute; ser imensamente maior&#8221;,      aposta o empres&aacute;rio Guilherme Emrich, ex-s&oacute;cio capitalista      da corpora&ccedil;&atilde;o mineira, criada por um grupo de professores      da UFMG: seis s&oacute;cios-fundadores e mais dois gestores de fundo      de capital de risco. Ela fornece servi&ccedil;os de busca para usu&aacute;rios      finais e empresas no Brasil, como UOL e IG, na &aacute;rea m&eacute;dica      e ferramentas de clipping. Sua grande vitrine &eacute; o site de buscas      Todobr.com (<a href=\"http:\/\/www.todobr.com.br\">http:\/\/www.todobr.com.br<\/a>).      Agora, os internautas que tentarem acessar esse endere&ccedil;o, ser&atilde;o      automaticamente encaminhados para o Google. <\/p>\n<p>     Para o professor N&iacute;vio Ziviani, um dos fundadores da Akwan, a      aproxima&ccedil;&atilde;o com o Google foi natural. &#8220;A empresa      tinha interesses em criar um centro de pesquisa e desenvolvimento na      Am&eacute;rica Latina. A op&ccedil;&atilde;o pela Akwan deve-se &agrave;      sua forte presen&ccedil;a na regi&atilde;o e ao desenvolvimento, aqui,      de tecnologia compat&iacute;vel com a mundial&#8221;, declara. Segundo      ele, fazer parte da equipe da multinacional representa grande oportunidade      de crescimento para a empresa mineira, al&eacute;m de gerar empregos      que exigem alto n&iacute;vel de qualifica&ccedil;&atilde;o. Inicialmente,      a Akwan Information Technologies manter&aacute; seus clientes que, depois,      tamb&eacute;m passar&atilde;o para o Google. Para a empresa americana,      a Akwan ir&aacute; desenvolver ferramentas de busca e de m&iacute;dia,      um dos pontos fortes do site internacional.&#8221;    <\/p>\n<p>    <\/span> <\/td>\n<\/tr>\n<tr>\n<td align=\"LEFT\" valign=\"TOP\"><\/td>\n<td align=\"LEFT\" valign=\"TOP\"><a name=\"ainformativo3\"><span class=\"titulo\">LISTA DE     ISENTOS DA TAXA DE INSCRI&Ccedil;&Agrave;O AO VESTIBULAR 2006 SAI NO DIA     1o. DE AGOSTO<\/span><\/a> <span class=\"texto\">     <\/p>\n<p>Est&aacute; prevista para a pr&oacute;xima segunda-feira, 1&ordm; de      agosto, a divulga&ccedil;&atilde;o dos nomes dos candidatos isentos      da taxa de inscri&ccedil;&atilde;o ao Vestibular UFMG 2006. O benef&iacute;cio      se destina &agrave;s pessoas que comprovam, atrav&eacute;s do envio      da documenta&ccedil;&atilde;o exigida pela Universidade, a impossibilidade      de arcar com a despesa, que neste ano &eacute; de R$ 103. A lista dos      beneficiados estar&aacute; dispon&iacute;vel no endere&ccedil;o eletr&ocirc;nico      da Comiss&atilde;o Permanente do Vestibular (Copeve):<a href=\"http:\/\/www.ufmg.br\/copeve\">http:\/\/www.ufmg.br\/copeve<\/a>.<\/p>\n<p>     Nesta edi&ccedil;&atilde;o do Programa de Isen&ccedil;&atilde;o da Taxa      do Vestibular (PITV), a Copeve deferiu 18.958 pedidos, o que corresponde      a 65,7 % dos 28.907 inscritos. Desse total, 12.891 candidatos receber&atilde;o      isen&ccedil;&atilde;o total e outros 6.067 a parcial, correspondente      a 50% do valor da taxa. Os &iacute;ndices mant&ecirc;m-se est&aacute;veis      se comparados aos resultados do &uacute;ltimo Programa, quando, de um      total de 29.021 inscritos, foram deferidos 18.591 pedidos, ou 64% do      total de candidatos. (Fonte: <a href=\"http:\/\/www.ufmg.br\/online\/arquivos\/001947.shtml\">http:\/\/www.ufmg.br\/online\/arquivos\/001947.shtml<\/a>)    <\/p>\n<p>&nbsp;<\/p>\n<p>    <\/span><\/td>\n<\/tr>\n<tr>\n<td align=\"LEFT\" valign=\"TOP\"><\/td>\n<td align=\"LEFT\" valign=\"TOP\"><a name=\"ainformativo4\" id=\"4\"><span class=\"titulo\">INSCRI&Ccedil;&Otilde;ES     AO VESTIBULAR DA UFMG 2006 ACONTECEM EM AGOSTO<\/span><\/a> <span class=\"texto\">     <\/p>\n<p>As inscri&ccedil;&otilde;es ao Vestibular 2006 da UFMG ser&atilde;o      realizadas, pela internet, de 7 a 18 de agosto e, nos Correios, de 8      a 19 de agosto. As provas da primeira etapa do concurso acontecem nos      dias 3 e 4 de dezembro, em Belo Horizonte, Barbacena, Contagem, Conselheiro      Lafaiete, Coronel Fabriciano, Divin&oacute;polis, Governador Valadares,      Lavras, Montes Claros, Pouso Alegre, Sete Lagoas, Uberaba e Vi&ccedil;osa.      <\/p>\n<p>     A segunda etapa ser&aacute; realizada, de 9 a 16 de janeiro de 2006,      apenas na capital mineira e em Montes Claros. O manual do candidato      custa R$ 15 e a taxa de inscri&ccedil;&atilde;o &eacute; de R$ 103.      Aos isentos, basta comprar o manual do candidato e apresentar, nos Correios,      a carta de deferimento da taxa de isen&ccedil;&atilde;o enviada pela      UFMG ou, na internet, digitar o c&oacute;digo espec&iacute;fico de seu      processo. (Fonte: <a href=\"http:\/\/www.ufmg.br\/online\/arquivos\/001947.shtml\">http:\/\/www.ufmg.br\/online\/arquivos\/001947.shtml<\/a>)    <\/p>\n<p>&nbsp;<\/p>\n<p>    <\/span><\/td>\n<\/tr>\n<tr>\n<td align=\"LEFT\" valign=\"TOP\"><\/td>\n<td align=\"LEFT\" valign=\"TOP\"><a name=\"ainformativo5\" id=\"5\"><span class=\"titulo\">MEM&Oacute;RIA     FOTOGR&Aacute;FICA DO CECOM<\/span><\/a> <span class=\"texto\">     <\/p>\n<p>No dia 22 de junho de 2004, Aleixina Maria Lopes Andal&eacute;cio fez      a defesa p&uacute;blica de sua disserta&ccedil;&atilde;o do mestrado      na Escola de Ci&ecirc;ncia da Informa&ccedil;&atilde;o. Uma semana antes      do grande dia, Xina fez um teste do tempo que gastaria na sua apresenta&ccedil;&atilde;o,      na Sala de Aulas do CECOM, no subsolo. A Lel&eacute; e o Marcelo Bassoli,      representantes de<em> O Sistem&aacute;tico<\/em>, compareceram e ficaram      um pouco. Mas, o Eust&aacute;quio permaneceu at&eacute; o fim, cronometrando      o tempo. As fotos s&atilde;o de autoria de Marcelo Bassoli e Eust&aacute;quio.<\/p>\n<p align=\"center\"><img loading=\"lazy\" decoding=\"async\" src=\"https:\/\/www.ufmg.br\/dti\/wp-content\/uploads\/fotos\/ensaio_xina5.jpg\" width=\"352\" height=\"288\"><br \/>     <em><font face=\"1\">Testando! <\/font><\/em><\/p>\n<p align=\"center\"><em><font face=\"1\"><img loading=\"lazy\" decoding=\"async\" src=\"https:\/\/www.ufmg.br\/dti\/wp-content\/uploads\/fotos\/ensaio_xina3.jpg\" width=\"352\" height=\"288\"><br \/>     Testando!<\/font><\/em><\/p>\n<p align=\"center\"><em><font face=\"1\"><img loading=\"lazy\" decoding=\"async\" src=\"https:\/\/www.ufmg.br\/dti\/wp-content\/uploads\/fotos\/ensaio_xina4.jpg\" width=\"352\" height=\"288\"><br \/>     Lel&eacute; e Marcelo<\/font><\/em><\/p>\n<p align=\"center\"><em><font face=\"1\"><img loading=\"lazy\" decoding=\"async\" src=\"https:\/\/www.ufmg.br\/dti\/wp-content\/uploads\/fotos\/ensaio_xina2.jpg\" width=\"352\" height=\"288\"><br \/>     Xina <\/font><\/em><\/p>\n<p align=\"center\"><em><font face=\"1\"><img loading=\"lazy\" decoding=\"async\" src=\"https:\/\/www.ufmg.br\/dti\/wp-content\/uploads\/fotos\/ensaio_xina1.jpg\" width=\"352\" height=\"288\"><br \/>     Eust&aacute;quio <\/font><\/em><\/p>\n<p>&nbsp;<\/p>\n<p>    <\/span><\/td>\n<\/tr>\n<p>  <!-- #EndEditable -->  <\/table>\n<p> <!-- fim noticias --> <!-- tabela ha 20 anos --> <\/p>\n<table border=\"0\" cellspacing=\"0\" cellpadding=\"0\" class=\"cinza\">\n<tr>\n<td><img loading=\"lazy\" decoding=\"async\" src=\"https:\/\/www.ufmg.br\/dti\/wp-content\/uploads\/imgs\/tudo_pixel.gif\" width=\"1\" height=\"1\" alt=\"\" border=\"0\"><\/td>\n<td><img loading=\"lazy\" decoding=\"async\" src=\"https:\/\/www.ufmg.br\/dti\/wp-content\/uploads\/imgs\/tudo_pixel.gif\" width=\"19\" height=\"1\" alt=\"\" border=\"0\"><\/td>\n<td><img loading=\"lazy\" decoding=\"async\" src=\"https:\/\/www.ufmg.br\/dti\/wp-content\/uploads\/imgs\/tudo_pixel.gif\" width=\"510\" height=\"1\" alt=\"\" border=\"0\"><\/td>\n<td><img loading=\"lazy\" decoding=\"async\" src=\"https:\/\/www.ufmg.br\/dti\/wp-content\/uploads\/imgs\/tudo_pixel.gif\" width=\"19\" height=\"1\" alt=\"\" border=\"0\"><\/td>\n<td><img loading=\"lazy\" decoding=\"async\" src=\"https:\/\/www.ufmg.br\/dti\/wp-content\/uploads\/imgs\/tudo_pixel.gif\" width=\"1\" height=\"1\" alt=\"\" border=\"0\"><\/td>\n<\/tr>\n<tr>\n<td class=\"vermelho\" colspan=\"5\"><img loading=\"lazy\" decoding=\"async\" src=\"https:\/\/www.ufmg.br\/dti\/wp-content\/uploads\/imgs\/tudo_pixel.gif\" width=\"1\" height=\"1\" alt=\"\" border=\"0\"><\/td>\n<\/tr>\n<tr>\n<td class=\"vermelho\"><img loading=\"lazy\" decoding=\"async\" src=\"https:\/\/www.ufmg.br\/dti\/wp-content\/uploads\/imgs\/tudo_pixel.gif\" width=\"1\" height=\"1\" alt=\"\" border=\"0\"><\/td>\n<td><img loading=\"lazy\" decoding=\"async\" src=\"https:\/\/www.ufmg.br\/dti\/wp-content\/uploads\/imgs\/tudo_pixel.gif\" width=\"1\" height=\"1\" alt=\"\" border=\"0\"><\/td>\n<td align=\"LEFT\" valign=\"TOP\"><!-- #BeginEditable \"ha 20 anos\" --><a name=\"ainformativo6\" id=\"6\"><img loading=\"lazy\" decoding=\"async\" src=\"https:\/\/www.ufmg.br\/dti\/wp-content\/uploads\/imgs\/tudo_pixel.gif\" width=\"1\" height=\"8\" alt=\"\" border=\"0\"><br \/>    <span class=\"titulo\">H\u00e1 20 anos&#8230;<\/span><\/a> <span class=\"texto\">     <\/p>\n<p>O Sistem&aacute;tico Ano IX, no 29, de 01\/08\/1985, publicou not&iacute;cias      sobre a sele&ccedil;&atilde;o de bolsistas para o Setor de Programa&ccedil;&atilde;o      da Divis&atilde;o de Desenvolvimento de Sistemas, freq&uuml;&ecirc;ncia      de pessoal do CECOM, realiza&ccedil;&atilde;o do semin&aacute;rio Teleprocessamento,      produ&ccedil;&atilde;o do Sistema Burroughs 6700, entre outras. A not&iacute;cia      que se destacou foi:<\/p>\n<p><strong>BOLETIM INFORMATIVO DA REITORIA <\/strong><br \/>     <font face=\"1\">O Boletim Informativo da Reitoria da UFMG foi reconhecido      pelo Conselho Universit&aacute;rio, em 14 de junho, como &oacute;rg&atilde;o      oficial da institui&ccedil;&atilde;o. Com o n&uacute;mero 601, o BI      j&aacute; circulou em sua nova fase, com uma altera&ccedil;&atilde;o      no seu logotipo, onde a express&atilde;o da Reitoria foi substitu&iacute;da      por da Universidade.<br \/>     A Sala de Imprensa est&aacute; fazendo uma campanha de assinaturas no      &acirc;mbito interno da UFMG. Portanto, os funcion&aacute;rios do CECOM      que quiserem se tor ar assinantes do BI poder&atilde;o dar seus nomes      no Setor de Treinamento e Divulga&ccedil;&atilde;o ou procurar diretamente      a Sala de Imprensa.<br \/>     A distribui&ccedil;&atilde;o do BI &eacute; feita atrav&eacute;s do      sistema de malotes da Universidade, por via postal e pelo sistema de      entrega direta da Se&ccedil;&atilde;o de Protocolo e Expediente da Reitoria.      <\/font> <\/p>\n<p>    <\/span><!-- #EndEditable --><br \/>     <img loading=\"lazy\" decoding=\"async\" src=\"https:\/\/www.ufmg.br\/dti\/wp-content\/uploads\/imgs\/tudo_pixel.gif\" width=\"1\" height=\"8\" alt=\"\" border=\"0\"><\/td>\n<td><img loading=\"lazy\" decoding=\"async\" src=\"https:\/\/www.ufmg.br\/dti\/wp-content\/uploads\/imgs\/tudo_pixel.gif\" width=\"1\" height=\"1\" alt=\"\" border=\"0\"><\/td>\n<td class=\"vermelho\"><img loading=\"lazy\" decoding=\"async\" src=\"https:\/\/www.ufmg.br\/dti\/wp-content\/uploads\/imgs\/tudo_pixel.gif\" width=\"1\" height=\"1\" alt=\"\" border=\"0\"><\/td>\n<\/tr>\n<tr>\n<td class=\"vermelho\" colspan=\"5\"><img loading=\"lazy\" decoding=\"async\" src=\"https:\/\/www.ufmg.br\/dti\/wp-content\/uploads\/imgs\/tudo_pixel.gif\" width=\"1\" height=\"1\" alt=\"\" border=\"0\"><\/td>\n<\/tr>\n<\/table>\n<p> <!-- fim tabela ha 20 anos --><\/div>\n<p><a name='eventos'><\/a><\/p>\n<h4>Eventos<\/h4>\n<div class=\"centro-sistematico\">  <!-- noticias --> <\/p>\n<table border=\"0\" cellspacing=\"0\" cellpadding=\"0\">\n<tr>\n<td><\/td>\n<td><\/td>\n<\/tr>\n<p>  <!-- #BeginEditable \"materias\" -->   <\/p>\n<tr>\n<td align=\"LEFT\" valign=\"TOP\"><\/td>\n<td align=\"LEFT\" valign=\"TOP\"> <a name=\"aeventos1\"><span class=\"titulo\">SOCIAIS<\/span><\/a>     <span class=\"texto\">     <\/p>\n<p><em><strong>ANIVERS&Aacute;RIOS:<\/strong> &#8220;O Sistem&aacute;tico&#8221;      envia os parab&eacute;ns para Diva Corr&ecirc;a Vieira, no dia 31. E      os parab&eacute;ns para os ex-ceconianos: Eliane Pawlowiski, no dia      31; Clarindo Isa&iacute;as Pereira da Silva e P&aacute;dua (DCC), no      dia 1o de agosto; Iracema Alves Torres e Evandro de Paula Godoy, no      dia 04. <br \/>     <strong><br \/>     TABLADO:<\/strong> O campus Pampulha est&aacute; ganhando esta semana      uma nova estrutura, que servir&aacute; de palco a solenidade in&eacute;dita,      na manh&atilde; do pr&oacute;ximo s&aacute;bado, dia 30 de julho. Pela      primeira vez, a formatura de alunos de gradua&ccedil;&atilde;o da UFMG      acontece ao ar livre. A solenidade, preparada pelos 162 formandos de      Medicina, ser&aacute; no bosque entre a Reitoria e a Escola de M&uacute;sica.      (Fonte: <a href=\"http:\/\/www.ufmg.br\/online\/arquivos\/001957.shtml\">http:\/\/www.ufmg.br\/online\/arquivos\/001957.shtml<\/a>)<\/em>    <\/p>\n<p>    <\/span><\/td>\n<\/tr>\n<p>  <!-- #EndEditable -->  <\/table>\n<p> <!-- fim noticias --><\/div>\n","protected":false},"excerpt":{"rendered":"<p>Not\u00edcias DUPLICADA A VELOCIDADE DE ACESSO DO CAMPUS SA&Uacute;DE &Agrave; REDE UFMG CECOM D&Aacute; CONTINUIDADE AO PROCESSO DE AVALIA&Ccedil;&Agrave;O INTERNA ENCERRADO O CURSO DE JAVA DO DCC PRORH OFERECE CURSO DE EXCEL Informativo DICAS DE SITES INTERESSANTES UFMG APOSTA EM NOVOS PROJETOS LISTA DE ISENTOS DA TAXA DE INSCRI&Ccedil;&Agrave;O AO VESTIBULAR 2006 SAI NO DIA &#8230; <a title=\"Sistem\u00e1tico: Edi\u00e7\u00e3o 1256 &#8211; 28\/07\/2005\" class=\"read-more\" href=\"https:\/\/www.ufmg.br\/dti\/2005\/07\/28\/sistematico-edicao-1256-28072005\/\" aria-label=\"Read more about Sistem\u00e1tico: Edi\u00e7\u00e3o 1256 &#8211; 28\/07\/2005\">Ler mais<\/a><\/p>\n","protected":false},"author":3,"featured_media":0,"comment_status":"open","ping_status":"open","sticky":false,"template":"","format":"standard","meta":{"inline_featured_image":false,"footnotes":""},"categories":[13],"tags":[],"coauthors":[79],"class_list":["post-1371","post","type-post","status-publish","format-standard","hentry","category-sistematico"],"_links":{"self":[{"href":"https:\/\/www.ufmg.br\/dti\/wp-json\/wp\/v2\/posts\/1371","targetHints":{"allow":["GET"]}}],"collection":[{"href":"https:\/\/www.ufmg.br\/dti\/wp-json\/wp\/v2\/posts"}],"about":[{"href":"https:\/\/www.ufmg.br\/dti\/wp-json\/wp\/v2\/types\/post"}],"author":[{"embeddable":true,"href":"https:\/\/www.ufmg.br\/dti\/wp-json\/wp\/v2\/users\/3"}],"replies":[{"embeddable":true,"href":"https:\/\/www.ufmg.br\/dti\/wp-json\/wp\/v2\/comments?post=1371"}],"version-history":[{"count":0,"href":"https:\/\/www.ufmg.br\/dti\/wp-json\/wp\/v2\/posts\/1371\/revisions"}],"wp:attachment":[{"href":"https:\/\/www.ufmg.br\/dti\/wp-json\/wp\/v2\/media?parent=1371"}],"wp:term":[{"taxonomy":"category","embeddable":true,"href":"https:\/\/www.ufmg.br\/dti\/wp-json\/wp\/v2\/categories?post=1371"},{"taxonomy":"post_tag","embeddable":true,"href":"https:\/\/www.ufmg.br\/dti\/wp-json\/wp\/v2\/tags?post=1371"},{"taxonomy":"author","embeddable":true,"href":"https:\/\/www.ufmg.br\/dti\/wp-json\/wp\/v2\/coauthors?post=1371"}],"curies":[{"name":"wp","href":"https:\/\/api.w.org\/{rel}","templated":true}]}}