{"id":1383,"date":"2005-04-28T08:00:00","date_gmt":"2005-04-28T08:00:00","guid":{"rendered":"https:\/\/www.ufmg.br\/dti\/cecom\/?p=1383"},"modified":"2005-04-28T08:00:00","modified_gmt":"2005-04-28T08:00:00","slug":"sistematico-edicao-1244-28042005","status":"publish","type":"post","link":"https:\/\/www.ufmg.br\/dti\/2005\/04\/28\/sistematico-edicao-1244-28042005\/","title":{"rendered":"Sistem\u00e1tico: Edi\u00e7\u00e3o 1244 &#8211; 28\/04\/2005"},"content":{"rendered":"<ul>\n<li><a href=\"\/dti\/#noticias\">Not\u00edcias<\/a>\n<div class='submenuSistematico'>\n<ul>\n<li><a href=\"\/dti\/#anoticias1\"><span class=\"titulo\">IMPLANTADO     NOVO SISTEMA AUTOMATIZADO PARA O ATENDIMENTO 5000<\/span><\/a><\/li>\n<li><a href=\"\/dti\/#anoticias2\"><span class=\"titulo\">CECOM MIGRA     INTRANET ADMINISTRATIVA<\/span><\/a><\/li>\n<li><a href=\"\/dti\/#anoticias3\"><span class=\"titulo\">NOVAS LISTAS     PARA O RATEIO DE TELEFONIA<\/span><\/a><\/li>\n<li><a href=\"\/dti\/#anoticias4\" id=\"4\"><span class=\"titulo\">DAC     PROMOVE BATE PAPO T&Eacute;CNICO PARA O CEDECOM<\/span><\/a><\/li>\n<li><a href=\"\/dti\/#anoticias5\" id=\"5\"><span class=\"titulo\">NOVO     ESTAGI&Aacute;RIO NO CECOM<\/span><\/a><\/li>\n<\/ul>\n<\/div>\n<\/li>\n<li><a href=\"\/dti\/#informativo\">Informativo<\/a>\n<div class='submenuSistematico'>\n<ul>\n<li><a href=\"\/dti\/#ainformativo1\"><span class=\"titulo\">ESTAT&Iacute;STICAS      DE SISTEMA ANTI-SPAM DE MAR&Ccedil;O<\/span><br \/>     <\/a><\/li>\n<li><a href=\"\/dti\/#ainformativo2\" id=\"2\"><span class=\"titulo\">DICAS     DE SITES INTERESSANTES<\/span><\/a><\/li>\n<li><a href=\"\/dti\/#ainformativo3\"><span class=\"titulo\">CASU      FAZ CAMPANHA DE VACINA&Ccedil;&Atilde;O CONTRA GRIPE<\/span><\/a><\/li>\n<li><a href=\"\/dti\/#ainformativo4\" id=\"4\"><span class=\"titulo\">DAC     PROMOVE BATE PAPO T&Eacute;CNICO PARA O CEDECOM<\/span><\/a><\/li>\n<li><a href=\"\/dti\/#ainformativo5\" id=\"5\"><span class=\"titulo\"> PESQUISA:     COMPUTADOR CAUSA FADIGA VISUAL<\/span><\/a><\/li>\n<li><a href=\"\/dti\/#ainformativo6\" id=\"6\"><span class=\"titulo\">CLIPPING     DA PUBLICA&Ccedil;&Atilde;O TI &amp; GOVERNO<\/span><\/a><\/li>\n<li><a href=\"\/dti\/#ainformativo7\" id=\"7\"><span class=\"titulo\">PROGRAMA&Ccedil;&Atilde;O     CULTURAL DA 6&ordf; FEIRA DE ARTESANATO DO VALE DO JEQUITINHONHA<\/span><\/a><\/li>\n<li><a href=\"\/dti\/#ainformativo8\" id=\"8\"><img loading=\"lazy\" decoding=\"async\" src=\"https:\/\/www.ufmg.br\/dti\/wp-content\/uploads\/imgs\/tudo_pixel.gif\" width=\"1\" height=\"8\" alt=\"\" border=\"0\"><br \/>    <span class=\"titulo\">H\u00e1 20 anos&#8230;<\/span><\/a><\/li>\n<\/ul>\n<\/div>\n<\/li>\n<li><a href=\"\/dti\/#eventos\">Eventos<\/a>\n<div class='submenuSistematico'>\n<ul>\n<li><a href=\"\/dti\/#aeventos1\"><span class=\"titulo\">SOCIAIS<\/span><\/a><\/li>\n<\/ul>\n<\/div>\n<\/li>\n<\/ul>\n<p> <a name='noticias'><\/a><\/p>\n<h4>Not\u00edcias<\/h4>\n<div class=\"centro-sistematico\">  <!-- noticias --> <\/p>\n<table border=\"0\" cellspacing=\"0\" cellpadding=\"0\">\n<tr>\n<td><\/td>\n<td><\/td>\n<\/tr>\n<p>  <!-- #BeginEditable \"materias\" -->   <\/p>\n<tr>\n<td align=\"LEFT\" valign=\"TOP\"><\/td>\n<td align=\"LEFT\" valign=\"TOP\"> <a name=\"anoticias1\"><span class=\"titulo\">IMPLANTADO     NOVO SISTEMA AUTOMATIZADO PARA O ATENDIMENTO 5000<\/span><\/a><span class=\"texto\">     <\/p>\n<p align=\"justify\">O CECOM colocou em produ&ccedil;&atilde;o, nesta segunda-feira,      25 de abril, o novo sistema de atendimento telef&ocirc;nico autom&aacute;tico      da UFMG. Este sistema &eacute; ativado sempre que algu&eacute;m liga      para o telefone geral da UFMG (3499-5000) e nenhuma pessoa est&aacute;      dispon&iacute;vel para fazer o atendimento. Isto pode ocorrer em situa&ccedil;&otilde;es      especiais mas, principalmente, fora do hor&aacute;rio normal de expediente      de 7:00 &agrave;s 19:00.<\/p>\n<p>     A voz utilizada &eacute; de Sirlene Bustamante de Matos Camisassa, do      DRCA, e est&atilde;o programadas mensagens diferentes para atendimento      noturno, feriados e momentos em que todas as telefonistas est&atilde;o      ocupadas.<\/p>\n<p>     O atendimento est&aacute; funcionando sobre uma plataforma Asterisk,      que &eacute; um software gratuito de PBX. <\/p>\n<p>     Trabalharam no projeto Adyr Rodrigues Nascimento, Dante Grapi&uacute;na      de Almeida, Fernando Frota Machado de Morais e Guilherme de Souza Pimentel,      todos da DRC.<\/p>\n<p>    <\/p>\n<p>    <\/span><\/td>\n<\/tr>\n<tr>\n<td align=\"LEFT\" valign=\"TOP\"><\/td>\n<td align=\"LEFT\" valign=\"TOP\"> <a name=\"anoticias2\"><span class=\"titulo\">CECOM MIGRA     INTRANET ADMINISTRATIVA<\/span><\/a><span class=\"texto\">     <\/p>\n<p align=\"justify\">Conforme divulgado no Sistem&aacute;tico no 12, de      14\/04\/2005, a Intranet Administrativa ser&aacute; migrada para um outro      equipamento, no dia 29 de abril. Essa migra&ccedil;&atilde;o faz parte      do processo de consolida&ccedil;&atilde;o dos servidores administrados      pelo CECOM.<\/p>\n<p>     Todos os documentos dispon&iacute;veis hoje na Intranet, ser&atilde;o      copiados para o novo servidor, de forma a tornar a migra&ccedil;&atilde;o      o mais transparente poss&iacute;vel. Entretanto, os c&oacute;digos dos      usu&aacute;rios que d&atilde;o manuten&ccedil;&atilde;o nesses documentos      dever&atilde;o ser criados novamente. <\/p>\n<p>     Assim, ap&oacute;s a migra&ccedil;&atilde;o, a Divis&atilde;o de Atendimento      e Consultoria (DAC) solicita aos usu&aacute;rios a verifica&ccedil;&atilde;o      dos documentos, e que solicitem &agrave; Opera&ccedil;&atilde;o de Redes      (opr@cecom.ufmg.br) a cria&ccedil;&atilde;o dos c&oacute;digos que forem      necess&aacute;rios.    <\/p>\n<\/p>\n<p>    <\/span><\/td>\n<\/tr>\n<tr>\n<td align=\"LEFT\" valign=\"TOP\"><\/td>\n<td align=\"LEFT\" valign=\"TOP\"> <a name=\"anoticias3\"><span class=\"titulo\">NOVAS LISTAS     PARA O RATEIO DE TELEFONIA<\/span><\/a><span class=\"texto\">     <\/p>\n<p align=\"justify\">O servidor que gerenciava as listas institucionais      da UFMG &eacute; o mesmo que atende a Intranet Administrativa e ser&aacute;      desativado no dia 29 de abril. <\/p>\n<p>     A grande maioria delas j&aacute; foi transferida para o Grude, mas ainda      restavam algumas no antigo servidor, entre as quais as listas que recebem,      mensalmente, as planilhas de rateio de telefonia: fonepamp-1 (unidades      acad&ecirc;micas do Campus Pampulha), foneadm-1 (unidades administrativas)      e fonecid-1 (unidades do Centro).<\/p>\n<p>     Para permitir a desativa&ccedil;&atilde;o dessas listas, a DAA enviou      a todos os participantes um e-mail solicitando informa&ccedil;&otilde;es      do endere&ccedil;o correspondente no Grude, onde ser&atilde;o criadas      as novas listas.<\/p>\n<p>     Este recadastramento est&aacute; a cargo de Michele Marie Ribeiro.    <\/p>\n<p>    <\/p>\n<p>    <\/span><\/td>\n<\/tr>\n<tr>\n<td align=\"LEFT\" valign=\"TOP\">\n<p>&nbsp;<\/p>\n<p>&nbsp;<\/p>\n<\/td>\n<td align=\"LEFT\" valign=\"TOP\"> <a name=\"anoticias4\" id=\"4\"><span class=\"titulo\">DAC     PROMOVE BATE PAPO T&Eacute;CNICO PARA O CEDECOM<\/span><\/a><span class=\"texto\">     <\/p>\n<p align=\"justify\"> A pedido do CEDECOM, o CECOM est&aacute; promovendo      bate papo t&eacute;cnico para os funcion&aacute;rios l&aacute; lotados.<\/p>\n<p>     O treinamento, que aborda temas como Hardware, arquivo e pasta, rede      Novell, v&iacute;rus e compacta&ccedil;&atilde;o de arquivo, est&aacute;      tendo como instrutor Eug&ecirc;nio Pacelli Pereira de Souza, da Divis&atilde;o      de Atendimento e Consultoria.<\/p>\n<p>     As turmas 1 e 2, realizadas nos dias 25 e 26\/04, tiveram a participa&ccedil;&atilde;o      dos seguintes funcion&aacute;rios: Maria Cec&iacute;lia Sousa Ara&uacute;jo,      M&aacute;rio L&uacute;cio Guinald, Florisvaldo Ferreira Lisboa, Maur&iacute;cio      Guilherme Silva J&uacute;nior, Jacqueline Concei&ccedil;&atilde;o Rosa,      Soraya Regina de Oliveira Fidelis, Maria Suely Meirelles, Maria Jos&eacute;      Gomes Silva, R&eacute;gis Ant&ocirc;nio Duarte Guimar&atilde;es, Sandra      Patr&iacute;cia Antunes e Gina de Souza Nogueira.<\/p>\n<p>     Nos dias 03 e 04 de maio, no hor&aacute;rio de 9:30 &agrave;s 11:30,      ser&atilde;o realizadas mais duas turmas, na Sala de Aulas do CECOM,      no subsolo do pr&eacute;dio da Reitoria.    <\/p>\n<\/p>\n<p>    <\/span><\/td>\n<\/tr>\n<tr>\n<td align=\"LEFT\" valign=\"TOP\"><\/td>\n<td align=\"LEFT\" valign=\"TOP\"> <a name=\"anoticias5\" id=\"5\"><span class=\"titulo\">NOVO     ESTAGI&Aacute;RIO NO CECOM<\/span><\/a><span class=\"texto\">     <\/p>\n<p align=\"justify\">O CECOM esta contando com mais um estagi&aacute;rio      em seu quadro. Trata-se do aluno Otto Hil&aacute;rio de Campos Cardoso,      do curso de Administra&ccedil;&atilde;o.<\/p>\n<p>     Otto entrou para o CECOM no dia 19 de abril, lotado na Divis&atilde;o      de Apoio Administrativa (DAA), onde vai participar de atividades relacionadas      &agrave;s licita&ccedil;&otilde;es e contratos preparados pela divis&atilde;o.<\/p>\n<p align=\"justify\">&nbsp;<\/p>\n<p align=\"center\"><img loading=\"lazy\" decoding=\"async\" src=\"https:\/\/www.ufmg.br\/dti\/wp-content\/uploads\/fotos\/oto1.jpg\" width=\"261\" height=\"340\"><\/p>\n<p align=\"center\">&nbsp;<\/p>\n<\/p>\n<p>    <\/span><\/td>\n<\/tr>\n<tr>\n<td align=\"LEFT\" valign=\"TOP\"><\/td>\n<td align=\"LEFT\" valign=\"TOP\"><span class=\"texto\">     <\/p>\n<p align=\"justify\">&nbsp;<\/p>\n<p>    <\/span><\/td>\n<\/tr>\n<tr>\n<td align=\"LEFT\" valign=\"TOP\">&nbsp;<\/td>\n<td align=\"LEFT\" valign=\"TOP\">&nbsp;<\/td>\n<\/tr>\n<p>  <!-- #EndEditable -->  <\/table>\n<p> <!-- fim noticias --><\/div>\n<p><a name='informativo'><\/a><\/p>\n<h4>Informativo<\/h4>\n<div class=\"centro-sistematico\">  <!-- noticias --> <\/p>\n<table border=\"0\" cellspacing=\"0\" cellpadding=\"0\">\n<tr>\n<td><\/td>\n<td><\/td>\n<\/tr>\n<p>  <!-- #BeginEditable \"materias\" -->   <\/p>\n<tr>\n<td align=\"LEFT\" valign=\"TOP\"><\/td>\n<td align=\"LEFT\" valign=\"TOP\">\n<p align=\"left\"><a name=\"ainformativo1\"><span class=\"titulo\">ESTAT&Iacute;STICAS      DE SISTEMA ANTI-SPAM DE MAR&Ccedil;O<\/span><br \/>     <\/a> <img loading=\"lazy\" decoding=\"async\" src=\"https:\/\/www.ufmg.br\/dti\/wp-content\/uploads\/imgs\/tudo_pixel.gif\" width=\"1\" height=\"20\" alt=\"\" border=\"0\"><br \/>     <span class=\"texto\"> Desde o m&ecirc;s de abril\/2004, o site do CECOM      passou a publicar texto explicativo e gr&aacute;fico com o total de      mensagens analisadas, para que se possa mais claramente conhecer o volume      de mensagens que chega &agrave; UFMG, como elas s&atilde;o classificadas      e as a&ccedil;&otilde;es tomadas. <br \/>     Essas informa&ccedil;&otilde;es est&atilde;o dispon&iacute;veis em <a href=\"\/dti\/servi%C3%A7os%20de%20rede\">servi\u00e7os de rede<\/a>.<\/p>\n<p>     No gr&aacute;fico e nas tabelas seguintes as mensagens s&atilde;o classificadas      como rejeitadas ou aceitas. Se aceitas, seu conte&uacute;do &eacute;      analisado para se checar se s&atilde;o <em>v&aacute;lidas<\/em>, <em>spam<\/em>      ou <em>cont&ecirc;m v&iacute;rus<\/em>.<\/span><\/p>\n<p align=\"left\"><span class=\"texto\"> No m&ecirc;s de mar&ccedil;o, os      n&uacute;meros totais analisados pelo sistema foram:<\/span><\/p>\n<div align=\"center\"><\/div>\n<table width=\"482\" border=\"1\" align=\"center\" bgcolor=\"#00FFFF\">\n<tr>\n<td width=\"61\">\n<div align=\"center\"><font color=\"#000000\" size=\"1\"><strong>V&aacute;lidas<\/strong><\/font><\/div>\n<\/td>\n<td width=\"62\">\n<div align=\"center\"><font color=\"#000000\" size=\"1\"><strong>V&iacute;rus<\/strong><\/font><\/div>\n<\/td>\n<td width=\"62\">\n<div align=\"center\"><font color=\"#000000\" size=\"1\"><strong>Spam<\/strong><\/font><\/div>\n<\/td>\n<td width=\"86\">\n<div align=\"center\"><font color=\"#000000\" size=\"1\"><strong>Total         aceitas<\/strong><\/font><\/div>\n<\/td>\n<td width=\"83\">\n<div align=\"center\"><font color=\"#000000\" size=\"1\"><strong>Rejeitadas<\/strong><\/font><\/div>\n<\/td>\n<td width=\"88\">\n<div align=\"center\"><font color=\"#000000\" size=\"1\"><strong>Total         Geral<\/strong><\/font><\/div>\n<\/td>\n<\/tr>\n<tr>\n<td height=\"17\">\n<div align=\"center\"><font face=\"1\">1.025.361<\/font><\/div>\n<\/td>\n<td>\n<div align=\"center\"><font face=\"1\">6.846<\/font><\/div>\n<\/td>\n<td>\n<div align=\"center\"><font face=\"1\">562.044<\/font><\/div>\n<\/td>\n<td>\n<div align=\"center\"><font face=\"1\">1.594.251<\/font><\/div>\n<\/td>\n<td>\n<div align=\"center\"><font face=\"1\">6.427.184<\/font><\/div>\n<\/td>\n<td>\n<div align=\"center\"><font face=\"1\">8.021.435<\/font><\/div>\n<\/td>\n<\/tr>\n<\/table>\n<p align=\"left\"><span class=\"texto\">As m&eacute;dias di&aacute;rias durante      o m&ecirc;s de mar&ccedil;o foram as seguintes:<\/span><\/p>\n<div align=\"center\"><\/div>\n<table width=\"482\" border=\"1\" align=\"center\" bgcolor=\"#00FFFF\">\n<tr>\n<td width=\"61\">\n<div align=\"center\"><font face=\"1\"><strong>V&aacute;lidas<\/strong><\/font><\/div>\n<\/td>\n<td width=\"62\">\n<div align=\"center\"><font face=\"1\"><strong>V&iacute;rus<\/strong><\/font><\/div>\n<\/td>\n<td width=\"62\">\n<div align=\"center\"><font face=\"1\"><strong>Spam<\/strong><\/font><\/div>\n<\/td>\n<td width=\"86\">\n<div align=\"center\"><font face=\"1\"><strong>Total aceitas<\/strong><\/font><\/div>\n<\/td>\n<td width=\"83\">\n<div align=\"center\"><font face=\"1\"><strong>Rejeitadas<\/strong><\/font><\/div>\n<\/td>\n<td width=\"88\">\n<div align=\"center\"><font face=\"1\"><strong>Total Geral<\/strong><\/font><\/div>\n<\/td>\n<\/tr>\n<tr>\n<td>\n<div align=\"center\"><font face=\"1\">33.076<\/font><\/div>\n<\/td>\n<td>\n<div align=\"center\"><font face=\"1\">221<\/font><\/div>\n<\/td>\n<td>\n<div align=\"center\"><font face=\"1\">18.130<\/font><\/div>\n<\/td>\n<td>\n<div align=\"center\"><font face=\"1\">51.427<\/font><\/div>\n<\/td>\n<td>\n<div align=\"center\"><font face=\"1\">207.329<\/font><\/div>\n<\/td>\n<td>\n<div align=\"center\"><font face=\"1\">258.756<\/font><\/div>\n<\/td>\n<\/tr>\n<\/table>\n<p align=\"center\">     <img loading=\"lazy\" decoding=\"async\" src=\"https:\/\/www.ufmg.br\/dti\/wp-content\/uploads\/imgs\/estat_viirus_mar05.jpg\" width=\"420\" height=\"268\">     <\/p>\n<p align=\"justify\">&nbsp;<\/p>\n<p align=\"justify\"><span class=\"texto\"><br \/>     <\/span><\/p>\n<\/td>\n<\/tr>\n<tr>\n<td align=\"LEFT\" valign=\"TOP\"><\/td>\n<td align=\"LEFT\" valign=\"TOP\"><a name=\"ainformativo2\" id=\"2\"><span class=\"titulo\">DICAS     DE SITES INTERESSANTES<\/span><\/a><span class=\"texto\">     <\/p>\n<p align=\"left\">Adyrus, o ca&ccedil;ador de sites, enviou as seguintes      dicas:<br \/>     &#8211; Nas propagandas veiculadas nos meios de comunica&ccedil;&atilde;o,      sempre tem uma frase que marca e algumas at&eacute; fazem sucesso. Se      voc&ecirc; tem boa mem&oacute;ria e quer fazer um teste, veja como &eacute;      f&aacute;cil. Aponte seu navegador para <em>Isto&Eacute; Dinheiro<\/em>      (<a href=\"http:\/\/www.terra.com.br\/istoedinheiro\/quiz\/publicidade\/slogan\">http:\/\/www.terra.com.br\/istoedinheiro\/quiz\/publicidade\/slogan<\/a>)      e divirta-se com os <em>slogans<\/em> selecionados.<\/p>\n<p>     &#8211; Se voc&ecirc; n&atilde;o tiver onde armazenar o seu arquivo e tem      acesso &agrave; Internet, seu problema terminou. Armazene seus arquivos      na web e compartilhe com os amigos, se quiser, usando o <em>Rapidshare<\/em>      (<a href=\"http:\/\/rapidshare.de\/\">http:\/\/rapidshare.de\/<\/a>). &Eacute;      totalmente gratuito e voc&ecirc; n&atilde;o precisa se associar para      us&aacute;-lo. E comporta <em>uploads<\/em> de at&eacute; 30.000.000      Bytes por dia. <\/p>\n<p>     &#8211; Todos conhecem o car&aacute;ter l&uacute;dico das hist&oacute;rias      em quadrinhos (HQs) e muitos a consideram uma forma de arte. Al&eacute;m      de entreter, as HQs podem auxiliar no processo de ensino-aprendizagem      dos mais diversos conte&uacute;dos, como geografia, matem&aacute;tica,      hist&oacute;ria, Portugu&ecirc;s e idiomas estrangeiros. Baseado nestas      caracter&iacute;sticas positivas das HQs, surgiu a proposta de desenvolvimento      do software Hag&aacute;Qu&ecirc;, um editor de hist&oacute;rias em quadrinhos      com fins pedag&oacute;gicos. Veja em <a href=\"http:\/\/www.nied.unicamp.br\/%7Ehagaque\">http:\/\/www.nied.unicamp.br\/~hagaque<\/a>.<\/p>\n<p>     &#8211; Crie aplica&ccedil;&otilde;es interativas de multim&iacute;dia sofisticadas      sem qualquer programa&ccedil;&atilde;o complicada. <em>MaxMedia<\/em>      (<a href=\"http:\/\/www.maxmediapro.com.br\/home_bra.htm\">http:\/\/www.maxmediapro.com.br\/home_bra.htm<\/a>)      &eacute; um sistema de autoria multim&iacute;dia que lhe permite combinar      gr&aacute;fico, imagem, fotografia, texto, som, MP3, v&iacute;deo, flash,      anima&ccedil;&atilde;o, html e outros elementos para criar apresenta&ccedil;&otilde;es,      quiosques, cat&aacute;logos, cd-cards, &aacute;lbuns de fotografia,      jogos, e-cards,<em> e-books<\/em>, materiais educacionais (CBT), protetores      de tela, CDs interativos e mais.<\/p>\n<p>     &#8211; Muito bom &eacute; o Windows XP Setup Simulator que &eacute; um programa      que ensina a instalar passo-a-passo o Windows XP. Se voc&ecirc; nunca      instalou um sistema operacional, esta &eacute; uma boa oportunidade      para conhecer e ver que com Windows XP tudo &eacute; mais f&aacute;cil.      Eu mesmo baixei o programa e fiz um teste. Achei legal, s&oacute; que      a p&aacute;gina &eacute; em Ingl&ecirc;s. Mesmo assim, acho que n&atilde;o      h&aacute; nenhuma dificuldade em ver como &eacute; uma instala&ccedil;&atilde;o,      j&aacute; que a Interface &eacute; bem agrad&aacute;vel. O programa      inclui ainda um <em>e-book<\/em> que explica os conceitos b&aacute;sicos      do XP e &eacute; &uacute;til para o leigo em inform&aacute;tica. Vale      a pena conferir em <font face=\"2\"><a href=\"http:\/\/www.softpedia.com\/progDownload\/Windows-XP-Setup-Simulator-Download-5586.html\">http:\/\/www.softpedia.com\/progDownload\/Windows-XP-Setup-Simulator-Download-5586.html<\/a>.<\/font><\/p>\n<p>     &#8211; Fiquei sabendo que o Papa Bento XVI j&aacute; tem <em>e-mail<\/em>.      O Vaticano divulgou em sua p&aacute;gina (<a href=\"http:\/\/www.vatican.va\">http:\/\/www.vatican.va<\/a>)      os novos endere&ccedil;os eletr&ocirc;nicos pelos quais os fi&eacute;is      podem se comunicar com o novo papa. <br \/>     Em ingl&ecirc;s &eacute;: benedictxvi@vatican.va. <br \/>     Em italiano &eacute;: benedettoxvi@vatican.va<br \/>     Jo&atilde;o Paulo II, que morreu em 2 de abril &uacute;ltimo, foi o      primeiro papa a usar e-mail.<br \/>     Na p&aacute;gina <a href=\"http:\/\/www.catholic.org\/cathcom\/international_story.php?id=14066\">http:\/\/www.catholic.org\/cathcom\/international_story.php?id=14066<\/a>      tem a confirma&ccedil;&atilde;o do e-mail do Pont&iacute;fice em Italiano.<\/p>\n<p>     &#8211; Se voc&ecirc; est&aacute; a fim de fazer uma p&aacute;gina, o provedor      gratuito <em>Pop <\/em><br \/>     (<a href=\"http:\/\/popsites.pop.com.br\/\">http:\/\/popsites.pop.com.br\/<\/a>)      lan&ccedil;ou uma ferramenta para edi&ccedil;&atilde;o de sites. O usu&aacute;rio      entra com login e senha, se n&atilde;o tiver &eacute; s&oacute; se cadastrar,      e pode escolher entre quatro modelos com diversas combina&ccedil;&otilde;es      de cores para fundo, destaque, texto, bordas e t&iacute;tulos. O endere&ccedil;o      segue o padr&atilde;o: www.(nomedousu&aacute;rio).pop. com.br. S&atilde;o      50 MB de espa&ccedil;o livre, compartilhados entre um POP Site e um      POP Blog.<\/p>\n<p>    <\/span><\/td>\n<\/tr>\n<tr>\n<td align=\"LEFT\" valign=\"TOP\"><\/td>\n<td align=\"LEFT\" valign=\"TOP\">\n<div align=\"left\"><a name=\"ainformativo3\"><span class=\"titulo\">CASU      FAZ CAMPANHA DE VACINA&Ccedil;&Atilde;O CONTRA GRIPE<\/span><\/a> <\/div>\n<p align=\"left\"><span class=\"texto\"> A CASU inciou, no dia 06 de abril,      mais uma Campanha de Vacina&ccedil;&atilde;o contra a Gripe e Pneumonia.      No Campus Pampulha da UFMG, a vacina&ccedil;&atilde;o come&ccedil;ou      no dia 26 e vai encerrar no s&aacute;bado, dia 30.<\/p>\n<p>     Os associados devem apresentar o cart&atilde;o da CASU e documento de      identidade. Os funcion&aacute;rios da UFMG, n&atilde;o associados da      CASU, tamb&eacute;m podem ser vacinados, mediante apresenta&ccedil;&atilde;o      de documento de identidade.<\/span><\/p>\n<p align=\"left\"><span class=\"texto\"><\/span><\/p>\n<\/td>\n<\/tr>\n<tr>\n<td align=\"LEFT\" valign=\"TOP\"><\/td>\n<td align=\"LEFT\" valign=\"TOP\"><a name=\"ainformativo4\" id=\"4\"><span class=\"titulo\">DAC     PROMOVE BATE PAPO T&Eacute;CNICO PARA O CEDECOM<\/span><\/a><span class=\"texto\">     <\/p>\n<p align=\"left\">A pedido do CEDECOM, o CECOM est&aacute; promovendo bate      papo t&eacute;cnico para os funcion&aacute;rios l&aacute; lotados.<\/p>\n<p>     O treinamento, que aborda temas como Hardware, arquivo e pasta, rede      Novell, v&iacute;rus e compacta&ccedil;&atilde;o de arquivo, est&aacute;      tendo como instrutor Eug&ecirc;nio Pacelli Pereira de Souza, da Divis&atilde;o      de Atendimento e Consultoria.<\/p>\n<p>     As turmas 1 e 2, realizadas nos dias 25 e 26\/04, tiveram a participa&ccedil;&atilde;o      dos seguintes funcion&aacute;rios: Maria Cec&iacute;lia Sousa Ara&uacute;jo,      M&aacute;rio L&uacute;cio Guinald, Florisvaldo Ferreira Lisboa, Maur&iacute;cio      Guilherme Silva J&uacute;nior, Jacqueline Concei&ccedil;&atilde;o Rosa,      Soraya Regina de Oliveira Fidelis, Maria Suely Meirelles, Maria Jos&eacute;      Gomes Silva, R&eacute;gis Ant&ocirc;nio Duarte Guimar&atilde;es, Sandra      Patr&iacute;cia Antunes e Gina de Souza Nogueira.<\/p>\n<p>     Nos dias 03 e 04 de maio, no hor&aacute;rio de 9:30 &agrave;s 11:30,      ser&atilde;o realizadas mais duas turmas, na Sala de Aulas do CECOM,      no subsolo do pr&eacute;dio da Reitoria.<\/p>\n<p align=\"justify\">\n<p>    <\/span><\/td>\n<\/tr>\n<tr>\n<td align=\"LEFT\" valign=\"TOP\"><\/td>\n<td align=\"LEFT\" valign=\"TOP\"><a name=\"ainformativo5\" id=\"5\"><span class=\"titulo\"> PESQUISA:     COMPUTADOR CAUSA FADIGA VISUAL<\/span><\/a><span class=\"texto\">     <\/p>\n<p align=\"left\">O jornal <em>Hoje em Dia<\/em>, de 27\/04\/2005, publicou      a not&iacute;cia <strong>Pesquisa: computador causa fadiga visual<\/strong>,      transcrita a seguir:<\/p>\n<p>     Ao menos 75% dos usu&aacute;rios freq&uuml;entes de computador podem      desenvolver fadiga visual ou CVC (Computer Vision Syndrome) &#8211; em portugu&ecirc;s,      S&iacute;ndrome de Vis&atilde;o do Usu&aacute;rio de Computador. Esse      &eacute; o principal resultado de uma pesquisa com 1.237 pessoas realizada      pelo Instituto Penido Burnier, em Campinas (95 km a noroeste de S&atilde;o      Paulo). <\/p>\n<p>     Coordenada pelo oftalmologista do instituto e diretor do Banco de Olhos      de Campinas, Le&ocirc;ncio Queiroz Neto, a pesquisa aponta uma rela&ccedil;&atilde;o      direta entre o mau uso do computador e o aparecimento de sintomas da      CVC, como dores de cabe&ccedil;a, olhos irritados e at&eacute; miopia      entre crian&ccedil;as. Dos 1.237 usu&aacute;rios de computador pesquisados,      916 s&atilde;o adultos e 321, crian&ccedil;as. Segundo o oftalmologista,      dos adultos pesquisados, 71% apresentaram sintomas de fadiga visual;      51% das crian&ccedil;as tiveram algum tipo de miopia, possivelmente      motivada pelo uso inadequado do micro durante horas. Das 51% de crian&ccedil;as      que apresentaram fadiga visual, 21% tinham miopia definitiva e os demais      30%, miopia transit&oacute;ria. <\/p>\n<p>     &#8220;Quando usamos o micro movimentamos pouco o globo ocular e piscamos,      em m&eacute;dia, cinco vezes menos que o normal. Isso prejudica a troca      do filme lacrimal, uma pel&iacute;cula respons&aacute;vel pela umidade      na superf&iacute;cie do globo ocular. Os ambientes refrigerados tamb&eacute;m      agravam o ressecamento&#8217;&#8217;, disse Queiroz Neto. O ser humano      pisca, em m&eacute;dia, 20 vezes por minuto e diante do computador essa      freq&uuml;&ecirc;ncia cai para 15 vezes, segundo ele. O oftalmologista      recomenda relaxamento da vis&atilde;o com pausas de pelo menos dez minutos      a cada hora de uso do computador. <\/p>\n<p>     &#8220;O grande vil&atilde;o dessa hist&oacute;ria toda &eacute; o n&uacute;mero      de horas que a pessoa fica em frente &agrave; tela. Os usu&aacute;rios      de computador por mais de duas horas por dia correm mais risco de desenvolver      fadiga. A CVC tem cura com tratamento e o seu desenvolvimento ou n&atilde;o      depende de cada organismo&#8217;&#8217;, disse. O monitor de v&iacute;deo      gera cerca de 16,7 milh&otilde;es de cores, o que sobrecarrega a musculatura      respons&aacute;vel por regular a entrada de luz at&eacute; a retina.     <\/p>\n<\/p>\n<p>    <\/span><\/td>\n<\/tr>\n<tr>\n<td align=\"LEFT\" valign=\"TOP\"><\/td>\n<td align=\"LEFT\" valign=\"TOP\"><a name=\"ainformativo6\" id=\"6\"><span class=\"titulo\">CLIPPING     DA PUBLICA&Ccedil;&Atilde;O TI &amp; GOVERNO<\/span><\/a> <span class=\"texto\">     <\/p>\n<p align=\"left\">A publica&ccedil;&atilde;o <strong>TI &amp; Governo<\/strong>      divulgou, no dia 26\/04\/2005, not&iacute;cias sobre PC conectado e componentes,      transcritas a seguir:<\/p>\n<p>     <strong>Furlan defende o software propriet&aacute;rio<\/strong> &#8211; O ministro      do Desenvolvimento, Luiz Fernando Furlan, defendeu, ontem, abertamente,      o uso de software propriet&aacute;rio no PC Conectado. &#8220;&Eacute;      estranho que um pa&iacute;s que est&aacute; crescendo tanto em software      possa discriminar o software propriet&aacute;rio. A minha vis&atilde;o      &eacute; pr&aacute;tica. A propriedade intelectual &eacute; um bem para      o Brasil e n&atilde;o faz sentido ser contra o software propriet&aacute;rio&#8221;,      afirmou o ministro ao falar sobre o programa PC Conectado, durante a      abertura da Abinee Tec, em S&atilde;o Paulo. Em entrevista ap&oacute;s      a solenidade de abertura, perguntado se estava defendendo a participa&ccedil;&atilde;o      da Microsoft no PC Conectado, Furlan foi taxativo: &#8220;O software      livre pode ser privilegiado, mas o Brasil tem empresas que produzem      software propriet&aacute;rio e n&atilde;o podemos hostilizar essas empresas.      N&atilde;o pode ser nem 100% de um lado, nem de outro. Sou pelo equil&iacute;brio&#8221;.      Furlan disse que o atraso no lan&ccedil;amento do programa ocorreu por      causa das discuss&otilde;es sobre o software e sobre subs&iacute;dios.      Neste momento, o impasse &eacute; o benef&iacute;cio tribut&aacute;rio.      &#8220;Uma possibilidade &eacute; a isen&ccedil;&atilde;o do PIS\/Cofins      na venda para o usu&aacute;rio final. A outra &eacute; dar isen&ccedil;&atilde;o      em cada etapa do ciclo produtivo, e isso pode ter efeitos na Zona Franca      de Manaus&#8221;, afirmou.<\/p>\n<p>     <strong>Fogo Cruzado<\/strong> &#8211; <em>Wilson Moherdaui<\/em><br \/>     As declara&ccedil;&otilde;es do ministro Furlan s&atilde;o o lance mais      ostensivo da guerra &#8211; antes mais ou menos velada &#8211; que se trava na Esplanada      dos Minist&eacute;rios em torno do software livre. De um lado do ringue,      a Casa Civil, reunindo defensores ardorosos da via &uacute;nica dos      sistemas abertos. De outro, o Minist&eacute;rio do Desenvolvimento,      Ind&uacute;stria e Com&eacute;rcio Exterior, pregando a pluralidade.      Ontem, o ministro Furlan, em pessoa, fez quest&atilde;o de escancarar      a disputa, ao defender, sem meias palavras, a op&ccedil;&atilde;o pelo      software propriet&aacute;rio. &Eacute; isso mesmo: ele deixou de lado      a ret&oacute;rica da flexibiliza&ccedil;&atilde;o e partiu para a briga,      da mesma forma que tem feito em rela&ccedil;&atilde;o &agrave; eleva&ccedil;&atilde;o      dos juros. Fez uma enf&aacute;tica defesa do software propriet&aacute;rio.      E aos que poderiam ficar em d&uacute;vida sobre suas inten&ccedil;&otilde;es,      repetiu os argumentos com a convic&ccedil;&atilde;o de quem se debru&ccedil;ou      sobre o assunto mais do que meros minutos.<br \/>     Em janeiro, a guerra nos bastidores do poder central ganhou a cena internacional,      quando se soube que o presidente Lula estava a ponto de manter um encontro      com o presidente da Microsoft, Bill Gates, durante o F&oacute;rum Econ&ocirc;mico      Mundial, em Davos, na Sui&ccedil;a. Pouca gente sabe, mas a reuni&atilde;o      contou com o apoio entusiasmado do ministro Furlan. E foi torpedeada      pelo ministro-chefe da Casa Civil, Jos&eacute; Dirceu, com direito a      uma veemente manifesta&ccedil;&atilde;o escrita de defesa da autonomia      tecnol&oacute;gica do Brasil, de ataque frontal &agrave; Microsoft e      de rep&uacute;dio ao encontro. O epis&oacute;dio terminou com vit&oacute;ria      para o grupo de Dirceu, que conseguiu abortar a reuni&atilde;o. Furlan,      por&eacute;m, parece ter assimilado o golpe e n&atilde;o arredou p&eacute;      de sua posi&ccedil;&atilde;o, agora explicitada com todas as letras.      Que n&atilde;o se pense que vai ficar por isso mesmo: vem chumbo grosso      por a&iacute;.<\/p>\n<p>     <strong>O software livre est&aacute; for&ccedil;ando as reformas na      ind&uacute;stria<\/strong> &#8211; Um estudo encomendado pelo Minist&eacute;rio      da Ci&ecirc;ncia e Tecnologia &agrave; Softex, que realizou a pesquisa      em parceria com a Unicamp, identificou os principais mercados e modelos      de neg&oacute;cios relacionados ao software livre (SL) no Brasil. Amostra,      que ser&aacute; divulgada hoje, 26, &eacute; a maior j&aacute; realizada      no pa&iacute;s no segmento de software livre\/c&oacute;digo aberto: consultou      518 empresas &#8211; 364 desenvolvedoras e 154 usu&aacute;rios do SL &#8211; e realizou      uma enquete eletr&ocirc;nica com 3.657 pessoas f&iacute;sicas, das quais      1.953 s&atilde;o desenvolvedores individuais e 1.704 s&atilde;o usu&aacute;rios      individuais de SL. A pesquisa mostra que os usu&aacute;rios s&atilde;o      motivados a usar SL por raz&otilde;es t&eacute;cnicas ligadas a flexibilidade,      seguran&ccedil;a, potencial de adapta&ccedil;&atilde;o e interoperabilidade,      por quest&otilde;es econ&ocirc;micas (redu&ccedil;&atilde;o de custos      operacionais, de capital e possivelmente de transa&ccedil;&atilde;o);      capacita&ccedil;&atilde;o e empregabilidade, e por raz&otilde;es ideol&oacute;gicas.      O estudo procurou identificar o perfil dos usu&aacute;rios e trouxe      algumas surpresas, segundo Giancarlo Nuti Stefanuto, coordenador de      planejamento e estudos da Softex. &#8220;Ao contr&aacute;rio do que      se imaginava, as grandes empresas representam a maior parte dos usu&aacute;rios      corporativos de SL.&#8221; Das 154 empresas usu&aacute;rias, 48% faturam      acima de R$ 50 milh&otilde;es: 22% faturam acima de R$ 1 milh&atilde;o      e o restante entre R$ 250 mil e R$ 1 milh&atilde;o. O estudo constatou      que 87% dessas empresas s&atilde;o nacionais. No setor p&uacute;blico,      o levantamento mostra que h&aacute; um predom&iacute;nio de m&eacute;dias      e grandes empresas, nas quais h&aacute; tend&ecirc;ncia de substitui&ccedil;&atilde;o      de plataformas e de aplicativos.<\/p>\n<p>     <strong>O MCT busca modelo de neg&oacute;cios<\/strong> &#8211; Pesquisadores,      desenvolvedores e empres&aacute;rios v&atilde;o participar das discuss&otilde;es      de um modelo de neg&oacute;cios para o desenvolvimento de software com      o uso de componentes. O modelo, encomendado pelo MCT &agrave; Softex,      vai servir de base para a cria&ccedil;&atilde;o da biblioteca nacional      de componentes, segundo o vice-presidente da Softex, M&aacute;rcio Gir&atilde;o.      Com a componentiza&ccedil;&atilde;o, explica, evita-se que a empresa      perca tempo desenvolvendo o mesmo c&oacute;digo j&aacute; desenvolvido.      Segundo ele, a entidade j&aacute; reuniu representantes da academia      e desenvolvedores para tratar do assunto. Agora, vai analisar o resultado      das discuss&otilde;es para fazer uma segunda rodada com os empres&aacute;rios.      Em outro projeto, financiado pela Finep, a Softex trabalha na cria&ccedil;&atilde;o      de componentes em software livre, que ser&atilde;o colocados &agrave;      disposi&ccedil;&atilde;o da ind&uacute;stria.<\/p>\n<\/p>\n<p>    <\/span><\/td>\n<\/tr>\n<tr>\n<td align=\"LEFT\" valign=\"TOP\"><\/td>\n<td align=\"LEFT\" valign=\"TOP\"><a name=\"ainformativo7\" id=\"7\"><span class=\"titulo\">PROGRAMA&Ccedil;&Atilde;O     CULTURAL DA 6&ordf; FEIRA DE ARTESANATO DO VALE DO JEQUITINHONHA<\/span><\/a><span class=\"texto\">     <\/p>\n<p align=\"justify\">A programa&ccedil;&atilde;o cultural da 6a. Feira de      Artesanato do Vale do Jequitinhonha, que ser&aacute; realizada de 02      a 07 de maio, na Pra&ccedil;a de Servi&ccedil;os do Campus Pampulha,      &eacute; a seguinte:<\/p>\n<p>     &#8211; Dia 02: &#8220;Outras hist&oacute;rias na estrada&#8221; &#8211; Wilson      Dias<br \/>     &#8211; Dia 03: Carlos Fontes e sua sanfona<br \/>     &#8211; Dia 04: &#8220;Os 50 anos de Paulinho Pedra Azul&#8221; &#8211; Paulinho      Pedra Azul<br \/>     &#8211; Dia 05: Seresteiros de Prata<br \/>     &#8211; Dia 06: &#8220;Um cantador do Jequitinhonha&#8221; &#8211; Rubinho do Vale<\/p>\n<p>     Todos os shows acontecem &agrave;s 12:30.<\/p>\n<\/p>\n<p>    <\/span><\/td>\n<\/tr>\n<p>  <!-- #EndEditable -->  <\/table>\n<p> <!-- fim noticias --> <!-- tabela ha 20 anos --> <\/p>\n<table border=\"0\" cellspacing=\"0\" cellpadding=\"0\" class=\"cinza\">\n<tr>\n<td><img loading=\"lazy\" decoding=\"async\" src=\"https:\/\/www.ufmg.br\/dti\/wp-content\/uploads\/imgs\/tudo_pixel.gif\" width=\"1\" height=\"1\" alt=\"\" border=\"0\"><\/td>\n<td><img loading=\"lazy\" decoding=\"async\" src=\"https:\/\/www.ufmg.br\/dti\/wp-content\/uploads\/imgs\/tudo_pixel.gif\" width=\"19\" height=\"1\" alt=\"\" border=\"0\"><\/td>\n<td><img loading=\"lazy\" decoding=\"async\" src=\"https:\/\/www.ufmg.br\/dti\/wp-content\/uploads\/imgs\/tudo_pixel.gif\" width=\"510\" height=\"1\" alt=\"\" border=\"0\"><\/td>\n<td><img loading=\"lazy\" decoding=\"async\" src=\"https:\/\/www.ufmg.br\/dti\/wp-content\/uploads\/imgs\/tudo_pixel.gif\" width=\"19\" height=\"1\" alt=\"\" border=\"0\"><\/td>\n<td><img loading=\"lazy\" decoding=\"async\" src=\"https:\/\/www.ufmg.br\/dti\/wp-content\/uploads\/imgs\/tudo_pixel.gif\" width=\"1\" height=\"1\" alt=\"\" border=\"0\"><\/td>\n<\/tr>\n<tr>\n<td class=\"vermelho\" colspan=\"5\"><img loading=\"lazy\" decoding=\"async\" src=\"https:\/\/www.ufmg.br\/dti\/wp-content\/uploads\/imgs\/tudo_pixel.gif\" width=\"1\" height=\"1\" alt=\"\" border=\"0\"><\/td>\n<\/tr>\n<tr>\n<td class=\"vermelho\"><img loading=\"lazy\" decoding=\"async\" src=\"https:\/\/www.ufmg.br\/dti\/wp-content\/uploads\/imgs\/tudo_pixel.gif\" width=\"1\" height=\"1\" alt=\"\" border=\"0\"><\/td>\n<td><img loading=\"lazy\" decoding=\"async\" src=\"https:\/\/www.ufmg.br\/dti\/wp-content\/uploads\/imgs\/tudo_pixel.gif\" width=\"1\" height=\"1\" alt=\"\" border=\"0\"><\/td>\n<td align=\"LEFT\" valign=\"TOP\"><!-- #BeginEditable \"ha 20 anos\" --><a name=\"ainformativo8\" id=\"8\"><img loading=\"lazy\" decoding=\"async\" src=\"https:\/\/www.ufmg.br\/dti\/wp-content\/uploads\/imgs\/tudo_pixel.gif\" width=\"1\" height=\"8\" alt=\"\" border=\"0\"><br \/>    <span class=\"titulo\">H\u00e1 20 anos&#8230;<\/span><\/a> <span class=\"texto\">     <\/p>\n<p>As edi&ccedil;&otilde;es n&uacute;meros 15 e 16, Ano IX, de 1985, publicaram      not&iacute;cias sobre palestra de Milton Pifano Soares Ferreira <em>&#8220;Gera&ccedil;&atilde;o      de Relat&oacute;rios em Cobol&#8221;<\/em>, atualiza&ccedil;&atilde;o      das fichas individuais dos funcion&aacute;rios do CECOM, entrega de      certificados de cursos internos, entrega das carteiras de usu&aacute;rios      da Biblioteca Central, XVIII Congresso Nacional de Inform&aacute;tica,      Programa Educacional da Burroughs, entre outras. As not&iacute;cias      que se destacaram foram:<\/p>\n<p><strong>CECOM RECEBE MICROCOMPUTADOR DIGITUS<\/strong><br \/>     <font face=\"1\"> O Centro de Computa&ccedil;&atilde;o recebeu na &uacute;ltima      sexta-feira, um microcomputador Digitus, modelo DGT 1000, com capacidade      de 48 Kbytes de mem&oacute;ria e duas unidades de disquetes de 5 e 1\/4      de polegadas.<br \/>     O microcomputador se encontra no Setor de Software para desenvolvimento      de programas e liga&ccedil;&atilde;o com outros microcomputadores.<br \/>     (Ano IX, n.&ordm; 15 &#8211; 25\/04\/1985)<\/font><\/p>\n<p>     <strong> CURSO NA VETERIN&Aacute;RIA<\/strong><br \/>     <font face=\"1\"> Na pr&oacute;xima segunda-feira, dia 06, o Setor de      Apoio ao Usu&aacute;rio vai dar in&iacute;cio ao curso &#8220;CANDE&#8221;      para professores e alunos de p&oacute;s-gradua&ccedil;&atilde;o da Escola      de Veterin&aacute;ria da UFMG.<br \/>     O curso ser&aacute; ministrado pelo analista Luiz Henrique Loureiro      dos Santos e ter&aacute; aulas todos os dias durante duas semanas, no      hor&aacute;rio de 9:00 &agrave;s 11:00, na pr&oacute;pria Escola de      Veterin&aacute;ria.<br \/>     (Ano IX, n.&ordm; 16 &#8211; 02\/05\/1985)<\/font> <\/p>\n<p>    <\/span><!-- #EndEditable --><br \/>     <img loading=\"lazy\" decoding=\"async\" src=\"https:\/\/www.ufmg.br\/dti\/wp-content\/uploads\/imgs\/tudo_pixel.gif\" width=\"1\" height=\"8\" alt=\"\" border=\"0\"><\/td>\n<td><img loading=\"lazy\" decoding=\"async\" src=\"https:\/\/www.ufmg.br\/dti\/wp-content\/uploads\/imgs\/tudo_pixel.gif\" width=\"1\" height=\"1\" alt=\"\" border=\"0\"><\/td>\n<td class=\"vermelho\"><img loading=\"lazy\" decoding=\"async\" src=\"https:\/\/www.ufmg.br\/dti\/wp-content\/uploads\/imgs\/tudo_pixel.gif\" width=\"1\" height=\"1\" alt=\"\" border=\"0\"><\/td>\n<\/tr>\n<tr>\n<td class=\"vermelho\" colspan=\"5\"><img loading=\"lazy\" decoding=\"async\" src=\"https:\/\/www.ufmg.br\/dti\/wp-content\/uploads\/imgs\/tudo_pixel.gif\" width=\"1\" height=\"1\" alt=\"\" border=\"0\"><\/td>\n<\/tr>\n<\/table>\n<p> <!-- fim tabela ha 20 anos --><\/div>\n<p><a name='eventos'><\/a><\/p>\n<h4>Eventos<\/h4>\n<div class=\"centro-sistematico\">  <!-- noticias --> <\/p>\n<table border=\"0\" cellspacing=\"0\" cellpadding=\"0\">\n<tr>\n<td><\/td>\n<td><\/td>\n<\/tr>\n<p>  <!-- #BeginEditable \"materias\" -->   <\/p>\n<tr>\n<td align=\"LEFT\" valign=\"TOP\"><\/td>\n<td align=\"LEFT\" valign=\"TOP\"> <a name=\"aeventos1\"><span class=\"titulo\">SOCIAIS<\/span><\/a>     <span class=\"texto\">     <\/p>\n<p align=\"justify\"><em><strong>ANIVERS&Aacute;RIOS:<\/strong> &#8220;O      Sistem&aacute;tico&#8221; envia os parab&eacute;ns atrasados para os      ex-ceconianos Marcelo Bassoli Campos, no dia 16; Wallace de Almeida      Rodrigues , no dia 22; Christiano Gon&ccedil;alves Becker, no dia 23;      Paulo C&eacute;sar Cortez J&uacute;nior e Beatriz Josephina Perrela,      no dia 25; Cleto Boechat V&eacute;o e T&acirc;nia Cristina Teixeira,      no dia 26. Em dia, os parab&eacute;ns para Filipe Jos&eacute; Le&atilde;o      Corr&ecirc;a, Wilca Maria Luzilene Souza e Silva e Maria Miriam Arruda,      no dia 28; Jos&eacute; Tu&eacute;des de Resende, no dia 29; Paulo Eduardo      Rocha Brant, no dia 1o; S&eacute;rgio Maur&iacute;cio de Oliveira, no      dia 04; Iremar Nunes de Lima, Cristina Campos Brasil da Fonseca e Reuber      Luiz Neves Koury, no dia 05.<\/em><\/p>\n<p>    <\/span><\/td>\n<\/tr>\n<tr>\n<td align=\"LEFT\" valign=\"TOP\">&nbsp;<\/td>\n<td align=\"LEFT\" valign=\"TOP\"><span class=\"texto\">     <\/p>\n<p align=\"center\">&nbsp;<\/p>\n<p>    <\/span><\/td>\n<\/tr>\n<p>  <!-- #EndEditable -->  <\/table>\n<p> <!-- fim noticias --><\/div>\n","protected":false},"excerpt":{"rendered":"<p>Not\u00edcias IMPLANTADO NOVO SISTEMA AUTOMATIZADO PARA O ATENDIMENTO 5000 CECOM MIGRA INTRANET ADMINISTRATIVA NOVAS LISTAS PARA O RATEIO DE TELEFONIA DAC PROMOVE BATE PAPO T&Eacute;CNICO PARA O CEDECOM NOVO ESTAGI&Aacute;RIO NO CECOM Informativo ESTAT&Iacute;STICAS DE SISTEMA ANTI-SPAM DE MAR&Ccedil;O DICAS DE SITES INTERESSANTES CASU FAZ CAMPANHA DE VACINA&Ccedil;&Atilde;O CONTRA GRIPE DAC PROMOVE BATE PAPO T&Eacute;CNICO &#8230; <a title=\"Sistem\u00e1tico: Edi\u00e7\u00e3o 1244 &#8211; 28\/04\/2005\" class=\"read-more\" href=\"https:\/\/www.ufmg.br\/dti\/2005\/04\/28\/sistematico-edicao-1244-28042005\/\" aria-label=\"Read more about Sistem\u00e1tico: Edi\u00e7\u00e3o 1244 &#8211; 28\/04\/2005\">Ler mais<\/a><\/p>\n","protected":false},"author":3,"featured_media":0,"comment_status":"open","ping_status":"open","sticky":false,"template":"","format":"standard","meta":{"inline_featured_image":false,"footnotes":""},"categories":[13],"tags":[],"coauthors":[79],"class_list":["post-1383","post","type-post","status-publish","format-standard","hentry","category-sistematico"],"_links":{"self":[{"href":"https:\/\/www.ufmg.br\/dti\/wp-json\/wp\/v2\/posts\/1383","targetHints":{"allow":["GET"]}}],"collection":[{"href":"https:\/\/www.ufmg.br\/dti\/wp-json\/wp\/v2\/posts"}],"about":[{"href":"https:\/\/www.ufmg.br\/dti\/wp-json\/wp\/v2\/types\/post"}],"author":[{"embeddable":true,"href":"https:\/\/www.ufmg.br\/dti\/wp-json\/wp\/v2\/users\/3"}],"replies":[{"embeddable":true,"href":"https:\/\/www.ufmg.br\/dti\/wp-json\/wp\/v2\/comments?post=1383"}],"version-history":[{"count":0,"href":"https:\/\/www.ufmg.br\/dti\/wp-json\/wp\/v2\/posts\/1383\/revisions"}],"wp:attachment":[{"href":"https:\/\/www.ufmg.br\/dti\/wp-json\/wp\/v2\/media?parent=1383"}],"wp:term":[{"taxonomy":"category","embeddable":true,"href":"https:\/\/www.ufmg.br\/dti\/wp-json\/wp\/v2\/categories?post=1383"},{"taxonomy":"post_tag","embeddable":true,"href":"https:\/\/www.ufmg.br\/dti\/wp-json\/wp\/v2\/tags?post=1383"},{"taxonomy":"author","embeddable":true,"href":"https:\/\/www.ufmg.br\/dti\/wp-json\/wp\/v2\/coauthors?post=1383"}],"curies":[{"name":"wp","href":"https:\/\/api.w.org\/{rel}","templated":true}]}}