{"id":1389,"date":"2005-03-10T08:00:00","date_gmt":"2005-03-10T08:00:00","guid":{"rendered":"https:\/\/www.ufmg.br\/dti\/cecom\/?p=1389"},"modified":"2005-03-10T08:00:00","modified_gmt":"2005-03-10T08:00:00","slug":"sistematico-edicao-1238-10032005","status":"publish","type":"post","link":"https:\/\/www.ufmg.br\/dti\/2005\/03\/10\/sistematico-edicao-1238-10032005\/","title":{"rendered":"Sistem\u00e1tico: Edi\u00e7\u00e3o 1238 &#8211; 10\/03\/2005"},"content":{"rendered":"<ul>\n<li><a href=\"\/dti\/#noticias\">Not\u00edcias<\/a>\n<div class='submenuSistematico'>\n<ul>\n<li><a href=\"\/dti\/#anoticias1\"><span class=\"titulo\">CALOUROS     ACESSAR&Atilde;O IAG COM SUA SENHA DO GRUDE<\/span><\/a><\/li>\n<li><a href=\"\/dti\/#anoticias2\"><span class=\"titulo\">CECOM LIBERA     LIGA&Ccedil;&Otilde;ES PARA LOCALIDADES CONT&Iacute;GUAS A BELO HORIZONTE<\/span><\/a><\/li>\n<li><a href=\"\/dti\/#anoticias3\"><span class=\"titulo\">ECI COLOCA     SERVIDOR LINUX EM FUNCIONAMENTO<\/span><\/a><\/li>\n<li><a href=\"\/dti\/#anoticias4\" id=\"4\"><span class=\"titulo\">SOLICITA&Ccedil;&Atilde;O     DE VIDEOCONFER&Ecirc;NCIAS TEM NOVO FLUXO<\/span><\/a><\/li>\n<li><a href=\"\/dti\/#anoticias5\" id=\"5\"><span class=\"titulo\">MARIA     HELENA SE APOSENTA DA UFMG<\/span><\/a><\/li>\n<li><a href=\"\/dti\/#anoticias6\" id=\"6\"><span class=\"titulo\">LCC     DISPONIBILIZA CURSOS PARA USU&Aacute;RIOS NOTES E QUICKPLACE<\/span><\/a><\/li>\n<li><a href=\"\/dti\/#anoticias7\" id=\"7\"><span class=\"titulo\">PRORH     VAI OFERECER CURSOS DE LOTUS NOTES<\/span><\/a><\/li>\n<\/ul>\n<\/div>\n<\/li>\n<li><a href=\"\/dti\/#informativo\">Informativo<\/a>\n<div class='submenuSistematico'>\n<ul>\n<li><a href=\"\/dti\/#ainformativo1\"><span class=\"titulo\">DICAS DE     SITES INTERESSANTES<\/span><br \/>    <\/a><\/li>\n<li><a href=\"\/dti\/#ainformativo2\"><span class=\"titulo\">MANUTEN&Ccedil;&Atilde;O     DA CEMIG NO FIM-DE-SEMANA<\/span><\/a><\/li>\n<li><a href=\"\/dti\/#ainformativo3\"><span class=\"titulo\">PLANT&Atilde;O     INFO<\/span><\/a><\/li>\n<li><a href=\"\/dti\/#ainformativo4\" id=\"4\"><span class=\"titulo\">CLIPPING     DA PUBLICA&Ccedil;&Atilde;O TI &amp; GOVERNO<\/span><\/a><\/li>\n<li><a href=\"\/dti\/#ainformativo5\" id=\"5\"><img loading=\"lazy\" decoding=\"async\" src=\"https:\/\/www.ufmg.br\/dti\/wp-content\/uploads\/imgs\/tudo_pixel.gif\" width=\"1\" height=\"8\" alt=\"\" border=\"0\"><br \/>    <span class=\"titulo\">H\u00e1 20 anos&#8230;<\/span><\/a><\/li>\n<\/ul>\n<\/div>\n<\/li>\n<li><a href=\"\/dti\/#eventos\">Eventos<\/a>\n<div class='submenuSistematico'>\n<ul>\n<li><a href=\"\/dti\/#aeventos1\"><span class=\"titulo\">SOCIAIS<\/span><\/a><\/li>\n<li><a href=\"\/dti\/#aeventos2\"><span class=\"titulo\">MEM&Oacute;RIA     FOTOGR&Aacute;FICA DO CECOM<\/span><\/a><\/li>\n<\/ul>\n<\/div>\n<\/li>\n<\/ul>\n<p> <a name='noticias'><\/a><\/p>\n<h4>Not\u00edcias<\/h4>\n<div class=\"centro-sistematico\">  <!-- noticias --> <\/p>\n<table border=\"0\" cellspacing=\"0\" cellpadding=\"0\">\n<tr>\n<td><\/td>\n<td><\/td>\n<\/tr>\n<p>  <!-- #BeginEditable \"materias\" -->   <\/p>\n<tr>\n<td align=\"LEFT\" valign=\"TOP\"><\/td>\n<td align=\"LEFT\" valign=\"TOP\"> <a name=\"anoticias1\"><span class=\"titulo\">CALOUROS     ACESSAR&Atilde;O IAG COM SUA SENHA DO GRUDE<\/span><\/a> <span class=\"texto\">     <\/p>\n<p>Durante o per&iacute;odo de registro inicial foi distribu&iacute;da      aos calouros, com entrada no primeiro semestre de 2005, uma folha personalizada      contendo informa&ccedil;&otilde;es para o seu cadastramento no Grude.      Ao se cadastrar no Grude, o aluno recebe um c&oacute;digo de usu&aacute;rio      e uma senha que o possibilitam acessar diversos servi&ccedil;os e aplica&ccedil;&otilde;es.      <\/p>\n<p>     A aplica&ccedil;&atilde;o IAG &#8211; Consulta de Informa&ccedil;&otilde;es      dos Alunos da Gradua&ccedil;&atilde;o, dispon&iacute;vel no <em>site<\/em>      <a href=\"http:\/\/urano.cecom.ufmg.br\/iagWeb\/\">http:\/\/urano.cecom.ufmg.br\/iagWeb\/<\/a>,      por exemplo, fornece informa&ccedil;&otilde;es referentes a dados pessoais      e da vida acad&ecirc;mica do aluno, tais como: situa&ccedil;&atilde;o      no curso, disciplinas em curso e cursadas, rendimento semestral global,      grade de hor&aacute;rios, oferta de disciplinas e grade curricular.      E, para se ter acesso a essa aplica&ccedil;&atilde;o, o calouro necessariamente      dever&aacute; ter se cadastrado no Grude. Os veteranos continuar&atilde;o      acessando esta aplica&ccedil;&atilde;o nos moldes anteriores, sem mudan&ccedil;as.      A expectativa &eacute; que os calouros possam acessar o IAG a partir      do pr&oacute;ximo dia 21\/03.<\/p>\n<p>     Com rela&ccedil;&atilde;o ao servi&ccedil;o de Correio Eletr&ocirc;nico,      &eacute; importante ressaltar que todo aluno de gradua&ccedil;&atilde;o      ingressante a partir do ano de 2005, obrigatoriamente dever&aacute;      ter, atrav&eacute;s do Grude, o seu endere&ccedil;o eletr&ocirc;nico      (e-mail) da UFMG, pois este passou a ser um ve&iacute;culo de comunica&ccedil;&atilde;o      institucional e oficial.<\/p>\n<\/p>\n<p>    <\/span><\/td>\n<\/tr>\n<tr>\n<td align=\"LEFT\" valign=\"TOP\"><\/td>\n<td align=\"LEFT\" valign=\"TOP\"> <a name=\"anoticias2\"><span class=\"titulo\">CECOM LIBERA     LIGA&Ccedil;&Otilde;ES PARA LOCALIDADES CONT&Iacute;GUAS A BELO HORIZONTE<\/span><\/a>     <span class=\"texto\">     <\/p>\n<p>Nesta quarta-feira, dia 09, o CECOM finalizou os trabalhos de libera&ccedil;&atilde;o      de liga&ccedil;&otilde;es telef&ocirc;nicas para as localidades que,      at&eacute; dezembro, compunham o chamado &#8220;degrau conurbado&#8221;      de Belo Horizonte. Com isto, no Campus Pampulha, os ramais da categoria      &#8220;local&#8221; j&aacute; podem fazer liga&ccedil;&otilde;es para      os munic&iacute;pios de Betim, Contagem, Ibirit&eacute;, Nova Lima (incluindo      os condom&iacute;nios Serra del Rei, Vale do Sol, Retiro do Chal&eacute;),      Ribeir&atilde;o das Neves (incluindo Justin&oacute;polis), Sabar&aacute;      (incluindo Ravena), Santa Luzia (incluindo S&atilde;o Benedito) e Vespasiano.      <\/p>\n<p>     Durante o per&iacute;odo de transi&ccedil;&atilde;o ocorreram problemas      de comunica&ccedil;&atilde;o entre a rede p&uacute;blica (Telemar) e      a central telef&ocirc;nica da Pampulha, que foram sanados com uma completa      revis&atilde;o da programa&ccedil;&atilde;o desta &uacute;ltima. Este      trabalho ser&aacute; agora executado nas centrais telef&ocirc;nicas      das unidades do centro: Campus Sa&uacute;de e Escola de Engenharia (centrais      do tipo MD110, id&ecirc;nticas &agrave;s do Campus Pampulha), Escola      de Arquitetura, Faculdade de Ci&ecirc;ncias Econ&ocirc;micas, Faculdade      de Direito e Conservat&oacute;rio.<\/p>\n<p>    <\/p>\n<p>    <\/span><\/td>\n<\/tr>\n<tr>\n<td align=\"LEFT\" valign=\"TOP\"><\/td>\n<td align=\"LEFT\" valign=\"TOP\"> <a name=\"anoticias3\"><span class=\"titulo\">ECI COLOCA     SERVIDOR LINUX EM FUNCIONAMENTO<\/span><\/a> <span class=\"texto\">     <\/p>\n<p>A Escola de Ci&ecirc;ncia da Informa&ccedil;&atilde;o (ECI) possui      um laborat&oacute;rio (LTI &#8211; Laborat&oacute;rio de Tecnologia da Informa&ccedil;&atilde;o)      com mais de 40 microcomputadores, e ainda impressoras, para uso dos      alunos de gradua&ccedil;&atilde;o da escola, atendendo cerca de 800      usu&aacute;rios. <\/p>\n<p>     Seguindo a orienta&ccedil;&atilde;o de ado&ccedil;&atilde;o de ambiente      de <em>software<\/em> livre dada pelo governo federal, desde a semana      passada este laborat&oacute;rio passou a utilizar um servidor Linux      para armazenamento dos arquivos e configura&ccedil;&otilde;es pessoais      dos alunos de gradua&ccedil;&atilde;o do curso de Biblioteconomia da      ECI. Para isso, foi implantado o Samba\/LDAP para gerenciamento do servi&ccedil;o      de acesso ao laborat&oacute;rio pelos usu&aacute;rios, seguindo o modelo      de servi&ccedil;o desenvolvido pelo CECOM para ser implantado em laborat&oacute;rios      da UFMG.<\/p>\n<p>     O pr&oacute;ximo passo ser&aacute; a migra&ccedil;&atilde;o tamb&eacute;m      do ambiente dos micros para o sistema linux, de modo que os alunos possam      usar software livre no seu dia-a-dia. Posteriormente, a autentica&ccedil;&atilde;o      dos usu&aacute;rios passar&aacute; a ser feita a partir da base de dados      do Grude.<\/p>\n<p>     O CECOM apoiou a realiza&ccedil;&atilde;o do servi&ccedil;o de migra&ccedil;&atilde;o      do servidor, atrav&eacute;s de Emerson Henrique Kfuri Pereira, da Divis&atilde;o      de Atendimento e Consultoria, que desenvolveu o modelo adotado. Os respons&aacute;veis      pela atividade, na ECI, s&atilde;o Luiz Henrique Loureiro dos Santos,      coordenador do LTI, e Walisson Resende, funcion&aacute;rio da ECI.<\/p>\n<p>    <\/p>\n<p>    <\/span><\/td>\n<\/tr>\n<tr>\n<td align=\"LEFT\" valign=\"TOP\"><\/td>\n<td align=\"LEFT\" valign=\"TOP\"> <a name=\"anoticias4\" id=\"4\"><span class=\"titulo\">SOLICITA&Ccedil;&Atilde;O     DE VIDEOCONFER&Ecirc;NCIAS TEM NOVO FLUXO<\/span><\/a> <span class=\"texto\">     <\/p>\n<p>Devido &agrave;s v&aacute;rias solicita&ccedil;&otilde;es de eventos      com Videoconfer&ecirc;ncia na UFMG, servi&ccedil;o disponibilizado desde      2001 pela ATI &#8211; Diretoria de Tecnologia da Informa&ccedil;&atilde;o,      foi criada uma norma para facilitar e organizar melhor o seu uso.<\/p>\n<p>     O usu&aacute;rio deve entrar no site <a href=\"http:\/\/sites.grude.ufmg.br\/vdc\">http:\/\/sites.grude.ufmg.br\/vdc<\/a>      (ou envia um e-mail para videoconferencia@ufmg.br) solicitando um hor&aacute;rio      para a realiza&ccedil;&atilde;o da v&iacute;deo. Esta solicita&ccedil;&atilde;o      &eacute; encaminhada para Rosa Am&eacute;lia Santos Froeseler, Secret&aacute;ria      da ATI, que faz as reservas dos recursos a serem utilizados (salas e      equipamentos) e confirma (ou n&atilde;o) a solicita&ccedil;&atilde;o      com as modifica&ccedil;&otilde;es necess&aacute;rias. Internamente,      atividades realizadas pelo LCC e pela ATI passar&atilde;o a ter um controle      mais apurado, para garantir que as informa&ccedil;&otilde;es fluam de      maneira mais organizada, permitindo mais seguran&ccedil;a na reserva      dos recursos utilizados.<\/p>\n<p>     Ap&oacute;s a realiza&ccedil;&atilde;o da videoconfer&ecirc;ncia, fotos      e informa&ccedil;&otilde;es importantes do evento s&atilde;o colocadas      neste mesmo documento, que ficar&aacute; p&uacute;blico no site acima.<\/p>\n<p>    <\/p>\n<p>    <\/span><\/td>\n<\/tr>\n<tr>\n<td align=\"LEFT\" valign=\"TOP\"><\/td>\n<td align=\"LEFT\" valign=\"TOP\"> <a name=\"anoticias5\" id=\"5\"><span class=\"titulo\">MARIA     HELENA SE APOSENTA DA UFMG<\/span><\/a> <span class=\"texto\">     <\/p>\n<p>A aposentadoria da funcion&aacute;ria Maria Helena Caldeira dos Reis,      lotada na Divis&atilde;o de Apoio Administrativo (DAA), foi publicada      no Di&aacute;rio Oficial da Uni&atilde;o no dia 08 de mar&ccedil;o de      2005.<\/p>\n<p>     Maria Helena entrou para o CECOM em abril de 1975, para trabalhar na      Secretaria Administrativa, como datil&oacute;grafa atrav&eacute;s do      conv&ecirc;nio com o BNDE. Em abril de 1976, ela foi contratada pela      Fundep e trabalhou no Setor de Documenta&ccedil;&atilde;o. Em agosto      de 1978, atrav&eacute;s de concurso, foi contratada pela UFMG como digitadora,      lotada na antiga Divis&atilde;o de Usu&aacute;rios. Tamb&eacute;m fez      parte da equipe da digita&ccedil;&atilde;o da Divis&atilde;o de Controle      de Processamento. Em setembro de 1990, ela retornou &agrave; &aacute;rea      administrativa, vindo para a Divis&atilde;o de Apoio Administrativo      (DAA). Maria Helena era respons&aacute;vel pela &aacute;rea de pessoal,      com os sistemas Freq&uuml;&ecirc;ncia e F&eacute;rias, arquivos e atualiza&ccedil;&atilde;o      de cadastros.<\/p>\n<p>     Ela n&atilde;o quis se despedir, mas enviou bombons e e-mail para todos:<br \/>     <em>&#8220;Pois &eacute;, finalmente chegou meu t&atilde;o esperado      dia! Foram exatamente 29 anos, 10 meses 6 dias. Vou sentir muitas saudades      de todos e de tudo a&iacute;; das festinhas, dos lanches e almo&ccedil;os      coletivos e porque n&atilde;o dizer? At&eacute; do &#8220;mixid&atilde;o&#8221;!<\/em><br \/>     <em> Agrade&ccedil;o de cora&ccedil;&atilde;o a todos pelo carinho,      amizade e companheirismo. &Agrave;queles a quem magoei, me desculpem,      talvez foi at&eacute; inconsciente. A esta grande fam&iacute;lia (&eacute;      assim que vejo voc&ecirc;s) que choraram comigo nos momentos tristes,      sorriram nas horas alegres, o meu muito obrigado de cora&ccedil;&atilde;o!      Adoro todos voc&ecirc;s! Um beijo no cora&ccedil;&atilde;o de cada um!&#8221;<\/em><\/p>\n<p align=\"center\"><em><br \/>     <img loading=\"lazy\" decoding=\"async\" src=\"https:\/\/www.ufmg.br\/dti\/wp-content\/uploads\/fotos\/helena.jpg\" width=\"196\" height=\"304\"> <br \/>     <\/em>Helena<\/p>\n<p><em><a href=\"\/dti\/#topo\"><\/a><\/em>    <\/p>\n<p>    <\/span><\/td>\n<\/tr>\n<tr>\n<td align=\"LEFT\" valign=\"TOP\"><\/td>\n<td align=\"LEFT\" valign=\"TOP\"> <a name=\"anoticias6\" id=\"6\"><span class=\"titulo\">LCC     DISPONIBILIZA CURSOS PARA USU&Aacute;RIOS NOTES E QUICKPLACE<\/span><\/a>     <span class=\"texto\">     <\/p>\n<p>O LCC vai oferecer no m&ecirc;s de mar&ccedil;o cursos para uso do      Lotus Notes e do QuickPlace para os usu&aacute;rios do Grude. Os cursos      ser&atilde;o realizados nos dias 9, 10, 11, 15, 16 , 17 e 18 de mar&ccedil;o,      no hor&aacute;rio da manh&atilde;.<\/p>\n<p>     <strong>Curso de Notes B&aacute;sico<\/strong>: 4 horas de dura&ccedil;&atilde;o.      P&uacute;blico alvo: Secret&aacute;rias, professores e funcion&aacute;rios      que utilizam o Lotus Notes.<br \/>     Local: CECOM<br \/>     Vagas: 12 por dia<br \/>     Dias 9, 10 e 11 de Mar&ccedil;o<\/p>\n<p>     <strong>Curso de Notes Avan&ccedil;ado:<\/strong> 8 horas de dura&ccedil;&atilde;o.      P&uacute;blico alvo: Suportes Locais de Inform&aacute;tica da Universidade,      para apoio aos usu&aacute;rios do setor.<br \/>     Local: CECOM<br \/>     Vagas: 12<br \/>     Dia 15 de mar&ccedil;o<\/p>\n<p>     <strong>Curso de QuickPlace:<\/strong> 4 horas de dura&ccedil;&atilde;o.      P&uacute;blico alvo: Secret&aacute;rias, professores, funcion&aacute;rios      e interessados na ferramenta QuickPlace.<br \/>     Local: CECOM<br \/>     Vagas: 12 por dia<br \/>     Dias 17 e 18 de Mar&ccedil;o<\/p>\n<p>     Os interessados dever&atilde;o enviar e-mail para treinamento@lcc.ufmg.br.    <\/p>\n<p>    <\/p>\n<p>    <\/span><\/td>\n<\/tr>\n<tr>\n<td align=\"LEFT\" valign=\"TOP\"><\/td>\n<td align=\"LEFT\" valign=\"TOP\"> <a name=\"anoticias7\" id=\"7\"><span class=\"titulo\">PRORH     VAI OFERECER CURSOS DE LOTUS NOTES<\/span><\/a> <span class=\"texto\">     <\/p>\n<p>A ProRH\/DRH vai oferecer duas turmas de Lotus Notes, com in&iacute;cio      do treinamento no final do m&ecirc;s de mar&ccedil;o.<\/p>\n<p>     <strong>Turma 1 <\/strong>&#8211; dias 30, 31 de marco e 1o de abril, no hor&aacute;rio      de 13:30 &agrave;s 16:30, na Sala de Aula da Imprensa.<\/p>\n<p>     <strong>Turma 2<\/strong> &#8211; dias 4, 5 e 6 de abril, no hor&aacute;rio      de 13:30 &agrave;s 16:30, na Sala de Aula da Imprensa.<\/p>\n<p>     O instrutor vai ser Eug&ecirc;nio Pacelli Pereira de Souza, da Divis&atilde;o      de Atendimento e Consultoria (DAC).<\/p>\n<p>    <\/p>\n<p>    <\/span><\/td>\n<\/tr>\n<p>  <!-- #EndEditable -->  <\/table>\n<p> <!-- fim noticias --><\/div>\n<p><a name='informativo'><\/a><\/p>\n<h4>Informativo<\/h4>\n<div class=\"centro-sistematico\">  <!-- noticias --> <\/p>\n<table border=\"0\" cellspacing=\"0\" cellpadding=\"0\">\n<tr>\n<td><\/td>\n<td><\/td>\n<\/tr>\n<p>  <!-- #BeginEditable \"materias\" -->   <\/p>\n<tr>\n<td align=\"LEFT\" valign=\"TOP\"><\/td>\n<td align=\"LEFT\" valign=\"TOP\"><a name=\"ainformativo1\"><span class=\"titulo\">DICAS DE     SITES INTERESSANTES<\/span><br \/>    <\/a> <img loading=\"lazy\" decoding=\"async\" src=\"https:\/\/www.ufmg.br\/dti\/wp-content\/uploads\/imgs\/tudo_pixel.gif\" width=\"1\" height=\"20\" alt=\"\" border=\"0\"><br \/>     <span class=\"texto\"> Na aus&ecirc;ncia do Adyr, Bruna Costa e Silva entrou     em cena com o envio de um e-mail com dicas de sites para pesquisa e levantamento     bibliogr&aacute;fico, constru&iacute;do com o objetivo de facilitar a     pesquisa explorat&oacute;ria em rela&ccedil;&atilde;o aos projetos de     pesquisa de MTPP e Monografias.<\/p>\n<p>    Bibliotecas com Acervo dispon&iacute;vel para consulta:<br \/>    Universidade Federal de Minas Gerais: <a href=\"http:\/\/www.bu.ufmg.br\"><br \/>    http:\/\/www.bu.ufmg.br<\/a><\/p>\n<p>    Pont&iacute;ficia Universidade Cat&oacute;lica de Minas Gerais: <br \/>    <a href=\"http:\/\/www.pucmg.br\/biblioteca\/biblioteca.html\">http:\/\/www.pucmg.br\/biblioteca\/biblioteca.html<\/a><\/p>\n<p>    UNA &#8211; Centro Universit&aacute;rio de Ci&ecirc;ncias Gerenciais: <br \/>    <a href=\"http:\/\/www.una.br\/servicos_%20biblioteca.html\">http:\/\/www.una.br\/servicos_     biblioteca.html<\/a><\/p>\n<p>    UNIBH &#8211; Centro Universit&aacute;rio de Belo Horizonte: <br \/>    <a href=\"http:\/\/www.unibh.br\/biblioteca\/default.htm\">http:\/\/www.unibh.br\/biblioteca\/default.htm<br \/>    <\/a><br \/>    BN &#8211; Funda&ccedil;&atilde;o Biblioteca Nacional:<a href=\"http:\/\/www.bn.br\">     <br \/>    http:\/\/www.bn.br<\/a><\/p>\n<p>    PUCPR &#8211; Pont&iacute;f&iacute;ca Universidade Cat&oacute;lica do Paran&aacute;:     <a href=\"http:\/\/www.biblioteca.pucpr.br\"><br \/>    http:\/\/www.biblioteca.pucpr.br<\/a><\/p>\n<p>    PUCRS &#8211; Pont&iacute;ficia Universidade Cat&oacute;lica do Rio Grande do     Sul: <br \/>    <a href=\"http:\/\/www.pucrs.br\/biblioteca\">http:\/\/www.pucrs.br\/biblioteca<\/a><\/p>\n<p>    PUCRJ &#8211; Pont&iacute;ficia Universidade Cat&oacute;lica do Rio de Janeiro:     <br \/>    <a href=\"http:\/\/www.dbd.puc-rio.br\">http:\/\/www.dbd.puc-rio.br<\/a><\/p>\n<p>    UNESP &#8211; Universidade Estadual de S&atilde;o Paulo: <br \/>    <a href=\"http:\/\/www.unesp.br\/biblioteca\"> http:\/\/www.unesp.br\/biblioteca<\/a><\/p>\n<p>    UNICAMP &#8211; Universidade de Campinas: <a href=\"http:\/\/www.unicamp.br\/bc\"><br \/>    http:\/\/www.unicamp.br\/bc<\/a><\/p>\n<p>    USP &#8211; Universidade de S&atilde;o Paulo: <a href=\"http:\/\/www.usp.br\/sibi\/sibi.html\"><br \/>    http:\/\/www.usp.br\/sibi\/sibi.html<\/a><\/p>\n<p>    IBGE &#8211; Funda&ccedil;&atilde;o Instituto Brasileiro de Geografia e Estat&iacute;stica:     <br \/>    <a href=\"http:\/\/web.ibge.gov.br\"> http:\/\/web.ibge.gov.br<\/a><\/p>\n<p>    LC &#8211; Library of Congress: <br \/>    <a href=\"http:\/\/www.loc.gov\">http:\/\/www.loc.gov<\/a><br \/>    <a href=\"http:\/\/sunsite.berkeley.edu\/Libweb\">http:\/\/sunsite.berkeley.edu\/Libweb<\/a><\/p>\n<p>    Identificadores Internacionais de Monografias e Seriados:<br \/>    ISSN &#8211; International Standard Serial Number: <br \/>    <a href=\"http:\/\/www.ibict.br\/index.htm\"> http:\/\/www.ibict.br\/index.htm<\/a><\/p>\n<p>    ABNT &#8211; Associa&ccedil;&atilde;o Brasileira de Normas T&eacute;cnicas:     <br \/>    <a href=\"http:\/\/www.abnt.org.br\">http:\/\/www.abnt.org.br<\/a><\/p>\n<p>    IPT &#8211; Instituto de Pesquisas Tecnol&oacute;gicas do Estado de S&atilde;o     Paulo: <br \/>    <a href=\"http:\/\/www.ipt.br\"> http:\/\/www.ipt.br<\/a><\/p>\n<p>    Bibliotecas Virtuais:<br \/>    SciELO: <a href=\"http:\/\/www.scielo.br\"> http:\/\/www.scielo.br<\/a><\/p>\n<p>    IBICT &#8211; Teses, Comut, ISSN, CCN: <a href=\"http:\/\/www.ibict.br\">http:\/\/www.ibict.br<\/a><\/p>\n<p>    CAPES: <a href=\"http:\/\/www.periodicos.capes.gov.br\">http:\/\/www.periodicos.capes.gov.br<\/a><\/p>\n<p>    BIREME &#8211; Biblioteca Virtual de Sa&uacute;de: <a href=\"http:\/\/www.bireme.br\">     http:\/\/www.bireme.br<\/a><\/p>\n<p>    Prossiga: <a href=\"http:\/\/prossiga.cnpq.br\">http:\/\/prossiga.cnpq.br<\/a><\/p>\n<p>    Editoras e Livrarias on line:<br \/>    Amazon Books: <a href=\"http:\/\/www.amazon.com\">http:\/\/www.amazon.com<\/a><\/p>\n<p>    Livraria Cultura: <a href=\"http:\/\/www.livcultura.com.br\">http:\/\/www.livcultura.com.br<\/a><\/p>\n<p>    PTI &#8211; Publica&ccedil;&otilde;es T&eacute;cnicas Internacionais: <a href=\"http:\/\/www.pti.com.br\">http:\/\/www.pti.com.br<\/a><\/p>\n<p>    Editora Vozes: <a href=\"http:\/\/www.vozes.com.br\">http:\/\/www.vozes.com.br<\/a><\/p>\n<p>    Livraria Nobel: <a href=\"http:\/\/www.espiralstore.com.br\">http:\/\/www.espiralstore.com.br<\/a><\/p>\n<p>    Editora Campus: <a href=\"http:\/\/www.campus.com.br\">http:\/\/www.campus.com.br<\/a><\/p>\n<p>    Livraria e Editora Saraiva: <a href=\"http:\/\/www.livrariasaraiva.com.br\">http:\/\/www.livrariasaraiva.com.br<\/a><\/p>\n<p>    Edusp: <a href=\"http:\/\/www.usp.br\/edusp\">http:\/\/www.usp.br\/edusp<\/a><\/p>\n<p>    Outros Sites interessantes:<br \/>    CNPq: <a href=\"http:\/\/www.cnpq.br\">http:\/\/www.cnpq.br<\/a><\/p>\n<p>    IBGE: <a href=\"http:\/\/www1.ibge.gov.br\/ibge\/default.php\">http:\/\/www1.ibge.gov.br\/ibge\/default.php<\/a><\/p>\n<p>    CAPES: <a href=\"http:\/\/www.capes.gov.br\">http:\/\/www.capes.gov.br<\/a><\/p>\n<p>    MEC: <a href=\"http:\/\/www.mec.gov.br%20\">http:\/\/www.mec.gov.br <\/a>     <\/p>\n<p>    <\/p>\n<p>    <\/span><\/td>\n<\/tr>\n<tr>\n<td align=\"LEFT\" valign=\"TOP\"><\/td>\n<td align=\"LEFT\" valign=\"TOP\"><a name=\"ainformativo2\"><span class=\"titulo\">MANUTEN&Ccedil;&Atilde;O     DA CEMIG NO FIM-DE-SEMANA<\/span><\/a> <span class=\"texto\">     <\/p>\n<p>A CEMIG, juntamente com a UFMG\/DPFO, efetuar&aacute; desligamento no      dia 13 de mar&ccedil;o\/2005, para manuten&ccedil;&atilde;o nos disjuntores      PVO e transformadores de 13,8KV\/220V\/127V nas subesta&ccedil;&otilde;es      das seguintes unidades:<\/p>\n<p>     Faculdade de Letras<br \/>     FAFICH<br \/>     Escola da Ci&ecirc;ncia da Informa&ccedil;&atilde;o<br \/>     Escola de Belas Artes<br \/>     O desligamento ser&aacute; &agrave;s 8:00, com religamento &agrave;s      11:30.<\/p>\n<p>    <\/p>\n<p>    <\/span> <\/td>\n<\/tr>\n<tr>\n<td align=\"LEFT\" valign=\"TOP\"><\/td>\n<td align=\"LEFT\" valign=\"TOP\"><a name=\"ainformativo3\"><span class=\"titulo\">PLANT&Atilde;O     INFO<\/span><\/a> <span class=\"texto\">     <\/p>\n<p>O <strong>Plant&atilde;o Info<\/strong> divulgou, nas &uacute;ltimas      semanas, as seguintes not&iacute;cias:<br \/>     <strong><br \/>     Programas do IRPF 2005 entram no ar amanh&atilde; <\/strong>(28 de fevereiro\/2005)      &#8211; &Agrave;s 9h do dia 1&ordm;, entram no ar os programas para a declara&ccedil;&atilde;o      do Imposto de Renda Pessoa F&iacute;sica 2005, ano-base 2004. &Eacute;      o que promete a Receita Federal. <br \/>     O prazo de entrega vai de 1&ordm; de mar&ccedil;o a 29 de abril. Est&atilde;o      obrigados a prestar contas todos os contribuintes que, no ano passado,      tiveram rendimentos tribut&aacute;veis acima de 12 696 reais. <br \/>     O programa do IRPF 2005 sai nas vers&otilde;es Windows e Java, que roda      em computadores com Linux, Mac OS, Solaris e Windows. A Receita vai      liberar na web tamb&eacute;m o download do material de consulta sobre      as regras para declarar. <br \/>     A Declara&ccedil;&atilde;o On-Line &#8211; feita diretamente na p&aacute;gina      da Receita, sem necessidade do programa &#8211; s&oacute; pode ser usada por      quem tinha, em 2004, patrim&ocirc;nio inferior a 20 mil reais e tamb&eacute;m      por quem tem apenas uma fonte pagadora para informar. <br \/>     A Receita espera que cerca de 20 milh&otilde;es de brasileiros fa&ccedil;am      a declara&ccedil;&atilde;o este ano &#8211; em 2004, 18,8 milh&otilde;es de      documentos foram entregues no prazo.<br \/>     Costa Rica quer transformar VoIP em crime (02 de mar&ccedil;o\/2005)      &#8211; As operadoras estatais de telefonia fixa da Costa Rica est&atilde;o      fazendo lobby para transformar o uso da tecnologia de voz sobre IP (VoIP)      em crime. <\/p>\n<p>     <strong>O Instituto Costarricense de Electricidad<\/strong> (ICE) puxa      o coro dos descontentes, conta o jornal <em>La Naci&oacute;n<\/em>, alegando      que deve haver uma regulamenta&ccedil;&atilde;o mais espec&iacute;fica      para a tecnologia que a aplicada aos servi&ccedil;os de tr&aacute;fego      de dados em geral. O &oacute;rg&atilde;o chama os provedores de servi&ccedil;os      VoIP de &#8220;operadoras n&atilde;o-licenciadas&#8221; e que o governo      deveria tomar medidas legais contra elas, se necess&aacute;rio. <br \/>     O Skype e outros servi&ccedil;os semelhantes s&atilde;o muito populares      na regi&atilde;o. Operadoras americanas, como a Vonage, oferecem VoiP      naquele pa&iacute;s e nos vizinhos. Hoje, diz o jornal, cerca de 20%      de todas as chamadas internacionais originadas na Costa Rica usam VoIP      ao inv&eacute;s dos sistemas de DDI tradicionais, o que obviamente gera      perdas para as operadoras. Segundo o <em>La Naci&oacute;n<\/em>, membros      do governo disseram que os servi&ccedil;os de telefonia de baixo custo      s&atilde;o &#8220;essenciais para o crescimento do desenvolvimento de      software e da terceiriza&ccedil;&atilde;o de servi&ccedil;os no pa&iacute;s&#8221;.<\/p>\n<p>    <\/p>\n<p>    <\/span><\/td>\n<\/tr>\n<tr>\n<td align=\"LEFT\" valign=\"TOP\"><\/td>\n<td align=\"LEFT\" valign=\"TOP\"><a name=\"ainformativo4\" id=\"4\"><span class=\"titulo\">CLIPPING     DA PUBLICA&Ccedil;&Atilde;O TI &amp; GOVERNO<\/span><\/a> <span class=\"texto\">     <\/p>\n<p>A publica&ccedil;&atilde;o <strong>TI &amp; Governo<\/strong> publicou,      no dia 08\/03\/2005, not&iacute;cia sobre a Internet, transcrita a seguir:<\/p>\n<p>     <strong>A Fapesp perde o registro de dom&iacute;nio<\/strong> &#8211; O Comit&ecirc;      Gestor da Internet aprovou, na sexta-feira, 04, a cria&ccedil;&atilde;o      de uma entidade que vai assumir o controle do registro de dom&iacute;nio.Br,      trabalho executado atualmente pela Fapesp. A entidade deve se chamar      NIC.Br (N&uacute;cleo de Integra&ccedil;&atilde;o e Coordena&ccedil;&atilde;o),      e j&aacute; nasce com as caracter&iacute;sticas para obter o registro      como Oscip. Com a entidade, a Internet brasileira ter&aacute; um quadro      institucional mais est&aacute;vel para o registro de dom&iacute;nio.      A Fapesp come&ccedil;ou a registrar os dom&iacute;nios provisoriamente      at&eacute; que fosse encontrada uma solu&ccedil;&atilde;o. Mas isso      tem v&aacute;rios inconvenientes, porque a Fapesp n&atilde;o tem poder      legal para representar o comit&ecirc; da Internet, explica Antenor Correa,      coordenador interino do Comit&ecirc; Gestor da Internet. Segundo ele,      agora ser&aacute; negociada a transi&ccedil;&atilde;o com a Fapesp e      tomadas as provid&ecirc;ncias para colocar a nova entidade para funcionar.<\/p>\n<p>    <\/p>\n<p>    <\/span><\/td>\n<\/tr>\n<p>  <!-- #EndEditable -->  <\/table>\n<p> <!-- fim noticias --> <!-- tabela ha 20 anos --> <\/p>\n<table border=\"0\" cellspacing=\"0\" cellpadding=\"0\" class=\"cinza\">\n<tr>\n<td><img loading=\"lazy\" decoding=\"async\" src=\"https:\/\/www.ufmg.br\/dti\/wp-content\/uploads\/imgs\/tudo_pixel.gif\" width=\"1\" height=\"1\" alt=\"\" border=\"0\"><\/td>\n<td><img loading=\"lazy\" decoding=\"async\" src=\"https:\/\/www.ufmg.br\/dti\/wp-content\/uploads\/imgs\/tudo_pixel.gif\" width=\"19\" height=\"1\" alt=\"\" border=\"0\"><\/td>\n<td><img loading=\"lazy\" decoding=\"async\" src=\"https:\/\/www.ufmg.br\/dti\/wp-content\/uploads\/imgs\/tudo_pixel.gif\" width=\"510\" height=\"1\" alt=\"\" border=\"0\"><\/td>\n<td><img loading=\"lazy\" decoding=\"async\" src=\"https:\/\/www.ufmg.br\/dti\/wp-content\/uploads\/imgs\/tudo_pixel.gif\" width=\"19\" height=\"1\" alt=\"\" border=\"0\"><\/td>\n<td><img loading=\"lazy\" decoding=\"async\" src=\"https:\/\/www.ufmg.br\/dti\/wp-content\/uploads\/imgs\/tudo_pixel.gif\" width=\"1\" height=\"1\" alt=\"\" border=\"0\"><\/td>\n<\/tr>\n<tr>\n<td class=\"vermelho\" colspan=\"5\"><img loading=\"lazy\" decoding=\"async\" src=\"https:\/\/www.ufmg.br\/dti\/wp-content\/uploads\/imgs\/tudo_pixel.gif\" width=\"1\" height=\"1\" alt=\"\" border=\"0\"><\/td>\n<\/tr>\n<tr>\n<td class=\"vermelho\"><img loading=\"lazy\" decoding=\"async\" src=\"https:\/\/www.ufmg.br\/dti\/wp-content\/uploads\/imgs\/tudo_pixel.gif\" width=\"1\" height=\"1\" alt=\"\" border=\"0\"><\/td>\n<td><img loading=\"lazy\" decoding=\"async\" src=\"https:\/\/www.ufmg.br\/dti\/wp-content\/uploads\/imgs\/tudo_pixel.gif\" width=\"1\" height=\"1\" alt=\"\" border=\"0\"><\/td>\n<td align=\"LEFT\" valign=\"TOP\"><!-- #BeginEditable \"ha 20 anos\" --><a name=\"ainformativo5\" id=\"5\"><img loading=\"lazy\" decoding=\"async\" src=\"https:\/\/www.ufmg.br\/dti\/wp-content\/uploads\/imgs\/tudo_pixel.gif\" width=\"1\" height=\"8\" alt=\"\" border=\"0\"><br \/>    <span class=\"titulo\">H\u00e1 20 anos&#8230;<\/span><\/a> <span class=\"texto\">     <\/p>\n<p>O Sistem&aacute;tico Ano IX, n.&ordm; 9, de 14\/03\/1985, publicou not&iacute;cias      sobre concurso p&uacute;blico para mensageiro da MinasCaixa, utiliza&ccedil;&atilde;o      de cart&otilde;es do CECOM, apostila de Cobol B&aacute;sico, entre outras.      As not&iacute;cias que se destacaram foram:<\/p>\n<p><strong>LIBERA&Ccedil;&Atilde;O DE PESSOAL<\/strong><br \/>     <font face=\"1\">Os funcion&aacute;rios do Centro de Computa&ccedil;&atilde;o      Cleto Boechat V&eacute;o, Ism&ecirc;nia Carvalho Moreira e S&eacute;rgio      Maur&iacute;cio de Oliveira foram liberados, a partir de ontem, dia      13, para exercerem suas atividades no LCC &#8211; Laborat&oacute;rio de Computa&ccedil;&atilde;o      Cient&iacute;fica da UFMG. <\/font><\/p>\n<p><strong>CURSO B07: OPERA&Ccedil;&Atilde;O DO SISTEMA<\/strong><br \/>     <font face=\"1\">As aulas do curso B07: Opera&ccedil;&atilde;o do Sistema      v&atilde;o ser reiniciadas na pr&oacute;xima segunda-feira, dia 18,      para duas turmas, nos hor&aacute;rios de 07:00 &agrave;s 09:00 e de      17:00 &agrave;s 19:00. O curso, que tem como instrutor o analista William      Andal&eacute;cio, est&aacute; sendo oferecido desde maio do ano passado      para o pessoal do Setor de Opera&ccedil;&atilde;o do CECOM visando o      aprimoramento t&eacute;cnico da equipe. <\/font><\/p>\n<p>    <\/span><!-- #EndEditable --><br \/>     <img loading=\"lazy\" decoding=\"async\" src=\"https:\/\/www.ufmg.br\/dti\/wp-content\/uploads\/imgs\/tudo_pixel.gif\" width=\"1\" height=\"8\" alt=\"\" border=\"0\"><\/td>\n<td><img loading=\"lazy\" decoding=\"async\" src=\"https:\/\/www.ufmg.br\/dti\/wp-content\/uploads\/imgs\/tudo_pixel.gif\" width=\"1\" height=\"1\" alt=\"\" border=\"0\"><\/td>\n<td class=\"vermelho\"><img loading=\"lazy\" decoding=\"async\" src=\"https:\/\/www.ufmg.br\/dti\/wp-content\/uploads\/imgs\/tudo_pixel.gif\" width=\"1\" height=\"1\" alt=\"\" border=\"0\"><\/td>\n<\/tr>\n<tr>\n<td class=\"vermelho\" colspan=\"5\"><img loading=\"lazy\" decoding=\"async\" src=\"https:\/\/www.ufmg.br\/dti\/wp-content\/uploads\/imgs\/tudo_pixel.gif\" width=\"1\" height=\"1\" alt=\"\" border=\"0\"><\/td>\n<\/tr>\n<\/table>\n<p> <!-- fim tabela ha 20 anos --><\/div>\n<p><a name='eventos'><\/a><\/p>\n<h4>Eventos<\/h4>\n<div class=\"centro-sistematico\">  <!-- noticias --> <\/p>\n<table border=\"0\" cellspacing=\"0\" cellpadding=\"0\">\n<tr>\n<td><\/td>\n<td><\/td>\n<\/tr>\n<p>  <!-- #BeginEditable \"materias\" -->   <\/p>\n<tr>\n<td align=\"LEFT\" valign=\"TOP\"><\/td>\n<td align=\"LEFT\" valign=\"TOP\"> <a name=\"aeventos1\"><span class=\"titulo\">SOCIAIS<\/span><\/a>     <span class=\"texto\">     <\/p>\n<p><strong>ANIVERS&Aacute;RIOS:<\/strong> <em>&#8220;O Sistem&aacute;tico&#8221;      envia os parab&eacute;ns para Jos&eacute; Efig&ecirc;nio de Oliveira      (Alem&atilde;o), amanh&atilde;, dia 11. Os parab&eacute;ns para os ex-ceconianos:      Jane Pires Camargos Lemos, no dia 13; Gl&aacute;ucia Maria Fantoni,      no dia 14; Messias Emanoel Chaves, Roberto M&aacute;rcio Ferreira de      Souza e M&ocirc;nica Ata&iacute;de Silva, no dia 16; e Odilon Gon&ccedil;alves      de Castro, no dia 17.<\/em><\/p>\n<p>    <\/span><\/td>\n<\/tr>\n<tr>\n<td align=\"LEFT\" valign=\"TOP\"><\/td>\n<td align=\"LEFT\" valign=\"TOP\"><a name=\"aeventos2\"><span class=\"titulo\">MEM&Oacute;RIA     FOTOGR&Aacute;FICA DO CECOM<\/span><\/a> <span class=\"texto\">     <\/p>\n<p>Dando continuidade &agrave; publica&ccedil;&atilde;o das fotos da Festa      de Natal de 2004 dos funcion&aacute;rios do CECOM, O Sistem&aacute;tico      publica nesta edi&ccedil;&atilde;o mais um lote de fotos tiradas com      a m&aacute;quina do Frota, clicadas por ele, Lel&eacute; e Alexandre.<\/p>\n<p>&nbsp;<\/p>\n<p align=\"center\"><img loading=\"lazy\" decoding=\"async\" src=\"https:\/\/www.ufmg.br\/dti\/wp-content\/uploads\/fotos\/enseada_44.jpg\" width=\"340\" height=\"255\"><br \/>     <em><font face=\"1\">Ana Paula, Eust&aacute;quio      (escondido), Carolina e Diego<\/font><\/em><\/p>\n<p align=\"center\"><em><font face=\"1\"><img loading=\"lazy\" decoding=\"async\" src=\"https:\/\/www.ufmg.br\/dti\/wp-content\/uploads\/fotos\/enseada_46.jpg\" width=\"340\" height=\"255\"><br \/>     Thiago Gabriel, Roberto, Alexandre Fonseca e Samuel <\/font><\/em><\/p>\n<p align=\"center\"><em><font face=\"1\"><img loading=\"lazy\" decoding=\"async\" src=\"https:\/\/www.ufmg.br\/dti\/wp-content\/uploads\/fotos\/enseada_50.jpg\" width=\"340\" height=\"255\"><br \/>     Selma, Vanessa, Cristina Andrade, Maria Helena, <br \/>     Adriana e Cristina Queiroz <\/font><\/em><\/p>\n<p align=\"center\"><em><font face=\"1\"><img loading=\"lazy\" decoding=\"async\" src=\"https:\/\/www.ufmg.br\/dti\/wp-content\/uploads\/fotos\/enseada_52.jpg\" width=\"340\" height=\"255\"><br \/>     Carlos Alfeu e F&aacute;bio <\/font><\/em><\/p>\n<p align=\"center\"><em><font face=\"1\"><img loading=\"lazy\" decoding=\"async\" src=\"https:\/\/www.ufmg.br\/dti\/wp-content\/uploads\/fotos\/enseada_58.jpg\" width=\"340\" height=\"255\"><br \/>     Diego <\/font><\/em><\/p>\n<p align=\"center\"><em><font face=\"1\"><img loading=\"lazy\" decoding=\"async\" src=\"https:\/\/www.ufmg.br\/dti\/wp-content\/uploads\/fotos\/enseada_61.jpg\" width=\"340\" height=\"255\"><br \/>     Ant&ocirc;nio Carlos e Lel&eacute; <\/font><\/em><\/p>\n<p>&nbsp;<\/p>\n<p>    <\/span><\/td>\n<\/tr>\n<p>  <!-- #EndEditable -->  <\/table>\n<p> <!-- fim noticias --><\/div>\n","protected":false},"excerpt":{"rendered":"<p>Not\u00edcias CALOUROS ACESSAR&Atilde;O IAG COM SUA SENHA DO GRUDE CECOM LIBERA LIGA&Ccedil;&Otilde;ES PARA LOCALIDADES CONT&Iacute;GUAS A BELO HORIZONTE ECI COLOCA SERVIDOR LINUX EM FUNCIONAMENTO SOLICITA&Ccedil;&Atilde;O DE VIDEOCONFER&Ecirc;NCIAS TEM NOVO FLUXO MARIA HELENA SE APOSENTA DA UFMG LCC DISPONIBILIZA CURSOS PARA USU&Aacute;RIOS NOTES E QUICKPLACE PRORH VAI OFERECER CURSOS DE LOTUS NOTES Informativo DICAS DE SITES &#8230; <a title=\"Sistem\u00e1tico: Edi\u00e7\u00e3o 1238 &#8211; 10\/03\/2005\" class=\"read-more\" href=\"https:\/\/www.ufmg.br\/dti\/2005\/03\/10\/sistematico-edicao-1238-10032005\/\" aria-label=\"Read more about Sistem\u00e1tico: Edi\u00e7\u00e3o 1238 &#8211; 10\/03\/2005\">Ler mais<\/a><\/p>\n","protected":false},"author":3,"featured_media":0,"comment_status":"open","ping_status":"open","sticky":false,"template":"","format":"standard","meta":{"inline_featured_image":false,"footnotes":""},"categories":[13],"tags":[],"coauthors":[79],"class_list":["post-1389","post","type-post","status-publish","format-standard","hentry","category-sistematico"],"_links":{"self":[{"href":"https:\/\/www.ufmg.br\/dti\/wp-json\/wp\/v2\/posts\/1389","targetHints":{"allow":["GET"]}}],"collection":[{"href":"https:\/\/www.ufmg.br\/dti\/wp-json\/wp\/v2\/posts"}],"about":[{"href":"https:\/\/www.ufmg.br\/dti\/wp-json\/wp\/v2\/types\/post"}],"author":[{"embeddable":true,"href":"https:\/\/www.ufmg.br\/dti\/wp-json\/wp\/v2\/users\/3"}],"replies":[{"embeddable":true,"href":"https:\/\/www.ufmg.br\/dti\/wp-json\/wp\/v2\/comments?post=1389"}],"version-history":[{"count":0,"href":"https:\/\/www.ufmg.br\/dti\/wp-json\/wp\/v2\/posts\/1389\/revisions"}],"wp:attachment":[{"href":"https:\/\/www.ufmg.br\/dti\/wp-json\/wp\/v2\/media?parent=1389"}],"wp:term":[{"taxonomy":"category","embeddable":true,"href":"https:\/\/www.ufmg.br\/dti\/wp-json\/wp\/v2\/categories?post=1389"},{"taxonomy":"post_tag","embeddable":true,"href":"https:\/\/www.ufmg.br\/dti\/wp-json\/wp\/v2\/tags?post=1389"},{"taxonomy":"author","embeddable":true,"href":"https:\/\/www.ufmg.br\/dti\/wp-json\/wp\/v2\/coauthors?post=1389"}],"curies":[{"name":"wp","href":"https:\/\/api.w.org\/{rel}","templated":true}]}}