{"id":1410,"date":"2004-08-26T08:00:00","date_gmt":"2004-08-26T08:00:00","guid":{"rendered":"https:\/\/www.ufmg.br\/dti\/cecom\/?p=1410"},"modified":"2004-08-26T08:00:00","modified_gmt":"2004-08-26T08:00:00","slug":"sistematico-edicao-1217-26082004","status":"publish","type":"post","link":"https:\/\/www.ufmg.br\/dti\/2004\/08\/26\/sistematico-edicao-1217-26082004\/","title":{"rendered":"Sistem\u00e1tico: Edi\u00e7\u00e3o 1217 &#8211; 26\/08\/2004"},"content":{"rendered":"<ul>\n<li><a href=\"\/dti\/#noticias\">Not\u00edcias<\/a>\n<div class='submenuSistematico'>\n<ul>\n<li><a href=\"\/dti\/#anoticias1\"><span class=\"titulo\">CECOM PREPARA-SE     PARA REALIZA&Ccedil;&Atilde;O DE INVENT&Aacute;RIO DE BENS M&Oacute;VEIS<\/span><\/a><\/li>\n<li><a href=\"\/dti\/#anoticias2\"><span class=\"titulo\">PERGAMUM     RECEBE INVESTIMENTO E AMPLIA ESPA&Ccedil;O PARA ARMAZENAMENTO<\/span><\/a><\/li>\n<li><a href=\"\/dti\/#anoticias3\"><span class=\"titulo\">PM COMEMORA     40 ANOS DE SUA &Aacute;REA DE RH<\/span><\/a><\/li>\n<li><a href=\"\/dti\/#anoticias4\"><span class=\"titulo\">ADMINISTRADOR     DE REDES DA DIREITO PARTICIPA DE ATIVIDADES DA DRC<\/span><\/a><\/li>\n<li><a href=\"\/dti\/#anoticias5\"><span class=\"titulo\">TEM IN&Iacute;CIO     HOJE A V REUNI&Atilde;O ANUAL UFMG JOVEM<\/span><\/a><\/li>\n<\/ul>\n<\/div>\n<\/li>\n<li><a href=\"\/dti\/#informativo\">Informativo<\/a>\n<div class='submenuSistematico'>\n<ul>\n<li><a href=\"\/dti\/#ainformativo1\"><span class=\"titulo\">DICAS      DE SITES INTERESSANTES<\/span><br \/>     <\/a><\/li>\n<li><a href=\"\/dti\/#ainformativo2\"><span class=\"titulo\">DESLIGAMENTO     DE ENERGIA NA UFMG NOS DIAS 6 E 7 DE SETEMBRO<\/span><\/a><\/li>\n<li><a href=\"\/dti\/#ainformativo3\"><span class=\"titulo\">N&Uacute;MERO     DE ASSINANTES DE BANDA LARGA QUASE DOBRA EM UM ANO<\/span><\/a><\/li>\n<li><a href=\"\/dti\/#ainformativo4\"><span class=\"titulo\">ESCOLA DE     M&Uacute;SICA OFERECE CURSOS DE MUSICOTERAPIA<\/span><\/a><\/li>\n<li><a href=\"\/dti\/#ainformativo5\"><span class=\"titulo\">CLASSIFICADOS<\/span><\/a><\/li>\n<li><a href=\"\/dti\/#ainformativo6\"><img loading=\"lazy\" decoding=\"async\" src=\"https:\/\/www.ufmg.br\/dti\/wp-content\/uploads\/imgs\/tudo_pixel.gif\" width=\"1\" height=\"8\" alt=\"\" border=\"0\"><br \/>    <span class=\"titulo\">H\u00e1 20 anos&#8230;<\/span><\/a><\/li>\n<\/ul>\n<\/div>\n<\/li>\n<li><a href=\"\/dti\/#eventos\">Eventos<\/a>\n<div class='submenuSistematico'>\n<ul>\n<li><a href=\"\/dti\/#aeventos1\"><span class=\"titulo\">SOCIAIS<\/span><\/a><\/li>\n<li><a href=\"\/dti\/#aeventos2\"><span class=\"titulo\">MEM&Oacute;RIA     FOTOGR&Aacute;FICA DO CECOM<\/span><\/a><\/li>\n<\/ul>\n<\/div>\n<\/li>\n<\/ul>\n<p> <a name='noticias'><\/a><\/p>\n<h4>Not\u00edcias<\/h4>\n<div class=\"centro-sistematico\">  <!-- noticias --> <\/p>\n<table border=\"0\" cellspacing=\"0\" cellpadding=\"0\">\n<tr>\n<td><\/td>\n<td><\/td>\n<\/tr>\n<p>  <!-- #BeginEditable \"materias\" -->   <\/p>\n<tr>\n<td align=\"LEFT\" valign=\"TOP\"><\/td>\n<td align=\"LEFT\" valign=\"TOP\"> <a name=\"anoticias1\"><span class=\"titulo\">CECOM PREPARA-SE     PARA REALIZA&Ccedil;&Atilde;O DE INVENT&Aacute;RIO DE BENS M&Oacute;VEIS<\/span><\/a>     <span class=\"texto\">     <\/p>\n<p>Conforme divulgado na &uacute;ltima edi&ccedil;&atilde;o de O Sistem&aacute;tico,      todas as unidades da universidade, sob a coordena&ccedil;&atilde;o do      DSG, est&atilde;o iniciando a execu&ccedil;&atilde;o do invent&aacute;rio      f&iacute;sico de bens m&oacute;veis de 2004 da UFMG.    <\/p>\n<p>O trabalho de invent&aacute;rio no CECOM ter&aacute; a participa&ccedil;&atilde;o      de todas as divis&otilde;es, sob a coordena&ccedil;&atilde;o da DAA      &#8211; Divis&atilde;o de Apoio Administrativo, e ter&aacute; as seguintes      etapas:    <\/p>\n<p>&#8211; Levantamento f&iacute;sico realizado pelos respons&aacute;veis pela      guarda: de 19 de agosto a 30 de outubro;<br \/>     &#8211; Ajustes no levantamento e emiss&atilde;o de novos Termos de Tombamento:      de 01 a 15 de novembro.    <\/p>\n<p>Durante estas etapas, a equipe da DAA necessitar&aacute; do apoio dos      respons&aacute;veis de cada divis&atilde;o do CECOM. Cada chefe de divis&atilde;o      ser&aacute; respons&aacute;vel pela guarda de seus bens. Todos os bens      dever&atilde;o ser localizados, identificados, relacionados e receber&atilde;o      etiquetas para indicar que passaram pelo processo de invent&aacute;rio.      Para que tudo isso possa ser feito, &eacute; imprescind&iacute;vel a      participa&ccedil;&atilde;o dos usu&aacute;rios dos bens, auxiliando      a DAA, se necess&aacute;rio, na localiza&ccedil;&atilde;o dos itens.<\/p>\n<p>    <\/span> <\/td>\n<\/tr>\n<tr>\n<td align=\"LEFT\" valign=\"TOP\"><\/td>\n<td align=\"LEFT\" valign=\"TOP\"> <a name=\"anoticias2\"><span class=\"titulo\">PERGAMUM     RECEBE INVESTIMENTO E AMPLIA ESPA&Ccedil;O PARA ARMAZENAMENTO<\/span><\/a>     <span class=\"texto\">     <\/p>\n<p>Em fevereiro desse ano, a UFMG adotou o sistema Pergamum para controle      de seu acervo bibliogr&aacute;fico. Para isso, foi adquirido e instalado      um servidor, utilizando o gerenciador de banco de dados Oracle, que      recebeu o mesmo nome do sistema. Devido ao grande volume de dados armazenados      pelo sistema, os discos existentes no servidor j&aacute; estavam se      mostrando insuficientes para atender &agrave;s demandas de salva de      seguran&ccedil;a e registro das altera&ccedil;&otilde;es efetuadas no      banco de dados.    <\/p>\n<p>Buscando solucionar este problema, a ATI providenciou a aquisi&ccedil;&atilde;o      de dois novos discos para esse servidor, os quais foram instalados e      configurados no &uacute;ltimo s&aacute;bado (21\/08). Com isso, o servidor      Pergamum passou a contar com a infra-estrutura de disco padr&atilde;o      dos demais servidores de SGBD gerenciados pelo CECOM, ou seja, um disco      para os dados, um para o registro de altera&ccedil;&otilde;es e outro      para a salva de seguran&ccedil;a.    <\/p>\n<p>A execu&ccedil;&atilde;o dos servi&ccedil;os de manuten&ccedil;&atilde;o      esteve a cargo dos funcion&aacute;rios Emerson Henrique Kfuri Pereira      e Ant&ocirc;nio Eust&aacute;quio Rodrigues, da DAC, e contou com o apoio      de Paulo Couto Lessa, da ATI, respons&aacute;vel pela aquisi&ccedil;&atilde;o      dos discos.    <\/p>\n<p>    <\/p>\n<p>    <\/span><\/td>\n<\/tr>\n<tr>\n<td align=\"LEFT\" valign=\"TOP\"><\/td>\n<td align=\"LEFT\" valign=\"TOP\"> <a name=\"anoticias3\"><span class=\"titulo\">PM COMEMORA     40 ANOS DE SUA &Aacute;REA DE RH<\/span><\/a> <span class=\"texto\">     <\/p>\n<p>A Diretoria de Recursos Humanos da Pol&iacute;cia Militar de Minas      Gerais (DRH\/PMMG) comemorou na &uacute;ltima semana 40 anos de sua exist&ecirc;ncia.    <\/p>\n<p>Na oportunidade, o Centro de Computa&ccedil;&atilde;o da UFMG, na pessoa      de seu vice-diretor, Gilmar Lima Guimar&atilde;es, foi homenageado como      importante &oacute;rg&atilde;o colaborador daquela diretoria.    <\/p>\n<p>O CECOM, h&aacute; mais de 10 anos, mant&eacute;m parceria com o Centro      de Recrutamento e Sele&ccedil;&atilde;o da DRH\/PMMG, atrav&eacute;s      da presta&ccedil;&atilde;o de diversos servi&ccedil;os de apoio ao processamento      de dados dos processos de sele&ccedil;&atilde;o de pessoal da PMMG.<\/p>\n<p>    <\/span>     <\/td>\n<\/tr>\n<tr>\n<td align=\"LEFT\" valign=\"TOP\"><\/td>\n<td align=\"LEFT\" valign=\"TOP\"> <a name=\"anoticias4\"><span class=\"titulo\">ADMINISTRADOR     DE REDES DA DIREITO PARTICIPA DE ATIVIDADES DA DRC<\/span><\/a> <span class=\"texto\">     <\/p>\n<p>A administa&ccedil;&atilde;o de redes das unidades da UFMG envolve      atividades que exigem conhecimentos sobre sistemas Linux e redes. Buscando      aprimorar-se nessa &aacute;rea, Rodrigo de Oliveira S&aacute;, administrador      de redes da Faculdade de Direito, est&aacute; participando das atividades      da DRC desde a &uacute;ltima segunda-feira, dia 23.    <\/p>\n<p>Rodrigo est&aacute; comparecendo ao CECOM no turno da manh&atilde;      e acompanha as atividades dos estagi&aacute;rios da divis&atilde;o.      Ele iniciou suas atividades na Escola como auxiliar de agente de inform&aacute;tica,      quando ainda era bolsista da Cruz Vermelha e seu treinamento incluiu      cursos oferecidos pelo CECOM e &#8220;Projeto e Implanta&ccedil;&atilde;o      de Redes&#8221;, oferecido pelo ICEx, atrav&eacute;s da FUNDEP.<\/p>\n<p>    <\/span>     <\/td>\n<\/tr>\n<tr>\n<td align=\"LEFT\" valign=\"TOP\"><\/td>\n<td align=\"LEFT\" valign=\"TOP\"> <a name=\"anoticias5\"><span class=\"titulo\">TEM IN&Iacute;CIO     HOJE A V REUNI&Atilde;O ANUAL UFMG JOVEM<\/span><\/a> <span class=\"texto\">     <\/p>\n<p>Tem in&iacute;cio hoje, dia 26, a V Reuni&atilde;o Anual UFMG Jovem,      com dezenas de atividades voltadas para o Ensino Fundamental, Ensino      M&eacute;dio e Profissionalizante, Professores, e ainda com a Feira      de Materiais Educacionais, todas com acesso livre e gratuito.    <\/p>\n<p>As atividades ser&atilde;o realizadas no Centro Pedag&oacute;gico,      Col&eacute;gio T&eacute;cnico, Faculdade de Educa&ccedil;&atilde;o e      Pra&ccedil;a de Servi&ccedil;os.    <\/p>\n<p>A programa&ccedil;&atilde;o completa do evento, que ser&aacute; encerrado      no dia 28\/08, pode ser acessada atrav&eacute;s do endere&ccedil;o <a href=\"http:\/\/www.ufmg.br\/jovem\">www.ufmg.br\/jovem<\/a>.<\/p>\n<p>    <\/span>     <\/td>\n<\/tr>\n<p>  <!-- #EndEditable -->  <\/table>\n<p> <!-- fim noticias --><\/div>\n<p><a name='informativo'><\/a><\/p>\n<h4>Informativo<\/h4>\n<div class=\"centro-sistematico\">  <!-- noticias --> <\/p>\n<table border=\"0\" cellspacing=\"0\" cellpadding=\"0\">\n<tr>\n<td><\/td>\n<td><\/td>\n<\/tr>\n<p>  <!-- #BeginEditable \"materias\" -->   <\/p>\n<tr>\n<td align=\"LEFT\" valign=\"TOP\"><\/td>\n<td align=\"LEFT\" valign=\"TOP\">\n<p><a name=\"ainformativo1\"><span class=\"titulo\">DICAS      DE SITES INTERESSANTES<\/span><br \/>     <\/a> <img loading=\"lazy\" decoding=\"async\" src=\"https:\/\/www.ufmg.br\/dti\/wp-content\/uploads\/imgs\/tudo_pixel.gif\" width=\"1\" height=\"20\" alt=\"\" border=\"0\"><span class=\"texto\">Adyrus,      o ca&ccedil;ador de sites, enviou as seguintes dicas:<br \/>     <\/span><\/p>\n<p><span class=\"texto\">&#8211; Baixe agora um exclusivo game de luta com os      her&oacute;is do anime <i>Cavaleiros do Zod&iacute;aco<\/i>. Seiya, Shiriu,      Hyoga e Shun est&atilde;o esperando por voc&ecirc;!!! O endere&ccedil;o      &eacute;: <a href=\"http:\/\/fliperama.ig.com.br\/\">http:\/\/fliperama.ig.com.br\/<\/a>.<br \/>     <\/span><\/p>\n<p><span class=\"texto\">&#8211; Uma p&aacute;gina divertida onde voc&ecirc; pode      brincar para valer &eacute; <i>Scholastic<\/i> (<a href=\"http:\/\/www.scholastic.com\/harry%20potter\/home.asp\">http:\/\/www.scholastic.com\/harry      potter\/home.asp<\/a>). S&atilde;o jogos para as crian&ccedil;as sobre      Harry Potter, al&eacute;m de ser recheada de bichinhos. Bom para a crian&ccedil;ada      que &eacute; f&atilde; do menino bruxo. &Eacute; s&oacute; clicar nos      links. (Site em Ingl&ecirc;s)<br \/>     <\/span><\/p>\n<p><span class=\"texto\">-Voc&ecirc; j&aacute; ouviu falar do basquete de      escrit&oacute;rio? &Eacute; um jogo muito legal e voc&ecirc; ficar&aacute;      algumas horas plugado para ver se acerta a lixeira. &Eacute; um &oacute;timo      passatempo e voc&ecirc; ir&aacute; se divertir pra valer. V&aacute;      at&eacute;<a href=\"http:\/\/www.sticky.tv\/game\/cyrkam_airtos\/index.html\">      http:\/\/www.sticky.tv\/game\/cyrkam_airtos\/index.html<\/a>. <br \/>     <\/span><\/p>\n<p><span class=\"texto\">&#8211; Este &eacute; um projeto que visualiza o mapa      do mundo que muitos tolos no mundo imaginam. Se voc&ecirc; puder ver      este mapa confortavelmente, voc&ecirc; &eacute; definitivamente um tolo      como algumas pessoas da Europa ou Estados Unidos que falam que a capital      do Brasil &eacute; Buenos Aires. Veja tudo isso em <a href=\"http:\/\/www.zen-style.com\/\">http:\/\/www.zen-style.com\/<\/a>.<br \/>     <\/span><\/p>\n<p><span class=\"texto\">&#8211; Se estiver pensando em fazer uma tatuagem ou      usar os s&iacute;mbolos chineses nas roupas, visite a p&aacute;gina      <a href=\"http:\/\/www.chinese-symbols.com\">http:\/\/www.chinese-symbols.com<\/a>.      S&atilde;o dezenas de s&iacute;mbolos para todos os momentos de sua      vida.<br \/>     <\/span><\/p>\n<p><span class=\"texto\">&#8211; Adoro ir ao cinema, mas eu n&atilde;o sabia que      tinha <i>Festival Internacional de Cinema Infantil<\/i>. A segunda edi&ccedil;&atilde;o      &eacute; uma sele&ccedil;&atilde;o especial de filmes. Ser&atilde;o      exibidos 10 filmes em salas de nove cidades brasileiras, no per&iacute;odo      de 24 de setembro a 5 de dezembro. Veja em <a href=\"http:\/\/www.festivaldecinemainfantil.com.br\">http:\/\/www.festivaldecinemainfantil.com.br<\/a>.      <br \/>     <\/span><\/p>\n<p><span class=\"texto\">&#8211; O projeto <i>Power<\/i> &eacute; um conceito art&iacute;stico,      uma mistura de rock com m&uacute;sica eletr&ocirc;nica &#8211; neste caso,      o Drum&#8217;n&#8217;Bass especificamente. A id&eacute;ia surgiu do cantor      Vinny (voz\/baixo) que, em seguida, resolveu montar uma banda para dar      in&iacute;cio ao projeto, chamando Renatinho Ribeiro (voz\/guitarra),      Diego Andrade (bateria) e Rodrigo Kuster (samplers\/teclados). O selo      T-Rec tamb&eacute;m foi integrado ao time, viabilizando o CD. Escolhido      o repert&oacute;rio, com hits como Is This Love, Jammin&#8217; e Waiting      in Vain, entre outros, come&ccedil;ou o processo de produ&ccedil;&atilde;o      e grava&ccedil;&atilde;o. O lan&ccedil;amento do CD Power Bob ser&aacute;      em julho de 2004. Al&eacute;m de Bob Marley, o projeto Power, com seu      conceito inovador, ter&aacute; seq&uuml;&ecirc;ncia com produtos como      Power Police e Power Led. Visite o endere&ccedil;o: <a href=\"http:\/\/www.t-rec.com.br\/menu.htm\">http:\/\/www.t-rec.com.br\/menu.htm<\/a>.<br \/>     <\/span><\/p>\n<p><span class=\"texto\">&#8211; O Plano Nacional de Educa&ccedil;&atilde;o estabelece      que Estados e munic&iacute;pios devem elaborar os seus pr&oacute;prios      planos de educa&ccedil;&atilde;o. Os planos tamb&eacute;m est&atilde;o      entre as metas do Marco de A&ccedil;&atilde;o de Dakar, acordo internacional      que define as diretrizes da educa&ccedil;&atilde;o para mais de 150      pa&iacute;ses. V&aacute; at&eacute; <a href=\"http:\/\/www.campanhaeducacao.org.br\/\">http:\/\/www.campanhaeducacao.org.br\/<\/a>.<br \/>     <\/span><\/p>\n<p><span class=\"texto\">&#8211; Na p&aacute;gina <i>The National Anthems<\/i>      (<a href=\"http:\/\/www.thenationalanthems.com\">http:\/\/www.thenationalanthems.com<\/a>)      voc&ecirc; vai encontrar as bandeiras e hinos de 192 pa&iacute;ses e      45 na&ccedil;&otilde;es. &Eacute; s&oacute; clicar no pa&iacute;s desejado      e conhecer o hino. Uma frase que tem em todas as p&aacute;ginas do site      &eacute;: &#8220;<i>Make love, not war!<\/i>&#8221; Pense nisso!!<br \/>     <\/span><\/p>\n<p><span class=\"texto\">&#8211; Os efeitos especiais propiciados pelo <i>Snap      Show<\/i> (<a href=\"http:\/\/www.snapshow.com.br\/\">http:\/\/www.snapshow.com.br\/<\/a>),      consistem em uma nova modalidade em decora&ccedil;&atilde;o com bal&otilde;es      de l&aacute;tex, utilizando estrutura pr&oacute;pria com redes espec&iacute;ficas.      A decora&ccedil;&atilde;o cont&eacute;m jogo de luzes e varredura luminosa      por controle eletr&ocirc;nico, desenvolvidos especialmente para decorar      e comandar um grande show, no melhor momento de sua festa, estourando      bal&otilde;es em sequ&ecirc;ncias programadas por um processo eletr&ocirc;nico      patenteado, lan&ccedil;ando chuva de prata, confetes, neve, brinquedos,      apitos, papel picado, p&eacute;talas de rosas, inclusive sorteando brindes      e tudo o mais que a imagina&ccedil;&atilde;o permitir. Para contratar,      &eacute; s&oacute; ligar (31) 3452-7391 e falar com Milton Castelo.      Vale a pena conferir!!<br \/>     <\/span><\/p>\n<p><span class=\"texto\">&#8211; Voc&ecirc; clica no endere&ccedil;o <a href=\"http:\/\/istoe.terra.com.br\/gentedinamica\/aniversario\/index.asp\">http:\/\/istoe.terra.com.br\/gentedinamica\/aniversario\/index.asp<\/a>:      vai aparecer um campo onde voc&ecirc; escreve o seu nome e a data em      que nasceu. Em seguida, clique em &#8220;<i>consultar<\/i>&#8221; e&#8230;      tcham! Aparecem as principais not&iacute;cias que eram manchete quando      voc&ecirc; nasceu, os filmes que estavam em cartaz e as m&uacute;sicas      que eram sucesso! Divirta-se!!! (Dica de Maria Helena, da DAA)<br \/>     <\/span><\/p>\n<p><span class=\"texto\">&#8211; Esta vale a pena guardar. Entre no site <a href=\"http:\/\/www.indekx.com\">http:\/\/www.indekx.com<\/a>      e clique sobre a bandeira do pa&iacute;s que desejar. Depois, clique      no jornal de sua prefer&ecirc;ncia. Ter&aacute; a edi&ccedil;&atilde;o      do referido jornal atualizada. Tem jornais de 29 pa&iacute;ses ao redor      do mundo e v&aacute;rios jornais do Brasil. (Dica de Adalberto Hempfling,      do IGC)<\/span><\/p>\n<p><span class=\"texto\"><br \/>     <\/span>    <\/p>\n<\/td>\n<\/tr>\n<tr>\n<td align=\"LEFT\" valign=\"TOP\"><\/td>\n<td align=\"LEFT\" valign=\"TOP\"><a name=\"ainformativo2\"><span class=\"titulo\">DESLIGAMENTO     DE ENERGIA NA UFMG NOS DIAS 6 E 7 DE SETEMBRO<\/span><\/a> <span class=\"texto\">     <\/p>\n<p>Nos dias 06 e 07 de setembro, a CEMIG efetuar&aacute; manuten&ccedil;&atilde;o      na rede de m&eacute;dia tens&atilde;o da UFMG. Esta interven&ccedil;&atilde;o      ser&aacute; feita em fun&ccedil;&atilde;o de s&eacute;rios riscos de      curto-circuito na citada rede.     <\/p>\n<p>O desligamento ocorrer&aacute; no dia 06, no hor&aacute;rio de 07:30      &agrave;s 13:30, e no dia 07, no hor&aacute;rio de 09:30 &agrave;s 13:30,      nas seguintes unidades: Posto de Gasolina, Imprensa Universit&aacute;ria,      Assufemg\/Pelego&#8217;s\/Sames, Escola de M&uacute;sica, Central de Manuten&ccedil;&atilde;o\/DPFO,      DSG, Escola de Belas Artes, Escola de Artes C&ecirc;nicas, Divis&atilde;o      de Transportes (DITRA), Horto\/&Aacute;reas Verdes.<\/p>\n<p>    <\/span> <\/td>\n<\/tr>\n<tr>\n<td align=\"LEFT\" valign=\"TOP\"><\/td>\n<td align=\"LEFT\" valign=\"TOP\"><a name=\"ainformativo3\"><span class=\"titulo\">N&Uacute;MERO     DE ASSINANTES DE BANDA LARGA QUASE DOBRA EM UM ANO<\/span><\/a> <span class=\"texto\">     <\/p>\n<p>O <i>Globo Online<\/i> divulgou, no dia 19\/08\/2004, not&iacute;cia sobre      &#8220;<i>N&uacute;mero de assinantes de banda larga quase dobra em um      ano<\/i>&#8221;, transcrita a seguir:    <\/p>\n<p>Encerrado o primeiro semestre deste ano, Telemar, Telef&ocirc;nica      e Brasil Telecom tinham juntas 1,3 milh&atilde;o de assinantes do servi&ccedil;o      por banda larga. Em compara&ccedil;&atilde;o com os seis primeiros meses      de 2003, esse n&uacute;mero representa um aumento de 96%, de acordo      com levantamento feito pela corretora Fator. Se depender das operadoras,      esse n&uacute;mero deve subir ainda mais rapidamente. De acordo com      a analista da Brascan Roberta Kosaka, essas operadoras est&atilde;o      destinando boa parte de seus investimentos &agrave; amplia&ccedil;&atilde;o      da oferta de acesso r&aacute;pido &agrave; internet, o ADSL. <br \/>     &#8211; A assinatura de um acesso por banda larga &eacute;, em m&eacute;dia,      tr&ecirc;s vezes mais cara que a assinatura de uma linha convencional      e tem uma margem de lucro maior. Como toda infra-estrutura da rede j&aacute;      est&aacute; pronta, o investimento necess&aacute;rio para expandir a      oferta &eacute; relativamente pequeno &#8211; diz Roberta. <br \/>     A analista ainda explica que, dessa forma, a operadora troca a receita      vari&aacute;vel dos pulsos do acesso convencional, tipo dial-up, por      uma receita fixa. O servi&ccedil;o ainda seria importante na fideliza&ccedil;&atilde;o      do cliente, garante a analista. Uma vez instalado, ele ajudaria a proteger      a carteira de clientes diante de um eventual concorrente, a Embratel,      por exemplo. Essa empresa tamb&eacute;m deve receber bons aportes da      Telmex, sua nova controladora, e entrar na disputa pela transmiss&atilde;o      de dados em alta velocidade. <br \/>     Para Roberta, a elevada taxa de crescimento de banda larga ocorre porque      se trata de um servi&ccedil;o novo, com uma base de clientes ainda pequena.      A tend&ecirc;ncia &eacute; uma redu&ccedil;&atilde;o da taxa de crescimento,      em um prazo de dois anos. <br \/>     &#8211; Por ser um servi&ccedil;o caro e por ter a limita&ccedil;&atilde;o      de precisar de um computador para funcionar, o ADSL nunca ter&aacute;      a mesma penetra&ccedil;&atilde;o que a telefonia m&oacute;vel, por exemplo      &#8211; afirma a analista. <br \/>     De qualquer forma, ela estima que as receitas de ADSL possam representar      de 10% a 12% do faturamento das operadoras em longo prazo. &Eacute;      pensando tamb&eacute;m nisso que as empresas de telefonia est&atilde;o      aumentando a oferta do produto em sua &aacute;rea de cobertura. Em alguns      pa&iacute;ses, como a Cor&eacute;ia do Sul, a penetra&ccedil;&atilde;o      deste tipo de servi&ccedil;o &eacute; de 80%, afirma Wellerson Leite,      diretor de banda larga da Telemar. <br \/>     &#8211; No Brasil, ela est&aacute; em torno de 3%. Ainda h&aacute; muito espa&ccedil;o      para crescer &#8211; afirma o executivo, acrescentando que a &aacute;rea &eacute;      priorit&aacute;ria para a empresa. <br \/>     De acordo com ele, uma parcela significativa dos investimentos da empresa      ser&aacute; destinada a este segmento. Em junho, a operadora tinha 345      mil assinantes de banda larga, n&uacute;mero 306% maior do que o registrado      em junho de 2003. Segundo Leite, este n&uacute;mero agora est&aacute;      pr&oacute;ximo dos 400 mil e deve chegar a 450 mil, at&eacute; o final      do ano. <br \/>     &#8211; O crescimento tanto pode vir de um aumento da renda quanto da maior      oferta do produto. A meta &eacute; fechar 2004 oferecendo o produto      em cerca de 160 cidades &#8211; afirma. <br \/>     Na Brasil Telecom, o servi&ccedil;o j&aacute; est&aacute; presente em      600 cidades. No come&ccedil;o do ano, estava dispon&iacute;vel em cerca      de 300. <br \/>     &#8211; Apostamos na expans&atilde;o para manter o crescimento do segmento,      que &eacute; priorit&aacute;rio para a empresa &#8211; afirma Ildeu Borges,      gerente de banda larga da operadora. <br \/>     O balan&ccedil;o da Brasil Telecom informa que, em junho, a empresa      tinha 383 mil assinantes de banda larga, praticamente o dobro em compara&ccedil;&atilde;o      com o mesmo m&ecirc;s de 2003. Em S&atilde;o Paulo, o servi&ccedil;o      banda larga da Telef&ocirc;nica tem 30% do mercado de internet, de acordo      com dados da empresa. O n&uacute;mero de assinantes aumenta em m&eacute;dia      50% ao ano. Em junho, eles somavam 605,5 mil. Este m&ecirc;s, a operadora      j&aacute; conta com 640 mil assinantes. A previs&atilde;o &eacute; chegar      em dezembro com 825 mil clientes, 70% superior ao de 2003. <br \/>     De acordo com a corretora Fator, a operadora deve investir R$ 1,4 bilh&atilde;o      em 2004 e este montante ser&aacute; basicamente direcionado ao aumento      de capacidade dos servi&ccedil;os de ADSL, longa dist&acirc;ncia e de      valor adicionado, como linhas inteligentes. <br \/>     Entre as empresas de TV por assinatura, Net e TVA s&atilde;o as principais      fornecedoras de acesso por banda larga. Em junho deste ano, cada uma      tinha, respectivamente, 131 mil e 25 mil assinantes. Um levantamento      feito pela Associa&ccedil;&atilde;o Brasileira de Televis&atilde;o por      Assinatura mostrou que o segmento alcan&ccedil;ou 269.861 assinantes      em junho deste ano, 33% a mais do que em dezembro passado. Hoje, ele      j&aacute; responde por 5% do faturamento das TVs por assinatura. <br \/>     Al&eacute;m de apostar no crescimento da banda larga, at&eacute; junho      de 2005, as tev&ecirc;s por assinatura v&atilde;o agregar mais servi&ccedil;os      ao produto principal, como o voz sobre IP, que tendem a ser no futuro      um concorrente direto da telefonia fixa convencional. No lugar de acoplar      o telefone &agrave; rede da operadora de telefonia fixa, o consumidor      poder&aacute; ligar seu telefone ao cabo da tev&ecirc;. Com isso, a      tarifa, que &eacute; cobrada por minuto hoje, poder&aacute; ser transformada      num valor fixo.<\/p>\n<p>    <\/p>\n<p>    <\/span> <\/td>\n<\/tr>\n<tr>\n<td align=\"LEFT\" valign=\"TOP\"><\/td>\n<td align=\"LEFT\" valign=\"TOP\"><a name=\"ainformativo4\"><span class=\"titulo\">ESCOLA DE     M&Uacute;SICA OFERECE CURSOS DE MUSICOTERAPIA<\/span><\/a> <span class=\"texto\">     <\/p>\n<p>A Escola de M&uacute;sica da UFMG vai oferecer, a partir de setembro,      os seguintes cursos de musicoterapia:    <\/p>\n<p>1) &#8220;<i>Musicoterapia na Neurologia &#8211; uma abordagem multidisciplinar<\/i>&#8221;:      Destinado a profissionais e estudantes da &aacute;rea da Sa&uacute;de:      Terapia Ocupacional, Fisioterapia, Fonoaudiologia, Psicologia, Educa&ccedil;&atilde;o      F&iacute;sica e Medicina<br \/>     Matr&iacute;culas: at&eacute; 13\/09\/2004 na FUNDEP, fone: 3499-4220.      In&iacute;cio e t&eacute;rmino das aulas: de 14\/09\/04 a 21\/12\/2004.      Hor&aacute;rio: ter&ccedil;as-feiras, das 18:30 &agrave;s 21:30. Carga      Hor&aacute;ria: 51h\/a. Professores: Cybelle Loureiro (Musicoterapia      na Neurologia), Jussara Fernandino (Sensibiliza&ccedil;&atilde;o Musical)      e Marilene Trotta (Oficina de Performance).<br \/>     O curso ainda oferece 3 semin&aacute;rios (datas a marcar), com professores      das &aacute;reas da sa&uacute;de e m&uacute;sica.    <\/p>\n<p>2) &#8220;<i>Musicoterapia na Educa&ccedil;&atilde;o Especial: uma abordagem      interdisciplinar<\/i>&#8221; &#8211;<i> M&oacute;dulo II<\/i>: Destinado a profissionais      e estudantes das &aacute;reas da Educa&ccedil;&atilde;o, da M&uacute;sica      e Sa&uacute;de: professores, profissionas na &aacute;rea da sa&uacute;de,      estagi&aacute;rios na Pr&eacute;-Escola e Ensino Fundamental interessados      na &#8220;Utiliza&ccedil;&atilde;o da M&uacute;sica na Escola&#8221; e      para instrumentistas e educadores musicais interessados na &#8220;Inicia&ccedil;&atilde;o      e Educa&ccedil;&atilde;o Musical Especial&#8221;. Professora: Cybelle      Loureiro, Bacharel em M&uacute;sica; Musicoterapeuta pela Universidade      de Iowa, EUA.<br \/>     O curso ainda oferece 3 semin&aacute;rios (datas a marcar), com professores      das &aacute;reas da sa&uacute;de e m&uacute;sica.<br \/>     O M&oacute;dulo II n&atilde;o tem inscri&ccedil;&atilde;o. Matr&iacute;culas:      at&eacute; 06\/09\/2004, na FUNDEP. Hor&aacute;rios: Quartas-feiras, das      18:30 &agrave;s 21:30. In&iacute;cio e t&eacute;rmino das aulas: de      08\/09 a 15\/12\/2004.    <\/p>\n<p>Maiores informa&ccedil;&otilde;es poder&atilde;o ser obtidas no Cenex      da Escola de M&uacute;sica da UFMG, telefone 3499-4715, ou na FUNDEP,      telefone 3499-4220.<\/p>\n<p>    <\/p>\n<p>    <\/span> <\/td>\n<\/tr>\n<tr>\n<td align=\"LEFT\" valign=\"TOP\"><\/td>\n<td align=\"LEFT\" valign=\"TOP\"><a name=\"ainformativo5\"><span class=\"titulo\">CLASSIFICADOS<\/span><\/a>     <span class=\"texto\">     <\/p>\n<p>Vende-se filhotes da ra&ccedil;a Labrador, com pedigree. F&ecirc;meas      e machos, pretos e chocolate. Pai campe&atilde;o. Tratar com Denise,      atrav&eacute;s do telefone 9903-3633.    <\/p>\n<p align=\"center\"><img loading=\"lazy\" decoding=\"async\" src=\"https:\/\/www.ufmg.br\/dti\/wp-content\/uploads\/fotos\/filhote_labrador_denise_rosto.jpg\" width=\"180\" height=\"151\">     <\/p>\n<p>    <\/p>\n<p>    <\/span> <\/td>\n<\/tr>\n<p>  <!-- #EndEditable -->  <\/table>\n<p> <!-- fim noticias --> <!-- tabela ha 20 anos --> <\/p>\n<table border=\"0\" cellspacing=\"0\" cellpadding=\"0\" class=\"cinza\">\n<tr>\n<td><img loading=\"lazy\" decoding=\"async\" src=\"https:\/\/www.ufmg.br\/dti\/wp-content\/uploads\/imgs\/tudo_pixel.gif\" width=\"1\" height=\"1\" alt=\"\" border=\"0\"><\/td>\n<td><img loading=\"lazy\" decoding=\"async\" src=\"https:\/\/www.ufmg.br\/dti\/wp-content\/uploads\/imgs\/tudo_pixel.gif\" width=\"19\" height=\"1\" alt=\"\" border=\"0\"><\/td>\n<td><img loading=\"lazy\" decoding=\"async\" src=\"https:\/\/www.ufmg.br\/dti\/wp-content\/uploads\/imgs\/tudo_pixel.gif\" width=\"510\" height=\"1\" alt=\"\" border=\"0\"><\/td>\n<td><img loading=\"lazy\" decoding=\"async\" src=\"https:\/\/www.ufmg.br\/dti\/wp-content\/uploads\/imgs\/tudo_pixel.gif\" width=\"19\" height=\"1\" alt=\"\" border=\"0\"><\/td>\n<td><img loading=\"lazy\" decoding=\"async\" src=\"https:\/\/www.ufmg.br\/dti\/wp-content\/uploads\/imgs\/tudo_pixel.gif\" width=\"1\" height=\"1\" alt=\"\" border=\"0\"><\/td>\n<\/tr>\n<tr>\n<td class=\"vermelho\" colspan=\"5\"><img loading=\"lazy\" decoding=\"async\" src=\"https:\/\/www.ufmg.br\/dti\/wp-content\/uploads\/imgs\/tudo_pixel.gif\" width=\"1\" height=\"1\" alt=\"\" border=\"0\"><\/td>\n<\/tr>\n<tr>\n<td class=\"vermelho\"><img loading=\"lazy\" decoding=\"async\" src=\"https:\/\/www.ufmg.br\/dti\/wp-content\/uploads\/imgs\/tudo_pixel.gif\" width=\"1\" height=\"1\" alt=\"\" border=\"0\"><\/td>\n<td><img loading=\"lazy\" decoding=\"async\" src=\"https:\/\/www.ufmg.br\/dti\/wp-content\/uploads\/imgs\/tudo_pixel.gif\" width=\"1\" height=\"1\" alt=\"\" border=\"0\"><\/td>\n<td align=\"LEFT\" valign=\"TOP\"><!-- #BeginEditable \"ha%2020%20anos\" --><a name=\"ainformativo6\"><img loading=\"lazy\" decoding=\"async\" src=\"https:\/\/www.ufmg.br\/dti\/wp-content\/uploads\/imgs\/tudo_pixel.gif\" width=\"1\" height=\"8\" alt=\"\" border=\"0\"><br \/>    <span class=\"titulo\">H\u00e1 20 anos&#8230;<\/span><\/a> <span class=\"texto\">     <\/p>\n<p>O Sistem&aacute;tico Ano VIII, n&ordm; 22, de 23\/08\/1984, publicou      not&iacute;cias sobre inscri&ccedil;&otilde;es ao curso Cobol do Facom,      encerramento do curso de Fortran oferecido aos alunos de Engenharia      Mec&acirc;nica e Aeron&aacute;utica da UFMG, visitantes no CECOM e a      se&ccedil;&atilde;o &#8220;<i>Um Pouco de N&oacute;s<\/i>&#8221; com a      morte do operador Reinaldo Duarte Barcellos, entre outras. A not&iacute;cia      que se destacou foi:<\/p>\n<p><b>PROGRAMA DE TREINAMENTO DO CECOM<\/b><br \/>     <font face=\"1\">O treinamento que vai ser oferecido aos funcion&aacute;rios      do Setor de Controle de Produ&ccedil;&atilde;o j&aacute; est&aacute;      com data marcada, sendo que a programa&ccedil;&atilde;o &eacute; a seguinte:<br \/>     . CP\/M &#8211; Sistema Operacional do S!D 3000. Instrutor: Carlos Alfeu Furtado      da Fonseca. Carga hor&aacute;ria: 4 horas.<br \/>     dias: 27\/08 &#8211; de 9 &agrave;s 11 h<br \/>     29\/08 &#8211; de 13 &agrave;s 15 h<br \/>     . Editor de Textos &#8211; Instrutor: Carlos Alfeu Furtado da Fonseca. Carga      hor&aacute;ria: 8 horas.<br \/>     dias: 31\/08 &#8211; de 13 &agrave;s 15 h<br \/>     03\/09 &#8211; de 9 &agrave;s 11 h<br \/>     05\/09 &#8211; de 13 &agrave;s 15 h<br \/>     06\/09 &#8211; de 9 &agrave;s 11 h<br \/>     . TVA &#8211; Instrutora: Aleixina Maria Lopes Andal&eacute;cio. <br \/>     A data do TVA ainda n&atilde;o foi confirmada.<\/font><\/p>\n<p>    <\/span><!-- #EndEditable --><br \/>     <img loading=\"lazy\" decoding=\"async\" src=\"https:\/\/www.ufmg.br\/dti\/wp-content\/uploads\/imgs\/tudo_pixel.gif\" width=\"1\" height=\"8\" alt=\"\" border=\"0\">    <\/td>\n<td><img loading=\"lazy\" decoding=\"async\" src=\"https:\/\/www.ufmg.br\/dti\/wp-content\/uploads\/imgs\/tudo_pixel.gif\" width=\"1\" height=\"1\" alt=\"\" border=\"0\"><\/td>\n<td class=\"vermelho\"><img loading=\"lazy\" decoding=\"async\" src=\"https:\/\/www.ufmg.br\/dti\/wp-content\/uploads\/imgs\/tudo_pixel.gif\" width=\"1\" height=\"1\" alt=\"\" border=\"0\"><\/td>\n<\/tr>\n<tr>\n<td class=\"vermelho\" colspan=\"5\"><img loading=\"lazy\" decoding=\"async\" src=\"https:\/\/www.ufmg.br\/dti\/wp-content\/uploads\/imgs\/tudo_pixel.gif\" width=\"1\" height=\"1\" alt=\"\" border=\"0\"><\/td>\n<\/tr>\n<\/table>\n<p> <!-- fim tabela ha 20 anos --><\/div>\n<p><a name='eventos'><\/a><\/p>\n<h4>Eventos<\/h4>\n<div class=\"centro-sistematico\">  <!-- noticias --> <\/p>\n<table border=\"0\" cellspacing=\"0\" cellpadding=\"0\">\n<tr>\n<td><\/td>\n<td><\/td>\n<\/tr>\n<p>  <!-- #BeginEditable \"materias\" -->   <\/p>\n<tr>\n<td align=\"LEFT\" valign=\"TOP\"><\/td>\n<td align=\"LEFT\" valign=\"TOP\"> <a name=\"aeventos1\"><span class=\"titulo\">SOCIAIS<\/span><\/a>     <span class=\"texto\">     <\/p>\n<p><b>ANIVERS&Aacute;RIOS: <\/b><i>&#8220;O Sistem&aacute;tico&#8221; envia      os parab&eacute;ns para Maria Beatriz de Souza Pereira Prado, no dia      28; Eliz&acirc;ngela de Souza Prado, no dia 1&ordm; de setembro; e Edir      Cabral de Lacerda Ferreira, no dia 02. Os parab&eacute;ns para os ex-ceconianos:      Francimara Teixeira Garcia, no dia 29; Andr&eacute; Maur&iacute;cio      Lopes da Gama Cerqueira e M&eacute;rcia Aparecida Lemos, no dia 31.<\/i><\/p>\n<p>    <\/span> <\/td>\n<\/tr>\n<tr>\n<td align=\"LEFT\" valign=\"TOP\"><\/td>\n<td align=\"LEFT\" valign=\"TOP\"><a name=\"aeventos2\"><span class=\"titulo\">MEM&Oacute;RIA     FOTOGR&Aacute;FICA DO CECOM<\/span><\/a> <span class=\"texto\">     <\/p>\n<p>O Sistem&aacute;tico j&aacute; publicou algumas fotos da 2a Caravana      da Coragem (Edi&ccedil;&atilde;o 1108 &#8211; 25\/04\/2002), a segunda viagem      dos ceconianos, organizada no dia 17 de junho de 1990, ao s&iacute;tio      da Nilza e do Lara, localizado no povoado de nome Costa, depois da cidade      de Par&aacute; de Minas. A sa&iacute;da ocorreu no Terminal JK, num      &ocirc;nibus fretado para a aventura. Para que todos se lembrem, l&aacute;      estiveram: Le&atilde;o e fam&iacute;lia, Eucl&iacute;dia e filhos, Adriana      Leonel e Clarinha, Z&eacute;du e fam&iacute;lia, Jo&atilde;o e fam&iacute;lia,      B&aacute;rbara e Marcelo, Xina e Marina, Cant&iacute;dio, Alexandre      Castor e namorada, Jac&oacute; e Lel&eacute;, Carlinhos e Val&eacute;ria,      Rog&eacute;rio e Nize, William, Lurdinha, Beatriz Perrela, Regininha      e Renatinha, M&aacute;rio, Gila e sua av&oacute;, D. Delourdes.    <\/p>\n<p>As fotos s&atilde;o de autoria da Lel&eacute; e da Nilza.    <\/p>\n<p align=\"center\"><img loading=\"lazy\" decoding=\"async\" src=\"https:\/\/www.ufmg.br\/dti\/wp-content\/uploads\/fotos\/caravana_cecom_sis_26082004(8).jpg\" width=\"352\" height=\"228\">      <br \/>     <em><font face=\"1\">Zed&uacute; e      sua filha Em&iacute;lia posando ao lado da faixa<\/font><\/em> <em><font face=\"1\">da      Caravana da Coragem<br \/>     <\/font><\/em><\/p>\n<p align=\"center\"><em><font face=\"1\"><img loading=\"lazy\" decoding=\"async\" src=\"https:\/\/www.ufmg.br\/dti\/wp-content\/uploads\/fotos\/caravana_cecom_sis_26082004%20(4).jpg\" width=\"233\" height=\"352\"><br \/>     Em&iacute;lia, filha do Zed&uacute;<br \/>     <\/font><\/em><\/p>\n<p align=\"center\"><em><font face=\"1\"><img loading=\"lazy\" decoding=\"async\" src=\"https:\/\/www.ufmg.br\/dti\/wp-content\/uploads\/fotos\/caravana_cecom_sis_26082004.jpg\" width=\"352\" height=\"233\"><br \/>     Isa, tia da T&acirc;nia, e Lel&eacute;. Ao fundo, Clarinha, filha da      Adriana Leonel<br \/>     <\/font><\/em><\/p>\n<p align=\"center\"><em><font face=\"1\"><img loading=\"lazy\" decoding=\"async\" src=\"https:\/\/www.ufmg.br\/dti\/wp-content\/uploads\/fotos\/caravana_cecom_sis_26082004%20(5).jpg\" width=\"352\" height=\"233\"><br \/>     Marcelo e B&aacute;rbara<br \/>     <\/font><\/em><\/p>\n<p align=\"center\"><em><font face=\"1\"><img loading=\"lazy\" decoding=\"async\" src=\"https:\/\/www.ufmg.br\/dti\/wp-content\/uploads\/fotos\/caravana_cecom_sis_26082004%20(3).jpg\" width=\"233\" height=\"352\"><br \/>     Cant&iacute;dio e a quantidade de laranjas que apanhou no <br \/>     pomar<br \/>     <\/font><\/em><\/p>\n<p align=\"center\"><em><font face=\"1\"><img loading=\"lazy\" decoding=\"async\" src=\"https:\/\/www.ufmg.br\/dti\/wp-content\/uploads\/fotos\/caravana_cecom_sis_26082004%20(6).jpg\" width=\"352\" height=\"233\"><br \/>     Renatinha (filha da Regininha), Clarinha (filha da Adriana Leonel)<br \/>     e Em&iacute;lia (filha do Le&atilde;o)<br \/>     <\/font><\/em><\/p>\n<p align=\"center\"><em><font face=\"1\"><img loading=\"lazy\" decoding=\"async\" src=\"https:\/\/www.ufmg.br\/dti\/wp-content\/uploads\/fotos\/caravana_cecom_sis_26082004%20(7).jpg\" width=\"352\" height=\"233\"><br \/>     Uma pose na hora de ir embora: Zed&uacute;, Lel&eacute;, D. Delourdes      (av&oacute; da Gila), <br \/>     Gila, Jo&atilde;ozinho, Ana Fl&aacute;via, K&aacute;ssia e Mariozinho<br \/>     <\/font><\/em><\/p>\n<p align=\"center\"><em><font face=\"1\"><img loading=\"lazy\" decoding=\"async\" src=\"https:\/\/www.ufmg.br\/dti\/wp-content\/uploads\/fotos\/caravana_cecom_sis_26082004%20(9).jpg\" width=\"228\" height=\"352\">      <br \/>     A dona do s&iacute;tio, Nilza<br \/>     <\/font><\/em><\/p>\n<p>&nbsp;<\/p>\n<p>    <\/span>    <\/td>\n<\/tr>\n<p>  <!-- #EndEditable -->  <\/table>\n<p> <!-- fim noticias --><\/div>\n","protected":false},"excerpt":{"rendered":"<p>Not\u00edcias CECOM PREPARA-SE PARA REALIZA&Ccedil;&Atilde;O DE INVENT&Aacute;RIO DE BENS M&Oacute;VEIS PERGAMUM RECEBE INVESTIMENTO E AMPLIA ESPA&Ccedil;O PARA ARMAZENAMENTO PM COMEMORA 40 ANOS DE SUA &Aacute;REA DE RH ADMINISTRADOR DE REDES DA DIREITO PARTICIPA DE ATIVIDADES DA DRC TEM IN&Iacute;CIO HOJE A V REUNI&Atilde;O ANUAL UFMG JOVEM Informativo DICAS DE SITES INTERESSANTES DESLIGAMENTO DE ENERGIA NA &#8230; <a title=\"Sistem\u00e1tico: Edi\u00e7\u00e3o 1217 &#8211; 26\/08\/2004\" class=\"read-more\" href=\"https:\/\/www.ufmg.br\/dti\/2004\/08\/26\/sistematico-edicao-1217-26082004\/\" aria-label=\"Read more about Sistem\u00e1tico: Edi\u00e7\u00e3o 1217 &#8211; 26\/08\/2004\">Ler mais<\/a><\/p>\n","protected":false},"author":3,"featured_media":0,"comment_status":"open","ping_status":"open","sticky":false,"template":"","format":"standard","meta":{"inline_featured_image":false,"footnotes":""},"categories":[13],"tags":[],"coauthors":[79],"class_list":["post-1410","post","type-post","status-publish","format-standard","hentry","category-sistematico"],"_links":{"self":[{"href":"https:\/\/www.ufmg.br\/dti\/wp-json\/wp\/v2\/posts\/1410","targetHints":{"allow":["GET"]}}],"collection":[{"href":"https:\/\/www.ufmg.br\/dti\/wp-json\/wp\/v2\/posts"}],"about":[{"href":"https:\/\/www.ufmg.br\/dti\/wp-json\/wp\/v2\/types\/post"}],"author":[{"embeddable":true,"href":"https:\/\/www.ufmg.br\/dti\/wp-json\/wp\/v2\/users\/3"}],"replies":[{"embeddable":true,"href":"https:\/\/www.ufmg.br\/dti\/wp-json\/wp\/v2\/comments?post=1410"}],"version-history":[{"count":0,"href":"https:\/\/www.ufmg.br\/dti\/wp-json\/wp\/v2\/posts\/1410\/revisions"}],"wp:attachment":[{"href":"https:\/\/www.ufmg.br\/dti\/wp-json\/wp\/v2\/media?parent=1410"}],"wp:term":[{"taxonomy":"category","embeddable":true,"href":"https:\/\/www.ufmg.br\/dti\/wp-json\/wp\/v2\/categories?post=1410"},{"taxonomy":"post_tag","embeddable":true,"href":"https:\/\/www.ufmg.br\/dti\/wp-json\/wp\/v2\/tags?post=1410"},{"taxonomy":"author","embeddable":true,"href":"https:\/\/www.ufmg.br\/dti\/wp-json\/wp\/v2\/coauthors?post=1410"}],"curies":[{"name":"wp","href":"https:\/\/api.w.org\/{rel}","templated":true}]}}