{"id":1441,"date":"2003-12-18T08:00:00","date_gmt":"2003-12-18T08:00:00","guid":{"rendered":"https:\/\/www.ufmg.br\/dti\/cecom\/?p=1441"},"modified":"2003-12-18T08:00:00","modified_gmt":"2003-12-18T08:00:00","slug":"sistematico-edicao-1186-18122003","status":"publish","type":"post","link":"https:\/\/www.ufmg.br\/dti\/2003\/12\/18\/sistematico-edicao-1186-18122003\/","title":{"rendered":"Sistem\u00e1tico: Edi\u00e7\u00e3o 1186 &#8211; 18\/12\/2003"},"content":{"rendered":"<ul>\n<li><a href=\"\/dti\/#noticias\">Not\u00edcias<\/a>\n<div class='submenuSistematico'>\n<ul>\n<li><a href=\"\/dti\/#anoticias1\"><span class=\"titulo\">CECOM DIVULGA     ESTAT&Iacute;STICAS DE ACESSO AO RESULTADO DO VESTIBULAR<\/span><\/a><\/li>\n<li><a href=\"\/dti\/#anoticias2\"><span class=\"titulo\">DRC CONCLUI     ATUALIZA&Ccedil;&Atilde;O DA CENTRAL TELEF&Ocirc;NICA<\/span><\/a><\/li>\n<li><a href=\"\/dti\/#anoticias3\"><span class=\"titulo\">PUBLICADA     A APOSENTADORIA DE H&Eacute;LIO TEIXEIRA<\/span><\/a><\/li>\n<\/ul>\n<\/div>\n<\/li>\n<li><a href=\"\/dti\/#informativo\">Informativo<\/a>\n<div class='submenuSistematico'>\n<ul>\n<li><a href=\"\/dti\/#ainformativo1\"><span class=\"titulo\">MENSAGEM      DA ATI E DO CECOM PARA TODOS<\/span><br \/>     <\/a><\/li>\n<li><a href=\"\/dti\/#ainformativo2\"><span class=\"titulo\">MENSAGEM     DE O SISTEM&Aacute;TICO<\/span><\/a><\/li>\n<li><a href=\"\/dti\/#ainformativo3\"><span class=\"titulo\">DICAS DE     SITES INTERESSANTES<\/span><\/a><\/li>\n<li><a href=\"\/dti\/#ainformativo4\"><span class=\"titulo\">MENSAGEM     DE AGRADECIMENTO<\/span><\/a><\/li>\n<li><a href=\"\/dti\/#ainformativo5\"><img loading=\"lazy\" decoding=\"async\" src=\"https:\/\/www.ufmg.br\/dti\/wp-content\/uploads\/imgs\/tudo_pixel.gif\" width=\"1\" height=\"8\" alt=\"\" border=\"0\"><br \/>    <span class=\"titulo\">H\u00e1 20 anos&#8230;<\/span><\/a><\/li>\n<\/ul>\n<\/div>\n<\/li>\n<li><a href=\"\/dti\/#eventos\">Eventos<\/a>\n<div class='submenuSistematico'>\n<ul>\n<li><a href=\"\/dti\/#aeventos1\"><span class=\"titulo\">FESTA DE     NATAL DO CECOM SER&Aacute; REALIZADA HOJE<\/span><\/a><\/li>\n<li><a href=\"\/dti\/#aeventos2\"><span class=\"titulo\">CECOM SE     PREPARA PARA O NATAL 2003<\/span><\/a><\/li>\n<li><a href=\"\/dti\/#aeventos3\"><span class=\"titulo\">SOCIAIS<\/span><\/a><\/li>\n<\/ul>\n<\/div>\n<\/li>\n<\/ul>\n<p> <a name='noticias'><\/a><\/p>\n<h4>Not\u00edcias<\/h4>\n<div class=\"centro-sistematico\">  <!-- noticias --> <\/p>\n<table border=\"0\" cellspacing=\"0\" cellpadding=\"0\">\n<tr>\n<td><\/td>\n<td><\/td>\n<\/tr>\n<p>  <!-- #BeginEditable \"materias\" -->   <\/p>\n<tr>\n<td align=\"LEFT\" valign=\"TOP\"><\/td>\n<td align=\"LEFT\" valign=\"TOP\"> <a name=\"anoticias1\"><span class=\"titulo\">CECOM DIVULGA     ESTAT&Iacute;STICAS DE ACESSO AO RESULTADO DO VESTIBULAR<\/span><\/a> <span class=\"texto\">     <\/p>\n<p>Durante cerca de uma semana, cobrindo os dias anteriores e posteriores      ao momento de libera&ccedil;&atilde;o do resultado da primeira etapa,      a equipe da DAC acumulou dados que permitissem avaliar o volume de acesso      feito aos tr&ecirc;s servidores que compuseram a infra-estrutura de      atendimento ao site da universidade, no endere&ccedil;o <i>www.ufmg.br<\/i>.<\/p>\n<p>O volume de <i>hits<\/i> ocorridos no dia 10 de dezembro, dia da divulga&ccedil;&atilde;o      do resultado, foi cerca de 3 vezes maior que a m&eacute;dia di&aacute;ria      habitual. Vendo o gr&aacute;fico abaixo, pode-se observar como o interesse      pelos dados relacionados ao Vestibular incrementou o volume de acesso      ao site.<\/p>\n<p><img loading=\"lazy\" decoding=\"async\" src=\"https:\/\/www.ufmg.br\/dti\/wp-content\/uploads\/imgs\/acesso_ufmgdez2003_cor.gif\" width=\"530\" height=\"301\"><\/p>\n<p>Os <i>hits<\/i> acima indicados simbolizam acessos a imagens gr&aacute;ficas,      textos html, aplica&ccedil;&otilde;es de consulta a resultados e arquivos      etc., sendo que uma &uacute;nica pessoa pode disparar diversos <i>hits<\/i>      em um simples acesso a uma das p&aacute;ginas do site. Desta forma,      o que vale na leitura do gr&aacute;fico &eacute;, principalmente, a      percep&ccedil;&atilde;o do acr&eacute;scimo de carga de consulta &agrave;      infra-estrutura existente.<\/p>\n<p>    <\/span> <\/td>\n<\/tr>\n<tr>\n<td align=\"LEFT\" valign=\"TOP\"><\/td>\n<td align=\"LEFT\" valign=\"TOP\"> <a name=\"anoticias2\"><span class=\"titulo\">DRC CONCLUI     ATUALIZA&Ccedil;&Atilde;O DA CENTRAL TELEF&Ocirc;NICA<\/span><\/a> <span class=\"texto\">     <\/p>\n<p>No &uacute;ltimo s&aacute;bado, 13 de dezembro, foi executada a &uacute;ltima      etapa da atualiza&ccedil;&atilde;o tecnol&oacute;gica do GS, que &eacute;      o cora&ccedil;&atilde;o do sistema de telefonia do Campus Pampulha.      Esta etapa constitu&iacute;a-se na instala&ccedil;&atilde;o da nova      vers&atilde;o do software respons&aacute;vel pelo fun-cionamento e controle      da central telef&ocirc;nica.<\/p>\n<p>Devido &agrave; execu&ccedil;&atilde;o do processo, algumas programa&ccedil;&otilde;es,      tais como redirecionamentos de chamadas, foram perdidas. Para reativ&aacute;-las      basta, com o telefone fora do gancho, teclar a sequ&ecirc;ncia *21#.      Outras discas de programa&ccedil;&atilde;o e utiliza&ccedil;&atilde;o      do servi&ccedil;o de telefonia est&atilde;o dispon&iacute;veis em https:\/\/www.ufmg.br\/dti\/cecom\/co_tele_uso.shtml.<\/p>\n<p>Com a conclus&atilde;o do processo de atualiza&ccedil;&atilde;o a DRC      poder&aacute; testar o uso de novas tecnologias, como ramais IP, al&eacute;m      de ter condi&ccedil;&otilde;es de receber as expans&otilde;es de ramais      que ocorrer&atilde;o com a vinda de novas unidades para o Campus Pampulha      nos pr&oacute;ximos anos.<\/p>\n<p>As atividades realizadas foram feitas por t&eacute;cnicos da empresa      TeleAlpha e da equipe da DRC. Veja abaixo o mapa atual das centrais      telef&ocirc;nicas da universidade.<\/p>\n<p><img loading=\"lazy\" decoding=\"async\" src=\"https:\/\/www.ufmg.br\/dti\/wp-content\/uploads\/imgs\/GrafTelefone122003_cor.gif\" width=\"530\" height=\"389\"><\/p>\n<p>    <\/p>\n<p>    <\/span><\/td>\n<\/tr>\n<tr>\n<td align=\"LEFT\" valign=\"TOP\"><\/td>\n<td align=\"LEFT\" valign=\"TOP\"> <a name=\"anoticias3\"><span class=\"titulo\">PUBLICADA     A APOSENTADORIA DE H&Eacute;LIO TEIXEIRA<\/span><\/a> <span class=\"texto\">     <\/p>\n<p>Foi publicada no dia 27 de novembro de 2003, no Di&aacute;rio Oficial      da Uni&atilde;o, a aposentadoria do analista H&eacute;lio Teixeira da      Costa, ap&oacute;s 26 anos trabalhando no Centro de Computa&ccedil;&atilde;o      da UFMG.<\/p>\n<p>H&eacute;lio entrou para o CECOM, como programador, em 1977, atrav&eacute;s      de concurso p&uacute;blico. Em dezembro de 1978, passou para o cargo      de Analista de Sistemas. Ocupou cargos de chefia na &aacute;rea de manuten&ccedil;&atilde;o,      desenvolvimento, na Divis&atilde;o de Suporte T&eacute;cnico e na Divis&atilde;o      de Atendimento e Consultoria.<\/p>\n<p>Com a sua aposentadoria, o CECOM se priva de um grande profissional,      amigo e colega. A sua alegria, as suas risadas e os inumer&aacute;veis      casos engra&ccedil;ados de Manhua&ccedil;u, marcaram a sua passagem      pelo CECOM.<\/p>\n<p align=\"center\"><img loading=\"lazy\" decoding=\"async\" src=\"https:\/\/www.ufmg.br\/dti\/wp-content\/uploads\/fotos\/helim1_cor.jpg\" width=\"212\" height=\"252\"><\/p>\n<p>&nbsp;<\/p>\n<p>    <\/span>     <\/td>\n<\/tr>\n<p>  <!-- #EndEditable -->  <\/table>\n<p> <!-- fim noticias --><\/div>\n<p><a name='informativo'><\/a><\/p>\n<h4>Informativo<\/h4>\n<div class=\"centro-sistematico\">  <!-- noticias --> <\/p>\n<table border=\"0\" cellspacing=\"0\" cellpadding=\"0\">\n<tr>\n<td><\/td>\n<td><\/td>\n<\/tr>\n<p>  <!-- #BeginEditable \"materias\" -->   <\/p>\n<tr>\n<td align=\"LEFT\" valign=\"TOP\"><\/td>\n<td align=\"LEFT\" valign=\"TOP\">\n<p align=\"left\"><a name=\"ainformativo1\"><span class=\"titulo\">MENSAGEM      DA ATI E DO CECOM PARA TODOS<\/span><br \/>     <\/a> <img loading=\"lazy\" decoding=\"async\" src=\"https:\/\/www.ufmg.br\/dti\/wp-content\/uploads\/imgs\/tudo_pixel.gif\" width=\"1\" height=\"20\" alt=\"\" border=\"0\"><span class=\"texto\"><i>&#8220;Deixar      a sua luz brilhar no p&atilde;o de todo dia<br \/>     Deixar o seu amor crescer na luz de cada dia&#8230;&#8221;<\/i><br \/>     <font face=\"1\">Milton Nascimento<\/font><\/span><\/p>\n<p><span class=\"texto\">Permita que, nesse novo ano, seu cora&ccedil;&atilde;o      irradie luz e amor &agrave;queles que fazem parte do seu dia-a-dia.      S&atilde;o nossas atitudes que transformar&atilde;o o mundo e contribuir&atilde;o      para que os sonhos de paz universal se tornem realidade.<\/span><\/p>\n<p>    <span class=\"texto\">     <\/p>\n<p align=\"right\"><img loading=\"lazy\" decoding=\"async\" src=\"\/dti\/imgs\/cartao_natal2003_cor.jpg\" width=\"530\" height=\"368\"><br \/>     <font face=\"2\">Pres&eacute;pio &#8211;      Autora: Lel&eacute; &#8211; Foto: Renato Righi &#8211; Arte: Xina<\/font><\/p>\n<p>    <\/span> <\/td>\n<\/tr>\n<tr>\n<td align=\"LEFT\" valign=\"TOP\"><\/td>\n<td align=\"LEFT\" valign=\"TOP\"><a name=\"ainformativo2\"><span class=\"titulo\">MENSAGEM     DE O SISTEM&Aacute;TICO<\/span><\/a> <span class=\"texto\">     <\/p>\n<p>Hoje, est&aacute; sendo publicada a &uacute;ltima edi&ccedil;&atilde;o      do ano de 2003. O Sistem&aacute;tico agradece todo o apoio recebido      e deseja Boas Festas para seu leitores e amigos. E espera receber no      ano de 2004 o mesmo apoio e a mesma alegria dos &uacute;ltimos 26 anos.<\/p>\n<p>Feliz Natal e um Ano Novo cheio de esperan&ccedil;as e realiza&ccedil;&otilde;es!      E muitas not&iacute;cias!<\/p>\n<p>    <\/span> <\/td>\n<\/tr>\n<tr>\n<td align=\"LEFT\" valign=\"TOP\"><\/td>\n<td align=\"LEFT\" valign=\"TOP\"><a name=\"ainformativo3\"><span class=\"titulo\">DICAS DE     SITES INTERESSANTES<\/span><\/a> <span class=\"texto\">     <\/p>\n<p>Adyr, o ca&ccedil;ador de sites, enviou as seguintes dicas:<\/p>\n<p>&#8211; A gravata &eacute; utilizada por milh&otilde;es de pessoas no mundo      todo. Homens, em sua grande maioria. E, apesar de caracterizar as pessoas      que trabalham em escrit&oacute;rios, lojas ou outros servi&ccedil;os      cujo uniforme a inclua, a gravata &eacute; uma forma que a pessoa tem      para expressar sua individualidade. Cada pessoa usa a gravata com uma      determinada estampa, produzida com um material espec&iacute;fico e com      o n&oacute; feito de certa maneira. Aqueles que t&ecirc;m conhecimento      sobre este acess&oacute;rio elegante do nosso vestu&aacute;rio podem      certamente levantar dados da personalidade de algu&eacute;m apenas observando      a gravata que este usa. Para alguns especialistas, as gravatas s&atilde;o      uma maneira do homem expressar sua individualidade. O homem &eacute;      a gravata que usa. Veja em <a href=\"http:\/\/www.gravatas.com.br\/gravatas\/index.htm\">http:\/\/www.gravatas.com.br\/gravatas\/index.htm<\/a>.<\/p>\n<p>&#8211; Sem d&uacute;vida, um dos maiores humoristas do Brasil, Mill&ocirc;r      Fernandes, j&aacute; se chamou Milton Fernandes, como &eacute; explicado      na p&aacute;gina <a href=\"http:\/\/www2.uol.com.br\/millor\/home.htm\">http:\/\/www2.uol.com.br\/millor\/home.htm<\/a>.      L&aacute; voc&ecirc; pode encontrar v&aacute;rios de seus trabalhos,      como as &#8220;<i>F&aacute;bulas Fabulosas<\/i>&#8221;, frases e charges      e traz tamb&eacute;m a biografia de Mill&ocirc;r e, claro, fala de sua      participa&ccedil;&atilde;o no jornal O Pasquim. <i>&#8220;O Minist&eacute;rio      da Justi&ccedil;a estuda para saber quanto custa um preso. Eu gostaria      de saber quanto custa um solto&#8221;<\/i>. Coisas do Mill&ocirc;r. Vale      a pena conferir.<\/p>\n<p>&#8211; Revista digital sobre cinema (<a href=\"http:\/\/www.contracampo.com.br\/\">http:\/\/www.contracampo.com.br\/<\/a>),      produzida por Ruy Gardnier e Eduardo Valente, &eacute; uma &oacute;tima      dica para quem se interessa pelo assunto. Voc&ecirc; fica sabendo tudo      que rola no meio cinematogr&aacute;fico e ainda tem artigos, cr&iacute;ticas,      entrevistas e um espa&ccedil;o para os coment&aacute;rios dos leitores.      Nessa edi&ccedil;&atilde;o, a p&aacute;gina &eacute; dedicada ao Festival      do Rio 2003 e &agrave; 27&ordf; Mostra de S&atilde;o Paulo 2003. Confira!<\/p>\n<p>&#8211; Apesar de ser uma p&aacute;gina em Ingl&ecirc;s,o projeto de conserva&ccedil;&atilde;o      da vida selvagem em todo o mundo, &#8220;<i>Field Trip Earth<\/i>&#8221;      (<a href=\"http:\/\/www.fieldtripearth.org\/\">http:\/\/www.fieldtripearth.org\/<\/a>)      &eacute; respons&aacute;vel por um excelente trabalho que vem realizando.      Al&eacute;m de animais, como os ursos pretos dos Apalaches, os carn&iacute;voros      do Sri Lanka e os elefantes de Camar&otilde;es, h&aacute; tamb&eacute;m      uma &aacute;rea onde os especialistas respondem a v&aacute;rias perguntas.      Clique no link <i>Media Gallery<\/i> e veja as fotos. Muito legal.<\/p>\n<p>&#8211; Para quem &eacute; chegadinho em m&uacute;sica &#8220;<i>independente<\/i>&#8221;,      vale a pena conhecer esse programa da R&aacute;dio Pernambuco (<a href=\"http:\/\/www.coquetelmolotov.com.br\/\">http:\/\/www.coquetelmolotov.com.br\/<\/a>),      que abre espa&ccedil;o para artistas que n&atilde;o t&ecirc;m vez na      grande m&iacute;dia. A p&aacute;gina fala sobre novas bandas e traz,      entre outras coisas, artigos, entrevistas mp3 de algumas bandas. <\/p>\n<p>&#8211; Se voc&ecirc; n&atilde;o for fazer nada neste fim de ano, a Web pode      ser uma boa forma de se divertir. Uma p&aacute;gina legal com joguinhos      &eacute; a do <i>Arcade<\/i> (<a href=\"http:\/\/www.%20flasharcade.com\">http:\/\/www.      flasharcade.com<\/a>). Usando os recursos do software Flash, voc&ecirc;      encontrar&aacute; centenas de jogos que podem ser baixados ou jogados      on-line. Todos r&aacute;pidos e leves com novas vers&otilde;es para      os cl&aacute;ssicos, como Tetris, e alguns t&iacute;tulos originais.      (Site em Ingl&ecirc;s)<\/p>\n<p>&#8211; Se voc&ecirc; quer incluir um site na Web e n&atilde;o quer usar      nenhum aplicativo para desenvolver a sua p&aacute;gina, ent&atilde;o      n&atilde;o perca tempo e v&aacute; at&eacute; o <i>Free Web Templates<\/i>      (<a href=\"http:\/\/www.freewebtemplates.com\">http:\/\/www.freewebtemplates.com<\/a>).      Tem v&aacute;rias p&aacute;ginas prontinhas e desenhadas para voc&ecirc;      com alguns presentinhos de Natal para os dubl&ecirc;s de webdesigner.      Escolha o modelo entre as linguagens usadas (html, dhtml, Flash, entre      outras) e os elementos gr&aacute;ficos como banners, bottons, clipart      e pap&eacute;is de fundo. Para quem quer fazer o seu Blog&#8230; (Site em      Ingl&ecirc;s)<\/p>\n<p>    <\/p>\n<p>    <\/span> <\/td>\n<\/tr>\n<tr>\n<td align=\"LEFT\" valign=\"TOP\"><\/td>\n<td align=\"LEFT\" valign=\"TOP\"><a name=\"ainformativo4\"><span class=\"titulo\">MENSAGEM     DE AGRADECIMENTO<\/span><\/a> <span class=\"texto\">     <\/p>\n<p>Regina Helena Moura Brandi, em nome de sua fam&iacute;lia, agradece      todo o carinho e apoio que os colegas e amigos do CECOM deram por ocasi&atilde;o      da morte de seu pai, Ant&ocirc;nio Brandi.<\/p>\n<p>E disse que &#8220;<i>foi muito importante para n&oacute;s as manifesta&ccedil;&otilde;es      de solidariedade naquele momento e que n&oacute;s nunca esqueceremos.      Obrigada.<\/i>&#8221;<\/p>\n<p>    <\/p>\n<p>    <\/span> <\/td>\n<\/tr>\n<p>  <!-- #EndEditable -->  <\/table>\n<p> <!-- fim noticias --> <!-- tabela ha 20 anos --> <\/p>\n<table border=\"0\" cellspacing=\"0\" cellpadding=\"0\" class=\"cinza\">\n<tr>\n<td><img loading=\"lazy\" decoding=\"async\" src=\"https:\/\/www.ufmg.br\/dti\/wp-content\/uploads\/imgs\/tudo_pixel.gif\" width=\"1\" height=\"1\" alt=\"\" border=\"0\"><\/td>\n<td><img loading=\"lazy\" decoding=\"async\" src=\"https:\/\/www.ufmg.br\/dti\/wp-content\/uploads\/imgs\/tudo_pixel.gif\" width=\"19\" height=\"1\" alt=\"\" border=\"0\"><\/td>\n<td><img loading=\"lazy\" decoding=\"async\" src=\"https:\/\/www.ufmg.br\/dti\/wp-content\/uploads\/imgs\/tudo_pixel.gif\" width=\"510\" height=\"1\" alt=\"\" border=\"0\"><\/td>\n<td><img loading=\"lazy\" decoding=\"async\" src=\"https:\/\/www.ufmg.br\/dti\/wp-content\/uploads\/imgs\/tudo_pixel.gif\" width=\"19\" height=\"1\" alt=\"\" border=\"0\"><\/td>\n<td><img loading=\"lazy\" decoding=\"async\" src=\"https:\/\/www.ufmg.br\/dti\/wp-content\/uploads\/imgs\/tudo_pixel.gif\" width=\"1\" height=\"1\" alt=\"\" border=\"0\"><\/td>\n<\/tr>\n<tr>\n<td class=\"vermelho\" colspan=\"5\"><img loading=\"lazy\" decoding=\"async\" src=\"https:\/\/www.ufmg.br\/dti\/wp-content\/uploads\/imgs\/tudo_pixel.gif\" width=\"1\" height=\"1\" alt=\"\" border=\"0\"><\/td>\n<\/tr>\n<tr>\n<td class=\"vermelho\"><img loading=\"lazy\" decoding=\"async\" src=\"https:\/\/www.ufmg.br\/dti\/wp-content\/uploads\/imgs\/tudo_pixel.gif\" width=\"1\" height=\"1\" alt=\"\" border=\"0\"><\/td>\n<td><img loading=\"lazy\" decoding=\"async\" src=\"https:\/\/www.ufmg.br\/dti\/wp-content\/uploads\/imgs\/tudo_pixel.gif\" width=\"1\" height=\"1\" alt=\"\" border=\"0\"><\/td>\n<td align=\"LEFT\" valign=\"TOP\"><!-- #BeginEditable \"ha%2020%20anos\" --><a name=\"ainformativo5\"><img loading=\"lazy\" decoding=\"async\" src=\"https:\/\/www.ufmg.br\/dti\/wp-content\/uploads\/imgs\/tudo_pixel.gif\" width=\"1\" height=\"8\" alt=\"\" border=\"0\"><br \/>    <span class=\"titulo\">H\u00e1 20 anos&#8230;<\/span><\/a> <span class=\"texto\">     <\/p>\n<p>O Sistem&aacute;tico Ano VII, no. 47, de 22\/12\/1983, publicou not&iacute;cias      sobre a X Confer&ecirc;ncia Latinoamericana de Inform&aacute;tica, Festa      de Natal do Centro de Computa&ccedil;&atilde;o, expediente na Reitoria      nos dias 23 e 30 de dezembro, mensagens de Natal recebidas pelo CECOM      e a entrevista de Dilma Trivelli Pimenta Sandrin na se&ccedil;&atilde;o      &#8220;<i>Um Pouco de N&oacute;s<\/i>&#8221;. A not&iacute;cia que se destacou      foi:<\/p>\n<p><b>RESPONS&Aacute;VEL PELA DIVIS&Atilde;O DE TECNOLOGIA E SUPORTE<\/b><br \/>     <font face=\"1\">Durante as f&eacute;rias de Romildo Monte, chefe da Divis&atilde;o      de Tecnologia e Suporte do CECOM, Eduardo Henrique Lima estar&aacute;      respondendo pela chefia da divis&atilde;o. O per&iacute;odo de f&eacute;rias      de Romildo Monte ser&aacute; de 26 de dezembro\/83 a 14 de janeiro\/84<\/font>.<\/p>\n<p>    <\/span><!-- #EndEditable --><br \/>     <img loading=\"lazy\" decoding=\"async\" src=\"https:\/\/www.ufmg.br\/dti\/wp-content\/uploads\/imgs\/tudo_pixel.gif\" width=\"1\" height=\"8\" alt=\"\" border=\"0\">    <\/td>\n<td><img loading=\"lazy\" decoding=\"async\" src=\"https:\/\/www.ufmg.br\/dti\/wp-content\/uploads\/imgs\/tudo_pixel.gif\" width=\"1\" height=\"1\" alt=\"\" border=\"0\"><\/td>\n<td class=\"vermelho\"><img loading=\"lazy\" decoding=\"async\" src=\"https:\/\/www.ufmg.br\/dti\/wp-content\/uploads\/imgs\/tudo_pixel.gif\" width=\"1\" height=\"1\" alt=\"\" border=\"0\"><\/td>\n<\/tr>\n<tr>\n<td class=\"vermelho\" colspan=\"5\"><img loading=\"lazy\" decoding=\"async\" src=\"https:\/\/www.ufmg.br\/dti\/wp-content\/uploads\/imgs\/tudo_pixel.gif\" width=\"1\" height=\"1\" alt=\"\" border=\"0\"><\/td>\n<\/tr>\n<\/table>\n<p> <!-- fim tabela ha 20 anos --><\/div>\n<p><a name='eventos'><\/a><\/p>\n<h4>Eventos<\/h4>\n<div class=\"centro-sistematico\">  <!-- noticias --> <\/p>\n<table border=\"0\" cellspacing=\"0\" cellpadding=\"0\">\n<tr>\n<td><\/td>\n<td><\/td>\n<\/tr>\n<p>  <!-- #BeginEditable \"materias\" -->   <\/p>\n<tr>\n<td align=\"LEFT\" valign=\"TOP\"><\/td>\n<td align=\"LEFT\" valign=\"TOP\"> <a name=\"aeventos1\"><span class=\"titulo\">FESTA DE     NATAL DO CECOM SER&Aacute; REALIZADA HOJE<\/span><\/a> <span class=\"texto\">     <\/p>\n<p>Ser&aacute; realizada hoje, dia 18, a partir das 12:00, a Festa de      Natal dos funcion&aacute;rios do CECOM. O churrasco de confraterniza&ccedil;&atilde;o      ser&aacute; no Clubinho, localizado &agrave; Av. Francisco Negr&atilde;o      de Lima no. 77, Enseada das Gar&ccedil;as, na regi&atilde;o da Pampulha.      O mapa j&aacute; foi distribu&iacute;do para os participantes.<\/p>\n<p>A Comiss&atilde;o Organizadora aguarda a presen&ccedil;a de todos que      confirmaram a participa&ccedil;&atilde;o na festa e espera que tudo      d&ecirc; certo, com um dia de bastante sol e muita alegria.<\/p>\n<p>    <\/span> <\/td>\n<\/tr>\n<tr>\n<td align=\"LEFT\" valign=\"TOP\"><\/td>\n<td align=\"LEFT\" valign=\"TOP\"><a name=\"aeventos2\"><span class=\"titulo\">CECOM SE     PREPARA PARA O NATAL 2003<\/span><\/a> <\/p>\n<p><span class=\"texto\">Agora, o CECOM      est&aacute; todo enfeitado para o Natal deste ano. A decora&ccedil;&atilde;o      do subsolo ficou por conta da Elza e o 8o. andar est&aacute;, este ano,      com duas &aacute;rvores de Natal. A &aacute;rvore de CDs &eacute; uma      r&eacute;plica da que Jos&eacute; Maria da Silva Bessa montou em dezembro      de 2001. &Eacute; a &#8220;<i>&Aacute;rvore do Z&eacute;<\/i>&#8221;, em      sua homenagem. A outra, feita em tiras de palha, e toda iluminada, reproduz      a simplicidade do nascimento de Jesus Cristo e sua trajet&oacute;ria      na Terra. E para alegria de muitos, perto da &aacute;rvore de palha      est&aacute; o Papai Noel do CECOM, que n&atilde;o p&aacute;ra um minuto      no lugar.<\/span><\/p>\n<p align=\"center\"><span class=\"texto\"><img loading=\"lazy\" decoding=\"async\" src=\"https:\/\/www.ufmg.br\/dti\/wp-content\/uploads\/fotos\/nataldeco2003_0010_cor.JPG\" width=\"352\" height=\"288\"><\/span><\/p>\n<p align=\"center\"><span class=\"texto\"><font face=\"1\"><i>O Papai Noel do      CECOM<\/i><\/font><\/span><\/p>\n<p align=\"center\"><span class=\"texto\"><img loading=\"lazy\" decoding=\"async\" src=\"https:\/\/www.ufmg.br\/dti\/wp-content\/uploads\/fotos\/nataldeco2003_0004_cor.JPG\" width=\"288\" height=\"352\"><\/span><\/p>\n<p align=\"center\"><span class=\"texto\"><font face=\"1\"><i>A &aacute;rvore      de palha<\/i><\/font><\/span><\/p>\n<p align=\"center\"><span class=\"texto\"><img loading=\"lazy\" decoding=\"async\" src=\"https:\/\/www.ufmg.br\/dti\/wp-content\/uploads\/fotos\/nataldeco2003_0023_cor.JPG\" width=\"352\" height=\"288\"><\/span><\/p>\n<p align=\"center\"><span class=\"texto\"><font face=\"1\"><i>A decora&ccedil;&atilde;o      do corredor do 8o. andar<\/i><\/font><\/span><\/p>\n<p align=\"center\"><span class=\"texto\"><img loading=\"lazy\" decoding=\"async\" src=\"https:\/\/www.ufmg.br\/dti\/wp-content\/uploads\/fotos\/natal03_arvorecd_02_cor.jpg\" width=\"196\" height=\"316\"><\/span><\/p>\n<p align=\"center\"><span class=\"texto\"><font face=\"1\"><i>A &aacute;rvore      do Z&eacute;<\/i><\/font><\/span><\/p>\n<p align=\"center\"><span class=\"texto\"><img loading=\"lazy\" decoding=\"async\" src=\"https:\/\/www.ufmg.br\/dti\/wp-content\/uploads\/fotos\/natal03subs_0015_cor.jpg\" width=\"352\" height=\"288\"><\/span><\/p>\n<p>    <span class=\"texto\"><font face=\"1\"><i>     <\/p>\n<div align=\"center\">Os enfeites da entrada do subsolo<\/div>\n<p>    <\/i><\/font> <\/span> <\/p>\n<p align=\"center\"><span class=\"texto\"><img loading=\"lazy\" decoding=\"async\" src=\"https:\/\/www.ufmg.br\/dti\/wp-content\/uploads\/fotos\/natal03subs_0001_cor.jpg\" width=\"288\" height=\"352\"><\/span><\/p>\n<p align=\"center\"><span class=\"texto\"><font face=\"1\"><i>Mais um detalhe      dos enfeites do subsolo<\/i><\/font><\/span><\/p>\n<p>    <\/td>\n<\/tr>\n<tr>\n<td align=\"LEFT\" valign=\"TOP\"><\/td>\n<td align=\"LEFT\" valign=\"TOP\"><a name=\"aeventos3\"><span class=\"titulo\">SOCIAIS<\/span><\/a>     <span class=\"texto\">     <\/p>\n<p><b>ANIVERS&Aacute;RIOS:<\/b> <i>&#8220;O Sistem&aacute;tico&#8221; envia      os parab&eacute;ns para os &uacute;ltimos aniversariantes do ano e os      primeiros de 2004: prof. M&aacute;rcio Luiz Bunte de Carvalho, no dia      24; Raimundo Natalino Chaves, no dia 25; e Ronaldo Ara&uacute;jo Costa,      no dia 03 de janeiro. Os parab&eacute;ns para os ex-ceconianos: Esdras      Viggiano de Souza e Dimas Afonso de Souza, no dia 22; Grace Fran&ccedil;a      Versiani, no dia 23; Sueli de Jesus Ferreira, no dia 25; Luiz Diniz      Ferreira, no dia 26; Romildo Monte e Matheus Moreira dos Santos, no      dia 27; Cl&aacute;udio Ant&ocirc;nio Mussi, no dia 29; Carlos Ferreira      de Vasconcellos, no dia 30; Jos&eacute; Ant&ocirc;nio de Faria (DCC),      no dia 1o. de janeiro; Luiz Ant&ocirc;nio Soares, no dia 03; e Luiz      Henrique de Ara&uacute;jo Vecchio, no dia 06.<\/i><\/p>\n<p><b>AGRADECIMENTOS:<\/b> <i>Os agradecimentos a todos aqueles que colaboraram      no trabalho da decora&ccedil;&atilde;o do 8o. andar e na organiza&ccedil;&atilde;o      da Festa de Natal: Haroldo, Rubens, Vicentina, Xina, Rosa, Beth, Alda,      M&aacute;rcia, Samuel e Maria Helena.<\/i><\/p>\n<p>    <\/span>    <\/td>\n<\/tr>\n<p>  <!-- #EndEditable -->  <\/table>\n<p> <!-- fim noticias --><\/div>\n","protected":false},"excerpt":{"rendered":"<p>Not\u00edcias CECOM DIVULGA ESTAT&Iacute;STICAS DE ACESSO AO RESULTADO DO VESTIBULAR DRC CONCLUI ATUALIZA&Ccedil;&Atilde;O DA CENTRAL TELEF&Ocirc;NICA PUBLICADA A APOSENTADORIA DE H&Eacute;LIO TEIXEIRA Informativo MENSAGEM DA ATI E DO CECOM PARA TODOS MENSAGEM DE O SISTEM&Aacute;TICO DICAS DE SITES INTERESSANTES MENSAGEM DE AGRADECIMENTO H\u00e1 20 anos&#8230; Eventos FESTA DE NATAL DO CECOM SER&Aacute; REALIZADA HOJE CECOM &#8230; <a title=\"Sistem\u00e1tico: Edi\u00e7\u00e3o 1186 &#8211; 18\/12\/2003\" class=\"read-more\" href=\"https:\/\/www.ufmg.br\/dti\/2003\/12\/18\/sistematico-edicao-1186-18122003\/\" aria-label=\"Read more about Sistem\u00e1tico: Edi\u00e7\u00e3o 1186 &#8211; 18\/12\/2003\">Ler mais<\/a><\/p>\n","protected":false},"author":3,"featured_media":0,"comment_status":"open","ping_status":"open","sticky":false,"template":"","format":"standard","meta":{"inline_featured_image":false,"footnotes":""},"categories":[13],"tags":[],"coauthors":[79],"class_list":["post-1441","post","type-post","status-publish","format-standard","hentry","category-sistematico"],"_links":{"self":[{"href":"https:\/\/www.ufmg.br\/dti\/wp-json\/wp\/v2\/posts\/1441","targetHints":{"allow":["GET"]}}],"collection":[{"href":"https:\/\/www.ufmg.br\/dti\/wp-json\/wp\/v2\/posts"}],"about":[{"href":"https:\/\/www.ufmg.br\/dti\/wp-json\/wp\/v2\/types\/post"}],"author":[{"embeddable":true,"href":"https:\/\/www.ufmg.br\/dti\/wp-json\/wp\/v2\/users\/3"}],"replies":[{"embeddable":true,"href":"https:\/\/www.ufmg.br\/dti\/wp-json\/wp\/v2\/comments?post=1441"}],"version-history":[{"count":0,"href":"https:\/\/www.ufmg.br\/dti\/wp-json\/wp\/v2\/posts\/1441\/revisions"}],"wp:attachment":[{"href":"https:\/\/www.ufmg.br\/dti\/wp-json\/wp\/v2\/media?parent=1441"}],"wp:term":[{"taxonomy":"category","embeddable":true,"href":"https:\/\/www.ufmg.br\/dti\/wp-json\/wp\/v2\/categories?post=1441"},{"taxonomy":"post_tag","embeddable":true,"href":"https:\/\/www.ufmg.br\/dti\/wp-json\/wp\/v2\/tags?post=1441"},{"taxonomy":"author","embeddable":true,"href":"https:\/\/www.ufmg.br\/dti\/wp-json\/wp\/v2\/coauthors?post=1441"}],"curies":[{"name":"wp","href":"https:\/\/api.w.org\/{rel}","templated":true}]}}