{"id":1450,"date":"2003-10-16T08:00:00","date_gmt":"2003-10-16T08:00:00","guid":{"rendered":"https:\/\/www.ufmg.br\/dti\/cecom\/?p=1450"},"modified":"2003-10-16T08:00:00","modified_gmt":"2003-10-16T08:00:00","slug":"sistematico-edicao-1177-16102003","status":"publish","type":"post","link":"https:\/\/www.ufmg.br\/dti\/2003\/10\/16\/sistematico-edicao-1177-16102003\/","title":{"rendered":"Sistem\u00e1tico: Edi\u00e7\u00e3o 1177 &#8211; 16\/10\/2003"},"content":{"rendered":"<ul>\n<li><a href=\"\/dti\/#noticias\">Not\u00edcias<\/a>\n<div class='submenuSistematico'>\n<ul>\n<li><a href=\"\/dti\/#anoticias1\"><span class=\"titulo\">CHEGOU O     HOR&Aacute;RIO DE VER&Atilde;O: FIQUE DE OLHO NA SUA AGENDA NOTES!<\/span><\/a><\/li>\n<li><a href=\"\/dti\/#anoticias2\"><span class=\"titulo\">INSCRI&Ccedil;&Otilde;ES     VIA WEB PARA VAGAS NO HOSPITAL DAS CL&Iacute;NICAS S&Atilde;O 53% DO TOTAL<\/span><\/a><\/li>\n<li><a href=\"\/dti\/#anoticias3\"><span class=\"titulo\">UNIDADES     E DEPARTAMENTOS J&Aacute; PODEM CUSTOMIZAR SUA PLANILHA GED<\/span><\/a><\/li>\n<li><a href=\"\/dti\/#anoticias4\"><span class=\"titulo\">SEMIN&Aacute;RIO     DA ATI ACERTA DIRETRIZES PARA INTERFACES ENTRE BASES DE DADOS<\/span><\/a><\/li>\n<li><a href=\"\/dti\/#anoticias5\"><span class=\"titulo\">DAC FAZ     APRESENTA&Ccedil;&Atilde;O PARA DEPTO. DE PSICOLOGIA<\/span><\/a><\/li>\n<li><a href=\"\/dti\/#anoticias6\"><span class=\"titulo\">CONTINUAM     OS TREINAMENTOS DE INFORM&Aacute;TICA PARA FUNCION&Aacute;RIOS DA UFMG<\/span><\/a><\/li>\n<\/ul>\n<\/div>\n<\/li>\n<li><a href=\"\/dti\/#informativo\">Informativo<\/a>\n<div class='submenuSistematico'>\n<ul>\n<li><a href=\"\/dti\/#ainformativo1\"><span class=\"titulo\">GenteWhere<\/span><br \/>    <\/a><\/li>\n<li><a href=\"\/dti\/#ainformativo2\"><span class=\"titulo\">FUNCIONAMENTO     DA UFMG NA &Uacute;LTIMA SEMANA DE OUTUBRO<\/span><\/a><\/li>\n<li><a href=\"\/dti\/#ainformativo3\"><span class=\"titulo\">COTEMIG VAI     REALIZAR A TECNOFEIRA 2003<\/span><\/a><\/li>\n<li><a href=\"\/dti\/#ainformativo4\"><span class=\"titulo\">ALTERADO     O N&Uacute;MERO DE TELEFONE DA CASU<\/span><\/a><\/li>\n<li><a href=\"\/dti\/#ainformativo5\"><span class=\"titulo\">DICAS DE     SITES INTERESSANTES<\/span><\/a><\/li>\n<li><a href=\"\/dti\/#ainformativo6\"><span class=\"titulo\">MEM&Oacute;RIA     FOTOGR&Aacute;FICA DO CECOM<\/span><\/a><\/li>\n<li><a href=\"\/dti\/#ainformativo7\"><img loading=\"lazy\" decoding=\"async\" src=\"https:\/\/www.ufmg.br\/dti\/wp-content\/uploads\/imgs\/tudo_pixel.gif\" width=\"1\" height=\"8\" alt=\"\" border=\"0\"><br \/>    <span class=\"titulo\">H\u00e1 20 anos&#8230;<\/span><\/a><\/li>\n<\/ul>\n<\/div>\n<\/li>\n<li><a href=\"\/dti\/#eventos\">Eventos<\/a>\n<div class='submenuSistematico'>\n<ul>\n<li><a href=\"\/dti\/#aeventos1\"><span class=\"titulo\">SOCIAIS<\/span><\/a><\/li>\n<\/ul>\n<\/div>\n<\/li>\n<\/ul>\n<p> <a name='noticias'><\/a><\/p>\n<h4>Not\u00edcias<\/h4>\n<div class=\"centro-sistematico\">  <!-- noticias --> <\/p>\n<table border=\"0\" cellspacing=\"0\" cellpadding=\"0\">\n<tr>\n<td><\/td>\n<td><\/td>\n<\/tr>\n<p>  <!-- #BeginEditable \"materias\" -->   <\/p>\n<tr>\n<td align=\"LEFT\" valign=\"TOP\"><\/td>\n<td align=\"LEFT\" valign=\"TOP\"> <a name=\"anoticias1\"><span class=\"titulo\">CHEGOU O     HOR&Aacute;RIO DE VER&Atilde;O: FIQUE DE OLHO NA SUA AGENDA NOTES!<\/span><\/a>     <span class=\"texto\">     <\/p>\n<p>No pr&oacute;ximo domingo, dia 19, entrar&aacute; em vigor novo per&iacute;odo      de hor&aacute;rio de ver&atilde;o, que deve se estender at&eacute; o      dia 14 de fevereiro. Com isso, s&atilde;o necess&aacute;rias a&ccedil;&otilde;es      para que os computadores ajustem seus rel&oacute;gios. Alguns deles      o fazem correta e automaticamente. Outros dependem de ajustes feitos      pelo pr&oacute;prio usu&aacute;rio. Diversos, principalmente servidores,      em sincronismo com padr&otilde;es da Internet, ajustam-se por conta      pr&oacute;pria, &agrave;s vezes em desacordo com os padr&otilde;es nacionais.<\/p>\n<p>Estas varia&ccedil;&otilde;es de comportamento ocorrem, &agrave;s vezes,      por raz&otilde;es t&eacute;cnicas. Mas, a raz&atilde;o principal &eacute;      que, apesar do Brasil implantar o hor&aacute;rio de ver&atilde;o h&aacute;      anos, n&atilde;o o faz de maneira padronizada, o que impede a automa&ccedil;&atilde;o      completa deste processo.<\/p>\n<p>No caso da UFMG, o acompanhamento e execu&ccedil;&atilde;o de ajustes      necess&aacute;rios &eacute; feita, em sua grande maioria, de forma transparente      aos usu&aacute;rios, pelas equipes do CECOM e LCC. Entretanto, no caso      da agenda Notes, h&aacute; a necessidade de se executarem determinadas      a&ccedil;&otilde;es nas esta&ccedil;&otilde;es de trabalho dos usu&aacute;rios      deste servi&ccedil;o. Assim, durante esta semana, o CECOM est&aacute;      tomando as provid&ecirc;ncias necess&aacute;rias para garantir a correta      entrada das esta&ccedil;&otilde;es da rede administrativa no per&iacute;odo      do hor&aacute;rio de ver&atilde;o, seja divulgando ou implantando, ela      pr&oacute;pria, a&ccedil;&otilde;es definidas pelo LCC. A coordena&ccedil;&atilde;o      dessas atividades est&aacute; a cargo de Eug&ecirc;nio Pacelli Pereira      de Souza, da DAC.<\/p>\n<p>Ainda assim, ser&aacute; necess&aacute;rio ajustar o hor&aacute;rio      dos compromissos j&aacute; agendados, os quais ser&atilde;o deslocados      em uma hora. Os novos compromissos marcados ter&atilde;o o hor&aacute;rio      correto.<\/p>\n<p>    <\/span> <\/td>\n<\/tr>\n<tr>\n<td align=\"LEFT\" valign=\"TOP\"><\/td>\n<td align=\"LEFT\" valign=\"TOP\"> <a name=\"anoticias2\"><span class=\"titulo\">INSCRI&Ccedil;&Otilde;ES     VIA WEB PARA VAGAS NO HOSPITAL DAS CL&Iacute;NICAS S&Atilde;O 53% DO TOTAL<\/span><\/a>     <span class=\"texto\">     <\/p>\n<p>Foram realizadas na semana passada as inscri&ccedil;&otilde;es para      o concurso que ir&aacute; preencher 230 vagas em sete cargos t&eacute;cnicos      no Hospital das Cl&iacute;nicas da UFMG. As vagas s&atilde;o para os      cargos de Assistente Social, Farmac&ecirc;utico, Farmac&ecirc;utico      Bioqu&iacute;mico, Fisioterapeuta, M&eacute;dico (incluindo diversas      especialidades), Nutricionista e T&eacute;cnico em Enfermagem.<\/p>\n<p>As inscri&ccedil;&otilde;es puderam ser feitas pelo m&eacute;todo convencional      ou via Internet. Neste &uacute;ltimo, o candidato podia preencher requerimento      em formul&aacute;rio pr&oacute;prio e providenciar a emiss&atilde;o      do respectivo boleto banc&aacute;rio. A inscri&ccedil;&atilde;o somente      &eacute; confirmada ap&oacute;s o pagamento deste boleto.     <\/p>\n<p>Esta semana, o CECOM iniciou, com o apoio da Copeve, a etapa de leitura      das fichas de inscri&ccedil;&atilde;o feitas pelo m&eacute;todo convencional,      utilizando da tecnologia de ICR adquirida este ano para uso nos concursos      vestibulares. Ainda pass&iacute;vel de confirma&ccedil;&atilde;o, o      n&uacute;mero de inscritos atrav&eacute;s das fichas tradicionais gira      em torno de 3.200.<\/p>\n<p>A boa surpresa foi o n&uacute;mero de inscritos via Internet, das cerca      de 4.500 inscri&ccedil;&otilde;es preenchidas, foi confirmado pelo Banco      do Brasil o pagamento de 3.622 inscri&ccedil;&otilde;es. Assim, as inscri&ccedil;&otilde;es      realizadas pela Web devem significar cerca de 53% do total. Este percentual      &eacute;, at&eacute; agora, o maior j&aacute; apurado em concursos nos      quais o CECOM deu apoio &agrave;s atividades de tecnologia da informa&ccedil;&atilde;o.<\/p>\n<p>    <\/span>     <\/td>\n<\/tr>\n<tr>\n<td align=\"LEFT\" valign=\"TOP\"><\/td>\n<td align=\"LEFT\" valign=\"TOP\"> <a name=\"anoticias3\"><span class=\"titulo\">UNIDADES     E DEPARTAMENTOS J&Aacute; PODEM CUSTOMIZAR SUA PLANILHA GED<\/span><\/a>     <span class=\"texto\">     <\/p>\n<p>Nesta quarta-feira foram liberadas pela equipe do CECOM novas p&aacute;ginas      com informa&ccedil;&otilde;es acerca do processo de atribui&ccedil;&atilde;o      da GED em 2003. A principal novidade diz respeito &agrave; libera&ccedil;&atilde;o      de uma vers&atilde;o pr&eacute;via do sistema, que permite que todos      os usu&aacute;rios que o acessam j&aacute; possam entrar, customizar      a planilha de sua unidade\/departamento, visualiz&aacute;-la e imprimi-la,      somente incluindo os itens desejados e respectivas pontua&ccedil;&otilde;es.<\/p>\n<p>Com isso, o processo ganha mais agilidade e simplicidade, possibilitando      que a coleta das informa&ccedil;&otilde;es possa se iniciar, antes do      dia 3 de novembro, que &eacute; a data a partir da qual o sistema estar&aacute;      liberado para lan&ccedil;amento de dados. Esta novidade est&aacute;      dispon&iacute;vel para todos os usu&aacute;rios que j&aacute; possuem      acesso ao sistema GED. <\/p>\n<p>A CIAG &#8211; Comiss&atilde;o Institucional de Atribui&ccedil;&atilde;o      GED, deu prazo at&eacute; o pr&oacute;ximo dia 24 de outubro para que      as todas as unidades e departamentos acad&ecirc;micos informem quais      ser&atilde;o os respons&aacute;veis pelo acesso ao sistema em cada local.<\/p>\n<p>    <\/span>     <\/td>\n<\/tr>\n<tr>\n<td align=\"LEFT\" valign=\"TOP\"><\/td>\n<td align=\"LEFT\" valign=\"TOP\"> <a name=\"anoticias4\"><span class=\"titulo\">SEMIN&Aacute;RIO     DA ATI ACERTA DIRETRIZES PARA INTERFACES ENTRE BASES DE DADOS<\/span><\/a>     <span class=\"texto\">     <\/p>\n<p>Conforme divulgado, em edi&ccedil;&atilde;o anterior de <i>O Sistem&aacute;tico<\/i>,      foi realizado na &uacute;ltima sexta-feira, 10 de outubro, um semin&aacute;rio      envolvendo as diretorias da ATI, CECOM e LCC, bem como parte das equipes      t&eacute;cnicas envolvidas nos projetos do novo sistema acad&ecirc;mico      da P&oacute;s-gradua&ccedil;&atilde;o, do Inav2.1 e do Opus.<\/p>\n<p>Este semin&aacute;rio foi realizado no Centro de Computa&ccedil;&atilde;o      e a apresenta&ccedil;&atilde;o, que foi a linha mestra de debate do      semin&aacute;rio, foi realizada pelo coordenador do projeto da P&oacute;s,      Gilmar Lima Guimar&atilde;es e por Vin&iacute;cius Bozzi Nonato. Nela      foram abordados aspectos relacionados ao escopo e funcionalidades do      novo sistema, bem como aspectos t&eacute;cnicos e metodol&oacute;gicos      que est&atilde;o sendo utilizados.<\/p>\n<p>Com a pr&oacute;xima implanta&ccedil;&atilde;o do novo sistema da P&oacute;s,      passa a ser importante a defini&ccedil;&atilde;o de estrat&eacute;gias      de compartilhamento e interface das estruturas de banco de dados existentes,      j&aacute; que ele ter&aacute; dados que interessam aos sistemas Ina      e Opus, e vice-versa. <\/p>\n<p>Para melhor organizar as a&ccedil;&otilde;es na busca por integra&ccedil;&atilde;o      e compartilhamento entre estas demandas foi realizado este semin&aacute;rio.      Ao seu final, as equipes t&eacute;cnicas definiram como se dar&aacute;      o compartilhamento de dados referentes ao cadastramento de bancas examinadoras,      disserta&ccedil;&otilde;es e teses, bem como planejaram a&ccedil;&otilde;es      para unifica&ccedil;&atilde;o dos cadastros de pessoas externas. Estas      defini&ccedil;&otilde;es cobriram tanto o planejamento para o momento      atual, quanto para o futuro, quando os tr&ecirc;s sistemas estar&atilde;o      ativos e integrados.<\/p>\n<p>Participaram do semin&aacute;rio, o diretor de Tecnologia da Informa&ccedil;&atilde;o,      M&aacute;rcio Luiz Bunte de Carvalho, al&eacute;m de Osvaldo S&eacute;rgio      Farhat de Carvalho, Jeroen Maria Antonius van de Graaf, Fabiana Costa      Pereira, Let&iacute;cia Santos Neto, Edr&eacute; Quint&atilde;o Moreira      e Wilton Speziali Caldas, pelo LCC, Carlos Alfeu Furtado da Fonseca,      Gilmar Lima Guimar&atilde;es, Jo&atilde;o Carlos Lages, Raimundo Natalino      Chaves e Maximiliano Luiz Souza Guimar&atilde;es, pelo CECOM.<\/p>\n<p>    <\/p>\n<p>    <\/span><\/td>\n<\/tr>\n<tr>\n<td align=\"LEFT\" valign=\"TOP\"><\/td>\n<td align=\"LEFT\" valign=\"TOP\"> <a name=\"anoticias5\"><span class=\"titulo\">DAC FAZ     APRESENTA&Ccedil;&Atilde;O PARA DEPTO. DE PSICOLOGIA<\/span><\/a> <span class=\"texto\">     <\/p>\n<p>Atendendo a convite da chefe do departamento de Psicologia da FAFICH,      profa. Vanessa Andrade de Barros, a diretora da DAC, Aleixina Maria      Lopes Andal&eacute;cio, esteve naquela unidade fazendo uma apresenta&ccedil;&atilde;o      para os professores do departamento. <\/p>\n<p>O objetivo da apresenta&ccedil;&atilde;o, realizada na manh&atilde;      desta quarta-feira, dia 15\/10, foi esclarecer os professores sobre os      procedimentos necess&aacute;rios para lan&ccedil;amento de dados nos      sistemas INA e Opus, desde a solicita&ccedil;&atilde;o de acesso at&eacute;      a efetiva utiliza&ccedil;&atilde;o dos sistemas.<\/p>\n<p>    <\/span>     <\/td>\n<\/tr>\n<tr>\n<td align=\"LEFT\" valign=\"TOP\"><\/td>\n<td align=\"LEFT\" valign=\"TOP\"> <a name=\"anoticias6\"><span class=\"titulo\">CONTINUAM     OS TREINAMENTOS DE INFORM&Aacute;TICA PARA FUNCION&Aacute;RIOS DA UFMG<\/span><\/a>     <span class=\"texto\">     <\/p>\n<p>Esta semana, de 13 a 16\/10, somente foi realizado o curso de Power      Point, oferecido pelo CECOM e DRH aos funcion&aacute;rios da Universidade.      O curso de Excel B&aacute;sico, programado para o per&iacute;odo de      13 a 17\/10, foi cancelado.<\/p>\n<p>Est&atilde;o participando da Turma 2 do treinamento de Power Point      os seguintes funcion&aacute;rios: Ant&ocirc;nio &Uacute;ltimo de Carvalho      (Escola de Veterin&aacute;ria), Jane Rodrigues Guirado (Biblioteca Universit&aacute;ria),      J&uacute;nia Maria Cordeiro de Menezes (Escola de Veterin&aacute;ria),      K&aacute;tia Aparecida Toledo Fernandes (Faculdade de Letras), Luzia      Helena Amaral de Miranda Machado (Faculdade de Letras), Maria do Carmo      Bezerra (Faculdade de Ci&ecirc;ncias Econ&ocirc;micas), Rolma Rocha      Galv&atilde;o (Biblioteca Universit&aacute;ria), Valqu&iacute;ria de      Oliveira Pereira (DRH) e Veraci Silveira Teixeira (ProRH). Instrutor:      Elza Maria Guedes Rozinholi.<\/p>\n<p>Na pr&oacute;xima semana, est&atilde;o programados os treinamentos      de Corel &#8211; Turma 1, na parte da manh&atilde;, e Excel II &#8211; Turma 1,      na parte da tarde, na Sala de Aulas 2 do CECOM, no subsolo do pr&eacute;dio      da Reitoria.<\/p>\n<p>    <\/span>     <\/td>\n<\/tr>\n<p>  <!-- #EndEditable -->  <\/table>\n<p> <!-- fim noticias --><\/div>\n<p><a name='informativo'><\/a><\/p>\n<h4>Informativo<\/h4>\n<div class=\"centro-sistematico\">  <!-- noticias --> <\/p>\n<table border=\"0\" cellspacing=\"0\" cellpadding=\"0\">\n<tr>\n<td><\/td>\n<td><\/td>\n<\/tr>\n<p>  <!-- #BeginEditable \"materias\" -->   <\/p>\n<tr>\n<td align=\"LEFT\" valign=\"TOP\"><\/td>\n<td align=\"LEFT\" valign=\"TOP\"><a name=\"ainformativo1\"><span class=\"titulo\">GenteWhere<\/span><br \/>    <\/a> <img loading=\"lazy\" decoding=\"async\" src=\"https:\/\/www.ufmg.br\/dti\/wp-content\/uploads\/imgs\/tudo_pixel.gif\" width=\"1\" height=\"20\" alt=\"\" border=\"0\"><br \/>     <span class=\"texto\"> <img loading=\"lazy\" decoding=\"async\" src=\"https:\/\/www.ufmg.br\/dti\/wp-content\/uploads\/fotos\/ent_solange2409_0008.jpg\" width=\"307\" height=\"261\" alt=\"\" border=\"0\" hspace=\"0\" vspace=\"0\" align=\"left\"><img loading=\"lazy\" decoding=\"async\" src=\"https:\/\/www.ufmg.br\/dti\/wp-content\/uploads\/imgs\/tudo_pixel.gif\" width=\"20\" height=\"261\" alt=\"\" border=\"0\" hspace=\"0\" vspace=\"0\" align=\"left\">Ela     n&atilde;o mudou quase nada. S&oacute; engordou um pouquinho! Sempre encontramos     com ela pelo Campus e ficamos sabendo de mil coisas. A entrevistada da     semana &eacute; Solange Guimar&atilde;es que, mesmo sem tempo por estar     envolvida no trabalho, &agrave;s voltas com problemas de &aacute;rea no     servidor Novell e os novos usu&aacute;rios da Escola de Engenharia da     UFMG, conseguiu conversar com O Sistem&aacute;tico e contar a sua hist&oacute;ria     ceconiana.     <\/p>\n<p><b>SIST: <\/b>Quando e como entrou para a UFMG? <br \/>     <b>SOL:<\/b> Comecei a me interessar por computa&ccedil;&atilde;o em      1975, quando trabalhei no SERPRO. No mesmo ano, fiz o vestibular para      o Curso de Processamento de Dados e entrei para a UFMG. Continuei meus      estudos e me formei tamb&eacute;m em Ci&ecirc;ncia da Computa&ccedil;&atilde;o.     <\/p>\n<p><b>SIST:<\/b> Conta a sua hist&oacute;ria ceconiana.<br \/>     <b>SOL:<\/b> Entrei como estagi&aacute;ria na Divis&atilde;o de Usu&aacute;rios      em novembro de 1976, onde fiquei durante dois anos. Depois, fui para      a DivSis, no subsolo (Divis&atilde;o de Sistemas). Em 1978, passei no      Concurso e fui lotada na DivSis, onde trabalhei com Le&atilde;o, Rainer,      Bauer, Romildo e William. Retornei &agrave; Divis&atilde;o de Usu&aacute;rios      e depois fui para a Divis&atilde;o de Desenvolvimento de Sistemas. Algum      tempo depois voltei para a Divis&atilde;o de Suporte T&eacute;cnico,      cujo chefe era o Le&atilde;o. <\/p>\n<p><b>SIST<\/b>: Lembra-se dos trabalhos em que esteve envolvida? Qual      o mais importante para voc&ecirc;?<br \/>     <b>SOL:<\/b> Sempre suporte, resolu&ccedil;&atilde;o de problemas do      UNISYS (<i>A Maldi&ccedil;&atilde;o do MCP<\/i>) e um pouco de programa&ccedil;&atilde;o.      O mais gostoso de fazer foram os utilit&aacute;rios da DivSis. <\/p>\n<p><b>SIST:<\/b> Trabalhou com quais chefes? Qual foi a melhor divis&atilde;o?<br \/>     <b>SOL:<\/b> O chefe e a pessoa com quem eu mais briguei e de quem eu      tenho as melhores lembran&ccedil;as e o maior carinho &eacute; o Le&atilde;o.      N&atilde;o existiu a melhor divis&atilde;o e eu sempre gostei muito      de trabalhar com o Le&atilde;o. Estivemos juntos boa parte do tempo.     <\/p>\n<p> <b>SIST:<\/b> Sente saudades do tempo do CECOM?<br \/>     <b>SOL:<\/b> Saudades n&atilde;o. Tenho sim boas lembran&ccedil;as e      alguns bons amigos.<\/p>\n<p><b>SIST:<\/b> Lembrei-me de que voc&ecirc; fez curso no Teatro Universit&aacute;rio.      Quando foi e por que foi para uma &aacute;rea completamente diferente?<br \/>     <b>SOL:<\/b> Quando, &eacute; dif&iacute;cil lembrar. O porqu&ecirc;      &eacute; muito f&aacute;cil: o lado mais l&uacute;dico, mais <i>light<\/i>      e criativo da vida, fica mais acess&iacute;vel se for usada a arte para      isto. At&eacute; hoje, estou sempre ligada a estas quest&otilde;es mais      Zen.<\/p>\n<p><b>SIST:<\/b> Voc&ecirc; foi uma das poucas pessoas do CECOM que ganhou      pr&ecirc;mio em sorteios na UFMG. Conta o caso.<br \/>     <b> SOL:<\/b> A Vicentina me convidou para ver o carro, um Niva, da Lada      e n&oacute;s fomos. Eu n&atilde;o ia comprar a rifa, mas como a Vi comprou      e eu estava l&aacute;, comprei dois bilhetes. E foi muito, muito bom!<\/p>\n<p><b>SIST:<\/b> Quando saiu do CECOM? Foi para onde? E qual o tipo de      trabalho que passou a fazer?<br \/>     <b>SOL:<\/b> Sa&iacute; e fui para a ECI &#8211; Escola de Ci&ecirc;ncia da      Informa&ccedil;&atilde;o. O trabalho que fiz foi suporte a redes Novell      3.12 e depois WindowsNT 4.0.<\/p>\n<p><b>SIST: <\/b>Depois da ECI foi para onde? Qual o tipo de trabalho que      est&aacute; fazendo? Gosta do que faz?<br \/>     <b>SOL:<\/b> Estive na Escola de Veterin&aacute;ria. Depois, na Escola      de Educa&ccedil;&atilde;o F&iacute;sica e, atualmente, estou na Escola      de Engenharia, no PCA. Trabalho no Centro de C&aacute;lculo Eletr&ocirc;nico.      Continuo fazendo suporte de redes de computadores e, agora, temos Windows      9x 2000 e Linux. Amo o que fa&ccedil;o e tenho certeza de que a escolha      por inform&aacute;tica foi uma op&ccedil;&atilde;o correta que fiz na      vida.<\/p>\n<p><b>SIST:<\/b> Vamos sair um pouco do trabalho e vamos para a sua vida      l&aacute; fora. Conta sobre a sua fam&iacute;lia.<br \/>     <b>SOL:<\/b> Olha, ficar gr&aacute;vida foi realmente um presente de      Deus. A maternidade &eacute; uma experi&ecirc;ncia &uacute;nica e eu      recomendo principalmente se voc&ecirc; j&aacute; n&atilde;o for t&atilde;o      jovem. Voc&ecirc; perde o direito de envelhecer e ganha a obriga&ccedil;&atilde;o      de estar feliz e ativa na vida. A minha fam&iacute;lia &eacute; o mais      importante para mim.<br \/>     O Alexandre &eacute; meu companheiro , &eacute; um pai dedicado e continua      um &oacute;timo cozinheiro. Esperamos fazer novo encontro na nossa casa.<\/p>\n<p><b>SIST:<\/b> Tem algum recado para todos do CECOM?<br \/>     <b>SOL: <\/b>Do tempo em que trabalhei a&iacute; ficou uma lembran&ccedil;a      carinhosa. Voc&ecirc;s s&atilde;o parte da hist&oacute;ria da minha      vida. Muita paz e muita luz a todos.<\/p>\n<p>Foi muito bom ver a Sol trabalhando no Centro de C&aacute;lculo Eletr&ocirc;nico,      ver a sua felicidade em estar l&aacute;. A sua alegria contagia qualquer      um que a visita e pergunta como &eacute; o trabalho ali desenvolvido.      Agradecemos &agrave; ela pela entrevista e pela acolhida. E esperamos      que ela continue gostando do trabalho que faz.<\/p>\n<p>    <\/span> <\/td>\n<\/tr>\n<tr>\n<td align=\"LEFT\" valign=\"TOP\"><\/td>\n<td align=\"LEFT\" valign=\"TOP\"><a name=\"ainformativo2\"><span class=\"titulo\">FUNCIONAMENTO     DA UFMG NA &Uacute;LTIMA SEMANA DE OUTUBRO<\/span><\/a> <span class=\"texto\">     <\/p>\n<p>O funcionamento da UFMG durante a semana de 27 a 31\/10\/03 vai ser o      seguinte:<\/p>\n<p>&#8211; Dia 27\/10\/03 &#8211; Expediente normal<br \/>     &#8211; Dia 28\/10\/03 &#8211; Feriado<\/p>\n<p>    <\/span> <\/td>\n<\/tr>\n<tr>\n<td align=\"LEFT\" valign=\"TOP\"><\/td>\n<td align=\"LEFT\" valign=\"TOP\"><a name=\"ainformativo3\"><span class=\"titulo\">COTEMIG VAI     REALIZAR A TECNOFEIRA 2003<\/span><\/a> <span class=\"texto\">     <\/p>\n<p>De 23 a 25 de outubro, a Cotemig estar&aacute; realizando a <i>XI Exposi&ccedil;&atilde;o      Brasileira de Inform&aacute;tica<\/i>, no Minascentro, em Belo Horizonte.      A feira &eacute; destinada &agrave;s &aacute;reas de hardware, software,      novas tecnologias, Internet, Rob&oacute;tica, redes, al&eacute;m de      um espa&ccedil;o cient&iacute;fico com trabalhos desenvolvidos pelos      alunos da Faculdade e Col&eacute;gio Cotemig. A exposi&ccedil;&atilde;o      vai funcionar de 13:00 &agrave;s 21:00.<\/p>\n<p>Est&atilde;o programadas palestras com representantes da Avati Seguran&ccedil;a      Digital, PowerLogic, RM Sistemas, DCC\/UFMG, Microsiga, Itamb&eacute;      e BHJUG, no hor&aacute;rio de 15:00 &agrave;s 21:00.<\/p>\n<p>Os interessados em visitar a feira e assistir &agrave;s palestras poder&atilde;o      pegar convite com Igor Campos Leal, na sala 819, no CECOM.<\/p>\n<p>    <\/p>\n<p>    <\/span> <\/td>\n<\/tr>\n<tr>\n<td align=\"LEFT\" valign=\"TOP\"><\/td>\n<td align=\"LEFT\" valign=\"TOP\"><a name=\"ainformativo4\"><span class=\"titulo\">ALTERADO     O N&Uacute;MERO DE TELEFONE DA CASU<\/span><\/a> <span class=\"texto\">     <\/p>\n<p>A CASU &#8211; Caixa de Assist&ecirc;ncia &agrave; Sa&uacute;de da UFMG teve      alterado o seu n&uacute;mero telef&ocirc;nico, atendendo agora no (031)      3499-7200.<\/p>\n<p>    <\/p>\n<p>    <\/span> <\/td>\n<\/tr>\n<tr>\n<td align=\"LEFT\" valign=\"TOP\"><\/td>\n<td align=\"LEFT\" valign=\"TOP\"><a name=\"ainformativo5\"><span class=\"titulo\">DICAS DE     SITES INTERESSANTES<\/span><\/a> <span class=\"texto\">     <\/p>\n<p>Adyrus, o ca&ccedil;ador de sites, enviou, esta semana, as seguintes      dicas:<\/p>\n<p>&#8211; A <i>Fitness Brasil<\/i> (<a href=\"http:\/\/www.fitnessbrasil.com.br\/\">http:\/\/www.fitnessbrasil.com.br\/<\/a>),      maior empresa especializada em atualiza&ccedil;&atilde;o e desenvolvimento      profissional do Brasil e da Am&eacute;rica Latina para profissionais      de fitness e qualidade de vida, nasceu em 1990 a partir da ag&ecirc;ncia      de eventos Mec&acirc;nica de Produ&ccedil;&atilde;o, administrada por      Douglas Barbosa e Waldyr Soares, idealizador da Fitness Brasil.<\/p>\n<p>&#8211; Voc&ecirc; sabe como colaborar com a coleta seletiva? Sabe qual lixo      &eacute; recicl&aacute;vel e o que deve ser separado? Quanto do lixo      volta a circular como mercadoria depois de ser transformado? Sabe o      que os catadores de papel e ex-moradores de rua fazem pela cidade? As      respostas para essas e outras perguntas est&atilde;o na p&aacute;gina<a href=\"http:\/\/www.asmare.org.br\">      www.asmare.org.br<\/a>, da Associa&ccedil;&atilde;o de Catadores de Papel,      Papel&atilde;o e Material Reaproveit&aacute;vel de Belo Horizonte.<\/p>\n<p>&#8211; A G&amp;P (Gennari &amp; Peartree) lan&ccedil;a nove cursos gratuitos      (<a href=\"http:\/\/www.terradoaprender.com.br\">www.terradoaprender.com.br<\/a>)      para usu&aacute;rios finais pelo seu portal de edu&ccedil;&atilde;o      a dist&acirc;ncia. Os cursos t&ecirc;m a dura&ccedil;&atilde;o de uma      hora e abordam v&aacute;rios temas, como tecnologia e economia dom&eacute;sticas.<\/p>\n<p>&#8211; O <i>Brincando na Rede<\/i> (<a href=\"http:\/\/www.bancoreal.com.br\/brincando\">www.bancoreal.com.br\/brincando<\/a>),      &eacute; um site infantil lan&ccedil;ado h&aacute; dois anos pelo Banco      Real, que vai premiar as crian&ccedil;as que enviarem as adivinha&ccedil;&otilde;es      e as perguntas mais criativas durante o m&ecirc;s de outubro.<\/p>\n<p>&#8211; Entre um assunto e outro com um amigo que usa um software chamado      Intellicad, segundo ele, &eacute; a mais vantajosa alternativa de trabalho      com arquivos no formato DWG. O IntelliCAD 4 completa-se com novos desenvolvimentos      e novos recursos aumentando, ainda mais, a abrang&ecirc;ncia e a aplicabilidade      dessa poderosa ferramenta CAD,mantendo todas as caracter&iacute;sticas      de customiza&ccedil;&atilde;o na cria&ccedil;&atilde;o de menus e arquitetura      aberta para programa&ccedil;&atilde;o interna nas linguagens LISP, VB,      C, C++, etc, dando mais estabilidade operacional no ambiente Windows.      IntelliCAD R&amp;C\/TASK suporta agora m&uacute;ltiplos layouts, inclui      um &#8220;display engine&#8221; para melhor desempenho visual, suporta      modelamento com s&oacute;lidos ACIS, possui melhor gerenciamento de      mem&oacute;ria e um grande n&uacute;mero de melhoramentos solicitados      por in&uacute;meros usu&aacute;rios. &Eacute; bem mais barato que o      AutoCad e voc&ecirc; pode dar um Download na vers&atilde;o Trial. Entre      na p&aacute;gina <a href=\"http:\/\/www.rctask.com.br\">http:\/\/www.rctask.com.br<\/a>.      Se voc&ecirc; quiser conhecer mais sobre o produto, entre em contato      com Weberson Rodrigo, Tel.: 3418-2585, celular: 96471699.<\/p>\n<p>&#8211; Normalmente, quando aparece algu&eacute;m que est&aacute; fora h&aacute;      algum tempo, logo fazemos a pergunta: &#8220;<i>&#8211; U&eacute;, ele ainda      estava vivo?<\/i>&#8221; Ent&atilde;o, fique ligado e n&atilde;o fa&ccedil;a      este tipo de coment&aacute;rio acessando a p&aacute;gina <a href=\"http:\/\/www.whosaliveandwhosdead.com\/\">http:\/\/www.whosaliveandwhosdead.com\/<\/a>.      Voc&ecirc; pode fazer busca por atores, esportistas ou pol&iacute;ticos.      A p&aacute;gina tamb&eacute;m traz as mortes mais recentes. Nesta p&aacute;gina,      descobri que Carolyn Jones, Jackie Coogan, Ted Cassidy, da Fam&iacute;lia      Adams, morreram.<\/p>\n<p>&#8211; Para ficar por dentro de tudo que rola no campeonato da NBA, acesse      a p&aacute;gina <a href=\"http:\/\/www.odia.com.br\/sites\/ataque\/nba\">http:\/\/www.odia.com.br\/sites\/ataque\/nba<\/a>.      Voc&ecirc; fica por dentro de tudo sobre os times que comp&otilde;em      as confer&ecirc;ncias leste e oeste, a tabela dos jogos, estat&iacute;sticas,      hist&oacute;ria e os recordes. Caso voc&ecirc; prefira a p&aacute;gina      oficial da liga de basquete americano, navegue em <a href=\"http:\/\/www.nba.com\">http:\/\/www.nba.com<\/a>      e tamb&eacute;m o <a href=\"http:\/\/sports.yahoo.com\/nba\">http:\/\/sports.yahoo.com\/nba<\/a>,      com muitas informa&ccedil;&otilde;es. <\/p>\n<p>&#8211; Para os aficionados pelo <i>Star Wars<\/i>, j&aacute; tem uma p&aacute;gina      onde os colecionadores podem comprar diversos itens. A p&aacute;gina      <i>Galactic Hunter<\/i> (<a href=\"http:\/\/www.galactichunter.com\">http:\/\/www.galactichunter.com<\/a>)      &eacute; uma esp&eacute;cie de shopping virtual.<\/p>\n<p>&#8211; Que dom maravilhoso, a arte de expressar sentimentos !!! Eles nos      tocam, elevam, embriagam-nos, trazendo sonhos por muitas vezes contidos,      escondidos, envolventes. Esse site &eacute; para pessoas rom&acirc;nticas      e sonhadoras como voc&ecirc;, que gosta de viajar em textos e m&uacute;sicas      que sempre trazem boas lembran&ccedil;as. &Eacute; assim a p&aacute;gina      <a href=\"http:\/\/www.kixiki.com.br\">http:\/\/www.kixiki.com.br<\/a>.<\/p>\n<p>&#8211; O<i> Kadik&ecirc;<\/i> (<a href=\"http:\/\/www.kadike.com.br\/\">http:\/\/www.kadike.com.br\/<\/a>)      &eacute; uma p&aacute;gina feita para as crian&ccedil;as brincarem de      imprimir, pintar, recortar e montar. Al&eacute;m das tirinhas e da brincadeira      da semana, vale a pena conferir tamb&eacute;m a se&ccedil;&atilde;o      Ba&uacute; do Vov&ocirc;, que traz atra&ccedil;&otilde;es como os jogos      resta um, mem&oacute;ria e bingo matem&aacute;tico, instru&ccedil;&otilde;es      para se construir um m&oacute;bile e um rel&oacute;gio para as crian&ccedil;as      montarem e aprenderem a ver as horas.<\/p>\n<p>    <\/span> <\/td>\n<\/tr>\n<tr>\n<td align=\"LEFT\" valign=\"TOP\"><\/td>\n<td align=\"LEFT\" valign=\"TOP\"><a name=\"ainformativo6\"><span class=\"titulo\">MEM&Oacute;RIA     FOTOGR&Aacute;FICA DO CECOM<\/span><\/a> <span class=\"texto\">     <\/p>\n<p>As fotos desta semana foram tiradas na Cantina do &Acirc;ngelo e pertencem      ao acervo de slides da Redatora de O Sistem&aacute;tico. L&aacute; pelos      idos de 1978, qualquer motivo bastava para sair e comer massas ou churrasco.      E tirar fotografias! Uma hora era o Ed&eacute;sio, outra hora era a      Lel&eacute;, como tamb&eacute;m podia ser o Luiz Ricardo o dono da m&aacute;quina      fotogr&aacute;fica.<br \/>     No dia destas fotos, s&oacute; estavam presentes Edu, Le&atilde;o, Rodolfo,      Solange, Ed&eacute;sio, Luiz Ricardo e Lel&eacute;. <\/p>\n<p>As fotos foram tiradas por Ed&eacute;sio e Lel&eacute;.    <\/p>\n<p><img loading=\"lazy\" decoding=\"async\" src=\"https:\/\/www.ufmg.br\/dti\/wp-content\/uploads\/fotos\/pizzacentrobh_10.jpg\" width=\"530\" height=\"351\"><\/p>\n<p align=\"center\"><font face=\"1\"><i>Edu servindo um peda&ccedil;o de pizza      para Lel&eacute;<\/i><\/font><\/p>\n<p><img loading=\"lazy\" decoding=\"async\" src=\"https:\/\/www.ufmg.br\/dti\/wp-content\/uploads\/fotos\/pizzacentrobh_11.jpg\" width=\"530\" height=\"384\"><\/p>\n<p align=\"center\"><font face=\"1\"><i>Ser&aacute; que o Ed&eacute;sio n&atilde;o      vai parar de fotografar?<\/i><\/font><\/p>\n<p><img loading=\"lazy\" decoding=\"async\" src=\"https:\/\/www.ufmg.br\/dti\/wp-content\/uploads\/fotos\/pizzacentrobh_12.jpg\" width=\"530\" height=\"359\"><\/p>\n<p align=\"center\"><font face=\"1\"><i>Lel&eacute;<\/i><\/font><\/p>\n<p><img loading=\"lazy\" decoding=\"async\" src=\"https:\/\/www.ufmg.br\/dti\/wp-content\/uploads\/fotos\/pizzacentrobh_13.jpg\" width=\"530\" height=\"361\"><\/p>\n<p align=\"center\"><font face=\"1\"><i>Le&atilde;o (no cantinho), Rodolfo,      Sol, Edu, Ed&eacute;sio e Luiz Ricardo<\/i><\/font><\/p>\n<p><img loading=\"lazy\" decoding=\"async\" src=\"https:\/\/www.ufmg.br\/dti\/wp-content\/uploads\/fotos\/pizzacentrobh_14.jpg\" width=\"530\" height=\"343\"><\/p>\n<p align=\"center\"><font face=\"1\"><i>Luiz Ricardo, Le&atilde;o (mostrando      a sua calculadora de &uacute;ltima gera&ccedil;&atilde;o &#8211; era um tijolo),      Sol e Rodolfo (lendo o manual da calculadora)<\/i><\/font><\/p>\n<p><img loading=\"lazy\" decoding=\"async\" src=\"https:\/\/www.ufmg.br\/dti\/wp-content\/uploads\/fotos\/pizzacentrobh_15.jpg\" width=\"530\" height=\"361\"><\/p>\n<p align=\"center\"><font face=\"1\"><i>&Agrave; esquerda: Edu, Sol e Rodolfo.      &Agrave; direira: Luiz Ricardo, Ed&eacute;sio e Le&atilde;o.<\/i><\/font><\/p>\n<p>    <\/span> <\/td>\n<\/tr>\n<p>  <!-- #EndEditable -->  <\/table>\n<p> <!-- fim noticias --> <!-- tabela ha 20 anos --> <\/p>\n<table border=\"0\" cellspacing=\"0\" cellpadding=\"0\" class=\"cinza\">\n<tr>\n<td><img loading=\"lazy\" decoding=\"async\" src=\"https:\/\/www.ufmg.br\/dti\/wp-content\/uploads\/imgs\/tudo_pixel.gif\" width=\"1\" height=\"1\" alt=\"\" border=\"0\"><\/td>\n<td><img loading=\"lazy\" decoding=\"async\" src=\"https:\/\/www.ufmg.br\/dti\/wp-content\/uploads\/imgs\/tudo_pixel.gif\" width=\"19\" height=\"1\" alt=\"\" border=\"0\"><\/td>\n<td><img loading=\"lazy\" decoding=\"async\" src=\"https:\/\/www.ufmg.br\/dti\/wp-content\/uploads\/imgs\/tudo_pixel.gif\" width=\"510\" height=\"1\" alt=\"\" border=\"0\"><\/td>\n<td><img loading=\"lazy\" decoding=\"async\" src=\"https:\/\/www.ufmg.br\/dti\/wp-content\/uploads\/imgs\/tudo_pixel.gif\" width=\"19\" height=\"1\" alt=\"\" border=\"0\"><\/td>\n<td><img loading=\"lazy\" decoding=\"async\" src=\"https:\/\/www.ufmg.br\/dti\/wp-content\/uploads\/imgs\/tudo_pixel.gif\" width=\"1\" height=\"1\" alt=\"\" border=\"0\"><\/td>\n<\/tr>\n<tr>\n<td class=\"vermelho\" colspan=\"5\"><img loading=\"lazy\" decoding=\"async\" src=\"https:\/\/www.ufmg.br\/dti\/wp-content\/uploads\/imgs\/tudo_pixel.gif\" width=\"1\" height=\"1\" alt=\"\" border=\"0\"><\/td>\n<\/tr>\n<tr>\n<td class=\"vermelho\"><img loading=\"lazy\" decoding=\"async\" src=\"https:\/\/www.ufmg.br\/dti\/wp-content\/uploads\/imgs\/tudo_pixel.gif\" width=\"1\" height=\"1\" alt=\"\" border=\"0\"><\/td>\n<td><img loading=\"lazy\" decoding=\"async\" src=\"https:\/\/www.ufmg.br\/dti\/wp-content\/uploads\/imgs\/tudo_pixel.gif\" width=\"1\" height=\"1\" alt=\"\" border=\"0\"><\/td>\n<td align=\"LEFT\" valign=\"TOP\"><!-- #BeginEditable \"ha%2020%20anos\" --><a name=\"ainformativo7\"><img loading=\"lazy\" decoding=\"async\" src=\"https:\/\/www.ufmg.br\/dti\/wp-content\/uploads\/imgs\/tudo_pixel.gif\" width=\"1\" height=\"8\" alt=\"\" border=\"0\"><br \/>    <span class=\"titulo\">H\u00e1 20 anos&#8230;<\/span><\/a> <span class=\"texto\">     <\/p>\n<p>O Sistem&aacute;tico Ano VII, no. 39, de 20\/10\/1983, publicou not&iacute;cias      sobre a sele&ccedil;&atilde;o de pessoal para trabalhar no Vestibular      de 1984, a participa&ccedil;&atilde;o de funcion&aacute;rios do CECOM      no XVI CNI &#8211; Congresso Nacional de Inform&aacute;tica, inscri&ccedil;&otilde;es      para Concurso P&uacute;blico da UFMG, reserva de hor&aacute;rios para      utiliza&ccedil;&atilde;o do equipamento COBRA-305, implanta&ccedil;&atilde;o      de formul&aacute;rio de controle do Setor de Digita&ccedil;&atilde;o,      a entrevista de Avair Eust&aacute;quio na se&ccedil;&atilde;o &#8220;<i>Um      Pouco de N&oacute;s<\/i>&#8221;, entre outras. As not&iacute;cias que      se destacaram foram:<\/p>\n<p><b>FUNCION&Aacute;RIO NOVO NO CECOM<\/b><br \/>     <font face=\"1\">O Centro de Computa&ccedil;&atilde;o est&aacute; contando      desde o dia 17 de outubro com os servi&ccedil;os de Haroldo Alves. Ele      est&aacute; lotado no Setor de Servi&ccedil;os Gerais da Divis&atilde;o      de Apoio Administrativo<\/font>.<\/p>\n<p><b>REMANEJAMENTO DE PESSOAL<\/b><br \/>     <font face=\"1\">O funcion&aacute;rio Jader Santos, do Setor de Digita&ccedil;&atilde;o,      est&aacute; em fase de treinamento no Setor de Opera&ccedil;&atilde;o,      desde a semana passada. Ap&oacute;s o per&iacute;odo de treinamento,      Jader dever&aacute; fazer parte da equipe do turno da madrugada da Opera&ccedil;&atilde;o.<\/font><\/p>\n<p><b>CHEFIA DO TURNO DA MADRUGADA &#8211; OPERA&Ccedil;&Atilde;O<\/b><br \/>     <font face=\"1\">O funcion&aacute;rio Rubens Crispim da Silva assumiu,      desde ontem, dia 19, a chefia do turno da madrugada do Setor de Opera&ccedil;&atilde;o      da Divis&atilde;o de Produ&ccedil;&atilde;o.<\/font><\/p>\n<p>    <\/span><!-- #EndEditable --><br \/>     <img loading=\"lazy\" decoding=\"async\" src=\"https:\/\/www.ufmg.br\/dti\/wp-content\/uploads\/imgs\/tudo_pixel.gif\" width=\"1\" height=\"8\" alt=\"\" border=\"0\">    <\/td>\n<td><img loading=\"lazy\" decoding=\"async\" src=\"https:\/\/www.ufmg.br\/dti\/wp-content\/uploads\/imgs\/tudo_pixel.gif\" width=\"1\" height=\"1\" alt=\"\" border=\"0\"><\/td>\n<td class=\"vermelho\"><img loading=\"lazy\" decoding=\"async\" src=\"https:\/\/www.ufmg.br\/dti\/wp-content\/uploads\/imgs\/tudo_pixel.gif\" width=\"1\" height=\"1\" alt=\"\" border=\"0\"><\/td>\n<\/tr>\n<tr>\n<td class=\"vermelho\" colspan=\"5\"><img loading=\"lazy\" decoding=\"async\" src=\"https:\/\/www.ufmg.br\/dti\/wp-content\/uploads\/imgs\/tudo_pixel.gif\" width=\"1\" height=\"1\" alt=\"\" border=\"0\"><\/td>\n<\/tr>\n<\/table>\n<p> <!-- fim tabela ha 20 anos --><\/div>\n<p><a name='eventos'><\/a><\/p>\n<h4>Eventos<\/h4>\n<div class=\"centro-sistematico\">  <!-- noticias --> <\/p>\n<table border=\"0\" cellspacing=\"0\" cellpadding=\"0\">\n<tr>\n<td><\/td>\n<td><\/td>\n<\/tr>\n<p>  <!-- #BeginEditable \"materias\" -->   <\/p>\n<tr>\n<td align=\"LEFT\" valign=\"TOP\"><\/td>\n<td align=\"LEFT\" valign=\"TOP\"> <a name=\"aeventos1\"><span class=\"titulo\">SOCIAIS<\/span><\/a>     <span class=\"texto\">     <\/p>\n<p><b>ANIVERS&Aacute;RIOS:<\/b> <i>&#8220;O Sistem&aacute;tico&#8221; envia      os parab&eacute;ns para Maria Helena Caldeira dos Reis, aniversariante      do dia 19. E envia, tamb&eacute;m, os parab&eacute;ns para os ex-ceconianos:      Wesley Augusto Ara&uacute;jo Ribeiro, hoje, dia 16; Wanderson Machado      Horta, no dia 18; Jos&eacute; Diz Ramos e Patr&iacute;cia Lage, no dia      20; Jos&eacute; Marcos Silva Nogueira (DCC) e Clayton Ricardo Santos,      no dia 22; e Alexandre Castor de Oliveira Pires, no dia 23.<\/i><\/p>\n<p>    <\/span> <\/td>\n<\/tr>\n<p>  <!-- #EndEditable -->  <\/table>\n<p> <!-- fim noticias --><\/div>\n","protected":false},"excerpt":{"rendered":"<p>Not\u00edcias CHEGOU O HOR&Aacute;RIO DE VER&Atilde;O: FIQUE DE OLHO NA SUA AGENDA NOTES! INSCRI&Ccedil;&Otilde;ES VIA WEB PARA VAGAS NO HOSPITAL DAS CL&Iacute;NICAS S&Atilde;O 53% DO TOTAL UNIDADES E DEPARTAMENTOS J&Aacute; PODEM CUSTOMIZAR SUA PLANILHA GED SEMIN&Aacute;RIO DA ATI ACERTA DIRETRIZES PARA INTERFACES ENTRE BASES DE DADOS DAC FAZ APRESENTA&Ccedil;&Atilde;O PARA DEPTO. DE PSICOLOGIA CONTINUAM OS &#8230; <a title=\"Sistem\u00e1tico: Edi\u00e7\u00e3o 1177 &#8211; 16\/10\/2003\" class=\"read-more\" href=\"https:\/\/www.ufmg.br\/dti\/2003\/10\/16\/sistematico-edicao-1177-16102003\/\" aria-label=\"Read more about Sistem\u00e1tico: Edi\u00e7\u00e3o 1177 &#8211; 16\/10\/2003\">Ler mais<\/a><\/p>\n","protected":false},"author":3,"featured_media":0,"comment_status":"open","ping_status":"open","sticky":false,"template":"","format":"standard","meta":{"inline_featured_image":false,"footnotes":""},"categories":[13],"tags":[],"coauthors":[79],"class_list":["post-1450","post","type-post","status-publish","format-standard","hentry","category-sistematico"],"_links":{"self":[{"href":"https:\/\/www.ufmg.br\/dti\/wp-json\/wp\/v2\/posts\/1450","targetHints":{"allow":["GET"]}}],"collection":[{"href":"https:\/\/www.ufmg.br\/dti\/wp-json\/wp\/v2\/posts"}],"about":[{"href":"https:\/\/www.ufmg.br\/dti\/wp-json\/wp\/v2\/types\/post"}],"author":[{"embeddable":true,"href":"https:\/\/www.ufmg.br\/dti\/wp-json\/wp\/v2\/users\/3"}],"replies":[{"embeddable":true,"href":"https:\/\/www.ufmg.br\/dti\/wp-json\/wp\/v2\/comments?post=1450"}],"version-history":[{"count":0,"href":"https:\/\/www.ufmg.br\/dti\/wp-json\/wp\/v2\/posts\/1450\/revisions"}],"wp:attachment":[{"href":"https:\/\/www.ufmg.br\/dti\/wp-json\/wp\/v2\/media?parent=1450"}],"wp:term":[{"taxonomy":"category","embeddable":true,"href":"https:\/\/www.ufmg.br\/dti\/wp-json\/wp\/v2\/categories?post=1450"},{"taxonomy":"post_tag","embeddable":true,"href":"https:\/\/www.ufmg.br\/dti\/wp-json\/wp\/v2\/tags?post=1450"},{"taxonomy":"author","embeddable":true,"href":"https:\/\/www.ufmg.br\/dti\/wp-json\/wp\/v2\/coauthors?post=1450"}],"curies":[{"name":"wp","href":"https:\/\/api.w.org\/{rel}","templated":true}]}}