{"id":1490,"date":"2002-12-05T08:00:00","date_gmt":"2002-12-05T08:00:00","guid":{"rendered":"https:\/\/www.ufmg.br\/dti\/cecom\/?p=1490"},"modified":"2002-12-05T08:00:00","modified_gmt":"2002-12-05T08:00:00","slug":"sistematico-edicao-1137-05122002","status":"publish","type":"post","link":"https:\/\/www.ufmg.br\/dti\/2002\/12\/05\/sistematico-edicao-1137-05122002\/","title":{"rendered":"Sistem\u00e1tico: Edi\u00e7\u00e3o 1137 &#8211; 05\/12\/2002"},"content":{"rendered":"<ul>\n<li><a href=\"\/dti\/#noticias\">Not\u00edcias<\/a>\n<div class='submenuSistematico'>\n<ul>\n<li><a href=\"\/dti\/#anoticias1\"><span class=\"titulo\">SALVADOR     RECEBE IV ENCONTRO DE DIRIGENTES DE TI DAS IFES<\/span><\/a><\/li>\n<li><a href=\"\/dti\/#anoticias2\"><span class=\"titulo\">MODIFICA&Ccedil;&Otilde;ES     DO VESTIBULAR 2003<\/span><\/a><\/li>\n<li><a href=\"\/dti\/#anoticias3\"><span class=\"titulo\">DAC INSTRUI     AGENTES SOBRE IDENTIFICA&Ccedil;&Atilde;O DE IMPRESSORAS<\/span><\/a><\/li>\n<li><a href=\"\/dti\/#anoticias4\"><span class=\"titulo\">ERROS NA     C&Oacute;PIA DE ARQUIVOS<\/span><\/a><\/li>\n<li><a href=\"\/dti\/#anoticias5\"><span class=\"titulo\">FORMADA     A EQUIPE DE DESEMBALAGEM DO VESTIBULAR 2003<\/span><\/a><\/li>\n<li><a href=\"\/dti\/#anoticias6\"><span class=\"titulo\">ESTAT&Iacute;STICAS     DE SISTEMA ANTI-SPAM DE NOVEMBRO<\/span><\/a><\/li>\n<\/ul>\n<\/div>\n<\/li>\n<li><a href=\"\/dti\/#informativo\">Informativo<\/a>\n<div class='submenuSistematico'>\n<ul>\n<li><a href=\"\/dti\/#ainformativo1\"><span class=\"titulo\">DICAS DE     SITES INTERESSANTES<\/span><br \/>    <\/a><\/li>\n<li><a href=\"\/dti\/#ainformativo2\"><span class=\"titulo\">PLANT&Atilde;O     INFO<\/span><\/a><\/li>\n<li><a href=\"\/dti\/#ainformativo3\"><span class=\"titulo\">ELEI&Ccedil;&Otilde;ES     NA UFMG<\/span><\/a><\/li>\n<li><a href=\"\/dti\/#ainformativo4\"><span class=\"titulo\">MEM&Oacute;RIA     FOTOGR&Aacute;FICA DO CECOM<\/span><\/a><\/li>\n<li><a href=\"\/dti\/#ainformativo5\"><img loading=\"lazy\" decoding=\"async\" src=\"https:\/\/www.ufmg.br\/dti\/wp-content\/uploads\/imgs\/tudo_pixel.gif\" width=\"1\" height=\"8\" alt=\"\" border=\"0\"><br \/>    <span class=\"titulo\">H\u00e1 20 anos&#8230;<\/span><\/a><\/li>\n<\/ul>\n<\/div>\n<\/li>\n<li><a href=\"\/dti\/#eventos\">Eventos<\/a>\n<div class='submenuSistematico'>\n<ul>\n<li><a href=\"\/dti\/#aeventos1\"><span class=\"titulo\">CECOM OFERECE     TREINAMENTO DE FORMUL&Aacute;RIOS NOTES<\/span><\/a><\/li>\n<li><a href=\"\/dti\/#aeventos2\"><span class=\"titulo\">LCC OFERECE     TREINAMENTO<\/span><\/a><\/li>\n<li><a href=\"\/dti\/#aeventos3\"><span class=\"titulo\">FESTA DE     NATAL DO CECOM<\/span><\/a><\/li>\n<li><a href=\"\/dti\/#aeventos4\"><span class=\"titulo\">SOCIAIS<\/span><\/a><\/li>\n<\/ul>\n<\/div>\n<\/li>\n<\/ul>\n<p> <a name='noticias'><\/a><\/p>\n<h4>Not\u00edcias<\/h4>\n<div class=\"centro-sistematico\">  <!-- noticias --> <\/p>\n<table border=\"0\" cellspacing=\"0\" cellpadding=\"0\">\n<tr>\n<td><\/td>\n<td><\/td>\n<\/tr>\n<p>  <!-- #BeginEditable \"materias\" -->   <\/p>\n<tr>\n<td align=\"LEFT\" valign=\"TOP\"><\/td>\n<td align=\"LEFT\" valign=\"TOP\"> <a name=\"anoticias1\"><span class=\"titulo\">SALVADOR     RECEBE IV ENCONTRO DE DIRIGENTES DE TI DAS IFES<\/span><\/a> <span class=\"texto\">     <\/p>\n<p>Esta semana, nos dias 03 e 04 de dezembro, foi realizado em Salvador      o<i> IV Encontro de Dirigentes de Tecnologia da Informa&ccedil;&atilde;o      das Institui&ccedil;&otilde;es Federais de Ensino Superior<\/i>. Representando      a ATI, esteve presente o Diretor do Centro de Computa&ccedil;&atilde;o,      Carlos Alfeu Furtado da Fonseca.<\/p>\n<p>Neste Encontro, que foi realizado no campus da UFBA, os temas centrais      giraram em torno de quest&otilde;es relacionadas ao planejamento e financiamento      dos centros e n&uacute;cleos de TI das IFES, para que eles possam cumprir      seu papel de suporte e evolu&ccedil;&atilde;o das atividades de ensino,      pesquisa e extens&atilde;o de suas institui&ccedil;&otilde;es.<\/p>\n<p>Al&eacute;m da UFMG, estiveram presentes dirigentes da UFRGS, UnB,      UFBA, UFF, UFPE, UFC, UFPB, UFES, UFSM, UFMS, FUNREI, UNIRIO, Cefet\/RJ,      Cefet\/MG e Cefet\/BA.<\/p>\n<p>    <\/span> <\/td>\n<\/tr>\n<tr>\n<td align=\"LEFT\" valign=\"TOP\"><\/td>\n<td align=\"LEFT\" valign=\"TOP\"> <a name=\"anoticias2\"><span class=\"titulo\">MODIFICA&Ccedil;&Otilde;ES     DO VESTIBULAR 2003<\/span><\/a> <span class=\"texto\">     <\/p>\n<p>Em fun&ccedil;&atilde;o de um evento de grandes propor&ccedil;&otilde;es      que ocorrer&aacute; no Mineirinho durante todo o dia 07\/12 (s&aacute;bado),      v&aacute;rias modifica&ccedil;&otilde;es ocorreram no Vestibular da      UFMG, que acontece s&aacute;bado e domingo pr&oacute;ximos. Os candidatos      que fariam provas no Col&eacute;gio Promove Pampulha e na Escola Municipal      Dom Orione foram transferidos para outros locais.<\/p>\n<p>A Copeve tamb&eacute;m solicitou ao DSG que planejasse uma opera&ccedil;&atilde;o      de emerg&ecirc;ncia que pudesse impedir que, interessados no evento      do Mineirinho usassem o Campus da Pampulha como estacionamento gratuito.      Dentro desse planejamento, no s&aacute;bado (07\/12) s&oacute; ser&aacute;      permitido o acesso ao Campus Pampulha de professores, funcion&aacute;rios      e alunos, devidamente identificados, no hor&aacute;rio de 5h &agrave;s      11h. Ap&oacute;s esse hor&aacute;rio os port&otilde;es ser&atilde;o      abertos e todos poder&atilde;o entrar livremente.<\/p>\n<p>    <\/span>     <\/td>\n<\/tr>\n<tr>\n<td align=\"LEFT\" valign=\"TOP\"><\/td>\n<td align=\"LEFT\" valign=\"TOP\"> <a name=\"anoticias3\"><span class=\"titulo\">DAC INSTRUI     AGENTES SOBRE IDENTIFICA&Ccedil;&Atilde;O DE IMPRESSORAS<\/span><\/a> <span class=\"texto\">     <\/p>\n<p>A DAC enviou comunicado aos Agentes de Inform&aacute;tica das unidades\/&oacute;rg&atilde;os      da UFMG sobre impress&atilde;o de relat&oacute;rios dos sistemas Cliente\/Servidor,      disponibilizados pelo CECOM, tais como SICCA, COMPES, INA etc.<\/p>\n<p>Baseado no contato com os usu&aacute;rios, a DAC notou que os nomes      dos micros n&atilde;o s&atilde;o &uacute;nicos dentro da UFMG, dificultando      aos usu&aacute;rios a localiza&ccedil;&atilde;o correta de suas impressoras.<\/p>\n<p>A impressora &eacute; sempre mapeada pelo nome do micro em que ela      est&aacute; definida e seu modelo, por exemplo: Gengibre#HP LaserJet      1100. O micro de nome Gengibre (nome no Windows) tem uma impressora      HP Laserjet 1100 conectada a ele.<\/p>\n<p>Entretanto, alguns micros s&atilde;o configurados tendo como nome Windows      o mesmo nome do setor. Por exemplo, o micro do almoxarifado fica com      o nome &#8220;almox&#8221;. Como toda unidade tem um setor de almoxarifado,      pode ocorrer de v&aacute;rias impressoras aparecerem mapeadas como ALMOX#&lt;impressora&gt;,      ficando dif&iacute;cil selecionar a impressora correta. Caso seja selecionada      a impressora de outra unidade, o relat&oacute;rio ser&aacute; impresso      nesta outra unidade. <\/p>\n<p>Para evitar este problema, foram repassadas as seguintes instru&ccedil;&otilde;es:<br \/>     1. Ao utilizar o nome do setor como o nome do micro, deve ser colocado      um prefixo ou sufixo indicador da unidade. <i>Exemplo: almox-mus, almox-eef,      dir-contab, vet-contab.<\/i><br \/>     2. Utilizar o mesmo <i>&#8220;nome&#8221;<\/i> tanto no Windows quanto      na configura&ccedil;&atilde;o do TCP\/IP- DNS.<br \/>     3. Identificar os micros com etiquetas, onde constem o seu nome e seu      endere&ccedil;o IP.<\/p>\n<p>    <\/p>\n<p>    <\/span><\/td>\n<\/tr>\n<tr>\n<td align=\"LEFT\" valign=\"TOP\"><\/td>\n<td align=\"LEFT\" valign=\"TOP\"> <a name=\"anoticias4\"><span class=\"titulo\">ERROS NA     C&Oacute;PIA DE ARQUIVOS<\/span><\/a> <span class=\"texto\">     <\/p>\n<p>Durante o processo de implanta&ccedil;&atilde;o da nova vers&atilde;o      do sistema operacional de rede Novell Netware 6 nos servidores administrados      pelo CECOM, a DAC constatou a ocorr&ecirc;ncias de erros na c&oacute;pia      de arquivos que possu&iacute;am caracteres acentuados e espa&ccedil;os      nos nomes, uma vez que parece haver uma pequena diferen&ccedil;a entre      o reconhecimento destes nomes pelo Windows e pelo sistema Netware, da      Novell.<\/p>\n<p>Para evitar a repeti&ccedil;&atilde;o deste tipo de problema, no futuro,      &eacute; aconselh&aacute;vel evitar a utiliza&ccedil;&atilde;o de acentos,      &ccedil; e espa&ccedil;os nos nomes de arquivos, principalmente nos      primeiros 8 caracteres dos mesmos. <i>Ex.: em vez de A&ccedil;&atilde;o      Global de Constru&ccedil;&atilde;o da Cidadania.doc, usar AcaoGlobaldeConstrucaodaCidadania.doc,      ou Acao-Global-de-Construcao-da-Cidadania.<\/i><\/p>\n<p>    <\/span>     <\/td>\n<\/tr>\n<tr>\n<td align=\"LEFT\" valign=\"TOP\"><\/td>\n<td align=\"LEFT\" valign=\"TOP\"> <a name=\"anoticias5\"><span class=\"titulo\">FORMADA     A EQUIPE DE DESEMBALAGEM DO VESTIBULAR 2003<\/span><\/a> <span class=\"texto\">     <\/p>\n<p>O Coordenador de Processamento do Vestibular 2003 da UFMG divulgou,      esta semana, os nomes dos componentes das equipes de desembalagem das      provas da primeira etapa, que ter&aacute; in&iacute;cio neste s&aacute;bado,      dia 07 de dezembro. Os participantes s&atilde;o: Alda Batista, Aline      Toledo Silva, Ant&ocirc;nio Eust&aacute;quio Rodrigues, Antonino Bosco      de Andrade Oliveira, Carlos Roberto Alves Rodrigues, Cleto Boechat V&eacute;o,      Diarley Rone Silva, Eliane Pawlowski de Oliveira Ara&uacute;jo, Elizabeth      Gomes Oliveira Clementino, Gerson Edson Machado de Sousa, Gino Ottoni      Durante, Haroldo Alves, Igor de Carvalho Ferreira, Ivan Pereira Prado,      Leandro Souza Costa, Marcelo Novaes Machado, M&aacute;rcia Maria Fernandes      Fran&ccedil;a, M&aacute;rcio da Costa Viana, Maria Beatriz de Souza      Pereira Prado, Maria das Gra&ccedil;as Santa B&aacute;rbara, Maria Helena      Caldeira dos Reis, Maria Jos&eacute; Cortezzi, Patr&iacute;cia L&uacute;cia      Pereira Ferri V&eacute;o, Renato Machado Righi, Rosa Am&eacute;lia Santos      Froeseler, Rubens Crispim da Silva, Vicente Joel Prates Cordeiro Valadares,      Wanderson Machado Horta e Wilton Campos.<\/p>\n<p>Os hor&aacute;rios das equipes s&atilde;o:<\/p>\n<p>    <\/span> <\/p>\n<div align=\"center\">\n<table width=\"57%\" border=\"1\">\n<tr bgcolor=\"#99FFFF\">\n<td colspan=\"3\">\n<div align=\"center\"><font face=\"2\"><b>Prova 1<\/b><\/font><\/div>\n<\/td>\n<\/tr>\n<tr bgcolor=\"#99FFFF\">\n<td width=\"33%\">\n<div align=\"center\"><b><font face=\"2\">Dia<\/font><\/b><\/div>\n<\/td>\n<td width=\"45%\">\n<div align=\"center\"><b><font face=\"2\">Hor&aacute;rio<\/font><\/b><\/div>\n<\/td>\n<td width=\"22%\">\n<div align=\"center\"><b><font face=\"2\">Equipe<\/font><\/b><\/div>\n<\/td>\n<\/tr>\n<tr bgcolor=\"#99FFFF\">\n<td width=\"33%\">\n<div align=\"center\"><font face=\"2\">07\/12<\/font><\/div>\n<\/td>\n<td width=\"45%\">\n<div align=\"center\"><font face=\"2\">19:00 &#8211; 23:00<\/font><\/div>\n<\/td>\n<td width=\"22%\">\n<div align=\"center\"><font face=\"2\">DA<\/font><\/div>\n<\/td>\n<\/tr>\n<tr bgcolor=\"#99FFFF\">\n<td width=\"33%\">\n<div align=\"center\"><font face=\"2\">08\/12<\/font><\/div>\n<\/td>\n<td width=\"45%\">\n<div align=\"center\"><font face=\"2\">08:00 &#8211; 13:00<\/font><\/div>\n<\/td>\n<td width=\"22%\">\n<div align=\"center\"><font face=\"2\">DB<\/font><\/div>\n<\/td>\n<\/tr>\n<tr bgcolor=\"#99FFFF\">\n<td width=\"33%\">\n<div align=\"center\"><font face=\"2\"><\/font><\/div>\n<\/td>\n<td width=\"45%\">\n<div align=\"center\"><font face=\"2\">13:15 &#8211; 18:15<\/font><\/div>\n<\/td>\n<td width=\"22%\">\n<div align=\"center\"><font face=\"2\">DC<\/font><\/div>\n<\/td>\n<\/tr>\n<tr bgcolor=\"#99FFFF\">\n<td width=\"33%\">\n<div align=\"center\"><font face=\"2\"><\/font><\/div>\n<\/td>\n<td width=\"45%\">\n<div align=\"center\"><font face=\"2\">18:30 &#8211; 22:00<\/font><\/div>\n<\/td>\n<td width=\"22%\">\n<div align=\"center\"><font face=\"2\">DA<\/font><\/div>\n<\/td>\n<\/tr>\n<\/table><\/div>\n<p align=\"center\">&nbsp;<\/p>\n<table width=\"57%\" border=\"1\" align=\"center\">\n<tr bgcolor=\"#99FFFF\">\n<td colspan=\"3\">\n<div align=\"center\"><b><font face=\"2\">Prova 2<\/font><\/b><\/div>\n<\/td>\n<\/tr>\n<tr bgcolor=\"#99FFFF\">\n<td width=\"33%\">\n<div align=\"center\"><font face=\"2\"><b>Dia<\/b><\/font><\/div>\n<\/td>\n<td width=\"45%\">\n<div align=\"center\"><font face=\"2\"><b>Hor&aacute;rio<\/b><\/font><\/div>\n<\/td>\n<td width=\"22%\">\n<div align=\"center\"><font face=\"2\"><b>Equipe<\/b><\/font><\/div>\n<\/td>\n<\/tr>\n<tr bgcolor=\"#99FFFF\">\n<td width=\"33%\">\n<div align=\"center\"><font face=\"2\">09\/12<\/font><\/div>\n<\/td>\n<td width=\"45%\">\n<div align=\"center\"><font face=\"2\">08:00 &#8211; 12:00<\/font><\/div>\n<\/td>\n<td width=\"22%\">\n<div align=\"center\"><font face=\"2\">DB<\/font><\/div>\n<\/td>\n<\/tr>\n<tr bgcolor=\"#99FFFF\">\n<td width=\"33%\">\n<div align=\"center\"><font face=\"2\"><\/font><\/div>\n<\/td>\n<td width=\"45%\">\n<div align=\"center\"><font face=\"2\">13:00 &#8211; 17:30<\/font><\/div>\n<\/td>\n<td width=\"22%\">\n<div align=\"center\"><font face=\"2\">DA<\/font><\/div>\n<\/td>\n<\/tr>\n<tr bgcolor=\"#99FFFF\">\n<td width=\"33%\">\n<div align=\"center\"><font face=\"2\"><\/font><\/div>\n<\/td>\n<td width=\"45%\">\n<div align=\"center\"><font face=\"2\">18:00 &#8211; 22:30<\/font><\/div>\n<\/td>\n<td width=\"22%\">\n<div align=\"center\"><font face=\"2\">DC<\/font><\/div>\n<\/td>\n<\/tr>\n<tr bgcolor=\"#99FFFF\">\n<td width=\"33%\">\n<div align=\"center\"><font face=\"2\">10\/12<\/font><\/div>\n<\/td>\n<td width=\"45%\">\n<div align=\"center\"><font face=\"2\">08:00 &#8211; 10:30<\/font><\/div>\n<\/td>\n<td width=\"22%\">\n<div align=\"center\"><font face=\"2\">DB<\/font><\/div>\n<\/td>\n<\/tr>\n<tr bgcolor=\"#99FFFF\">\n<td width=\"33%\">\n<div align=\"center\"><font face=\"2\"><\/font><\/div>\n<\/td>\n<td width=\"45%\">\n<div align=\"center\"><font face=\"2\">10:30 &#8211; 13:00<\/font><\/div>\n<\/td>\n<td width=\"22%\">\n<div align=\"center\"><font face=\"2\">DC<\/font><\/div>\n<\/td>\n<\/tr>\n<\/table>\n<p align=\"center\"><span class=\"texto\"> <\/span><\/p>\n<p>    <span class=\"texto\"> <\/span> <\/p>\n<table width=\"19%\" border=\"1\">\n<tr>\n<td><font face=\"1\"><b>DA<\/b>: Desembalador A<\/font><\/td>\n<\/tr>\n<tr>\n<td><font face=\"1\"><b>DB:<\/b> Desembalador B<\/font><\/td>\n<\/tr>\n<tr>\n<td><font face=\"1\"><b>DC<\/b>: Desembalador C<\/font><\/td>\n<\/tr>\n<\/table>\n<p>&nbsp;<\/p>\n<p><span class=\"texto\"> <br \/>     <\/span><\/p>\n<\/td>\n<\/tr>\n<tr>\n<td align=\"LEFT\" valign=\"TOP\"><\/td>\n<td align=\"LEFT\" valign=\"TOP\"> <a name=\"anoticias6\"><span class=\"titulo\">ESTAT&Iacute;STICAS     DE SISTEMA ANTI-SPAM DE NOVEMBRO<\/span><\/a> <span class=\"texto\">     <\/p>\n<p>O gr&aacute;fico mostra, dia a dia, os n&uacute;meros de mensagens      trabalhadas e recusadas durante o m&ecirc;s de novembro de 2002:<\/p>\n<p><img loading=\"lazy\" decoding=\"async\" src=\"https:\/\/www.ufmg.br\/dti\/wp-content\/uploads\/imgs\/estatnov1.gif\" width=\"613\" height=\"370\"><\/p>\n<p>&nbsp;<\/p>\n<p>    <\/span>     <\/td>\n<\/tr>\n<p>  <!-- #EndEditable -->  <\/table>\n<p> <!-- fim noticias --><\/div>\n<p><a name='informativo'><\/a><\/p>\n<h4>Informativo<\/h4>\n<div class=\"centro-sistematico\">  <!-- noticias --> <\/p>\n<table border=\"0\" cellspacing=\"0\" cellpadding=\"0\">\n<tr>\n<td><\/td>\n<td><\/td>\n<\/tr>\n<p>  <!-- #BeginEditable \"materias\" -->   <\/p>\n<tr>\n<td align=\"LEFT\" valign=\"TOP\"><\/td>\n<td align=\"LEFT\" valign=\"TOP\"><a name=\"ainformativo1\"><span class=\"titulo\">DICAS DE     SITES INTERESSANTES<\/span><br \/>    <\/a> <img loading=\"lazy\" decoding=\"async\" src=\"https:\/\/www.ufmg.br\/dti\/wp-content\/uploads\/imgs\/tudo_pixel.gif\" width=\"1\" height=\"20\" alt=\"\" border=\"0\"><span class=\"texto\">Adyrus,     o ca&ccedil;ador de sites, enviou as seguintes dicas de sites:     <\/p>\n<p>&#8211; Seu c&atilde;o tosse muito? Voc&ecirc; est&aacute; cada vez mais      preocupado, mas n&atilde;o tem id&eacute;ia do motivo da tosse? Ent&atilde;o,      voc&ecirc; precisa ler urgentemente o artigo &quot;Por que meu animal      tosse???&quot; O endere&ccedil;o &eacute;: <a href=\"http:\/\/www.auaubrasil.cjb.net\/\">http:\/\/www.auaubrasil.cjb.net\/<\/a>.<\/p>\n<p>&#8211; Uma nova p&aacute;gina feminina, Saber Mulher, conta com um jogo      de perguntas que vai premiar os 500 primeiros colocados. Quem sabe se      voc&ecirc; n&atilde;o arrisca e ganha um pr&ecirc;mio? Climat&eacute;rio?      Acesse a se&ccedil;&atilde;o Climat&eacute;rio e saiba mais sobre o      assunto. Uma p&aacute;gina suave como elas&#8230; O endere&ccedil;o &eacute;:      <a href=\"http:\/\/www.sabermulher.com.br\/\">http:\/\/www.sabermulher.com.br\/<\/a>.<\/p>\n<p>&#8211; Quem &eacute; que n&atilde;o d&aacute; aquela olhada para a agulha      quando vai tomar inje&ccedil;&atilde;o? Mas, agora, para n&atilde;o      precisar tomar inje&ccedil;&otilde;es, &eacute; s&oacute; comer tomates.      Estas e outras curiosidades foram criadas neste ano que est&aacute;      terminando. A revista Time preparou uma edi&ccedil;&atilde;o especial      listando as melhores inven&ccedil;&otilde;es de 2002, como o microtelefone      que fica dentro de um dente falso. O endere&ccedil;o &eacute;: <a href=\"http:\/\/www.time.com\/time\/2002\/inventions\/\">www.time.com\/time\/2002\/inventions\/<\/a>.      (Site em Ingl&ecirc;s)<\/p>\n<p>&#8211; Para o pessoal que adora jogar cartas por computador, uma boa p&aacute;gina      &eacute; http:\/\/jogos decartas.cosmo.com.br. Nesta p&aacute;gina voc&ecirc;      encontrar&aacute; regras de v&aacute;rios jogos e muitas curiosidades      sobre o baralho. Mas se voc&ecirc; quer saber sobre os mais variados      jogos, v&aacute; at&eacute; <a href=\"http:\/\/www.coolnet.pt\/jogos\/jogos_de_cartas\/\">http:\/\/www.coolnet.pt\/jogos\/jogos_de_cartas\/<\/a>,      onde existem muitas listas de p&aacute;ginas com jogos de cartas dos      mais variados lugares do mundo. <\/p>\n<p>&#8211; Para os f&atilde;s daqueles jogos de RPG com cartas (algu&eacute;m      gosta disso?), a p&aacute;gina <a href=\"http:\/\/www.rpgcreek.hpg.ig.com.br\/00202.html\">http:\/\/www.rpgcreek.hpg.ig.com.br\/00202.html<\/a>      &eacute; um &oacute;timo ponto de partida. <\/p>\n<p>&#8211; Voc&ecirc; sabia que Walt Disney completaria 100 anos? Na p&aacute;gina      <a href=\"http:\/\/www.justdisney.com\/walt_disney\/biography\/long_bio.html\">http:\/\/www.justdisney.com\/walt_disney\/biography\/long_bio.html<\/a>      tem hist&oacute;ria sobre a vida e a obra dele. Como n&atilde;o poderia      deixar de ser, o Mickey Mouse tamb&eacute;m tem uma p&aacute;gina, <a href=\"http:\/\/www.info-galaxy.com\/MickeyMouse\">www.info-galaxy.com\/MickeyMouse<\/a>.      Conhe&ccedil;a a biografia e a filmografia do Mickey Mouse.<\/p>\n<p>&#8211; Muito legal &eacute; a p&aacute;gina de M&aacute;rio Guilherme, designer      e ilustrador, e &eacute; com infogr&aacute;ficos que ele mais se destaca.      Na p&aacute;gina, &eacute; poss&iacute;vel ver os diversos gr&aacute;ficos      que criou para jornais impressos e os produzidos especialmente para      internet, utilizando muito bem os recursos de anima&ccedil;&atilde;o      do programa Flash. Tamb&eacute;m vale a pena dar uma conferida nas ilustra&ccedil;&otilde;es      e fotografias em <a href=\"http:\/\/www.marioguilherme.com\">http:\/\/www.marioguilherme.com<\/a>.<\/p>\n<p>    <\/span> <\/td>\n<\/tr>\n<tr>\n<td align=\"LEFT\" valign=\"TOP\"><\/td>\n<td align=\"LEFT\" valign=\"TOP\"><a name=\"ainformativo2\"><span class=\"titulo\">PLANT&Atilde;O     INFO<\/span><\/a> <span class=\"texto\">     <\/p>\n<p>O <b>Plant&atilde;o Info<\/b> divulgou, nos &uacute;ltimos dias, as      seguintes not&iacute;cias:<\/p>\n<p><b>Saiu a vers&atilde;o 1.0 do United Linux<\/b> &#8211; O grupo UnitedLinux      &#8211; Conectiva, SuSE, SCO e Turbolinux &#8211; lan&ccedil;ou, no dia 20\/11, a      vers&atilde;o 1.0 do sistema operacional Linux unificado. <br \/>     O beta do produto foi liberado para download no final de setembro pelas      empresas participantes, e foi baixado 15 mil vezes no primeiro m&ecirc;s.      Por aqui, a Conectiva apresenta oficialmente a vers&atilde;o no dia      26\/11. <br \/>     O UnitedLinux &eacute; um sistema operacional para servidores com boas      notas, dizem as empresas, nos quesitos estabilidade, escalabilidade      e confiabilidade. A vers&atilde;o 1.0 sai inicialmente em ingl&ecirc;s,      japon&ecirc;s, chin&ecirc;s tradicional e simplificado, coreano, portugu&ecirc;s,      espanhol, italiano, alem&atilde;o, franc&ecirc;s e h&uacute;ngaro, e      conta com o apoio da HP e da IBM para seu lan&ccedil;amento. <br \/>     A vantagem do sistema unificado &eacute; que usu&aacute;rios de todo      o mundo poder&atilde;o comprar o mesmo produto, mas receber treinamento      e suporte em seus pr&oacute;prios pa&iacute;ses. Al&eacute;m da op&ccedil;&atilde;o      de download, ele ser&aacute; comercializado por mais de 16 mil revendas      no mundo, segundo a UnitedLinux. <br \/>     O UnitedLinux foi constru&iacute;do de acordo com os padr&otilde;es      LSB 1.2 (Linux Standard Base) e OpenI18N, do Free Standard Group. Ele      vem com ambiente de software e ferramentas para a constru&ccedil;&atilde;o      de conjuntos de servidores (as server farms, em ingl&ecirc;s); suporte      a hotplug PCI, para a instala&ccedil;&atilde;o e remo&ccedil;&atilde;o      de dispositivos sem reinicializa&ccedil;&atilde;o do sistema; e suporte      ao Kerberos, protocolo de autentica&ccedil;&atilde;o de redes; entre      outros recursos.<\/p>\n<p><b>Impsat e AT&amp;T entram na telefonia fixa <\/b>&#8211; A Impsat e a AT&amp;T      j&aacute; foram liberadas pela Anatel para entrar no mercado de telefonia      fixa no Brasil, e devem come&ccedil;ar a oferecer o novo servi&ccedil;o      nos pr&oacute;ximos 12 meses. <br \/>     A autoriza&ccedil;&atilde;o da Anatel foi publicada no dia 20\/11, no      Di&aacute;rio Oficial, o que significa que as duas operadoras devem      estrear no STFC (Servi&ccedil;o Telef&ocirc;nico Fixo Comutado) at&eacute;,      no m&aacute;ximo, novembro do ano que vem. <br \/>     A Impsat poder&aacute; atuar nas &aacute;reas com c&oacute;digo 11 (Grande      S&atilde;o Paulo e capital), 19 (Campinas e regi&atilde;o), 21 (Grande      Rio de Janeiro e capital), 31 (Belo Horizonte e regi&atilde;o), 41 (Curitiba      e regi&atilde;o), 51 (Porto Alegre e regi&atilde;o) e 61 (Distrito Federal),      sendo que, na Grande S&atilde;o Paulo e regi&atilde;o, a operadora poder&aacute;      oferecer tamb&eacute;m os servi&ccedil;os de DDD e DDI (ou Longa Dist&acirc;ncia      Nacional e Internacional, no nome oficial). <br \/>     J&aacute; a licen&ccedil;a para a AT&amp;T abrange a oferta de DDD e      DDI nas &aacute;reas de c&oacute;digo 21, 31, 41, 51, 61 e em todo o      estado de S&atilde;o Paulo. A operadora j&aacute; havia sido liberada      pela Anatel, em 26 de julho deste ano, a prestar o servi&ccedil;o de      telefonia fixa local nestas mesmas regi&otilde;es.<\/p>\n<p><b>Abuso da web no trabalho custa R$3bi ao ano<\/b> &#8211; As empresas brasileiras      perdem tr&ecirc;s bilh&otilde;es de reais ao ano, em produtividade,      por causa do abuso no uso da internet por parte de seus funcion&aacute;rios.      <br \/>     A afirma&ccedil;&atilde;o veio da Websense, criadora do software EIM,      que faz o gerenciamento do acesso &agrave; internet nas empresas. Na      opini&atilde;o da empresa, e com base nos n&uacute;mero por ela analisados,      os funcion&aacute;rios t&ecirc;m gasto cada vez mais tempo na web atr&aacute;s      de conte&uacute;do de interesse pessoal. <br \/>     Em uma pesquisa comandada recentemente pela empresa e pela Harris Interactive      nos Estados Unidos, funcion&aacute;rios admitiram passar 1,5 hora por      semana navegando em sites de conte&uacute;do n&atilde;o relacionado      ao trabalho. No mesmo estudo, os gerentes de Recursos Humanos disseram      que esta m&eacute;dia &eacute;, na verdade, infinitamente maior: 8,3      horas semanais, o que d&aacute; mais que um dia inteiro de trabalho      e contribui para agravar a crise mundial.<\/p>\n<p><b>AOL libera Netscape 7.0 em portugu&ecirc;s <\/b>&#8211; A AOL liberou,      no dia 25\/11, a vers&atilde;o em portugu&ecirc;s do Netscape 7.0, lan&ccedil;ado      l&aacute; fora em agosto. Esta &eacute; a primeira vers&atilde;o constru&iacute;da      em cima da plataforma de c&oacute;digo aberto Gecko, da Mozilla. <br \/>     O navegador sai em portugu&ecirc;s nas vers&otilde;es para Windows e      Linux &#8211; os macman&iacute;acos devem continuar com a vers&atilde;o em      ingl&ecirc;s. Entre as novidades est&atilde;o uma por&ccedil;&atilde;o      de recursos interessantes, como a Navega&ccedil;&atilde;o em Guias (Tabbed      Browsing, no nome em ingl&ecirc;s), que permite que o usu&aacute;rio      abra simultaneamente v&aacute;rios sites em uma s&oacute; janela do      browser, trocando aquele monte de janelas abertas na barra de tarefas      do Windows por abas dentro do pr&oacute;prio browser. <br \/>     Outros destaques s&atilde;o o recurso Busca (Click-to-search, em ingl&ecirc;s)      ferramenta de busca no pr&oacute;prio site com a ajuda do bot&atilde;o      direito do mouse; os gerenciadores de download, de senhas, de cookies      e de formul&aacute;rios; e a volta do preview de impress&atilde;o, que      tinha sumido na vers&atilde;o 6.2 apesar de ser um recurso muito &uacute;til,      principalmente quando se vai imprimir p&aacute;ginas cheias de frames.<\/p>\n<p><b>UnitedLinux custar&aacute; a partir de R$ 2,3 mil<\/b> &#8211; O UnitedLinux,      vers&atilde;o unificada do sistema operacional, chega aos usu&aacute;rios      do pa&iacute;s por a partir de 2 340 reais, segundo a Conectiva, uma      das quatro empresas do projeto. <br \/>     Este &eacute; o pre&ccedil;o estipulado por servidor para a vers&atilde;o      Basic, informou a Conectiva. As demais, Standard e Master, saem por      3 960 reais e 7 920 reais, respectivamente. A diferen&ccedil;a &eacute;      que a vers&atilde;o Standard ser&aacute; cobrada por servidor e, a Master,      por m&aacute;quina (um servidor com at&eacute; quatro processadores).      <br \/>     O que diferencia cada pacote &eacute; sua abrang&ecirc;ncia e o atendimento      do suporte, mas todas as edi&ccedil;&otilde;es incluem o servi&ccedil;o      de manuten&ccedil;&atilde;o, que inclui as corre&ccedil;&otilde;es e      atualiza&ccedil;&otilde;es do sistema durante o per&iacute;odo de um      ano. <br \/>     No Brasil, o produto recebeu o nome de Conectiva Linux Enterprise Edition      &#8211; Powered by UnitedLinux v.1.0. O sistema unificado mundialmente ainda      conta com o apoio da SCO (ex-Caldera), da SuSE e da Turbolinux, que      cuidar&atilde;o, cada uma, da distribui&ccedil;&atilde;o e do suporte      t&eacute;cnico do sistema operacional em regi&otilde;es determinadas      do planeta. <br \/>     O Conectiva Linux Enterprise Edition &#8211; Powered by UnitedLinux v.1.0      est&aacute; em conformidade com os padr&otilde;es Linux Standard Base      (LSB) e GB 18030. Segundo a Conectiva, &eacute; um sistema que oferece      alta disponibilidade e traz recursos como: Journaling virtual System, para      rein&iacute;cio r&aacute;pido do sistema ap&oacute;s uma suspens&atilde;o      imprevista; Logical Volume Manager, que agrupa um grande volume de armaze-namento      em discos f&iacute;sicos em volumes l&oacute;gicos; um diret&oacute;rio      central para a consolida&ccedil;&atilde;o das informa&ccedil;&otilde;es      dos usu&aacute;rios; e v&aacute;rias ferramentas de gerenciamento, entre      outros. <br \/>     Ao contr&aacute;rio das outras distribui&ccedil;&otilde;es da Conectiva,      o Conectiva Linux Enterprise Edition &#8211; Powered by UnitedLinux v.1.0      n&atilde;o ser&aacute; vendido via download, e sim apenas para compra      em caixa. Na internet, ser&atilde;o liberados apenas os fontes de cada      pacote.<\/p>\n<p>    <\/span> <\/td>\n<\/tr>\n<tr>\n<td align=\"LEFT\" valign=\"TOP\"><\/td>\n<td align=\"LEFT\" valign=\"TOP\"><a name=\"ainformativo3\"><span class=\"titulo\">ELEI&Ccedil;&Otilde;ES     NA UFMG<\/span><\/a> <span class=\"texto\">     <\/p>\n<p>A CAC divulgou a rela&ccedil;&atilde;o das chapas homologadas para      as elei&ccedil;&otilde;es, do dia 11\/12, de representantes titulares      e suplentes dos seguintes &oacute;rg&atilde;os e comiss&otilde;es: Conselho      Universit&aacute;rio, Conselho de Curadores, Conselho de Diretores,      Comiss&atilde;o Permanente de Pessoal Docente &#8211; CPPD, Comiss&atilde;o      Permanente de Pessoal T&eacute;cnico-Administrativo &#8211; CPPTA e Conselho      Diretor da Moradia Universit&aacute;ria. A lista est&aacute; afixada      no flanel&oacute;grafo do 8o. andar.<\/p>\n<p>    <\/p>\n<p>    <\/span> <\/td>\n<\/tr>\n<tr>\n<td align=\"LEFT\" valign=\"TOP\"><\/td>\n<td align=\"LEFT\" valign=\"TOP\"><a name=\"ainformativo4\"><span class=\"titulo\">MEM&Oacute;RIA     FOTOGR&Aacute;FICA DO CECOM<\/span><\/a> <span class=\"texto\">     <\/p>\n<p>No per&iacute;odo em que o Sistema Burroughs 6700 era o computador      central da UFMG e ocupava um sal&atilde;o no subsolo do pr&eacute;dio      da Reitoria, nunca faltou quem n&atilde;o o enfeitasse nas festas de      final de ano. As fotos foram tiradas em dezembro de 1981 e, segundo      a mem&oacute;ria do Helinho e do Renato, os respons&aacute;veis por      essa tarefa s&oacute; poderiam ser o Rainer e o Bessa. Conforme conversa      com o Nilson, o enfeite de Papai Noel no Burroughs era obra do Bessa.<\/p>\n<p>Enquanto o Burroughs esteve no CECOM, em dezembro n&atilde;o tinha      jeito mesmo. Ele se transformava num Papai Noel com as luzes do painel      formando os olhos e a boca.<\/p>\n<p>Quanto &agrave;s fotos, elas foram tiradas por William Andal&eacute;cio.<\/p>\n<p align=\"center\"><img loading=\"lazy\" decoding=\"async\" src=\"https:\/\/www.ufmg.br\/dti\/wp-content\/uploads\/fotos\/BurroughsNat1.jpg\" width=\"465\" height=\"316\"><\/p>\n<p align=\"center\"><font face=\"1\"><i>O painel do Burroughs como Papai Noel<\/i><\/font><\/p>\n<p align=\"center\"><img loading=\"lazy\" decoding=\"async\" src=\"https:\/\/www.ufmg.br\/dti\/wp-content\/uploads\/fotos\/BurrouhsNat2.jpg\" width=\"465\" height=\"324\"><\/p>\n<p align=\"center\"><img loading=\"lazy\" decoding=\"async\" src=\"https:\/\/www.ufmg.br\/dti\/wp-content\/uploads\/fotos\/BurroughsNat3.jpg\" width=\"306\" height=\"471\"><\/p>\n<p align=\"center\">    <\/p>\n<p>    <\/span> <\/td>\n<\/tr>\n<p>  <!-- #EndEditable -->  <\/table>\n<p> <!-- fim noticias --> <!-- tabela ha 20 anos --> <\/p>\n<table border=\"0\" cellspacing=\"0\" cellpadding=\"0\" class=\"cinza\">\n<tr>\n<td><img loading=\"lazy\" decoding=\"async\" src=\"https:\/\/www.ufmg.br\/dti\/wp-content\/uploads\/imgs\/tudo_pixel.gif\" width=\"1\" height=\"1\" alt=\"\" border=\"0\"><\/td>\n<td><img loading=\"lazy\" decoding=\"async\" src=\"https:\/\/www.ufmg.br\/dti\/wp-content\/uploads\/imgs\/tudo_pixel.gif\" width=\"19\" height=\"1\" alt=\"\" border=\"0\"><\/td>\n<td><img loading=\"lazy\" decoding=\"async\" src=\"https:\/\/www.ufmg.br\/dti\/wp-content\/uploads\/imgs\/tudo_pixel.gif\" width=\"510\" height=\"1\" alt=\"\" border=\"0\"><\/td>\n<td><img loading=\"lazy\" decoding=\"async\" src=\"https:\/\/www.ufmg.br\/dti\/wp-content\/uploads\/imgs\/tudo_pixel.gif\" width=\"19\" height=\"1\" alt=\"\" border=\"0\"><\/td>\n<td><img loading=\"lazy\" decoding=\"async\" src=\"https:\/\/www.ufmg.br\/dti\/wp-content\/uploads\/imgs\/tudo_pixel.gif\" width=\"1\" height=\"1\" alt=\"\" border=\"0\"><\/td>\n<\/tr>\n<tr>\n<td class=\"vermelho\" colspan=\"5\"><img loading=\"lazy\" decoding=\"async\" src=\"https:\/\/www.ufmg.br\/dti\/wp-content\/uploads\/imgs\/tudo_pixel.gif\" width=\"1\" height=\"1\" alt=\"\" border=\"0\"><\/td>\n<\/tr>\n<tr>\n<td class=\"vermelho\"><img loading=\"lazy\" decoding=\"async\" src=\"https:\/\/www.ufmg.br\/dti\/wp-content\/uploads\/imgs\/tudo_pixel.gif\" width=\"1\" height=\"1\" alt=\"\" border=\"0\"><\/td>\n<td><img loading=\"lazy\" decoding=\"async\" src=\"https:\/\/www.ufmg.br\/dti\/wp-content\/uploads\/imgs\/tudo_pixel.gif\" width=\"1\" height=\"1\" alt=\"\" border=\"0\"><\/td>\n<td align=\"LEFT\" valign=\"TOP\"><!-- #BeginEditable \"ha 20 anos\" --><a name=\"ainformativo5\"><img loading=\"lazy\" decoding=\"async\" src=\"https:\/\/www.ufmg.br\/dti\/wp-content\/uploads\/imgs\/tudo_pixel.gif\" width=\"1\" height=\"8\" alt=\"\" border=\"0\"><br \/>    <span class=\"titulo\">H\u00e1 20 anos&#8230;<\/span><\/a> <span class=\"texto\">     <\/p>\n<p>H&aacute; 20 anos, O Sistem&aacute;tico n&atilde;o foi editado, devido      &agrave; paralisa&ccedil;&atilde;o das atividades na UFMG.<\/p>\n<\/p>\n<p>    <\/span><!-- #EndEditable --><br \/> <img loading=\"lazy\" decoding=\"async\" src=\"https:\/\/www.ufmg.br\/dti\/wp-content\/uploads\/imgs\/tudo_pixel.gif\" width=\"1\" height=\"8\" alt=\"\" border=\"0\"><\/td>\n<td><img loading=\"lazy\" decoding=\"async\" src=\"https:\/\/www.ufmg.br\/dti\/wp-content\/uploads\/imgs\/tudo_pixel.gif\" width=\"1\" height=\"1\" alt=\"\" border=\"0\"><\/td>\n<td class=\"vermelho\"><img loading=\"lazy\" decoding=\"async\" src=\"https:\/\/www.ufmg.br\/dti\/wp-content\/uploads\/imgs\/tudo_pixel.gif\" width=\"1\" height=\"1\" alt=\"\" border=\"0\"><\/td>\n<\/tr>\n<tr>\n<td class=\"vermelho\" colspan=\"5\"><img loading=\"lazy\" decoding=\"async\" src=\"https:\/\/www.ufmg.br\/dti\/wp-content\/uploads\/imgs\/tudo_pixel.gif\" width=\"1\" height=\"1\" alt=\"\" border=\"0\"><\/td>\n<\/tr>\n<\/table>\n<p> <!-- fim tabela ha 20 anos --><\/div>\n<p><a name='eventos'><\/a><\/p>\n<h4>Eventos<\/h4>\n<div class=\"centro-sistematico\">  <!-- noticias --> <\/p>\n<table border=\"0\" cellspacing=\"0\" cellpadding=\"0\">\n<tr>\n<td><\/td>\n<td><\/td>\n<\/tr>\n<p>  <!-- #BeginEditable \"materias\" -->   <\/p>\n<tr>\n<td align=\"LEFT\" valign=\"TOP\"><\/td>\n<td align=\"LEFT\" valign=\"TOP\"> <a name=\"aeventos1\"><span class=\"titulo\">CECOM OFERECE     TREINAMENTO DE FORMUL&Aacute;RIOS NOTES<\/span><\/a> <span class=\"texto\">     <\/p>\n<p>No dia 03, o CECOM ofereceu um treinamento sobre Formul&aacute;rios      no Notes para funcion&aacute;rios da UFMG. Estiveram presentes: Eduardo      &Acirc;ngelo Costa (Proplan), L&iacute;dia Francisca de Faria (DP),      Maria da Concei&ccedil;&atilde;o C. Brant Rachid (DP), Ros&acirc;ngela      Sales F&eacute;lix Bissiate (DPFO\/DM), Rosenei da Silva Reis (DPFO\/DM)      e S&iacute;lvia Aparecida Moreira (DRCA). O instrutor foi Ant&ocirc;nio      Eust&aacute;quio Rodrigues e o monitor Eug&ecirc;nio Pacelli Pereira      de Souza, da DAC.<\/p>\n<p>O CECOM est&aacute; preparando, para o dia 17\/12, a apresenta&ccedil;&atilde;o      dos formul&aacute;rios institucionais para os setores da Universidade      que far&atilde;o uso dos mesmos.<\/p>\n<p>    <\/span> <\/td>\n<\/tr>\n<tr>\n<td align=\"LEFT\" valign=\"TOP\"><\/td>\n<td align=\"LEFT\" valign=\"TOP\"><a name=\"aeventos2\"><span class=\"titulo\">LCC OFERECE     TREINAMENTO<\/span><\/a> <span class=\"texto\">     <\/p>\n<p>O LCC abriu inscri&ccedil;&otilde;es para o treinamento <i>Opus<\/i>      que ser&aacute; realizado nos seguintes dias:<br \/>     <b>Turma 1<\/b>: 11\/12, de 08:00 &agrave;s 12:00<br \/>     <b>Turma 2<\/b>: 12\/12, de 08:00 &agrave;s 12:00<\/p>\n<p>Os treinamentos ser&atilde;o realizados na sala 1041, nas instala&ccedil;&otilde;es      do LCC, no pr&eacute;dio do ICEx.<\/p>\n<p>Os interessados devem enviar e-mail para treinamento@lcc.ufmg.br com      turma de prefer&ecirc;ncia, nome, unidade\/departamento e telefone para      contato.<\/p>\n<p>    <\/span>    <\/td>\n<\/tr>\n<tr>\n<td align=\"LEFT\" valign=\"TOP\"><\/td>\n<td align=\"LEFT\" valign=\"TOP\"><a name=\"aeventos3\"><span class=\"titulo\">FESTA DE     NATAL DO CECOM<\/span><\/a> <span class=\"texto\">     <\/p>\n<p>Em andamento os preparativos para a Festa de Natal dos funcion&aacute;rios      do CECOM. A lista de ades&atilde;o j&aacute; est&aacute; sendo passada,      sendo comunicado o valor da participa&ccedil;&atilde;o de cada um. Alguns      funcion&aacute;rios j&aacute; confirmaram a presen&ccedil;a enquanto      os demais n&atilde;o sabem se v&atilde;o ou se querem ir. A Comiss&atilde;o      Organizadora comunica que &eacute; necess&aacute;rio saber com anteced&ecirc;ncia      o n&uacute;mero de participantes para uma melhor organiza&ccedil;&atilde;o      da festa.<\/p>\n<p>A data de realiza&ccedil;&atilde;o &eacute; o dia 20 de dezembro, a      partir das 12:00. O local j&aacute; est&aacute; confirmado e o mapa      ser&aacute; distribu&iacute;do na semana da festa.<\/p>\n<p>Para angariar fundos para festa, foi realizado o sorteio, no dia 28\/11,      de duas cestas de guloseimas. Os ganhadores foram Pedro Paulo Cortezzi      Pedras e Raimundo Natalino Chaves. Uma pequena cesta foi oferecida &agrave;      Maria Helena Rodrigues Ara&uacute;jo, pela venda de mais de 20 rifas.<\/p>\n<p>    <\/span>    <\/td>\n<\/tr>\n<tr>\n<td align=\"LEFT\" valign=\"TOP\"><\/td>\n<td align=\"LEFT\" valign=\"TOP\"><a name=\"aeventos4\"><span class=\"titulo\">SOCIAIS<\/span><\/a>     <span class=\"texto\">     <\/p>\n<p><b>ANIVERS&Aacute;RIO:<\/b> <i>&#8220;O Sistem&aacute;tico&#8221; envia      os parab&eacute;ns para a &uacute;nica aniversariante da semana, Cl&aacute;udia      Galinkin, no dia 09.<\/i><\/p>\n<p><b>VISITA:<\/b> <i>Durante sua passagem por Salvador, Carlos Alfeu esteve      em contato com Eduardo Henrique Lima, que agora est&aacute; na UFBA.      Eduardo e Anna enviaram abra&ccedil;os a todos e agradeceram o envio      sistem&aacute;tico de O Sistem&aacute;tico, que &eacute; lido semanalmente      na Boa Terra. Eduardo est&aacute; respons&aacute;vel pela avalia&ccedil;&atilde;o      do sistema informatizado de Bibliotecas de l&aacute;. A Anna est&aacute;      entusiasmada com o curso de Nutri&ccedil;&atilde;o. No Natal eles devem      dar uma passada por aqui.<\/i><\/p>\n<p>    <\/span>    <\/td>\n<\/tr>\n<p>  <!-- #EndEditable -->  <\/table>\n<p> <!-- fim noticias --><\/div>\n","protected":false},"excerpt":{"rendered":"<p>Not\u00edcias SALVADOR RECEBE IV ENCONTRO DE DIRIGENTES DE TI DAS IFES MODIFICA&Ccedil;&Otilde;ES DO VESTIBULAR 2003 DAC INSTRUI AGENTES SOBRE IDENTIFICA&Ccedil;&Atilde;O DE IMPRESSORAS ERROS NA C&Oacute;PIA DE ARQUIVOS FORMADA A EQUIPE DE DESEMBALAGEM DO VESTIBULAR 2003 ESTAT&Iacute;STICAS DE SISTEMA ANTI-SPAM DE NOVEMBRO Informativo DICAS DE SITES INTERESSANTES PLANT&Atilde;O INFO ELEI&Ccedil;&Otilde;ES NA UFMG MEM&Oacute;RIA FOTOGR&Aacute;FICA DO CECOM &#8230; <a title=\"Sistem\u00e1tico: Edi\u00e7\u00e3o 1137 &#8211; 05\/12\/2002\" class=\"read-more\" href=\"https:\/\/www.ufmg.br\/dti\/2002\/12\/05\/sistematico-edicao-1137-05122002\/\" aria-label=\"Read more about Sistem\u00e1tico: Edi\u00e7\u00e3o 1137 &#8211; 05\/12\/2002\">Ler mais<\/a><\/p>\n","protected":false},"author":3,"featured_media":0,"comment_status":"open","ping_status":"open","sticky":false,"template":"","format":"standard","meta":{"inline_featured_image":false,"footnotes":""},"categories":[13],"tags":[],"coauthors":[79],"class_list":["post-1490","post","type-post","status-publish","format-standard","hentry","category-sistematico"],"_links":{"self":[{"href":"https:\/\/www.ufmg.br\/dti\/wp-json\/wp\/v2\/posts\/1490","targetHints":{"allow":["GET"]}}],"collection":[{"href":"https:\/\/www.ufmg.br\/dti\/wp-json\/wp\/v2\/posts"}],"about":[{"href":"https:\/\/www.ufmg.br\/dti\/wp-json\/wp\/v2\/types\/post"}],"author":[{"embeddable":true,"href":"https:\/\/www.ufmg.br\/dti\/wp-json\/wp\/v2\/users\/3"}],"replies":[{"embeddable":true,"href":"https:\/\/www.ufmg.br\/dti\/wp-json\/wp\/v2\/comments?post=1490"}],"version-history":[{"count":0,"href":"https:\/\/www.ufmg.br\/dti\/wp-json\/wp\/v2\/posts\/1490\/revisions"}],"wp:attachment":[{"href":"https:\/\/www.ufmg.br\/dti\/wp-json\/wp\/v2\/media?parent=1490"}],"wp:term":[{"taxonomy":"category","embeddable":true,"href":"https:\/\/www.ufmg.br\/dti\/wp-json\/wp\/v2\/categories?post=1490"},{"taxonomy":"post_tag","embeddable":true,"href":"https:\/\/www.ufmg.br\/dti\/wp-json\/wp\/v2\/tags?post=1490"},{"taxonomy":"author","embeddable":true,"href":"https:\/\/www.ufmg.br\/dti\/wp-json\/wp\/v2\/coauthors?post=1490"}],"curies":[{"name":"wp","href":"https:\/\/api.w.org\/{rel}","templated":true}]}}