{"id":1533,"date":"2001-12-13T08:00:00","date_gmt":"2001-12-13T08:00:00","guid":{"rendered":"https:\/\/www.ufmg.br\/dti\/cecom\/?p=1533"},"modified":"2001-12-13T08:00:00","modified_gmt":"2001-12-13T08:00:00","slug":"sistematico-edicao-1094-13122001","status":"publish","type":"post","link":"https:\/\/www.ufmg.br\/dti\/2001\/12\/13\/sistematico-edicao-1094-13122001\/","title":{"rendered":"Sistem\u00e1tico: Edi\u00e7\u00e3o 1094 &#8211; 13\/12\/2001"},"content":{"rendered":"<ul>\n<li><a href=\"\/dti\/#noticias\">Not\u00edcias<\/a>\n<div class='submenuSistematico'>\n<ul>\n<li><a href=\"\/dti\/#anoticias1\"><span class=\"titulo\">NCA E BU     NO GRUDE<\/span><\/a><\/li>\n<li><a href=\"\/dti\/#anoticias2\"><span class=\"titulo\">AVALIA&Ccedil;&Atilde;O     INTERNA<\/span><\/a><\/li>\n<li><a href=\"\/dti\/#anoticias3\"><span class=\"titulo\">ESPA&Ccedil;O     NO NOTES<\/span><\/a><\/li>\n<li><a href=\"\/dti\/#anoticias4\"><span class=\"titulo\">REDES PARA     A ESTA&Ccedil;&Atilde;O ECOL&Oacute;GICA<\/span><\/a><\/li>\n<li><a href=\"\/dti\/#anoticias5\"><span class=\"titulo\">REVEZAMENTO     DE FINAL DE ANO<\/span><\/a><\/li>\n<li><a href=\"\/dti\/#anoticias6\"><span class=\"titulo\">&Uacute;LTIMA     EDI&Ccedil;&Atilde;O DO ANO<\/span><\/a><\/li>\n<li><a href=\"\/dti\/#anoticias7\"><span class=\"titulo\">LAN&Ccedil;AMENTO     DE LIVRO<\/span><\/a><\/li>\n<\/ul>\n<\/div>\n<\/li>\n<li><a href=\"\/dti\/#informativo\">Informativo<\/a>\n<div class='submenuSistematico'>\n<ul>\n<li><a href=\"\/dti\/#ainformativo1\"><span class=\"titulo\">GENTEWHERE<\/span><br \/>    <\/a><\/li>\n<li><a href=\"\/dti\/#ainformativo2\"><span class=\"titulo\">GUIA DE SITES     INTERESSANTES<\/span><\/a><\/li>\n<li><a href=\"\/dti\/#ainformativo3\"><span class=\"titulo\">PLANT&Atilde;O      INFO<\/span><\/a><\/li>\n<li><a href=\"\/dti\/#ainformativo4\"><span class=\"titulo\">EMBALAGENS     PARA PRESENTES<\/span><\/a><\/li>\n<li><a href=\"\/dti\/#ainformativo5\"><span class=\"titulo\">MEM&Oacute;RIA     FOTOGR&Aacute;FICA DO CECOM<\/span><\/a><\/li>\n<li><a href=\"\/dti\/#ainformativo6\"><img loading=\"lazy\" decoding=\"async\" src=\"https:\/\/www.ufmg.br\/dti\/wp-content\/uploads\/imgs\/tudo_pixel.gif\" width=\"1\" height=\"8\" alt=\"\" border=\"0\"><br \/>    <span class=\"titulo\">H\u00e1 20 anos&#8230;<\/span><\/a><\/li>\n<\/ul>\n<\/div>\n<\/li>\n<li><a href=\"\/dti\/#eventos\">Eventos<\/a>\n<div class='submenuSistematico'>\n<ul>\n<li><a href=\"\/dti\/#aeventos1\"><span class=\"titulo\">TREINAMENTO     JAVA<\/span><\/a><\/li>\n<li><a href=\"\/dti\/#aeventos2\"><span class=\"titulo\">TREINAMENTO     LOTUS NOTES<\/span><\/a><\/li>\n<li><a href=\"\/dti\/#aeventos3\"><span class=\"titulo\">FESTA DE     NATAL DO CECOM<\/span><\/a><\/li>\n<li><a href=\"\/dti\/#aeventos4\"><span class=\"titulo\">SOCIAIS<\/span><\/a><\/li>\n<\/ul>\n<\/div>\n<\/li>\n<\/ul>\n<p> <a name='noticias'><\/a><\/p>\n<h4>Not\u00edcias<\/h4>\n<div class=\"centro-sistematico\">  <!-- noticias --> <\/p>\n<table border=\"0\" cellspacing=\"0\" cellpadding=\"0\">\n<tr>\n<td><\/td>\n<td><\/td>\n<\/tr>\n<p>  <!-- #BeginEditable \"materias\" -->   <\/p>\n<tr>\n<td align=\"LEFT\" valign=\"TOP\"><\/td>\n<td align=\"LEFT\" valign=\"TOP\"> <a name=\"anoticias1\"><span class=\"titulo\">NCA E BU     NO GRUDE<\/span><\/a> <span class=\"texto\">     <\/p>\n<p>Ap&oacute;s participarem de treinamento aplicado pelo CECOM, os usu&aacute;rios      do N&uacute;cleo de Ci&ecirc;ncias Agr&aacute;rias e da Biblioteca Universit&aacute;ria      j&aacute; est&atilde;o participando do Projeto Grude.<\/p>\n<p>A BU concluiu o processo de implanta&ccedil;&atilde;o t&atilde;o logo      as atividades de trabalho foram retomadas ap&oacute;s o per&iacute;odo      de greve. Do N&uacute;cleo de Ci&ecirc;ncias Agr&aacute;rias foi treinado      o Agente de Inform&aacute;tica da unidade, Valdemir Alves de Souza,      que atuou como replicador das informa&ccedil;&otilde;es e instalador      do Notes na unidade. No caso do NCA, foram tamb&eacute;m ativadas as      caixas institucionais.<\/p>\n<p>    <\/span> <\/td>\n<\/tr>\n<tr>\n<td align=\"LEFT\" valign=\"TOP\"><\/td>\n<td align=\"LEFT\" valign=\"TOP\"> <a name=\"anoticias2\"><span class=\"titulo\">AVALIA&Ccedil;&Atilde;O     INTERNA<\/span><\/a> <span class=\"texto\">     <\/p>\n<p>A diretoria do CECOM se reunir&aacute; amanh&atilde;, dia 14\/12, para      dar continuidade ao processo de Avalia&ccedil;&atilde;o Interna das      atividades executadas pelos funcion&aacute;rios do CECOM, referente      ao 2o. semestre de 2001. Nessa reuni&atilde;o, entre outros assuntos,      ser&atilde;o discutidas as avalia&ccedil;&otilde;es efetuadas internamente      em cada divis&atilde;o e tamb&eacute;m as avalia&ccedil;&otilde;es efetuadas      pelos usu&aacute;rios, em que, neste semestre, foi utilizado um novo      formul&aacute;rio como instrumento de avalia&ccedil;&atilde;o.<\/p>\n<p>    <\/p>\n<p>    <\/span><\/td>\n<\/tr>\n<tr>\n<td align=\"LEFT\" valign=\"TOP\"><\/td>\n<td align=\"LEFT\" valign=\"TOP\"> <a name=\"anoticias3\"><span class=\"titulo\">ESPA&Ccedil;O     NO NOTES<\/span><\/a> <span class=\"texto\">     <\/p>\n<p>Tendo em vista que os usu&aacute;rios da rede administrativa que utilizam      o Lotus Notes como ferramenta de correio e agenda est&atilde;o come&ccedil;ando      a ter problemas de falta de espa&ccedil;o no banco de dados do Notes,      a DAC &#8211; Divis&atilde;o de Atendimento e Consultoria &#8211; estar&aacute;      divulgando, na pr&oacute;xima semana, orienta&ccedil;&atilde;o para      evitar o desperd&iacute;cio deste recurso.<\/p>\n<p>    <\/p>\n<p>    <\/span><\/td>\n<\/tr>\n<tr>\n<td align=\"LEFT\" valign=\"TOP\"><\/td>\n<td align=\"LEFT\" valign=\"TOP\"> <a name=\"anoticias4\"><span class=\"titulo\">REDES PARA     A ESTA&Ccedil;&Atilde;O ECOL&Oacute;GICA<\/span><\/a> <span class=\"texto\">     <\/p>\n<p>A Esta&ccedil;&atilde;o Ecol&oacute;gica da UFMG, localizada no Campus      da Pampulha, possui uma infra-estrutura prec&aacute;ria para telefonia,      al&eacute;m de n&atilde;o possuir infra-estrutura de comunica&ccedil;&atilde;o      de dados. Buscando resolver estes problemas, o CECOM e o DPFO iniciar&atilde;o      obras para constru&ccedil;&atilde;o de infra-estrutura que viabilize      a interliga&ccedil;&atilde;o da Esta&ccedil;&atilde;o Ecol&oacute;gica      &agrave; Rede UFMG e &agrave; rede de telefonia, atrav&eacute;s de cabos      subterr&acirc;neos. Esta obra possibilitar&aacute; tamb&eacute;m a instala&ccedil;&atilde;o,      pela Telemar, de um telefone p&uacute;blico para uso dos visitantes      que participam das atividades desenvolvidas pela Esta&ccedil;&atilde;o.<\/p>\n<p>    <\/p>\n<p>    <\/span><\/td>\n<\/tr>\n<tr>\n<td align=\"LEFT\" valign=\"TOP\"><\/td>\n<td align=\"LEFT\" valign=\"TOP\"> <a name=\"anoticias5\"><span class=\"titulo\">REVEZAMENTO     DE FINAL DE ANO<\/span><\/a> <span class=\"texto\">     <\/p>\n<p>A Pr&oacute;-Reitoria de Recursos Humanos divulgou o seguinte e-mail      sobre o expediente na UFMG durante as festas de fim-de-ano:<\/p>\n<p>&#8220;Poder&aacute; haver libera&ccedil;&atilde;o de pessoal na UFMG,      devendo, contudo, haver revezamento de turmas nas duas semanas comemorativas,      sendo a primeira de 24 a 28 de dezembro e a segunda de 31 a 04 de janeiro      de 2002.<br \/>     Nos dias 24 e 31 de dezembro, a crit&eacute;rio do dirigente de cada      &oacute;rg&atilde;o, o funcionamento dos setores poder&aacute; ser at&eacute;      as 12 horas.<br \/>     O recesso dever&aacute; ser compensado na forma do inciso II do Artigo      44 da Lei 8.112\/90 (RJU), com as altera&ccedil;&otilde;es introduzidas      pela Lei 9.527\/97.&#8221;<\/p>\n<p>    <\/span>     <\/td>\n<\/tr>\n<tr>\n<td align=\"LEFT\" valign=\"TOP\"><\/td>\n<td align=\"LEFT\" valign=\"TOP\" bgcolor=\"#FFFFFF\"> <a name=\"anoticias6\"><span class=\"titulo\">&Uacute;LTIMA     EDI&Ccedil;&Atilde;O DO ANO<\/span><\/a> <span class=\"texto\">     <\/p>\n<p align=\"left\">Este &eacute; o &uacute;ltimo n&uacute;mero de O Sistem&aacute;tico      do ano de 2001. No ensejo, o <i>seu jornal do servi&ccedil;o<\/i> deseja<\/p>\n<p align=\"center\"><b>FELIZ NATAL E PR&Oacute;SPERO ANO NOVO PARA TODOS!<\/b><\/p>\n<p align=\"center\"><img loading=\"lazy\" decoding=\"async\" src=\"https:\/\/www.ufmg.br\/dti\/wp-content\/uploads\/fotos\/fotosist.jpg\" width=\"201\" height=\"248\"><\/p>\n<p>Tamb&eacute;m agradece a todos a colabora&ccedil;&atilde;o durante      todo o ano e espera continuar contando com a mesma alegria e aten&ccedil;&atilde;o      dispensadas nos seus 24 anos de exist&ecirc;ncia.<\/p>\n<p>O Sistem&aacute;tico espera, para o pr&oacute;ximo ano, muitas not&iacute;cias      boas, maravilhosas, recheadas de esperan&ccedil;a. E que todos continuem      &agrave; sua espera todas as semanas!<\/p>\n<p>    <\/span>     <\/td>\n<\/tr>\n<tr>\n<td align=\"LEFT\" valign=\"TOP\"><\/td>\n<td align=\"LEFT\" valign=\"TOP\"> <a name=\"anoticias7\"><span class=\"titulo\">LAN&Ccedil;AMENTO     DE LIVRO<\/span><\/a> <span class=\"texto\">     <\/p>\n<p>Fai&ccedil;al Farhat de Carvalho, Consultor T&eacute;cnico da FITec      &#8211; Funda&ccedil;&atilde;o para Inova&ccedil;&otilde;es Tecnol&oacute;gicas      e irm&atilde;o de Osvaldo S&eacute;rgio Farhat de Carvalho, diretor      do LCC, comunica o lan&ccedil;amento recente do seu novo livro <i>&#8220;Delphi      6 &#8211; Programa&ccedil;&atilde;o Orientada a Objetos&#8221;,<\/i> pela Editora      &Eacute;rica (S&atilde;o Paulo). Informa&ccedil;&otilde;es podem ser      obtidas no site da editora, no endere&ccedil;o www.editoraerica.com.br.     <\/p>\n<p>    <\/p>\n<p>    <\/span><\/td>\n<\/tr>\n<p>  <!-- #EndEditable -->  <\/table>\n<p> <!-- fim noticias --><\/div>\n<p><a name='informativo'><\/a><\/p>\n<h4>Informativo<\/h4>\n<div class=\"centro-sistematico\">  <!-- noticias --> <\/p>\n<table border=\"0\" cellspacing=\"0\" cellpadding=\"0\">\n<tr>\n<td><\/td>\n<td><\/td>\n<\/tr>\n<p>  <!-- #BeginEditable \"materias\" -->   <\/p>\n<tr>\n<td align=\"LEFT\" valign=\"TOP\"><\/td>\n<td align=\"LEFT\" valign=\"TOP\"><a name=\"ainformativo1\"><span class=\"titulo\">GENTEWHERE<\/span><br \/>    <\/a> <img loading=\"lazy\" decoding=\"async\" src=\"https:\/\/www.ufmg.br\/dti\/wp-content\/uploads\/imgs\/tudo_pixel.gif\" width=\"1\" height=\"20\" alt=\"\" border=\"0\"><br \/>     <span class=\"texto\"> <img loading=\"lazy\" decoding=\"async\" src=\"https:\/\/www.ufmg.br\/dti\/wp-content\/uploads\/imgs\/tudo_pixel.gif\" width=\"20\" height=\"191\" alt=\"\" border=\"0\" hspace=\"0\" vspace=\"0\" align=\"left\">Devido     aos trabalhos de organiza&ccedil;&atilde;o da Festa de Natal, a se&ccedil;&atilde;o     <i>GenteWhere<\/i> n&atilde;o est&aacute; sendo publicada. Em janeiro,     ap&oacute;s todas as comemora&ccedil;&otilde;es, O Sistem&aacute;tico     retornar&aacute; com as entrevistas dos ex-ceconianos.     <\/p>\n<p>&nbsp;<\/p>\n<p>    <\/span> <\/td>\n<\/tr>\n<tr>\n<td align=\"LEFT\" valign=\"TOP\"><\/td>\n<td align=\"LEFT\" valign=\"TOP\"><a name=\"ainformativo2\"><span class=\"titulo\">GUIA DE SITES     INTERESSANTES<\/span><\/a> <span class=\"texto\">     <\/p>\n<p>Dando continuidade &agrave;s dicas de sites da semana passada, Adyrus,      o ca&ccedil;ador de sites, enviou as seguintes:<\/p>\n<p>Sites de filmes:<br \/>     &#8211; &quot;Planeta dos Macacos&quot; &#8211; o franc&ecirc;s Pierre Boulle escreveu      essa hist&oacute;ria em 1963: <b>www.planetoftheapes.com<\/b>.<\/p>\n<p>&#8211; &quot;O Poderoso Chef&atilde;o&quot; &#8211; site dedicado &agrave; trilogia      do cinema baseada na obra de Mario Puzo: <b>www.jgeoff.com\/godfather.html<\/b>.<\/p>\n<p>&#8211; &quot;Psicopata Americano&quot; &#8211; adapta&ccedil;&atilde;o da obra      hom&ocirc;nima de Bret Easton Ellis: <b>www.americanpsycho.com<\/b>.<\/p>\n<p>&#8211; &quot;Regras da Vida&quot; &#8211; veja cenas do filme inspirado em livro      de John Irving: <b>www.miramax1999.com\/ciderhouse<\/b>.<\/p>\n<p>&#8211; &quot;Rollerball&quot; &#8211; estr&eacute;ia nos EUA em 2002, refilmagem      de filme de 1975, feito a partir de conto de William Harrison:<b> www.rollerball.com<\/b>.<\/p>\n<p>&#8211; &quot;O Senhor dos An&eacute;is&quot; &#8211; trilogia de J.R.R. Tolkien      que chega &agrave;s telas dos EUA em dezembro: <b>www.lordoftherings.net<\/b>.<\/p>\n<p>&#8211; &quot;Shrek&quot; &#8211; anima&ccedil;&atilde;o inspirada em livro infantil      de William Steig: <b>www.shrek.com<\/b>.<\/p>\n<p>&#8211; &quot;O Sil&ecirc;ncio dos Inocentes&quot; &#8211; fala desse filme e de      &quot;Hannibal&quot;, ambos baseados em livros de Thomas Harris: <b>www.hannibal      movie.com<\/b>.<\/p>\n<p>&#8211; &quot;Sleepers &#8211; a Vingan&ccedil;a Adormecida&quot; &#8211; adapta&ccedil;&atilde;o      de livro em que Lorenzo Carcaterra conta eventos de sua juventude em      um reformat&oacute;rio: <b>www.sleepers.com<\/b>.<\/p>\n<p>&#8211; &quot;O Talentoso Ripley&quot; &#8211; saiu de livro de 1955 de Patricia      Highsmith: <b>www.talentedmrripley.com<\/b>.<\/p>\n<p>&#8211; &quot;Tieta do Agreste&quot; &#8211; site do filme baseado na obra de Jorge      Amado: <b>www.skylight.com.br\/tieta<\/b>.<\/p>\n<p>&#8211; &quot;O Tigre e o Drag&atilde;o&quot; &#8211; a inspira&ccedil;&atilde;o      vem da literatura chinesa de Du Lu Wang: <b>www.crouchingtiger.com<\/b>.<\/p>\n<p>&#8211; &quot;Todos os Homens do Presidente&quot; &#8211; o caso Watergate, de      acordo com os jornalistas Carl Bernstein e Bob Woodward: <b>www.teachwithmovies.org\/guides\/all-the-presidents-men.html<\/b>.<\/p>\n<p>&#8211; &quot;Treze Dias Que Abalaram o Mundo&quot; &#8211; fala da crise dos m&iacute;sseis,      com base em livro co-editado por Ernest May: <b>www.thirteen-days.com<\/b>.<\/p>\n<p>Sites de escritores cujos trabalhos deram origem a filmes:<br \/>     &#8211; Alex Garland &#8211; site do autor de &quot;A Praia&quot;, livro que virou      filme com Leonardo DiCaprio: <b>www.alexgarland.com<\/b>.<\/p>\n<p>&#8211; Alice Hoffman &#8211; &quot;Da Magia &agrave; Sedu&ccedil;&atilde;o&quot;      foi escrito por essa escritora: <b>www.alicehoffman.com<\/b>.<\/p>\n<p>&#8211; Alice Walker &#8211; autora de &quot;A Cor P&uacute;rpura&quot;: <b>www.luminarium.org\/contemporary\/alicew<\/b>.<\/p>\n<p>&#8211; Ana&iuml;s Nin &#8211; dedicado &agrave; autora cuja obra inspirou &quot;Delta      de V&ecirc;nus&quot;: <b>www.anaisnin.com<\/b>.<\/p>\n<p>&#8211; Anne Frank &#8211; escreveu di&aacute;rio que se tornou c&eacute;lebre      por mostrar vis&atilde;o adolescente do Holocausto: <b>www.annefrank.com<\/b>.<\/p>\n<p>&#8211; Anne Rice &#8211; escreveu livros como &quot;Entrevista com o Vampiro&quot;:      www.annerice.com.<\/p>\n<p>&#8211; Ariano Suassuna &#8211; poemas do autor de &quot;O Auto da Compadecida&quot;:      <b>www.secrel.com.br\/jpoesia\/ari.html<\/b>.<\/p>\n<p>&#8211; Arthur Conan Doyle &#8211; criador do detetive Sherlock Holmes: <b>www.sherlockian.net<\/b>.<\/p>\n<p>&#8211; Boris Pasternak &#8211; escreveu &quot;Dr. Jivago&quot;: <b>www.rjgeib.com\/heroes\/pasternak\/paster.html<\/b>.<\/p>\n<p>&#8211; Bram Stoker &#8211; &quot;Dr&aacute;cula&quot; &eacute; sua cria&ccedil;&atilde;o      mais c&eacute;lebre: www.geocities.com\/psmcalduff.<\/p>\n<p>&#8211; Charles Dickens &#8211; vida e obra do autor de &quot;Oliver Twist&quot;:      <b>http:\/\/humwww.ucsc.edu\/dickens<\/b>.<\/p>\n<p>&#8211; Diane Fossey &#8211; site de institui&ccedil;&atilde;o que leva o nome      da autora de &quot;Na Montanha dos Gorilas&quot;: <b>www.gorillafund.org<\/b>.<\/p>\n<p>&#8211; Dick King Smith &#8211; autor de &quot;Babe, o Porquinho Atrapalhado&quot;:      <b>www.randomhouse.com\/kids\/dickkingsmith<\/b>.<\/p>\n<p>&#8211; E.B. White &#8211; o filme &quot;O Pequeno Stuart Little&quot; veio da      obra desse autor: <b>www.harperchildrens.com\/hch\/author\/author\/white<\/b>.<\/p>\n<p>&#8211; Edith Wharton &#8211; leia, em ingl&ecirc;s, o livro &quot;A &Eacute;poca      da Inoc&ecirc;ncia&quot;: <b>www.bartleby.com\/1005<\/b>.<\/p>\n<p>&#8211; E.L. Doctorow &#8211; assista a uma entrevista com o autor de &quot;Billy      Bathgate&quot;: <b>www.rolandcollection.com\/rolandcollection \/literature\/101\/W97.htm<\/b>.<\/p>\n<p>&#8211; E.M. Forster &#8211; traz a vers&atilde;o original do livro de que deriva      o filme &quot;Retorno a Howard&#8217;s End&quot;: <b>www.litrix.com\/howards\/howar001.htm<\/b>.<\/p>\n<p>&#8211; Fernando Gabeira &#8211; site do deputado e autor de &quot;O Que &Eacute;      Isso, Companheiro?&quot;: <b>www.gabeira.com.br<\/b>.<\/p>\n<p>&#8211; Frances Hodgson Burnett &#8211; livros da autora, incluindo &quot;The Secret      Garden&quot; e &quot;The Little Princess&quot;: <b>www139.pair.com\/read\/Frances_Hodgson_Burnett<\/b>.<\/p>\n<p>&#8211; Frederick Forsyth &#8211; escreveu &quot;O Dia do Chacal&quot;: <b>www.whirlnet.co.uk\/forsyth<\/b>.<\/p>\n<p>&#8211; George Orwell &#8211; an&aacute;lise do livro &quot;1984&quot;: <b>www.gerenser.com\/1984<\/b>.<\/p>\n<p>&#8211; Gustave Flaubert &#8211; site em franc&ecirc;s dedicado ao autor de &quot;Madame      Bovary&quot;: <br \/>     <b>www.univ-rouen.fr\/flaubert<\/b>.<\/p>\n<p>    <\/span> <\/td>\n<\/tr>\n<tr>\n<td align=\"LEFT\" valign=\"TOP\"><\/td>\n<td align=\"LEFT\" valign=\"TOP\">\n<p><a name=\"ainformativo3\"><span class=\"titulo\">PLANT&Atilde;O      INFO<\/span><\/a><br \/>     O <b>Plant&atilde;o Info<\/b> publicou, nas &uacute;ltimas semanas, as      seguintes not&iacute;cias:<span class=\"texto\"> <\/span><\/p>\n<p>    <span class=\"texto\">     <\/p>\n<p><b>Red Hat e IBM juntas por Linux no servidor &#8211;<\/b> A Red Hat vai trabalhar      junto com a IBM em softwares de c&oacute;digo aberto para os servidores      de sua linha eServer. <br \/>     A parceria com um dos maiores nomes da distribui&ccedil;&atilde;o Linux      mostra, mais uma vez, o entusiasmo da Big Blue com o mundo do ping&uuml;im.      Na s&eacute;rie eServer, est&atilde;o desde servidores baseados em processadores      Intel at&eacute; mainframes. <br \/>     Al&eacute;m do sistema operacional Linux, a Red Hat oferecer&aacute;      servi&ccedil;os de configura&ccedil;&atilde;o, suporte, upgrade e integra&ccedil;&atilde;o.      &#8220;V&aacute;rios clientes da IBM est&atilde;o escolhendo o Linux      da Red Hat para rodar em servidores da plataforma eServer por causa      da sua confiabilidade e dos baixos custos de manuten&ccedil;&atilde;o&#8221;,      afirma John Callies, vice-presidente do grupo de servidores da IBM.     <\/p>\n<p><b>Fez um 21? Pegue a conta na Internet <\/b> &#8211; Quem usa o DDD e o DDI      da Embratel j&aacute; pode acompanhar a movimenta&ccedil;&atilde;o de      sua conta telef&ocirc;nica pela internet &#8211; a operadora colocou em seu      site uma vers&atilde;o digital das faturas. <br \/>     No site, d&aacute; para consultar as &uacute;ltimas seis contas de telefone,      e ainda optar pelo pagamento online via d&eacute;bito em conta corrente.      D&aacute; tamb&eacute;m para imprimir a fatura (detalhada ou apenas      boleto para pagamento), cadastr&aacute;-la no d&eacute;bito autom&aacute;tico,      mudar o endere&ccedil;o para correspond&ecirc;ncia e a data de vencimento.      <br \/>     Mais um servi&ccedil;o oferecido &eacute; uma boa ferramenta para quem      gosta de ter controle total sobre suas contas: as informa&ccedil;&otilde;es      das faturas podem ser transferidas para o computador nos formatos texto      (txt), Excel ou PDF. <br \/>     Para acessar sua conta telef&ocirc;nica, v&aacute; ao link Minha Conta      Telef&ocirc;nica no site da Embratel.<\/p>\n<p><b>Di&aacute;rio Oficial j&aacute; est&aacute; na web &#8211;<\/b> J&aacute;      d&aacute; para consultar o Di&aacute;rio Oficial da Uni&atilde;o e o      Di&aacute;rio da Justi&ccedil;a pela Internet &#8211; e a Imprensa Nacional      promete que a atualiza&ccedil;&atilde;o da vers&atilde;o online &eacute;      feita logo nas primeiras horas da manh&atilde;. <br \/>     O acesso &agrave;s tr&ecirc;s se&ccedil;&otilde;es do Di&aacute;rio      Oficial Online &eacute; gratuito &#8211; mas o projeto prev&ecirc; a oferta      de mais informa&ccedil;&otilde;es por meio eletr&ocirc;nico. Nesta fase,      ser&atilde;o vendidas assinaturas do servi&ccedil;o, que incluir&aacute;      pesquisa de edi&ccedil;&otilde;es anteriores, a possibilidade de se      copiar textos para uso em editores de texto e uma edi&ccedil;&atilde;o      em cd-rom, com edi&ccedil;&otilde;es anteriores para pesquisa e arquivamento      de dados. <br \/>     Para dar uma olhada na vers&atilde;o digital do Di&aacute;rio Oficial,      em formato PDF, v&aacute; ao site da Imprensa Nacional.<\/p>\n<p><b>Visa cria senha para compras online &#8211;<\/b> A operadora de cart&otilde;es      de cr&eacute;dito Visa anunciou na segunda-feira um novo servi&ccedil;o      de pagamento online. O objetivo &eacute; oferecer mais seguran&ccedil;a      aos consumidores que usam seus cart&otilde;es para compras via Internet.      <br \/>     Enquanto a maioria dos compradores tem de digitar todos os n&uacute;meros      do cart&atilde;o na internet, a Visa fornecer&aacute; senhas aos consumidores,      prevenindo a possibilidade do uso ilegal de informa&ccedil;&otilde;es      do cart&atilde;o. <br \/>     Chamado Verified by Visa (Verificado pela Visa), o programa possibilitar&aacute;      aos varejistas online participantes validar imediatamente a identidade      dos compradores atrav&eacute;s do uso da senha. <br \/>     Durante o m&ecirc;s de novembro, 70 por cento dos consumidores entrevistados      pelo Visa afirmaram que se sentiriam muito mais seguros se houvesse      um sistema de verifica&ccedil;&atilde;o de identidade na Web. <br \/>     &#8220;As pessoas est&atilde;o passando mais tempo online, mas quando      o assunto &eacute; compras, aqueles que t&ecirc;m cart&atilde;o ainda      est&atilde;o de fora&#8221;, disse Carl Pascarella, presidente-executivo      da Visa nos EUA. <br \/>     Pascarella afirmou que a op&ccedil;&atilde;o de prote&ccedil;&atilde;o      de senha ir&aacute; impulsionar a confian&ccedil;a entre os internautas      que, apesar de estarem protegidos contra fraude se os cart&otilde;es      forem usados sem autoriza&ccedil;&atilde;o, ainda est&atilde;o receosos      quanto a fazer pagamentos online. <\/p>\n<p><b>Embratel parte para chamadas locais &#8211;<\/b> At&eacute; a semana passada,      a Embratel planejava iniciar opera&ccedil;&otilde;es no mercado de telefonia      local a partir de nove capitais. Mas as novas regras para o setor em      2002, anunciadas pela Ag&ecirc;ncia Nacional de Telecomunica&ccedil;&otilde;es      (Anatel) no dia 28\/11, animaram a operadora, que j&aacute; estuda ampliar      o n&uacute;mero de cidades a serem atendidas inicialmente. <br \/>     Em entrevista no dia 03\/12, a vice-presidente de Assuntos Externos e      Servi&ccedil;os Locais da Embratel, Purificaci&oacute;n Carpinteyro,      disse que a companhia est&aacute; &#8220;avaliando a possibilidade de      entrar em mais de nove cidades desde o in&iacute;cio das opera&ccedil;&otilde;es      da Embratel em telefonia local.&#8221; O plano original prev&ecirc; a      oferta de servi&ccedil;os em S&atilde;o Paulo, Rio de Janeiro, Porto      Alegre, Curitiba, Bras&iacute;lia, Belo Horizonte, Salvador, Fortaleza      e Recife. <br \/>     Purificaci&oacute;n, falando com jornalistas ap&oacute;s participar      de um semin&aacute;rio de telecomunica&ccedil;&otilde;es organizado      pela C&acirc;mara Americana de Com&eacute;rcio de S&atilde;o Paulo (Amcham-SP),      n&atilde;o disse qual seria o novo n&uacute;mero de cidades atendidas.      <br \/>     A Embratel, que j&aacute; amea&ccedil;ou desistir da telefonia local      por causa das antigas regras da Anatel, sente-se agora confort&aacute;vel      para entrar num mercado que, segundo estimativa de Purificaci&oacute;n,      representa 60 por cento do faturamento das operadoras de telecomunica&ccedil;&otilde;es      no pa&iacute;s. &#8220;Mesmo que consigamos uma por&ccedil;&atilde;o      pequena disso, ainda assim ser&aacute; muito relevante&acute;&acute;.      <br \/>     Entre as medidas anunciadas pela Anatel que ajudam a Embratel est&aacute;      a obrigatoriedade do chamado &#8220;unbundling&acute;&acute; ou desagrega&ccedil;&atilde;o,      isto &eacute;, a abertura das redes das operadoras dominantes para as      companhias telef&ocirc;nicas que est&atilde;o entrando no mercado. Esse      era o principal empecilho para a Embratel, maior operadora de longa      dist&acirc;ncia do Brasil, que pelas regras anteriores poderia ter que      fazer investimentos pesados em infra-estrutura para atuar na telefonia      local. <br \/>     Pelas novas regras, Telef&ocirc;nica de S&atilde;o Paulo, Telemar e      Brasil Telecom ter&atilde;o que compartilhar suas redes locais com as      operadoras estreantes em seus respectivos mercados, caso da Embratel.      <br \/>     A Embratel, que no final da semana passada entregou relat&oacute;rio      que atesta a antecipa&ccedil;&atilde;o para este ano das metas de universaliza&ccedil;&atilde;o      previstas somente para 2003, solicitou &agrave; Anatel licen&ccedil;a      para atuar no mercado local em junho do ano passado. Purificaci&oacute;n      n&atilde;o soube informar se um novo pedido ser&aacute; necess&aacute;rio      por causa das altera&ccedil;&otilde;es nas regras de abertura que entram      em vigor no ano que vem. <br \/>     <i>COMPETI&Ccedil;&Atilde;O AINDA DEMORA <\/i><br \/>     Na melhor das hip&oacute;teses, pelas contas da executiva da Embratel,      a competi&ccedil;&atilde;o em telefonia local come&ccedil;ar&aacute;      para valer em maio de 2002. Isso na previs&atilde;o mais otimista. <br \/>     Segundo Purificaci&oacute;n, existem prazos para o fechamento de contratos      de interconex&atilde;o, per&iacute;odo para programa&ccedil;&atilde;o      das centrais e distribui&ccedil;&atilde;o dos blocos com n&uacute;meros      de telefones e testes. Caso tudo isso n&atilde;o ocorra paralelamente,      a Embratel s&oacute; deve estrear na competi&ccedil;&atilde;o local      no segundo semestre de 2002. <br \/>     A executiva, por&eacute;m, confia na atua&ccedil;&atilde;o da Anatel      para garantir prazos curtos. &#8220;Se tem isonomia, um contrato assinado      entre a Telef&ocirc;nica (de S&atilde;o Paulo) e a V&eacute;sper (empresa      espelho) tem o mesmo conte&uacute;do de um acordo com a Embratel. S&oacute;      muda o nome da operadora&#8221;, afirmou. &#8220;As novas regras s&atilde;o      o gatilho do mercado&#8221;, concluiu. 2<\/p>\n<p>    <\/span> <\/td>\n<\/tr>\n<tr>\n<td align=\"LEFT\" valign=\"TOP\"><\/td>\n<td align=\"LEFT\" valign=\"TOP\"><a name=\"ainformativo4\"><span class=\"titulo\">EMBALAGENS     PARA PRESENTES<\/span><\/a> <span class=\"texto\">     <\/p>\n<p>Se voc&ecirc; est&aacute; precisando de embalagens de diversos tipos      e tamanhos para os seus presentes de Natal, consulte Jana&iacute;na,      atrav&eacute;s dos telefones 3433-1077 e 3494-8633. Existem, tamb&eacute;m,      modelos sob medida e personalizados.<\/p>\n<p>    <\/p>\n<p>    <\/span> <\/td>\n<\/tr>\n<tr>\n<td align=\"LEFT\" valign=\"TOP\"><\/td>\n<td align=\"LEFT\" valign=\"TOP\"><a name=\"ainformativo5\"><span class=\"titulo\">MEM&Oacute;RIA     FOTOGR&Aacute;FICA DO CECOM<\/span><\/a> <span class=\"texto\">     <\/p>\n<p>Quando os funcion&aacute;rios do CECOM entraram no 8o. andar no dia      30 de novembro de 1998, encontraram o corredor todo enfeitado com a      tradicional &aacute;rvore de Natal com enfeites doados por todos e um      pres&eacute;pio tamanho fam&iacute;lia. O pres&eacute;pio estilizado,      foi forrado com sementes espalhadas entre as figuras do Menino Jesus,      Maria, Jos&eacute; e o Anjo. O Sistem&aacute;tico, Ano XXII, no. 40,      publicou o seguinte:<\/p>\n<p>&#8220;Muitas perguntas foram feitas sobre as sementes que se encontram      no pres&eacute;pio e nos enfeites do corredor. Como estamos nos preparando      para a virada do 2o mil&ecirc;nio, esta &eacute; a hora de plantarmos.      Isso, em todas as atividades, nas amizades, nos planos, no trabalho,      em todas as coisas da vida. As sementes est&atilde;o a&iacute; para      germinar e assim, colhermos durante o ano todo. No pr&oacute;ximo mil&ecirc;nio,      as pessoas v&atilde;o estar voltadas para as coisas ao seu redor e o      que se plantar vai se colher.&#8221;<\/p>\n<p>As fotos s&atilde;o de Renato Righi.<\/p>\n<p align=\"center\"><img loading=\"lazy\" decoding=\"async\" src=\"https:\/\/www.ufmg.br\/dti\/wp-content\/uploads\/fotos\/presep1.jpg\" width=\"519\" height=\"365\"><\/p>\n<p><img loading=\"lazy\" decoding=\"async\" src=\"https:\/\/www.ufmg.br\/dti\/wp-content\/uploads\/fotos\/presep2.jpg\" width=\"539\" height=\"348\"><\/p>\n<p align=\"center\"><img loading=\"lazy\" decoding=\"async\" src=\"https:\/\/www.ufmg.br\/dti\/wp-content\/uploads\/fotos\/presep3.jpg\" width=\"328\" height=\"585\"><\/p>\n<p>&nbsp;<\/p>\n<p>    <\/span> <\/td>\n<\/tr>\n<p>  <!-- #EndEditable -->  <\/table>\n<p> <!-- fim noticias --> <!-- tabela ha 20 anos --> <\/p>\n<table border=\"0\" cellspacing=\"0\" cellpadding=\"0\" class=\"cinza\">\n<tr>\n<td><img loading=\"lazy\" decoding=\"async\" src=\"https:\/\/www.ufmg.br\/dti\/wp-content\/uploads\/imgs\/tudo_pixel.gif\" width=\"1\" height=\"1\" alt=\"\" border=\"0\"><\/td>\n<td><img loading=\"lazy\" decoding=\"async\" src=\"https:\/\/www.ufmg.br\/dti\/wp-content\/uploads\/imgs\/tudo_pixel.gif\" width=\"19\" height=\"1\" alt=\"\" border=\"0\"><\/td>\n<td><img loading=\"lazy\" decoding=\"async\" src=\"https:\/\/www.ufmg.br\/dti\/wp-content\/uploads\/imgs\/tudo_pixel.gif\" width=\"510\" height=\"1\" alt=\"\" border=\"0\"><\/td>\n<td><img loading=\"lazy\" decoding=\"async\" src=\"https:\/\/www.ufmg.br\/dti\/wp-content\/uploads\/imgs\/tudo_pixel.gif\" width=\"19\" height=\"1\" alt=\"\" border=\"0\"><\/td>\n<td><img loading=\"lazy\" decoding=\"async\" src=\"https:\/\/www.ufmg.br\/dti\/wp-content\/uploads\/imgs\/tudo_pixel.gif\" width=\"1\" height=\"1\" alt=\"\" border=\"0\"><\/td>\n<\/tr>\n<tr>\n<td class=\"vermelho\" colspan=\"5\"><img loading=\"lazy\" decoding=\"async\" src=\"https:\/\/www.ufmg.br\/dti\/wp-content\/uploads\/imgs\/tudo_pixel.gif\" width=\"1\" height=\"1\" alt=\"\" border=\"0\"><\/td>\n<\/tr>\n<tr>\n<td class=\"vermelho\"><img loading=\"lazy\" decoding=\"async\" src=\"https:\/\/www.ufmg.br\/dti\/wp-content\/uploads\/imgs\/tudo_pixel.gif\" width=\"1\" height=\"1\" alt=\"\" border=\"0\"><\/td>\n<td><img loading=\"lazy\" decoding=\"async\" src=\"https:\/\/www.ufmg.br\/dti\/wp-content\/uploads\/imgs\/tudo_pixel.gif\" width=\"1\" height=\"1\" alt=\"\" border=\"0\"><\/td>\n<td align=\"LEFT\" valign=\"TOP\"><!-- #BeginEditable \"ha 20 anos\" --><a name=\"ainformativo6\"><img loading=\"lazy\" decoding=\"async\" src=\"https:\/\/www.ufmg.br\/dti\/wp-content\/uploads\/imgs\/tudo_pixel.gif\" width=\"1\" height=\"8\" alt=\"\" border=\"0\"><br \/>    <span class=\"titulo\">H\u00e1 20 anos&#8230;<\/span><\/a> <span class=\"texto\">     <\/p>\n<p>O Sistem&aacute;tico Ano V, no. 47, publicou not&iacute;cias sobre      a Festa de Natal do CECOM, Concurso de Decora&ccedil;&atilde;o de Natal      do CECOM, levantamentos bibliogr&aacute;ficos, funcionamento do Sistema      Burroughs 6700, entre outras. As not&iacute;cias que se destacaram foram:<\/p>\n<p><b>REUNI&Atilde;O EM BRAS&Iacute;LIA<\/b><br \/>     <font face=\"1\">Maria Miriam Arruda Salvador, Diretora Geral do CECOM,      estar&aacute; em Bras&iacute;lia na pr&oacute;xima segunda-feira, dia      21, participando de reuni&atilde;o com o Secret&aacute;rio de Ensino      Superior.<br \/>     Ela dever&aacute; retornar &agrave; UFMG na ter&ccedil;a-feira<\/font>.<\/p>\n<p><b>CONCURSO INTERNO PARA PROGRAMADOR<\/b><br \/>     <font face=\"1\">J&aacute; se encontram abertas as inscri&ccedil;&otilde;es      ao Concurso Interno para Programador do Centro de Computa&ccedil;&atilde;o.      Os interessados, estagi&aacute;rios e funcion&aacute;rios, dever&atilde;o      fazer sua inscri&ccedil;&atilde;o com S&aacute;lvia, na Divis&atilde;o      de Apoio Administrativo at&eacute; o dia 23\/12\/81.<\/font><\/p>\n<p>    <\/span><!-- #EndEditable --><br \/>     <img loading=\"lazy\" decoding=\"async\" src=\"https:\/\/www.ufmg.br\/dti\/wp-content\/uploads\/imgs\/tudo_pixel.gif\" width=\"1\" height=\"8\" alt=\"\" border=\"0\"><\/td>\n<td><img loading=\"lazy\" decoding=\"async\" src=\"https:\/\/www.ufmg.br\/dti\/wp-content\/uploads\/imgs\/tudo_pixel.gif\" width=\"1\" height=\"1\" alt=\"\" border=\"0\"><\/td>\n<td class=\"vermelho\"><img loading=\"lazy\" decoding=\"async\" src=\"https:\/\/www.ufmg.br\/dti\/wp-content\/uploads\/imgs\/tudo_pixel.gif\" width=\"1\" height=\"1\" alt=\"\" border=\"0\"><\/td>\n<\/tr>\n<tr>\n<td class=\"vermelho\" colspan=\"5\"><img loading=\"lazy\" decoding=\"async\" src=\"https:\/\/www.ufmg.br\/dti\/wp-content\/uploads\/imgs\/tudo_pixel.gif\" width=\"1\" height=\"1\" alt=\"\" border=\"0\"><\/td>\n<\/tr>\n<\/table>\n<p> <!-- fim tabela ha 20 anos --><\/div>\n<p><a name='eventos'><\/a><\/p>\n<h4>Eventos<\/h4>\n<div class=\"centro-sistematico\">  <!-- noticias --> <\/p>\n<table border=\"0\" cellspacing=\"0\" cellpadding=\"0\">\n<tr>\n<td><\/td>\n<td><\/td>\n<\/tr>\n<p>  <!-- #BeginEditable \"materias\" -->   <\/p>\n<tr>\n<td align=\"LEFT\" valign=\"TOP\"><\/td>\n<td align=\"LEFT\" valign=\"TOP\"> <a name=\"aeventos1\"><span class=\"titulo\">TREINAMENTO     JAVA<\/span><\/a> <span class=\"texto\">     <\/p>\n<p>Termina amanh&atilde;, dia 14\/12, o treinamento interno <i>Design e      Programa&ccedil;&atilde;o Java &#8211; m&oacute;dulo Avan&ccedil;ado<\/i>.      Esse treinamento &eacute; o terceiro e &uacute;ltimo do programa elaborado      pelo CECOM, para este 2o. semestre, que teve como principal objetivo      a capacita&ccedil;&atilde;o de desenvolvedores em nova linguagem de      programa&ccedil;&atilde;o e tamb&eacute;m em novo ambiente de desenvolvimento      integrado <i>(integrated development environment <\/i>&#8211; IDE). Participaram      dos tr&ecirc;s treinamentos previstos no programa: Gilmar Lima Guimar&atilde;es,      H&eacute;lio Teixeira da Costa, Luiz Eug&ecirc;nio de Almeida Oliveira      e todos os funcion&aacute;rios da DAS, Jo&atilde;o Carlos Lages, Carlos      Roberto A. Rodrigues, Denise Cristina de Assis Moreira, Maria Beatriz      de Souza Pereira Prado, M&aacute;rio Magalh&atilde;es Lara, Maximiliano      Luiz Souza Guimar&atilde;es, Raimundo Natalino Chaves, Regina Helena      Mora Brandi, Rog&eacute;rio Soares Pinheiro e Ronaldo Ara&uacute;jo      Costa. O instrutor foi o engenheiro de software Marco Aur&eacute;lio      S. Mendes.<\/p>\n<p>&nbsp;<\/p>\n<p>    <\/span> <\/td>\n<\/tr>\n<tr>\n<td align=\"LEFT\" valign=\"TOP\"><\/td>\n<td align=\"LEFT\" valign=\"TOP\"><a name=\"aeventos2\"><span class=\"titulo\">TREINAMENTO     LOTUS NOTES<\/span><\/a> <span class=\"texto\">     <\/p>\n<p>A DAC comunicou que, devido ao baixo n&uacute;mero de inscritos na      turma 23, do treinamento sobre o Lotus Notes, marcado para o dia 13\/12,      foi tomada a decis&atilde;o de cancel&aacute;-lo. A turma 24, inicialmente      marcada para o dia 14, foi tamb&eacute;m cancelada, em virtude de necessidade      de uso da Sala de Aulas do CECOM.<\/p>\n<p>Os treinamentos recome&ccedil;ar&atilde;o em janeiro de 2002.<\/p>\n<p>    <\/span>    <\/td>\n<\/tr>\n<tr>\n<td align=\"LEFT\" valign=\"TOP\"><\/td>\n<td align=\"LEFT\" valign=\"TOP\"><a name=\"aeventos3\"><span class=\"titulo\">FESTA DE     NATAL DO CECOM<\/span><\/a> <span class=\"texto\">     <\/p>\n<p>Esta semana, todos os funcion&aacute;rios trouxeram para a Reda&ccedil;&atilde;o      caixas e pap&eacute;is de presentes, conforme solicitado na edi&ccedil;&atilde;o      do Sistem&aacute;tico da semana passada. Participaram de um sorteio,      no estilo amigo oculto, s&oacute; que desta vez era um amigo de mensagem.      Cada pessoa escreveu uma mensagem de Natal, colocada dentro da caixa,      sendo esta embalada como presente e depositada embaixo da &aacute;rvore      de Natal do 8o. andar. Alguns participantes ainda n&atilde;o trouxeram      suas caixas e dever&atilde;o faz&ecirc;-lo at&eacute; amanh&atilde;,      dia 14.<\/p>\n<p>Uma surpr&ecirc;sa aconteceu hoje, pela manh&atilde;: foi colocado      um enorme Papai Noel ao lado da &aacute;rvore de Natal, provocando as      mais variadas rea&ccedil;&otilde;es.<\/p>\n<p>Quanto &agrave; festa de Natal do CECOM, somente faltam a confirma&ccedil;&atilde;o      de participa&ccedil;&atilde;o e o pagamento da taxa. O mapa para a festa      j&aacute; est&aacute; pronto, sendo entregue no ato da confirma&ccedil;&atilde;o      de presen&ccedil;a.<\/p>\n<p>A festa ser&aacute; realizada num s&iacute;tio no Bairro Santa Am&eacute;lia,      no dia 19 de dezembro, a partir das 12:00.<\/p>\n<p>O Sistem&aacute;tico avisa ainda que a Festa de Natal da Reitoria ser&aacute;      realizada no dia 20 de dezembro, em local a ser divulgado.<\/p>\n<p>    <\/span>    <\/td>\n<\/tr>\n<tr>\n<td align=\"LEFT\" valign=\"TOP\"><\/td>\n<td align=\"LEFT\" valign=\"TOP\"><a name=\"aeventos4\"><span class=\"titulo\">SOCIAIS<\/span><\/a>     <span class=\"texto\">     <\/p>\n<p><b>ANIVERS&Aacute;RIOS:<\/b> <i>&#8220;O Sistem&aacute;tico&#8221; envia      os parab&eacute;ns para os &uacute;ltimos aniversariantes do ano: Aleixina      Maria Lopes Andal&eacute;cio, no dia 17; Esdras Viggiano de Souza, no      dia 22; M&aacute;rcio Luiz Bunte de Carvalho, no dia 24 e Raimundo Natalino      Chaves, no dia 25. E os parab&eacute;ns, tamb&eacute;m, para os ex-ceconianos:      S&aacute;lvia Maria de Figueiredo Moreira e Jos&eacute; Arc&ecirc;nio      da Silva, no dia 14; Eduardo Jos&eacute; Tostes Barbosa e Jos&eacute;      Caetano Pinto, no dia 17; Luiz Diniz Ferreira, no dia 26; Romildo Monte,      no dia 27 e Cl&aacute;udio Ant&ocirc;nio Mussi, no dia 29. Os primeiros      aniversariantes do ano 2002 ser&atilde;o: Jos&eacute; Ant&ocirc;nio      de Faria (DCC), no dia 1o de janeiro e Ronaldo Ara&uacute;jo Costa,      no dia 03.<\/i><\/p>\n<p><b>NASCIMENTO:<\/b><i> Iremar e Renata comunicaram que, no dia 10 de      dezembro, nasceu o primeiro filho deles. O e-mail enviado a todos do      CECOM foi: &#8220;Ol&aacute; amigos. O Lucas nasceu. &Eacute; lindo e      &eacute; a cara do papai (pr&aacute; variar). A m&atilde;e passa bem.      Um abra&ccedil;&atilde;o.&#8221; O Sistem&aacute;tico, em nome de todos,      envia os parab&eacute;ns e um grande abra&ccedil;o! <\/i><\/p>\n<p>    <\/span>    <\/td>\n<\/tr>\n<p>  <!-- #EndEditable -->  <\/table>\n<p> <!-- fim noticias --><\/div>\n","protected":false},"excerpt":{"rendered":"<p>Not\u00edcias NCA E BU NO GRUDE AVALIA&Ccedil;&Atilde;O INTERNA ESPA&Ccedil;O NO NOTES REDES PARA A ESTA&Ccedil;&Atilde;O ECOL&Oacute;GICA REVEZAMENTO DE FINAL DE ANO &Uacute;LTIMA EDI&Ccedil;&Atilde;O DO ANO LAN&Ccedil;AMENTO DE LIVRO Informativo GENTEWHERE GUIA DE SITES INTERESSANTES PLANT&Atilde;O INFO EMBALAGENS PARA PRESENTES MEM&Oacute;RIA FOTOGR&Aacute;FICA DO CECOM H\u00e1 20 anos&#8230; Eventos TREINAMENTO JAVA TREINAMENTO LOTUS NOTES FESTA DE NATAL &#8230; <a title=\"Sistem\u00e1tico: Edi\u00e7\u00e3o 1094 &#8211; 13\/12\/2001\" class=\"read-more\" href=\"https:\/\/www.ufmg.br\/dti\/2001\/12\/13\/sistematico-edicao-1094-13122001\/\" aria-label=\"Read more about Sistem\u00e1tico: Edi\u00e7\u00e3o 1094 &#8211; 13\/12\/2001\">Ler mais<\/a><\/p>\n","protected":false},"author":3,"featured_media":0,"comment_status":"open","ping_status":"open","sticky":false,"template":"","format":"standard","meta":{"inline_featured_image":false,"footnotes":""},"categories":[13],"tags":[],"coauthors":[79],"class_list":["post-1533","post","type-post","status-publish","format-standard","hentry","category-sistematico"],"_links":{"self":[{"href":"https:\/\/www.ufmg.br\/dti\/wp-json\/wp\/v2\/posts\/1533","targetHints":{"allow":["GET"]}}],"collection":[{"href":"https:\/\/www.ufmg.br\/dti\/wp-json\/wp\/v2\/posts"}],"about":[{"href":"https:\/\/www.ufmg.br\/dti\/wp-json\/wp\/v2\/types\/post"}],"author":[{"embeddable":true,"href":"https:\/\/www.ufmg.br\/dti\/wp-json\/wp\/v2\/users\/3"}],"replies":[{"embeddable":true,"href":"https:\/\/www.ufmg.br\/dti\/wp-json\/wp\/v2\/comments?post=1533"}],"version-history":[{"count":0,"href":"https:\/\/www.ufmg.br\/dti\/wp-json\/wp\/v2\/posts\/1533\/revisions"}],"wp:attachment":[{"href":"https:\/\/www.ufmg.br\/dti\/wp-json\/wp\/v2\/media?parent=1533"}],"wp:term":[{"taxonomy":"category","embeddable":true,"href":"https:\/\/www.ufmg.br\/dti\/wp-json\/wp\/v2\/categories?post=1533"},{"taxonomy":"post_tag","embeddable":true,"href":"https:\/\/www.ufmg.br\/dti\/wp-json\/wp\/v2\/tags?post=1533"},{"taxonomy":"author","embeddable":true,"href":"https:\/\/www.ufmg.br\/dti\/wp-json\/wp\/v2\/coauthors?post=1533"}],"curies":[{"name":"wp","href":"https:\/\/api.w.org\/{rel}","templated":true}]}}