{"id":1539,"date":"2001-09-06T08:00:00","date_gmt":"2001-09-06T08:00:00","guid":{"rendered":"https:\/\/www.ufmg.br\/dti\/cecom\/?p=1539"},"modified":"2001-09-06T08:00:00","modified_gmt":"2001-09-06T08:00:00","slug":"sistematico-edicao-1088-06092001","status":"publish","type":"post","link":"https:\/\/www.ufmg.br\/dti\/2001\/09\/06\/sistematico-edicao-1088-06092001\/","title":{"rendered":"Sistem\u00e1tico: Edi\u00e7\u00e3o 1088 &#8211; 06\/09\/2001"},"content":{"rendered":"<ul>\n<li><a href=\"\/dti\/#noticias\">Not\u00edcias<\/a>\n<div class='submenuSistematico'>\n<ul>\n<li><a href=\"\/dti\/#anoticias1\"><span class=\"titulo\">MELHORIA     DE INFRA-ESTRUTURA<\/span><\/a><\/li>\n<li><a href=\"\/dti\/#anoticias2\"><span class=\"titulo\">SOCIEDADE     DA INFORMA&Ccedil;&Atilde;O<\/span><\/a><\/li>\n<li><a href=\"\/dti\/#anoticias3\"><span class=\"titulo\">INSCRI&Ccedil;&Otilde;ES     AO VESTIBULAR<\/span><\/a><\/li>\n<li><a href=\"\/dti\/#anoticias4\"><span class=\"titulo\">DIGITALIZA&Ccedil;&Atilde;O     DE CENTRAIS TELEF&Ocirc;NICAS<\/span><\/a><\/li>\n<li><a href=\"\/dti\/#anoticias5\"><span class=\"titulo\">SOLU&Ccedil;&Otilde;ES     DE ARMAZENAMENTO<\/span><\/a><\/li>\n<li><a href=\"\/dti\/#anoticias6\"><span class=\"titulo\">TROCA DE     FONTE DE ENERGIA NO LCC<\/span><\/a><\/li>\n<\/ul>\n<\/div>\n<\/li>\n<li><a href=\"\/dti\/#informativo\">Informativo<\/a>\n<div class='submenuSistematico'>\n<ul>\n<li><a href=\"\/dti\/#ainformativo1\"><span class=\"titulo\">GenteWhere<\/span><br \/>     <\/a><\/li>\n<li><a href=\"\/dti\/#ainformativo2\"><span class=\"titulo\">GUIA DE SITES     INTERESSANTES<\/span><\/a><\/li>\n<li><a href=\"\/dti\/#ainformativo3\"><span class=\"titulo\">DEFINI&Ccedil;&Atilde;O     DE TERMOS DE INFORM&Aacute;TICA<\/span><\/a><\/li>\n<li><a href=\"\/dti\/#ainformativo4\"><span class=\"titulo\">PLANT&Atilde;O     INFO<\/span><\/a><\/li>\n<li><a href=\"\/dti\/#ainformativo5\"><span class=\"titulo\">FUS&Atilde;O     DA HP-COMPAC<\/span><\/a><\/li>\n<li><a href=\"\/dti\/#ainformativo6\"><span class=\"titulo\">FERIADO<\/span><\/a><\/li>\n<li><a href=\"\/dti\/#ainformativo7\"><span class=\"titulo\">MEM&Oacute;RIA     FOTOGR&Aacute;FICA DO CECOM<\/span><\/a><\/li>\n<li><a href=\"\/dti\/#ainformativo8\"><img loading=\"lazy\" decoding=\"async\" src=\"https:\/\/www.ufmg.br\/dti\/wp-content\/uploads\/imgs\/tudo_pixel.gif\" width=\"1\" height=\"8\" alt=\"\" border=\"0\"><br \/>    <span class=\"titulo\">H\u00e1 20 anos&#8230;<\/span><\/a><\/li>\n<\/ul>\n<\/div>\n<\/li>\n<li><a href=\"\/dti\/#eventos\">Eventos<\/a>\n<div class='submenuSistematico'>\n<ul>\n<li><a href=\"\/dti\/#aeventos1\"><span class=\"titulo\">CURSO DE     LOTUS WORDPRO<\/span><\/a><\/li>\n<li><a href=\"\/dti\/#aeventos2\"><span class=\"titulo\">TREINAMENTO     NOTES<\/span><\/a><\/li>\n<li><a href=\"\/dti\/#aeventos3\"><span class=\"titulo\">SOCIAIS<\/span><\/a><\/li>\n<\/ul>\n<\/div>\n<\/li>\n<\/ul>\n<p> <a name='noticias'><\/a><\/p>\n<h4>Not\u00edcias<\/h4>\n<div class=\"centro-sistematico\">  <!-- noticias --> <\/p>\n<table border=\"0\" cellspacing=\"0\" cellpadding=\"0\">\n<tr>\n<td><\/td>\n<td><\/td>\n<\/tr>\n<p>  <!-- #BeginEditable \"materias\" -->   <\/p>\n<tr>\n<td align=\"LEFT\" valign=\"TOP\"><\/td>\n<td align=\"LEFT\" valign=\"TOP\"> <a name=\"anoticias1\"><span class=\"titulo\">MELHORIA     DE INFRA-ESTRUTURA<\/span><\/a> <span class=\"texto\">     <\/p>\n<p>Desde o in&iacute;cio do m&ecirc;s de julho, a Diretoria e Vice-Diretoria      do CECOM, a diretoria da DAS e a diretoria da DAC, cabendo a esta &uacute;ltima      a coordena&ccedil;&atilde;o executiva, est&atilde;o encaminhando projeto      para amplia&ccedil;&atilde;o e melhoria da infra-estrutura de servidores      do CECOM dedicados &agrave;s aplica&ccedil;&otilde;es Cliente\/Servidor      e Web.<\/p>\n<p>Na ter&ccedil;a-feira desta semana, foi realizada reuni&atilde;o para      revis&atilde;o das atividades previstas e acompanhamento do cronograma      proposto. J&aacute; foram executadas as seguintes atividades:<\/p>\n<p>&#8211; Expans&atilde;o de mem&oacute;ria das tr&ecirc;s m&aacute;quinas      Metaframe e do servidor de banco de dados do Oracle. Agora, todas estas      m&aacute;quinas possuem 768 Mb de mem&oacute;ria.<br \/>     &#8211; Foram adquiridas licen&ccedil;as de software dos produtos Windows      Terminal Serve, Acrobat Writer e Metaframe. Destes itens, apenas as      licen&ccedil;as do Metaframe ainda n&atilde;o foram entregues pelo fornecedor.<br \/>     &#8211; Foi adquirido novo servidor para substitui&ccedil;&atilde;o do servidor      Oracle atual. Este equipamento aguarda assinatura do contrato de manuten&ccedil;&atilde;o      da Oracle para ser colocado em produ&ccedil;&atilde;o, j&aacute; com      a vers&atilde;o Oracle 9i.<br \/>     &#8211; J&aacute; est&atilde;o em produ&ccedil;&atilde;o os dois servidores      para aplica&ccedil;&atilde;o Web. Estes equipamentos foram adquiridos      pela Copeve e utilizados na inscri&ccedil;&atilde;o do Vestibular 2002.<\/p>\n<p>Como conclus&atilde;o da reuni&atilde;o, foram definidos os pr&oacute;ximos      passos e agendada nova reuni&atilde;o para o in&iacute;cio do m&ecirc;s      de outubro, para acompanhamento do projeto. 2<\/p>\n<p>    <\/span> <\/td>\n<\/tr>\n<tr>\n<td align=\"LEFT\" valign=\"TOP\"><\/td>\n<td align=\"LEFT\" valign=\"TOP\"> <a name=\"anoticias2\"><span class=\"titulo\">SOCIEDADE     DA INFORMA&Ccedil;&Atilde;O<\/span><\/a> <span class=\"texto\">     <\/p>\n<p>O prof. M&aacute;rcio Luiz Bunte de Carvalho esteve na &uacute;ltima      ter&ccedil;a-feira, dia 04, em Bras&iacute;lia, participando do Workshop      <i>Talentos Humanos para a Sociedade da Informa&ccedil;&atilde;o<\/i>.      Os objetivos do workshop foram: identificar as necessidades de forma&ccedil;&atilde;o,      capacita&ccedil;&atilde;o e treinamento de recursos humanos para inser&ccedil;&atilde;o      do Brasil na Sociedade da Informa&ccedil;&atilde;o; discutir atividades      de integra&ccedil;&atilde;o, coordena&ccedil;&atilde;o e fomento na      forma&ccedil;&atilde;o de recursos humanos; induzir a&ccedil;&otilde;es      concretas com vistas a criar programas para atender as necessidades      do Programa Sociedade da Informa&ccedil;&atilde;o (SocInfo) para os      pr&oacute;ximos tr&ecirc;s anos; gerar propostas para capacita&ccedil;&atilde;o      de recursos humanos voltados para a Sociedade da Informa&ccedil;&atilde;o,      que ser&atilde;o apresentados na Confer&ecirc;ncia Nacional de C&amp;T;      e criar uma comiss&atilde;o de acompanhamento permanente da implanta&ccedil;&atilde;o      e desenvolvimento das propostas aprovadas e em execu&ccedil;&atilde;o      nas diversas organiza&ccedil;&otilde;es.<\/p>\n<p>    <\/span>     <\/td>\n<\/tr>\n<tr>\n<td align=\"LEFT\" valign=\"TOP\"><\/td>\n<td align=\"LEFT\" valign=\"TOP\"> <a name=\"anoticias3\"><span class=\"titulo\">INSCRI&Ccedil;&Otilde;ES     AO VESTIBULAR<\/span><\/a> <span class=\"texto\">     <\/p>\n<p>Conforme foi amplamente divulgado, a UFMG realizou, durante a &uacute;ltima      semana, o processo de inscri&ccedil;&atilde;o dos candidatos ao Vestibular      2002.<\/p>\n<p>A possibilidade das inscri&ccedil;&otilde;es serem feitas via Internet      foi disponibilizada este ano pela primeira vez. Encerrado o processo      de inscri&ccedil;&atilde;o, foram computadas 6.352 pr&eacute;-inscri&ccedil;&otilde;es      nesta modalidade, das quais 4.956 foram confirmadas com o devido pagamento      do boleto banc&aacute;rio.<\/p>\n<p>A expectativa &eacute; de que, para o pr&oacute;ximo ano, a inscri&ccedil;&atilde;o      via Web seja mais estimulada e divulgada, trazendo um maior n&uacute;mero      de candidatos e um ganho crescente n&atilde;o s&oacute; para estes como      para a Copeve.<\/p>\n<p>    <\/span>     <\/td>\n<\/tr>\n<tr>\n<td align=\"LEFT\" valign=\"TOP\"><\/td>\n<td align=\"LEFT\" valign=\"TOP\"> <a name=\"anoticias4\"><span class=\"titulo\">DIGITALIZA&Ccedil;&Atilde;O     DE CENTRAIS TELEF&Ocirc;NICAS<\/span><\/a> <span class=\"texto\">     <\/p>\n<p>Na &uacute;ltima semana, a DRC concluiu o processo de digitaliza&ccedil;&atilde;o      da Central Telef&ocirc;nica da Escola de Engenharia, no centro da cidade.<\/p>\n<p>A digitaliza&ccedil;&atilde;o consistiu na substitui&ccedil;&atilde;o      dos 72 troncos anal&oacute;gicos, que atendiam &agrave; unidade, por      50 troncos digitais, suficientes para a demanda de tr&aacute;fego da      central.<\/p>\n<p>Este processo de digitaliza&ccedil;&atilde;o trar&aacute; ganhos importantes      para a escola. Al&eacute;m do aumento de qualidade nos servi&ccedil;os      prestados pela empresa Telemar, a digitaliza&ccedil;&atilde;o permitir&aacute;      uma economia mensal de cerca de mil reais.<\/p>\n<p>Durante esta semana, a DRC iniciar&aacute; processo similar na Escola      de Arquitetura.<\/p>\n<p>    <\/span>     <\/td>\n<\/tr>\n<tr>\n<td align=\"LEFT\" valign=\"TOP\"><\/td>\n<td align=\"LEFT\" valign=\"TOP\"> <a name=\"anoticias5\"><span class=\"titulo\">SOLU&Ccedil;&Otilde;ES     DE ARMAZENAMENTO<\/span><\/a> <span class=\"texto\">     <\/p>\n<p>Esta semana, Carlos Alfeu Furtado da Fonseca e Aleixina Maria Lopes      Andal&eacute;cio estiveram, junto com a equipe do LCC, verificando poss&iacute;veis      alternativas que venham atender &agrave;s demandas crescentes de armazenamento      e seguran&ccedil;a de dados previstos nos projetos que est&atilde;o      sendo conduzidos pelos dois &oacute;rg&atilde;os.<\/p>\n<p>Em reuni&otilde;es distintas, foram discutidos aspectos t&eacute;cnicos      apresentados pelas empresas concorrentes no mercado, EMC e IBM.<\/p>\n<p>    <\/span>     <\/td>\n<\/tr>\n<tr>\n<td align=\"LEFT\" valign=\"TOP\"><\/td>\n<td align=\"LEFT\" valign=\"TOP\"> <a name=\"anoticias6\"><span class=\"titulo\">TROCA DE     FONTE DE ENERGIA NO LCC<\/span><\/a> <span class=\"texto\">     <\/p>\n<p>Ontem, dia 05\/09, foi realizada a troca da fonte de fornecimento de      energia el&eacute;trica do LCC\/CENAPAD, da sub-esta&ccedil;&atilde;o      da F&iacute;sica para a sub-esta&ccedil;&atilde;o do ICEx.<\/p>\n<p>Em fun&ccedil;&atilde;o disso, houve uma parada em todos os equipamentos,      no hor&aacute;rio de 09:00 &agrave;s 12:00. Na oportunidade, foi feita,      tamb&eacute;m, uma manuten&ccedil;&atilde;o preventiva.<\/p>\n<p>    <\/span>     <\/td>\n<\/tr>\n<p>  <!-- #EndEditable -->  <\/table>\n<p> <!-- fim noticias --><\/div>\n<p><a name='informativo'><\/a><\/p>\n<h4>Informativo<\/h4>\n<div class=\"centro-sistematico\">  <!-- noticias --> <\/p>\n<table border=\"0\" cellspacing=\"0\" cellpadding=\"0\">\n<tr>\n<td><\/td>\n<td><\/td>\n<\/tr>\n<p>  <!-- #BeginEditable \"materias\" -->   <\/p>\n<tr>\n<td align=\"LEFT\" valign=\"TOP\"><\/td>\n<td align=\"LEFT\" valign=\"TOP\">\n<p><a name=\"ainformativo1\"><span class=\"titulo\">GenteWhere<\/span><br \/>     <\/a> <img loading=\"lazy\" decoding=\"async\" src=\"https:\/\/www.ufmg.br\/dti\/wp-content\/uploads\/imgs\/tudo_pixel.gif\" width=\"1\" height=\"20\" alt=\"\" border=\"0\"><br \/>     <span class=\"texto\"> <img loading=\"lazy\" decoding=\"async\" src=\"https:\/\/www.ufmg.br\/dti\/wp-content\/uploads\/imgs\/tudo_pixel.gif\" width=\"20\" height=\"191\" alt=\"\" border=\"0\" hspace=\"0\" vspace=\"0\" align=\"left\">A      entrevista da semana foi adiada para a pr&oacute;xima edi&ccedil;&atilde;o      de O Sistem&aacute;tico. N&atilde;o percam!<\/span><\/p>\n<p><span class=\"texto\"><br \/>     <\/span>    <\/p>\n<\/td>\n<\/tr>\n<tr>\n<td align=\"LEFT\" valign=\"TOP\"><\/td>\n<td align=\"LEFT\" valign=\"TOP\"><a name=\"ainformativo2\"><span class=\"titulo\">GUIA DE SITES     INTERESSANTES<\/span><\/a> <span class=\"texto\">     <\/p>\n<p>As dicas da semana foram enviadas para a Xina por Fernando Antinarelli,      da PC Place Inform&aacute;tica Ltda., dos links de <b>Jornada nas Estrelas<\/b>:     <\/p>\n<p> &#8211; Frota Estelar: site brasileiro de Star Trek, com not&iacute;cias,      forum e promo&ccedil;&atilde;o de eventos promovidos pela Frota Connect.      Este site tem umas coisas bem legais, como a Pesquisa Frota Connect,      onde pode-se descobrir coisas interessantes sobre personagens das s&eacute;ries.      O endere&ccedil;o &eacute;: <b>http:\/\/www.frotaestelar.com.br<\/b>.<\/p>\n<p>&#8211; Star Trek: site oficial, mantido pela Paramount. Aqui tem informa&ccedil;&otilde;es      sobre todas as s&eacute;ries, inclusive a nova Enterprise, que se passa      cerca de 150 anos antes da s&eacute;rie original, como um &#8220;gap&#8221;      entre os dias de hoje e o s&eacute;culo XXIII. Outra informa&ccedil;&atilde;o      interessante &eacute; sobre a filmagem do novo longa-metragem, Star      Trek X. O endere&ccedil;o &eacute;: <b>http:\/\/www.startrek.com<\/b>.<\/p>\n<p>&#8211; Star Trek Database: como o pr&oacute;prio nome sugere, trata-se de      um banco de dados, onde se encontra tudo sobre Jornada nas Estrelas,      com download de todas as m&uacute;sicas, detalhes de cada s&eacute;rie      e biografia dos personagens. Neste site, voc&ecirc; vai ver tamb&eacute;m      o mapa estelar, os planetas conhecidos, os limites das federa&ccedil;&otilde;es      de planetas e mais um monte de informa&ccedil;&otilde;es. O endere&ccedil;o      &eacute;: <b>http:\/\/mercury.spaceports.com\/~tustc<\/b>.<\/p>\n<p>&#8211; TrekWeb: este &eacute; o principal site de not&iacute;cias sobre      Jornada nas Estrelas, com links para outros sites e BBSs. Daqui, voc&ecirc;      pode baixar v&iacute;deos sobre a nova s&eacute;rie Enterprise e conhecer      mais sobre as s&eacute;ries anteriores. O endere&ccedil;o &eacute;:      <b>http:\/\/www.trekweb.com\/<\/b>.<\/p>\n<p>    <\/span> <\/td>\n<\/tr>\n<tr>\n<td align=\"LEFT\" valign=\"TOP\"><\/td>\n<td align=\"LEFT\" valign=\"TOP\"><a name=\"ainformativo3\"><span class=\"titulo\">DEFINI&Ccedil;&Atilde;O     DE TERMOS DE INFORM&Aacute;TICA<\/span><\/a> <span class=\"texto\">     <\/p>\n<p>Esta semana, O Sistem&aacute;tico publica os seguintes termos de inform&aacute;tica:<\/p>\n<p><b>Biochip &#8211;<\/b> Os biochips s&atilde;o personagens importantes na      engenharia gen&eacute;tica. Basicamente, s&atilde;o microchips especialmente      desenvolvidos para detectar rea&ccedil;&otilde;es qu&iacute;micas, que      vem ajudando entremente v&aacute;rios projetos, entre eles o mapeamento      do genoma humano.<\/p>\n<p><b>Dummie &#8211;<\/b> Os dummies s&atilde;o aqueles bonecos usados em crash      tests de carros. Eles n&atilde;o se movem, ent&atilde;o precisam ser      carregados no colo, &eacute; preciso coloc&aacute;-los na posi&ccedil;&atilde;o      certa, colocar o cinto de seguran&ccedil;a etc. e depois da batida,      mesmo todo arrebentado, o boneco continua sorrindo \ud83d\ude42 Em inform&aacute;tica,      o termo dummie nasceu como um pejorativo para usu&aacute;rios com, digamos,      pouco jeito para a coisa. Mas, com o passar do tempo, come&ccedil;ou      a ser usado tamb&eacute;m de forma carinhosa. Existem at&eacute; algumas      s&eacute;ries de livros &#8220;para dummies&#8221;, quase sempre com um      passo a passo ou alguma explica&ccedil;&atilde;o bem simples, para que      qualquer um possa entender sem muito esfor&ccedil;o. <\/p>\n<p><b>Engenharia Reversa &#8211;<\/b> Quase todos os programas comerciais s&atilde;o      distribu&iacute;dos apenas em formato bin&aacute;rio, sem o c&oacute;digo      fonte. Ou seja, voc&ecirc; recebe o programa j&aacute; compilado em      linguagem de m&aacute;quina, pronto para ser executado, mas n&atilde;o      tem acesso ao arquivo que permitiria ver como o programa funciona e      alter&aacute;-lo. A engenharia reversa &eacute; uma t&eacute;cnica usada      para tentar obter o c&oacute;digo fonte do programa a partir do arquivo      j&aacute; compilado. &Eacute; um processo extremamente trabalhoso, mas      j&aacute; foi respons&aacute;vel pela descoberta de muitos segredos      industriais. O sistema de prote&ccedil;&atilde;o contra c&oacute;pias      usado nos DVDs &eacute; um bom exemplo; um programador Russo conseguiu      usar engenharia reversa para ter acesso ao programa que cria os algoritmos,      entend&ecirc;-lo e descobrir uma forma de burl&aacute;-lo. Depois disso,      ficou t&atilde;o f&aacute;cil que a disputa passou a ser quem consegue      fazer o programa que quebre o &#8220;sistema secreto&#8221; com menos      linhas de c&oacute;digo \ud83d\ude42<\/p>\n<p><b>Capacitor<\/b> (ou Condensador) &#8211; O capacitor &eacute; um componente      usado em quase topo tipo de dispositivo eletr&ocirc;nico. Ele permite      armazenar cargas el&eacute;tricas na forma de um campo eletrost&aacute;tico      e mant&ecirc;-la durante um certo per&iacute;odo, mesmo que a alimenta&ccedil;&atilde;o      el&eacute;trica seja cortada. Os capacitores s&atilde;o usados nas fontes      de alimenta&ccedil;&atilde;o, nas placas m&atilde;e e em in&uacute;meros      outros componentes. A fun&ccedil;&atilde;o mais comum &eacute; retificar      e estabilizar a corrente el&eacute;trica, evitando que varia&ccedil;&otilde;es      possam danificar qualquer dispositivo. &Eacute; justamente por causa      dos capacitores que nunca deve-se tocar nos componentes internos da      fonte de alimenta&ccedil;&atilde;o sem os cuidados adequados. Voc&ecirc;      pode levar um choque consider&aacute;vel mesmo que a fonte esteja desligada      da tomada. Os capacitores s&atilde;o tamb&eacute;m a base da mem&oacute;ria      RAM, onde para cada bit de dados temos um capacitor e um trans&iacute;stor.      O trans&iacute;stor se encarrega de ler e gravar o bit, enquanto o capacitor      armazena-o. Quando o capacitor est&aacute; descarregado temos um bit      0 e quando est&aacute; carregado temos um bit 1. Como no caso da mem&oacute;ria      o capacitor mant&eacute;m sua carga por apenas alguns mil&eacute;simos      de segundo, os dados precisam ser reescritos continuamente. &Eacute;      por isso que a mem&oacute;ria RAM &eacute; vol&aacute;til.<\/p>\n<p><b>Resist&ecirc;ncia el&eacute;trica &#8211;<\/b> Por melhor condutor que      um material qualquer seja, ele sempre ter&aacute; alguma resist&ecirc;ncia      &agrave; passagem da corrente el&eacute;trica, sempre haver&aacute;      alguma perda. Se pud&eacute;ssemos olhar este condutor num super-microsc&oacute;pio,      ver&iacute;amos um n&uacute;mero muito grande de el&eacute;trons livres      deslocando-se. Alguns destes el&eacute;trons colidem com os &aacute;tomos      do condutor, transformando-se em calor. Este fen&ocirc;meno &eacute;      intencionalmente usado em v&aacute;rios eletrodom&eacute;sticos, como      por exemplo no ferro de passar e no secador, que transformam a eletricidade      em calor. A resist&ecirc;ncia el&eacute;trica de um condutor depende      do material de que &eacute; feito, do seu comprimento e da sua espessura.      Quanto mais fino e mais longo, maior &eacute; a resist&ecirc;ncia. <\/p>\n<p><b>Resistor &#8211;<\/b> Os resistores s&atilde;o usados para limitar ou regular      a corrente el&eacute;trica. Eles s&atilde;o o componente mais numeroso      na maioria das placas m&atilde;e modernas, onde aparecem como pequenos      ret&acirc;ngulos coloridos, medindo 2 x 1 mil&iacute;metro. A maioria      dos resistores s&atilde;o feitos atrav&eacute;s de uma mistura de grafite      e cer&acirc;mica. Quanto menor for a porcentagem de grafite, maior ser&aacute;      a resist&ecirc;ncia el&eacute;trica do resistor. Os resistores s&atilde;o      usados por exemplo para permitir que um componente que use sinais de      5 V (placas PCI por exemplo) possa transmitir dados a componentes que      utilizem sinais de tens&atilde;o mais baixa, a mem&oacute;ria RAM por      exemplo (m&oacute;dulos DIMM usam 3.3 V). A eletricidade excedente &eacute;      transformada em calor.<\/p>\n<p>    <\/span> <\/td>\n<\/tr>\n<tr>\n<td align=\"LEFT\" valign=\"TOP\"><\/td>\n<td align=\"LEFT\" valign=\"TOP\"><a name=\"ainformativo4\"><span class=\"titulo\">PLANT&Atilde;O     INFO<\/span><\/a> <span class=\"texto\">     <\/p>\n<p>O <b>Plant&atilde;o Info<\/b> divulgou, no dia 24\/08, a seguinte not&iacute;cia:<\/p>\n<p><b>Taxa &uacute;nica para web sai em janeiro, diz Guerreiro <\/b>&#8211; J&aacute;      a partir de janeiro, os internautas de todo o pa&iacute;s pagar&atilde;o      uma taxa &uacute;nica para o acesso &agrave; Internet, independentemente      do hor&aacute;rio e do local da chamada. A afirma&ccedil;&atilde;o foi      do conselheiro-chefe da Anatel, Renato Navarro Guerreiro, em entrevista      exclusiva a INFO. <br \/>     Guerreiro admitiu que a cobran&ccedil;a por pulso inibe o acesso &agrave;      web e explicou quais ser&atilde;o os poss&iacute;veis modelos de utiliza&ccedil;&atilde;o      e cobran&ccedil;a da taxa &uacute;nica. <br \/>     Qualquer pessoa poder&aacute;, a partir da segunda semana de setembro,      dar sua opini&atilde;o sobre os projetos que a Anatel formulou. Para      isso, basta acessar a op&ccedil;&atilde;o Consulta P&uacute;blica no      site da Anatel, ou ir direto ao endere&ccedil;o <i>http:\/\/200.252.158.173\/sacp\/Contribuicoes\/consulta      pub.asp<\/i>. <\/p>\n<p><i>INFO<\/i> &#8211; O que &eacute; o projeto de tarifa &uacute;nica para      a comunica&ccedil;&atilde;o de dados? <br \/>     <i>GUERREIRO<\/i> &#8211; Hoje, o usu&aacute;rio paga o servi&ccedil;o de telecomunica&ccedil;&otilde;es      para o acesso &agrave; internet no mesmo modelo do servi&ccedil;o de      telefonia para servi&ccedil;os de voz, ou seja, por pulso de liga&ccedil;&atilde;o.      Nosso objetivo &eacute; criar um modelo exclusivo para a comunica&ccedil;&atilde;o      de dados, que &eacute; o acesso &agrave; Internet, cobrando uma tarifa      &uacute;nica pela conex&atilde;o para essa modalidade. <\/p>\n<p><i>INFO &#8211;<\/i> Essa tarifa ser&aacute; a mesma para qualquer local do      pa&iacute;s? <br \/>     <i>GUERREIRO &#8211;<\/i> Sim. Independentemente do local do pa&iacute;s e      do hor&aacute;rio que o internauta se conecte, a taxa ser&aacute; a      mesma. <\/p>\n<p><i>INFO &#8211;<\/i> O que motivou a iniciativa de tarifa &uacute;nica e qual      &eacute; o objetivo da Anatel com essa medida? <br \/>     <i>GUERREIRO &#8211;<\/i> Atualmente, do hor&aacute;rio da meia-noite &agrave;s      6 horas da manh&atilde; e de s&aacute;bado ap&oacute;s &agrave;s 14      horas, &eacute; cobrado apenas um pulso na conex&atilde;o &agrave; internet.      Nesses hor&aacute;rios, a demanda do acesso nas operadoras aumenta bastante.      Isso demonstra como a cobran&ccedil;a por pulso inibe a utiliza&ccedil;&atilde;o      da internet. Queremos oferecer as mesmas condi&ccedil;&otilde;es para      o acesso, no que concerne o servi&ccedil;o de telecomunica&ccedil;&otilde;es,      para todos os usu&aacute;rios. Para as operadoras, a concentra&ccedil;&atilde;o      do uso da infra-estrutura tamb&eacute;m n&atilde;o &eacute; legal, pois      pode causar uma certa deforma&ccedil;&atilde;o nos servi&ccedil;os de      telefonia nesses per&iacute;odos. <\/p>\n<p><i>INFO &#8211;<\/i> Qual ser&aacute; o valor da taxa &uacute;nica? <br \/>     <i>GUERREIRO &#8211;<\/i> Ainda n&atilde;o temos uma estimativa sobre o valor.      Com certeza, n&atilde;o ser&aacute; o mesmo pre&ccedil;o de um pulso,      mas queremos chegar a uma quantia que torne vi&aacute;vel o acesso &agrave;      Internet para todos. <\/p>\n<p><i>INFO &#8211;<\/i> Como vai funcionar o acesso e a cobran&ccedil;a da taxa      &uacute;nica? <br \/>     <i>GUERREIRO <\/i>&#8211; Formulamos duas op&ccedil;&otilde;es. Elas ser&atilde;o      colocadas em consulta p&uacute;blica na primeira semana de setembro.<\/p>\n<p><i>INFO &#8211;<\/i> Quais s&atilde;o essas op&ccedil;&otilde;es? <br \/>     <i>GUERREIRO &#8211;<\/i> A primeira alternativa &eacute; a que chamamos de      0i00. Nesse modelo, haveria um n&uacute;mero com os quatro primeiros      d&iacute;gitos espec&iacute;ficos, como um 0800, e os outros n&uacute;meros      seriam os do provedor de acesso. Quando o usu&aacute;rio quisesse se      conectar, ele discaria para esse n&uacute;mero, se conectaria diretamente      com o provedor e passaria a ser cobrado apenas pela tarifa &uacute;nica.      O segundo modelo &eacute; o mesmo utilizado em v&aacute;rios pa&iacute;ses      da Europa. Nele, haveria um n&uacute;mero espec&iacute;fico de quatro      d&iacute;gitos, atrav&eacute;s do qual o usu&aacute;rio se conectaria      com a operadora. A partir da&iacute;, um sistema identificaria, de acordo      com o n&uacute;mero de origem, qual o provedor do internauta e o transferiria      para ele.<\/p>\n<p><i>INFO &#8211;<\/i> O usu&aacute;rio pagaria s&oacute; a conta para o provedor      com a taxa &uacute;nica j&aacute; embutida? <br \/>     <i>GUERREIRO &#8211;<\/i> Esse modelo ainda n&atilde;o foi definido. Estamos      estudando as quest&otilde;es legais para sabermos se o provedor poderia      cobrar em uma &uacute;nica fatura seus servi&ccedil;os e a taxa da operadora.      Ele pode ter de pagar a tarifa &uacute;nica para a telef&ocirc;nica      e a conta do provedor. &Eacute; importante que fique claro que a Anatel      regulamenta o uso da infra-estrutura de telecomunica&ccedil;&otilde;es,      ou seja, as linhas utilizadas para o acesso, e n&atilde;o o servi&ccedil;o      do provedor. O modelo de cobran&ccedil;a do provedor &eacute; definido      por ele. <\/p>\n<p>I<i>NFO &#8211;<\/i> O senhor acredita que esse modelo vai ajudar a democratizar      o acesso &agrave; Internet? <br \/>     <i>GUERREIRO &#8211;<\/i> Essa &eacute; a nossa inten&ccedil;&atilde;o. N&atilde;o      h&aacute; d&uacute;vidas de que a cobran&ccedil;a por pulso faz com      que muita gente deixe de acessar a internet por n&atilde;o poder pagar      a conta telef&ocirc;nica. <\/p>\n<p><i>INFO &#8211;<\/i> H&aacute; alguma liga&ccedil;&atilde;o entre essa medida      e o projeto do PC Popular do governo? <br \/>     <i>GUERREIRO &#8211;<\/i> N&atilde;o. Os dois projetos est&atilde;o seguindo      em paralelo e n&atilde;o h&aacute; liga&ccedil;&atilde;o entre eles.      Mas, a taxa &uacute;nica pode incentivar o PC Popular. <\/p>\n<p><i>INFO &#8211;<\/i> Quem chega primeiro: a taxa &uacute;nica ou o PC Popular?      <br \/>     <i>GUERREIRO &#8211;<\/i> N&oacute;s s&oacute; podemos responder pelos prazos      da taxa &uacute;nica. <\/p>\n<p><i>INFO &#8211;<\/i> E quais s&atilde;o esses prazos? <br \/>     <i>GUERREIRO &#8211;<\/i> Temos um processo legal, que ser&aacute; iniciado      em setembro para a defini&ccedil;&atilde;o do modelo e a aprova&ccedil;&atilde;o.      Colocaremos as duas propostas em consulta p&uacute;blica em nosso site      para saber qual deles a popula&ccedil;&atilde;o prefere. Depois, temos      mais um m&ecirc;s para decidirmos qual ser&aacute; o modelo e criarmos      as regras. Em novembro, a norma j&aacute; definida volta para a consulta      p&uacute;blica. A partir da&iacute;, podemos coloc&aacute;-la em pr&aacute;tica.<\/p>\n<p><i>INFO &#8211;<\/i> Em qual data a medida passa a valer? <br \/>     <i>GUERREIRO &#8211;<\/i> Vamos concluir todo o processo at&eacute; o fim deste      ano. <\/p>\n<p><i>INFO &#8211;<\/i> Isso quer dizer que em janeiro os internautas j&aacute;      pagar&atilde;o taxa &uacute;nica? <br \/>     <i>GUERREIRO &#8211; <\/i>Certamente.<\/p>\n<p>    <\/span> <\/td>\n<\/tr>\n<tr>\n<td align=\"LEFT\" valign=\"TOP\"><\/td>\n<td align=\"LEFT\" valign=\"TOP\"><a name=\"ainformativo5\"><span class=\"titulo\">FUS&Atilde;O     DA HP-COMPAC<\/span><\/a> <span class=\"texto\">     <\/p>\n<p>O jornal <b>O Globo<\/b>, de 04\/08\/2001, publicou not&iacute;cia sobre      a fus&atilde;o da HP-Compaq, resultando numa empresa com receita de      US$ 87 bi, transcrita a seguir:<\/p>\n<p>A fabricante de computadores Hewlett-Packard anunciou, no dia 04\/08,      a compra da Compaq, adquirindo um total de US$ 25 bilh&otilde;es em      a&ccedil;&otilde;es da concorrente, segundo o New York Times. A empresa      resultante da negocia&ccedil;&atilde;o ter&aacute; um receita de US$      87 bilh&otilde;es, ligeiramente menos que os US$ 90 bilh&otilde;es da      IBM, l&iacute;der do mercado. Os detalhes da opera&ccedil;&atilde;o      n&atilde;o foram revelados, mas um pr&ecirc;mio ser&aacute; oferecido      pelos pap&eacute;is da Compaq, que fecharam a semana passada cotados      a US$ 12,31 em Nova York, contra US$ 23, 21 da HP. O neg&oacute;cio      acontece num momento em que o mercado mundial de computadores passa      por dificuldades, com queda nas vendas, desvaloriza&ccedil;&atilde;o      das a&ccedil;&otilde;es e corte de postos de trabalho. <br \/>     A chairwoman e CEO da nova companhia ser&aacute; Carleton Fiorina, principal      executiva da HP, enquanto o executivo-chefe da Compaq, Michael D. Capellas,      ficar&aacute; com o cargo de presidente. <\/p>\n<p>    <\/span> <\/td>\n<\/tr>\n<tr>\n<td align=\"LEFT\" valign=\"TOP\"><\/td>\n<td align=\"LEFT\" valign=\"TOP\"><a name=\"ainformativo6\"><span class=\"titulo\">FERIADO<\/span><\/a>     <span class=\"texto\">     <\/p>\n<p><b><font face=\"3\">Amanh&atilde;, dia 07 de setembro, &eacute; feriado      nacional. <br \/>     Um bom feriado e fim-de-semana prolongado.<\/font><\/b><\/p>\n<p>    <\/p>\n<p>    <\/span> <\/td>\n<\/tr>\n<tr>\n<td align=\"LEFT\" valign=\"TOP\"><\/td>\n<td align=\"LEFT\" valign=\"TOP\"><a name=\"ainformativo7\"><span class=\"titulo\">MEM&Oacute;RIA     FOTOGR&Aacute;FICA DO CECOM<\/span><\/a> <span class=\"texto\">     <\/p>\n<p>Todos os anos, em dezembro, s&atilde;o iniciados os trabalhos para      leitura e corre&ccedil;&atilde;o das folhas de respostas dos candidatos      ao Vestibular da UFMG. &Eacute; uma &eacute;poca em que a palavra vestibular      quer dizer muito trabalho, dedica&ccedil;&atilde;o e alegria.<\/p>\n<p>Existem algumas fotografias desses per&iacute;odos e foram encontradas      algumas, de dezembro de 1995, que valem ser registradas nas p&aacute;ginas      do Sistem&aacute;tico.<\/p>\n<p>A data est&aacute; correta, pois o Le&atilde;o anotou atr&aacute;s      de cada foto, mas desconhece-se quem registrou o momento. S&oacute;      se sabe que n&atilde;o foi um ceconiano. <\/p>\n<p align=\"center\"><font face=\"1\"><i>Os trabalhos da turma da Opera&ccedil;&atilde;o,      com Jo&atilde;o Cloves e Nilson operando o Sistema A10<\/i><\/font><\/p>\n<p align=\"center\"><img loading=\"lazy\" decoding=\"async\" src=\"https:\/\/www.ufmg.br\/dti\/wp-content\/uploads\/fotos\/vest1.jpg\" width=\"484\" height=\"307\"><\/p>\n<p align=\"center\"><font face=\"1\"><i>Nilson, Alfredo, Elza e Rubens, envolvidos      nos trabalhos de controle do material do Vestibular UFMG de 1996<\/i><\/font><\/p>\n<p align=\"center\"><img loading=\"lazy\" decoding=\"async\" src=\"https:\/\/www.ufmg.br\/dti\/wp-content\/uploads\/fotos\/vest2.jpg\" width=\"459\" height=\"242\"><\/p>\n<p align=\"center\"><font face=\"1\"><i>Paulo In&aacute;cio, Jader e Jorman,      em atividade de leitura das folhas de respostas nas leitoras &oacute;pticas      LMO-PICSIS<\/i><\/font><\/p>\n<p align=\"center\"><img loading=\"lazy\" decoding=\"async\" src=\"https:\/\/www.ufmg.br\/dti\/wp-content\/uploads\/fotos\/vest3.jpg\" width=\"476\" height=\"279\"><\/p>\n<p>    <\/span> <\/td>\n<\/tr>\n<p>  <!-- #EndEditable -->  <\/table>\n<p> <!-- fim noticias --> <!-- tabela ha 20 anos --> <\/p>\n<table border=\"0\" cellspacing=\"0\" cellpadding=\"0\" class=\"cinza\">\n<tr>\n<td><img loading=\"lazy\" decoding=\"async\" src=\"https:\/\/www.ufmg.br\/dti\/wp-content\/uploads\/imgs\/tudo_pixel.gif\" width=\"1\" height=\"1\" alt=\"\" border=\"0\"><\/td>\n<td><img loading=\"lazy\" decoding=\"async\" src=\"https:\/\/www.ufmg.br\/dti\/wp-content\/uploads\/imgs\/tudo_pixel.gif\" width=\"19\" height=\"1\" alt=\"\" border=\"0\"><\/td>\n<td><img loading=\"lazy\" decoding=\"async\" src=\"https:\/\/www.ufmg.br\/dti\/wp-content\/uploads\/imgs\/tudo_pixel.gif\" width=\"510\" height=\"1\" alt=\"\" border=\"0\"><\/td>\n<td><img loading=\"lazy\" decoding=\"async\" src=\"https:\/\/www.ufmg.br\/dti\/wp-content\/uploads\/imgs\/tudo_pixel.gif\" width=\"19\" height=\"1\" alt=\"\" border=\"0\"><\/td>\n<td><img loading=\"lazy\" decoding=\"async\" src=\"https:\/\/www.ufmg.br\/dti\/wp-content\/uploads\/imgs\/tudo_pixel.gif\" width=\"1\" height=\"1\" alt=\"\" border=\"0\"><\/td>\n<\/tr>\n<tr>\n<td class=\"vermelho\" colspan=\"5\"><img loading=\"lazy\" decoding=\"async\" src=\"https:\/\/www.ufmg.br\/dti\/wp-content\/uploads\/imgs\/tudo_pixel.gif\" width=\"1\" height=\"1\" alt=\"\" border=\"0\"><\/td>\n<\/tr>\n<tr>\n<td class=\"vermelho\"><img loading=\"lazy\" decoding=\"async\" src=\"https:\/\/www.ufmg.br\/dti\/wp-content\/uploads\/imgs\/tudo_pixel.gif\" width=\"1\" height=\"1\" alt=\"\" border=\"0\"><\/td>\n<td><img loading=\"lazy\" decoding=\"async\" src=\"https:\/\/www.ufmg.br\/dti\/wp-content\/uploads\/imgs\/tudo_pixel.gif\" width=\"1\" height=\"1\" alt=\"\" border=\"0\"><\/td>\n<td align=\"LEFT\" valign=\"TOP\"><!-- #BeginEditable \"ha 20 anos\" --><a name=\"ainformativo8\"><img loading=\"lazy\" decoding=\"async\" src=\"https:\/\/www.ufmg.br\/dti\/wp-content\/uploads\/imgs\/tudo_pixel.gif\" width=\"1\" height=\"8\" alt=\"\" border=\"0\"><br \/>    <span class=\"titulo\">H\u00e1 20 anos&#8230;<\/span><\/a> <span class=\"texto\">     <\/p>\n<p>O Sistem&aacute;tico, Ano V, no. 33, de 03\/09\/1981, publicou not&iacute;cias      sobre o Concurso de Agente Administrativo da UFMG, participa&ccedil;&atilde;o      do prof. Jo&atilde;o Carlos Pires Bauer em reuni&otilde;es da SEI, visitas      de estudantes de diversas escolas de Belo Horizonte &agrave;s instala&ccedil;&otilde;es      do Sistema Burroughs 6700, Sistema de Controle de Freq&uuml;&ecirc;ncia,      entre outras. As not&iacute;cias que se destacaram foram:<\/p>\n<p><b>REMANEJAMENTO DE PESSOAL<\/b><br \/>     <font face=\"1\">Desde o &uacute;ltimo dia 25, o Setor de Sistemas de      Computa&ccedil;&atilde;o do CECOM est&aacute; contando com o funcion&aacute;rio      Rubens Crispim da Silva. Ele est&aacute; prestando servi&ccedil;os no      turno da noite, sob a supervis&atilde;o de Renato Machado Righi.<\/font><\/p>\n<p><b>NOVOS CONTRATADOS NO CECOM<\/b><br \/>     <font face=\"1\">A UFMG contratou para o Centro de Computa&ccedil;&atilde;o,      no in&iacute;cio de agosto, o programador Luiz Ricardo de Faria e Silva.      Ele est&aacute; lotado na Divis&atilde;o de Usu&aacute;rios.<br \/>     Atrav&eacute;s da FUNDEP, foram contratadas Maria Manuela Martins Tavares      Reyes, como programador\/estagi&aacute;rio (Divis&atilde;o de Usu&aacute;rios)      e Geralda Alves Torres, como perfurador\/estagi&aacute;rio (Setor de      Digita&ccedil;&atilde;o), a partir de 26 de agosto.<\/font><\/p>\n<p>    <\/span><!-- #EndEditable --><br \/>     <img loading=\"lazy\" decoding=\"async\" src=\"https:\/\/www.ufmg.br\/dti\/wp-content\/uploads\/imgs\/tudo_pixel.gif\" width=\"1\" height=\"8\" alt=\"\" border=\"0\"><\/td>\n<td><img loading=\"lazy\" decoding=\"async\" src=\"https:\/\/www.ufmg.br\/dti\/wp-content\/uploads\/imgs\/tudo_pixel.gif\" width=\"1\" height=\"1\" alt=\"\" border=\"0\"><\/td>\n<td class=\"vermelho\"><img loading=\"lazy\" decoding=\"async\" src=\"https:\/\/www.ufmg.br\/dti\/wp-content\/uploads\/imgs\/tudo_pixel.gif\" width=\"1\" height=\"1\" alt=\"\" border=\"0\"><\/td>\n<\/tr>\n<tr>\n<td class=\"vermelho\" colspan=\"5\"><img loading=\"lazy\" decoding=\"async\" src=\"https:\/\/www.ufmg.br\/dti\/wp-content\/uploads\/imgs\/tudo_pixel.gif\" width=\"1\" height=\"1\" alt=\"\" border=\"0\"><\/td>\n<\/tr>\n<\/table>\n<p> <!-- fim tabela ha 20 anos --><\/div>\n<p><a name='eventos'><\/a><\/p>\n<h4>Eventos<\/h4>\n<div class=\"centro-sistematico\">  <!-- noticias --> <\/p>\n<table border=\"0\" cellspacing=\"0\" cellpadding=\"0\">\n<tr>\n<td><\/td>\n<td><\/td>\n<\/tr>\n<p>  <!-- #BeginEditable \"materias\" -->   <\/p>\n<tr>\n<td align=\"LEFT\" valign=\"TOP\"><\/td>\n<td align=\"LEFT\" valign=\"TOP\"> <a name=\"aeventos1\"><span class=\"titulo\">CURSO DE     LOTUS WORDPRO<\/span><\/a> <span class=\"texto\">     <\/p>\n<p>Dentro do processo de consolida&ccedil;&atilde;o do Lotus Smartsuite      como ferramenta de edi&ccedil;&atilde;o nas redes administrativas, o      CECOM estar&aacute; oferecendo uma turma de treinamento enfocando o      editor Lotus WordPro para os usu&aacute;rios destas redes.<\/p>\n<p>Esta turma, com 18 vagas, ser&aacute; realizada no per&iacute;odo de      17 a 21\/9, de 13:30 &agrave;s 16:30, na sala de aulas 2 do CECOM, no      subsolo da Reitoria.<\/p>\n<p>As inscri&ccedil;&otilde;es para este curso devem ser feitas at&eacute;      o dia 12\/9, atrav&eacute;s de e-mail para o endere&ccedil;o xina@cecom.ufmg.br,      informando o nome completo e o e-mail do indicado.<\/p>\n<p>    <\/span> <\/td>\n<\/tr>\n<tr>\n<td align=\"LEFT\" valign=\"TOP\"><\/td>\n<td align=\"LEFT\" valign=\"TOP\"><a name=\"aeventos2\"><span class=\"titulo\">TREINAMENTO     NOTES<\/span><\/a> <span class=\"texto\">     <\/p>\n<p>O CECOM ofereceu, no dia 05, mais um treinamento sobre o Lotus Notes      para usu&aacute;rios da Reitoria, BU e Editora, tendo como instrutor      Eug&ecirc;nio Pacelli Pereira de Souza e monitor Danilo Pinheiro Soares      Guimar&atilde;es. Estiveram participando do treinamento os seguintes      funcion&aacute;rios: Beatriz do Socorro Trindade (Editora), Cleyde Grandinetti      (BU), Denise Ribeiro Soares (Editora), Eduardo Ferreira da Silva (Editora),      Elaine Carvalho Gaudereto Sena (COPI), Elo&iacute;za Lagaris (CTIT),      Eucl&iacute;dia L. de Macedo Vale (Editora), Ida Gracia Rossi (DCF),      Luciano Gon&ccedil;alves Jardim (DCF), Magda Auxiliadora dos Santos      Barbosa Bastos (Prograd) e Shirley Maciel da Silva (BU).<\/p>\n<p>    <\/span>    <\/td>\n<\/tr>\n<tr>\n<td align=\"LEFT\" valign=\"TOP\"><\/td>\n<td align=\"LEFT\" valign=\"TOP\"><a name=\"aeventos3\"><span class=\"titulo\">SOCIAIS<\/span><\/a>     <span class=\"texto\">     <\/p>\n<p><b>ANIVERS&Aacute;RIOS:<\/b> <i>&#8220;O Sistem&aacute;tico&#8221; envia      os parab&eacute;ns para: Renato Machado Righi, no dia 08 e Rog&eacute;rio      Soares Pinheiro, no dia 11. E envia os parab&eacute;ns, tamb&eacute;m,      para os ex-ceconianos: Paulo Vianna Affonso e H&eacute;lio Chachan,      no dia 07; Henrique Pacca Loureiro Luna e Elidimar S&eacute;rgio Soares,      no dia 09; Aldemar Lopes de Souza e Arnaldo Jos&eacute; de Oliveira,      no dia 13.<\/i><\/p>\n<p>    <\/span>    <\/td>\n<\/tr>\n<p>  <!-- #EndEditable -->  <\/table>\n<p> <!-- fim noticias --><\/div>\n","protected":false},"excerpt":{"rendered":"<p>Not\u00edcias MELHORIA DE INFRA-ESTRUTURA SOCIEDADE DA INFORMA&Ccedil;&Atilde;O INSCRI&Ccedil;&Otilde;ES AO VESTIBULAR DIGITALIZA&Ccedil;&Atilde;O DE CENTRAIS TELEF&Ocirc;NICAS SOLU&Ccedil;&Otilde;ES DE ARMAZENAMENTO TROCA DE FONTE DE ENERGIA NO LCC Informativo GenteWhere GUIA DE SITES INTERESSANTES DEFINI&Ccedil;&Atilde;O DE TERMOS DE INFORM&Aacute;TICA PLANT&Atilde;O INFO FUS&Atilde;O DA HP-COMPAC FERIADO MEM&Oacute;RIA FOTOGR&Aacute;FICA DO CECOM H\u00e1 20 anos&#8230; Eventos CURSO DE LOTUS WORDPRO TREINAMENTO NOTES &#8230; <a title=\"Sistem\u00e1tico: Edi\u00e7\u00e3o 1088 &#8211; 06\/09\/2001\" class=\"read-more\" href=\"https:\/\/www.ufmg.br\/dti\/2001\/09\/06\/sistematico-edicao-1088-06092001\/\" aria-label=\"Read more about Sistem\u00e1tico: Edi\u00e7\u00e3o 1088 &#8211; 06\/09\/2001\">Ler mais<\/a><\/p>\n","protected":false},"author":3,"featured_media":0,"comment_status":"open","ping_status":"open","sticky":false,"template":"","format":"standard","meta":{"inline_featured_image":false,"footnotes":""},"categories":[13],"tags":[],"coauthors":[79],"class_list":["post-1539","post","type-post","status-publish","format-standard","hentry","category-sistematico"],"_links":{"self":[{"href":"https:\/\/www.ufmg.br\/dti\/wp-json\/wp\/v2\/posts\/1539","targetHints":{"allow":["GET"]}}],"collection":[{"href":"https:\/\/www.ufmg.br\/dti\/wp-json\/wp\/v2\/posts"}],"about":[{"href":"https:\/\/www.ufmg.br\/dti\/wp-json\/wp\/v2\/types\/post"}],"author":[{"embeddable":true,"href":"https:\/\/www.ufmg.br\/dti\/wp-json\/wp\/v2\/users\/3"}],"replies":[{"embeddable":true,"href":"https:\/\/www.ufmg.br\/dti\/wp-json\/wp\/v2\/comments?post=1539"}],"version-history":[{"count":0,"href":"https:\/\/www.ufmg.br\/dti\/wp-json\/wp\/v2\/posts\/1539\/revisions"}],"wp:attachment":[{"href":"https:\/\/www.ufmg.br\/dti\/wp-json\/wp\/v2\/media?parent=1539"}],"wp:term":[{"taxonomy":"category","embeddable":true,"href":"https:\/\/www.ufmg.br\/dti\/wp-json\/wp\/v2\/categories?post=1539"},{"taxonomy":"post_tag","embeddable":true,"href":"https:\/\/www.ufmg.br\/dti\/wp-json\/wp\/v2\/tags?post=1539"},{"taxonomy":"author","embeddable":true,"href":"https:\/\/www.ufmg.br\/dti\/wp-json\/wp\/v2\/coauthors?post=1539"}],"curies":[{"name":"wp","href":"https:\/\/api.w.org\/{rel}","templated":true}]}}