{"id":1548,"date":"2001-07-05T08:00:00","date_gmt":"2001-07-05T08:00:00","guid":{"rendered":"https:\/\/www.ufmg.br\/dti\/cecom\/?p=1548"},"modified":"2001-07-05T08:00:00","modified_gmt":"2001-07-05T08:00:00","slug":"sistematico-edicao-1079-05072001","status":"publish","type":"post","link":"https:\/\/www.ufmg.br\/dti\/2001\/07\/05\/sistematico-edicao-1079-05072001\/","title":{"rendered":"Sistem\u00e1tico: Edi\u00e7\u00e3o 1079 &#8211; 05\/07\/2001"},"content":{"rendered":"<ul>\n<li><a href=\"\/dti\/#noticias\">Not\u00edcias<\/a>\n<div class='submenuSistematico'>\n<ul>\n<li><a href=\"\/dti\/#anoticias1\"><span class=\"titulo\">AUMENTO     DA VELOCIDADES DAS LPCDs<\/span><\/a><\/li>\n<li><a href=\"\/dti\/#anoticias2\"><span class=\"titulo\">SERVIDORA     DE BACKUP EM PRODU&Ccedil;&Atilde;O<\/span><\/a><\/li>\n<li><a href=\"\/dti\/#anoticias3\"><span class=\"titulo\">PREG&Atilde;O     TEM NOVA DATA<\/span><\/a><\/li>\n<li><a href=\"\/dti\/#anoticias4\"><span class=\"titulo\">IMPLANTA&Ccedil;&Atilde;O     DO GRUDE NA BU<\/span><\/a><\/li>\n<li><a href=\"\/dti\/#anoticias5\"><span class=\"titulo\">CECOM PADRONIZA     CATEGORIAS DE RAMAIS TELEF&Ocirc;NICOS<\/span><\/a><\/li>\n<li><a href=\"\/dti\/#anoticias6\"><span class=\"titulo\">ENCERRADO     O SERVI&Ccedil;O DE REDE NO PR&Eacute;DIO DA QU&Iacute;MICA<\/span><\/a><\/li>\n<li><a href=\"\/dti\/#anoticias7\"><span class=\"titulo\">NOVA PR&Oacute;-REITORA<\/span><\/a><\/li>\n<\/ul>\n<\/div>\n<\/li>\n<li><a href=\"\/dti\/#informativo\">Informativo<\/a>\n<div class='submenuSistematico'>\n<ul>\n<li><a href=\"\/dti\/#ainformativo1\"><span class=\"titulo\">ESTAGI&Aacute;RIO     INTERNACIONAL<\/span><br \/>    <\/a><\/li>\n<li><a href=\"\/dti\/#ainformativo2\"><span class=\"titulo\">DEFINI&Ccedil;&Atilde;O     DE TERMOS DE INFORM&Aacute;TICA<\/span><\/a><\/li>\n<li><a href=\"\/dti\/#ainformativo3\"><span class=\"titulo\">GOVRENO EDITA     MP SOBRE CERTIFICA&Ccedil;&Atilde;O DIGITAL<\/span><\/a><\/li>\n<li><a href=\"\/dti\/#ainformativo4\"><span class=\"titulo\">PLANT&Atilde;O     INFO<\/span><\/a><\/li>\n<li><a href=\"\/dti\/#ainformativo5\"><span class=\"titulo\">CURIOSIDADE<\/span><\/a><\/li>\n<li><a href=\"\/dti\/#ainformativo6\"><span class=\"titulo\">E-MAILS RECEBIDOS<\/span><\/a><\/li>\n<li><a href=\"\/dti\/#ainformativo7\"><img loading=\"lazy\" decoding=\"async\" src=\"https:\/\/www.ufmg.br\/dti\/wp-content\/uploads\/imgs\/tudo_pixel.gif\" width=\"1\" height=\"8\" alt=\"\" border=\"0\"><br \/>    <span class=\"titulo\">H\u00e1 20 anos&#8230;<\/span><\/a><\/li>\n<\/ul>\n<\/div>\n<\/li>\n<li><a href=\"\/dti\/#eventos\">Eventos<\/a>\n<div class='submenuSistematico'>\n<ul>\n<li><a href=\"\/dti\/#aeventos1\"><span class=\"titulo\">BATE PAPO     SOBRE O WORKSHOP DE WEBSPHERE<\/span><\/a><\/li>\n<li><a href=\"\/dti\/#aeventos2\"><span class=\"titulo\">TREINAMENTO<\/span><\/a><\/li>\n<li><a href=\"\/dti\/#aeventos3\"><span class=\"titulo\">TREINAMENTO     NOTES<\/span><\/a><\/li>\n<li><a href=\"\/dti\/#aeventos4\"><span class=\"titulo\">FESTAWARE<\/span><\/a><\/li>\n<li><a href=\"\/dti\/#aeventos5\"><span class=\"titulo\">SOCIAIS<\/span><\/a><\/li>\n<\/ul>\n<\/div>\n<\/li>\n<\/ul>\n<p> <a name='noticias'><\/a><\/p>\n<h4>Not\u00edcias<\/h4>\n<div class=\"centro-sistematico\">  <!-- noticias --> <\/p>\n<table border=\"0\" cellspacing=\"0\" cellpadding=\"0\">\n<tr>\n<td><\/td>\n<td><\/td>\n<\/tr>\n<p>  <!-- #BeginEditable \"materias\" -->   <\/p>\n<tr>\n<td align=\"LEFT\" valign=\"TOP\"><\/td>\n<td align=\"LEFT\" valign=\"TOP\"> <a name=\"anoticias1\"><span class=\"titulo\">AUMENTO     DA VELOCIDADES DAS LPCDs<\/span><\/a> <span class=\"texto\">     <\/p>\n<p>Conforme j&aacute; havia sido divulgado por O Sistem&aacute;tico, foram      liberadas pela Telemar, na &uacute;ltima semana de junho, as novas velocidades      de comunica&ccedil;&atilde;o das LPCDs (Linhas Privativas de Comunica&ccedil;&atilde;o      de Dados).<\/p>\n<p>Os novos limites s&atilde;o os seguintes:<br \/>     &#8211; Campus da Sa&uacute;de: 1 Mbps<br \/>     &#8211; Engenharia e FACE: 512 Kbps<br \/>     &#8211; Arquitetura, Direito e Farm&aacute;cia: 256 Kbps.<\/p>\n<p>O acompanhamento estat&iacute;stico, realizado pela DRC, tem indicado      um comportamento adequado das novas velocidades, que se mostraram ajustadas      &agrave;s demandas atuais das unidades atendidas fora do campus.<\/p>\n<p>Entretanto, em fun&ccedil;&atilde;o dos projetos futuros e da postura      adotada pela ATI e CECOM de estimular o investimento e uso da comunica&ccedil;&atilde;o      via Rede UFMG, como forma de reduzir os custos atuais de telefonia convencional,      este monitoramento de desempenho ser&aacute; frequente, buscando garantir      n&iacute;veis satisfat&oacute;rios de qualidade para a comunidade universit&aacute;ria      que n&atilde;o usufrui das vantagens do backbone do Campus Pampulha.      2<\/p>\n<p>    <\/span> <\/td>\n<\/tr>\n<tr>\n<td align=\"LEFT\" valign=\"TOP\"><\/td>\n<td align=\"LEFT\" valign=\"TOP\"> <a name=\"anoticias2\"><span class=\"titulo\">SERVIDORA     DE BACKUP EM PRODU&Ccedil;&Atilde;O<\/span><\/a> <span class=\"texto\">     <\/p>\n<p>A DAC liberou para produ&ccedil;&atilde;o o servidor de backup, que      j&aacute; est&aacute; sendo utilizado para garantir a seguran&ccedil;a      de recupera&ccedil;&atilde;o dos servidores Netware que atendem &agrave;s      redes da UA 2, UA 3 e Biblioteca Universit&aacute;ria.<\/p>\n<p>Esta semana, a Diretoria do CECOM autorizou a DAC a iniciar processo      de aquisi&ccedil;&atilde;o de licen&ccedil;as complementares do software      ArcServe IT 2000, que &eacute; o produto utilizado no servidor de backup,      para garantir que os demais servidores Netware sejam atendidos tamb&eacute;m.<\/p>\n<p>At&eacute; que isto aconte&ccedil;a, os servidores n&atilde;o atendidos,      no caso, Reitoria, CECOM, DSG e Imprensa, continuar&atilde;o a utilizar      backup feito nos pr&oacute;prios equipamentos.<\/p>\n<p>    <\/span>     <\/td>\n<\/tr>\n<tr>\n<td align=\"LEFT\" valign=\"TOP\"><\/td>\n<td align=\"LEFT\" valign=\"TOP\"> <a name=\"anoticias3\"><span class=\"titulo\">PREG&Atilde;O     TEM NOVA DATA<\/span><\/a> <span class=\"texto\">     <\/p>\n<p>Dando continuidade ao processo para contrata&ccedil;&atilde;o de empresas      especializadas na presta&ccedil;&atilde;o de servi&ccedil;o telef&ocirc;nico      fixo comutado DDI e DDD, foi marcada nova data para a sess&atilde;o      de abertura das propostas. A sess&atilde;o ser&aacute; realizada no      dia 10 de julho, &agrave;s 14:00, na Sala de Aulas 1 do CECOM, no subsolo      da Reitoria.<\/p>\n<p>    <\/p>\n<p>    <\/span><\/td>\n<\/tr>\n<tr>\n<td align=\"LEFT\" valign=\"TOP\"><\/td>\n<td align=\"LEFT\" valign=\"TOP\"> <a name=\"anoticias4\"><span class=\"titulo\">IMPLANTA&Ccedil;&Atilde;O     DO GRUDE NA BU<\/span><\/a> <span class=\"texto\">     <\/p>\n<p>Est&aacute; praticamente encerrada a etapa de implanta&ccedil;&atilde;o      do Projeto Grude nos &oacute;rg&atilde;os da Reitoria. Neste momento,      restam apenas alguns usu&aacute;rios isolados, que est&atilde;o com      processo avan&ccedil;ado de implanta&ccedil;&atilde;o ou que depender&atilde;o      de upgrade de seus equipamentos atuais.<\/p>\n<p>Desta forma, a DAC iniciou o processo de implanta&ccedil;&atilde;o      do Grude nas unidades administrativas cujas redes locais s&atilde;o      mantidas pelo CECOM.<\/p>\n<p>A primeira unidade a migrar para o Grude est&aacute; sendo a Biblioteca      Universit&aacute;ria. Dentro desse processo, o CECOM, em parceria com      o DRH, iniciou, no dia 28\/06, treinamento enfocando o Lotus Notes, voltado      para os usu&aacute;rios desta unidade.<\/p>\n<p>    <\/span>     <\/td>\n<\/tr>\n<tr>\n<td align=\"LEFT\" valign=\"TOP\"><\/td>\n<td align=\"LEFT\" valign=\"TOP\"> <a name=\"anoticias5\"><span class=\"titulo\">CECOM PADRONIZA     CATEGORIAS DE RAMAIS TELEF&Ocirc;NICOS<\/span><\/a> <span class=\"texto\">     <\/p>\n<p>A DRC efetuou um trabalho de compila&ccedil;&atilde;o das diversas      categorias de ramais existentes nas centrais telef&ocirc;nicas da Escola      de Engenharia e Campus Sa&uacute;de, visando padronizar as categorias      de todas as centrais do tipo Ericsson MD 110. A partir deste levantamento,      foi feita uma tabela de convers&atilde;o, enquadrando os ramais destas      centrais dentro dos crit&eacute;rios existentes no Campus Pampulha.      A Ericsson, empresa que d&aacute; manuten&ccedil;&atilde;o nas centrais      telef&ocirc;nicas da UFMG, efetuou a reprograma&ccedil;&atilde;o de      categorias e ramais e, durante a &uacute;ltima semana, foram efetuados      pequenos ajustes que permitiram a estabiliza&ccedil;&atilde;o do sistema.      Com o t&eacute;rmino do servi&ccedil;o, foi estabelecido um padr&atilde;o      que facilita as atividades de programa&ccedil;&atilde;o de ramais, que      passaram a ser responsabilidade exclusiva do CECOM a partir da assinatura      do novo contrato de manuten&ccedil;&atilde;o das centrais.<\/p>\n<p>    <\/p>\n<p>    <\/span><\/td>\n<\/tr>\n<tr>\n<td align=\"LEFT\" valign=\"TOP\"><\/td>\n<td align=\"LEFT\" valign=\"TOP\"> <a name=\"anoticias6\"><span class=\"titulo\">ENCERRADO     O SERVI&Ccedil;O DE REDE NO PR&Eacute;DIO DA QU&Iacute;MICA<\/span><\/a>     <span class=\"texto\">     <\/p>\n<p>A Instectel terminou os servi&ccedil;os de bandejamento e cabeamento      (telef&ocirc;nico e de l&oacute;gica) no pr&eacute;dio do Depto. de      Qu&iacute;mica do ICEx.<\/p>\n<p>No caso do cabeamento telef&ocirc;nico foi instalado um novo DG (distribuidor      geral) no corredor do primeiro andar, substituindo o DG antigo que ficava      dentro de um laborat&oacute;rio de acesso restrito. Neste DG chega o      cabo telef&ocirc;nico que sai do ICEx e que &eacute; distribuido internamente      por outros cabos para quatro CDs (caixas de distribui&ccedil;&atilde;o).      A CD, &uacute;ltimo n&iacute;vel de estrutura&ccedil;&atilde;o de uma      rede telef&ocirc;nica predial, &eacute; o local de onde saem os cabos      que alimentar&atilde;o individualmente as tomadas onde s&atilde;o ligadas      os aparelhos telef&ocirc;nicos.<\/p>\n<p>Na &aacute;rea de rede de dados (l&oacute;gica) foram instalados quatro      arm&aacute;rios com switchs, de onde partem os cabos que conectam os      computadores &agrave; rede do Depto. de Qu&iacute;mica. Foi instalada      tamb&eacute;m uma fibra &oacute;tica entre o pr&eacute;dio principal      do DQ e o pr&eacute;dio que abriga o laborat&oacute;rio de resson&acirc;ncia      magn&eacute;tica. A liga&ccedil;&atilde;o entre o DQ e a Rede UFMG &eacute;      feita a 100 Mbps atrav&eacute;s de um novo cabo de fibra &oacute;tica,      que est&aacute; ligado ao novo roteador do ICEx.<\/p>\n<p>O cabeamento antigo, que circulava sobre o teto ou preso &agrave;s      divis&oacute;rias, foi retirado. O servi&ccedil;o conclu&iacute;do permitiu      uma melhoria visual no pr&eacute;dio e facilitou as atividades de manuten&ccedil;&atilde;o      das redes, que foram constru&iacute;das dentro dos padr&otilde;es vigentes      de organiza&ccedil;&atilde;o e documenta&ccedil;&atilde;o. O CECOM,      atrav&eacute;s da DRC, forneceu parte do material e equipamento utilizado      e orientou a execu&ccedil;&atilde;o dos servi&ccedil;os, que foram executados      com recursos pr&oacute;prios do DQ. <\/p>\n<p>    <\/span>     <\/td>\n<\/tr>\n<tr>\n<td align=\"LEFT\" valign=\"TOP\"><\/td>\n<td align=\"LEFT\" valign=\"TOP\"> <a name=\"anoticias7\"><span class=\"titulo\">NOVA PR&Oacute;-REITORA<\/span><\/a>     <span class=\"texto\">     <\/p>\n<p>Desde o dia 25 de junho, Eliane Aparecida Ferreira &eacute; a nova      Pr&oacute;-Reitora de Administra&ccedil;&atilde;o, em substitui&ccedil;&atilde;o      a Luiz Felipe Vieira Calvo.<\/p>\n<p>    <\/span>     <\/td>\n<\/tr>\n<p>  <!-- #EndEditable -->  <\/table>\n<p> <!-- fim noticias --><\/div>\n<p><a name='informativo'><\/a><\/p>\n<h4>Informativo<\/h4>\n<div class=\"centro-sistematico\">  <!-- noticias --> <\/p>\n<table border=\"0\" cellspacing=\"0\" cellpadding=\"0\">\n<tr>\n<td><\/td>\n<td><\/td>\n<\/tr>\n<p>  <!-- #BeginEditable \"materias\" -->   <\/p>\n<tr>\n<td align=\"LEFT\" valign=\"TOP\"><\/td>\n<td align=\"LEFT\" valign=\"TOP\"><a name=\"ainformativo1\"><span class=\"titulo\">ESTAGI&Aacute;RIO     INTERNACIONAL<\/span><br \/>    <\/a> <img loading=\"lazy\" decoding=\"async\" src=\"https:\/\/www.ufmg.br\/dti\/wp-content\/uploads\/imgs\/tudo_pixel.gif\" width=\"1\" height=\"20\" alt=\"\" border=\"0\"><br \/>     <span class=\"texto\"> <img loading=\"lazy\" decoding=\"async\" src=\"https:\/\/www.ufmg.br\/dti\/wp-content\/uploads\/fotos\/paul4.jpg\" width=\"236\" height=\"226\" alt=\"\" border=\"0\" hspace=\"0\" vspace=\"0\" align=\"left\"><img loading=\"lazy\" decoding=\"async\" src=\"https:\/\/www.ufmg.br\/dti\/wp-content\/uploads\/imgs\/tudo_pixel.gif\" width=\"20\" height=\"191\" alt=\"\" border=\"0\" hspace=\"0\" vspace=\"0\" align=\"left\">Ap&oacute;s     quase dois anos de conversa&ccedil;&atilde;o entre a Assessoria de Coopera&ccedil;&atilde;o     Internacional da UFMG e o Dr. Tarc&iacute;sio Beal, diretor de Programas     e Estudos Brasileiros da Universidade do Texas\/USA, pela primeira vez     quinze alunos da University of the Incarnate Word, de San Antonio, Texas,     est&atilde;o em Belo Horizonte. O grupo est&aacute; na cidade desde o     dia 28 de junho, para um est&aacute;gio.     <\/p>\n<p>A ACI direcionou os alunos para as &aacute;reas de interesse de cada      um e o CECOM foi convidadado a participar do Programa de Interc&acirc;mbio,      recebendo Paul Bernal, aluno de Inform&aacute;tica. O est&aacute;gio      no Brasil ter&aacute; a dura&ccedil;&atilde;o de quinze dias e est&aacute;      envolvendo as seguintes organiza&ccedil;&otilde;es: Usiminas, Pal&aacute;cio      das Artes, Funda&ccedil;&atilde;o Jo&atilde;o Pinheiro, Funda&ccedil;&atilde;o      Cl&oacute;vis Salgado, Conservat&oacute;rio, Belotur, Clube de Diretores      Lojistas, Fiemg e Minist&eacute;rio das Rela&ccedil;&otilde;es Exteriores.<\/p>\n<p>Para permitir que Paul Bernal pudesse cumprir seu programa de est&aacute;gio      no CECOM, tendo uma vis&atilde;o geral das atividades desempenhadas      pelo &oacute;rg&atilde;o, a Diretoria do Centro de Computa&ccedil;&atilde;o      programou o seguinte roteiro, que ele est&aacute; cumprindo:<br \/>     &#8211; dia 02\/07: entrevista com o Diretor do CECOM, Carlos Alfeu Furtado      da Fonseca.<br \/>     &#8211; dia 03\/07: visita &agrave; Divis&atilde;o de Atendimento e Consultoria      e acompanhamento de atendimento a usu&aacute;rios da Reitoria.<br \/>     &#8211; dia 04\/07: visita &agrave; Divis&atilde;o de Redes de Comunica&ccedil;&atilde;o      e reconhecimento das atividades de suporte de rede e servidoras Linux.<br \/>     &#8211; dia 06\/07: participa&ccedil;&atilde;o em treinamento dado pela DAC      sobre o Lotus Notes.<br \/>     &#8211; dia 09\/07: visita &agrave; Divis&atilde;o de Aplicativos e Sistemas      e reconhecimento das atividades de desenvolvimento e manuten&ccedil;&atilde;o      de sistemas em ambiente Cliente\/Servidor.<\/p>\n<p>De acordo com o roteiro, Paul chegou ao CECOM no dia 2 de julho, quando      se reuniu com Carlos Alfeu para uma conversa, que durou duas horas.      Paul comentou que aprendeu muito e gostaria de ter conversado mais ainda,      parecendo que a conversa tinha durado somente 10 minutos. Tudo est&aacute;      sendo novidade para ele, apesar de ter procurado saber mais sobre o      Brasil antes de embarcar. S&oacute; sabia alguma coisa sobre a Amaz&ocirc;nia,      achando que tudo aqui fosse antigo e n&atilde;o esperava encontrar cidades      como Belo Horizonte. Gostou de ter vindo para o est&aacute;gio, ficando      surpreso com a tecnologia utilizada na UFMG. Ficou surpreso, tamb&eacute;m,      com a capacidade dos brasileiros sorrirem.<\/p>\n<p>Paul se preparou para o est&aacute;gio estudando Portugu&ecirc;s durante      dois semestres e est&aacute; falando e entendendo bem a nossa l&iacute;ngua.      Perguntado se aprendeu alguma nova palavra, disse que o Frota ensinou      a palavra <i>catacumbas<\/i>, quando se referiu ao subsolo, local da      Divis&atilde;o de Redes de Comunica&ccedil;&atilde;o.<\/p>\n<p>Contou que estava interessado em seguir o curso de Computa&ccedil;&atilde;o,      mas a empresa em que trabalha o direcionou para o curso de Ger&ecirc;ncia      de Neg&oacute;cios (Administra&ccedil;&atilde;o de Empresas) na Universidade      de San Antonio, no Texas. Paul trabalha com programa&ccedil;&atilde;o      de produ&ccedil;&atilde;o de caixas de papel&atilde;o numa ind&uacute;stria      de reciclagem. <\/p>\n<p>Ap&oacute;s o per&iacute;odo de est&aacute;gio na UFMG, os quinze intercambistas      ir&atilde;o para Santa Catarina, onde ser&atilde;o recebidos pela Universidade      Federal. Em Florian&oacute;polis, Paul far&aacute; est&aacute;gio na      Companhia de Eletricidade de Santa Catarina. <\/p>\n<p>Essa primeira experi&ecirc;ncia no Programa de Interc&acirc;mbio da      ACI foi muito bem recebida por todos e est&aacute; sendo interessante      para o pessoal do CECOM. Esperamos que ela esteja sendo vista da mesma      forma pelo Paul e colegas.<\/p>\n<p>    <\/span> <\/td>\n<\/tr>\n<tr>\n<td align=\"LEFT\" valign=\"TOP\"><\/td>\n<td align=\"LEFT\" valign=\"TOP\"><a name=\"ainformativo2\"><span class=\"titulo\">DEFINI&Ccedil;&Atilde;O     DE TERMOS DE INFORM&Aacute;TICA<\/span><\/a> <span class=\"texto\">     <\/p>\n<p>Esta semana, O Sistem&aacute;tico publica os seguintes termos:<br \/>     <b>Chorus<\/b> &#8211; Efeito de eco utilizado para melhorar a qualidade do      som. Suportado por alguns programas e aparelhos de som.<\/p>\n<p><b>Ping<\/b> (Packet Internet Group) &#8211; Serve para medir a velocidade      da rede, o tempo que um pacote demora para chegar ao micro destino somado      com o tempo que a resposta demora a chegar. No DOS basta usar o comando      PING endere&ccedil;o, como em Ping 200.123.209.210 ou PING www.guiadohardware.net.<\/p>\n<p><b>PostScript<\/b> &#8211; Um formato de descri&ccedil;&atilde;o de p&aacute;gina,      desenvolvido pela Adobe. &Eacute; suportado pela maioria das impressoras      a laser, mas infelizmente por poucas impressoras jato de tinta. &Eacute;      um dos formatos de impress&atilde;o mais usados em gr&aacute;ficas atualmente,      pela grande precis&atilde;o. Os documentos PostScript podem ser gerados      apartir de v&aacute;rios programas.<\/p>\n<p><b>Power User<\/b> &#8211; Um usu&aacute;rio avan&ccedil;ado que conhece todos      os recursos dos softwares com os quais trabalha. &#8220;Power User&#8221;      (&#8220;usu&aacute;rio avan&ccedil;ado&#8221; nas vers&otilde;es em Portugu&ecirc;s)      &eacute; tamb&eacute;m um dos grupos de usu&aacute;rios padr&atilde;o      no Windows NT e 2000. Nestes sistemas, um usu&aacute;rio que participe      deste grupo tem permiss&otilde;es de acesso para instalar programas,      criar ou deletar arquivos, etc. quase os mesmos privil&eacute;gios de      um administrador, ao contr&aacute;rio de um &#8220;usu&aacute;rio padr&atilde;o&#8221;,      ou um &#8220;usu&aacute;rio restrito&#8221; que tem muito mais restri&ccedil;&otilde;es      no uso da m&aacute;quina. No Windows 2000 os privil&eacute;gios de cada      usu&aacute;rio podem ser configurados atrav&eacute;s do Painel de controle      &gt;Usu&aacute;rios e senhas. <\/p>\n<p><b>Psychoacoustics<\/b> &#8211; Psico-ac&uacute;stica, &eacute; o estudo de      como o som &eacute; processado pelo c&eacute;rebro humano. V&aacute;rios      padr&otilde;es de &aacute;udio, entre eles o pr&oacute;prio MP3 surgiram      apartir destes estudos.<\/p>\n<p><b>RAM Disk<\/b> &#8211; Alguns utilit&aacute;rios, entre eles o pr&oacute;prio      &#8220;ramdisk&#8221; do DOS, permitem reservar parte da mem&oacute;ria      RAM, que passa a ser acessada como se fosse um disco r&iacute;gido.      Naturalmente, o acesso a este disco &#8220;fantasma&#8221; &eacute; extremamente      r&aacute;pido, mas todos os dados s&atilde;o perdidos ao desligar o      micro. Este recurso era muito usado na &eacute;poca do XT, onde eram      comuns PCs sem HD e com apenas um drive de disquetes. Os RAM Disks eram      usados para copiar disquetes. O disquetes de boot do Windows 98 tamb&eacute;m      cria um RAM Disk, de 2 MB, onde s&atilde;o armazenados alguns utilit&aacute;rios      de sistema usados durante o boot.<\/p>\n<p><b>Retail<\/b> &#8211; Componentes destinado &agrave; venda no varejo. Ao      contr&aacute;rio dos componentes OEM, vem com caixa, manual, programas,      garantia maior etc.<\/p>\n<p><b>Socks<\/b> &#8211; Protocolo que ger&ecirc;ncia o tr&aacute;fego de dados      atrav&eacute;s de um servidor proxy. Pode ser usado por qualquer aplicativo:      Browsers, clientes de FTP etc. <\/p>\n<p><b>TAPI<\/b> &#8211; Interface de programa&ccedil;&atilde;o que permite que      programas Windows utilizem dispositivos de telefonia, como modems utilizando      comandos padr&atilde;o, oferecidos pela Interface, sem necessidade de      acessar diretamente o dispositivo ou conhecer seu set de comandos.<\/p>\n<p><b>WDM<\/b> &#8211; Windows Driver Model. O padr&atilde;o de drivers WDM foi      criado pela pr&oacute;pria Microsoft, e seu objetivo principal &eacute;      criar uma plataforma de drivers que sejam compat&iacute;veis com toda      a fam&iacute;lia Windows. Nos modelos de drivers antigos, utilizados      pelo Windows 3.x e pelo Windows 95, o driver continha todas as rotinas      necess&aacute;rias para controlar o dispositivo. Por&eacute;m, a maioria      destas rotinas eram repetidas em todos os drivers. Esta redund&acirc;ncia      s&oacute; servia para aumentar o trabalho dos desenvolvedores e, naturalmente,      a possibilidade de surgirem erros e bugs. Outra defici&ecirc;ncia &eacute;      a falta de portabilidade, j&aacute; que cada driver incorpora as rotinas      adequadas ao sistema operacional ao qual se destina. A id&eacute;ia      do modelo WDM &eacute; incorporar todas estas rotinas repetitivas ao      pr&oacute;prio sistema operacional, em arquivos chamados drivers de      classe. Um driver de classe &eacute; justamente o driver que cont&eacute;m      todas as rotinas repetitivas. Para aumentar a versatilidade, existem      drivers de classe diferentes para cada tipo de dispositivo, existem      alguns espec&iacute;ficos para scanners, outros para impressoras, outros      para placas de som, etc. Todos os drivers de classe necess&aacute;rios      j&aacute; acompanham o sistema operacional, por isso, nem voc&ecirc;,      nem os programadores que fazem os drivers precisam se preocupar com      eles.Como todas as fun&ccedil;&otilde;es b&aacute;sicas j&aacute; est&atilde;o      embutidas no pr&oacute;prio sistema operacional, os drivers de dispositivo      cont&eacute;m apenas as fun&ccedil;&otilde;es mais espec&iacute;ficas,      as que mudam de um dispositivo para o outro. Isto significa que o programador      ter&aacute; muito menos trabalho e o resultado final ser&aacute; melhor.<\/p>\n<p><b>Y2K<\/b> &#8211; Ano 2000, refere-se ao bug do mil&ecirc;nio, que felizmente      passou sem causar maiores estragos, al&eacute;m dos colossais investimentos      feitos pelas empresas e governos a fim de corrigir seus sistemas a tempo.      O problema todo surgiu durante as d&eacute;cadas de 70 e 80. Para economizar      mem&oacute;ria, um artigo escasso na &eacute;poca, era comum os programadores      armazenarem datas com apenas dois d&iacute;gitos para o ano, que ia      de 0 a 99, fazendo com que os sistemas n&atilde;o fossem capazes de      distinguir 2000 de 1900, o que poderia causar um colapso no sistema      financeiro, por exemplo.<\/p>\n<p><b>Yottabyte<\/b> &#8211; Equivale &agrave; 2 elevado &agrave; 80&ordm; pot&ecirc;ncia.      Realmente muita coisa. Equivale a 1.024 Zetabytes, 1.048.576 Exabytes      ou 1.073.741.800 Petabytes, sendo que 1 Petabyte equivale &agrave; 1024      Terabytes, ou 1.048.576 Gigabytes.<\/p>\n<p>D&uacute;vidas sobre outros termos de inform&aacute;tica? Consulte:      http:\/\/www.guiadohardware.net\/dicionario\/index.asp.<\/p>\n<p>    <\/span> <\/td>\n<\/tr>\n<tr>\n<td align=\"LEFT\" valign=\"TOP\"><\/td>\n<td align=\"LEFT\" valign=\"TOP\"><a name=\"ainformativo3\"><span class=\"titulo\">GOVRENO EDITA     MP SOBRE CERTIFICA&Ccedil;&Atilde;O DIGITAL<\/span><\/a> <span class=\"texto\">     <\/p>\n<p>O governo federal editou, na &uacute;ltima sexta-feira, dia 29 de junho,      a Medida Provis&oacute;ria 2.200, que regulamenta o uso de documentos      eletr&ocirc;nicos no Brasil. A medida vincula a validade jur&iacute;dica      do documento eletr&ocirc;nico ao credenciamento de empresas certificadoras,      criando uma estrutura de ag&ecirc;ncias em tudo parecida com um grande      cart&oacute;rio eletr&ocirc;nico. A medida do governo causou surpresa,      j&aacute; que C&acirc;mara e Senado Federal discutem h&aacute; tempos      o assunto e tendem a propor solu&ccedil;&otilde;es bem diferentes. No      projeto da C&acirc;mara, que teve substitutivo apresentado pelo deputado      J&uacute;lio Semeghini (PSDB-SP), existem tr&ecirc;s n&iacute;veis de      seguran&ccedil;a: o n&iacute;vel mais simples prev&ecirc; a validade      jur&iacute;dica de documentos trocados em um grupo fechado que reconhe&ccedil;a      as chaves de seguran&ccedil;a entregues a cada um se seus integrantes.      O n&iacute;vel intermedi&aacute;rio exige a presen&ccedil;a de uma terceira      pessoa para garantir a seguran&ccedil;a, que seria uma empresa certificadora      da exclusividade da chave cedida aos usu&aacute;rios e a integridade      do documento enviado por meio eletr&ocirc;nico. O n&iacute;vel m&aacute;ximo      de seguran&ccedil;a prev&ecirc; o credenciamento das empresas certificadoras      junto a &oacute;rg&atilde;os credenciadores definidos pelo Poder P&uacute;blico.      Neste caso, a diferen&ccedil;a entre o substitutivo e a MP &eacute;      que o primeiro n&atilde;o obriga o usu&aacute;rio a usar uma certificadora      credenciada para que o documento tenha validade jur&iacute;dica.<\/p>\n<p>    <\/p>\n<p>    <\/span> <\/td>\n<\/tr>\n<tr>\n<td align=\"LEFT\" valign=\"TOP\"><\/td>\n<td align=\"LEFT\" valign=\"TOP\"><a name=\"ainformativo4\"><span class=\"titulo\">PLANT&Atilde;O     INFO<\/span><\/a> <span class=\"texto\">     <\/p>\n<p>O <b>Plant&atilde;o Info<\/b> divulgou na segunda quinzena de junho,      as seguintes not&iacute;cias:<\/p>\n<p><b>Oracle9i sai sem exigir m&aacute;quinas super poderosas<\/b> &#8211; Larry      Ellison, o chairman da Oracle, anunciou ontem a mais nova vers&atilde;o      do banco de dados l&iacute;der no mercado mundial. O Oracle9i chega      dois anos ap&oacute;s a vers&atilde;o 8i e com uma nova forma de licenciamento,      mais parecida com a de uma de suas maiores rivais, a IBM. <br \/>     De acordo com Ellison, com o Oracle9i usu&aacute;rios poder&atilde;o      ter escalabilidade ilimitada e disponibilidade de seus sistemas de TI      de acordo com a demanda. <br \/>     Um destaque do novo banco de dados &eacute; um sistema de clustering      que permitir&aacute; redu&ccedil;&atilde;o de custos com hardware, por      n&atilde;o exigir m&aacute;quinas super poderosas, substituindo-as por      um conjunto de m&aacute;quinas menores. A promessa &eacute; de redu&ccedil;&atilde;o      de custos com hardware de at&eacute; 50%. <br \/>     A maior novidade apresentada por Ellison ontem, segundo o <i>The Wall      Street Journal<\/i>, foi a nova forma de licenciamento adotada pela empresa.      Em vez de cobrar por poder de processamento, a Oracle vai cobrar por      processador instalado, a exemplo do que faz a IBM com seu DB2. De acordo      com o WSJ, o novo sistema n&atilde;o penalizar&aacute; quem utiliza      hardwares mais poderosos. <br \/>     Um outro dado curioso nessa hist&oacute;ria aconteceu no final do ano      passado, quando a Oracle lan&ccedil;ou o Oracle9iAS, um servidor de      aplica&ccedil;&atilde;o para com&eacute;rcio eletr&ocirc;nico que ainda      usava a vers&atilde;o 8i do banco de dados &#8211; ou seja, s&oacute; agora,      seis meses depois, &eacute; que saiu o banco de dados que acompanha      o nome do servidor. <br \/>     O download do banco de dados, com 1 GB, pode ser feito em technet.oracle.com.      &Eacute; preciso se cadastrar antes.<\/p>\n<p><b>Intelig ter&aacute; conta conjunta com operadoras locais<\/b> &#8211; Os      clientes da Telemar e da Brasil Telecom ter&atilde;o uma conta a menos      para se preocupar em pagar. A partir de agora, a conta telef&ocirc;nica      da Intelig vir&aacute; na fatura dessas operadoras locais. <br \/>     Segundo uma pesquisa realizada pela pr&oacute;pria Intelig, 75% da popula&ccedil;&atilde;o      gostariam de receber uma &uacute;nica conta telef&ocirc;nica para pagar.      O resultado do levantamento &eacute; bastante compreens&iacute;vel.      Depois da privatiza&ccedil;&atilde;o e da obrigatoriedade de as operadoras      de longa dist&acirc;ncia Intelig e Embratel cobrarem contas separadas,      tornou-se comum o cliente ter de ir at&eacute; o banco para pagar faturas      at&eacute; de 2 reais. A estrat&eacute;gia da Intelig &eacute; tamb&eacute;m      uma forma de evitar as altas taxas de inadimpl&ecirc;ncia que a telefonia      de longa dist&acirc;ncia vem apresentando. <br \/>     Segundo a Intelig, em breve os clientes da Telef&ocirc;nica, operadora      fixa de S&atilde;o Paulo, tamb&eacute;m poder&atilde;o contar com essa      op&ccedil;&atilde;o. <\/p>\n<p><b>Silvio Santos derruba esquema de venda do PC do Milh&atilde;o<\/b>      &#8211; O carisma do empres&aacute;rio Silvio Santos, apresentador do <i>Show      do Milh&atilde;o<\/i>, &eacute; t&atilde;o grande que derrubou toda a      estrutura montada para a venda do computador popular batizado como o      nome do programa de televis&atilde;o. <br \/>     Lan&ccedil;ado no in&iacute;cio de maio pelo SBT e pela Microsoft, o      projeto do Computador do Milh&atilde;o atraiu quase 800 mil liga&ccedil;&otilde;es      de interessados no primeiro m&ecirc;s, sendo que apenas 15,76 por cento      ou 123 mil chegaram a ser antedidas, segundo informa&ccedil;&otilde;es      de um profissional que acompanhou o lan&ccedil;amento. <br \/>     Silvio Santos admitiu durante o programa de TV do dia 17\/06 que houve      defici&ecirc;ncias no atendimento das chamadas, o que levou a um redimensionamento      do call center. O servi&ccedil;o, que era prestado originalmente pela      Mobitel, foi transferido para a empresa TMS. <br \/>     O atendimento inicial dos interessados &eacute; feito agora eletronicamente,      por interm&eacute;dio de unidades de resposta aud&iacute;vel (URA) que      fornecem as informa&ccedil;&otilde;es t&eacute;cnicas do computador,      o que reduz o tempo de espera. <br \/>     A Mobitel iniciou o atendimento ao projeto do computador do Milh&atilde;o      com 330 linhas telef&ocirc;nicas, acrescentando depois outras 120. Trabalharam      entre 70 e 100 pessoas no atendimento durante o dia, alcan&ccedil;ando      200 atendentes em algumas noites, quando vai ao ar o Show do Milh&atilde;o.      <br \/>     Nada disso foi suficiente. O carisma do apresentador e dono do Ba&uacute;      da Felicidade pode ser medido pelo que aconteceu no call center da Mobitel.      <br \/>     No dia do lan&ccedil;amento do computador do Milh&atilde;o, em 3 de      maio, houve apenas 345 liga&ccedil;&otilde;es. Em 9 de maio, Silvio      Santos divulgou o n&uacute;mero do telefone de atendimento no programa.      No dia seguinte, foram registradas 68.760 liga&ccedil;&otilde;es. A      partir da&iacute;, a m&eacute;dia de liga&ccedil;&otilde;es manteve-se      entre 30 mil e 40 mil por dia. <br \/>     O SBT e a Microsoft devem divulgar no final desta semana um balan&ccedil;o      da venda dos computadores nesses 45 dias do projeto. A meta &eacute;      vender 500 mil unidades no primeiro ano. O computador, que custa &agrave;      vista 1.928 reais, pode ser parcelado em at&eacute; 36 vezes pelo banco      PanAmericano, do grupo Silvio Santos.<\/p>\n<p>    <\/span> <\/td>\n<\/tr>\n<tr>\n<td align=\"LEFT\" valign=\"TOP\"><\/td>\n<td align=\"LEFT\" valign=\"TOP\"><a name=\"ainformativo5\"><span class=\"titulo\">CURIOSIDADE<\/span><\/a>     <span class=\"texto\">     <\/p>\n<p>O jornal <b>Information Week<\/b> publicou, na edi&ccedil;&atilde;o      de 20\/06\/2001, a seguinte curiosidade com o t&iacute;tulo de <i>Estranhos      no Ninho<\/i>:<\/p>\n<p>&#8220;Existe uma nova varia&ccedil;&atilde;o de som na primavera americana:      algumas aves est&atilde;o adicionando o toque de alguns telefones celulares      ao seu repert&oacute;rio. &#8220;Voc&ecirc; n&atilde;o acredita na primeira      vez que ouve&#8221;, conta Nicolaj Nielsen, analista de neg&oacute;cios      da Denmark&#8217;s Strand Consult, que observou p&aacute;sssaros imitando      a campainha do aparelho m&oacute;vel. &#8220;Soa muito estranho&#8221;,      admite. &#8220;Estranho, mas n&atilde;o surpreendente&#8221;, conta Andrw      South da Real Sociedade Brit&acirc;nica de Prote&ccedil;&atilde;o &agrave;s      Aves, que j&aacute; ouviu relatos semelhantes. Estorninhos emprestam      10% de suas can&ccedil;&otilde;es de outros sons e t&ecirc;m uma predile&ccedil;&atilde;o      especial por telefones, tendo h&aacute; muito tempo j&aacute; inclu&iacute;do      em seu repert&oacute;rio os toques mais comuns do Reino Unido. &#8220;Eles      est&atilde;o simplesmente alcan&ccedil;ando a moderna tecnologia&#8221;,      diz South.&#8221;<\/p>\n<p>    <\/span> <\/td>\n<\/tr>\n<tr>\n<td align=\"LEFT\" valign=\"TOP\"><\/td>\n<td align=\"LEFT\" valign=\"TOP\"><a name=\"ainformativo6\"><span class=\"titulo\">E-MAILS RECEBIDOS<\/span><\/a>     <span class=\"texto\">     <\/p>\n<p>A Reda&ccedil;&atilde;o do Sistem&aacute;tico recebeu no m&ecirc;s      de junho os seguintes e-mails:<\/p>\n<p><i>&#8220;Car&iacute;ssima Lel&eacute;,<br \/>     Tenho recebido com muita regularidade os exemplares do seman&aacute;rio      &#8220;O Sistem&aacute;tico&#8221;. Tenho a sensa&ccedil;&atilde;o de      estar at&eacute; hoje junto ao CECOM. Gostei de ver a hist&oacute;ria      de muitos ceconianos no &#8220;Genteware&#8221;. Visitei muitas web pages      sugeridas pelo Adyrus no &#8220;Guia de sites interessantes&#8221;. Acredito      que se fizesse parte desse grupo do CECOM, estaria bem mais satisfeito      profissionalmente. Mas compus minha hist&oacute;ria de outra maneira.      E, continuando esta hist&oacute;ria, iniciei outras atividades na Caixa      Econ&ocirc;mica e em outro local. Desde 4 de junho passado, n&atilde;o      mais trabalho na ag&ecirc;ncia do Campus da UFMG na Pampulha, onde iniciei      minhas atividades h&aacute; 12 anos. Estou trabalhando como analista      na &aacute;rea de aliena&ccedil;&atilde;o de bens m&oacute;veis e im&oacute;veis      que fica no pr&eacute;dio administrativo da Rua Tupinamb&aacute;s. Especificamente,      com o Programa de Arrendamento Residencial.<br \/>     E, em fun&ccedil;&atilde;o disso tudo, passarei a visitar o CECOM pela      Internet, onde verei a vers&atilde;o eletr&ocirc;nica de &#8220;O Sistem&aacute;tico&#8221;.      Dispenso, ent&atilde;o, o envio do jornal em meio papel como vem sendo      feito sistematicamente. Agrade&ccedil;o toda a aten&ccedil;&atilde;o      dispensada por voc&ecirc; nesse tempo todo. Um carinhoso abra&ccedil;o.      Afonso Correia Domingues. 07\/06\/2001&#8221;<\/i><br \/>     <i><br \/>     &#8220;Ei Lel&eacute;, estive relendo o Sistem&aacute;tico 1076, onde      voc&ecirc; publicou a minha entrada para o CECOM h&aacute; 20 anos.      Isto me fez pensar em como o tempo passa depressa. Parece que foi ontem,      e ao mesmo tempo olhar para o passado e ver quanta &aacute;gua j&aacute;      rolou. <br \/>     &Eacute; bom tamb&eacute;m para relembrar das pessoas queridas que j&aacute;      n&atilde;o est&atilde;o mais conosco. Foi um tempo muito bom e foi gostoso      lembrar de todo aquele in&iacute;cio. Um beij&atilde;o.Cl&aacute;udia      Galinkin. 08\/06\/2001&#8221; <\/i><\/p>\n<p>     No dia 24\/06, Iremar Nunes de Lima enviou o seguinte e-mail: <br \/>     <i>&#8220;Ol&aacute;. Gostaria de lhe parabenizar pelo excelente trabalho      do Sistem&aacute;tico e em especial pelas reportagens do &#8220;Genteware&#8221;      que chegaram ao fim na &uacute;ltima edi&ccedil;&atilde;o: agrad&aacute;vel,      informativo e din&acirc;mico. Conhecer um pouco mais os colegas ceconianos      atrav&eacute;s de suas palavras foi muito legal. Parab&eacute;ns. Um      abra&ccedil;o do ex-ceconiano Iremar.&#8221;<\/i> <\/p>\n<p>    <\/span> <\/td>\n<\/tr>\n<p>  <!-- #EndEditable -->  <\/table>\n<p> <!-- fim noticias --> <!-- tabela ha 20 anos --> <\/p>\n<table border=\"0\" cellspacing=\"0\" cellpadding=\"0\" class=\"cinza\">\n<tr>\n<td><img loading=\"lazy\" decoding=\"async\" src=\"https:\/\/www.ufmg.br\/dti\/wp-content\/uploads\/imgs\/tudo_pixel.gif\" width=\"1\" height=\"1\" alt=\"\" border=\"0\"><\/td>\n<td><img loading=\"lazy\" decoding=\"async\" src=\"https:\/\/www.ufmg.br\/dti\/wp-content\/uploads\/imgs\/tudo_pixel.gif\" width=\"19\" height=\"1\" alt=\"\" border=\"0\"><\/td>\n<td><img loading=\"lazy\" decoding=\"async\" src=\"https:\/\/www.ufmg.br\/dti\/wp-content\/uploads\/imgs\/tudo_pixel.gif\" width=\"510\" height=\"1\" alt=\"\" border=\"0\"><\/td>\n<td><img loading=\"lazy\" decoding=\"async\" src=\"https:\/\/www.ufmg.br\/dti\/wp-content\/uploads\/imgs\/tudo_pixel.gif\" width=\"19\" height=\"1\" alt=\"\" border=\"0\"><\/td>\n<td><img loading=\"lazy\" decoding=\"async\" src=\"https:\/\/www.ufmg.br\/dti\/wp-content\/uploads\/imgs\/tudo_pixel.gif\" width=\"1\" height=\"1\" alt=\"\" border=\"0\"><\/td>\n<\/tr>\n<tr>\n<td class=\"vermelho\" colspan=\"5\"><img loading=\"lazy\" decoding=\"async\" src=\"https:\/\/www.ufmg.br\/dti\/wp-content\/uploads\/imgs\/tudo_pixel.gif\" width=\"1\" height=\"1\" alt=\"\" border=\"0\"><\/td>\n<\/tr>\n<tr>\n<td class=\"vermelho\"><img loading=\"lazy\" decoding=\"async\" src=\"https:\/\/www.ufmg.br\/dti\/wp-content\/uploads\/imgs\/tudo_pixel.gif\" width=\"1\" height=\"1\" alt=\"\" border=\"0\"><\/td>\n<td><img loading=\"lazy\" decoding=\"async\" src=\"https:\/\/www.ufmg.br\/dti\/wp-content\/uploads\/imgs\/tudo_pixel.gif\" width=\"1\" height=\"1\" alt=\"\" border=\"0\"><\/td>\n<td align=\"LEFT\" valign=\"TOP\"><!-- #BeginEditable \"ha 20 anos\" --><a name=\"ainformativo7\"><img loading=\"lazy\" decoding=\"async\" src=\"https:\/\/www.ufmg.br\/dti\/wp-content\/uploads\/imgs\/tudo_pixel.gif\" width=\"1\" height=\"8\" alt=\"\" border=\"0\"><br \/>    <span class=\"titulo\">H\u00e1 20 anos&#8230;<\/span><\/a> <span class=\"texto\">     <\/p>\n<p>Nas edi&ccedil;&otilde;es de O Sistem&aacute;tico Ano V, n&uacute;meros      23 e 24, foram publicadas not&iacute;cias sobre visita dos alunos dos      cursos de extens&atilde;o do DCC, Festa Junina, cursos da SUCESU-MG,      Concurso P&uacute;blico da UFMG, III Escola de Matem&aacute;tica Aplicada      e 11o. SECOMU &#8211; Semin&aacute;rio sobre Computa&ccedil;&atilde;o na Universidade.      A not&iacute;cia de destaque foi:<\/p>\n<p><b>CURSO SOBRE PLANEJAMENTO DE CAPACIDADE: <br \/>     COMO CONTROLAR A EXPANS&Atilde;O DE UM CPD<\/b><br \/>     <font face=\"1\">Romildo Monte, Jo&atilde;o Carlos Pires Bauer, Luiz Eug&ecirc;nio      de Almeida Oliveira, Aleixina Maria Lopes Andal&eacute;cio, Eduardo      Henrique Lima e Lu&iacute;s Carlos Campos est&atilde;o participando      do curso sobre Planejamento de Capacidade: como controlar a expans&atilde;o      de um CPD.<br \/>     Esse curso est&aacute; sendo promovido pela SUCESU-MG com o objetivo      de apresentar as principais t&eacute;cnicas de avalia&ccedil;&atilde;o      de sistemas, bem como as t&eacute;cnicas de monitoramento, controle      e ger&ecirc;ncia de desempenho de sistemas.<br \/>     (Ano V, no. 23 &#8211; 25\/06\/1981)<\/font> <\/p>\n<p>    <\/span><!-- #EndEditable --><br \/>     <img loading=\"lazy\" decoding=\"async\" src=\"https:\/\/www.ufmg.br\/dti\/wp-content\/uploads\/imgs\/tudo_pixel.gif\" width=\"1\" height=\"8\" alt=\"\" border=\"0\"><\/td>\n<td><img loading=\"lazy\" decoding=\"async\" src=\"https:\/\/www.ufmg.br\/dti\/wp-content\/uploads\/imgs\/tudo_pixel.gif\" width=\"1\" height=\"1\" alt=\"\" border=\"0\"><\/td>\n<td class=\"vermelho\"><img loading=\"lazy\" decoding=\"async\" src=\"https:\/\/www.ufmg.br\/dti\/wp-content\/uploads\/imgs\/tudo_pixel.gif\" width=\"1\" height=\"1\" alt=\"\" border=\"0\"><\/td>\n<\/tr>\n<tr>\n<td class=\"vermelho\" colspan=\"5\"><img loading=\"lazy\" decoding=\"async\" src=\"https:\/\/www.ufmg.br\/dti\/wp-content\/uploads\/imgs\/tudo_pixel.gif\" width=\"1\" height=\"1\" alt=\"\" border=\"0\"><\/td>\n<\/tr>\n<\/table>\n<p> <!-- fim tabela ha 20 anos --><\/div>\n<p><a name='eventos'><\/a><\/p>\n<h4>Eventos<\/h4>\n<div class=\"centro-sistematico\">  <!-- noticias --> <\/p>\n<table border=\"0\" cellspacing=\"0\" cellpadding=\"0\">\n<tr>\n<td><\/td>\n<td><\/td>\n<\/tr>\n<p>  <!-- #BeginEditable \"materias\" -->   <\/p>\n<tr>\n<td align=\"LEFT\" valign=\"TOP\"><\/td>\n<td align=\"LEFT\" valign=\"TOP\"> <a name=\"aeventos1\"><span class=\"titulo\">BATE PAPO     SOBRE O WORKSHOP DE WEBSPHERE<\/span><\/a> <span class=\"texto\">     <\/p>\n<p>Foi realizado, hoje &agrave; tarde, na Sala de Aulas do CECOM, um bate      papo sobre o <b>Workshop de WebSphere<\/b>, para o pessoal da DAS e DAC.      A apresenta&ccedil;&atilde;o esteve a cargo de Jo&atilde;o Carlos Lages,      Eduardo Henrique Lima e Carlos Alfeu Furtado da Fonseca.<\/p>\n<p>    <\/span> <\/td>\n<\/tr>\n<tr>\n<td align=\"LEFT\" valign=\"TOP\"><\/td>\n<td align=\"LEFT\" valign=\"TOP\"><a name=\"aeventos2\"><span class=\"titulo\">TREINAMENTO<\/span><\/a>     <span class=\"texto\">     <\/p>\n<p>Na semana de 02 a 06 de julho, foi realizado o segundo treinamento      em Lotus 123 B&aacute;sico. Os instrutores foram M&aacute;rcia Regina      Lemos e Helv&eacute;cio Cossenzo Pinto.<\/p>\n<p>J&aacute; no per&iacute;odo de 09 a 27\/07, ser&aacute; ministrado para      a quinta turma deste ano, o treinamento em Inform&aacute;tica Instrumental,      tendo como instrutora Elza Maria Guedes Rozinholi. <\/p>\n<p>Devido a baixa frequ&ecirc;ncia neste m&ecirc;s de julho, somente esses      dois treinamentos ser&atilde;o ofertados, devendo o programa ser retomado      no in&iacute;cio de agosto.<\/p>\n<p>    <\/span>    <\/td>\n<\/tr>\n<tr>\n<td align=\"LEFT\" valign=\"TOP\"><\/td>\n<td align=\"LEFT\" valign=\"TOP\"><a name=\"aeventos3\"><span class=\"titulo\">TREINAMENTO     NOTES<\/span><\/a> <span class=\"texto\">     <\/p>\n<p>O CECOM, em parceria com o DRH, ofereceu, no dia 28\/06, mais um treinamento      sobre o Lotus Notes, com a participa&ccedil;&atilde;o dos seguintes      funcion&aacute;rios: Alexandre Jos&eacute; dos Santos (BU), Demerval      Lob&atilde;o Veras (BU), Dirc&eacute;ia Rodrigues Cesar (BU), Fl&aacute;vio      de Almeida (CEDECOM), Helo&iacute;sa Helena Mariano de Almeida (BU),      Ism&ecirc;nia Pereira Bonaparte (COPEVE), Itamar Victor Barbosa (BU),      Jacqueline Pawlowski Oliveira (BU), Jane Guirado (BU), Jane Laiz Fran&ccedil;a      da Silva (COPEVE), L&uacute;cia Aparecida de Oliveira Pinto (PRPQ),      M&aacute;rcio Rodrigo Teixeira da Silva (Gabinete), Maria Helena Santos      (BU), Maur&iacute;cio Ant&ocirc;nio Vieira (BU), Na&iacute;se Marques      Furtado (BU), Patr&iacute;cia L&uacute;cia Pereira Ferri V&eacute;o      (BU), Valdemiro A. dos Santos (BU) e Zuleica de Matos Rabelo (CPPD).      Instrutor: Eug&ecirc;nio Pacelli Pereira de Souza. Monitor: Danilo Pinheiro      Soares Guimar&atilde;es.<\/p>\n<p>Amanh&atilde;, dia 06\/07, ser&aacute; realizado mais um treinamento,      desta vez, somente para funcion&aacute;rios da Biblioteca Universit&aacute;ria,      contando com a participa&ccedil;&atilde;o de: Ant&ocirc;nio Fernandes      Ribeiro, Carlos Ant&ocirc;nio Fernandes, Cleyde Grandinetti, Eliane      Maria de Andrade, Francin&ecirc;s de Azevedo M. Marcelino, Gustavo Bernardino,      Jos&eacute; Cassimiro da Silva, M&aacute;rcia Meireles de Melo Diniz,      Maria Elizabeth de Oliveira Costa, Marlene de F&aacute;tima V. Lopes,      Miramar Rodrigues de Oliveira Bistene, Neusa Maria Machado, Raquel de      Rezende Faria, Rosely Stuart Perdig&atilde;o, S&iacute;lvio Thimoteo,      Terezinha Gomes Leal Bregunci, Vladimir Ferreira dos Santos e Willer      Jos&eacute; da Rocha Franco. O treinamento ser&aacute; realizado na      Sala de Aulas 2 do CECOM, no subsolo da Reitoria, no hor&aacute;rio      de 13:00 &agrave;s 17:00. Instrutor: Eug&ecirc;nio Pacelli Pereira de      Souza. Monitor: Ant&ocirc;nio Eust&aacute;quio Rodrigues.<\/p>\n<p>    <\/span>    <\/td>\n<\/tr>\n<tr>\n<td align=\"LEFT\" valign=\"TOP\"><\/td>\n<td align=\"LEFT\" valign=\"TOP\"><a name=\"aeventos4\"><span class=\"titulo\">FESTAWARE<\/span><\/a>     <span class=\"texto\">     <\/p>\n<p>Na semana passada, n&atilde;o foi poss&iacute;vel editar O Sistem&aacute;tico      por causa dos preparativos da Festa Junina do CECOM. Como sempre, s&atilde;o      tantos os detalhes que muitos ficam para a &uacute;ltima hora. Para      alegria de todos, tudo deu certo e todos que l&aacute; estiveram, gostaram.<\/p>\n<p>A Comiss&atilde;o Organizadora agradece a todos que colaboraram para      que tudo corresse bem. Sem essa colabora&ccedil;&atilde;o, n&atilde;o      ter&iacute;amos conseguido alcan&ccedil;ar o nosso objetivo que foi      o de realizar uma boa e alegre Festa Junina.<\/p>\n<p>Como todos os anos, a Pescaria e o Jogo de Argolas foram a sensa&ccedil;&atilde;o,      junto &agrave;s crian&ccedil;as. Como novidade, com palpites da Rosa      e da Xina, houve a Corrida do Saco, organizada para as crian&ccedil;as      e os adultos. Sob aplausos, muitos risos e tombos, os vencedores nas      categorias foram:<br \/>     &#8211; Crian&ccedil;as menores: Gabriel, sobrinho da Rosa.<br \/>     &#8211; Crian&ccedil;as maiores: Gustavo, do Gino.<br \/>     &#8211; Mulheres: C&aacute;ssia, sobrinha da Rosa (1o. lugar) e Isaura, sobrinha      da M&aacute;rcia (2o. lugar).<br \/>     &#8211; Homens: Gilmar (1o. lugar) e Carlinhos (2o. lugar).<\/p>\n<p>Para o ano que vem, al&eacute;m da Pescaria, Jogo de Argolas e Corrida      do Saco, j&aacute; est&atilde;o sendo cogitadas novas atra&ccedil;&otilde;es,      como Corrida do Ovo e Boca do Palha&ccedil;o. S&oacute; que, para a      realiza&ccedil;&atilde;o de tantas atra&ccedil;&otilde;es, s&atilde;o      necess&aacute;rias prendas boas, como aconteceu, sem querer, desta vez.      Os respons&aacute;veis pelos pr&ecirc;mios da Corrida do Saco foram      o Frota e a Xina, que trouxeram prendas que n&atilde;o poderiam ser      colocadas nos jogos normais. Da&iacute;&#8230;<\/p>\n<p>A Comiss&atilde;o agradece a todos que atenderam aos pedidos de prendas,      de compra de rifas, de sugest&otilde;es, de trabalho, de empr&eacute;stimo      de material. Sem o esfor&ccedil;o de cada um n&atilde;o ter&iacute;amos      essa festa. N&atilde;o vai ser necess&aacute;rio mencionar nomes, pois      cada um sabe o tanto que ajudou. E a comiss&atilde;o espera contar sempre      com o apoio dessas pessoas.<\/p>\n<p align=\"center\"><i><font face=\"1\"><br \/>     Edir, a ganhadora da primeira rifa da Festa Junina<\/font><\/i><\/p>\n<p align=\"center\"><img loading=\"lazy\" decoding=\"async\" src=\"https:\/\/www.ufmg.br\/dti\/wp-content\/uploads\/fotos\/edir1FJ.jpg\" width=\"325\" height=\"345\"><\/p>\n<p>    <\/span>    <\/td>\n<\/tr>\n<tr>\n<td align=\"LEFT\" valign=\"TOP\"><\/td>\n<td align=\"LEFT\" valign=\"TOP\"><a name=\"aeventos5\"><span class=\"titulo\">SOCIAIS<\/span><\/a>     <span class=\"texto\">     <\/p>\n<p><b>ANIVERS&Aacute;RIOS:<\/b> <i>&#8220;O Sistem&aacute;tico&#8221; envia      os parab&eacute;ns atrasados para Mar&iacute;lia Pereira Martins, aniversariante      do dia 05 de junho; Carlos Roberto Alves Rodrigues, no dia 28 e Regina      Helena Moura Brandi, no dia 1o. de julho. E envia os parab&eacute;ns      para Geraldo dos Reis, amanh&atilde;, dia 06 e Elza Maria Guedes Rozinholi,      no dia 10. Aproveitando, envia o abra&ccedil;o para os ex-ceconianos,      aniversariantes deste in&iacute;cio de julho: Jader de Freitas Batista,      no dia 1o.; Norberto de Souza Lage, no dia 02; Lu&iacute;s Carlos Campos,      no dia 03; Ana L&uacute;cia Ribeiro Diniz (DRCA) e Carlos Gon&ccedil;alves      da Cruz (Cor&oacute;), no dia 07; Bernardeth Marques Gontijo Oliveira      (LCC) e Maria Manuela Martins Tavares Reyes, no dia 09.<\/i><\/p>\n<p>    <\/span>    <\/td>\n<\/tr>\n<p>  <!-- #EndEditable -->  <\/table>\n<p> <!-- fim noticias --><\/div>\n","protected":false},"excerpt":{"rendered":"<p>Not\u00edcias AUMENTO DA VELOCIDADES DAS LPCDs SERVIDORA DE BACKUP EM PRODU&Ccedil;&Atilde;O PREG&Atilde;O TEM NOVA DATA IMPLANTA&Ccedil;&Atilde;O DO GRUDE NA BU CECOM PADRONIZA CATEGORIAS DE RAMAIS TELEF&Ocirc;NICOS ENCERRADO O SERVI&Ccedil;O DE REDE NO PR&Eacute;DIO DA QU&Iacute;MICA NOVA PR&Oacute;-REITORA Informativo ESTAGI&Aacute;RIO INTERNACIONAL DEFINI&Ccedil;&Atilde;O DE TERMOS DE INFORM&Aacute;TICA GOVRENO EDITA MP SOBRE CERTIFICA&Ccedil;&Atilde;O DIGITAL PLANT&Atilde;O INFO CURIOSIDADE E-MAILS &#8230; <a title=\"Sistem\u00e1tico: Edi\u00e7\u00e3o 1079 &#8211; 05\/07\/2001\" class=\"read-more\" href=\"https:\/\/www.ufmg.br\/dti\/2001\/07\/05\/sistematico-edicao-1079-05072001\/\" aria-label=\"Read more about Sistem\u00e1tico: Edi\u00e7\u00e3o 1079 &#8211; 05\/07\/2001\">Ler mais<\/a><\/p>\n","protected":false},"author":3,"featured_media":0,"comment_status":"open","ping_status":"open","sticky":false,"template":"","format":"standard","meta":{"inline_featured_image":false,"footnotes":""},"categories":[13],"tags":[],"coauthors":[79],"class_list":["post-1548","post","type-post","status-publish","format-standard","hentry","category-sistematico"],"_links":{"self":[{"href":"https:\/\/www.ufmg.br\/dti\/wp-json\/wp\/v2\/posts\/1548","targetHints":{"allow":["GET"]}}],"collection":[{"href":"https:\/\/www.ufmg.br\/dti\/wp-json\/wp\/v2\/posts"}],"about":[{"href":"https:\/\/www.ufmg.br\/dti\/wp-json\/wp\/v2\/types\/post"}],"author":[{"embeddable":true,"href":"https:\/\/www.ufmg.br\/dti\/wp-json\/wp\/v2\/users\/3"}],"replies":[{"embeddable":true,"href":"https:\/\/www.ufmg.br\/dti\/wp-json\/wp\/v2\/comments?post=1548"}],"version-history":[{"count":0,"href":"https:\/\/www.ufmg.br\/dti\/wp-json\/wp\/v2\/posts\/1548\/revisions"}],"wp:attachment":[{"href":"https:\/\/www.ufmg.br\/dti\/wp-json\/wp\/v2\/media?parent=1548"}],"wp:term":[{"taxonomy":"category","embeddable":true,"href":"https:\/\/www.ufmg.br\/dti\/wp-json\/wp\/v2\/categories?post=1548"},{"taxonomy":"post_tag","embeddable":true,"href":"https:\/\/www.ufmg.br\/dti\/wp-json\/wp\/v2\/tags?post=1548"},{"taxonomy":"author","embeddable":true,"href":"https:\/\/www.ufmg.br\/dti\/wp-json\/wp\/v2\/coauthors?post=1548"}],"curies":[{"name":"wp","href":"https:\/\/api.w.org\/{rel}","templated":true}]}}