{"id":1570,"date":"2001-01-11T08:00:00","date_gmt":"2001-01-11T08:00:00","guid":{"rendered":"https:\/\/www.ufmg.br\/dti\/cecom\/?p=1570"},"modified":"2001-01-11T08:00:00","modified_gmt":"2001-01-11T08:00:00","slug":"sistematico-edicao-1058-11012001","status":"publish","type":"post","link":"https:\/\/www.ufmg.br\/dti\/2001\/01\/11\/sistematico-edicao-1058-11012001\/","title":{"rendered":"Sistem\u00e1tico: Edi\u00e7\u00e3o 1058 &#8211; 11\/01\/2001"},"content":{"rendered":"<ul>\n<li><a href=\"\/dti\/#noticias\">Not\u00edcias<\/a>\n<div class='submenuSistematico'>\n<ul>\n<li><a href=\"\/dti\/#anoticias1\"><span class=\"titulo\">Vestibular     2001<\/span><\/a><\/li>\n<li><a href=\"\/dti\/#anoticias2\"><span class=\"titulo\">Instala\u00e7\u00e3o     do Notes<\/span><\/a><\/li>\n<li><a href=\"\/dti\/#anoticias3\"><span class=\"titulo\">Remanejamento<\/span><\/a><\/li>\n<\/ul>\n<\/div>\n<\/li>\n<li><a href=\"\/dti\/#informativo\">Informativo<\/a>\n<div class='submenuSistematico'>\n<ul>\n<li><a href=\"\/dti\/#ainformativo1\"><span class=\"titulo\">Genteware<\/span><br \/>    <\/a><\/li>\n<li><a href=\"\/dti\/#ainformativo2\"><span class=\"titulo\">Guia de Sites     Interessantes<\/span><\/a><\/li>\n<li><a href=\"\/dti\/#ainformativo3\"><span class=\"titulo\">Plant\u00e3o Info<\/span><\/a><\/li>\n<li><a href=\"\/dti\/#ainformativo4\"><span class=\"titulo\">H\u00e1 20 anos&#8230;<\/span><\/a><\/li>\n<li><a href=\"\/dti\/#ainformativo5\"><span class=\"titulo\">Menor da     Cruz Vermelha<\/span><\/a><\/li>\n<\/ul>\n<\/div>\n<\/li>\n<li><a href=\"\/dti\/#eventos\">Eventos<\/a>\n<div class='submenuSistematico'>\n<ul>\n<li><a href=\"\/dti\/#aeventos1\"><span class=\"titulo\">Treinamento     GRUDE<\/span><\/a><\/li>\n<li><a href=\"\/dti\/#aeventos2\"><span class=\"titulo\">Treinamento<\/span><\/a><\/li>\n<li><a href=\"\/dti\/#aeventos3\"><span class=\"titulo\">Festa de     Natal do CECOM<\/span><\/a><\/li>\n<li><a href=\"\/dti\/#aeventos4\"><span class=\"titulo\">Sociais<\/span><\/a><\/li>\n<\/ul>\n<\/div>\n<\/li>\n<\/ul>\n<p> <a name='noticias'><\/a><\/p>\n<h4>Not\u00edcias<\/h4>\n<div class=\"centro-sistematico\">  <!-- noticias --> <\/p>\n<table border=\"0\" cellspacing=\"0\" cellpadding=\"0\">\n<tr>\n<td><\/td>\n<td><\/td>\n<\/tr>\n<tr>\n<td align=\"LEFT\" valign=\"TOP\"><\/td>\n<td align=\"LEFT\" valign=\"TOP\"><a name=\"anoticias1\"><span class=\"titulo\">Vestibular     2001<\/span><\/a> <span class=\"texto\">     <\/p>\n<p>Tendo em vista alguns problemas de travamento ocorridos com o servidor      www.ufmg.br na libera\u00e7\u00e3o dos gabaritos do Vestibular 2001 da UFMG, devido      ao n\u00famero excessivo de acessos simult\u00e2neos, o CECOM pesquisou e testou      alternativas para evitar que o mesmo ocorresse na divulga\u00e7\u00e3o do resultado      da primeira etapa, no dia 20\/12\/2000. Foi feita a op\u00e7\u00e3o por um esquema      de utiliza\u00e7\u00e3o de tr\u00eas computadores diferentes respondendo alternadamente      pelo endere\u00e7o www.ufmg.br.<\/p>\n<p>O resultado foi extremamente satisfa-t\u00f3rio, com garantia de disponibilidade      e tempo de resposta pequeno, que recebeu elogios tanto de candidatos      quanto da pr\u00f3pria COPEVE. Os servidores auxiliares foram desativados      ap\u00f3s o per\u00edodo cr\u00edtico das consultas e ser\u00e3o colocados novamente em      uso quando da divulga\u00e7\u00e3o do resultado final do Vestibular.<\/p>\n<p>A implementa\u00e7\u00e3o da solu\u00e7\u00e3o foi feita por H\u00e9lio Teixeira da Costa, da      DAC, com o apoio de Fernando Frota Machado de Morais, da DRC.<\/p>\n<p>E foi executada, esta semana, a montagem da infra-estrutura de rede      para lan\u00e7amento das notas da segunda etapa, no pr\u00e9dio da FAFICH. Foram      montadas tr\u00eas salas, cada uma com oito micros, sendo que em uma delas      foi instalado um micro adicional que faz o papel de roteador, para dar      mais seguran\u00e7a ao processo. Al\u00e9m disso, foi instalado um micro, tamb\u00e9m      ligado \u00e0 rede, na sala da Coordena\u00e7\u00e3o, para agilizar o acompanhamento      e controle das atividades de lan\u00e7amento das notas.<\/p>\n<p>O trabalho foi executado por Aleixina Maria Lopes Andal\u00e9cio, M\u00e1rcio      da Costa Viana e Renato Machado Righi, da DAC.<\/p>\n<p>    <\/span><\/td>\n<\/tr>\n<tr>\n<td align=\"LEFT\" valign=\"TOP\"><\/td>\n<td align=\"LEFT\" valign=\"TOP\"><a name=\"anoticias2\"><span class=\"titulo\">Instala\u00e7\u00e3o     do Notes<\/span><\/a> <span class=\"texto\">     <\/p>\n<p>A Divis\u00e3o de Atendimento e Consultoria j\u00e1 encerrou a migra\u00e7\u00e3o da divis\u00e3o      para o correio do projeto GRUDE e est\u00e1 terminando a etapa de inclus\u00e3o      do restante do CECOM.<\/p>\n<p>Para que um usu\u00e1rio passe a utilizar este novo sistema de correio,      s\u00e3o executadas as seguintes atividades:<\/p>\n<p>&#8211; inclus\u00e3o do usu\u00e1rio no sistema de gerenciamento de usu\u00e1rios do Grude      (GERUS);<br \/>     &#8211; inclus\u00e3o como usu\u00e1rio de correio;<br \/>     &#8211; instala\u00e7\u00e3o e configura\u00e7\u00e3o do cliente Notes no micro do usu\u00e1rio;<br \/>     &#8211; desvio do endere\u00e7o antigo de correio para o novo.<\/p>\n<p>Esta etapa est\u00e1 envolvendo todo o pessoal da DAC, principalmente Adyr      Rodrigues Nascimento e os estagi\u00e1rios Clayton Ricardo Santos, Rafael      Alves de Souza e Wilca Maria Luzilene Souza e Silva. Estas atividades      devem ser encerradas no in\u00edcio da pr\u00f3xima semana.<\/p>\n<p>    <\/span><\/td>\n<\/tr>\n<tr>\n<td align=\"LEFT\" valign=\"TOP\"><\/td>\n<td align=\"LEFT\" valign=\"TOP\"><a name=\"anoticias3\"><span class=\"titulo\">Remanejamento<\/span><\/a>     <span class=\"texto\">     <\/p>\n<p>A partir da pr\u00f3xima segunda-feira, dia 15, o funcion\u00e1rio Rubens Crispim      da Silva ser\u00e1 remanejado para a DAA &#8211; Divis\u00e3o de Apoio Administrativo.      Ele estar\u00e1 executando atividades relacionadas ao acompanhamento e controle      dos servi\u00e7os de telefonia.<\/p>\n<p>At\u00e9 recentemente, Rubens estava lotado na DAC -Divis\u00e3o de Atendimento      e Consultoria, onde prestava servi\u00e7os na Opera\u00e7\u00e3o de Rede.<\/p>\n<p>    <\/span><\/td>\n<\/tr>\n<\/table>\n<p> <!-- fim noticias --><\/div>\n<p><a name='informativo'><\/a><\/p>\n<h4>Informativo<\/h4>\n<div class=\"centro-sistematico\">  <!-- noticias --> <\/p>\n<table border=\"0\" cellspacing=\"0\" cellpadding=\"0\">\n<tr>\n<td><\/td>\n<td><\/td>\n<\/tr>\n<tr>\n<td align=\"LEFT\" valign=\"TOP\"><\/td>\n<td align=\"LEFT\" valign=\"TOP\"><a name=\"ainformativo1\"><span class=\"titulo\">Genteware<\/span><br \/>    <\/a> <img loading=\"lazy\" decoding=\"async\" src=\"https:\/\/www.ufmg.br\/dti\/wp-content\/uploads\/imgs\/tudo_pixel.gif\" width=\"1\" height=\"20\" alt=\"\" border=\"0\"><br \/>     <span class=\"texto\"> <img loading=\"lazy\" decoding=\"async\" src=\"https:\/\/www.ufmg.br\/dti\/wp-content\/uploads\/fotos\/si01_rafa1.jpg\" width=\"150\" height=\"184\" alt=\"\" border=\"0\" hspace=\"0\" vspace=\"0\" align=\"left\"><img loading=\"lazy\" decoding=\"async\" src=\"https:\/\/www.ufmg.br\/dti\/wp-content\/uploads\/imgs\/tudo_pixel.gif\" width=\"20\" height=\"184\" alt=\"\" border=\"0\" hspace=\"0\" vspace=\"0\" align=\"left\">Ele     est\u00e1 sempre sorrindo, um sorriso muito bonito, franco e alegre. Parece     t\u00edmido, tem a fala mansa e conversa baixo. Ele \u00e9 Rafael Alves de Souza,     estagi\u00e1rio do CECOM, lotado na DAC &#8211; Divis\u00e3o de Atendimento e Consultoria.     Apesar de estar no CECOM h\u00e1 apenas 5 meses, Rafael j\u00e1 tem uma hist\u00f3ria     para contar.    <\/p>\n<p>Como esse menino de 21 anos veio parar aqui no CECOM? No ano passado,      ap\u00f3s ter passado no Vestibular da UFMG, no curso de F\u00edsica, ele estava      \u00e0 procura de um emprego. J\u00e1 tinha enviado curr\u00edculo para um monte de      lugar e nada de arrumar emprego! No final do m\u00eas de julho, teve a id\u00e9ia      de ir \u00e0 FUMP para preencher a ficha de inscri\u00e7\u00e3o para est\u00e1gio. Meio      desiludido, j\u00e1 estava indo embora, quando a mo\u00e7a que o atendeu disse      que o CECOM estava recrutando um estagi\u00e1rio que tivesse conhecimentos      de inform\u00e1tica. Ele disse que s\u00f3 sabia o b\u00e1sico e ela disse que estava      tudo bem e que o mandaria para entrevista no CECOM juntamente com mais      dois estudantes. Rafael ligou para a Xina e marcou a entrevista. Chegou      a treinar em casa algumas coisas, como Word, Excel e outros. Veio ao      CECOM, fez a entrevista e ficou sabendo que a mo\u00e7a havia se esquecido      de enviar os outros candidatos. Resultado: no outro dia, j\u00e1 estava trabalhando      no CECOM. E teve outra surpresa: a Xina disse que ele iria consertar      computador! Ficou apreensivo, pois n\u00e3o sabia fazer isto. Mas, ela lhe      disse que iria aprender tudo. E no aprendizado, come\u00e7ou a treinar com      o Clayton. Rindo, ele contou que ficava com um caderninho e caneta na      m\u00e3o anotando tudo o que o Clayton falava. Anotou tanto que o Clayton      virou para ele e disse que se espirrasse, ele anotava tamb\u00e9m no caderno!      Come\u00e7ou a aprender. E foi r\u00e1pido no aprendizado. Come\u00e7ou com manuten\u00e7\u00e3o      e, depois, fez o curso de SmartSuite. De repente, a Xina comunicou que      ele seria monitor do curso SmartSuite, ministrado pelo Jader. Para Rafael,      foi uma surpresa a monitoria. O Jader dava a parte de Word Pro e ele      dava a parte de Lotus 1-2-3. Disse que foi muito bom trabalhar com o      Jader. Foi a sua primeira experi\u00eancia em sala de aulas.<\/p>\n<p>Rafael contou que, neste per\u00edodo, quem deu muita for\u00e7a para ele foi      o Eug\u00eanio, que est\u00e1 sempre ensinando-lhe alguma coisa. E tem ainda o      Clayton, o Renato e o Wanderson, com quem pode contar sempre.<\/p>\n<p>Rafael disse que, antes deste trabalho no CECOM, trabalhou em uma oficina      de bicicletas e como balconista de uma loja de manuten\u00e7\u00e3o de computadores.      Nasceu em Belo Horizonte e mora com a fam\u00edlia no Bairro Ana L\u00facia, munic\u00edpio      de Sabar\u00e1. \u00c9 mais um que faz parte da turma que tem que pegar dois \u00f4nibus      para chegar ao CECOM. Na \u00e9poca das aulas, sa\u00eda de casa \u00e0s 7:00, vinha      para o CECOM trabalhar na parte da manh\u00e3; \u00e0 tarde, estudava na Biblioteca      ou no CECOM (algumas vezes, a Xina o pegava para algum servi\u00e7o!); e,      \u00e0 noite ia para escola, onde ficava at\u00e9 \u00e0s 22:35. Era o dia inteiro      na UFMG. Agora, nas f\u00e9rias, est\u00e1 mais tranq\u00fcilo, est\u00e1 ficando mais com      a fam\u00edlia, com a namorada. Vem para o CECOM de manh\u00e3 e vai almo\u00e7ar em      casa.<\/p>\n<p>Rafael passou para o 3o per\u00edodo do curso de F\u00edsica e contou como surgiu      o interesse pelo curso. No segundo grau, n\u00e3o gostava de F\u00edsica de jeito      nenhum, pois n\u00e3o havia professor que o ensinasse a se interessar pela      mat\u00e9ria. Quando fez cursinho, no Pr\u00e9-UFMG, encontrou, enfim, um professor      muito bom de F\u00edsica, que sabia ensinar, que sabia transmitir. E as aulas      o incentivaram, fizeram com que despertasse nele o interesse pela F\u00edsica.      E decidiu-se pelo curso. \u00c9 um curso bem puxado, com mat\u00e9rias mais complexas      e est\u00e1 aprendendo muita coisa legal. E est\u00e1 criando um amor muito grande      para ensinar, para ser professor. Rafael contou que a profa. Beatriz      Alvarenga proferiu a aula inaugural do curso. Disse que ficou emocionado      com a professora, aquela que escreveu os livros adotados no col\u00e9gio      em que estudou.<\/p>\n<p>Rafael contou que, ap\u00f3s terminar o curso de F\u00edsica, quer fazer Engenharia      de Automa\u00e7\u00e3o. \u00c9 mais um sonho!<\/p>\n<p>Gostou muito de vir para o CECOM. E um dos motivos foi que tinha um      sonho de mexer com manuten\u00e7\u00e3o de computadores. Quando ficou sabendo      de que iria aprender manuten\u00e7\u00e3o, imaginou aquela dezena de computadores      s\u00f3 para treinar, mexer, fu\u00e7ar, aprender um tanto de coisas.<\/p>\n<p>E o caso engra\u00e7ado do CECOM, ser\u00e1 que ele conhece algum? Na hora ele      n\u00e3o se lembrou. Mas contou das pessoas que convivem com ele na mesma      sala. Pelo fato de ser calado, observa como o Clayton \u00e9 diferente, como      \u00e9 extrovertido e, \u00e0s vezes, se comporta como um ator. E sendo assim,      o pessoal pega mesmo no p\u00e9 dele. Quanto ao Eug\u00eanio, d\u00e1 para notar como      ele gosta das pessoas pedirem a sua ajuda. A Wilca gosta de sempre estar      aprendendo mais, \u00e9 uma batalhadora. E assim, Rafael vai aprendendo com      cada um, com a alegria do Clayton, com a garra com que a Wilca se lan\u00e7a      aos seus objetivos. E gosta tamb\u00e9m do Bessa, com seu modo muito engra\u00e7ado      e com as brincadeiras. Rafael acha o pessoal alegre, descontra\u00eddo, prestativo.      O pessoal est\u00e1 sempre pronto a ajudar.<\/p>\n<p>E ter a Xina como chefe, como \u00e9? Rafael disse que como ela \u00e9 brincalhona,      \u00e0s vezes, n\u00e3o sabe at\u00e9 onde ela est\u00e1 brincando. A Xina o tem ajudado      bastante.<\/p>\n<p>E como \u00e9 a vida do Rafael l\u00e1 fora? Ele mora com a fam\u00edlia. Seus pais      s\u00e3o Afr\u00e2nio e Ednei, e tem mais duas irm\u00e3s: Ariadna e Ariane. Ele \u00e9      o filho mais velho. \u00c9 uma fam\u00edlia muito unida, sendo a m\u00e3e uma mulher      de muita garra, super protetora, que, desde que ele era pequeno, o incentivava      nos estudos. Contou que ela n\u00e3o dava moleza, sempre mandando-o estudar.<\/p>\n<p>Rafael gosta de nata\u00e7\u00e3o, ciclismo, passar o tempo com os amigos na      igreja Batista do Bairro Santa In\u00eas. Gosta de ler publica\u00e7\u00f5es evang\u00e9licas,      cient\u00edficas e de curiosidades. Quando n\u00e3o est\u00e1 lendo, est\u00e1 conversando      com os amigos ou escutando m\u00fasicas.<\/p>\n<p>E o Rafael visto por ele, como \u00e9? \u00c9 uma pessoa organizada, am\u00e1vel,      gosta de demonstrar amor pelas pessoas, fraternal, t\u00edmida dependendo      do ambiente. N\u00e3o se sente acanhado quando tem um conv\u00edvio com as pessoas      h\u00e1 mais tempo, chegando a ser extrovertido. \u00c9 uma pessoa que gosta de      ajudar as outras pessoas, gosta de trabalhar, tem garra e quando pega      alguma coisa, pega pr\u00e1 valer.<\/p>\n<p>E os sonhos deste menino, quais s\u00e3o? Na \u00e1rea de estudos, quer estudar      Rob\u00f3tica. J\u00e1 tem mania de fu\u00e7ar tudo para saber como funciona&#8230; Na      \u00e1rea da igreja, onde \u00e9 l\u00edder dos adolescentes, gostaria de se firmar      como uma lideran\u00e7a na igreja evang\u00e9lica. Gostaria muito de trabalhar      na parte social da igreja. Pretende um dia se casar e trabalhar com      coisas que o ir\u00e3o agradar.<\/p>\n<p>Rafael disse que n\u00e3o quer passar uma vida normal, quer crescer, quer      ajudar as pessoas.<\/p>\n<p>Rafael ainda tem um caminho muito longo para trilhar. O in\u00edcio est\u00e1      aqui e esperamos que, como aconteceu com muitos estagi\u00e1rios que passaram      pelo CECOM, este aprendizado tenha uma base bem s\u00f3lida para a sua vida      profissional.<\/p>\n<p>    <\/span><\/td>\n<\/tr>\n<tr>\n<td align=\"LEFT\" valign=\"TOP\"><\/td>\n<td align=\"LEFT\" valign=\"TOP\"><a name=\"ainformativo2\"><span class=\"titulo\">Guia de Sites     Interessantes<\/span><\/a> <span class=\"texto\">     <\/p>\n<p>As primeiras dicas de sites interessantes do ano 2001 de Adyrus, o      ca\u00e7ador de sites, s\u00e3o as seguintes:     <\/p>\n<p>&#8211; O <b>www.todobr.com.br<\/b> mudou de cara. Com um layout inovador      e com cores suaves, o todobr ficou melhor.<\/p>\n<p>&#8211; Confira <b>http:\/\/futebolmineiro.uai.com.br\/<\/b>. O site do Futebol      Mineiro conta a hist\u00f3ria de Am\u00e9rica, Atl\u00e9tico e Cruzeiro. Cada clube      possui uma p\u00e1gina especial, com os t\u00edtulos conquistados, os craques      de todos os tempos, fichas dos jogadores atuais, bookmarks e arquivos      em \u00e1udio e v\u00eddeo. Os torcedores podem ouvir ainda o hino de cada clube      e ver hist\u00f3rias do acervo do jornal Estado de Minas. H\u00e1 ainda um v\u00eddeo      que mostra a constru\u00e7\u00e3o do Est\u00e1dio Magalh\u00e3es Pinto, o Mineir\u00e3o.<\/p>\n<p>&#8211; O Cruzeiro lan\u00e7ou seu novo site oficial, comemorado com uma grande      festa na Toca da Raposa. A p\u00e1gina foi reformulada pela PSN.com, uma      das v\u00e1rias empresas da Hicks Muse, parceira do clube. O torcedor pode      encontrar no site not\u00edcias e entrevistas exclusivas com os craques do      time, hist\u00f3ria das conquistas da equipe e os \u00faltimos resultados do time      nas competi\u00e7\u00f5es que disputa. O endere\u00e7o \u00e9: <b>www.cruzeiro.com.br<\/b>.<\/p>\n<p>&#8211; Kevin Miles e Lance Forrest ganharam o primeiro lugar na feira de      ci\u00eancia de uma pequena cidade de Maryland (EUA) com uma inven\u00e7\u00e3o \u00fatil      e inteligente. Os dois constru\u00edram um computador, com US$ 500, que roda      acima da capacidade de seu processador de 400MHz (overclocking). O que      faz o desempenho da m\u00e1quina ser melhor \u00e9 um dispositivo interessante,      um resfriador de l\u00edquidos. Basicamente, para que o computador funcione      em pot\u00eancia m\u00e1xima ou acima dela e n\u00e3o queime, Miles e Forrest conseguiram      resfriar o interior da CPU com uma bomba d`\u00e1gua. Al\u00e9m de incomum, o      projeto \u00e9 interessante por ser econ\u00f4mico. Partes de computadores 486      foram usadas na constru\u00e7\u00e3o da engenhoca resfriadora e Miles e Forrest      tiveram ainda que descobrir se os cabos precisavam ou n\u00e3o levar areia,      sua primeira suposi\u00e7\u00e3o. Um site com fotos e instru\u00e7\u00f5es para construir      um LCC (Liquid Cooled Computer) explica a m\u00e1quina de Forrester e Miles      em <b>www.kmcsonline.com\/lcc<\/b>.<\/p>\n<p>&#8211; Matem\u00e1tica n\u00e3o \u00e9 s\u00f3 para homem. \u00c9 tamb\u00e9m pesquisa e estudo para as      mulheres. O site <b>http:\/\/www.agnesscott.edu\/lriddle\/women\/chronol.htm<\/b>,      mostra em ordem cronol\u00f3gica as mulheres e seus estudos pela matem\u00e1tica.      Voc\u00ea pode consultar tamb\u00e9m, por ordem alfab\u00e9tica, atrav\u00e9s do endere\u00e7o      <b>http:\/\/www.agnesscott.edu\/lriddle\/women\/alpha.htm<\/b>. Em <b>http:\/\/www.agnesscott.edu\/lriddle\/women\/resource.htm<\/b>,      as mulheres mostram os seus trabalhos e pesquisas.<\/p>\n<p>&#8211; Quer mais um? A\u00ed vai: <b>http:\/\/www.cis.upenn.edu\/~wilf\/AeqB.html<\/b>.      Nesta p\u00e1gina voc\u00ea poder\u00e1 dar um download no livro que fala da hipergeometria,      dando \u00eanfase \u00e0 descoberta computacional. N\u00e3o deixe de conferir. (Site      em Ingl\u00eas)<\/p>\n<p>&#8211; O MyCorkBoard (Meu Quadro de Corti\u00e7a) \u00e9 um programinha bastante interessante.      Al\u00e9m de atuar como protetor de tela, ele \u00e9 um gerenciador de informa\u00e7\u00f5es      pessoais. Permite adicionar compromissos, tarefas, lembretes, calend\u00e1rio,      rel\u00f3gio e outros elementos. Tamb\u00e9m tem uma apar\u00eancia bastante simp\u00e1tica.      O usu\u00e1rio pode alterar o padr\u00e3o da &#8220;corti\u00e7a&#8221; e adicionar alguns enfeites,      que n\u00e3o podem faltar em qualquer escrit\u00f3rio. O endere\u00e7o \u00e9: <b>http:\/\/www.terra.com.br\/informatica\/download\/arquivo\/crkbrd.exe<\/b>.<\/p>\n<p>&#8211; Uma id\u00e9ia super legal \u00e9 da Apple Computer. A empresa mostra em um      site a hist\u00f3ria dos seus computadores, com fotos de Steve Jobs e seus      companheiros do ano de 1976. O endere\u00e7o \u00e9 <b>http:\/\/www.apple-history.com\/<\/b>.      Vale a pena fazer uma visita. (Site em Ingl\u00eas)<\/p>\n<p>&#8211; J\u00e1 que estamos falando de Hist\u00f3ria, porque n\u00e3o passar pela hist\u00f3ria      da poderosa Microsoft, com os seus 25 anos? V\u00e1 at\u00e9 o endere\u00e7o <b>http:\/\/www.microsoft.com\/museum\/<\/b>.      Al\u00e9m de museu, \u00e9 repleta de hist\u00f3ria. Fa\u00e7a uma visita e click na op\u00e7\u00e3o      &#8220;Inside Tour&#8221;. (Site em Ingl\u00eas)<\/p>\n<p>&#8211; Um bom site para ficar por dentro do computador \u00e9 o <b>http:\/\/www.pcguide.com\/<\/b>.      Apesar de ser em Ingl\u00eas, tem v\u00e1rias dicas para manter o seu computador      funcionando e algumas precau\u00e7\u00f5es. Visite a p\u00e1gina e veja os v\u00e1rios itens      relacionados.<\/p>\n<p>&#8211; Outro site super importante para quem quer algumas defini\u00e7\u00f5es de      hubs, mem\u00f3ria, computador e seus perif\u00e9ricos e outros, \u00e9 o <b>http:\/\/www.pcwebopedia.com\/<\/b>.      A p\u00e1gina \u00e9 em Ingl\u00eas, mas tem informa\u00e7\u00f5es \u00fateis para o seu dia a dia      e tamb\u00e9m para aqueles que gostam de fazer pesquisa.<\/p>\n<p>&#8211; Um site super legal \u00e9 o <b>http:\/\/www. valeumacerveja.com.br\/<\/b>.      Voc\u00ea encontrar\u00e1 tudo futebol nacional e internacional, v\u00f4lei, basquete      NBA, novelas, divers\u00e3o, cinemas e outros assuntos. Vale a pena conferir      o site da loira gelada.<\/p>\n<p>&#8211; Um site super legal para quem quer fazer um passeio pela \u00c1frica \u00e9      o <b>http:\/\/www.hipnotika.com\/intro.html<\/b>. Usando e abusando da tecnologia      flash, voc\u00ea poder\u00e1 fazer um passeio e ver as mais lindas fotos dos animais.      Al\u00e9m disso, o site toca m\u00fasica afriacana o tempo todo que voc\u00ea estiver      na p\u00e1gina. Vale a pena conferir!<\/p>\n<p>&#8211; Voc\u00ea sabia que os CDs foram concebidos para comportar 72 minutos      de m\u00fasica porque essa \u00e9 a dura\u00e7\u00e3o da Nona Sinfonia de Bethoven? N\u00e3o?      Ent\u00e3o voc\u00ea sabia que cabem aproximadamente 70 gotas em uma colher de      ch\u00e1? N\u00e3o acredito! Ent\u00e3o voc\u00ea sabia que a palavra &#8220;cheque-mate&#8221; deriva      da express\u00e3o persa &#8220;Shah Mat&#8221;, que significa &#8220;o rei est\u00e1 morto&#8221;? Esses      e outros conhecimentos &#8220;in\u00fateis&#8221; voc\u00ea encontra no <b>http:\/\/www.inutilonline.com.br\/<\/b>.      Um site com muitas curiosidades, fatos interessantes (alguns at\u00e9 question\u00e1veis)      e abobrinhas. Click no link Inutilidades sexuais e d\u00ea boas gargalhadas.<\/p>\n<p>&#8211; Visite o site http:\/\/www.clientesxbancos.com.br\/, e esteja por dentro      de todas as transa\u00e7\u00f5es banc\u00e1rias. Veja como aplicar o seu dinheiro,      a melhor taxa, cuidados com a menor taxa, direitos do consumidor e outros      asuntos de interesse geral.<\/p>\n<p>&#8211; A escritora Joanne K. Rowling escreveu hist\u00f3rias cercadas de magia      em que o personagem principal \u00e9 um menino-mago chamado Harry Potter.      No site <b>http:\/\/www.terra.com.br\/kids\/harrypotter\/<\/b>, voc\u00ea poder\u00e1      conhecer e adquirir os tr\u00eas primeiros livros da s\u00e9rie: Harry Potter      e a Pedra Filosofal, Harry Potter e a C\u00e2mara Secreta e Harry Potter      e o Prisioneiro de Azkaban. O quarto volume, Harry Potter e O C\u00e1lice      de Fogo, deve chegar ao mercado brasileiro somente no segundo semestre      de 2001, com uma surpresa: mais de 700 p\u00e1ginas com novas aventuras de      Harry Potter.<\/p>\n<p>&#8211; Os Beatles ainda possuem uma legi\u00e3o enorme de f\u00e3s em todo o mundo      e, claro, uma quantidade gigantescas de p\u00e1ginas na web sobre sua obra.      O curioso \u00e9 encontrar um site dedicado especificamente a um \u00e1lbum do      grupo: Revolver. Nessa p\u00e1gina voc\u00ea encontra letras e cifras das m\u00fasicas,      faixas raras em MP3, fotos diversas dos Beatles em 1966 e durante as      grava\u00e7\u00f5es do disco (lan\u00e7ado nesse mesmo ano), al\u00e9m de uma webradio montada      com o objetivo de tocar m\u00fasicas do Revolver 24 horas por dia. O endere\u00e7o      \u00e9: <b>http:\/\/www.revolver.com.br\/<\/b>.<\/p>\n<p>&#8211; Se voc\u00ea \u00e9 f\u00e3 do The Doors, n\u00e3o deixe de visitar a p\u00e1gina oficial      da banda no endere\u00e7o <b>http:\/\/www.thedoors.com\/<\/b>. Fotos em preto      e branco, m\u00fasicas, letras e frases de Jim Morrison e at\u00e9 as fotos do      cemit\u00e9rio em que ele foi enterrado, voc\u00ea encontrar\u00e1 nesta p\u00e1gina. Clique      no link &#8220;Pilgrimage Jim&#8217;s Gravesite in Paris&#8221; para ver as fotos.<\/p>\n<p>&#8211; Voc\u00ea quer acessar uma p\u00e1gina de m\u00fasica, selecionar o seu gen\u00earo favorito      e ouvir enquanto navega? O endere\u00e7o <b>http:\/\/www.somvirtual.com.br<\/b>      \u00e9 tudo o que voc\u00ea quer. D\u00ea uma passadinha l\u00e1. Esta p\u00e1gina \u00e9 \u00e1gil e tem      uma enorme variedade de estilos musicais para o internauta ouvir e conferir.      Vale a pena!<\/p>\n<p>    <\/span><\/td>\n<\/tr>\n<tr>\n<td align=\"LEFT\" valign=\"TOP\"><\/td>\n<td align=\"LEFT\" valign=\"TOP\"><a name=\"ainformativo3\"><span class=\"titulo\">Plant\u00e3o Info<\/span><\/a>     <span class=\"texto\">     <\/p>\n<p>O Plant\u00e3o Info divulgou as seguintes mat\u00e9rias na segunda quinzena do      m\u00eas de dezembro\/2000:<\/p>\n<p>Operadoras devem trocar mensagem por sinal de ocupado &#8211; A partir de      31 de janeiro de 2001, as operadoras de telefonia n\u00e3o poder\u00e3o mais utilizar      aquela mensagem que avisa que o n\u00famero chamado est\u00e1 ocupado: ela deve      ser substitu\u00edda pelo sinal (tom) de ocupado, de acordo com a nova exig\u00eancia      da Anatel.<br \/>     O objetivo da troca, segundo o conselheiro da Ag\u00eancia Nacional de telecomunica\u00e7\u00f5es,      Ant\u00f4nio Carlos Valente, \u00e9 acabar com as d\u00favidas e suspeitas do usu\u00e1rio      de que as mensagens eletr\u00f4nicas estariam sendo utilizadas pelas prestadoras      como servi\u00e7o sujeito a cobran\u00e7a de tarifa.<br \/>     Outra decis\u00e3o da Anatel \u00e9 que as prestadoras dever\u00e3o adotar, at\u00e9 30      de junho do pr\u00f3ximo ano, uma frase musical antes das mensagens habituais      de encaminhamento dos servi\u00e7os de caixa postal e de liga\u00e7\u00e3o \u00e0 cobrar,      para que o usu\u00e1rio tenha tempo de desligar a chamada sem que haja tarifa\u00e7\u00e3o.<br \/>     As novas orienta\u00e7\u00f5es do Regulamento de Sinaliza\u00e7\u00e3o para Usu\u00e1rios s\u00e3o      definitivas e ser\u00e3o publicadas no Di\u00e1rio Oficial amanh\u00e3, dia 19. O regulamento      tamb\u00e9m permite que as operadoras que utilizam a tecnologia WLL, cujos      aparelhos s\u00e3o dotados de display, usem mensagem visuais impressas no      visor, ao inv\u00e9s dos diversos tons e mensagens verbais.<\/p>\n<p>Banco do Brasil adota certifica\u00e7\u00e3o digital &#8211; O Banco do Brasil anunciou      ontem, dia 19 de dezembro\/2000, uma iniciativa para garantir maior seguran\u00e7a      nas opera\u00e7\u00f5es banc\u00e1rias realizadas via Internet: a certifica\u00e7\u00e3o digital.<br \/>     A certifica\u00e7\u00e3o funciona como uma assinatura baseada em criptografia,      onde a senha fica armazenada somente no computador do cliente e n\u00e3o      mais no banco &#8211; assim, o banco n\u00e3o precisa mais solicitar a senha do      usu\u00e1rio nas opera\u00e7\u00f5es via Web, uma vez que ele ser\u00e1 reconhecido por      sua assinatura digital.<br \/>     Os certificados ser\u00e3o emitidos pela CertiSign, afiliada da americana      VeriSign, e para utiliz\u00e1-los o cliente deve habilitar o computador que      utiliza para se relacionar com o banco atrav\u00e9s da instala\u00e7\u00e3o do certificado      no micro. A habilita\u00e7\u00e3o pode ser feita de duas formas: ou o cliente      procura os terminais de auto-atendimento do banco para cadastrar seus      dados e assinar o termo de ades\u00e3o, ou vai a qualquer ag\u00eancia assinar      o termo. Em qualquer uma das maneiras, o usu\u00e1rio pode baixar sua certifica\u00e7\u00e3o      mais tarde atrav\u00e9s do site do BB, ap\u00f3s a confer\u00eancia de seus dados pelo      banco.<\/p>\n<p>DirecTV lan\u00e7a plataforma de TV interativa &#8211; A DirecTV, empresa de TV      por assinatura via sat\u00e9lite, anunciou no dia 19\/12\/2000, os detalhes      de uma nova plataforma de televis\u00e3o interativa, que deve entrar em opera\u00e7\u00e3o      at\u00e9 mar\u00e7o do ano que vem. Ser\u00e3o lan\u00e7ados quatro canais exclusivos no      mercado brasileiro: games, previs\u00e3o do tempo, servi\u00e7os banc\u00e1rios e servi\u00e7os      ao assinante. Em breve tamb\u00e9m ser\u00e3o disponibilizados canais de com\u00e9rcio      eletr\u00f4nico e um servi\u00e7o de e-mail.<br \/>     Para implementar o sistema de TV interativa, a DirecTV estabeleceu parcerias      tecnol\u00f3gicas com as americanas OpenTV e NDS, que fornecer\u00e3o o sistema      operacional e os aplicativos dos quatro canais, al\u00e9m de acordos com      a Telef\u00f4nica, Agency.com e Thompson Consumer Electronics. Toda a transmiss\u00e3o      e atualiza\u00e7\u00e3o de dados ser\u00e1 feita via sat\u00e9lite, com os canais podendo      ser acessados pelo controle remoto. No canal de games, os assinantes      da DirecTV ter\u00e3o acesso a jogos eletr\u00f4nicos do tipo Arcade e brincadeiras      b\u00e1sicas, como jogo da velha, minas e mem\u00f3ria. No canal meteorol\u00f3gico,      o usu\u00e1rio poder\u00e1 acessar a previs\u00e3o do tempo em mais de 2 000 cidades.      Os servi\u00e7os do canal banc\u00e1rio ficar\u00e3o a cargo do Ita\u00fa, cujos correntistas      poder\u00e3o at\u00e9 pagar contas pela TV. Na se\u00e7\u00e3o de servi\u00e7os, o assinante      poder\u00e1 consultar seu extrato e obter informa\u00e7\u00f5es detalhadas sobre a      grade de programa\u00e7\u00e3o.<br \/>     Segundo o gerente geral da DirecTV no Brasil, Philippe Boutaud, o acesso      aos canais \u00e9 aberto. &#8220;N\u00e3o cobraremos nada do assinante pelo servi\u00e7o      interativo e teremos mais lan\u00e7amentos desse tipo daqui a seis meses&#8221;,      promete.<\/p>\n<p>    <\/span><\/td>\n<\/tr>\n<tr>\n<td align=\"LEFT\" valign=\"TOP\"><\/td>\n<td align=\"LEFT\" valign=\"TOP\"><a name=\"ainformativo4\"><span class=\"titulo\">H\u00e1 20 anos&#8230;<\/span><\/a>     <span class=\"texto\">     <\/p>\n<p>O Sistem\u00e1tico deixou de circular nas duas primeiras semanas de janeiro      de 1981, devido a doen\u00e7a da Redatora, retornando no dia 22 de janeiro      com muitas not\u00edcias.<\/p>\n<p>    <\/span><\/td>\n<\/tr>\n<tr>\n<td align=\"LEFT\" valign=\"TOP\"><\/td>\n<td align=\"LEFT\" valign=\"TOP\"><a name=\"ainformativo5\"><span class=\"titulo\">Menor da     Cruz Vermelha<\/span><\/a> <span class=\"texto\">     <\/p>\n<p>Dentro do Conv\u00eanio UFMG\/Cruz Vermelha, foi admitida para o CECOM a      menor Mar\u00edlia Pereira Martins, em substitui\u00e7\u00e3o a Paulo C\u00e9sar de Oliveira,      que se desligou do conv\u00eanio em novembro\/2000.<\/p>\n<p>Mar\u00edlia entrou no dia 18 de dezembro e est\u00e1 lotada na Diretoria do      CECOM<\/p>\n<p>    <\/span><\/td>\n<\/tr>\n<\/table>\n<p> <!-- fim noticias --><\/div>\n<p><a name='eventos'><\/a><\/p>\n<h4>Eventos<\/h4>\n<div class=\"centro-sistematico\">  <!-- noticias --> <\/p>\n<table border=\"0\" cellspacing=\"0\" cellpadding=\"0\">\n<tr>\n<td><\/td>\n<td><\/td>\n<\/tr>\n<tr>\n<td align=\"LEFT\" valign=\"TOP\"><\/td>\n<td align=\"LEFT\" valign=\"TOP\"><a name=\"aeventos1\"><span class=\"titulo\">Treinamento     GRUDE<\/span><\/a> <span class=\"texto\">     <\/p>\n<p>Como parte da implanta\u00e7\u00e3o do Projeto GRUDE, o LCC aplicou, nesta quarta-feira,      um treinamento para funcion\u00e1rios do CECOM, enfocando o produto Lotus      Notes, que ser\u00e1 a ferramenta de correio institucional utilizada na UFMG.      O objetivo deste curso \u00e9 a forma\u00e7\u00e3o de instrutores para aplica\u00e7\u00e3o de      treinamento sobre o Notes para a comunidade universit\u00e1ria, utilizando      material desenvolvido pelo LCC.<\/p>\n<p>Participaram do treinamento os funcion\u00e1rios Adyr Rodrigues Nascimento,      Aleixina Maria Lopes Andal\u00e9cio, Eug\u00eanio Pacelli Pereira de Souza, Gerson      Edson Machado de Sousa, H\u00e9lio Teixeira da Costa, Jos\u00e9 Maria da Silva      Bessa, Luiz Eug\u00eanio de Almeida Oliveira, M\u00e1rcio da Costa Viana e os      estagi\u00e1rios Clayton Ricardo Santos, Rafael Alves de Souza e Wilca Maria      Luzilene Souza e Silva.<\/p>\n<p>A coordena\u00e7\u00e3o do treinamento esteve a cargo de Jeroen Antonius Maria      van de Graaf, que tamb\u00e9m foi um dos instrutores, juntamente com C\u00edcero      Soares Vieira e Luiz Ot\u00e1vio Barbosa, todos do LCC.<\/p>\n<p>Na pr\u00f3xima semana, o LCC estar\u00e1 auxiliando a DAC na prepara\u00e7\u00e3o do ambiente      operacional do servidor Notes que ser\u00e1 utilizado nos treinamentos destinados      aos usu\u00e1rios das unidades administrativas. A previs\u00e3o \u00e9 de que, na semana      de 22 a 26\/1, uma turma de funcion\u00e1rios do CECOM passe pelo treinamento,      como teste para os instrutores da DAC.<\/p>\n<p>    <\/span><\/td>\n<\/tr>\n<tr>\n<td align=\"LEFT\" valign=\"TOP\"><\/td>\n<td align=\"LEFT\" valign=\"TOP\"><a name=\"aeventos2\"><span class=\"titulo\">Treinamento<\/span><\/a>     <span class=\"texto\">     <\/p>\n<p>Ser\u00e1 realizado, na pr\u00f3xima semana, treinamento na ferramenta de edi\u00e7\u00e3o      de linguagem HTML &#8220;DreamWeaver&#8221;. Al\u00e9m de disseminar o uso desse editor,      se pretende melhor preparar funcion\u00e1rios do CECOM e da CCS para atividades      de atualiza\u00e7\u00e3o de suas Home Pages &#8211; a CCS \u00e9 respons\u00e1vel pela Home Page      da UFMG. O treinamento acontecer\u00e1 no per\u00edodo de 15 a 19\/01, sempre no      hor\u00e1rio de 14:00 \u00e0s 17:00, na Sala de Aulas 2 do CECOM, no subsolo do      pr\u00e9dio da Reitoria. O instrutor ser\u00e1 Guilherme R. Albuquerque, da CCS,      e estar\u00e3o participando os seguintes funcion\u00e1rios: Adyr Rodrigues Nascimento,      Clayton Ricardo Santos, Elza Maria Guedes Rozinholi, Eug\u00eanio Pacelli      Pereira de Souza, Gilmar Lima Guimar\u00e3es, Let\u00edcia Marina Orlandi, Luiz      Eug\u00eanio de Almeida Oliveira, Maria Jos\u00e9 Cortezzi, Maur\u00edcio Guilherme      Silva J\u00fanior e Rubens Crispim da Silva<\/p>\n<p>    <\/span><\/td>\n<\/tr>\n<tr>\n<td align=\"LEFT\" valign=\"TOP\"><\/td>\n<td align=\"LEFT\" valign=\"TOP\"><a name=\"aeventos3\"><span class=\"titulo\">Festa de     Natal do CECOM<\/span><\/a> <span class=\"texto\">     <\/p>\n<p>Foi uma das festas mais concorrida nos \u00faltimos anos a Festa de Natal      do CECOM, ocorrida no dia 20 de dezembro. Todos gostaram do local, do      churrasco de confraterniza\u00e7\u00e3o, do videok\u00ea (emprestado pelo Helinho)      e do concorrido show do Milh\u00e3o, gentilmente cedido pelo V\u00edtor, filho      do Carlinhos.<\/p>\n<p>As crian\u00e7as ficaram divididas entre a piscina, o show do Milh\u00e3o, as      quadras de futebol e de peteca.<\/p>\n<p>Durante a festa, todos tiveram a surpresa da chegada do Papai Noel      e da Mam\u00e3e Noel, nas pessoas de Rubens e Gard\u00eania, vindos dos Estados      Unidos, sem que ningu\u00e9m soubesse que estivessem no Brasil. Realmente,      foi o presente de Natal que eles deram para todos do CECOM.<\/p>\n<p>A festa foi bastante documentada pelo Renato, Gila, Marcelo e Gard\u00eania.      As fotos j\u00e1 est\u00e3o \u00e0 disposi\u00e7\u00e3o para todos verem na Reda\u00e7\u00e3o do Sistem\u00e1tico      e as fitas ainda n\u00e3o chegaram ao CECOM. Quando isto ocorrer, ser\u00e1 marcada      uma sess\u00e3o de v\u00eddeos para todos assistirem. Aguardem!<\/p>\n<p>Agora, \u00e9 pensar na Festa Junina&#8230;<\/p>\n<p>    <\/span><\/td>\n<\/tr>\n<tr>\n<td align=\"LEFT\" valign=\"TOP\"><\/td>\n<td align=\"LEFT\" valign=\"TOP\"><a name=\"aeventos4\"><span class=\"titulo\">Sociais<\/span><\/a>     <span class=\"texto\">     <\/p>\n<p><b>ANIVERS\u00c1RIOS:<\/b> &#8220;O Sistem\u00e1tico&#8221; envia os parab\u00e9ns atrasados para      Jo\u00e3o Cloves Coelho, que aniversariou ontem, dia 10. E envia os parab\u00e9ns      para os ex-ceconianos: Luiz Henrique de Ara\u00fajo Vecchio, no dia 06; Jo\u00e3o      Carlos Pires Bauer (DCC), no dia 08; Rodolfo S\u00e9rgio Ferreira de Resende      (DCC), no dia 12; Lindaura Rosa dos Santos, no dia 14; prof. Jos\u00e9 Nagib      Cotrim \u00c1rabe (Pr\u00f3-Reitor de Gradua\u00e7\u00e3o), no dia 15 e Helen Lan Kwai Wah,      no dia 16.<\/p>\n<p>    <\/span><\/td>\n<\/tr>\n<\/table>\n<p> <!-- fim noticias --><\/div>\n","protected":false},"excerpt":{"rendered":"<p>Not\u00edcias Vestibular 2001 Instala\u00e7\u00e3o do Notes Remanejamento Informativo Genteware Guia de Sites Interessantes Plant\u00e3o Info H\u00e1 20 anos&#8230; Menor da Cruz Vermelha Eventos Treinamento GRUDE Treinamento Festa de Natal do CECOM Sociais Not\u00edcias Vestibular 2001 Tendo em vista alguns problemas de travamento ocorridos com o servidor www.ufmg.br na libera\u00e7\u00e3o dos gabaritos do Vestibular 2001 da &#8230; <a title=\"Sistem\u00e1tico: Edi\u00e7\u00e3o 1058 &#8211; 11\/01\/2001\" class=\"read-more\" href=\"https:\/\/www.ufmg.br\/dti\/2001\/01\/11\/sistematico-edicao-1058-11012001\/\" aria-label=\"Read more about Sistem\u00e1tico: Edi\u00e7\u00e3o 1058 &#8211; 11\/01\/2001\">Ler mais<\/a><\/p>\n","protected":false},"author":3,"featured_media":0,"comment_status":"open","ping_status":"open","sticky":false,"template":"","format":"standard","meta":{"inline_featured_image":false,"footnotes":""},"categories":[13],"tags":[],"coauthors":[79],"class_list":["post-1570","post","type-post","status-publish","format-standard","hentry","category-sistematico"],"_links":{"self":[{"href":"https:\/\/www.ufmg.br\/dti\/wp-json\/wp\/v2\/posts\/1570","targetHints":{"allow":["GET"]}}],"collection":[{"href":"https:\/\/www.ufmg.br\/dti\/wp-json\/wp\/v2\/posts"}],"about":[{"href":"https:\/\/www.ufmg.br\/dti\/wp-json\/wp\/v2\/types\/post"}],"author":[{"embeddable":true,"href":"https:\/\/www.ufmg.br\/dti\/wp-json\/wp\/v2\/users\/3"}],"replies":[{"embeddable":true,"href":"https:\/\/www.ufmg.br\/dti\/wp-json\/wp\/v2\/comments?post=1570"}],"version-history":[{"count":0,"href":"https:\/\/www.ufmg.br\/dti\/wp-json\/wp\/v2\/posts\/1570\/revisions"}],"wp:attachment":[{"href":"https:\/\/www.ufmg.br\/dti\/wp-json\/wp\/v2\/media?parent=1570"}],"wp:term":[{"taxonomy":"category","embeddable":true,"href":"https:\/\/www.ufmg.br\/dti\/wp-json\/wp\/v2\/categories?post=1570"},{"taxonomy":"post_tag","embeddable":true,"href":"https:\/\/www.ufmg.br\/dti\/wp-json\/wp\/v2\/tags?post=1570"},{"taxonomy":"author","embeddable":true,"href":"https:\/\/www.ufmg.br\/dti\/wp-json\/wp\/v2\/coauthors?post=1570"}],"curies":[{"name":"wp","href":"https:\/\/api.w.org\/{rel}","templated":true}]}}