{"id":2170,"date":"2017-05-19T17:09:57","date_gmt":"2017-05-19T20:09:57","guid":{"rendered":"https:\/\/www.ufmg.br\/dti\/cecom\/?p=2170"},"modified":"2017-05-19T17:09:57","modified_gmt":"2017-05-19T20:09:57","slug":"sistematico-edicao-1693-18052017","status":"publish","type":"post","link":"https:\/\/www.ufmg.br\/dti\/2017\/05\/19\/sistematico-edicao-1693-18052017\/","title":{"rendered":"Sistem\u00e1tico: Edi\u00e7\u00e3o 1693 &#8211; 18\/05\/2017"},"content":{"rendered":"<p><a href=\"\/dti\/#noticias\">Not\u00edcias:<\/a><\/p>\n<ul>\n<li><a href=\"\/dti\/#n1\">DTI participa do XI WTICIFES 2017.<\/a><\/li>\n<li><a href=\"\/dti\/#n2\">CECOM ter\u00e1 representante no Workshop da RFI.<\/a><\/li>\n<\/ul>\n<p><a href=\"\/dti\/#informativo\">Informativo:<\/a><\/p>\n<ul>\n<li><a href=\"\/dti\/#i1\">Ataque de Ransomware na UFMG.<\/a><\/li>\n<li><a href=\"\/dti\/#i2\">Ceconiano recebe pr\u00eamio em Santa Luzia.<\/a><\/li>\n<li><a href=\"\/dti\/#i3\">Tomaz Aroldo da Mota Santos recebe t\u00edtulo de Professor Em\u00e9rito.<\/a><\/li>\n<li><a href=\"\/dti\/#i4\">Palco Livre recebe Quarteto de Viol\u00f5es para recital de M\u00fasica de C\u00e2mara.<\/a><\/li>\n<li><a href=\"\/dti\/#i5\">Caminh\u00e3o-Museu da UFMG recebe visitantes no Campus Pampulha.<\/a><\/li>\n<li><a href=\"\/dti\/#i6\">H\u00e1 20 anos&#8230;<\/a><\/li>\n<\/ul>\n<p><a href=\"\/dti\/#eventos\">Eventos:<\/a><\/p>\n<ul>\n<li><a href=\"\/dti\/#e1\">Sociais.<\/a><\/li>\n<li><a href=\"\/dti\/#e2\">Mem\u00f3ria Fotogr\u00e1fica do CECOM.<\/a><a href=\"https:\/\/www.ufmg.br\/dti\/wp-content\/uploads\/sites\/2\/2017\/05\/Sist10_2017-A4.pdf\">sist10_2017-a4.<\/a><\/li>\n<\/ul>\n<p><img loading=\"lazy\" decoding=\"async\" class=\"alignnone size-full wp-image-1663\" src=\"https:\/\/www.ufmg.br\/dti\/wp-content\/uploads\/sites\/2\/2016\/10\/pdf.png\" alt=\"pdf\" width=\"25\" height=\"25\" \/>\u00a0<a href=\"https:\/\/www.ufmg.br\/dti\/wp-content\/uploads\/sites\/2\/2017\/05\/Sist10_2017-A4.pdf\" target=\"_blank\">Vers\u00e3o em PDF<\/a><\/p>\n<p><a name=\"noticias\"><\/a><\/p>\n<h2>Noticias<\/h2>\n<p><a name=\"n1\"><\/a><span style=\"color: #1e73be\"><strong>DTI participa do XI WTICIFES 2017<\/strong><\/span><\/p>\n<p>Recife recebe o XI Workshop de Tecnologia da Informa\u00e7\u00e3o e Comunica\u00e7\u00e3o das Institui\u00e7\u00f5es Federais de Ensino Superior do Brasil (WTICIFES 2017) no per\u00edodo de 29 de maio a 1\u00ba de junho de 2017. Sob o tema &#8220;A TI como Agente Transformador nas Universidades &#8220;, o encontro pretende levantar quest\u00f5es comuns \u00e0 realidade dos profissionais de TI para promover o debate e a troca de conhecimento e informa\u00e7\u00f5es do setor.<\/p>\n<p>Integrado ao XI WTICIFES, acontecer\u00e1 o II Encontro dos Escrit\u00f3rios de Processos das Universidades Federais, com o mesmo objetivo de relatar experi\u00eancias e boas pr\u00e1ticas e debater a gest\u00e3o por processos como estrat\u00e9gia para a supera\u00e7\u00e3o das dificuldades do cen\u00e1rio atual.<\/p>\n<p>O WTICIFES \u00e9 uma promo\u00e7\u00e3o do Col\u00e9gio de Gestores de TIC das IFES para, a partir da similaridade dos problemas e desafios de gest\u00e3o, incentivar a troca interinstitucional de experi\u00eancias e solu\u00e7\u00f5es para a efetiva\u00e7\u00e3o da TIC como um instrumento de avan\u00e7o de todas as Universidades.<\/p>\n<p>O evento se destina a dirigentes e servidores de TI das Institui\u00e7\u00f5es P\u00fablicas de Ensino Superior.<\/p>\n<p>Os Analistas de TI do CECOM Patr\u00edcia Nascimento Silva, Josemar Pereira dos Santos e V\u00edtor Fonseca de Melo enviaram o artigo &#8220;Armaz\u00e9m de dados para o Censo da Educa\u00e7\u00e3o Superior: uma experi\u00eancia no Centro de Computa\u00e7\u00e3o da UFMG e foram selecionados para o WTICIFES.<\/p>\n<p>Patr\u00edcia Nascimento e Josemar Pereira estar\u00e3o em Recife para a apresenta\u00e7\u00e3o da palestra, marcada para o dia 30 de maio. Al\u00e9m deles, o Diretor de Tecnologia da Informa\u00e7\u00e3o da UFMG, Professor Di\u00f3genes Cec\u00edlio da Silva J\u00fanior, e Karina Flaviana Ribeiro, Diretora da Divis\u00e3o de Processos e Seguran\u00e7a da Informa\u00e7\u00e3o, tamb\u00e9m estar\u00e3o presentes.<\/p>\n<figure id=\"attachment_2175\" aria-describedby=\"caption-attachment-2175\" style=\"width: 274px\" class=\"wp-caption aligncenter\"><img loading=\"lazy\" decoding=\"async\" class=\" wp-image-2175\" src=\"https:\/\/www.ufmg.br\/dti\/wp-content\/uploads\/sites\/2\/2017\/05\/Sist1HE2.jpg\" alt=\"Patr\u00edcia Nascimento e Josemar Pereira\" width=\"284\" height=\"240\" \/><figcaption id=\"caption-attachment-2175\" class=\"wp-caption-text\">Patr\u00edcia Nascimento e Josemar Pereira<\/figcaption><\/figure>\n<p>&nbsp;<\/p>\n<figure id=\"attachment_2176\" aria-describedby=\"caption-attachment-2176\" style=\"width: 141px\" class=\"wp-caption aligncenter\"><img loading=\"lazy\" decoding=\"async\" class=\"size-full wp-image-2176\" src=\"https:\/\/www.ufmg.br\/dti\/wp-content\/uploads\/sites\/2\/2017\/05\/Sist1HE3.jpg\" alt=\"Prof. D\u00edog\u00e9nes Cec\u00edlio da Silva J\u00fanior\" width=\"151\" height=\"205\" \/><figcaption id=\"caption-attachment-2176\" class=\"wp-caption-text\">Prof. D\u00edog\u00e9nes Cec\u00edlio da Silva J\u00fanior<\/figcaption><\/figure>\n<p>&nbsp;<\/p>\n<p><a name=\"n2\"><\/a><span style=\"color: #1e73be\"><strong>CECOM ter\u00e1 representante no Workshop da RFI<\/strong><\/span><\/p>\n<p>Entre os dias 22 e 24\/05, a RNP organizar\u00e1, em S\u00e3o Paulo\/SP, o Workshop da RFI &#8211; Apresenta\u00e7\u00e3o das ofertas dos provedores privados de nuvem. Est\u00e3o confirmadas as participa\u00e7\u00f5es de 10 provedores de nuvem p\u00fablica: Microsoft, Amazon, Vert, Telefonica, IBM\/Softlayer, Google, UOL Diveo, Embratel, NIPBR, BR Cloud. O evento pretende com esta oportunidade uma intera\u00e7\u00e3o com as empresas que lideram a oferta de nuvem e, assim, aprofundar o conhecimento dos participantes.<\/p>\n<p>O evento ser\u00e1 realizado na Cinemateca Brasileira, no largo Sen. Raul Cardoso, 207<\/p>\n<p>&#8211; Vila Clementino, S\u00e3o Paulo, Sala Cinemateca-Petrobr\u00e1s. A abertura ser\u00e1 no dia 22\/05 a partir das 14h, com t\u00e9rmino \u00e0s 18h30, Nos dias 23 e 24\/05 os trabalhos ser\u00e3o realizados de 8h \u00e0s 18h30. Representando o CECOM, estar\u00e1 prsente ao evento Carlos Alfeu Furtado da Fonseca.<\/p>\n<p>&nbsp;<\/p>\n<p><a name=\"informativo\"><\/a><\/p>\n<h2>Informativo<\/h2>\n<p><a name=\"i1\"><\/a><span style=\"color: #1e73be\"><strong>Ataque de Ransomware na UFMG<\/strong><\/span><\/p>\n<p>Na \u00faltima sexta-feira, 12 de maio de 2017, o mundo foi surpreendido por uma s\u00e9rie de ataques em computadores que atingiram pelo menos 150 pa\u00edses. Empresas de tecnologia, institui\u00e7\u00f5es p\u00fablicas e particulares, hospitais, aparentemente o v\u00edrus n\u00e3o fez nenhuma distin\u00e7\u00e3o na escolha de suas v\u00edtimas. Em alguns casos, foi necess\u00e1rio suspender o funcionamento dos equipamentos de inform\u00e1tica para conter as perdas e possibilitar a restaura\u00e7\u00e3o dos sistemas.<\/p>\n<p>A origem do ataque \u00e9 desconhecida, mas o v\u00edrus, denominado &#8220;WannaCry&#8221;, se baseou em ferramenta que explora falhas de protocolos no Windows desenvolvida pela NSA, Ag\u00eancia Nacional de Seguran\u00e7a dos Estados Unidos, que vazou ou foi roubada. Por ironia, no c\u00f3digo do v\u00edrus utilizado no ataque foram detectados trechos de outros desenvolvidos na Coreia do Norte, o que o torna um v\u00edrus que uniu a tecnologia dos dois pa\u00edses.<\/p>\n<p>A prolifera\u00e7\u00e3o do v\u00edrus cessou quando, acidentalmente, um hacker descobriu uma refer\u00eancia a um nome de dom\u00ednio de internet no c\u00f3digo do v\u00edrus, adquiriu o direito sobre este dom\u00ednio e o colocou no ar. A n\u00e3o exist\u00eancia deste dom\u00ednio era a chave que fazia o v\u00edrus se propagar.<\/p>\n<p>O v\u00edrus utilizado no ataque era do tipo &#8220;ransomware&#8221;. Este tipo de v\u00edrus &#8220;sequestra&#8221; arquivos de um computador, s\u00f3 liberados mediante o pagamento de resgate. O sequestro era feito atrav\u00e9s da criptografia dos arquivos, que seriam liberados com o envio de uma chave ap\u00f3s o pagamento.<\/p>\n<p>A contamina\u00e7\u00e3o inicial em cada organiza\u00e7\u00e3o se deu a partir de um ataque de &#8220;phishing&#8221;, e-mails com apar\u00eancia real com apontador para um s\u00edtio eletr\u00f4nico com conte\u00fado malicioso ou com documentos, inclusive do tipo PDF, contendo o v\u00edrus. O acesso ao s\u00edtio eletr\u00f4nico ou a abertura do documento disparava a execu\u00e7\u00e3o do malware, que passava a varrer a rede de dados local \u00e0 procura de novas v\u00edtimas.<\/p>\n<p>Este cen\u00e1rio, de mensagens de &#8220;phishing&#8221;, e a propaga\u00e7\u00e3o pela rede \u00e9 conhecido h\u00e1 anos. Exemplos de mensagens de phishing chegam todos os dias \u00e0s caixas postais: s\u00e3o vi\u00favas ou filhos \u00e0 procura de uma pessoa honesta, que possa receber uma transfer\u00eancia banc\u00e1ria da fortuna de algum ditador falecido, mas precisam de dinheiro para viabilizar a transfer\u00eancia; s\u00e3o t\u00edtulos que ser\u00e3o protestados; s\u00e3o pr\u00eamios em loterias nos quais o destinat\u00e1rio nunca apostou; ou,<\/p>\n<p>mais sofisticadas e com alvos bem espec\u00edficos; s\u00e3o mensagens em tese enviadas por uma pessoa conhecida, atrav\u00e9s do uso de uma conta de e-mail falsa, pedindo ajuda devido a alguma doen\u00e7a na fam\u00edlia, acidente; ou, como j\u00e1 ocorreu algumas vezes na Universidade, professores que est\u00e3o fazendo parte da banca de algum concurso oferecendo vagas para fiscaliza\u00e7\u00e3o, onde o candidato deve enviar um valor que ser\u00e1 devolvido dentro da remunera\u00e7\u00e3o pelo trabalho prestado.<\/p>\n<p>Embora casos bem sucedidos de &#8220;phishing&#8221; n\u00e3o sejam incomuns na UFMG, ou porque a Universidade n\u00e3o foi um alvo do ataque, ou porque os membros da comunidade usaram o bom senso, a DTI n\u00e3o tem not\u00edcias sobre a contamina\u00e7\u00e3o de nenhum equipamento com o WannaCry.<\/p>\n<p>Entretanto, mesmo que acontecesse um ataque inicial bem sucedido, este atingiria apenas a rede da escola ou do \u00f3rg\u00e3o administrativo utilizado pelo computador comprometido, j\u00e1 que a falha utilizada pelo v\u00edrus seria bloqueada pelos filtros de seguran\u00e7a da rede da Universidade.<\/p>\n<p><em>Fernando Frota Machado Machado de Morais<\/em><br \/>\n<em>Analista de TI da DRC &#8211; Divis\u00e3o de Redes de Comunica\u00e7\u00e3o<\/em><\/p>\n<p><a name=\"i2\"><\/a><span style=\"color: #1e73be\"><strong>Ceconiano recebe pr\u00eamio em Santa Luzia<\/strong><\/span><\/p>\n<p>No dia 27 de abril de 2017, a TV Ketal de Santa Luzia\/MG, promoveu uma festa para a entrega de pr\u00eamios aos melhores do ano daquela cidade. Foram 16 categorias, com vota\u00e7\u00e3o pela Internet, que destacou como a melhor Banda\/Conjunto Musical a Banda Urbe, com seus componentes Max (contrabaixo), Wanderson (guitarra), Sandro (vocal) e Mansueto (baterista).<\/p>\n<p>A Banda Urbe come\u00e7ou em 1986, tendo na sua primeira forma\u00e7\u00e3o o ceconiano M\u00e1rcio Viana (contrabaixo), o ex-ceconiano Wanderson (guitarra), Sandro (vocal) e Alessandro (baterista). Em 1991, M\u00e1rcio Viana se desligou do grupo e a banda acabou. Em 2015 a banda ressurgiu com o ceconiano Max ocupando o lugar do M\u00e1rcio Viana no contrabaixo.<\/p>\n<p>O Sistem\u00e1tico parabeniza a Banda Urbe, na pessoa do Max, pela conquista do Pr\u00eamio Ketal Melhores do Ano.<\/p>\n<figure id=\"attachment_2177\" aria-describedby=\"caption-attachment-2177\" style=\"width: 365px\" class=\"wp-caption aligncenter\"><img loading=\"lazy\" decoding=\"async\" class=\"size-full wp-image-2177\" src=\"https:\/\/www.ufmg.br\/dti\/wp-content\/uploads\/sites\/2\/2017\/05\/Sist1HE4-1.jpg\" alt=\"Max, Sandro e a jornalista Liliane Marques\" width=\"375\" height=\"250\" \/><figcaption id=\"caption-attachment-2177\" class=\"wp-caption-text\">Max, Sandro e a jornalista Liliane Marques<\/figcaption><\/figure>\n<p style=\"text-align: center\">Foto <a href=\"http:\/\/santaluzia.ketal.com.br\/\" target=\"_blank\">http:\/\/santaluzia.ketal.com.br\/<\/a><\/p>\n<p>&nbsp;<\/p>\n<p><a name=\"i3\"><\/a><span style=\"color: #1e73be\"><strong>Tomaz Aroldo da Mota Santos recebe t\u00edtulo de Professor Em\u00e9rito<\/strong><\/span><\/p>\n<p>A cerim\u00f4nia solene de entrega do t\u00edtulo de Professor Em\u00e9rito da UFMG para Tomaz Aroldo da Mota Santos, reitor da Universidade na gest\u00e3o 1994-1998, que ser\u00e1 realizada nesta quinta-feira, 18, a partir das 18h, no audit\u00f3rio da Reitoria, ser\u00e1 transmitida ao vivo, pela internet. O t\u00edtulo \u00e9 entregue a docentes aposentados que tiveram destaque em sua trajet\u00f3ria acad\u00eamica. Graduado em Farm\u00e1cia pela UFMG em 1968, Tomaz obteve na mesma institui\u00e7\u00e3o o grau de Doutor em Ci\u00eancias. Foi professor de imunologia no Instituto de Ci\u00eancias Biol\u00f3gicas, onde atuou nos cursos de gradua\u00e7\u00e3o e de p\u00f3s-gradua\u00e7\u00e3o, de 1975 a 2014. Foi tamb\u00e9m diretor do Instituto de Ci\u00eancias Biol\u00f3gicas (ICB) e pr\u00f3-reitor de extens\u00e3o.<\/p>\n<p>Depois de quase 40 anos como docente da UFMG, o professor assumiu, em 2015, a dire\u00e7\u00e3o pro-tempore da Universidade da Integra\u00e7\u00e3o Internacional da Lusofonia Afro-Brasileira (Unilab), onde permaneceu at\u00e9 outubro de 2016.<\/p>\n<p>(Fonte: https:\/\/www.ufmg.br\/online\/arquivos\/047532.shtml &#8211; 18\/05\/2017)<\/p>\n<p><a name=\"i4\"><\/a><span style=\"color: #1e73be\"><strong>Palco Livre recebe Quarteto de Viol\u00f5es para recital de M\u00fasica de C\u00e2mara<\/strong><\/span><\/p>\n<p>O projeto Palco Livre, do Conservat\u00f3rio UFMG, apresenta hoje, 18, a partir das 20h, o recital de m\u00fasica erudita O viol\u00e3o camer\u00edstico, do Quarteto de Viol\u00f5es Horizontes. O grupo \u00e9 formado por Leonardo Ara\u00fajo, Roger Deboben, Jo\u00e3o Pedro Morales e Dinobergue Viana, alunos do bacharelado em viol\u00e3o da Escola de M\u00fasica da UFMG. A entrada \u00e9 gratuita.<\/p>\n<p>O quarteto foi criado em 2015 com o objetivo de explorar o repert\u00f3rio original para a forma\u00e7\u00e3o &#8211; tradi\u00e7\u00e3o iniciada por compositores na segunda metade do s\u00e9culo 20 -, al\u00e9m de experimentar transcri\u00e7\u00f5es e arranjos de diversos per\u00edodos.<\/p>\n<p>O repert\u00f3rio selecionado para a apresenta\u00e7\u00e3o conta com uma das primeiras obras escritas para essa forma\u00e7\u00e3o: Estampas, do espanhol Federico Torroba, formada por pequenas pe\u00e7as que evocam imagens e cenas da Espanha. Tamb\u00e9m figura no repert\u00f3rio a pe\u00e7a Toccata, do cubano Leo Brouwer, compositor em atividade e uma das figuras de destaque no universo do viol\u00e3o.<\/p>\n<p>O Conservat\u00f3rio UFMG fica na Avenida Afonso Pena, 1.534, Centro.<\/p>\n<p>(Fonte: https:\/\/www.ufmg.br\/online\/arquivos\/047538.shtml &#8211; 18\/05\/2017)<\/p>\n<p><a name=\"i5\"><\/a><span style=\"color: #1e73be\"><strong>Caminh\u00e3o-Museu da UFMG recebe visitantes no Campus Pampulha<\/strong><\/span><\/p>\n<p>At\u00e9 a pr\u00f3xima sexta-feira, 19, o Museu Itinerante Ponto UFMG estar\u00e1 aberto a visitas guiadas no campus Pampulha. Com programa\u00e7\u00e3o especial para a 15\u00aa Semana Nacional de Museus, o caminh\u00e3o est\u00e1 estacionado no Centro Pedag\u00f3gico, em frente \u00e0 Faculdade de Educa\u00e7\u00e3o. As visitas podem ser feitas pela manh\u00e3, das 9h \u00e0s 12h, e durante \u00e0 tarde, das 13h \u00e0s 15h.<\/p>\n<p>Com o tema O ser humano e sua intera\u00e7\u00e3o com o universo, o Ponto UFMG \u00e9 composto de um caminh\u00e3o que transporta seis salas interativas. O objetivo da instala\u00e7\u00e3o \u00e9 possibilitar que a sociedade aprimore conhecimentos sobre temas relacionados \u00e0 ci\u00eancia, \u00e0 tecnologia e \u00e0 inova\u00e7\u00e3o. Outras informa\u00e7\u00f5es sobre o museu itinerante podem ser obtidas pelo telefone (31) 3409-5179.<\/p>\n<p>(Fonte: https:\/\/www.ufmg.br\/online\/arquivos\/047514.shtml &#8211; 17\/05\/2017)<\/p>\n<p><a name=\"i6\"><\/a><span style=\"color: #1e73be\"><strong>H\u00e1 20 anos&#8230;<\/strong><\/span><\/p>\n<p>O Sistem\u00e1tico Ano XXI, no 16 , de 22\/05\/1997, publico not\u00edcias sobre 48o ENANUNI, alunos com acesso via Internet, treinamento na ATT, treinamento na NetHouse, curso de VTLS, PowerSoft Brasil Tour 97, entre outras. As not\u00edcias que se destacaram foram:<\/p>\n<p><strong>Libera\u00e7\u00e3o de Servidora<\/strong><\/p>\n<p>Esta semana, est\u00e1 sendo liberada, pela DAC, a rede local do pr\u00e9dio da Unidade Administrativa II, interligando o DPFO e o DM. O processo de libera\u00e7\u00e3o inclui a confec\u00e7\u00e3o das pontas da fibra \u00f3tica, instala\u00e7\u00e3o detransceivers e hubs, defini\u00e7\u00e3o de c\u00f3digos e treinamento dos Agentes de Inform\u00e1tica dos dois locais, Marcelo da Silva Santos (DPFO) e Carlos Alberto de Siqueira (DM) na instala\u00e7\u00e3o do software necess\u00e1rio \u00e0 utiliza\u00e7\u00e3o da rede.<\/p>\n<p>Posteriormente, a intrerliga\u00e7\u00e3o \u00e0 rede deve ser estendida a outros \u00f3rg\u00e3os instalados na UA II, como o SAMS, a FTO e o Laborat\u00f3rio do IGC. A Fundep, por possuir rede pr\u00f3pria, n\u00e3o ser\u00e1 inclu\u00edda neste processo.<\/p>\n<p>O trabalho de libera\u00e7\u00e3o envolveu praticamente toda a equipe t\u00e9cnica da DAC e foi coordenado por Fernando Frota Machado de Morais. O treinamento dos agentes est\u00e1 a cargo de Eug\u00eanio Pacelli Pereira de Souza.<\/p>\n<p><strong>REDE BU<\/strong><\/p>\n<p>Na continuidade do processo de implanta\u00e7\u00e3o da rede local do pr\u00e9dio da Biblioteca Central, foi feito, nesta semana, o treinamento do Agente de Inform\u00e1tica da Editora, C\u00e9sar de Almeida Correia, na instala\u00e7\u00e3o do software necess\u00e1rio \u00e0 utiliza\u00e7\u00e3o da rede.<\/p>\n<p><a name=\"eventos\"><\/a><\/p>\n<h2>Eventos<\/h2>\n<p><a name=\"e1\"><\/a><span style=\"color: #1e73be\"><strong>Sociais<\/strong><\/span><\/p>\n<p><b>ANIVERS\u00c1RIOS: <\/b><i>&#8220;O Sistem\u00e1tico&#8221; envia os parab\u00e9ns para: Leonardo Freitas da Silva Pereira, no dia 24; e para os ex-ceconianos: Eduardo Costa e Silva e Roberto da Silva Bigonha, no dia 19; Bianca Tereza da Silva Alves, no dia 21; Wang Kui Ying, no dia 22; Jonas Fernandes Campos, no dia 23; Lu\u00eds Fernando Terenzi e Oswaldo S\u00e9rgio Farhat de Carvalho, no dia 25.<\/i><\/p>\n<p><a name=\"e2\"><\/a><span style=\"color: #1e73be\"><strong>Mem\u00f3ria Fotogr\u00e1fica do CECOM.sist10_2017-a4<\/strong><\/span><\/p>\n<p>No dia 11\/05\/2017, a Reda\u00e7\u00e3o de O Sistem\u00e1tico homenageou todas as mulheres do CECOM, pelo Dia das M\u00e3es, com a entrega de uma rosa para cada uma. Antes da entrega das rosas, ainda como parte da comemora\u00e7\u00e3o do Dia das M\u00e3es, no dia 10\/05, Maria Helena Rodrigues Ara\u00fajo, copeira do CECOM, sorteou uma bela orqu\u00eddea entre as m\u00e3es e a feliz ganhadora foi Lucimara Lopes, da DDP.<\/p>\n<p>As fotos s\u00e3o de autoria da Lel\u00e9 e de Renato Righi.<\/p>\n<figure id=\"attachment_2180\" aria-describedby=\"caption-attachment-2180\" style=\"width: 330px\" class=\"wp-caption aligncenter\"><img loading=\"lazy\" decoding=\"async\" class=\"size-full wp-image-2180\" src=\"https:\/\/www.ufmg.br\/dti\/wp-content\/uploads\/sites\/2\/2017\/05\/Sist1HE5.jpg\" alt=\"Lucimara recebendo a orqu\u00eddea das m\u00e3os de Maria Helena\" width=\"340\" height=\"321\" \/><figcaption id=\"caption-attachment-2180\" class=\"wp-caption-text\">Lucimara recebendo a orqu\u00eddea das m\u00e3os de Maria Helena<\/figcaption><\/figure>\n<p>&nbsp;<\/p>\n<figure id=\"attachment_2181\" aria-describedby=\"caption-attachment-2181\" style=\"width: 459px\" class=\"wp-caption aligncenter\"><img loading=\"lazy\" decoding=\"async\" class=\"size-full wp-image-2181\" src=\"https:\/\/www.ufmg.br\/dti\/wp-content\/uploads\/sites\/2\/2017\/05\/Sist1HE6.jpg\" alt=\"Ap\u00f3s a entrega das rosas, todas se preparando para a foto oficial do dia\" width=\"469\" height=\"302\" \/><figcaption id=\"caption-attachment-2181\" class=\"wp-caption-text\">Ap\u00f3s a entrega das rosas, todas se preparando para a foto oficial do dia<\/figcaption><\/figure>\n<p>&nbsp;<\/p>\n<figure id=\"attachment_2182\" aria-describedby=\"caption-attachment-2182\" style=\"width: 478px\" class=\"wp-caption aligncenter\"><img loading=\"lazy\" decoding=\"async\" class=\"size-full wp-image-2182\" src=\"https:\/\/www.ufmg.br\/dti\/wp-content\/uploads\/sites\/2\/2017\/05\/Sist1HE7.jpg\" alt=\"A foto oficial das homenageadas com Eliz, C\u00edntia, Lucimara, Rosa, Soraya, Diva, Takeda, Aeda, Karina, Carol Santos, A\u00edda e D\u00f4ra (em p\u00e9); Denise e Lel\u00e9 (agachadas)\" width=\"488\" height=\"344\" \/><figcaption id=\"caption-attachment-2182\" class=\"wp-caption-text\">A foto oficial das homenageadas com Eliz, C\u00edntia, Lucimara, Rosa, Soraya, Diva, Takeda, Aeda, Karina, Carol Santos, A\u00edda e D\u00f4ra (em p\u00e9); Denise e Lel\u00e9 (agachadas)<\/figcaption><\/figure>\n<p>&nbsp;<\/p>\n","protected":false},"excerpt":{"rendered":"<p>Not\u00edcias: DTI participa do XI WTICIFES 2017. CECOM ter\u00e1 representante no Workshop da RFI. Informativo: Ataque de Ransomware na UFMG. Ceconiano recebe pr\u00eamio em Santa Luzia. Tomaz Aroldo da Mota Santos recebe t\u00edtulo de Professor Em\u00e9rito. Palco Livre recebe Quarteto de Viol\u00f5es para recital de M\u00fasica de C\u00e2mara. Caminh\u00e3o-Museu da UFMG recebe visitantes no Campus &#8230; <a title=\"Sistem\u00e1tico: Edi\u00e7\u00e3o 1693 &#8211; 18\/05\/2017\" class=\"read-more\" href=\"https:\/\/www.ufmg.br\/dti\/2017\/05\/19\/sistematico-edicao-1693-18052017\/\" aria-label=\"Read more about Sistem\u00e1tico: Edi\u00e7\u00e3o 1693 &#8211; 18\/05\/2017\">Ler mais<\/a><\/p>\n","protected":false},"author":3,"featured_media":2173,"comment_status":"open","ping_status":"open","sticky":false,"template":"","format":"standard","meta":{"inline_featured_image":false,"footnotes":""},"categories":[15,14,13],"tags":[],"coauthors":[79,58],"class_list":["post-2170","post","type-post","status-publish","format-standard","has-post-thumbnail","hentry","category-area-2-noticias-destaque","category-noticia-detaque3-dti","category-sistematico"],"_links":{"self":[{"href":"https:\/\/www.ufmg.br\/dti\/wp-json\/wp\/v2\/posts\/2170","targetHints":{"allow":["GET"]}}],"collection":[{"href":"https:\/\/www.ufmg.br\/dti\/wp-json\/wp\/v2\/posts"}],"about":[{"href":"https:\/\/www.ufmg.br\/dti\/wp-json\/wp\/v2\/types\/post"}],"author":[{"embeddable":true,"href":"https:\/\/www.ufmg.br\/dti\/wp-json\/wp\/v2\/users\/3"}],"replies":[{"embeddable":true,"href":"https:\/\/www.ufmg.br\/dti\/wp-json\/wp\/v2\/comments?post=2170"}],"version-history":[{"count":0,"href":"https:\/\/www.ufmg.br\/dti\/wp-json\/wp\/v2\/posts\/2170\/revisions"}],"wp:attachment":[{"href":"https:\/\/www.ufmg.br\/dti\/wp-json\/wp\/v2\/media?parent=2170"}],"wp:term":[{"taxonomy":"category","embeddable":true,"href":"https:\/\/www.ufmg.br\/dti\/wp-json\/wp\/v2\/categories?post=2170"},{"taxonomy":"post_tag","embeddable":true,"href":"https:\/\/www.ufmg.br\/dti\/wp-json\/wp\/v2\/tags?post=2170"},{"taxonomy":"author","embeddable":true,"href":"https:\/\/www.ufmg.br\/dti\/wp-json\/wp\/v2\/coauthors?post=2170"}],"curies":[{"name":"wp","href":"https:\/\/api.w.org\/{rel}","templated":true}]}}