{"id":2321,"date":"2017-06-26T12:00:37","date_gmt":"2017-06-26T15:00:37","guid":{"rendered":"https:\/\/www.ufmg.br\/dti\/cecom\/?p=2321"},"modified":"2017-06-26T12:00:37","modified_gmt":"2017-06-26T15:00:37","slug":"sistematico-edicao-1698-22062017","status":"publish","type":"post","link":"https:\/\/www.ufmg.br\/dti\/2017\/06\/26\/sistematico-edicao-1698-22062017\/","title":{"rendered":"Sistem\u00e1tico: Edi\u00e7\u00e3o 1698 &#8211; 22\/06\/2017"},"content":{"rendered":"<p><a href=\"\/dti\/#noticias\">Not\u00edcias:<\/a><\/p>\n<ul>\n<li><a href=\"\/dti\/#n1\">Arquitetura mainframe \u00e9 desativada na UFMG ap\u00f3s 40 anos.<\/a><\/li>\n<li><a href=\"\/dti\/#n2\">CECOM resgata o &#8220;Bate Papo T\u00e9cnico&#8221;.<\/a><\/li>\n<li><a href=\"\/dti\/#n3\">CECOM comemora os 40 anos de O Sistem\u00e1tico.<\/a><\/li>\n<\/ul>\n<p><a href=\"\/dti\/#informativo\">Informativo:<\/a><\/p>\n<ul>\n<li><a href=\"\/dti\/#i1\">PRA divulga altera\u00e7\u00e3o na circula\u00e7\u00e3o de ve\u00edculos no Campus Pampulha.<\/a><\/li>\n<li><a href=\"\/dti\/#i2\">PRORH disponibiliza novos modelos de formul\u00e1rios de abono de ponto e folha mensal.<\/a><\/li>\n<li><a href=\"\/dti\/#i3\">H\u00e1 20 anos&#8230;<\/a><\/li>\n<\/ul>\n<p><a href=\"\/dti\/#eventos\">Eventos:<\/a><\/p>\n<ul>\n<li><a href=\"\/dti\/#e1\">Sociais.<\/a><\/li>\n<li><a href=\"\/dti\/#e2\">Mem\u00f3ria Fotogr\u00e1fica do CECOM.<\/a><\/li>\n<\/ul>\n<p><img loading=\"lazy\" decoding=\"async\" class=\"alignnone size-full wp-image-1663\" src=\"https:\/\/www.ufmg.br\/dti\/wp-content\/uploads\/sites\/2\/2016\/10\/pdf.png\" alt=\"pdf\" width=\"25\" height=\"25\" \/>\u00a0<a href=\"https:\/\/www.ufmg.br\/dti\/wp-content\/uploads\/sites\/2\/2017\/06\/Sist15_2017-A4.pdf\" target=\"_blank\">Vers\u00e3o em PDF<\/a><\/p>\n<p><a name=\"noticias\"><\/a><\/p>\n<h2>Noticias<\/h2>\n<p><a name=\"n1\"><\/a><span style=\"color: #1e73be\"><strong>Arquitetura mainframe \u00e9 desativada na UFMG ap\u00f3s 40 anos<\/strong><\/span><\/p>\n<p>Na tarde do \u00faltimo dia 14 de junho, dentro da programa\u00e7\u00e3o de comemora\u00e7\u00e3o dos 40 anos de O Sistem\u00e1tico, foi desativado &#8220;simbolicamente&#8221; o computador mainframe Libra, chamado pelos usu\u00e1rios de Plenus.<\/p>\n<p>Na verdade, o Plenus era o programa emulador de terminal que permitia o acesso ao mainframe. O Libra, por sua vez, era um computador com arquitetura de processadores Intel que, por meio de um software espec\u00edfico, emulava o ambiente dos antigos mainframes, permitindo que os sistemas desenvolvidos nos anos 90 e no in\u00edcio deste s\u00e9culo permanecessem ativos.<\/p>\n<p>O mainframe j\u00e1 estava desligado desde o dia 16 de abril, j\u00e1 que os contratos com as empresas Unisys e Spread expiraram no dia anterior.<\/p>\n<p>No ato do desligamento estiveram presentes Carlos Alfeu Furtado da Fonseca, da DGE, Helv\u00e9cio Cossenzo Pinto, Marco T\u00falio Domingues do Amaral, Geraldo Martins da Costa, Alan Calazans, Ronaldo Campolina, todos da equipe da DCP, al\u00e9m de Maria Jos\u00e9 Cortezzi, da DAA e a ex-vice-diretora do Cecom, M\u00e1rcia Regina Lemos.<\/p>\n<p>Com o objetivo de viabilizar a desativa\u00e7\u00e3o do ambiente mainframe, eliminando seus custos financeiros e permitindo melhor governan\u00e7a \u00e0 institui\u00e7\u00e3o, foi aberto pelo Cecom um Plano de A\u00e7\u00e3o espec\u00edfico, em novembro de 2015, que foi encerrado em 15 de abril de 2017.<\/p>\n<p>Este Plano de A\u00e7\u00e3o buscava organizar as avalia\u00e7\u00f5es, os estudos, o planejamento de desenvolvimento e implanta\u00e7\u00e3o de novos sistemas e o alinhamento dos diversos projetos direta ou indiretamente relacionados, para tornar poss\u00edvel a desativa\u00e7\u00e3o do ambiente mainframe.<\/p>\n<p>Participaram deste Plano, sob a coordena\u00e7\u00e3o de Carlos Alfeu, os analistas Jo\u00e3o Carlos Lages, Raimundo Natalino Chaves, M\u00e1rio Magalh\u00e3es Lara, Ronaldo Ara\u00fajo Costa e Luiz Eug\u00eanio de Almeida Oliveira. Al\u00e9m destes, participaram em projetos conduzidos em paralelo, que permitiram a migra\u00e7\u00e3o dos sistemas, Maximiliano Luiz Souza Guimar\u00e3es, Erlon Charles Thomaz Ferreira, Renato Ant\u00f4nio Veneroso da Fonseca, Leonardo Freitas da Silva Pereira, Walison Dias da Silva, Thiago Tadeu Rodrigues Moreira, Luiz Alberto Alberto Borges J\u00fanior, Alan Jovane Vila\u00e7a, Hugo de Souza Vellozo, Poliana Lopes Fialho, Marcos de Almeida Alves, os estagi\u00e1rios Wilson Moreira Tavares, Francisco Malaguti M. J\u00fanior e Pedro Henrique V. Nascimento (DDP), al\u00e9m de Paulo Henrique de Ara\u00fajo Abreu (DAC).<\/p>\n<p>A chegada do primeiro mainframe da marca Unisys \u00e0 UFMG data de meados dos anos 70 do s\u00e9culo passado, em 1975. Era um modelo Burroughs B6700, anterior \u00e0 mudan\u00e7a de nome da empresa, que ocorreu na segunda metade da d\u00e9cada posterior. Neste computador eram processadas todas as demandas computacionais da universidade, fossem elas administrativas ou acad\u00eamicas.<\/p>\n<p>Em 1987, j\u00e1 cuidando somente das demandas administrativas, o B6700 foi substitu\u00eddo por um modelo A10. Este, por sua vez, foi dualizado (processador e mem\u00f3ria) no in\u00edcio dos anos 90, em abril de 1992.<\/p>\n<p>Ao final dessa d\u00e9cada, vulner\u00e1vel que estava ao bug do ano 2000, o A10 dual foi substitu\u00eddo por um LX5320, em agosto de 1999. A partir de ent\u00e3o, a grande m\u00e1quina foi trocada por uma plataforma Intel, que possu\u00eda software que emulava o ambiente mainframe.<\/p>\n<p>Este modelo perdurou at\u00e9 abril de 2016.<\/p>\n<p>O LX, a partir de janeiro de 2006, deu lugar ao modelo Libra 300 e, posteriormente, no in\u00edcio de 2012, ao Libra 450, que era o menor mainframe instalado pela Unisys no Brasil.<\/p>\n<p>Como framework para desenvolvimento de sistemas na plataforma mainframe, bem como para a gest\u00e3o do ambiente dos sistemas instalados, integra\u00e7\u00e3o com base de dados e cadastramento de usu\u00e1rios, o Cecom utilizava desde 1987 o software SADS, propriedade da empresa Spread, que adquiriu a antiga empresa MSA Infor que foi sua criadora.<\/p>\n<p>A desativa\u00e7\u00e3o do mainframe permitiu \u00e0 UFMG uma redu\u00e7\u00e3o imediata dos custos anuais de TI em cerca de R$600.000,00 anuais. Esta redu\u00e7\u00e3o j\u00e1 est\u00e1 surtindo efeitos a partir do fim dois contratos que estavam em vigor com as empresas Unisys e Spread.<\/p>\n<p>Para a viabiliza\u00e7\u00e3o do Plano de A\u00e7\u00e3o e da desativa\u00e7\u00e3o foi fundamental a participa\u00e7\u00e3o dos usu\u00e1rios, principalmente, o DRCA, a Prograd, a ProRH, o DAP e o DLO.<\/p>\n<p>Ao longo dos \u00faltimos anos, para permitir a desativa\u00e7\u00e3o do mainframe, diversos sistemas j\u00e1 haviam migrado de plataforma. As mais recentes migra\u00e7\u00f5es foram poss\u00edveis com a implanta\u00e7\u00e3o do SIGA (2013), do CPAV (2014), do Aux\u00edlio-transporte, do WebFerias e do PesCad, estes \u00faltimos implantados em 2017.<\/p>\n<figure id=\"attachment_2323\" aria-describedby=\"caption-attachment-2323\" style=\"width: 490px\" class=\"wp-caption aligncenter\"><img loading=\"lazy\" decoding=\"async\" class=\"size-full wp-image-2323\" src=\"https:\/\/www.ufmg.br\/dti\/wp-content\/uploads\/sites\/2\/2017\/06\/Sist1HE3-2.jpg\" alt=\"A desativa\u00e7\u00e3o simb\u00f3lica do Libra com Carlos Alfeu, Helv\u00e9cio, Marco T\u00falio, Geraldo, M\u00e1rcia Lemos, Alan Calazans e Ronaldo Campolina\" width=\"500\" height=\"375\" \/><figcaption id=\"caption-attachment-2323\" class=\"wp-caption-text\">A desativa\u00e7\u00e3o simb\u00f3lica do Libra com Carlos Alfeu, Helv\u00e9cio, Marco T\u00falio, Geraldo, M\u00e1rcia Lemos, Alan Calazans e Ronaldo Campolina<\/figcaption><\/figure>\n<p>&nbsp;<\/p>\n<p><a name=\"n2\"><\/a><span style=\"color: #1e73be\"><strong>CECOM resgata o &#8220;Bate Papo T\u00e9cnico&#8221;<\/strong><\/span><\/p>\n<p>Amanh\u00e3, sexta feira, dia 23 de junho, acontecer\u00e1 um encontro, \u00e0s 14h30, das equipes t\u00e9cnicas do CECOM na sala de reuni\u00f5es do subsolo. Neste encontro est\u00e1 sendo resgatado o termo &#8220;Bate Papo T\u00e9cnico&#8221;, que era um evento de ocorr\u00eancia ocasional, realizado nos anos 90, nos quais se discutia sobre tend\u00eancias tecnol\u00f3gicas e se divulgava os projetos em andamento no Centro.<\/p>\n<p>O objetivo principal, para este encontro de amanh\u00e3, \u00e9 realizar uma esp\u00e9cie de &#8220;presta\u00e7\u00e3o de contas&#8221; das participa\u00e7\u00f5es recentes de Carlos Alfeu Furtado da Fonseca, Karina Flaviana Ribeiro, Patr\u00edcia Nascimento Silva e Josemar Pereira dos Santos em eventos externos, disseminando conhecimentos e experi\u00eancias.<\/p>\n<p>Na oportunidade ser\u00e3o feitas as seguintes apresenta\u00e7\u00f5es curtas (20 minutos cada), com a possibilidade de perguntas ao final de cada uma delas (10 minutos cada):<\/p>\n<p>&#8211; Tend\u00eancias de Nuvem &#8211; Carlos Alfeu Furtado da Fonseca<\/p>\n<p>&#8211; Escrit\u00f3rio de Projetos &#8211; Karina Flaviana Ribeiro<\/p>\n<p>&#8211; Armaz\u00e9m de Dados &#8211; Patr\u00edcia Nascimento Silva e Josemar Pereira dos Santos<\/p>\n<p>&#8211; Palestras do WTICIfes &#8211; Patr\u00edcia Nascimento, Josemar Santos e Karina Ribeiro.<\/p>\n<p><a name=\"n3\"><\/a><span style=\"color: #1e73be\"><strong>CECOM comemora os 40 anos de O Sistem\u00e1tico<\/strong><\/span><\/p>\n<p>A comemora\u00e7\u00e3o do 40\u00ba anivers\u00e1rio de O Sistem\u00e1tico foi uma festa promovida com salgados trazidos pela Xina, bolo com o desenho do Sistem\u00e1tico oferecido pela QQ, bolo Floresta Negra cedido pela Lel\u00e9 e refrigerantes doados por todos do CECOM. Funcion\u00e1rios e estagi\u00e1rios colaboraram e participaram!<\/p>\n<p>No dia 14 de junho, o CECOM comemorou a data antecipada do anivers\u00e1rio do Sist, que \u00e9 no dia 16 de junho, com a presen\u00e7a de quase todos os ceconianos e com os ex-ceconianos Cleuza Maria Bento, Aleixina Maria Lopes Andal\u00e9cio, M\u00e1rcia Regina Lemos, Dilma Trivelli Pimenta Sandrin, Renato Machado Righi e Rubens Crispim da Silva.<\/p>\n<p>A vela do bolo foi apagada por Lel\u00e9, Carlos Alfeu, Xina e QQ e o ponto alto do evento foi a entrega para a Lel\u00e9 do mascote do Sistem\u00e1tico. Idealizado e projetado pela Rosa, a confec\u00e7\u00e3o do mascote contou com o apoio da Takeda. Ningu\u00e9m poderia imaginar que o desenho do Sistem\u00e1tico iria se transformar em um boneco que conquistaria a todos, de t\u00e3o perfeito que ficou. \u00a0O material fotogr\u00e1fico do evento, sob a responsabilidade de Renato Righi, ainda n\u00e3o chegou \u00e0 Reda\u00e7\u00e3o e, na pr\u00f3xima semana, ser\u00e3o divulgadas suas primeiras fotos.<\/p>\n<p>Parab\u00e9ns ao CECOM, aos ceconianos, aos ex-ceconianos e amigos que estiveram presentes \u00e0 comemora\u00e7\u00e3o!<\/p>\n<figure id=\"attachment_2327\" aria-describedby=\"caption-attachment-2327\" style=\"width: 490px\" class=\"wp-caption aligncenter\"><img loading=\"lazy\" decoding=\"async\" class=\"size-full wp-image-2327\" src=\"https:\/\/www.ufmg.br\/dti\/wp-content\/uploads\/sites\/2\/2017\/06\/Sist1HE4-2.jpg\" alt=\"Os bolos de O Sistem\u00e1tico\" width=\"500\" height=\"888\" \/><figcaption id=\"caption-attachment-2327\" class=\"wp-caption-text\">Os bolos de O Sistem\u00e1tico<\/figcaption><\/figure>\n<p>&nbsp;<\/p>\n<figure id=\"attachment_2328\" aria-describedby=\"caption-attachment-2328\" style=\"width: 461px\" class=\"wp-caption aligncenter\"><img loading=\"lazy\" decoding=\"async\" class=\"size-full wp-image-2328\" src=\"https:\/\/www.ufmg.br\/dti\/wp-content\/uploads\/sites\/2\/2017\/06\/Sist1HE5-2.jpg\" alt=\"Marco T\u00falio, QQ, o mascote e Lel\u00e9\" width=\"471\" height=\"668\" \/><figcaption id=\"caption-attachment-2328\" class=\"wp-caption-text\">Marco T\u00falio, QQ, o mascote e Lel\u00e9<\/figcaption><\/figure>\n<p><a name=\"informativo\"><\/a><\/p>\n<h2>Informativo<\/h2>\n<p><a name=\"i1\"><\/a><span style=\"color: #1e73be\"><strong>PRA divulga altera\u00e7\u00e3o na circula\u00e7\u00e3o de ve\u00edculos no Campus Pampulha<\/strong><\/span><\/p>\n<p>Desde o dia 15 de junho, a circula\u00e7\u00e3o e o estacionamento de ve\u00edculos na regi\u00e3o central do Campus Pampulha est\u00e3o alterados. Isto est\u00e1 acontecendo em virtude da montagem de estruturas espec\u00edficas para as atividades da 69a Reuni\u00e3o Anual da Sociedade Brasileira para o Progresso da Ci\u00eancia (SBPC) no gramado em frente ao pr\u00e9dio da Reitoria e no gramado da Faculdade de Ci\u00eancias Econ\u00f4micas. A altera\u00e7\u00e3o ir\u00e1 at\u00e9 o dia 15 de julho.<\/p>\n<p>Ao lado, o mapa da regi\u00e3o central do Campus Pampulha com a indica\u00e7\u00e3o das vias que ser\u00e3o interditadas para o tr\u00e2nsito (linhas tracejadas), aquelas em que n\u00e3o ser\u00e1 permitido estacionar (em rosa, com as placas) e o sentido de circula\u00e7\u00e3o dos ve\u00edculos.<\/p>\n<p>Oportunamente, a PRA informar\u00e1 as altera\u00e7\u00f5es na circula\u00e7\u00e3o de ve\u00edculos durante o per\u00edodo de realiza\u00e7\u00e3o da SBPC, de 16 a 22 de julho.<\/p>\n<p><img loading=\"lazy\" decoding=\"async\" class=\"alignnone size-full wp-image-2326 aligncenter\" src=\"https:\/\/www.ufmg.br\/dti\/wp-content\/uploads\/sites\/2\/2017\/06\/SistWMF2.jpg\" alt=\"mapa ufmg\" width=\"350\" height=\"265\" \/><\/p>\n<p>&nbsp;<\/p>\n<p><a name=\"i2\"><\/a><span style=\"color: #1e73be\"><strong>PRORH disponibiliza novos modelos de formul\u00e1rios de abono de ponto e folha mensal<\/strong><\/span><\/p>\n<p>O DAP\/ProRH divulgou que, desde o dia 20\/06\/2017 encontram-se dispon\u00edveis no site da PRORH o novo formul\u00e1rio de abono de ponto e folhas de ponto mensais. Eles se encontram no endere\u00e7o: https:\/\/www.ufmg. br\/prorh\/registro-de-ponto\/.<\/p>\n<p>O novo formul\u00e1rio de abono de ponto est\u00e1 disponibilizado em planilha Excel, facilitando seu preenchimento. Todos os<\/p>\n<p>abonos ser\u00e3o digitados e o servidor poder\u00e1, na mesma folha, elencar v\u00e1rios assuntos.<\/p>\n<p>O modelo em Excel de registro de ponto manual est\u00e1 dispon\u00edvel em 02 vers\u00f5es. Uma para quem faz 40 horas semanais e outro modelo para 30 e 20 horas semanais. Esta folha dever\u00e1 ser utilizada nos seguintes casos: servidor novato, servidor removido que ainda n\u00e3o registra seu ponto eletronicamente,<\/p>\n<p>servidor liberado de registrar ponto (como, por exemplo, servidor estudante, motorista etc), entre outros casos.<\/p>\n<p>Com rela\u00e7\u00e3o \u00e0s f\u00e9rias, o DAP informa que ap\u00f3s o encerramento do PLENUS, os per\u00edodos de f\u00e9rias dos servidores n\u00e3o est\u00e3o sendo carregadas no SISCAF. At\u00e9 que este problema seja solucionado, a Se\u00e7\u00e3o de Pessoal ser\u00e1 encarregada por fazer estes lan\u00e7amentos.<\/p>\n<p>&nbsp;<\/p>\n<p><a name=\"i3\"><\/a><span style=\"color: #1e73be\"><strong>H\u00e1 20 anos&#8230;<\/strong><\/span><\/p>\n<p>O Sistem\u00e1tico Ano XXI, no 20, de 26\/06\/1997, publicou not\u00edcias sobre apresenta\u00e7\u00e3o do Collegium &#8211; Sistema Integrado de Gerenciamento Escolar, Sistema SICCA, treinamento Cliente\/Servidor, Sucesu 97, semin\u00e1rio da SCO, disponibilidade das servidoras, IV Arrai\u00e1 do Byte Coxa, entre outras. A not\u00edcia que se destacou foi:<\/p>\n<p><strong>PROJETO ANO 2000<\/strong><\/p>\n<p>Iniciaram-se, esta semana, na ter\u00e7a-feira, as atividades do Projeto Ano 2000, que ser\u00e3o executadas em parceria com a empresa MSA Infor.<\/p>\n<p>Esta reuni\u00e3o inicial definiu aspectos b\u00e1sicos do projeto, expectativas das partes, \u00e1reas de atua\u00e7\u00e3o de cada grupo de trabalho e profissionais envolvidos por parte do CECOM e da MSA.<\/p>\n<p>Estiveram presentes: Donizete de Abreu Boenio, Eduardo Jos\u00e9 Seba e Guilherme Couto Soares, da MSA Infor; Carlos Alfeu Furtado da Fonseca, Ana L\u00facia Ribeiro Diniz e Regina Helena Moura Brandi, do CECOM.<\/p>\n<p>As reuni\u00f5es t\u00e9cnicas tiveram in\u00edcio nesta quinta-feira, com a participa\u00e7\u00e3o de Eduardo Seba, Guilherme Soares,<\/p>\n<p>Regina Brandi e Maria Beatriz de Souza Pereira Prado.<\/p>\n<p>A expectativa \u00e9 que, ao final do m\u00eas de setembro, seja produzido, como resultado deste trabalho conjunto, um diagn\u00f3stico com planejamento estrat\u00e9gico para tratamento do problema, feito a partir de um invent\u00e1rio e avalia\u00e7\u00e3o da base instalada de sistemas SADS na UFMG.<\/p>\n<p>&nbsp;<\/p>\n<p><a name=\"eventos\"><\/a><\/p>\n<h2>Eventos<\/h2>\n<p><a name=\"e1\"><\/a><span style=\"color: #1e73be\"><strong>Sociais<\/strong><\/span><\/p>\n<p><strong>ANIVERS\u00c1RIOS:<\/strong> &#8220;O Sistem\u00e1tico&#8221; envia os parab\u00e9ns para Rodrigo Couto Zeferino, no dia 26; Carlos Roberto Alves Rodrigues, no dia 28; Pedro Henrique Begalli Rezende, no dia 29; e para os ex-ceconianos: Celso de Souza Lima, Marcos Aur\u00e9lio Nunes de Morais e Ros\u00e2ngela Martins de Matos, no dia 22; Maria Tereza Gon\u00e7alves Diniz, no dia 23; Eliane das Gra\u00e7as Alves Cavalcanti e Jos\u00e9 Jo\u00e3o Teixeira, no dia 24; Dilma Trivelli Pimenta Sandrin, no dia 25; Ambr\u00f3sio Alves Moreira Santos, \u00c2ngela Lage Ribeiro, Jos\u00e9 Eduardo Valle Santos e Ruana Keith da Cunha Lopes, no dia 26; Bruno Vieira dos Santos e Juliano Dantas Santos, no dia 27; Daniel Angelo Avelino e Vicente Tadeu Lopes Buono, no dia 28.<\/p>\n<p><strong>MENSAGEM DE DESPEDIDA DA EDIR:<\/strong> No dia 08\/06\/2017, Edir Cabral de Lacerda Ferreira enviou a seguinte mensagem, ap\u00f3s a sua aposentadoria, para todos do CECOM: Prezada fam\u00edlia Ceconiana, gosto muito do texto de Cora Coralina: &#8220;Sou feita de retalhos&#8221; e com ele quero ilustrar o meu percurso na UFMG e principalmente no CECOM.<\/p>\n<p><em>&#8220;Pedacinhos coloridos de cada vida que passa pela minha e que vou costurando na alma. Nem sempre bonitos, nem sempre felizes, mas me acrescentam e me fazem ser quem eu sou. Em cada encontro, em cada contato, vou ficando maior\u2026 Em cada retalho, uma vida, uma li\u00e7\u00e3o, um carinho, uma saudade\u2026que me tornam mais pessoa, mais humana, mais completa. E penso que \u00e9 assim mesmo que a vida se faz: de peda\u00e7os de outras gentes que v\u00e3o se tornando parte da gente tamb\u00e9m. E a melhor parte \u00e9 que nunca estaremos prontos, finalizados\u2026 haver\u00e1 sempre um retalho novo para adicionar \u00e0 alma. Portanto, obrigada a cada um de voc\u00eas, que fazem parte da minha vida e que me permitem engrandecer minha hist\u00f3ria com os retalhos deixados em mim. Que eu tamb\u00e9m possa deixar pedacinhos de mim pelos caminhos e que eles possam ser parte das suas hist\u00f3rias. E que assim, de retalho em retalho, possamos nos tornar, um dia, um imenso bordado de `n\u00f3s&#8217;.&#8221; <\/em>Cora Coralina<\/p>\n<p>Agrade\u00e7o a Deus por ter vivido e convivido vinte e sete anos na UFMG e a todos sou grata pelo companheirismo, amizade e pelos ensinamentos, deixando e levando saudades. Uma caminhada feita com muita dedica\u00e7\u00e3o, profissionalismo, amizade, seriedade e acima de tudo, muito amor. Certa de ter cumprido, com dignidade, o que propus quando entrei para o servi\u00e7o p\u00fablico, despe\u00e7o-me de todos, com carinho, sem mencionar nomes, pois cada um sabe qual \u00e9 o lugar ocupado, do\u00a8retalho\u00a8 que foi costurado nesta &#8220;colcha de retalhos&#8221;. Abra\u00e7os a todos e at\u00e9 breve. Fiquem com Deus.<\/p>\n<p><a name=\"e2\"><\/a><span style=\"color: #1e73be\"><strong>Mem\u00f3ria Fotogr\u00e1fica do CECOM<\/strong><\/span><\/p>\n<p>Em vista dos \u00faltimos eventos ocorridos no CECOM, O Sistem\u00e1tico ter\u00e1, nas pr\u00f3ximas semanas, material fotogr\u00e1fico \u00e0 vontade para colocar na se\u00e7\u00e3o de mem\u00f3ria do jornal. Nesta semana, foi escolhido o primeiro evento, no dia 08\/06\/2017, que foi a despedida da Edir e do Renato Righi, ap\u00f3s as aposentadorias ocorridas em maio\/2017. O evento, patrocinado por Fernando Frota e Ant\u00f4nio Carlos, foi organizado pela Takeda. As fotos s\u00e3o de autoria da Lel\u00e9.<\/p>\n<figure id=\"attachment_2329\" aria-describedby=\"caption-attachment-2329\" style=\"width: 404px\" class=\"wp-caption aligncenter\"><img loading=\"lazy\" decoding=\"async\" class=\"size-full wp-image-2329\" src=\"https:\/\/www.ufmg.br\/dti\/wp-content\/uploads\/sites\/2\/2017\/06\/Sist1HE6-2.jpg\" alt=\"Edir e Renato Righi\" width=\"414\" height=\"363\" \/><figcaption id=\"caption-attachment-2329\" class=\"wp-caption-text\">Edir e Renato Righi<\/figcaption><\/figure>\n<p>&nbsp;<\/p>\n<figure id=\"attachment_2330\" aria-describedby=\"caption-attachment-2330\" style=\"width: 455px\" class=\"wp-caption aligncenter\"><img loading=\"lazy\" decoding=\"async\" class=\"size-full wp-image-2330\" src=\"https:\/\/www.ufmg.br\/dti\/wp-content\/uploads\/sites\/2\/2017\/06\/Sist1HE7-1.jpg\" alt=\"Edir, Renato Righi, Ivan e Pedro Begalli\" width=\"465\" height=\"321\" \/><figcaption id=\"caption-attachment-2330\" class=\"wp-caption-text\">Edir, Renato Righi, Ivan e Pedro Begalli<\/figcaption><\/figure>\n<p>&nbsp;<\/p>\n<figure id=\"attachment_2331\" aria-describedby=\"caption-attachment-2331\" style=\"width: 394px\" class=\"wp-caption aligncenter\"><img loading=\"lazy\" decoding=\"async\" class=\"size-full wp-image-2331\" src=\"https:\/\/www.ufmg.br\/dti\/wp-content\/uploads\/sites\/2\/2017\/06\/Sist1HE8-1.jpg\" alt=\"Edir e Ant\u00f4nio Carlos\" width=\"404\" height=\"321\" \/><figcaption id=\"caption-attachment-2331\" class=\"wp-caption-text\">Edir e Ant\u00f4nio Carlos<\/figcaption><\/figure>\n<p>&nbsp;<\/p>\n<figure id=\"attachment_2332\" aria-describedby=\"caption-attachment-2332\" style=\"width: 431px\" class=\"wp-caption aligncenter\"><img loading=\"lazy\" decoding=\"async\" class=\"size-full wp-image-2332\" src=\"https:\/\/www.ufmg.br\/dti\/wp-content\/uploads\/sites\/2\/2017\/06\/Sist1HE9-1.jpg\" alt=\"Renato Righi, Pedro Begalli, C\u00edntia e Ivan\" width=\"441\" height=\"346\" \/><figcaption id=\"caption-attachment-2332\" class=\"wp-caption-text\">Renato Righi, Pedro Begalli, C\u00edntia e Ivan<\/figcaption><\/figure>\n<p>&nbsp;<\/p>\n<figure id=\"attachment_2333\" aria-describedby=\"caption-attachment-2333\" style=\"width: 487px\" class=\"wp-caption aligncenter\"><img loading=\"lazy\" decoding=\"async\" class=\"size-full wp-image-2333\" src=\"https:\/\/www.ufmg.br\/dti\/wp-content\/uploads\/sites\/2\/2017\/06\/Sist1H10.jpg\" alt=\"A presen\u00e7a dos ceconianos\" width=\"497\" height=\"262\" \/><figcaption id=\"caption-attachment-2333\" class=\"wp-caption-text\">A presen\u00e7a dos ceconianos<\/figcaption><\/figure>\n<p>&nbsp;<\/p>\n<figure id=\"attachment_2334\" aria-describedby=\"caption-attachment-2334\" style=\"width: 457px\" class=\"wp-caption aligncenter\"><img loading=\"lazy\" decoding=\"async\" class=\"size-full wp-image-2334\" src=\"https:\/\/www.ufmg.br\/dti\/wp-content\/uploads\/sites\/2\/2017\/06\/SistHE10-1.jpg\" alt=\"Josemar, Maria Helena, Ana, Ivan, Ant\u00f4nio Higino e Diego Brand\u00e3o\" width=\"467\" height=\"306\" \/><figcaption id=\"caption-attachment-2334\" class=\"wp-caption-text\">Josemar, Maria Helena, Ana, Ivan, Ant\u00f4nio Higino e Diego Brand\u00e3o<\/figcaption><\/figure>\n<p>&nbsp;<\/p>\n<figure id=\"attachment_2335\" aria-describedby=\"caption-attachment-2335\" style=\"width: 477px\" class=\"wp-caption aligncenter\"><img loading=\"lazy\" decoding=\"async\" class=\"size-full wp-image-2335\" src=\"https:\/\/www.ufmg.br\/dti\/wp-content\/uploads\/sites\/2\/2017\/06\/SistHE11-1.jpg\" alt=\"Rosa e Takeda cortando o bolo, vendose Jos\u00e9 Osvaldo, Carol Diniz, Adair e Renato Adriano\" width=\"487\" height=\"311\" \/><figcaption id=\"caption-attachment-2335\" class=\"wp-caption-text\">Rosa e Takeda cortando o bolo, vendose Jos\u00e9 Osvaldo, Carol Diniz, Adair e Renato Adriano<\/figcaption><\/figure>\n<p>&nbsp;<\/p>\n<figure id=\"attachment_2336\" aria-describedby=\"caption-attachment-2336\" style=\"width: 420px\" class=\"wp-caption aligncenter\"><img loading=\"lazy\" decoding=\"async\" class=\"size-full wp-image-2336\" src=\"https:\/\/www.ufmg.br\/dti\/wp-content\/uploads\/sites\/2\/2017\/06\/SistHE12-1.jpg\" alt=\"Ant\u00f4nio Carlos, Edir, Frota e Renato Righi\" width=\"430\" height=\"314\" \/><figcaption id=\"caption-attachment-2336\" class=\"wp-caption-text\">Ant\u00f4nio Carlos, Edir, Frota e Renato Righi<\/figcaption><\/figure>\n<p>&nbsp;<\/p>\n<figure id=\"attachment_2337\" aria-describedby=\"caption-attachment-2337\" style=\"width: 352px\" class=\"wp-caption aligncenter\"><img loading=\"lazy\" decoding=\"async\" class=\"size-full wp-image-2337\" src=\"https:\/\/www.ufmg.br\/dti\/wp-content\/uploads\/sites\/2\/2017\/06\/SistHE13-1.jpg\" alt=\"A despedida da Edir\" width=\"362\" height=\"335\" \/><figcaption id=\"caption-attachment-2337\" class=\"wp-caption-text\">A despedida da Edir<\/figcaption><\/figure>\n<p>&nbsp;<\/p>\n<p>&nbsp;<\/p>\n","protected":false},"excerpt":{"rendered":"<p>Not\u00edcias: Arquitetura mainframe \u00e9 desativada na UFMG ap\u00f3s 40 anos. CECOM resgata o &#8220;Bate Papo T\u00e9cnico&#8221;. CECOM comemora os 40 anos de O Sistem\u00e1tico. Informativo: PRA divulga altera\u00e7\u00e3o na circula\u00e7\u00e3o de ve\u00edculos no Campus Pampulha. PRORH disponibiliza novos modelos de formul\u00e1rios de abono de ponto e folha mensal. H\u00e1 20 anos&#8230; Eventos: Sociais. Mem\u00f3ria Fotogr\u00e1fica &#8230; <a title=\"Sistem\u00e1tico: Edi\u00e7\u00e3o 1698 &#8211; 22\/06\/2017\" class=\"read-more\" href=\"https:\/\/www.ufmg.br\/dti\/2017\/06\/26\/sistematico-edicao-1698-22062017\/\" aria-label=\"Read more about Sistem\u00e1tico: Edi\u00e7\u00e3o 1698 &#8211; 22\/06\/2017\">Ler mais<\/a><\/p>\n","protected":false},"author":3,"featured_media":2323,"comment_status":"open","ping_status":"open","sticky":false,"template":"","format":"standard","meta":{"inline_featured_image":false,"footnotes":""},"categories":[15,14,13],"tags":[],"coauthors":[79,58],"class_list":["post-2321","post","type-post","status-publish","format-standard","has-post-thumbnail","hentry","category-area-2-noticias-destaque","category-noticia-detaque3-dti","category-sistematico"],"_links":{"self":[{"href":"https:\/\/www.ufmg.br\/dti\/wp-json\/wp\/v2\/posts\/2321","targetHints":{"allow":["GET"]}}],"collection":[{"href":"https:\/\/www.ufmg.br\/dti\/wp-json\/wp\/v2\/posts"}],"about":[{"href":"https:\/\/www.ufmg.br\/dti\/wp-json\/wp\/v2\/types\/post"}],"author":[{"embeddable":true,"href":"https:\/\/www.ufmg.br\/dti\/wp-json\/wp\/v2\/users\/3"}],"replies":[{"embeddable":true,"href":"https:\/\/www.ufmg.br\/dti\/wp-json\/wp\/v2\/comments?post=2321"}],"version-history":[{"count":0,"href":"https:\/\/www.ufmg.br\/dti\/wp-json\/wp\/v2\/posts\/2321\/revisions"}],"wp:attachment":[{"href":"https:\/\/www.ufmg.br\/dti\/wp-json\/wp\/v2\/media?parent=2321"}],"wp:term":[{"taxonomy":"category","embeddable":true,"href":"https:\/\/www.ufmg.br\/dti\/wp-json\/wp\/v2\/categories?post=2321"},{"taxonomy":"post_tag","embeddable":true,"href":"https:\/\/www.ufmg.br\/dti\/wp-json\/wp\/v2\/tags?post=2321"},{"taxonomy":"author","embeddable":true,"href":"https:\/\/www.ufmg.br\/dti\/wp-json\/wp\/v2\/coauthors?post=2321"}],"curies":[{"name":"wp","href":"https:\/\/api.w.org\/{rel}","templated":true}]}}