{"id":2503,"date":"2017-11-03T12:07:23","date_gmt":"2017-11-03T14:07:23","guid":{"rendered":"https:\/\/www.ufmg.br\/dti\/cecom\/?p=2503"},"modified":"2017-11-03T12:07:23","modified_gmt":"2017-11-03T14:07:23","slug":"sistematico-edicao-1711-26102017","status":"publish","type":"post","link":"https:\/\/www.ufmg.br\/dti\/2017\/11\/03\/sistematico-edicao-1711-26102017\/","title":{"rendered":"Sistem\u00e1tico: Edi\u00e7\u00e3o 1711 &#8211; 26\/10\/2017"},"content":{"rendered":"<p><a href=\"\/dti\/#noticias\">Not\u00edcias:<\/a><\/p>\n<ul>\n<li><a href=\"\/dti\/#n1\">DTI participa do evento comemorativo de 25 anos da RNP.<\/a><\/li>\n<li><a href=\"\/dti\/#n2\">RNP avan\u00e7a no Projeto Nuvem.<\/a><\/li>\n<li><a href=\"\/dti\/#n3\">Vice-Diretora do CECOM participa de curso de Elabora\u00e7\u00e3o de PDTI.<\/a><\/li>\n<li><a href=\"\/dti\/#n4\">CECOM recebe a visita de candidatos a Reitor.<\/a><\/li>\n<\/ul>\n<p><a href=\"\/dti\/#informativo\">Informativo:<\/a><\/p>\n<ul>\n<li><a href=\"\/dti\/#i1\">Adequa\u00e7\u00e3o de servidores a cargos e setores \u00e9 foco de apresenta\u00e7\u00e3o na Semana do Servidor.<\/a><\/li>\n<li><a href=\"\/dti\/#i2\">Restaurantes universit\u00e1rios n\u00e3o funcionar\u00e3o no pr\u00f3ximo s\u00e1bado.<\/a><\/li>\n<li><a href=\"\/dti\/#i3\">H\u00e1 20 anos&#8230;<\/a><\/li>\n<\/ul>\n<p><a href=\"\/dti\/#eventos\">Eventos:<\/a><\/p>\n<ul>\n<li><a href=\"\/dti\/#e1\">Sociais.<\/a><\/li>\n<\/ul>\n<p><img loading=\"lazy\" decoding=\"async\" class=\"alignnone size-full wp-image-1663\" src=\"https:\/\/www.ufmg.br\/dti\/wp-content\/uploads\/sites\/2\/2016\/10\/pdf.png\" alt=\"pdf\" width=\"25\" height=\"25\" \/>\u00a0<a href=\"https:\/\/www.ufmg.br\/dti\/wp-content\/uploads\/sites\/2\/2017\/11\/Sist28_2017-A4.pdf\" target=\"_blank\">Vers\u00e3o em PDF<\/a><\/p>\n<p><a name=\"noticias\"><\/a><\/p>\n<h2>Noticias<\/h2>\n<p><a name=\"n1\"><\/a><span style=\"color: #1e73be\"><strong>DTI participa do evento comemorativo de 25 anos da RNP<\/strong><\/span><\/p>\n<p>O Diretor de Tecnologia da Informa\u00e7\u00e3o da UFMG, Professor Di\u00f3genes Cec\u00edlio da Silva J\u00fanior, esteve, nos dias 17 e 18 de outubro, em Bras\u00edlia\/DF, participando da 6\u00aa edi\u00e7\u00e3o do F\u00f3rum RNP, evento promovido anualmente para o interc\u00e2mbio de conhecimento e fomento ao ensino e \u00e0 pesquisa no pa\u00eds. Com o mote &#8220;25 anos de internet no Brasil &#8211; desafios e tend\u00eancias&#8221;, os debates celebraram a hist\u00f3ria da web no pa\u00eds com um olhar para o futuro.<\/p>\n<p>A programa\u00e7\u00e3o teve foco nos desafios para a sustentabilidade das redes acad\u00eamicas. As palestras e os pain\u00e9is estavam voltados para discuss\u00e3o de temas como: Internet das Coisas (IoT), sa\u00fade digital, gest\u00e3o da identidade, computa\u00e7\u00e3o em nuvem, tecnologias colaborativas, neg\u00f3cios de impacto social, entre outros.<\/p>\n<p>Durante o evento, a RNP concedeu o t\u00edtulo comemorativo\u00a0Construtores da Internet.br, em reconhecimento \u00e0 atua\u00e7\u00e3o essencial e importante contribui\u00e7\u00e3o na constru\u00e7\u00e3o e desenvolvimento da Rede Acad\u00eamica Brasileira e da Internet no Brasil a v\u00e1rios pesquisadores, especialistas e vision\u00e1rios. Entre eles, foram diplomados como Construtores da Internet.br: Ivan Moura Campos, M\u00e1rcio Luiz Bunte de Carvalho, Renato Baumgratz Viotti, Jos\u00e9 Marcos Silva Nogueira (todos ex-ceconianos) e Roberto Nogueira (ex-Diretor do LCC).<\/p>\n<p><a name=\"n2\"><\/a><span style=\"color: #1e73be\"><strong>RNP avan\u00e7a no Projeto Nuvem<\/strong><\/span><\/p>\n<p>A Rede Nacional de Ensino e Pesquisa (RNP) que prov\u00ea para a UFMG conectividade e servi\u00e7os de rede, est\u00e1 gradativamente avan\u00e7ando na proposi\u00e7\u00e3o de um modelo de oferta de servi\u00e7os de computa\u00e7\u00e3o em Nuvem.<\/p>\n<p>Este servi\u00e7o pretende vencer obst\u00e1culos atuais da legisla\u00e7\u00e3o e das formas de contrata\u00e7\u00e3o para oferecer a seus parceiros uma maior din\u00e2mica e escalabilidade, a um menor custo, como op\u00e7\u00e3o \u00e0 aloca\u00e7\u00e3o tradicional de recursos de infraestrutura computacional.<\/p>\n<p>As discuss\u00f5es sobre este servi\u00e7o est\u00e3o ocorrendo desde maio de 2017. Agora, em 19 de outubro, foi realizada a segunda rodada de discuss\u00f5es, na qual esteve presente, novamente, o diretor do Cecom, Carlos Alfeu Furtado da Fonseca.<\/p>\n<p>A RNP prev\u00ea que, no primeiro trimestre de 2018, apresentar\u00e1 um modelo, de oferta e contrata\u00e7\u00e3o, montado a partir de solu\u00e7\u00f5es gratuitas de\u00a0players\u00a0de mercado. Este modelo ser\u00e1 avaliado pelos parceiros que poder\u00e3o, ou n\u00e3o, aderir.<\/p>\n<p><img loading=\"lazy\" decoding=\"async\" class=\"alignnone size-medium wp-image-2508 aligncenter\" src=\"https:\/\/www.ufmg.br\/dti\/wp-content\/uploads\/sites\/2\/2017\/11\/Sist2H30-300x169.jpg\" alt=\"RNP avan\u00e7a no projeto de Nuvem\" width=\"300\" height=\"169\" \/><\/p>\n<p><span style=\"color: #1e73be\"><strong>Vice-Diretora do CECOM participa de curso de Elabora\u00e7\u00e3o de PDTI<\/strong><\/span><\/p>\n<p>A Vice-Diretora do CECOM, Karina Flaviana Ribeiro, esteve em Bras\u00edlia\/DF, no per\u00edodo de 18 a 20\/10, participando de um curso de Elabora\u00e7\u00e3o de PDTI, oferecido pela RNP &#8211; Rede Nacional de Ensino e Pesquisa.<\/p>\n<p>O curso apresentou conhecimentos essenciais para o desenvolvimento de forma pr\u00e1tica de um plano diretor de tecnologia da informa\u00e7\u00e3o (PDTI), a partir das informa\u00e7\u00f5es do planejamento e a gest\u00e3o estrat\u00e9gica de TI nas organiza\u00e7\u00f5es. Durante o desenvolvimento, o participante pode aprender a metodologia necess\u00e1ria para um alinhamento entre as estrat\u00e9gias e a\u00e7\u00f5es da TI e as estrat\u00e9gias organizacionais. O PDTI \u00e9 o instrumento que permite nortear e acompanhar a atua\u00e7\u00e3o da \u00e1rea de TI, definindo estrat\u00e9gias e o plano de a\u00e7\u00e3o para implant\u00e1-las. O foco do curso foi o desenvolvimento de compet\u00eancias pr\u00e1ticas, a partir do alinhamento te\u00f3rico de boas pr\u00e1ticas para o desenvolvimento do PDTI com as diretrizes da estrat\u00e9gia de TI.<\/p>\n<p><img loading=\"lazy\" decoding=\"async\" class=\"alignnone size-medium wp-image-2505 aligncenter\" src=\"https:\/\/www.ufmg.br\/dti\/wp-content\/uploads\/sites\/2\/2017\/11\/Sist2H31-300x173.jpg\" alt=\"Curso elabora\u00e7\u00e3o de PDTI\" width=\"300\" height=\"173\" \/><\/p>\n<p><a name=\"n4\"><\/a><span style=\"color: #1e73be\"><strong>CECOM recebe a visita de candidatos a Reitor<\/strong><\/span><\/p>\n<p>Como ocorreu nos processos anteriores para escolha dos ocupantes dos cargos de Reitor e Vice-reitor, o CECOM recebe a visita das chapas inscritas.<\/p>\n<p>As chapas 1 e 3 j\u00e1 estiveram presentes no CECOM, quando apresentaram suas ideias e propostas e ouviram sugest\u00f5es da equipe. Na pr\u00f3xima semana, no dia 31\/10, ser\u00e1 a vez da Chapa 2, composta pelos professores Sandra Regina Goulart Almeida e Alessandro Fernandes Moreira.<\/p>\n<p>&nbsp;<\/p>\n<p><a name=\"informativo\"><\/a><\/p>\n<h2>Informativo<\/h2>\n<p><a name=\"i1\"><\/a><span style=\"color: #1e73be\"><strong>Adequa\u00e7\u00e3o de servidores a cargos e setores \u00e9 foco de apresenta\u00e7\u00e3o na Semana do Servidor<\/strong><\/span><\/p>\n<p>Discuss\u00e3o sobre ambientes organizacionais dar\u00e1 subs\u00eddios para pol\u00edticas de recursos humanos.<\/p>\n<p>A partir da Semana do Servidor de 2016, oficinas realizadas em diferentes \u00e1reas da UFMG contribu\u00edram para a identifica\u00e7\u00e3o de alguns ambientes organizacionais da Universidade em suas caracter\u00edsticas, particularidades e defici\u00eancias. Nesta sexta-feira, 27, \u00e0s 16h, no audit\u00f3rio da Reitoria, ser\u00e1 feita uma apresenta\u00e7\u00e3o sobre esses ambientes.<\/p>\n<p>O objetivo \u00e9 aprofundar as discuss\u00f5es sobre o assunto, para que se avance na descri\u00e7\u00e3o dos ambientes e das atividades que s\u00e3o adequadas e inadequadas a cada um deles, das compet\u00eancias e habilidades requeridas por cada um, dos aspectos que facilitam ou dificultam o trabalho, do quantitativo de servidores ideal para cada ambiente, entre outros pontos.<\/p>\n<p>&#8220;O objetivo de todo esse trabalho \u00e9 fornecer subs\u00eddios para as pol\u00edticas de recursos humanos institucionais&#8221;, explica Arthur Schlunder Valle, da Comiss\u00e3o Interna de Supervis\u00e3o (CIS) do Plano de<\/p>\n<p>Carreira dos Cargos T\u00e9cnico-Administrativos em Educa\u00e7\u00e3o (PCCTAE). Arthur \u00e9 o respons\u00e1vel pela apresenta\u00e7\u00e3o de sexta-feira.<\/p>\n<p>No PCCTAE, um &#8220;ambiente organizacional&#8221; \u00e9 definido como uma &#8220;\u00e1rea espec\u00edfica de atua\u00e7\u00e3o do servidor, integrada por atividades afins ou complementares, organizada a partir das necessidades institucionais e que orienta a pol\u00edtica de desenvolvimento de pessoal&#8221;. Arthur lembra que o trabalho de identifica\u00e7\u00e3o desses ambientes diz respeito \u00e0 compatibilidade entre atividades, setores e servidores.<\/p>\n<p>&#8220;Queremos ampliar e validar o conjunto de informa\u00e7\u00f5es que colecionamos sobre os diferentes ambientes organizacionais da Universidade, de forma a termos informa\u00e7\u00f5es mais pr\u00f3ximas, fidedignas, sobre a realidade do trabalho nesses ambientes, ou seja, o contexto em que ele \u00e9 realizado&#8221;, explica.<\/p>\n<p>Leonor Gon\u00e7alves, pr\u00f3-reitora adjunta de Recursos Humanos, explica que o processo em constru\u00e7\u00e3o vai possibilitar o desenvolvimento de uma pol\u00edtica de admiss\u00e3o e de capacita\u00e7\u00e3o dos servidores que considere o perfil do ambiente em que eles v\u00e3o atuar. &#8220;O objetivo \u00e9 termos uma ideia cada vez mais precisa de quais s\u00e3o as habilidades necess\u00e1rias para o servidor atuar em cada ambiente e quais s\u00e3o as capacita\u00e7\u00f5es que cada setor demanda&#8221;, exemplifica.<\/p>\n<p>De acordo com Leonor e Arthur, o trabalho pode resultar em diversos impactos positivos relativos aos recursos humanos da Universidade, desde a realiza\u00e7\u00e3o dos concursos p\u00fablicos at\u00e9 a movimenta\u00e7\u00e3o interna de servidores, propiciando melhor contrata\u00e7\u00e3o e maior adequa\u00e7\u00e3o das pessoas aos cargos e setores.<\/p>\n<p>(Fonte: <a href=\"https:\/\/ufmg.br\/comunicacao\/noticias\/adequacao-de-servidores-a-cargos-e-setores-e-foco-de-apresentacao-na-semana-do-servidor-1\" target=\"_blank\">https:\/\/ufmg.br\/comunicacao\/noticias\/adequacao-de-servidores-a-cargos-e-setores-e-foco-de-apresentacao-na-semana-do-servidor-1<\/a> &#8211; 26\/10\/2017)<\/p>\n<p><a name=\"i2\"><\/a><span style=\"color: #1e73be\"><strong>Restaurantes universit\u00e1rios n\u00e3o funcionar\u00e3o no pr\u00f3ximo s\u00e1bado<\/strong><\/span><\/p>\n<p>No pr\u00f3ximo s\u00e1bado, 28 de outubro, os restaurantes universit\u00e1rios n\u00e3o funcionar\u00e3o devido ao recesso escolar da UFMG em comemora\u00e7\u00e3o ao Dia do Servidor P\u00fablico e ao Dia do Professor. O funcionamento normal ser\u00e1 retomado na segunda-feira, 30.<\/p>\n<p>A UFMG mant\u00e9m cinco bandej\u00f5es: dois no campus Pampulha, um no campus Sa\u00fade, um na Faculdade de Direito e um no Instituto de Ci\u00eancias Agr\u00e1rias (ICA), em Montes Claros.<\/p>\n<p>(Fonte: <a href=\"https:\/\/ufmg.br\/comunicacao\/noticias\/restaurantes-universitarios-nao-funcionam-no-sabado\" target=\"_blank\">https:\/\/ufmg.br\/comunicacao\/noticias\/restaurantes-universitarios-nao-funcionam-no-sabado<\/a> &#8211; 24\/10\/2017)<\/p>\n<p><a name=\"i3\"><\/a><span style=\"color: #1e73be\"><strong>H\u00e1 20 anos&#8230;<\/strong><\/span><\/p>\n<p>O Sistem\u00e1tico Ano XXI, no. 35, de 23\/10\/1997, publicou not\u00edcias sobre projeto Rela\u00e7\u00f5es de Trabalho e Psicossociologia, participa\u00e7\u00e3o em semin\u00e1rio na MSA, treinamento UNIX, feriado do dia 28, instala\u00e7\u00e3o de software gerenciador de listas, entre outras. A not\u00edcia que se destacou foi:<\/p>\n<p><strong>GEST\u00c3O UNIVERSIT\u00c1RIA<\/strong><\/p>\n<p>Teve in\u00edcio, esta semana, o Curso de Especializa\u00e7\u00e3o em Gestr\u00e3o Estrat\u00e9gica &#8211; &#8220;Gest\u00e3o Universit\u00e1ria&#8221;, promovido pelo Centro de P\u00f3s-Gradua\u00e7\u00e3o e Pesquisa em Administra\u00e7\u00e3o &#8211; Cepead, Pr\u00f3-Reitoria de P\u00f3s-Gradua\u00e7\u00e3o da UFMG e Funda\u00e7\u00e3o Jo\u00e3o Pinheiro. Este curso ter\u00e1 a dura\u00e7\u00e3o de 10 meses, com carga hor\u00e1ria de uma semana por m\u00eas (8h di\u00e1rias de segunda a sexta-feira), nas depend\u00eancias da FACE\/CEPEAD, \u00e0 Rua Curitiba no. 832.<\/p>\n<p>Estar\u00e3o participando do curso: Carlos Alfeu Furtado da Fonseca, Diretor Geral; M\u00e1rcia Regina Lemos, Diretora da DAA e Maria de Lourdes Moreira Braga, da DAS.<\/p>\n<p>&nbsp;<\/p>\n<p><a name=\"eventos\"><\/a><\/p>\n<h2>Eventos<\/h2>\n<p><a name=\"e1\"><\/a><span style=\"color: #1e73be\"><strong>Sociais<\/strong><\/span><\/p>\n<p>SOCIAIS<\/p>\n<p>ANIVERS\u00c1RIOS:\u00a0&#8220;O Sistem\u00e1tico&#8221; envia os parab\u00e9ns para Leandro Duarte de Assis, no dia 30; Marcos de Almeida Alves, no dia 31; Vicentina Maria Queiroz, no dia 01 de novembro; Alan Jovane Vila\u00e7a, no dia 02; e para os ex-ceconianos: Margareth Alves de Almeida, no dia 27; Jhonata dos Santos Soares, no dia 28; Nilza Magalh\u00e3es Lara e Henrique Velloso Ferreira Melo, no dia 29; Gilmar Lima Guimar\u00e3es, no dia 01 de novembro; Marcelo Henriques Vieira, no dia 02; Angelo de Moura Guimar\u00e3es e Helton F\u00e1bio de Matos, no dia 03; Eucl\u00eddia Leopoldina de Macedo Vale, no dia 04; Nath\u00e1lia Arantes Jer\u00f4nimo, Rafael Braga Soares Righi e H\u00e9lio Marques Sobrinho, no dia 05; N\u00e9lia Neiva Zille e M\u00e1rcio Alexandre Moraes, no dia 06; Efig\u00eanio Vieira de Ata\u00edde e Maria Tereza Camargos Diniz Fran\u00e7a, no dia 07.<\/p>\n<p>&nbsp;<\/p>\n","protected":false},"excerpt":{"rendered":"<p>Not\u00edcias: DTI participa do evento comemorativo de 25 anos da RNP. RNP avan\u00e7a no Projeto Nuvem. Vice-Diretora do CECOM participa de curso de Elabora\u00e7\u00e3o de PDTI. CECOM recebe a visita de candidatos a Reitor. Informativo: Adequa\u00e7\u00e3o de servidores a cargos e setores \u00e9 foco de apresenta\u00e7\u00e3o na Semana do Servidor. Restaurantes universit\u00e1rios n\u00e3o funcionar\u00e3o no &#8230; <a title=\"Sistem\u00e1tico: Edi\u00e7\u00e3o 1711 &#8211; 26\/10\/2017\" class=\"read-more\" href=\"https:\/\/www.ufmg.br\/dti\/2017\/11\/03\/sistematico-edicao-1711-26102017\/\" aria-label=\"Read more about Sistem\u00e1tico: Edi\u00e7\u00e3o 1711 &#8211; 26\/10\/2017\">Ler mais<\/a><\/p>\n","protected":false},"author":3,"featured_media":2505,"comment_status":"open","ping_status":"open","sticky":false,"template":"","format":"standard","meta":{"inline_featured_image":false,"footnotes":""},"categories":[15,14,13],"tags":[],"coauthors":[79,58],"class_list":["post-2503","post","type-post","status-publish","format-standard","has-post-thumbnail","hentry","category-area-2-noticias-destaque","category-noticia-detaque3-dti","category-sistematico"],"_links":{"self":[{"href":"https:\/\/www.ufmg.br\/dti\/wp-json\/wp\/v2\/posts\/2503","targetHints":{"allow":["GET"]}}],"collection":[{"href":"https:\/\/www.ufmg.br\/dti\/wp-json\/wp\/v2\/posts"}],"about":[{"href":"https:\/\/www.ufmg.br\/dti\/wp-json\/wp\/v2\/types\/post"}],"author":[{"embeddable":true,"href":"https:\/\/www.ufmg.br\/dti\/wp-json\/wp\/v2\/users\/3"}],"replies":[{"embeddable":true,"href":"https:\/\/www.ufmg.br\/dti\/wp-json\/wp\/v2\/comments?post=2503"}],"version-history":[{"count":0,"href":"https:\/\/www.ufmg.br\/dti\/wp-json\/wp\/v2\/posts\/2503\/revisions"}],"wp:attachment":[{"href":"https:\/\/www.ufmg.br\/dti\/wp-json\/wp\/v2\/media?parent=2503"}],"wp:term":[{"taxonomy":"category","embeddable":true,"href":"https:\/\/www.ufmg.br\/dti\/wp-json\/wp\/v2\/categories?post=2503"},{"taxonomy":"post_tag","embeddable":true,"href":"https:\/\/www.ufmg.br\/dti\/wp-json\/wp\/v2\/tags?post=2503"},{"taxonomy":"author","embeddable":true,"href":"https:\/\/www.ufmg.br\/dti\/wp-json\/wp\/v2\/coauthors?post=2503"}],"curies":[{"name":"wp","href":"https:\/\/api.w.org\/{rel}","templated":true}]}}