{"id":2870,"date":"2014-12-04T08:00:00","date_gmt":"2014-12-04T08:00:00","guid":{"rendered":"https:\/\/www.ufmg.br\/dti\/cecom\/?p=1003"},"modified":"2014-12-04T08:00:00","modified_gmt":"2014-12-04T08:00:00","slug":"sistematico-edicao-1626-04122014","status":"publish","type":"post","link":"https:\/\/www.ufmg.br\/dti\/2014\/12\/04\/sistematico-edicao-1626-04122014\/","title":{"rendered":"Sistem\u00e1tico: Edi\u00e7\u00e3o 1626 &#8211; 04\/12\/2014"},"content":{"rendered":"<ul>\n<li><a href=\"\/dti\/#noticias\">Not\u00edcias<\/a>\n<div class=\"submenuSistematico\">\n<ul>\n<li><a id=\"1\" href=\"\/dti\/#anoticias1\"><span class=\"titulo\"><span class=\"titulo\">DTI REALIZA O 4\u00ba ENCONTRO DE T\u00c9CNICOS DE TI DA UFMG<\/span><\/span><\/a><\/li>\n<li><a id=\"2\" href=\"\/dti\/#anoticias2\"><span class=\"titulo\"><span class=\"titulo\">RNP MINISTRA CURSO PARA EQUIPE DA DTI NA PR\u00d3XIMA SEMANA<\/span><\/span><\/a><\/li>\n<li><a id=\"3\" href=\"\/dti\/#anoticias3\"><span class=\"titulo\">UFMG INSTALA GERADOR NO PR\u00c9DIO DA REITORIA<\/span><\/a><\/li>\n<li><a id=\"4\" href=\"\/dti\/#anoticias4\"><span class=\"titulo\"><span class=\"titulo\">CECOM RECEBE NOVO FUNCION\u00c1RIO<\/span><\/span><\/a><\/li>\n<li><a id=\"5\" href=\"\/dti\/#anoticias5\"><span class=\"titulo\"><span class=\"titulo\">SA\u00cdDA DE ESTAGI\u00c1RIO<\/span><\/span><\/a><\/li>\n<\/ul>\n<\/div>\n<\/li>\n<li><a href=\"\/dti\/#informativo\">Informativo<\/a>\n<div class=\"submenuSistematico\">\n<ul>\n<li><a id=\"1\" href=\"\/dti\/#ainformativo1\"><span class=\"titulo\">PRORH DIVULGA ORIENTA\u00c7\u00c3O SOBRE RECESSO DE FINAL DE ANO<\/span><\/a><\/li>\n<li><a id=\"2\" href=\"\/dti\/#ainformativo2\"><span class=\"titulo\">AVALIA\u00c7\u00c3O DE DESEMPENHO 2014 TEM NOVO PRAZO<\/span><\/a><\/li>\n<li><a id=\"3\" href=\"\/dti\/#ainformativo3\"><span class=\"titulo\">ESTAT\u00cdSTICAS DE SERVI\u00c7O PROXY HTTP<\/span><\/a><\/li>\n<li><a id=\"4\" href=\"\/dti\/#ainformativo4\"><span class=\"titulo\">DICAS DE SITES INTERESSANTES<\/span><\/a><\/li>\n<li><a id=\"5\" href=\"\/dti\/#ainformativo5\"><span class=\"titulo\">LIVRARIAS DA EDITORA UFMG OFERECEM DESCONTOS DE NATAL<\/span><\/a><\/li>\n<li><a id=\"6\" href=\"\/dti\/#ainformativo6\"><span class=\"titulo\">CENTRO PEDAG\u00d3GICO RECOLHE AT\u00c9 SEXTA-FEIRA DOA\u00c7\u00d5ES PARA ABRIGO INFANTIL<\/span><\/a><\/li>\n<li><a id=\"7\" href=\"\/dti\/#ainformativo7\"><span class=\"titulo\">MUSEU DE HIST\u00d3RIA NATURAL DA UFMG RECEBE INSCRI\u00c7\u00d5ES PARA COL\u00d4NIA DE F\u00c9RIAS<\/span><\/a><\/li>\n<\/ul>\n<\/div>\n<\/li>\n<li><a href=\"\/dti\/#eventos\">Eventos<\/a>\n<div class=\"submenuSistematico\">\n<ul>\n<li><a id=\"1\" href=\"\/dti\/#aeventos1\"><span class=\"titulo\">FESTA DE NATAL DA DTI<\/span><\/a><\/li>\n<li><a id=\"2\" href=\"\/dti\/#aeventos2\"><span class=\"titulo\">SOCIAIS<\/span><\/a><\/li>\n<li><a id=\"3\" href=\"\/dti\/#aeventos3\"><span class=\"titulo\">MEM\u00d3RIA FOTOGR\u00c1FICA DO CECOM<\/span><\/a><\/li>\n<\/ul>\n<\/div>\n<\/li>\n<\/ul>\n<ul class=\"pdfSist\">\n<li><a href=\"https:\/\/www.ufmg.br\/dti\/wp-content\/uploads\/Sistematico_PDF\/Sist32_2014-A4.pdf\" target=\"_blank\"><img loading=\"lazy\" decoding=\"async\" src=\"https:\/\/www.ufmg.br\/dti\/wp-content\/uploads\/Sistematico_PDF\/mini_pdf.gif\" width=\"46\" height=\"53\" border=\"0\" \/> Vers\u00e3o em PDF<\/a><\/li>\n<\/ul>\n<p><a name=\"noticias\"><\/a><\/p>\n<h4>Not\u00edcias<\/h4>\n<div class=\"centro-sistematico\"><!-- noticias --><\/p>\n<table border=\"0\" cellspacing=\"0\" cellpadding=\"0\">\n<tbody>\n<tr>\n<td height=\"3\"><\/td>\n<td><\/td>\n<\/tr>\n<tr>\n<td align=\"LEFT\" valign=\"TOP\" height=\"223\"><\/td>\n<td align=\"LEFT\" valign=\"TOP\"><a id=\"1\" name=\"anoticias1\"><\/a><span class=\"titulo\"><span class=\"titulo\">DTI REALIZA O 4\u00ba ENCONTRO DE T\u00c9CNICOS DE TI DA UFMG<\/span><\/span><\/p>\n<p align=\"justify\"><span class=\"texto\">O 4o Encontro de T\u00e9cnicos de Tecnologia da Informa\u00e7\u00e3o da UFMG foi realizado ontem, dia 03, de 14h \u00e0s 17h, no Audit\u00f3rio 1 da Face.<\/p>\n<p>O objetivo da Diretoria de Tecnologia da Informa\u00e7\u00e3o em promover este encontro com os t\u00e9cnicos de TI \u00e9 informar sobre o andamento dos v\u00e1rios projetos em execu\u00e7\u00e3o na DTI e a troca de experi\u00eancias quando s\u00e3o repassadas orienta\u00e7\u00f5es sobre quest\u00f5es envolvendo TI.<\/p>\n<p>O evento teve a seguinte pauta:<\/p>\n<p>&#8211; Abertura feita pelo Prof. Di\u00f3genes Cec\u00edlio da Silva J\u00fanior, Diretor da DTI;<br \/>\n&#8211; Andamento de projetos e atividades de Rede (IPv6, rede sem fio etc.) por Fernando Frota, Diretor da Divis\u00e3o de Redes de Comunica\u00e7\u00e3o\/CECOM;<br \/>\n&#8211; Programa de Capacita\u00e7\u00e3o, Instala\u00e7\u00e3o do Gerador e Servi\u00e7os de Nuvem por Carlos Alfeu Furtado da Fonseca, Diretor do CECOM;<br \/>\n&#8211; Uso de software livre para Elabora\u00e7\u00e3o de Question\u00e1rios de Pesquisa e Reserva de Salas por Davidysson Alvarenga, do ICB;<br \/>\n&#8211; Fluxo de trabalho para cataloga\u00e7\u00e3o de itens de TI por Clarissa Botelho, do DLO;<br \/>\n&#8211; Configura\u00e7\u00e3o de softwares em Redes Administrativas por Andr\u00e9 Rodrigues Drummond, da Divis\u00e3o de Redes de Comunica\u00e7\u00e3o\/CECOM;<br \/>\n&#8211; Templates e Configura\u00e7\u00f5es do Notes por Eug\u00eanio Pacelli Pereira de Souza, da Divis\u00e3o de Atendimento e Consultoria\/CECOM.<\/p>\n<p>Al\u00e9m da equipe da DTI, composta por 13 pessoas, estiveram participando do encontro 61 representantes das seguintes unidades\/\u00f3rg\u00e3os: Arquitetura, DAP, ECI, Engenharia, FACE, FAE, FAFICH, FALE, Farm\u00e1cia, ICB, Medicina, Prograd\/CAD, Belas Artes, CEU, DLO, BU, ECI,Veterin\u00e1ria, IGC, Odontologia, CAED, DCC, Museu, DRH, ICEx\/Qu\u00edmica, ICEx\/LTI, CP\/TU, CEDECOM, CAC. <\/span><\/p>\n<div align=\"center\"><\/div>\n<\/td>\n<\/tr>\n<tr>\n<td align=\"LEFT\" valign=\"TOP\" height=\"367\"><\/td>\n<td align=\"LEFT\" valign=\"TOP\"><a id=\"2\" name=\"anoticias2\"><\/a><span class=\"titulo\"><span class=\"titulo\">RNP MINISTRA CURSO PARA EQUIPE DA DTI NA PR\u00d3XIMA SEMANA<\/span><\/span><\/p>\n<p align=\"justify\"><span class=\"texto\">Dentro das a\u00e7\u00f5es conduzidas pela DTI, para melhorar a governan\u00e7a da Tecnologia da Informa\u00e7\u00e3o na institui\u00e7\u00e3o, ser\u00e3o promovidos cursos ministrados pela ESR-RNP (Escola Superior de Redes da Rede Nacional de Ensino e Pesquisa).<\/p>\n<p>Estes cursos abordar\u00e3o temas relacionados \u00e0 Governan\u00e7a com Cobit, a Gest\u00e3o de Servi\u00e7os e a Ger\u00eancia de Projetos. Os dois \u00faltimos cursos ser\u00e3o oferecidos em 2015, nas primeiras semanas dos meses de mar\u00e7o e abril. Cada um dos cursos ter\u00e1 um total de 15 vagas, que ser\u00e3o preenchidas por pessoal das equipes do Centro de Computa\u00e7\u00e3o e Laborat\u00f3rio de Computa\u00e7\u00e3o Cient\u00edfica.<\/p>\n<p>O curso de Governan\u00e7a com Cobit acontecer\u00e1 nos dias 10, 11 e 12 de dezembro, na sala de aulas do CECOM, no subsolo da Reitoria, das 8h \u00e0s 12h e das 13h \u00e0s 17h, com os seguintes participantes: Ant\u00f4nio Eust\u00e1quio Rodrigues, David Eust\u00e1quio da Silva, Di\u00f3genes Cec\u00edlio da Silva J\u00fanior, Guilherme Henrique Silva Gomes, Ivan Santana Santos, Karina Flaviana Ribeiro, Leandro da Cunha Campos, M\u00e1rcia Regina Lemos, M\u00e1rcio da Costa Viana, M\u00e1rio Magalh\u00e3es Lara, Raimundo Natalino Chaves, Ronaldo Ara\u00fajo Costa, Soraya Jardim Neves Alves Ferreira, Thiago Gabriel Diniz e Wallison Fabiano de Ara\u00fajo.<\/span><\/p>\n<div align=\"center\"><\/div>\n<\/td>\n<\/tr>\n<tr>\n<td align=\"LEFT\" valign=\"TOP\" height=\"415\"><\/td>\n<td align=\"LEFT\" valign=\"TOP\"><a id=\"3\" name=\"anoticias3\"><\/a><span class=\"titulo\">UFMG INSTALA GERADOR NO PR\u00c9DIO DA REITORIA<\/span><\/p>\n<p align=\"justify\"><span class=\"texto\">Na \u00faltima semana de setembro\/2014, teve in\u00edcio a obra civil para a instala\u00e7\u00e3o do GMG &#8211; Grupo Motor Gerador do pr\u00e9dio da Reitoria. Esse trabalho tem a previs\u00e3o de t\u00e9rmino at\u00e9 o final do m\u00eas de dezembro. Esse GMG, que atender\u00e1 outros circuitos el\u00e9tricos do pr\u00e9dio, trar\u00e1 um grande ganho, aguardado por toda a comunidade da universidade, que \u00e9 a possibilidade dos sistemas e servi\u00e7os providos pela DTI permanecerem ativos e est\u00e1veis mesmo em situa\u00e7\u00e3o de interrup\u00e7\u00e3o do fornecimento de energia pela Cemig.<\/p>\n<p>O gerador tem uma carga total de 220kVA sendo que a infraestrutura do CECOM utilizar\u00e1 cerca de um quarto.<\/p>\n<p>Continua pendente a compra do nobreak, de 150 kVA, pois depende de recursos financeiros. Com isso, o CECOM contar\u00e1 com a infraestrutura de nobreaks menores j\u00e1 existente, at\u00e9 a aquisi\u00e7\u00e3o e instala\u00e7\u00e3o do mesmo.<\/p>\n<p>Ainda n\u00e3o h\u00e1 data definida para o in\u00edcio de opera\u00e7\u00e3o do GMG.<\/p>\n<p>Para a UFMG, contar com sistemas e servi\u00e7os de TI com funcionamento cont\u00ednuo \u00e9 fundamental, n\u00e3o s\u00f3 para a realiza\u00e7\u00e3o de suas atividades acad\u00eamicas e administrativas, mas tamb\u00e9m para a imagem institucional na Internet. \u00c9 bom lembrar que este hoje \u00e9 um quesito utilizado para avaliar o grau de maturidade de governan\u00e7a das institui\u00e7\u00f5es.<\/span><\/p>\n<p>&nbsp;<\/p>\n<div align=\"center\"><\/div>\n<\/td>\n<\/tr>\n<tr>\n<td align=\"LEFT\" valign=\"TOP\" height=\"384\"><\/td>\n<td align=\"LEFT\" valign=\"TOP\"><a id=\"4\" name=\"anoticias4\"><\/a><span class=\"titulo\"><span class=\"titulo\">CECOM RECEBE NOVO FUNCION\u00c1RIO<\/span><\/span><\/p>\n<p align=\"justify\"><span class=\"texto\">O CECOM recebeu, no dia 28\/11, mais um funcion\u00e1rio para o seu quadro. Trata-se de Ant\u00f4nio Higino Manoel Machado, Analista de Tecnologia da Informa\u00e7\u00e3o, lotado na DRC &#8211; Divis\u00e3o de Redes de Comunica\u00e7\u00e3o.<\/p>\n<p>Ant\u00f4nio Higino \u00e9 graduado em Redes de Computadores pela UNATEC e MBA em Gest\u00e3o de Servi\u00e7os de TI, na COTEMIG. Antes de vir para a UFMG, ele trabalhou na Advocacia Geral do Estado, onde atuou como Diretor de TI.<\/p>\n<p>Ap\u00f3s o Concurso P\u00fablico em 2013, Ant\u00f4nio Higino foi admitido como Analista de TI, lotado no CECOM.<\/span><\/p>\n<p align=\"center\"><img loading=\"lazy\" decoding=\"async\" src=\"https:\/\/www.ufmg.br\/dti\/wp-content\/uploads\/fotos\/Ano%202014\/Dezembro\/04-12-2014\/Entrada_Antonio_DIS_dez2014_01_v1.jpg\" width=\"299\" height=\"300\" \/><br \/>\n<em><strong>Ant\u00f4nio Higino <\/strong><\/em><\/p>\n<div align=\"center\"><\/div>\n<\/td>\n<\/tr>\n<tr>\n<td align=\"LEFT\" valign=\"TOP\" height=\"384\"><\/td>\n<td align=\"LEFT\" valign=\"TOP\"><a id=\"5\" name=\"anoticias5\"><\/a><span class=\"titulo\"><span class=\"titulo\">SA\u00cdDA DE ESTAGI\u00c1RIO<\/span><\/span><\/p>\n<p align=\"justify\"><span class=\"texto\">O estagi\u00e1rio Rafael Soares Almeida, lotado na DRC &#8211; Divis\u00e3o de Redes de Comunica\u00e7\u00e3o, saiu do CECOM no dia 30 de novembro.<\/p>\n<p>Rafael Almeida entrou para o CECOM no in\u00edcio de dezembro de 2012, atuando na \u00e1rea de Redes da DRC, onde permaneceu at\u00e9 a sua sa\u00edda.<\/span><\/p>\n<p align=\"center\"><img loading=\"lazy\" decoding=\"async\" src=\"https:\/\/www.ufmg.br\/dti\/wp-content\/uploads\/fotos\/Ano%202014\/Dezembro\/04-12-2014\/Saida_Rafael_DRC_nov2014_01_v1.jpg\" width=\"279\" height=\"300\" \/><br \/>\n<em><strong>Ant\u00f4nio Higino <\/strong><\/em><\/p>\n<div align=\"center\"><\/div>\n<\/td>\n<\/tr>\n<p><!-- #BeginEditable \"materias\" --> <!-- #EndEditable --><\/tbody>\n<\/table>\n<table border=\"0\" cellspacing=\"0\" cellpadding=\"0\">\n<tbody>\n<tr>\n<td align=\"LEFT\" valign=\"TOP\"><\/td>\n<td align=\"LEFT\" valign=\"TOP\"><\/td>\n<\/tr>\n<p><!-- #BeginEditable \"materias\" --> <!-- #EndEditable --><\/tbody>\n<\/table>\n<\/div>\n<p><a name=\"informativo\"><\/a><\/p>\n<h4>Informativo<\/h4>\n<div class=\"centro-sistematico\"><!-- noticias --><\/p>\n<table border=\"0\" cellspacing=\"0\" cellpadding=\"0\">\n<tbody>\n<tr>\n<td><\/td>\n<td><\/td>\n<\/tr>\n<p><!-- #BeginEditable \"materias\" --> <!-- #EndEditable --><\/tbody>\n<\/table>\n<p><!-- fim noticias --> <!-- tabela ha 20 anos --><\/p>\n<table border=\"0\" cellspacing=\"0\" cellpadding=\"0\" bgcolor=\"#FFFFFF\">\n<tbody>\n<tr>\n<td align=\"LEFT\" valign=\"TOP\" height=\"207\"><\/td>\n<td align=\"LEFT\" valign=\"TOP\"><\/td>\n<td align=\"LEFT\" valign=\"TOP\">\n<p align=\"left\"><span class=\"texto\"><a id=\"1\" name=\"ainformativo1\"><\/a><span class=\"titulo\">PRORH DIVULGA ORIENTA\u00c7\u00c3O SOBRE RECESSO DE FINAL DE ANO<\/span><\/span><\/p>\n<p align=\"justify\">A Pr\u00f3-Reitoria de Recursos Humanos divulgou, no dia 02\/12\/2014, por meio do Of\u00edcio no 018\/2014, que \u201cnas duas semanas comemorativas &#8211; 22 a 26 de dezembro e 29 de dezembro a 02 de janeiro &#8211; seja estabelecido um cronograma de revezamento dos servidores de modo a preservar os servi\u00e7os essenciais e o atendimento ao p\u00fablico na UFMG.<\/p>\n<p>A ProRH encaminhar\u00e1 orienta\u00e7\u00e3o a todas as Unidades Acad\u00eamicas e \u00d3rg\u00e3os Administrativos sobre o registro do ponto eletr\u00f4nico nestas duas semanas.\u201d<\/p>\n<p align=\"left\"><span class=\"texto\"><br \/>\n<\/span><\/p>\n<\/td>\n<\/tr>\n<tr>\n<td align=\"LEFT\" valign=\"TOP\" height=\"207\"><\/td>\n<td align=\"LEFT\" valign=\"TOP\"><\/td>\n<td align=\"LEFT\" valign=\"TOP\">\n<p align=\"left\"><span class=\"texto\"><a id=\"2\" name=\"ainformativo2\"><\/a><span class=\"titulo\">AVALIA\u00c7\u00c3O DE DESEMPENHO 2014 TEM NOVO PRAZO<\/span><\/span><\/p>\n<p align=\"justify\">A ProRH comunicou que o prazo para realiza\u00e7\u00e3o de acerto das Equipes de Trabalho no Sistema Informatizado de Avalia\u00e7\u00e3o de Desempenho (SIAD) de 26 de novembro para o dia 04 de dezembro\/2014.<\/p>\n<p>Assim, os formul\u00e1rios de Avalia\u00e7\u00e3o de Equipe e de Autoavalia\u00e7\u00e3o estar\u00e3o dispon\u00edveis no Portal MinhaUFMG no dia 10 de dezembro de 2014, permanecendo aberto at\u00e9 o dia 13 de fevereiro de 2015.<\/p>\n<p align=\"left\"><span class=\"texto\"><br \/>\n<\/span><\/p>\n<\/td>\n<\/tr>\n<tr>\n<td align=\"LEFT\" valign=\"TOP\" height=\"132\"><\/td>\n<td align=\"LEFT\" valign=\"TOP\"><\/td>\n<td align=\"LEFT\" valign=\"TOP\">\n<p align=\"left\"><span class=\"texto\"><a id=\"3\" name=\"ainformativo3\"><\/a><span class=\"titulo\">ESTAT\u00cdSTICAS DE SERVI\u00c7O PROXY HTTP<\/span><\/span><\/p>\n<p align=\"justify\">Destinado a diminuir o tr\u00e1fego de navega\u00e7\u00e3o na RNP e acelerar o acesso de m\u00e1quinas internas e sites externos, a UFMG conta com o servi\u00e7o de proxy HTTP, implantado em abril\/2006.<\/p>\n<p>Todos os meses, O Sistem\u00e1tico tem publicado as estat\u00edsticas de acesso a esse servi\u00e7o.<br \/>\nAt\u00e9 o dia 30 de novembro de 2014, foram registrados 15.258 usu\u00e1rios diferentes acessando o sistema desde a sua implanta\u00e7\u00e3o. O gr\u00e1fico abaixo mostra o total de registros mensais.<br \/>\nPara quem est\u00e1 fora da Rede UFMG (por exemplo, acessando a Internet de casa), o proxy permite o acesso a sites n\u00e3o p\u00fablicos.<\/p>\n<p>A queda acentuada no uso do Proxy teve in\u00edcio com a ado\u00e7\u00e3o do acesso direto com a autentica\u00e7\u00e3o via comunidade CAFe.<\/p>\n<p align=\"center\"><img loading=\"lazy\" decoding=\"async\" src=\"https:\/\/www.ufmg.br\/dti\/wp-content\/uploads\/fotos\/Ano%202014\/Dezembro\/04-12-2014\/proxy_nov2014.png\" width=\"500\" height=\"214\" \/><\/p>\n<p align=\"left\"><span class=\"texto\"><br \/>\n<\/span><\/p>\n<\/td>\n<\/tr>\n<tr>\n<td align=\"LEFT\" valign=\"TOP\" height=\"132\"><\/td>\n<td align=\"LEFT\" valign=\"TOP\"><\/td>\n<td align=\"LEFT\" valign=\"TOP\">\n<p align=\"left\"><span class=\"texto\"><a id=\"4\" name=\"ainformativo4\"><\/a><span class=\"titulo\">DICAS DE SITES INTERESSANTES<\/span><\/span><\/p>\n<p align=\"justify\">Adyrus, o ca\u00e7ador de sites, enviou as seguintes dicas:<\/p>\n<p>&#8211; Veja tr\u00eas fun\u00e7\u00f5es do Facebook que talvez voc\u00ea n\u00e3o conhe\u00e7a no <a href=\"http:\/\/canaltech.com.br\/dica\/facebook\/Veja-tres-funcoes-do-Facebook-que-talvez-voce-nao-conheca\/\">endere\u00e7o<\/a>.<\/p>\n<p>&#8211; O Muzei transforma seu smartphone em arte, colocando imagens de pinturas famosas como plano de fundo na tela inicial todos os dias.\u00a0<a href=\"http:\/\/canaltech.com.br\/dica\/apps-android\/Os-10-melhores-aplicativos-Android-da-semana-8112014\/\">Download<\/a>.<\/p>\n<p>&#8211; Saiba quando sua operadora vai cortar a internet m\u00f3vel no <a href=\"http:\/\/olhardigital.uol.com.br\/noticia\/saiba-quando-sua-operadora-vai-cortar-a-internet-movel\/45468\">endere\u00e7o<\/a>.<\/p>\n<p>&#8211; Conhe\u00e7a o \u201cVent\u201d, app para usu\u00e1rios desabafarem. <a href=\"http:\/\/olhardigital.uol.com.br\/noticia\/conheca-o-vent-app-para-usuarios-desabafarem\/45479\">Clique<\/a>.<\/p>\n<p>&#8211; Feira do livro de Buenos Aires, Argentina, come\u00e7a 23 de abril de 2015. <a href=\"http:\/\/www.el-libro.org.ar\/profesionales\">Saiba mais<\/a>.<\/p>\n<p>&#8211; Um v\u00eddeo incrivel com o Honda Civic. N\u00e3o se esque\u00e7a de pressionar a letra \u201cR\u201d do seu teclado quando iniciar o v\u00eddeo no <a href=\"https:\/\/www.youtube.com\/user\/HondaVideo\">endere\u00e7o<\/a>.<\/p>\n<p>&#8211; Siga o Papai Noel no site do Google. \u201cNa v\u00e9spera de Natal, exibiremos orgulhosamente o Painel do Papai Noel e a tecnologia que alimenta seu tren\u00f3 durante sua viagem ao redor do mundo.\u00a0N\u00e3o deixe de visitar o <a href=\"https:\/\/santatracker.google.com\/#village\">endere\u00e7o<\/a>.<\/p>\n<p align=\"left\"><span class=\"texto\"><br \/>\n<\/span><\/p>\n<\/td>\n<\/tr>\n<tr>\n<td align=\"LEFT\" valign=\"TOP\" height=\"111\"><\/td>\n<td align=\"LEFT\" valign=\"TOP\"><\/td>\n<td align=\"LEFT\" valign=\"TOP\">\n<p align=\"left\"><span class=\"texto\"><a id=\"5\" name=\"ainformativo5\"><\/a><span class=\"titulo\">LIVRARIAS DA EDITORA UFMG OFERECEM DESCONTOS DE NATAL<\/span><\/span><\/p>\n<p align=\"justify\">At\u00e9 15 de dezembro a Editora UFMG realiza Promo\u00e7\u00e3o de Natal nas livrarias do c\u00e2mpus Pampulha e de Ouro Preto. Os descontos s\u00e3o de at\u00e9 50%, com diversas obras sendo vendidas a R$ 10. O cliente tamb\u00e9m pode aproveitar a temporada de descontos pelo site editoraufmg.com.br. Todos os livros da est\u00e3o com 50% para vendas on-line. O site tamb\u00e9m oferece um estoque de obras a R$10.<\/p>\n<p>Endere\u00e7os e contatos das livrarias:<\/p>\n<p>&#8211; Campus UFMG Pampulha &#8211; Pra\u00e7a de Servi\u00e7os, Avenida Ant\u00f4nio Carlos, 6627, Belo Horizonte, (31) 3409-4642, livrariapedidos@editora.ufmg.br. Funcionamento: de segunda a sexta-feira, das 9h \u00e0s 18h.<\/p>\n<p>&#8211; Ouro Preto &#8211; Rua Cl\u00e1udio Manoel, 61 &#8211; Casa de Gonzaga, (31) 3551-1109, livraria-ouropreto@editora.ufmg.br. Funcionamento: de segunda a sexta-feira, das 9h \u00e0s 18h.<\/p>\n<p>(<em>Fonte: Cedecom &#8211; Assessoria de Imprensa &#8211; 02\/12\/2014<\/em>)<\/p>\n<p align=\"left\"><span class=\"texto\"><br \/>\n<\/span><\/p>\n<\/td>\n<\/tr>\n<tr>\n<td align=\"LEFT\" valign=\"TOP\" height=\"290\"><\/td>\n<td align=\"LEFT\" valign=\"TOP\"><\/td>\n<td align=\"LEFT\" valign=\"TOP\">\n<p align=\"left\"><span class=\"texto\"><a id=\"6\" name=\"ainformativo6\"><\/a><span class=\"titulo\">CENTRO PEDAG\u00d3GICO RECOLHE AT\u00c9 SEXTA-FEIRA DOA\u00c7\u00d5ES PARA ABRIGO INFANTIL<\/span><\/span><\/p>\n<p align=\"justify\">At\u00e9 sexta-feira, 05 \/12, o Centro Pedag\u00f3gico (CP) da Escola de Educa\u00e7\u00e3o B\u00e1sica e Profissional da UFMG recebe doa\u00e7\u00f5es para o Abrigo Lar Crist\u00e3o de Belo Horizonte (www.abrigolarcristao. org.br), institui\u00e7\u00e3o filantr\u00f3pica que acolhe, sob medida protetiva, crian\u00e7as de 0 a 6 anos. Os donativos podem ser entregues na unidade do CP, no c\u00e2mpus UFMG Pampulha (em frente Faculdade de Educa\u00e7\u00e3o, setor Tempo Integral).<\/p>\n<p>Podem ser doados brinquedos em bom estado, novos ou usados, materiais de limpeza (sab\u00e3o em p\u00f3, detergente, desinfetante, \u00e1gua sanit\u00e1ria), de higiene pessoal (pasta de dente, sabonete, shampoo, papel higi\u00eanico, fraldas descart\u00e1veis, len\u00e7os umedecidos), entre outros.<\/p>\n<p>A entrega das doa\u00e7\u00f5es ocorrer\u00e1 no dia 9 de dezembro, das 8h \u00e0s 11h. Informa\u00e7\u00f5es: (31) 3409-5181 e 3409-5183.<\/p>\n<p>(<em>Fonte: Cedecom &#8211; Assessoria de Imprensa &#8211; 01\/12\/2014<\/em>)<\/p>\n<p align=\"left\"><span class=\"texto\"><br \/>\n<\/span><\/p>\n<\/td>\n<\/tr>\n<tr>\n<td align=\"LEFT\" valign=\"TOP\" height=\"495\"><\/td>\n<td align=\"LEFT\" valign=\"TOP\"><\/td>\n<td align=\"LEFT\" valign=\"TOP\">\n<p align=\"left\"><span class=\"texto\"><a id=\"7\" name=\"ainformativo7\"><\/a><span class=\"titulo\">MUSEU DE HIST\u00d3RIA NATURAL DA UFMG RECEBE INSCRI\u00c7\u00d5ES PARA COL\u00d4NIA DE F\u00c9RIAS<\/span><\/span><\/p>\n<p align=\"justify\">O Museu de Hist\u00f3ria Natural e Jardim Bot\u00e2nico (MHNJB) da UFMG recebe at\u00e9 13 de dezembro inscri\u00e7\u00f5es para a 9\u00aa edi\u00e7\u00e3o da Col\u00f4nia de F\u00e9rias, que oferecer\u00e1 entre os dias 19 e 23 de janeiro atividades recreativas e de entretenimento com componentes art\u00edsticos, culturais e de divulga\u00e7\u00e3o cient\u00edfica. A programa\u00e7\u00e3o, que \u00e9 destinada a crian\u00e7as de 5 a 12 anos, inclui visitas \u00e0s exposi\u00e7\u00f5es do MHNJB, oficinas, jogos did\u00e1ticos, caminhadas na mata e brincadeiras tradicionais diferentes daquelas vivenciadas em visitas escolares ou tur\u00edsticas. As inscri\u00e7\u00f5es devem ser feitas no site www.mhnjb.ufmg.br.<\/p>\n<p>Ap\u00f3s a confirma\u00e7\u00e3o, os respons\u00e1veis devem efetuar o pagamento da taxa na portaria 1 do Museu at\u00e9 o dia 22 de dezembro. Os interessados podem escolher os dias e os per\u00edodos que desejam inscrever suas crian\u00e7as. S\u00e3o disponibilizadas 80 vagas &#8211; 50 pela manh\u00e3, das 8h \u00e0s 12h, e 30 \u00e0 tarde, das 13h \u00e0s 17h. As crian\u00e7as devem levar seu lanche, e as inscritas em per\u00edodo integral, das 8h \u00e0s 17h, ter\u00e3o o custo de R$ 9,00 com o almo\u00e7o, que dever\u00e1 ser pago \u00e0 respons\u00e1vel pela cantina do Museu.<\/p>\n<p>Informa\u00e7\u00f5es podem ser obtidas pelo telefone (31) 3409-7639\/7647<\/p>\n<p>O Museu de Hist\u00f3ria Natural e Jardim Bot\u00e2nico UFMG fica na rua Gustavo da Silveira, 1035, no bairro Santa In\u00eas.<\/p>\n<p>Assessoria de comunica\u00e7\u00e3o Museu de Hist\u00f3ria Natural e Jardim Bot\u00e2nico da UFMG &#8211; comunicacao@mhnjb.ufmg.br &#8211; (31) 3409-7607<\/p>\n<p>(<em>Fonte: Cedecom &#8211; Assessoria de Imprensa &#8211; 03\/12\/2014<\/em>)<\/p>\n<p align=\"left\"><span class=\"texto\"><br \/>\n<\/span><\/p>\n<\/td>\n<\/tr>\n<tr>\n<td align=\"LEFT\" valign=\"TOP\" width=\"12\"><\/td>\n<td align=\"LEFT\" valign=\"TOP\"><\/td>\n<td align=\"LEFT\" valign=\"TOP\">\n<p align=\"left\">\n<\/td>\n<\/tr>\n<p><!-- #BeginEditable \"materias\" --> <!-- #EndEditable --><\/tbody>\n<\/table>\n<p><!-- fim tabela ha 20 anos --><\/div>\n<p><a name=\"eventos\"><\/a><\/p>\n<h4>Eventos<\/h4>\n<div class=\"centro-sistematico\"><!-- noticias --><\/p>\n<table border=\"0\" cellspacing=\"0\" cellpadding=\"0\">\n<tbody>\n<tr>\n<td align=\"LEFT\" valign=\"TOP\"><\/td>\n<td align=\"LEFT\" valign=\"TOP\"><\/td>\n<\/tr>\n<p><!-- #BeginEditable \"materias\" --> <!-- #EndEditable --><\/tbody>\n<\/table>\n<table border=\"0\" cellspacing=\"0\" cellpadding=\"0\">\n<tbody>\n<tr>\n<td><\/td>\n<td><\/td>\n<td><\/td>\n<td><\/td>\n<\/tr>\n<tr>\n<td align=\"LEFT\" valign=\"TOP\" height=\"350\"><\/td>\n<td align=\"LEFT\" valign=\"TOP\"><\/td>\n<td align=\"LEFT\" valign=\"TOP\"><\/td>\n<td align=\"LEFT\" valign=\"TOP\"><a id=\"1\" name=\"aeventos1\"><\/a><span class=\"titulo\">FESTA DE NATAL DA DTI<\/span><\/p>\n<p class=\"texto\" align=\"justify\">Os preparativos para a Festa de Natal da DTI est\u00e3o em andamento. A lista de participa\u00e7\u00e3o foi passada entre os funcion\u00e1rios e, agora, est\u00e1 sendo recolhida a contribui\u00e7\u00e3o de cada um.<br \/>\nA Festa de Natal ser\u00e1 realizada no dia 18 de dezembro, a partir das 12h, no Clubinho, que fica localizado na Enseada das Gar\u00e7as, regi\u00e3o da Pampulha. Os participantes que n\u00e3o conhecem o local receber\u00e3o um mapa de localiza\u00e7\u00e3o do evento.<\/p>\n<p>Como sempre, est\u00e1 sendo solicitada a participa\u00e7\u00e3o de todos no sorteio da Cesta de Natal. Esta cesta conta com a colabora\u00e7\u00e3o dos funcion\u00e1rios para a sua confec\u00e7\u00e3o, com biscoitos, balas, bombons, mini refrigerantes, panetones, enlatados \u00e0 vontade, tudo que se possa colocar em uma cesta de guloseimas para o Natal. Cada item doado dar\u00e1 direito a 1 bilhete numerado, e o sorteio ser\u00e1 realizado no dia da festa.<\/p>\n<p>Os itens para a cesta devem ser entregues diretamente na Reda\u00e7\u00e3o de O Sistem\u00e1tico.<\/p>\n<p>Quanto \u00e0 ornamenta\u00e7\u00e3o do CECOM, o subsolo est\u00e1 enfeitado desde a semana passada, gra\u00e7as \u00e0 Elza, que sempre cuida do local. O 8\u00ba andar foi decorado esta semana. Enfim, o esp\u00edrito do Natal chegou ao CECOM!<\/p>\n<p class=\"texto\" align=\"justify\"><span class=\"texto\"><\/p>\n<p><\/span><\/p>\n<\/td>\n<\/tr>\n<tr>\n<td align=\"LEFT\" valign=\"TOP\" height=\"137\"><\/td>\n<td align=\"LEFT\" valign=\"TOP\"><\/td>\n<td align=\"LEFT\" valign=\"TOP\"><\/td>\n<td align=\"LEFT\" valign=\"TOP\"><a id=\"2\" name=\"aeventos2\"><\/a><span class=\"titulo\">SOCIAIS<\/span><\/p>\n<p class=\"texto\" align=\"justify\"><strong>ANIVERS\u00c1RIOS:<\/strong> <em>\u201cO Sistem\u00e1tico\u201d envia os parab\u00e9ns para Cl\u00e1udia Galinkin, no dia 09; e para os ex-ceconianos: Luiz Gomes Temponi, no dia 04; Ivan de Oliveira Ara\u00fajo, no dia 06; Nat\u00e1lia Costa Guilheimelli Avelar e Marco Ant\u00f4nio de Oliveira, no dia 08.<\/em><\/p>\n<p class=\"texto\" align=\"justify\"><span class=\"texto\"><\/p>\n<p><\/span><\/p>\n<\/td>\n<\/tr>\n<tr>\n<td align=\"LEFT\" valign=\"TOP\" height=\"169\"><\/td>\n<td align=\"LEFT\" valign=\"TOP\"><\/td>\n<td align=\"LEFT\" valign=\"TOP\"><\/td>\n<td align=\"LEFT\" valign=\"TOP\"><a id=\"3\" name=\"aeventos3\"><\/a><span class=\"titulo\">MEM\u00d3RIA FOTOGR\u00c1FICA DO CECOM<\/span><\/p>\n<p class=\"texto\" align=\"justify\">Os passos finais da instala\u00e7\u00e3o do gerador do pr\u00e9dio da Reitoria foram apresentados na palestra proferida por Carlos Alfeu Furtado da Fonseca, Diretor do CECOM, no 4o Encontro de T\u00e9cnicos de TI da UFMG, ontem, dia 03\/12\/2014. As fotos tiradas e utilizadas por ele est\u00e3o na mem\u00f3ria fotogr\u00e1fica desta semana.<\/p>\n<p class=\"texto\" align=\"center\"><img loading=\"lazy\" decoding=\"async\" src=\"https:\/\/www.ufmg.br\/dti\/wp-content\/uploads\/fotos\/Ano%202014\/Dezembro\/04-12-2014\/gerador_1.jpg\" width=\"500\" height=\"282\" \/><\/p>\n<p class=\"texto\" align=\"center\"><img loading=\"lazy\" decoding=\"async\" src=\"https:\/\/www.ufmg.br\/dti\/wp-content\/uploads\/fotos\/Ano%202014\/Dezembro\/04-12-2014\/gerador_2.jpg\" width=\"500\" height=\"287\" \/><\/p>\n<p class=\"texto\" align=\"center\"><img loading=\"lazy\" decoding=\"async\" src=\"https:\/\/www.ufmg.br\/dti\/wp-content\/uploads\/fotos\/Ano%202014\/Dezembro\/04-12-2014\/gerador_3.jpg\" width=\"499\" height=\"290\" \/><\/p>\n<p class=\"texto\" align=\"center\"><img loading=\"lazy\" decoding=\"async\" src=\"https:\/\/www.ufmg.br\/dti\/wp-content\/uploads\/fotos\/Ano%202014\/Dezembro\/04-12-2014\/gerador_4.jpg\" width=\"500\" height=\"285\" \/><\/p>\n<p class=\"texto\" align=\"center\">\n<\/td>\n<\/tr>\n<p><!-- #BeginEditable \"materias\" --> <!-- #EndEditable --><\/tbody>\n<\/table>\n<p><!-- fim noticias --><\/p>\n<table border=\"0\" cellspacing=\"0\" cellpadding=\"0\">\n<tbody>\n<tr>\n<td align=\"LEFT\" valign=\"TOP\" width=\"276\"><\/td>\n<td align=\"LEFT\" valign=\"TOP\" width=\"274\"><\/td>\n<\/tr>\n<p><!-- #BeginEditable \"materias\" --> <!-- #EndEditable --><\/tbody>\n<\/table>\n<\/div>\n","protected":false},"excerpt":{"rendered":"<p>Not\u00edcias DTI REALIZA O 4\u00ba ENCONTRO DE T\u00c9CNICOS DE TI DA UFMG RNP MINISTRA CURSO PARA EQUIPE DA DTI NA PR\u00d3XIMA SEMANA UFMG INSTALA GERADOR NO PR\u00c9DIO DA REITORIA CECOM RECEBE NOVO FUNCION\u00c1RIO SA\u00cdDA DE ESTAGI\u00c1RIO Informativo PRORH DIVULGA ORIENTA\u00c7\u00c3O SOBRE RECESSO DE FINAL DE ANO AVALIA\u00c7\u00c3O DE DESEMPENHO 2014 TEM NOVO PRAZO ESTAT\u00cdSTICAS DE &#8230; <a title=\"Sistem\u00e1tico: Edi\u00e7\u00e3o 1626 &#8211; 04\/12\/2014\" class=\"read-more\" href=\"https:\/\/www.ufmg.br\/dti\/2014\/12\/04\/sistematico-edicao-1626-04122014\/\" aria-label=\"Read more about Sistem\u00e1tico: Edi\u00e7\u00e3o 1626 &#8211; 04\/12\/2014\">Ler mais<\/a><\/p>\n","protected":false},"author":3,"featured_media":1590,"comment_status":"open","ping_status":"open","sticky":false,"template":"","format":"standard","meta":{"inline_featured_image":false,"footnotes":""},"categories":[13],"tags":[],"coauthors":[79],"class_list":["post-2870","post","type-post","status-publish","format-standard","has-post-thumbnail","hentry","category-sistematico"],"_links":{"self":[{"href":"https:\/\/www.ufmg.br\/dti\/wp-json\/wp\/v2\/posts\/2870","targetHints":{"allow":["GET"]}}],"collection":[{"href":"https:\/\/www.ufmg.br\/dti\/wp-json\/wp\/v2\/posts"}],"about":[{"href":"https:\/\/www.ufmg.br\/dti\/wp-json\/wp\/v2\/types\/post"}],"author":[{"embeddable":true,"href":"https:\/\/www.ufmg.br\/dti\/wp-json\/wp\/v2\/users\/3"}],"replies":[{"embeddable":true,"href":"https:\/\/www.ufmg.br\/dti\/wp-json\/wp\/v2\/comments?post=2870"}],"version-history":[{"count":0,"href":"https:\/\/www.ufmg.br\/dti\/wp-json\/wp\/v2\/posts\/2870\/revisions"}],"wp:attachment":[{"href":"https:\/\/www.ufmg.br\/dti\/wp-json\/wp\/v2\/media?parent=2870"}],"wp:term":[{"taxonomy":"category","embeddable":true,"href":"https:\/\/www.ufmg.br\/dti\/wp-json\/wp\/v2\/categories?post=2870"},{"taxonomy":"post_tag","embeddable":true,"href":"https:\/\/www.ufmg.br\/dti\/wp-json\/wp\/v2\/tags?post=2870"},{"taxonomy":"author","embeddable":true,"href":"https:\/\/www.ufmg.br\/dti\/wp-json\/wp\/v2\/coauthors?post=2870"}],"curies":[{"name":"wp","href":"https:\/\/api.w.org\/{rel}","templated":true}]}}