{"id":2871,"date":"2014-11-06T08:00:00","date_gmt":"2014-11-06T08:00:00","guid":{"rendered":"https:\/\/www.ufmg.br\/dti\/cecom\/?p=1007"},"modified":"2014-11-06T08:00:00","modified_gmt":"2014-11-06T08:00:00","slug":"sistematico-edicao-1622-06112014","status":"publish","type":"post","link":"https:\/\/www.ufmg.br\/dti\/2014\/11\/06\/sistematico-edicao-1622-06112014\/","title":{"rendered":"Sistem\u00e1tico: Edi\u00e7\u00e3o 1622 &#8211; 06\/11\/2014"},"content":{"rendered":"<ul>\n<li><a href=\"\/dti\/#noticias\">Not\u00edcias<\/a>\n<div class=\"submenuSistematico\">\n<ul>\n<li><a id=\"1\" href=\"\/dti\/#anoticias1\"><span class=\"titulo\"><span class=\"titulo\">CECOM REALIZA ENCONTRO COM PESSOAL DE TI DA ADMINISTRA\u00c7\u00c3O CENTRAL<\/span><\/span><\/a><\/li>\n<li><a id=\"2\" href=\"\/dti\/#anoticias2\"><span class=\"titulo\"><span class=\"titulo\">DRC INICIA TESTES COM IPV6<\/span><\/span><\/a><\/li>\n<li><a id=\"3\" href=\"\/dti\/#anoticias3\"><span class=\"titulo\">DTI PROMOVE 4\u00ba ENCONTRO DE TI DA UFMG<\/span><\/a><\/li>\n<li><a id=\"4\" href=\"\/dti\/#anoticias4\"><span class=\"titulo\"><span class=\"titulo\">CECOM RECEBE NOVO FUNCION\u00c1RIO<\/span><\/span><\/a><\/li>\n<li><a id=\"5\" href=\"\/dti\/#anoticias5\"><span class=\"titulo\"><span class=\"titulo\">TURMA ABERTA DO CURSO DE LINUX TEM O M\u00d3DULO 102 APLICADO A PARTIR DA PR\u00d3XIMA SEMANA<\/span><\/span><\/a><\/li>\n<li><a id=\"6\" href=\"\/dti\/#anoticias6\"><span class=\"titulo\"><span class=\"titulo\">SA\u00cdDA DE FUNCION\u00c1RIO DA DTI<\/span><\/span><\/a><\/li>\n<li><a id=\"7\" href=\"\/dti\/#anoticias7\"><span class=\"titulo\"><span class=\"titulo\">CECOM INICIA PROCESSO DO INVENT\u00c1RIO 2014<\/span><\/span><\/a><\/li>\n<\/ul>\n<\/div>\n<\/li>\n<li><a href=\"\/dti\/#informativo\">Informativo<\/a>\n<div class=\"submenuSistematico\">\n<ul>\n<li><a id=\"1\" href=\"\/dti\/#ainformativo1\"><span class=\"titulo\">CECOM ANO 44<\/span><\/a><\/li>\n<li><a id=\"2\" href=\"\/dti\/#ainformativo2\"><span class=\"titulo\">ESTAT\u00cdSTICAS DE SERVI\u00c7O PROXY HTTP<\/span><\/a><\/li>\n<li><a id=\"3\" href=\"\/dti\/#ainformativo3\"><span class=\"titulo\">DICAS DE SITES INTERESSANTES<\/span><\/a><\/li>\n<li><a id=\"4\" href=\"\/dti\/#ainformativo4\"><span class=\"titulo\">EST\u00c1 NO AR SITE DO ENEM COM INFORMA\u00c7\u00d5ES SOBRE A PROVA DO PR\u00d3XIMO FINAL DE SEMANA<\/span><\/a><\/li>\n<li><a id=\"2\" href=\"\/dti\/#ainformativo2\"><span class=\"titulo\">ESTAT\u00cdSTICAS DE SERVI\u00c7O PROXY HTTP<\/span><\/a><\/li>\n<li><a id=\"5\" href=\"\/dti\/#ainformativo5\"><span class=\"titulo\">H\u00e1 20 anos&#8230;<\/span><\/a><\/li>\n<\/ul>\n<\/div>\n<\/li>\n<li><a href=\"\/dti\/#eventos\">Eventos<\/a>\n<div class=\"submenuSistematico\">\n<ul>\n<li><a id=\"1\" href=\"\/dti\/#aeventos1\"><span class=\"titulo\">SOCIAIS<\/span><\/a><\/li>\n<li><a id=\"2\" href=\"\/dti\/#aeventos2\"><span class=\"titulo\">FESTA DE NATAL DA DTI<\/span><\/a><\/li>\n<li><a id=\"3\" href=\"\/dti\/#aeventos3\"><span class=\"titulo\">MEM\u00d3RIA FOTOGR\u00c1FICA DO CECOM<\/span><\/a><\/li>\n<\/ul>\n<\/div>\n<\/li>\n<\/ul>\n<ul class=\"pdfSist\">\n<li><a href=\"https:\/\/www.ufmg.br\/dti\/wp-content\/uploads\/Sistematico_PDF\/Sist28_2014-A4.pdf\" target=\"_blank\"><img loading=\"lazy\" decoding=\"async\" src=\"https:\/\/www.ufmg.br\/dti\/wp-content\/uploads\/Sistematico_PDF\/mini_pdf.gif\" width=\"46\" height=\"53\" border=\"0\" \/> Vers\u00e3o em PDF<\/a><\/li>\n<\/ul>\n<p><a name=\"noticias\"><\/a><\/p>\n<h4>Not\u00edcias<\/h4>\n<div class=\"centro-sistematico\"><!-- noticias --><\/p>\n<table border=\"0\" cellspacing=\"0\" cellpadding=\"0\">\n<tbody>\n<tr>\n<td height=\"3\"><\/td>\n<td><\/td>\n<\/tr>\n<tr>\n<td align=\"LEFT\" valign=\"TOP\" height=\"446\"><\/td>\n<td align=\"LEFT\" valign=\"TOP\"><a id=\"1\" name=\"anoticias1\"><\/a><span class=\"titulo\"><span class=\"titulo\">CECOM REALIZA ENCONTRO COM PESSOAL DE TI DA ADMINISTRA\u00c7\u00c3O CENTRAL<\/span><\/span><\/p>\n<p align=\"justify\"><span class=\"texto\">Na \u00faltima segunda-feira, dia 03 de novembro, o CECOM realizou um encontro com o pessoal de TI da Administra\u00e7\u00e3o Central, visando atualizar os t\u00e9cnicos com rela\u00e7\u00e3o \u00e0s altera\u00e7\u00f5es previstas no funcionamento da rede dentro da Administra\u00e7\u00e3o Central e discutir padr\u00f5es de instala\u00e7\u00e3o e manuten\u00e7\u00e3o de sistemas e aplicativos em computadores. O encontro aconteceu no CAD 2 e contou com representantes do DLO, DP e Prograd, al\u00e9m de Eug\u00eanio Pacceli Pereira de Souza, da Divis\u00e3o de Atendimento e Consultoria do CECOM. Convidados a colaborar com ideias, compareceram tamb\u00e9m t\u00e9cnicos da Escola de Arquitetura, Fafich e Escola de Engenharia.<\/p>\n<p>O encontro foi aberto por Fernando Frota Machado de Morais, da DRC, que apresentou as novidades previstas para os pr\u00f3ximos meses: implanta\u00e7\u00e3o do IPv6, substitui\u00e7\u00e3o do servidor de arquivos Novell Netware por um baseado em sistema da Microsoft (Active Directory, sobre sistema livre Samba), obrigatoriedade de autentica\u00e7\u00e3o do pr\u00f3prio usu\u00e1rio para acessar os computadores e n\u00e3o de uma conta gen\u00e9rica por \u00f3rg\u00e3o, bloqueio da possibilidade de conex\u00e3o de equipamentos n\u00e3o registrados \u00e0 rede e bloqueio autom\u00e1tico de computadores que fazem altera\u00e7\u00e3o de IP.<\/p>\n<p>Em seguida, Andr\u00e9 Rodrigues Drummond, tamb\u00e9m da DRC, fez uma apresenta\u00e7\u00e3o do padr\u00e3o definido pelo CECOM para computadores baseados em sistema Windows, inclusive do pacote b\u00e1sico de aplicativos. Esta apresenta\u00e7\u00e3o abriu espa\u00e7o para uma discuss\u00e3o muito produtiva sobre melhorias poss\u00edveis no padr\u00e3o, como substitui\u00e7\u00e3o de alguns aplicativos e inclus\u00e3o de outros para detec\u00e7\u00e3o de malwares.<\/span><\/p>\n<div align=\"center\"><\/div>\n<\/td>\n<\/tr>\n<tr>\n<td align=\"LEFT\" valign=\"TOP\" height=\"289\"><\/td>\n<td align=\"LEFT\" valign=\"TOP\"><a id=\"2\" name=\"anoticias2\"><\/a><span class=\"titulo\"><span class=\"titulo\">DRC INICIA TESTES COM IPV6<\/span><\/span><\/p>\n<p align=\"justify\"><span class=\"texto\">Com a substitui\u00e7\u00e3o do roteador central da UFMG, um Extreme modelo Alpine 3804, por outro da mesma marca, modelo Summit X-670, a UFMG come\u00e7ou a dar os passos finais para implanta\u00e7\u00e3o do IPv6 em sua rede.<\/p>\n<p>O IPv6 deve, em m\u00e9dio prazo, substituir definitivamente o IPv4, protocolo utilizado atualmente e que est\u00e1 com sua capacidade de endere\u00e7amento esgotada no mundo. Em termos pr\u00e1ticos, endere\u00e7os IPv4 correspondem aos endere\u00e7os dos computadores da UFMG iniciados com \u201c150.164\u201d.<\/p>\n<p>Endere\u00e7os IPv6 j\u00e1 est\u00e3o configurados nos equipamentos que comp\u00f5em a infraestrutura central da Rede UFMG e no roteador que atende \u00e0 Reitoria. Nestes equipamentos est\u00e3o sendo feitos testes para adequa\u00e7\u00e3o dos filtros que protegem os computadores de acessos indevidos,atualmente existentes apenas para os endere\u00e7os IPv4.<\/span><\/p>\n<div align=\"center\"><\/div>\n<\/td>\n<\/tr>\n<tr>\n<td align=\"LEFT\" valign=\"TOP\" height=\"236\"><\/td>\n<td align=\"LEFT\" valign=\"TOP\"><a id=\"3\" name=\"anoticias3\"><\/a><span class=\"titulo\">DTI PROMOVE 4\u00ba ENCONTRO DE TI DA UFMG<\/span><\/p>\n<p><span class=\"texto\">A DTI est\u00e1 programando o 4o Encontro de T\u00e9cnicos de TI da UFMG para o dia 28\/11\/2014, \u00e0s 14h, em local que ainda est\u00e1 sendo definido.<\/p>\n<p>O objetivo do Encontro \u00e9 informar sobre o andamento dos v\u00e1rios projetos em execu\u00e7\u00e3o na DTI e a troca de experi\u00eancias onde ser\u00e3o repassadas orienta\u00e7\u00f5es sobre quest\u00f5es envolvendo TI.<\/p>\n<p>A Divis\u00e3o de Atendimento e Consultoria est\u00e1 solicitando dos participantes sugest\u00f5es de pauta. O convite definitivo para todos os Analistas e T\u00e9cnicos de TI ser\u00e1 logo enviado.<\/span><\/p>\n<div>\n<p>&nbsp;<\/p>\n<\/div>\n<div align=\"center\"><\/div>\n<\/td>\n<\/tr>\n<tr>\n<td align=\"LEFT\" valign=\"TOP\" height=\"493\"><\/td>\n<td align=\"LEFT\" valign=\"TOP\"><a id=\"4\" name=\"anoticias4\"><\/a><span class=\"titulo\"><span class=\"titulo\">CECOM RECEBE NOVO FUNCION\u00c1RIO<\/span><\/span><\/p>\n<p align=\"justify\"><span class=\"texto\">O CECOM recebeu, no dia 29\/10, mais um funcion\u00e1rio para o seu quadro. Trata-se de Gladson Ot\u00e1vio Recieri, Analista de Tecnologia da Informa\u00e7\u00e3o, lotado na DIS &#8211; Divis\u00e3o de Infraestrutura de Servi\u00e7os.<\/p>\n<p>Gladson \u00e9 graduado em Tecnologia de Banco de Dados (Faculdade Inforium de Tecnologia) e tem Especializa\u00e7\u00e3o em Engenharia de Software (UNA).<\/p>\n<p>Ele entrou para a UFMG em fevereiro de 2011, como T\u00e9cnico em Tecnologia da Informa\u00e7\u00e3o, lotado na Faculdade de Letras\/Setor de TI.<\/p>\n<p>Ap\u00f3s o Concurso P\u00fablico em 2013, Gladson foi admitido como Analista de TI, lotado no CECOM.<\/span><\/p>\n<p align=\"center\"><img loading=\"lazy\" decoding=\"async\" src=\"https:\/\/www.ufmg.br\/dti\/wp-content\/uploads\/fotos\/Ano%202014\/Novembro\/06-11-2014\/EntradaGladsonDIS_nov2014_v4.jpg\" width=\"166\" height=\"185\" \/><br \/>\n<strong>Gladson Recieri<\/strong><\/p>\n<div align=\"center\"><\/div>\n<\/td>\n<\/tr>\n<tr>\n<td align=\"LEFT\" valign=\"TOP\" height=\"345\"><\/td>\n<td align=\"LEFT\" valign=\"TOP\"><a id=\"5\" name=\"anoticias5\"><\/a><span class=\"titulo\"><span class=\"titulo\">TURMA ABERTA DO CURSO DE LINUX TEM O M\u00d3DULO 102 APLICADO A PARTIR DA PR\u00d3XIMA SEMANA<\/span><\/span><\/p>\n<p align=\"justify\"><span class=\"texto\">As aulas da primeira turma aberta do Curso de Linux &#8211; M\u00f3dulo LPI &#8211; 101 foram encerradas no dia 24\/10. A mesma turma participante do primeiro m\u00f3dulo estar\u00e1, a partir do dia 10 de novembro, inscrita no M\u00f3dulo LPI &#8211; 102. O segundo m\u00f3dulo ser\u00e1 encerrado em 28 de novembro.<\/p>\n<p>Fazem parte desta turma os seguintes funcion\u00e1rios: Alexandre Alves da Rocha, Andr\u00e9 Rodrigues Drummond, Bruno Oliveira de Carvalho, Cristiano Rodrigues Rosa, Daniel Felippe Bernardino Corr\u00eaa, Davidysson Abreu Alvarenga, Edilson Costa de Oliveira. \u00c9rika Gon\u00e7alves de Assis, Fl\u00e1vio Mangerotti de Lima Soares, Henrique Gomes Nunes, Hermes Luciano Monteiro J\u00fanior, Jo\u00e3o Paulo Pio Alvisi, Leonardo Carlos da Cruz, Luiz Henrique Loureiro dos Santos e Mateus Andrade Rezende.<\/p>\n<p>O instrutor \u00e9 Emerson Henrique Kfuri Pereira e o monitor \u00e9 Gessy Caetano da Silva J\u00fanior.<br \/>\nAs aulas ser\u00e3o realizadas na Sala de Aulas do CECOM, no subsolo do pr\u00e9dio da Reitoria, de segunda a quinta-feira, das 8h \u00e0s 12h.<\/span><\/p>\n<div align=\"center\"><\/div>\n<\/td>\n<\/tr>\n<tr>\n<td align=\"LEFT\" valign=\"TOP\" height=\"439\"><\/td>\n<td align=\"LEFT\" valign=\"TOP\"><a id=\"6\" name=\"anoticias6\"><\/a><span class=\"titulo\"><span class=\"titulo\">SA\u00cdDA DE FUNCION\u00c1RIO DA DTI<\/span><\/span><\/p>\n<p align=\"justify\"><span class=\"texto\">O Analista de Tecnologia da Informa\u00e7\u00e3o Angelo Bechler de Moro saiu da Diretoria de Tecnologia da Informa\u00e7\u00e3o no dia 03\/11\/2014.<\/p>\n<p>Angelo entrou para a DTI em 1\u00ba de agosto deste ano compondo a equipe nas tarefas de modelagem de processos.<\/p>\n<p>Ele atuou sob a coordena\u00e7\u00e3o de Ronaldo Ara\u00fajo Costa.<br \/>\n<\/span><\/p>\n<p align=\"center\"><img loading=\"lazy\" decoding=\"async\" src=\"https:\/\/www.ufmg.br\/dti\/wp-content\/uploads\/fotos\/Ano%202014\/Novembro\/06-11-2014\/Saida_AngeloDPS_ago2014.jpg\" width=\"180\" height=\"185\" \/><br \/>\n<strong>Angelo Bechler de Moro<\/strong><\/p>\n<div align=\"center\"><\/div>\n<\/td>\n<\/tr>\n<tr>\n<td align=\"LEFT\" valign=\"TOP\" height=\"265\"><\/td>\n<td align=\"LEFT\" valign=\"TOP\"><a id=\"7\" name=\"anoticias7\"><\/a><span class=\"titulo\"><span class=\"titulo\">CECOM INICIA PROCESSO DO INVENT\u00c1RIO 2014<\/span><\/span><\/p>\n<p align=\"justify\"><span class=\"texto\">O CECOM j\u00e1 deu in\u00edcio ao processo do Invent\u00e1rio 2014 com a forma\u00e7\u00e3o da sua Comiss\u00e3o Inventariante.<\/p>\n<p>Foram designados os seguintes funcion\u00e1rios: Ivan Santana Santos, da DRC (Presidente); Geraldo Martins da Costa, da DIS; Felipe Ribeiro de Oliveira, da DIS; Thalita Ferreira Drumond, da DAA; e Walison Dias da Silva, da DAS.<\/p>\n<p>Na pr\u00f3xima semana, a comiss\u00e3o se reunir\u00e1 para dar in\u00edcio aos trabalhos.<\/span><\/p>\n<div align=\"center\"><\/div>\n<\/td>\n<\/tr>\n<p><!-- #BeginEditable \"materias\" --> <!-- #EndEditable --><\/tbody>\n<\/table>\n<table border=\"0\" cellspacing=\"0\" cellpadding=\"0\">\n<tbody>\n<tr>\n<td align=\"LEFT\" valign=\"TOP\"><\/td>\n<td align=\"LEFT\" valign=\"TOP\"><\/td>\n<\/tr>\n<p><!-- #BeginEditable \"materias\" --> <!-- #EndEditable --><\/tbody>\n<\/table>\n<\/div>\n<p><a name=\"informativo\"><\/a><\/p>\n<h4>Informativo<\/h4>\n<div class=\"centro-sistematico\"><!-- noticias --><\/p>\n<table border=\"0\" cellspacing=\"0\" cellpadding=\"0\">\n<tbody>\n<tr>\n<td><\/td>\n<td><\/td>\n<\/tr>\n<p><!-- #BeginEditable \"materias\" --> <!-- #EndEditable --><\/tbody>\n<\/table>\n<p><!-- fim noticias --> <!-- tabela ha 20 anos --><\/p>\n<table border=\"0\" cellspacing=\"0\" cellpadding=\"0\" bgcolor=\"#FFFFFF\">\n<tbody>\n<tr>\n<td align=\"LEFT\" valign=\"TOP\" height=\"316\"><\/td>\n<td align=\"LEFT\" valign=\"TOP\"><\/td>\n<td align=\"LEFT\" valign=\"TOP\">\n<p align=\"left\"><span class=\"texto\"><a id=\"1\" name=\"ainformativo1\"><\/a><span class=\"titulo\">CECOM ANO 44<\/span><\/span><\/p>\n<table border=\"1\" width=\"100%\" bgcolor=\"#CCCCCC\">\n<tbody>\n<tr>\n<td width=\"14%\" height=\"99\">\n<div align=\"center\">\n<p align=\"justify\">\nNa ter\u00e7a-feira, dia 04 de novembro, o Centro de Computa\u00e7\u00e3o completou 44 anos. A Portaria no 569, de cria\u00e7\u00e3o do CECOM, saiu no dia 04 de novembro de 1970, em substitui\u00e7\u00e3o ao antigo Centro de Processamento de Dados, que existia desde 1967.<\/p>\n<p>S\u00e3o 44 anos de um trabalho sem igual na UFMG. Os parab\u00e9ns para os pioneiros, principalmente, o Prof. Ant\u00f4nio Mendes Ribeiro, primeiro diretor do CECOM (Gest\u00e3o 1970-1980) e para aqueles que o seguiram na diretoria: Maria Miriam Arruda (Gest\u00e3o agosto\/1980 a outubro\/1984), Prof. Jo\u00e3o Carlos Pires Bauer (Gest\u00e3o novembro\/1984 a abril\/1986), Eduardo Henrique Lima (Gest\u00e3o abril\/1986 a mar\u00e7o\/1994) e Carlos Alfeu Furtado da Fonseca (Gest\u00e3o mar\u00e7o\/1994 at\u00e9 o momento). Os parab\u00e9ns para todos os ceconianos e ex-ceconianos, participantes desta trajet\u00f3ria na UFMG.<\/p>\n<\/div>\n<\/td>\n<\/tr>\n<\/tbody>\n<\/table>\n<p align=\"left\"><span class=\"texto\"><br \/>\n<\/span><\/p>\n<\/td>\n<\/tr>\n<tr>\n<td align=\"LEFT\" valign=\"TOP\" height=\"316\"><\/td>\n<td align=\"LEFT\" valign=\"TOP\"><\/td>\n<td align=\"LEFT\" valign=\"TOP\">\n<p align=\"left\"><span class=\"texto\"><a id=\"2\" name=\"ainformativo2\"><\/a><span class=\"titulo\">ESTAT\u00cdSTICAS DE SERVI\u00c7O PROXY HTTP<\/span><\/span><\/p>\n<p align=\"justify\">Destinado a diminuir o tr\u00e1fego de navega\u00e7\u00e3o na RNP e acelerar o acesso de m\u00e1quinas internas e sites externos, a UFMG conta com o servi\u00e7o de proxy HTTP, implantado em abril\/2006.<\/p>\n<p>Todos os meses, O Sistem\u00e1tico tem publicado as estat\u00edsticas de acesso a esse servi\u00e7o.<\/p>\n<p>At\u00e9 o dia 31 de outubro de 2014, foram registrados 15.213 usu\u00e1rios diferentes acessando o sistema desde a sua implanta\u00e7\u00e3o. O gr\u00e1fico abaixo mostra o total de registros mensais.<\/p>\n<p>Para quem est\u00e1 fora da Rede UFMG (por exemplo, acessando a Internet de casa), o proxy permite o acesso a sites n\u00e3o p\u00fablicos.<\/p>\n<p>A queda acentuada no uso do Proxy teve in\u00edcio com a ado\u00e7\u00e3o do acesso direto com a autentica\u00e7\u00e3o via comunidade CAFe.<\/p>\n<p align=\"center\"><img loading=\"lazy\" decoding=\"async\" src=\"https:\/\/www.ufmg.br\/dti\/wp-content\/uploads\/fotos\/Ano%202014\/Novembro\/06-11-2014\/Proxy_out2014.png\" width=\"500\" height=\"205\" \/><\/p>\n<p align=\"left\"><span class=\"texto\"><br \/>\n<\/span><\/p>\n<\/td>\n<\/tr>\n<tr>\n<td align=\"LEFT\" valign=\"TOP\" height=\"401\"><\/td>\n<td align=\"LEFT\" valign=\"TOP\"><\/td>\n<td align=\"LEFT\" valign=\"TOP\">\n<p align=\"left\"><span class=\"texto\"><a id=\"3\" name=\"ainformativo3\"><\/a><span class=\"titulo\">DICAS DE SITES INTERESSANTES<\/span><\/span><\/p>\n<p align=\"justify\">Adyrus, o ca\u00e7ador de sites, enviou as seguintes dicas:<\/p>\n<p>&#8211; \u201cEstudamos juntos. Ajudamo-nos uns aos outros com as li\u00e7\u00f5es de casa.\u201d <a href=\"http:\/\/brainly.com.br\/\">Clique<\/a>.<\/p>\n<p>&#8211; Conte\u00fados Educacionais Digitais Creative Commons. Facilitar o livre acesso da popula\u00e7\u00e3o que deseja aperfei\u00e7oar ou estudar um determinado conte\u00fado. <a href=\"http:\/\/condigital.cursosccead.net\/condigital\/\">Veja<\/a>.<\/p>\n<p>&#8211; Saiba como como ler os r\u00f3tulos dos alimentos no <a href=\"http:\/\/saude.ig.com.br\/alimentacao\/como%2Bler%2Bos%2Brotulos%2Bdos%2Balimentos\/n1237860970374.html\">endere\u00e7o<\/a>.<\/p>\n<p>&#8211; Veja como se alimentar corretamente. <a href=\"http:\/\/pt.wikihow.com\/Se-Alimentar-Corretamente\">Acesse<\/a>.<\/p>\n<p>&#8211; Parece, mas n\u00e3o \u00e9: alguns alimentos considerados saud\u00e1veis podem enganar. Saiba mais no <a href=\"http:\/\/noticias.uol.com.br\/saude\/ultimas-noticias\/redacao\/2013\/07\/24\/parece-mas-nao-e-alguns-alimentos-considerados-saudaveis-podem-enganar.htm\">endere\u00e7o<\/a>.<\/p>\n<p>&#8211; A revista Educa\u00e7\u00e3o (UFSM) destina-se \u00e0 publica\u00e7\u00e3o de trabalhos in\u00e9ditos na \u00e1rea de Educa\u00e7\u00e3o, resultantes de pesquisas e pr\u00e1ticas educativas refletidas teorica-mente.\u00a0<a href=\"http:\/\/cascavel.ufsm.br\/revistas\/ojs-2.2.2\/index.php\/reveducacao\/issue\/archive\">Veja<\/a>.<\/p>\n<p>&#8211; Conhecimento ao seu alcance.E-Book Gr\u00e1tis na Unesp. <a href=\"http:\/\/barnard.ead.unesp.br\/\">Clique<\/a>.<\/p>\n<p>&#8211; Verificador de formula l\u00f3gica. <a href=\"http:\/\/www.umsu.de\/logik\/trees\/\">Veja<\/a>.<\/p>\n<p align=\"left\"><span class=\"texto\"><br \/>\n<\/span><\/p>\n<\/td>\n<\/tr>\n<tr>\n<td align=\"LEFT\" valign=\"TOP\" height=\"316\"><\/td>\n<td align=\"LEFT\" valign=\"TOP\"><\/td>\n<td align=\"LEFT\" valign=\"TOP\">\n<p align=\"left\"><span class=\"texto\"><a id=\"4\" name=\"ainformativo4\"><\/a><span class=\"titulo\">EST\u00c1 NO AR SITE DO ENEM COM INFORMA\u00c7\u00d5ES SOBRE A PROVA DO PR\u00d3XIMO FINAL DE SEMANA<\/span><\/span><\/p>\n<p align=\"justify\">A p\u00e1gina do Exame Nacional do Ensino M\u00e9dio (Enem) com orienta\u00e7\u00f5es para os candidatos que far\u00e3o as provas neste fim de semana (8 e 9 de novembro) j\u00e1 est\u00e1 no ar. O exame \u00e9 obrigat\u00f3rio para os estudantes que desejam concorrer a vagas dos cursos de gradua\u00e7\u00e3o da UFMG.<\/p>\n<p>No novo endere\u00e7o eletr\u00f4nico, http:\/\/enem.inep.gov.br\/, o candidato pode se informar sobre documentos e material necess\u00e1rios para fazer o exame, din\u00e2mica das provas, atendimento especializado e outros t\u00f3picos. O site cont\u00e9m tamb\u00e9m indica\u00e7\u00f5es sobre os locais onde ser\u00e3o realizadas as provas.<\/p>\n<p>Em Belo Horizonte, ser\u00e3o aplicadas provas nos campus Pampulha e Sa\u00fade da UFMG e na Faculdade de Direito. O telefone do MEC para mais informa\u00e7\u00f5es sobre o exame \u00e9 0800-616161.<\/p>\n<p>(Com Redes Sociais UFMG)<br \/>\n(<em>Fonte: https:\/\/www.ufmg.br\/online\/arquivos\/035923.shtml &#8211; 06\/11\/2014<\/em>)<\/p>\n<p align=\"left\"><span class=\"texto\"><br \/>\n<\/span><\/p>\n<\/td>\n<\/tr>\n<tr>\n<td align=\"LEFT\" valign=\"TOP\" height=\"367\"><\/td>\n<td align=\"LEFT\" valign=\"TOP\"><\/td>\n<td align=\"LEFT\" valign=\"TOP\">\n<p align=\"left\"><span class=\"texto\"><a id=\"2\" name=\"ainformativo2\"><\/a><span class=\"titulo\">ESTAT\u00cdSTICAS DE SERVI\u00c7O PROXY HTTP<\/span><\/span><\/p>\n<p align=\"justify\"><span class=\"texto\">O Museu de Hist\u00f3ria Natural e Jardim Bot\u00e2nico da UFMG abre a exposi\u00e7\u00e3o Primavera no Museu sob os olhares de seus funcion\u00e1rios, que vai at\u00e9 7 de novembro, de segunda a sexta-feira, das 8 \u00e0s 16 horas, com entrada gratuita. O objetivo \u00e9 divulgar fotografias feitas por servidores da Universidade que retratam a flora diversificada do espa\u00e7o. A mostra conta tamb\u00e9m com obras que trazem informa\u00e7\u00f5es sobre as esp\u00e9cies fotografadas.<\/p>\n<p>A iniciativa surgiu do grande n\u00famero de fotografias postadas nas redes s<\/span><span class=\"texto\">ociais da bela paisagem do Museu de Hist\u00f3ria Natural e da percep\u00e7\u00e3o do crescente interesse de servidores e visitantes nas flores do local.<\/p>\n<p>Informa\u00e7\u00f5es est\u00e3o dispon\u00edveis no site do Museu www.ufmg.br\/mhnjb\/ e podem tamb\u00e9m ser obtidas pelo telefone (31) 3409-7607.<\/p>\n<p>(Assessoria de imprensa do Museu de Hist\u00f3ria Natural e Jardim Bot\u00e2nico da UFMG &#8211; 3409-7607)<br \/>\n(<em>Fonte: Ag\u00eancia de Not\u00edcias da UFMG &#8211; 30\/10\/2014<\/em>)<\/span><\/p>\n<p align=\"center\"><span class=\"texto\"><br \/>\n<\/span><\/p>\n<\/td>\n<\/tr>\n<tr>\n<td align=\"LEFT\" valign=\"TOP\"><\/td>\n<td align=\"LEFT\" valign=\"TOP\"><\/td>\n<td align=\"LEFT\" valign=\"TOP\"><\/td>\n<\/tr>\n<tr class=\"cinza\" bgcolor=\"#FFFFFF\">\n<td height=\"307\"><img loading=\"lazy\" decoding=\"async\" src=\"https:\/\/www.ufmg.br\/dti\/wp-content\/uploads\/imgs\/tudo_pixel.gif\" alt=\"\" width=\"1\" height=\"1\" border=\"0\" \/><\/td>\n<td align=\"LEFT\" valign=\"TOP\"><\/td>\n<td align=\"LEFT\" valign=\"TOP\"><!-- #BeginEditable \"ha%2020%20anos\" --><\/p>\n<div align=\"justify\">\n<p><a id=\"5\" name=\"ainformativo5\"><\/a><span class=\"titulo\">H\u00e1 20 anos&#8230;<\/span><\/p>\n<p><span class=\"texto\">O Sistem\u00e1tico Ano XVIII, n\u00ba 37, de 10\/11\/1994, publicou not\u00edcias sobre CECOM &#8211; 24 Anos, Nova Periferia do A10, implanta\u00e7\u00e3o da vers\u00e3o MCP 4.0.2, Festa de Natal do CECOM, al\u00e9m do artigo t\u00e9cnico \u201cOs novos perif\u00e9ricos do A10 &#8211; Parte 1\u201d, de autoria de Carlos Alfeu Furtado da Fonseca. As not\u00edcias que se destacaram foram:<\/span><\/p>\n<p><span class=\"texto\"><strong>COMISS\u00c3O DE INFORM\u00c1TICA<\/strong><\/span><\/p>\n<p><span class=\"texto\">Dando prosseguimento \u00e0s visitas que a Comiss\u00e3o de Inform\u00e1tica tem feito \u00e0s unidades e \u00f3rg\u00e3os mais informatizados da Universidade, ontem foi a vez da Escola de Engenharia, no Centro da cidade.<br \/>\nL\u00e1, os membros da comiss\u00e3o, recepcionados pelo Coordenador do CCE &#8211; Centro de C\u00e1lculo Eletr\u00f4nico, prof. Ram\u00f3n Pereira da Silva, puderam conhecer, al\u00e9m do CCE, os recursos computacionais dos v\u00e1rios departamentos localizados nos pr\u00e9dios AG e AS.<br \/>\nNa pr\u00f3xima semana, est\u00e1 marcada uma visita \u00e0s instala\u00e7\u00f5es da Escola de Engenharia (Depto. de Engenharia Mec\u00e2nica), localizada no Campus Pampulha.<\/span><\/p>\n<p><span class=\"texto\"><strong>DIC COM SORRISO<\/strong><\/span><\/p>\n<p><span class=\"texto\">A partir de agora, o software Word For Windows, instalado na Rede CECOM, possui uma macro de interliga\u00e7\u00e3o com o software Dic For Windows.<br \/>\nQuando se desejar saber o significado de uma palavra, basta clicar uma carinha sorridente que agora aparece na barra de menu, marcando a palavra desejada.<br \/>\nEssa nova facilidade do DIC foi disponibilizada pelo funcion\u00e1rio Eug\u00eanio Pacelli Pereira de Souza, da DAC.<\/span><\/p>\n<\/div>\n<div align=\"justify\"><\/div>\n<p><!-- #EndEditable --><\/td>\n<\/tr>\n<tr>\n<td align=\"LEFT\" valign=\"TOP\" width=\"12\"><\/td>\n<td align=\"LEFT\" valign=\"TOP\"><\/td>\n<td align=\"LEFT\" valign=\"TOP\">\n<p align=\"left\">\n<\/td>\n<\/tr>\n<p><!-- #BeginEditable \"materias\" --> <!-- #EndEditable --><\/tbody>\n<\/table>\n<p><!-- fim tabela ha 20 anos --><\/div>\n<p><a name=\"eventos\"><\/a><\/p>\n<h4>Eventos<\/h4>\n<div class=\"centro-sistematico\"><!-- noticias --><\/p>\n<table border=\"0\" cellspacing=\"0\" cellpadding=\"0\">\n<tbody>\n<tr>\n<td align=\"LEFT\" valign=\"TOP\"><\/td>\n<td align=\"LEFT\" valign=\"TOP\"><\/td>\n<\/tr>\n<p><!-- #BeginEditable \"materias\" --> <!-- #EndEditable --><\/tbody>\n<\/table>\n<table border=\"0\" cellspacing=\"0\" cellpadding=\"0\">\n<tbody>\n<tr>\n<td><\/td>\n<td><\/td>\n<td><\/td>\n<td><\/td>\n<\/tr>\n<tr>\n<td align=\"LEFT\" valign=\"TOP\" height=\"201\"><\/td>\n<td align=\"LEFT\" valign=\"TOP\"><\/td>\n<td align=\"LEFT\" valign=\"TOP\"><\/td>\n<td align=\"LEFT\" valign=\"TOP\"><a id=\"1\" name=\"aeventos1\"><\/a><span class=\"titulo\">SOCIAIS<\/span><\/p>\n<p class=\"texto\" align=\"justify\"><strong>ANIVERS\u00c1RIOS: <\/strong><em>\u201cO Sistem\u00e1tico\u201d envia os parab\u00e9ns para Lucas Barsand de Carvalho, no dia 10; Josemar Pereira dos Santos, no dia 11; M\u00e1rcia Regina Lemos, no dia 12; e os ex-ceconianos N\u00e9lia Neiva Zille e M\u00e1rcio Alexandre Moraes, no dia 06; Efig\u00eanio Vieira de Ata\u00edde e Maria Tereza Camargos Diniz Fran\u00e7a, no dia 07; Thiago Souza Ribeiro, no dia 09; Benjamin Pinto Neto e Hilmes Almeida Pinhos Candeira, no dia 11; Gustavo Moreira da Fonseca, no dia 12; Gabriel Pires e Albuquerque de Mello, Danilo Pinheiro Soares Guimar\u00e3es e Maria de F\u00e1tima Rego de Souza, no dia 13.<\/em><\/p>\n<p class=\"texto\" align=\"justify\"><span class=\"texto\"><\/p>\n<p><\/span><\/p>\n<\/td>\n<\/tr>\n<tr>\n<td align=\"LEFT\" valign=\"TOP\" height=\"201\"><\/td>\n<td align=\"LEFT\" valign=\"TOP\"><\/td>\n<td align=\"LEFT\" valign=\"TOP\"><\/td>\n<td align=\"LEFT\" valign=\"TOP\"><a id=\"2\" name=\"aeventos2\"><\/a><span class=\"titulo\">FESTA DE NATAL DA DTI<\/span><\/p>\n<p class=\"texto\" align=\"justify\">A Festa de Natal dos funcion\u00e1rios da DTI est\u00e1 marcada para o dia 18 de dezembro, no mesmo local dos anos anteriores.<\/p>\n<p>A lista de ades\u00e3o foi passada entre os funcion\u00e1rios, mas at\u00e9 o momento faltam algumas pessoas para confirma\u00e7\u00e3o da presen\u00e7a.<\/p>\n<p>A Reda\u00e7\u00e3o de O Sistem\u00e1tico solicita \u00e0queles que ainda n\u00e3o se manifestaram que o fa\u00e7am o mais r\u00e1pido poss\u00edvel, para que as pr\u00f3ximas provid\u00eancias possam ser tomadas. A Reda\u00e7\u00e3o informa que a manifesta\u00e7\u00e3o pode ser feita por e-mail para lele@cecom.ufmg.br.<\/p>\n<p>Quanto ao pagamento da participa\u00e7\u00e3o da festa, todos podem se dirigir \u00e0 Sala 8038-B, e procurar Lel\u00e9 ou Vicentina.<\/p>\n<p class=\"texto\" align=\"justify\"><span class=\"texto\"><\/p>\n<p><\/span><\/p>\n<\/td>\n<\/tr>\n<tr>\n<td align=\"LEFT\" valign=\"TOP\" height=\"169\"><\/td>\n<td align=\"LEFT\" valign=\"TOP\"><\/td>\n<td align=\"LEFT\" valign=\"TOP\"><\/td>\n<td align=\"LEFT\" valign=\"TOP\"><a id=\"3\" name=\"aeventos3\"><\/a><span class=\"titulo\">MEM\u00d3RIA FOTOGR\u00c1FICA DO CECOM<\/span><\/p>\n<p class=\"texto\" align=\"justify\">O Sistem\u00e1tico tem acompanhado os passos do gerador, que est\u00e1 sendo instalado no subsolo do pr\u00e9dio da Reitoria, desde a sua chegada no m\u00eas de maio de 2014. As fotos s\u00e3o de autoria de Di\u00eago Jess\u00e9, Carlos Alfeu e Lel\u00e9.<\/p>\n<div align=\"justify\"><\/div>\n<p class=\"texto\" align=\"center\"><img loading=\"lazy\" decoding=\"async\" src=\"https:\/\/www.ufmg.br\/dti\/wp-content\/uploads\/fotos\/Ano%202014\/Novembro\/06-11-2014\/NovoGerador_Fase1_maio2014_04_v1.jpg\" width=\"500\" height=\"416\" \/><br \/>\n<span class=\"texto\"><strong><span class=\"texto\"><em>A chegada do gerador \u00e0 Reitoria<\/em><\/span><\/strong><\/span><\/p>\n<p class=\"texto\" align=\"center\"><img loading=\"lazy\" decoding=\"async\" src=\"https:\/\/www.ufmg.br\/dti\/wp-content\/uploads\/fotos\/Ano%202014\/Novembro\/06-11-2014\/NovoGerador_Fase2_setembro2014_01_v1.jpg\" width=\"500\" height=\"349\" \/><br \/>\n<span class=\"texto\"><strong><span class=\"texto\"><em>A prepara\u00e7\u00e3o da sala no subsolo para receber o gerador<\/em><\/span><\/strong><\/span><\/p>\n<p class=\"texto\" align=\"center\"><img loading=\"lazy\" decoding=\"async\" src=\"https:\/\/www.ufmg.br\/dti\/wp-content\/uploads\/fotos\/Ano%202014\/Novembro\/06-11-2014\/NovoGerador_Fase2_setembro2014_05_v1.jpg\" width=\"500\" height=\"375\" \/><br \/>\n<span class=\"texto\"><strong><span class=\"texto\"><em>Outra imagem da sala<\/em><\/span><\/strong><\/span><\/p>\n<p class=\"texto\" align=\"center\"><img loading=\"lazy\" decoding=\"async\" src=\"https:\/\/www.ufmg.br\/dti\/wp-content\/uploads\/fotos\/Ano%202014\/Novembro\/06-11-2014\/NovoGerador_Fase3_outubro2014_01_v1.jpg\" width=\"500\" height=\"281\" \/><br \/>\n<span class=\"texto\"><strong><span class=\"texto\"><em>A descida do gerador para o subsolo<\/em><\/span><\/strong><\/span><\/p>\n<p class=\"texto\" align=\"center\"><img loading=\"lazy\" decoding=\"async\" src=\"https:\/\/www.ufmg.br\/dti\/wp-content\/uploads\/fotos\/Ano%202014\/Novembro\/06-11-2014\/NovoGerador_Fase3_outubro2014_02_v1.jpg\" width=\"500\" height=\"386\" \/><br \/>\n<span class=\"texto\"><strong><span class=\"texto\"><em>A descida para o subsolo<\/em><\/span><\/strong><\/span><\/p>\n<p class=\"texto\" align=\"center\"><img loading=\"lazy\" decoding=\"async\" src=\"https:\/\/www.ufmg.br\/dti\/wp-content\/uploads\/fotos\/Ano%202014\/Novembro\/06-11-2014\/NovoGerador_Fase4_novembro2014_02_v1.jpg\" width=\"497\" height=\"500\" \/><br \/>\n<span class=\"texto\"><strong><span class=\"texto\"><em>O est\u00e1gio em que se encontra a instala\u00e7\u00e3o do gerador da Reitoria <\/em><\/span><\/strong><\/span><\/p>\n<p class=\"texto\" align=\"center\">\n<\/td>\n<\/tr>\n<p><!-- #BeginEditable \"materias\" --> <!-- #EndEditable --><\/tbody>\n<\/table>\n<p><!-- fim noticias --><\/p>\n<table border=\"0\" cellspacing=\"0\" cellpadding=\"0\">\n<tbody>\n<tr>\n<td align=\"LEFT\" valign=\"TOP\" width=\"276\"><\/td>\n<td align=\"LEFT\" valign=\"TOP\" width=\"274\"><\/td>\n<\/tr>\n<p><!-- #BeginEditable \"materias\" --> <!-- #EndEditable --><\/tbody>\n<\/table>\n<\/div>\n","protected":false},"excerpt":{"rendered":"<p>Not\u00edcias CECOM REALIZA ENCONTRO COM PESSOAL DE TI DA ADMINISTRA\u00c7\u00c3O CENTRAL DRC INICIA TESTES COM IPV6 DTI PROMOVE 4\u00ba ENCONTRO DE TI DA UFMG CECOM RECEBE NOVO FUNCION\u00c1RIO TURMA ABERTA DO CURSO DE LINUX TEM O M\u00d3DULO 102 APLICADO A PARTIR DA PR\u00d3XIMA SEMANA SA\u00cdDA DE FUNCION\u00c1RIO DA DTI CECOM INICIA PROCESSO DO INVENT\u00c1RIO 2014 &#8230; <a title=\"Sistem\u00e1tico: Edi\u00e7\u00e3o 1622 &#8211; 06\/11\/2014\" class=\"read-more\" href=\"https:\/\/www.ufmg.br\/dti\/2014\/11\/06\/sistematico-edicao-1622-06112014\/\" aria-label=\"Read more about Sistem\u00e1tico: Edi\u00e7\u00e3o 1622 &#8211; 06\/11\/2014\">Ler mais<\/a><\/p>\n","protected":false},"author":3,"featured_media":1598,"comment_status":"open","ping_status":"open","sticky":false,"template":"","format":"standard","meta":{"inline_featured_image":false,"footnotes":""},"categories":[13],"tags":[],"coauthors":[79],"class_list":["post-2871","post","type-post","status-publish","format-standard","has-post-thumbnail","hentry","category-sistematico"],"_links":{"self":[{"href":"https:\/\/www.ufmg.br\/dti\/wp-json\/wp\/v2\/posts\/2871","targetHints":{"allow":["GET"]}}],"collection":[{"href":"https:\/\/www.ufmg.br\/dti\/wp-json\/wp\/v2\/posts"}],"about":[{"href":"https:\/\/www.ufmg.br\/dti\/wp-json\/wp\/v2\/types\/post"}],"author":[{"embeddable":true,"href":"https:\/\/www.ufmg.br\/dti\/wp-json\/wp\/v2\/users\/3"}],"replies":[{"embeddable":true,"href":"https:\/\/www.ufmg.br\/dti\/wp-json\/wp\/v2\/comments?post=2871"}],"version-history":[{"count":0,"href":"https:\/\/www.ufmg.br\/dti\/wp-json\/wp\/v2\/posts\/2871\/revisions"}],"wp:attachment":[{"href":"https:\/\/www.ufmg.br\/dti\/wp-json\/wp\/v2\/media?parent=2871"}],"wp:term":[{"taxonomy":"category","embeddable":true,"href":"https:\/\/www.ufmg.br\/dti\/wp-json\/wp\/v2\/categories?post=2871"},{"taxonomy":"post_tag","embeddable":true,"href":"https:\/\/www.ufmg.br\/dti\/wp-json\/wp\/v2\/tags?post=2871"},{"taxonomy":"author","embeddable":true,"href":"https:\/\/www.ufmg.br\/dti\/wp-json\/wp\/v2\/coauthors?post=2871"}],"curies":[{"name":"wp","href":"https:\/\/api.w.org\/{rel}","templated":true}]}}