{"id":2881,"date":"2014-06-05T08:00:00","date_gmt":"2014-06-05T08:00:00","guid":{"rendered":"https:\/\/www.ufmg.br\/dti\/cecom\/?p=1020"},"modified":"2014-06-05T08:00:00","modified_gmt":"2014-06-05T08:00:00","slug":"sistematico-edicao-1609-05062014","status":"publish","type":"post","link":"https:\/\/www.ufmg.br\/dti\/2014\/06\/05\/sistematico-edicao-1609-05062014\/","title":{"rendered":"Sistem\u00e1tico: Edi\u00e7\u00e3o 1609 &#8211; 05\/06\/2014"},"content":{"rendered":"<ul>\n<li><a href=\"\/dti\/#noticias\">Not\u00edcias<\/a>\n<div class='submenuSistematico'>\n<ul>\n<li><a href=\"\/dti\/#anoticias1\" id=\"1\"><span class=\"titulo\"><span class=\"titulo\">DTI      PROMOVE 2&ordm; ENCONTRO DE T&Eacute;CNICOS DE TI DA UFMG<\/span><\/span><\/a><\/li>\n<li><a href=\"\/dti\/#anoticias2\" id=\"2\"><span class=\"titulo\"><span class=\"titulo\">CECOM      REALIZA REUNI&Atilde;O SOBRE REORGANIZA&Ccedil;&Atilde;O DA DAS<\/span><\/span><\/a><\/li>\n<li><a href=\"\/dti\/#anoticias3\" id=\"3\"><span class=\"titulo\"><span class=\"titulo\">EXPEDIENTE      NA DTI EM DIAS DE JOGO DO BRASIL FORA DE BH<\/span><\/span><\/a><\/li>\n<\/ul>\n<\/div>\n<\/li>\n<li><a href=\"\/dti\/#informativo\">Informativo<\/a>\n<div class='submenuSistematico'>\n<ul>\n<li><a href=\"\/dti\/#ainformativo1\" id=\"1\"><span class=\"titulo\">DICAS      DE SITES INTERESSANTES<\/span><\/a><\/li>\n<li><a href=\"\/dti\/#ainformativo2\" id=\"2\"><span class=\"titulo\">DE      VOLTA A BH, FESTIVAL DE INVERNO DA UFMG ABRE AS PORTAS PARA MANIFESTA&Ccedil;&Otilde;ES      DE CULTURAS N&Atilde;O HEGEM&Ocirc;NICAS<\/span><\/a><\/li>\n<li><a href=\"\/dti\/#ainformativo3\" id=\"3\"><span class=\"titulo\">MUSEU      DE HIST&Oacute;RIA NATURAL DA UFMG RECEBE INSCRI&Ccedil;&Otilde;ES PARA      8&ordf; COL&Ocirc;NIA DE F&Eacute;RIAS<\/span><\/a><\/li>\n<li><a href=\"\/dti\/#ainformativo4\" id=\"4\"><span class=\"titulo\">H\u00e1 20 anos&#8230;<\/span><\/a><\/li>\n<\/ul>\n<\/div>\n<\/li>\n<li><a href=\"\/dti\/#eventos\">Eventos<\/a>\n<div class='submenuSistematico'>\n<ul>\n<li><a href=\"\/dti\/#aeventos1\" id=\"1\"><span class=\"titulo\">SOCIAIS<\/span><\/a><\/li>\n<li><a href=\"\/dti\/#aeventos2\" id=\"2\"><span class=\"titulo\">MEM&Oacute;RIA      FOTOGR&Aacute;FICA DO CECOM<\/span><\/a><\/li>\n<\/ul>\n<\/div>\n<\/li>\n<\/ul>\n<ul class='pdfSist'>\n<li><a href=\"https:\/\/www.ufmg.br\/dti\/wp-content\/uploads\/Sistematico_PDF\/Sist15_2014-A4.pdf\"><img loading=\"lazy\" decoding=\"async\" src=\"https:\/\/www.ufmg.br\/dti\/wp-content\/uploads\/Sistematico_PDF\/mini_pdf.gif\" width=\"46\" height=\"53\" border=\"0\"> Vers\u00e3o em PDF<\/a><\/li>\n<\/ul>\n<p> <a name='noticias'><\/a><\/p>\n<h4>Not\u00edcias<\/h4>\n<div class=\"centro-sistematico\">  <!-- noticias --> <a><\/a>   <\/p>\n<table border=\"0\" cellpadding=\"0\" cellspacing=\"0\">\n<tr>\n<td height=\"911\" align=\"LEFT\" valign=\"TOP\"><\/td>\n<td align=\"LEFT\" valign=\"TOP\">\n<p><a name=\"anoticias1\" id=\"1\"><span class=\"titulo\"><span class=\"titulo\">DTI      PROMOVE 2&ordm; ENCONTRO DE T&Eacute;CNICOS DE TI DA UFMG<\/span><\/span><\/a><\/p>\n<p align=\"justify\"><span class=\"texto\"> No dia 30 de maio, na parte da      tarde, a equipe t&eacute;cnica da Diretoria de Tecnologia da Informa&ccedil;&atilde;o      (DTI) promoveu o 2o Encontro com os t&eacute;cnicos de TI das unidades      administrativas e acad&ecirc;micas da UFMG. O evento ocorreu no audit&oacute;rio      2 da FACE. <\/p>\n<p>     Atendendo ao seu objetivo, o Encontro informou sobre o andamento dos      v&aacute;rios projetos em execu&ccedil;&atilde;o na DTI e proporcionou      uma troca de experi&ecirc;ncias sobre v&aacute;rias quest&otilde;es      envolvendo TI na Universidade. <\/p>\n<p>     O novo Diretor da DTI, Prof. Di&oacute;genes Cec&iacute;lio da Silva      J&uacute;nior, foi apresentado e respondeu &agrave;s perguntas feitas      pelos t&eacute;cnicos. <\/p>\n<p>     Durante o encontro ainda foram abordados os seguintes temas:<\/p>\n<p>     &#8211; Rede sem fio: Situa&ccedil;&atilde;o atual, melhorias, Suporte;<br \/>     &#8211; Cria&ccedil;&atilde;o de ambiente colaborativo para discuss&atilde;o,      divulga&ccedil;&atilde;o de servi&ccedil;os, d&uacute;vidas, &aacute;rea      de download e upload de documentos etc.;<br \/>     &#8211; Governan&ccedil;a da TI.<br \/>     Foi definido para o m&ecirc;s de agosto deste ano a realiza&ccedil;&atilde;o      do 3o Encontro da DTI com os t&eacute;cnicos de TI da UFMG. <\/p>\n<p>     Estiveram presentes ao encontro 64 t&eacute;cnicos, representando Arquitetura,      CAED, Cedecom, Centro Cultural, DAP, DAST, Direito, DRCA, DRH, ECI,      Editora, Educa&ccedil;&atilde;o F&iacute;sica, Enfermagem, Face, FAE,      Fafich, Fale, Farm&aacute;cia, Fump, ICB, ICEx, IGC, Medicina, Odontologia,      Prograd\/CAD, Veterin&aacute;ria, al&eacute;m de 2 t&eacute;cnicos do      ICA, que assistiram ao encontro por meio de videoconfer&ecirc;ncia.<\/p>\n<p>     A DTI esteve presente com o seu diretor, Prof. Di&oacute;genes, Carlos      Alfeu Furtado da Fonseca (CECOM), Prof. M&aacute;rcio Luiz Bunte de      Carvalho (LCC), Fernando Frota Machado de Morais, David Eust&aacute;quio      da Silva, Ivan Santana Santos e Marcelo Cunha dos Santos (DRC), Ant&ocirc;nio      Eust&aacute;quio Rodrigues, Paulo Henrique de Ara&uacute;jo Abreu, F&aacute;bio      Luiz de Morais, Ben&iacute;cio Alves de Souza (DAC) e Emerson Henrique      Kfuri Pereira (DIS).<\/span><\/p>\n<p align=\"center\"><img loading=\"lazy\" decoding=\"async\" src=\"https:\/\/www.ufmg.br\/dti\/wp-content\/uploads\/fotos\/Ano%202014\/Junho\/05-06-2014\/IIEncontroDTI_30-05-2014_01.jpg\" width=\"500\" height=\"288\"><br \/>     <em><font face=\"1\">A apresenta&ccedil;&atilde;o      de Fernando Frota, Diretor da Divis&atilde;o de Redes de Comunica&ccedil;&atilde;o<\/font><\/em><\/p>\n<p>     <a href=\"\/dti\/#topo\"><img loading=\"lazy\" decoding=\"async\" src=\"https:\/\/www.ufmg.br\/dti\/wp-content\/uploads\/imgs\/tudo_topo.gif\" width=\"35\" height=\"11\" alt=\"\" border=\"0\" hspace=\"0\" vspace=\"0\" align=\"right\"><br \/>     <\/a><\/p>\n<\/td>\n<\/tr>\n<tr>\n<td height=\"221\" align=\"LEFT\" valign=\"TOP\"><\/td>\n<td align=\"LEFT\" valign=\"TOP\">\n<p><a name=\"anoticias2\" id=\"2\"><span class=\"titulo\"><span class=\"titulo\">CECOM      REALIZA REUNI&Atilde;O SOBRE REORGANIZA&Ccedil;&Atilde;O DA DAS<\/span><\/span><\/a><\/p>\n<p align=\"justify\"><font face=\"2\">O      CECOM realizou, nesta quarta-feira, dia 04, reuni&atilde;o com a equipe      da Divis&atilde;o de Aplicativos e Sistemas (DAS), no Audit&oacute;rio      de Videoconfer&ecirc;ncia da BU, sobre a reorganiza&ccedil;&atilde;o      da divis&atilde;o.<\/p>\n<p>     O Diretor do CECOM, Carlos Alfeu Furtado da Fonseca, fez uma explana&ccedil;&atilde;o,      citando as raz&otilde;es internas (busca por melhoria constante, ganhos      de produtividade, organiza&ccedil;&atilde;o do ambiente de trabalho      e busca por satisfa&ccedil;&atilde;o pessoal e qualidade de vida) e      externas (avan&ccedil;o da tecnologia, exig&ecirc;ncia dos clientes\/usu&aacute;rios,      cobran&ccedil;a dos &oacute;rg&atilde;os controladores e alinhamento      com as pol&iacute;ticas e planos institucionais) para que ocorra essa      reorganiza&ccedil;&atilde;o da equipe.<\/p>\n<p>     Carlos Alfeu apresentou a estrutura proposta para a DAS, que passa a      ser DDP &#8211; Divis&atilde;o de Desenvolvimento de Projetos, o novo acompanhamento      gerencial e a ocupa&ccedil;&atilde;o do espa&ccedil;o f&iacute;sico      nas instala&ccedil;&otilde;es do CECOM, no 8o andar do pr&eacute;dio      da Reitoria.<\/p>\n<p>     Estiveram presentes praticamente todos os Analistas de TI e alguns estagi&aacute;rios      da divis&atilde;o.<\/font><\/p>\n<p align=\"center\"><font face=\"2\"><img loading=\"lazy\" decoding=\"async\" src=\"https:\/\/www.ufmg.br\/dti\/wp-content\/uploads\/fotos\/Ano%202014\/Junho\/05-06-2014\/ReestruturacaoDAS_04-06-2014_02.jpg\" width=\"500\" height=\"312\"><br \/>     <em><font face=\"1\">Carlos Alfeu, Diretor do CECOM, apresentando a nova      estrutura da DAS<\/font><\/em><\/font><\/p>\n<p align=\"justify\"><a href=\"\/dti\/#topo\"><img loading=\"lazy\" decoding=\"async\" src=\"https:\/\/www.ufmg.br\/dti\/wp-content\/uploads\/imgs\/tudo_topo.gif\" width=\"35\" height=\"11\" alt=\"\" border=\"0\" hspace=\"0\" vspace=\"0\" align=\"right\"><br \/>     <\/a><\/p>\n<\/td>\n<\/tr>\n<tr>\n<td height=\"185\" align=\"LEFT\" valign=\"TOP\"><\/td>\n<td align=\"LEFT\" valign=\"TOP\">\n<p><a name=\"anoticias3\" id=\"3\"><span class=\"titulo\"><span class=\"titulo\">EXPEDIENTE      NA DTI EM DIAS DE JOGO DO BRASIL FORA DE BH<\/span><\/span><\/a><\/p>\n<div align=\"justify\"><font face=\"2\">Para      adequar as atividades da DTI &agrave; portaria emitida pelo Reitor sobre      os jogos da Copa do Mundo, que libera o expediente ap&oacute;s as 12h30      nos dias em que o Brasil jogar fora de Belo Horizonte, todos os funcion&aacute;rios      devem cumprir carga hor&aacute;ria de meio-expediente.<\/p>\n<p>     Segundo orienta&ccedil;&atilde;o da DGE do CECOM, cabe aos diretores      das divis&otilde;es adequar as atividades das divis&otilde;es para garantir      seu funcionamento at&eacute; o hor&aacute;rio definido na portaria.<br \/>     <\/font><br \/>     <a href=\"\/dti\/#topo\"><img loading=\"lazy\" decoding=\"async\" src=\"https:\/\/www.ufmg.br\/dti\/wp-content\/uploads\/imgs\/tudo_topo.gif\" width=\"35\" height=\"11\" alt=\"\" border=\"0\" hspace=\"0\" vspace=\"0\" align=\"right\"><br \/>     <\/a><\/div>\n<\/td>\n<\/tr>\n<p>  <!-- #BeginEditable \"materias\" --> <!-- #EndEditable -->  <\/table>\n<table border=\"0\" cellpadding=\"0\" cellspacing=\"0\">\n<tr>\n<td align=\"LEFT\" valign=\"TOP\">&nbsp;<\/td>\n<td align=\"LEFT\" valign=\"TOP\">&nbsp;<\/td>\n<\/tr>\n<p>  <!-- #BeginEditable \"materias\" --> <!-- #EndEditable -->  <\/table>\n<\/div>\n<p><a name='informativo'><\/a><\/p>\n<h4>Informativo<\/h4>\n<div class=\"centro-sistematico\">  <!-- noticias --> <a><\/a>  <\/p>\n<table border=\"0\" cellspacing=\"0\" cellpadding=\"0\">\n<tr>\n<td><\/td>\n<td><\/td>\n<\/tr>\n<p>  <!-- #BeginEditable \"materias\" --> <!-- #EndEditable -->  <\/table>\n<p> <!-- fim noticias --> <!-- tabela ha 20 anos --> <\/p>\n<table border=\"0\" cellpadding=\"0\" cellspacing=\"0\" bgcolor=\"#FFFFFF\">\n<tr>\n<td height=\"727\" align=\"LEFT\" valign=\"TOP\"><\/td>\n<td align=\"LEFT\" valign=\"TOP\">&nbsp;<\/td>\n<td align=\"LEFT\" valign=\"TOP\">\n<p align=\"left\"><span class=\"texto\"><a name=\"ainformativo1\" id=\"1\"><span class=\"titulo\">DICAS      DE SITES INTERESSANTES<\/span><\/a><\/span><\/p>\n<p align=\"justify\"><span class=\"texto\"> <\/span><span class=\"texto\">Adyrus,      o ca&ccedil;ador de sites, enviou as seguintes dicas:<\/p>\n<p>     &#8211; O &#8220;Projetos de Leitura&#8221; &eacute; um grupo que atua em      todo o Brasil com atividades que visam fomentar o h&aacute;bito da leitura      para crian&ccedil;as, jovens e adultos. <a href=\"http:\/\/www.projetosdeleitura.com.br\/\">Saiba      mais<\/a>.<\/p>\n<p>     &#8211; Cientistas realizar&atilde;o testes de anima&ccedil;&atilde;o suspensa      em humanos em junho.<a href=\"http:\/\/olhardigital.uol.com.br\/noticia\/cientistas-realizarao-testes-de-animacao-suspensa-em-humanos-em-junho\/42214\">Leia      mais<\/a>.<\/p>\n<p>     &#8211; Aprenda a programar de maneira interativa e gratuita. <a href=\"http:\/\/www.codecademy.com\/pt-BR\/\">Veja<\/a>.<\/p>\n<p>     Jogos gratuitos na Appstore e no Google Play:<\/p>\n<p>     &#8211; O Real Racing 3 &eacute; a franquia premiada que define um novo padr&atilde;o      para jogos de corrida em dispositivos m&oacute;veis, &eacute; preciso      viver para crer. O Real Racing 3 traz uma lista sempre em expans&atilde;o      de pistas licenciadas, 22 carros na pista e mais de 70 carros detalhados      de montadoras como Ferrari, Porsche, Lamborghini, Mercedes-Benz, Bugatti      e Audi. <a href=\"https:\/\/play.google.com\/store\/apps\/details?id=com.ea.games.r3_row\">Clique<\/a>.<\/p>\n<p>     &#8211; Galaxy on Fire 2 HD &eacute; a vers&atilde;o Google Play totalmente      otimizada do jogo premiado de combate espacial e de simula&ccedil;&atilde;o      de com&eacute;rcio da Fishlabs. Com gr&aacute;ficos 3D de ponta, jogabilidade      com profundidade in&eacute;dita e mais de 10 milh&otilde;es de instala&ccedil;&otilde;es      em v&aacute;rias plataformas m&oacute;veis, o t&iacute;tulo &eacute;      considerado um par&acirc;metro de jogos de fic&ccedil;&atilde;o cient&iacute;fica      em smartphones e tablets pelos f&atilde;s e pela m&iacute;dia! <a href=\"https:\/\/play.google.com\/store\/apps\/details?id=net.fishlabs.gof2hdallandroid2012\">Clique<\/a>.<\/p>\n<p>     &#8211; Para celular e tablet. At&eacute; onde o porco-espinho mais r&aacute;pido      do mundo consegue correr? Jogue como Sonic the Hedgehog, enquanto voc&ecirc;      dispara, pula e gira ao atravessar ambientes 3D estonteantes. Deslize      por cima e por baixo de obst&aacute;culos desafiadores neste r&aacute;pido      e fren&eacute;tico jogo de corrida sem fim. <a href=\"https:\/\/play.google.com\/store\/apps\/details?id=com.sega.sonicdash\">Clique<\/a>.<\/p>\n<p>     &#8211; Incont&aacute;veis anos depois da primeira guerra T.O.O.L., os Tiranos      Obscuros Lan&ccedil;ando Opress&atilde;o retornaram para concluir o      trabalho. Apenas os agentes da Frente de Repress&atilde;o Avan&ccedil;ada      de Gen&eacute;tica Gal&aacute;ctica Espantosamente Dur&aacute;vel (F.R.A.G.G.E.D.),      Percy e Francis Gun, t&ecirc;m chance contra eles. <a href=\"https:\/\/play.google.com\/store\/apps\/details?id=com.glu.gunbros2\">Clique<\/a>.<\/p>\n<p>     &#8211; Appstore, Google Play e Windows Phone Store. Aventure-se no cap&iacute;tulo      mais imersivo, elaborado e viciante da aclamada saga de RPG de a&ccedil;&atilde;o!      Redescubra a adrenalina de desbravar masmorras, descubra uma Hist&oacute;ria      &Eacute;pica de fantasia sombria. <a href=\"https:\/\/play.google.com\/store\/apps\/details?id=com.gameloft.android.ANMP.GloftD4HM\">Clique<\/a>.<\/p>\n<p>     &#8211; Dica de Di&ecirc;go Jess&eacute; de Pinho Tom&aacute;z (DAS): Conhe&ccedil;a      as 5 Coisas que voc&ecirc; n&atilde;o sabia sobre o Google no <a href=\"http:\/\/olhardigital.uol.com.br\/noticia\/5-curiosidades-sobre-o-google-que-voce-talvez-nao-saiba\/42406\">endere&ccedil;o<\/a>.<\/p>\n<p>     &#8211; Dica de Ronaldo Ara&uacute;jo Costa (DAS): Indicadores de TI: voc&ecirc;      (ainda) vive sem eles? <a href=\"http:\/\/www.tiespecialistas.%20com.br\/2012\/08\/indicadores-de-ti-voce-vive-sem-eles\/\">Veja<\/a>.<\/span><\/p>\n<p align=\"center\"><span class=\"texto\"> <\/span><span class=\"texto\"> <\/span><span class=\"texto\"><\/span><span class=\"texto\"><br \/>     <\/span>    <\/p>\n<\/td>\n<\/tr>\n<tr>\n<td height=\"399\" align=\"LEFT\" valign=\"TOP\"><\/td>\n<td align=\"LEFT\" valign=\"TOP\">&nbsp;<\/td>\n<td align=\"LEFT\" valign=\"TOP\">\n<p align=\"left\"><span class=\"texto\"><a name=\"ainformativo2\" id=\"2\"><span class=\"titulo\">DE      VOLTA A BH, FESTIVAL DE INVERNO DA UFMG ABRE AS PORTAS PARA MANIFESTA&Ccedil;&Otilde;ES      DE CULTURAS N&Atilde;O HEGEM&Ocirc;NICAS<\/span><\/a><\/span><\/p>\n<p align=\"justify\"><span class=\"texto\">De 18 a 26 de julho, a UFMG ser&aacute;      ocupada por lideran&ccedil;as ind&iacute;genas, participantes das ocupa&ccedil;&otilde;es      urbanas, reinadeiros, quilombolas, povos de terreiro, agricultores urbanos,      cicloativistas, midiativistas, artistas, estudantes e pesquisadores.      O Festival de Inverno, que volta a Belo Horizonte depois de 23 anos,      encerra a &uacute;ltima edi&ccedil;&atilde;o da trilogia do Bem Comum      &#8211; Diamantina sediou as duas anteriores &#8211; em um formato que vai      transformar o campus Pampulha em um territ&oacute;rio livre, povoado      por m&uacute;ltiplas vozes e cantos e diversos modos de viver e de conhecer.      Todas as atividades s&atilde;o gratuitas e as inscri&ccedil;&otilde;es      ser&atilde;o efetuadas pela internet.<\/p>\n<p>     A 46&ordf; edi&ccedil;&atilde;o do evento vai fazer do campus Pampulha      um ambiente tomado por ocupa&ccedil;&otilde;es livres e horizontais,      em especial as provenientes das culturas ind&iacute;genas, afrodescendentes      e urbanas tradicional-mente exclu&iacute;das. &#8220;S&atilde;o ocupa&ccedil;&otilde;es      que inventam outros modos de vida em comum e que podem nos inspirar      a criar novas formas de habitar o territ&oacute;rio&#8221;, explica      o professor C&eacute;sar Guimar&atilde;es, do Departamento de Comunica&ccedil;&atilde;o      Social, coordenador-geral do Festival.<\/p>\n<p>     Para Guimar&atilde;es, a hospitalidade dedicada aos grupos e sujeitos      submetidos &agrave; exclus&atilde;o, bem como aos seus saberes e pr&aacute;ticas      sociais, &eacute; uma forma de reinventar a reciprocidade que guia a      rela&ccedil;&atilde;o da Universidade com a comunidade. &#8220;&Eacute;      uma tem&aacute;tica que visa implicar ainda mais a Universidade nos      dilemas que atravessam os nossos modos de vida em comum, que est&atilde;o      fraturados por persistentes processos de exclus&atilde;o e de produ&ccedil;&atilde;o      de desigualdade&#8221;, diz ele.<\/p>\n<p>     De acordo com o professor Fernando Mencarelli, diretor adjunto de A&ccedil;&atilde;o      Cultural, a volta do evento &agrave; capital mineira ocorre em um momento      em que a cidade demanda a&ccedil;&otilde;es da Universidade e que a      pr&oacute;pria institui&ccedil;&atilde;o &#8220;deixa claro que tamb&eacute;m      &eacute; parte da cidade&#8221;.<\/p>\n<p>     A professora Leda Maria Martins, titular da Diretoria de A&ccedil;&atilde;o      Cultural, &oacute;rg&atilde;o que realiza o evento, lan&ccedil;a m&atilde;o      de uma met&aacute;fora para traduzir o retorno do Festival ao campus      Pampulha. &#8220;Comparo esse movimento ao navio que sai em viagens      pelo mundo e, em um dado momento, retorna para casa a fim de reabastecer      e se realimentar. No caso do Festival, ele tamb&eacute;m volta para      partilhar suas jornadas e experi&ecirc;ncias&#8221;, afirma.<\/p>\n<p>     A diretora de A&ccedil;&atilde;o Cultural lembra, ainda, que a proposta      conceitual do Festival de Inverno &eacute; coerente com outras a&ccedil;&otilde;es      coordenadas pela Diretoria de A&ccedil;&atilde;o Cultural, como a Feira      do Jequitinhonha, o Festival de Ver&atilde;o e o Quarta Doze e Trinta.      &#8220;Em todas elas, temos nos empenhado para dar visibilidade a sujeitos      e a saberes nem sempre contemplados no &acirc;mbito da Universidade.      Se prestarmos aten&ccedil;&atilde;o &agrave;s programa&ccedil;&otilde;es      do Centro Cultural e do Conservat&oacute;rio, perceberemos que elas      visam ao bem comum&#8221;, argumenta Leda Martins.<\/p>\n<p>     A vice-reitora Sandra Goulart Almeida refor&ccedil;a a import&acirc;ncia      de receber na sede principal da UFMG grupos geralmente n&atilde;o integrados      ao fazer acad&ecirc;mico. &#8220;O processo do conhecimento e da aprendizagem      &eacute; de m&atilde;o dupla. A Universidade se nutre da interlocu&ccedil;&atilde;o      com outras formas de saber. Al&eacute;m disso, a intera&ccedil;&atilde;o      com a comunidade em torno de temas como alimenta&ccedil;&atilde;o, mobilidade      e tratamento do lixo &eacute; uma excelente oportunidade de reafirmar      o campus como um espa&ccedil;o p&uacute;blico&#8221;, salienta.<\/p>\n<p>     <strong>Cinco eixos<\/strong> &#8211; Durante o Festival de Inverno, o campus      receber&aacute; uma s&eacute;rie de Interven&ccedil;&otilde;es, em que      ser&atilde;o instaladas redes, espregui&ccedil;adeiras, bancos de pra&ccedil;a,      espa&ccedil;os para jogos, fornos, fog&otilde;es e cabanas de bambu.      Por sua vez, grandes encontros, transdisciplinares e abertos, v&atilde;o      reunir os participantes para conversas em torno do tema Bem Comum. Entre      os assuntos abordados estar&atilde;o as ocupa&ccedil;&otilde;es, a retomada      das terras ind&iacute;genas, a mobilidade urbana, a biodiversidade,      as m&iacute;dias p&uacute;blicas e livres, as culturas urbanas e as      rela&ccedil;&otilde;es entre o campus e a cidade.<\/p>\n<p>     Ser&atilde;o cinco grupos de trabalho: Inj&oacute; dya zuela (Casa do      canto); Grande assembleia (Aty guasu) dos povos ind&iacute;genas no      Brasil; Parque das imagens; Ocupa m&iacute;dias; e Campus, territ&oacute;rio      do bem comum. Este &uacute;ltimo ter&aacute; a mobilidade como uma de      suas tem&aacute;ticas centrais. O Festival contar&aacute; com &ocirc;nibus      circulando gratuitamente dentro do campus e em conex&atilde;o com locais      estrat&eacute;gicos da cidade, como as ocupa&ccedil;&otilde;es urbanas      e a regi&atilde;o central. Outra a&ccedil;&atilde;o &eacute; a implanta&ccedil;&atilde;o      de um sistema experimental de bicicletas compartilhadas e de ciclovias      no campus, o que exigir&aacute; a redu&ccedil;&atilde;o de carros no      local durante todo o evento. Os participantes far&atilde;o convocat&oacute;rias      p&uacute;blicas de doa&ccedil;&otilde;es, buscar&atilde;o bicicletas      descartadas para reforma, desenhar&atilde;o projetos e construir&atilde;o      biciclet&aacute;rios, entre outras a&ccedil;&otilde;es.<\/p>\n<p>     A Grande assembleia (Aty guasu) dos povos ind&iacute;genas no Brasil,      por sua vez, focalizar&aacute; a retomada de terras e a afirma&ccedil;&atilde;o      dos direitos ind&iacute;genas. A assembleia reunir&aacute; lideran&ccedil;as      ind&iacute;genas Guarani e Kaiow&aacute;, Terena, Caip&oacute;, Munduruku,      Tupinamb&aacute;, Patax&oacute;, Guajajara, Maxakali, Mbya e Kaikang,      provenientes de diferentes regi&otilde;es do pa&iacute;s. J&aacute;      o n&uacute;cleo Inj&oacute; dya zuela (Casa do canto) sediar&aacute;      manifesta&ccedil;&otilde;es vinculadas aos saberes e &agrave;s pr&aacute;ticas      de culturas afrodescendentes: cantos, rezas, rituais, dan&ccedil;as,      t&eacute;cnicas medicinais, entre outros.<\/p>\n<p>     O n&uacute;cleo Parque das Imagens promover&aacute; mostras de filmes      com proje&ccedil;&otilde;es em diferentes espa&ccedil;os do campus,      al&eacute;m de reunir grupos de trabalho dedicados &agrave; produ&ccedil;&atilde;o      em fotografia, v&iacute;deo e cinema. Ser&atilde;o oficinas e ensaios,      fotogr&aacute;ficos e cinematogr&aacute;ficos, relacionados com a tem&aacute;tica      das ocupa&ccedil;&otilde;es. J&aacute; no n&uacute;cleo Ocupa M&iacute;dias,      ve&iacute;culos institucionais como o Boletim, a TV UFMG e a R&aacute;dio      UFMG Educativa ser&atilde;o ocupados por grupos e artistas envolvidos      em movimentos midiativistas de cria&ccedil;&atilde;o colaborativa e      experimental.<\/p>\n<p>     <strong>Arte do lixo<\/strong> &#8211; Um campo a ser amplamente desenvolvido      no Festival de Inverno &eacute; o da agricultura. Horta e pomar comunit&aacute;rios      ser&atilde;o plantados no campus, com foco em cultivos tradicionais,      por meio dos quais ser&atilde;o disseminados conhecimentos de chuvas,      t&eacute;cnicas de carpir e regar e cuidados de manuten&ccedil;&atilde;o.      A ideia &eacute; promover a discuss&atilde;o sobre a cria&ccedil;&atilde;o      de pomares e hortas em espa&ccedil;os p&uacute;blicos e privados, al&eacute;m      de estimular a troca de sementes de esp&eacute;cies vegetais entre os      participantes.<\/p>\n<p>     J&aacute; os modos de se lidar com o lixo das cidades entrar&atilde;o      na pauta do projeto O lixo n&atilde;o existe. Apoiados por um coletivo      especializado em projetos de arte e design para transforma&ccedil;&atilde;o      social, os participantes v&atilde;o organizar atividades de log&iacute;stica      reversa, transformando o lixo do evento em arte. A&ccedil;&otilde;es      de reciclagem e compostagem tamb&eacute;m ser&atilde;o desenvolvidas,      inclusive de pesquisa, no sentido de se investigarem as formas como      a UFMG descarta seus res&iacute;duos.<\/p>\n<p>     Tamb&eacute;m haver&aacute; atividades com foco nas comidarias. Receitas      tradicionais da culin&aacute;ria ind&iacute;gena e quilombola ser&atilde;o      levadas a piqueniques, banquetes p&uacute;blicos e bandej&otilde;es      do campus. Ainda est&aacute; programada uma feira de alimentos org&acirc;nicos.<\/p>\n<p>     Quando a noite cair, a UFMG ser&aacute; tomada por uma programa&ccedil;&atilde;o      art&iacute;stica especial, com shows, concertos, performances e espet&aacute;culos      teatrais em diferentes locais do campus &#8211; sempre em conson&acirc;ncia      com as principais preocupa&ccedil;&otilde;es do Festival. J&aacute;      est&atilde;o confirmados, dentre outros, nomes e atra&ccedil;&otilde;es      como Siba, Fam&iacute;lia de Rua, Paulo Freire, Encontro de Saraus,      MC Dod&ocirc;, Roda de Jongo e Samba de BH.<\/p>\n<p>     (<em>Fonte: Cedecom &#8211; Assessoria de Imprensa &#8211; 05\/06\/2014<\/em>)<br \/>     <\/span><span class=\"texto\"><br \/>     <\/span><span class=\"texto\"><\/span><span class=\"texto\"><br \/>     <\/span>    <\/p>\n<\/td>\n<\/tr>\n<tr>\n<td height=\"399\" align=\"LEFT\" valign=\"TOP\"><\/td>\n<td align=\"LEFT\" valign=\"TOP\">&nbsp;<\/td>\n<td align=\"LEFT\" valign=\"TOP\">\n<p align=\"left\"><span class=\"texto\"><a name=\"ainformativo3\" id=\"3\"><span class=\"titulo\">MUSEU      DE HIST&Oacute;RIA NATURAL DA UFMG RECEBE INSCRI&Ccedil;&Otilde;ES PARA      8&ordf; COL&Ocirc;NIA DE F&Eacute;RIAS<\/span><\/a><\/span><\/p>\n<p align=\"justify\"><span class=\"texto\">Atividades recreativas e educativas      como oficinas, jogos did&aacute;ticos e visitas a exposi&ccedil;&otilde;es      comp&otilde;em a programa&ccedil;&atilde;o da oitava edi&ccedil;&atilde;o      da Col&ocirc;nia de F&eacute;rias do Museu de Hist&oacute;ria Natural      e Jardim Bot&acirc;nico (MHNJB) da UFMG, de 25 a 27 de junho. As inscri&ccedil;&otilde;es,      para crian&ccedil;as de 5 a 12 anos, devem ser feitas at&eacute; o dia      13 de junho, no site do museu: mhnjb.ufmg.br\/evento8acoloniaferias preinscr.html.      S&atilde;o oferecidas cem vagas, com tr&ecirc;s op&ccedil;&otilde;es      de hor&aacute;rio &#8211; manh&atilde; (das 8 &agrave;s 12horas), tarde (das      13 &agrave;s 17 horas), ou per&iacute;odo integral. O evento, que integra      o Projeto Quatro Esta&ccedil;&otilde;es &#8211; Inverno no Museu, tamb&eacute;m      inclui caminhadas na mata e brincadeiras tradicionais. <\/p>\n<p>     Confira a programa&ccedil;&atilde;o completa da Col&ocirc;nia de F&eacute;rias      em: mhnjb.ufmg.br\/docs\/programacao8aColoniaFerias.pdf<\/p>\n<p>     Informa&ccedil;&otilde;es pelo email cenex@mhnjb.ufmg.br ou telefone      (31) 3461-7650<\/p>\n<p>     Assessoria de Comunica&ccedil;&atilde;o do MHNJB &#8211; 3409.7607<\/p>\n<p>     (<em>Fonte: Cedecom &#8211; Assessoria de Imprensa &#8211; 04\/06\/201<\/em>4)<br \/>     <\/span><span class=\"texto\"><br \/>     <\/span><span class=\"texto\"><\/span><span class=\"texto\"><br \/>     <\/span>    <\/p>\n<\/td>\n<\/tr>\n<tr>\n<td align=\"LEFT\" valign=\"TOP\"><\/td>\n<td align=\"LEFT\" valign=\"TOP\">&nbsp;<\/td>\n<td align=\"LEFT\" valign=\"TOP\">&nbsp;<\/td>\n<\/tr>\n<tr bgcolor=\"#FFFFFF\" class=\"cinza\">\n<td height=\"121\"><img loading=\"lazy\" decoding=\"async\" src=\"https:\/\/www.ufmg.br\/dti\/wp-content\/uploads\/imgs\/tudo_pixel.gif\" width=\"1\" height=\"1\" alt=\"\" border=\"0\"><\/td>\n<td align=\"LEFT\" valign=\"TOP\">&nbsp;<\/td>\n<td align=\"LEFT\" valign=\"TOP\"><!-- #BeginEditable \"ha%2020%20anos\" -->     <\/p>\n<div align=\"justify\">\n<p><a name=\"ainformativo4\" id=\"4\"><span class=\"titulo\">H\u00e1 20 anos&#8230;<\/span><\/a><\/p>\n<p>      <span class=\"texto\"> <\/span> <span class=\"texto\"> O Sistem&aacute;tico       Ano XVIII, no 19, de 09\/06\/1994, publicou not&iacute;cias sobre metas       e desafios do CECOM, atualiza&ccedil;&atilde;o da Rede Novell, implanta&ccedil;&atilde;o       da vers&atilde;o 3.2 do SADS, software Corel Ventura, palestra sobre       Word, curso de Excel, entre outras. As not&iacute;cias que se destacaram       foram: <\/span><\/p>\n<p align=\"justify\"><span class=\"texto\"><strong>42&ordm; ENCONTRO NACIONAL       DE USU&Aacute;RIOS UNISYS<\/strong><\/p>\n<p>      <font face=\"1\">Est&aacute; sendo realizado esta semana em Blumenau,       Santa Catarina, o 42&ordm; ENANUNI &#8211; Encontro Nacional de Usu&aacute;rios       Unisys.<br \/>      Representando o Centro de Computa&ccedil;&atilde;o da UFMG, est&atilde;o       participando Carlos Alfeu Furtado da Fonseca, Diretor Geral, Luiz       Eug&ecirc;nio de Almeida Oliveira, da DST, e Jo&atilde;o Carlos Lages,       da DAS. Est&aacute; tamb&eacute;m presente ao encontro, Rog&eacute;rio       Soares Pinheiro, da DAS.<\/font><\/span><\/p>\n<p align=\"justify\"><span class=\"texto\"><strong>APOIO &Agrave; COPEVE<\/strong><\/p>\n<p>      <font face=\"1\">A COPEVE &#8211; Comiss&atilde;o Permanente do Vestibular       solicitou ao CECOM apoio na elabora&ccedil;&atilde;o do Edital do       Programa do Vestibular 1995. Tal apoio est&aacute; sendo dado pela       DAC &#8211; Divis&atilde;o de Atendimento e Consultoria -, e consiste de:<br \/>      &#8211; Utiliza&ccedil;&atilde;o de equipamento do CECOM, uma vez que a       COPEVE s&oacute; disp&otilde;e de um XT, onde n&atilde;o &eacute;       poss&iacute;vel executar o software necess&aacute;rio, o Ventura;<br \/>      &#8211; Orienta&ccedil;&atilde;o no uso do Ventura;<br \/>      &#8211; Defini&ccedil;&atilde;o dos formatos dos documentos dentro do Ventura;<br \/>      &#8211; Impress&atilde;o do Edital no formul&aacute;rio padr&atilde;o da       Imprensa Oficial, utilizando uma impressora de jato de tinta.<br \/>      Os acertos e modifica&ccedil;&otilde;es est&aacute; sendo realizado       pela pr&oacute;pria secret&aacute;ria da COPEVE, Maria Bernadete Gomes.<\/font><\/span><\/p>\n<\/p><\/div>\n<div align=\"justify\">\n<p><span class=\"texto\"><\/span><\/p>\n<\/p><\/div>\n<p>    <!-- #EndEditable --><\/td>\n<\/tr>\n<tr>\n<td width=\"12\" align=\"LEFT\" valign=\"TOP\">&nbsp;<\/td>\n<td align=\"LEFT\" valign=\"TOP\">&nbsp;<\/td>\n<td align=\"LEFT\" valign=\"TOP\">\n<p align=\"left\"><span class=\"texto\"> <\/span>    <\/p>\n<\/td>\n<\/tr>\n<p>  <!-- #BeginEditable \"materias\" --> <!-- #EndEditable -->  <\/table>\n<p> <!-- fim tabela ha 20 anos --><\/div>\n<p><a name='eventos'><\/a><\/p>\n<h4>Eventos<\/h4>\n<div class=\"centro-sistematico\">  <!-- noticias --> <\/p>\n<table border=\"0\" cellpadding=\"0\" cellspacing=\"0\">\n<tr>\n<td align=\"LEFT\" valign=\"TOP\">&nbsp;<\/td>\n<td align=\"LEFT\" valign=\"TOP\">&nbsp;<\/td>\n<\/tr>\n<p>  <!-- #BeginEditable \"materias\" --> <!-- #EndEditable -->  <\/table>\n<table border=\"0\" cellspacing=\"0\" cellpadding=\"0\">\n<tr>\n<td><\/td>\n<td>&nbsp;<\/td>\n<td>&nbsp;<\/td>\n<td><\/td>\n<\/tr>\n<tr>\n<td height=\"201\" align=\"LEFT\" valign=\"TOP\"><\/td>\n<td align=\"LEFT\" valign=\"TOP\">&nbsp;<\/td>\n<td align=\"LEFT\" valign=\"TOP\">&nbsp;<\/td>\n<td align=\"LEFT\" valign=\"TOP\">\n<p><a name=\"aeventos1\" id=\"1\"><span class=\"titulo\">SOCIAIS<\/span><\/a><\/p>\n<p align=\"justify\" class=\"texto\"><strong>ANIVERS&Aacute;RIOS:<em> <\/em><\/strong><em>&#8220;O      Sistem&aacute;tico&#8221; envia os parab&eacute;ns para Renato Ant&ocirc;nio      Veneroso da Fonseca, no dia 06; Wilton Campos, no dia 09; e para os      ex-ceconianos: Mar&iacute;lia Pereira Martins e Nath&aacute;lia Pereira      Rocha, no dia 05; Rainer Brockerloff e Rosana de Melo Faria, no dia      06; Nat&aacute;lia Cristina Martins, no dia 07; Rodrigo Wenceslau Torres      e Maria Tereza de Melo Carvalho, no dia 08; S&iacute;lvio Eduardo de      Castilho Lages, no dia 09; Marco Ant&ocirc;nio Vasconcelos, no dia 10;      Al&eacute;xia Loreiro Ara&uacute;jo, L&iacute;sia Rocio de Abreu e Ricardo      Mascarenhas Paix&atilde;o Filho, no dia 12.<\/em><\/p>\n<p align=\"justify\" class=\"texto\"><span class=\"texto\"><\/p>\n<p>     <\/span><\/p>\n<\/td>\n<\/tr>\n<tr>\n<td height=\"169\" align=\"LEFT\" valign=\"TOP\"><\/td>\n<td align=\"LEFT\" valign=\"TOP\">&nbsp;<\/td>\n<td align=\"LEFT\" valign=\"TOP\">&nbsp;<\/td>\n<td align=\"LEFT\" valign=\"TOP\">\n<p><a name=\"aeventos2\" id=\"2\"><span class=\"titulo\">MEM&Oacute;RIA      FOTOGR&Aacute;FICA DO CECOM<\/span><\/a><\/p>\n<p align=\"justify\" class=\"texto\"> No dia 28\/05\/2014, o CECOM recebeu novos      funcion&aacute;rios concursados para compor as equipes das divis&otilde;es      de Aplicativos e Sistemas, de Redes de Comunica&ccedil;&atilde;o e de      Infraestrutura de Servi&ccedil;os. Eles foram recebidos pelo Diretor      do CECOM, Carlos Alfeu Furtado da Fonseca, e participaram de uma apresenta&ccedil;&atilde;o      na Sala de Reuni&otilde;es do CECOM, no subsolo, sobre o trabalho desenvolvido      no CECOM. As fotos s&atilde;o de autoria da Lel&eacute;<\/p>\n<p align=\"center\" class=\"texto\"> <em><strong><font face=\"1\"><span class=\"texto\"><strong><font face=\"2\"><span class=\"texto\"><font face=\"1\"><em><img loading=\"lazy\" decoding=\"async\" src=\"https:\/\/www.ufmg.br\/dti\/wp-content\/uploads\/fotos\/Ano%202014\/Junho\/05-06-2014\/EntradaConcursados_28-06-2014_01.jpg\" width=\"500\" height=\"270\"><\/em><\/font><\/span><\/font><\/strong><\/span><\/font><\/strong><\/em><\/p>\n<p align=\"center\" class=\"texto\"><em><strong><font face=\"1\"><span class=\"texto\"><strong><font face=\"2\"><span class=\"texto\"><font face=\"1\"><em>A      apresenta&ccedil;&atilde;o de Carlos Alfeu<\/p>\n<p>     <img loading=\"lazy\" decoding=\"async\" src=\"https:\/\/www.ufmg.br\/dti\/wp-content\/uploads\/fotos\/Ano%202014\/Junho\/05-06-2014\/EntradaConcursados_28-06-2014_02.jpg\" width=\"500\" height=\"287\">      <\/em><\/font><\/span><\/font><\/strong><\/span><\/font><\/strong><\/em><\/p>\n<p align=\"center\" class=\"texto\"><img loading=\"lazy\" decoding=\"async\" src=\"https:\/\/www.ufmg.br\/dti\/wp-content\/uploads\/fotos\/Ano%202014\/Junho\/05-06-2014\/EntradaConcursados_28-06-2014_03.jpg\" width=\"500\" height=\"303\"><br \/>     <span class=\"texto\"><strong><font face=\"2\"><span class=\"texto\"><font face=\"1\"><em>Os      novos funcion&aacute;rios do CECOM<\/em><\/font><\/span><\/font><\/strong><\/span><\/p>\n<p align=\"center\" class=\"texto\"><img loading=\"lazy\" decoding=\"async\" src=\"https:\/\/www.ufmg.br\/dti\/wp-content\/uploads\/fotos\/Ano%202014\/Junho\/05-06-2014\/EntradaConcursados_28-06-2014_06.jpg\" width=\"500\" height=\"270\"><br \/>     <span class=\"texto\"><strong><font face=\"2\"><span class=\"texto\"><font face=\"1\"><em>A      apresenta&ccedil;&atilde;o de Jo&atilde;o Carlos<\/em><\/font><\/span><\/font><\/strong><\/span><\/p>\n<p align=\"center\" class=\"texto\"><em><strong><font face=\"1\"><img loading=\"lazy\" decoding=\"async\" src=\"https:\/\/www.ufmg.br\/dti\/wp-content\/uploads\/fotos\/Ano%202014\/Junho\/05-06-2014\/EntradaConcursados_28-06-2014_07.jpg\" width=\"500\" height=\"271\"><br \/>     &Agrave; frente: Geraldo, Marco T&uacute;lio, Alan Vila&ccedil;a, Patr&iacute;cia      e Alan Calazans. Atr&aacute;s: Gabriel, <br \/>     Bruno Souza, Andr&eacute; Luiz, Leandro Duarte e Frabr&iacute;cio<\/font><\/strong><\/em><\/p>\n<p align=\"center\" class=\"texto\"><em><strong><font face=\"1\"><img loading=\"lazy\" decoding=\"async\" src=\"https:\/\/www.ufmg.br\/dti\/wp-content\/uploads\/fotos\/Ano%202014\/Junho\/05-06-2014\/EntradaConcursados_28-06-2014_08.jpg\" width=\"500\" height=\"396\"><br \/>     Ivan, Carlos Alfeu e Marcelo<\/font><\/strong><\/em><\/p>\n<p align=\"center\" class=\"texto\"><em><strong><font face=\"1\">      <\/font><\/strong><\/em><span class=\"texto\">      <\/span><\/p>\n<\/td>\n<\/tr>\n<p>  <!-- #BeginEditable \"materias\" --> <!-- #EndEditable -->  <\/table>\n<p> <!-- fim noticias --> <\/p>\n<table border=\"0\" cellpadding=\"0\" cellspacing=\"0\">\n<tr>\n<td width=\"276\" align=\"LEFT\" valign=\"TOP\">&nbsp;<\/td>\n<td width=\"274\" align=\"LEFT\" valign=\"TOP\">&nbsp;<\/td>\n<\/tr>\n<p>  <!-- #BeginEditable \"materias\" --> <!-- #EndEditable -->  <\/table>\n<\/div>\n","protected":false},"excerpt":{"rendered":"<p>Not\u00edcias DTI PROMOVE 2&ordm; ENCONTRO DE T&Eacute;CNICOS DE TI DA UFMG CECOM REALIZA REUNI&Atilde;O SOBRE REORGANIZA&Ccedil;&Atilde;O DA DAS EXPEDIENTE NA DTI EM DIAS DE JOGO DO BRASIL FORA DE BH Informativo DICAS DE SITES INTERESSANTES DE VOLTA A BH, FESTIVAL DE INVERNO DA UFMG ABRE AS PORTAS PARA MANIFESTA&Ccedil;&Otilde;ES DE CULTURAS N&Atilde;O HEGEM&Ocirc;NICAS MUSEU DE &#8230; <a title=\"Sistem\u00e1tico: Edi\u00e7\u00e3o 1609 &#8211; 05\/06\/2014\" class=\"read-more\" href=\"https:\/\/www.ufmg.br\/dti\/2014\/06\/05\/sistematico-edicao-1609-05062014\/\" aria-label=\"Read more about Sistem\u00e1tico: Edi\u00e7\u00e3o 1609 &#8211; 05\/06\/2014\">Ler mais<\/a><\/p>\n","protected":false},"author":3,"featured_media":0,"comment_status":"open","ping_status":"open","sticky":false,"template":"","format":"standard","meta":{"inline_featured_image":false,"footnotes":""},"categories":[13],"tags":[],"coauthors":[79],"class_list":["post-2881","post","type-post","status-publish","format-standard","hentry","category-sistematico"],"_links":{"self":[{"href":"https:\/\/www.ufmg.br\/dti\/wp-json\/wp\/v2\/posts\/2881","targetHints":{"allow":["GET"]}}],"collection":[{"href":"https:\/\/www.ufmg.br\/dti\/wp-json\/wp\/v2\/posts"}],"about":[{"href":"https:\/\/www.ufmg.br\/dti\/wp-json\/wp\/v2\/types\/post"}],"author":[{"embeddable":true,"href":"https:\/\/www.ufmg.br\/dti\/wp-json\/wp\/v2\/users\/3"}],"replies":[{"embeddable":true,"href":"https:\/\/www.ufmg.br\/dti\/wp-json\/wp\/v2\/comments?post=2881"}],"version-history":[{"count":0,"href":"https:\/\/www.ufmg.br\/dti\/wp-json\/wp\/v2\/posts\/2881\/revisions"}],"wp:attachment":[{"href":"https:\/\/www.ufmg.br\/dti\/wp-json\/wp\/v2\/media?parent=2881"}],"wp:term":[{"taxonomy":"category","embeddable":true,"href":"https:\/\/www.ufmg.br\/dti\/wp-json\/wp\/v2\/categories?post=2881"},{"taxonomy":"post_tag","embeddable":true,"href":"https:\/\/www.ufmg.br\/dti\/wp-json\/wp\/v2\/tags?post=2881"},{"taxonomy":"author","embeddable":true,"href":"https:\/\/www.ufmg.br\/dti\/wp-json\/wp\/v2\/coauthors?post=2881"}],"curies":[{"name":"wp","href":"https:\/\/api.w.org\/{rel}","templated":true}]}}