{"id":2883,"date":"2014-05-15T08:00:00","date_gmt":"2014-05-15T08:00:00","guid":{"rendered":"https:\/\/www.ufmg.br\/dti\/cecom\/?p=1023"},"modified":"2014-05-15T08:00:00","modified_gmt":"2014-05-15T08:00:00","slug":"sistematico-edicao-1606-15052014","status":"publish","type":"post","link":"https:\/\/www.ufmg.br\/dti\/2014\/05\/15\/sistematico-edicao-1606-15052014\/","title":{"rendered":"Sistem\u00e1tico: Edi\u00e7\u00e3o 1606 &#8211; 15\/05\/2014"},"content":{"rendered":"<ul>\n<li><a href=\"\/dti\/#noticias\">Not\u00edcias<\/a>\n<div class='submenuSistematico'>\n<ul>\n<li><a href=\"\/dti\/#anoticias1\" id=\"1\"><span class=\"titulo\">DTI      AVALIA GEST&Atilde;O &Aacute;GIL DE PROJETOS NA DAS<\/span><\/a><\/li>\n<li><a href=\"\/dti\/#anoticias2\" id=\"2\"><span class=\"titulo\">ANALISTA      DE TI DO CECOM PARTICIPA DE CURSO DA RNP<\/span><\/a><\/li>\n<li><a href=\"\/dti\/#anoticias3\" id=\"3\"><span class=\"titulo\">SA&Iacute;DA      DE ESTAGI&Aacute;RIO<\/span><\/a><\/li>\n<li><a href=\"\/dti\/#anoticias4\" id=\"4\"><span class=\"titulo\">NOVO      ESTAGI&Aacute;RIO DO CECOM<\/span><\/a><\/li>\n<\/ul>\n<\/div>\n<\/li>\n<li><a href=\"\/dti\/#informativo\">Informativo<\/a>\n<div class='submenuSistematico'>\n<ul>\n<li><a href=\"\/dti\/#ainformativo1\" id=\"1\"><span class=\"titulo\">ESTAT&Iacute;STICAS      DE SERVI&Ccedil;O PROXY HTTP<\/span><\/a><\/li>\n<li><a href=\"\/dti\/#ainformativo2\" id=\"2\"><span class=\"titulo\">DICAS      DE SITES INTERESSANTES<\/span><\/a><\/li>\n<li><a href=\"\/dti\/#ainformativo3\" id=\"3\"><span class=\"titulo\">UFMG      DIVULGA EDITAL SISU\/2015 PARA SELE&Ccedil;&Atilde;O DE CANDIDATOS AOS      CURSOS PRESENCIAIS DE GRADUA&Ccedil;&Atilde;O<\/span><\/a><\/li>\n<li><a href=\"\/dti\/#ainformativo4\" id=\"4\"><span class=\"titulo\">UFMG      OFERECE PROGRAMA&Ccedil;&Atilde;O ESPECIAL DURANTE 12&ordf; SEMANA NACIONAL      DOS MUSEUS<\/span><\/a><\/li>\n<li><a href=\"\/dti\/#ainformativo5\" id=\"5\"><span class=\"titulo\">H\u00e1 20 anos&#8230;<\/span><\/a><\/li>\n<\/ul>\n<\/div>\n<\/li>\n<li><a href=\"\/dti\/#eventos\">Eventos<\/a>\n<div class='submenuSistematico'>\n<ul>\n<li><a href=\"\/dti\/#aeventos1\" id=\"1\"><span class=\"titulo\">SOCIAIS<\/span><\/a><\/li>\n<li><a href=\"\/dti\/#aeventos2\" id=\"2\"><span class=\"titulo\">MEM&Oacute;RIA      FOTOGR&Aacute;FICA DO CECOM<\/span><\/a><\/li>\n<\/ul>\n<\/div>\n<\/li>\n<\/ul>\n<ul class='pdfSist'>\n<li><a href=\"https:\/\/www.ufmg.br\/dti\/wp-content\/uploads\/Sistematico_PDF\/Sist12_2014-A4.pdf\"><img loading=\"lazy\" decoding=\"async\" src=\"https:\/\/www.ufmg.br\/dti\/wp-content\/uploads\/Sistematico_PDF\/mini_pdf.gif\" width=\"46\" height=\"53\" border=\"0\"> Vers\u00e3o em PDF<\/a><\/li>\n<\/ul>\n<p> <a name='noticias'><\/a><\/p>\n<h4>Not\u00edcias<\/h4>\n<div class=\"centro-sistematico\">  <!-- noticias --> <a><\/a> <\/p>\n<table width=\"556\" border=\"0\" cellpadding=\"0\" cellspacing=\"0\">\n<tr>\n<td width=\"12\" height=\"967\" align=\"LEFT\" valign=\"TOP\"><\/td>\n<td width=\"544\" align=\"LEFT\" valign=\"TOP\">\n<p align=\"justify\"><a name=\"anoticias1\" id=\"1\"><span class=\"titulo\">DTI      AVALIA GEST&Atilde;O &Aacute;GIL DE PROJETOS NA DAS<\/span><\/a> <\/p>\n<p>     <span class=\"texto\">Desde julho de 2013, a DAS (Divis&atilde;o de Aplicativos      e Sistemas) vem utilizando a Gest&atilde;o &Aacute;gil de Projetos no      desenvol-vimento e atualiza&ccedil;&otilde;es de v&aacute;rios sistemas      sob sua responsabilidade, tais como: UFMG Conhecimento e Cultura (PROGRAD,      PRPq e PROEX), Quem &eacute; quem UFMG (COPI), INA (CPPD), SIGA (PROGRAD      e DRCA) e o Di&aacute;rio de Classe (PROGRAD e PRPG).<\/p>\n<p>     Decorrido esse tempo de utiliza&ccedil;&atilde;o da metodologia, a Diretoria      de Tecnologia da Informa&ccedil;&atilde;o (DTI) solicitou uma avalia&ccedil;&atilde;o      com o objetivo de identificar pontos positivos e possibilidades de melhoria      para os futuros projetos, atividade que ficou a cargo do Gerente de      projetos da DTI, Alberto Rubens Beckler. <\/p>\n<p>     Para a avalia&ccedil;&atilde;o, foram entrevistados tr&ecirc;s integrantes      da DAS, os respons&aacute;veis por alguns dos sistemas acima citados,      Thiago Gabriel Diniz e Maximiliano Luiz Souza Guimar&atilde;es e o diretor      da divis&atilde;o, Jo&atilde;o Carlos Lages. <\/p>\n<p>     A conclus&atilde;o que Alberto Rubens chegou &eacute; que a implanta&ccedil;&atilde;o      da Gest&atilde;o &Aacute;gil de Projetos na DTI trouxe benef&iacute;cios      evidentes para todos os envolvidos em projetos da DAS.<\/p>\n<p>     Entre os principais pontos positivos citados pelos entrevistados, destacaram-se      a facilidade na ado&ccedil;&atilde;o do processo e a sua simplicidade,      dando uma maior motiva&ccedil;&atilde;o, o comprometimento e a produtividade      da equipe do projeto, as entregas pequenas e constantes que trazem foco      para a equipe do projeto, a facilidade de acompanhamento dos projetos      (apesar da burocracia e sobrecarga na fase de plane-jamento), e ainda      o uso das ferramentas de apoio gerenciais implantadas no Redmine (Kanban      e Burndown), que facilitam o processo e t&ecirc;m funcionado a contento.<\/p>\n<p>     Dentre os pontos negativos, foram destacados: car&ecirc;ncia de ferramentas      de apoio t&eacute;cnico (Integra&ccedil;&atilde;o Cont&iacute;nua, testes      automatizados e um reposit&oacute;rio SVN de arquivos) que auxiliem      na identifica&ccedil;&atilde;o prematura de efeitos colaterais; falta      de pessoal com perfil de gerente de projeto que possa auxiliar na implanta&ccedil;&atilde;o      do processo em outros sistemas e projetos e, finalmente, sobrecarga      de tarefas de planejamento para os gerentes e os colaboradores mais      experientes.<br \/>     A DTI priorizou atividades para resolver as dificuldades encontradas      e algumas j&aacute; est&atilde;o em andamento, como a capacita&ccedil;&atilde;o      de integrantes da DAS em gest&atilde;o de projetos, a inser&ccedil;&atilde;o      de novos integrantes diretamente no processo &aacute;gil de desenvolvimento      e uma maior prioridade no desenvolvimento de ferramentas de apoio t&eacute;cnico.<\/p>\n<p>     O objetivo final da implanta&ccedil;&atilde;o da Gest&atilde;o &Aacute;gil      de Projetos &eacute; de contribuir para que os projetos atinjam o alto      n&iacute;vel e a maturidade desejados por todos. <\/p>\n<p>     Mais informa&ccedil;&otilde;es sobre a Gest&atilde;o &Aacute;gil de      Projetos podem ser obtidas em: https:\/\/www.scrum.org\/Scrum-Guide.<\/span><\/p>\n<p align=\"center\"><img loading=\"lazy\" decoding=\"async\" src=\"https:\/\/www.ufmg.br\/dti\/wp-content\/uploads\/fotos\/Ano%202014\/Maio\/15-05-2014\/AlbertoRubens_05-2014_V2.jpg\" width=\"169\" height=\"185\"><em><font face=\"1\"><br \/>     Alberto Rubens<\/font><\/em><br \/>     <a href=\"\/dti\/#topo\"><img loading=\"lazy\" decoding=\"async\" src=\"https:\/\/www.ufmg.br\/dti\/wp-content\/uploads\/imgs\/tudo_topo.gif\" width=\"35\" height=\"11\" alt=\"\" border=\"0\" hspace=\"0\" vspace=\"0\" align=\"right\"><br \/>     <\/a><\/p>\n<\/td>\n<\/tr>\n<tr>\n<td height=\"539\" align=\"LEFT\" valign=\"TOP\"><\/td>\n<td align=\"LEFT\" valign=\"TOP\">\n<p><a name=\"anoticias2\" id=\"2\"><span class=\"titulo\">ANALISTA      DE TI DO CECOM PARTICIPA DE CURSO DA RNP<\/span><\/a><\/p>\n<p align=\"justify\"><span class=\"texto\"><font face=\"2\">O      Analista de Tecnologia da Informa&ccedil;&atilde;o, Ronaldo Ara&uacute;jo      Costa, estar&aacute;, no per&iacute;odo de 19 a 21 de maio, no Rio de      Janeiro\/RJ, participando do curso Planejamento e Gest&atilde;o Estrat&eacute;gica      de TI, ministrado pela RNP &#8211; Rede Nacional de Ensino e Pesquisa.<\/p>\n<p>     As aulas ser&atilde;o realizadas no Centro Brasileiro de Pesquisas F&iacute;sicas      (CBPF), na Universidade Federal do Rio de Janeiro (UFRJ), em hor&aacute;rio      integral.<\/p>\n<p>     O objetivo do curso &eacute; fornecer conhecimentos essenciais para      o planejamento e a gest&atilde;o estrat&eacute;gica de TI nas organiza&ccedil;&otilde;es.      O foco est&aacute; no alinhamento da estrat&eacute;gia de TI com o alcance      das metas do neg&oacute;cio da organiza&ccedil;&atilde;o, na busca pela      vantagem competitiva atrav&eacute;s do constante refinamento dos processos      organizacionais. Ao final do curso, o aluno estar&aacute; capacitado      a elaborar uma pol&iacute;tica gerencial alinhada aos interesses da      sua organiza&ccedil;&atilde;o, com base em uma vis&atilde;o sist&ecirc;mica      e estrat&eacute;gica da Governan&ccedil;a de TI e seu impacto nos neg&oacute;cios.<\/font><\/span><\/p>\n<p align=\"center\"><em><font face=\"1\"><img loading=\"lazy\" decoding=\"async\" src=\"https:\/\/www.ufmg.br\/dti\/wp-content\/uploads\/fotos\/Ano%202014\/Maio\/15-05-2014\/Ronaldo400px_052014_V2.jpg\" width=\"177\" height=\"185\"><br \/>     Ronaldo Ara&uacute;jo Costa<\/font><\/em><\/p>\n<p>     <a href=\"\/dti\/#topo\"><img loading=\"lazy\" decoding=\"async\" src=\"https:\/\/www.ufmg.br\/dti\/wp-content\/uploads\/imgs\/tudo_topo.gif\" width=\"35\" height=\"11\" alt=\"\" border=\"0\" hspace=\"0\" vspace=\"0\" align=\"right\"><br \/>     <\/a><\/p>\n<\/td>\n<\/tr>\n<tr>\n<td height=\"425\" align=\"LEFT\" valign=\"TOP\"><\/td>\n<td align=\"LEFT\" valign=\"TOP\">\n<p><a name=\"anoticias3\" id=\"3\"><span class=\"titulo\">SA&Iacute;DA      DE ESTAGI&Aacute;RIO<\/span><\/a><\/p>\n<p align=\"justify\"><span class=\"texto\"><font face=\"2\">O      estagi&aacute;rio Guilherme Viegas de Faria encerrou seu est&aacute;gio      no CECOM no &uacute;ltimo dia de abril. Guilherme Viegas entrou para      o CECOM em 02 de maio de 2011, atuando na &aacute;rea de Contratos da      Divis&atilde;o de Apoio Administrativo. Inicialmente, Guilherme cursava      Administra&ccedil;&atilde;o, na FACE. Ap&oacute;s mudan&ccedil;a de      curso de gradua&ccedil;&atilde;o, passando para Sistemas de Informa&ccedil;&atilde;o,      ele passou a atuar na Divis&atilde;o de Atendimento e Consultoria. Desde      janeiro deste ano, Guilherme atuava junto ao site do CECOM, na DAA,      onde ficou at&eacute; a sua sa&iacute;da no final de abril.<\/font><\/span><\/p>\n<p align=\"center\"><em><font face=\"1\"><img loading=\"lazy\" decoding=\"async\" src=\"https:\/\/www.ufmg.br\/dti\/wp-content\/uploads\/fotos\/Ano%202014\/Maio\/15-05-2014\/saida_GuilhermeViegas_v2.jpg\" width=\"146\" height=\"185\"><br \/>     Guilherme Viegas<\/font><\/em><\/p>\n<p>     <a href=\"\/dti\/#topo\"><img loading=\"lazy\" decoding=\"async\" src=\"https:\/\/www.ufmg.br\/dti\/wp-content\/uploads\/imgs\/tudo_topo.gif\" width=\"35\" height=\"11\" alt=\"\" border=\"0\" hspace=\"0\" vspace=\"0\" align=\"right\"><br \/>     <\/a><\/p>\n<\/td>\n<\/tr>\n<tr>\n<td height=\"261\" align=\"LEFT\" valign=\"TOP\"><\/td>\n<td align=\"LEFT\" valign=\"TOP\">\n<p><a name=\"anoticias4\" id=\"4\"><span class=\"titulo\">NOVO      ESTAGI&Aacute;RIO DO CECOM<\/span><\/a><\/p>\n<p align=\"justify\"><span class=\"texto\"><font face=\"2\">O      CECOM est&aacute; contando com mais um estagi&aacute;rio em seu quadro.      Trata-se de V&iacute;tor Carvalho Fonseca, aluno do curso de Ci&ecirc;ncia      da Computa&ccedil;&atilde;o. Ele foi contratado a partir do dia 02 de      maio, e est&aacute; atuando na Divis&atilde;o de Aplicativos e Sistemas      (DAS).<\/font><\/span><\/p>\n<p align=\"center\"><em><font face=\"1\"><img loading=\"lazy\" decoding=\"async\" src=\"https:\/\/www.ufmg.br\/dti\/wp-content\/uploads\/fotos\/Ano%202014\/Maio\/15-05-2014\/EntradaEstagDAS_VitorFonseca_05-2014_V2.jpg\" width=\"137\" height=\"185\"><br \/>     V&iacute;tor Fonseca<\/font><\/em><\/p>\n<p>     <a href=\"\/dti\/#topo\"><img loading=\"lazy\" decoding=\"async\" src=\"https:\/\/www.ufmg.br\/dti\/wp-content\/uploads\/imgs\/tudo_topo.gif\" width=\"35\" height=\"11\" alt=\"\" border=\"0\" hspace=\"0\" vspace=\"0\" align=\"right\"><br \/>     <\/a><\/p>\n<\/td>\n<\/tr>\n<p>  <!-- #BeginEditable \"materias\" --> <!-- #EndEditable -->  <\/table>\n<\/p><\/div>\n<p><a name='informativo'><\/a><\/p>\n<h4>Informativo<\/h4>\n<div class=\"centro-sistematico\">  <!-- noticias --> <a><\/a>  <\/p>\n<table border=\"0\" cellspacing=\"0\" cellpadding=\"0\">\n<tr>\n<td><\/td>\n<td><\/td>\n<\/tr>\n<p>  <!-- #BeginEditable \"materias\" --> <!-- #EndEditable -->  <\/table>\n<p> <!-- fim noticias --> <!-- tabela ha 20 anos --> <\/p>\n<table border=\"0\" cellpadding=\"0\" cellspacing=\"0\" bgcolor=\"#FFFFFF\">\n<tr>\n<td height=\"329\" align=\"LEFT\" valign=\"TOP\"><\/td>\n<td align=\"LEFT\" valign=\"TOP\">&nbsp;<\/td>\n<td align=\"LEFT\" valign=\"TOP\">\n<p align=\"left\"><span class=\"texto\"><a name=\"ainformativo1\" id=\"1\"><span class=\"titulo\">ESTAT&Iacute;STICAS      DE SERVI&Ccedil;O PROXY HTTP<\/span><\/a><\/span><\/p>\n<p align=\"justify\"><span class=\"texto\">Destinado a diminuir o tr&aacute;fego      de navega&ccedil;&atilde;o na RNP e acelerar o acesso de m&aacute;quinas      internas e sites externos, a UFMG conta com o servi&ccedil;o de proxy      HTTP, implantado em abril\/2006.<\/p>\n<p>     Todos os meses, O Sistem&aacute;tico tem publicado as estat&iacute;sticas      de acesso a esse servi&ccedil;o.<br \/>     At&eacute; o dia 30 de abril de 2014, foram registrados 14.830 usu&aacute;rios      diferentes acessando o sistema desde a sua implanta&ccedil;&atilde;o.      O gr&aacute;fico abaixo mostra o total de registros mensais.<br \/>     Para quem est&aacute; fora da Rede UFMG (por exemplo, acessando a Internet      de casa), o proxy permite o acesso a sites n&atilde;o p&uacute;blicos.<\/span><\/p>\n<p align=\"justify\"><span class=\"texto\"><br \/>     A queda acentuada no uso do Proxy teve in&iacute;cio com a ado&ccedil;&atilde;o      do acesso direto com a autentica&ccedil;&atilde;o via comunidade CAFe.<br \/>     <\/span><\/p>\n<p align=\"center\"><img decoding=\"async\" src=\"https:\/\/www.ufmg.br\/dti\/wp-content\/uploads\/fotos\/Ano%202014\/Maio\/15-05-2014\/Proxy_abril2014.jpg\" height=\"240\"><\/p>\n<p>     <span class=\"texto\"> <\/span><\/p>\n<\/td>\n<\/tr>\n<tr>\n<td height=\"455\" align=\"LEFT\" valign=\"TOP\"><\/td>\n<td align=\"LEFT\" valign=\"TOP\">&nbsp;<\/td>\n<td align=\"LEFT\" valign=\"TOP\">\n<p align=\"left\"><span class=\"texto\"><a name=\"ainformativo2\" id=\"2\"><span class=\"titulo\">DICAS      DE SITES INTERESSANTES<\/span><\/a><\/span><\/p>\n<p align=\"justify\"><span class=\"texto\">Adyrus, o ca&ccedil;ador de sites,      enviou as seguintes dicas:<\/p>\n<p>     &#8211; A Fifa divulgou nesta segunda-feira os 32 slogans que v&atilde;o estampar      os &ocirc;nibus que v&atilde;o levar as sele&ccedil;&otilde;es durante      a Copa do Mundo. Veja no <a href=\"http:\/\/copadomundo.uol.com.br\/noticias\/redacao\/2014\/05\/12\/divulgados-os-slogans-dos-onibus-da-copa-e-o-do-brasil-promete-o-hexa.htm\">endere&ccedil;o<\/a>.<\/p>\n<p>     &#8211; Manuten&ccedil;&atilde;o: limpando o computa-dor por dentro. <a href=\"http:\/\/canaltech.com.br\/dica\/hardware\/Manutencao-Limpando-o-computador-por-dentro-para-iniciantes\/?utm_source=Canaltech%2B%20Oficial&amp;utm_campaign=cc45a6f226-UA-33160475-1&amp;utm_medium=email&amp;utm%20_term=0_416ee9a6e7-cc45a6f226-73666349\">Saiba      mais<\/a>.<\/p>\n<p>     &#8211; Veja um site com fotos retr&ocirc; no <a href=\"http:\/\/retromash.com\/gallery\/\">endere&ccedil;o<\/a>.<\/p>\n<p>     &#8211; Saiba mais sobre o Top 10 filmes mais pirateados da Semana&nbsp; de      12\/05\/2014. <a href=\"http:\/\/torrentfreak.com\/top-10-most-pirated-movies-of-the-week-140512\/?utm_source=feedburner&amp;utm_medium=feed&amp;utm_campaign=Feed%3A%2BTorrent%20freak%2B%28Torrentfreak%29&amp;utm_%20content=Netvibes\">Acesse<\/a>.<\/p>\n<p>     &#8211; Proteja suas senhas &#8211; As senhas s&atilde;o a primeira linha de defesa      contra criminosos cibern&eacute;ticos. &Eacute; crucial escolher senhas      fortes que sejam diferentes para cada uma de suas contas importantes,      e &eacute; recomend&aacute;vel atualizar suas senhas regularmente. Siga      as dicas no <a href=\"http:\/\/www.google.com\/goodtoknow\/online-safety\/passwords\/\">endere&ccedil;o<\/a>      para criar senhas fortes e mant&ecirc;-las em seguran&ccedil;a. <\/p>\n<p>     &#8211; Certifique-se se a foto &eacute; real <a href=\"http:\/\/www.izitru.com\/\">clicando<\/a>.<\/p>\n<p>     &#8211; Gran Turismo e o tributo para Ayrton Senna. <a href=\"http:\/\/www.gran-turismo.com\/us\/senna\/\">Veja<\/a>.<\/p>\n<p>     &#8211; Voc&ecirc; pode usar o Google Now para encontrar o local aproximado      onde estacionou seu carro. Os cards de local de estacionamento ser&atilde;o      exibidos caso o carro seja seu meio de transporte principal no Google      Now. <a href=\"https:\/\/support.google.com\/websearch\/answer\/6015842\">Clique<\/a>.<\/p>\n<p>     <\/span><span class=\"texto\"><\/span>    <\/p>\n<\/td>\n<\/tr>\n<tr>\n<td height=\"287\" align=\"LEFT\" valign=\"TOP\"><\/td>\n<td align=\"LEFT\" valign=\"TOP\">&nbsp;<\/td>\n<td align=\"LEFT\" valign=\"TOP\">\n<p align=\"left\"><span class=\"texto\"><a name=\"ainformativo3\" id=\"3\"><span class=\"titulo\">UFMG      DIVULGA EDITAL SISU\/2015 PARA SELE&Ccedil;&Atilde;O DE CANDIDATOS AOS      CURSOS PRESENCIAIS DE GRADUA&Ccedil;&Atilde;O<\/span><\/a><\/span><\/p>\n<p align=\"justify\"><span class=\"texto\">A UFMG divulgou o edital do processo      seletivo para acesso aos cursos presenciais de gradua&ccedil;&atilde;o      da UFMG em 2015. As orienta&ccedil;&otilde;es s&atilde;o dirigidas a      candidatos selecionados pelo Sistema de Sele&ccedil;&atilde;o Unificada      (Sisu) do Minist&eacute;rio da Educa&ccedil;&atilde;o, com base nos      resultados do Exame Nacional do Ensino M&eacute;dio (Enem) de 2014.      As inscri&ccedil;&otilde;es para o Enem foram abertas nesta segunda-feira,      dia 12 de maio.<\/p>\n<p>     Com a ades&atilde;o da UFMG ao Sisu, a sele&ccedil;&atilde;o dos candidatos      &agrave;s vagas dos cursos presenciais passou a se dar, exclusivamente,      com base nos resultados obtidos pelo candidato no Enem.<br \/>     A inscri&ccedil;&atilde;o no Enem 2014 deve ser realizada no site do      Instituto Nacional de Estudos e Pesquisas Educacionais An&iacute;sio      Teixeira (Inep), at&eacute; o dia 23 de maio. As provas ser&atilde;o      realizadas dias 8 e 9 de novembro.<\/p>\n<p>     As normas complementares sobre o processo seletivo Sisu\/UFMG 2015 ser&atilde;o      divulgadas ap&oacute;s publica&ccedil;&atilde;o do Edital Sisu\/2015      pelo MEC e disponibilizadas tamb&eacute;m no site do Sisu\/UFMG neste      portal. <\/p>\n<p>     Na UFMG, n&atilde;o participam do Sisu alguns cursos presenciais de      gradua&ccedil;&atilde;o (Artes Visuais, Cinema de Anima&ccedil;&atilde;o      e Artes Digitais, Conserva&ccedil;&atilde;o e Restaura&ccedil;&atilde;o      de Bens Culturais M&oacute;veis, Dan&ccedil;a, Design, Design de Moda,      M&uacute;sica, Teatro), assim como as vagas para transfer&ecirc;ncia      e obten&ccedil;&atilde;o de novo t&iacute;tulo e os cursos oferecidos      na modalidade de educa&ccedil;&atilde;o a dist&acirc;ncia. Entretanto,      os candidatos que desejam concorrer a uma vaga nesses cursos devem fazer      o Enem, cujas notas valem como primeira etapa de sele&ccedil;&atilde;o,      ou etapa &uacute;nica. Os editais dos processos seletivos para estes      cursos s&atilde;o espec&iacute;ficos e divulgados oportunamente, na      p&aacute;gina www.ufmg.br\/copeve. Tamb&eacute;m contam com sele&ccedil;&atilde;o      espec&iacute;fica os cursos de Licenciatura em Educa&ccedil;&atilde;o      do Campo e Forma&ccedil;&atilde;o Intercultural para Educadores Ind&iacute;genas.      Tamb&eacute;m nesse caso, outras informa&ccedil;&otilde;es podem ser      obtidas no site da Copeve.<\/p>\n<p>     <strong>Sisu UFMG 2&ordm;\/2014<\/strong><\/p>\n<p>     Este ano a UFMG adotou as duas edi&ccedil;&otilde;es do Sisu. A primeira      delas j&aacute; est&aacute; conclu&iacute;da, com distribui&ccedil;&atilde;o      de 3.295 vagas em Belo Horizonte e 240 em Montes Claros. Para a segunda      edi&ccedil;&atilde;o do Sisu UFMG 2014 haver&aacute; novo per&iacute;odo      de inscri&ccedil;&atilde;o, com oferta de mais 2.714 vagas na capital.<\/p>\n<p>     Para concorrer &agrave;s vagas do segundo semestre, o candidato dever&aacute;      se inscrever novamente, no Sisu 2014\/2. E esta segunda sele&ccedil;&atilde;o      tamb&eacute;m ser&aacute; baseada na nota do Enem 2013. O edital complementar      com o cronograma e orienta&ccedil;&otilde;es dever&aacute; ser publicado      a partir da segunda quinzena de maio, segundo a diretora do Departamento      de Registro e Controle Acad&ecirc;mico (DRCA), Daniele Z&aacute;rate.<\/p>\n<p>     (<em>Fonte: https:\/\/www.ufmg.br\/online\/arquivos\/033247.shtml &#8211; 12\/05\/2014<\/em>)      <\/p>\n<p>     <\/span><span class=\"texto\"><\/span><span class=\"texto\"><br \/>     <\/span> <\/p>\n<\/td>\n<\/tr>\n<tr>\n<td height=\"309\" align=\"LEFT\" valign=\"TOP\"><\/td>\n<td align=\"LEFT\" valign=\"TOP\">&nbsp;<\/td>\n<td align=\"LEFT\" valign=\"TOP\">\n<p align=\"left\"><span class=\"texto\"><a name=\"ainformativo4\" id=\"4\"><span class=\"titulo\">UFMG      OFERECE PROGRAMA&Ccedil;&Atilde;O ESPECIAL DURANTE 12&ordf; SEMANA NACIONAL      DOS MUSEUS<\/span><\/a><\/span><\/p>\n<p align=\"justify\"><span class=\"texto\">As unidades que comp&otilde;em      a Rede de Museus da UFMG oferecem programa&ccedil;&atilde;o especial      em comemora&ccedil;&atilde;o &agrave; 12&ordf; Semana Nacional dos Museus,      que tem como tema <em>Museus: cole&ccedil;&otilde;es criam conex&otilde;es<\/em>.      As atividades ocorrem ao longo do m&ecirc;s de maio e a programa&ccedil;&atilde;o      completa est&aacute; dispon&iacute;vel no site do Instituto Brasileiro      de Museus (Ibram): http:\/\/goo.gl\/eW9lXI <\/p>\n<p>     O Museu de Hist&oacute;ria Natural e Jardim Bot&acirc;nico (MHNJB) realiza      palestras que abordam as cole&ccedil;&otilde;es cient&iacute;ficas e      comunica&ccedil;&otilde;es orais de trabalhos desenvolvidos em suas      depend&ecirc;ncias. As atividades acontecem hoje, das 9h &agrave;s 17h,      na sede do Museu (Rua Gustavo da Silveira, 1035, Santa In&ecirc;s).      O telefone para contato &eacute; (31) 3409-7600.<\/p>\n<p>     A cidade de Conselheiro Lafaiete recebe, at&eacute; quinta-feira, 15      de maio, o Museu Ponto Itinerante UFMG. O caminh&atilde;o-museu vai      apresentar sua exposi&ccedil;&atilde;o permanente, composta por salas      tem&aacute;ticas que discutem o homem e suas rela&ccedil;&otilde;es.      As atividades acontecem no gin&aacute;sio municipal, das 8 &agrave;s      17 horas.<\/p>\n<p>     J&aacute; o Espa&ccedil;o do Conhecimento UFMG promove exibi&ccedil;&otilde;es      tem&aacute;ticas na fachada de seu edif&iacute;cio entre 18h30 e 22h30,      e sess&otilde;es comentadas do planet&aacute;rio, com a exibi&ccedil;&atilde;o      de A lua e o zod&iacute;aco, sobre fen&ocirc;menos do ciclo lunar, e      O c&eacute;u de Belo Horizonte, que aborda os fen&ocirc;menos celestes      vis&iacute;veis a olho nu. Das 10h &agrave;s 17h o p&uacute;blico tamb&eacute;m      poder&aacute; visitar as exposi&ccedil;&otilde;es. Na escala, que re&uacute;ne      imagens sobre a rela&ccedil;&atilde;o entre macro e micro-objetos, e      Demasiado humano, sobre a origem e compreens&atilde;o do universo. <\/p>\n<p>     Os contatos de todas as unidades da Rede de Museus UFMG podem ser obtidos      na p&aacute;gina de cultura da Universidade: http:\/\/www. cultura.ufmg.br\/index.php?option=com_      content&amp;view=article&amp;id=212&amp;Itemid=126<\/p>\n<p>     (<em>Fonte: Ag&ecirc;ncia de Not&iacute;cias da UFMG &#8211; 13\/05\/2014<\/em>)<\/p>\n<p>     <\/span><span class=\"texto\"><\/span><span class=\"texto\"><br \/>     <\/span> <\/p>\n<\/td>\n<\/tr>\n<tr bgcolor=\"#FFFFFF\" class=\"cinza\">\n<td height=\"257\"><img loading=\"lazy\" decoding=\"async\" src=\"https:\/\/www.ufmg.br\/dti\/wp-content\/uploads\/imgs\/tudo_pixel.gif\" width=\"1\" height=\"1\" alt=\"\" border=\"0\"><\/td>\n<td align=\"LEFT\" valign=\"TOP\">&nbsp;<\/td>\n<td align=\"LEFT\" valign=\"TOP\"><!-- #BeginEditable \"ha%2020%20anos\" -->     <\/p>\n<div align=\"justify\">\n<p><a name=\"ainformativo5\" id=\"5\"><span class=\"titulo\">H\u00e1 20 anos&#8230;<\/span><\/a><\/p>\n<p>      <span class=\"texto\"> O Sistem&aacute;tico Ano XVIII, n&ordm; 17, de       19\/05\/1994, publicou not&iacute;cias sobre 42o Encontro Nacional de       Usu&aacute;rios Unisys, Rede Novell, Inforuso, mudan&ccedil;as f&iacute;sicas       no CECOM, 8a FENASOFT, entre outras, al&eacute;m do artigo t&eacute;cnico       Atendimento, um toque de classe, de autoria de Adyr Rodrigues Nascimento,       da DAC. A not&iacute;cia que se destacou foi:<\/span><\/p>\n<p align=\"justify\"><span class=\"texto\"><strong>10 ANOS DO N&Uacute;CLEO       DE COMPUTA&Ccedil;&Atilde;O EM SA&Uacute;DE<\/strong><\/p>\n<p>      <font face=\"1\">A Diretoria do Hospital das Cl&iacute;nicas enviou       convite para a cerim&ocirc;nia de comemora&ccedil;&atilde;o dos 10       anos de atividades do N&uacute;cleo de Computa&ccedil;&atilde;o em       Sa&uacute;de e da inaugura&ccedil;&atilde;o do novo sistema de computa&ccedil;&atilde;o       HP\/9000-G30, hoje, dia 19, a partir das 17h. A cerim&ocirc;nia ser&aacute;       realizada na Sala de Reuni&atilde;o do Conselho, no HC.<br \/>      O N&uacute;cleo foi criado em 1984, com o apoio do Centro de Computa&ccedil;&atilde;o,       que cedeu os analistas Dilma Trivelli Pimenta Sandrin, Cl&aacute;udia       Galinkin, Gino Ottoni Durante, Marcelo Novaes Machado e a operadora       Ana Maria da Rocha, para oferecer suporte computacional &agrave;s       atividades de administra&ccedil;&atilde;o, ensino e pesquisa na &aacute;rea       da sa&uacute;de. <br \/>      O trabalho desenvolvido pelo N&uacute;cleo permitiu ao HC tornar-se       um dos hospitais universit&aacute;rios mais bem equipados na &aacute;rea       de computa&ccedil;&atilde;o, estando praticamente todo informatizado,       com sistemas que agilizaram e aumentaram o seu n&iacute;vel de ocupa&ccedil;&atilde;o,       ajudando nos processos administrativos e de atendimento aos pacientes.<\/p>\n<p>      <\/font><\/span><span class=\"texto\"><\/span><span class=\"texto\"><\/span><\/p>\n<\/p><\/div>\n<p>    <!-- #EndEditable --><\/td>\n<\/tr>\n<tr>\n<td width=\"12\" align=\"LEFT\" valign=\"TOP\">&nbsp;<\/td>\n<td align=\"LEFT\" valign=\"TOP\">&nbsp;<\/td>\n<td align=\"LEFT\" valign=\"TOP\">\n<p align=\"left\"><span class=\"texto\"> <\/span>    <\/p>\n<\/td>\n<\/tr>\n<p>  <!-- #BeginEditable \"materias\" --> <!-- #EndEditable -->  <\/table>\n<p> <!-- fim tabela ha 20 anos --><\/div>\n<p><a name='eventos'><\/a><\/p>\n<h4>Eventos<\/h4>\n<div class=\"centro-sistematico\">  <!-- noticias --> <\/p>\n<table border=\"0\" cellpadding=\"0\" cellspacing=\"0\">\n<tr>\n<td align=\"LEFT\" valign=\"TOP\">&nbsp;<\/td>\n<td align=\"LEFT\" valign=\"TOP\">&nbsp;<\/td>\n<\/tr>\n<p>  <!-- #BeginEditable \"materias\" --> <!-- #EndEditable -->  <\/table>\n<table border=\"0\" cellpadding=\"0\" cellspacing=\"0\">\n<tr>\n<td height=\"148\" align=\"LEFT\" valign=\"TOP\"><\/td>\n<td align=\"LEFT\" valign=\"TOP\">&nbsp;<\/td>\n<td align=\"LEFT\" valign=\"TOP\">&nbsp;<\/td>\n<td align=\"LEFT\" valign=\"TOP\">\n<p><a name=\"aeventos1\" id=\"1\"><span class=\"titulo\">SOCIAIS<\/span><\/a><\/p>\n<p align=\"justify\" class=\"texto\"><strong>ANIVERS&Aacute;RIOS:<\/strong>      <em>&#8220;O Sistem&aacute;tico&#8221; envia os parab&eacute;ns para:      David Eust&aacute;quio da Silva, no dia 17; e para os ex-ceconianos:      Rafael Henrique Soares Oliveira, no dia 15; Paulo N&eacute;lio Lage      Malvar, no dia 16; Eduardo Costa e Silva e prof. Roberto da Silva Bigonha,      no dia 19; Bianca Tereza da Silva Alves, no dia 21; e Wang Kui Ying,      no dia 22.<\/em><\/p>\n<p align=\"justify\" class=\"texto\"><span class=\"texto\"><br \/>     <\/span><\/p>\n<\/td>\n<\/tr>\n<tr>\n<td height=\"347\" align=\"LEFT\" valign=\"TOP\"><\/td>\n<td align=\"LEFT\" valign=\"TOP\">&nbsp;<\/td>\n<td align=\"LEFT\" valign=\"TOP\">&nbsp;<\/td>\n<td align=\"LEFT\" valign=\"TOP\">\n<p><a name=\"aeventos2\" id=\"2\"><span class=\"titulo\">MEM&Oacute;RIA      FOTOGR&Aacute;FICA DO CECOM<\/span><\/a><\/p>\n<p align=\"justify\" class=\"texto\">Na edi&ccedil;&atilde;o da semana passada,      a Mem&oacute;ria Fotogr&aacute;fica do CECOM homenageou as m&atilde;es      e os p&atilde;es da DTI. Para conseguir a proeza de reunir os homenageados,      a Reda&ccedil;&atilde;o de O Sistem&aacute;tico teve que improvisar.<\/p>\n<p>     Como toda sess&atilde;o de fotos no CECOM &eacute; muito engra&ccedil;ada,      esta semana, O Sistem&aacute;tico publica algumas fotos tiradas antes      de se chegar &agrave; melhor.<\/p>\n<p>     As fotos s&atilde;o de autoria da Lel&eacute;.<\/p>\n<p align=\"justify\" class=\"texto\">&nbsp;<\/p>\n<p align=\"center\" class=\"texto\"><img loading=\"lazy\" decoding=\"async\" src=\"https:\/\/www.ufmg.br\/dti\/wp-content\/uploads\/fotos\/Ano%202014\/Maio\/15-05-2014\/DiaMaes2014_1.jpg\" width=\"500\" height=\"279\"><br \/>     <em><font face=\"1\">As m&atilde;es: Takeda, Thalita, Edir, Denise, Selma      e Karina<\/font><\/em><\/p>\n<p align=\"center\" class=\"texto\"><img loading=\"lazy\" decoding=\"async\" src=\"https:\/\/www.ufmg.br\/dti\/wp-content\/uploads\/fotos\/Ano%202014\/Maio\/15-05-2014\/DiaDasMaes2014_3.jpg\" width=\"500\" height=\"299\"><br \/>     <em><font face=\"1\">Os p&atilde;es Jo&atilde;o Carlos e Carlos Alfeu      ladeando Soraya e Elza<\/font><\/em><\/p>\n<p align=\"center\" class=\"texto\"><em><strong><font face=\"1\">      <\/font><\/strong><\/em><span class=\"texto\"><\/span><\/p>\n<\/td>\n<\/tr>\n<p>  <!-- #BeginEditable \"materias\" --> <!-- #EndEditable -->  <\/table>\n<\/p><\/div>\n","protected":false},"excerpt":{"rendered":"<p>Not\u00edcias DTI AVALIA GEST&Atilde;O &Aacute;GIL DE PROJETOS NA DAS ANALISTA DE TI DO CECOM PARTICIPA DE CURSO DA RNP SA&Iacute;DA DE ESTAGI&Aacute;RIO NOVO ESTAGI&Aacute;RIO DO CECOM Informativo ESTAT&Iacute;STICAS DE SERVI&Ccedil;O PROXY HTTP DICAS DE SITES INTERESSANTES UFMG DIVULGA EDITAL SISU\/2015 PARA SELE&Ccedil;&Atilde;O DE CANDIDATOS AOS CURSOS PRESENCIAIS DE GRADUA&Ccedil;&Atilde;O UFMG OFERECE PROGRAMA&Ccedil;&Atilde;O ESPECIAL DURANTE 12&ordf; &#8230; <a title=\"Sistem\u00e1tico: Edi\u00e7\u00e3o 1606 &#8211; 15\/05\/2014\" class=\"read-more\" href=\"https:\/\/www.ufmg.br\/dti\/2014\/05\/15\/sistematico-edicao-1606-15052014\/\" aria-label=\"Read more about Sistem\u00e1tico: Edi\u00e7\u00e3o 1606 &#8211; 15\/05\/2014\">Ler mais<\/a><\/p>\n","protected":false},"author":3,"featured_media":0,"comment_status":"open","ping_status":"open","sticky":false,"template":"","format":"standard","meta":{"inline_featured_image":false,"footnotes":""},"categories":[13],"tags":[],"coauthors":[79],"class_list":["post-2883","post","type-post","status-publish","format-standard","hentry","category-sistematico"],"_links":{"self":[{"href":"https:\/\/www.ufmg.br\/dti\/wp-json\/wp\/v2\/posts\/2883","targetHints":{"allow":["GET"]}}],"collection":[{"href":"https:\/\/www.ufmg.br\/dti\/wp-json\/wp\/v2\/posts"}],"about":[{"href":"https:\/\/www.ufmg.br\/dti\/wp-json\/wp\/v2\/types\/post"}],"author":[{"embeddable":true,"href":"https:\/\/www.ufmg.br\/dti\/wp-json\/wp\/v2\/users\/3"}],"replies":[{"embeddable":true,"href":"https:\/\/www.ufmg.br\/dti\/wp-json\/wp\/v2\/comments?post=2883"}],"version-history":[{"count":0,"href":"https:\/\/www.ufmg.br\/dti\/wp-json\/wp\/v2\/posts\/2883\/revisions"}],"wp:attachment":[{"href":"https:\/\/www.ufmg.br\/dti\/wp-json\/wp\/v2\/media?parent=2883"}],"wp:term":[{"taxonomy":"category","embeddable":true,"href":"https:\/\/www.ufmg.br\/dti\/wp-json\/wp\/v2\/categories?post=2883"},{"taxonomy":"post_tag","embeddable":true,"href":"https:\/\/www.ufmg.br\/dti\/wp-json\/wp\/v2\/tags?post=2883"},{"taxonomy":"author","embeddable":true,"href":"https:\/\/www.ufmg.br\/dti\/wp-json\/wp\/v2\/coauthors?post=2883"}],"curies":[{"name":"wp","href":"https:\/\/api.w.org\/{rel}","templated":true}]}}