{"id":2884,"date":"2014-05-08T08:00:00","date_gmt":"2014-05-08T08:00:00","guid":{"rendered":"https:\/\/www.ufmg.br\/dti\/cecom\/?p=1024"},"modified":"2014-05-08T08:00:00","modified_gmt":"2014-05-08T08:00:00","slug":"sistematico-edicao-1605-08052014","status":"publish","type":"post","link":"https:\/\/www.ufmg.br\/dti\/2014\/05\/08\/sistematico-edicao-1605-08052014\/","title":{"rendered":"Sistem\u00e1tico: Edi\u00e7\u00e3o 1605 &#8211; 08\/05\/2014"},"content":{"rendered":"<ul>\n<li><a href=\"\/dti\/#noticias\">Not\u00edcias<\/a>\n<div class='submenuSistematico'>\n<ul>\n<li><a href=\"\/dti\/#anoticias1\" id=\"1\"><span class=\"titulo\">DTI      PARTICIPA DE SEMIN&Aacute;RIO DO TCU HOJE EM BRAS&Iacute;LIA<\/span><\/a><\/li>\n<li><a href=\"\/dti\/#anoticias2\" id=\"2\"><span class=\"titulo\">FUNCION&Aacute;RIOS      DA DAA PARTICIPAM DE TREINAMENTOS DO DLO<\/span><\/a><\/li>\n<\/ul>\n<\/div>\n<\/li>\n<li><a href=\"\/dti\/#informativo\">Informativo<\/a>\n<div class='submenuSistematico'>\n<ul>\n<li><a href=\"\/dti\/#ainformativo1\" id=\"1\"><span class=\"titulo\">DICAS      DE SITES INTERESSANTES<\/span><\/a><\/li>\n<li><a href=\"\/dti\/#ainformativo2\" id=\"2\"><span class=\"titulo\">COMUNIDADE      DA UFMG ELEGER&Aacute; REPRESENTANTES PARA &Oacute;RG&Atilde;OS COLEGIADOS      E COMISS&Otilde;ES; INSCRI&Ccedil;&Otilde;ES DE CHAPAS COME&Ccedil;AM      NA SEGUNDA<\/span><\/a><\/li>\n<li><a href=\"\/dti\/#ainformativo3\" id=\"3\"><span class=\"titulo\">15&ordf;      FEIRA DE ARTESANATO DO VALE DO JEQUITINHONHA TERMINA S&Aacute;BADO NA      UFMG <\/span><\/a><\/li>\n<li><a href=\"\/dti\/#ainformativo4\" id=\"4\"><span class=\"titulo\">CONSERVAT&Oacute;RIO      UFMG ABRE FESTIVAL DE CONCERTOS NESTE S&Aacute;BADO<\/span><\/a><\/li>\n<li><a href=\"\/dti\/#ainformativo5\" id=\"5\"><span class=\"titulo\">H\u00e1 20 anos&#8230;<\/span><\/a><\/li>\n<\/ul>\n<\/div>\n<\/li>\n<li><a href=\"\/dti\/#eventos\">Eventos<\/a>\n<div class='submenuSistematico'>\n<ul>\n<li><a href=\"\/dti\/#aeventos1\" id=\"1\"><span class=\"titulo\">SOCIAIS<\/span><\/a><\/li>\n<li><a href=\"\/dti\/#aeventos2\" id=\"2\"><span class=\"titulo\">DIA      DAS M&Atilde;ES<\/span><\/a><\/li>\n<\/ul>\n<\/div>\n<\/li>\n<\/ul>\n<ul class='pdfSist'>\n<li><a href=\"https:\/\/www.ufmg.br\/dti\/wp-content\/uploads\/Sistematico_PDF\/Sist11_2014-A4.pdf\"><img loading=\"lazy\" decoding=\"async\" src=\"https:\/\/www.ufmg.br\/dti\/wp-content\/uploads\/Sistematico_PDF\/mini_pdf.gif\" width=\"53\" height=\"53\" border=\"0\"> Vers\u00e3o em PDF<\/a><\/li>\n<\/ul>\n<p> <a name='noticias'><\/a><\/p>\n<h4>Not\u00edcias<\/h4>\n<div class=\"centro-sistematico\">  <!-- noticias --> <a><\/a> <\/p>\n<table width=\"556\" border=\"0\" cellpadding=\"0\" cellspacing=\"0\">\n<tr>\n<td width=\"12\" height=\"343\" align=\"LEFT\" valign=\"TOP\"><\/td>\n<td width=\"544\" align=\"LEFT\" valign=\"TOP\">\n<p align=\"justify\"><a name=\"anoticias1\" id=\"1\"><span class=\"titulo\">DTI      PARTICIPA DE SEMIN&Aacute;RIO DO TCU HOJE EM BRAS&Iacute;LIA<\/span><\/a>      <\/p>\n<p>     <span class=\"texto\">O Diretor de Tecnologia da Informa&ccedil;&atilde;o,      Prof. Di&oacute;genes Cec&iacute;lio da Silva J&uacute;nior, e o Diretor      do CECOM, Carlos Alfeu Furtado da Fonseca, est&atilde;o no dia de hoje,      em Bras&iacute;lia\/DF, participando do Semin&aacute;rio Di&aacute;logo      P&uacute;blico &#8211; Governan&ccedil;a de Tecnologia da Informa&ccedil;&atilde;o:      Controle Externo em A&ccedil;&atilde;o.<\/p>\n<p>     O evento est&aacute; sendo realizado pela Secretaria de Fiscaliza&ccedil;&atilde;o      de Tecnologia da Informa&ccedil;&atilde;o (Sefti), em conjunto com o      Instituto Serzedello Corr&ecirc;a (ISC).<\/p>\n<p>     O objetivo do semin&aacute;rio &eacute; apresentar o question&aacute;rio      a ser utilizado no levantamento de governan&ccedil;a de TI 2014, bem      como as a&ccedil;&otilde;es que o TCU tem desenvolvido para induzir      a melhoria da governan&ccedil;a de TI na Administra&ccedil;&atilde;o      P&uacute;blica Federal. Na oportunidade, ser&aacute; poss&iacute;vel      esclarecer d&uacute;vidas acerca do levantamento e de outras a&ccedil;&otilde;es      de governan&ccedil;a e gest&atilde;o de TI.<\/p>\n<p>     O semin&aacute;rio teve in&iacute;cio &agrave;s 8h30, com encerramento      previsto para &agrave;s 18h.<\/span><\/p>\n<p align=\"center\"><span class=\"texto\"><\/p>\n<p>     <\/span><img loading=\"lazy\" decoding=\"async\" src=\"https:\/\/www.ufmg.br\/dti\/wp-content\/uploads\/fotos\/Ano%202014\/Maio\/08-05-2014\/CAlfeu_v3.jpg\" width=\"201\" height=\"250\">      <img loading=\"lazy\" decoding=\"async\" src=\"https:\/\/www.ufmg.br\/dti\/wp-content\/uploads\/fotos\/Ano%202014\/Maio\/08-05-2014\/Diogenes_v2.jpg\" width=\"212\" height=\"250\">      <em><font face=\"1\"><br \/>     Carlos Alfeu e Prof. Di&oacute;genes Cec&iacute;lio<\/font><\/em><br \/>     <a href=\"\/dti\/#topo\"><img loading=\"lazy\" decoding=\"async\" src=\"https:\/\/www.ufmg.br\/dti\/wp-content\/uploads\/imgs\/tudo_topo.gif\" width=\"35\" height=\"11\" alt=\"\" border=\"0\" hspace=\"0\" vspace=\"0\" align=\"right\"><br \/>     <\/a><\/p>\n<\/td>\n<\/tr>\n<tr>\n<td height=\"261\" align=\"LEFT\" valign=\"TOP\"><\/td>\n<td align=\"LEFT\" valign=\"TOP\">\n<p><a name=\"anoticias2\" id=\"2\"><span class=\"titulo\">FUNCION&Aacute;RIOS      DA DAA PARTICIPAM DE TREINAMENTOS DO DLO<\/span><\/a><\/p>\n<p align=\"justify\"><span class=\"texto\"><font face=\"2\">O      Departamento de Log&iacute;stica de Suprimentos e de Servi&ccedil;os      Operacionais (DLO\/UFMG), co-respons&aacute;vel pela aquisi&ccedil;&atilde;o      e implanta&ccedil;&atilde;o de um novo Sistema de Gest&atilde;o Financeira,      estar&aacute; promovendo, no m&ecirc;s de maio, treinamento dos servidores      para a utiliza&ccedil;&atilde;o do novo sistema<br \/>     .<br \/>     O M&oacute;dulo de Gest&atilde;o de Contratos ser&aacute; realizado      nos dias 12 (Turma 1) e 16 (Turma 2) e ter&aacute; carga hor&aacute;ria      de 8 (oito) horas. O funcion&aacute;rio da DAA, Guilherme Henrique Silva      Gomes, est&aacute; inscrito na Turma 1.<\/p>\n<p>     J&aacute; o M&oacute;dulo de Gest&atilde;o Financeira ser&aacute; oferecido      nos dias 13 e 14 (Turma 1) e 14 e 15 (Turma 2). A funcion&aacute;ria      da DAA, Elizeba Henrique Janu&aacute;rio, estar&aacute; participando      da Turma 2. <\/p>\n<p>     Os treinamentos ser&atilde;o realizados na sala de treinamentos do DLO,      nos hor&aacute;rios de 8h &agrave;s 12h e de 13h &agrave;s 17h. <\/font><\/span><\/p>\n<p align=\"center\"><em><font face=\"1\"><img loading=\"lazy\" decoding=\"async\" src=\"https:\/\/www.ufmg.br\/dti\/wp-content\/uploads\/fotos\/Ano%202014\/Maio\/08-05-2014\/Guilherme_Eliz_v2.jpg\" width=\"500\" height=\"303\"><br \/>     Eliz e Guilherme Henrique<\/font><\/em><\/p>\n<p>     <a href=\"\/dti\/#topo\"><img loading=\"lazy\" decoding=\"async\" src=\"https:\/\/www.ufmg.br\/dti\/wp-content\/uploads\/imgs\/tudo_topo.gif\" width=\"35\" height=\"11\" alt=\"\" border=\"0\" hspace=\"0\" vspace=\"0\" align=\"right\"><br \/>     <\/a><\/p>\n<\/td>\n<\/tr>\n<p>  <!-- #BeginEditable \"materias\" --> <!-- #EndEditable -->  <\/table>\n<\/p><\/div>\n<p><a name='informativo'><\/a><\/p>\n<h4>Informativo<\/h4>\n<div class=\"centro-sistematico\">  <!-- noticias --> <a><\/a>  <\/p>\n<table border=\"0\" cellspacing=\"0\" cellpadding=\"0\">\n<tr>\n<td><\/td>\n<td><\/td>\n<\/tr>\n<p>  <!-- #BeginEditable \"materias\" --> <!-- #EndEditable -->  <\/table>\n<p> <!-- fim noticias --> <!-- tabela ha 20 anos --> <\/p>\n<table border=\"0\" cellpadding=\"0\" cellspacing=\"0\" bgcolor=\"#FFFFFF\">\n<tr>\n<td height=\"329\" align=\"LEFT\" valign=\"TOP\"><\/td>\n<td align=\"LEFT\" valign=\"TOP\">&nbsp;<\/td>\n<td align=\"LEFT\" valign=\"TOP\">\n<p align=\"left\"><span class=\"texto\"><a name=\"ainformativo1\" id=\"1\"><span class=\"titulo\">DICAS      DE SITES INTERESSANTES<\/span><\/a><\/span><\/p>\n<p align=\"justify\"><span class=\"texto\">Adyrus, o ca&ccedil;ador de sites,      enviou as seguintes dicas:<\/p>\n<p>     &#8211; Descubra uma forma melhor de aprender. E-mail baseado na Web, agenda      e documentos gratuitos para estudar em colabora&ccedil;&atilde;o a qualquer      momento, em qualquer lugar. Google Apps for Education. <a href=\"http:\/\/www.google.com\/enterprise\/apps\/education\">Saiba      mais<\/a>.<\/p>\n<p>     &#8211; McDonalds inicia nova campanha, agora com e-books. Clientes &#8211; ou n&atilde;o      &#8211; da rede podem acessar gratuitamente livros digitais interativos&nbsp;      <a href=\"http:\/\/www.happystudio.com\/\">Visite o endere&ccedil;o<\/a>.<\/p>\n<p>     &#8211; Curso Livro Digital Teoria e Pr&aacute;tica no endere&ccedil;o https:\/\/www.youtube.com\/watch?v=gTeURgOEBWs&amp;app=desktop.<br \/>     &#8211; Um curso que se prop&otilde;e a dar um panorama das principais quest&otilde;es      que rondam o livro digital hoje pode ser encontrado no <a href=\"http:\/\/publishnews.wordpress.com\/livro-digital-teoria-e-pratica\/\">endere&ccedil;o<\/a>.<\/p>\n<p>     &#8211; Conhe&ccedil;a o EBAY Brasil. &#8220;No final do ano passado, o eBay      lan&ccedil;ou no Brasil seu primeiro app, o eBay Moda. Usamos essa plataforma      como um teste para sentir a recep&ccedil;&atilde;o do mercado nacional.      Estamos h&aacute; pouco mais de 9 meses nos preparando para este in&iacute;cio      de opera&ccedil;&otilde;es no Brasil&#8221;, disse Wendy Jones, vice-presidente      de expans&atilde;o global do eBay, em entrevista a INFO. <a href=\"http:\/\/www.ebay.com\/rpp\/football2014\">Veja<\/a>.<\/p>\n<p>     Passatempo: <br \/>     &#8211; Achou a vaca hoje? Ent&atilde;o, mova o cursor em todos os cantos      da tela at&eacute; encontrar a vaca. Ele est&aacute; escondida. N&atilde;o      fique nervoso com a gritaria. <a href=\"http:\/\/www.findtheinvisiblecow.com\/\">Clique<\/a>.<\/p>\n<p>     &#8211; Um estranho site psicod&eacute;lico. Mova o mouse com rapidez para      ver o que acontece.<br \/>     Achei sem gra&ccedil;a, mas <a href=\"http:\/\/www.staggeringbeauty.com\/\">clique<\/a>.<\/p>\n<p>     &#8211; Areia colorida para fazer Desenhos. <a href=\"http:\/\/www.thisissand.com\/\">Veja<\/a>.<\/p>\n<p>     &#8211; Desenhos sim&eacute;tricos no <a href=\"http:\/\/weavesilk.com\/\">endere&ccedil;o<\/a>.<\/p>\n<p>     Dicas do Eugenio Pacelli Pereira de Souza, da DAC:<br \/>     &#8211; A rela&ccedil;&atilde;o entre um professor com &acirc;nsia de mudan&ccedil;a      no sistema de educa&ccedil;&atilde;o e alunos dispostos a ajudar revolucionou      as aulas de filosofia de uma escola p&uacute;blica de Ner&oacute;polis,      na Regi&atilde;o Metropolitana de&nbsp; Goi&acirc;nia.&nbsp; <a href=\"http:\/\/g1.globo.com\/go\/goias\/cidade\/neropolis.html\">Saiba      mais<\/a>.<\/p>\n<p>     &#8211; Pobreza emocional. A s&iacute;ndrome cr&ocirc;nica da pobreza emocional      Lu&iacute;s S. Krausz (Gazeta Mercantil, 14\/07\/2000). <a href=\"http:\/\/ementariogestaopublica.blogspot.com.br\/2013\/07\/pobreza-emocional.html\">Veja<\/a>.<\/p>\n<p>     Dica do Nilson Jos&eacute; Marinho Vale, da DCP:<br \/>     &#8211; Como ele pr&oacute;prio disse, &eacute; fant&aacute;stico.<a href=\"https:\/\/www.youtube.com\/embed\/pfxB5ut-KTs?rel=0\">Veja      o endere&ccedil;o<\/a>.<\/p>\n<p>     <\/span><\/p>\n<\/td>\n<\/tr>\n<tr>\n<td height=\"528\" align=\"LEFT\" valign=\"TOP\"><\/td>\n<td align=\"LEFT\" valign=\"TOP\">&nbsp;<\/td>\n<td align=\"LEFT\" valign=\"TOP\">\n<p align=\"left\"><span class=\"texto\"><a name=\"ainformativo2\" id=\"2\"><span class=\"titulo\">COMUNIDADE      DA UFMG ELEGER&Aacute; REPRESENTANTES PARA &Oacute;RG&Atilde;OS COLEGIADOS      E COMISS&Otilde;ES; INSCRI&Ccedil;&Otilde;ES DE CHAPAS COME&Ccedil;AM      NA SEGUNDA<\/span><\/a><\/span><\/p>\n<p align=\"justify\"><span class=\"texto\">Ser&atilde;o abertas na pr&oacute;xima      segunda-feira, 12, as inscri&ccedil;&otilde;es de chapas para concorrer      &agrave;s elei&ccedil;&otilde;es em diversos &oacute;rg&atilde;os colegiados      e comiss&otilde;es da Universidade. O processo &eacute; destinado &agrave;      escolha de representantes titulares e suplentes entre servidores docentes,      t&eacute;cnicos e administrativos em educa&ccedil;&atilde;o e residentes      da moradia da UFMG. <\/p>\n<p>     Os candidatos dever&atilde;o fazer sua inscri&ccedil;&atilde;o na Coordenadoria      de Assuntos Comunit&aacute;rios (CAC), no pr&eacute;dio da Biblioteca      Universit&aacute;ria, das 9h &agrave;s 17 h. No ato de inscri&ccedil;&atilde;o,      o candidato deve entregar o Termo de Aceite de Representa&ccedil;&atilde;o      devidamente assinado. O prazo final para o registro das chapas &eacute;      16 de maio.<\/p>\n<p>     Al&eacute;m do CDMU (Conselho Diretor da Moradia Universit&aacute;ria),      a consulta vai selecionar representantes para as vagas nos conselhos      de Diretores, Curadores e do Conselho Universit&aacute;rio, &oacute;rg&atilde;o      m&aacute;ximo de delibera&ccedil;&atilde;o da institui&ccedil;&atilde;o.      As comiss&otilde;es Interna de Supervis&atilde;o (CIS), Permanente de      Pessoal Docente (CPPD) e de &Eacute;tica no Uso de Animais tamb&eacute;m      ter&atilde;o representantes eleitos pelo processo.<\/p>\n<p>     As elei&ccedil;&otilde;es est&atilde;o sob a coordena&ccedil;&atilde;o      da Comiss&atilde;o Eleitoral Central (CEC), que, entre outras compet&ecirc;ncias,      &eacute; respons&aacute;vel pela recep&ccedil;&atilde;o das inscri&ccedil;&otilde;es,      publica&ccedil;&atilde;o e divulga&ccedil;&atilde;o dos resultados e      resolu&ccedil;&atilde;o de casos n&atilde;o previstos no edital.<\/p>\n<p>     A consulta acontecer&aacute; nos dias 3 (somente no Hospital das Cl&iacute;nicas)      e 4 de junho (todas as unidades). Para participar, os servidores dever&atilde;o      se identificar e assinar lista de presen&ccedil;a. N&atilde;o ser&aacute;      permitido voto em tr&acirc;nsito.<\/p>\n<p>     Outras informa&ccedil;&otilde;es est&atilde;o dispon&iacute;veis no      telefone (31) 3409-4587.<\/p>\n<p>     (<em>Fonte: https:\/\/www.ufmg.br\/online\/arquivos\/033172.shtml &#8211; 07\/05\/2014<\/em>)<\/p>\n<p>     <\/span><span class=\"texto\"><\/span>    <\/p>\n<\/td>\n<\/tr>\n<tr>\n<td height=\"287\" align=\"LEFT\" valign=\"TOP\"><\/td>\n<td align=\"LEFT\" valign=\"TOP\">&nbsp;<\/td>\n<td align=\"LEFT\" valign=\"TOP\">\n<p align=\"left\"><span class=\"texto\"><a name=\"ainformativo3\" id=\"3\"><span class=\"titulo\">15&ordf;      FEIRA DE ARTESANATO DO VALE DO JEQUITINHONHA TERMINA S&Aacute;BADO NA      UFMG <\/span><\/a><\/span><\/p>\n<p align=\"justify\"><span class=\"texto\">Vai at&eacute; s&aacute;bado, 10      de maio, na Pra&ccedil;a de Servi&ccedil;os do campus Pampulha da UFMG      a d&eacute;cima quinta edi&ccedil;&atilde;o da tradicional Feira de      Artesanato do Vale do Jequitinhonha. No local, associa&ccedil;&otilde;es      de artes&atilde;os montam estandes e exp&otilde;em pe&ccedil;as de decora&ccedil;&atilde;o,      roupas e acess&oacute;rios. O evento conta com a presen&ccedil;a de      22 munic&iacute;pios participantes do Projeto Artesanato Cooperativo      e integra as a&ccedil;&otilde;es do Programa Polo de Integra&ccedil;&atilde;o      da UFMG no Vale do Jequitinhonha, no que diz respeito ao eixo de atua&ccedil;&atilde;o      Gera&ccedil;&atilde;o de Ocupa&ccedil;&atilde;o e Renda.Considerando      que uma das grandes dificuldades do artes&atilde;o do Vale &eacute;      expor e vender o seu produto, a parceria da UFMG com as prefeituras      dos munic&iacute;pios participantes do Programa Polo, e com as associa&ccedil;&otilde;es      de artes&atilde;os, cria a oportunidade de negocia&ccedil;&atilde;o      dos produtos atrav&eacute;s de sua exposi&ccedil;&atilde;o no campus      da Universidade. &#8230;<\/p>\n<p>     (<em>Fonte: Cedecom &#8211; Assessoria de Imprensa &#8211; 08\/05\/2014<\/em>)<\/p>\n<p>     <\/span><span class=\"texto\"><\/span><span class=\"texto\"><br \/>     <\/span> <\/p>\n<\/td>\n<\/tr>\n<tr>\n<td height=\"309\" align=\"LEFT\" valign=\"TOP\"><\/td>\n<td align=\"LEFT\" valign=\"TOP\">&nbsp;<\/td>\n<td align=\"LEFT\" valign=\"TOP\">\n<p align=\"left\"><span class=\"texto\"><a name=\"ainformativo4\" id=\"4\"><span class=\"titulo\">CONSERVAT&Oacute;RIO      UFMG ABRE FESTIVAL DE CONCERTOS NESTE S&Aacute;BADO<\/span><\/a><\/span><\/p>\n<p align=\"justify\"><span class=\"texto\">O Conservat&oacute;rio UFMG, em      parceria com a Funda&ccedil;&atilde;o de Educa&ccedil;&atilde;o Art&iacute;stica      (FEA), realiza a partir do pr&oacute;ximo s&aacute;bado, 10 de maio,      a segunda edi&ccedil;&atilde;o do Festival de Maio. Os ingressos custam      entre R$10 e R$60 e podem ser adquiridos no Conservat&oacute;rio, das      8h &agrave;s 17h. O festival vai at&eacute; 18 de maio. Contemplando      piano e cordas, o evento ter&aacute; sete concertos com atra&ccedil;&otilde;es      nacionais e estrangeiras. Os homenageados desta edi&ccedil;&atilde;o      s&atilde;o Berenice Menegale, criadora da FEA que completa 80 anos em      2014, e os compositores Guerra-Peixe (centen&aacute;rio de nascimento)      e Alberto Nepomuceno (150 anos de nascimento). <\/p>\n<p>     O Conservat&oacute;rio UFMG fica na Avenida Afonso Pena, 1534, Centro.      <\/p>\n<p>     Informa&ccedil;&otilde;es e programa&ccedil;&atilde;o completa: http:\/\/festivaldemaio.wordpress.com\/      e (31) 3409-8300.<\/p>\n<p>     (<em>Fonte: Cedecom &#8211; Assessoria de Imprensa &#8211; 06\/05\/2014<\/em>)<\/p>\n<p>     <\/span><span class=\"texto\"><\/span><span class=\"texto\"><br \/>     <\/span> <\/p>\n<\/td>\n<\/tr>\n<tr bgcolor=\"#FFFFFF\" class=\"cinza\">\n<td height=\"257\"><img loading=\"lazy\" decoding=\"async\" src=\"https:\/\/www.ufmg.br\/dti\/wp-content\/uploads\/imgs\/tudo_pixel.gif\" width=\"1\" height=\"1\" alt=\"\" border=\"0\"><\/td>\n<td align=\"LEFT\" valign=\"TOP\">&nbsp;<\/td>\n<td align=\"LEFT\" valign=\"TOP\"><!-- #BeginEditable \"ha%2020%20anos\" -->     <\/p>\n<div align=\"justify\">\n<p><a name=\"ainformativo5\" id=\"5\"><span class=\"titulo\">H\u00e1 20 anos&#8230;<\/span><\/a><\/p>\n<p>      <span class=\"texto\"> O Sistem&aacute;tico Ano XVIII, n&ordm; 16, de       12\/05\/1994, publicou not&iacute;cias sobre nova estrutura do Centro       de Computa&ccedil;&atilde;o, Rede Novell, identifica&ccedil;&atilde;o       das portas no CECOM, entre outras, al&eacute;m do artigo t&eacute;cnico       Excel &#8211; um uso otimizado do do seu mouse, de autoria de Eug&ecirc;nio       Pacelli Pereira de Souza, da DAC. A not&iacute;cia que se destacou       foi:<\/span><\/p>\n<p align=\"justify\"><span class=\"texto\"><strong>CURSO DE EXCEL<\/strong><\/p>\n<p>      <font face=\"1\">Atendendo &agrave; solicita&ccedil;&atilde;o da Pr&oacute;-Reitoria       de Administra&ccedil;&atilde;o e Pr&oacute;-Reitoria de Planejamento       e Desenvolvimento, o CECOM estar&aacute; ministrando um curso introdut&oacute;rio       de utiliza&ccedil;&atilde;o da planilha Excel, para funcion&aacute;rios       daqueles &oacute;rg&atilde;os.<br \/>      As aulas estar&atilde;o a cargo do funcion&aacute;rio Eug&ecirc;nio       Pacelli Pereira de Souza, da Divis&atilde;o de Atendimento e Consultoria,       e ser&atilde;o realizadas na Sala de Aulas do Depto. de Pessoal, no       pr&eacute;dio da Imprensa, no per&iacute;odo de 17 a 20 de maio, de       14h &agrave;s 16h.<br \/>      Est&aacute; prevista a participa&ccedil;&atilde;o de 5 funcion&aacute;rios       de cada uma das pr&oacute;-reitorias solicitantes.<\/p>\n<p>      <\/font><\/span><span class=\"texto\"><\/span><span class=\"texto\"><\/span><\/p>\n<\/p><\/div>\n<p>    <!-- #EndEditable --><\/td>\n<\/tr>\n<tr>\n<td width=\"12\" align=\"LEFT\" valign=\"TOP\">&nbsp;<\/td>\n<td align=\"LEFT\" valign=\"TOP\">&nbsp;<\/td>\n<td align=\"LEFT\" valign=\"TOP\">\n<p align=\"left\"><span class=\"texto\"> <\/span>    <\/p>\n<\/td>\n<\/tr>\n<p>  <!-- #BeginEditable \"materias\" --> <!-- #EndEditable -->  <\/table>\n<p> <!-- fim tabela ha 20 anos --><\/div>\n<p><a name='eventos'><\/a><\/p>\n<h4>Eventos<\/h4>\n<div class=\"centro-sistematico\">  <!-- noticias --> <\/p>\n<table border=\"0\" cellpadding=\"0\" cellspacing=\"0\">\n<tr>\n<td align=\"LEFT\" valign=\"TOP\">&nbsp;<\/td>\n<td align=\"LEFT\" valign=\"TOP\">&nbsp;<\/td>\n<\/tr>\n<p>  <!-- #BeginEditable \"materias\" --> <!-- #EndEditable -->  <\/table>\n<table border=\"0\" cellpadding=\"0\" cellspacing=\"0\">\n<tr>\n<td height=\"140\" align=\"LEFT\" valign=\"TOP\"><\/td>\n<td align=\"LEFT\" valign=\"TOP\">&nbsp;<\/td>\n<td align=\"LEFT\" valign=\"TOP\">&nbsp;<\/td>\n<td align=\"LEFT\" valign=\"TOP\">\n<p><a name=\"aeventos1\" id=\"1\"><span class=\"titulo\">SOCIAIS<\/span><\/a><\/p>\n<p align=\"justify\" class=\"texto\"><strong>ANIVERS&Aacute;RIOS:<\/strong>      <em>&#8220;O Sistem&aacute;tico&#8221; envia os parab&eacute;ns para      Jo&atilde;o Carlos Lages, aniversariante de hoje, dia 08; e para os      ex-ceconianos: Eduardo Miguel Raposo, no dia 08; Ant&ocirc;nia Dalva      Cunha, no dia 10; Maria das Gra&ccedil;as Santa B&aacute;rbara e Carolina      Lauriano da Silva, no dia 11; Maria de F&aacute;tima Vaz de Oliveira,      no dia 13; e Rafael Henrique Soares Oliveira, no dia 15.<\/em><\/p>\n<p align=\"justify\" class=\"texto\"><span class=\"texto\"><br \/>     <\/span><\/p>\n<\/td>\n<\/tr>\n<tr>\n<td height=\"1769\" align=\"LEFT\" valign=\"TOP\"><\/td>\n<td align=\"LEFT\" valign=\"TOP\">&nbsp;<\/td>\n<td align=\"LEFT\" valign=\"TOP\">&nbsp;<\/td>\n<td align=\"LEFT\" valign=\"TOP\">\n<p><a name=\"aeventos2\" id=\"2\"><span class=\"titulo\">DIA      DAS M&Atilde;ES<\/span><\/a><\/p>\n<p align=\"justify\" class=\"texto\">No pr&oacute;ximo domingo, dia 11 de      maio, &eacute; o Dia das M&atilde;es. O Sistem&aacute;tico deseja um      <strong> <font color=\"#FF0000\">Feliz Dia das M&atilde;es<\/font><\/strong>      para Edir, M&aacute;rcia Lemos, Denise, Elza, M&aacute;rcia Fran&ccedil;a,      Selma, Cristina Andrade, Thalita, Takeda, Soraya, Karina, Fl&aacute;via,      Rosi, al&eacute;m dos P&atilde;es, Carlos Alfeu e Jo&atilde;o Carlos.<br \/>     Parab&eacute;ns e um grande abra&ccedil;o para todos!<\/p>\n<p align=\"justify\" class=\"texto\">&nbsp;<\/p>\n<p align=\"center\" class=\"texto\"><img loading=\"lazy\" decoding=\"async\" src=\"https:\/\/www.ufmg.br\/dti\/wp-content\/uploads\/fotos\/Ano%202014\/Maio\/08-05-2014\/Maes_2014\/Takeda_Karina_Selma_Talita_Denise_Edir.jpg\" width=\"500\" height=\"277\"><br \/>     <em><font face=\"1\">As m&atilde;es Takeda, Karina, Selma, Thalita, Denise      e Edir<\/font><\/em><\/p>\n<p align=\"center\" class=\"texto\"><img loading=\"lazy\" decoding=\"async\" src=\"https:\/\/www.ufmg.br\/dti\/wp-content\/uploads\/fotos\/Ano%202014\/Maio\/08-05-2014\/Maes_2014\/MarciaRegina_v3.jpg\" width=\"169\" height=\"250\"><br \/>     <em><font face=\"1\">A m&atilde;e M&aacute;rcia Lemos<\/font><\/em><\/p>\n<p align=\"center\" class=\"texto\"><em><\/em> <img loading=\"lazy\" decoding=\"async\" src=\"https:\/\/www.ufmg.br\/dti\/wp-content\/uploads\/fotos\/Ano%202014\/Maio\/08-05-2014\/Maes_2014\/Johnny_Soraya_Elza_CAlfeu.jpg\" width=\"500\" height=\"281\"><br \/>     <em><font face=\"1\">Os p&atilde;es Jo&atilde;o Carlos e carlos Alfeu      ladeando as m&atilde;es Soraya e Elza<\/font><\/em><\/p>\n<p align=\"center\" class=\"texto\"><em><\/em> <img loading=\"lazy\" decoding=\"async\" src=\"https:\/\/www.ufmg.br\/dti\/wp-content\/uploads\/fotos\/Ano%202014\/Maio\/08-05-2014\/Maes_2014\/TCristina_v3.jpg\" width=\"194\" height=\"250\"><br \/>     <em><font face=\"1\">A m&atilde;e Cristina Andrade<\/font><\/em><\/p>\n<p align=\"center\" class=\"texto\"><em><font face=\"1\"><img loading=\"lazy\" decoding=\"async\" src=\"https:\/\/www.ufmg.br\/dti\/wp-content\/uploads\/fotos\/Ano%202014\/Maio\/08-05-2014\/Maes_2014\/Rosemaria_v3.jpg\" width=\"188\" height=\"250\"><br \/>     A m&atilde;e Rosi<\/font><\/em><\/p>\n<p align=\"center\" class=\"texto\"><em><\/em> <img loading=\"lazy\" decoding=\"async\" src=\"https:\/\/www.ufmg.br\/dti\/wp-content\/uploads\/fotos\/Ano%202014\/Maio\/08-05-2014\/Maes_2014\/MarciaFranca_v3.jpg\" width=\"250\" height=\"246\"><br \/>     <em><font face=\"1\">A m&atilde;e M&aacute;rcia Fran&ccedil;a<\/font><\/em><\/p>\n<p align=\"center\" class=\"texto\"><em><\/em> <img loading=\"lazy\" decoding=\"async\" src=\"https:\/\/www.ufmg.br\/dti\/wp-content\/uploads\/fotos\/Ano%202014\/Maio\/08-05-2014\/Maes_2014\/Flavia_v3.jpg\" width=\"164\" height=\"250\"><br \/>     <em><font face=\"1\">A m&atilde;e Fl&aacute;via<\/font><\/em><\/p>\n<p align=\"center\" class=\"texto\"><em><font face=\"1\"> <\/font><\/em><\/p>\n<p align=\"center\" class=\"texto\"><em><strong><font face=\"1\">      <\/font><\/strong><\/em><span class=\"texto\"><\/span><\/p>\n<\/td>\n<\/tr>\n<p>  <!-- #BeginEditable \"materias\" --> <!-- #EndEditable -->  <\/table>\n<\/p><\/div>\n","protected":false},"excerpt":{"rendered":"<p>Not\u00edcias DTI PARTICIPA DE SEMIN&Aacute;RIO DO TCU HOJE EM BRAS&Iacute;LIA FUNCION&Aacute;RIOS DA DAA PARTICIPAM DE TREINAMENTOS DO DLO Informativo DICAS DE SITES INTERESSANTES COMUNIDADE DA UFMG ELEGER&Aacute; REPRESENTANTES PARA &Oacute;RG&Atilde;OS COLEGIADOS E COMISS&Otilde;ES; INSCRI&Ccedil;&Otilde;ES DE CHAPAS COME&Ccedil;AM NA SEGUNDA 15&ordf; FEIRA DE ARTESANATO DO VALE DO JEQUITINHONHA TERMINA S&Aacute;BADO NA UFMG CONSERVAT&Oacute;RIO UFMG ABRE FESTIVAL &#8230; <a title=\"Sistem\u00e1tico: Edi\u00e7\u00e3o 1605 &#8211; 08\/05\/2014\" class=\"read-more\" href=\"https:\/\/www.ufmg.br\/dti\/2014\/05\/08\/sistematico-edicao-1605-08052014\/\" aria-label=\"Read more about Sistem\u00e1tico: Edi\u00e7\u00e3o 1605 &#8211; 08\/05\/2014\">Ler mais<\/a><\/p>\n","protected":false},"author":3,"featured_media":0,"comment_status":"open","ping_status":"open","sticky":false,"template":"","format":"standard","meta":{"inline_featured_image":false,"footnotes":""},"categories":[13],"tags":[],"coauthors":[79],"class_list":["post-2884","post","type-post","status-publish","format-standard","hentry","category-sistematico"],"_links":{"self":[{"href":"https:\/\/www.ufmg.br\/dti\/wp-json\/wp\/v2\/posts\/2884","targetHints":{"allow":["GET"]}}],"collection":[{"href":"https:\/\/www.ufmg.br\/dti\/wp-json\/wp\/v2\/posts"}],"about":[{"href":"https:\/\/www.ufmg.br\/dti\/wp-json\/wp\/v2\/types\/post"}],"author":[{"embeddable":true,"href":"https:\/\/www.ufmg.br\/dti\/wp-json\/wp\/v2\/users\/3"}],"replies":[{"embeddable":true,"href":"https:\/\/www.ufmg.br\/dti\/wp-json\/wp\/v2\/comments?post=2884"}],"version-history":[{"count":0,"href":"https:\/\/www.ufmg.br\/dti\/wp-json\/wp\/v2\/posts\/2884\/revisions"}],"wp:attachment":[{"href":"https:\/\/www.ufmg.br\/dti\/wp-json\/wp\/v2\/media?parent=2884"}],"wp:term":[{"taxonomy":"category","embeddable":true,"href":"https:\/\/www.ufmg.br\/dti\/wp-json\/wp\/v2\/categories?post=2884"},{"taxonomy":"post_tag","embeddable":true,"href":"https:\/\/www.ufmg.br\/dti\/wp-json\/wp\/v2\/tags?post=2884"},{"taxonomy":"author","embeddable":true,"href":"https:\/\/www.ufmg.br\/dti\/wp-json\/wp\/v2\/coauthors?post=2884"}],"curies":[{"name":"wp","href":"https:\/\/api.w.org\/{rel}","templated":true}]}}